{"headers": {"id": "ID", "ano": "Ano", "numero": "N\u00famero", "tipo__sigla": "Tipo de Mat\u00e9ria Legislativa/Sigla", "tipo__descricao": "Tipo de Mat\u00e9ria Legislativa/Descri\u00e7\u00e3o", "autoria": "Autorias", "texto_original": "Texto Original", "ementa": "Ementa"}, "results": [{"id": "618", "ano": "2023", "numero": "19", "tipo__sigla": "PLL", "tipo__descricao": "Projeto de Lei do Legislativo", "autoria": "Carniato, Fio Bertotti, Gertrudes, Jaffer Ferreira, Josane Disner, Nando Dorta, Sab\u00e3o - Edivaldo Montanheri, Vila Real, Z\u00e9 Maria", "texto_original": "http://sapl.ivaipora.pr.leg.br/media/sapl/public/materialegislativa/2023/618/27092023125431arquivo_projetodeleilegislativo_19-2023.pdf", "ementa": "Altera dispositivo da Lei Municipal n\u00ba 3.643 de 04/01/2022, que disp\u00f5e sobre a Lei Or\u00e7ament\u00e1ria Anual, para fins de adequa\u00e7\u00e3o das Emendas Impositivas Individuais e Coletivas."}, {"id": "617", "ano": "2023", "numero": "20", "tipo__sigla": "PLL", "tipo__descricao": "Projeto de Lei do Legislativo", "autoria": "Carniato, Fio Bertotti, Gertrudes, Jaffer Ferreira, Josane Disner, Nando Dorta, Sab\u00e3o - Edivaldo Montanheri, Vila Real, Z\u00e9 Maria", "texto_original": "http://sapl.ivaipora.pr.leg.br/media/", "ementa": "Altera dispositivos da Lei Municipal n\u00ba 3.814 de 28/12/2022, que disp\u00f5e sobre a Lei Or\u00e7ament\u00e1ria Anual, para fins de adequa\u00e7\u00e3o das Emendas Impositivas Individuais e Coletivas."}]}