{"headers": {"id": "ID", "ano": "Ano", "numero": "N\u00famero", "tipo__sigla": "Tipo de Mat\u00e9ria Legislativa/Sigla", "tipo__descricao": "Tipo de Mat\u00e9ria Legislativa/Descri\u00e7\u00e3o", "autoria": "Autorias", "texto_original": "Texto Original", "ementa": "Ementa"}, "results": [{"id": "11409", "ano": "2022", "numero": "1", "tipo__sigla": "PLC", "tipo__descricao": "Projeto de Lei Complementar", "autoria": "Marcelo dos Reis", "texto_original": "http://sapl.ivaipora.pr.leg.br/media/sapl/public/materialegislativa/2022/11409/projeto_de_lei_complementar_n_01-2022.pdf", "ementa": "Autoriza o Poder Executivo Municipal a conceder a isen\u00e7\u00e3o do Imposto de Transmiss\u00e3o Sobre Bens Im\u00f3veis - ITBI sobre a permuta realizada entre os im\u00f3veis de que trata a Lei Municipal n\u00b0 3.653/2022."}, {"id": "11428", "ano": "2022", "numero": "20", "tipo__sigla": "PLC", "tipo__descricao": "Projeto de Lei Complementar", "autoria": "Luiz Carlos Gil", "texto_original": "http://sapl.ivaipora.pr.leg.br/media/sapl/public/materialegislativa/2022/11428/projeto_de_lei_complementar_n_20-2022.pdf", "ementa": "Regulamenta as datas para vencimento de alvar\u00e1s e licen\u00e7as municipais para o exerc\u00edcio de 2023, concede descontos, e d\u00e1 outras provid\u00eancias."}, {"id": "7364", "ano": "2022", "numero": "1", "tipo__sigla": "PLE", "tipo__descricao": "Projeto de Lei do Executivo", "autoria": "Marcelo dos Reis", "texto_original": "http://sapl.ivaipora.pr.leg.br/media/sapl/public/materialegislativa/2022/7364/projeto_de_lei_01.pdf", "ementa": "Autoriza o Executivo Municipal a conceder revis\u00e3o geral anual dos sal\u00e1rios e vencimentos dos servidores municipais correspondente ao per\u00edodo de Jan/2020 a Dez/2020 e d\u00ea outras provid\u00eancias."}, {"id": "168", "ano": "2022", "numero": "2", "tipo__sigla": "PLE", "tipo__descricao": "Projeto de Lei do Executivo", "autoria": "Marcelo dos Reis", "texto_original": "http://sapl.ivaipora.pr.leg.br/media/sapl/public/materialegislativa/2022/168/projeto_de_lei_02.pdf", "ementa": "S\u00famula: Abre um Cr\u00e9dito Adicional Especial e d\u00e1 outras provid\u00eancias."}, {"id": "169", "ano": "2022", "numero": "3", "tipo__sigla": "PLE", "tipo__descricao": "Projeto de Lei do Executivo", "autoria": "Marcelo dos Reis", "texto_original": "http://sapl.ivaipora.pr.leg.br/media/sapl/public/materialegislativa/2022/169/projeto_de_lei_03.pdf", "ementa": "Introduz altera\u00e7\u00f5es na Lei Municipal n\u00b0 3.592, de 1\u00b0 de setembro de 2021, que disp\u00f5e sobre a contrata\u00e7\u00e3o de pessoal por tempo determinado, para a presta\u00e7\u00e3o de servi\u00e7os no Departamento Municipal de Sa\u00fade, de forma a suprir a necessidade tempor\u00e1ria de excepcional interesse p\u00fablico e d\u00e1 outras provid\u00eancias."}, {"id": "170", "ano": "2022", "numero": "4", "tipo__sigla": "PLE", "tipo__descricao": "Projeto de Lei do Executivo", "autoria": "Marcelo dos Reis", "texto_original": "http://sapl.ivaipora.pr.leg.br/media/sapl/public/materialegislativa/2022/170/projeto_de_lei_04.pdf", "ementa": "S\u00famula: Autoriza a doa\u00e7\u00e3o de terreno ao INSTITUTO FEDERAL DO PARAN\u00c1 \u2013 CAMPUS IVAIPOR\u00c3, e d\u00e1 outras provid\u00eancias."}, {"id": "171", "ano": "2022", "numero": "5", "tipo__sigla": "PLE", "tipo__descricao": "Projeto de Lei do Executivo", "autoria": "Marcelo dos Reis", "texto_original": "http://sapl.ivaipora.pr.leg.br/media/sapl/public/materialegislativa/2022/171/projeto_de_lei_05.pdf", "ementa": "Abre um Cr\u00e9dito Adicional Especial e d\u00e1 outras provid\u00eancias. (R$. 1.778.000,00 (Um milh\u00e3o, setecentos e setenta e oito mil reais)."}, {"id": "172", "ano": "2022", "numero": "6", "tipo__sigla": "PLE", "tipo__descricao": "Projeto de Lei do Executivo", "autoria": "Marcelo dos Reis", "texto_original": "http://sapl.ivaipora.pr.leg.br/media/sapl/public/materialegislativa/2022/172/projeto_de_lei_06.pdf", "ementa": "S\u00famula: Abre um Cr\u00e9dito Adicional Especial e d\u00e1 outras provid\u00eancias.\r\n\r\n   O CHEFE DO PODER EXECUTIVO MUNICIPAL DE IVAIPOR\u00c3/PR, SUBMETE \u00c0 AN\u00c1LISE E APROVA\u00c7\u00c3O DO PODER LEGISLATIVO O SEGUINTE PROJETO DE LEI:\r\n\r\nArt. 1.\u00ba: - Fica o Executivo Municipal autorizado a abrir no corrente exerc\u00edcio financeiro, um Cr\u00e9dito Adicional Especial na quantia de at\u00e9 R$. 2.060.000,00 (Dois milh\u00f5es e sessenta mil reais), destinados a atender dota\u00e7\u00f5es n\u00e3o constantes do or\u00e7amento programa em execu\u00e7\u00e3o, conforme classifica\u00e7\u00e3o como segue:"}, {"id": "173", "ano": "2022", "numero": "7", "tipo__sigla": "PLE", "tipo__descricao": "Projeto de Lei do Executivo", "autoria": "Marcelo dos Reis", "texto_original": "http://sapl.ivaipora.pr.leg.br/media/sapl/public/materialegislativa/2022/173/projeto_de_lei_07.pdf", "ementa": "S\u00famula: Abre um Cr\u00e9dito Adicional Especial e d\u00e1 outras provid\u00eancias.\r\n\r\n   O CHEFE DO PODER EXECUTIVO MUNICIPAL DE IVAIPOR\u00c3/PR, SUBMETE \u00c0 AN\u00c1LISE E APROVA\u00c7\u00c3O DO PODER LEGISLATIVO O SEGUINTE PROJETO DE LEI:\r\n\r\nArt. 1\u00ba: - Fica o Executivo Municipal autorizado a abrir no corrente exerc\u00edcio financeiro, um Cr\u00e9dito Adicional Especial na quantia de at\u00e9 R$ 24.000,00 (Vinte e quatro mil reais), destinados a atender dota\u00e7\u00f5es n\u00e3o constantes do or\u00e7amento programa em execu\u00e7\u00e3o, conforme classifica\u00e7\u00e3o como segue:"}, {"id": "174", "ano": "2022", "numero": "8", "tipo__sigla": "PLE", "tipo__descricao": "Projeto de Lei do Executivo", "autoria": "Marcelo dos Reis", "texto_original": "http://sapl.ivaipora.pr.leg.br/media/sapl/public/materialegislativa/2022/174/projeto_de_lei_08.pdf", "ementa": "S\u00famula: Abre um Cr\u00e9dito Adicional Especial e d\u00e1 outras provid\u00eancias.\r\n\r\n   O CHEFE DO PODER EXECUTIVO MUNICIPAL DE IVAIPOR\u00c3/PR, SUBMETE \u00c0 AN\u00c1LISE E APROVA\u00c7\u00c3O DO PODER LEGISLATIVO O SEGUINTE PROJETO DE LEI:\r\n\r\nArt. 1.\u00ba: - Fica o Executivo Municipal autorizado a abrir no corrente exerc\u00edcio financeiro, um Cr\u00e9dito Adicional Especial na quantia de at\u00e9 R$. 250.000,00 (Duzentos e cinquenta mil reais), destinados a atender dota\u00e7\u00f5es n\u00e3o constantes do or\u00e7amento programa em execu\u00e7\u00e3o, conforme classifica\u00e7\u00e3o como segue:"}, {"id": "175", "ano": "2022", "numero": "9", "tipo__sigla": "PLE", "tipo__descricao": "Projeto de Lei do Executivo", "autoria": "Marcelo dos Reis", "texto_original": "http://sapl.ivaipora.pr.leg.br/media/sapl/public/materialegislativa/2022/175/projeto_de_lei_09.pdf", "ementa": "S\u00famula: Abre um Cr\u00e9dito Adicional Especial e d\u00e1 outras provid\u00eancias.\r\n\r\n   O CHEFE DO PODER EXECUTIVO MUNICIPAL DE IVAIPOR\u00c3/PR, SUBMETE \u00c0 AN\u00c1LISE E APROVA\u00c7\u00c3O DO PODER LEGISLATIVO O SEGUINTE PROJETO DE LEI:\r\n\r\nArt. 1.\u00ba: - Fica o Executivo Municipal autorizado a abrir no corrente exerc\u00edcio financeiro, um Cr\u00e9dito Adicional Especial na quantia de at\u00e9 R$. 249.970,00 (Duzentos e quarenta e nove mil, novecentos e setenta reais), destinados a atender dota\u00e7\u00f5es n\u00e3o constantes do or\u00e7amento programa em execu\u00e7\u00e3o, conforme classifica\u00e7\u00e3o como segue:"}, {"id": "194", "ano": "2022", "numero": "10", "tipo__sigla": "PLE", "tipo__descricao": "Projeto de Lei do Executivo", "autoria": "Marcelo dos Reis", "texto_original": "http://sapl.ivaipora.pr.leg.br/media/sapl/public/materialegislativa/2022/194/projeto_de_lei_10.pdf", "ementa": "S\u00famula: Abre um Cr\u00e9dito Adicional Especial e d\u00e1 outras provid\u00eancias."}, {"id": "196", "ano": "2022", "numero": "11", "tipo__sigla": "PLE", "tipo__descricao": "Projeto de Lei do Executivo", "autoria": "Marcelo dos Reis", "texto_original": "http://sapl.ivaipora.pr.leg.br/media/sapl/public/materialegislativa/2022/196/projeto_de_lei_11.pdf", "ementa": "S\u00famula: Abre um Cr\u00e9dito Adicional Especial e d\u00e1 outras provid\u00eancias."}, {"id": "197", "ano": "2022", "numero": "12", "tipo__sigla": "PLE", "tipo__descricao": "Projeto de Lei do Executivo", "autoria": "Marcelo dos Reis", "texto_original": "http://sapl.ivaipora.pr.leg.br/media/sapl/public/materialegislativa/2022/197/projeto_de_lei_12.pdf", "ementa": "S\u00famula: Autoriza a abertura de Cr\u00e9ditos Adicionais   suplementares e d\u00e1 outras provid\u00eancias."}, {"id": "198", "ano": "2022", "numero": "18", "tipo__sigla": "PLE", "tipo__descricao": "Projeto de Lei do Executivo", "autoria": "Marcelo dos Reis", "texto_original": "http://sapl.ivaipora.pr.leg.br/media/sapl/public/materialegislativa/2022/198/projeto_de_lei_18.pdf", "ementa": "Autoriza o Executivo Municipal a realizar desapropria\u00e7\u00e3o amig\u00e1vel ou judicial, dos im\u00f3veis e fra\u00e7\u00f5es ideais que espec\u00edfica, e d\u00e1 outras provid\u00eancias."}, {"id": "199", "ano": "2022", "numero": "20", "tipo__sigla": "PLE", "tipo__descricao": "Projeto de Lei do Executivo", "autoria": "Luiz Carlos Gil", "texto_original": "http://sapl.ivaipora.pr.leg.br/media/sapl/public/materialegislativa/2022/199/projeto_de_lei_20.pdf", "ementa": "Disp\u00f5e sobre a cria\u00e7\u00e3o de novos cargos e suas respectivas atribui\u00e7\u00f5es e a amplia\u00e7\u00e3o de vagas do quadro de pessoal efetivo do Munic\u00edpio de Ivaipor\u00e3/PR, em conformidade com a Lei Municipal 1.269, de 16/05/2005, e d\u00e1 outras provid\u00eancias."}, {"id": "200", "ano": "2022", "numero": "21", "tipo__sigla": "PLE", "tipo__descricao": "Projeto de Lei do Executivo", "autoria": "Luiz Carlos Gil", "texto_original": "http://sapl.ivaipora.pr.leg.br/media/sapl/public/materialegislativa/2022/200/projeto_de_lei_21.pdf", "ementa": "Estabelece normas e procedimentos relativos a amplia\u00e7\u00e3o do n\u00famero de vagas para o Emprego P\u00fablico na Administra\u00e7\u00e3o Direta, em conformidade com o disposto em Lei Municipal n\u00b0 1.410, de 10 de maio de 2007, e d\u00e1 outras provid\u00eancias."}, {"id": "201", "ano": "2022", "numero": "22", "tipo__sigla": "PLE", "tipo__descricao": "Projeto de Lei do Executivo", "autoria": "Luiz Carlos Gil", "texto_original": "http://sapl.ivaipora.pr.leg.br/media/sapl/public/materialegislativa/2022/201/projeto_de_lei_22.pdf", "ementa": "S\u00famula: Abre um Cr\u00e9dito Adicional Especial e d\u00e1 outras provid\u00eancias."}, {"id": "202", "ano": "2022", "numero": "23", "tipo__sigla": "PLE", "tipo__descricao": "Projeto de Lei do Executivo", "autoria": "Luiz Carlos Gil", "texto_original": "http://sapl.ivaipora.pr.leg.br/media/sapl/public/materialegislativa/2022/202/projeto_de_lei_23.pdf", "ementa": "S\u00famula: Abre um Cr\u00e9dito Adicional Especial e d\u00e1 outras provid\u00eancias."}, {"id": "217", "ano": "2022", "numero": "24", "tipo__sigla": "PLE", "tipo__descricao": "Projeto de Lei do Executivo", "autoria": "Luiz Carlos Gil", "texto_original": "http://sapl.ivaipora.pr.leg.br/media/sapl/public/materialegislativa/2022/217/projeto_de_lei_24.pdf", "ementa": "Introduz altera\u00e7\u00f5es na Lei Municipal n\u00b0 3.538/2021 que autoriza a doa\u00e7\u00e3o de terreno ao ESTADO DO PARAN\u00c1, e d\u00e1 outras provid\u00eancias."}, {"id": "219", "ano": "2022", "numero": "25", "tipo__sigla": "PLE", "tipo__descricao": "Projeto de Lei do Executivo", "autoria": "Luiz Carlos Gil", "texto_original": "http://sapl.ivaipora.pr.leg.br/media/sapl/public/materialegislativa/2022/219/projeto_de_lei_25.pdf", "ementa": "Altera a denomina\u00e7\u00e3o o Centro de Eventos Vera Vargas neste munic\u00edpio para \u201cCentro de Eventos Ol\u00edvia Ver\u00edssima do Carmo Hauptmann\u201d, e d\u00e1 outras provid\u00eancias."}, {"id": "223", "ano": "2022", "numero": "26", "tipo__sigla": "PLE", "tipo__descricao": "Projeto de Lei do Executivo", "autoria": "Luiz Carlos Gil", "texto_original": "http://sapl.ivaipora.pr.leg.br/media/sapl/public/materialegislativa/2022/223/projeto_de_lei_26.pdf", "ementa": "S\u00famula: Abre um Cr\u00e9dito Adicional Especial e d\u00e1 outras provid\u00eancias."}, {"id": "224", "ano": "2022", "numero": "27", "tipo__sigla": "PLE", "tipo__descricao": "Projeto de Lei do Executivo", "autoria": "Luiz Carlos Gil", "texto_original": "http://sapl.ivaipora.pr.leg.br/media/sapl/public/materialegislativa/2022/224/projeto_de_lei_27.pdf", "ementa": "S\u00famula: Abre um Cr\u00e9dito Adicional Especial e d\u00e1 outras provid\u00eancias."}, {"id": "9260", "ano": "2022", "numero": "28", "tipo__sigla": "PLE", "tipo__descricao": "Projeto de Lei do Executivo", "autoria": "Luiz Carlos Gil", "texto_original": "http://sapl.ivaipora.pr.leg.br/media/sapl/public/materialegislativa/2022/9260/ple_no_28-2022.pdf", "ementa": "Disp\u00f5e sobre o ordenamento e circula\u00e7\u00e3o dos carrinhos movidos por propuls\u00e3o humana, carro\u00e7as por tra\u00e7\u00e3o animal e ve\u00edculos automotores utilizados pelos trabalhadores informais, na coleta de res\u00edduos s\u00f3lidos recicl\u00e1veis, nos logradouros p\u00fablicos, no \u00e2mbito do munic\u00edpio de lvaipor\u00e3/PR, e d\u00e1 outras provid\u00eancias."}, {"id": "225", "ano": "2022", "numero": "29", "tipo__sigla": "PLE", "tipo__descricao": "Projeto de Lei do Executivo", "autoria": "Luiz Carlos Gil", "texto_original": "http://sapl.ivaipora.pr.leg.br/media/sapl/public/materialegislativa/2022/225/projeto_de_lei_29.pdf", "ementa": "S\u00famula: Abre um Cr\u00e9dito Adicional Especial e d\u00e1 outras provid\u00eancias."}, {"id": "227", "ano": "2022", "numero": "30", "tipo__sigla": "PLE", "tipo__descricao": "Projeto de Lei do Executivo", "autoria": "Luiz Carlos Gil", "texto_original": "http://sapl.ivaipora.pr.leg.br/media/sapl/public/materialegislativa/2022/227/projeto_de_lei_30.pdf", "ementa": "Disp\u00f5e sobre a contrata\u00e7\u00e3o de pessoal por tempo determinado, para a presta\u00e7\u00e3o de servi\u00e7os na Secretaria Municipal de Educa\u00e7\u00e3o, de forma a suprir a necessidade tempor\u00e1ria de excepcional interesse p\u00fablico e d\u00e1 outras provid\u00eancias."}, {"id": "228", "ano": "2022", "numero": "31", "tipo__sigla": "PLE", "tipo__descricao": "Projeto de Lei do Executivo", "autoria": "Luiz Carlos Gil", "texto_original": "http://sapl.ivaipora.pr.leg.br/media/sapl/public/materialegislativa/2022/228/projeto_de_lei_31.pdf", "ementa": "Disp\u00f5e sobre a contrata\u00e7\u00e3o por tempo determinado para atender \u00e0 necessidade tempor\u00e1ria de interesse p\u00fablico da Diretoria Municipal de Agricultura a Abastecimento, Diretoria Municipal de Meio Ambiente e Servi\u00e7os Urbanos e Diretoria Municipal de Ind\u00fastria, Com\u00e9rcio, Turismo e Agroneg\u00f3cios, Tecnologia e Inova\u00e7\u00e3o, nos termos do inciso IX do artigo 37 da Constitui\u00e7\u00e3o Federal, e d\u00e1 outras provid\u00eancias."}, {"id": "229", "ano": "2022", "numero": "32", "tipo__sigla": "PLE", "tipo__descricao": "Projeto de Lei do Executivo", "autoria": "Luiz Carlos Gil", "texto_original": "http://sapl.ivaipora.pr.leg.br/media/sapl/public/materialegislativa/2022/229/projeto_de_lei_32.pdf", "ementa": "Introduz altera\u00e7\u00f5es na Lei Municipal n\u00b0 3.177, de 18 de julho de 2018, a qual disp\u00f5e sobre a ocupa\u00e7\u00e3o de pr\u00f3prios residenciais municipais ou de outros im\u00f3veis utilizados em servi\u00e7o p\u00fablico municipal de dom\u00ednio do Munic\u00edpio de Ivaipor\u00e3 e d\u00e1 outras provid\u00eancias."}, {"id": "230", "ano": "2022", "numero": "33", "tipo__sigla": "PLE", "tipo__descricao": "Projeto de Lei do Executivo", "autoria": "Luiz Carlos Gil", "texto_original": "http://sapl.ivaipora.pr.leg.br/media/sapl/public/materialegislativa/2022/230/projeto_de_lei_33.pdf", "ementa": "Define como \u00c1rea de ZEIS \u2013 Zona Especial de Interesse Social para Regulariza\u00e7\u00e3o Fundi\u00e1ria, e d\u00e1 outras provid\u00eancias."}, {"id": "231", "ano": "2022", "numero": "34", "tipo__sigla": "PLE", "tipo__descricao": "Projeto de Lei do Executivo", "autoria": "Luiz Carlos Gil", "texto_original": "http://sapl.ivaipora.pr.leg.br/media/sapl/public/materialegislativa/2022/231/projeto_de_lei_34.pdf", "ementa": "S\u00famula: Abre um Cr\u00e9dito Adicional Especial e d\u00e1 outras provid\u00eancias."}, {"id": "232", "ano": "2022", "numero": "35", "tipo__sigla": "PLE", "tipo__descricao": "Projeto de Lei do Executivo", "autoria": "Luiz Carlos Gil", "texto_original": "http://sapl.ivaipora.pr.leg.br/media/sapl/public/materialegislativa/2022/232/projeto_de_lei_35.pdf", "ementa": "S\u00famula: Abre um Cr\u00e9dito Adicional Especial e d\u00e1 outras provid\u00eancias."}, {"id": "233", "ano": "2022", "numero": "36", "tipo__sigla": "PLE", "tipo__descricao": "Projeto de Lei do Executivo", "autoria": "Luiz Carlos Gil", "texto_original": "http://sapl.ivaipora.pr.leg.br/media/sapl/public/materialegislativa/2022/233/projeto_de_lei_36.pdf", "ementa": "S\u00famula: Abre um Cr\u00e9dito Adicional Especial e d\u00e1 outras provid\u00eancias."}, {"id": "234", "ano": "2022", "numero": "37", "tipo__sigla": "PLE", "tipo__descricao": "Projeto de Lei do Executivo", "autoria": "Luiz Carlos Gil", "texto_original": "http://sapl.ivaipora.pr.leg.br/media/sapl/public/materialegislativa/2022/234/projeto_de_lei_37.pdf", "ementa": "Disp\u00f5e sobre a explora\u00e7\u00e3o do servi\u00e7o tempor\u00e1rio de passeio tur\u00edstico por meio de TRENZINHOS DA ALEGRIA e d\u00e1 outras provid\u00eancias."}, {"id": "235", "ano": "2022", "numero": "38", "tipo__sigla": "PLE", "tipo__descricao": "Projeto de Lei do Executivo", "autoria": "Luiz Carlos Gil", "texto_original": "http://sapl.ivaipora.pr.leg.br/media/sapl/public/materialegislativa/2022/235/projeto_de_lei_38.pdf", "ementa": "Transfere a denomina\u00e7\u00e3o do \u201cCentro de Eventos Vera Vargas\u201d neste munic\u00edpio para o Centro da Melhor Idade, denomina o \u201cCentro de Eventos Ol\u00edvia Ver\u00edssima do Carmo Hauptmann\u201d e d\u00e1 outras provid\u00eancias."}, {"id": "237", "ano": "2022", "numero": "39", "tipo__sigla": "PLE", "tipo__descricao": "Projeto de Lei do Executivo", "autoria": "Marcelo dos Reis", "texto_original": "http://sapl.ivaipora.pr.leg.br/media/sapl/public/materialegislativa/2022/237/projeto_de_lei_39.pdf", "ementa": "Autoriza o Executivo Municipal a disponibilizar recursos financeiros \u00e0 C\u00e2mara da Mulher Empreendedora e Gestora de Ivaipor\u00e3 \u2013 CMEG, para a loca\u00e7\u00e3o de \u00f4nibus e d\u00e1 outras provid\u00eancias."}, {"id": "238", "ano": "2022", "numero": "40", "tipo__sigla": "PLE", "tipo__descricao": "Projeto de Lei do Executivo", "autoria": "Luiz Carlos Gil", "texto_original": "http://sapl.ivaipora.pr.leg.br/media/sapl/public/materialegislativa/2022/238/projeto_de_lei_40.pdf", "ementa": "Autoriza o Executivo Municipal a conceder revis\u00e3o geral anual dos sal\u00e1rios e vencimentos dos servidores municipais e d\u00e1 outras provid\u00eancias."}, {"id": "240", "ano": "2022", "numero": "41", "tipo__sigla": "PLE", "tipo__descricao": "Projeto de Lei do Executivo", "autoria": "Luiz Carlos Gil", "texto_original": "http://sapl.ivaipora.pr.leg.br/media/sapl/public/materialegislativa/2022/240/projeto_de_lei_41.pdf", "ementa": "S\u00famula: Abre um Cr\u00e9dito Adicional Especial e d\u00e1 outras provid\u00eancias."}, {"id": "242", "ano": "2022", "numero": "43", "tipo__sigla": "PLE", "tipo__descricao": "Projeto de Lei do Executivo", "autoria": "Luiz Carlos Gil", "texto_original": "http://sapl.ivaipora.pr.leg.br/media/sapl/public/materialegislativa/2022/242/projeto_de_lei_43.pdf", "ementa": "Disp\u00f5e sobre a Pol\u00edtica Municipal dos Direitos da Pessoa com Defici\u00eancia, da cria\u00e7\u00e3o do Conselho Municipal da Pessoa com Defici\u00eancia de Ivaipor\u00e3 \u2013 CMPCDI, do Fundo Municipal da Pessoa com Defici\u00eancia de Ivaipor\u00e3 \u2013 FMPDI e d\u00e1 outras provid\u00eancias."}, {"id": "244", "ano": "2022", "numero": "44", "tipo__sigla": "PLE", "tipo__descricao": "Projeto de Lei do Executivo", "autoria": "Luiz Carlos Gil", "texto_original": "http://sapl.ivaipora.pr.leg.br/media/sapl/public/materialegislativa/2022/244/projeto_de_lei_44.pdf", "ementa": "Acrescenta artigos a Lei Municipal n\u00ba 2.099/2011, institui a utiliza\u00e7\u00e3o e distribui\u00e7\u00e3o de sacolas biodegrad\u00e1veis com cores distintas no com\u00e9rcio varejista do ramo de g\u00eaneros aliment\u00edcios e cong\u00eaneres, para colabora\u00e7\u00e3o da separa\u00e7\u00e3o de res\u00edduos s\u00f3lidos, pela popula\u00e7\u00e3o do Munic\u00edpio de Ivaipor\u00e3, Estado do Paran\u00e1 e d\u00e1 outras provid\u00eancias."}, {"id": "246", "ano": "2022", "numero": "45", "tipo__sigla": "PLE", "tipo__descricao": "Projeto de Lei do Executivo", "autoria": "Luiz Carlos Gil", "texto_original": "http://sapl.ivaipora.pr.leg.br/media/sapl/public/materialegislativa/2022/246/projeto_de_lei_45.pdf", "ementa": "Disp\u00f5e sobre a contrata\u00e7\u00e3o por tempo determinado para atender \u00e0 necessidade tempor\u00e1ria de interesse p\u00fablico da Diretoria Municipal Assist\u00eancia Social, nos termos do inciso IX do artigo 37 da Constitui\u00e7\u00e3o Federal, e d\u00e1 outras provid\u00eancias."}, {"id": "260", "ano": "2022", "numero": "46", "tipo__sigla": "PLE", "tipo__descricao": "Projeto de Lei do Executivo", "autoria": "Luiz Carlos Gil", "texto_original": "http://sapl.ivaipora.pr.leg.br/media/sapl/public/materialegislativa/2022/260/projeto_de_lei_46.pdf", "ementa": "Introduz altera\u00e7\u00f5es na Lei Municipal n\u00b0 3.520/2021, que autoriza o Executivo Municipal a realizar a desapropria\u00e7\u00e3o amig\u00e1vel ou judicial, da fra\u00e7\u00e3o ideal do im\u00f3vel que espec\u00edfica e d\u00e1 outras provid\u00eancias."}, {"id": "262", "ano": "2022", "numero": "47", "tipo__sigla": "PLE", "tipo__descricao": "Projeto de Lei do Executivo", "autoria": "Luiz Carlos Gil", "texto_original": "http://sapl.ivaipora.pr.leg.br/media/sapl/public/materialegislativa/2022/262/projeto_de_lei_47.pdf", "ementa": "S\u00famula: Abre um Cr\u00e9dito Adicional Especial e d\u00e1 outras provid\u00eancias."}, {"id": "264", "ano": "2022", "numero": "48", "tipo__sigla": "PLE", "tipo__descricao": "Projeto de Lei do Executivo", "autoria": "Luiz Carlos Gil", "texto_original": "http://sapl.ivaipora.pr.leg.br/media/sapl/public/materialegislativa/2022/264/projeto_de_lei_48.pdf", "ementa": "S\u00famula: Abre um Cr\u00e9dito Adicional Especial e d\u00e1 outras provid\u00eancias."}, {"id": "266", "ano": "2022", "numero": "49", "tipo__sigla": "PLE", "tipo__descricao": "Projeto de Lei do Executivo", "autoria": "Luiz Carlos Gil", "texto_original": "http://sapl.ivaipora.pr.leg.br/media/sapl/public/materialegislativa/2022/266/projeto_de_lei_49.pdf", "ementa": "S\u00famula: Abre um Cr\u00e9dito Adicional Especial e d\u00e1 outras provid\u00eancias."}, {"id": "268", "ano": "2022", "numero": "50", "tipo__sigla": "PLE", "tipo__descricao": "Projeto de Lei do Executivo", "autoria": "Luiz Carlos Gil", "texto_original": "http://sapl.ivaipora.pr.leg.br/media/sapl/public/materialegislativa/2022/268/projeto_de_lei_50.pdf", "ementa": "S\u00famula: Abre um Cr\u00e9dito Adicional Especial e d\u00e1 outras provid\u00eancias."}, {"id": "283", "ano": "2022", "numero": "51", "tipo__sigla": "PLE", "tipo__descricao": "Projeto de Lei do Executivo", "autoria": "Luiz Carlos Gil", "texto_original": "http://sapl.ivaipora.pr.leg.br/media/sapl/public/materialegislativa/2022/283/projeto_de_lei_51.pdf", "ementa": "Autoriza o Executivo Municipal a realizar desapropria\u00e7\u00e3o amig\u00e1vel ou judicial do im\u00f3vel que espec\u00edfica, e d\u00e1 outras provid\u00eancias."}, {"id": "284", "ano": "2022", "numero": "52", "tipo__sigla": "PLE", "tipo__descricao": "Projeto de Lei do Executivo", "autoria": "Luiz Carlos Gil", "texto_original": "http://sapl.ivaipora.pr.leg.br/media/sapl/public/materialegislativa/2022/284/projeto_de_lei_52.pdf", "ementa": "S\u00famula: Abre um Cr\u00e9dito Adicional Especial e d\u00e1 outras provid\u00eancias."}, {"id": "285", "ano": "2022", "numero": "53", "tipo__sigla": "PLE", "tipo__descricao": "Projeto de Lei do Executivo", "autoria": "Luiz Carlos Gil", "texto_original": "http://sapl.ivaipora.pr.leg.br/media/sapl/public/materialegislativa/2022/285/projeto_de_lei_53.pdf", "ementa": "Autoriza o munic\u00edpio de Ivaipor\u00e3/PR a receber em forma de DOA\u00c7\u00c3O SEM \u00d4NUS, o im\u00f3vel que especifica e d\u00e1 outras provid\u00eancias."}, {"id": "286", "ano": "2022", "numero": "54", "tipo__sigla": "PLE", "tipo__descricao": "Projeto de Lei do Executivo", "autoria": "Luiz Carlos Gil", "texto_original": "http://sapl.ivaipora.pr.leg.br/media/sapl/public/materialegislativa/2022/286/projeto_de_lei_54.pdf", "ementa": "S\u00famula: Abre um Cr\u00e9dito Adicional Especial e d\u00e1 outras provid\u00eancias."}, {"id": "287", "ano": "2022", "numero": "55", "tipo__sigla": "PLE", "tipo__descricao": "Projeto de Lei do Executivo", "autoria": "Luiz Carlos Gil", "texto_original": "http://sapl.ivaipora.pr.leg.br/media/sapl/public/materialegislativa/2022/287/projeto_de_lei_55.pdf", "ementa": "Fixa o valor da di\u00e1ria do Prefeito, Vice-Prefeito, Diretores, Procuradores, Controlador Interno, Assessores, Gerentes e Servidores do Poder Executivo Municipal, e d\u00e1 outras provid\u00eancias."}, {"id": "288", "ano": "2022", "numero": "56", "tipo__sigla": "PLE", "tipo__descricao": "Projeto de Lei do Executivo", "autoria": "Luiz Carlos Gil", "texto_original": "http://sapl.ivaipora.pr.leg.br/media/sapl/public/materialegislativa/2022/288/projeto_de_lei_56.pdf", "ementa": "S\u00famula: Abre um Cr\u00e9dito Adicional Especial e d\u00e1 outras provid\u00eancias."}, {"id": "289", "ano": "2022", "numero": "57", "tipo__sigla": "PLE", "tipo__descricao": "Projeto de Lei do Executivo", "autoria": "Luiz Carlos Gil", "texto_original": "http://sapl.ivaipora.pr.leg.br/media/sapl/public/materialegislativa/2022/289/projeto_de_lei_57.pdf", "ementa": "S\u00famula: Abre um Cr\u00e9dito Adicional Especial e d\u00e1 outras provid\u00eancias."}, {"id": "290", "ano": "2022", "numero": "59", "tipo__sigla": "PLE", "tipo__descricao": "Projeto de Lei do Executivo", "autoria": "Luiz Carlos Gil", "texto_original": "http://sapl.ivaipora.pr.leg.br/media/sapl/public/materialegislativa/2022/290/projeto_de_lei_59.pdf", "ementa": "S\u00famula: Abre um Cr\u00e9dito Adicional Especial e d\u00e1 outras provid\u00eancias."}, {"id": "291", "ano": "2022", "numero": "60", "tipo__sigla": "PLE", "tipo__descricao": "Projeto de Lei do Executivo", "autoria": "Luiz Carlos Gil", "texto_original": "http://sapl.ivaipora.pr.leg.br/media/sapl/public/materialegislativa/2022/291/projeto_de_lei_60.pdf", "ementa": "S\u00famula: Abre um Cr\u00e9dito Adicional Especial e d\u00e1 outras provid\u00eancias."}, {"id": "292", "ano": "2022", "numero": "61", "tipo__sigla": "PLE", "tipo__descricao": "Projeto de Lei do Executivo", "autoria": "Luiz Carlos Gil", "texto_original": "http://sapl.ivaipora.pr.leg.br/media/sapl/public/materialegislativa/2022/292/projeto_de_lei_61.pdf", "ementa": "S\u00famula: Abre um Cr\u00e9dito Adicional Especial e d\u00e1 outras provid\u00eancias."}, {"id": "293", "ano": "2022", "numero": "62", "tipo__sigla": "PLE", "tipo__descricao": "Projeto de Lei do Executivo", "autoria": "Luiz Carlos Gil", "texto_original": "http://sapl.ivaipora.pr.leg.br/media/sapl/public/materialegislativa/2022/293/projeto_de_lei_62.pdf", "ementa": "S\u00famula: Abre um Cr\u00e9dito Adicional Especial e d\u00e1 outras provid\u00eancias."}, {"id": "294", "ano": "2022", "numero": "63", "tipo__sigla": "PLE", "tipo__descricao": "Projeto de Lei do Executivo", "autoria": "Luiz Carlos Gil", "texto_original": "http://sapl.ivaipora.pr.leg.br/media/sapl/public/materialegislativa/2022/294/projeto_de_lei_63.pdf", "ementa": "S\u00famula: Abre um Cr\u00e9dito Adicional Especial e d\u00e1 outras provid\u00eancias."}, {"id": "295", "ano": "2022", "numero": "64", "tipo__sigla": "PLE", "tipo__descricao": "Projeto de Lei do Executivo", "autoria": "Luiz Carlos Gil", "texto_original": "http://sapl.ivaipora.pr.leg.br/media/sapl/public/materialegislativa/2022/295/projeto_de_lei_64.pdf", "ementa": "S\u00famula: Abre um Cr\u00e9dito Adicional Especial e d\u00e1 outras provid\u00eancias."}, {"id": "296", "ano": "2022", "numero": "65", "tipo__sigla": "PLE", "tipo__descricao": "Projeto de Lei do Executivo", "autoria": "Luiz Carlos Gil", "texto_original": "http://sapl.ivaipora.pr.leg.br/media/sapl/public/materialegislativa/2022/296/projeto_de_lei_65.pdf", "ementa": "Autoriza o Executivo Municipal a realizar desapropria\u00e7\u00e3o amig\u00e1vel ou judicial do im\u00f3vel que espec\u00edfica, e d\u00e1 outras provid\u00eancias."}, {"id": "299", "ano": "2022", "numero": "66", "tipo__sigla": "PLE", "tipo__descricao": "Projeto de Lei do Executivo", "autoria": "Luiz Carlos Gil", "texto_original": "http://sapl.ivaipora.pr.leg.br/media/sapl/public/materialegislativa/2022/299/projeto_de_lei_66.pdf", "ementa": "S\u00famula: Abre um Cr\u00e9dito Adicional Especial e d\u00e1 outras provid\u00eancias."}, {"id": "300", "ano": "2022", "numero": "67", "tipo__sigla": "PLE", "tipo__descricao": "Projeto de Lei do Executivo", "autoria": "Marcelo dos Reis", "texto_original": "http://sapl.ivaipora.pr.leg.br/media/sapl/public/materialegislativa/2022/300/projeto_de_lei_67.pdf", "ementa": "S\u00famula: Abre um Cr\u00e9dito Adicional Especial e d\u00e1 outras provid\u00eancias."}, {"id": "302", "ano": "2022", "numero": "68", "tipo__sigla": "PLE", "tipo__descricao": "Projeto de Lei do Executivo", "autoria": "Marcelo dos Reis", "texto_original": "http://sapl.ivaipora.pr.leg.br/media/sapl/public/materialegislativa/2022/302/projeto_de_lei_68.pdf", "ementa": "S\u00famula: Abre um Cr\u00e9dito Adicional Especial e d\u00e1 outras provid\u00eancias."}, {"id": "306", "ano": "2022", "numero": "69", "tipo__sigla": "PLE", "tipo__descricao": "Projeto de Lei do Executivo", "autoria": "Marcelo dos Reis", "texto_original": "http://sapl.ivaipora.pr.leg.br/media/sapl/public/materialegislativa/2022/306/projeto_de_lei_69.pdf", "ementa": "S\u00famula: Abre um Cr\u00e9dito Adicional Especial e d\u00e1 outras provid\u00eancias."}, {"id": "308", "ano": "2022", "numero": "70", "tipo__sigla": "PLE", "tipo__descricao": "Projeto de Lei do Executivo", "autoria": "Marcelo dos Reis", "texto_original": "http://sapl.ivaipora.pr.leg.br/media/sapl/public/materialegislativa/2022/308/projeto_de_lei_70.pdf", "ementa": "S\u00famula: Abre um Cr\u00e9dito Adicional Especial e d\u00e1 outras provid\u00eancias."}, {"id": "309", "ano": "2022", "numero": "71", "tipo__sigla": "PLE", "tipo__descricao": "Projeto de Lei do Executivo", "autoria": "Marcelo dos Reis", "texto_original": "http://sapl.ivaipora.pr.leg.br/media/sapl/public/materialegislativa/2022/309/projeto_de_lei_71.pdf", "ementa": "S\u00famula: Abre um Cr\u00e9dito Adicional Especial e d\u00e1 outras provid\u00eancias."}, {"id": "312", "ano": "2022", "numero": "72", "tipo__sigla": "PLE", "tipo__descricao": "Projeto de Lei do Executivo", "autoria": "Marcelo dos Reis", "texto_original": "http://sapl.ivaipora.pr.leg.br/media/sapl/public/materialegislativa/2022/312/projeto_de_lei_72.pdf", "ementa": "S\u00famula: Abre um Cr\u00e9dito Adicional Especial e d\u00e1 outras provid\u00eancias."}, {"id": "313", "ano": "2022", "numero": "73", "tipo__sigla": "PLE", "tipo__descricao": "Projeto de Lei do Executivo", "autoria": "Luiz Carlos Gil", "texto_original": "http://sapl.ivaipora.pr.leg.br/media/sapl/public/materialegislativa/2022/313/projeto_de_lei_73.pdf", "ementa": "Introduz altera\u00e7\u00f5es na Lei Municipal n\u00b0 3.502/2020, que autoriza o Executivo Municipal a permutar parte das \u00e1reas institucionais para equipamentos comunit\u00e1rios do Loteamento Recanto das Oliveiras por obras de infraestrutura na rua Tr\u00eas Marias, Jardim Ipor\u00e3, neste munic\u00edpio e d\u00e1 outras provid\u00eancias."}, {"id": "315", "ano": "2022", "numero": "74", "tipo__sigla": "PLE", "tipo__descricao": "Projeto de Lei do Executivo", "autoria": "Luiz Carlos Gil", "texto_original": "http://sapl.ivaipora.pr.leg.br/media/sapl/public/materialegislativa/2022/315/projeto_de_lei_74.pdf", "ementa": "S\u00famula: Disp\u00f5e sobre as Diretrizes para a Elabora\u00e7\u00e3o da Lei Or\u00e7ament\u00e1ria do Munic\u00edpio de Ivaipor\u00e3, Estado do Paran\u00e1, para o exerc\u00edcio financeiro de 2023, e d\u00e1 outras provid\u00eancias."}, {"id": "317", "ano": "2022", "numero": "75", "tipo__sigla": "PLE", "tipo__descricao": "Projeto de Lei do Executivo", "autoria": "Luiz Carlos Gil", "texto_original": "http://sapl.ivaipora.pr.leg.br/media/sapl/public/materialegislativa/2022/317/projeto_de_lei_75.pdf", "ementa": "Institui a REDE INTERSETORIAL DE PROTE\u00c7\u00c3O E ENFRENTAMENTO A VIOL\u00caNCIA CONTRA CRIAN\u00c7AS, ADOLESCENTES E IDOSOS no munic\u00edpio de Ivaipor\u00e3/PR e d\u00e1 outras provid\u00eancias."}, {"id": "319", "ano": "2022", "numero": "76", "tipo__sigla": "PLE", "tipo__descricao": "Projeto de Lei do Executivo", "autoria": "Luiz Carlos Gil", "texto_original": "http://sapl.ivaipora.pr.leg.br/media/sapl/public/materialegislativa/2022/319/projeto_de_lei_76.pdf", "ementa": "Disp\u00f5e sobre o pagamento do novo piso de vencimento dos Agentes Comunit\u00e1rios de Sa\u00fade - ACS e de Agentes de Combate \u00e0s Endemias - ACE e d\u00e1 outras provid\u00eancias."}, {"id": "321", "ano": "2022", "numero": "77", "tipo__sigla": "PLE", "tipo__descricao": "Projeto de Lei do Executivo", "autoria": "Luiz Carlos Gil", "texto_original": "http://sapl.ivaipora.pr.leg.br/media/sapl/public/materialegislativa/2022/321/projeto_de_lei_77.pdf", "ementa": "S\u00famula: Abre um Cr\u00e9dito Adicional Suplementar e d\u00e1 outras provid\u00eancias."}, {"id": "324", "ano": "2022", "numero": "78", "tipo__sigla": "PLE", "tipo__descricao": "Projeto de Lei do Executivo", "autoria": "Luiz Carlos Gil", "texto_original": "http://sapl.ivaipora.pr.leg.br/media/sapl/public/materialegislativa/2022/324/projeto_de_lei_78.pdf", "ementa": "Suprime o item 237 do Anexo I, da Lei Municipal n\u00b0 3.490/2020 e o item 101 do Anexo I, da Lei 3.527/2021, que autorizam o Poder Executivo Municipal a promover LEIL\u00c3O P\u00daBLICO DE BENS INSERV\u00cdVEIS para alienar ve\u00edculos, equipamentos e sucatas inserv\u00edveis de propriedade da Prefeitura Municipal de Ivaipor\u00e3/PR, e d\u00e1 outras provid\u00eancias."}, {"id": "334", "ano": "2022", "numero": "79", "tipo__sigla": "PLE", "tipo__descricao": "Projeto de Lei do Executivo", "autoria": "Luiz Carlos Gil", "texto_original": "http://sapl.ivaipora.pr.leg.br/media/sapl/public/materialegislativa/2022/334/projeto_de_lei_79.pdf", "ementa": "S\u00famula: Autoriza a abertura de Cr\u00e9ditos Adicionais   suplementares e d\u00e1 outras provid\u00eancias."}, {"id": "336", "ano": "2022", "numero": "80", "tipo__sigla": "PLE", "tipo__descricao": "Projeto de Lei do Executivo", "autoria": "Luiz Carlos Gil", "texto_original": "http://sapl.ivaipora.pr.leg.br/media/sapl/public/materialegislativa/2022/336/projeto_de_lei_80.pdf", "ementa": "S\u00famula: Abre um Cr\u00e9dito Adicional Especial e d\u00e1 outras provid\u00eancias."}, {"id": "343", "ano": "2022", "numero": "81", "tipo__sigla": "PLE", "tipo__descricao": "Projeto de Lei do Executivo", "autoria": "Luiz Carlos Gil", "texto_original": "http://sapl.ivaipora.pr.leg.br/media/sapl/public/materialegislativa/2022/343/projeto_de_lei_81.pdf", "ementa": "S\u00famula: Abre um Cr\u00e9dito Adicional Especial e d\u00e1 outras provid\u00eancias."}, {"id": "344", "ano": "2022", "numero": "82", "tipo__sigla": "PLE", "tipo__descricao": "Projeto de Lei do Executivo", "autoria": "Luiz Carlos Gil", "texto_original": "http://sapl.ivaipora.pr.leg.br/media/sapl/public/materialegislativa/2022/344/projeto_de_lei_82.pdf", "ementa": "S\u00famula: Abre um Cr\u00e9dito Adicional Especial e d\u00e1 outras provid\u00eancias."}, {"id": "345", "ano": "2022", "numero": "83", "tipo__sigla": "PLE", "tipo__descricao": "Projeto de Lei do Executivo", "autoria": "Luiz Carlos Gil", "texto_original": "http://sapl.ivaipora.pr.leg.br/media/sapl/public/materialegislativa/2022/345/projeto_de_lei_83.pdf", "ementa": "Introduz altera\u00e7\u00f5es na Lei Municipal n\u00b0 3.655/2022, que disp\u00f5e sobre a cria\u00e7\u00e3o de novos cargos e suas respectivas atribui\u00e7\u00f5es e a amplia\u00e7\u00e3o de vagas do quadro de pessoal efetivo do Munic\u00edpio de Ivaipor\u00e3/PR, em conformidade com a Lei Municipal 1.269, de 16/05/2005, e d\u00e1 outras provid\u00eancias"}, {"id": "346", "ano": "2022", "numero": "84", "tipo__sigla": "PLE", "tipo__descricao": "Projeto de Lei do Executivo", "autoria": "Luiz Carlos Gil", "texto_original": "http://sapl.ivaipora.pr.leg.br/media/sapl/public/materialegislativa/2022/346/projeto_de_lei_84.pdf", "ementa": "Autoriza o Executivo Municipal a realizar a doa\u00e7\u00e3o de im\u00f3veis aos titulares do Programa SUB-50, institu\u00eddo pela Lei Municipal n\u00b0 2.864/2016, e d\u00e1 outras provid\u00eancias."}, {"id": "347", "ano": "2022", "numero": "85", "tipo__sigla": "PLE", "tipo__descricao": "Projeto de Lei do Executivo", "autoria": "Luiz Carlos Gil", "texto_original": "http://sapl.ivaipora.pr.leg.br/media/sapl/public/materialegislativa/2022/347/projeto_de_lei_85.pdf", "ementa": "Institui o Programa de Recupera\u00e7\u00e3o Fiscal de Ivaipor\u00e3 \u2013 REFIS IVAIPOR\u00c3 2022, e d\u00e1 outras provid\u00eancias."}, {"id": "349", "ano": "2022", "numero": "86", "tipo__sigla": "PLE", "tipo__descricao": "Projeto de Lei do Executivo", "autoria": "Luiz Carlos Gil", "texto_original": "http://sapl.ivaipora.pr.leg.br/media/sapl/public/materialegislativa/2022/349/projeto_de_lei_86.pdf", "ementa": "S\u00famula: Abre um Cr\u00e9dito Adicional Especial e d\u00e1 outras provid\u00eancias."}, {"id": "351", "ano": "2022", "numero": "87", "tipo__sigla": "PLE", "tipo__descricao": "Projeto de Lei do Executivo", "autoria": "Luiz Carlos Gil", "texto_original": "http://sapl.ivaipora.pr.leg.br/media/sapl/public/materialegislativa/2022/351/projeto_de_lei_87.pdf", "ementa": "S\u00famula: Abre um Cr\u00e9dito Adicional Especial e d\u00e1 outras provid\u00eancias."}, {"id": "353", "ano": "2022", "numero": "89", "tipo__sigla": "PLE", "tipo__descricao": "Projeto de Lei do Executivo", "autoria": "Luiz Carlos Gil", "texto_original": "http://sapl.ivaipora.pr.leg.br/media/sapl/public/materialegislativa/2022/353/projeto_de_lei_89.pdf", "ementa": "Introduz altera\u00e7\u00f5es na Lei Municipal n\u00b0 3.655/2022, que disp\u00f5e sobre a cria\u00e7\u00e3o de novos cargos e suas respectivas atribui\u00e7\u00f5es e a amplia\u00e7\u00e3o de vagas do quadro de pessoal efetivo do Munic\u00edpio de Ivaipor\u00e3/PR, em conformidade com a Lei Municipal 1.269, de 16/05/2005, e d\u00e1 outras provid\u00eancias"}, {"id": "355", "ano": "2022", "numero": "90", "tipo__sigla": "PLE", "tipo__descricao": "Projeto de Lei do Executivo", "autoria": "Luiz Carlos Gil", "texto_original": "http://sapl.ivaipora.pr.leg.br/media/sapl/public/materialegislativa/2022/355/projeto_de_lei_90.pdf", "ementa": "Introduz altera\u00e7\u00f5es na Lei Municipal n\u00b0 3.409/2019, que que disp\u00f5e sobre o Plano de Cargos, Carreira a Remunera\u00e7\u00e3o do Magist\u00e9rio P\u00fablico Municipal de Ivaipor\u00e3 - Estado do Paran\u00e1 e d\u00e1 outras provid\u00eancias."}, {"id": "356", "ano": "2022", "numero": "91", "tipo__sigla": "PLE", "tipo__descricao": "Projeto de Lei do Executivo", "autoria": "Marcelo dos Reis", "texto_original": "http://sapl.ivaipora.pr.leg.br/media/sapl/public/materialegislativa/2022/356/projeto_de_lei_91.pdf", "ementa": "Disp\u00f5e sobre a cria\u00e7\u00e3o do Conselho Municipal de Esporte e Lazer, institui a Confer\u00eancia Municipal de Esporte e Lazer e cria o Fundo Municipal de Esporte e Lazer do Munic\u00edpio de Ivaipor\u00e3 e d\u00e1 outras provid\u00eancias."}, {"id": "357", "ano": "2022", "numero": "92", "tipo__sigla": "PLE", "tipo__descricao": "Projeto de Lei do Executivo", "autoria": "Marcelo dos Reis", "texto_original": "http://sapl.ivaipora.pr.leg.br/media/sapl/public/materialegislativa/2022/357/projeto_de_lei_92.pdf", "ementa": "Introduz altera\u00e7\u00f5es na Lei Municipal n\u00b0 2.354/2013, que institui a semana da P\u00e1tria no Munic\u00edpio de Ivaipor\u00e3, Estado do Paran\u00e1, a ser comemorada anualmente, de 01 a 07 de setembro e d\u00e1 outras provid\u00eancias."}, {"id": "359", "ano": "2022", "numero": "93", "tipo__sigla": "PLE", "tipo__descricao": "Projeto de Lei do Executivo", "autoria": "Marcelo dos Reis", "texto_original": "http://sapl.ivaipora.pr.leg.br/media/sapl/public/materialegislativa/2022/359/projeto_de_lei_93.pdf", "ementa": "S\u00famula: Abre um Cr\u00e9dito Adicional Especial e d\u00e1 outras provid\u00eancias."}, {"id": "360", "ano": "2022", "numero": "94", "tipo__sigla": "PLE", "tipo__descricao": "Projeto de Lei do Executivo", "autoria": "Marcelo dos Reis", "texto_original": "http://sapl.ivaipora.pr.leg.br/media/sapl/public/materialegislativa/2022/360/projeto_de_lei_94.pdf", "ementa": "Introduz altera\u00e7\u00f5es na Lei Municipal n\u00b0 1.940/2011, que disp\u00f5e sobre a pol\u00edtica de Desenvolvimento Industrial do Munic\u00edpio de Ivaipor\u00e3 e d\u00e1 outras provid\u00eancias."}, {"id": "361", "ano": "2022", "numero": "95", "tipo__sigla": "PLE", "tipo__descricao": "Projeto de Lei do Executivo", "autoria": "Marcelo dos Reis", "texto_original": "http://sapl.ivaipora.pr.leg.br/media/sapl/public/materialegislativa/2022/361/projeto_de_lei_95.pdf", "ementa": "Disp\u00f5e sobre a obrigatoriedade da realiza\u00e7\u00e3o do procedimento de cadastramento anual na modalidade \"Prova de Vida\", dos aposentados e pensionistas vinculados ao Munic\u00edpio de Ivaipor\u00e3/PR, para fins de manuten\u00e7\u00e3o dos benef\u00edcios de aposentadoria e pens\u00e3o e d\u00e1 outras provid\u00eancias."}, {"id": "362", "ano": "2022", "numero": "96", "tipo__sigla": "PLE", "tipo__descricao": "Projeto de Lei do Executivo", "autoria": "Marcelo dos Reis", "texto_original": "http://sapl.ivaipora.pr.leg.br/media/sapl/public/materialegislativa/2022/362/projeto_de_lei_96.pdf", "ementa": "Introduz altera\u00e7\u00f5es na Lei Municipal n\u00b0 3.549, de 15 de junho de 2021, e d\u00e1 outras provid\u00eancias."}, {"id": "365", "ano": "2022", "numero": "97", "tipo__sigla": "PLE", "tipo__descricao": "Projeto de Lei do Executivo", "autoria": "Marcelo dos Reis", "texto_original": "http://sapl.ivaipora.pr.leg.br/media/sapl/public/materialegislativa/2022/365/projeto_de_lei_97.pdf", "ementa": "Institui o CONSELHO MUNICIPAL DE CULTURA e o FUNDO MUNICIPAL DE CULTURA em apoio ao desenvolvimento da Cultura do Munic\u00edpio de Ivaipor\u00e3/PR e d\u00e1 outras provid\u00eancias."}, {"id": "366", "ano": "2022", "numero": "98", "tipo__sigla": "PLE", "tipo__descricao": "Projeto de Lei do Executivo", "autoria": "Marcelo dos Reis", "texto_original": "http://sapl.ivaipora.pr.leg.br/media/sapl/public/materialegislativa/2022/366/projeto_de_lei_98.pdf", "ementa": "Introduz altera\u00e7\u00f5es nas Leis Municipais n\u00b0s 3.716 e 3.718/2022, que autorizam o Executivo Municipal a realizar a desapropria\u00e7\u00e3o amig\u00e1vel ou judicial de im\u00f3veis e d\u00e3o outras provid\u00eancias."}, {"id": "368", "ano": "2022", "numero": "99", "tipo__sigla": "PLE", "tipo__descricao": "Projeto de Lei do Executivo", "autoria": "Marcelo dos Reis", "texto_original": "http://sapl.ivaipora.pr.leg.br/media/sapl/public/materialegislativa/2022/368/projeto_de_lei_99.pdf", "ementa": "S\u00famula: Autoriza a abertura de Cr\u00e9ditos Adicionais   suplementares e d\u00e1 outras provid\u00eancias."}, {"id": "369", "ano": "2022", "numero": "100", "tipo__sigla": "PLE", "tipo__descricao": "Projeto de Lei do Executivo", "autoria": "Marcelo dos Reis", "texto_original": "http://sapl.ivaipora.pr.leg.br/media/sapl/public/materialegislativa/2022/369/projeto_de_lei_100.pdf", "ementa": "D\u00e1 a denomina\u00e7\u00e3o de \u201cManoel Louren\u00e7o Filho\" ao Parque Industrial II, nesta cidade de Ivaipor\u00e3, Estado do Paran\u00e1."}, {"id": "371", "ano": "2022", "numero": "101", "tipo__sigla": "PLE", "tipo__descricao": "Projeto de Lei do Executivo", "autoria": "Marcelo dos Reis", "texto_original": "http://sapl.ivaipora.pr.leg.br/media/sapl/public/materialegislativa/2022/371/projeto_de_lei_101.pdf", "ementa": "Denomina a rua DAVID BENUTTI, no munic\u00edpio de Ivaipor\u00e3/PR."}, {"id": "373", "ano": "2022", "numero": "102", "tipo__sigla": "PLE", "tipo__descricao": "Projeto de Lei do Executivo", "autoria": "Luiz Carlos Gil", "texto_original": "http://sapl.ivaipora.pr.leg.br/media/sapl/public/materialegislativa/2022/373/projeto_de_lei_102.pdf", "ementa": "S\u00famula: Estima Receita e Fixa a Despesa do Munic\u00edpio de Ivaipor\u00e3, Estado do Paran\u00e1, para o exerc\u00edcio financeiro de 2023."}, {"id": "136", "ano": "2022", "numero": "103", "tipo__sigla": "PLE", "tipo__descricao": "Projeto de Lei do Executivo", "autoria": "Luiz Carlos Gil", "texto_original": "http://sapl.ivaipora.pr.leg.br/media/sapl/public/materialegislativa/2022/136/projeto_de_lei_103.pdf", "ementa": "S\u00famula: Abre um Cr\u00e9dito Adicional Especial e d\u00e1 outras provid\u00eancias."}, {"id": "137", "ano": "2022", "numero": "104", "tipo__sigla": "PLE", "tipo__descricao": "Projeto de Lei do Executivo", "autoria": "Luiz Carlos Gil", "texto_original": "http://sapl.ivaipora.pr.leg.br/media/sapl/public/materialegislativa/2022/137/projeto_de_lei_104.pdf", "ementa": "S\u00famula: Abre um Cr\u00e9dito Adicional Especial e d\u00e1 outras provid\u00eancias."}, {"id": "138", "ano": "2022", "numero": "105", "tipo__sigla": "PLE", "tipo__descricao": "Projeto de Lei do Executivo", "autoria": "Luiz Carlos Gil", "texto_original": "http://sapl.ivaipora.pr.leg.br/media/sapl/public/materialegislativa/2022/138/projeto_de_lei_105.pdf", "ementa": "S\u00famula: Abre um Cr\u00e9dito Adicional Especial e d\u00e1 outras provid\u00eancias."}, {"id": "139", "ano": "2022", "numero": "106", "tipo__sigla": "PLE", "tipo__descricao": "Projeto de Lei do Executivo", "autoria": "Luiz Carlos Gil", "texto_original": "http://sapl.ivaipora.pr.leg.br/media/sapl/public/materialegislativa/2022/139/projeto_de_lei_106.pdf", "ementa": "Introduz altera\u00e7\u00f5es na Lei Municipal n\u00b0 2.790/2016, que institui o Programa de Aprendizagem no \u00e2mbito do Munic\u00edpio de Ivaipor\u00e3/PR e d\u00e1 outras provid\u00eancias."}, {"id": "140", "ano": "2022", "numero": "107", "tipo__sigla": "PLE", "tipo__descricao": "Projeto de Lei do Executivo", "autoria": "Luiz Carlos Gil", "texto_original": "http://sapl.ivaipora.pr.leg.br/media/sapl/public/materialegislativa/2022/140/projeto_de_lei_107.pdf", "ementa": "Introduz altera\u00e7\u00f5es na Lei Municipal n\u00b0 3.635/2021, que disp\u00f5e sobre a concess\u00e3o de incentivos \u00e0 inova\u00e7\u00e3o e \u00e0 pesquisa cient\u00edfica e tecnol\u00f3gica no ambiente produtivo, social e ambiental e d\u00e1 outras provid\u00eancias no \u00e2mbito do Munic\u00edpio de Ivaipor\u00e3/PR, conforme o disposto nas Leis Federais n\u00ba 10.973/2004 e altera\u00e7\u00f5es, e 13.243/2016, no que couber e d\u00e1 outras provid\u00eancias."}, {"id": "141", "ano": "2022", "numero": "108", "tipo__sigla": "PLE", "tipo__descricao": "Projeto de Lei do Executivo", "autoria": "Luiz Carlos Gil", "texto_original": "http://sapl.ivaipora.pr.leg.br/media/sapl/public/materialegislativa/2022/141/projeto_de_lei_108.pdf", "ementa": "S\u00famula: Abre um Cr\u00e9dito Adicional Especial e d\u00e1 outras provid\u00eancias."}, {"id": "142", "ano": "2022", "numero": "109", "tipo__sigla": "PLE", "tipo__descricao": "Projeto de Lei do Executivo", "autoria": "Luiz Carlos Gil", "texto_original": "http://sapl.ivaipora.pr.leg.br/media/sapl/public/materialegislativa/2022/142/projeto_de_lei_109.pdf", "ementa": "Autoriza o Poder Executivo Municipal a promover LEIL\u00c3O P\u00daBLICO para alienar ve\u00edculos inserv\u00edveis de propriedade da Prefeitura Municipal de Ivaipor\u00e3/PR, e d\u00e1 outras provid\u00eancias"}, {"id": "143", "ano": "2022", "numero": "110", "tipo__sigla": "PLE", "tipo__descricao": "Projeto de Lei do Executivo", "autoria": "Luiz Carlos Gil", "texto_original": "http://sapl.ivaipora.pr.leg.br/media/sapl/public/materialegislativa/2022/143/projeto_de_lei_110.pdf", "ementa": "S\u00famula: Abre um Cr\u00e9dito Adicional Especial e d\u00e1 outras provid\u00eancias."}, {"id": "144", "ano": "2022", "numero": "111", "tipo__sigla": "PLE", "tipo__descricao": "Projeto de Lei do Executivo", "autoria": "Luiz Carlos Gil", "texto_original": "http://sapl.ivaipora.pr.leg.br/media/sapl/public/materialegislativa/2022/144/projeto_de_lei_111.pdf", "ementa": "Introduz altera\u00e7\u00f5es na Lei Municipal 2.872, de 13 de outubro de 2016, a qual disp\u00f5e sobre a Estrutura Administrativa da Prefeitura do Munic\u00edpio de Ivaipor\u00e3/PR."}, {"id": "147", "ano": "2022", "numero": "112", "tipo__sigla": "PLE", "tipo__descricao": "Projeto de Lei do Executivo", "autoria": "Luiz Carlos Gil", "texto_original": "http://sapl.ivaipora.pr.leg.br/media/sapl/public/materialegislativa/2022/147/projeto_de_lei_112.pdf", "ementa": "Autoriza a doa\u00e7\u00e3o de im\u00f3vel a UEM - UNIVERSIDADE ESTADUAL DE MARING\u00c1, e d\u00e1 outras provid\u00eancias."}, {"id": "148", "ano": "2022", "numero": "113", "tipo__sigla": "PLE", "tipo__descricao": "Projeto de Lei do Executivo", "autoria": "Luiz Carlos Gil", "texto_original": "http://sapl.ivaipora.pr.leg.br/media/sapl/public/materialegislativa/2022/148/projeto_de_lei_113.pdf", "ementa": "S\u00famula: Abre um Cr\u00e9dito Adicional Suplementar e d\u00e1 outras provid\u00eancias."}, {"id": "149", "ano": "2022", "numero": "114", "tipo__sigla": "PLE", "tipo__descricao": "Projeto de Lei do Executivo", "autoria": "Luiz Carlos Gil", "texto_original": "http://sapl.ivaipora.pr.leg.br/media/sapl/public/materialegislativa/2022/149/projeto_de_lei_114.pdf", "ementa": "Denomina o \u201cParque de Exposi\u00e7\u00f5es de Ivaipor\u00e3\u201d, neste munic\u00edpio, Estado do Paran\u00e1"}, {"id": "150", "ano": "2022", "numero": "115", "tipo__sigla": "PLE", "tipo__descricao": "Projeto de Lei do Executivo", "autoria": "Luiz Carlos Gil", "texto_original": "http://sapl.ivaipora.pr.leg.br/media/sapl/public/materialegislativa/2022/150/projeto_de_lei_115.pdf", "ementa": "S\u00famula: Abre um Cr\u00e9dito Adicional Especial e d\u00e1 outras provid\u00eancias."}, {"id": "152", "ano": "2022", "numero": "116", "tipo__sigla": "PLE", "tipo__descricao": "Projeto de Lei do Executivo", "autoria": "Luiz Carlos Gil", "texto_original": "http://sapl.ivaipora.pr.leg.br/media/sapl/public/materialegislativa/2022/152/projeto_de_lei_116.pdf", "ementa": "S\u00famula: Abre um Cr\u00e9dito Adicional Especial e d\u00e1 outras provid\u00eancias."}, {"id": "153", "ano": "2022", "numero": "117", "tipo__sigla": "PLE", "tipo__descricao": "Projeto de Lei do Executivo", "autoria": "Luiz Carlos Gil", "texto_original": "http://sapl.ivaipora.pr.leg.br/media/sapl/public/materialegislativa/2022/153/projeto_de_lei_117.pdf", "ementa": "S\u00famula: Abre um Cr\u00e9dito Adicional Especial e d\u00e1 outras provid\u00eancias."}, {"id": "155", "ano": "2022", "numero": "118", "tipo__sigla": "PLE", "tipo__descricao": "Projeto de Lei do Executivo", "autoria": "Luiz Carlos Gil", "texto_original": "http://sapl.ivaipora.pr.leg.br/media/sapl/public/materialegislativa/2022/155/projeto_de_lei_118.pdf", "ementa": "Autoriza o Poder Executivo a deixar de aplicar a corre\u00e7\u00e3o inflacion\u00e1ria referente ao exerc\u00edcio fiscal de 2023 em rela\u00e7\u00e3o ao Imposto sobre Propriedade Territorial e Predial Urbana (IPTU) e \u00e0 Contribui\u00e7\u00e3o para o Custeio da Ilumina\u00e7\u00e3o P\u00fablica (COSIP), e d\u00e1 outras provid\u00eancias."}, {"id": "158", "ano": "2022", "numero": "119", "tipo__sigla": "PLE", "tipo__descricao": "Projeto de Lei do Executivo", "autoria": "Luiz Carlos Gil", "texto_original": "http://sapl.ivaipora.pr.leg.br/media/sapl/public/materialegislativa/2022/158/projeto_de_lei_119.pdf", "ementa": "S\u00famula: Abre um Cr\u00e9dito Adicional Especial e d\u00e1 outras provid\u00eancias."}, {"id": "159", "ano": "2022", "numero": "120", "tipo__sigla": "PLE", "tipo__descricao": "Projeto de Lei do Executivo", "autoria": "Luiz Carlos Gil", "texto_original": "http://sapl.ivaipora.pr.leg.br/media/sapl/public/materialegislativa/2022/159/projeto_de_lei_120.pdf", "ementa": "S\u00famula: Abre um Cr\u00e9dito Adicional Especial e d\u00e1 outras provid\u00eancias."}, {"id": "161", "ano": "2022", "numero": "121", "tipo__sigla": "PLE", "tipo__descricao": "Projeto de Lei do Executivo", "autoria": "Luiz Carlos Gil", "texto_original": "http://sapl.ivaipora.pr.leg.br/media/sapl/public/materialegislativa/2022/161/projeto_de_lei_121.pdf", "ementa": "S\u00famula: Abre um Cr\u00e9dito Adicional Especial e d\u00e1 outras provid\u00eancias."}, {"id": "162", "ano": "2022", "numero": "122", "tipo__sigla": "PLE", "tipo__descricao": "Projeto de Lei do Executivo", "autoria": "Luiz Carlos Gil", "texto_original": "http://sapl.ivaipora.pr.leg.br/media/sapl/public/materialegislativa/2022/162/projeto_de_lei_122.pdf", "ementa": "S\u00famula: Abre um Cr\u00e9dito Adicional Especial e d\u00e1 outras provid\u00eancias."}, {"id": "163", "ano": "2022", "numero": "123", "tipo__sigla": "PLE", "tipo__descricao": "Projeto de Lei do Executivo", "autoria": "Luiz Carlos Gil", "texto_original": "http://sapl.ivaipora.pr.leg.br/media/sapl/public/materialegislativa/2022/163/projeto_de_lei_123.pdf", "ementa": "S\u00famula: Abre um Cr\u00e9dito Adicional Especial e d\u00e1 outras provid\u00eancias."}, {"id": "165", "ano": "2022", "numero": "124", "tipo__sigla": "PLE", "tipo__descricao": "Projeto de Lei do Executivo", "autoria": "Luiz Carlos Gil", "texto_original": "http://sapl.ivaipora.pr.leg.br/media/sapl/public/materialegislativa/2022/165/projeto_de_lei_124.pdf", "ementa": "Autoriza o Executivo Municipal a realizar desapropria\u00e7\u00e3o amig\u00e1vel ou judicial do im\u00f3vel que espec\u00edfica, e d\u00e1 outras provid\u00eancias."}, {"id": "166", "ano": "2022", "numero": "125", "tipo__sigla": "PLE", "tipo__descricao": "Projeto de Lei do Executivo", "autoria": "Luiz Carlos Gil", "texto_original": "http://sapl.ivaipora.pr.leg.br/media/sapl/public/materialegislativa/2022/166/projeto_de_lei_125.pdf", "ementa": "S\u00famula: Abre um Cr\u00e9dito Adicional Especial e d\u00e1 outras provid\u00eancias."}, {"id": "2047", "ano": "2022", "numero": "2", "tipo__sigla": "PLL", "tipo__descricao": "Projeto de Lei do Legislativo", "autoria": "Nando Dorta, Josane Disner, Sab\u00e3o - Edivaldo Montanheri", "texto_original": "http://sapl.ivaipora.pr.leg.br/media/", "ementa": "Introduz altera\u00e7\u00f5es na Lei n\u00ba 2.515, de 18 de Setembro de 2014. alterando a compet\u00eancia exclusiva da Presid\u00eancia da Mesa diretiva."}, {"id": "2086", "ano": "2022", "numero": "3", "tipo__sigla": "PLL", "tipo__descricao": "Projeto de Lei do Legislativo", "autoria": "Nando Dorta", "texto_original": "http://sapl.ivaipora.pr.leg.br/media/sapl/public/materialegislativa/2022/2086/brn3c2af4e2196e_0000065436.pdf", "ementa": "Concede reajuste, a titulo de revis\u00e3o geral anual aos subs\u00eddios dos vereadores da C\u00e3mara municipal de Ivaipor\u00e3, relativa a infla\u00e7\u00e3o acumulada no ano de 2021, e d\u00e1 outras  provid\u00eancias."}, {"id": "2087", "ano": "2022", "numero": "4", "tipo__sigla": "PLL", "tipo__descricao": "Projeto de Lei do Legislativo", "autoria": "Fio Bertotti", "texto_original": "http://sapl.ivaipora.pr.leg.br/media/sapl/public/materialegislativa/2022/2087/brn3c2af4e2196e_0000065447.pdf", "ementa": "Modifica o artigo 1\u00ba da Lei Municipal n\u00ba 2.422 de 15 de janeiro de 2014."}, {"id": "2089", "ano": "2022", "numero": "5", "tipo__sigla": "PLL", "tipo__descricao": "Projeto de Lei do Legislativo", "autoria": "Josane Disner", "texto_original": "http://sapl.ivaipora.pr.leg.br/media/sapl/public/materialegislativa/2022/2089/brn3c2af4e2196e_0000065453.pdf", "ementa": "Projeto '' uma crian\u00e7a, Uma \u00c1rvore no \u00c2mbito do Munic\u00edpio de Ivaipor\u00e3."}, {"id": "2092", "ano": "2022", "numero": "6", "tipo__sigla": "PLL", "tipo__descricao": "Projeto de Lei do Legislativo", "autoria": "Nando Dorta", "texto_original": "http://sapl.ivaipora.pr.leg.br/media/sapl/public/materialegislativa/2022/2092/brn3c2af4e2196e_0000065460.pdf", "ementa": "Introduz altera\u00e7oes na lei 2.515 de 18 de setembro de 2014"}, {"id": "2107", "ano": "2022", "numero": "7", "tipo__sigla": "PLL", "tipo__descricao": "Projeto de Lei do Legislativo", "autoria": "Z\u00e9 Maria", "texto_original": "http://sapl.ivaipora.pr.leg.br/media/sapl/public/materialegislativa/2022/2107/brn3c2af4e2196e_0000065471.pdf", "ementa": "Ved A VACINA\u00c7\u00c3O COMPULS\u00d3RIA E A COBRAN\u00c7A DO PASSAPORTE."}, {"id": "2120", "ano": "2022", "numero": "8", "tipo__sigla": "PLL", "tipo__descricao": "Projeto de Lei do Legislativo", "autoria": "Gertrudes", "texto_original": "http://sapl.ivaipora.pr.leg.br/media/sapl/public/materialegislativa/2022/2120/brn3c2af4e2196e_0000065475.pdf", "ementa": "institui negocia\u00e7\u00e3o de d\u00e9bitos com concession\u00e1rias de energia el\u00e9trica e de agua, e da outras provi\u00eancias."}, {"id": "2122", "ano": "2022", "numero": "9", "tipo__sigla": "PLL", "tipo__descricao": "Projeto de Lei do Legislativo", "autoria": "Gertrudes", "texto_original": "http://sapl.ivaipora.pr.leg.br/media/sapl/public/materialegislativa/2022/2122/brn3c2af4e2196e_0000065483.pdf", "ementa": "Institui o projeto  Valoriza\u00e7\u00e3o da cultura Municipal."}, {"id": "2130", "ano": "2022", "numero": "10", "tipo__sigla": "PLL", "tipo__descricao": "Projeto de Lei do Legislativo", "autoria": "Gertrudes", "texto_original": "http://sapl.ivaipora.pr.leg.br/media/sapl/public/materialegislativa/2022/2130/brn3c2af4e2196e_0000065487.pdf", "ementa": "Institui a campanha Esporte nota 100."}, {"id": "2131", "ano": "2022", "numero": "11", "tipo__sigla": "PLL", "tipo__descricao": "Projeto de Lei do Legislativo", "autoria": "Vila Real", "texto_original": "http://sapl.ivaipora.pr.leg.br/media/sapl/public/materialegislativa/2022/2131/brn3c2af4e2196e_0000065495.pdf", "ementa": "Programa Lanche solid\u00e1rio"}, {"id": "2132", "ano": "2022", "numero": "12", "tipo__sigla": "PLL", "tipo__descricao": "Projeto de Lei do Legislativo", "autoria": "Carniato", "texto_original": "http://sapl.ivaipora.pr.leg.br/media/sapl/public/materialegislativa/2022/2132/01112023083010arquivo_projetodeleilegislativo_12-2022.pdf", "ementa": "ARQUIVADO PELO AUTOR EM 02/05/2022"}, {"id": "2133", "ano": "2022", "numero": "13", "tipo__sigla": "PLL", "tipo__descricao": "Projeto de Lei do Legislativo", "autoria": "Vila Real", "texto_original": "http://sapl.ivaipora.pr.leg.br/media/sapl/public/materialegislativa/2022/2133/01112023083843arquivo_projetodeleilegislativo_13-2022.pdf", "ementa": "Autoriza o Poder Executivo Municipal a utilizar cascalhamento em carreadores de acesso a propriedades rurais produtivas, e d\u00e1 outras provid\u00eancias.\r\nARQUIVADO"}, {"id": "2136", "ano": "2022", "numero": "14", "tipo__sigla": "PLL", "tipo__descricao": "Projeto de Lei do Legislativo", "autoria": "Gertrudes", "texto_original": "http://sapl.ivaipora.pr.leg.br/media/sapl/public/materialegislativa/2022/2136/01112023085931arquivo_projetodeleilegislativo_14-2022.pdf", "ementa": "Introduz altera\u00e7\u00f5es na Lei n\u00ba 3.572, de 26 de julho de 2021, e d\u00e1 outras provid\u00eancias."}, {"id": "2152", "ano": "2022", "numero": "16", "tipo__sigla": "PLL", "tipo__descricao": "Projeto de Lei do Legislativo", "autoria": "Gertrudes", "texto_original": "http://sapl.ivaipora.pr.leg.br/media/sapl/public/materialegislativa/2022/2152/01112023094943arquivo_projetodeleilegislativo_16-2022.pdf", "ementa": "Projeto de Lei n\u00ba 16/2022, do Legislativo. Autoria: Gertrudes Bernardy. S\u00famula: Reconhece a Uni\u00e3o de C\u00e2maras, Vereadores e Gestores P\u00fablicos do PARAN\u00c1 - UVEPAR, como entidade representativa da C\u00e2mara Municipal de Ivaipor\u00e3 e d\u00e1 outras provid\u00eancias. (Atrav\u00e9s da filia\u00e7\u00e3o, a C\u00e2mara Municipal, Parlamentares e demais agentes p\u00fablicos passar\u00e3o a contar com um pacote exclusivo de benef\u00edcios)."}, {"id": "2160", "ano": "2022", "numero": "17", "tipo__sigla": "PLL", "tipo__descricao": "Projeto de Lei do Legislativo", "autoria": "", "texto_original": "http://sapl.ivaipora.pr.leg.br/media/", "ementa": "Institui o M\u00eas \"Maio Amarelo\", como o m\u00eas de preven\u00e7\u00e3o de acidentes de tr\u00e2nsito no Munic\u00edpio de Ivaipor\u00e3."}, {"id": "2167", "ano": "2022", "numero": "18", "tipo__sigla": "PLL", "tipo__descricao": "Projeto de Lei do Legislativo", "autoria": "Gertrudes", "texto_original": "http://sapl.ivaipora.pr.leg.br/media/sapl/public/materialegislativa/2022/2167/01112023104617arquivo_projetodeleilegislativo_18-2022.pdf", "ementa": "Projeto de Lei n\u00ba 18/2022, do Legislativo. Autoria: Gertrudes Bernardy. S\u00famula: Institui o Agente Mirim de Combate \u00e0 Dengue no munic\u00edpio de Ivaipor\u00e3 e da outra providencias."}, {"id": "2172", "ano": "2022", "numero": "19", "tipo__sigla": "PLL", "tipo__descricao": "Projeto de Lei do Legislativo", "autoria": "Jaffer Ferreira", "texto_original": "http://sapl.ivaipora.pr.leg.br/media/sapl/public/materialegislativa/2022/2172/01112023111607arquivo_projetodeleilegislativo_19-2022.pdf", "ementa": "Institui a divulga\u00e7\u00e3o da listagem dos medicamentos dispon\u00edveis e em falta na rede p\u00fablica municipal de Sa\u00fade."}, {"id": "2178", "ano": "2022", "numero": "20", "tipo__sigla": "PLL", "tipo__descricao": "Projeto de Lei do Legislativo", "autoria": "Jaffer Ferreira", "texto_original": "http://sapl.ivaipora.pr.leg.br/media/sapl/public/materialegislativa/2022/2178/01112023132348arquivo_projetodeleilegislativo_20-2022.pdf", "ementa": "Institui a \u201cSemana de Conscientiza\u00e7\u00e3o, preven\u00e7\u00e3o e combate \u00e0 Sepse\u201d, no \u00e2mbito do Munic\u00edpio de Ivaipor\u00e3, e d\u00e1 outras provid\u00eancias. (A sepse \u00e9 um conjunto de manifesta\u00e7\u00f5es graves em todo o organismo produzidas por uma infec\u00e7\u00e3o, a qual era conhecida antigamente como septicemia ou infec\u00e7\u00e3o no sangue)."}, {"id": "2180", "ano": "2022", "numero": "21", "tipo__sigla": "PLL", "tipo__descricao": "Projeto de Lei do Legislativo", "autoria": "Gertrudes", "texto_original": "http://sapl.ivaipora.pr.leg.br/media/sapl/public/materialegislativa/2022/2180/01112023132755arquivo_projetodeleilegislativo_21-2022.pdf", "ementa": "Institui o dia Municipal de Luta para a Redu\u00e7\u00e3o da Mortalidade Materna no Munic\u00edpio de Ivaipor\u00e3 e d\u00e1 outras provid\u00eancias."}, {"id": "2182", "ano": "2022", "numero": "22", "tipo__sigla": "PLL", "tipo__descricao": "Projeto de Lei do Legislativo", "autoria": "Gertrudes", "texto_original": "http://sapl.ivaipora.pr.leg.br/media/sapl/public/materialegislativa/2022/2182/01112023133328arquivo_projetodeleilegislativo_22-2022.pdf", "ementa": "Institui o Pr\u00eamio Mulheres Empreendedoras de Ivaipor\u00e3 no munic\u00edpio de Ivaipor\u00e3 e d\u00e1 outras provid\u00eancias."}, {"id": "2186", "ano": "2022", "numero": "23", "tipo__sigla": "PLL", "tipo__descricao": "Projeto de Lei do Legislativo", "autoria": "Gertrudes", "texto_original": "http://sapl.ivaipora.pr.leg.br/media/sapl/public/materialegislativa/2022/2186/01112023134345arquivo_projetodeleilegislativo_23-2022.pdf", "ementa": "Institui o dia Municipal de Luta pela Sa\u00fade da Mulher no Munic\u00edpio de Ivaipor\u00e3 e d\u00e1 outras provid\u00eancias.\r\nARQUIVADO"}, {"id": "2191", "ano": "2022", "numero": "24", "tipo__sigla": "PLL", "tipo__descricao": "Projeto de Lei do Legislativo", "autoria": "Fio Bertotti", "texto_original": "http://sapl.ivaipora.pr.leg.br/media/sapl/public/materialegislativa/2022/2191/01112023141507arquivo_projetodeleilegislativo_24-2022.pdf", "ementa": "Disp\u00f5e sobre treinamento em no\u00e7\u00f5es b\u00e1sicas de primeiros socorros, de professores e funcion\u00e1rios, dos Centros Municipais de Educa\u00e7\u00e3o Infantil (CMEI) e Escolas Municipais."}, {"id": "2195", "ano": "2022", "numero": "25", "tipo__sigla": "PLL", "tipo__descricao": "Projeto de Lei do Legislativo", "autoria": "Gertrudes, Carniato, Fio Bertotti, Jaffer Ferreira, Josane Disner, Nando Dorta, Sab\u00e3o - Edivaldo Montanheri, Vila Real, Z\u00e9 Maria", "texto_original": "http://sapl.ivaipora.pr.leg.br/media/sapl/public/materialegislativa/2022/2195/01112023143414arquivo_projetodeleilegislativo_25-2022.pdf", "ementa": "Institui o Programa de Educa\u00e7\u00e3o Ambiental das Escolas Municipais, e a Pol\u00edtica de Educa\u00e7\u00e3o Ambiental no Munic\u00edpio de Ivaipor\u00e3/PR, na forma estabelecida nesta Lei, e d\u00e1 outras provid\u00eancias. Autoria: todos os vereadores"}, {"id": "2202", "ano": "2022", "numero": "26", "tipo__sigla": "PLL", "tipo__descricao": "Projeto de Lei do Legislativo", "autoria": "Gertrudes", "texto_original": "http://sapl.ivaipora.pr.leg.br/media/sapl/public/materialegislativa/2022/2202/01112023144024arquivo_projetodeleilegislativo_26-2022.pdf", "ementa": "Introduz altera\u00e7\u00f5es na Lei Municipal n\u00ba 3.643/2022, que disp\u00f5e sobre a Lei Or\u00e7ament\u00e1ria Anual e d\u00e1 outras provid\u00eancias."}, {"id": "2206", "ano": "2022", "numero": "27", "tipo__sigla": "PLL", "tipo__descricao": "Projeto de Lei do Legislativo", "autoria": "Josane Disner", "texto_original": "http://sapl.ivaipora.pr.leg.br/media/sapl/public/materialegislativa/2022/2206/01112023144531arquivo_projetodeleilegislativo_27-2022.pdf", "ementa": "\"Institui Outubro como m\u00eas de Conscientiza\u00e7\u00e3o e Prote\u00e7\u00e3o dos Direitos dos Animais\" no Munic\u00edpio de Ivaipor\u00e3, Estado do Paran\u00e1, e d\u00e1 outras provid\u00eancias."}, {"id": "2208", "ano": "2022", "numero": "28", "tipo__sigla": "PLL", "tipo__descricao": "Projeto de Lei do Legislativo", "autoria": "Josane Disner", "texto_original": "http://sapl.ivaipora.pr.leg.br/media/sapl/public/materialegislativa/2022/2208/01112023144748arquivo_projetodeleilegislativo_28-2022.pdf", "ementa": "Institui a Campanha do Agasalho \"Vamos aquecer um Cora\u00e7\u00e3o Ivaipor\u00e3ense\", no Munic\u00edpio de Ivaipor\u00e3, Estado do Paran\u00e1, e d\u00e1 outras provid\u00eancias."}, {"id": "2212", "ano": "2022", "numero": "29", "tipo__sigla": "PLL", "tipo__descricao": "Projeto de Lei do Legislativo", "autoria": "Gertrudes, Carniato, Fio Bertotti, Jaffer Ferreira, Sab\u00e3o - Edivaldo Montanheri, Vila Real, Z\u00e9 Maria", "texto_original": "http://sapl.ivaipora.pr.leg.br/media/sapl/public/materialegislativa/2022/2212/01112023145009arquivo_projetodeleilegislativo_29-2022.pdf", "ementa": "Introduz altera\u00e7\u00f5es na Lei n\u00ba 2.114/2012, que fixa valores de di\u00e1rias pagas aos membros do Poder Legislativo do Munic\u00edpio de Ivaipor\u00e3 e d\u00e1 outras provid\u00eancias."}, {"id": "2217", "ano": "2022", "numero": "30", "tipo__sigla": "PLL", "tipo__descricao": "Projeto de Lei do Legislativo", "autoria": "Josane Disner", "texto_original": "http://sapl.ivaipora.pr.leg.br/media/sapl/public/materialegislativa/2022/2217/01112023145613arquivo_projetodeleilegislativo_30-2022.pdf", "ementa": "Institui a semana municipal da sa\u00fade mental, no \u00e2mbito do Munic\u00edpio de Ivaipor\u00e3, Estado do Paran\u00e1 e d\u00e1 outras provid\u00eancias."}, {"id": "2219", "ano": "2022", "numero": "31", "tipo__sigla": "PLL", "tipo__descricao": "Projeto de Lei do Legislativo", "autoria": "Josane Disner, Carniato", "texto_original": "http://sapl.ivaipora.pr.leg.br/media/sapl/public/materialegislativa/2022/2219/01112023150029arquivo_projetodeleilegislativo_31-2022.pdf", "ementa": "Institui o Programa Banco de Ra\u00e7\u00e3o do Munic\u00edpio de Ivaipor\u00e3, Estado do Paran\u00e1, e d\u00e1 outras provid\u00eancias."}, {"id": "2221", "ano": "2022", "numero": "32", "tipo__sigla": "PLL", "tipo__descricao": "Projeto de Lei do Legislativo", "autoria": "Carniato, Josane Disner", "texto_original": "http://sapl.ivaipora.pr.leg.br/media/sapl/public/materialegislativa/2022/2221/01112023150322arquivo_projetodeleilegislativo_32-2022.pdf", "ementa": "Fixa percentual m\u00ednimo de unidades dos programas habitacionais implantados em Ivaipor\u00e3, para mulheres v\u00edtimas de viol\u00eancia, e d\u00e1 outras provid\u00eancias."}, {"id": "2223", "ano": "2022", "numero": "33", "tipo__sigla": "PLL", "tipo__descricao": "Projeto de Lei do Legislativo", "autoria": "Gertrudes", "texto_original": "http://sapl.ivaipora.pr.leg.br/media/sapl/public/materialegislativa/2022/2223/01112023150537arquivo_projetodeleilegislativo_33-2022.pdf", "ementa": "Introduz altera\u00e7\u00f5es na Lei Municipal n\u00ba 3.575, de 26 de julho de 2021, modificando o nome do Roteiro Tur\u00edstico \u201cdas Santas Chagas de Cristo\u201d para \u201cCaminho Jesus das Santas Chagas\u201d."}, {"id": "2224", "ano": "2022", "numero": "34", "tipo__sigla": "PLL", "tipo__descricao": "Projeto de Lei do Legislativo", "autoria": "Nando Dorta", "texto_original": "http://sapl.ivaipora.pr.leg.br/media/sapl/public/materialegislativa/2022/2224/01112023150740arquivo_projetodeleilegislativo_34-2022.pdf", "ementa": "D\u00e1 a denomina\u00e7\u00e3o de \u201cJosias Ferreira da Silva\u201d ao Campo de futebol do Bairro Alto da Gl\u00f3ria, nesta cidade de Ivaipor\u00e3, Estado do Paran\u00e1."}, {"id": "2227", "ano": "2022", "numero": "35", "tipo__sigla": "PLL", "tipo__descricao": "Projeto de Lei do Legislativo", "autoria": "Gertrudes", "texto_original": "http://sapl.ivaipora.pr.leg.br/media/sapl/public/materialegislativa/2022/2227/01112023151028arquivo_projetodeleilegislativo_35-2022.pdf", "ementa": "Institui a Semana da Valoriza\u00e7\u00e3o da Fam\u00edlia na Rede Municipal de Ensino de Ivaipor\u00e3 e da outra providencias."}, {"id": "2298", "ano": "2022", "numero": "36", "tipo__sigla": "PLL", "tipo__descricao": "Projeto de Lei do Legislativo", "autoria": "Gertrudes", "texto_original": "http://sapl.ivaipora.pr.leg.br/media/sapl/public/materialegislativa/2022/2298/06112023101650arquivo_projetodeleilegislativo_36-2022.pdf", "ementa": "Institui os Jogos Escolares Municipais no munic\u00edpio de Ivaipor\u00e3 e da outra providencias."}, {"id": "2301", "ano": "2022", "numero": "37", "tipo__sigla": "PLL", "tipo__descricao": "Projeto de Lei do Legislativo", "autoria": "Gertrudes", "texto_original": "http://sapl.ivaipora.pr.leg.br/media/sapl/public/materialegislativa/2022/2301/06112023102055arquivo_projetodeleilegislativo_37-2022.pdf", "ementa": "Institui e inclui no Calend\u00e1rio do Munic\u00edpio de Ivaipor\u00e3 a \u201cSemana Municipal da Criatividade e Inova\u00e7\u00e3o\u201d, e d\u00e1 outras provid\u00eancias."}, {"id": "2305", "ano": "2022", "numero": "38", "tipo__sigla": "PLL", "tipo__descricao": "Projeto de Lei do Legislativo", "autoria": "Carniato", "texto_original": "http://sapl.ivaipora.pr.leg.br/media/sapl/public/materialegislativa/2022/2305/06112023102248arquivo_projetodeleilegislativo_38-2022.pdf", "ementa": "Disp\u00f5e sobre a institui\u00e7\u00e3o do Programa \"Incubadora Industrial\" no Munic\u00edpio de Ivaipor\u00e3, e d\u00e1 outras provid\u00eancias."}, {"id": "2308", "ano": "2022", "numero": "39", "tipo__sigla": "PLL", "tipo__descricao": "Projeto de Lei do Legislativo", "autoria": "Josane Disner, Nando Dorta", "texto_original": "http://sapl.ivaipora.pr.leg.br/media/", "ementa": "Institui o Banco Municipal de \u00d3rteses, Pr\u00f3teses e Aparelhos Locomotores para atendimento \u00e0s pessoas com defici\u00eancia e/ou mobilidade reduzida, do Munic\u00edpio de Ivaipor\u00e3, e d\u00e1 outras provid\u00eancias."}, {"id": "2310", "ano": "2022", "numero": "40", "tipo__sigla": "PLL", "tipo__descricao": "Projeto de Lei do Legislativo", "autoria": "Josane Disner", "texto_original": "http://sapl.ivaipora.pr.leg.br/media/sapl/public/materialegislativa/2022/2310/06112023102659arquivo_projetodeleilegislativo_40-2022.pdf", "ementa": "Institui o \u201cPrograma de Coopera\u00e7\u00e3o e C\u00f3digo Sinal Vermelho\u201d, com medida de enfrentamento e de preven\u00e7\u00e3o \u00e1 viol\u00eancia dom\u00e9stica e familiar, nos termos da Lei Federal n\u00ba 11.340, de 7 de agosto de 2006, e do Decreto Lei n\u00ba 2.848, de 7 de dezembro de 1940, do Munic\u00edpio de Ivaipor\u00e3 e d\u00e1 outras provid\u00eancias."}, {"id": "2312", "ano": "2022", "numero": "41", "tipo__sigla": "PLL", "tipo__descricao": "Projeto de Lei do Legislativo", "autoria": "Josane Disner", "texto_original": "http://sapl.ivaipora.pr.leg.br/media/sapl/public/materialegislativa/2022/2312/06112023102819arquivo_projetodeleilegislativo_41-2022.pdf", "ementa": "Autoriza o munic\u00edpio da instituir a prioridade no atendimento dos portadores de diabetes, do Munic\u00edpio de Ivaipor\u00e3 e d\u00e1 outras provid\u00eancias."}, {"id": "2313", "ano": "2022", "numero": "42", "tipo__sigla": "PLL", "tipo__descricao": "Projeto de Lei do Legislativo", "autoria": "Nando Dorta", "texto_original": "http://sapl.ivaipora.pr.leg.br/media/sapl/public/materialegislativa/2022/2313/06112023103009arquivo_projetodeleilegislativo_42-2022.pdf", "ementa": "D\u00e1 a denomina\u00e7\u00e3o de \"Sadi Marcondes Mendes\" a Pra\u00e7a do Distrito do Alto Por\u00e3, nesta cidade de Ivaipor\u00e3, Estado do Paran\u00e1."}, {"id": "2314", "ano": "2022", "numero": "43", "tipo__sigla": "PLL", "tipo__descricao": "Projeto de Lei do Legislativo", "autoria": "Jaffer Ferreira", "texto_original": "http://sapl.ivaipora.pr.leg.br/media/sapl/public/materialegislativa/2022/2314/06112023103209arquivo_projetodeleilegislativo_43-2022.pdf", "ementa": "Disp\u00f5e sobre a cria\u00e7\u00e3o do Programa Municipal de Conectividade para as escolas p\u00fablicas municipais de Ivaipor\u00e3 - PR."}, {"id": "2315", "ano": "2022", "numero": "44", "tipo__sigla": "PLL", "tipo__descricao": "Projeto de Lei do Legislativo", "autoria": "Fio Bertotti, Carniato, Gertrudes", "texto_original": "http://sapl.ivaipora.pr.leg.br/media/sapl/public/materialegislativa/2022/2315/06112023103352arquivo_projetodeleilegislativo_44-2022.pdf", "ementa": "D\u00e1 denomina\u00e7\u00e3o de \"Orlando Sanchez\" a Unidade B\u00e1sica de Sa\u00fade do Distrito do Alto Por\u00e3 em Ivaipor\u00e3, Estado do Paran\u00e1."}, {"id": "2317", "ano": "2022", "numero": "45", "tipo__sigla": "PLL", "tipo__descricao": "Projeto de Lei do Legislativo", "autoria": "Carniato, Fio Bertotti", "texto_original": "http://sapl.ivaipora.pr.leg.br/media/sapl/public/materialegislativa/2022/2317/06112023103641arquivo_projetodeleilegislativo_45-2022.pdf", "ementa": "Altera o nome da Rua \"B\", no Loteamento Florais do Paran\u00e1, neste Munic\u00edpio de Ivaipor\u00e3, Estado do Paran\u00e1."}, {"id": "2323", "ano": "2022", "numero": "46", "tipo__sigla": "PLL", "tipo__descricao": "Projeto de Lei do Legislativo", "autoria": "Gertrudes", "texto_original": "http://sapl.ivaipora.pr.leg.br/media/sapl/public/materialegislativa/2022/2323/06112023103914arquivo_projetodeleilegislativo_46-2022.pdf", "ementa": "D\u00e1 a denomina\u00e7\u00e3o de \"Professor Roberto Gallo\" \u00e0 Escola Municipal localizada na Avenida Espanha, Jardim Europa, lote (48-a-rem-rem-A)-rem em Ivaipor\u00e3, Estado do Paran\u00e1."}, {"id": "2326", "ano": "2022", "numero": "47", "tipo__sigla": "PLL", "tipo__descricao": "Projeto de Lei do Legislativo", "autoria": "Sab\u00e3o - Edivaldo Montanheri", "texto_original": "http://sapl.ivaipora.pr.leg.br/media/sapl/public/materialegislativa/2022/2326/06112023104120arquivo_projetodeleilegislativo_47-2022.pdf", "ementa": "D\u00e1 a denomina\u00e7\u00e3o de \"Iraci Fraga Matias\" a Unidade B\u00e1sica de Sa\u00fade da Vila Nova Por\u00e3, no Munic\u00edpio de Ivaipor\u00e3, Estado do Paran\u00e1.\r\nARQUIVADO PELO AUTOR"}, {"id": "2329", "ano": "2022", "numero": "48", "tipo__sigla": "PLL", "tipo__descricao": "Projeto de Lei do Legislativo", "autoria": "Gertrudes, Carniato, Fio Bertotti", "texto_original": "http://sapl.ivaipora.pr.leg.br/media/sapl/public/materialegislativa/2022/2329/06112023104428arquivo_projetodeleilegislativo_48-2022.pdf", "ementa": "D\u00e1 denomina\u00e7\u00e3o de \"Victor Augusto Dardani Moreira da Silva\" a Unidade B\u00e1sica de Sa\u00fade do Jardim Luiz XV, no Munic\u00edpio de Ivaipor\u00e3, Estado do Paran\u00e1."}, {"id": "2330", "ano": "2022", "numero": "49", "tipo__sigla": "PLL", "tipo__descricao": "Projeto de Lei do Legislativo", "autoria": "Nando Dorta, Josane Disner", "texto_original": "http://sapl.ivaipora.pr.leg.br/media/sapl/public/materialegislativa/2022/2330/06112023104618arquivo_projetodeleilegislativo_49-2022.pdf", "ementa": "Denomina as Ruas Projetadas \"A\", \"C\", \"D\" e \"E\", no Loteamento Industrial Florais do Paran\u00e1, e d\u00e1 outras provid\u00eancias."}, {"id": "2331", "ano": "2022", "numero": "50", "tipo__sigla": "PLL", "tipo__descricao": "Projeto de Lei do Legislativo", "autoria": "Nando Dorta, Josane Disner", "texto_original": "http://sapl.ivaipora.pr.leg.br/media/sapl/public/materialegislativa/2022/2331/06112023104841arquivo_projetodeleilegislativo_50-2022.pdf", "ementa": "Denomina a Rua Projetada \"A\", no Conjunto Habitacional Waldomiro Bleis Guergoletti, e d\u00e1 outras provid\u00eancias."}, {"id": "2332", "ano": "2022", "numero": "51", "tipo__sigla": "PLL", "tipo__descricao": "Projeto de Lei do Legislativo", "autoria": "Josane Disner", "texto_original": "http://sapl.ivaipora.pr.leg.br/media/sapl/public/materialegislativa/2022/2332/06112023105201arquivo_projetodeleilegislativo_51-2022.pdf", "ementa": "Institui o Dia Municipal de Combate \u00e0 Dengue e outras Endemias, no Munic\u00edpio de Ivaipor\u00e3, Estado do Paran\u00e1, e d\u00e1 outras provid\u00eancias."}, {"id": "2333", "ano": "2022", "numero": "52", "tipo__sigla": "PLL", "tipo__descricao": "Projeto de Lei do Legislativo", "autoria": "Nando Dorta", "texto_original": "http://sapl.ivaipora.pr.leg.br/media/sapl/public/materialegislativa/2022/2333/06112023105350arquivo_projetodeleilegislativo_52-2022.pdf", "ementa": "Denomina o Ambulat\u00f3rio M\u00e9dico de Especialidades de Ivaipor\u00e3-PR, como Dr. Marcos Gevert, e d\u00e1 outras provid\u00eancias."}, {"id": "2334", "ano": "2022", "numero": "53", "tipo__sigla": "PLL", "tipo__descricao": "Projeto de Lei do Legislativo", "autoria": "Nando Dorta", "texto_original": "http://sapl.ivaipora.pr.leg.br/media/sapl/public/materialegislativa/2022/2334/06112023105542arquivo_projetodeleilegislativo_53-2022.pdf", "ementa": "Denomina a Casa da Mem\u00f3ria de Ivaipor\u00e3 -PR, como Josefa Aparecida Pacheco, e d\u00e1 outras provid\u00eancias.\r\nRETIRADO PELO AUTOR EM 19/12/2022"}, {"id": "2337", "ano": "2022", "numero": "54", "tipo__sigla": "PLL", "tipo__descricao": "Projeto de Lei do Legislativo", "autoria": "Z\u00e9 Maria", "texto_original": "http://sapl.ivaipora.pr.leg.br/media/sapl/public/materialegislativa/2022/2337/06112023105806arquivo_projetodeleilegislativo_54-2022.pdf", "ementa": "Altera o nome da Pra\u00e7a FRAN\u00c7A, no Bairro Jardim Europa, neste Munic\u00edpio de Ivaipor\u00e3, Estado do Paran\u00e1. (Pra\u00e7a Adel Celestino Carneiro)"}, {"id": "2340", "ano": "2022", "numero": "55", "tipo__sigla": "PLL", "tipo__descricao": "Projeto de Lei do Legislativo", "autoria": "Nando Dorta", "texto_original": "http://sapl.ivaipora.pr.leg.br/media/sapl/public/materialegislativa/2022/2340/06112023110755arquivo_projetodeleilegislativo_55-2022.pdf", "ementa": "Denomina a Rua Projetada \u201cA\u201d, no Jardim Pires, e d\u00e1 outras provid\u00eancias. (Rua Jos\u00e9 Maria Faustino)"}, {"id": "2341", "ano": "2022", "numero": "56", "tipo__sigla": "PLL", "tipo__descricao": "Projeto de Lei do Legislativo", "autoria": "Gertrudes, Carniato, Fio Bertotti, Jaffer Ferreira, Josane Disner, Nando Dorta, Sab\u00e3o - Edivaldo Montanheri, Vila Real, Z\u00e9 Maria", "texto_original": "http://sapl.ivaipora.pr.leg.br/media/sapl/public/materialegislativa/2022/2341/06112023110955arquivo_projetodeleilegislativo_56-2022.pdf", "ementa": "D\u00e1 denomina\u00e7\u00e3o de \u201cPra\u00e7a Fran\u00e7a\u201d a Pra\u00e7a situada na Avenida Souza Naves, n\u00fam. 615, Centro, em Ivaipor\u00e3, Estado do Paran\u00e1."}, {"id": "2344", "ano": "2022", "numero": "57", "tipo__sigla": "PLL", "tipo__descricao": "Projeto de Lei do Legislativo", "autoria": "Sab\u00e3o - Edivaldo Montanheri", "texto_original": "http://sapl.ivaipora.pr.leg.br/media/sapl/public/materialegislativa/2022/2344/06112023111327arquivo_projetodeleilegislativo_57-2022.pdf", "ementa": "Denomina a Rua Projetada \"F\", no Conjunto Habitacional Waldomiro Bleis Guergoletti, e d\u00e1 outras provid\u00eancias. (Rua Leopoldo Bernardy)"}, {"id": "2347", "ano": "2022", "numero": "58", "tipo__sigla": "PLL", "tipo__descricao": "Projeto de Lei do Legislativo", "autoria": "Gertrudes, Carniato, Fio Bertotti, Jaffer Ferreira, Josane Disner, Nando Dorta, Sab\u00e3o - Edivaldo Montanheri, Vila Real, Z\u00e9 Maria", "texto_original": "http://sapl.ivaipora.pr.leg.br/media/", "ementa": "Transfere a denomina\u00e7\u00e3o da \u201cPra\u00e7a Jos\u00e9 Pedro de Andrade\u201d para a \u201cPra\u00e7a Alemanha\u201d no Jardim Europa e faz adequa\u00e7\u00e3o da denomina\u00e7\u00e3o da \u201cPra\u00e7a Jos\u00e9 Pedro de Andrade\u201d para \u201cPra\u00e7a Jap\u00e3o\u201d situada nas conflu\u00eancias da Rua Arapongas com a Avenida Castelo Branco, Centro, em Ivaipor\u00e3, Estado do Paran\u00e1."}, {"id": "2351", "ano": "2022", "numero": "59", "tipo__sigla": "PLL", "tipo__descricao": "Projeto de Lei do Legislativo", "autoria": "Gertrudes", "texto_original": "http://sapl.ivaipora.pr.leg.br/media/sapl/public/materialegislativa/2022/2351/06112023112312arquivo_projetodeleilegislativo_59-2022.pdf", "ementa": "Da denomina\u00e7\u00e3o de \"Parque de Exposi\u00e7\u00f5es de Ivaipor\u00e3 - EXPOVALE\" \u00e0s fra\u00e7\u00f5es ideais desapropriadas do parque de exposi\u00e7\u00f5es situado no trevo de acesso para Ivaipor\u00e3, no encontro da PR-466 com a Rodovia Municipal Lazaro Bueno, em Ivaipor\u00e3, no Estado do Paran\u00e1.\r\nARQUIVADO  EM 01/12/2022"}, {"id": "2391", "ano": "2022", "numero": "60", "tipo__sigla": "PLL", "tipo__descricao": "Projeto de Lei do Legislativo", "autoria": "Gertrudes, Carniato, Fio Bertotti, Jaffer Ferreira, Josane Disner, Nando Dorta, Sab\u00e3o - Edivaldo Montanheri, Vila Real, Z\u00e9 Maria", "texto_original": "http://sapl.ivaipora.pr.leg.br/media/sapl/public/materialegislativa/2022/2391/06112023153529arquivo_projetodeleilegislativo_60-2022.pdf", "ementa": "Introduz altera\u00e7\u00f5es na Lei Municipal n\u00ba 3.643/2022, que disp\u00f5e sobre a Lei Or\u00e7ament\u00e1ria Anual e d\u00e1 outras provid\u00eancias."}, {"id": "2393", "ano": "2022", "numero": "61", "tipo__sigla": "PLL", "tipo__descricao": "Projeto de Lei do Legislativo", "autoria": "Gertrudes", "texto_original": "http://sapl.ivaipora.pr.leg.br/media/sapl/public/materialegislativa/2022/2393/06112023153915arquivo_projetodeleilegislativo_61-2022.pdf", "ementa": "Denomina de Rua Em\u00edlio Ganzert, em toda a extens\u00e3o, a via p\u00fablica que se inicia na Pra\u00e7a M\u00e1rio Moreira Bonfim e finda na Estrada Pedro Galeano, nesta cidade de Ivaipor\u00e3, Estado do Paran\u00e1, nos moldes do art. 61, XIII, \u2018a\u2019 da Lei Org\u00e2nica Municipal, e d\u00e1 outras provid\u00eancias."}, {"id": "2395", "ano": "2022", "numero": "62", "tipo__sigla": "PLL", "tipo__descricao": "Projeto de Lei do Legislativo", "autoria": "Gertrudes", "texto_original": "http://sapl.ivaipora.pr.leg.br/media/sapl/public/materialegislativa/2022/2395/06112023154055arquivo_projetodeleilegislativo_62-2022.pdf", "ementa": "Denomina de Rua Benedito Prado, em toda sua extens\u00e3o, a via p\u00fablica que se inicia na Avenida Maranh\u00e3o (entre as ch\u00e1caras-cidade 372-A e 406), passando pela estrada rural e findando na Rua Santo Ant\u00f4nio, no Jardim Ipor\u00e3, nesta cidade de Ivaipor\u00e3, Estado do Paran\u00e1, nos moldes do art. 61, XIII, \u2018a\u2019 da Lei Org\u00e2nica Municipal, e d\u00e1 outras provid\u00eancias"}, {"id": "4196", "ano": "2022", "numero": "63", "tipo__sigla": "PLL", "tipo__descricao": "Projeto de Lei do Legislativo", "autoria": "Josane Disner", "texto_original": "http://sapl.ivaipora.pr.leg.br/media/sapl/public/materialegislativa/2022/4196/pll_63_2022_josane_disner.pdf", "ementa": "Denomina o Condominio do Idoso de Ivaipor\u00e3-PR, como Carlos Pereira \"Carlito\", e da outras provid\u00eancias."}, {"id": "2398", "ano": "2022", "numero": "64", "tipo__sigla": "PLL", "tipo__descricao": "Projeto de Lei do Legislativo", "autoria": "Gertrudes, Josane Disner, Nando Dorta, Sab\u00e3o - Edivaldo Montanheri", "texto_original": "http://sapl.ivaipora.pr.leg.br/media/sapl/public/materialegislativa/2022/2398/06112023154419arquivo_projetodeleilegislativo_64-2022.pdf", "ementa": "Introduz altera\u00e7\u00f5es na Lei Municipal n\u00ba 2.515, de 18 de setembro de 2014, criando as fun\u00e7\u00f5es gratificadas de Gestor de Contrato e de Agente de Planejamento da Contrata\u00e7\u00e3o, e d\u00e1 outras provid\u00eancias."}, {"id": "2399", "ano": "2022", "numero": "65", "tipo__sigla": "PLL", "tipo__descricao": "Projeto de Lei do Legislativo", "autoria": "Josane Disner", "texto_original": "http://sapl.ivaipora.pr.leg.br/media/sapl/public/materialegislativa/2022/2399/06112023154624arquivo_projetodeleilegislativo_65-2022.pdf", "ementa": "Institui a Campanha \u201cEsporte Nota 100\u201d, no Munic\u00edpio de Ivaipor\u00e3 e d\u00e1 outras provid\u00eancias.\r\nARQUIVADO PELA AUTORA."}, {"id": "2400", "ano": "2022", "numero": "66", "tipo__sigla": "PLL", "tipo__descricao": "Projeto de Lei do Legislativo", "autoria": "Gertrudes, Carniato, Fio Bertotti, Jaffer Ferreira, Josane Disner, Nando Dorta, Sab\u00e3o - Edivaldo Montanheri, Vila Real, Z\u00e9 Maria", "texto_original": "http://sapl.ivaipora.pr.leg.br/media/sapl/public/materialegislativa/2022/2400/06112023154925arquivo_projetodeleilegislativo_66-2022.pdf", "ementa": "Fixa o Subs\u00eddio dos Vereadores e Presidente do Poder Legislativo do Munic\u00edpio de Ivaipor\u00e3, para o per\u00edodo da Legislatura de 2025 a 2028 e d\u00e1 outras provid\u00eancias."}, {"id": "2405", "ano": "2022", "numero": "67", "tipo__sigla": "PLL", "tipo__descricao": "Projeto de Lei do Legislativo", "autoria": "Gertrudes", "texto_original": "http://sapl.ivaipora.pr.leg.br/media/sapl/public/materialegislativa/2022/2405/06112023155604arquivo_projetodeleilegislativo_67-2022.pdf", "ementa": "Fixa os subs\u00eddios do Prefeito, do Vice-Prefeito, do Procurador Geral do Munic\u00edpio e dos Diretores Municipais do Poder Executivo de Ivaipor\u00e3 para o per\u00edodo da Legislatura de 2025 a 2028 e d\u00e1 outras provid\u00eancias."}, {"id": "2410", "ano": "2022", "numero": "68", "tipo__sigla": "PLL", "tipo__descricao": "Projeto de Lei do Legislativo", "autoria": "Gertrudes", "texto_original": "http://sapl.ivaipora.pr.leg.br/media/sapl/public/materialegislativa/2022/2410/06112023160758arquivo_projetodeleilegislativo_68-2022.pdf", "ementa": "Institui direitos sociais aos agentes pol\u00edticos municipais, e d\u00e1 outras provid\u00eancias."}, {"id": "7753", "ano": "2022", "numero": "2", "tipo__sigla": "PDL", "tipo__descricao": "Projeto de Decreto Legislativo", "autoria": "Gertrudes", "texto_original": "http://sapl.ivaipora.pr.leg.br/media/sapl/public/materialegislativa/2022/7753/projeto_de_decreto_02.pdf", "ementa": "Concede T\u00edtulos de Cidad\u00e3o Honor\u00e1rio de Ivaipor\u00e3, Estado do Paran\u00e1, ao Senhor ADEMAR LUIZ TRAIANO e d\u00e1 outras provid\u00eancias."}, {"id": "7752", "ano": "2022", "numero": "3", "tipo__sigla": "PDL", "tipo__descricao": "Projeto de Decreto Legislativo", "autoria": "Gertrudes", "texto_original": "http://sapl.ivaipora.pr.leg.br/media/sapl/public/materialegislativa/2022/7752/projeto_de_decreto_03.pdf", "ementa": "Concede o T\u00edtulo de Cidad\u00e3o Honor\u00e1rio de Ivaipor\u00e3, Estado do Paran\u00e1, ao Senhor Odacir Ant\u00f4nio Zanatta."}, {"id": "7751", "ano": "2022", "numero": "4", "tipo__sigla": "PDL", "tipo__descricao": "Projeto de Decreto Legislativo", "autoria": "Gertrudes", "texto_original": "http://sapl.ivaipora.pr.leg.br/media/sapl/public/materialegislativa/2022/7751/projeto_de_decreto_04.pdf", "ementa": "Concede T\u00edtulo de Cidad\u00e3o Benem\u00e9rito de Ivaipor\u00e3, Estado do Paran\u00e1, ao S\u00e9rgio de Souza."}, {"id": "7750", "ano": "2022", "numero": "5", "tipo__sigla": "PDL", "tipo__descricao": "Projeto de Decreto Legislativo", "autoria": "Vila Real", "texto_original": "http://sapl.ivaipora.pr.leg.br/media/sapl/public/materialegislativa/2022/7750/projeto_de_decreto_05.pdf", "ementa": "Concede T\u00edtulo de Cidad\u00e3o Honor\u00e1rio de Ivaipor\u00e3, Estado do Paran\u00e1 ao Senhor NOBERTO ANACLETO ORTIGARA e d\u00e1 outras provid\u00eancias."}, {"id": "7749", "ano": "2022", "numero": "6", "tipo__sigla": "PDL", "tipo__descricao": "Projeto de Decreto Legislativo", "autoria": "Gertrudes", "texto_original": "http://sapl.ivaipora.pr.leg.br/media/sapl/public/materialegislativa/2022/7749/projeto_de_decreto_06.pdf", "ementa": "Referenda a doa\u00e7\u00e3o de m\u00f3veis ao Poder Executivo Municipal, e d\u00e1 outras provid\u00eancias."}, {"id": "7748", "ano": "2022", "numero": "7", "tipo__sigla": "PDL", "tipo__descricao": "Projeto de Decreto Legislativo", "autoria": "Gertrudes, Josane Disner, Nando Dorta, Sab\u00e3o - Edivaldo Montanheri", "texto_original": "http://sapl.ivaipora.pr.leg.br/media/sapl/public/materialegislativa/2022/7748/projeto_de_decreto_07.pdf", "ementa": "Autoriza a concess\u00e3o de licen\u00e7a ao Prefeito Municipal, Sr. Luiz Carlos Gil e d\u00e1 outras provid\u00eancias."}, {"id": "7745", "ano": "2022", "numero": "8", "tipo__sigla": "PDL", "tipo__descricao": "Projeto de Decreto Legislativo", "autoria": "Carniato, Fio Bertotti, Gertrudes, Jaffer Ferreira, Josane Disner, Nando Dorta, Sab\u00e3o - Edivaldo Montanheri, Vila Real, Z\u00e9 Maria", "texto_original": "http://sapl.ivaipora.pr.leg.br/media/sapl/public/materialegislativa/2022/7745/projeto_de_decreto_08.pdf", "ementa": "Referenda autoriza\u00e7\u00e3o ao Munic\u00edpio de Ivaipor\u00e3, Estado do Paran\u00e1, para a realiza\u00e7\u00e3o de Concurso P\u00fablico, e d\u00e1 outras provid\u00eancias."}, {"id": "7736", "ano": "2022", "numero": "9", "tipo__sigla": "PDL", "tipo__descricao": "Projeto de Decreto Legislativo", "autoria": "Carniato, Fio Bertotti, Jaffer Ferreira", "texto_original": "http://sapl.ivaipora.pr.leg.br/media/sapl/public/materialegislativa/2022/7736/projeto_de_decreto_09.pdf", "ementa": "Disp\u00f5e sobre as Presta\u00e7\u00e3o de Contas do Poder Executivo do Munic\u00edpio de Ivaipor\u00e3, Estado do Paran\u00e1, referente ao exerc\u00edcio financeiro do ano de 2019."}, {"id": "7735", "ano": "2022", "numero": "10", "tipo__sigla": "PDL", "tipo__descricao": "Projeto de Decreto Legislativo", "autoria": "Nando Dorta", "texto_original": "http://sapl.ivaipora.pr.leg.br/media/sapl/public/materialegislativa/2022/7735/projeto_de_decreto_10.pdf", "ementa": "Concede o T\u00edtulo de Cidad\u00e3o Honor\u00e1rio de Ivaipor\u00e3, Estado do Paran\u00e1 ao Senhor EDSON AIRES DA SILVA e d\u00e1 outras provid\u00eancias."}, {"id": "7734", "ano": "2022", "numero": "11", "tipo__sigla": "PDL", "tipo__descricao": "Projeto de Decreto Legislativo", "autoria": "Sab\u00e3o - Edivaldo Montanheri", "texto_original": "http://sapl.ivaipora.pr.leg.br/media/sapl/public/materialegislativa/2022/7734/projeto_de_decreto_11.pdf", "ementa": "Concede T\u00edtulo de Cidad\u00e3o Honor\u00e1rio de Ivaipor\u00e3, Estado do Paran\u00e1 ao Senhor Carlos Alberto Gebrim Preto ( Beto Preto) e d\u00e1 outras provid\u00eancias."}, {"id": "7733", "ano": "2022", "numero": "12", "tipo__sigla": "PDL", "tipo__descricao": "Projeto de Decreto Legislativo", "autoria": "Gertrudes, Josane Disner, Nando Dorta, Sab\u00e3o - Edivaldo Montanheri", "texto_original": "http://sapl.ivaipora.pr.leg.br/media/sapl/public/materialegislativa/2022/7733/projeto_de_decreto_12.pdf", "ementa": "Autoriza a concess\u00e3o de licen\u00e7a ao Prefeito Municipal, Sr. Luiz Carlos Gil, e d\u00e1 outras provid\u00eancias."}, {"id": "3315", "ano": "2022", "numero": "1", "tipo__sigla": "PRE", "tipo__descricao": "Projeto de Resolu\u00e7\u00e3o", "autoria": "Mesa Diretiva - MD", "texto_original": "http://sapl.ivaipora.pr.leg.br/media/sapl/public/materialegislativa/2022/3315/pr_1_2022.pdf", "ementa": "Disp\u00f5e sobre o Instrumento da Programa\u00e7\u00e3o Financeira e cronograma mensal da despesa para o Legislativo Municipal referente ao exerc\u00edcio financeiro de 2022."}, {"id": "3314", "ano": "2022", "numero": "2", "tipo__sigla": "PRE", "tipo__descricao": "Projeto de Resolu\u00e7\u00e3o", "autoria": "Mesa Diretiva - MD", "texto_original": "http://sapl.ivaipora.pr.leg.br/media/sapl/public/materialegislativa/2022/3314/pr_2_2022.pdf", "ementa": "Ficam os senhores Presidente, Vereadores e Funcion\u00e1rios deste Poder Legislativo com direito a receberem di\u00e1rias constantes da Lei n\u00ba 2.114/2012, a partir do dia 1\u00ba de fevereiro de 2022 \u00e0 31 de dezembro de 2022."}, {"id": "3313", "ano": "2022", "numero": "3", "tipo__sigla": "PRE", "tipo__descricao": "Projeto de Resolu\u00e7\u00e3o", "autoria": "Mesa Diretiva - MD", "texto_original": "http://sapl.ivaipora.pr.leg.br/media/sapl/public/materialegislativa/2022/3313/pr_3_2022.pdf", "ementa": "Disp\u00f5e sobre o procedimento administrativo para a realiza\u00e7\u00e3o de pesquisa de pre\u00e7os para a aquisi\u00e7\u00e3o de bens e contrata\u00e7\u00e3o de servi\u00e7os em geral, no \u00e2mbito do Poder Legislativo de Ivaipor\u00e3, Estado do Paran\u00e1."}, {"id": "3304", "ano": "2022", "numero": "4", "tipo__sigla": "PRE", "tipo__descricao": "Projeto de Resolu\u00e7\u00e3o", "autoria": "Mesa Diretiva - MD", "texto_original": "http://sapl.ivaipora.pr.leg.br/media/sapl/public/materialegislativa/2022/3304/pr_4_2022.pdf", "ementa": "Disp\u00f5e sobre a filia\u00e7\u00e3o da C\u00e2mara Municipal de Ivaipor\u00e3, \u00e0 Uni\u00e3o de C\u00e2maras, Vereadores e Gestores P\u00fablicos do Paran\u00e1 - UVEPAR."}, {"id": "3302", "ano": "2022", "numero": "5", "tipo__sigla": "PRE", "tipo__descricao": "Projeto de Resolu\u00e7\u00e3o", "autoria": "Mesa Diretiva - MD", "texto_original": "http://sapl.ivaipora.pr.leg.br/media/sapl/public/materialegislativa/2022/3302/pr_5_2022.pdf", "ementa": "Introduz altera\u00e7\u00f5es na Resolu\u00e7\u00e3o n\u00ba 6/2015, que institui o Plano de Cargos, Carreiras e Sal\u00e1rios dos Servidores da C\u00e2mara do Munic\u00edpio de Ivaipor\u00e3, Estado do Paran\u00e1."}, {"id": "3301", "ano": "2022", "numero": "6", "tipo__sigla": "PRE", "tipo__descricao": "Projeto de Resolu\u00e7\u00e3o", "autoria": "Gertrudes, Carniato, Fio Bertotti, Jaffer Ferreira, Josane Disner, Nando Dorta, Sab\u00e3o - Edivaldo Montanheri, Vila Real, Z\u00e9 Maria", "texto_original": "http://sapl.ivaipora.pr.leg.br/media/sapl/public/materialegislativa/2022/3301/pr_6_2022.pdf", "ementa": "S\u00famula: Introduz altera\u00e7\u00f5es na Resolu\u00e7\u00e3o n\u00ba 5/2007, que estabelece o Regimento Interno da C\u00e2mara Municipal de Ivaipor\u00e3, Estado do Paran\u00e1.\r\nEmenta: Objetiva a puni\u00e7\u00e3o pecuni\u00e1ria ao vereador membro da Comiss\u00e3o Permanente, ao ultrapassar o n\u00famero m\u00e1ximo de faltas designadas pelo Regimento Interno desta Casa de Leis e a toler\u00e2ncia para eventual atraso do Vereador."}, {"id": "3300", "ano": "2022", "numero": "7", "tipo__sigla": "PRE", "tipo__descricao": "Projeto de Resolu\u00e7\u00e3o", "autoria": "Mesa Diretiva - MD", "texto_original": "http://sapl.ivaipora.pr.leg.br/media/sapl/public/materialegislativa/2022/3300/pr_7_2022.pdf", "ementa": "Disp\u00f5e sobre as etapas do planejamento da contrata\u00e7\u00e3o para aquisi\u00e7\u00e3o de bens e contrata\u00e7\u00f5es de servi\u00e7os sob o regime de execu\u00e7\u00e3o indireta, no \u00e2mbito do Poder Legislativo de Ivaipor\u00e3, Estado do Paran\u00e1."}, {"id": "3299", "ano": "2022", "numero": "8", "tipo__sigla": "PRE", "tipo__descricao": "Projeto de Resolu\u00e7\u00e3o", "autoria": "Gabinete da Presid\u00eancia - GP", "texto_original": "http://sapl.ivaipora.pr.leg.br/media/sapl/public/materialegislativa/2022/3299/pr_8_2022.pdf", "ementa": "Abre um Cr\u00e9dito Adicional Especial no valor de R$ 10.000,00 (Dez Mil Reais), destinados a atender dota\u00e7\u00f5es constantes no or\u00e7amento programa da C\u00e2mara Municipal de Ivaipor\u00e3."}, {"id": "8904", "ano": "2022", "numero": "1", "tipo__sigla": "EA", "tipo__descricao": "Emenda Aditiva", "autoria": "Jaffer Ferreira", "texto_original": "http://sapl.ivaipora.pr.leg.br/media/sapl/public/materialegislativa/2022/8904/indicacao_198-2022.pdf", "ementa": "INDICAR ao Senhor Prefeito Municipal, que por meio do departamento competente, a extens\u00e3o do quebra mola na Rua Mangueira em frente ao bar do bugio, o quebra mola n\u00e3o se estende por toda rua, sendo assim os motorista est\u00e3o desviando. Estudar uma maneira que os motoristas n\u00e3o possam desviar. foto em anexo."}, {"id": "3303", "ano": "2022", "numero": "3", "tipo__sigla": "EAG", "tipo__descricao": "Emenda Aglutinativa", "autoria": "Comiss\u00f5es Permanentes - CP", "texto_original": "http://sapl.ivaipora.pr.leg.br/media/sapl/public/materialegislativa/2022/3303/pr_5_2022_ea_3_2022.pdf", "ementa": "Modifica dispositivos do Projeto de Lei n\u00ba 5/2022 do Poder Legislativo, para fins de adequa\u00e7\u00e3o da norma legislativa."}, {"id": "2129", "ano": "2022", "numero": "2", "tipo__sigla": "EM", "tipo__descricao": "Emenda Modificativa", "autoria": "Sab\u00e3o - Edivaldo Montanheri, Carniato, Z\u00e9 Maria", "texto_original": "http://sapl.ivaipora.pr.leg.br/media/sapl/public/materialegislativa/2022/2129/brn3c2af4e2196e_0000065485.pdf", "ementa": "proposta de emenda modificativa n\u00ba 02/2022 ao projeto 09/2022"}, {"id": "2114", "ano": "2022", "numero": "1", "tipo__sigla": "ES", "tipo__descricao": "Emenda Substitutiva", "autoria": "Z\u00e9 Maria, Carniato, Fio Bertotti, Vila Real", "texto_original": "http://sapl.ivaipora.pr.leg.br/media/", "ementa": "emenda substitutiva ao projeto  de lei 7/2022"}, {"id": "3236", "ano": "2022", "numero": "1", "tipo__sigla": "IND", "tipo__descricao": "Indica\u00e7\u00e3o", "autoria": "Sab\u00e3o - Edivaldo Montanheri", "texto_original": "http://sapl.ivaipora.pr.leg.br/media/", "ementa": "Indicando ao Senhor Prefeito Municipal, que por meio do Departamento competente para que realize uma melhoria nos meios fios e nas \u201cbocas de lobo\u201d na Avenida Maranh\u00e3o em toda sua extens\u00e3o onde se faz necess\u00e1rio, vez que, na referida Avenida os meios fios e as bocas de lobo se encontram bem danificados ou at\u00e9 mesmo com aus\u00eancia da tampa de prote\u00e7\u00e3o."}, {"id": "3238", "ano": "2022", "numero": "2", "tipo__sigla": "IND", "tipo__descricao": "Indica\u00e7\u00e3o", "autoria": "Fio Bertotti, Jaffer Ferreira", "texto_original": "http://sapl.ivaipora.pr.leg.br/media/sapl/public/materialegislativa/2022/3238/indicacao_2-2022_emerson_e_jaffer.pdf", "ementa": "Indicando ao Senhor Prefeito Municipal, que por meio do Departamento Competente, providencie a aquisi\u00e7\u00e3o de um Raio-X odontol\u00f3gico, para agilizar e melhorar o atendimento de pacientes que procuram o Centro Odontol\u00f3gico Municipal."}, {"id": "3240", "ano": "2022", "numero": "3", "tipo__sigla": "IND", "tipo__descricao": "Indica\u00e7\u00e3o", "autoria": "Fio Bertotti", "texto_original": "http://sapl.ivaipora.pr.leg.br/media/", "ementa": "Indicando ao Senhor Prefeito Municipal, que por meio do Departamento Competente, providencie melhorias de urbaniza\u00e7\u00e3o e a constru\u00e7\u00e3o de cal\u00e7adas e alargamento, da rua Tr\u00eas Marias que liga a vila Santa Terezinha ao Jardim Ipor\u00e3."}, {"id": "3241", "ano": "2022", "numero": "4", "tipo__sigla": "IND", "tipo__descricao": "Indica\u00e7\u00e3o", "autoria": "Fio Bertotti", "texto_original": "http://sapl.ivaipora.pr.leg.br/media/sapl/public/materialegislativa/2022/3241/indicacao_4-2022_emerson.pdf", "ementa": "Indicando ao Senhor Prefeito Municipal, que por meio do Departamento competente, providencie o recapeamento da rua Mangueira que d\u00e1 acesso a Vila Nova Por\u00e3, muitos buracos dificultando o tr\u00e1fego."}, {"id": "3242", "ano": "2022", "numero": "5", "tipo__sigla": "IND", "tipo__descricao": "Indica\u00e7\u00e3o", "autoria": "Fio Bertotti", "texto_original": "http://sapl.ivaipora.pr.leg.br/media/sapl/public/materialegislativa/2022/3242/indicacao_5-2022_emerson.pdf", "ementa": "Indicando ao Senhor Prefeito Municipal, que por meio do Departamento competente, providencie a coloca\u00e7\u00e3o de barras de prote\u00e7\u00e3o (Guard Rail) na ponte rec\u00e9m constru\u00edda no final da avenida Brasil, no Jardim Itaipu, evitando assim poss\u00edveis acidentes."}, {"id": "3243", "ano": "2022", "numero": "6", "tipo__sigla": "IND", "tipo__descricao": "Indica\u00e7\u00e3o", "autoria": "Fio Bertotti", "texto_original": "http://sapl.ivaipora.pr.leg.br/media/sapl/public/materialegislativa/2022/3243/indicacao_6-2022_emerson.pdf", "ementa": "Indicando ao Senhor Prefeito Municipal, que por meio do Departamento de competente, providencie a coloca\u00e7\u00e3o de um sem\u00e1foro no cruzamento da Avenida Castelo Branco com a Rua Plac\u00eddio Miranda, local de muito movimento, onde j\u00e1 aconteceram v\u00e1rios acidentes."}, {"id": "3244", "ano": "2022", "numero": "7", "tipo__sigla": "IND", "tipo__descricao": "Indica\u00e7\u00e3o", "autoria": "Jaffer Ferreira, Josane Disner, Nando Dorta, Sab\u00e3o - Edivaldo Montanheri, Vila Real, Z\u00e9 Maria", "texto_original": "http://sapl.ivaipora.pr.leg.br/media/sapl/public/materialegislativa/2022/3244/indicacao_7-2022_nando_e_outros.pdf", "ementa": "Indicando ao Senhor Prefeito Municipal, que por meio do Departamento de competente, providencie pavimenta\u00e7\u00e3o asf\u00e1ltica na Rua IBC na Vila Nova Por\u00e3."}, {"id": "3245", "ano": "2022", "numero": "8", "tipo__sigla": "IND", "tipo__descricao": "Indica\u00e7\u00e3o", "autoria": "Jaffer Ferreira", "texto_original": "http://sapl.ivaipora.pr.leg.br/media/sapl/public/materialegislativa/2022/3245/indicacao_8-2022_jaffer.pdf", "ementa": "Indicando ao Senhor Prefeito Municipal, que por meio do Departamento competente, providencie a coloca\u00e7\u00e3o de placas com os nomes das ruas e avenidas, facilitando o trabalho de entregadores, motoristas e na atualiza\u00e7\u00e3o de aplicativos de mobilidade."}, {"id": "3246", "ano": "2022", "numero": "9", "tipo__sigla": "IND", "tipo__descricao": "Indica\u00e7\u00e3o", "autoria": "Jaffer Ferreira", "texto_original": "http://sapl.ivaipora.pr.leg.br/media/sapl/public/materialegislativa/2022/3246/indicacao9-2022_jaffer.pdf", "ementa": "Indicando ao Senhor Prefeito Municipal, que por meio do Departamento competente, providencie um estudo na Avenida Ladislao Gil Fernandes (na rotat\u00f3ria   pr\u00f3ximo ao Torno Iva\u00ed) e pr\u00f3ximo a pixel painel, analisando a viabilidade de implanta\u00e7\u00e3o de um sem\u00e1foro, e a pintura das faixas de pedestre."}, {"id": "3247", "ano": "2022", "numero": "10", "tipo__sigla": "IND", "tipo__descricao": "Indica\u00e7\u00e3o", "autoria": "Jaffer Ferreira", "texto_original": "http://sapl.ivaipora.pr.leg.br/media/sapl/public/materialegislativa/2022/3247/indicacao_10-2022_jaffer.pdf", "ementa": "Indicando ao Senhor Prefeito Municipal, que por meio do Departamento competente, providencie a reforma na quadra esportiva do distrito do Alto Por\u00e3."}, {"id": "3248", "ano": "2022", "numero": "11", "tipo__sigla": "IND", "tipo__descricao": "Indica\u00e7\u00e3o", "autoria": "Jaffer Ferreira", "texto_original": "http://sapl.ivaipora.pr.leg.br/media/sapl/public/materialegislativa/2022/3248/indicacao_11-2022_jaffer.pdf", "ementa": "Indicando ao Senhor Prefeito Municipal, que por meio do Departamento competente, realize um estudo para incentivos como doa\u00e7\u00e3o de terrenos para as ind\u00fastrias, fabricas para que possam instalar em Ivaipor\u00e3 e fomentar a gera\u00e7\u00e3o de empregos, al\u00e9m de apoiar no sentido da parte tribut\u00e1ria como isen\u00e7\u00e3o de alguns impostos municipais."}, {"id": "3687", "ano": "2022", "numero": "12", "tipo__sigla": "IND", "tipo__descricao": "Indica\u00e7\u00e3o", "autoria": "Sab\u00e3o - Edivaldo Montanheri", "texto_original": "http://sapl.ivaipora.pr.leg.br/media/sapl/public/materialegislativa/2022/3687/indicacao_12-2022_edivaldo.pdf", "ementa": "Indicando ao Senhor Prefeito Municipal, que por meio do Departamento de competente, providencie a coloca\u00e7\u00e3o de um sem\u00e1foro no cruzamento da Avenida Castelo Branco com a Rua Plac\u00eddio Miranda, local de muito movimento, onde j\u00e1 aconteceram v\u00e1rios acidentes."}, {"id": "3282", "ano": "2022", "numero": "18", "tipo__sigla": "IND", "tipo__descricao": "Indica\u00e7\u00e3o", "autoria": "Z\u00e9 Maria", "texto_original": "http://sapl.ivaipora.pr.leg.br/media/sapl/public/materialegislativa/2022/3282/indicacao_18-2022_jose_maria.pdf", "ementa": "Indicando ao Senhor Prefeito Municipal, que por meio do Departamento competente. Providencie limpeza na frete do col\u00e9gio e na \u00e1rea interno do Col\u00e9gio Leila Dinis pr\u00f3ximo ao Gin\u00e1sio de Esporte Sapecad\u00e3o onde se encontra com matos altos."}, {"id": "3283", "ano": "2022", "numero": "19", "tipo__sigla": "IND", "tipo__descricao": "Indica\u00e7\u00e3o", "autoria": "Z\u00e9 Maria", "texto_original": "http://sapl.ivaipora.pr.leg.br/media/sapl/public/materialegislativa/2022/3283/indicacao_19-2022_jose_maria.pdf", "ementa": "Indicando ao Senhor Prefeito Municipal, que por meio do Departamento competente, providencie a constru\u00e7\u00e3o de um redutor de velocidade na Avenida Maranh\u00e3o n\u00b0 1.620 perto da antiga Tape\u00e7aria Taborda."}, {"id": "3284", "ano": "2022", "numero": "20", "tipo__sigla": "IND", "tipo__descricao": "Indica\u00e7\u00e3o", "autoria": "Z\u00e9 Maria", "texto_original": "http://sapl.ivaipora.pr.leg.br/media/sapl/public/materialegislativa/2022/3284/indicacao_20-2022_jose_maria.pdf", "ementa": "Indicando ao Senhor Prefeito Municipal, que por meio do Departamento competente, providencie refazer o redutor de velocidade na Avenida Brasil em frente o Colch\u00f5es Nippon, pois o que existe se encontra muito baixo, tornando-se perigoso em raz\u00e3o da grande velocidade desenvolvida pelos ve\u00edculos na localidade, inclusive velocidades incompat\u00edveis no local."}, {"id": "3285", "ano": "2022", "numero": "22", "tipo__sigla": "IND", "tipo__descricao": "Indica\u00e7\u00e3o", "autoria": "Fio Bertotti", "texto_original": "http://sapl.ivaipora.pr.leg.br/media/sapl/public/materialegislativa/2022/3285/indicacao_22-2022_emerson.pdf", "ementa": "Indicando ao Senhor Prefeito Municipal, que por meio do Departamento Competente, providencie a coloca\u00e7\u00e3o de um sistema de monitoramento para melhorar a vigil\u00e2ncia no Cemit\u00e9rio Municipal, coibindo assim os furtos de objetos que vem acontecendo nos t\u00famulos."}, {"id": "3286", "ano": "2022", "numero": "23", "tipo__sigla": "IND", "tipo__descricao": "Indica\u00e7\u00e3o", "autoria": "Fio Bertotti", "texto_original": "http://sapl.ivaipora.pr.leg.br/media/sapl/public/materialegislativa/2022/3286/indicacao_23-2022_emerson.pdf", "ementa": "Indicando ao Senhor Prefeito Municipal, que por meio do Departamento Competente, providencie a reforma e manuten\u00e7\u00e3o do campo de futebol da Vila Santa Terezinha, com isso incentivando crian\u00e7as e jovens a pratica de esportes."}, {"id": "3578", "ano": "2022", "numero": "24", "tipo__sigla": "IND", "tipo__descricao": "Indica\u00e7\u00e3o", "autoria": "Fio Bertotti", "texto_original": "http://sapl.ivaipora.pr.leg.br/media/sapl/public/materialegislativa/2022/3578/indicacao_24-2022_emerson.pdf", "ementa": "Indicando ao Senhor Prefeito Municipal, que por meio do Departamento competente, providencie melhorias na cal\u00e7ada da Rua Alvorada pr\u00f3ximo ao muro do Cemit\u00e9rio, melhorando as condi\u00e7\u00f5es dos pedestres evitando que andem na rua."}, {"id": "3579", "ano": "2022", "numero": "25", "tipo__sigla": "IND", "tipo__descricao": "Indica\u00e7\u00e3o", "autoria": "Fio Bertotti", "texto_original": "http://sapl.ivaipora.pr.leg.br/media/sapl/public/materialegislativa/2022/3579/indicacao_25-2022_emerson.pdf", "ementa": "Indicando ao Senhor Prefeito Municipal, que por meio do Departamento competente, providencie a constru\u00e7\u00e3o de um M\u00f3dulo Policial no redondo da avenida Souza Naves em frente \u00e0 prefeitura, dando mais seguran\u00e7a aos visitantes da Torre Eiffel na Pra\u00e7a Fran\u00e7a, que \u00e9 um dos cart\u00f5es postais da nossa cidade."}, {"id": "3580", "ano": "2022", "numero": "26", "tipo__sigla": "IND", "tipo__descricao": "Indica\u00e7\u00e3o", "autoria": "Fio Bertotti", "texto_original": "http://sapl.ivaipora.pr.leg.br/media/sapl/public/materialegislativa/2022/3580/indicacao_26-2022_emerson_e_ze_maria.pdf", "ementa": "Indicando ao Senhor Prefeito Municipal, que por meio do Departamento de competente, providencie a abertura e continua\u00e7\u00e3o da Rua Orlando Buratto, para dar acesso ao Jardim Belo Horizonte, melhorando o acesso dos moradores ao centro da cidade."}, {"id": "3581", "ano": "2022", "numero": "29", "tipo__sigla": "IND", "tipo__descricao": "Indica\u00e7\u00e3o", "autoria": "Sandra Mara", "texto_original": "http://sapl.ivaipora.pr.leg.br/media/sapl/public/materialegislativa/2022/3581/indicacao_29-2022_sandra.pdf", "ementa": "Indicando ao Senhor Prefeito Municipal, que por meio do Departamento competente para que realize a reforma do Centro de Educa\u00e7\u00e3o Infantil (CMEI) localizado na Rua Mangueira, Vila Nova Por\u00e3."}, {"id": "3582", "ano": "2022", "numero": "32", "tipo__sigla": "IND", "tipo__descricao": "Indica\u00e7\u00e3o", "autoria": "Z\u00e9 Maria", "texto_original": "http://sapl.ivaipora.pr.leg.br/media/sapl/public/materialegislativa/2022/3582/indicacao_32-2022_jose_maria.pdf", "ementa": "Indicando ao Senhor Prefeito Municipal, que por meio do Departamento competente, providencie a constru\u00e7\u00e3o de uma passarela ou a implanta\u00e7\u00e3o de uma lombada eletr\u00f4nica na rodovia Ladislau Gil Fernandes, as margens da Escola Municipal Leila Diniz.\r\nA presente indica\u00e7\u00e3o se faz de grande urg\u00eancia, pois trata-se de uma Rodovia com grande fluxo de ve\u00edculos e maioria das crian\u00e7as que ali estudam precisam atravessar a autovia, correndo risco de sofrer acidentes."}, {"id": "3585", "ano": "2022", "numero": "34", "tipo__sigla": "IND", "tipo__descricao": "Indica\u00e7\u00e3o", "autoria": "Sandra Mara", "texto_original": "http://sapl.ivaipora.pr.leg.br/media/sapl/public/materialegislativa/2022/3585/indicacao_34-2022_sandra_mara.pdf", "ementa": "Indicando ao Senhor Prefeito Municipal, que por meio do Departamento competente providencie a pavimenta\u00e7\u00e3o poli\u00e9drica para a comunidade do Perob\u00e3o que vem sofrendo nos dias chuvosos."}, {"id": "3587", "ano": "2022", "numero": "35", "tipo__sigla": "IND", "tipo__descricao": "Indica\u00e7\u00e3o", "autoria": "Carniato", "texto_original": "http://sapl.ivaipora.pr.leg.br/media/sapl/public/materialegislativa/2022/3587/indicacao_35-2022_carniato.pdf", "ementa": "Indicando ao Senhor Prefeito Municipal, que por meio do Departamento competente, providencie a instala\u00e7\u00e3o de pontos de \u00f4nibus coberto na Avenida Ladislau Gil Fernandes, em frente a oficina krassouski."}, {"id": "3590", "ano": "2022", "numero": "36", "tipo__sigla": "IND", "tipo__descricao": "Indica\u00e7\u00e3o", "autoria": "Carniato", "texto_original": "http://sapl.ivaipora.pr.leg.br/media/sapl/public/materialegislativa/2022/3590/indicacao_36-2022__carniato.pdf", "ementa": "INDICAR ao Senhor Prefeito Municipal, que por meio do Departamento competente que institua projeto para adequa\u00e7\u00e3o das cal\u00e7adas de todas as cal\u00e7adas do munic\u00edpio, conforme disp\u00f5e a Lei Municipal n\u00ba 2696, de 23 de outubro de 2015, eliminando obst\u00e1culos que comprometam a circula\u00e7\u00e3o das pessoas, em especial dos PcD (Pessoa com Defici\u00eancia), idosos e gestantes."}, {"id": "3592", "ano": "2022", "numero": "37", "tipo__sigla": "IND", "tipo__descricao": "Indica\u00e7\u00e3o", "autoria": "Carniato", "texto_original": "http://sapl.ivaipora.pr.leg.br/media/sapl/public/materialegislativa/2022/3592/indicacao_37-2022_carniato.pdf", "ementa": "Indicando ao Senhor Prefeito Municipal, que por meio do Departamento competente, providencie academia ao ar livre nas localidades do Cruzeirinho e do Palmeirinha do Campo Novo."}, {"id": "3595", "ano": "2022", "numero": "38", "tipo__sigla": "IND", "tipo__descricao": "Indica\u00e7\u00e3o", "autoria": "Carniato", "texto_original": "http://sapl.ivaipora.pr.leg.br/media/sapl/public/materialegislativa/2022/3595/indicacao_38-2022_carniato.pdf", "ementa": "Indicando ao Senhor Prefeito Municipal, que por meio do Departamento competente providencie a instala\u00e7\u00e3o de sistema reten\u00e7\u00e3o de res\u00edduos nas Bocas de Lobo do per\u00edodo urbano."}, {"id": "3609", "ano": "2022", "numero": "39", "tipo__sigla": "IND", "tipo__descricao": "Indica\u00e7\u00e3o", "autoria": "Jaffer Ferreira", "texto_original": "http://sapl.ivaipora.pr.leg.br/media/sapl/public/materialegislativa/2022/3609/indicacao_39-2022_jaffer.pdf", "ementa": "Indicando ao Senhor Prefeito Municipal, que por meio do Departamento competente, providencie um redutor de velocidade na Rua - Plac\u00eddio Miranda pr\u00f3ximo a lanchonete do Nunes local com muito fluxos de ve\u00edculos."}, {"id": "3610", "ano": "2022", "numero": "40", "tipo__sigla": "IND", "tipo__descricao": "Indica\u00e7\u00e3o", "autoria": "Sandra Mara", "texto_original": "http://sapl.ivaipora.pr.leg.br/media/sapl/public/materialegislativa/2022/3610/indicacao_40-2022_sandra.pdf", "ementa": "Indicando ao Senhor Prefeito Municipal, que por meio do Departamento competente providencie a manuten\u00e7\u00e3o das ilumina\u00e7\u00f5es no parquinho da Vila Monte Castelo."}, {"id": "3612", "ano": "2022", "numero": "41", "tipo__sigla": "IND", "tipo__descricao": "Indica\u00e7\u00e3o", "autoria": "Jaffer Ferreira", "texto_original": "http://sapl.ivaipora.pr.leg.br/media/sapl/public/materialegislativa/2022/3612/indicacao_41-2022_jaffer.pdf", "ementa": "Indicando ao Senhor Prefeito Municipal, que por meio do Departamento competente, realize com periodicidade a limpeza e a dedetiza\u00e7\u00e3o das Escolas e nos CMEIS, para que as crian\u00e7as fiquem mais seguras."}, {"id": "3614", "ano": "2022", "numero": "42", "tipo__sigla": "IND", "tipo__descricao": "Indica\u00e7\u00e3o", "autoria": "Jaffer Ferreira", "texto_original": "http://sapl.ivaipora.pr.leg.br/media/sapl/public/materialegislativa/2022/3614/indicacao_42-2022_jaffer.pdf", "ementa": "Indicando ao Senhor Prefeito Municipal, que por meio do Departamento competente, providencie a manuten\u00e7\u00e3o na Rua Alvorada pr\u00f3ximo ao cemit\u00e9rio, a rua encontra-se com buracos fundos causando acidentes e com as bocas de lobo quebradas."}, {"id": "3616", "ano": "2022", "numero": "43", "tipo__sigla": "IND", "tipo__descricao": "Indica\u00e7\u00e3o", "autoria": "Jaffer Ferreira", "texto_original": "http://sapl.ivaipora.pr.leg.br/media/", "ementa": "Indicando ao Senhor Prefeito Municipal, que por meio do Departamento competente, providencie pedras irregulares na Rua Magno Felix da Silva no bairro Santa Maria."}, {"id": "3619", "ano": "2022", "numero": "44", "tipo__sigla": "IND", "tipo__descricao": "Indica\u00e7\u00e3o", "autoria": "Sandra Mara", "texto_original": "http://sapl.ivaipora.pr.leg.br/media/sapl/public/materialegislativa/2022/3619/indicacao_44-2022_sandra.pdf", "ementa": "Indicando ao Senhor Prefeito Municipal, que por meio do Departamento competente providencie faixas de pedestre no cruzamento da Rua Santa Catarina com a Rua Apar\u00edcio Bitencourt pr\u00f3ximo ao Bar do Z\u00e9."}, {"id": "3620", "ano": "2022", "numero": "45", "tipo__sigla": "IND", "tipo__descricao": "Indica\u00e7\u00e3o", "autoria": "Jaffer Ferreira", "texto_original": "http://sapl.ivaipora.pr.leg.br/media/sapl/public/materialegislativa/2022/3620/indicacao_45-2022_jaffer.pdf", "ementa": "Indicando ao Senhor Prefeito Municipal, que por meio do departamento competente, providencie a cobertura na entrada e no cruzeiro no Cemit\u00e9rio Municipal de Ivaipor\u00e3 e melhore a ilumina\u00e7\u00e3o na parte interna. \u00c9 importante tratarmos com respeito e carinho o local onde nossos parentes e amigos se encontram. Grande \u00e9 o n\u00famero de pessoas que v\u00e3o diariamente ao cemit\u00e9rio para matar saudade dos pais, filhos, av\u00f3s e mais parentes que ali se encontram. Portanto, a Administra\u00e7\u00e3o P\u00fablica tem o dever de cuidar das \u00e1reas do cemit\u00e9rio, realizando periodicamente a limpeza e manuten\u00e7\u00e3o do local."}, {"id": "3624", "ano": "2022", "numero": "46", "tipo__sigla": "IND", "tipo__descricao": "Indica\u00e7\u00e3o", "autoria": "Sandra Mara", "texto_original": "http://sapl.ivaipora.pr.leg.br/media/sapl/public/materialegislativa/2022/3624/indicacao_46-2022_sandra.pdf", "ementa": "Indicando ao Senhor Prefeito Municipal, que por meio do Departamento competente que providencie a pavimenta\u00e7\u00e3o asfalto da Rua Bem Te VI, localizada na Vila Nova Por\u00e3."}, {"id": "3642", "ano": "2022", "numero": "47", "tipo__sigla": "IND", "tipo__descricao": "Indica\u00e7\u00e3o", "autoria": "Nando Dorta", "texto_original": "http://sapl.ivaipora.pr.leg.br/media/sapl/public/materialegislativa/2022/3642/indicacao_47-2022_nando.pdf", "ementa": "Indicando ao Senhor Prefeito Municipal, que por meio do Departamento competente, providencie com urg\u00eancia uma ambul\u00e2ncia para atender a popula\u00e7\u00e3o do Distrito de Santa Barbara."}, {"id": "3688", "ano": "2022", "numero": "48", "tipo__sigla": "IND", "tipo__descricao": "Indica\u00e7\u00e3o", "autoria": "Jaffer Ferreira", "texto_original": "http://sapl.ivaipora.pr.leg.br/media/sapl/public/materialegislativa/2022/3688/indicacao_48-2022_jaffer.pdf", "ementa": "Indicando ao Senhor Prefeito Municipal, que por meio do Departamento competente para que providencie um redutor de velocidade na Rua Pires pr\u00f3ximo ao n\u00famero 209 na Vila Nova Por\u00e3."}, {"id": "3689", "ano": "2022", "numero": "49", "tipo__sigla": "IND", "tipo__descricao": "Indica\u00e7\u00e3o", "autoria": "Fio Bertotti, Z\u00e9 Maria", "texto_original": "http://sapl.ivaipora.pr.leg.br/media/sapl/public/materialegislativa/2022/3689/indicacao_49-2022_ze_maria_e_fio.pdf", "ementa": "Indicando ao Senhor Prefeito Municipal, que por meio do Departamento competente para que seja implantado um retorno na rodovia Ladislau Gil Fernandes defronte a Oficina Krassouski, sentido trevo principal."}, {"id": "3692", "ano": "2022", "numero": "51", "tipo__sigla": "IND", "tipo__descricao": "Indica\u00e7\u00e3o", "autoria": "Sandra Mara", "texto_original": "http://sapl.ivaipora.pr.leg.br/media/sapl/public/materialegislativa/2022/3692/indicacao_51-2022_sandra.pdf", "ementa": "Indicando ao Senhor Prefeito Municipal, que por meio do Departamento competente que providencie a instala\u00e7\u00e3o e contrata\u00e7\u00e3o de profissionais para equipes de Sa\u00fade Bucal nas UBS do munic\u00edpio para atender as pessoas de baixa renda"}, {"id": "7839", "ano": "2022", "numero": "52", "tipo__sigla": "IND", "tipo__descricao": "Indica\u00e7\u00e3o", "autoria": "Z\u00e9 Maria", "texto_original": "http://sapl.ivaipora.pr.leg.br/media/sapl/public/materialegislativa/2022/7839/14082024094714arquivo_indicacao_51-2022.pdf", "ementa": "INDICAR ao Senhor Prefeito Municipal, que por meio do Departamento competente que providencie a instala\u00e7\u00e3o e contrata\u00e7\u00e3o de profissionais para equipes de Sa\u00fade Bucal nas UBS do munic\u00edpio para atender as pessoas de baixa renda, conforme of\u00edcio em anexo."}, {"id": "7840", "ano": "2022", "numero": "53", "tipo__sigla": "IND", "tipo__descricao": "Indica\u00e7\u00e3o", "autoria": "Fio Bertotti", "texto_original": "http://sapl.ivaipora.pr.leg.br/media/sapl/public/materialegislativa/2022/7840/14082024094955arquivo_indicacao_53-2022.pdf", "ementa": "INDICAR ao Senhor Prefeito Municipal, que por meio do Departamento Competente, providencie a reforma e manuten\u00e7\u00e3o dos banheiros do cemit\u00e9rio Municipal, para dar mais conforto as pessoas que visitam seus entes queridos j\u00e1 falecidos."}, {"id": "7841", "ano": "2022", "numero": "54", "tipo__sigla": "IND", "tipo__descricao": "Indica\u00e7\u00e3o", "autoria": "Fio Bertotti", "texto_original": "http://sapl.ivaipora.pr.leg.br/media/sapl/public/materialegislativa/2022/7841/14082024095205arquivo_indicacao_54-2022.pdf", "ementa": "INDICAR ao Senhor Prefeito Municipal, que por meio do Departamento Competente, providencie a constru\u00e7\u00e3o de uma ciclovia, revitaliza\u00e7\u00e3o e coloca\u00e7\u00e3o de bancos na Avenida Brasil, \u00e1rea central da cidade, pois \u00e9 uma avenida que corta praticamente toda a cidade, e de grande movimento."}, {"id": "7842", "ano": "2022", "numero": "55", "tipo__sigla": "IND", "tipo__descricao": "Indica\u00e7\u00e3o", "autoria": "Fio Bertotti", "texto_original": "http://sapl.ivaipora.pr.leg.br/media/sapl/public/materialegislativa/2022/7842/14082024095406arquivo_indicacao_55-2022.pdf", "ementa": "INDICAR ao Senhor Prefeito Municipal, que por meio do Departamento competente, providencie a constru\u00e7\u00e3o de cal\u00e7adas no canteiro da Avenida Souza Naves, pr\u00f3ximo ao col\u00e9gio Bar\u00e3o do Cerro Azul, atendendo um pedido antigo dos moradores que passam pelo local. Segue foto em anexo;"}, {"id": "7843", "ano": "2022", "numero": "56", "tipo__sigla": "IND", "tipo__descricao": "Indica\u00e7\u00e3o", "autoria": "Fio Bertotti", "texto_original": "http://sapl.ivaipora.pr.leg.br/media/sapl/public/materialegislativa/2022/7843/14082024095535arquivo_indicacao_56-2022.pdf", "ementa": "INDICAR ao Senhor Prefeito Municipal, que por meio do Departamento competente, providencie uma cozinha, lavanderia, sala de vacina\u00e7\u00e3o e uma sala de inala\u00e7\u00e3o na UBS do Alto Por\u00e3."}, {"id": "7844", "ano": "2022", "numero": "57", "tipo__sigla": "IND", "tipo__descricao": "Indica\u00e7\u00e3o", "autoria": "Fio Bertotti", "texto_original": "http://sapl.ivaipora.pr.leg.br/media/sapl/public/materialegislativa/2022/7844/14082024095800arquivo_indicacao_57-2022.pdf", "ementa": "INDICAR ao Senhor Prefeito Municipal Luiz Carlos Gil, que por meio do Departamento de competente, providencie ro\u00e7ada e manuten\u00e7\u00e3o em torno do Gin\u00e1sio de Esporte Sapecad\u00e3o, mato muito alto no local."}, {"id": "7845", "ano": "2022", "numero": "58", "tipo__sigla": "IND", "tipo__descricao": "Indica\u00e7\u00e3o", "autoria": "Jaffer Ferreira", "texto_original": "http://sapl.ivaipora.pr.leg.br/media/sapl/public/materialegislativa/2022/7845/14082024100041arquivo_indicacao_58-2022.pdf", "ementa": "INDICAR ao Senhor Prefeito Municipal, que por meio do Departamento competente, providencie uma rotat\u00f3ria ou redutor de velocidade, e colocar placas na Avenida Paran\u00e1 com Avenida Maranh\u00e3o pr\u00f3ximo a Clinic\u00e3o, local com grande fluxo de carros e motos, v\u00e1rios acidentes ocorridos neste local."}, {"id": "7846", "ano": "2022", "numero": "59", "tipo__sigla": "IND", "tipo__descricao": "Indica\u00e7\u00e3o", "autoria": "Jaffer Ferreira", "texto_original": "http://sapl.ivaipora.pr.leg.br/media/sapl/public/materialegislativa/2022/7846/14082024100212arquivo_indicacao_59-2022.pdf", "ementa": "INDICAR ao Senhor Prefeito Municipal, que por meio do Departamento competente, providencie uma rotat\u00f3ria na Rua Plac\u00eddio Miranda no Jardim Casa Grande III, pr\u00f3ximo a Pizzaria Napolitana o local est\u00e1 muito perigoso, pois no local tem um entroncamento de v\u00e1rias ruas."}, {"id": "7847", "ano": "2022", "numero": "60", "tipo__sigla": "IND", "tipo__descricao": "Indica\u00e7\u00e3o", "autoria": "Jaffer Ferreira", "texto_original": "http://sapl.ivaipora.pr.leg.br/media/sapl/public/materialegislativa/2022/7847/14082024100552arquivo_indicacao_60-2022.pdf", "ementa": "INDICAR ao Senhor Prefeito Municipal, que por meio do Departamento competente, providencie um estudo na Avenida Brasil com Avenida Souza Naves pr\u00f3ximo o n\u00facleo regional com o col\u00e9gio objetivo se for poss\u00edvel com urg\u00eancia implantar uma rotat\u00f3ria e placas de sinaliza\u00e7\u00e3o, este local se encontra com grandes fluxos de carros, caminh\u00f5es."}, {"id": "7848", "ano": "2022", "numero": "61", "tipo__sigla": "IND", "tipo__descricao": "Indica\u00e7\u00e3o", "autoria": "Sandra Mara", "texto_original": "http://sapl.ivaipora.pr.leg.br/media/sapl/public/materialegislativa/2022/7848/14082024100800arquivo_indicacao_61-2022.pdf", "ementa": "INDICAR ao Senhor Prefeito Municipal, que por meio do Departamento competente providencie a Pavimenta\u00e7\u00e3o Poli\u00e9drica da Rua Jardim, localizada no Distrito de Jacutinga."}, {"id": "7849", "ano": "2022", "numero": "62", "tipo__sigla": "IND", "tipo__descricao": "Indica\u00e7\u00e3o", "autoria": "Sandra Mara", "texto_original": "http://sapl.ivaipora.pr.leg.br/media/", "ementa": "INDICAR ao Senhor Prefeito Municipal, que por meio do Departamento competente providencie uma linha de \u00f4nibus para atender aos moradores da Col\u00f4nia da Prefeitura."}, {"id": "7850", "ano": "2022", "numero": "63", "tipo__sigla": "IND", "tipo__descricao": "Indica\u00e7\u00e3o", "autoria": "Z\u00e9 Maria", "texto_original": "http://sapl.ivaipora.pr.leg.br/media/sapl/public/materialegislativa/2022/7850/14082024101313arquivo_indicacao_63-2022.pdf", "ementa": "INDICAR ao Senhor Prefeito Municipal, que por meio do Departamento competente para que fa\u00e7a um redutor de velocidade na Rua Estev\u00e3o Marciano de frente a casa n\u00famero 600, os ve\u00edculos est\u00e3o passando em alta velocidade."}, {"id": "7851", "ano": "2022", "numero": "64", "tipo__sigla": "IND", "tipo__descricao": "Indica\u00e7\u00e3o", "autoria": "Vila Real", "texto_original": "http://sapl.ivaipora.pr.leg.br/media/sapl/public/materialegislativa/2022/7851/14082024101622arquivo_indicacao_64-2022.pdf", "ementa": "INDICAR ao Senhor Presidente desta Casa de Leis, FERNANDO RODRIGUES DORTA, que por meio do Departamento de Finan\u00e7as e Licita\u00e7\u00f5es, para que realize processo licitat\u00f3rio para a reativa\u00e7\u00e3o e normal utiliza\u00e7\u00e3o do elevador do pr\u00e9dio da C\u00e2mara de Vereadores, haja vista que pessoas portadoras de defici\u00eancia f\u00edsica ou acometidos temporariamente de enfermidades n\u00e3o podem subir ao segundo andar da edifica\u00e7\u00e3o. \u00c9 o que indica, por ser necessidade de utilidade p\u00fablica e acessibilidade a todo cidad\u00e3o na Casa do Povo."}, {"id": "7853", "ano": "2022", "numero": "65", "tipo__sigla": "IND", "tipo__descricao": "Indica\u00e7\u00e3o", "autoria": "Z\u00e9 Maria", "texto_original": "http://sapl.ivaipora.pr.leg.br/media/sapl/public/materialegislativa/2022/7853/14082024102017arquivo_indicacao_65-2022.pdf", "ementa": "INDICAR ao Senhor Prefeito Municipal, que por meio do Departamento competente que fa\u00e7a a manuten\u00e7\u00e3o (cascalho) da Estrada dos Baianos, descendo no Reciclado. Os moradores da Vila Rural est\u00e3o tendo que passar por causa da ponte que se encontra em manuten\u00e7\u00e3o. Fotos em anexo."}, {"id": "7854", "ano": "2022", "numero": "66", "tipo__sigla": "IND", "tipo__descricao": "Indica\u00e7\u00e3o", "autoria": "Sab\u00e3o - Edivaldo Montanheri, Carniato, Jaffer Ferreira", "texto_original": "http://sapl.ivaipora.pr.leg.br/media/sapl/public/materialegislativa/2022/7854/14082024102213arquivo_indicacao_66-2022.pdf", "ementa": "INDICAR ao Senhor Prefeito Municipal, que por meio do Departamento competente providencie estudos para melhora do valor do VALE ALIMENTA\u00c7\u00c3O, elevando dos atuais R$ 180,00 (Cento e oitenta reais) para R$ 230,00 (Duzentos e trinta reais). Transformando o valor em VALE ALIMENTA\u00c7\u00c3O, porque na cesta b\u00e1sica muitas vezes vem alimentos que foge a dieta. E com o Vale Alimenta\u00e7\u00e3o d\u00e1 maior liberdade de escolha na hora da compra de produtos."}, {"id": "7855", "ano": "2022", "numero": "67", "tipo__sigla": "IND", "tipo__descricao": "Indica\u00e7\u00e3o", "autoria": "Carniato, Fio Bertotti", "texto_original": "http://sapl.ivaipora.pr.leg.br/media/sapl/public/materialegislativa/2022/7855/indicacao_67-2022.pdf", "ementa": "INDICAR ao Senhor Prefeito Municipal, para que por meio do Departamento competente providencie uma \u00e1rea coberta com mesas, para melhor conforto no ponto de encontro dos moradores e um ponto de \u00f4nibus coberto na pra\u00e7a central no Distrito de Alto Por\u00e3."}, {"id": "7856", "ano": "2022", "numero": "68", "tipo__sigla": "IND", "tipo__descricao": "Indica\u00e7\u00e3o", "autoria": "Carniato", "texto_original": "http://sapl.ivaipora.pr.leg.br/media/sapl/public/materialegislativa/2022/7856/14082024102806arquivo_indicacao_68-2022.pdf", "ementa": "INDICAR ao Senhor Prefeito Municipal, que por meio do Departamento do competente providencie a constru\u00e7\u00e3o de redutor de velocidade na Avenida Maranh\u00e3o cruzamento com a Rua Joaquim Bonif\u00e1cio."}, {"id": "7857", "ano": "2022", "numero": "69", "tipo__sigla": "IND", "tipo__descricao": "Indica\u00e7\u00e3o", "autoria": "Carniato", "texto_original": "http://sapl.ivaipora.pr.leg.br/media/sapl/public/materialegislativa/2022/7857/14082024102937arquivo_indicacao_69-2022.pdf", "ementa": "INDICAR ao Senhor Prefeito Municipal, que por meio do Departamento competente, providencie reforma no campo da Santa Maria providenciando, alambrado, conjunto de traves novas e redes para atender pedido da comunidade."}, {"id": "7858", "ano": "2022", "numero": "70", "tipo__sigla": "IND", "tipo__descricao": "Indica\u00e7\u00e3o", "autoria": "Carniato", "texto_original": "http://sapl.ivaipora.pr.leg.br/media/sapl/public/materialegislativa/2022/7858/14082024103141arquivo_indicacao_70-2022.pdf", "ementa": "INDICAR ao Senhor Prefeito Municipal, que por meio do Departamento Competente, analise e providencie a constru\u00e7\u00e3o de lombada na Avenida Maranh\u00e3o pr\u00f3ximo a entrada do Reservado, onde os motoristas est\u00e3o desenvolvendo velocidade incompat\u00edvel com a via, possibilitando a ocorr\u00eancia de acidentes."}, {"id": "7859", "ano": "2022", "numero": "71", "tipo__sigla": "IND", "tipo__descricao": "Indica\u00e7\u00e3o", "autoria": "Vila Real", "texto_original": "http://sapl.ivaipora.pr.leg.br/media/sapl/public/materialegislativa/2022/7859/14082024104720arquivo_indicacao_71-2022.pdf", "ementa": "INDICAR ao Senhor Prefeito, junto ao departamento respons\u00e1vel, para que se realize a reestrutura\u00e7\u00e3o da ponte sobre o rio da Bulha, haja vista que a mesma \u00e9 de madeira e muito antiga. No presente momento, a ponte encontra-se deteriorada, oferece risco aos transeuntes, ve\u00edculos, assim como caminh\u00f5es que escoam a produ\u00e7\u00e3o agr\u00edcola daquela regi\u00e3o, de forma preventiva indica-se tal obra, pois, em caso de acidente com v\u00edtimas, a responsabiliza\u00e7\u00e3o reca\u00edra sobre o chefe do Poder Executivo Municipal."}, {"id": "7860", "ano": "2022", "numero": "72", "tipo__sigla": "IND", "tipo__descricao": "Indica\u00e7\u00e3o", "autoria": "Sandra Mara", "texto_original": "http://sapl.ivaipora.pr.leg.br/media/sapl/public/materialegislativa/2022/7860/14082024104909arquivo_indicacao_72-2022.pdf", "ementa": "INDICAR ao Senhor Prefeito Municipal, que por meio do Departamento competente providencie a continua\u00e7\u00e3o da pavimenta\u00e7\u00e3o poli\u00e9drica na Rua Pindauva (aproximadamente 200m), localizada no Distrito de Jacutinga. Fotos em anexo."}, {"id": "7861", "ano": "2022", "numero": "73", "tipo__sigla": "IND", "tipo__descricao": "Indica\u00e7\u00e3o", "autoria": "Jaffer Ferreira", "texto_original": "http://sapl.ivaipora.pr.leg.br/media/sapl/public/materialegislativa/2022/7861/14082024105107arquivo_indicacao_73-2022.pdf", "ementa": "INDICAR ao Senhor Prefeito Municipal, que por meio do Departamento competente, providencie refazer o redutor de velocidade na Avenida Brasil pr\u00f3ximo ao a\u00e7ougue do God\u00f3i."}, {"id": "7862", "ano": "2022", "numero": "74", "tipo__sigla": "IND", "tipo__descricao": "Indica\u00e7\u00e3o", "autoria": "Fio Bertotti", "texto_original": "http://sapl.ivaipora.pr.leg.br/media/sapl/public/materialegislativa/2022/7862/14082024105303arquivo_indicacao_74-2022.pdf", "ementa": "INDICAR ao Senhor Prefeito Municipal, que por meio do Departamento Competente, providencie a coloca\u00e7\u00e3o de placas indicando curvas e velocidade m\u00e1xima permitida, na Rodovia Municipal L\u00e1zaro Bueno (Estrada do Ouro Verde) recentemente pavimentada, e tamb\u00e9m possibilidade de ilumina\u00e7\u00e3o da mesma dando mais seguran\u00e7a aos ciclistas e pessoas que usam para fazer caminhada."}, {"id": "7863", "ano": "2022", "numero": "75", "tipo__sigla": "IND", "tipo__descricao": "Indica\u00e7\u00e3o", "autoria": "Fio Bertotti", "texto_original": "http://sapl.ivaipora.pr.leg.br/media/sapl/public/materialegislativa/2022/7863/14082024105528arquivo_indicacao_75-2022.pdf", "ementa": "INDICAR ao Senhor Prefeito Municipal, que por meio do Departamento Competente, providencie a mudan\u00e7a na maneira de estacionar na quadra da Avenida Apar\u00edcio Bitencourt em frente ao Bar e Restaurante do Z\u00e9, seguindo o modelo da quadra anterior, onde os carros estacionam de frente para o canteiro, aumentando o n\u00famero de vagas."}, {"id": "7864", "ano": "2022", "numero": "76", "tipo__sigla": "IND", "tipo__descricao": "Indica\u00e7\u00e3o", "autoria": "Fio Bertotti", "texto_original": "http://sapl.ivaipora.pr.leg.br/media/sapl/public/materialegislativa/2022/7864/14082024105738arquivo_indicacao_76-2022.pdf", "ementa": "INDICAR ao Senhor Prefeito Municipal, que por meio do Departamento competente, providencie a revitaliza\u00e7\u00e3o do Campo de Areia no Conjunto Mour\u00e3o Filho, com a possibilidade de implanta\u00e7\u00e3o do projeto meu campinho. Segue foto em anexo;"}, {"id": "7865", "ano": "2022", "numero": "77", "tipo__sigla": "IND", "tipo__descricao": "Indica\u00e7\u00e3o", "autoria": "Fio Bertotti", "texto_original": "http://sapl.ivaipora.pr.leg.br/media/sapl/public/materialegislativa/2022/7865/14082024105907arquivo_indicacao_77-2022.pdf", "ementa": "INDICAR ao Senhor Prefeito Municipal, que por meio do Departamento competente, providencie a coloca\u00e7\u00e3o de uma faixa de pedestre elevada na Rua Em\u00edlio Ganzert, em frente ao hospital do Rim."}, {"id": "7866", "ano": "2022", "numero": "78", "tipo__sigla": "IND", "tipo__descricao": "Indica\u00e7\u00e3o", "autoria": "Fio Bertotti", "texto_original": "http://sapl.ivaipora.pr.leg.br/media/sapl/public/materialegislativa/2022/7866/14082024110049arquivo_indicacao_78-2022.pdf", "ementa": "INDICAR ao Senhor Prefeito Municipal Luiz Carlos Gil, que por meio do Departamento de competente, providencie a constru\u00e7\u00e3o de uma ATI, (academia ao ar livre), na Rua Marginal pr\u00f3ximo ao Torno Iva\u00ed, incentivando assim as pessoas a pratica de esportes."}, {"id": "7867", "ano": "2022", "numero": "79", "tipo__sigla": "IND", "tipo__descricao": "Indica\u00e7\u00e3o", "autoria": "Z\u00e9 Maria", "texto_original": "http://sapl.ivaipora.pr.leg.br/media/sapl/public/materialegislativa/2022/7867/14082024110336arquivo_indicacao_79-2022.pdf", "ementa": "INDICAR ao Senhor Prefeito Municipal, que por meio do Departamento competente providencie um redutor de velocidade na Avenida Espanha no Jardim Aeroporto, de frente a casa n\u00b0 11, o movimento \u00e9 grande devido ao Hospital Regional onde muitos trafegam em alta velocidade. Fotos em anexo;"}, {"id": "7868", "ano": "2022", "numero": "80", "tipo__sigla": "IND", "tipo__descricao": "Indica\u00e7\u00e3o", "autoria": "Z\u00e9 Maria", "texto_original": "http://sapl.ivaipora.pr.leg.br/media/sapl/public/materialegislativa/2022/7868/14082024110539arquivo_indicacao_80-2022.pdf", "ementa": "INDICAR ao Senhor Prefeito Municipal, que por meio do Departamento competente para que se fa\u00e7a um redutor de velocidade na Rua Tiradentes, no Jardim Versalhes, de frente casa n\u00b0 855. Onde muitos trafegam em alta velocidade. Fotos em anexo."}, {"id": "7869", "ano": "2022", "numero": "81", "tipo__sigla": "IND", "tipo__descricao": "Indica\u00e7\u00e3o", "autoria": "Josane Disner", "texto_original": "http://sapl.ivaipora.pr.leg.br/media/sapl/public/materialegislativa/2022/7869/14082024110709arquivo_indicacao_81-2022.pdf", "ementa": "INDICAR ao Senhor Prefeito Municipal, que por meio do Departamento competente, providencie junto ao \u00f3rg\u00e3o competente um estudo para a sinaliza\u00e7\u00e3o com placas informando a sa\u00edda secund\u00e1ria de nossa cidade na Avenida Brasil esquina com a Avenida Para\u00edba, em frente ao Posto Panorama."}, {"id": "7870", "ano": "2022", "numero": "82", "tipo__sigla": "IND", "tipo__descricao": "Indica\u00e7\u00e3o", "autoria": "Josane Disner", "texto_original": "http://sapl.ivaipora.pr.leg.br/media/sapl/public/materialegislativa/2022/7870/14082024110846arquivo_indicacao_82-2022.pdf", "ementa": "INDICAR ao Senhor Prefeito Municipal, que por meio do Departamento competente, providencie um local adequado para a constru\u00e7\u00e3o de um novo canil, que seja analisado como uma quest\u00e3o de sa\u00fade p\u00fablica, visando o recolhimento e acolhimento de c\u00e3es abandonados, proporcionando-lhes um local maior e aptos para abrig\u00e1-los."}, {"id": "7873", "ano": "2022", "numero": "83", "tipo__sigla": "IND", "tipo__descricao": "Indica\u00e7\u00e3o", "autoria": "Josane Disner", "texto_original": "http://sapl.ivaipora.pr.leg.br/media/sapl/public/materialegislativa/2022/7873/14082024111153arquivo_indicacao_83-2022.pdf", "ementa": "INDICAR ao Senhor Prefeito Municipal, que por meio do Departamento competente, providencie um estudo para a redu\u00e7\u00e3o da taxa de ilumina\u00e7\u00e3o p\u00fablica de nossa cidade. A taxa de ilumina\u00e7\u00e3o constante nas contas de luz tem acarretado uma grande afli\u00e7\u00e3o em nossa popula\u00e7\u00e3o, pois os valores est\u00e3o muito altos, e nesse tempo de crise e muito desemprego as fam\u00edlias est\u00e3o sofrendo com uma taxa t\u00e3o abusiva."}, {"id": "7875", "ano": "2022", "numero": "84", "tipo__sigla": "IND", "tipo__descricao": "Indica\u00e7\u00e3o", "autoria": "Josane Disner", "texto_original": "http://sapl.ivaipora.pr.leg.br/media/sapl/public/materialegislativa/2022/7875/14082024111329arquivo_indicacao_84-2022.pdf", "ementa": "INDICAR ao Senhor Prefeito Municipal, que por meio do Departamento competente, analise a possibilidade de contratar Fisioterapeuta para programa de reabilita\u00e7\u00e3o de crian\u00e7as portadoras de doen\u00e7as degenerativas (doen\u00e7as que causam les\u00f5es nas c\u00e9lulas, podendo afetar a vis\u00e3o, os ossos, os tecidos, os vasos sangu\u00edneos, entre outros): utilizando a piscina no Centro da Juventude para atender a v\u00e1rios casos de nosso munic\u00edpio. H\u00e1 estudos que a hidrogin\u00e1stica \u00e9 muito importante para o desenvolvimento biopsicossocial, autoconfian\u00e7a, disciplina e postura corporal."}, {"id": "7876", "ano": "2022", "numero": "85", "tipo__sigla": "IND", "tipo__descricao": "Indica\u00e7\u00e3o", "autoria": "Jaffer Ferreira", "texto_original": "http://sapl.ivaipora.pr.leg.br/media/sapl/public/materialegislativa/2022/7876/14082024113005arquivo_indicacao_85-2022.pdf", "ementa": "INDICAR ao Senhor Prefeito Municipal, que por meio do Departamento competente, providencie uma academia ar livre, para os moradores do Jardim Alto da Gl\u00f3ria."}, {"id": "7877", "ano": "2022", "numero": "86", "tipo__sigla": "IND", "tipo__descricao": "Indica\u00e7\u00e3o", "autoria": "Jaffer Ferreira", "texto_original": "http://sapl.ivaipora.pr.leg.br/media/sapl/public/materialegislativa/2022/7877/14082024113129arquivo_indicacao_86-2022.pdf", "ementa": "INDICAR ao Senhor Prefeito Municipal, que por meio do Departamento competente, providencie um redutor de velocidade na Rua Get\u00falio Vargas pr\u00f3ximo ao Col\u00e9gio Ignez de Souza."}, {"id": "7878", "ano": "2022", "numero": "87", "tipo__sigla": "IND", "tipo__descricao": "Indica\u00e7\u00e3o", "autoria": "Jaffer Ferreira", "texto_original": "http://sapl.ivaipora.pr.leg.br/media/sapl/public/materialegislativa/2022/7878/14082024113315arquivo_indicacao_87-2022.pdf", "ementa": "INDICAR ao Senhor Prefeito Municipal, que por meio do Departamento competente, providencie um estudo para que fa\u00e7a um campinho na Vila Nova Por\u00e3 para que as crian\u00e7as brincarem."}, {"id": "7913", "ano": "2022", "numero": "88", "tipo__sigla": "IND", "tipo__descricao": "Indica\u00e7\u00e3o", "autoria": "Sab\u00e3o - Edivaldo Montanheri", "texto_original": "http://sapl.ivaipora.pr.leg.br/media/sapl/public/materialegislativa/2022/7913/15082024085239arquivo_indicacao_88-2022.pdf", "ementa": "INDICAR ao Senhor Prefeito Municipal, que por meio do Departamento competente, realize um estudo para a reforma da ponte que liga a Vila Nova Por\u00e3 ao Cinco Encruzo."}, {"id": "7914", "ano": "2022", "numero": "89", "tipo__sigla": "IND", "tipo__descricao": "Indica\u00e7\u00e3o", "autoria": "Sab\u00e3o - Edivaldo Montanheri", "texto_original": "http://sapl.ivaipora.pr.leg.br/media/sapl/public/materialegislativa/2022/7914/15082024085755arquivo_indicacao_89-2022.pdf", "ementa": "INDICAR ao Senhor Prefeito Municipal, que por meio do Departamento competente, providencie implanta\u00e7\u00e3o de mais bancos nos Parquinhos das crian\u00e7as no lago Jardim Bot\u00e2nico, os pais n\u00e3o t\u00eam onde sentar quando deixa seus filhos brincando."}, {"id": "7915", "ano": "2022", "numero": "90", "tipo__sigla": "IND", "tipo__descricao": "Indica\u00e7\u00e3o", "autoria": "Josane Disner", "texto_original": "http://sapl.ivaipora.pr.leg.br/media/", "ementa": "INDICAR ao Senhor Prefeito Municipal, que por meio do Departamento competente, realize um estudo para a instala\u00e7\u00e3o de um redutor de velocidade (quebra-molas) na Avenida Brasil pr\u00f3ximo a Lancheria, pois alguns motoristas n\u00e3o respeitam o limite de velocidade, fazendo com que diminua o risco de acidentes naquele local."}, {"id": "7916", "ano": "2022", "numero": "91", "tipo__sigla": "IND", "tipo__descricao": "Indica\u00e7\u00e3o", "autoria": "Sandra Mara", "texto_original": "http://sapl.ivaipora.pr.leg.br/media/sapl/public/materialegislativa/2022/7916/15082024090322arquivo_indicacao_91-2022.docx", "ementa": "INDICAR ao Senhor Prefeito Municipal, que por meio do Departamento competente providencie a revitaliza\u00e7\u00e3o e a implanta\u00e7\u00e3o de um novo parquinho para as crian\u00e7as na Escola Municipal Jo\u00e3o Pessoa localizada no Santa Luzia, para melhor atendimento das crian\u00e7as. Fotos em anexo."}, {"id": "7917", "ano": "2022", "numero": "92", "tipo__sigla": "IND", "tipo__descricao": "Indica\u00e7\u00e3o", "autoria": "Jaffer Ferreira", "texto_original": "http://sapl.ivaipora.pr.leg.br/media/sapl/public/materialegislativa/2022/7917/15082024090501arquivo_indicacao_92-2022.pdf", "ementa": "INDICAR ao Senhor Prefeito Municipal, que por meio do Departamento competente, providencie no redondo do Col\u00e9gio Raul Rodrigues Gomes, e no Col\u00e9gio Bar\u00e3o do C\u00e9u Azul, a implanta\u00e7\u00e3o de uma Academia da Terceira Idade (ATI)."}, {"id": "7918", "ano": "2022", "numero": "93", "tipo__sigla": "IND", "tipo__descricao": "Indica\u00e7\u00e3o", "autoria": "Jaffer Ferreira", "texto_original": "http://sapl.ivaipora.pr.leg.br/media/sapl/public/materialegislativa/2022/7918/15082024090616arquivo_indicacao_93-2022.pdf", "ementa": "INDICAR ao Senhor Prefeito Municipal, que por meio do Departamento competente, providencie um estudo, se poss\u00edvel um processo licitat\u00f3rio para a aquisi\u00e7\u00e3o e o fornecimento de um lanche adequado \u00e0s pessoas que utilizam o \u00f4nibus da Sa\u00fade para viajar e realizar seus tratamentos. Muitas dessas pessoas n\u00e3o t\u00eam condi\u00e7\u00e3o de comprar um salgado para comer e acaba passando o dia todo sem se alimentar."}, {"id": "7919", "ano": "2022", "numero": "94", "tipo__sigla": "IND", "tipo__descricao": "Indica\u00e7\u00e3o", "autoria": "Sandra Mara", "texto_original": "http://sapl.ivaipora.pr.leg.br/media/sapl/public/materialegislativa/2022/7919/15082024090801arquivo_indicacao_94-2022.docx", "ementa": "INDICAR ao Senhor Prefeito Municipal, que por meio do Departamento competente providencie a manuten\u00e7\u00e3o do bueiro que est\u00e1 com a tampa quebrada, localizado na Rua Lapa, esquina com a Rua Bras\u00edlia na Vila Monte Castelo. Foto em anexo."}, {"id": "7937", "ano": "2022", "numero": "95", "tipo__sigla": "IND", "tipo__descricao": "Indica\u00e7\u00e3o", "autoria": "Carniato", "texto_original": "http://sapl.ivaipora.pr.leg.br/media/sapl/public/materialegislativa/2022/7937/15082024090920arquivo_indicacao_95-2022.pdf", "ementa": "INDICAR ao Senhor Prefeito Municipal, que contrate um m\u00e9dico veterin\u00e1rio para recompor a equipe de Vigil\u00e2ncia Sanit\u00e1ria."}, {"id": "7938", "ano": "2022", "numero": "96", "tipo__sigla": "IND", "tipo__descricao": "Indica\u00e7\u00e3o", "autoria": "Carniato", "texto_original": "http://sapl.ivaipora.pr.leg.br/media/sapl/public/materialegislativa/2022/7938/15082024135842arquivo_indicacao_96-2022.pdf", "ementa": "INDICAR ao Senhor Prefeito Municipal, que por meio do Departamento competente, providencie a instala\u00e7\u00e3o de dois pontos de \u00f4nibus coberto na Rua Emilio Ganzert, no Jardim Alto da Gl\u00f3ria."}, {"id": "7940", "ano": "2022", "numero": "97", "tipo__sigla": "IND", "tipo__descricao": "Indica\u00e7\u00e3o", "autoria": "Carniato", "texto_original": "http://sapl.ivaipora.pr.leg.br/media/sapl/public/materialegislativa/2022/7940/15082024140005arquivo_indicacao_97-2022.pdf", "ementa": "INDICAR ao Senhor Prefeito Municipal, que por meio do Departamento do competente, providencie paisagismo nos canteiros da Avenida Ladislau Gil Fernandes at\u00e9 o trevo na PR 466."}, {"id": "7941", "ano": "2022", "numero": "98", "tipo__sigla": "IND", "tipo__descricao": "Indica\u00e7\u00e3o", "autoria": "Carniato", "texto_original": "http://sapl.ivaipora.pr.leg.br/media/sapl/public/materialegislativa/2022/7941/15082024140152arquivo_indicacao_98-2022.pdf", "ementa": "INDICAR ao Senhor Prefeito Municipal, que por meio do Departamento do competente providencie recape asf\u00e1ltico na Avenida Tancredo Neves, entre a Pra\u00e7a Espanha e a Rua Francisco Jacob Goedert e a reativa\u00e7\u00e3o do chafariz da Pra\u00e7a Espanha, que desativado pode ser um criadouro do mosquito da Dengue."}, {"id": "7942", "ano": "2022", "numero": "99", "tipo__sigla": "IND", "tipo__descricao": "Indica\u00e7\u00e3o", "autoria": "Carniato", "texto_original": "http://sapl.ivaipora.pr.leg.br/media/", "ementa": "INDICAR ao Senhor Prefeito Municipal, que por meio do Departamento Competente, analise e providencie a constru\u00e7\u00e3o de uma pra\u00e7a e instala\u00e7\u00e3o de playgrounds para atende a popula\u00e7\u00e3o dos Jardins Casa Grande I, II, III e IV."}, {"id": "7944", "ano": "2022", "numero": "100", "tipo__sigla": "IND", "tipo__descricao": "Indica\u00e7\u00e3o", "autoria": "Sandra Mara", "texto_original": "http://sapl.ivaipora.pr.leg.br/media/sapl/public/materialegislativa/2022/7944/15082024140459arquivo_indicacao_100-2022.docx", "ementa": "INDICAR ao Senhor Prefeito Municipal, que por meio do Departamento competente providencie o plantio de \u00e1rvores no canteiro em frente o escrit\u00f3rio Freitas & Goedert localizado na Avenida Souza Naves. Foto em anexo."}, {"id": "7945", "ano": "2022", "numero": "101", "tipo__sigla": "IND", "tipo__descricao": "Indica\u00e7\u00e3o", "autoria": "Sandra Mara", "texto_original": "http://sapl.ivaipora.pr.leg.br/media/sapl/public/materialegislativa/2022/7945/15082024140832arquivo_indicacao_101-2022.docx", "ementa": "INDICAR ao Senhor Prefeito Municipal, que por meio do Departamento competente providencie a manuten\u00e7\u00e3o do bueiro localizado na Rua Londrina esquina com a Rua Uberl\u00e2ndia, atr\u00e1s do Lar Santo Ant\u00f4nio. Foto em anexo."}, {"id": "7947", "ano": "2022", "numero": "102", "tipo__sigla": "IND", "tipo__descricao": "Indica\u00e7\u00e3o", "autoria": "Fio Bertotti", "texto_original": "http://sapl.ivaipora.pr.leg.br/media/sapl/public/materialegislativa/2022/7947/15082024141007arquivo_indicacao_102-2022.pdf", "ementa": "INDICAR ao Senhor Prefeito Municipal, que por meio do Departamento Competente, a possibilidade de implanta\u00e7\u00e3o do projeto ` Meu Campinho\u00b4 no jardim Casa Grande III, para incentivar as crian\u00e7as e jovens a pr\u00e1tica de esporte"}, {"id": "7948", "ano": "2022", "numero": "103", "tipo__sigla": "IND", "tipo__descricao": "Indica\u00e7\u00e3o", "autoria": "Fio Bertotti", "texto_original": "http://sapl.ivaipora.pr.leg.br/media/sapl/public/materialegislativa/2022/7948/15082024141217arquivo_indicacao_103-2022.pdf", "ementa": "INDICAR ao Senhor Prefeito Municipal, que por meio do Departamento Competente, providencie a troca ou coloca\u00e7\u00e3o onde n\u00e3o houver lixeiras no lago Jardim Bot\u00e2nico e na avenida Paran\u00e1, \u00e1rea central da cidade."}, {"id": "7949", "ano": "2022", "numero": "104", "tipo__sigla": "IND", "tipo__descricao": "Indica\u00e7\u00e3o", "autoria": "Fio Bertotti", "texto_original": "http://sapl.ivaipora.pr.leg.br/media/sapl/public/materialegislativa/2022/7949/15082024141353arquivo_indicacao_104-2022.pdf", "ementa": "INDICAR ao Senhor Prefeito Municipal, que por meio do Departamento competente, providencie o recape asf\u00e1ltico na Avenida Ladislau Gil Fernandes, est\u00e1 com muitos buracos dificultando o tr\u00e1fego, entrada principal da nossa cidade."}, {"id": "7950", "ano": "2022", "numero": "105", "tipo__sigla": "IND", "tipo__descricao": "Indica\u00e7\u00e3o", "autoria": "Fio Bertotti", "texto_original": "http://sapl.ivaipora.pr.leg.br/media/sapl/public/materialegislativa/2022/7950/15082024141530arquivo_indicacao_105-2022.pdf", "ementa": "INDICAR ao Senhor Prefeito Municipal, que por meio do Departamento competente, providencie a contrata\u00e7\u00e3o de uma m\u00e9dica especialista em dermatologia, para atender a necessidade da Rede P\u00fablica de Sa\u00fade."}, {"id": "7952", "ano": "2022", "numero": "106", "tipo__sigla": "IND", "tipo__descricao": "Indica\u00e7\u00e3o", "autoria": "Fio Bertotti", "texto_original": "http://sapl.ivaipora.pr.leg.br/media/sapl/public/materialegislativa/2022/7952/15082024141711arquivo_indicacao_106-2022.pdf", "ementa": "INDICAR ao Senhor Prefeito Municipal Luiz Carlos Gil, que por meio do Departamento de competente, a possibilidade de uma cobertura sobre os Quiosques do Lago Jardim Bot\u00e2nico, dando mais comodidade aos frequentadores do local."}, {"id": "7953", "ano": "2022", "numero": "107", "tipo__sigla": "IND", "tipo__descricao": "Indica\u00e7\u00e3o", "autoria": "Sab\u00e3o - Edivaldo Montanheri", "texto_original": "http://sapl.ivaipora.pr.leg.br/media/sapl/public/materialegislativa/2022/7953/15082024141855arquivo_indicacao_107-2022.pdf", "ementa": "INDICAR ao Senhor Prefeito Municipal, que por meio do Departamento competente, providencie uma academia ao ar livre e um Parquinho no Conjunto Valdomiro Bleis Guergoletti."}, {"id": "7955", "ano": "2022", "numero": "108", "tipo__sigla": "IND", "tipo__descricao": "Indica\u00e7\u00e3o", "autoria": "Josane Disner", "texto_original": "http://sapl.ivaipora.pr.leg.br/media/sapl/public/materialegislativa/2022/7955/15082024142042arquivo_indicacao_108-2022.pdf", "ementa": "INDICAR ao Senhor Prefeito Municipal, que por meio do Departamento competente, providencie a instala\u00e7\u00e3o de um sem\u00e1foro na Avenida Brasil esquina com a Avenida Para\u00edba, em frente ao Posto Panorama, neste local tem um cruzamento com muita movimenta\u00e7\u00e3o de ve\u00edculos."}, {"id": "7956", "ano": "2022", "numero": "109", "tipo__sigla": "IND", "tipo__descricao": "Indica\u00e7\u00e3o", "autoria": "Josane Disner", "texto_original": "http://sapl.ivaipora.pr.leg.br/media/sapl/public/materialegislativa/2022/7956/15082024142249arquivo_indicacao_109-2022.pdf", "ementa": "INDICAR ao Senhor Prefeito Municipal, que por meio do Departamento competente, providencie a constru\u00e7\u00e3o de um campo de bocha e malha no terreno na Rua Ivaipor\u00e3 ao lado da UBS no Distrito de Santa Barbara."}, {"id": "7957", "ano": "2022", "numero": "110", "tipo__sigla": "IND", "tipo__descricao": "Indica\u00e7\u00e3o", "autoria": "Josane Disner", "texto_original": "http://sapl.ivaipora.pr.leg.br/media/sapl/public/materialegislativa/2022/7957/15082024142425arquivo_indicacao_110-2022.pdf", "ementa": "INDICAR ao Senhor Prefeito Municipal, que por meio do Departamento competente, providencie a instala\u00e7\u00e3o de um ponto de \u00f4nibus pr\u00f3ximo as Lojas Pernambucanas, pois tem muitos trabalhadores que ficam ao relento em dias chuvosos."}, {"id": "7958", "ano": "2022", "numero": "111", "tipo__sigla": "IND", "tipo__descricao": "Indica\u00e7\u00e3o", "autoria": "Josane Disner", "texto_original": "http://sapl.ivaipora.pr.leg.br/media/sapl/public/materialegislativa/2022/7958/15082024142601arquivo_indicacao_111-2022.pdf", "ementa": "INDICAR ao Senhor Prefeito Municipal, que por meio do Departamento competente, providencie o recape asf\u00e1ltico na Rua Suburbana (Rua Toca de Assis)."}, {"id": "7959", "ano": "2022", "numero": "112", "tipo__sigla": "IND", "tipo__descricao": "Indica\u00e7\u00e3o", "autoria": "Josane Disner", "texto_original": "http://sapl.ivaipora.pr.leg.br/media/sapl/public/materialegislativa/2022/7959/15082024142734arquivo_indicacao_112-2022.pdf", "ementa": "INDICAR ao Senhor Prefeito Municipal, que por meio do Departamento competente, providencie a reforma dos trapiches no Lago Residencial de Furnas, pois os mesmos se encontram deteriorados."}, {"id": "7960", "ano": "2022", "numero": "113", "tipo__sigla": "IND", "tipo__descricao": "Indica\u00e7\u00e3o", "autoria": "Jaffer Ferreira", "texto_original": "http://sapl.ivaipora.pr.leg.br/media/sapl/public/materialegislativa/2022/7960/15082024142944arquivo_indicacao_113-2022.pdf", "ementa": "INDICAR ao Senhor Prefeito Municipal, que por meio do Departamento competente, providencie um estudo para implantar uma c\u00e2mera de monitoramento ou um radar no sem\u00e1foro em frente do posto Ivaipor\u00e3, os motoristas n\u00e3o est\u00e3o respeitando."}, {"id": "7962", "ano": "2022", "numero": "114", "tipo__sigla": "IND", "tipo__descricao": "Indica\u00e7\u00e3o", "autoria": "Jaffer Ferreira", "texto_original": "http://sapl.ivaipora.pr.leg.br/media/sapl/public/materialegislativa/2022/7962/15082024143225arquivo_indicacao_114-2022.pdf", "ementa": "INDICAR ao Senhor Prefeito Municipal, que por meio do Departamento competente, que tome as devidas provid\u00eancias visando \u00e0 constru\u00e7\u00e3o de moradias populares. H\u00e1 um grande d\u00e9ficit de moradias em nosso Munic\u00edpio, afetando principalmente as fam\u00edlias de baixa renda, que t\u00eam dificuldade em pagar alugu\u00e9is devido ao alto valor presente em nosso mercado imobili\u00e1rio. A moradia \u00e9 um direito humano universal, estabelecido pela ONU em todas as partes do mundo. Pedimos ao Sr. Prefeito que tome as medidas cab\u00edveis para construir novos lares, realizando o sonho de muitos em conquistar a casa pr\u00f3pria e melhorando a qualidade de vida dos interessados."}, {"id": "7964", "ano": "2022", "numero": "115", "tipo__sigla": "IND", "tipo__descricao": "Indica\u00e7\u00e3o", "autoria": "Jaffer Ferreira", "texto_original": "http://sapl.ivaipora.pr.leg.br/media/sapl/public/materialegislativa/2022/7964/15082024143429arquivo_indicacao_115-2022.pdf", "ementa": "INDICAR ao Senhor Prefeito Municipal, que por meio do Departamento competente, melhoria no transporte escolar tanto na \u00e1rea urbana, quanto na \u00e1rea rural, nos aspectos de mais hor\u00e1rios, aumentar mais linhas e fazer a manuten\u00e7\u00e3o adequada se poss\u00edvel."}, {"id": "7965", "ano": "2022", "numero": "116", "tipo__sigla": "IND", "tipo__descricao": "Indica\u00e7\u00e3o", "autoria": "Jaffer Ferreira", "texto_original": "http://sapl.ivaipora.pr.leg.br/media/sapl/public/materialegislativa/2022/7965/15082024143659arquivo_indicacao_116-2022.pdf", "ementa": "INDICAR ao Senhor Prefeito Municipal, que por meio do Departamento competente, providencie a substitui\u00e7\u00e3o das l\u00e2mpadas da Ilumina\u00e7\u00e3o P\u00fablica antigas por l\u00e2mpadas de Led pela melhoria dos moradores na Vila Nova Por\u00e3 (Maneco), Vila Monte Castelo e Jardim Por\u00e3 atendendo assim a reivindica\u00e7\u00e3o dos moradores daquela regi\u00e3o."}, {"id": "7966", "ano": "2022", "numero": "117", "tipo__sigla": "IND", "tipo__descricao": "Indica\u00e7\u00e3o", "autoria": "Jaffer Ferreira", "texto_original": "http://sapl.ivaipora.pr.leg.br/media/sapl/public/materialegislativa/2022/7966/15082024143908arquivo_indicacao_117-2022.pdf", "ementa": "INDICAR ao Senhor Prefeito Municipal, que por meio do Departamento competente, providencie um campinho de futebol no Jardim Europa (Vila Xurupita)."}, {"id": "7967", "ano": "2022", "numero": "118", "tipo__sigla": "IND", "tipo__descricao": "Indica\u00e7\u00e3o", "autoria": "Gertrudes, Carniato, Fio Bertotti, Jaffer Ferreira, Josane Disner, Nando Dorta, Sab\u00e3o - Edivaldo Montanheri, Vila Real, Z\u00e9 Maria", "texto_original": "http://sapl.ivaipora.pr.leg.br/media/sapl/public/materialegislativa/2022/7967/15082024144109arquivo_indicacao_118-2022.pdf", "ementa": "INDICAR ao Senhor Prefeito Municipal, que por meio do Departamento competente, providencie um \u00f4nibus para a cidade de Foz de Igua\u00e7u, para as mulheres empreendedoras receber a premia\u00e7\u00e3o, em comemora\u00e7\u00e3o ao Dia Internacional da Mulher, neste evento elas s\u00e3o homenageadas, conforme of\u00edcio em anexo"}, {"id": "7968", "ano": "2022", "numero": "119", "tipo__sigla": "IND", "tipo__descricao": "Indica\u00e7\u00e3o", "autoria": "Z\u00e9 Maria", "texto_original": "http://sapl.ivaipora.pr.leg.br/media/sapl/public/materialegislativa/2022/7968/15082024144319arquivo_indicacao_119-2022.pdf", "ementa": "INDICAR ao Senhor Prefeito Municipal, que por meio do Departamento competente que fa\u00e7a o corte de mamonas e matos que est\u00e3o por cima das cal\u00e7adas na Rua Martins Afonso de Souza no Jardim Casa grande II."}, {"id": "7969", "ano": "2022", "numero": "120", "tipo__sigla": "IND", "tipo__descricao": "Indica\u00e7\u00e3o", "autoria": "Vila Real", "texto_original": "http://sapl.ivaipora.pr.leg.br/media/sapl/public/materialegislativa/2022/7969/15082024144457arquivo_indicacao_120-2022.pdf", "ementa": "INDICAR ao Senhor Prefeito Municipal, que por meio do Departamento competente, providencie a limpeza na Rua Toledo no Jardim Alvorada."}, {"id": "7970", "ano": "2022", "numero": "121", "tipo__sigla": "IND", "tipo__descricao": "Indica\u00e7\u00e3o", "autoria": "Vila Real", "texto_original": "http://sapl.ivaipora.pr.leg.br/media/sapl/public/materialegislativa/2022/7970/15082024145522arquivo_indicacao_121-2022.pdf", "ementa": "INDICAR ao Senhor Prefeito Municipal, que por meio do Departamento competente, providencie a instala\u00e7\u00e3o de um quebra mola na Avenida Maranh\u00e3o, n\u00ba 446, pr\u00f3ximo a Capela Alian\u00e7a."}, {"id": "7971", "ano": "2022", "numero": "122", "tipo__sigla": "IND", "tipo__descricao": "Indica\u00e7\u00e3o", "autoria": "Vila Real", "texto_original": "http://sapl.ivaipora.pr.leg.br/media/sapl/public/materialegislativa/2022/7971/15082024145654arquivo_indicacao_122-2022.pdf", "ementa": "INDICAR ao Senhor Prefeito Municipal, que por meio do Departamento competente, providencie a instala\u00e7\u00e3o de um sem\u00e1foro na Avenida Tancredo Neves esquina com a Rua Emilio Ganzert, em frente ao Mercado Beto Center, descendo para Vila de Furnas."}, {"id": "7972", "ano": "2022", "numero": "123", "tipo__sigla": "IND", "tipo__descricao": "Indica\u00e7\u00e3o", "autoria": "Fio Bertotti", "texto_original": "http://sapl.ivaipora.pr.leg.br/media/sapl/public/materialegislativa/2022/7972/15082024145848arquivo_indicacao_123-2022.pdf", "ementa": "INDICAR ao Senhor Prefeito Municipal, que por meio do Departamento Competente, providencie melhorias na ilumina\u00e7\u00e3o p\u00fablica na rua Travessa Vicente Machado, Jardim Luiz XV, pr\u00f3ximo a funilaria do Gardim."}, {"id": "7973", "ano": "2022", "numero": "124", "tipo__sigla": "IND", "tipo__descricao": "Indica\u00e7\u00e3o", "autoria": "Fio Bertotti", "texto_original": "http://sapl.ivaipora.pr.leg.br/media/sapl/public/materialegislativa/2022/7973/15082024150036arquivo_indicacao_124-2022.pdf", "ementa": "INDICAR ao Senhor Prefeito Municipal, que por meio do Departamento Competente, providencie a troca de lugar do quebra-molas na Rua Mangueira, esquina com a Avenida Maranh\u00e3o, pois com a pavimenta\u00e7\u00e3o da Avenida ficou no meio do cruzamento das vias. Segue foto em anexo"}, {"id": "8038", "ano": "2022", "numero": "125", "tipo__sigla": "IND", "tipo__descricao": "Indica\u00e7\u00e3o", "autoria": "Fio Bertotti", "texto_original": "http://sapl.ivaipora.pr.leg.br/media/sapl/public/materialegislativa/2022/8038/22082024102429arquivo_indicacao_125-2022.pdf", "ementa": "INDICAR ao Senhor Prefeito Municipal, que por meio do Departamento competente, providencie a poda de uma arvore na Avenida Castelo Branco na altura do n\u00famero 890, pr\u00f3ximo ao Col\u00e9gio Id\u00e1lia Rocha, os galhos est\u00e3o atrapalhando a ilumina\u00e7\u00e3o e sujeito a queda em dias de vento."}, {"id": "8039", "ano": "2022", "numero": "126", "tipo__sigla": "IND", "tipo__descricao": "Indica\u00e7\u00e3o", "autoria": "Fio Bertotti", "texto_original": "http://sapl.ivaipora.pr.leg.br/media/sapl/public/materialegislativa/2022/8039/22082024102822arquivo_indicacao_126-2022.pdf", "ementa": "INDICAR ao Senhor Prefeito Municipal, que por meio do Departamento competente, providencie a coloca\u00e7\u00e3o de uma faixa elevada na rua Manoel Ribas, entre a Capela Mortu\u00e1ria e o Cemit\u00e9rio, dando mais seguran\u00e7a na travessia dos pedestres."}, {"id": "8040", "ano": "2022", "numero": "127", "tipo__sigla": "IND", "tipo__descricao": "Indica\u00e7\u00e3o", "autoria": "Josane Disner, Carniato", "texto_original": "http://sapl.ivaipora.pr.leg.br/media/sapl/public/materialegislativa/2022/8040/22082024103051arquivo_indicacao_127-2022.pdf", "ementa": "INDICAR ao Senhor Prefeito Municipal, que por meio do Departamento competente, providencie o recape asf\u00e1ltico na Rua Jos\u00e9 Bonif\u00e1cio, no trecho entre a Avenida Apar\u00edcio C. Bitencourt- Jardim Ouro Preto e a Rua Luiz Pasteur- Jardim Imperial, que se apresenta bastante danificada e os moradores sofrem para transitar, pois h\u00e1 muitos idosos e mulheres com crian\u00e7as. Essa rua \u00e9 importante via de acesso ao Jardim Bot\u00e2nico para os moradores da Vila Jo\u00e3o XXIII e bairro adjacentes."}, {"id": "8168", "ano": "2022", "numero": "128", "tipo__sigla": "IND", "tipo__descricao": "Indica\u00e7\u00e3o", "autoria": "Josane Disner", "texto_original": "http://sapl.ivaipora.pr.leg.br/media/sapl/public/materialegislativa/2022/8168/28082024135354arquivo_indicacao_128-2022.pdf", "ementa": "INDICAR ao Senhor Prefeito Municipal, que por meio do Departamento competente, providencie a constru\u00e7\u00e3o de uma pra\u00e7a com Playground e uma A.T.I. (academia ao ar livre) no Jardim Alvorada, beneficiando assim a comunidade local."}, {"id": "8169", "ano": "2022", "numero": "129", "tipo__sigla": "IND", "tipo__descricao": "Indica\u00e7\u00e3o", "autoria": "Josane Disner", "texto_original": "http://sapl.ivaipora.pr.leg.br/media/sapl/public/materialegislativa/2022/8169/28082024135538arquivo_indicacao_129-2022.pdf", "ementa": "INDICAR ao Senhor Prefeito Municipal, que por meio do Departamento competente, providencie a instala\u00e7\u00e3o de um Ponto de \u00d4nibus na Avenida Melvis Muchiuti pr\u00f3ximo a Capela Santo Antonio, bem como placas de sinaliza\u00e7\u00e3o de quebra-molas existente naquele local."}, {"id": "8171", "ano": "2022", "numero": "130", "tipo__sigla": "IND", "tipo__descricao": "Indica\u00e7\u00e3o", "autoria": "Z\u00e9 Maria", "texto_original": "http://sapl.ivaipora.pr.leg.br/media/sapl/public/materialegislativa/2022/8171/28082024135751arquivo_indicacao_130-2022.pdf", "ementa": "INDICAR ao Senhor Prefeito Municipal, que por meio do departamento competente, providencie melhorias (paisagismo, pintura etc.) e uma camada asf\u00e1ltica no Terminal Rodovi\u00e1rio de Ivaipor\u00e3. Fotos em anexo."}, {"id": "8172", "ano": "2022", "numero": "131", "tipo__sigla": "IND", "tipo__descricao": "Indica\u00e7\u00e3o", "autoria": "Sab\u00e3o - Edivaldo Montanheri", "texto_original": "http://sapl.ivaipora.pr.leg.br/media/sapl/public/materialegislativa/2022/8172/28082024135932arquivo_indicacao_131-2022.pdf", "ementa": "INDICAR ao Senhor Prefeito Municipal, que por meio do Departamento competente que realize a limpeza e manuten\u00e7\u00e3o de boca de lobo na rua Campo Grande na Vila Ipiranga, a rua encontra-se com muito lixo e entulhos. Fotos em anexo;"}, {"id": "8173", "ano": "2022", "numero": "132", "tipo__sigla": "IND", "tipo__descricao": "Indica\u00e7\u00e3o", "autoria": "Sab\u00e3o - Edivaldo Montanheri", "texto_original": "http://sapl.ivaipora.pr.leg.br/media/sapl/public/materialegislativa/2022/8173/28082024140109arquivo_indicacao_132-2022.pdf", "ementa": "INDICAR ao Senhor Prefeito Municipal, que por meio do Departamento competente que fa\u00e7a a liga\u00e7\u00e3o da rua Ponta Por\u00e3 com a rua Campo Grande no Jardim Imperial. Foto em anexo;"}, {"id": "8174", "ano": "2022", "numero": "133", "tipo__sigla": "IND", "tipo__descricao": "Indica\u00e7\u00e3o", "autoria": "Gertrudes", "texto_original": "http://sapl.ivaipora.pr.leg.br/media/sapl/public/materialegislativa/2022/8174/28082024140257arquivo_indicacao_133-2022.pdf", "ementa": "INDICAR ao Senhor Prefeito Municipal Luiz Carlos Gil, que por meio do Departamento Competente, analise e providencie a implanta\u00e7\u00e3o de um parquinho infantil na Vila Rural Ivain\u00f3polis."}, {"id": "8176", "ano": "2022", "numero": "134", "tipo__sigla": "IND", "tipo__descricao": "Indica\u00e7\u00e3o", "autoria": "Gertrudes", "texto_original": "http://sapl.ivaipora.pr.leg.br/media/sapl/public/materialegislativa/2022/8176/28082024140438arquivo_indicacao_134-2022.pdf", "ementa": "INDICAR ao Senhor Prefeito Municipal Luiz Carlos Gil, que por meio do Departamento Competente, analise e providencie a coloca\u00e7\u00e3o de playgrounds com acessibilidade em todas pra\u00e7as e parquinhos do Munic\u00edpio de Ivaipor\u00e3 para as crian\u00e7as portadoras de defici\u00eancia."}, {"id": "8178", "ano": "2022", "numero": "135", "tipo__sigla": "IND", "tipo__descricao": "Indica\u00e7\u00e3o", "autoria": "Gertrudes", "texto_original": "http://sapl.ivaipora.pr.leg.br/media/sapl/public/materialegislativa/2022/8178/28082024140952arquivo_indicacao_135-2022.pdf", "ementa": "INDICAR ao Senhor Prefeito Municipal Luiz Carlos Gil, que por meio do Departamento Competente, analise e providencie a reforma da Pra\u00e7a da Vila Nova Por\u00e3, com paver, bancos, ilumina\u00e7\u00e3o, paisagismo, arboriza\u00e7\u00e3o, academia ao ar livre e playground com acessibilidade para crian\u00e7as portadoras de defici\u00eancia."}, {"id": "8180", "ano": "2022", "numero": "136", "tipo__sigla": "IND", "tipo__descricao": "Indica\u00e7\u00e3o", "autoria": "Vila Real", "texto_original": "http://sapl.ivaipora.pr.leg.br/media/sapl/public/materialegislativa/2022/8180/28082024141158arquivo_indicacao_136-2022.pdf", "ementa": "INDICAR ao Senhor Prefeito Municipal, que por meio do Departamento competente, providencie a limpeza do terreno na Avenida Minas Gerais S/N, ao lado do N\u00facleo de Educa\u00e7\u00e3o, onde se encontra com mato muito alto, procria\u00e7\u00e3o de insetos, bichos pe\u00e7onhentos como ratos, cobras etc. Segue fotos em anexo."}, {"id": "8181", "ano": "2022", "numero": "137", "tipo__sigla": "IND", "tipo__descricao": "Indica\u00e7\u00e3o", "autoria": "Z\u00e9 Maria", "texto_original": "http://sapl.ivaipora.pr.leg.br/media/sapl/public/materialegislativa/2022/8181/28082024141356arquivo_indicacao_137-2022.pdf", "ementa": "INDICAR ao Senhor Prefeito Municipal, que por meio do Departamento competente, providencie a limpeza da quadra de esporte situada na Rua General Luiz Carlos Guedes, no conjunto Mour\u00e3o Filho, onde se encontra grande ac\u00famulo de lixo e m\u00e1rmores quebrado. Fotos anexo"}, {"id": "8183", "ano": "2022", "numero": "138", "tipo__sigla": "IND", "tipo__descricao": "Indica\u00e7\u00e3o", "autoria": "Vila Real", "texto_original": "http://sapl.ivaipora.pr.leg.br/media/sapl/public/materialegislativa/2022/8183/28082024141623arquivo_indicacao_138-2022.pdf", "ementa": "INDICAR ao Senhor Prefeito Municipal, que por meio do Departamento competente, providencie que a Empresa Broti, retome com urg\u00eancia os trabalhos na coloca\u00e7\u00e3o de pedras irregulares na localidade do Jacutinga ao Cruzeirinho, trabalhos esses que est\u00e3o parados h\u00e1 mais de 5 (cinco) meses."}, {"id": "8185", "ano": "2022", "numero": "139", "tipo__sigla": "IND", "tipo__descricao": "Indica\u00e7\u00e3o", "autoria": "Carniato", "texto_original": "http://sapl.ivaipora.pr.leg.br/media/sapl/public/materialegislativa/2022/8185/28082024141822arquivo_indicacao_139-2022.pdf", "ementa": "INDICAR ao Senhor Prefeito Municipal, que por meio do Departamento competente providencie a instala\u00e7\u00e3o de Ponto de \u00d4nibus coberto no Jardim Bella Casa, em frente ao Hospital Regional"}, {"id": "8186", "ano": "2022", "numero": "140", "tipo__sigla": "IND", "tipo__descricao": "Indica\u00e7\u00e3o", "autoria": "Carniato", "texto_original": "http://sapl.ivaipora.pr.leg.br/media/sapl/public/materialegislativa/2022/8186/28082024142039arquivo_indicacao_140-2022.pdf", "ementa": "INDICAR ao Senhor Prefeito Municipal, que: por meio do Departamento competente analise a possibilidade de enviar proposta ao SESC para que seja firmado conv\u00eanio na especialidade de atendimento odontol\u00f3gico e psicol\u00f3gico, bem como academia para os funcion\u00e1rios p\u00fablicos, dependente e familiares. Servi\u00e7o Social do Com\u00e9rcio (SESC), institui\u00e7\u00e3o sem fins lucrativos mantida no Brasil com o intuito de promover a assist\u00eancia, cultura, educa\u00e7\u00e3o, lazer e sa\u00fade dos funcion\u00e1rios de companhias do com\u00e9rcio, assim como de seus dependentes e da sociedade em geral. A celebra\u00e7\u00e3o do conv\u00eanio estende este atendimento dos trabalhadores do com\u00e9rcio aos servidores p\u00fablicos."}, {"id": "8189", "ano": "2022", "numero": "141", "tipo__sigla": "IND", "tipo__descricao": "Indica\u00e7\u00e3o", "autoria": "Carniato", "texto_original": "http://sapl.ivaipora.pr.leg.br/media/sapl/public/materialegislativa/2022/8189/28082024142258arquivo_indicacao_141-2022.pdf", "ementa": "INDICAR ao Senhor Prefeito Municipal, que por meio do Departamento Competente, analise e providencie a constru\u00e7\u00e3o de acostamento na Rodovia Celso Fumio Makita\u2013 em frente aos Bombeiros. Os pedestres acabam caminhando na rodovia por falta de acostamento, colocando-se em riscos."}, {"id": "8190", "ano": "2022", "numero": "142", "tipo__sigla": "IND", "tipo__descricao": "Indica\u00e7\u00e3o", "autoria": "Carniato", "texto_original": "http://sapl.ivaipora.pr.leg.br/media/sapl/public/materialegislativa/2022/8190/28082024142635arquivo_indicacao_142-2022.pdf", "ementa": "INDICAR ao Senhor Prefeito Municipal, que por meio do Departamento competente providencie recapeamento asf\u00e1ltico no P\u00e1tio de M\u00e1quinas do Munic\u00edpio."}, {"id": "8193", "ano": "2022", "numero": "143", "tipo__sigla": "IND", "tipo__descricao": "Indica\u00e7\u00e3o", "autoria": "Z\u00e9 Maria", "texto_original": "http://sapl.ivaipora.pr.leg.br/media/sapl/public/materialegislativa/2022/8193/28082024142932arquivo_indicacao_143-2022.pdf", "ementa": "INDICAR ao Senhor Prefeito Municipal, que por meio do Departamento competente providencie melhorias como pedra irregular na rua Travessa Bulha e Ilumina\u00e7\u00e3o P\u00fablica em frente a ch\u00e1cara n\u00b0 70 na Vila Monte Castelo. Segue anexo fotos."}, {"id": "8194", "ano": "2022", "numero": "144", "tipo__sigla": "IND", "tipo__descricao": "Indica\u00e7\u00e3o", "autoria": "Gertrudes", "texto_original": "http://sapl.ivaipora.pr.leg.br/media/sapl/public/materialegislativa/2022/8194/28082024143147arquivo_indicacao_144-2022.pdf", "ementa": "INDICAR ao Senhor Prefeito Municipal Luiz Carlos Gil, que por meio do departamento competente, analise e providencie a denomina\u00e7\u00e3o do Centro Cultural, sendo \u201cCentro Cultural Olivia Hauptmann\u201d, em forma de homenagem."}, {"id": "8247", "ano": "2022", "numero": "145", "tipo__sigla": "IND", "tipo__descricao": "Indica\u00e7\u00e3o", "autoria": "Vila Real, Carniato, Fio Bertotti, Gertrudes, Jaffer Ferreira, Josane Disner, Nando Dorta, Sab\u00e3o - Edivaldo Montanheri, Z\u00e9 Maria", "texto_original": "http://sapl.ivaipora.pr.leg.br/media/sapl/public/materialegislativa/2022/8247/03092024134508arquivo_indicacao_145-2022_1.pdf", "ementa": "INDICAR ao Senhor Prefeito Municipal, que por meio do Departamento competente, notifique a Empresa respons\u00e1vel pela esta\u00e7\u00e3o de tratamento para que tampem os buracos que foram feitos durante a obra na rodovia Nicolau Koltun que liga ao Distrito de Jacutinga, pois esta muito perigoso."}, {"id": "8248", "ano": "2022", "numero": "146", "tipo__sigla": "IND", "tipo__descricao": "Indica\u00e7\u00e3o", "autoria": "Fio Bertotti, Carniato, Gertrudes", "texto_original": "http://sapl.ivaipora.pr.leg.br/media/sapl/public/materialegislativa/2022/8248/03092024134804arquivo_indicacao_146-2022.pdf", "ementa": "INDICAREM ao Senhor Prefeito Municipal, que por meio do Departamento Competente, providencie a coloca\u00e7\u00e3o de pedras irregular na estrada que vai da Rodovia L\u00e1zaro Bueno at\u00e9 a comunidade do Pindauvinha, facilitando o acesso em dias de chuva."}, {"id": "8249", "ano": "2022", "numero": "147", "tipo__sigla": "IND", "tipo__descricao": "Indica\u00e7\u00e3o", "autoria": "Fio Bertotti", "texto_original": "http://sapl.ivaipora.pr.leg.br/media/sapl/public/materialegislativa/2022/8249/03092024135004arquivo_indicacao_147-2022.pdf", "ementa": "INDICAR ao Senhor Prefeito Municipal, que por meio do Departamento Competente, providencie a coloca\u00e7\u00e3o de pedras irregular na estrada que vai da rodovia L\u00e1zaro Bueno, at\u00e9 a comunidade do Pindauvinha, facilitando o acesso em dias de chuva."}, {"id": "8250", "ano": "2022", "numero": "148", "tipo__sigla": "IND", "tipo__descricao": "Indica\u00e7\u00e3o", "autoria": "Fio Bertotti", "texto_original": "http://sapl.ivaipora.pr.leg.br/media/sapl/public/materialegislativa/2022/8250/03092024135123arquivo_indicacao_148-2022.pdf", "ementa": "INDICAR ao Senhor Prefeito Municipal, que por meio do Departamento competente, providencie o patrolamento e cascalhamento na rua Luiz Fabo (antiga Rua Arar\u00e1s), fundos do conjunto Jo\u00e3o de Barro, Vila Nova Por\u00e3."}, {"id": "8251", "ano": "2022", "numero": "149", "tipo__sigla": "IND", "tipo__descricao": "Indica\u00e7\u00e3o", "autoria": "Fio Bertotti", "texto_original": "http://sapl.ivaipora.pr.leg.br/media/sapl/public/materialegislativa/2022/8251/03092024135248arquivo_indicacao_149-2022.pdf", "ementa": "INDICAR ao Senhor Prefeito Municipal, que por meio do Departamento competente, providencie a coloca\u00e7\u00e3o de uma mureta de prote\u00e7\u00e3o (Guard Rail), no final da Rua Luiz Pasteur, para dar seguran\u00e7a ao playgraund do Lago das Flores."}, {"id": "8252", "ano": "2022", "numero": "150", "tipo__sigla": "IND", "tipo__descricao": "Indica\u00e7\u00e3o", "autoria": "Gertrudes", "texto_original": "http://sapl.ivaipora.pr.leg.br/media/sapl/public/materialegislativa/2022/8252/03092024135427arquivo_indicacao_150-2022.pdf", "ementa": "INDICAR ao Senhor Prefeito Municipal Luiz Carlos Gil, que por meio do Departamento Competente, analise e providencie a cobertura transparente de policarbonato e pintura no CMEI Em\u00edlia Kuroda, pois h\u00e1 uma grande parte descoberta e quando chove as crian\u00e7as e professores s\u00e3o prejudicados pela chuva."}, {"id": "8298", "ano": "2022", "numero": "151", "tipo__sigla": "IND", "tipo__descricao": "Indica\u00e7\u00e3o", "autoria": "Gertrudes", "texto_original": "http://sapl.ivaipora.pr.leg.br/media/sapl/public/materialegislativa/2022/8298/03092024135427arquivo_indicacao_150-2022.pdf", "ementa": "INDICAR ao Senhor Prefeito Municipal Luiz Carlos Gil, que por meio do Departamento Competente, analise e providencie a cobertura transparente de policarbonato e pintura no CMEI Em\u00edlia Kuroda, pois h\u00e1 uma grande parte descoberta e quando chove as crian\u00e7as e professores s\u00e3o prejudicados pela chuva."}, {"id": "8300", "ano": "2022", "numero": "152", "tipo__sigla": "IND", "tipo__descricao": "Indica\u00e7\u00e3o", "autoria": "Gertrudes", "texto_original": "http://sapl.ivaipora.pr.leg.br/media/sapl/public/materialegislativa/2022/8300/05092024100231arquivo_indicacao_152-2022.pdf", "ementa": "INDICAR ao Senhor Prefeito Municipal Luiz Carlos Gil, que por meio do Departamento Competente, analise e providencie a disponibiliza\u00e7\u00e3o do barrac\u00e3o que fica localizado na Rodovia Celso Fumio Makita, nas proximidades da antiga Marmoraria Arte e Gesso e Alimentos Sanches, com a finalidade de uso para agricultores que queiram comercializar seus produtos como: hortifrutigranjeiro, caf\u00e9 beneficiado, feij\u00e3o, compota, p\u00e3es e etc. A indica\u00e7\u00e3o tem o prop\u00f3sito de ter um procedimento igualit\u00e1rio ao Mercad\u00e3o Municipal e Cooperativas, com o objetivo de incentivar o pequeno e m\u00e9dio agricultor e em um futuro pr\u00f3ximo, o local se tornar uma grande central de abastecimento de hortifrutigranjeiro para Ivaipor\u00e3 e a Regi\u00e3o Central do Paran\u00e1. Segue fotos em anexo."}, {"id": "8301", "ano": "2022", "numero": "153", "tipo__sigla": "IND", "tipo__descricao": "Indica\u00e7\u00e3o", "autoria": "Gertrudes", "texto_original": "http://sapl.ivaipora.pr.leg.br/media/sapl/public/materialegislativa/2022/8301/05092024100403arquivo_indicacao_153-2022.pdf", "ementa": "INDICAR ao Senhor Prefeito Municipal Luiz Carlos Gil, que por meio do Departamento Competente, analise e providencie um parque linear, no trecho compreendido entre a Vila Santa Maria at\u00e9 o Jardim Belo Horizonte na rua Marginal, com Pista de caminhada e revitaliza\u00e7\u00e3o."}, {"id": "8302", "ano": "2022", "numero": "154", "tipo__sigla": "IND", "tipo__descricao": "Indica\u00e7\u00e3o", "autoria": "Gertrudes", "texto_original": "http://sapl.ivaipora.pr.leg.br/media/sapl/public/materialegislativa/2022/8302/05092024100529arquivo_indicacao_154-2022.pdf", "ementa": "INDICAR ao Senhor Prefeito Municipal Luiz Carlos Gil, que por meio do Departamento Competente, analise e providencie a coloca\u00e7\u00e3o de pedras poli\u00e9dricas em seis quadras nas vielas existente no Jardim Belo Horizonte, entre a Rua Padre Anchieta, at\u00e9 a Rua Marginal, que v\u00e3o dar aceso ao futuro Parque Linear, uma antiga reivindica\u00e7\u00e3o da comunidade para tirar os moradores do barro e da poeira."}, {"id": "8303", "ano": "2022", "numero": "155", "tipo__sigla": "IND", "tipo__descricao": "Indica\u00e7\u00e3o", "autoria": "Vila Real", "texto_original": "http://sapl.ivaipora.pr.leg.br/media/", "ementa": "INDICAR ao Senhor Prefeito Municipal, que por meio do Departamento competente, providencie a decreta\u00e7\u00e3o de estado de calamidade p\u00fablica para todo nosso Munic\u00edpio em fun\u00e7\u00e3o a estiagem que afetou diretamente todas as lavouras do nosso munic\u00edpio (soja, milho, feij\u00e3o)."}, {"id": "8304", "ano": "2022", "numero": "156", "tipo__sigla": "IND", "tipo__descricao": "Indica\u00e7\u00e3o", "autoria": "Josane Disner", "texto_original": "http://sapl.ivaipora.pr.leg.br/media/sapl/public/materialegislativa/2022/8304/05092024100848arquivo_indicacao_156-2022.pdf", "ementa": "INDICAR ao Senhor Prefeito Municipal, que por meio do Departamento competente, providencie a limpeza na ponte de acesso secund\u00e1rio (Vila Santa Maria), que se encontra com mato muito alto, impossibilitando a visualiza\u00e7\u00e3o para trafegar com seguran\u00e7a na pista, bem como o alargamento da mesma."}, {"id": "8305", "ano": "2022", "numero": "157", "tipo__sigla": "IND", "tipo__descricao": "Indica\u00e7\u00e3o", "autoria": "Josane Disner", "texto_original": "http://sapl.ivaipora.pr.leg.br/media/sapl/public/materialegislativa/2022/8305/05092024101015arquivo_indicacao_157-2022.pdf", "ementa": "INDICAR ao Senhor Prefeito Municipal, que por meio do Departamento competente, providencie a implanta\u00e7\u00e3o de faixa elevada e sinaliza\u00e7\u00e3o na Rua Dorvalina de Jesus, Vila Nova Por\u00e3 pr\u00f3ximo a oficina do Bod\u00e3o, onde houve dois graves acidentes recentemente pois h\u00e1 pouca visibilidade devido a curva."}, {"id": "8307", "ano": "2022", "numero": "158", "tipo__sigla": "IND", "tipo__descricao": "Indica\u00e7\u00e3o", "autoria": "Josane Disner", "texto_original": "http://sapl.ivaipora.pr.leg.br/media/sapl/public/materialegislativa/2022/8307/05092024102642arquivo_indicacao_158-2022.pdf", "ementa": "INDICAR ao Senhor Prefeito Municipal, que por meio do Departamento competente, analise a possibilidade de implanta\u00e7\u00e3o do modelo 3-D de faixa de pedestre no tr\u00e2nsito, bem como, disponibilizar a capacita\u00e7\u00e3o para a equipe de pintura. Foto em anexo."}, {"id": "8308", "ano": "2022", "numero": "159", "tipo__sigla": "IND", "tipo__descricao": "Indica\u00e7\u00e3o", "autoria": "Josane Disner", "texto_original": "http://sapl.ivaipora.pr.leg.br/media/sapl/public/materialegislativa/2022/8308/05092024102804arquivo_indicacao_159-2022.pdf", "ementa": "INDICAR ao Senhor Prefeito Municipal, que por meio do Departamento competente, providencie cascalhamento na estrada do Bulha F, entre os S\u00edtios S\u00e3o Jo\u00e3o e Santa Rita."}, {"id": "8309", "ano": "2022", "numero": "160", "tipo__sigla": "IND", "tipo__descricao": "Indica\u00e7\u00e3o", "autoria": "Z\u00e9 Maria", "texto_original": "http://sapl.ivaipora.pr.leg.br/media/sapl/public/materialegislativa/2022/8309/05092024102952arquivo_indicacao_160-2022.pdf", "ementa": "INDICAR ao Senhor Prefeito Municipal, que por meio do Departamento competente que analise e providencie a constru\u00e7\u00e3o de uma pra\u00e7a com a instala\u00e7\u00e3o de academia e playground no Jardim Universit\u00e1rio, no espa\u00e7o reservado para este fim."}, {"id": "8310", "ano": "2022", "numero": "161", "tipo__sigla": "IND", "tipo__descricao": "Indica\u00e7\u00e3o", "autoria": "Carniato", "texto_original": "http://sapl.ivaipora.pr.leg.br/media/sapl/public/materialegislativa/2022/8310/05092024103113arquivo_indicacao_161-2022.pdf", "ementa": "INDICAR ao Senhor Prefeito Municipal, que por meio do Departamento competente providencie a manuten\u00e7\u00e3o e reparos em todas as academias da terceira idade."}, {"id": "8311", "ano": "2022", "numero": "162", "tipo__sigla": "IND", "tipo__descricao": "Indica\u00e7\u00e3o", "autoria": "Carniato", "texto_original": "http://sapl.ivaipora.pr.leg.br/media/sapl/public/materialegislativa/2022/8311/05092024103234arquivo_indicacao_162-2022.pdf", "ementa": "INDICAR ao Senhor Prefeito Municipal, que por meio do Departamento competente que analise a possibilidade de implanta\u00e7\u00e3o de uma farm\u00e1cia de manipula\u00e7\u00e3o, para produ\u00e7\u00e3o de medicamentos de baixo custo para \u00e0 popula\u00e7\u00e3o a serem fornecidos pela Secretaria Municipal de Sa\u00fade."}, {"id": "8330", "ano": "2022", "numero": "163", "tipo__sigla": "IND", "tipo__descricao": "Indica\u00e7\u00e3o", "autoria": "Carniato", "texto_original": "http://sapl.ivaipora.pr.leg.br/media/sapl/public/materialegislativa/2022/8330/06092024140254arquivo_indicacao_163-2022.pdf", "ementa": "INDICAR ao Senhor Prefeito Municipal, que por meio do Departamento competente providencie coloca\u00e7\u00e3o de tampa na boca de lobo na avenida Tancredo Neves, esquina com rua Corn\u00e9lio Proc\u00f3pio \u2013 em frente ao mercado Novo Ponto."}, {"id": "8331", "ano": "2022", "numero": "164", "tipo__sigla": "IND", "tipo__descricao": "Indica\u00e7\u00e3o", "autoria": "Carniato", "texto_original": "http://sapl.ivaipora.pr.leg.br/media/sapl/public/materialegislativa/2022/8331/06092024140446arquivo_indicacao_164-2022.pdf", "ementa": "INDICAR ao Senhor Prefeito Municipal, que por meio do Departamento competente providencie a aquisi\u00e7\u00e3o de gaiolas de seguran\u00e7a para borracharia do p\u00e1tio de m\u00e1quinas."}, {"id": "8332", "ano": "2022", "numero": "165", "tipo__sigla": "IND", "tipo__descricao": "Indica\u00e7\u00e3o", "autoria": "Sab\u00e3o - Edivaldo Montanheri", "texto_original": "http://sapl.ivaipora.pr.leg.br/media/sapl/public/materialegislativa/2022/8332/06092024140625arquivo_indicacao_165-2022.pdf", "ementa": "INDICAR ao Senhor Prefeito Municipal, que por meio do Departamento competente providencie o cal\u00e7amento com pedras irregulares no prolongamento da rua Joaquim Bonif\u00e1cio at\u00e9 a rua tupiniquins no jardim alto da gloria."}, {"id": "8333", "ano": "2022", "numero": "166", "tipo__sigla": "IND", "tipo__descricao": "Indica\u00e7\u00e3o", "autoria": "Vila Real", "texto_original": "http://sapl.ivaipora.pr.leg.br/media/sapl/public/materialegislativa/2022/8333/06092024140858arquivo_indicacao_166-2022.pdf", "ementa": "requerer o envio deste a Senhora Presidente desta Casa de Leis, para que atrav\u00e9s do Departamento Competente, determine o repasse do ve\u00edculo, marca Fiat/UNO, modelo Mille Economy, ano de fabrica\u00e7\u00e3o 2009, modelo 2010, na cor preta, Placa ARB-9420, a prefeitura municipal para posterior doa\u00e7\u00e3o, pois o ve\u00edculo pertencente a esta casa encontrasse em condi\u00e7\u00f5es prec\u00e1rias de uso. Solicita-se na ocasi\u00e3o que se fa\u00e7a um estudo para aquisi\u00e7\u00e3o de um novo ve\u00edculo que atenda o deslocamento em \u00e1reas rurais."}, {"id": "8334", "ano": "2022", "numero": "167", "tipo__sigla": "IND", "tipo__descricao": "Indica\u00e7\u00e3o", "autoria": "Jaffer Ferreira", "texto_original": "http://sapl.ivaipora.pr.leg.br/media/sapl/public/materialegislativa/2022/8334/06092024141240arquivo_indicacao_167-2022.pdf", "ementa": "INDICAR ao Senhor Prefeito Municipal, que por meio do Departamento competente, providencie pedras irregulares e tamb\u00e9m fazer uma limpeza no mato que est\u00e1 invadindo a Rua Magno Felix da Silva no Bairro Santa Maria. Conforme as fotos em anexo."}, {"id": "8335", "ano": "2022", "numero": "168", "tipo__sigla": "IND", "tipo__descricao": "Indica\u00e7\u00e3o", "autoria": "Jaffer Ferreira", "texto_original": "http://sapl.ivaipora.pr.leg.br/media/sapl/public/materialegislativa/2022/8335/06092024141358arquivo_indicacao_168-2022.pdf", "ementa": "INDICAR ao Senhor Prefeito Municipal, que por meio do Departamento competente, providencie um redutor de velocidade na Rua Lea Valviverde Pirolo, no bairro jardim Belo Horizonte."}, {"id": "8336", "ano": "2022", "numero": "169", "tipo__sigla": "IND", "tipo__descricao": "Indica\u00e7\u00e3o", "autoria": "Jaffer Ferreira", "texto_original": "http://sapl.ivaipora.pr.leg.br/media/sapl/public/materialegislativa/2022/8336/06092024141455arquivo_indicacao_169-2022.pdf", "ementa": "INDICAR ao Senhor Prefeito Municipal, que por meio do Departamento competente, providencie tampas de bueiro na Rua Visconde do Rio Branco, na Vila Jo\u00e3o XXIII."}, {"id": "8337", "ano": "2022", "numero": "170", "tipo__sigla": "IND", "tipo__descricao": "Indica\u00e7\u00e3o", "autoria": "Jaffer Ferreira", "texto_original": "http://sapl.ivaipora.pr.leg.br/media/sapl/public/materialegislativa/2022/8337/06092024141643arquivo_indicacao_170-2022.pdf", "ementa": "INDICAR ao Senhor Prefeito Municipal, que por meio do Departamento competente, providencie a implanta\u00e7\u00e3o um redutor de velocidades na Avenida Brasil, centro, pr\u00f3ximo da igreja comunidade videira."}, {"id": "8338", "ano": "2022", "numero": "171", "tipo__sigla": "IND", "tipo__descricao": "Indica\u00e7\u00e3o", "autoria": "Jaffer Ferreira", "texto_original": "http://sapl.ivaipora.pr.leg.br/media/sapl/public/materialegislativa/2022/8338/06092024142004arquivo_indicacao_171-2022.pdf", "ementa": "INDICAR ao Senhor Prefeito Municipal, que por meio do departamento competente, sejam tomadas as devidas provid\u00eancias, para a cria\u00e7\u00e3o de um Projeto de Lei que \u201cInstitui e concede a Bolsa Atleta aos atletas do munic\u00edpio de Ivaipor\u00e3 PR\u201d, como incentivo para participantes de competi\u00e7\u00f5es relevantes, e que levam o nome do munic\u00edpio em diversas modalidades. JUSTIFICATIVA A cria\u00e7\u00e3o desse Projeto de Lei \u00e9 uma forma de criar uma pol\u00edtica p\u00fablica de incentivo aos talentos locais do esporte, atrav\u00e9s de ajuda financeira, como custeio para viagens, inscri\u00e7\u00f5es, hospedagem e alimenta\u00e7\u00e3o para os atletas. Temos alguns atletas de futsal que jogam as s\u00e9ries prata e bronze. Temos potencial no t\u00eanis de mesa basquete e v\u00f4lei al\u00e9m de outras modalidades. A maioria dos praticantes de esportes muitas vezes deixam de praticar mais intensamente por quest\u00f5es financeiras uma vez que o tempo que poderiam dispor para os treinamentos s\u00e3o obrigados a trabalharem para seu sustento e at\u00e9 mesmo para custear seus estudos,"}, {"id": "8339", "ano": "2022", "numero": "172", "tipo__sigla": "IND", "tipo__descricao": "Indica\u00e7\u00e3o", "autoria": "Z\u00e9 Maria", "texto_original": "http://sapl.ivaipora.pr.leg.br/media/sapl/public/materialegislativa/2022/8339/06092024142134arquivo_indicacao_172-2022.pdf", "ementa": "INDICAR ao Senhor Prefeito Municipal, que por meio do Departamento competente que se fa\u00e7a uma cobertura do ponto de \u00f4nibus na rua Xavantes no Jardim Itaip\u00fa de frente a casa n 1.210 pois os bancos encontram se quebrados e cheio de matos. Segue fotos anexa."}, {"id": "8340", "ano": "2022", "numero": "173", "tipo__sigla": "IND", "tipo__descricao": "Indica\u00e7\u00e3o", "autoria": "Z\u00e9 Maria", "texto_original": "http://sapl.ivaipora.pr.leg.br/media/sapl/public/materialegislativa/2022/8340/06092024142258arquivo_indicacao_173-2022.pdf", "ementa": "INDICAR ao Senhor Prefeito Municipal, que por meio do Departamento competente que se fa\u00e7a a manuten\u00e7\u00e3o da boca de lobo que se encontra entupida na rua Avaiandava no jardim Itaipu . Segue fotos anexa."}, {"id": "8341", "ano": "2022", "numero": "174", "tipo__sigla": "IND", "tipo__descricao": "Indica\u00e7\u00e3o", "autoria": "Carniato", "texto_original": "http://sapl.ivaipora.pr.leg.br/media/sapl/public/materialegislativa/2022/8341/06092024142510arquivo_indicacao_174-2022.pdf", "ementa": "INDICAR ao Senhor Prefeito Municipal, que por meio do Departamento competente que se fa\u00e7a cascalhamento da rua Osvaldino Chaves Concei\u00e7\u00e3o, no Bairro Jardim S\u00e3o Pedro."}, {"id": "8342", "ano": "2022", "numero": "175", "tipo__sigla": "IND", "tipo__descricao": "Indica\u00e7\u00e3o", "autoria": "Carniato", "texto_original": "http://sapl.ivaipora.pr.leg.br/media/sapl/public/materialegislativa/2022/8342/06092024142712arquivo_indicacao_175-2022.pdf", "ementa": "INDICAR ao Senhor Prefeito Municipal, que por meio do Departamento competente providencie recapeamento asf\u00e1ltico na Avenida Ladislau Gil Fernandes pr\u00f3ximo a mercearia do Dami\u00e3o."}, {"id": "8343", "ano": "2022", "numero": "176", "tipo__sigla": "IND", "tipo__descricao": "Indica\u00e7\u00e3o", "autoria": "Carniato", "texto_original": "http://sapl.ivaipora.pr.leg.br/media/sapl/public/materialegislativa/2022/8343/06092024142902arquivo_indicacao_176-2022.pdf", "ementa": "INDICAR ao Senhor Prefeito Municipal, que por meio do Departamento competente fa\u00e7a a manuten\u00e7\u00e3o da boca de lobo, bem como limpeza e lacre, na Rua Jos\u00e9 de Alencar, no Jardim Belo Horizonte. (Segue foto anexo)"}, {"id": "8344", "ano": "2022", "numero": "177", "tipo__sigla": "IND", "tipo__descricao": "Indica\u00e7\u00e3o", "autoria": "Sab\u00e3o - Edivaldo Montanheri", "texto_original": "http://sapl.ivaipora.pr.leg.br/media/sapl/public/materialegislativa/2022/8344/06092024143303arquivo_indicacao_177-2022.pdf", "ementa": "INDICAR ao Senhor Prefeito Municipal, que por meio do Departamento competente se fa\u00e7a capina na rua Madureira antiga rua da Estrada Usina Velha, pr\u00f3ximo a Diaconia S\u00e3o Jos\u00e9 consiste numa reinvindica\u00e7\u00e3o constante dos moradores, os quais reclamam que o mato est\u00e1 invadindo a rua."}, {"id": "8345", "ano": "2022", "numero": "178", "tipo__sigla": "IND", "tipo__descricao": "Indica\u00e7\u00e3o", "autoria": "Vila Real", "texto_original": "http://sapl.ivaipora.pr.leg.br/media/sapl/public/materialegislativa/2022/8345/06092024143833arquivo_indicacao_178-2022.pdf", "ementa": "INDICAR ao Senhor Prefeito Municipal, que por meio do Departamento competente, providencie pavimenta\u00e7\u00e3o asf\u00e1ltica, na Rua Ivaipor\u00e3, no Distrito de Jacutinga, que se encontra com pavimenta\u00e7\u00e3o de pedras irregulares, apresentando hoje muitos defeitos como, buracos e desn\u00edveis, atrapalhando o transito de ve\u00edculos leves e pesados, para carga e descarga, junto ao Latic\u00ednio Kolac."}, {"id": "8347", "ano": "2022", "numero": "179", "tipo__sigla": "IND", "tipo__descricao": "Indica\u00e7\u00e3o", "autoria": "Vila Real", "texto_original": "http://sapl.ivaipora.pr.leg.br/media/sapl/public/materialegislativa/2022/8347/06092024143955arquivo_indicacao_179-2022.pdf", "ementa": "INDICAR ao Senhor Prefeito Municipal, que por meio do Departamento competente realize a pavimenta\u00e7\u00e3o asf\u00e1ltica nas ruas Ministro Arames Atha\u00edde, Rua Carlos Gomes e Helio Bittencourt, na Vila Betel."}, {"id": "8348", "ano": "2022", "numero": "180", "tipo__sigla": "IND", "tipo__descricao": "Indica\u00e7\u00e3o", "autoria": "Fio Bertotti", "texto_original": "http://sapl.ivaipora.pr.leg.br/media/sapl/public/materialegislativa/2022/8348/06092024144207arquivo_indicacao_180-2022.pdf", "ementa": "INDICAR ao Senhor Prefeito Municipal, que por meio do Departamento Competente, providencie o patrolamento e cascalhamento da estrada da capita\u00e7\u00e3o de \u00e1gua da Sanepar, rua da Caixa D`Agua, pr\u00f3ximo ao cemit\u00e9rio, com as chuvas recentes muitos buracos apareceram dificultando o tr\u00e1fego."}, {"id": "8350", "ano": "2022", "numero": "181", "tipo__sigla": "IND", "tipo__descricao": "Indica\u00e7\u00e3o", "autoria": "Fio Bertotti", "texto_original": "http://sapl.ivaipora.pr.leg.br/media/sapl/public/materialegislativa/2022/8350/06092024144207arquivo_indicacao_180-2022.pdf", "ementa": "INDICAR ao Senhor Prefeito Municipal, que por meio do Departamento Competente, providencie a recupera\u00e7\u00e3o e manuten\u00e7\u00e3o do canteiro central, na Avenida Maranh\u00e3o, pr\u00f3ximo ao n\u00famero 1.570, v\u00e1rios lugares com meio fio quebrado."}, {"id": "8351", "ano": "2022", "numero": "182", "tipo__sigla": "IND", "tipo__descricao": "Indica\u00e7\u00e3o", "autoria": "Fio Bertotti", "texto_original": "http://sapl.ivaipora.pr.leg.br/media/sapl/public/materialegislativa/2022/8351/06092024144231arquivo_indicacao_181-2022.pdf", "ementa": "INDICAR ao Senhor Prefeito Municipal, que por meio do Departamento Competente, providencie a recupera\u00e7\u00e3o e manuten\u00e7\u00e3o do canteiro central, na Avenida Maranh\u00e3o, pr\u00f3ximo ao n\u00famero 1.570, v\u00e1rios lugares com meio fio quebrado."}, {"id": "8352", "ano": "2022", "numero": "183", "tipo__sigla": "IND", "tipo__descricao": "Indica\u00e7\u00e3o", "autoria": "Fio Bertotti", "texto_original": "http://sapl.ivaipora.pr.leg.br/media/", "ementa": "INDICAR ao Senhor Prefeito Municipal, que por meio do Departamento competente, providencie a reforma, pintura e manuten\u00e7\u00e3o da escola municipal da comunidade de Santa luzia, melhorando assim as condi\u00e7\u00f5es de estudo dos alunos."}, {"id": "8890", "ano": "2022", "numero": "184", "tipo__sigla": "IND", "tipo__descricao": "Indica\u00e7\u00e3o", "autoria": "Fio Bertotti", "texto_original": "http://sapl.ivaipora.pr.leg.br/media/sapl/public/materialegislativa/2022/8890/indicacao_184-2022.pdf", "ementa": "INDICAR ao Senhor Prefeito Municipal Luiz Carlos Gil, que por meio do Departamento de competente, providencie a corre\u00e7\u00e3o de massa asf\u00e1ltica na rua Corn\u00e9lio Proc\u00f3pio, Vila S\u00e3o Pedro, muitos buracos dificultando o trafego."}, {"id": "8891", "ano": "2022", "numero": "185", "tipo__sigla": "IND", "tipo__descricao": "Indica\u00e7\u00e3o", "autoria": "Carniato", "texto_original": "http://sapl.ivaipora.pr.leg.br/media/sapl/public/materialegislativa/2022/8891/indicacao_185-2022.pdf", "ementa": "INDICAR ao Senhor Prefeito Municipal, que por meio do Departamento competente providencie placa de identifica\u00e7\u00e3o nas ruas Londrina esquina com rua Par\u00e1, bem como coloca\u00e7\u00e3o de tampa no bueiro e constru\u00e7\u00e3o de quebra mola na rua Par\u00e1."}, {"id": "8892", "ano": "2022", "numero": "186", "tipo__sigla": "IND", "tipo__descricao": "Indica\u00e7\u00e3o", "autoria": "Carniato", "texto_original": "http://sapl.ivaipora.pr.leg.br/media/sapl/public/materialegislativa/2022/8892/indicacao_186-2022.pdf", "ementa": "INDICAR ao Senhor Prefeito Municipal, que por meio do departamento competente, providencie a constru\u00e7\u00e3o de um ponto de \u00f4nibus coberto na Avenida Maranh\u00e3o, ao lado da Igreja Esp\u00edrito Santo, e outro na entrada da Vila Monte Castelo."}, {"id": "8893", "ano": "2022", "numero": "187", "tipo__sigla": "IND", "tipo__descricao": "Indica\u00e7\u00e3o", "autoria": "Josane Disner", "texto_original": "http://sapl.ivaipora.pr.leg.br/media/sapl/public/materialegislativa/2022/8893/indicacao_187-2022.pdf", "ementa": "INDICAR ao Senhor Prefeito Municipal, que por meio do Departamento competente, providencie o recape asf\u00e1ltico na rua Joaquim Nabuco esquina com a rua Jacarezinho, no Jardim Luiz XV, que se apresenta bastante danificada e os moradores sofrem para transitar."}, {"id": "8894", "ano": "2022", "numero": "188", "tipo__sigla": "IND", "tipo__descricao": "Indica\u00e7\u00e3o", "autoria": "Josane Disner", "texto_original": "http://sapl.ivaipora.pr.leg.br/media/sapl/public/materialegislativa/2022/8894/indicacao_188-2022.pdf", "ementa": "INDICAR ao Senhor Prefeito Municipal, para que seja requisitado ao Senhor Comandante da 6\u00aa Companhia Independente de Pol\u00edcia Militar do Paran\u00e1, que analise a possibilidade de realizar ronda ostensiva na cidade, para coibir o uso de som automotivo acima dos limites permitidos durante o per\u00edodo noturno e do uso de carro ou moto com escapamento barulhento."}, {"id": "8895", "ano": "2022", "numero": "189", "tipo__sigla": "IND", "tipo__descricao": "Indica\u00e7\u00e3o", "autoria": "Josane Disner", "texto_original": "http://sapl.ivaipora.pr.leg.br/media/sapl/public/materialegislativa/2022/8895/indicacao_189-2022.pdf", "ementa": "INDICAR ao Senhor Prefeito Municipal, que por meio do Departamento competente, para que seja visto a possibilidade de criar um Conselho Municipal de Pessoa com Defici\u00eancia em nosso munic\u00edpio."}, {"id": "8896", "ano": "2022", "numero": "190", "tipo__sigla": "IND", "tipo__descricao": "Indica\u00e7\u00e3o", "autoria": "Josane Disner", "texto_original": "http://sapl.ivaipora.pr.leg.br/media/sapl/public/materialegislativa/2022/8896/indicacao_190-2022.pdf", "ementa": "INDICAR ao Senhor Prefeito Municipal, que por meio do Departamento competente, para que seja visto a possibilidade de ELEI\u00c7\u00d5ES para Diretores dos CMEIS (Centro Municipal de Educa\u00e7\u00e3o Infantil), como ocorre nas escolas municipais. \u00c9 importante destacar a relev\u00e2ncia do pleito para garantir o processo democr\u00e1tico dos CMEIS, a participa\u00e7\u00e3o da comunidade na escolha de seus gestores permitindo maiores autonomia nas institui\u00e7\u00f5es, al\u00e9m de respeitar as caracter\u00edsticas pr\u00f3prias do Centro de Educa\u00e7\u00e3o Infantil."}, {"id": "8897", "ano": "2022", "numero": "191", "tipo__sigla": "IND", "tipo__descricao": "Indica\u00e7\u00e3o", "autoria": "Gertrudes", "texto_original": "http://sapl.ivaipora.pr.leg.br/media/", "ementa": "INDICAR ao Senhor Prefeito Municipal Luiz Carlos Gil, que por meio do Departamento Competente, providencie a coloca\u00e7\u00e3o de pedras irregulares na estrada do Pindauvinha."}, {"id": "8898", "ano": "2022", "numero": "192", "tipo__sigla": "IND", "tipo__descricao": "Indica\u00e7\u00e3o", "autoria": "Gertrudes", "texto_original": "http://sapl.ivaipora.pr.leg.br/media/sapl/public/materialegislativa/2022/8898/indicacao_192-2022.pdf", "ementa": "INDICAR ao Senhor Prefeito Municipal, que por meio do departamento competente, providencie a revitaliza\u00e7\u00e3o das duas pra\u00e7as do Jardim Europa (Xurupita), indica\u00e7\u00e3o antiga dos moradores da localidade."}, {"id": "8899", "ano": "2022", "numero": "193", "tipo__sigla": "IND", "tipo__descricao": "Indica\u00e7\u00e3o", "autoria": "Gertrudes", "texto_original": "http://sapl.ivaipora.pr.leg.br/media/sapl/public/materialegislativa/2022/8899/indicacao_193-2022.pdf", "ementa": "INDICAR ao Senhor Prefeito Municipal, que por meio do departamento competente, coloque placas indicativas em todo territ\u00f3rio rural do munic\u00edpio, para indicar bairros e estradas facilitando o deslocamento dos mun\u00edcipes e visitantes."}, {"id": "8900", "ano": "2022", "numero": "194", "tipo__sigla": "IND", "tipo__descricao": "Indica\u00e7\u00e3o", "autoria": "Gertrudes", "texto_original": "http://sapl.ivaipora.pr.leg.br/media/sapl/public/materialegislativa/2022/8900/indicacao_194-2022.pdf", "ementa": "INDICAR ao Senhor Prefeito Municipal, que por meio do departamento competente, providencie um estacionamento de bicicletas no Lago Jardim Bot\u00e2nico, para os usu\u00e1rios que se deslocam com a sua bicicleta para ter acesso aos quiosques."}, {"id": "8901", "ano": "2022", "numero": "195", "tipo__sigla": "IND", "tipo__descricao": "Indica\u00e7\u00e3o", "autoria": "Gertrudes", "texto_original": "http://sapl.ivaipora.pr.leg.br/media/sapl/public/materialegislativa/2022/8901/indicacao_195-2022.pdf", "ementa": "INDICAR ao Senhor Prefeito Municipal Luiz Carlos Gil, que por meio do Departamento Competente, analise e providencie a implanta\u00e7\u00e3o de uma pavimenta\u00e7\u00e3o poli\u00e9drica no Campo Novo, at\u00e9 o Aterro Sanit\u00e1rio e Cooperativa COPEMARI, para facilitar o acesso dos caminh\u00f5es e funcion\u00e1rios."}, {"id": "8902", "ano": "2022", "numero": "196", "tipo__sigla": "IND", "tipo__descricao": "Indica\u00e7\u00e3o", "autoria": "Jaffer Ferreira", "texto_original": "http://sapl.ivaipora.pr.leg.br/media/sapl/public/materialegislativa/2022/8902/indicacao_196-2022.pdf", "ementa": "INDICAR ao Senhor Prefeito Municipal, que por meio do departamento competente, um recape asf\u00e1ltico na Rua Rio Grande do Sul no trecho da Avenida Paran\u00e1 com a Rua Para\u00edba centro."}, {"id": "8903", "ano": "2022", "numero": "197", "tipo__sigla": "IND", "tipo__descricao": "Indica\u00e7\u00e3o", "autoria": "Jaffer Ferreira", "texto_original": "http://sapl.ivaipora.pr.leg.br/media/sapl/public/materialegislativa/2022/8903/indicacao_197-2022.pdf", "ementa": "INDICAR ao Senhor Prefeito Municipal, que por meio do departamento competente, que fa\u00e7a um estudo na Avenida Brasil em frente ao Monzak Est\u00e9tica Automotiva at\u00e9 Pampas Moto Pe\u00e7as, para viabilizar mais vagas do lado esquerdo devido \u00e0 falta de estacionamento. Anexo assinado."}, {"id": "8905", "ano": "2022", "numero": "198", "tipo__sigla": "IND", "tipo__descricao": "Indica\u00e7\u00e3o", "autoria": "Jaffer Ferreira", "texto_original": "http://sapl.ivaipora.pr.leg.br/media/sapl/public/materialegislativa/2022/8905/indicacao_198-2022.pdf", "ementa": "INDICAR ao Senhor Prefeito Municipal, que por meio do departamento competente, que fa\u00e7a um estudo na Avenida Brasil em frente ao Monzak Est\u00e9tica Automotiva at\u00e9 Pampas Moto Pe\u00e7as, para viabilizar mais vagas do lado esquerdo devido \u00e0 falta de estacionamento. Anexo assinado."}, {"id": "8906", "ano": "2022", "numero": "199", "tipo__sigla": "IND", "tipo__descricao": "Indica\u00e7\u00e3o", "autoria": "Jaffer Ferreira", "texto_original": "http://sapl.ivaipora.pr.leg.br/media/sapl/public/materialegislativa/2022/8906/indicacao_199-2022.pdf", "ementa": "INDICAR ao Senhor Prefeito Municipal, que por meio do departamento competente, a extens\u00e3o do quebra mola na Rua Mangueira em frente ao bar do bugio, o quebra mola n\u00e3o se estende por toda rua, sendo assim os motorista est\u00e3o desviando. Estudar uma maneira que os motoristas n\u00e3o possam desviar. foto em anexo."}, {"id": "8907", "ano": "2022", "numero": "200", "tipo__sigla": "IND", "tipo__descricao": "Indica\u00e7\u00e3o", "autoria": "Jaffer Ferreira", "texto_original": "http://sapl.ivaipora.pr.leg.br/media/sapl/public/materialegislativa/2022/8907/indicacao_200-2022.pdf", "ementa": "INDICAR ao Senhor Prefeito Municipal, que por meio do departamento competente, se for poss\u00edvel implantar uma internet gratuita para popula\u00e7\u00e3o do distrito do ALTO POR\u00c3 na pra\u00e7a p\u00fablica."}, {"id": "8968", "ano": "2022", "numero": "201", "tipo__sigla": "IND", "tipo__descricao": "Indica\u00e7\u00e3o", "autoria": "Z\u00e9 Maria", "texto_original": "http://sapl.ivaipora.pr.leg.br/media/sapl/public/materialegislativa/2022/8968/indicacao_201-2022.pdf", "ementa": "INDICAR ao Senhor Prefeito Municipal, que por meio do Departamento competente que fa\u00e7a a recupera\u00e7\u00e3o asf\u00e1ltica da Rua Aquidauana, Centro ao lado do posto de molas Dal Cool. fotos em anexo."}, {"id": "8969", "ano": "2022", "numero": "202", "tipo__sigla": "IND", "tipo__descricao": "Indica\u00e7\u00e3o", "autoria": "Josane Disner", "texto_original": "http://sapl.ivaipora.pr.leg.br/media/sapl/public/materialegislativa/2022/8969/indicacao_202-2022.pdf", "ementa": "INDICAR ao Senhor Prefeito Municipal, que por meio do Departamento competente, para que seja visto a possibilidade da implanta\u00e7\u00e3o de \u201cboca de lobo inteligente\u201d nos logradouros do nosso Munic\u00edpio."}, {"id": "8970", "ano": "2022", "numero": "203", "tipo__sigla": "IND", "tipo__descricao": "Indica\u00e7\u00e3o", "autoria": "Josane Disner", "texto_original": "http://sapl.ivaipora.pr.leg.br/media/sapl/public/materialegislativa/2022/8970/indicacao_203-2022.pdf", "ementa": "INDICAR ao Senhor Prefeito Municipal, que por meio do Departamento competente, para que seja visto a possibilidade: da instala\u00e7\u00e3o de redutor de velocidades na Rua Alvorada em frente a quitanda da Michele, pois trafegam em alta velocidade."}, {"id": "8971", "ano": "2022", "numero": "204", "tipo__sigla": "IND", "tipo__descricao": "Indica\u00e7\u00e3o", "autoria": "Josane Disner", "texto_original": "http://sapl.ivaipora.pr.leg.br/media/sapl/public/materialegislativa/2022/8971/indicacao_204-2022.pdf", "ementa": "INDICAR ao Senhor Prefeito Municipal, que por meio do Departamento competente, para que seja visto a possibilidade da elabora\u00e7\u00e3o de Carteirinhas para idosos, no sentido de que os mesmos possam ter em qualquer \u00e1rea um tratamento diferenciado."}, {"id": "8972", "ano": "2022", "numero": "205", "tipo__sigla": "IND", "tipo__descricao": "Indica\u00e7\u00e3o", "autoria": "Josane Disner", "texto_original": "http://sapl.ivaipora.pr.leg.br/media/sapl/public/materialegislativa/2022/8972/indicacao_205-2022.pdf", "ementa": "para que seja visto a possibilidade de realizar a ro\u00e7ada na estrada entre o campo do Vani e a Copemari."}, {"id": "8973", "ano": "2022", "numero": "206", "tipo__sigla": "IND", "tipo__descricao": "Indica\u00e7\u00e3o", "autoria": "Z\u00e9 Maria", "texto_original": "http://sapl.ivaipora.pr.leg.br/media/sapl/public/materialegislativa/2022/8973/indicacao_206-2022.pdf", "ementa": "INDICAR ao Senhor Prefeito Municipal, que por meio do Departamento competente que fa\u00e7a a manuten\u00e7\u00e3o da boca de lobo entupida e tampa quebrada na Rua Apucarana ao lado da auto el\u00e9trica Iva\u00ed D\u00ednamo."}, {"id": "8974", "ano": "2022", "numero": "207", "tipo__sigla": "IND", "tipo__descricao": "Indica\u00e7\u00e3o", "autoria": "Fio Bertotti", "texto_original": "http://sapl.ivaipora.pr.leg.br/media/sapl/public/materialegislativa/2022/8974/indicacao_207-2022.pdf", "ementa": "INDICAR ao Senhor Prefeito Municipal, que por meio do Departamento Competente, providencie a continua\u00e7\u00e3o da rede de ilumina\u00e7\u00e3o p\u00fablica at\u00e9 o final da rua Brigadeiro Correa de Melo, no conjunto Mour\u00e3o Filho"}, {"id": "8976", "ano": "2022", "numero": "208", "tipo__sigla": "IND", "tipo__descricao": "Indica\u00e7\u00e3o", "autoria": "Fio Bertotti", "texto_original": "http://sapl.ivaipora.pr.leg.br/media/", "ementa": "INDICAR ao Senhor Prefeito Municipal, que por meio do Departamento Competente, providencie a coloca\u00e7\u00e3o de pedra irregular na estrada que liga o Jardim Ipor\u00e3, at\u00e9 a estrada de Santa B\u00e1rbara, atr\u00e1s da Vila Residencial Furnas."}, {"id": "8977", "ano": "2022", "numero": "209", "tipo__sigla": "IND", "tipo__descricao": "Indica\u00e7\u00e3o", "autoria": "Fio Bertotti", "texto_original": "http://sapl.ivaipora.pr.leg.br/media/sapl/public/materialegislativa/2022/8977/indicacao_209-2022.pdf", "ementa": "INDICAR ao Senhor Prefeito Municipal, que por meio do Departamento competente, providencie a corre\u00e7\u00e3o de massa asf\u00e1ltica e manuten\u00e7\u00e3o na rua Ponta Grossa, come\u00e7ando na Avenida Brasil, at\u00e9 a Rua Juarez Cleve."}, {"id": "8980", "ano": "2022", "numero": "210", "tipo__sigla": "IND", "tipo__descricao": "Indica\u00e7\u00e3o", "autoria": "Fio Bertotti", "texto_original": "http://sapl.ivaipora.pr.leg.br/media/sapl/public/materialegislativa/2022/8980/indicacao_210-2022.pdf", "ementa": "INDICAR ao Senhor Prefeito Municipal, que por meio do Departamento competente, providencie a coloca\u00e7\u00e3o de m\u00e3o \u00fanica na rua Professora Diva Proen\u00e7a, em frente ao Espetinho do Gilbertinho, diminuindo o trafego e facilitando o deslocamento das ambul\u00e2ncias do Samu."}, {"id": "8981", "ano": "2022", "numero": "211", "tipo__sigla": "IND", "tipo__descricao": "Indica\u00e7\u00e3o", "autoria": "Jaffer Ferreira", "texto_original": "http://sapl.ivaipora.pr.leg.br/media/sapl/public/materialegislativa/2022/8981/indicacao_211-2022.pdf", "ementa": "INDICAR ao Senhor Prefeito Municipal, que por meio do Departamento competente, que realize um estudo em rela\u00e7\u00e3o as propriedades rurais que necessitam de uma m\u00e1quina para fazer um explanado, um carreador, enfim fazer o que for necess\u00e1rio para colaborar com nossos agricultores do nosso mun\u00edcipio."}, {"id": "8982", "ano": "2022", "numero": "212", "tipo__sigla": "IND", "tipo__descricao": "Indica\u00e7\u00e3o", "autoria": "Jaffer Ferreira", "texto_original": "http://sapl.ivaipora.pr.leg.br/media/sapl/public/materialegislativa/2022/8982/indicacao_212-2022.pdf", "ementa": "INDICAR ao Senhor Prefeito Municipal, que por meio do Departamento competente, providencie um estudo se poss\u00edvel para fazer a pedra Irregular da Col\u00f4nia da Prefeitura at\u00e9 o conjunto Jo\u00e3o de Barro."}, {"id": "8984", "ano": "2022", "numero": "213", "tipo__sigla": "IND", "tipo__descricao": "Indica\u00e7\u00e3o", "autoria": "Jaffer Ferreira", "texto_original": "http://sapl.ivaipora.pr.leg.br/media/sapl/public/materialegislativa/2022/8984/indicacao_213-2022.pdf", "ementa": "INDICAR ao Senhor Prefeito Municipal, que por meio do Departamento competente, providencie uma conversa com o Prefeito de Jardim Alegre Sr. Furlan para fazer uma parceria e melhorar a sinaliza\u00e7\u00e3o (Ilumina\u00e7\u00e3o,limpeza faixas etc ) dois Trevos que pertencem ao Munic\u00edpio de Jardim Alegre, devido a v\u00e1rios acidentes que ocorrem nesses locais, precisamos dar mais seguran\u00e7a a todos que ali trafegam."}, {"id": "8986", "ano": "2022", "numero": "214", "tipo__sigla": "IND", "tipo__descricao": "Indica\u00e7\u00e3o", "autoria": "Jaffer Ferreira", "texto_original": "http://sapl.ivaipora.pr.leg.br/media/sapl/public/materialegislativa/2022/8986/indicacao_214-2022.pdf", "ementa": "INDICAR ao Senhor Prefeito Municipal, que por meio do Departamento competente, providencie um estudo para colocar mais um M\u00e9dico no atendimento no postinho do distrito do Alto Por\u00e3 para melhor atender nossa popula\u00e7\u00e3o desta localidade."}, {"id": "8988", "ano": "2022", "numero": "215", "tipo__sigla": "IND", "tipo__descricao": "Indica\u00e7\u00e3o", "autoria": "Jaffer Ferreira", "texto_original": "http://sapl.ivaipora.pr.leg.br/media/sapl/public/materialegislativa/2022/8988/indicacao_215-2022.pdf", "ementa": "INDICAR ao Senhor Prefeito Municipal, que por meio do departamento competente, contratar um padeiro para que volta a funcionar a padaria do projeto renascer. Pois em outros mandatos sempre funcionou."}, {"id": "8989", "ano": "2022", "numero": "216", "tipo__sigla": "IND", "tipo__descricao": "Indica\u00e7\u00e3o", "autoria": "Fio Bertotti", "texto_original": "http://sapl.ivaipora.pr.leg.br/media/", "ementa": "INDICAR ao Senhor Prefeito Municipal Luiz Carlos Gil, que por meio do Departamento de competente, a possibilidade de constru\u00e7\u00e3o de um Parque e um lago no final da rua Bangu, no Jardim Guanabara II, contendo pista de caminhada, playground para as crian\u00e7as e academia ao ar livre, beneficiando os moradores tamb\u00e9m do Jardim Pires, conjunto Jo\u00e3o de Barro e Vila Nova Por\u00e3."}, {"id": "8991", "ano": "2022", "numero": "217", "tipo__sigla": "IND", "tipo__descricao": "Indica\u00e7\u00e3o", "autoria": "Carniato", "texto_original": "http://sapl.ivaipora.pr.leg.br/media/sapl/public/materialegislativa/2022/8991/indicacao_217-2022.pdf", "ementa": "INDICAR ao Senhor Prefeito Municipal, que por meio do Departamento do competente providencie recape asf\u00e1ltico na Rua Rio Grande do Sul, entre as Ruas Orlando Buratto e Jacob Goedert."}, {"id": "8992", "ano": "2022", "numero": "218", "tipo__sigla": "IND", "tipo__descricao": "Indica\u00e7\u00e3o", "autoria": "Carniato", "texto_original": "http://sapl.ivaipora.pr.leg.br/media/sapl/public/materialegislativa/2022/8992/indicacao_218-2022.pdf", "ementa": "INDICAR ao Senhor Prefeito Municipal, que por meio do Departamento competente providencie tampa para boca de lobo no cruzamento da rua Apucarana com a Av Ladislau Gil Fernandes."}, {"id": "8994", "ano": "2022", "numero": "219", "tipo__sigla": "IND", "tipo__descricao": "Indica\u00e7\u00e3o", "autoria": "Carniato", "texto_original": "http://sapl.ivaipora.pr.leg.br/media/sapl/public/materialegislativa/2022/8994/indicacao_219-2022.pdf", "ementa": "INDICAR ao Senhor Prefeito Municipal, que por meio do Departamento competente providencie adequa\u00e7\u00e3o, patrolamento e cascalhamento na estrada que liga estrada do Santa Barbara \u00e0 Agua da Prata, passando pela antiga Diaconia Santa Isabel."}, {"id": "8995", "ano": "2022", "numero": "220", "tipo__sigla": "IND", "tipo__descricao": "Indica\u00e7\u00e3o", "autoria": "Carniato", "texto_original": "http://sapl.ivaipora.pr.leg.br/media/sapl/public/materialegislativa/2022/8995/indicacao_220-2022.pdf", "ementa": "INDICAR ao Senhor Prefeito Municipal, para que por meio do Departamento competente analise e providencie a sinaliza\u00e7\u00e3o e implanta\u00e7\u00e3o de redutor de velocidade, se necess\u00e1rio, no encontro da Rua Tamandar\u00e9 com a Rua Dona Leopoldina e Avenida Espanha, defronte ao port\u00e3o da AABB, no Jardim Aeroporto. Em raz\u00e3o do fluxo de ve\u00edculos neste local ter aumentado, aumentou tamb\u00e9m o risco de acidente."}, {"id": "9004", "ano": "2022", "numero": "221", "tipo__sigla": "IND", "tipo__descricao": "Indica\u00e7\u00e3o", "autoria": "Carniato", "texto_original": "http://sapl.ivaipora.pr.leg.br/media/sapl/public/materialegislativa/2022/9004/indicacao_221-2022.pdf", "ementa": "INDICAR ao Senhor Prefeito Municipal, que por meio do Departamento competente analise e providencie Semana Interna de Preven\u00e7\u00e3o de Acidente de Trabalho (SIPAT), em comemora\u00e7\u00e3o \u201cDia Mundial da Seguran\u00e7a e Sa\u00fade no Trabalho e Dia Nacional em Mem\u00f3ria das V\u00edtimas de Acidentes e Doen\u00e7as do Trabalho\u201d celebrado em 28/04."}, {"id": "9005", "ano": "2022", "numero": "222", "tipo__sigla": "IND", "tipo__descricao": "Indica\u00e7\u00e3o", "autoria": "Josane Disner", "texto_original": "http://sapl.ivaipora.pr.leg.br/media/sapl/public/materialegislativa/2022/9005/indicacao_222-2022.pdf", "ementa": "INDICAR ao Senhor Prefeito Municipal, que por meio do Departamento competente, para que seja visto a possibilidade da instala\u00e7\u00e3o de redutor de velocidade na Rua Mau\u00e1 n\u00ba 25 em frente a Escola Estadual Nilo Pe\u00e7anha/ Escola Municipal do Campo Jacutinga, bem como melhorar a ilumina\u00e7\u00e3o no local."}, {"id": "9006", "ano": "2022", "numero": "223", "tipo__sigla": "IND", "tipo__descricao": "Indica\u00e7\u00e3o", "autoria": "Vila Real", "texto_original": "http://sapl.ivaipora.pr.leg.br/media/sapl/public/materialegislativa/2022/9006/indicacao_223-2022.pdf", "ementa": "INDICAR ao Senhor Prefeito Municipal, Luiz Carlos Gil, que por meio do departamento competente, providencie um redutor de velocidade na Rua Xavantes n\u00b0 34, no Jardim Itaip\u00fa, a pedido dos moradores."}, {"id": "9108", "ano": "2022", "numero": "224", "tipo__sigla": "IND", "tipo__descricao": "Indica\u00e7\u00e3o", "autoria": "Gertrudes", "texto_original": "http://sapl.ivaipora.pr.leg.br/media/sapl/public/materialegislativa/2022/9108/indicacao_224-2022.pdf", "ementa": "INDICAR ao Senhor Prefeito Municipal Luiz Carlos Gil, que por meio do Departamento Competente, providencie estacionamento de bicicletas no centro da cidade, em especial nas \u00e1reas onde ser\u00e1 feita as ciclovias."}, {"id": "9109", "ano": "2022", "numero": "225", "tipo__sigla": "IND", "tipo__descricao": "Indica\u00e7\u00e3o", "autoria": "Gertrudes", "texto_original": "http://sapl.ivaipora.pr.leg.br/media/sapl/public/materialegislativa/2022/9109/indicacao_225-2022.pdf", "ementa": "INDICAR ao Senhor Prefeito Municipal Luiz Carlos Gil, que por meio do Departamento Competente, providencie um centro de controle (almoxarifado) para o recebimento de produtos, armazenagem, expedi\u00e7\u00e3o e distribui\u00e7\u00e3o dos materiais, sendo imprescind\u00edvel que este departamento seja \u00fanico, visando controle da administra\u00e7\u00e3o log\u00edstica e conten\u00e7\u00e3o de custos. Como exemplo a cidade vizinha de Palmital."}, {"id": "9110", "ano": "2022", "numero": "226", "tipo__sigla": "IND", "tipo__descricao": "Indica\u00e7\u00e3o", "autoria": "Gertrudes", "texto_original": "http://sapl.ivaipora.pr.leg.br/media/sapl/public/materialegislativa/2022/9110/indicacao_226-2022.pdf", "ementa": "INDICAR ao Senhor Prefeito Municipal Luiz Carlos Gil, que por meio do Departamento Competente, providencie a Constru\u00e7\u00e3o de Cal\u00e7adas para os Canteiros da Avenida Souza Naves entre a C\u00e2mara Municipal at\u00e9 o Col\u00e9gio Estadual Bar\u00e3o do Cerro Azul, os canteiros est\u00e3o em situa\u00e7\u00e3o prec\u00e1rias, e em alguns trecos j\u00e1 n\u00e3o h\u00e1 mais cal\u00e7adas."}, {"id": "9111", "ano": "2022", "numero": "227", "tipo__sigla": "IND", "tipo__descricao": "Indica\u00e7\u00e3o", "autoria": "Gertrudes", "texto_original": "http://sapl.ivaipora.pr.leg.br/media/sapl/public/materialegislativa/2022/9111/indicacao_227-2022.pdf", "ementa": "INDICAR ao Senhor Prefeito Municipal Luiz Carlos Gil, que por meio do Departamento Competente, providencie a constru\u00e7\u00e3o de pontos de \u00f4nibus pelo munic\u00edpio, pois em muitos bairros e vilas e at\u00e9 mesmo nos distritos ainda n\u00e3o possuem o dito."}, {"id": "9112", "ano": "2022", "numero": "228", "tipo__sigla": "IND", "tipo__descricao": "Indica\u00e7\u00e3o", "autoria": "Gertrudes", "texto_original": "http://sapl.ivaipora.pr.leg.br/media/sapl/public/materialegislativa/2022/9112/indicacao_228-2022.pdf", "ementa": "INDICAR ao Senhor Prefeito Municipal Luiz Carlos Gil, que por meio do Departamento Competente, providencie uma quadra de basquete atr\u00e1s do SESC Ivaipor\u00e3, bem como providencie uma quadra de areia naquele local."}, {"id": "9113", "ano": "2022", "numero": "229", "tipo__sigla": "IND", "tipo__descricao": "Indica\u00e7\u00e3o", "autoria": "Josane Disner", "texto_original": "http://sapl.ivaipora.pr.leg.br/media/sapl/public/materialegislativa/2022/9113/indicacao_229-2022.pdf", "ementa": "NDICAR ao Senhor Prefeito Municipal, que por meio do Departamento competente, instale placas com hor\u00e1rios e itiner\u00e1rios em todos os pontos de \u00f4nibus do transporte coletivo e Terminal Rodovi\u00e1rio."}, {"id": "9115", "ano": "2022", "numero": "230", "tipo__sigla": "IND", "tipo__descricao": "Indica\u00e7\u00e3o", "autoria": "Josane Disner", "texto_original": "http://sapl.ivaipora.pr.leg.br/media/sapl/public/materialegislativa/2022/9115/indicacao_230-2022.pdf", "ementa": "INDICAR ao Senhor Prefeito Municipal, que por meio do Departamento competente, para que fa\u00e7a a poda seletiva de \u00e1rvores com vida \u00fatil comprometida, que podem ocasionar acidentes em toda nossa cidade."}, {"id": "9116", "ano": "2022", "numero": "231", "tipo__sigla": "IND", "tipo__descricao": "Indica\u00e7\u00e3o", "autoria": "Josane Disner", "texto_original": "http://sapl.ivaipora.pr.leg.br/media/sapl/public/materialegislativa/2022/9116/indicacao_231-2022.pdf", "ementa": "INDICAR ao Senhor Prefeito Municipal, que por meio do Departamento competente, para que seja visto a possibilidade da elabora\u00e7\u00e3o de um Projeto para constru\u00e7\u00e3o de uma Ciclovia ligando Ivaipor\u00e3 \u00e1 Jardim Alegre/PR . Foto anexo."}, {"id": "9117", "ano": "2022", "numero": "232", "tipo__sigla": "IND", "tipo__descricao": "Indica\u00e7\u00e3o", "autoria": "Josane Disner", "texto_original": "http://sapl.ivaipora.pr.leg.br/media/sapl/public/materialegislativa/2022/9117/indicacao_232-2022.pdf", "ementa": "INDICAR ao Senhor Prefeito Municipal, que por meio do Departamento competente, para que realize a limpeza (ro\u00e7ada) e a implanta\u00e7\u00e3o redutor de velocidade na Rua: Zacarias G\u00f3is e Vasconcelos, Vila Santa Maria em frente a Madeporta."}, {"id": "9118", "ano": "2022", "numero": "233", "tipo__sigla": "IND", "tipo__descricao": "Indica\u00e7\u00e3o", "autoria": "Josane Disner", "texto_original": "http://sapl.ivaipora.pr.leg.br/media/sapl/public/materialegislativa/2022/9118/indicacao_233-2022.pdf", "ementa": "INDICAR ao Senhor Prefeito Municipal, que por meio do Departamento competente, para que seja visto a possibilidade de limpeza e coloca\u00e7\u00e3o de tampas nos bueiros da Rua Mafra, na Vila Residencial de furnas."}, {"id": "9119", "ano": "2022", "numero": "234", "tipo__sigla": "IND", "tipo__descricao": "Indica\u00e7\u00e3o", "autoria": "Z\u00e9 Maria", "texto_original": "http://sapl.ivaipora.pr.leg.br/media/sapl/public/materialegislativa/2022/9119/indicacao_234-2022.pdf", "ementa": "INDICAR ao Senhor Prefeito Municipal, que por meio do Departamento competente providencie a constru\u00e7\u00e3o de faixa elevada na Av. It\u00e1lia, em frente ao n\u00ba 350 \u2013 Jardim Europa. A velocidade que os ve\u00edculos v\u00eam desenvolvendo nesse local \u00e9 incompat\u00edvel com vias urbanas."}, {"id": "9120", "ano": "2022", "numero": "235", "tipo__sigla": "IND", "tipo__descricao": "Indica\u00e7\u00e3o", "autoria": "Carniato", "texto_original": "http://sapl.ivaipora.pr.leg.br/media/sapl/public/materialegislativa/2022/9120/indicacao_235-2022.pdf", "ementa": "INDICAR ao Senhor Prefeito Municipal, que por meio do Departamento competente, providencie adequa\u00e7\u00e3o no quebra-molas em frente a APAE, transformando-o em faixa elevada, a fim de diminuir a velocidade dos ve\u00edculos naquele local."}, {"id": "9121", "ano": "2022", "numero": "236", "tipo__sigla": "IND", "tipo__descricao": "Indica\u00e7\u00e3o", "autoria": "Carniato", "texto_original": "http://sapl.ivaipora.pr.leg.br/media/sapl/public/materialegislativa/2022/9121/indicacao_236-2022.pdf", "ementa": "INDICAR ao Senhor Prefeito Municipal, que por meio do Departamento competente providencie recape asf\u00e1ltico na rua Prudente de Moraes, no Jardim Luiz XV que se apresenta com cal\u00e7amento danificado e com drenagem deficiente."}, {"id": "9122", "ano": "2022", "numero": "237", "tipo__sigla": "IND", "tipo__descricao": "Indica\u00e7\u00e3o", "autoria": "Fio Bertotti", "texto_original": "http://sapl.ivaipora.pr.leg.br/media/sapl/public/materialegislativa/2022/9122/indicacao_237-2022.pdf", "ementa": "INDICAR ao Senhor Prefeito Municipal, que por meio do Departamento Competente, providencie a constru\u00e7\u00e3o de um Est\u00e1dio Municipal de Futebol, afim de incentivar e resgatar os bons tempos do futebol amador e profissional da nossa cidade."}, {"id": "9123", "ano": "2022", "numero": "238", "tipo__sigla": "IND", "tipo__descricao": "Indica\u00e7\u00e3o", "autoria": "Fio Bertotti", "texto_original": "http://sapl.ivaipora.pr.leg.br/media/sapl/public/materialegislativa/2022/9123/indicacao_238-2022.pdf", "ementa": "INDICAR ao Senhor Prefeito Municipal, que por meio do Departamento Competente, providencie a reconstru\u00e7\u00e3o de parte do muro do Cemit\u00e9rio do Distrito de Alto Por\u00e3, com as fortes chuvas e ventos veio a cair, danificando at\u00e9 alguns t\u00famulos."}, {"id": "9124", "ano": "2022", "numero": "239", "tipo__sigla": "IND", "tipo__descricao": "Indica\u00e7\u00e3o", "autoria": "Fio Bertotti", "texto_original": "http://sapl.ivaipora.pr.leg.br/media/sapl/public/materialegislativa/2022/9124/indicacao_239-2022.pdf", "ementa": "INDICAR ao Senhor Prefeito Municipal, que por meio do Departamento competente, providencie a coloca\u00e7\u00e3o de m\u00e3o \u00fanica na rua Rio Grande do Sul, pr\u00f3ximo ao deposito do Supermercado Paran\u00e1, devido ao grande fluxo de caminh\u00f5es que encostam para carga e descarga de mercadorias, deixando o tr\u00e2nsito complicado."}, {"id": "9125", "ano": "2022", "numero": "240", "tipo__sigla": "IND", "tipo__descricao": "Indica\u00e7\u00e3o", "autoria": "Fio Bertotti", "texto_original": "http://sapl.ivaipora.pr.leg.br/media/sapl/public/materialegislativa/2022/9125/indicacao_240-2022.pdf", "ementa": "INDICAR ao Senhor Prefeito Municipal, que por meio do Departamento competente, providencie recape asf\u00e1ltico e manuten\u00e7\u00e3o na avenida Castelo Branco, em torno da Pra\u00e7a do Jap\u00e3o, pr\u00f3ximo a Aggimotos."}, {"id": "9126", "ano": "2022", "numero": "241", "tipo__sigla": "IND", "tipo__descricao": "Indica\u00e7\u00e3o", "autoria": "Z\u00e9 Maria", "texto_original": "http://sapl.ivaipora.pr.leg.br/media/sapl/public/materialegislativa/2022/9126/indicacao_241-2022.pdf", "ementa": "INDICAR ao Senhor Prefeito Municipal, que por meio do Departamento competente que providencie a manuten\u00e7\u00e3o do meio fio quebrado na Rua Faxinal de frente a casa n\u00b0 260, boca de lobo que se encontra sem tampa na rua Faxinal de frente a casa n\u00b0 315, Vila Nova Por\u00e3 (Maneco). Segue fotos anexa."}, {"id": "9127", "ano": "2022", "numero": "242", "tipo__sigla": "IND", "tipo__descricao": "Indica\u00e7\u00e3o", "autoria": "Sab\u00e3o - Edivaldo Montanheri", "texto_original": "http://sapl.ivaipora.pr.leg.br/media/sapl/public/materialegislativa/2022/9127/indicacao_242-2022.pdf", "ementa": "INDICAR ao Senhor Prefeito Municipal, que por meio do Departamento competente: 1 Providencie ao Departamento que fa\u00e7a um estudo para fazer o cal\u00e7amento com pedras poli\u00e9dricas (pedras irregulares), no trecho que liga o Distrito de Jacutinga a Estrada do Painerinha, passando pelo contraforte FD Bonfati, compreendendo a extens\u00e3o de 5.000 quil\u00f4metros. Plen\u00e1rio Vereador Pedro Goedert, ao dia treze de abril do ano de dois mil e vinte dois."}, {"id": "9128", "ano": "2022", "numero": "243", "tipo__sigla": "IND", "tipo__descricao": "Indica\u00e7\u00e3o", "autoria": "Vila Real", "texto_original": "http://sapl.ivaipora.pr.leg.br/media/sapl/public/materialegislativa/2022/9128/indicacao_243-2022.pdf", "ementa": "INDICAR ao Senhor Prefeito Municipal, Luiz Carlos Gil, que por meio do departamento competente, providencie a constru\u00e7\u00e3o da ponte da \u00c1gua das Mamonas."}, {"id": "9129", "ano": "2022", "numero": "244", "tipo__sigla": "IND", "tipo__descricao": "Indica\u00e7\u00e3o", "autoria": "Vila Real", "texto_original": "http://sapl.ivaipora.pr.leg.br/media/sapl/public/materialegislativa/2022/9129/indicacao_244-2022.pdf", "ementa": "INDICAR ao Senhor Prefeito Municipal, Luiz Carlos Gil, que por meio do departamento rodovi\u00e1rio, providencie o alargamento (terceira faixa do asfalto) da \u00c1gua do Jacutinga, como foi feito no Pindauva, intenso movimento."}, {"id": "9130", "ano": "2022", "numero": "245", "tipo__sigla": "IND", "tipo__descricao": "Indica\u00e7\u00e3o", "autoria": "Jaffer Ferreira", "texto_original": "http://sapl.ivaipora.pr.leg.br/media/sapl/public/materialegislativa/2022/9130/indicacao_245-2022.pdf", "ementa": "INDICAR ao Senhor Prefeito Municipal, que por meio do departamento competente, providenciar um aparelho de Eletrocardiograma ECG para cada UBS nos distritos de Jacutinga Santa Barbar\u00e1 e Alto Por\u00e3 para facilitar e agilizar, para que os pacientes que necessitam fazer esse exame n\u00e3o precisarem virem para a cidade."}, {"id": "9131", "ano": "2022", "numero": "246", "tipo__sigla": "IND", "tipo__descricao": "Indica\u00e7\u00e3o", "autoria": "Jaffer Ferreira", "texto_original": "http://sapl.ivaipora.pr.leg.br/media/", "ementa": "INDICAR ao Senhor Prefeito Municipal, que por meio do departamento competente, providencie uma Incubadora Industrial Tecnol\u00f3gica para desenvolvimento de Startups e novos empreendimentos."}, {"id": "9132", "ano": "2022", "numero": "247", "tipo__sigla": "IND", "tipo__descricao": "Indica\u00e7\u00e3o", "autoria": "Jaffer Ferreira", "texto_original": "http://sapl.ivaipora.pr.leg.br/media/sapl/public/materialegislativa/2022/9132/indicacao_247-2022.pdf", "ementa": "INDICAR ao Senhor Prefeito Municipal, que por meio do departamento competente, providenciar um Toldo ou uma cobertura adequada e bancos fixos para os pacientes que que v\u00e3o consultar na UBS Jacutinga n\u00e3o fiquem do lado de fora esperando abrir, pois as vezes os pacientes chegam antes do hor\u00e1rio de abrir(07:30) e tem que ficar no tempo, temos que acolher melhor nossos mun\u00edcipes."}, {"id": "9133", "ano": "2022", "numero": "248", "tipo__sigla": "IND", "tipo__descricao": "Indica\u00e7\u00e3o", "autoria": "Jaffer Ferreira", "texto_original": "http://sapl.ivaipora.pr.leg.br/media/sapl/public/materialegislativa/2022/9133/indicacao_248-2022.pdf", "ementa": "INDICAR ao Senhor Prefeito Municipal, que por meio do departamento competente, providencie reestruturar o organograma de Departamento de Sa\u00fade, estabelecendo um nova organiza\u00e7\u00e3o em que haja melhor agilidade e efici\u00eancia no atendimento da popula\u00e7\u00e3o."}, {"id": "9134", "ano": "2022", "numero": "249", "tipo__sigla": "IND", "tipo__descricao": "Indica\u00e7\u00e3o", "autoria": "Jaffer Ferreira", "texto_original": "http://sapl.ivaipora.pr.leg.br/media/", "ementa": "INDICAR ao Senhor Prefeito Municipal, que por meio do departamento competente, providencie padroniza\u00e7\u00e3o dos pontos de utiliza\u00e7\u00e3o do Transporte Escolar do Munic\u00edpio, com placas informativas para que as crian\u00e7as tenham mais seguran\u00e7a."}, {"id": "9135", "ano": "2022", "numero": "250", "tipo__sigla": "IND", "tipo__descricao": "Indica\u00e7\u00e3o", "autoria": "Sab\u00e3o - Edivaldo Montanheri, Vila Real", "texto_original": "http://sapl.ivaipora.pr.leg.br/media/sapl/public/materialegislativa/2022/9135/indicacao_250-2022.pdf", "ementa": "INDICAR ao Senhor Prefeito Municipal, que por meio do Departamento competente, que fa\u00e7a a instala\u00e7\u00e3o da ilumina\u00e7\u00e3o no campo de futebol do distrito do Jacutinga."}, {"id": "9136", "ano": "2022", "numero": "251", "tipo__sigla": "IND", "tipo__descricao": "Indica\u00e7\u00e3o", "autoria": "Gertrudes", "texto_original": "http://sapl.ivaipora.pr.leg.br/media/sapl/public/materialegislativa/2022/9136/indicacao_251-2022.pdf", "ementa": "INDICAR ao Senhor Prefeito Municipal Luiz Carlos Gil, que por meio do Departamento Competente, providencie um muro no CMEI Maria Borato no Alto Por\u00e3, vendo a necessidade do muro que ao lado do CMEI tem planta\u00e7\u00e3o de cana e lavoura onde por v\u00e1rias vezes as professoras se depararam com cobras na parte externa do CMEI, tamb\u00e9m uma rampa de acesso no CMEI at\u00e9 a quadra do distrito e um toldo de acesso do port\u00e3o principal at\u00e9 a porta de entrada do CMEI para as crian\u00e7as fazer suas recrea\u00e7\u00e3o no per\u00edodo de sol e chuva."}, {"id": "9198", "ano": "2022", "numero": "252", "tipo__sigla": "IND", "tipo__descricao": "Indica\u00e7\u00e3o", "autoria": "Gertrudes", "texto_original": "http://sapl.ivaipora.pr.leg.br/media/sapl/public/materialegislativa/2022/9198/indicacao_252-2022.pdf", "ementa": "INDICAR ao Senhor Prefeito Municipal Luiz Carlos Gil, que por meio do Departamento Competente, providencie a instala\u00e7\u00e3o de containers de lixo para coleta seletiva."}, {"id": "9199", "ano": "2022", "numero": "253", "tipo__sigla": "IND", "tipo__descricao": "Indica\u00e7\u00e3o", "autoria": "Gertrudes", "texto_original": "http://sapl.ivaipora.pr.leg.br/media/sapl/public/materialegislativa/2022/9199/indicacao_253-2022.pdf", "ementa": "INDICAR ao Senhor Prefeito Municipal Luiz Carlos Gil, que por meio do Departamento Competente, providencie a restaura\u00e7\u00e3o do campo de futebol do Alto Por\u00e3, com ilumina\u00e7\u00e3o, traves de gol e a coloca\u00e7\u00e3o de grama"}, {"id": "9200", "ano": "2022", "numero": "254", "tipo__sigla": "IND", "tipo__descricao": "Indica\u00e7\u00e3o", "autoria": "Josane Disner", "texto_original": "http://sapl.ivaipora.pr.leg.br/media/sapl/public/materialegislativa/2022/9200/indicacao_254-2022.pdf", "ementa": "INDICAR ao Senhor Prefeito Municipal, que por meio do Departamento competente, para que seja visto a possibilidade da flexibiliza\u00e7\u00e3o no hor\u00e1rio de atendimento do CRAS, principalmente no hor\u00e1rio de almo\u00e7o."}, {"id": "9201", "ano": "2022", "numero": "255", "tipo__sigla": "IND", "tipo__descricao": "Indica\u00e7\u00e3o", "autoria": "Josane Disner, Carniato", "texto_original": "http://sapl.ivaipora.pr.leg.br/media/sapl/public/materialegislativa/2022/9201/indicacao_255-2022.pdf", "ementa": "INDICAR ao Senhor Prefeito Municipal, que por meio do Departamento competente, para que seja visto a possibilidade de instala\u00e7\u00e3o de hortas comunit\u00e1rias nos terrenos baldios no quadro urbano, como forma de produ\u00e7\u00e3o de alimentos, terapia ocupacional e integra\u00e7\u00e3o entre moradores. Diante do momento especial que vivemos, onde a escassez de alimentos assola uma parcela da sociedade, que est\u00e3o em situa\u00e7\u00e3o de riscos social, o que tem afetado diretamente o emocional de muitas pessoas. O trabalho ainda que comunit\u00e1rio t\u00eam se demostrado como uma excelente terapia, al\u00e9m de melhorar o conv\u00edvio social e estabelecer momentos para integrar os cidad\u00e3os a vida e a participa\u00e7\u00e3o nas politicas p\u00fablicas."}, {"id": "9202", "ano": "2022", "numero": "256", "tipo__sigla": "IND", "tipo__descricao": "Indica\u00e7\u00e3o", "autoria": "Josane Disner", "texto_original": "http://sapl.ivaipora.pr.leg.br/media/sapl/public/materialegislativa/2022/9202/indicacao_256-2022.pdf", "ementa": "INDICAR ao Senhor Prefeito Municipal, que por meio do Departamento competente, para que seja visto a possibilidade de contratar um agente de sa\u00fade para atender a regi\u00e3o do Pindauvinha (Alto Por\u00e3), Campo Novo, Santa Terezinha (Santa Barbara) onde se encontram descobertas, sabemos que os agentes atuam como membro da equipe de sa\u00fade, da unidade de sa\u00fade familiar, respons\u00e1vel por cadastramento de todas as pessoas, desenvolvendo atividades de promo\u00e7\u00e3o de sa\u00fade, mantendo um elo entre a popula\u00e7\u00e3o e as unidades de sa\u00fade, servi\u00e7o necess\u00e1rio."}, {"id": "9203", "ano": "2022", "numero": "257", "tipo__sigla": "IND", "tipo__descricao": "Indica\u00e7\u00e3o", "autoria": "Sab\u00e3o - Edivaldo Montanheri, Vila Real", "texto_original": "http://sapl.ivaipora.pr.leg.br/media/sapl/public/materialegislativa/2022/9203/indicacao_257-2022.pdf", "ementa": "INDICAR ao Senhor Prefeito Municipal, que por meio do Departamento competente, providencie a perfura\u00e7\u00e3o de um po\u00e7o artesiano na comunidade do Paineirinha, pois nos per\u00edodos de estiagem a comunidade fica sem \u00e1gua para o consumo."}, {"id": "9204", "ano": "2022", "numero": "258", "tipo__sigla": "IND", "tipo__descricao": "Indica\u00e7\u00e3o", "autoria": "Josane Disner", "texto_original": "http://sapl.ivaipora.pr.leg.br/media/sapl/public/materialegislativa/2022/9204/indicacao_258-2022.pdf", "ementa": "INDICAR ao Senhor Prefeito Municipal, que por meio do Departamento competente, para que seja visto a possibilidade de instala\u00e7\u00e3o de Brinquedos novos e adaptados no CMEI Nossa Senhora de Lourdes em Jacutinga."}, {"id": "9262", "ano": "2022", "numero": "259", "tipo__sigla": "IND", "tipo__descricao": "Indica\u00e7\u00e3o", "autoria": "Fio Bertotti, Z\u00e9 Maria", "texto_original": "http://sapl.ivaipora.pr.leg.br/media/sapl/public/materialegislativa/2022/9262/indicacao_259-2022.pdf", "ementa": "INDICAR ao Senhor Prefeito Municipal, que por meio do Departamento Competente, providencie a reforma e manuten\u00e7\u00e3o do campo de futebol no Jardim Alto da Gl\u00f3ria, com a possibilidade de implanta\u00e7\u00e3o do projeto \u201c Meu Campinho\u201d"}, {"id": "9263", "ano": "2022", "numero": "260", "tipo__sigla": "IND", "tipo__descricao": "Indica\u00e7\u00e3o", "autoria": "Fio Bertotti", "texto_original": "http://sapl.ivaipora.pr.leg.br/media/sapl/public/materialegislativa/2022/9263/indicacao_260-2022.pdf", "ementa": "INDICAR ao Senhor Prefeito Municipal, que por meio do Departamento Competente, providencie a coloca\u00e7\u00e3o de pedra irregular na rua Alvares de Azevedo pr\u00f3ximo ao lago das Flores."}, {"id": "9264", "ano": "2022", "numero": "261", "tipo__sigla": "IND", "tipo__descricao": "Indica\u00e7\u00e3o", "autoria": "Fio Bertotti", "texto_original": "http://sapl.ivaipora.pr.leg.br/media/sapl/public/materialegislativa/2022/9264/indicacao_261-2022.pdf", "ementa": "NDICAR ao Senhor Prefeito Municipal, que por meio do Departamento competente, providencie recape asf\u00e1ltico sobre as pedras irregulares nas ruas Maria Bino e Gripina, ambas na Vila Santa Terezinha."}, {"id": "9268", "ano": "2022", "numero": "262", "tipo__sigla": "IND", "tipo__descricao": "Indica\u00e7\u00e3o", "autoria": "Fio Bertotti", "texto_original": "http://sapl.ivaipora.pr.leg.br/media/sapl/public/materialegislativa/2022/9268/indicacao_262-2022.pdf", "ementa": "INDICAR ao Senhor Prefeito Municipal, que por meio do Departamento competente, providencie a constru\u00e7\u00e3o de galeria pluvial, e coloca\u00e7\u00e3o de pedras irregular na rua S\u00e3o Jo\u00e3o do Iva\u00ed, na Vila Nova Por\u00e3, pr\u00f3ximo Escola Municipal Bento Viana."}, {"id": "9269", "ano": "2022", "numero": "263", "tipo__sigla": "IND", "tipo__descricao": "Indica\u00e7\u00e3o", "autoria": "Jaffer Ferreira", "texto_original": "http://sapl.ivaipora.pr.leg.br/media/sapl/public/materialegislativa/2022/9269/indicacao_263-2022.pdf", "ementa": "INDICAR ao Senhor Prefeito Municipal, para que conceda a revis\u00e3o geral anual aos servidores do Poder Executivo, com base no \u00edndice do IPCA."}, {"id": "9270", "ano": "2022", "numero": "264", "tipo__sigla": "IND", "tipo__descricao": "Indica\u00e7\u00e3o", "autoria": "Sab\u00e3o - Edivaldo Montanheri, Jaffer Ferreira", "texto_original": "http://sapl.ivaipora.pr.leg.br/media/sapl/public/materialegislativa/2022/9270/indicacao_264-2022.pdf", "ementa": "INDICAR ao Senhor Prefeito Municipal, para que realize a corre\u00e7\u00e3o inflacion\u00e1ria da cesta b\u00e1sica, bem como volte a entrega-la em forma de produtos, conforme ocorria anteriormente, aos servidores p\u00fablicos municipais."}, {"id": "9271", "ano": "2022", "numero": "265", "tipo__sigla": "IND", "tipo__descricao": "Indica\u00e7\u00e3o", "autoria": "Carniato", "texto_original": "http://sapl.ivaipora.pr.leg.br/media/sapl/public/materialegislativa/2022/9271/indicacao_265-2022.pdf", "ementa": "INDICAR ao Senhor Prefeito Municipal, para que por meio do Departamento competente que analise e providencie o aumento da capacidade do reservat\u00f3rio da Vila Rural Ivain\u00f3polis. Com o aumento do n\u00famero de fam\u00edlias de 76 para 96, tem gerado constantes epis\u00f3dios de falta de \u00e1gua."}, {"id": "9272", "ano": "2022", "numero": "266", "tipo__sigla": "IND", "tipo__descricao": "Indica\u00e7\u00e3o", "autoria": "Carniato", "texto_original": "http://sapl.ivaipora.pr.leg.br/media/sapl/public/materialegislativa/2022/9272/indicacao_266-2022.pdf", "ementa": "INDICAR ao Senhor Prefeito Municipal, para que por meio do Departamento competente providencie tampa para o bueiro no cruzamento da Rua Alvorada com Rua Cear\u00e1."}, {"id": "9273", "ano": "2022", "numero": "267", "tipo__sigla": "IND", "tipo__descricao": "Indica\u00e7\u00e3o", "autoria": "Josane Disner", "texto_original": "http://sapl.ivaipora.pr.leg.br/media/sapl/public/materialegislativa/2022/9273/indicacao_267-2022.pdf", "ementa": "INDICAR ao Senhor Prefeito Municipal, que por meio do Departamento competente, para que seja visto a possibilidade da instala\u00e7\u00e3o de um redutor de velocidade (quebra-molas) na Avenida Maranh\u00e3o entre o n\u00famero 1.085 \u00e1 1.174."}, {"id": "9274", "ano": "2022", "numero": "268", "tipo__sigla": "IND", "tipo__descricao": "Indica\u00e7\u00e3o", "autoria": "Vila Real", "texto_original": "http://sapl.ivaipora.pr.leg.br/media/sapl/public/materialegislativa/2022/9274/indicacao_268-2022.pdf", "ementa": "INDICAR ao Senhor Prefeito Municipal, que por meio do Departamento competente, providencie a troca das l\u00e2mpadas da Ilumina\u00e7\u00e3o P\u00fablica na rua Beija-Flor pr\u00f3ximo a mercearia S\u00e3o Jo\u00e3o na Vila Nova Por\u00e3."}, {"id": "9275", "ano": "2022", "numero": "269", "tipo__sigla": "IND", "tipo__descricao": "Indica\u00e7\u00e3o", "autoria": "Vila Real", "texto_original": "http://sapl.ivaipora.pr.leg.br/media/sapl/public/materialegislativa/2022/9275/indicacao_269-2022.pdf", "ementa": "INDICAR ao Senhor Prefeito Municipal, que por meio do departamento competente, providencie placas de sinaliza\u00e7\u00e3o indicando a comunidade do Pindauvinha, na estrada da Rodovia Municipal L\u00e1zaro Bueno, conhecida como Estrada do Ouro Verde. Fotos em anexo."}, {"id": "9276", "ano": "2022", "numero": "270", "tipo__sigla": "IND", "tipo__descricao": "Indica\u00e7\u00e3o", "autoria": "Vila Real", "texto_original": "http://sapl.ivaipora.pr.leg.br/media/sapl/public/materialegislativa/2022/9276/indicacao_270-2022.pdf", "ementa": "INDICAR ao Senhor Prefeito Municipal, que por meio do Departamento competente fazer uma ponte de concreto na \u00c1gua da Prata do trecho que liga a Vila Nova Por\u00e3 a Vila Rural. Fotos em anexo."}, {"id": "9277", "ano": "2022", "numero": "271", "tipo__sigla": "IND", "tipo__descricao": "Indica\u00e7\u00e3o", "autoria": "Z\u00e9 Maria", "texto_original": "http://sapl.ivaipora.pr.leg.br/media/sapl/public/materialegislativa/2022/9277/indicacao_271-2022.pdf", "ementa": "INDICAR ao Senhor Prefeito Municipal, que por meio do Departamento competente para que fa\u00e7am a manuten\u00e7\u00e3o na Rua IBC do n\u00ba 505 ao 695, necessitando de um Caminh\u00e3o de cascalho na Vila Nova Por\u00e3. Segue fotos e abaixo-assinado em anexo."}, {"id": "9278", "ano": "2022", "numero": "272", "tipo__sigla": "IND", "tipo__descricao": "Indica\u00e7\u00e3o", "autoria": "Z\u00e9 Maria", "texto_original": "http://sapl.ivaipora.pr.leg.br/media/sapl/public/materialegislativa/2022/9278/indicacao_272-2022.pdf", "ementa": "INDICAR ao Senhor Prefeito Municipal, que por meio do Departamento competente que fa\u00e7a a manuten\u00e7\u00e3o de buracos fundos na Rua Geraldo Furquim de Castro descendo lateral direita esquina com a Rua Martins Afonso de Souza, Casa Grande I."}, {"id": "9279", "ano": "2022", "numero": "273", "tipo__sigla": "IND", "tipo__descricao": "Indica\u00e7\u00e3o", "autoria": "Z\u00e9 Maria", "texto_original": "http://sapl.ivaipora.pr.leg.br/media/sapl/public/materialegislativa/2022/9279/indicacao_273-2022.pdf", "ementa": "INDICAR ao Senhor Prefeito Municipal, que por meio do Departamento competente, providencie cal\u00e7amento com pista de caminhada na estrada Padre Milton Gomes no distrito do Jacutinga, a pedido dos moradores."}, {"id": "9280", "ano": "2022", "numero": "274", "tipo__sigla": "IND", "tipo__descricao": "Indica\u00e7\u00e3o", "autoria": "Sab\u00e3o - Edivaldo Montanheri", "texto_original": "http://sapl.ivaipora.pr.leg.br/media/sapl/public/materialegislativa/2022/9280/indicacao_274-2022.pdf", "ementa": "INDICAR ao Senhor Prefeito Municipal, que por meio do Departamento competente, providencie cal\u00e7amento com pista de caminhada na estrada Padre Milton Gomes no distrito do Jacutinga, a pedido dos moradores."}, {"id": "9281", "ano": "2022", "numero": "275", "tipo__sigla": "IND", "tipo__descricao": "Indica\u00e7\u00e3o", "autoria": "Z\u00e9 Maria", "texto_original": "http://sapl.ivaipora.pr.leg.br/media/sapl/public/materialegislativa/2022/9281/indicacao_275-2022.pdf", "ementa": "INDICAR ao Senhor Prefeito Municipal, que por meio do departamento competente que fa\u00e7a uma faixa elevada na Rua Pl\u00e1cido Miranda de frente a Igreja Assembleia de Deus, na Vila Jo\u00e3o XXIII, antigo Campo do Ara\u00e7\u00e1."}, {"id": "9282", "ano": "2022", "numero": "276", "tipo__sigla": "IND", "tipo__descricao": "Indica\u00e7\u00e3o", "autoria": "Carniato", "texto_original": "http://sapl.ivaipora.pr.leg.br/media/sapl/public/materialegislativa/2022/9282/indicacao_276-2022.pdf", "ementa": "INDICAR ao Senhor Prefeito Municipal, que por meio do Departamento competente, providencie lombada na Rua Bela Vista, em frente \u00e0 Escola Bento Viana - na Vila Nova Por\u00e3, para atender reivindica\u00e7\u00e3o dos moradores do Bairro."}, {"id": "9283", "ano": "2022", "numero": "277", "tipo__sigla": "IND", "tipo__descricao": "Indica\u00e7\u00e3o", "autoria": "Gertrudes, Vila Real", "texto_original": "http://sapl.ivaipora.pr.leg.br/media/sapl/public/materialegislativa/2022/9283/indicacao_277-2022.pdf", "ementa": "INDICAR ao Senhor Prefeito Municipal Luiz Carlos Gil, que por meio do Departamento Competente, providencie pontos de apoio para os ciclistas servindo para descanso com sombra e bancos, para a prote\u00e7\u00e3o do sol e chuva, mapas de localiza\u00e7\u00e3o e rotas, torneiras para reabastecer a garrafa de \u00e1gua, dispositivos para encher os pneus dos ciclistas e estacionamento para bicicletas."}, {"id": "9284", "ano": "2022", "numero": "278", "tipo__sigla": "IND", "tipo__descricao": "Indica\u00e7\u00e3o", "autoria": "Jaffer Ferreira", "texto_original": "http://sapl.ivaipora.pr.leg.br/media/sapl/public/materialegislativa/2022/9284/indicacao_278-2022.pdf", "ementa": "INDICAR ao Senhor Prefeito Municipal, que por meio do Departamento competente, providencie se for poss\u00edvel providenciar uma sala de espera com um espa\u00e7o maior na area da farm\u00e1cia do posto de sa\u00fade."}, {"id": "9285", "ano": "2022", "numero": "279", "tipo__sigla": "IND", "tipo__descricao": "Indica\u00e7\u00e3o", "autoria": "Jaffer Ferreira", "texto_original": "http://sapl.ivaipora.pr.leg.br/media/sapl/public/materialegislativa/2022/9285/indicacao_279-2022.pdf", "ementa": "INDICAR ao Senhor Prefeito Municipal, que por meio do Departamento competente, providencie um redutor de velocidade na Av: S\u00e3o Paulo em frente do (CMEI) Paulo Freire muita motorista n\u00e3o respeita a velocidade neste local."}, {"id": "9286", "ano": "2022", "numero": "280", "tipo__sigla": "IND", "tipo__descricao": "Indica\u00e7\u00e3o", "autoria": "Jaffer Ferreira", "texto_original": "http://sapl.ivaipora.pr.leg.br/media/sapl/public/materialegislativa/2022/9286/indicacao_280-2022.pdf", "ementa": "INDICAR ao Senhor Prefeito Municipal, que por meio do Departamento competente, providencie se for poss\u00edvel implantar uma quadra de t\u00eanis com marca\u00e7\u00e3o de t\u00eanis no lago jardim bot\u00e2nico."}, {"id": "9287", "ano": "2022", "numero": "281", "tipo__sigla": "IND", "tipo__descricao": "Indica\u00e7\u00e3o", "autoria": "Jaffer Ferreira", "texto_original": "http://sapl.ivaipora.pr.leg.br/media/sapl/public/materialegislativa/2022/9287/indicacao_281-2022.pdf", "ementa": "INDICAR ao Senhor Prefeito Municipal, que por meio do Departamento competente, providencie um estudo para implantar uma c\u00e2mara de monitoramento ou um Radar no Sem\u00e1foro em frente do posto Ivaipor\u00e3 a motorista n\u00e3o est\u00e1 respeitando."}, {"id": "9288", "ano": "2022", "numero": "282", "tipo__sigla": "IND", "tipo__descricao": "Indica\u00e7\u00e3o", "autoria": "Jaffer Ferreira", "texto_original": "http://sapl.ivaipora.pr.leg.br/media/sapl/public/materialegislativa/2022/9288/indicacao_282-2022.pdf", "ementa": "INDICAR ao Senhor Prefeito Municipal, que por meio do Departamento competente, providencie providencia c\u00e2mara de vigil\u00e2ncia na estrada do ouro verde neste trecho as pessoas est\u00e3o quebrando garrafas e jogando entulhos."}, {"id": "9289", "ano": "2022", "numero": "283", "tipo__sigla": "IND", "tipo__descricao": "Indica\u00e7\u00e3o", "autoria": "Nando Dorta", "texto_original": "http://sapl.ivaipora.pr.leg.br/media/sapl/public/materialegislativa/2022/9289/indicacao_283-2022.pdf", "ementa": "INDICAR ao Senhor Prefeito, junto ao departamento respons\u00e1vel, para que se realize a aplica\u00e7\u00e3o de faixas de pedestre no cruzamento em frente a Associa\u00e7\u00e3o Atl\u00e9tica do Banco do Brasil (AABB), entre Rua Dona Leopoldina, Avenida Espanha e Rua Tamandar\u00e9, haja vista o fluxo de ve\u00edculos e pedestres tem provocado acidentes e colis\u00f5es que potencial de gerar fatalidades."}, {"id": "9332", "ano": "2022", "numero": "284", "tipo__sigla": "IND", "tipo__descricao": "Indica\u00e7\u00e3o", "autoria": "Sab\u00e3o - Edivaldo Montanheri", "texto_original": "http://sapl.ivaipora.pr.leg.br/media/sapl/public/materialegislativa/2022/9332/indicacao_284-2022.pdf", "ementa": "INDICAR ao Senhor Prefeito Municipal, que por meio do Departamento competente, providencie mutir\u00e3o para cascalhar todos os carreadores do munic\u00edpio de Ivaipor\u00e3."}, {"id": "9334", "ano": "2022", "numero": "285", "tipo__sigla": "IND", "tipo__descricao": "Indica\u00e7\u00e3o", "autoria": "Sab\u00e3o - Edivaldo Montanheri, Jaffer Ferreira", "texto_original": "http://sapl.ivaipora.pr.leg.br/media/sapl/public/materialegislativa/2022/9334/indicacao_285-2022.pdf", "ementa": "INDICAR ao Senhor Prefeito Municipal, que por meio do Departamento competente, analise e providencie um Caminh\u00e3o de lixo com capacidade de dezesseis toneladas para o Departamento de Meio Ambiente."}, {"id": "9335", "ano": "2022", "numero": "286", "tipo__sigla": "IND", "tipo__descricao": "Indica\u00e7\u00e3o", "autoria": "Gertrudes, Vila Real", "texto_original": "http://sapl.ivaipora.pr.leg.br/media/sapl/public/materialegislativa/2022/9335/indicacao_286-2022.pdf", "ementa": "INDICAR ao Senhor Prefeito Municipal Luiz Carlos Gil, que por meio do Departamento Competente, providencie a reforma da quadra e implanta\u00e7\u00e3o de um centro poli esportivo no gin\u00e1sio de esportes Mour\u00e3o Filho. Contendo pista de caminhada, playground com acessibilidade para crian\u00e7as com defici\u00eancia, academia ao ar livre, campo sint\u00e9tico, ilumina\u00e7\u00e3o e bancos, paisagismo e arboriza\u00e7\u00e3o."}, {"id": "9337", "ano": "2022", "numero": "287", "tipo__sigla": "IND", "tipo__descricao": "Indica\u00e7\u00e3o", "autoria": "Sab\u00e3o - Edivaldo Montanheri", "texto_original": "http://sapl.ivaipora.pr.leg.br/media/sapl/public/materialegislativa/2022/9337/indicacao_287-2022.pdf", "ementa": "INDICAR ao Senhor Prefeito Municipal, que por meio do Departamento competente, implante Zona Azul para estacionamento no centro da cidade, pelo fato de ter muitas lojas, que necessitam de rotatividade de estacionamento."}, {"id": "9339", "ano": "2022", "numero": "288", "tipo__sigla": "IND", "tipo__descricao": "Indica\u00e7\u00e3o", "autoria": "Z\u00e9 Maria", "texto_original": "http://sapl.ivaipora.pr.leg.br/media/", "ementa": "INDICAR ao Senhor Prefeito Municipal, que por meio do Departamento competente que fa\u00e7a a manuten\u00e7\u00e3o e cascalhamento da Rua Arlindo Martins Proen\u00e7a N:126 Vila Bosque da sa\u00fade. fotos anexas."}, {"id": "9340", "ano": "2022", "numero": "289", "tipo__sigla": "IND", "tipo__descricao": "Indica\u00e7\u00e3o", "autoria": "Z\u00e9 Maria", "texto_original": "http://sapl.ivaipora.pr.leg.br/media/sapl/public/materialegislativa/2022/9340/indicacao_289-2022.pdf", "ementa": "INDICAR ao Senhor Prefeito Municipal, que por meio do Departamento competente que fa\u00e7a uma faixa elevada na Rua Jo\u00e3o Maria Stresser (Centro) de frente ao parquinho municipal."}, {"id": "9341", "ano": "2022", "numero": "290", "tipo__sigla": "IND", "tipo__descricao": "Indica\u00e7\u00e3o", "autoria": "Gertrudes", "texto_original": "http://sapl.ivaipora.pr.leg.br/media/", "ementa": "INDICAR ao Senhor Prefeito Municipal Luiz Carlos Gil, que por meio do Departamento Competente, providencie a constru\u00e7\u00e3o de uma sede pr\u00f3pria do Conselho Tutelar, tendo em vista que o local que \u00e9 feio o atendimento \u00e9 de situa\u00e7\u00e3o prec\u00e1ria, com pouca privacidade e sem acessibilidade alguma para as pessoas com defici\u00eancia e tamb\u00e9m de dif\u00edcil acesso para as pessoas idosas."}, {"id": "9342", "ano": "2022", "numero": "291", "tipo__sigla": "IND", "tipo__descricao": "Indica\u00e7\u00e3o", "autoria": "Gertrudes", "texto_original": "http://sapl.ivaipora.pr.leg.br/media/sapl/public/materialegislativa/2022/9342/indicacao_291-2022.pdf", "ementa": "INDICAR ao Senhor Prefeito Municipal Luiz Carlos Gil, que por meio do Departamento Competente, providencie a constru\u00e7\u00e3o de 20 (vinte) casas populares na Vila Cachorro Sentado, distrito de Jacutinga, Rua Progresso e Rua Guaiamb\u00e9 nas proximidades do Cemit\u00e9rio, oferecendo melhores condi\u00e7\u00f5es de habita\u00e7\u00e3o as fam\u00edlias desta localidade"}, {"id": "9343", "ano": "2022", "numero": "292", "tipo__sigla": "IND", "tipo__descricao": "Indica\u00e7\u00e3o", "autoria": "Gertrudes", "texto_original": "http://sapl.ivaipora.pr.leg.br/media/sapl/public/materialegislativa/2022/9343/indicacao_292-2022.pdf", "ementa": "INDICAR ao Senhor Prefeito Municipal Luiz Carlos Gil, que por meio do Departamento Competente, providencie um Condom\u00ednio para Idosos, parte do Programa Viver Mais Paran\u00e1, com 40 (Quarenta) casas destinadas a melhor idade."}, {"id": "9344", "ano": "2022", "numero": "293", "tipo__sigla": "IND", "tipo__descricao": "Indica\u00e7\u00e3o", "autoria": "Gertrudes", "texto_original": "http://sapl.ivaipora.pr.leg.br/media/sapl/public/materialegislativa/2022/9344/indicacao_293-2022.pdf", "ementa": "INDICAR ao Senhor Prefeito Municipal Luiz Carlos Gil, que por meio do Departamento Competente, providencie as laterais da ponte da estrada Agua da Prata, para a prote\u00e7\u00e3o dos que ali passa."}, {"id": "9345", "ano": "2022", "numero": "294", "tipo__sigla": "IND", "tipo__descricao": "Indica\u00e7\u00e3o", "autoria": "Josane Disner", "texto_original": "http://sapl.ivaipora.pr.leg.br/media/sapl/public/materialegislativa/2022/9345/indicacao_294-2022.pdf", "ementa": "INDICAR ao Senhor Prefeito Municipal, que por meio do Departamento competente, para que seja visto a possibilidade de melhorias em toda a Rua: C\u00e9u Azul, Jardim Paran\u00e1."}, {"id": "9346", "ano": "2022", "numero": "295", "tipo__sigla": "IND", "tipo__descricao": "Indica\u00e7\u00e3o", "autoria": "Gertrudes", "texto_original": "http://sapl.ivaipora.pr.leg.br/media/sapl/public/materialegislativa/2022/9346/indicacao_295-2022.pdf", "ementa": "INDICAR ao Senhor Prefeito Municipal Luiz Carlos Gil, que por meio do Departamento Competente, providencie a reforma do Sal\u00e3o Comunit\u00e1rio do Conjunto Jo\u00e3o de Barro."}, {"id": "9347", "ano": "2022", "numero": "296", "tipo__sigla": "IND", "tipo__descricao": "Indica\u00e7\u00e3o", "autoria": "Fio Bertotti", "texto_original": "http://sapl.ivaipora.pr.leg.br/media/sapl/public/materialegislativa/2022/9347/indicacao_296-2022.pdf", "ementa": "INDICAR ao Senhor Prefeito Municipal, que por meio do Departamento Competente, providencie melhorias na ilumina\u00e7\u00e3o do estacionamento do Lago Jardim bot\u00e2nico, melhorando as condi\u00e7\u00f5es de seguran\u00e7a dos visitantes."}, {"id": "9348", "ano": "2022", "numero": "297", "tipo__sigla": "IND", "tipo__descricao": "Indica\u00e7\u00e3o", "autoria": "Fio Bertotti", "texto_original": "http://sapl.ivaipora.pr.leg.br/media/sapl/public/materialegislativa/2022/9348/indicacao_297-2022.pdf", "ementa": "INDICAR ao Senhor Prefeito Municipal, que por meio do Departamento Competente, providencie a coloca\u00e7\u00e3o de bancos tipo pra\u00e7a na UBS do Conjunto Jo\u00e3o de Barro, para dar mais conforto as pessoas enquanto esperam ser atendidos na mesma."}, {"id": "9349", "ano": "2022", "numero": "298", "tipo__sigla": "IND", "tipo__descricao": "Indica\u00e7\u00e3o", "autoria": "Fio Bertotti, Carniato", "texto_original": "http://sapl.ivaipora.pr.leg.br/media/sapl/public/materialegislativa/2022/9349/indicacao_298-2022.pdf", "ementa": "INDICAR ao Senhor Prefeito Municipal, que por meio do Departamento competente, providencie a constru\u00e7\u00e3o de galeria pluvial no final da rua J\u00falio Guerra, no Jardim Luiz XV, em dias de chuvas mais forte a agua invade as casas trazendo transtornos aos moradores."}, {"id": "9350", "ano": "2022", "numero": "299", "tipo__sigla": "IND", "tipo__descricao": "Indica\u00e7\u00e3o", "autoria": "Fio Bertotti", "texto_original": "http://sapl.ivaipora.pr.leg.br/media/", "ementa": "INDICAR ao Senhor Prefeito Municipal, que por meio do Departamento competente, providencie o cal\u00e7amento com pedra irregular na rua Bem Te Vi, Vila Nova Por\u00e3."}, {"id": "9351", "ano": "2022", "numero": "300", "tipo__sigla": "IND", "tipo__descricao": "Indica\u00e7\u00e3o", "autoria": "Jaffer Ferreira", "texto_original": "http://sapl.ivaipora.pr.leg.br/media/sapl/public/materialegislativa/2022/9351/indicacao_300-2022.pdf", "ementa": "INDICAR ao Senhor Prefeito Municipal, que por meio do departamento competente, Meio Ambiente para Resgatar os coletores de res\u00edduos e criar Ecopontos para a coleta de res\u00edduos considerados perigosos."}, {"id": "9478", "ano": "2022", "numero": "301", "tipo__sigla": "IND", "tipo__descricao": "Indica\u00e7\u00e3o", "autoria": "Jaffer Ferreira", "texto_original": "http://sapl.ivaipora.pr.leg.br/media/sapl/public/materialegislativa/2022/9478/indicacao_301-2022.pdf", "ementa": "INDICAR ao Senhor Prefeito Municipal, que por meio do departamento competente para que fa\u00e7a um estudo em frente ao posto Ivaipor\u00e3 pr\u00f3ximo a Azambuja ali no sem\u00e1faro pois direto os motoristas ficam se fechando devido a largura ser estreita."}, {"id": "9479", "ano": "2022", "numero": "302", "tipo__sigla": "IND", "tipo__descricao": "Indica\u00e7\u00e3o", "autoria": "Jaffer Ferreira", "texto_original": "http://sapl.ivaipora.pr.leg.br/media/sapl/public/materialegislativa/2022/9479/indicacao_302-2022.pdf", "ementa": "INDICAR ao Senhor Prefeito Municipal, que por meio do departamento competente para que melhore a ilumina\u00e7\u00e3o no Jardim Casa Grande 4, onde tem a academia na Jos\u00e9 Abb\u00e1, ultima rua pr\u00f3ximo a mata \u00e9 muito escuro."}, {"id": "9480", "ano": "2022", "numero": "303", "tipo__sigla": "IND", "tipo__descricao": "Indica\u00e7\u00e3o", "autoria": "Jaffer Ferreira", "texto_original": "http://sapl.ivaipora.pr.leg.br/media/sapl/public/materialegislativa/2022/9480/indicacao_303-2022.pdf", "ementa": "INDICAR ao Senhor Prefeito Municipal, que por meio do departamento competente, Meio Ambiente para criar programas de Educa\u00e7\u00e3o Ambiental em parceria com os Departamentos de Educa\u00e7\u00e3o, Esporte, Cultura e Lazer: palestras nas diversas \u00e1reas do meio ambiente, separa\u00e7\u00e3o de res\u00edduos, preserva\u00e7\u00e3o ambiental, polui\u00e7\u00e3o, entre outros."}, {"id": "9481", "ano": "2022", "numero": "304", "tipo__sigla": "IND", "tipo__descricao": "Indica\u00e7\u00e3o", "autoria": "Jaffer Ferreira", "texto_original": "http://sapl.ivaipora.pr.leg.br/media/sapl/public/materialegislativa/2022/9481/indicacao_304-2022.pdf", "ementa": "INDICAR ao Senhor Prefeito Municipal, que por meio do departamento competente, providencie um redutor de velocidade na Rua Clara Storoski Vila S\u00e3o Jos\u00e9 pr\u00f3ximo ao bar de Marinho."}, {"id": "9482", "ano": "2022", "numero": "305", "tipo__sigla": "IND", "tipo__descricao": "Indica\u00e7\u00e3o", "autoria": "Vila Real", "texto_original": "http://sapl.ivaipora.pr.leg.br/media/sapl/public/materialegislativa/2022/9482/indicacao_305-2022.pdf", "ementa": "INDICAR ao Senhor Prefeito Municipal, Luiz Carlos Gil, que por meio do departamento competente providencie a instala\u00e7\u00e3o de um redutor de velocidade (quebra-molas), na Rua Arapongas (Jardim Bras\u00edlia) no distrito de Jacutinga, pelo fato de ve\u00edculos estarem transitando em alta velocidade."}, {"id": "9483", "ano": "2022", "numero": "306", "tipo__sigla": "IND", "tipo__descricao": "Indica\u00e7\u00e3o", "autoria": "Carniato", "texto_original": "http://sapl.ivaipora.pr.leg.br/media/sapl/public/materialegislativa/2022/9483/indicacao_306-2022.pdf", "ementa": "INDICAR ao Senhor Prefeito Municipal Luiz Carlos Gil, para que providencie a constru\u00e7\u00e3o de campinho (gramado, cercado e iluminado) e uma ATI (Academia da Terceira Idade) no Jardim Paran\u00e1, para atender demanda dos moradores da comunidade. Na localidade h\u00e1 um terreno que pertence ao munic\u00edpio, onde os jovens j\u00e1 praticam atividades f\u00edsicas, mas n\u00e3o disp\u00f5e das condi\u00e7\u00f5es adequadas para a pr\u00e1tica esportiva."}, {"id": "9484", "ano": "2022", "numero": "307", "tipo__sigla": "IND", "tipo__descricao": "Indica\u00e7\u00e3o", "autoria": "Carniato", "texto_original": "http://sapl.ivaipora.pr.leg.br/media/sapl/public/materialegislativa/2022/9484/indicacao_307-2022.pdf", "ementa": "INDICAR ao Senhor Prefeito Municipal, que por meio do Departamento competente realize estudos para a cria\u00e7\u00e3o do Mercado Municipal e assim favorecer a popula\u00e7\u00e3o de baixa renda."}, {"id": "9485", "ano": "2022", "numero": "308", "tipo__sigla": "IND", "tipo__descricao": "Indica\u00e7\u00e3o", "autoria": "Carniato", "texto_original": "http://sapl.ivaipora.pr.leg.br/media/sapl/public/materialegislativa/2022/9485/indicacao_308-2022.pdf", "ementa": "INDICAR ao Senhor Prefeito Municipal, que por meio do Departamento competente realize estudos para duplica\u00e7\u00e3o da sa\u00edda de Santa B\u00e1rbara \u2013 transformando m\u00e3o \u00fanica a Rua Apinag\u00e9s, no sentido bairro; e pavimentando a estrada antiga no sentido centro. Fazendo tamb\u00e9m liga\u00e7\u00e3o pavimentada direta com o centro da cidade por meio da rua suburbana. Com o crescimento dos bairros aumentou muito o fluxo de ve\u00edculo na Rua Apinag\u00e9s o que vem prejudicando o tr\u00e2nsito."}, {"id": "9486", "ano": "2022", "numero": "309", "tipo__sigla": "IND", "tipo__descricao": "Indica\u00e7\u00e3o", "autoria": "Carniato, Vila Real", "texto_original": "http://sapl.ivaipora.pr.leg.br/media/sapl/public/materialegislativa/2022/9486/indicacao_309-2022.pdf", "ementa": "INDICAR ao Senhor Prefeito Municipal Luiz Carlos Gil, que por meio do Departamento competente, providencie a abertura de um Po\u00e7o Artesiano para atender as comunidades do Banco de Areia e Proc\u00f3pio, no Distrito de Santa B\u00e1rbara. Os moradores da comunidade, dentre eles o Srs. Daniel C\u00e2ndido de Souza e Jos\u00e9 Bergamaschi Neto, relatam que em per\u00edodo prolongado de seca est\u00e1 faltando \u00e1gua at\u00e9 para o consumo humano e trazendo dificuldades, em especial aos produtores de leite."}, {"id": "9487", "ano": "2022", "numero": "310", "tipo__sigla": "IND", "tipo__descricao": "Indica\u00e7\u00e3o", "autoria": "Carniato", "texto_original": "http://sapl.ivaipora.pr.leg.br/media/sapl/public/materialegislativa/2022/9487/indicacao_310-2022.pdf", "ementa": "INDICAR ao Senhor Prefeito Municipal, que por meio do Departamento competente providencie tapa buraco em dois pontos na Rua Juares Clever, Centro - atr\u00e1s da Lourdes Noivas."}, {"id": "9488", "ano": "2022", "numero": "311", "tipo__sigla": "IND", "tipo__descricao": "Indica\u00e7\u00e3o", "autoria": "Carniato", "texto_original": "http://sapl.ivaipora.pr.leg.br/media/sapl/public/materialegislativa/2022/9488/indicacao_311-2022.pdf", "ementa": "INDICAR ao Senhor Prefeito Municipal, que por meio do Departamento competente, providencie a constru\u00e7\u00e3o de banheiro p\u00fablico na Pra\u00e7a Fran\u00e7a."}, {"id": "9489", "ano": "2022", "numero": "312", "tipo__sigla": "IND", "tipo__descricao": "Indica\u00e7\u00e3o", "autoria": "Carniato", "texto_original": "http://sapl.ivaipora.pr.leg.br/media/sapl/public/materialegislativa/2022/9489/indicacao_312-2022.pdf", "ementa": "INDICAR ao Senhor Prefeito Municipal, para que crie uma Biblioteca Municipal Digital. A disponibiliza\u00e7\u00e3o de livros na plataforma digital \u00e9 entendida como uma importante ferramenta para a constru\u00e7\u00e3o de pol\u00edticas p\u00fablicas, que contribuir\u00e1 para a forma\u00e7\u00e3o do conhecimento e cidadania. Reduzir\u00e1 custos com aquisi\u00e7\u00e3o de livros, uma vez que a na plataforma o compartilhamento da informa\u00e7\u00e3o permite acesso simult\u00e2neo a v\u00e1rios leitores nas 24 horas do dia."}, {"id": "9490", "ano": "2022", "numero": "313", "tipo__sigla": "IND", "tipo__descricao": "Indica\u00e7\u00e3o", "autoria": "Carniato", "texto_original": "http://sapl.ivaipora.pr.leg.br/media/sapl/public/materialegislativa/2022/9490/indicacao_313-2022.pdf", "ementa": "INDICAR ao Senhor Prefeito Municipal, que por meio do Departamento competente, providencie tampa para os bueiros que est\u00e3o abertos, nos cruzamentos da Av. Maranh\u00e3o com as ruas Alvorada e Cuba, oferecendo riscos de acidentes, inclusive para as crian\u00e7as que aguardam o \u00f4nibus do transporte escolar naqueles locais."}, {"id": "9491", "ano": "2022", "numero": "314", "tipo__sigla": "IND", "tipo__descricao": "Indica\u00e7\u00e3o", "autoria": "Carniato", "texto_original": "http://sapl.ivaipora.pr.leg.br/media/sapl/public/materialegislativa/2022/9491/indicacao_314-2022.pdf", "ementa": "INDICAR ao Senhor Prefeito Municipal Luiz Carlos Gil, que por meio do Departamento competente que analise a instala\u00e7\u00e3o de sem\u00e1foro para pedestre, com objetivo de organizar melhor o tr\u00e2nsito."}, {"id": "9493", "ano": "2022", "numero": "315", "tipo__sigla": "IND", "tipo__descricao": "Indica\u00e7\u00e3o", "autoria": "Jaffer Ferreira", "texto_original": "http://sapl.ivaipora.pr.leg.br/media/sapl/public/materialegislativa/2022/9493/indicacao_315-2022.pdf", "ementa": "INDICAR ao Senhor Prefeito Municipal, que por meio do departamento competente, para contratar inspetor de p\u00e1tio fixo para que os diretores e professores tenha confian\u00e7a em deixar seus alunos, contratar em todas as escolas municipais."}, {"id": "9495", "ano": "2022", "numero": "316", "tipo__sigla": "IND", "tipo__descricao": "Indica\u00e7\u00e3o", "autoria": "Sab\u00e3o - Edivaldo Montanheri", "texto_original": "http://sapl.ivaipora.pr.leg.br/media/sapl/public/materialegislativa/2022/9495/indicacao_316-2022.pdf", "ementa": "INDICAR ao Senhor Prefeito Municipal, que por meio do Departamento competente, providencie novos uniformes para todos os garis e protetor solar."}, {"id": "9496", "ano": "2022", "numero": "317", "tipo__sigla": "IND", "tipo__descricao": "Indica\u00e7\u00e3o", "autoria": "Jaffer Ferreira", "texto_original": "http://sapl.ivaipora.pr.leg.br/media/sapl/public/materialegislativa/2022/9496/indicacao_317-2022.pdf", "ementa": "INDICAR ao Senhor Prefeito Municipal, que por meio do departamento competente, se for poss\u00edvel instalar um televis\u00e3o na sala infantil 2 e sala 3 no CMEI Nossa Senhora Aparecida."}, {"id": "9498", "ano": "2022", "numero": "318", "tipo__sigla": "IND", "tipo__descricao": "Indica\u00e7\u00e3o", "autoria": "", "texto_original": "http://sapl.ivaipora.pr.leg.br/media/sapl/public/materialegislativa/2022/9498/indicacao_318-2022.pdf", "ementa": "INDICAR ao Senhor Prefeito Municipal, que por meio do Departamento competente que fa\u00e7a a fiscaliza\u00e7\u00e3o dos estacionamentos preferenciais de idosos e deficientes pois os motoristas n\u00e3o est\u00e3o respeitando as referidas vagas."}, {"id": "9499", "ano": "2022", "numero": "319", "tipo__sigla": "IND", "tipo__descricao": "Indica\u00e7\u00e3o", "autoria": "Fio Bertotti", "texto_original": "http://sapl.ivaipora.pr.leg.br/media/sapl/public/materialegislativa/2022/9499/indicacao_319-2022.pdf", "ementa": "INDICAR ao Senhor Prefeito Municipal, que por meio do Departamento Competente, providencie o patrolamento e cascalhamento na estrada da fazenda Santa Rosa, na comunidade do Severiano, muitos buracos na estrada atrapalhando o trafego e o escoamento do leite e produtos agr\u00edcolas."}, {"id": "9500", "ano": "2022", "numero": "320", "tipo__sigla": "IND", "tipo__descricao": "Indica\u00e7\u00e3o", "autoria": "Fio Bertotti", "texto_original": "http://sapl.ivaipora.pr.leg.br/media/sapl/public/materialegislativa/2022/9500/indicacao_320-2022.pdf", "ementa": "INDICAR ao Senhor Prefeito Municipal, que por meio do Departamento Competente, providencie a continua\u00e7\u00e3o do cal\u00e7amento com pedra irregular no final da rua Visconde do Rio Branco, Jardim Luiz XV."}, {"id": "9501", "ano": "2022", "numero": "321", "tipo__sigla": "IND", "tipo__descricao": "Indica\u00e7\u00e3o", "autoria": "Fio Bertotti", "texto_original": "http://sapl.ivaipora.pr.leg.br/media/sapl/public/materialegislativa/2022/9501/indicacao_321-2022.pdf", "ementa": "INDICAR ao Senhor Prefeito Municipal, que por meio do Departamento competente, providencie ro\u00e7ada e paisagismo na pra\u00e7a em frente \u00e0 Escola Municipal Jos\u00e9 de Matos Le\u00e3o, no Distrito de Alto Por\u00e3."}, {"id": "9502", "ano": "2022", "numero": "322", "tipo__sigla": "IND", "tipo__descricao": "Indica\u00e7\u00e3o", "autoria": "Vila Real", "texto_original": "http://sapl.ivaipora.pr.leg.br/media/sapl/public/materialegislativa/2022/9502/indicacao_322-2022.pdf", "ementa": "INDICAR ao Senhor Prefeito Municipal, Luiz Carlos Gil, que por meio do departamento competente, providencie uma linha de transporte p\u00fablico, apenas para o distrito de Jacutinga."}, {"id": "9503", "ano": "2022", "numero": "323", "tipo__sigla": "IND", "tipo__descricao": "Indica\u00e7\u00e3o", "autoria": "Josane Disner", "texto_original": "http://sapl.ivaipora.pr.leg.br/media/sapl/public/materialegislativa/2022/9503/indicacao_323-2022.pdf", "ementa": "INDICAR ao Senhor Prefeito Municipal, que por meio do Departamento competente, para que seja visto a possibilidade de pavimenta\u00e7\u00e3o poli\u00e9drica (pedras irregulares) na Rua: Jos\u00e9 Castro Conde, no Reservado."}, {"id": "9504", "ano": "2022", "numero": "324", "tipo__sigla": "IND", "tipo__descricao": "Indica\u00e7\u00e3o", "autoria": "Josane Disner", "texto_original": "http://sapl.ivaipora.pr.leg.br/media/sapl/public/materialegislativa/2022/9504/indicacao_324-2022.pdf", "ementa": "INDICAR ao Senhor Prefeito Municipal, que por meio do Departamento competente, para que seja visto a possibilidade da instala\u00e7\u00e3o de um redutor de velocidade na Rua: Suburbana, em frente ao Abrigo Toca de Assis."}, {"id": "9505", "ano": "2022", "numero": "325", "tipo__sigla": "IND", "tipo__descricao": "Indica\u00e7\u00e3o", "autoria": "Josane Disner", "texto_original": "http://sapl.ivaipora.pr.leg.br/media/sapl/public/materialegislativa/2022/9505/indicacao_325-2022.pdf", "ementa": "INDICAR ao Senhor Prefeito Municipal, que por meio do Departamento competente, para que seja visto a possibilidade de pavimenta\u00e7\u00e3o poli\u00e9drica (pedras irregulares) na Rua: D, Vila Santa Terezinha."}, {"id": "9506", "ano": "2022", "numero": "326", "tipo__sigla": "IND", "tipo__descricao": "Indica\u00e7\u00e3o", "autoria": "Jaffer Ferreira", "texto_original": "http://sapl.ivaipora.pr.leg.br/media/sapl/public/materialegislativa/2022/9506/indicacao_326-2022.pdf", "ementa": "INDICAR ao Senhor Prefeito Municipal, que por meio do Departamento competente, providenciar a Retomada da feira do produtor, oferecendo apoio e comercializa\u00e7\u00e3o dos produtos, de origem animal e vegetal."}, {"id": "9507", "ano": "2022", "numero": "327", "tipo__sigla": "IND", "tipo__descricao": "Indica\u00e7\u00e3o", "autoria": "Jaffer Ferreira", "texto_original": "http://sapl.ivaipora.pr.leg.br/media/sapl/public/materialegislativa/2022/9507/indicacao_327-2022.pdf", "ementa": "INDICAR ao Senhor Prefeito Municipal, que por meio do Departamento competente, providencie o patrolamento e cascalhamento na estrada do sitio do Demetto e sitio do Viola na comunidade do Ouro Verde, ali tem muitos sitiantes que trafegam por essas estradas e necessitam escoar os seus produtos e a produ\u00e7\u00e3o agr\u00edcola."}, {"id": "9508", "ano": "2022", "numero": "328", "tipo__sigla": "IND", "tipo__descricao": "Indica\u00e7\u00e3o", "autoria": "Z\u00e9 Maria", "texto_original": "http://sapl.ivaipora.pr.leg.br/media/sapl/public/materialegislativa/2022/9508/indicacao_328-2022.pdf", "ementa": "INDICAR ao Senhor Prefeito Municipal, que por meio do Departamento competente que fa\u00e7a a troca da tampa da boca de lobo que se encontra quebrada na Rua Joaquim Nabuco esquina com Ladislau Gil Fernandes Jd. Aeroporto segue fotos anexas:"}, {"id": "9509", "ano": "2022", "numero": "329", "tipo__sigla": "IND", "tipo__descricao": "Indica\u00e7\u00e3o", "autoria": "Z\u00e9 Maria", "texto_original": "http://sapl.ivaipora.pr.leg.br/media/sapl/public/materialegislativa/2022/9509/indicacao_329-2022.pdf", "ementa": "INDICAR ao Senhor Prefeito Municipal, que por meio do Departamento competente que fa\u00e7a uma limpeza nas canaletas est\u00e3o entupidas na av. Ladislau Gil Fernandes Jardim. Aeroporto esquina com oficina mec\u00e2nica central segue fotos anexa"}, {"id": "9510", "ano": "2022", "numero": "330", "tipo__sigla": "IND", "tipo__descricao": "Indica\u00e7\u00e3o", "autoria": "Gertrudes, Fio Bertotti", "texto_original": "http://sapl.ivaipora.pr.leg.br/media/sapl/public/materialegislativa/2022/9510/indicacao_330-2022.pdf", "ementa": "INDICAR ao Senhor Prefeito Municipal Luiz Carlos Gil, que por meio do Departamento Competente, providencie a constru\u00e7\u00e3o de 18 (dezoito) casas populares, atr\u00e1s da quadra municipal no Distrito de Alto Por\u00e3. Oferecendo melhores condi\u00e7\u00f5es de habita\u00e7\u00e3o as fam\u00edlias desta localidade."}, {"id": "9511", "ano": "2022", "numero": "331", "tipo__sigla": "IND", "tipo__descricao": "Indica\u00e7\u00e3o", "autoria": "Gertrudes", "texto_original": "http://sapl.ivaipora.pr.leg.br/media/", "ementa": "INDICAR ao Senhor Prefeito Municipal Luiz Carlos Gil, que por meio do Departamento Competente, providencie a constru\u00e7\u00e3o de um Centro de Socioeduca\u00e7\u00e3o (CENSE)."}, {"id": "9512", "ano": "2022", "numero": "332", "tipo__sigla": "IND", "tipo__descricao": "Indica\u00e7\u00e3o", "autoria": "Gertrudes", "texto_original": "http://sapl.ivaipora.pr.leg.br/media/sapl/public/materialegislativa/2022/9512/indicacao_332-2022.pdf", "ementa": "INDICAR ao Senhor Prefeito Municipal Luiz Carlos Gil, que por meio do Departamento Competente, providencie um monumento aos ciclistas no centro da futura rotat\u00f3ria nas proximidades do Mercado Popular e Cemit\u00e9rio, estimulando os ciclistas que ali passam para o uso da ciclofaixa, indica\u00e7\u00e3o feita pelos moradores do Conjunto Mour\u00e3o Filho."}, {"id": "9513", "ano": "2022", "numero": "333", "tipo__sigla": "IND", "tipo__descricao": "Indica\u00e7\u00e3o", "autoria": "Gertrudes", "texto_original": "http://sapl.ivaipora.pr.leg.br/media/sapl/public/materialegislativa/2022/9513/indicacao_333-2022.pdf", "ementa": "INDICAR ao Senhor Prefeito Municipal Luiz Carlos Gil, que por meio do Departamento Competente, providencie a constru\u00e7\u00e3o de uma Trilha Ecol\u00f3gica no Parque Natural Municipal Mata do Pl\u00e1cidio."}, {"id": "9517", "ano": "2022", "numero": "334", "tipo__sigla": "IND", "tipo__descricao": "Indica\u00e7\u00e3o", "autoria": "Vila Real", "texto_original": "http://sapl.ivaipora.pr.leg.br/media/sapl/public/materialegislativa/2022/9517/indicacao_334-2022.pdf", "ementa": "INDICAR ao Senhor Prefeito Municipal, que por meio do Departamento competente, providencie a sinaliza\u00e7\u00e3o da faixa central da Rodovia Nicolau Koltun."}, {"id": "9518", "ano": "2022", "numero": "335", "tipo__sigla": "IND", "tipo__descricao": "Indica\u00e7\u00e3o", "autoria": "Vila Real, Gertrudes", "texto_original": "http://sapl.ivaipora.pr.leg.br/media/sapl/public/materialegislativa/2022/9518/indicacao_335-2022.pdf", "ementa": "INDICAR ao Senhor Prefeito Municipal, que por meio do Departamento competente, providencie uma rotat\u00f3ria nas proximidades do Mercado Popular e Cemit\u00e9rio, pr\u00f3ximo ao Conjunto Mour\u00e3o Filho."}, {"id": "9519", "ano": "2022", "numero": "336", "tipo__sigla": "IND", "tipo__descricao": "Indica\u00e7\u00e3o", "autoria": "Vila Real", "texto_original": "http://sapl.ivaipora.pr.leg.br/media/sapl/public/materialegislativa/2022/9519/indicacao_336-2022.pdf", "ementa": "INDICAR ao Senhor Prefeito Municipal, que por meio do Departamento competente, providencie uma linha exclusiva de transporte escolar para os alunos do IFPR,. Ou uma mudan\u00e7a nos hor\u00e1rios do transporte j\u00e1 existente at\u00e9 o IFPR."}, {"id": "9520", "ano": "2022", "numero": "337", "tipo__sigla": "IND", "tipo__descricao": "Indica\u00e7\u00e3o", "autoria": "Josane Disner", "texto_original": "http://sapl.ivaipora.pr.leg.br/media/sapl/public/materialegislativa/2022/9520/indicacao_337-2022.pdf", "ementa": "INDICAR ao Senhor Prefeito Municipal, que por meio do Departamento competente, para que realize o recape asf\u00e1ltico na Avenida Apar\u00edcio Bitencourt pr\u00f3ximo ao SESC."}, {"id": "9521", "ano": "2022", "numero": "338", "tipo__sigla": "IND", "tipo__descricao": "Indica\u00e7\u00e3o", "autoria": "Josane Disner", "texto_original": "http://sapl.ivaipora.pr.leg.br/media/sapl/public/materialegislativa/2022/9521/indicacao_338-2022.pdf", "ementa": "INDICAR ao Senhor Prefeito Municipal, que por meio do Departamento competente, para que seja feito a limpeza no final da Rua: Bangu, Jardim Guanabara II, onde h\u00e1 acumulo de \u00e1gua parada."}, {"id": "9522", "ano": "2022", "numero": "339", "tipo__sigla": "IND", "tipo__descricao": "Indica\u00e7\u00e3o", "autoria": "Vila Real", "texto_original": "http://sapl.ivaipora.pr.leg.br/media/sapl/public/materialegislativa/2022/9522/indicacao_339-2022.pdf", "ementa": "INDICAR ao Senhor Prefeito Municipal, que por meio do Departamento competente, providencie a sinaliza\u00e7\u00e3o do quebra mola em frente ao posto Catuai e a Case, Av Ladislau Fernandes."}, {"id": "9523", "ano": "2022", "numero": "340", "tipo__sigla": "IND", "tipo__descricao": "Indica\u00e7\u00e3o", "autoria": "Z\u00e9 Maria", "texto_original": "http://sapl.ivaipora.pr.leg.br/media/sapl/public/materialegislativa/2022/9523/indicacao_340-2022.pdf", "ementa": "INDICAR ao Senhor Prefeito Municipal, que por meio do Departamento competente que fa\u00e7a a manuten\u00e7\u00e3o da tampa da boca de lobo quebrada na Rua guareta de frente a casa 265 vila nova por\u00e3 foto anexa."}, {"id": "9524", "ano": "2022", "numero": "341", "tipo__sigla": "IND", "tipo__descricao": "Indica\u00e7\u00e3o", "autoria": "Carniato", "texto_original": "http://sapl.ivaipora.pr.leg.br/media/", "ementa": "INDICAR ao Senhor Prefeito Municipal, que por meio do Departamento competente, providencie cascalhamento da estrada, aproximadamente (2 Km), que d\u00e1 acesso ao po\u00e7o que abastece o Distrito de Santa B\u00e1rbara, e arrumar ponte. Nesse local tem um aluno da APAE, que depende de transporte para ir na escola todos os dias e as condi\u00e7\u00f5es da estrada e da ponte est\u00e1 dificultando o tr\u00e2nsito."}, {"id": "9525", "ano": "2022", "numero": "342", "tipo__sigla": "IND", "tipo__descricao": "Indica\u00e7\u00e3o", "autoria": "Josane Disner", "texto_original": "http://sapl.ivaipora.pr.leg.br/media/sapl/public/materialegislativa/2022/9525/indicacao_342-2022.pdf", "ementa": "INDICAR ao Senhor Prefeito Municipal, que por meio do Departamento competente, para que seja feito recape asf\u00e1ltico e limpeza nos bueiros na Rua: J\u00falio Guerra, pr\u00f3ximo ao n\u00ba 235, Jardim Luiz XV."}, {"id": "9526", "ano": "2022", "numero": "343", "tipo__sigla": "IND", "tipo__descricao": "Indica\u00e7\u00e3o", "autoria": "Jaffer Ferreira", "texto_original": "http://sapl.ivaipora.pr.leg.br/media/sapl/public/materialegislativa/2022/9526/indicacao_343-2022.pdf", "ementa": "INDICAR ao Senhor Prefeito Municipal, que por meio do Departamento competente, providencie indica\u00e7\u00e3o ao executivo e o departamento competente voltar o ponto de \u00f4nibus na rua ucr\u00e2nia a pedido dos moradores."}, {"id": "9527", "ano": "2022", "numero": "344", "tipo__sigla": "IND", "tipo__descricao": "Indica\u00e7\u00e3o", "autoria": "Jaffer Ferreira", "texto_original": "http://sapl.ivaipora.pr.leg.br/media/sapl/public/materialegislativa/2022/9527/indicacao_344-2022.pdf", "ementa": "INDICAR ao Senhor Prefeito Municipal, que por meio do departamento competente, para proveni\u00eancia um espa\u00e7o para montar uma pista de gaiola Cross e Motocross."}, {"id": "9528", "ano": "2022", "numero": "345", "tipo__sigla": "IND", "tipo__descricao": "Indica\u00e7\u00e3o", "autoria": "Jaffer Ferreira", "texto_original": "http://sapl.ivaipora.pr.leg.br/media/sapl/public/materialegislativa/2022/9528/indicacao_345-2022.pdf", "ementa": "INDICAR ao Senhor Prefeito Municipal, que por meio do departamento competente, comunicar a Secretaria da Cultura para que se poss\u00edvel contratar M\u00fasicos e DJ,para fazer show na pra\u00e7a nos dias que os com\u00e9rcios s\u00e3o aberto at\u00e9 as cinco horas da tarde, para dar oportunidade para nossos profissional da cidade e dar um apoio para nossos comerciantes atraindo mais movimentos de pessoas."}, {"id": "9529", "ano": "2022", "numero": "346", "tipo__sigla": "IND", "tipo__descricao": "Indica\u00e7\u00e3o", "autoria": "Fio Bertotti", "texto_original": "http://sapl.ivaipora.pr.leg.br/media/sapl/public/materialegislativa/2022/9529/indicacao_346-2022.pdf", "ementa": "INDICAR ao Senhor Prefeito Municipal, que por meio do Departamento Competente, providencie o recape asf\u00e1ltico e manuten\u00e7\u00e3o na Rua Cuba, atr\u00e1s da Sanepar, muitos buracos dificultando trafego."}, {"id": "9531", "ano": "2022", "numero": "347", "tipo__sigla": "IND", "tipo__descricao": "Indica\u00e7\u00e3o", "autoria": "Fio Bertotti", "texto_original": "http://sapl.ivaipora.pr.leg.br/media/sapl/public/materialegislativa/2022/9531/indicacao_347-2022.pdf", "ementa": "INDICAR ao Senhor Prefeito Municipal, que por meio do Departamento Competente, providencie melhorias na galeria pluvial da Avenida Espanha, em frente ao n\u00famero 568, Jardim Europa, com a corre\u00e7\u00e3o de massa asf\u00e1ltica sobre a pedra irregular acabou tampando o bueiro, n\u00e3o dando vaz\u00e3o as aguas da chuva. Segue foto em anexo;"}, {"id": "9532", "ano": "2022", "numero": "348", "tipo__sigla": "IND", "tipo__descricao": "Indica\u00e7\u00e3o", "autoria": "Fio Bertotti", "texto_original": "http://sapl.ivaipora.pr.leg.br/media/sapl/public/materialegislativa/2022/9532/indicacao_348-2022.pdf", "ementa": "INDICAR ao Senhor Prefeito Municipal, que por meio do Departamento competente, providencie melhorias com paisagismo, ilumina\u00e7\u00e3o na pra\u00e7a da Rua Travessa Esperan\u00e7a esquina com Avenida Presidente Tancredo Neves, em frente ao Bonfim G\u00e1s. Segue foto em anexo"}, {"id": "9533", "ano": "2022", "numero": "349", "tipo__sigla": "IND", "tipo__descricao": "Indica\u00e7\u00e3o", "autoria": "Sab\u00e3o - Edivaldo Montanheri", "texto_original": "http://sapl.ivaipora.pr.leg.br/media/sapl/public/materialegislativa/2022/9533/indicacao_349-2022.pdf", "ementa": "INDICAR ao Senhor Prefeito Municipal, que por meio do Departamento competente, providencie melhorias na Pra\u00e7a M\u00e1rio Moreira Bonfim situada na Avenida Paran\u00e1 em nossa cidade, com instala\u00e7\u00e3o de mais l\u00e2mpadas, paisagismo e reparos necess\u00e1rios, deixando assim a pra\u00e7a mais bonita."}, {"id": "9534", "ano": "2022", "numero": "350", "tipo__sigla": "IND", "tipo__descricao": "Indica\u00e7\u00e3o", "autoria": "Josane Disner", "texto_original": "http://sapl.ivaipora.pr.leg.br/media/sapl/public/materialegislativa/2022/9534/indicacao_350-2022.pdf", "ementa": "INDICAR ao Senhor Prefeito Municipal, que por meio do Departamento competente, para que seja feito a limpeza e reforma nos banheiros da Pra\u00e7a Henrique Portelinha em frente ao Banco do Brasil. e demais melhorias que fizerem necess\u00e1rias neste local."}, {"id": "9535", "ano": "2022", "numero": "351", "tipo__sigla": "IND", "tipo__descricao": "Indica\u00e7\u00e3o", "autoria": "Carniato", "texto_original": "http://sapl.ivaipora.pr.leg.br/media/sapl/public/materialegislativa/2022/9535/indicacao_351-2022.pdf", "ementa": "INDICAR ao Senhor Prefeito Municipal, que por meio do Departamento competente, providencie, patrolamento e cascalhamento na Estrada do Bairro Berro da On\u00e7a."}, {"id": "9536", "ano": "2022", "numero": "352", "tipo__sigla": "IND", "tipo__descricao": "Indica\u00e7\u00e3o", "autoria": "Carniato", "texto_original": "http://sapl.ivaipora.pr.leg.br/media/sapl/public/materialegislativa/2022/9536/indicacao_352-2022.pdf", "ementa": "INDICAR ao Senhor Prefeito Municipal, que por meio do Departamento Competente, providencie a manuten\u00e7\u00e3o e recape asf\u00e1ltico na rua Andir\u00e1, fundos do col\u00e9gio Unidade P\u00f3lo \u2013 (Bento Mussurunga),"}, {"id": "9537", "ano": "2022", "numero": "353", "tipo__sigla": "IND", "tipo__descricao": "Indica\u00e7\u00e3o", "autoria": "Gertrudes", "texto_original": "http://sapl.ivaipora.pr.leg.br/media/sapl/public/materialegislativa/2022/9537/indicacao_353-2022.pdf", "ementa": "INDICAR ao Senhor Prefeito Municipal Luiz Carlos Gil, que por meio do Departamento Competente, providencie a pintura dos pontos de \u00f4nibus do munic\u00edpio."}, {"id": "9538", "ano": "2022", "numero": "354", "tipo__sigla": "IND", "tipo__descricao": "Indica\u00e7\u00e3o", "autoria": "Gertrudes", "texto_original": "http://sapl.ivaipora.pr.leg.br/media/sapl/public/materialegislativa/2022/9538/indicacao_354-2022.pdf", "ementa": "INDICAR ao Senhor Prefeito Municipal Luiz Carlos Gil, que por meio do Departamento Competente, providencie o recape asf\u00e1ltico da R/AV Osvaldo Cruz entre o Torno Iva\u00ed at\u00e9 o CMEI Prof. Ant\u00f4nio Carlos Costa."}, {"id": "9616", "ano": "2022", "numero": "355", "tipo__sigla": "IND", "tipo__descricao": "Indica\u00e7\u00e3o", "autoria": "Gertrudes", "texto_original": "http://sapl.ivaipora.pr.leg.br/media/sapl/public/materialegislativa/2022/9616/indicacao_355-2022.pdf", "ementa": "INDICAR ao Senhor Prefeito Municipal Luiz Carlos Gil, que por meio do Departamento Competente, providencie a reforma, coloca\u00e7\u00e3o de grama sint\u00e9tica e paisagismo no Parquinho Municipal, onde os brinquedos ainda s\u00e3o de madeira e precisam de reparo."}, {"id": "9617", "ano": "2022", "numero": "356", "tipo__sigla": "IND", "tipo__descricao": "Indica\u00e7\u00e3o", "autoria": "Gertrudes", "texto_original": "http://sapl.ivaipora.pr.leg.br/media/sapl/public/materialegislativa/2022/9617/indicacao_356-2022.pdf", "ementa": "INDICAR ao Senhor Prefeito Municipal Luiz Carlos Gil, que por meio do Departamento Competente, providencie a constru\u00e7\u00e3o de galerias na R. Campo Mour\u00e3o no Bairro Jardim Paran\u00e1 e se poss\u00edvel recape asf\u00e1ltico, pedido da popula\u00e7\u00e3o que ali se localiza."}, {"id": "9618", "ano": "2022", "numero": "357", "tipo__sigla": "IND", "tipo__descricao": "Indica\u00e7\u00e3o", "autoria": "Carniato", "texto_original": "http://sapl.ivaipora.pr.leg.br/media/sapl/public/materialegislativa/2022/9618/indicacao_357-2022.pdf", "ementa": "INDICAR ao Senhor Prefeito Municipal, que por meio do Departamento competente, analise a possibilidade de promover melhoria no Campinho de Su\u00ed\u00e7o da Vila Rural, com (nivelamento e substitui\u00e7\u00e3o da grama)."}, {"id": "9619", "ano": "2022", "numero": "358", "tipo__sigla": "IND", "tipo__descricao": "Indica\u00e7\u00e3o", "autoria": "Carniato", "texto_original": "http://sapl.ivaipora.pr.leg.br/media/sapl/public/materialegislativa/2022/9619/indicacao_358-2022.pdf", "ementa": "INDICAR ao Senhor Prefeito Municipal, que por meio do Departamento competente, analise a possibilidade de promover a reforma na UBS \u2013 (Unidade B\u00e1sica de Sa\u00fade) do Distrito de Santa B\u00e1rbara, inclu\u00eddo a constru\u00e7\u00e3o de mais um sanit\u00e1rio, melhorando o espa\u00e7o da cozinha e pintura geral."}, {"id": "9621", "ano": "2022", "numero": "359", "tipo__sigla": "IND", "tipo__descricao": "Indica\u00e7\u00e3o", "autoria": "Carniato", "texto_original": "http://sapl.ivaipora.pr.leg.br/media/sapl/public/materialegislativa/2022/9621/indicacao_359-2022.pdf", "ementa": "INDICAR ao Senhor Prefeito Municipal, que por meio do Departamento competente, analise a possibilidade de promover recape asf\u00e1ltico nos dois sentidos da Avenida Maranh\u00e3o, do Antigo Bar do Marinho at\u00e9 a Rua Alvorada. Esse trecho apresenta muitos buracos, prejudicando o tr\u00e2nsito."}, {"id": "9622", "ano": "2022", "numero": "360", "tipo__sigla": "IND", "tipo__descricao": "Indica\u00e7\u00e3o", "autoria": "Z\u00e9 Maria", "texto_original": "http://sapl.ivaipora.pr.leg.br/media/sapl/public/materialegislativa/2022/9622/indicacao_360-2022.pdf", "ementa": "INDICAR ao Senhor Prefeito Municipal, que por meio do Departamento competente que fa\u00e7a coloca\u00e7\u00e3o de pedras regular na Rua das industrias uns 350 metros (Vila das industrias) perto do posto Catuai II fotos anexas."}, {"id": "9623", "ano": "2022", "numero": "361", "tipo__sigla": "IND", "tipo__descricao": "Indica\u00e7\u00e3o", "autoria": "Z\u00e9 Maria", "texto_original": "http://sapl.ivaipora.pr.leg.br/media/sapl/public/materialegislativa/2022/9623/indicacao_361-2022.pdf", "ementa": "INDICAR ao Senhor Prefeito Municipal, que por meio do Departamento competente que fa\u00e7a a coloca\u00e7\u00e3o de c\u00e2meras na entrada e sa\u00edda do setor rodovi\u00e1rio pois est\u00e1 acontecendo roubos nos ve\u00edculos segue fotos."}, {"id": "9624", "ano": "2022", "numero": "362", "tipo__sigla": "IND", "tipo__descricao": "Indica\u00e7\u00e3o", "autoria": "Z\u00e9 Maria", "texto_original": "http://sapl.ivaipora.pr.leg.br/media/sapl/public/materialegislativa/2022/9624/indicacao_362-2022.pdf", "ementa": "INDICAR ao Senhor Prefeito Municipal, que por meio do Departamento competente que fa\u00e7a a coloca\u00e7\u00e3o da boca de lobo na rua Iva\u00ed na Vila s\u00e3o Pedro ( descendo) a Apae. foto anexa."}, {"id": "9626", "ano": "2022", "numero": "363", "tipo__sigla": "IND", "tipo__descricao": "Indica\u00e7\u00e3o", "autoria": "Fio Bertotti", "texto_original": "http://sapl.ivaipora.pr.leg.br/media/sapl/public/materialegislativa/2022/9626/indicacao_363-2022.pdf", "ementa": "INDICAR ao Senhor Prefeito Municipal, que por meio do Departamento Competente, providencie o recape asf\u00e1ltico e manuten\u00e7\u00e3o na Rua Juarez Cleve, em toda sua extens\u00e3o."}, {"id": "9632", "ano": "2022", "numero": "364", "tipo__sigla": "IND", "tipo__descricao": "Indica\u00e7\u00e3o", "autoria": "Fio Bertotti", "texto_original": "http://sapl.ivaipora.pr.leg.br/media/sapl/public/materialegislativa/2022/9632/indicacao_364-2022.pdf", "ementa": "INDICAR ao Senhor Prefeito Municipal, que por meio do Departamento Competente, a possibilidade de coloca\u00e7\u00e3o de uma faixa elevada, no cruzamento da Rua Prof. Diva Proen\u00e7a com Avenida Paran\u00e1, pr\u00f3ximo a Associa\u00e7\u00e3o Comercial, \u00e1rea central da cidade e com grande fluxo de pedestre."}, {"id": "9633", "ano": "2022", "numero": "365", "tipo__sigla": "IND", "tipo__descricao": "Indica\u00e7\u00e3o", "autoria": "Sab\u00e3o - Edivaldo Montanheri", "texto_original": "http://sapl.ivaipora.pr.leg.br/media/sapl/public/materialegislativa/2022/9633/indicacao_365-2022.pdf", "ementa": "INDICAR ao Senhor Prefeito Municipal, que por meio do Departamento competente, providencie recape asf\u00e1ltico na rua Brigadeiro Correa de Melo ao lado da Capela Alian\u00e7a. Fotos em anexo."}, {"id": "9634", "ano": "2022", "numero": "366", "tipo__sigla": "IND", "tipo__descricao": "Indica\u00e7\u00e3o", "autoria": "Sab\u00e3o - Edivaldo Montanheri", "texto_original": "http://sapl.ivaipora.pr.leg.br/media/sapl/public/materialegislativa/2022/9634/indicacao_366-2022.pdf", "ementa": "INDICAR ao Senhor Prefeito Municipal, que por meio do Departamento competente, providencie recape asf\u00e1ltico na rua Bulha em frente a Unidade B\u00e1sica de Sa\u00fade da Vila Monte Castelo e melhorias na boca de lobo. Fotos em anexo."}, {"id": "9635", "ano": "2022", "numero": "367", "tipo__sigla": "IND", "tipo__descricao": "Indica\u00e7\u00e3o", "autoria": "Jaffer Ferreira", "texto_original": "http://sapl.ivaipora.pr.leg.br/media/sapl/public/materialegislativa/2022/9635/indicacao_367-2022.pdf", "ementa": "INDICAR ao Senhor Prefeito Municipal, que por meio do departamento competente, que fa\u00e7a um redutor de velocidade na rua Jurumirim no bairro do jardim Itaipu."}, {"id": "9636", "ano": "2022", "numero": "368", "tipo__sigla": "IND", "tipo__descricao": "Indica\u00e7\u00e3o", "autoria": "Carniato", "texto_original": "http://sapl.ivaipora.pr.leg.br/media/sapl/public/materialegislativa/2022/9636/indicacao_368-2022.pdf", "ementa": "INDICAR ao Senhor Prefeito Municipal, que por meio do Departamento competente, analise a possibilidade de construir uma lombada elevada na Rua Periquito, em frente ao n\u00ba 33 e 36, no Distrito de Alto Por\u00e3. Segundo os moradores, os motoristas e motoqueiros est\u00e3o trafegando em alta velocidade naquele local."}, {"id": "9637", "ano": "2022", "numero": "369", "tipo__sigla": "IND", "tipo__descricao": "Indica\u00e7\u00e3o", "autoria": "Jaffer Ferreira", "texto_original": "http://sapl.ivaipora.pr.leg.br/media/sapl/public/materialegislativa/2022/9637/indicacao_369-2022.pdf", "ementa": "INDICAR ao Senhor Prefeito Municipal, que por meio do departamento competente, por meio do Fundo Social de Solidariedade e Secretaria Municipal de Assist\u00eancia Social, poderia realizar o primeiro arrast\u00e3o da Campanha do Agasalho percorrer diversos bairros da cidade em busca das doa\u00e7\u00f5es de roupas, agasalhos e cobertores."}, {"id": "9638", "ano": "2022", "numero": "370", "tipo__sigla": "IND", "tipo__descricao": "Indica\u00e7\u00e3o", "autoria": "Jaffer Ferreira", "texto_original": "http://sapl.ivaipora.pr.leg.br/media/sapl/public/materialegislativa/2022/9638/indicacao_370-2022.pdf", "ementa": "INDICAR ao Senhor Prefeito Municipal, que por meio do departamento competente, que se poss\u00edvel passar a m\u00e1quina na estrada rural pr\u00f3ximo ao carte bichara localizada ao trevo estrada que d\u00e1 acesso a ch\u00e1cara da Luciane de lima Ferreira Barreto."}, {"id": "9639", "ano": "2022", "numero": "371", "tipo__sigla": "IND", "tipo__descricao": "Indica\u00e7\u00e3o", "autoria": "Jaffer Ferreira", "texto_original": "http://sapl.ivaipora.pr.leg.br/media/sapl/public/materialegislativa/2022/9639/indicacao_371-2022.pdf", "ementa": "INDICAR ao Senhor Prefeito Municipal, que por meio do departamento competente, que fa\u00e7a corte de 2 arvores na rua Maria Bina n\u00famero 35 no bairro vila santa Terezinha."}, {"id": "9640", "ano": "2022", "numero": "372", "tipo__sigla": "IND", "tipo__descricao": "Indica\u00e7\u00e3o", "autoria": "Vila Real, Carniato, Fio Bertotti, Gertrudes, Jaffer Ferreira, Josane Disner, Nando Dorta, Sab\u00e3o - Edivaldo Montanheri, Z\u00e9 Maria", "texto_original": "http://sapl.ivaipora.pr.leg.br/media/", "ementa": "INDICAR ao Senhor Prefeito Municipal, que por meio do Departamento competente, providencie cinquenta Casas Populares da COHAPAR no Distrito de Jacutinga, essas casas dever\u00e3o ser destinadas aos moradores de jacutinga, e mais cinquenta casas destinadas aos moradores de Ivaipor\u00e3. Obs.: Essas casas n\u00e3o ser\u00e3o destinadas a populares da vila do cachorro sentado, do Distrito de Jacutinga, Rua Progresso e Guaiamb\u00e9, por conta de que j\u00e1 existe um pedido de casas populares especifico (Desfavelamento-Indica\u00e7\u00e3o n\u00ba 291) para essa localidade em raz\u00e3o da falta de saneamento b\u00e1sico e m\u00e1s condi\u00e7\u00f5es do local, dos populares que l\u00e1 habitam."}, {"id": "9641", "ano": "2022", "numero": "373", "tipo__sigla": "IND", "tipo__descricao": "Indica\u00e7\u00e3o", "autoria": "Nando Dorta", "texto_original": "http://sapl.ivaipora.pr.leg.br/media/sapl/public/materialegislativa/2022/9641/indicacao_373-2022.pdf", "ementa": "INDICAR ao Senhor Prefeito Municipal, que por meio do Departamento competente, tome as provid\u00eancias necess\u00e1rias junto a COPEL e demais empresas que realizam o cabeamento de internet e telefonia, pois as instala\u00e7\u00f5es dos fios est\u00e3o ficando irregulares (muito baixa) podendo causar acidentes."}, {"id": "9647", "ano": "2022", "numero": "374", "tipo__sigla": "IND", "tipo__descricao": "Indica\u00e7\u00e3o", "autoria": "Josane Disner", "texto_original": "http://sapl.ivaipora.pr.leg.br/media/sapl/public/materialegislativa/2022/9647/indicacao_374-2022.pdf", "ementa": "INDICAR ao Senhor Prefeito Municipal, que por meio do Departamento competente, para que providencie a instala\u00e7\u00e3o de um redutor de velocidade na Rua: Plac\u00eddio Miranda pr\u00f3ximo ao Mercado Bom Pre\u00e7o e Mercado Casa Grande II."}, {"id": "9648", "ano": "2022", "numero": "375", "tipo__sigla": "IND", "tipo__descricao": "Indica\u00e7\u00e3o", "autoria": "Josane Disner", "texto_original": "http://sapl.ivaipora.pr.leg.br/media/sapl/public/materialegislativa/2022/9648/indicacao_375-2022.pdf", "ementa": "INDICAR ao Senhor Prefeito Municipal, que por meio do Departamento competente, para que seja contratado mais um m\u00e9dico para atendimento na U.P.A."}, {"id": "9649", "ano": "2022", "numero": "376", "tipo__sigla": "IND", "tipo__descricao": "Indica\u00e7\u00e3o", "autoria": "Josane Disner", "texto_original": "http://sapl.ivaipora.pr.leg.br/media/sapl/public/materialegislativa/2022/9649/indicacao_376-2022.pdf", "ementa": "INDICAR ao Senhor Prefeito Municipal, que por meio do Departamento competente, para que providencie a instala\u00e7\u00e3o de um redutor de velocidade na Av. Maranh\u00e3o, pr\u00f3ximo ao n\u00ba 905."}, {"id": "9650", "ano": "2022", "numero": "377", "tipo__sigla": "IND", "tipo__descricao": "Indica\u00e7\u00e3o", "autoria": "Fio Bertotti", "texto_original": "http://sapl.ivaipora.pr.leg.br/media/sapl/public/materialegislativa/2022/9650/indicacao_377-2022.pdf", "ementa": "INDICAR ao Senhor Prefeito Municipal, que por meio do Departamento Competente, providencie o alargamento da ponte sobre o Rio Da Bulha, estrada que liga Ivaipor\u00e3, ao distrito de Lageado, com as novas tecnologias os maquin\u00e1rios agr\u00edcolas est\u00e3o cada vez maiores, e assim est\u00e3o tendo que desviar, aumentando o percurso."}, {"id": "9651", "ano": "2022", "numero": "378", "tipo__sigla": "IND", "tipo__descricao": "Indica\u00e7\u00e3o", "autoria": "Fio Bertotti", "texto_original": "http://sapl.ivaipora.pr.leg.br/media/sapl/public/materialegislativa/2022/9651/indicacao_378-2022.pdf", "ementa": "INDICAR ao Senhor Prefeito Municipal, que por meio do Departamento Competente, providencie a manuten\u00e7\u00e3o da cal\u00e7ada de passeio na Avenida Brasil em frente \u00e0 casa do criador, ap\u00f3s feito alargamento da via para estacionamento ficou inacabada, e tamb\u00e9m a possibilidade de continua\u00e7\u00e3o do estacionamento do lado esquerdo na pr\u00f3xima quadra em frente ao Bar do Marinho."}, {"id": "9652", "ano": "2022", "numero": "379", "tipo__sigla": "IND", "tipo__descricao": "Indica\u00e7\u00e3o", "autoria": "Z\u00e9 Maria", "texto_original": "http://sapl.ivaipora.pr.leg.br/media/", "ementa": "Indicar ao Senhor Prefeito Municipal, que fa\u00e7a coloca\u00e7\u00e3o da tampa da boca de lobo na Rua Joanino Bevilaqua em frente a casa 235 vila Nova Por\u00e3."}, {"id": "9653", "ano": "2022", "numero": "380", "tipo__sigla": "IND", "tipo__descricao": "Indica\u00e7\u00e3o", "autoria": "Z\u00e9 Maria", "texto_original": "http://sapl.ivaipora.pr.leg.br/media/", "ementa": "Indicar ao Senhor Prefeito Municipal, que fa\u00e7a uma manuten\u00e7\u00e3o no brinquedo do lago jardim Bot\u00e2nico."}, {"id": "9654", "ano": "2022", "numero": "381", "tipo__sigla": "IND", "tipo__descricao": "Indica\u00e7\u00e3o", "autoria": "Carniato", "texto_original": "http://sapl.ivaipora.pr.leg.br/media/sapl/public/materialegislativa/2022/9654/indicacao_381-2022.pdf", "ementa": "INDICAR ao Senhor Prefeito Municipal, que por meio do Departamento competente, analise a necessidade de poda da \u00e1rvore na Cear\u00e1 entre as ruas Andir\u00e1 e Pitanga. Os caminh\u00f5es ba\u00fas que vem para descarga no dep\u00f3sito de alimentos est\u00e3o batendo nos galhos sobre a ruA."}, {"id": "9655", "ano": "2022", "numero": "382", "tipo__sigla": "IND", "tipo__descricao": "Indica\u00e7\u00e3o", "autoria": "Carniato", "texto_original": "http://sapl.ivaipora.pr.leg.br/media/", "ementa": "INDICAR ao Senhor Prefeito Municipal, que por providencie a constru\u00e7\u00e3o de duas lombadas na Rua Araras. Uma nas proximidades da Col\u00f4nia da Prefeitura, na Rua Lu\u00eds Fabo, e outra na esquina da com Rua Pires. Os ve\u00edculos est\u00e3o desenvolvendo velocidade incompat\u00edvel com per\u00edmetro urbano nesse trecho da via."}, {"id": "9656", "ano": "2022", "numero": "383", "tipo__sigla": "IND", "tipo__descricao": "Indica\u00e7\u00e3o", "autoria": "Carniato, Josane Disner", "texto_original": "http://sapl.ivaipora.pr.leg.br/media/sapl/public/materialegislativa/2022/9656/indicacao_383-2022.pdf", "ementa": "INDICAR ao Senhor Prefeito Municipal, que por meio do Departamento competente, analise a possibilidade para instala\u00e7\u00e3o de um restaurante popular municipal. Hoje o grande n\u00famero de pessoas que se encontra morando nas ruas e aqueles que buscam o sustento nos sinaleiros, justificam a instala\u00e7\u00e3o deste tipo de restaurante, que n\u00e3o influenciar\u00e1 no com\u00e9rcio j\u00e1 estabelecido."}, {"id": "9657", "ano": "2022", "numero": "384", "tipo__sigla": "IND", "tipo__descricao": "Indica\u00e7\u00e3o", "autoria": "Josane Disner", "texto_original": "http://sapl.ivaipora.pr.leg.br/media/sapl/public/materialegislativa/2022/9657/indicacao_384-2022.pdf", "ementa": "INDICAR ao Senhor Prefeito Municipal, que por meio do Departamento competente, para que providencie a coloca\u00e7\u00e3o de pedras irregulares na Rua: Uberl\u00e2ndia, Vila Esperan\u00e7a, pr\u00f3ximo ao CEMEI Jos\u00e9 Fiorim."}, {"id": "9658", "ano": "2022", "numero": "385", "tipo__sigla": "IND", "tipo__descricao": "Indica\u00e7\u00e3o", "autoria": "Jaffer Ferreira", "texto_original": "http://sapl.ivaipora.pr.leg.br/media/sapl/public/materialegislativa/2022/9658/indicacao_385-2022.pdf", "ementa": "INDICAR ao Senhor Prefeito Municipal, que por meio do departamento competente, verificar a possibilidade de colocar pedras irregulares na Estrada do C\u00f3rrego Imba\u00faba at\u00e9 o Jardim Casa grande I ligando a Rodovia Celso Fumio Makita."}, {"id": "9659", "ano": "2022", "numero": "386", "tipo__sigla": "IND", "tipo__descricao": "Indica\u00e7\u00e3o", "autoria": "Jaffer Ferreira", "texto_original": "http://sapl.ivaipora.pr.leg.br/media/sapl/public/materialegislativa/2022/9659/indicacao_386-2022.pdf", "ementa": "INDICAR ao Senhor Prefeito Municipal, que por meio do departamento competente, se poss\u00edvel pedir a nossa Secret\u00e1ria Municipal de Sa\u00fade Cristiane Pantale\u00e3o abrir o posto de sa\u00fade mais cedo para que as pessoas de idade, gestantes, crian\u00e7as enfim a popula\u00e7\u00e3o em geral que necessita de atendimento n\u00e3o fique l\u00e1 na chuva no frio esperando abrir para pegar a consulta."}, {"id": "9660", "ano": "2022", "numero": "387", "tipo__sigla": "IND", "tipo__descricao": "Indica\u00e7\u00e3o", "autoria": "Jaffer Ferreira", "texto_original": "http://sapl.ivaipora.pr.leg.br/media/sapl/public/materialegislativa/2022/9660/indicacao_387-2022.pdf", "ementa": "INDICAR ao Senhor Prefeito Municipal, que por meio do departamento competente, se poss\u00edvel fazer o recape asf\u00e1ltico em cima das pedras irregulares na Rua beija flor ao lado do centro da juventude Vila Nova Por\u00e3."}, {"id": "9661", "ano": "2022", "numero": "388", "tipo__sigla": "IND", "tipo__descricao": "Indica\u00e7\u00e3o", "autoria": "Carniato", "texto_original": "http://sapl.ivaipora.pr.leg.br/media/sapl/public/materialegislativa/2022/9661/indicacao_388-2022.pdf", "ementa": "INDICAR ao Senhor Prefeito Municipal, que por meio do Departamento competente, providencie a\u00e7\u00f5es para difundir a Justi\u00e7a Restaurativa nas escolas, por meio da realiza\u00e7\u00e3o de eventos, palestras, bem como capacita\u00e7\u00e3o dos profissionais da educa\u00e7\u00e3o contemplando pr\u00e1ticas e habilidades interpessoais de gest\u00e3o de conflitos para a transforma\u00e7\u00e3o social e a promo\u00e7\u00e3o da cultura da paz no ambiente escolar."}, {"id": "9662", "ano": "2022", "numero": "389", "tipo__sigla": "IND", "tipo__descricao": "Indica\u00e7\u00e3o", "autoria": "Sab\u00e3o - Edivaldo Montanheri", "texto_original": "http://sapl.ivaipora.pr.leg.br/media/sapl/public/materialegislativa/2022/9662/indicacao_389-2022.pdf", "ementa": "INDICAR ao Senhor Prefeito Municipal, que por meio do Departamento competente para que fa\u00e7a a limpeza e manuten\u00e7\u00e3o da boca de lobo na rua Plac\u00eddio Miranda com esquina \u00e0 rua Professora Diva Proen\u00e7a pr\u00f3ximo ao deposito de bebidas K10. Fotos em anexo."}, {"id": "9663", "ano": "2022", "numero": "390", "tipo__sigla": "IND", "tipo__descricao": "Indica\u00e7\u00e3o", "autoria": "Josane Disner", "texto_original": "http://sapl.ivaipora.pr.leg.br/media/sapl/public/materialegislativa/2022/9663/indicacao_390-2022.pdf", "ementa": "INDICAR ao Senhor Prefeito Municipal, que por meio do Departamento competente, para que providencie a limpeza do mato e realizem a ro\u00e7ada em toda a Rua: Mambor\u00ea no Jardim Alvorada, inclusive nos bueiros."}, {"id": "9664", "ano": "2022", "numero": "391", "tipo__sigla": "IND", "tipo__descricao": "Indica\u00e7\u00e3o", "autoria": "Jaffer Ferreira", "texto_original": "http://sapl.ivaipora.pr.leg.br/media/sapl/public/materialegislativa/2022/9664/indicacao_391-2022.pdf", "ementa": "INDICAR ao Senhor Prefeito Municipal, que por meio do departamento competente, para que fa\u00e7a instala\u00e7\u00e3o de c\u00e2meras de seguran\u00e7a nas UBS e na UPA e nas entradas e sa\u00eddas da cidade."}, {"id": "9665", "ano": "2022", "numero": "392", "tipo__sigla": "IND", "tipo__descricao": "Indica\u00e7\u00e3o", "autoria": "Jaffer Ferreira", "texto_original": "http://sapl.ivaipora.pr.leg.br/media/sapl/public/materialegislativa/2022/9665/indicacao_392-2022.pdf", "ementa": "INDICAR ao Senhor Prefeito Municipal, que por meio do departamento competente, para que realize o conserto na boca de lobo e seja instalado uma grade de seguran\u00e7a na mesma, localizada na Avenida Presidente Tancredo Neves n\u00ba 4250. Pr\u00f3ximo a escola de ingl\u00eas KNN. fotos em anexo."}, {"id": "9666", "ano": "2022", "numero": "393", "tipo__sigla": "IND", "tipo__descricao": "Indica\u00e7\u00e3o", "autoria": "Jaffer Ferreira", "texto_original": "http://sapl.ivaipora.pr.leg.br/media/sapl/public/materialegislativa/2022/9666/indicacao_393-2022.pdf", "ementa": "INDICAR ao Senhor Prefeito Municipal, que por meio do departamento competente, se poss\u00edvel ter um carro exclusivo para o pessoal do agendamento de exame da sa\u00fade."}, {"id": "9667", "ano": "2022", "numero": "394", "tipo__sigla": "IND", "tipo__descricao": "Indica\u00e7\u00e3o", "autoria": "Vila Real", "texto_original": "http://sapl.ivaipora.pr.leg.br/media/sapl/public/materialegislativa/2022/9667/indicacao_394-2022.pdf", "ementa": "INDICAR ao Senhor Prefeito Municipal, que por meio do Departamento competente, providencie um redutor de velocidade na Rua Osvaldo Cruz pr\u00f3ximo ao n\u00famero 805."}, {"id": "9668", "ano": "2022", "numero": "395", "tipo__sigla": "IND", "tipo__descricao": "Indica\u00e7\u00e3o", "autoria": "Fio Bertotti", "texto_original": "http://sapl.ivaipora.pr.leg.br/media/sapl/public/materialegislativa/2022/9668/indicacao_395-2022.pdf", "ementa": "INDICAR ao Senhor Prefeito Municipal, que por meio do Departamento Competente, providencie o patrolamento e cascalhamento da estrada que liga Ivaipor\u00e3, a comunidade da \u00c1gua do Milagre, muitos buracos causados pelas fortes chuvas dos \u00faltimos dias. fotos em anexo;"}, {"id": "9669", "ano": "2022", "numero": "396", "tipo__sigla": "IND", "tipo__descricao": "Indica\u00e7\u00e3o", "autoria": "Fio Bertotti", "texto_original": "http://sapl.ivaipora.pr.leg.br/media/sapl/public/materialegislativa/2022/9669/indicacao_396-2022.pdf", "ementa": "INDICAR ao Senhor Prefeito Municipal, que por meio do Departamento Competente, providencie a constru\u00e7\u00e3o de duas bocas de lobo (bueiro) uma na rua Araras esquina com a rua Beija Flor, e outra na rua Papagaio, ambas no conjunto Jo\u00e3o de Barro, pois em dias de chuva mais forte a \u00e1gua acaba entrando nas resid\u00eancias."}, {"id": "9670", "ano": "2022", "numero": "397", "tipo__sigla": "IND", "tipo__descricao": "Indica\u00e7\u00e3o", "autoria": "Fio Bertotti", "texto_original": "http://sapl.ivaipora.pr.leg.br/media/sapl/public/materialegislativa/2022/9670/indicacao_397-2022.pdf", "ementa": "INDICAR ao Senhor Prefeito Municipal, que por meio do Departamento competente, providencie melhorias como maior sinaliza\u00e7\u00e3o e tamb\u00e9m se poss\u00edvel mais ilumina\u00e7\u00e3o no trevo de acesso ao distrito de Alto Por\u00e3, por ser em uma reta os carros desenvolvem velocidade alta, colocando em risco quem entra e sai do distrito."}, {"id": "9671", "ano": "2022", "numero": "398", "tipo__sigla": "IND", "tipo__descricao": "Indica\u00e7\u00e3o", "autoria": "Josane Disner", "texto_original": "http://sapl.ivaipora.pr.leg.br/media/sapl/public/materialegislativa/2022/9671/indicacao_398-2022.pdf", "ementa": "INDICAR ao Senhor Prefeito Municipal, que por meio do Departamento competente, para que providencie a limpeza nos bueiros em toda a Rua: Rui Barbosa, Jardim Belo Horizonte."}, {"id": "9672", "ano": "2022", "numero": "399", "tipo__sigla": "IND", "tipo__descricao": "Indica\u00e7\u00e3o", "autoria": "Josane Disner", "texto_original": "http://sapl.ivaipora.pr.leg.br/media/sapl/public/materialegislativa/2022/9672/indicacao_399-2022.pdf", "ementa": "INDICAR ao Senhor Prefeito Municipal, que por meio do Departamento competente, para que providencie a instala\u00e7\u00e3o de um redutor de velocidade na Rua: Carlos Gomes pr\u00f3ximo ao n\u00ba 45."}, {"id": "9673", "ano": "2022", "numero": "400", "tipo__sigla": "IND", "tipo__descricao": "Indica\u00e7\u00e3o", "autoria": "Jaffer Ferreira", "texto_original": "http://sapl.ivaipora.pr.leg.br/media/sapl/public/materialegislativa/2022/9673/indicacao_400-2022.pdf", "ementa": "INDICAR ao Senhor Prefeito Municipal, que por meio do departamento competente, promova a implanta\u00e7\u00e3o de uma Escola C\u00edvico Militar naquela \u00e1rea pr\u00f3ximo a UEM (Universidade Estadual de Maring\u00e1), em parceria do Munic\u00edpio como o Minist\u00e9rio de Educa\u00e7\u00e3o e o Governo do Estado."}, {"id": "9682", "ano": "2022", "numero": "401", "tipo__sigla": "IND", "tipo__descricao": "Indica\u00e7\u00e3o", "autoria": "Gertrudes", "texto_original": "http://sapl.ivaipora.pr.leg.br/media/sapl/public/materialegislativa/2022/9682/indicacao_401-2022.pdf", "ementa": "INDICAR ao Senhor Prefeito Municipal Luiz Carlos Gil, que por meio do Departamento Competente, providencie o recape asf\u00e1ltico na Rua Maria Cesarina Teixeira, em frente \u00e0 Igreja Santos Reis localizada no Jardim Belho Horizonte."}, {"id": "9683", "ano": "2022", "numero": "402", "tipo__sigla": "IND", "tipo__descricao": "Indica\u00e7\u00e3o", "autoria": "Gertrudes", "texto_original": "http://sapl.ivaipora.pr.leg.br/media/sapl/public/materialegislativa/2022/9683/indicacao_402-2022.pdf", "ementa": "INDICAR ao Senhor Prefeito Municipal Luiz Carlos Gil, que por meio do Departamento Competente, providencie um Caminh\u00e3o Prancha na categoria Truk para o Departamento de Via\u00e7\u00e3o para o transporte de m\u00e1quinas."}, {"id": "9684", "ano": "2022", "numero": "403", "tipo__sigla": "IND", "tipo__descricao": "Indica\u00e7\u00e3o", "autoria": "Gertrudes", "texto_original": "http://sapl.ivaipora.pr.leg.br/media/sapl/public/materialegislativa/2022/9684/indicacao_402-2022.pdf", "ementa": "INDICAR ao Senhor Prefeito Municipal Luiz Carlos Gil, que por meio do Departamento Competente, providencie uma Ponte de concreto no Bairro Formosinho sobre o Rio, que liga a estrada at\u00e9 Porto de Areia do Mario Hort onde o fluxo de caminh\u00e3o que retira areia do porto \u00e9 constante e a manuten\u00e7\u00e3o \u00e9 necess\u00e1ria pois a ponte \u00e9 de madeira."}, {"id": "9685", "ano": "2022", "numero": "404", "tipo__sigla": "IND", "tipo__descricao": "Indica\u00e7\u00e3o", "autoria": "Gertrudes", "texto_original": "http://sapl.ivaipora.pr.leg.br/media/sapl/public/materialegislativa/2022/9685/indicacao_404-2022.pdf", "ementa": "INDICAR ao Senhor Prefeito Municipal Luiz Carlos Gil, que por meio do Departamento Competente, providencie melhorias na ilumina\u00e7\u00e3o da Pra\u00e7a Central Manoel Theodoro da Rocha."}, {"id": "9686", "ano": "2022", "numero": "405", "tipo__sigla": "IND", "tipo__descricao": "Indica\u00e7\u00e3o", "autoria": "Carniato", "texto_original": "http://sapl.ivaipora.pr.leg.br/media/sapl/public/materialegislativa/2022/9686/indicacao_405-2022.pdf", "ementa": "INDICAR ao Senhor Prefeito Municipal, que por meio do Departamento competente, analise a possibilidade para solicitar a TIM prestadora de servi\u00e7os de telefonia celular/internet para melhorar esse tipo de servi\u00e7o nas seguintes localidades: Jardim Esp\u00edrito Santo, Jardim Paran\u00e1 e Jardim."}, {"id": "9687", "ano": "2022", "numero": "406", "tipo__sigla": "IND", "tipo__descricao": "Indica\u00e7\u00e3o", "autoria": "Carniato", "texto_original": "http://sapl.ivaipora.pr.leg.br/media/sapl/public/materialegislativa/2022/9687/indicacao_406-2022.pdf", "ementa": "INDICAR ao Senhor Prefeito Municipal Luiz Carlos Gil, que por meio do Departamento competente que analise a necessidade da contrata\u00e7\u00e3o de m\u00e9dico geriatra, para atendimento da popula\u00e7\u00e3o com idade mais avan\u00e7ada."}, {"id": "9688", "ano": "2022", "numero": "407", "tipo__sigla": "IND", "tipo__descricao": "Indica\u00e7\u00e3o", "autoria": "Carniato", "texto_original": "http://sapl.ivaipora.pr.leg.br/media/sapl/public/materialegislativa/2022/9688/indicacao_407-2022.pdf", "ementa": "INDICAR ao Senhor Prefeito Municipal Luiz Carlos Gil, que por meio do Departamento competente que analise a necessidade da contrata\u00e7\u00e3o de m\u00e9dico geriatra, para atendimento da popula\u00e7\u00e3o com idade mais avan\u00e7ada."}, {"id": "9689", "ano": "2022", "numero": "408", "tipo__sigla": "IND", "tipo__descricao": "Indica\u00e7\u00e3o", "autoria": "Sab\u00e3o - Edivaldo Montanheri", "texto_original": "http://sapl.ivaipora.pr.leg.br/media/sapl/public/materialegislativa/2022/9689/indicacao_408-2022.pdf", "ementa": "INDICAR ao Senhor Prefeito Municipal, que por meio do Departamento competente para que providencie a constru\u00e7\u00e3o de m\u00f3dulo policial no complexo do Jardim Bot\u00e2nico, para maior seguran\u00e7a dos frequentadores daquele local."}, {"id": "9690", "ano": "2022", "numero": "409", "tipo__sigla": "IND", "tipo__descricao": "Indica\u00e7\u00e3o", "autoria": "Sab\u00e3o - Edivaldo Montanheri", "texto_original": "http://sapl.ivaipora.pr.leg.br/media/sapl/public/materialegislativa/2022/9690/indicacao_409-2022.pdf", "ementa": "INDICAR ao Senhor Prefeito Municipal, que por meio do Departamento competente para que seja feito melhorias como (ilumina\u00e7\u00e3o, alambrado, troca de gramado), no campinho que fica ao lado do Centro da Juventude."}, {"id": "9691", "ano": "2022", "numero": "410", "tipo__sigla": "IND", "tipo__descricao": "Indica\u00e7\u00e3o", "autoria": "Josane Disner", "texto_original": "http://sapl.ivaipora.pr.leg.br/media/sapl/public/materialegislativa/2022/9691/indicacao_410-2022.pdf", "ementa": "INDICAR ao Senhor Prefeito Municipal, que por meio do Departamento competente, para que seja constru\u00eddo um CEMEI- no bairro Jardim Europa."}, {"id": "9749", "ano": "2022", "numero": "411", "tipo__sigla": "IND", "tipo__descricao": "Indica\u00e7\u00e3o", "autoria": "Z\u00e9 Maria", "texto_original": "http://sapl.ivaipora.pr.leg.br/media/sapl/public/materialegislativa/2022/9749/indicacao_411-2022.pdf", "ementa": "INDICAR ao Senhor Prefeito Municipal, que por meio do Departamento competente que fa\u00e7a a manuten\u00e7\u00e3o com coloca\u00e7\u00e3o de 150 metros de cascalho na rua Pindauva n\u00ba01, Ch\u00e1cara Horizonte no Jardim S\u00e3o Domingos."}, {"id": "9750", "ano": "2022", "numero": "412", "tipo__sigla": "IND", "tipo__descricao": "Indica\u00e7\u00e3o", "autoria": "Z\u00e9 Maria", "texto_original": "http://sapl.ivaipora.pr.leg.br/media/sapl/public/materialegislativa/2022/9750/indicacao_412-2022.pdf", "ementa": "INDICAR ao Senhor Prefeito Municipal, que por meio do Departamento competente que fa\u00e7a a manuten\u00e7\u00e3o uma camada asf\u00e1ltica e trocas de meios fios quebrados na avenida presidente Castelo branco pr\u00f3ximo o gin\u00e1sio Alceb\u00edades Alves fotos anexas."}, {"id": "9751", "ano": "2022", "numero": "413", "tipo__sigla": "IND", "tipo__descricao": "Indica\u00e7\u00e3o", "autoria": "Fio Bertotti", "texto_original": "http://sapl.ivaipora.pr.leg.br/media/sapl/public/materialegislativa/2022/9751/indicacao_413-2022.pdf", "ementa": "INDICAR ao Senhor Prefeito Municipal Luiz Carlos Gil, que por meio do Departamento Competente, providencie a coloca\u00e7\u00e3o de pedra irregular na estrada que come\u00e7a na PR-466 e vai at\u00e9 a comunidade do Bulha, estrada que tamb\u00e9m liga na comunidade do Lageado."}, {"id": "9752", "ano": "2022", "numero": "414", "tipo__sigla": "IND", "tipo__descricao": "Indica\u00e7\u00e3o", "autoria": "Fio Bertotti", "texto_original": "http://sapl.ivaipora.pr.leg.br/media/sapl/public/materialegislativa/2022/9752/indicacao_414-2022.pdf", "ementa": "INDICAR ao Senhor Prefeito Municipal Luiz Carlos Gil, que por meio do Departamento de Competente, a possibilidade de implanta\u00e7\u00e3o de um sistema de monitoramento atrav\u00e9s de c\u00e2maras de seguran\u00e7a no centro de nossa cidade, coibindo assim furtos nas lojas e vandalismo com patrim\u00f4nio p\u00fablico."}, {"id": "9753", "ano": "2022", "numero": "415", "tipo__sigla": "IND", "tipo__descricao": "Indica\u00e7\u00e3o", "autoria": "Fio Bertotti", "texto_original": "http://sapl.ivaipora.pr.leg.br/media/sapl/public/materialegislativa/2022/9753/indicacao_415-2022.pdf", "ementa": "INDICAR ao Senhor Prefeito Municipal Luiz Carlos Gil, que por meio do Departamento competente, providencie a limpeza dos bueiros, e termino da galeria pluvial, na rua Ivaipor\u00e3, e onde houver necess\u00e1rio no Distrito de Alto Por\u00e3."}, {"id": "9755", "ano": "2022", "numero": "416", "tipo__sigla": "IND", "tipo__descricao": "Indica\u00e7\u00e3o", "autoria": "Fio Bertotti", "texto_original": "http://sapl.ivaipora.pr.leg.br/media/sapl/public/materialegislativa/2022/9755/indicacao_416-2022.pdf", "ementa": "INDICAR ao Senhor Prefeito Municipal Luiz Carlos Gil, que por meio do Departamento de competente, a possibilidade de constru\u00e7\u00e3o de uma Capela Mortu\u00e1ria, na Vila Nova Por\u00e3."}, {"id": "9757", "ano": "2022", "numero": "417", "tipo__sigla": "IND", "tipo__descricao": "Indica\u00e7\u00e3o", "autoria": "Fio Bertotti", "texto_original": "http://sapl.ivaipora.pr.leg.br/media/sapl/public/materialegislativa/2022/9757/indicacao_417-2022.pdf", "ementa": "INDICAR ao Senhor Prefeito Municipal Luiz Carlos Gil, que por meio do Departamento competente que analise e providencie a substitui\u00e7\u00e3o das l\u00e2mpadas da ilumina\u00e7\u00e3o p\u00fablica no bairro Reservado por l\u00e2mpadas de mais potente, a fim melhorar a ilumina\u00e7\u00e3o dessa localidade."}, {"id": "9758", "ano": "2022", "numero": "418", "tipo__sigla": "IND", "tipo__descricao": "Indica\u00e7\u00e3o", "autoria": "Z\u00e9 Maria", "texto_original": "http://sapl.ivaipora.pr.leg.br/media/sapl/public/materialegislativa/2022/9758/indicacao_418-2022.pdf", "ementa": "INDICAR ao Senhor Prefeito Municipal, que por meio do Departamento competente, analise a possibilidade de promover recape asf\u00e1ltico sobre cal\u00e7amento poli\u00e9drico na Rua General Os\u00f3rio \u2013 Jardim Luiz XV, para atender pedido dos moradores da localidade. O cal\u00e7amento se apresenta com muita irregularidade, dificultando o tr\u00e2nsito de pessoas e de ve\u00edculos."}, {"id": "9761", "ano": "2022", "numero": "419", "tipo__sigla": "IND", "tipo__descricao": "Indica\u00e7\u00e3o", "autoria": "Carniato", "texto_original": "http://sapl.ivaipora.pr.leg.br/media/sapl/public/materialegislativa/2022/9761/indicacao_418-2022.pdf", "ementa": "INDICAR ao Senhor Prefeito Municipal, que por meio do Departamento competente, analise a possibilidade de promover recape asf\u00e1ltico sobre cal\u00e7amento poli\u00e9drico na Rua General Os\u00f3rio \u2013 Jardim Luiz XV, para atender pedido dos moradores da localidade. O cal\u00e7amento se apresenta com muita irregularidade, dificultando o tr\u00e2nsito de pessoas e de ve\u00edculos."}, {"id": "9763", "ano": "2022", "numero": "420", "tipo__sigla": "IND", "tipo__descricao": "Indica\u00e7\u00e3o", "autoria": "Jaffer Ferreira", "texto_original": "http://sapl.ivaipora.pr.leg.br/media/sapl/public/materialegislativa/2022/9763/indicacao_420-2022.pdf", "ementa": "INDICAR ao Senhor Prefeito Municipal, que por meio do departamento competente, fazer manuten\u00e7\u00e3o no bueiro e trocar a tampa que est\u00e1 quebrada localizada no final da Rua Felicita Rother pr\u00f3ximo a lar Santo Ant\u00f4nio e o lago das flores. Conforme as fotos em anexo."}, {"id": "9764", "ano": "2022", "numero": "421", "tipo__sigla": "IND", "tipo__descricao": "Indica\u00e7\u00e3o", "autoria": "Jaffer Ferreira", "texto_original": "http://sapl.ivaipora.pr.leg.br/media/sapl/public/materialegislativa/2022/9764/indicacao_421-2022.pdf", "ementa": "INDICAR ao Senhor Prefeito Municipal, que por meio do Departamento competente, providencie melhorias nos cemit\u00e9rios do Distrito do alto Por\u00e3, Santa Barbara e Jacutinga."}, {"id": "9765", "ano": "2022", "numero": "422", "tipo__sigla": "IND", "tipo__descricao": "Indica\u00e7\u00e3o", "autoria": "Jaffer Ferreira", "texto_original": "http://sapl.ivaipora.pr.leg.br/media/sapl/public/materialegislativa/2022/9765/indicacao_422-2022.pdf", "ementa": "INDICAR ao Senhor Prefeito Municipal, para que o Departamento do Meio Ambiente fa\u00e7a v\u00eddeos e fotos de divulga\u00e7\u00e3o para popula\u00e7\u00e3o de Ivaipor\u00e3, sobre a Cooperativa de Reciclagem \u2013 COPEMARI e o Aterro Sanit\u00e1rio, para que os mun\u00edcipes possam ter conhecimento e saber como \u00e9 importante separar o lixo em suas resid\u00eancias, e o quanto isso ir\u00e1 contribuir para a preserva\u00e7\u00e3o do Meio Ambiente. Pois muitas pessoas n\u00e3o conhecem o Aterro Sanit\u00e1rio e o trabalho da COPEMARI."}, {"id": "9766", "ano": "2022", "numero": "423", "tipo__sigla": "IND", "tipo__descricao": "Indica\u00e7\u00e3o", "autoria": "Vila Real", "texto_original": "http://sapl.ivaipora.pr.leg.br/media/sapl/public/materialegislativa/2022/9766/indicacao_423-2022.pdf", "ementa": "INDICAR ao Senhor Prefeito Municipal, que por meio do Departamento competente, providencie o nivelamento e fechamento das valetas, na Rua Ivaipor\u00e3 de frente ao n\u00ba 177, pr\u00f3ximo ao cemit\u00e9rio, no Distrito de Jacutinga."}, {"id": "9767", "ano": "2022", "numero": "424", "tipo__sigla": "IND", "tipo__descricao": "Indica\u00e7\u00e3o", "autoria": "Josane Disner", "texto_original": "http://sapl.ivaipora.pr.leg.br/media/sapl/public/materialegislativa/2022/9767/indicacao_424-2022.pdf", "ementa": "INDICAR ao Senhor Prefeito Municipal, que por meio do Departamento competente, para que seja feito o recape asf\u00e1ltico na Rua: Sertan\u00f3polis, pr\u00f3ximo ao n\u00famero 20."}, {"id": "9768", "ano": "2022", "numero": "425", "tipo__sigla": "IND", "tipo__descricao": "Indica\u00e7\u00e3o", "autoria": "Josane Disner", "texto_original": "http://sapl.ivaipora.pr.leg.br/media/sapl/public/materialegislativa/2022/9768/indicacao_425-2022.pdf", "ementa": "INDICAR ao Senhor Prefeito Municipal, que por meio do Departamento competente, para que providencie a instala\u00e7\u00e3o de um redutor de velocidade na rua Neblon em frente ao n\u00ba 164, esquina rua: Mangueira no Jardim Guanabara 2."}, {"id": "9769", "ano": "2022", "numero": "426", "tipo__sigla": "IND", "tipo__descricao": "Indica\u00e7\u00e3o", "autoria": "Carniato", "texto_original": "http://sapl.ivaipora.pr.leg.br/media/sapl/public/materialegislativa/2022/9769/indicacao_426-2022.pdf", "ementa": "INDICAR ao Senhor Prefeito Municipal, que por meio do Departamento competente, providencie a aquisi\u00e7\u00e3o de um caminh\u00e3o prancha porte m\u00e9dio para transporte de ve\u00edculos leves para a frota do munic\u00edpio."}, {"id": "9770", "ano": "2022", "numero": "427", "tipo__sigla": "IND", "tipo__descricao": "Indica\u00e7\u00e3o", "autoria": "Vila Real", "texto_original": "http://sapl.ivaipora.pr.leg.br/media/sapl/public/materialegislativa/2022/9770/indicacao_427-2022.pdf", "ementa": "INDICAR ao Senhor Prefeito Municipal, que por meio do Departamento competente, providencie uma manuten\u00e7\u00e3o asf\u00e1ltica na Rua Brigadeiro Correia de Melo, em frente ao n\u00ba 124, no Conjunto Mour\u00e3o Filho. (Obs. No local mora uma senhora que usa cadeira de rodas, e que est\u00e1 com dificuldade de locomo\u00e7\u00e3o, por conta do estado que se encontra o asfalto no local.)"}, {"id": "9771", "ano": "2022", "numero": "428", "tipo__sigla": "IND", "tipo__descricao": "Indica\u00e7\u00e3o", "autoria": "Fio Bertotti", "texto_original": "http://sapl.ivaipora.pr.leg.br/media/sapl/public/materialegislativa/2022/9771/indicacao_428-2022.pdf", "ementa": "INDICAR ao Senhor Prefeito Municipal Luiz Carlos Gil, que por meio do Departamento Competente, providencie a continua\u00e7\u00e3o da corre\u00e7\u00e3o de massa asf\u00e1ltica na Avenida Pres. Tancredo Neves, na altura do n\u00famero 2650, at\u00e9 cruzamento com Rua Sertaneja."}, {"id": "9772", "ano": "2022", "numero": "429", "tipo__sigla": "IND", "tipo__descricao": "Indica\u00e7\u00e3o", "autoria": "Fio Bertotti", "texto_original": "http://sapl.ivaipora.pr.leg.br/media/sapl/public/materialegislativa/2022/9772/indicacao_429-2022.pdf", "ementa": "INDICAR ao Senhor Prefeito Municipal Luiz Carlos Gil, que por meio do Departamento de Competente, a possibilidade de constru\u00e7\u00e3o de Modulo Policial no Distrito de Jacutinga, com uma viatura l\u00e1 constantemente, trar\u00e1 mais ordem e seguran\u00e7a aos moradores."}, {"id": "9773", "ano": "2022", "numero": "430", "tipo__sigla": "IND", "tipo__descricao": "Indica\u00e7\u00e3o", "autoria": "Jaffer Ferreira", "texto_original": "http://sapl.ivaipora.pr.leg.br/media/sapl/public/materialegislativa/2022/9773/indicacao_430-2022.pdf", "ementa": "INDICAR ao Senhor Prefeito Municipal, que por meio do departamento competente, fazer manuten\u00e7\u00e3o em um bueiro na Rua Luiz Antonio Peres n\u00ba 37. Jardim Casa Grande V. Foto em anexo."}, {"id": "9774", "ano": "2022", "numero": "431", "tipo__sigla": "IND", "tipo__descricao": "Indica\u00e7\u00e3o", "autoria": "Jaffer Ferreira", "texto_original": "http://sapl.ivaipora.pr.leg.br/media/sapl/public/materialegislativa/2022/9774/indicacao_431-2022.pdf", "ementa": "INDICAR ao Senhor Prefeito Municipal, que por meio do Departamento competente, providencie uma rotat\u00f3ria ou redutor de velocidade colocar placas na AV: PARAN\u00c1 com AV: MARANH\u00c3O pr\u00f3ximo a cl\u00ednic\u00e3o neste local tem um grande fluxo de carros e motos, v\u00e1rios acidentes ocorridos neste local."}, {"id": "9775", "ano": "2022", "numero": "432", "tipo__sigla": "IND", "tipo__descricao": "Indica\u00e7\u00e3o", "autoria": "Jaffer Ferreira", "texto_original": "http://sapl.ivaipora.pr.leg.br/media/sapl/public/materialegislativa/2022/9775/indicacao_432-2022.pdf", "ementa": "INDICAR ao Senhor Prefeito Municipal, que por meio do Departamento competente, providencie a implanta\u00e7\u00e3o de redutores de velocidade, placas e faixas de sinaliza\u00e7\u00e3o de tr\u00e2nsito, no cruzamento da Rua Cear\u00e1 n\u00ba 1690 com a Rua Plac\u00eddio Miranda, para atender as demandas dos mun\u00edcipes, pois estas ruas possuem um grande fluxo de ve\u00edculos e pessoas."}, {"id": "9776", "ano": "2022", "numero": "433", "tipo__sigla": "IND", "tipo__descricao": "Indica\u00e7\u00e3o", "autoria": "Jaffer Ferreira", "texto_original": "http://sapl.ivaipora.pr.leg.br/media/sapl/public/materialegislativa/2022/9776/indicacao_433-2022.pdf", "ementa": "INDICAR ao Senhor Prefeito Municipal, que por meio do Departamento competente, analise a possibilidade da instala\u00e7\u00e3o de uma casa de apoio \u00e0 mulher v\u00edtima de viol\u00eancia dom\u00e9stica, familiar ou sexual, disponibilizando apoio jur\u00eddico e psicossocial."}, {"id": "9868", "ano": "2022", "numero": "434", "tipo__sigla": "IND", "tipo__descricao": "Indica\u00e7\u00e3o", "autoria": "Josane Disner", "texto_original": "http://sapl.ivaipora.pr.leg.br/media/sapl/public/materialegislativa/2022/9868/indicacao_434-2022.pdf", "ementa": "INDICAR ao Senhor Prefeito Municipal, que por meio do Departamento competente, para que providencie um estudo para cria\u00e7\u00e3o de uma Escola Agr\u00edcola Municipal. O poder Executivo poder\u00e1 realizar conv\u00eanios com o Governo Estadual e/ou Federal ou parceria Publico Privada, para implementa\u00e7\u00e3o da Escola Agr\u00edcola Municipal."}, {"id": "9869", "ano": "2022", "numero": "435", "tipo__sigla": "IND", "tipo__descricao": "Indica\u00e7\u00e3o", "autoria": "Carniato", "texto_original": "http://sapl.ivaipora.pr.leg.br/media/sapl/public/materialegislativa/2022/9869/indicacao_435-2022.pdf", "ementa": "INDICAR ao Senhor Prefeito Municipal, que por meio do Departamento competente providencie o patrolamento e compacta\u00e7\u00e3o com rolo nas ruas da vila rural Ivain\u00f3polis, para atender pedido dos moradores daquela localidade."}, {"id": "9870", "ano": "2022", "numero": "436", "tipo__sigla": "IND", "tipo__descricao": "Indica\u00e7\u00e3o", "autoria": "Josane Disner", "texto_original": "http://sapl.ivaipora.pr.leg.br/media/sapl/public/materialegislativa/2022/9870/indicacao_436-2022.pdf", "ementa": "INDICAR ao Senhor Prefeito Municipal, que por meio do Departamento competente, para que providencie a realiza\u00e7\u00e3o de conv\u00eanios visando a inclus\u00e3o da atividade de Artes Marciais nas escolas p\u00fablicas da Rede Municipal. Com esse esporte os alunos aprendem a lidar melhor com suas emo\u00e7\u00f5es e criar uma conex\u00e3o mais forte entre a mente e o corpo."}, {"id": "9871", "ano": "2022", "numero": "437", "tipo__sigla": "IND", "tipo__descricao": "Indica\u00e7\u00e3o", "autoria": "Sab\u00e3o - Edivaldo Montanheri", "texto_original": "http://sapl.ivaipora.pr.leg.br/media/sapl/public/materialegislativa/2022/9871/indicacao_437-2022.pdf", "ementa": "INDICAR ao Senhor Prefeito Municipal, que por meio do Departamento competente, providencie limpeza de boca de lobo no cruzamentos das Avenidas Para\u00edba e Tancredo Neves."}, {"id": "9872", "ano": "2022", "numero": "438", "tipo__sigla": "IND", "tipo__descricao": "Indica\u00e7\u00e3o", "autoria": "Fio Bertotti", "texto_original": "http://sapl.ivaipora.pr.leg.br/media/sapl/public/materialegislativa/2022/9872/indicacao_438-2022.pdf", "ementa": "INDICAR ao Senhor Prefeito Municipal Luiz Carlos Gil, que por meio do Departamento Competente, providencie a pavimenta\u00e7\u00e3o poli\u00e9trica, ou malha asf\u00e1ltica na Rua Po\u00e7os de Caldas, atr\u00e1s do CMEI Jos\u00e9 Fiorim, \u00e1rea central da cidade. fotos em anexo"}, {"id": "9873", "ano": "2022", "numero": "439", "tipo__sigla": "IND", "tipo__descricao": "Indica\u00e7\u00e3o", "autoria": "Fio Bertotti", "texto_original": "http://sapl.ivaipora.pr.leg.br/media/sapl/public/materialegislativa/2022/9873/indicacao_439-2022.pdf", "ementa": "INDICAR ao Senhor Prefeito Municipal Luiz Carlos Gil, que por meio do Departamento de Competente, providencie o recape asf\u00e1ltico, e servi\u00e7o de arboriza\u00e7\u00e3o, na Rua Visconde do Rio Branco, no Jardim Belo Horizonte."}, {"id": "9874", "ano": "2022", "numero": "440", "tipo__sigla": "IND", "tipo__descricao": "Indica\u00e7\u00e3o", "autoria": "Fio Bertotti", "texto_original": "http://sapl.ivaipora.pr.leg.br/media/sapl/public/materialegislativa/2022/9874/indicacao_440-2022.pdf", "ementa": "INDICAR ao Senhor Prefeito Municipal Luiz Carlos Gil, que por meio do Departamento competente, providencie melhorias na galeria na Avenida Estev\u00e3o Marciano dos Santos, em frente ao n\u00famero 695, em dias de chuva mais forte agua est\u00e1 passando sobre o meio fio. fotos em Anexo"}, {"id": "9875", "ano": "2022", "numero": "441", "tipo__sigla": "IND", "tipo__descricao": "Indica\u00e7\u00e3o", "autoria": "Fio Bertotti", "texto_original": "http://sapl.ivaipora.pr.leg.br/media/sapl/public/materialegislativa/2022/9875/indicacao_441-2022.pdf", "ementa": "INDICAR ao Senhor Prefeito Municipal, para que atrav\u00e9s do Departamento competente providencie a coloca\u00e7\u00e3o das grades nas bocas de lobo na Rua Francisco Jacob nos cruzamentos com as seguintes avenidas: Av. Castelo Branco e com a Av. Maranh\u00e3o."}, {"id": "9876", "ano": "2022", "numero": "442", "tipo__sigla": "IND", "tipo__descricao": "Indica\u00e7\u00e3o", "autoria": "Carniato", "texto_original": "http://sapl.ivaipora.pr.leg.br/media/sapl/public/materialegislativa/2022/9876/indicacao_442-2022.pdf", "ementa": "INDICAR ao Senhor Prefeito Municipal, para que atrav\u00e9s do Departamento competente que providencie: patrolamento na estrada da Pedreirinha, regi\u00e3o da Santa B\u00e1rbara."}, {"id": "9877", "ano": "2022", "numero": "443", "tipo__sigla": "IND", "tipo__descricao": "Indica\u00e7\u00e3o", "autoria": "Carniato", "texto_original": "http://sapl.ivaipora.pr.leg.br/media/sapl/public/materialegislativa/2022/9877/indicacao_443-2022.pdf", "ementa": "INDICAR ao Senhor Prefeito Municipal, para que atrav\u00e9s do Departamento competente providencie o recape da Av. Castelo Branco atr\u00e1s da igreja Bom Jesus, coloca\u00e7\u00e3o de tampa nas bocas de lobo e poda das \u00e1rvores das grandes portes que est\u00e3o sobre a rua."}, {"id": "9940", "ano": "2022", "numero": "444", "tipo__sigla": "IND", "tipo__descricao": "Indica\u00e7\u00e3o", "autoria": "Z\u00e9 Maria", "texto_original": "http://sapl.ivaipora.pr.leg.br/media/sapl/public/materialegislativa/2022/9940/indicacao_444-2022.pdf", "ementa": "INDICAR ao Senhor Prefeito Municipal, que por meio do Departamento competente que fa\u00e7a a manuten\u00e7\u00e3o das bocas de lobo entupidas da rua Cear\u00e1 em frente casa n\u00ba 145, perto do Corpo de Bombeiros."}, {"id": "9942", "ano": "2022", "numero": "445", "tipo__sigla": "IND", "tipo__descricao": "Indica\u00e7\u00e3o", "autoria": "Jaffer Ferreira", "texto_original": "http://sapl.ivaipora.pr.leg.br/media/sapl/public/materialegislativa/2022/9942/indicacao_445-2022.pdf", "ementa": "INDICAR ao Senhor Prefeito Municipal, que por meio do departamento competente, definir com placas informativas limites de velocidades adequada em Ruas e Avenidas do nosso munic\u00edpio de Ivaipor\u00e3 criando um contexto f\u00edsico e visual induzindo velocidades apropriadas, se poss\u00edvel colocar uma fiscaliza\u00e7\u00e3o eletr\u00f4nica onde se fizer necess\u00e1rio."}, {"id": "9944", "ano": "2022", "numero": "446", "tipo__sigla": "IND", "tipo__descricao": "Indica\u00e7\u00e3o", "autoria": "Jaffer Ferreira", "texto_original": "http://sapl.ivaipora.pr.leg.br/media/sapl/public/materialegislativa/2022/9944/indicacao_446-2022.pdf", "ementa": "INDICAR ao Senhor Prefeito Municipal, que por meio do departamento competente fazer um estudo e se poss\u00edvel fazer a confec\u00e7\u00e3o de placas para a serem instaladas gratuitamente de fronte as propriedades rurais, contendo publicidade relacionada com os produtos agr\u00edcola ali comercializados."}, {"id": "9946", "ano": "2022", "numero": "447", "tipo__sigla": "IND", "tipo__descricao": "Indica\u00e7\u00e3o", "autoria": "Jaffer Ferreira", "texto_original": "http://sapl.ivaipora.pr.leg.br/media/sapl/public/materialegislativa/2022/9946/indicacao_447-2022.pdf", "ementa": "INDICAR ao Senhor Prefeito Municipal, que por meio do departamento competente se fa\u00e7a a revitaliza\u00e7\u00e3o da Pra\u00e7a Largo Dom Pedro II ao lado do Ivaipor\u00e3 Country Club, para garantir um espa\u00e7o agrad\u00e1vel e confort\u00e1vel aos mun\u00edcipes de Ivaipor\u00e3."}, {"id": "9947", "ano": "2022", "numero": "448", "tipo__sigla": "IND", "tipo__descricao": "Indica\u00e7\u00e3o", "autoria": "Vila Real", "texto_original": "http://sapl.ivaipora.pr.leg.br/media/sapl/public/materialegislativa/2022/9947/indicacao_448-2022.pdf", "ementa": "INDICAR ao Senhor Prefeito Municipal, que por meio do Departamento competente, providencie uma melhoria da faixa elevada, na Avenida Brasil N\u00famero 990 em frente \u00e1 Agencia de Turismo CVC, a pedido dos populares, por conta dos acidentes que vem ocorrendo no local."}, {"id": "9958", "ano": "2022", "numero": "449", "tipo__sigla": "IND", "tipo__descricao": "Indica\u00e7\u00e3o", "autoria": "Jaffer Ferreira", "texto_original": "http://sapl.ivaipora.pr.leg.br/media/sapl/public/materialegislativa/2022/9958/indicacao_449-2022.pdf", "ementa": "INDICAR ao Senhor Prefeito Municipal, que por meio do departamento competente, que fa\u00e7a uma limpeza no campo no distrito do Alto Por\u00e3 no local foi jogado entulhos."}, {"id": "9959", "ano": "2022", "numero": "450", "tipo__sigla": "IND", "tipo__descricao": "Indica\u00e7\u00e3o", "autoria": "Z\u00e9 Maria", "texto_original": "http://sapl.ivaipora.pr.leg.br/media/sapl/public/materialegislativa/2022/9959/indicacao_450-2022.pdf", "ementa": "INDICAR ao Senhor Prefeito Municipal, que por meio do Departamento competente que fa\u00e7a a manuten\u00e7\u00e3o da estrada indo pela agua do milagre quando passa a igrejinha entra a esquerda uns 2000 metros necessita de cascalho."}, {"id": "9960", "ano": "2022", "numero": "451", "tipo__sigla": "IND", "tipo__descricao": "Indica\u00e7\u00e3o", "autoria": "Jaffer Ferreira", "texto_original": "http://sapl.ivaipora.pr.leg.br/media/sapl/public/materialegislativa/2022/9960/indicacao_451-2022.pdf", "ementa": "INDICAR ao Senhor Prefeito Municipal, que por meio do departamento competente, que apedido dos pais com seus filhos que frequenta o parquinho Municipal Maria Alice Ando Albertin, localizada na Avenida Presidente. Tancredo Neves com a Rua Sete de Setembro se poss\u00edvel fazer uma cerca em volta do parquinho para ter mais seguran\u00e7a para as crian\u00e7as."}, {"id": "9961", "ano": "2022", "numero": "452", "tipo__sigla": "IND", "tipo__descricao": "Indica\u00e7\u00e3o", "autoria": "Jaffer Ferreira", "texto_original": "http://sapl.ivaipora.pr.leg.br/media/sapl/public/materialegislativa/2022/9961/indicacao_452-2022.pdf", "ementa": "INDICAR ao Senhor Prefeito Municipal, que por meio do departamento competente, (Secret\u00e1ria Municipal de Educa\u00e7\u00e3o. e Secret\u00e1ria Municipal de Sa\u00fade), realize preven\u00e7\u00e3o de sa\u00fade Bucal na escolas Municipais e Creches, conforme ades\u00e3o feita entre os setores da Sa\u00fade e da Educa\u00e7\u00e3o com o desenvolvimento local do PSE. Esse programa de Sa\u00fade da Escola (PSE), que realiza a\u00e7\u00f5es odontol\u00f3gicas e orienta\u00e7\u00e3o educativa, triagem de risco, escova\u00e7\u00e3o supervisionada com aplica\u00e7\u00e3o de fl\u00faor."}, {"id": "9963", "ano": "2022", "numero": "453", "tipo__sigla": "IND", "tipo__descricao": "Indica\u00e7\u00e3o", "autoria": "Jaffer Ferreira", "texto_original": "http://sapl.ivaipora.pr.leg.br/media/sapl/public/materialegislativa/2022/9963/indicacao_453-2022.pdf", "ementa": "INDICAR ao Senhor Prefeito Municipal, que por meio do departamento competente, se poss\u00edvel a coletar os exames de colesterol, diabetes , triglicer\u00eddeos, no postinho do Distrito Alto Por\u00e3, Jacutinga e Santa B\u00e1rbara."}, {"id": "9964", "ano": "2022", "numero": "454", "tipo__sigla": "IND", "tipo__descricao": "Indica\u00e7\u00e3o", "autoria": "Fio Bertotti", "texto_original": "http://sapl.ivaipora.pr.leg.br/media/sapl/public/materialegislativa/2022/9964/indicacao_454-2022.pdf", "ementa": "INDICAR ao Senhor Prefeito Municipal Luiz Carlos Gil, que por meio do Departamento de Competente, providencie patrolamento e cascalhamento na estrada que come\u00e7a na rua Bulha, Vila Monte Castelo, at\u00e9 a comunidade do Bairro dos Cunha, muitos buracos dificultando o trafego."}, {"id": "9965", "ano": "2022", "numero": "455", "tipo__sigla": "IND", "tipo__descricao": "Indica\u00e7\u00e3o", "autoria": "Gertrudes, Sab\u00e3o - Edivaldo Montanheri", "texto_original": "http://sapl.ivaipora.pr.leg.br/media/sapl/public/materialegislativa/2022/9965/indicacao_455-2022.pdf", "ementa": "INDICAR ao Senhor Prefeito Municipal Luiz Carlos Gil, que por meio do Departamento Competente, que providencie a reforma do ponto de \u00f4nibus na Vila Nova Por\u00e3, que fica anexo a pra\u00e7a, na sa\u00edda para o Distrito de Jacutinga."}, {"id": "9966", "ano": "2022", "numero": "456", "tipo__sigla": "IND", "tipo__descricao": "Indica\u00e7\u00e3o", "autoria": "Gertrudes, Sab\u00e3o - Edivaldo Montanheri", "texto_original": "http://sapl.ivaipora.pr.leg.br/media/sapl/public/materialegislativa/2022/9966/indicacao_456-2022.pdf", "ementa": "INDICAR ao Senhor Prefeito Municipal Luiz Carlos Gil, que por meio do Departamento Competente, que seja analisado a constru\u00e7\u00e3o de cal\u00e7adas na Vila Nova Por\u00e3, dando in\u00edcio no Centro Da Juventude at\u00e9 a sa\u00edda para o Distrito do Jacutinga, dos dois lados da via, para melhor desloca\u00e7\u00e3o dos pedestres."}, {"id": "9969", "ano": "2022", "numero": "457", "tipo__sigla": "IND", "tipo__descricao": "Indica\u00e7\u00e3o", "autoria": "Gertrudes", "texto_original": "http://sapl.ivaipora.pr.leg.br/media/sapl/public/materialegislativa/2022/9969/indicacao_457-2022.pdf", "ementa": "INDICAR ao Senhor Prefeito Municipal Luiz Carlos Gil, que por meio do Departamento Competente, que providencie a constru\u00e7\u00e3o de galerias pluviais na Avenida Maranh\u00e3o, pr\u00f3ximo da propriedade do Rub\u00e3o Sapateiro, onde vem gerando transtorno a todos os moradores da localidade, devido ao grande fluxo de \u00e1gua nos dias de chuva, que inicia no Bonfim G\u00e1s."}, {"id": "9970", "ano": "2022", "numero": "458", "tipo__sigla": "IND", "tipo__descricao": "Indica\u00e7\u00e3o", "autoria": "Jaffer Ferreira", "texto_original": "http://sapl.ivaipora.pr.leg.br/media/sapl/public/materialegislativa/2022/9970/indicacao_458-2022.pdf", "ementa": "INDICAR ao Senhor Prefeito Municipal, que por meio do Departamento competente, se poss\u00edvel fazer pedras irregulares na Rua Sabi\u00e1 no distrito do Alto Por\u00e3."}, {"id": "9972", "ano": "2022", "numero": "459", "tipo__sigla": "IND", "tipo__descricao": "Indica\u00e7\u00e3o", "autoria": "Carniato", "texto_original": "http://sapl.ivaipora.pr.leg.br/media/sapl/public/materialegislativa/2022/9972/indicacao_459-2022.pdf", "ementa": "INDICAR ao Senhor Prefeito Municipal, que por meio do Departamento competente que providencie adequa\u00e7\u00e3o e cascalhamento da estrada que liga da estrada da \u00e1gua da mamona \u00e0 estrada da pedreirinha."}, {"id": "9973", "ano": "2022", "numero": "460", "tipo__sigla": "IND", "tipo__descricao": "Indica\u00e7\u00e3o", "autoria": "Z\u00e9 Maria", "texto_original": "http://sapl.ivaipora.pr.leg.br/media/sapl/public/materialegislativa/2022/9973/indicacao_460-2022.pdf", "ementa": "INDICAR ao Senhor Prefeito Municipal, que por meio do Departamento competente que providencie a aquisi\u00e7\u00e3o de rampa para alinhamento e balanceamento de ve\u00edculos, e kits de ferramentas para o p\u00e1tio da prefeitura."}, {"id": "9974", "ano": "2022", "numero": "461", "tipo__sigla": "IND", "tipo__descricao": "Indica\u00e7\u00e3o", "autoria": "Gertrudes", "texto_original": "http://sapl.ivaipora.pr.leg.br/media/sapl/public/materialegislativa/2022/9974/indicacao_461-2022.pdf", "ementa": "INDICAR ao Senhor Prefeito Municipal Luiz Carlos Gil, que por meio do Departamento Competente, providencie galerias pluviais e coloca\u00e7\u00e3o de pedras poli\u00e9dricas nas Ruas Feliciano Vidal, Marialva, Kalore, Assai, Ibipor\u00e3, localizadas na Vila Nova Por\u00e3."}, {"id": "9975", "ano": "2022", "numero": "462", "tipo__sigla": "IND", "tipo__descricao": "Indica\u00e7\u00e3o", "autoria": "Josane Disner", "texto_original": "http://sapl.ivaipora.pr.leg.br/media/sapl/public/materialegislativa/2022/9975/indicacao_462-2022.pdf", "ementa": "INDICAR ao Senhor Prefeito Municipal, que por meio do Departamento competente, para que providencie um transporte (carro), para que a agente de sa\u00fade possa realizar visitas na \u00e1rea rural no Distrito de Santa Barbara."}, {"id": "9976", "ano": "2022", "numero": "463", "tipo__sigla": "IND", "tipo__descricao": "Indica\u00e7\u00e3o", "autoria": "Josane Disner", "texto_original": "http://sapl.ivaipora.pr.leg.br/media/sapl/public/materialegislativa/2022/9976/indicacao_463-2022.pdf", "ementa": "INDICAR ao Senhor Prefeito Municipal, que por meio do Departamento competente, para que providencie atendimento odontol\u00f3gico no Distrito de Santa Barbara."}, {"id": "9977", "ano": "2022", "numero": "464", "tipo__sigla": "IND", "tipo__descricao": "Indica\u00e7\u00e3o", "autoria": "Josane Disner", "texto_original": "http://sapl.ivaipora.pr.leg.br/media/sapl/public/materialegislativa/2022/9977/indicacao_464-2022.pdf", "ementa": "INDICAR ao Senhor Prefeito Municipal, que por meio do Departamento competente, para que providencie transporte escolar na Rua: Mambor\u00ea at\u00e9 a Rua: Bulha, no bairro Jardim Alvorada"}, {"id": "9978", "ano": "2022", "numero": "465", "tipo__sigla": "IND", "tipo__descricao": "Indica\u00e7\u00e3o", "autoria": "Carniato", "texto_original": "http://sapl.ivaipora.pr.leg.br/media/sapl/public/materialegislativa/2022/9978/indicacao_465-2022.pdf", "ementa": "INDICAR ao Senhor Prefeito Municipal, que por meio do Departamento competente, analise a possibilidade de transformar a Rua Colibri em m\u00e3o \u00fanica. Nessa rua est\u00e1 localizada a UBS \u2013 Unidade B\u00e1sica de Sa\u00fade da Vila Nova Por\u00e3."}, {"id": "9979", "ano": "2022", "numero": "466", "tipo__sigla": "IND", "tipo__descricao": "Indica\u00e7\u00e3o", "autoria": "Z\u00e9 Maria", "texto_original": "http://sapl.ivaipora.pr.leg.br/media/sapl/public/materialegislativa/2022/9979/indicacao_466-2022.pdf", "ementa": "INDICAR ao Senhor Prefeito Municipal, que por meio do Departamento competente que fa\u00e7a a manuten\u00e7\u00e3o da cal\u00e7ada tem paver caindo dentro das bocas de lobo e meio fios quebrados Av. Melvis Muchiuti esquina com Souza Naves."}, {"id": "9980", "ano": "2022", "numero": "467", "tipo__sigla": "IND", "tipo__descricao": "Indica\u00e7\u00e3o", "autoria": "Fio Bertotti", "texto_original": "http://sapl.ivaipora.pr.leg.br/media/sapl/public/materialegislativa/2022/9980/indicacao_467-2022.pdf", "ementa": "INDICAR ao Senhor Prefeito Municipal Luiz Carlos Gil, que por meio do Departamento Competente, providencie melhores EPI`S, (Equipamento de prote\u00e7\u00e3o Individual), como mascaras, luvas, botas etc. para os garis, melhorando assim as condi\u00e7\u00f5es de trabalho."}, {"id": "9981", "ano": "2022", "numero": "468", "tipo__sigla": "IND", "tipo__descricao": "Indica\u00e7\u00e3o", "autoria": "Fio Bertotti", "texto_original": "http://sapl.ivaipora.pr.leg.br/media/sapl/public/materialegislativa/2022/9981/indicacao_468-2022.pdf", "ementa": "INDICAR ao Senhor Prefeito Municipal Luiz Carlos Gil, que por meio do Departamento de Competente, providencie reforma e manuten\u00e7\u00e3o na escada e rampa do canteiro na Avenida Alcir Wieleski, no conjunto Mour\u00e3o filho, ambas est\u00e3o bastante deterioradas podendo provocar acidentes aos pedestres. foto em anexo;"}, {"id": "9982", "ano": "2022", "numero": "469", "tipo__sigla": "IND", "tipo__descricao": "Indica\u00e7\u00e3o", "autoria": "Fio Bertotti", "texto_original": "http://sapl.ivaipora.pr.leg.br/media/sapl/public/materialegislativa/2022/9982/indicacao_469-2022.pdf", "ementa": "INDICAR ao Senhor Prefeito Municipal Luiz Carlos Gil, que por meio do Departamento competente, providencie recape e manuten\u00e7\u00e3o da pista de caminhada do Lago das Flores, h\u00e1 lugares que a terra entra na pista em dias de chuva, dificultando a caminhada."}, {"id": "9983", "ano": "2022", "numero": "470", "tipo__sigla": "IND", "tipo__descricao": "Indica\u00e7\u00e3o", "autoria": "Fio Bertotti", "texto_original": "http://sapl.ivaipora.pr.leg.br/media/sapl/public/materialegislativa/2022/9983/indicacao_470-2022.pdf", "ementa": "INDICAR ao Senhor Prefeito Municipal Luiz Carlos Gil, que por meio do Departamento de competente, providencie a coloca\u00e7\u00e3o de pedra irregular na Rua Santa Vicentina, no Jardim Ipor\u00e3."}, {"id": "9985", "ano": "2022", "numero": "471", "tipo__sigla": "IND", "tipo__descricao": "Indica\u00e7\u00e3o", "autoria": "Fio Bertotti", "texto_original": "http://sapl.ivaipora.pr.leg.br/media/sapl/public/materialegislativa/2022/9985/indicacao_471-2022.pdf", "ementa": "INDICAR ao Senhor Prefeito Municipal Luiz Carlos Gil, que por meio do Departamento de competente, providencie ro\u00e7ada e manuten\u00e7\u00e3o na rua Clara Storoski, no jardim Belo Horizonte., pr\u00f3ximo rio. foto em anexo;"}, {"id": "9986", "ano": "2022", "numero": "472", "tipo__sigla": "IND", "tipo__descricao": "Indica\u00e7\u00e3o", "autoria": "Josane Disner", "texto_original": "http://sapl.ivaipora.pr.leg.br/media/sapl/public/materialegislativa/2022/9986/indicacao_472-2022.pdf", "ementa": "INDICAR ao Senhor Prefeito Municipal, que por meio do Departamento competente, para que providencie o pagamento do Piso Salarial aos Garis."}, {"id": "9987", "ano": "2022", "numero": "473", "tipo__sigla": "IND", "tipo__descricao": "Indica\u00e7\u00e3o", "autoria": "Carniato", "texto_original": "http://sapl.ivaipora.pr.leg.br/media/sapl/public/materialegislativa/2022/9987/indicacao_473-2022.pdf", "ementa": "INDICAR ao Senhor Prefeito Municipal, que por meio do Departamento competente providencie para que seja instalado um sem\u00e1foro no cruzamento da Avenida Brasil com a Rua Vereador Orlando Buratto, o tr\u00e2nsito naquele local \u00e9 intenso, o que eleva o risco de acidentes."}, {"id": "9988", "ano": "2022", "numero": "474", "tipo__sigla": "IND", "tipo__descricao": "Indica\u00e7\u00e3o", "autoria": "Carniato", "texto_original": "http://sapl.ivaipora.pr.leg.br/media/", "ementa": "INDICAR ao Senhor Prefeito Municipal, que por meio do Departamento competente elabore estudo para melhorar o sistema de drenagem das enxurradas do cemit\u00e9rio da cidade que est\u00e1 destruindo o muro e alcan\u00e7ando a rua."}, {"id": "9989", "ano": "2022", "numero": "475", "tipo__sigla": "IND", "tipo__descricao": "Indica\u00e7\u00e3o", "autoria": "Carniato", "texto_original": "http://sapl.ivaipora.pr.leg.br/media/sapl/public/materialegislativa/2022/9989/indicacao_475-2022.pdf", "ementa": "INDICAR ao Senhor Prefeito Municipal, que por meio do Departamento competente que fa\u00e7a a manuten\u00e7\u00e3o da tampa quebrada da boca de lobo Rua Joaquim Nabuco de frente a igreja Assembleia de Deus vila Jo\u00e3o XXIII. foto anexa."}, {"id": "9990", "ano": "2022", "numero": "476", "tipo__sigla": "IND", "tipo__descricao": "Indica\u00e7\u00e3o", "autoria": "Josane Disner", "texto_original": "http://sapl.ivaipora.pr.leg.br/media/sapl/public/materialegislativa/2022/9990/indicacao_476-2022.pdf", "ementa": "INDICAR ao Senhor Prefeito Municipal, que por meio do Departamento competente, para que providencie com urg\u00eancia tampa para o bueiro na Rua: Jos\u00e9 de Alencar n\u00ba 100, Jardim Belo Horizonte. Segue foto."}, {"id": "9991", "ano": "2022", "numero": "477", "tipo__sigla": "IND", "tipo__descricao": "Indica\u00e7\u00e3o", "autoria": "Josane Disner", "texto_original": "http://sapl.ivaipora.pr.leg.br/media/sapl/public/materialegislativa/2022/9991/indicacao_477-2022.pdf", "ementa": "INDICAR ao Senhor Prefeito Municipal, que por meio do Departamento competente, para que providencie com urg\u00eancia um Sem\u00e1foro na Avenida Minas Gerais esquina com Rua: Jacarezinho, em frente ao TAY- Lanches"}, {"id": "9992", "ano": "2022", "numero": "478", "tipo__sigla": "IND", "tipo__descricao": "Indica\u00e7\u00e3o", "autoria": "Josane Disner", "texto_original": "http://sapl.ivaipora.pr.leg.br/media/sapl/public/materialegislativa/2022/9992/indicacao_478-2022.pdf", "ementa": "INDICAR ao Senhor Prefeito Municipal, que por meio do Departamento competente, para que seja visto a possibilidade de criar um Conselho Municipal de Sa\u00fade Mental em nosso munic\u00edpio."}, {"id": "9993", "ano": "2022", "numero": "479", "tipo__sigla": "IND", "tipo__descricao": "Indica\u00e7\u00e3o", "autoria": "Josane Disner", "texto_original": "http://sapl.ivaipora.pr.leg.br/media/sapl/public/materialegislativa/2022/9993/indicacao_479-2022.pdf", "ementa": "INDICAR ao Senhor Prefeito Municipal, que providencie um quebra-molas na Rua: Palotina em frente n\u00ba 585, Jardim Alvorada."}, {"id": "9996", "ano": "2022", "numero": "480", "tipo__sigla": "IND", "tipo__descricao": "Indica\u00e7\u00e3o", "autoria": "Josane Disner", "texto_original": "http://sapl.ivaipora.pr.leg.br/media/sapl/public/materialegislativa/2022/9996/indicacao_480-2022.pdf", "ementa": "INDICAR ao Senhor Prefeito Municipal, que por meio do Departamento competente, para que providencie o patrolamento no carreador do Bairro dos Silva, no S\u00edtio Bela Vista, entre Alto Por\u00e3 e o Alecrin."}, {"id": "9997", "ano": "2022", "numero": "481", "tipo__sigla": "IND", "tipo__descricao": "Indica\u00e7\u00e3o", "autoria": "Z\u00e9 Maria", "texto_original": "http://sapl.ivaipora.pr.leg.br/media/sapl/public/materialegislativa/2022/9997/indicacao_481-2022.pdf", "ementa": "INDICAR ao Senhor Prefeito Municipal, que por meio do Departamento competente que fa\u00e7a a manuten\u00e7\u00e3o das l\u00e2mpadas queimadas da pista linear de caminhada da oficina panorama at\u00e9 o lago das flores."}, {"id": "9998", "ano": "2022", "numero": "482", "tipo__sigla": "IND", "tipo__descricao": "Indica\u00e7\u00e3o", "autoria": "Z\u00e9 Maria", "texto_original": "http://sapl.ivaipora.pr.leg.br/media/sapl/public/materialegislativa/2022/9998/indicacao_482-2022.pdf", "ementa": "INDICAR ao Senhor Prefeito Municipal, que por meio do Departamento competente que fa\u00e7a a manuten\u00e7\u00e3o da boca de lobo quebrada Av. Souza Naves fundo do posto Caraj\u00e1s esquina com a Plac\u00eddio Miranda."}, {"id": "9999", "ano": "2022", "numero": "483", "tipo__sigla": "IND", "tipo__descricao": "Indica\u00e7\u00e3o", "autoria": "Vila Real", "texto_original": "http://sapl.ivaipora.pr.leg.br/media/sapl/public/materialegislativa/2022/9999/indicacao_483-2022_1.pdf", "ementa": "INDICAR ao Senhor Prefeito Municipal, que por meio do Departamento competente, providencie cascalho na Rua Matel\u00e2ndia pr\u00f3ximo a Rua Bulha, Jardim Paran\u00e1."}, {"id": "10000", "ano": "2022", "numero": "484", "tipo__sigla": "IND", "tipo__descricao": "Indica\u00e7\u00e3o", "autoria": "Z\u00e9 Maria", "texto_original": "http://sapl.ivaipora.pr.leg.br/media/sapl/public/materialegislativa/2022/10000/indicacao_484-2022.pdf", "ementa": "INDICAR ao Senhor Prefeito Municipal, que por meio do Departamento competente que fa\u00e7a um ponto de \u00f4nibus coberto na Rua Jos\u00e9 de Alencar de frente a casa 210 pois ali o povo sofre no dia de chuva e sol Jardim Belo Horizonte."}, {"id": "10001", "ano": "2022", "numero": "485", "tipo__sigla": "IND", "tipo__descricao": "Indica\u00e7\u00e3o", "autoria": "Jaffer Ferreira", "texto_original": "http://sapl.ivaipora.pr.leg.br/media/sapl/public/materialegislativa/2022/10001/indicacao_485-2022.pdf", "ementa": "INDICAR ao Senhor Prefeito Municipal, que por meio do departamento competente, a pedido da popula\u00e7\u00e3o do Jardim Belo Horizonte na Rua Marechal Teodoro, ali e uma rua sem sa\u00edda pois a Casa de Vivencia est\u00e1 tomando uma parte dessa Rua. Faz muito tempo que os moradores reivindicam a abertura da mesma, pois facilitaria muito o acesso."}, {"id": "10002", "ano": "2022", "numero": "486", "tipo__sigla": "IND", "tipo__descricao": "Indica\u00e7\u00e3o", "autoria": "Jaffer Ferreira", "texto_original": "http://sapl.ivaipora.pr.leg.br/media/sapl/public/materialegislativa/2022/10002/indicacao_486-2022.pdf", "ementa": "INDICAR ao Senhor Prefeito Municipal, que por meio do departamento competente, providencie pedra irregular no p\u00e1tio da igreja do Distrito de Santa Barbara."}, {"id": "10003", "ano": "2022", "numero": "487", "tipo__sigla": "IND", "tipo__descricao": "Indica\u00e7\u00e3o", "autoria": "Jaffer Ferreira", "texto_original": "http://sapl.ivaipora.pr.leg.br/media/sapl/public/materialegislativa/2022/10003/indicacao_487-2022.pdf", "ementa": "INDICAR ao Senhor Prefeito Municipal, que por meio do departamento competente, providencie uma reforma e podas de arvores condenadas do Postinho de Sa\u00fade do Santa Barbara."}, {"id": "10004", "ano": "2022", "numero": "488", "tipo__sigla": "IND", "tipo__descricao": "Indica\u00e7\u00e3o", "autoria": "Jaffer Ferreira", "texto_original": "http://sapl.ivaipora.pr.leg.br/media/sapl/public/materialegislativa/2022/10004/indicacao_488-2022.pdf", "ementa": "INDICAR ao Senhor Prefeito Municipal, que por meio do departamento competente providencie recape asf\u00e1ltico na Rua Vereador Juarez Cleve no trecho da rua Jo\u00e3o Maria Stresser at\u00e9 Avenida Pedro Koltun."}, {"id": "10005", "ano": "2022", "numero": "489", "tipo__sigla": "IND", "tipo__descricao": "Indica\u00e7\u00e3o", "autoria": "Fio Bertotti", "texto_original": "http://sapl.ivaipora.pr.leg.br/media/sapl/public/materialegislativa/2022/10005/indicacao_489-2022.pdf", "ementa": "INDICAR ao Senhor Prefeito Municipal Luiz Carlos Gil, que por meio do Departamento Competente, providencie um estudo para implanta\u00e7\u00e3o de um projeto, para coloca\u00e7\u00e3o de aparelhos ortod\u00f4nticos de forma gratuita nas crian\u00e7as das escolas municipais de nossa cidade, com essa iniciativa de melhorar a mastiga\u00e7\u00e3o e o sorriso de nossas crian\u00e7as."}, {"id": "10006", "ano": "2022", "numero": "490", "tipo__sigla": "IND", "tipo__descricao": "Indica\u00e7\u00e3o", "autoria": "Fio Bertotti", "texto_original": "http://sapl.ivaipora.pr.leg.br/media/sapl/public/materialegislativa/2022/10006/indicacao_490-2022.pdf", "ementa": "INDICAR ao Senhor Prefeito Municipal Luiz Carlos Gil, que por meio do Departamento de Competente, analise a possibilidade de constru\u00e7\u00e3o onde n\u00e3o houver a acessibilidade para cadeirantes e outros portadores com defici\u00eancia nos CMEIS de nossa cidade, dando a eles mais conforto e at\u00e9 mesmo facilitando o trabalho dos colaboradores."}, {"id": "10007", "ano": "2022", "numero": "491", "tipo__sigla": "IND", "tipo__descricao": "Indica\u00e7\u00e3o", "autoria": "Fio Bertotti", "texto_original": "http://sapl.ivaipora.pr.leg.br/media/sapl/public/materialegislativa/2022/10007/indicacao_491-2022.pdf", "ementa": "INDICAR ao Senhor Prefeito Municipal Luiz Carlos Gil, que por meio do Departamento competente, providencie troca ou coloca\u00e7\u00e3o onde n\u00e3o houver de lixeiras ao longo da avenida Brasil, \u00e1rea central da cidade."}, {"id": "10008", "ano": "2022", "numero": "492", "tipo__sigla": "IND", "tipo__descricao": "Indica\u00e7\u00e3o", "autoria": "Carniato", "texto_original": "http://sapl.ivaipora.pr.leg.br/media/sapl/public/materialegislativa/2022/10008/indicacao_492-2022.pdf", "ementa": "INDICAR ao Senhor Prefeito, que por meio do Departamento Competente, analise e providencie a constru\u00e7\u00e3o de lombada elevada na Rua Apucarana, entre a Chevrolet e o Col\u00e9gio Objetivo. Rua Apucarana \u00e9 rua de m\u00e3o \u00fanica, onde os motoristas desenvolvem altas velocidades, colocando em riscos idosos e crian\u00e7as que frequentam aquele local em fun\u00e7\u00e3o dos Cart\u00f3rios e do Col\u00e9gio."}, {"id": "10009", "ano": "2022", "numero": "493", "tipo__sigla": "IND", "tipo__descricao": "Indica\u00e7\u00e3o", "autoria": "Carniato", "texto_original": "http://sapl.ivaipora.pr.leg.br/media/sapl/public/materialegislativa/2022/10009/indicacao_493-2022.pdf", "ementa": "INDICAR ao Senhor Prefeito, que por meio do Departamento Competente, providencie patrolamento, adequa\u00e7\u00e3o e cascalhamento na Av. das Industrias, sa\u00edda secund\u00e1ria, ao lado da antiga ind\u00fastria de Macarr\u00e3o Pietrobon."}, {"id": "10010", "ano": "2022", "numero": "494", "tipo__sigla": "IND", "tipo__descricao": "Indica\u00e7\u00e3o", "autoria": "Gertrudes", "texto_original": "http://sapl.ivaipora.pr.leg.br/media/sapl/public/materialegislativa/2022/10010/indicacao_494-2022.pdf", "ementa": "INDICAR ao Senhor Prefeito Municipal Luiz Carlos Gil, que por meio do Departamento Competente, que providencie aparelhos de ATI para pessoas com defici\u00eancia."}, {"id": "10011", "ano": "2022", "numero": "495", "tipo__sigla": "IND", "tipo__descricao": "Indica\u00e7\u00e3o", "autoria": "Gertrudes", "texto_original": "http://sapl.ivaipora.pr.leg.br/media/sapl/public/materialegislativa/2022/10011/indicacao_495-2022.pdf", "ementa": "INDICAR ao Senhor Prefeito Municipal Luiz Carlos Gil, que por meio do Departamento Competente, que providencie a coloca\u00e7\u00e3o de pedras poli\u00e9dricas na Rua Umuarama, que se localiza no Jardim Paran\u00e1."}, {"id": "10012", "ano": "2022", "numero": "496", "tipo__sigla": "IND", "tipo__descricao": "Indica\u00e7\u00e3o", "autoria": "Gertrudes", "texto_original": "http://sapl.ivaipora.pr.leg.br/media/sapl/public/materialegislativa/2022/10012/indicacao_496-2022.pdf", "ementa": "INDICAR ao Senhor Prefeito Municipal Luiz Carlos Gil, que por meio do Departamento Competente, que providencie recape asf\u00e1ltico na Avenida Tancredo Neves em frente a ACENI-Associa\u00e7\u00e3o Cultural Esportiva Nikkei de Ivaipor\u00e3 e tamb\u00e9m na Avenida Apar\u00edcio Bitencourt nas proximidades do SESC."}, {"id": "10013", "ano": "2022", "numero": "497", "tipo__sigla": "IND", "tipo__descricao": "Indica\u00e7\u00e3o", "autoria": "Gertrudes", "texto_original": "http://sapl.ivaipora.pr.leg.br/media/sapl/public/materialegislativa/2022/10013/indicacao_497-2022.pdf", "ementa": "INDICAR ao Senhor Prefeito Municipal Luiz Carlos Gil, que por meio do Departamento Competente, que providencie a constru\u00e7\u00e3o de um sal\u00e3o comunit\u00e1rio no Jardim Paran\u00e1, a pedido da popula\u00e7\u00e3o que l\u00e1 se localiza."}, {"id": "10014", "ano": "2022", "numero": "498", "tipo__sigla": "IND", "tipo__descricao": "Indica\u00e7\u00e3o", "autoria": "Gertrudes", "texto_original": "http://sapl.ivaipora.pr.leg.br/media/sapl/public/materialegislativa/2022/10014/indicacao_498-2022.pdf", "ementa": "INDICAR ao Senhor Prefeito Municipal Luiz Carlos Gil, que por meio do Departamento Competente, que providencie o recape asf\u00e1ltico nas Ruas: Bela Vista, Monte Alto, Moises Lopes da Silva e Rua Santa Terezinha que se localizam no Jardim Ipor\u00e3."}, {"id": "10016", "ano": "2022", "numero": "499", "tipo__sigla": "IND", "tipo__descricao": "Indica\u00e7\u00e3o", "autoria": "Josane Disner", "texto_original": "http://sapl.ivaipora.pr.leg.br/media/sapl/public/materialegislativa/2022/10016/indicacao_499-2022.pdf", "ementa": "INDICAR ao Senhor Prefeito Municipal, que providencie um quebra-molas na Rua: Po\u00e7os de Caldas em frente ao n\u00ba 350 no Jardim Belo Horizonte."}, {"id": "10017", "ano": "2022", "numero": "500", "tipo__sigla": "IND", "tipo__descricao": "Indica\u00e7\u00e3o", "autoria": "Z\u00e9 Maria", "texto_original": "http://sapl.ivaipora.pr.leg.br/media/sapl/public/materialegislativa/2022/10017/indicacao_500-2022.pdf", "ementa": "INDICAR ao Senhor Prefeito Municipal, que por meio do Departamento competente que realize uma camada asf\u00e1ltica, come\u00e7ando na rua Manoel ribas da capela Alian\u00e7a at\u00e9 o Centro de Eventos Palazzo. foto anexa"}, {"id": "9925", "ano": "2022", "numero": "601", "tipo__sigla": "IND", "tipo__descricao": "Indica\u00e7\u00e3o", "autoria": "Jaffer Ferreira", "texto_original": "http://sapl.ivaipora.pr.leg.br/media/", "ementa": "Indicar ao Prefeito, para que providencie uma camada asf\u00e1ltica no estacionamento da marginal da Avenida Brasil, no trecho da Rua Ponta Grossa at\u00e9 a Rua Sertan\u00f3polis."}, {"id": "9927", "ano": "2022", "numero": "602", "tipo__sigla": "IND", "tipo__descricao": "Indica\u00e7\u00e3o", "autoria": "Fio Bertotti", "texto_original": "http://sapl.ivaipora.pr.leg.br/media/sapl/public/materialegislativa/2022/9927/19122024091546arquivo_indicacao_602-2022.pdf", "ementa": "Indicar ao Senhor Prefeito, para que providencie uma cal\u00e7ada de passeio ao redor da Pra\u00e7a do Jap\u00e3o, evitando, assim, que os pedestres caminhem na rua ao contornar a pra\u00e7a."}, {"id": "9951", "ano": "2022", "numero": "603", "tipo__sigla": "IND", "tipo__descricao": "Indica\u00e7\u00e3o", "autoria": "Fio Bertotti", "texto_original": "http://sapl.ivaipora.pr.leg.br/media/sapl/public/materialegislativa/2022/9951/19122024094838arquivo_indicacao_603-2022.pdf", "ementa": "ao Senhor Prefeito, para que providencie a reconstru\u00e7\u00e3o do redutor de velocidade na Rua Rio Grande do Sul, n\u00ba 1.455, pr\u00f3ximo \u00e0 Casa de Carnes do Marc\u00e3o, pois com o recape do asfalto, o redutor ficou muito baixo, e tamb\u00e9m seja feita a sinaliza\u00e7\u00e3o com a pintura do mesmo."}, {"id": "9952", "ano": "2022", "numero": "604", "tipo__sigla": "IND", "tipo__descricao": "Indica\u00e7\u00e3o", "autoria": "Fio Bertotti", "texto_original": "http://sapl.ivaipora.pr.leg.br/media/", "ementa": "Indicar ao Senhor Prefeito para que providencie a corre\u00e7\u00e3o de massa asf\u00e1ltica sobre as pedras irregulares no final da Rua Ministro Aramis Athaide, no Conjunto Mour\u00e3o Filho."}, {"id": "9953", "ano": "2022", "numero": "605", "tipo__sigla": "IND", "tipo__descricao": "Indica\u00e7\u00e3o", "autoria": "Fio Bertotti", "texto_original": "http://sapl.ivaipora.pr.leg.br/media/sapl/public/materialegislativa/2022/9953/19122024100059arquivo_indicacao_605-2022.pdf", "ementa": "Indicar ao senhor Prefeito, para que providencie um redutor de velocidade (quebra-molas), na Rua Alfenas, n\u00ba 1.350, pr\u00f3ximo ao viveiro de mudas Dante Greg\u00f3rio, pois os carros desenvolvem velocidade alta no local."}, {"id": "9954", "ano": "2022", "numero": "606", "tipo__sigla": "IND", "tipo__descricao": "Indica\u00e7\u00e3o", "autoria": "Vila Real", "texto_original": "http://sapl.ivaipora.pr.leg.br/media/sapl/public/materialegislativa/2022/9954/19122024100229arquivo_indicacao_606-2022.pdf", "ementa": "Indicar ao senhor  Prefeito, para que providencie um reparo no cruzamento da Rua S\u00e3o Miguel com a Rua Ivaipor\u00e3, no Distrito de Jacutinga, pois o cruzamento se encontra em um desn\u00edvel muito grande, dificultando a passagem dos ve\u00edculos."}, {"id": "9955", "ano": "2022", "numero": "607", "tipo__sigla": "IND", "tipo__descricao": "Indica\u00e7\u00e3o", "autoria": "Carniato", "texto_original": "http://sapl.ivaipora.pr.leg.br/media/sapl/public/materialegislativa/2022/9955/19122024100313arquivo_indicacao_607-2022.pdf", "ementa": "Indicar ao Senhor Prefeito, para que providencie a reforma e adequa\u00e7\u00e3o no campinho de futebol do Distrito de Santa B\u00e1rbara."}, {"id": "9956", "ano": "2022", "numero": "608", "tipo__sigla": "IND", "tipo__descricao": "Indica\u00e7\u00e3o", "autoria": "Carniato", "texto_original": "http://sapl.ivaipora.pr.leg.br/media/sapl/public/materialegislativa/2022/9956/19122024100458arquivo_indicacao_608-2022.pdf", "ementa": "Indicar ao Senhor Prefeito, para que providencie a implanta\u00e7\u00e3o de cal\u00e7amento poli\u00e9drico (pedras irregulares) no prolongamento da Rua Bulha at\u00e9 o Parque Industrial (Estrada do Bairro dos Cunhas, que liga ao IFPR)."}, {"id": "9957", "ano": "2022", "numero": "609", "tipo__sigla": "IND", "tipo__descricao": "Indica\u00e7\u00e3o", "autoria": "Josane Disner", "texto_original": "http://sapl.ivaipora.pr.leg.br/media/sapl/public/materialegislativa/2022/9957/19122024100528arquivo_indicacao_609-2022.pdf", "ementa": "Indicar ao Senhor Prefeito, para que providencie o recape asf\u00e1ltico na Rua Benedito Antunes, na Vila Nova Por\u00e3."}, {"id": "9962", "ano": "2022", "numero": "610", "tipo__sigla": "IND", "tipo__descricao": "Indica\u00e7\u00e3o", "autoria": "Vila Real", "texto_original": "http://sapl.ivaipora.pr.leg.br/media/sapl/public/materialegislativa/2022/9962/19122024100737arquivo_indicacao_610-2022.pdf", "ementa": "Indicar ao Senhor Prefeito, para que providencie um redutor de velocidade na Avenida Maranh\u00e3o, pr\u00f3ximo ao n\u00ba 890, a pedido dos moradores que relatam que os ve\u00edculos passam em alta velocidade no local."}, {"id": "9967", "ano": "2022", "numero": "611", "tipo__sigla": "IND", "tipo__descricao": "Indica\u00e7\u00e3o", "autoria": "Sab\u00e3o - Edivaldo Montanheri", "texto_original": "http://sapl.ivaipora.pr.leg.br/media/sapl/public/materialegislativa/2022/9967/19122024102252arquivo_indicacao_611-2022.pdf", "ementa": "Indicar ao Senhor Prefeito, para que providencie um redutor de velocidade na Rua Augusto Urbanski, em frente \u00e0 casa de n\u00b0 152."}, {"id": "9968", "ano": "2022", "numero": "612", "tipo__sigla": "IND", "tipo__descricao": "Indica\u00e7\u00e3o", "autoria": "Sab\u00e3o - Edivaldo Montanheri", "texto_original": "http://sapl.ivaipora.pr.leg.br/media/sapl/public/materialegislativa/2022/9968/19122024102942arquivo_indicacao_612-2022.pdf", "ementa": "Indicar ao Senhor Prefeito, para que providencie um ponto de carga e descarga na Rua Rio Grande do Sul, em frente \u00e0 Loja Agrosul,  n\u00b0 785."}, {"id": "9971", "ano": "2022", "numero": "613", "tipo__sigla": "IND", "tipo__descricao": "Indica\u00e7\u00e3o", "autoria": "Jaffer Ferreira", "texto_original": "http://sapl.ivaipora.pr.leg.br/media/", "ementa": "Indicar ao Senhor  Prefeito, para que providencie galerias na Rua Hort\u00eancia, no bairro Oper\u00e1ria I, antigo Reservado."}, {"id": "9984", "ano": "2022", "numero": "614", "tipo__sigla": "IND", "tipo__descricao": "Indica\u00e7\u00e3o", "autoria": "Jaffer Ferreira", "texto_original": "http://sapl.ivaipora.pr.leg.br/media/sapl/public/materialegislativa/2022/9984/19122024112208arquivo_indicacao_614-2022.pdf", "ementa": "Indicar ao Senhor  Prefeito, para que providencie uma camada asf\u00e1ltica na Rua Sebasti\u00e3o Guerreiro Prestes, na Vila Nova Por\u00e3."}, {"id": "9994", "ano": "2022", "numero": "615", "tipo__sigla": "IND", "tipo__descricao": "Indica\u00e7\u00e3o", "autoria": "Gertrudes", "texto_original": "http://sapl.ivaipora.pr.leg.br/media/", "ementa": "Indicando ao Senhor Prefeito, para que providencie a constru\u00e7\u00e3o de rampas nos canteiros da Avenida Brasil, em frente aos Supermercados Paran\u00e1 e Paulista, visando facilitar o trajeto dos carrinhos de compras at\u00e9 o carro dos clientes."}, {"id": "9995", "ano": "2022", "numero": "616", "tipo__sigla": "IND", "tipo__descricao": "Indica\u00e7\u00e3o", "autoria": "Gertrudes", "texto_original": "http://sapl.ivaipora.pr.leg.br/media/sapl/public/materialegislativa/2022/9995/19122024134156arquivo_indicacao_616-2022.pdf", "ementa": "Indicando ao Senhor  Prefeito, para que providencie a eleva\u00e7\u00e3o dos quebra-molas da Avenida Brasil, dando in\u00edcio na Kaito Motos at\u00e9 o Banco Ita\u00fa, pois mesmo tendo o redutor de velocidade, os motoristas ainda passam em alta velocidade na Avenida."}, {"id": "10015", "ano": "2022", "numero": "617", "tipo__sigla": "IND", "tipo__descricao": "Indica\u00e7\u00e3o", "autoria": "Jaffer Ferreira", "texto_original": "http://sapl.ivaipora.pr.leg.br/media/sapl/public/materialegislativa/2022/10015/19122024140035arquivo_indicacao_617-2022.pdf", "ementa": "Indicando ao Prefeito, para que realize um estudo para instala\u00e7\u00e3o de um sem\u00e1foro dotado de temporizador e bonecos de anima\u00e7\u00e3o gr\u00e1fica para pedestres, podendo ser instalado juntamente com o sem\u00e1foro para ve\u00edculos, auxiliando os pedestres a fazerem a travessia em seguran\u00e7a."}, {"id": "10018", "ano": "2022", "numero": "618", "tipo__sigla": "IND", "tipo__descricao": "Indica\u00e7\u00e3o", "autoria": "Jaffer Ferreira", "texto_original": "http://sapl.ivaipora.pr.leg.br/media/sapl/public/materialegislativa/2022/10018/20122024085500arquivo_indicacao_618-2022.pdf", "ementa": "Indicando ao Senhor  Prefeito, para que fa\u00e7a reparo no in\u00edcio da Rua Paran\u00e1, na Vila Santa Maria, pois o asfalto est\u00e1 danificado."}, {"id": "10020", "ano": "2022", "numero": "619", "tipo__sigla": "IND", "tipo__descricao": "Indica\u00e7\u00e3o", "autoria": "Z\u00e9 Maria", "texto_original": "http://sapl.ivaipora.pr.leg.br/media/", "ementa": "ao Prefeito, para que coloque mais um vigilante na rodovi\u00e1ria, conforme interesse e necessidade da Administra\u00e7\u00e3o."}, {"id": "10039", "ano": "2022", "numero": "620", "tipo__sigla": "IND", "tipo__descricao": "Indica\u00e7\u00e3o", "autoria": "Josane Disner", "texto_original": "http://sapl.ivaipora.pr.leg.br/media/sapl/public/materialegislativa/2022/10039/06012025105906arquivo_indicacao_620-2022.pdf", "ementa": "ao Prefeito, para que providencie a limpeza (retirada do mato) na Rua Joaquim Nabuco, pr\u00f3ximo ao n\u00ba 75, ao Jardim Luiz XV."}, {"id": "10040", "ano": "2022", "numero": "621", "tipo__sigla": "IND", "tipo__descricao": "Indica\u00e7\u00e3o", "autoria": "Nando Dorta", "texto_original": "http://sapl.ivaipora.pr.leg.br/media/sapl/public/materialegislativa/2022/10040/06012025110023arquivo_indicacao_621-2022.pdf", "ementa": "ao Prefeito, para que providencie recape asf\u00e1ltico na continua\u00e7\u00e3o da Rua Ministro Aramis Athaide, Rua Carlos Gomes, e Rua H\u00e9lio Bittencourt, no Jardim Betel."}, {"id": "10041", "ano": "2022", "numero": "622", "tipo__sigla": "IND", "tipo__descricao": "Indica\u00e7\u00e3o", "autoria": "Nando Dorta", "texto_original": "http://sapl.ivaipora.pr.leg.br/media/sapl/public/materialegislativa/2022/10041/06012025110157arquivo_indicacao_622-2022.pdf", "ementa": "Indica\u00e7\u00e3o n\u00ba 622/2022, Autoria: Fernando Dorta, ao Prefeito, para que providencie massa asf\u00e1ltica nas Ruas Angola, Aurora, Piriquito, Sabi\u00e1, Can\u00e1rio, Ivaipor\u00e3, Pai\u00e7andu e Guareta, no Distrito do Alto Por\u00e3."}, {"id": "10042", "ano": "2022", "numero": "623", "tipo__sigla": "IND", "tipo__descricao": "Indica\u00e7\u00e3o", "autoria": "Fio Bertotti", "texto_original": "http://sapl.ivaipora.pr.leg.br/media/sapl/public/materialegislativa/2022/10042/06012025110320arquivo_indicacao_623-2022.pdf", "ementa": "Indica\u00e7\u00e3o n\u00ba 623/2022, Autoria: Emerson Bertotti, ao Prefeito, para que providencie coloca\u00e7\u00e3o de placas de tr\u00e2nsito (ex.: preferencial) onde n\u00e3o houver, nas ruas do Distrito do Alto Por\u00e3."}, {"id": "10043", "ano": "2022", "numero": "624", "tipo__sigla": "IND", "tipo__descricao": "Indica\u00e7\u00e3o", "autoria": "Fio Bertotti", "texto_original": "http://sapl.ivaipora.pr.leg.br/media/sapl/public/materialegislativa/2022/10043/06012025110533arquivo_indicacao_624-2022.pdf", "ementa": "Indica\u00e7\u00e3o n\u00ba 624/2022, Autoria: Emerson Bertotti, ao Prefeito, para que providencie constru\u00e7\u00e3o de Ponto de \u00d4nibus coberto na Rua Mangueira, esquina com a Rua Andara\u00ed, no Jardim Guanabara II."}, {"id": "10044", "ano": "2022", "numero": "625", "tipo__sigla": "IND", "tipo__descricao": "Indica\u00e7\u00e3o", "autoria": "Fio Bertotti", "texto_original": "http://sapl.ivaipora.pr.leg.br/media/sapl/public/materialegislativa/2022/10044/06012025110639arquivo_indicacao_625-2022.pdf", "ementa": "Indica\u00e7\u00e3o n\u00ba 625/2022, Autoria: Emerson Bertotti, ao Prefeito, para que providencie a corre\u00e7\u00e3o de massa asf\u00e1ltica e manuten\u00e7\u00e3o na Rua Capivari, no Jardim Itaip\u00fa."}, {"id": "10045", "ano": "2022", "numero": "626", "tipo__sigla": "IND", "tipo__descricao": "Indica\u00e7\u00e3o", "autoria": "Nando Dorta", "texto_original": "http://sapl.ivaipora.pr.leg.br/media/sapl/public/materialegislativa/2022/10045/06012025110805arquivo_indicacao_626-2022.pdf", "ementa": "Indica\u00e7\u00e3o n\u00ba 626/2022, Autoria: Fernando Dorta, ao Prefeito, para que providencie reparos/manuten\u00e7\u00e3o no afundamento de solo localizado na Avenida Espanha, no cruzamento com a Rua Portugal, pr\u00f3ximo ao Hospital Regional."}, {"id": "10046", "ano": "2022", "numero": "627", "tipo__sigla": "IND", "tipo__descricao": "Indica\u00e7\u00e3o", "autoria": "Josane Disner", "texto_original": "http://sapl.ivaipora.pr.leg.br/media/sapl/public/materialegislativa/2022/10046/06012025110911arquivo_indicacao_627-2022.pdf", "ementa": "Indica\u00e7\u00e3o n\u00ba 627/2022, Autoria: Josane Disner, ao Prefeito, para que providencie uma cobertura no ponto de \u00f4nibus na Avenida Souza Naves, ao lado da Panificadora Bela Pane."}, {"id": "10047", "ano": "2022", "numero": "628", "tipo__sigla": "IND", "tipo__descricao": "Indica\u00e7\u00e3o", "autoria": "Carniato", "texto_original": "http://sapl.ivaipora.pr.leg.br/media/sapl/public/materialegislativa/2022/10047/06012025111127arquivo_indicacao_628-2022.pdf", "ementa": "Indica\u00e7\u00e3o n\u00ba 628/2022, Autoria: Jos\u00e9 Carniato, ao Prefeito, para que providencie a coloca\u00e7\u00e3o de faixas refletivas nas colunas da rotat\u00f3ria da Avenida Brasil com a Avenida Melvis Muchiuti, em frente \u00e0 Fatec."}, {"id": "10048", "ano": "2022", "numero": "629", "tipo__sigla": "IND", "tipo__descricao": "Indica\u00e7\u00e3o", "autoria": "Nando Dorta", "texto_original": "http://sapl.ivaipora.pr.leg.br/media/sapl/public/materialegislativa/2022/10048/06012025111237arquivo_indicacao_629-2022.pdf", "ementa": "FERNANDO RODRIGUES DORTA, vereador infra-assinado, em pleno exerc\u00edcio de seu mandato parlamentar, vem mui respeitosamente atrav\u00e9s dessa Presid\u00eancia, INDICAR ao Senhor Prefeito Municipal, que por meio do Departamento competente, providencie com urg\u00eancia reparos na boca de lobo na Rua Felicita Rother n\u00ba420, (antiga rua Londrina). Em vista dos acidentes que j\u00e1 ocorreram neste local. Foto em anexo."}, {"id": "10049", "ano": "2022", "numero": "630", "tipo__sigla": "IND", "tipo__descricao": "Indica\u00e7\u00e3o", "autoria": "Fio Bertotti", "texto_original": "http://sapl.ivaipora.pr.leg.br/media/sapl/public/materialegislativa/2022/10049/06012025111439arquivo_indicacao_630-2022.pdf", "ementa": "EMERSON DA SILVA BERTOTTI, vereador infra-assinado, em pleno exerc\u00edcio de seu mandato parlamentar, vem mui respeitosamente atrav\u00e9s dessa Presid\u00eancia, INDICAR ao Senhor Prefeito Municipal Luiz Carlos Gil, que por meio do Departamento Competente, providencie melhorias e manuten\u00e7\u00e3o da cal\u00e7ada de passeio em frente ao CAPS na avenida Maranh\u00e3o, pr\u00f3ximo a Casa da Amizade. Segue foto em anexo;"}, {"id": "10050", "ano": "2022", "numero": "631", "tipo__sigla": "IND", "tipo__descricao": "Indica\u00e7\u00e3o", "autoria": "", "texto_original": "http://sapl.ivaipora.pr.leg.br/media/sapl/public/materialegislativa/2022/10050/06012025111608arquivo_indicacao_631-2022.pdf", "ementa": "EMERSON DA SILVA BERTOTTI, vereador infra-assinado, em pleno exerc\u00edcio de seu mandato parlamentar, vem mui respeitosamente atrav\u00e9s dessa Presid\u00eancia, INDICAR ao Senhor Prefeito Municipal Luiz Carlos Gil, que por meio do Departamento de Competente, providencie constru\u00e7\u00e3o de um Playgraund para as crian\u00e7as na Escola Municipal Carlos Lacerda."}, {"id": "10051", "ano": "2022", "numero": "632", "tipo__sigla": "IND", "tipo__descricao": "Indica\u00e7\u00e3o", "autoria": "Fio Bertotti", "texto_original": "http://sapl.ivaipora.pr.leg.br/media/sapl/public/materialegislativa/2022/10051/06012025130759arquivo_indicacao_632-2022.pdf", "ementa": "EMERSON DA SILVA BERTOTTI, vereador infra-assinado, em pleno exerc\u00edcio de seu mandato parlamentar, vem mui respeitosamente atrav\u00e9s dessa Presid\u00eancia, INDICAR ao Senhor Prefeito Municipal Luiz Carlos Gil, que por meio do Departamento competente, providencie a corre\u00e7\u00e3o de massa asf\u00e1ltica e manuten\u00e7\u00e3o nas ruas Meier, Tijuca e Bangu todas no Jardim Guanabara II."}, {"id": "10052", "ano": "2022", "numero": "633", "tipo__sigla": "IND", "tipo__descricao": "Indica\u00e7\u00e3o", "autoria": "Josane Disner", "texto_original": "http://sapl.ivaipora.pr.leg.br/media/sapl/public/materialegislativa/2022/10052/06012025130859arquivo_indicacao_633-2022.pdf", "ementa": "JOSANE GORETE DISNER TEIXEIRA, vereadora infra-assinado, em pleno exerc\u00edcio de seu mandato parlamentar, vem mui respeitosamente atrav\u00e9s dessa Presid\u00eancia, INDICAR ao Senhor Prefeito Municipal, que providencie recape asf\u00e1ltico na Avenida Maranh\u00e3o pr\u00f3ximo ao n\u00ba 1288."}, {"id": "10053", "ano": "2022", "numero": "634", "tipo__sigla": "IND", "tipo__descricao": "Indica\u00e7\u00e3o", "autoria": "Z\u00e9 Maria", "texto_original": "http://sapl.ivaipora.pr.leg.br/media/sapl/public/materialegislativa/2022/10053/06012025131121arquivo_indicacao_634-2022.pdf", "ementa": "JOSE MARIA CARNEIRO, vereador infra-assinado, em pleno exerc\u00edcio de seu mandato parlamentar, vem mui respeitosamente atrav\u00e9s dessa Presid\u00eancia, INDICAR ao Senhor Prefeito Municipal, que por meio do Departamento competente para que fa\u00e7a a manuten\u00e7\u00e3o na boca de lobo quebrada na Avenida Castelo Branco esquina com a rua Pl\u00e1cido Miranda em frente auto el\u00e9trica do Denil. Segue foto anexa."}, {"id": "10054", "ano": "2022", "numero": "635", "tipo__sigla": "IND", "tipo__descricao": "Indica\u00e7\u00e3o", "autoria": "Jaffer Ferreira", "texto_original": "http://sapl.ivaipora.pr.leg.br/media/sapl/public/materialegislativa/2022/10054/06012025131212arquivo_indicacao_635-2022.pdf", "ementa": "JAFFER G. SAGANSKI FERREIRA, vereador infra-assinado, em pleno exerc\u00edcio de seu mandato parlamentar, vem mui respeitosamente atrav\u00e9s dessa Presid\u00eancia, INDICAR ao Senhor Prefeito Municipal, para que determine ao Departamento competente, se poss\u00edvel instala\u00e7\u00e3o de lombada ou redutor de velocidade na rua Pl\u00e1cido Miranda Jardim Imperial em frente do Mercado Casa Grande."}, {"id": "10055", "ano": "2022", "numero": "636", "tipo__sigla": "IND", "tipo__descricao": "Indica\u00e7\u00e3o", "autoria": "Jaffer Ferreira", "texto_original": "http://sapl.ivaipora.pr.leg.br/media/sapl/public/materialegislativa/2022/10055/06012025131334arquivo_indicacao_636-2022.pdf", "ementa": "JAFFER G. SAGANSKI FERREIRA, vereador infra-assinado, em pleno exerc\u00edcio de seu mandato parlamentar, vem mui respeitosamente atrav\u00e9s dessa Presid\u00eancia, INDICAR ao Senhor Prefeito Municipal, para que determine ao Departamento competente, se poss\u00edvel instala\u00e7\u00e3o de lombada ou redutor de velocidade, na avenida It\u00e1lia em frente do n\u00ba 890 vidra\u00e7arias Uni\u00e3o."}, {"id": "10056", "ano": "2022", "numero": "637", "tipo__sigla": "IND", "tipo__descricao": "Indica\u00e7\u00e3o", "autoria": "Jaffer Ferreira", "texto_original": "http://sapl.ivaipora.pr.leg.br/media/sapl/public/materialegislativa/2022/10056/06012025131427arquivo_indicacao_637-2022.pdf", "ementa": "JAFFER G. S. FERREIRA, vereador infra-assinado, em pleno exerc\u00edcio de seu mandato parlamentar, vem mui respeitosamente atrav\u00e9s dessa Presid\u00eancia, INDICAR ao Senhor Prefeito Municipal, que por meio do Departamento competente, providencie para que disponibilize profissional de Educa\u00e7\u00e3o F\u00edsica ou um profissional de Enfermagem para acompanhamento das pessoas que frequentam as Academias ao ar livre de nossa cidade especialmente a terceira idade."}, {"id": "10057", "ano": "2022", "numero": "638", "tipo__sigla": "IND", "tipo__descricao": "Indica\u00e7\u00e3o", "autoria": "Josane Disner", "texto_original": "http://sapl.ivaipora.pr.leg.br/media/sapl/public/materialegislativa/2022/10057/06012025131536arquivo_indicacao_638-2022.pdf", "ementa": "JOSANE GORETE DISNER TEIXEIRA, vereadora infra-assinado, em pleno exerc\u00edcio de seu mandato parlamentar, vem mui respeitosamente atrav\u00e9s dessa Presid\u00eancia, INDICAR ao Senhor Prefeito Municipal, que providencie a limpeza dos bueiros em toda a Rua: Agostinho Cremasco, Jardim Versalhes."}, {"id": "10058", "ano": "2022", "numero": "639", "tipo__sigla": "IND", "tipo__descricao": "Indica\u00e7\u00e3o", "autoria": "Carniato", "texto_original": "http://sapl.ivaipora.pr.leg.br/media/sapl/public/materialegislativa/2022/10058/06012025131639arquivo_indicacao_639-2022.pdf", "ementa": "JOS\u00c9 MAURINO CARNIATO, vereador infra-assinado, em pleno exerc\u00edcio de seu mandato parlamentar, vem mui respeitosamente atrav\u00e9s dessa Presid\u00eancia, INDICAR ao Senhor Prefeito Municipal, que por meio do Departamento competente, providencie, a corre\u00e7\u00e3o do cal\u00e7amento da plataforma da rodovi\u00e1ria, ou aplicar uma camada asf\u00e1ltica sobre o piso hoje existente, que se apresenta com muitos afundamentos."}, {"id": "10059", "ano": "2022", "numero": "640", "tipo__sigla": "IND", "tipo__descricao": "Indica\u00e7\u00e3o", "autoria": "Carniato", "texto_original": "http://sapl.ivaipora.pr.leg.br/media/sapl/public/materialegislativa/2022/10059/06012025131737arquivo_indicacao_640-2022.pdf", "ementa": "JOS\u00c9 MAURINO CARNIATO, vereador infra-assinado, em pleno exerc\u00edcio de seu mandato parlamentar, vem mui respeitosamente atrav\u00e9s dessa Presid\u00eancia, INDICAR ao Senhor Prefeito Municipal, que por meio do Departamento competente, providencie, substitui\u00e7\u00e3o da tampa da boca de lobo que est\u00e1 quebrada, no cruzamento da Av. Tancredo Neves esquina c/ Rua Sertaneja."}, {"id": "10060", "ano": "2022", "numero": "641", "tipo__sigla": "IND", "tipo__descricao": "Indica\u00e7\u00e3o", "autoria": "Carniato", "texto_original": "http://sapl.ivaipora.pr.leg.br/media/sapl/public/materialegislativa/2022/10060/06012025131944arquivo_indicacao_641-2022.pdf", "ementa": "JOS\u00c9 MAURINO CARNIATO, vereador infra-assinado, em pleno exerc\u00edcio de seu mandato parlamentar, vem mui respeitosamente atrav\u00e9s dessa Presid\u00eancia, INDICAR ao Senhor Prefeito Municipal, que por meio do Departamento competente, providencie, uma camada de asf\u00e1ltica sobre as pedras irregulares da rua marginal esquerda no Parque Residencial Belo Horizonte, que se apresenta em estado de m\u00e1 conserva\u00e7\u00e3o, prejudicando o tr\u00e2nsito."}, {"id": "10061", "ano": "2022", "numero": "642", "tipo__sigla": "IND", "tipo__descricao": "Indica\u00e7\u00e3o", "autoria": "Jaffer Ferreira", "texto_original": "http://sapl.ivaipora.pr.leg.br/media/sapl/public/materialegislativa/2022/10061/06012025131846arquivo_indicacao_642-2022.pdf", "ementa": "JAFFER G. S. FERREIRA, vereador infra-assinado, em pleno exerc\u00edcio de seu mandato parlamentar, vem mui respeitosamente atrav\u00e9s dessa Presid\u00eancia, INDICAR ao Senhor Prefeito Municipal, que por meio do Departamento competente, providencie o aumentos das cotas de exames Laboratoriais em todas as UBS em nosso Munic\u00edpio."}, {"id": "10062", "ano": "2022", "numero": "643", "tipo__sigla": "IND", "tipo__descricao": "Indica\u00e7\u00e3o", "autoria": "Sab\u00e3o - Edivaldo Montanheri", "texto_original": "http://sapl.ivaipora.pr.leg.br/media/sapl/public/materialegislativa/2022/10062/06012025132157arquivo_indicacao_643-2022.pdf", "ementa": "EDIVALDO APARECIDO MONTANHERI, vereador infra-assinado, em pleno exerc\u00edcio de seu mandato parlamentar, vem mui respeitosamente atrav\u00e9s dessa Presid\u00eancia, INDICAR ao Senhor Prefeito Municipal, que por meio do Departamento competente providencie a sinaliza\u00e7\u00e3o dos quebra-molas na comunidade do Severiano, na rodovia Nicolau Koltun no Distrito do Jacutinga."}, {"id": "10063", "ano": "2022", "numero": "644", "tipo__sigla": "IND", "tipo__descricao": "Indica\u00e7\u00e3o", "autoria": "Sab\u00e3o - Edivaldo Montanheri", "texto_original": "http://sapl.ivaipora.pr.leg.br/media/sapl/public/materialegislativa/2022/10063/06012025132303arquivo_indicacao_644-2022.pdf", "ementa": "EDIVALDO APARECIDO MONTANHERI, vereador infra-assinado, em pleno exerc\u00edcio de seu mandato parlamentar, vem mui respeitosamente atrav\u00e9s dessa Presid\u00eancia, INDICAR ao Senhor Prefeito Municipal, que por meio do Departamento competente providencie a coloca\u00e7\u00e3o de uma mureta de prote\u00e7\u00e3o (Guard Rail), antes do Bar Pindauva (sentido do Jacutinga para Ivaipor\u00e3), na curva da rodovia Nicolau Koltun no Distrito do Jacutinga."}, {"id": "10064", "ano": "2022", "numero": "645", "tipo__sigla": "IND", "tipo__descricao": "Indica\u00e7\u00e3o", "autoria": "Carniato", "texto_original": "http://sapl.ivaipora.pr.leg.br/media/sapl/public/materialegislativa/2022/10064/06012025132412arquivo_indicacao_645-2022.pdf", "ementa": "JOS\u00c9 MAURINO CARNIATO, vereador infra-assinado, em pleno exerc\u00edcio de seu mandato parlamentar, vem mui respeitosamente atrav\u00e9s dessa Presid\u00eancia, INDICAR ao Senhor Prefeito, que por meio do Departamento Competente, analise e providencie a substitui\u00e7\u00e3o da tampa da boca de lobo que est\u00e1 quebra, na rotat\u00f3ria da Av. Ladislao Gil Fernandez."}, {"id": "10065", "ano": "2022", "numero": "646", "tipo__sigla": "IND", "tipo__descricao": "Indica\u00e7\u00e3o", "autoria": "Carniato", "texto_original": "http://sapl.ivaipora.pr.leg.br/media/sapl/public/materialegislativa/2022/10065/06012025132514arquivo_indicacao_646-2022.pdf", "ementa": "JOS\u00c9 MAURINO CARNIATO, vereador infra-assinado, em pleno exerc\u00edcio de seu mandato parlamentar, vem mui respeitosamente atrav\u00e9s dessa Presid\u00eancia, INDICAR ao Senhor Prefeito, que por meio do Departamento Competente, analise e providencie a limpeza da boca de lobo em frente \u00e0 Escola Municipal Leila Dinis, na Rua Tamandar\u00e9 \u2013 Jardim Aeroporto."}, {"id": "10066", "ano": "2022", "numero": "647", "tipo__sigla": "IND", "tipo__descricao": "Indica\u00e7\u00e3o", "autoria": "Josane Disner", "texto_original": "http://sapl.ivaipora.pr.leg.br/media/sapl/public/materialegislativa/2022/10066/06012025132610arquivo_indicacao_647-2022.pdf", "ementa": "JOSANE GORETE DISNER TEIXEIRA, vereadora infra-assinado, em pleno exerc\u00edcio de seu mandato parlamentar, vem mui respeitosamente atrav\u00e9s dessa Presid\u00eancia, INDICAR ao Senhor Prefeito Municipal, que providencie com urg\u00eancia a reforma do CMEI - Odete Brasil, na Vila Nova Por\u00e3."}, {"id": "10067", "ano": "2022", "numero": "648", "tipo__sigla": "IND", "tipo__descricao": "Indica\u00e7\u00e3o", "autoria": "Fio Bertotti", "texto_original": "http://sapl.ivaipora.pr.leg.br/media/sapl/public/materialegislativa/2022/10067/06012025132711arquivo_indicacao_648-2022.pdf", "ementa": "EMERSON DA SILVA BERTOTTI, vereador infra-assinado, em pleno exerc\u00edcio de seu mandato parlamentar, vem mui respeitosamente atrav\u00e9s dessa Presid\u00eancia, INDICAR ao Senhor Prefeito Municipal Luiz Carlos Gil, que por meio do Departamento Competente, providencie melhorias no cal\u00e7amento da rua Ivaipor\u00e3, no Distrito de Alto Por\u00e3, pois em dias de chuva causa transtornos aos moradores."}, {"id": "10068", "ano": "2022", "numero": "649", "tipo__sigla": "IND", "tipo__descricao": "Indica\u00e7\u00e3o", "autoria": "Fio Bertotti", "texto_original": "http://sapl.ivaipora.pr.leg.br/media/sapl/public/materialegislativa/2022/10068/06012025132803arquivo_indicacao_649-2022.pdf", "ementa": "EMERSON DA SILVA BERTOTTI, vereador infra-assinado, em pleno exerc\u00edcio de seu mandato parlamentar, vem mui respeitosamente atrav\u00e9s dessa Presid\u00eancia, INDICAR ao Senhor Prefeito Municipal Luiz Carlos Gil, que por meio do Departamento de Competente, providencie a coloca\u00e7\u00e3o de pedras irregulares na rua Barbosa Ferraz, na Vila Betel, pr\u00f3ximo ao conjunto Mour\u00e3o Filho."}, {"id": "10069", "ano": "2022", "numero": "650", "tipo__sigla": "IND", "tipo__descricao": "Indica\u00e7\u00e3o", "autoria": "Z\u00e9 Maria", "texto_original": "http://sapl.ivaipora.pr.leg.br/media/sapl/public/materialegislativa/2022/10069/06012025132856arquivo_indicacao_650-2022.pdf", "ementa": "JOSE MARIA CARNEIRO, vereador infra-assinado, em pleno exerc\u00edcio de seu mandato parlamentar, vem mui respeitosamente atrav\u00e9s dessa Presid\u00eancia, INDICAR ao Senhor Prefeito Municipal, que por meio do Departamento competente que fa\u00e7a um redutor de velocidade na Rua Ascanio Mendon\u00e7a pr\u00f3ximo ao n\u00ba 530 vila nova Por\u00e3."}, {"id": "10070", "ano": "2022", "numero": "651", "tipo__sigla": "IND", "tipo__descricao": "Indica\u00e7\u00e3o", "autoria": "Gertrudes", "texto_original": "http://sapl.ivaipora.pr.leg.br/media/sapl/public/materialegislativa/2022/10070/06012025133041arquivo_indicacao_651-2022.pdf", "ementa": "GERTRUDES BERNARDY, Presidente do Legislativo e vereadora infra-assinado, em pleno exerc\u00edcio de seu mandato parlamentar, vem mui respeitosamente atrav\u00e9s dessa Presid\u00eancia, INDICAR ao Senhor Prefeito Municipal Luiz Carlos Gil, que por meio do Departamento Competente, providencie a coloca\u00e7\u00e3o de placas indicativas no Caminho de Jesus das Santas Chagas, para facilitar a rota dos fi\u00e9is."}, {"id": "10071", "ano": "2022", "numero": "652", "tipo__sigla": "IND", "tipo__descricao": "Indica\u00e7\u00e3o", "autoria": "Gertrudes", "texto_original": "http://sapl.ivaipora.pr.leg.br/media/sapl/public/materialegislativa/2022/10071/06012025133212arquivo_indicacao_652-2022.pdf", "ementa": "GERTRUDES BERNARDY, Presidente do Legislativo e vereadora infra-assinado, em pleno exerc\u00edcio de seu mandato parlamentar, vem mui respeitosamente atrav\u00e9s dessa Presid\u00eancia, INDICAR ao Senhor Prefeito Municipal Luiz Carlos Gil, que por meio do Departamento Competente seja implementada coberturas nos corredores de acesso do port\u00e3o ao p\u00e1tio das escolas e CMEIS municipais que ainda n\u00e3o possui, para que os estudantes, professores e servidores entrem e saiam protegidos em dias chuvosos."}, {"id": "10072", "ano": "2022", "numero": "653", "tipo__sigla": "IND", "tipo__descricao": "Indica\u00e7\u00e3o", "autoria": "Gertrudes", "texto_original": "http://sapl.ivaipora.pr.leg.br/media/sapl/public/materialegislativa/2022/10072/06012025133454arquivo_indicacao_653-2022.pdf", "ementa": "GERTRUDES BERNARDY, Presidente do Legislativo e vereadora infra-assinado, em pleno exerc\u00edcio de seu mandato parlamentar, vem mui respeitosamente atrav\u00e9s dessa Presid\u00eancia, INDICAR ao Senhor Prefeito Municipal Luiz Carlos Gil, que por meio do Departamento Competente seja estudada a possibilidade de usar drones para averiguar focos de aedes aegypti em locais onde a vigil\u00e2ncia sanit\u00e1ria n\u00e3o consegue adentrar, como com\u00e9rcios e casas fechadas."}, {"id": "10073", "ano": "2022", "numero": "654", "tipo__sigla": "IND", "tipo__descricao": "Indica\u00e7\u00e3o", "autoria": "Gertrudes", "texto_original": "http://sapl.ivaipora.pr.leg.br/media/sapl/public/materialegislativa/2022/10073/06012025133615arquivo_indicacao_654-2022.pdf", "ementa": "GERTRUDES BERNARDY, Presidente do Legislativo e vereadora infra-assinado, em pleno exerc\u00edcio de seu mandato parlamentar, vem mui respeitosamente atrav\u00e9s dessa Presid\u00eancia, INDICAR ao Senhor Prefeito Municipal Luiz Carlos Gil, que por meio do Departamento Competente seja estudada a possibilidade de um espa\u00e7o para que seja implantado o projeto Poliniza Paran\u00e1 - Jardins de Mel, que promove a cria\u00e7\u00e3o de abelhas nativas, sem ferr\u00e3o, respons\u00e1veis pela poliniza\u00e7\u00e3o de cerca de 90% das plantas brasileiras. O foco \u00e9 divulgar a implanta\u00e7\u00e3o de colmeias como ferramenta de educa\u00e7\u00e3o ambiental, mostrando a import\u00e2ncia e os benef\u00edcios dos servi\u00e7os ecossist\u00eamicos prestados pelos insetos, sem contar que muitos est\u00e3o amea\u00e7ados de extin\u00e7\u00e3o. O ideal \u00e9 que as crian\u00e7as sejam envolvidas nesse projeto para que elas j\u00e1 cres\u00e7am com a consci\u00eancia de cuidados com o meio ambiente. A reintrodu\u00e7\u00e3o das abelhas nativas \u00e9 importante, pois a poliniza\u00e7\u00e3o \u00e9 o processo que garante a produ\u00e7\u00e3o de frutos e sementes, al\u00e9m da rep"}, {"id": "10074", "ano": "2022", "numero": "655", "tipo__sigla": "IND", "tipo__descricao": "Indica\u00e7\u00e3o", "autoria": "Jaffer Ferreira", "texto_original": "http://sapl.ivaipora.pr.leg.br/media/sapl/public/materialegislativa/2022/10074/06012025133755arquivo_indicacao_655-2022.pdf", "ementa": "JAFFER G. SAGANSKI FERREIRA, vereador infra-assinado, em pleno exerc\u00edcio de seu mandato parlamentar, vem mui respeitosamente atrav\u00e9s dessa Presid\u00eancia, INDICAR ao Senhor Prefeito Municipal, para que determine ao Departamento competente, tomar provid\u00eancias acerca da prote\u00e7\u00e3o, acolhimento e cuidados com os c\u00e3es e gatos em situa\u00e7\u00e3o de abandono em nossa cidade"}, {"id": "10075", "ano": "2022", "numero": "656", "tipo__sigla": "IND", "tipo__descricao": "Indica\u00e7\u00e3o", "autoria": "Jaffer Ferreira", "texto_original": "http://sapl.ivaipora.pr.leg.br/media/sapl/public/materialegislativa/2022/10075/06012025133921arquivo_indicacao_656-2022.pdf", "ementa": "JAFFER G. SAGANSKI FERREIRA, vereador infra-assinado, em pleno exerc\u00edcio de seu mandato parlamentar, vem mui respeitosamente atrav\u00e9s dessa Presid\u00eancia, INDICAR ao Senhor Prefeito Municipal, para que veja a possibilidade de mudar o local onde o helic\u00f3ptero pousa, pois ali na faculdade n\u00e3o \u00e9 apropriado, sugiro fazer um estudo para construir um Heliponto hospitalar nas proximidades do Hospital Regional para dar mais seguran\u00e7a ao nossos mun\u00edcipes de Ivaipor\u00e3"}, {"id": "10076", "ano": "2022", "numero": "657", "tipo__sigla": "IND", "tipo__descricao": "Indica\u00e7\u00e3o", "autoria": "Jaffer Ferreira", "texto_original": "http://sapl.ivaipora.pr.leg.br/media/sapl/public/materialegislativa/2022/10076/06012025134017arquivo_indicacao_657-2022.pdf", "ementa": "JAFFER G. SAGANSKI FERREIRA, vereador infra-assinado, em pleno exerc\u00edcio de seu mandato parlamentar, vem mui respeitosamente atrav\u00e9s dessa Presid\u00eancia, INDICAR ao Senhor Prefeito Municipal, para que determine ao Departamento competente, que coloque placas de sinaliza\u00e7\u00e3o de animais onde se fizer necess\u00e1rio em nosso munic\u00edpio."}, {"id": "10077", "ano": "2022", "numero": "658", "tipo__sigla": "IND", "tipo__descricao": "Indica\u00e7\u00e3o", "autoria": "Jaffer Ferreira", "texto_original": "http://sapl.ivaipora.pr.leg.br/media/sapl/public/materialegislativa/2022/10077/06012025134113arquivo_indicacao_658-2022.pdf", "ementa": "JAFFER G. SAGANSKI FERREIRA, vereador infra-assinado, em pleno exerc\u00edcio de seu mandato parlamentar, vem mui respeitosamente atrav\u00e9s dessa Presid\u00eancia, INDICAR ao Senhor Prefeito Municipal, para que determine ao Departamento competente, que providencie uma tampa para colocar nesse buraco em frente a UBS Santo Ant\u00f4nio pois esta perigoso, algu\u00e9m pode se machucar. (fotos em anexa)."}, {"id": "10078", "ano": "2022", "numero": "659", "tipo__sigla": "IND", "tipo__descricao": "Indica\u00e7\u00e3o", "autoria": "Fio Bertotti", "texto_original": "http://sapl.ivaipora.pr.leg.br/media/sapl/public/materialegislativa/2022/10078/06012025134408arquivo_indicacao_659-2022.pdf", "ementa": "EMERSON DA SILVA BERTOTTI, vereador infra-assinado, em pleno exerc\u00edcio de seu mandato parlamentar, vem mui respeitosamente atrav\u00e9s dessa Presid\u00eancia, INDICAR ao Senhor Prefeito Municipal Luiz Carlos Gil, que por meio do Departamento Competente, providencie melhorias na galeria pluvial da Rua Araras, pr\u00f3ximo a Col\u00f4nia da Prefeitura"}, {"id": "10079", "ano": "2022", "numero": "660", "tipo__sigla": "IND", "tipo__descricao": "Indica\u00e7\u00e3o", "autoria": "Fio Bertotti", "texto_original": "http://sapl.ivaipora.pr.leg.br/media/sapl/public/materialegislativa/2022/10079/06012025134514arquivo_indicacao_660-2022.pdf", "ementa": "EMERSON DA SILVA BERTOTTI, vereador infra-assinado, em pleno exerc\u00edcio de seu mandato parlamentar, vem mui respeitosamente atrav\u00e9s dessa Presid\u00eancia, INDICAR ao Senhor Prefeito Municipal Luiz Carlos Gil, que por meio do Departamento de Competente, providencie recape asf\u00e1ltico sobre a pedra irregular na Rua Copacabana, no Jardim Guanabara I."}, {"id": "10080", "ano": "2022", "numero": "661", "tipo__sigla": "IND", "tipo__descricao": "Indica\u00e7\u00e3o", "autoria": "Fio Bertotti", "texto_original": "http://sapl.ivaipora.pr.leg.br/media/sapl/public/materialegislativa/2022/10080/06012025134605arquivo_indicacao_661-2022.pdf", "ementa": "EMERSON DA SILVA BERTOTTI, vereador infra-assinado, em pleno exerc\u00edcio de seu mandato parlamentar, vem mui respeitosamente atrav\u00e9s dessa Presid\u00eancia, INDICAR ao Senhor Prefeito Municipal Luiz Carlos Gil, que por meio do Departamento competente, providencie a manuten\u00e7\u00e3o com patrolamento e cascalhamento da estrada que d\u00e1 acesso a comunidade do Alto S\u00e3o Luiz, melhorando o trafego e o escoamento dos produtos agr\u00edcolas."}, {"id": "10081", "ano": "2022", "numero": "662", "tipo__sigla": "IND", "tipo__descricao": "Indica\u00e7\u00e3o", "autoria": "Gertrudes", "texto_original": "http://sapl.ivaipora.pr.leg.br/media/sapl/public/materialegislativa/2022/10081/06012025135025arquivo_indicacao_662-2022.pdf", "ementa": "GERTRUDES BERNARDY, Presidente do Legislativo e vereadora infra-assinado, em pleno exerc\u00edcio de seu mandato parlamentar, vem mui respeitosamente atrav\u00e9s dessa Presid\u00eancia, INDICAR ao Senhor Prefeito Municipal Luiz Carlos Gil, que por meio do Departamento Competente, para que seja concertado os banheiros da quadra do Distrito do Jacutinga."}, {"id": "10082", "ano": "2022", "numero": "663", "tipo__sigla": "IND", "tipo__descricao": "Indica\u00e7\u00e3o", "autoria": "Gertrudes", "texto_original": "http://sapl.ivaipora.pr.leg.br/media/sapl/public/materialegislativa/2022/10082/06012025135206arquivo_indicacao_663-2022.pdf", "ementa": "GERTRUDES BERNARDY, Presidente do Legislativo e vereadora infra-assinado, em pleno exerc\u00edcio de seu mandato parlamentar, vem mui respeitosamente atrav\u00e9s dessa Presid\u00eancia, INDICAR ao Senhor Prefeito Municipal Luiz Carlos Gil, que por meio do Departamento Competente, que analise a possibilidade de construir rampa de acessibilidade no Centro Cultural, e de mais locais onde se faz necess\u00e1rio."}, {"id": "10083", "ano": "2022", "numero": "664", "tipo__sigla": "IND", "tipo__descricao": "Indica\u00e7\u00e3o", "autoria": "Josane Disner", "texto_original": "http://sapl.ivaipora.pr.leg.br/media/sapl/public/materialegislativa/2022/10083/06012025135328arquivo_indicacao_664-2022.pdf", "ementa": "JOSANE GORETE DISNER TEIXEIRA, vereadora infra-assinado, em pleno exerc\u00edcio de seu mandato parlamentar, vem mui respeitosamente atrav\u00e9s dessa Presid\u00eancia, INDICAR ao Senhor Prefeito Municipal, que providencie um estudo para aumentar o numero de vagas de estacionamento em frente a APAE, garantindo assim maior acessibilidade aos usu\u00e1rios, pais, e professores que ali frequentam."}, {"id": "10084", "ano": "2022", "numero": "665", "tipo__sigla": "IND", "tipo__descricao": "Indica\u00e7\u00e3o", "autoria": "Fio Bertotti", "texto_original": "http://sapl.ivaipora.pr.leg.br/media/sapl/public/materialegislativa/2022/10084/06012025135406arquivo_indicacao_665-2022.pdf", "ementa": "EMERSON DA SILVA BERTOTTI, vereador infra-assinado, em pleno exerc\u00edcio de seu mandato parlamentar, vem mui respeitosamente atrav\u00e9s dessa Presid\u00eancia, INDICAR ao Senhor Prefeito Municipal Luiz Carlos Gil, que por meio do Departamento de competente, providencie a limpeza das caixas de contens\u00e3o de agua nas ruas da comunidade da vila rural, com as fortes chuvas elas encheram de terra, causando transtornos aos moradores."}, {"id": "10085", "ano": "2022", "numero": "666", "tipo__sigla": "IND", "tipo__descricao": "Indica\u00e7\u00e3o", "autoria": "Carniato", "texto_original": "http://sapl.ivaipora.pr.leg.br/media/sapl/public/materialegislativa/2022/10085/06012025140441arquivo_indicacao_666-2022.pdf", "ementa": "JOS\u00c9 MAURINO CARNIATO, vereador infra-assinado, em pleno exerc\u00edcio de seu mandato parlamentar, vem mui respeitosamente atrav\u00e9s dessa Presid\u00eancia, INDICAR ao Senhor Prefeito, que por meio do Departamento Competente, providencie o corte de quatro \u00e1rvores, sendo tr\u00eas totalmente secas, nos seguintes endere\u00e7os: 1 - Rua Cear\u00e1, uma ao lado do n\u00famero 3705 e a outra em frente ao n\u00famero 3961. 2 \u2013 Posto de Sa\u00fade Central \u2013 em frente a farm\u00e1cia; 3 \u2013 Rua Jos\u00e9 Bonif\u00e1cio, n\u00ba 170 \u2013 Vila Jo\u00e3o XXIII."}, {"id": "10086", "ano": "2022", "numero": "667", "tipo__sigla": "IND", "tipo__descricao": "Indica\u00e7\u00e3o", "autoria": "Nando Dorta", "texto_original": "http://sapl.ivaipora.pr.leg.br/media/sapl/public/materialegislativa/2022/10086/06012025140910arquivo_indicacao_667-2022.pdf", "ementa": "FERNANDO RODRIGUES DORTA, vereador infra-assinado, em pleno exerc\u00edcio de seu mandato parlamentar, vem mui respeitosamente atrav\u00e9s dessa Presid\u00eancia, INDICAR ao Senhor Prefeito Municipal, que por meio do Departamento competente, , providencie a revitaliza\u00e7\u00e3o completa da Pra\u00e7a do Jardim Europa"}, {"id": "10087", "ano": "2022", "numero": "668", "tipo__sigla": "IND", "tipo__descricao": "Indica\u00e7\u00e3o", "autoria": "Jaffer Ferreira", "texto_original": "http://sapl.ivaipora.pr.leg.br/media/sapl/public/materialegislativa/2022/10087/06012025141029arquivo_indicacao_668-2022.pdf", "ementa": "JAFFER G. SAGANSKI FERREIRA, vereador infra-assinado, em pleno exerc\u00edcio de seu mandato parlamentar, vem mui respeitosamente atrav\u00e9s dessa Presid\u00eancia, INDICAR ao Senhor Prefeito Municipal, para que veja a possibilidade de fazer Coloca\u00e7\u00e3o de faixa e placa de Carga e Descarga em frente \u00e0 o n\u00ba1349 avenida Paran\u00e1."}, {"id": "10088", "ano": "2022", "numero": "669", "tipo__sigla": "IND", "tipo__descricao": "Indica\u00e7\u00e3o", "autoria": "Jaffer Ferreira", "texto_original": "http://sapl.ivaipora.pr.leg.br/media/sapl/public/materialegislativa/2022/10088/06012025141158arquivo_indicacao_669-2022.pdf", "ementa": "JAFFER G. SAGANSKI FERREIRA, vereador infra-assinado, em pleno exerc\u00edcio de seu mandato parlamentar, vem mui respeitosamente atrav\u00e9s dessa Presid\u00eancia, INDICAR ao Senhor Prefeito Municipal, que por meio do departamento competente, um recape asf\u00e1ltico na Rua Rio Grande do Norte no trecho da Avenida Brasil com a Avenida Para\u00edba centro."}, {"id": "10089", "ano": "2022", "numero": "670", "tipo__sigla": "IND", "tipo__descricao": "Indica\u00e7\u00e3o", "autoria": "Fio Bertotti", "texto_original": "http://sapl.ivaipora.pr.leg.br/media/sapl/public/materialegislativa/2022/10089/06012025141315arquivo_indicacao_670-2022.pdf", "ementa": "EMERSON DA SILVA BERTOTTI, vereador infra-assinado, em pleno exerc\u00edcio de seu mandato parlamentar, vem mui respeitosamente atrav\u00e9s dessa Presid\u00eancia, INDICAR ao Senhor Prefeito Municipal Luiz Carlos Gil, que por meio do Departamento Competente, providencie reforma e manuten\u00e7\u00e3o com pintura e paisagismo da parte externa da Rodovi\u00e1ria."}, {"id": "10090", "ano": "2022", "numero": "671", "tipo__sigla": "IND", "tipo__descricao": "Indica\u00e7\u00e3o", "autoria": "Fio Bertotti", "texto_original": "http://sapl.ivaipora.pr.leg.br/media/sapl/public/materialegislativa/2022/10090/06012025141436arquivo_indicacao_671-2022.pdf", "ementa": "EMERSON DA SILVA BERTOTTI, vereador infra-assinado, em pleno exerc\u00edcio de seu mandato parlamentar, vem mui respeitosamente atrav\u00e9s dessa Presid\u00eancia, INDICAR ao Senhor Prefeito Municipal Luiz Carlos Gil, que por meio do Departamento de Competente, providencie a constru\u00e7\u00e3o de uma pra\u00e7a de lazer no espa\u00e7o vago do cruzamento das ruas Ministro Aramis Athaide com Travessa Nilson Ribas, no conjunto Mour\u00e3o Filho. foto em anexo;"}, {"id": "10091", "ano": "2022", "numero": "672", "tipo__sigla": "IND", "tipo__descricao": "Indica\u00e7\u00e3o", "autoria": "Fio Bertotti", "texto_original": "http://sapl.ivaipora.pr.leg.br/media/sapl/public/materialegislativa/2022/10091/06012025141530arquivo_indicacao_672-2022.pdf", "ementa": "EMERSON DA SILVA BERTOTTI, vereador infra-assinado, em pleno exerc\u00edcio de seu mandato parlamentar, vem mui respeitosamente atrav\u00e9s dessa Presid\u00eancia, INDICAR ao Senhor Prefeito Municipal Luiz Carlos Gil, que por meio do Departamento competente, providencie a coloca\u00e7\u00e3o de m\u00e3o \u00fanica na Rua Arnoldo Schmidt (antiga rua arapongas), cruzamento com Avenida Souza Naves, pr\u00f3ximo aos Correios, por ser uma ruma muito \u00edngreme dificulta a vis\u00e3o, e assim podendo evitar acidentes."}, {"id": "10092", "ano": "2022", "numero": "673", "tipo__sigla": "IND", "tipo__descricao": "Indica\u00e7\u00e3o", "autoria": "Z\u00e9 Maria", "texto_original": "http://sapl.ivaipora.pr.leg.br/media/sapl/public/materialegislativa/2022/10092/06012025141658arquivo_indicacao_673-2022.pdf", "ementa": "JOSE MARIA CARNEIRO, vereador infra-assinado, em pleno exerc\u00edcio de seu mandato parlamentar, vem mui respeitosamente atrav\u00e9s dessa Presid\u00eancia, INDICAR ao Senhor Prefeito Municipal, que por meio do Departamento competente que fa\u00e7a um ponto de \u00f4nibus cobertura na Rua alvorada esquina com a rua Guanabara em frente bar do Galego. Jardim Alvorada."}, {"id": "10093", "ano": "2022", "numero": "674", "tipo__sigla": "IND", "tipo__descricao": "Indica\u00e7\u00e3o", "autoria": "Sab\u00e3o - Edivaldo Montanheri", "texto_original": "http://sapl.ivaipora.pr.leg.br/media/sapl/public/materialegislativa/2022/10093/06012025141758arquivo_indicacao_674-2022.pdf", "ementa": "EDIVALDO APARECIDO MONTANHERI, vereador infra-assinado, em pleno exerc\u00edcio de seu mandato parlamentar, vem mui respeitosamente atrav\u00e9s dessa Presid\u00eancia, INDICAR ao Senhor Prefeito Municipal, que por meio do Departamento competente, que realize o tapa-buraco na rua Sertan\u00f3polis."}, {"id": "10094", "ano": "2022", "numero": "675", "tipo__sigla": "IND", "tipo__descricao": "Indica\u00e7\u00e3o", "autoria": "Carniato", "texto_original": "http://sapl.ivaipora.pr.leg.br/media/sapl/public/materialegislativa/2022/10094/06012025141931arquivo_indicacao_675-2022.pdf", "ementa": "JOS\u00c9 MAURINO CARNIATO, vereador infra-assinado, em pleno exerc\u00edcio de seu mandato parlamentar, vem mui respeitosamente atrav\u00e9s dessa Presid\u00eancia, INDICAR ao Senhor Prefeito, que por meio do Departamento Competente, providencie jardinagem nos canteiros da Pra\u00e7a Fran\u00e7a, realizando poda das roseiras e plantio de flores da esta\u00e7\u00e3o, valorizando a beleza do cart\u00e3o postal de nossa cidade."}, {"id": "10095", "ano": "2022", "numero": "676", "tipo__sigla": "IND", "tipo__descricao": "Indica\u00e7\u00e3o", "autoria": "Carniato", "texto_original": "http://sapl.ivaipora.pr.leg.br/media/sapl/public/materialegislativa/2022/10095/06012025142052arquivo_indicacao_676-2022.pdf", "ementa": "JOS\u00c9 MAURINO CARNIATO, vereador infra-assinado, em pleno exerc\u00edcio de seu mandato parlamentar, vem mui respeitosamente atrav\u00e9s dessa Presid\u00eancia, INDICAR ao Senhor Prefeito, que por meio do Departamento Competente, providencie na canaliza\u00e7\u00e3o das \u00e1guas das chuvas no terreno no final da Rua Augusto Urbanki, descendo pela Rua Faxinal. Pr\u00f3ximo ao Coma Bem. Nesse local h\u00e1 um paciente acamado que precisa com frequ\u00eancia do transporte pela ambul\u00e2ncia do munic\u00edpio e, nas condi\u00e7\u00f5es que se encontra essa passagem \u00e9 imposs\u00edvel que se chegue na sua resid\u00eancia"}, {"id": "10096", "ano": "2022", "numero": "677", "tipo__sigla": "IND", "tipo__descricao": "Indica\u00e7\u00e3o", "autoria": "Josane Disner", "texto_original": "http://sapl.ivaipora.pr.leg.br/media/sapl/public/materialegislativa/2022/10096/06012025142220arquivo_indicacao_677-2022.pdf", "ementa": "JOSANE GORETE DISNER TEIXEIRA, vereadora infra-assinado, em pleno exerc\u00edcio de seu mandato parlamentar, vem mui respeitosamente atrav\u00e9s dessa Presid\u00eancia, INDICAR ao Senhor Prefeito Municipal, que providencie junto ao departamento competente a troca da tampa do bueiro na Rua: Cornelio Proc\u00f3pio n\u00ba 180, no estabelecimento \u201cMercado Novo Ponto\u201d Centro."}, {"id": "10097", "ano": "2022", "numero": "678", "tipo__sigla": "IND", "tipo__descricao": "Indica\u00e7\u00e3o", "autoria": "Josane Disner", "texto_original": "http://sapl.ivaipora.pr.leg.br/media/sapl/public/materialegislativa/2022/10097/06012025142400arquivo_indicacao_678-2022.pdf", "ementa": "JOSANE GORETE DISNER TEIXEIRA, vereadora infra-assinado, em pleno exerc\u00edcio de seu mandato parlamentar, vem mui respeitosamente atrav\u00e9s dessa Presid\u00eancia, INDICAR ao Senhor Prefeito Municipal, que providencie junto ao departamento competente a coloca\u00e7\u00e3o de cascalho seguindo a Rua: Umuarama em sentido ao Jardim Paran\u00e1."}, {"id": "10098", "ano": "2022", "numero": "679", "tipo__sigla": "IND", "tipo__descricao": "Indica\u00e7\u00e3o", "autoria": "Josane Disner", "texto_original": "http://sapl.ivaipora.pr.leg.br/media/sapl/public/materialegislativa/2022/10098/06012025142511arquivo_indicacao_679-2022.pdf", "ementa": "JOSANE GORETE DISNER TEIXEIRA, vereadora infra-assinado, em pleno exerc\u00edcio de seu mandato parlamentar, vem mui respeitosamente atrav\u00e9s dessa Presid\u00eancia, INDICAR ao Senhor Prefeito Municipal, que providencie um estudo para a constru\u00e7\u00e3o de bancos no canteiro da Avenida Tancredo Neves em frente a Clinica \u00c1pice"}, {"id": "10099", "ano": "2022", "numero": "680", "tipo__sigla": "IND", "tipo__descricao": "Indica\u00e7\u00e3o", "autoria": "Fio Bertotti, Josane Disner", "texto_original": "http://sapl.ivaipora.pr.leg.br/media/sapl/public/materialegislativa/2022/10099/06012025142634arquivo_indicacao_680-2022.pdf", "ementa": "JOSANE GORETE DISNER TEIXEIRA, vereadora infra-assinado, em pleno exerc\u00edcio de seu mandato parlamentar, vem mui respeitosamente atrav\u00e9s dessa Presid\u00eancia, INDICAR ao Senhor Prefeito Municipal, que providencie a contrata\u00e7\u00e3o de auxiliares em sala de aula para alunos com diagn\u00f3sticos de T.E.A. (Transtorno do Espectro Autista)."}, {"id": "10100", "ano": "2022", "numero": "681", "tipo__sigla": "IND", "tipo__descricao": "Indica\u00e7\u00e3o", "autoria": "Josane Disner", "texto_original": "http://sapl.ivaipora.pr.leg.br/media/sapl/public/materialegislativa/2022/10100/06012025143736arquivo_indicacao_681-2022.pdf", "ementa": "JOSANE GORETE DISNER TEIXEIRA, vereadora infra-assinado, em pleno exerc\u00edcio de seu mandato parlamentar, vem mui respeitosamente atrav\u00e9s dessa Presid\u00eancia, INDICAR ao Senhor Prefeito Municipal, que providencie um transporte exclusivo para as pessoas em tratamento de c\u00e2ncer em outras cidades."}, {"id": "10101", "ano": "2022", "numero": "682", "tipo__sigla": "IND", "tipo__descricao": "Indica\u00e7\u00e3o", "autoria": "Gertrudes", "texto_original": "http://sapl.ivaipora.pr.leg.br/media/sapl/public/materialegislativa/2022/10101/06012025143849arquivo_indicacao_682-2022.pdf", "ementa": "GERTRUDES BERNARDY, Presidente do Legislativo e vereadora infra-assinado, em pleno exerc\u00edcio de seu mandato parlamentar, vem mui respeitosamente atrav\u00e9s dessa Presid\u00eancia, INDICAR ao Senhor Prefeito Municipal Luiz Carlos Gil, que por meio do Departamento Competente, que analise o pedido dos moradores do final da avenida Brasil pr\u00f3ximo ao Jardim Itaipu, o recape asf\u00e1ltico na localidade, devido a buracos e pedras soltas no local trazendo risco de acidente."}, {"id": "10102", "ano": "2022", "numero": "683", "tipo__sigla": "IND", "tipo__descricao": "Indica\u00e7\u00e3o", "autoria": "Gertrudes", "texto_original": "http://sapl.ivaipora.pr.leg.br/media/sapl/public/materialegislativa/2022/10102/06012025143939arquivo_indicacao_683-2022.pdf", "ementa": "GERTRUDES BERNARDY, Presidente do Legislativo e vereadora infra-assinado, em pleno exerc\u00edcio de seu mandato parlamentar, vem mui respeitosamente atrav\u00e9s dessa Presid\u00eancia, INDICAR ao Senhor Prefeito Municipal Luiz Carlos Gil, que por meio do Departamento Competente, que an\u00e1lise a possibilidade de cria\u00e7\u00e3o de pol\u00edticas p\u00fablicas para sanar o problema com ressocializa\u00e7\u00e3o dos moradores de rua, iniciando uma interven\u00e7\u00e3o compuls\u00f3ria com tratamento psiqui\u00e1trico e psicol\u00f3gico com profissionais altamente especializados e capacitados."}, {"id": "10103", "ano": "2022", "numero": "684", "tipo__sigla": "IND", "tipo__descricao": "Indica\u00e7\u00e3o", "autoria": "Josane Disner", "texto_original": "http://sapl.ivaipora.pr.leg.br/media/sapl/public/materialegislativa/2022/10103/06012025144035arquivo_indicacao_684-2022.pdf", "ementa": "JOSANE GORETE DISNER TEIXEIRA, vereadora infra-assinado, em pleno exerc\u00edcio de seu mandato parlamentar, vem mui respeitosamente atrav\u00e9s dessa Presid\u00eancia, INDICAR ao Senhor Prefeito Municipal, que providencie a constru\u00e7\u00e3o de A.T.I, Campo de Bocha no Jardim Paran\u00e1."}, {"id": "10104", "ano": "2022", "numero": "685", "tipo__sigla": "IND", "tipo__descricao": "Indica\u00e7\u00e3o", "autoria": "Jaffer Ferreira", "texto_original": "http://sapl.ivaipora.pr.leg.br/media/sapl/public/materialegislativa/2022/10104/06012025144131arquivo_indicacao_685-2022.pdf", "ementa": "JAFFER G. SAGANSKI FERREIRA, vereador infra-assinado, em pleno exerc\u00edcio de seu mandato parlamentar, vem mui respeitosamente atrav\u00e9s dessa Presid\u00eancia, INDICAR ao Senhor Prefeito Municipal, para que determine ao Departamento competente, refa\u00e7a as caixas de agua da Estrada do Ouro Verde - Km 1 que liga o trecho da cidade at\u00e9 a rodovia br 466. Conforme fotos anexo."}, {"id": "10105", "ano": "2022", "numero": "686", "tipo__sigla": "IND", "tipo__descricao": "Indica\u00e7\u00e3o", "autoria": "Jaffer Ferreira", "texto_original": "http://sapl.ivaipora.pr.leg.br/media/sapl/public/materialegislativa/2022/10105/06012025144759arquivo_indicacao_686-2022.pdf", "ementa": "JAFFER G. SAGANSKI FERREIRA, vereador infra-assinado, em pleno exerc\u00edcio de seu mandato parlamentar, vem mui respeitosamente atrav\u00e9s dessa Presid\u00eancia, INDICAR ao Senhor Prefeito Municipal, para que determine ao Departamento competente, que instale televisores nas salas do infantil 2 e 3 no CMEI Nossa Senhora Aparecida."}, {"id": "10106", "ano": "2022", "numero": "687", "tipo__sigla": "IND", "tipo__descricao": "Indica\u00e7\u00e3o", "autoria": "Josane Disner", "texto_original": "http://sapl.ivaipora.pr.leg.br/media/sapl/public/materialegislativa/2022/10106/06012025144918arquivo_indicacao_687-2022.pdf", "ementa": "JOSANE GORETE DISNER TEIXEIRA, vereadora infra-assinado, em pleno exerc\u00edcio de seu mandato parlamentar, vem mui respeitosamente atrav\u00e9s dessa Presid\u00eancia, INDICAR ao Senhor Prefeito Municipal, que providencie a poda das \u00e1rvores em volta do lago da Vila Residencial de Furnas."}, {"id": "10107", "ano": "2022", "numero": "688", "tipo__sigla": "IND", "tipo__descricao": "Indica\u00e7\u00e3o", "autoria": "Vila Real", "texto_original": "http://sapl.ivaipora.pr.leg.br/media/sapl/public/materialegislativa/2022/10107/06012025145025arquivo_indicacao_688-2022.pdf", "ementa": "ANTONIO VILA REAL, infra-assinado, em pleno exerc\u00edcio de seu mandato parlamentar, vem mui respeitosamente atrav\u00e9s dessa Presid\u00eancia, INDICAR ao Senhor Prefeito Municipal, que por meio do Departamento competente, providencie redutores de velocidade nos dois sentidos da Avenida Maranh\u00e3o, em frente ao n\u00ba 2016 e do n\u00ba 1895, a pedido dos moradores da localidade. Pois no dia 03 de novembro de 2022, um animal foi atropelado, e no dia anterior uma crian\u00e7a quase foi atingida por um ve\u00edculo em alta velocidade."}, {"id": "10108", "ano": "2022", "numero": "689", "tipo__sigla": "IND", "tipo__descricao": "Indica\u00e7\u00e3o", "autoria": "Josane Disner", "texto_original": "http://sapl.ivaipora.pr.leg.br/media/sapl/public/materialegislativa/2022/10108/06012025145222arquivo_indicacao_689-2022.pdf", "ementa": "Analise e providencie a cria\u00e7\u00e3o do Conselho da Mulher no Munic\u00edpio."}, {"id": "10109", "ano": "2022", "numero": "690", "tipo__sigla": "IND", "tipo__descricao": "Indica\u00e7\u00e3o", "autoria": "Carniato", "texto_original": "http://sapl.ivaipora.pr.leg.br/media/sapl/public/materialegislativa/2022/10109/06012025145331arquivo_indicacao_690-2022.pdf", "ementa": "JOS\u00c9 MAURINO CARNIATO, vereador infra-assinado, em pleno exerc\u00edcio de seu mandato parlamentar, vem mui respeitosamente atrav\u00e9s dessa Presid\u00eancia, INDICAR ao Senhor Prefeito Municipal, que por meio do Departamento Competente, que analise e providencie o recape da rua Pol\u00f4nia, no Jardim Europa \u2013 rua que d\u00e1 acesso a 6\u00aa Cia. de Policia Militar."}, {"id": "10110", "ano": "2022", "numero": "691", "tipo__sigla": "IND", "tipo__descricao": "Indica\u00e7\u00e3o", "autoria": "Carniato", "texto_original": "http://sapl.ivaipora.pr.leg.br/media/sapl/public/materialegislativa/2022/10110/06012025145448arquivo_indicacao_691-2022.pdf", "ementa": "JOS\u00c9 MAURINO CARNIATO, vereador infra-assinado, em pleno exerc\u00edcio de seu mandato parlamentar, vem mui respeitosamente atrav\u00e9s dessa Presid\u00eancia, INDICAR ao Senhor Prefeito Municipal, que por meio do Departamento Competente, para que analise e providencie a limpeza e coloca\u00e7\u00e3o da tampa na boca de lobo, localizada na Av. Maranh\u00e3o ao lado da oficina do Jamilson, pr\u00f3ximo ao bar do Carlinho Bomfim."}, {"id": "10111", "ano": "2022", "numero": "692", "tipo__sigla": "IND", "tipo__descricao": "Indica\u00e7\u00e3o", "autoria": "Fio Bertotti", "texto_original": "http://sapl.ivaipora.pr.leg.br/media/sapl/public/materialegislativa/2022/10111/06012025153618arquivo_indicacao_692-2022.pdf", "ementa": "EMERSON DA SILVA BERTOTTI, vereador infra-assinado, em pleno exerc\u00edcio de seu mandato parlamentar, vem mui respeitosamente atrav\u00e9s dessa Presid\u00eancia, INDICAR ao Senhor Prefeito Municipal Luiz Carlos Gil, que por meio do Departamento Competente, providencie um local para implanta\u00e7\u00e3o do projeto ` Meu Campinho\u00b4, no Distrito de Alto Por\u00e3, para incentivar os jovens a pratica de esportes."}, {"id": "10112", "ano": "2022", "numero": "693", "tipo__sigla": "IND", "tipo__descricao": "Indica\u00e7\u00e3o", "autoria": "Fio Bertotti", "texto_original": "http://sapl.ivaipora.pr.leg.br/media/sapl/public/materialegislativa/2022/10112/06012025154750arquivo_indicacao_693-2022.pdf", "ementa": "EMERSON DA SILVA BERTOTTI, vereador infra-assinado, em pleno exerc\u00edcio de seu mandato parlamentar, vem mui respeitosamente atrav\u00e9s dessa Presid\u00eancia, INDICAR ao Senhor Prefeito Municipal Luiz Carlos Gil, que por meio do Departamento de Competente, providencie recape com massa asf\u00e1ltica sobre as pedras irregular na rua G\u00e1vea, no Jardim Guanabara II."}, {"id": "10113", "ano": "2022", "numero": "694", "tipo__sigla": "IND", "tipo__descricao": "Indica\u00e7\u00e3o", "autoria": "Fio Bertotti, Vila Real", "texto_original": "http://sapl.ivaipora.pr.leg.br/media/sapl/public/materialegislativa/2022/10113/06012025154856arquivo_indicacao_694-2022.pdf", "ementa": "EMERSON DA SILVA BERTOTTI, vereador infra-assinado, em pleno exerc\u00edcio de seu mandato parlamentar, vem mui respeitosamente atrav\u00e9s dessa Presid\u00eancia, INDICAR ao Senhor Prefeito Municipal Luiz Carlos Gil, que por meio do Departamento Competente, providencie um local para implanta\u00e7\u00e3o do projeto ` Meu Campinho\u00b4, no Distrito de Alto Por\u00e3, para incentivar os jovens a pratica de esportes."}, {"id": "10114", "ano": "2022", "numero": "695", "tipo__sigla": "IND", "tipo__descricao": "Indica\u00e7\u00e3o", "autoria": "Z\u00e9 Maria", "texto_original": "http://sapl.ivaipora.pr.leg.br/media/sapl/public/materialegislativa/2022/10114/06012025155338arquivo_indicacao_695-2022.pdf", "ementa": "JOS\u00c9 MARIA CARNEIRO, vereador infra-assinado, em pleno exerc\u00edcio de seu mandato parlamentar, vem mui respeitosamente atrav\u00e9s dessa Presid\u00eancia, INDICAR ao Senhor Prefeito Municipal, que por meio do Departamento competente providencie a tampa da boca de lobo na rua Vereador Juarez Cleve esquina com a Rua Ponta Grossa. Fotos em anexo."}, {"id": "10115", "ano": "2022", "numero": "696", "tipo__sigla": "IND", "tipo__descricao": "Indica\u00e7\u00e3o", "autoria": "Josane Disner", "texto_original": "http://sapl.ivaipora.pr.leg.br/media/sapl/public/materialegislativa/2022/10115/06012025155444arquivo_indicacao_696-2022.pdf", "ementa": "JOSANE GORETE DISNER TEIXEIRA, vereadora infra-assinado, em pleno exerc\u00edcio de seu mandato parlamentar, vem mui respeitosamente atrav\u00e9s dessa Presid\u00eancia, INDICAR ao Senhor Prefeito Municipal, que providencie a contrata\u00e7\u00e3o para o CMAE- Centro Municipal de Atendimento Especializado, dos profissionais: Fonoaudi\u00f3logo, Psic\u00f3logo, Terapeuta Ocupacional, Psicopedagoga, Psicomotricista, Musicoterapeuta."}, {"id": "10116", "ano": "2022", "numero": "697", "tipo__sigla": "IND", "tipo__descricao": "Indica\u00e7\u00e3o", "autoria": "Josane Disner", "texto_original": "http://sapl.ivaipora.pr.leg.br/media/sapl/public/materialegislativa/2022/10116/06012025155849arquivo_indicacao_697-2022.pdf", "ementa": "JOSANE GORETE DISNER TEIXEIRA, vereadora infra-assinado, em pleno exerc\u00edcio de seu mandato parlamentar, vem mui respeitosamente atrav\u00e9s dessa Presid\u00eancia, INDICAR ao Senhor Prefeito Municipal, que providencie o recape asf\u00e1ltico na Av: Tancredo Neves do n\u00ba 2.590 at\u00e9 ao Mercado Novo Ponto."}, {"id": "10117", "ano": "2022", "numero": "698", "tipo__sigla": "IND", "tipo__descricao": "Indica\u00e7\u00e3o", "autoria": "Jaffer Ferreira", "texto_original": "http://sapl.ivaipora.pr.leg.br/media/sapl/public/materialegislativa/2022/10117/06012025155955arquivo_indicacao_698-2022.pdf", "ementa": "JAFFER G. SAGANSKI FERREIRA, vereador infra-assinado, em pleno exerc\u00edcio de seu mandato parlamentar, vem mui respeitosamente atrav\u00e9s dessa Presid\u00eancia, INDICAR ao Senhor Prefeito Municipal, para que veja a possibilidade de fazer Coloca\u00e7\u00e3o de faixa e placa de Carga e Descarga em frente \u00e0 o n\u00ba305 Avenida Apar\u00edcio Bitencourt centro apedido dos comerciantes dessa localidade."}, {"id": "10118", "ano": "2022", "numero": "699", "tipo__sigla": "IND", "tipo__descricao": "Indica\u00e7\u00e3o", "autoria": "Jaffer Ferreira", "texto_original": "http://sapl.ivaipora.pr.leg.br/media/sapl/public/materialegislativa/2022/10118/06012025160035arquivo_indicacao_699-2022.pdf", "ementa": "JAFFER G. SAGANSKI FERREIRA, vereador infra-assinado, em pleno exerc\u00edcio de seu mandato parlamentar, vem mui respeitosamente atrav\u00e9s dessa Presid\u00eancia, INDICAR ao Senhor Prefeito Municipal, para que veja a possibilidade de contratar a professora de zumba pra dar aulas na Vila Nova Por\u00e3."}, {"id": "10119", "ano": "2022", "numero": "700", "tipo__sigla": "IND", "tipo__descricao": "Indica\u00e7\u00e3o", "autoria": "Jaffer Ferreira", "texto_original": "http://sapl.ivaipora.pr.leg.br/media/sapl/public/materialegislativa/2022/10119/06012025160141arquivo_indicacao_700-2022.pdf", "ementa": "JAFFER G. SAGANSKI FERREIRA, vereador infra-assinado, em pleno exerc\u00edcio de seu mandato parlamentar, vem mui respeitosamente atrav\u00e9s dessa Presid\u00eancia, INDICAR ao Senhor Prefeito Municipal, para que fa\u00e7a um reparo em uma tampa da Galeria Pluvial na Rua Cuba com Avenida Maranh\u00e3o. Fotos anexo."}, {"id": "10120", "ano": "2022", "numero": "701", "tipo__sigla": "IND", "tipo__descricao": "Indica\u00e7\u00e3o", "autoria": "Nando Dorta", "texto_original": "http://sapl.ivaipora.pr.leg.br/media/sapl/public/materialegislativa/2022/10120/06012025160227arquivo_indicacao_701-2022.pdf", "ementa": "FERNANDO RODRIGUES DORTA, vereador infra-assinado, em pleno exerc\u00edcio de seu mandato parlamentar, vem mui respeitosamente atrav\u00e9s dessa Presid\u00eancia, INDICAR ao Senhor Prefeito Municipal, que por meio do Departamento competente, , providencie o recape asf\u00e1ltico na Rua Valentim Talarico, no Jardim Imperial."}, {"id": "10121", "ano": "2022", "numero": "702", "tipo__sigla": "IND", "tipo__descricao": "Indica\u00e7\u00e3o", "autoria": "Josane Disner", "texto_original": "http://sapl.ivaipora.pr.leg.br/media/sapl/public/materialegislativa/2022/10121/06012025160451arquivo_indicacao_702-2022.pdf", "ementa": "JOSANE GORETE DISNER TEIXEIRA, vereadora infra-assinado, em pleno exerc\u00edcio de seu mandato parlamentar, vem mui respeitosamente atrav\u00e9s dessa Presid\u00eancia, INDICAR ao Senhor Prefeito Municipal, que providencie o alargamento e limpeza do rio pr\u00f3ximo a Madeporta."}, {"id": "10122", "ano": "2022", "numero": "703", "tipo__sigla": "IND", "tipo__descricao": "Indica\u00e7\u00e3o", "autoria": "Nando Dorta", "texto_original": "http://sapl.ivaipora.pr.leg.br/media/sapl/public/materialegislativa/2022/10122/06012025160631arquivo_indicacao_703-2022.pdf", "ementa": "FERNANDO RODRIGUES DORTA, vereador infra-assinado, em pleno exerc\u00edcio de seu mandato parlamentar, vem mui respeitosamente atrav\u00e9s dessa Presid\u00eancia, INDICAR ao Senhor Prefeito Municipal, que por meio do Departamento competente, que providencie um redutor de velocidade na Avenida Maranh\u00e3o pr\u00f3ximo ao n\u00ba 2924."}, {"id": "10123", "ano": "2022", "numero": "704", "tipo__sigla": "IND", "tipo__descricao": "Indica\u00e7\u00e3o", "autoria": "Vila Real", "texto_original": "http://sapl.ivaipora.pr.leg.br/media/sapl/public/materialegislativa/2022/10123/06012025160946arquivo_indicacao_704-2022.pdf", "ementa": "ANTONIO VILA REAL, infra-assinado, em pleno exerc\u00edcio de seu mandato parlamentar, vem mui respeitosamente atrav\u00e9s dessa Presid\u00eancia, INDICAR ao Senhor Prefeito Municipal, que por meio do Departamento competente, providencie uma manta asf\u00e1ltica na Rua S\u00e3o Miguel e na Rua S\u00e3o Francisco no distrito de jacutinga a pedido dos moradores, pelo fato das ruas estarem com um desn\u00edvel muito grande na maior parte."}, {"id": "10124", "ano": "2022", "numero": "705", "tipo__sigla": "IND", "tipo__descricao": "Indica\u00e7\u00e3o", "autoria": "Jaffer Ferreira", "texto_original": "http://sapl.ivaipora.pr.leg.br/media/sapl/public/materialegislativa/2022/10124/06012025161113arquivo_indicacao_705-2022.pdf", "ementa": "JAFFER G. SAGANSKI FERREIRA, vereador infra-assinado, em pleno exerc\u00edcio de seu mandato parlamentar, vem mui respeitosamente atrav\u00e9s dessa Presid\u00eancia, INDICAR ao Senhor Prefeito Municipal, para que determine ao Departamento competente, a pedido dos morados do bairro alto da gloria com urg\u00eancia concertar uma cratera que abriu na ponte da Rua Emilio Ganzert subida para furnas onde ocorreu devido as chuvas fortes. Conforme as fotos."}, {"id": "10125", "ano": "2022", "numero": "706", "tipo__sigla": "IND", "tipo__descricao": "Indica\u00e7\u00e3o", "autoria": "Nando Dorta", "texto_original": "http://sapl.ivaipora.pr.leg.br/media/sapl/public/materialegislativa/2022/10125/06012025161239arquivo_indicacao_706-2022.pdf", "ementa": "FERNANDO RODRIGUES DORTA, vereador infra-assinado, em pleno exerc\u00edcio de seu mandato parlamentar, vem mui respeitosamente atrav\u00e9s dessa Presid\u00eancia, INDICAR ao Senhor Prefeito Municipal, que por meio do Departamento competente, providencie um mutir\u00e3o no Jardim Europa (Xurupita) para a retirada e destina\u00e7\u00e3o correta dos entulhos decorrentes das fortes chuvas que assolaram aquela regi\u00e3o!"}, {"id": "10126", "ano": "2022", "numero": "707", "tipo__sigla": "IND", "tipo__descricao": "Indica\u00e7\u00e3o", "autoria": "Fio Bertotti", "texto_original": "http://sapl.ivaipora.pr.leg.br/media/sapl/public/materialegislativa/2022/10126/06012025161419arquivo_indicacao_707-2022.pdf", "ementa": "EMERSON DA SILVA BERTOTTI, vereador infra-assinado, em pleno exerc\u00edcio de seu mandato parlamentar, vem mui respeitosamente atrav\u00e9s dessa Presid\u00eancia, INDICAR ao Senhor Prefeito Municipal Luiz Carlos Gil, que por meio do Departamento Competente, providencie a coloca\u00e7\u00e3o de ``tartarugas\u00b4\u00b4 de prote\u00e7\u00e3o, na ciclo-faixa da rodovia Ladislau Gil Fernandes, dando mais seguran\u00e7a aos ciclistas."}, {"id": "10127", "ano": "2022", "numero": "708", "tipo__sigla": "IND", "tipo__descricao": "Indica\u00e7\u00e3o", "autoria": "Fio Bertotti", "texto_original": "http://sapl.ivaipora.pr.leg.br/media/sapl/public/materialegislativa/2022/10127/06012025161530arquivo_indicacao_708-2022.pdf", "ementa": "EMERSON DA SILVA BERTOTTI, vereador infra-assinado, em pleno exerc\u00edcio de seu mandato parlamentar, vem mui respeitosamente atrav\u00e9s dessa Presid\u00eancia, INDICAR ao Senhor Prefeito Municipal Luiz Carlos Gil, que por meio do Departamento de Competente, providencie cobertura na quadra de esportes da comunidade do Pindauvinha."}, {"id": "10128", "ano": "2022", "numero": "709", "tipo__sigla": "IND", "tipo__descricao": "Indica\u00e7\u00e3o", "autoria": "Z\u00e9 Maria", "texto_original": "http://sapl.ivaipora.pr.leg.br/media/sapl/public/materialegislativa/2022/10128/06012025161619arquivo_indicacao_709-2022.pdf", "ementa": "JOSE MARIA CARNEIRO, vereador infra-assinado, em pleno exerc\u00edcio de seu mandato parlamentar, vem mui respeitosamente atrav\u00e9s dessa Presid\u00eancia, INDICAR ao Senhor Prefeito Municipal, que por meio do Departamento competente que fa\u00e7a um recape asf\u00e1ltico na Rua Dorival Moreira da Silva esquina com Souza Naves (Centro) pois se encontra com v\u00e1rios buracos."}, {"id": "10129", "ano": "2022", "numero": "710", "tipo__sigla": "IND", "tipo__descricao": "Indica\u00e7\u00e3o", "autoria": "Josane Disner", "texto_original": "http://sapl.ivaipora.pr.leg.br/media/sapl/public/materialegislativa/2022/10129/06012025161719arquivo_indicacao_710-2022.pdf", "ementa": "JOSANE GORETE DISNER TEIXEIRA, vereadora infra-assinado, em pleno exerc\u00edcio de seu mandato parlamentar, vem mui respeitosamente atrav\u00e9s dessa Presid\u00eancia, INDICAR ao Senhor Prefeito Municipal, que providencie a constru\u00e7\u00e3o de um campo de Bocha na Vila Nova Por\u00e3."}, {"id": "10130", "ano": "2022", "numero": "711", "tipo__sigla": "IND", "tipo__descricao": "Indica\u00e7\u00e3o", "autoria": "Carniato", "texto_original": "http://sapl.ivaipora.pr.leg.br/media/sapl/public/materialegislativa/2022/10130/07012025084049arquivo_indicacao_711-2022.pdf", "ementa": "JOS\u00c9 MAURINO CARNIATO, vereador infra-assinado, em pleno exerc\u00edcio de seu mandato parlamentar, vem mui respeitosamente atrav\u00e9s dessa Presid\u00eancia, INDICAR ao Senhor Prefeito Municipal, que por meio do Departamento competente para que analise a possibilidade de instala\u00e7\u00e3o de sem\u00e1foro no cruzamento da Av. Paran\u00e1 com a Av. Maranh\u00e3o \u2013 em frente ao Clinic\u00e3o. Neste local ocorre com frequ\u00eancia acidentes com ve\u00edculos."}, {"id": "10131", "ano": "2022", "numero": "712", "tipo__sigla": "IND", "tipo__descricao": "Indica\u00e7\u00e3o", "autoria": "Carniato", "texto_original": "http://sapl.ivaipora.pr.leg.br/media/sapl/public/materialegislativa/2022/10131/07012025084211arquivo_indicacao_712-2022.pdf", "ementa": "JOS\u00c9 MAURINO CARNIATO, vereador infra-assinado, em pleno exerc\u00edcio de seu mandato parlamentar, vem mui respeitosamente atrav\u00e9s dessa Presid\u00eancia, INDICAR ao Senhor Prefeito Municipal, que por meio do Departamento competente, analise e providencie melhorias e cascalhamento na estrada que liga a Rodovia Nicolau Koltum ao localidade de Santa Luzia, passando pela propriedade do Antonio Baiano."}, {"id": "10132", "ano": "2022", "numero": "713", "tipo__sigla": "IND", "tipo__descricao": "Indica\u00e7\u00e3o", "autoria": "Nando Dorta", "texto_original": "http://sapl.ivaipora.pr.leg.br/media/sapl/public/materialegislativa/2022/10132/07012025084321arquivo_indicacao_713-2022.pdf", "ementa": "FERNANDO RODRIGUES DORTA, vereador infra-assinado, em pleno exerc\u00edcio de seu mandato parlamentar, vem mui respeitosamente atrav\u00e9s dessa Presid\u00eancia, INDICAR ao Senhor Prefeito Municipal, que por meio do Departamento competente, providencie estacionamento exclusivo para motos, na Rua Rio Grande do Sul, pr\u00f3ximo ao col\u00e9gio Estadual Barboza Ferraz."}, {"id": "10133", "ano": "2022", "numero": "714", "tipo__sigla": "IND", "tipo__descricao": "Indica\u00e7\u00e3o", "autoria": "Carniato", "texto_original": "http://sapl.ivaipora.pr.leg.br/media/sapl/public/materialegislativa/2022/10133/07012025084430arquivo_indicacao_714-2022.pdf", "ementa": "JOS\u00c9 MAURINO CARNIATO, vereador infra-assinado, em pleno exerc\u00edcio de seu mandato parlamentar, vem mui respeitosamente atrav\u00e9s dessa Presid\u00eancia, INDICAR ao Senhor Prefeito Municipal, que por meio do Departamento competente, analise e providencie a constru\u00e7\u00e3o de uma lombada na Rua Urubupung\u00e1, em frente ao n\u00ba 30 \u2013 Jardim Itaip\u00fa."}, {"id": "10134", "ano": "2022", "numero": "715", "tipo__sigla": "IND", "tipo__descricao": "Indica\u00e7\u00e3o", "autoria": "Gertrudes", "texto_original": "http://sapl.ivaipora.pr.leg.br/media/sapl/public/materialegislativa/2022/10134/07012025084553arquivo_indicacao_715-2022.pdf", "ementa": "GERTRUDES BERNARDY, Presidente do Legislativo e vereadora infra-assinado, em pleno exerc\u00edcio de seu mandato parlamentar, vem mui respeitosamente atrav\u00e9s dessa Presid\u00eancia, INDICAR ao Senhor Prefeito Municipal Luiz Carlos Gil, que por meio do Departamento Competente, que providencie a corre\u00e7\u00e3o da Rua Cascavel no bairro Jardim Paran\u00e1, afinal a mesma apresenta valetas profundas abertas e desbarrancando constantemente devido \u00e0 sequ\u00eancia de chuvas fortes, ainda que qualquer intensidade de chuva j\u00e1 prejudique o deslocamento, impossibilitando a passagem de ve\u00edculos, pedestres e trazendo riscos ao moradores do bairro, bem como \u00e0 todos \u00e0queles que transitam pelo local (imagens anexas). A reivindica\u00e7\u00e3o \u00e9 pertinente, pois, devido ao rebaixando excessivo da referida, ve\u00edculos vem sendo danificado, al\u00e9m de poss\u00edvel acumulo de \u00e1gua que desce pela via parada, lixo, causando um mau cheiro e podendo transmitir doen\u00e7as. Ressalta-se ainda que as valas ora apresentam-se nos cantos do endere\u00e7o supracitado,"}, {"id": "10135", "ano": "2022", "numero": "716", "tipo__sigla": "IND", "tipo__descricao": "Indica\u00e7\u00e3o", "autoria": "Jaffer Ferreira", "texto_original": "http://sapl.ivaipora.pr.leg.br/media/sapl/public/materialegislativa/2022/10135/07012025084646arquivo_indicacao_716-2022.pdf", "ementa": "JAFFER G. SAGANSKI FERREIRA, vereador infra-assinado, em pleno exerc\u00edcio de seu mandato parlamentar, vem mui respeitosamente atrav\u00e9s dessa Presid\u00eancia, INDICAR ao Senhor Prefeito Municipal, para que determine ao Departamento competente, que fa\u00e7a uma Contrata\u00e7\u00e3o de uma empresa exclusiva especializada na presta\u00e7\u00e3o de servi\u00e7os de manuten\u00e7\u00e3o preventiva e corretiva em equipamento para diagn\u00f3stico por imagem, sendo este: Raio X Fixo da UPA."}, {"id": "10136", "ano": "2022", "numero": "717", "tipo__sigla": "IND", "tipo__descricao": "Indica\u00e7\u00e3o", "autoria": "Sab\u00e3o - Edivaldo Montanheri", "texto_original": "http://sapl.ivaipora.pr.leg.br/media/sapl/public/materialegislativa/2022/10136/07012025110207arquivo_indicacao_717-2022.pdf", "ementa": "EDIVALDO APARECIDO MONTANHERI, vereador infra-assinado, em pleno exerc\u00edcio de seu mandato parlamentar, vem mui respeitosamente atrav\u00e9s dessa Presid\u00eancia, INDICAR ao Senhor Prefeito Municipal, que por meio do Departamento competente, providencie a constru\u00e7\u00e3o de banheiros na pra\u00e7a Manoel Theodoro da Rocha."}, {"id": "10137", "ano": "2022", "numero": "718", "tipo__sigla": "IND", "tipo__descricao": "Indica\u00e7\u00e3o", "autoria": "Sab\u00e3o - Edivaldo Montanheri", "texto_original": "http://sapl.ivaipora.pr.leg.br/media/sapl/public/materialegislativa/2022/10137/07012025110302arquivo_indicacao_718-2022.pdf", "ementa": "EDIVALDO APARECIDO MONTANHERI, vereador infra-assinado, em pleno exerc\u00edcio de seu mandato parlamentar, vem mui respeitosamente atrav\u00e9s dessa Presid\u00eancia, INDICAR ao Senhor Prefeito Municipal, que por meio do Departamento competente, providencie recape asf\u00e1ltico em toda a extens\u00e3o da rua Ponta Grossa."}, {"id": "10138", "ano": "2022", "numero": "719", "tipo__sigla": "IND", "tipo__descricao": "Indica\u00e7\u00e3o", "autoria": "Sab\u00e3o - Edivaldo Montanheri", "texto_original": "http://sapl.ivaipora.pr.leg.br/media/sapl/public/materialegislativa/2022/10138/07012025110455arquivo_indicacao_719-2022.pdf", "ementa": "EDIVALDO APARECIDO MONTANHERI, vereador infra-assinado, em pleno exerc\u00edcio de seu mandato parlamentar, vem mui respeitosamente atrav\u00e9s dessa Presid\u00eancia, INDICAR ao Senhor Prefeito Municipal, que por meio do Departamento competente, providencie um quebra mola na rua Palotina no Jardim Alvorada em frente a empresa Master Produtos de Limpeza."}, {"id": "10139", "ano": "2022", "numero": "720", "tipo__sigla": "IND", "tipo__descricao": "Indica\u00e7\u00e3o", "autoria": "Carniato, Fio Bertotti, Gertrudes, Nando Dorta, Sab\u00e3o - Edivaldo Montanheri, Vila Real, Z\u00e9 Maria", "texto_original": "http://sapl.ivaipora.pr.leg.br/media/sapl/public/materialegislativa/2022/10139/07012025133502arquivo_indicacao_720-2022.pdf", "ementa": "EDIVALDO APARECIDO MONTANHERI, e demais vereadores infra-assinado, em pleno exerc\u00edcio de seu mandato parlamentar, vem mui respeitosamente atrav\u00e9s dessa Presid\u00eancia, INDICAR ao Senhor Prefeito Municipal, que por meio do Departamento competente, providencie Abertura do canteiro na rua Apar\u00edcio Cardoso Bittencourt, ao lado do Deposito da Azambuja."}, {"id": "10140", "ano": "2022", "numero": "721", "tipo__sigla": "IND", "tipo__descricao": "Indica\u00e7\u00e3o", "autoria": "Josane Disner", "texto_original": "http://sapl.ivaipora.pr.leg.br/media/sapl/public/materialegislativa/2022/10140/07012025133758arquivo_indicacao_721-2022.pdf", "ementa": "JOSANE GORETE DISNER TEIXEIRA, vereadora infra-assinado, em pleno exerc\u00edcio de seu mandato parlamentar, vem mui respeitosamente atrav\u00e9s dessa Presid\u00eancia, INDICAR ao Senhor Prefeito Municipal, que providencie o recape asf\u00e1ltico na Avenida Maranh\u00e3o pr\u00f3ximo ao n\u00ba 2.800."}, {"id": "10141", "ano": "2022", "numero": "722", "tipo__sigla": "IND", "tipo__descricao": "Indica\u00e7\u00e3o", "autoria": "Vila Real", "texto_original": "http://sapl.ivaipora.pr.leg.br/media/sapl/public/materialegislativa/2022/10141/07012025133920arquivo_indicacao_722-2022.pdf", "ementa": "ANTONIO VILA REAL, infra-assinado, em pleno exerc\u00edcio de seu mandato parlamentar, vem mui respeitosamente atrav\u00e9s dessa Presid\u00eancia, INDICAR ao Senhor Prefeito Municipal, que por meio do Departamento competente, providencie o ligamento da fonte da pra\u00e7a central a pedido dos moradores de Ivaipor\u00e3 que alegam que ela n\u00e3o est\u00e1 em funcionamento a tr\u00eas meses."}, {"id": "10142", "ano": "2022", "numero": "723", "tipo__sigla": "IND", "tipo__descricao": "Indica\u00e7\u00e3o", "autoria": "Vila Real", "texto_original": "http://sapl.ivaipora.pr.leg.br/media/sapl/public/materialegislativa/2022/10142/07012025134012arquivo_indicacao_723-2022.pdf", "ementa": "ANTONIO VILA REAL, infra-assinado, em pleno exerc\u00edcio de seu mandato parlamentar, vem mui respeitosamente atrav\u00e9s dessa Presid\u00eancia, INDICAR ao Senhor Prefeito Municipal, que por meio do Departamento competente, providencie a cria\u00e7\u00e3o de uma Subprefeitura no Distrito de Jacutinga para presta servi\u00e7os de atendimento, recebimento dos pedidos e reclama\u00e7\u00f5es da popula\u00e7\u00e3o, solu\u00e7\u00e3o para os problemas apontados, planejamento, regulamenta\u00e7\u00e3o e fiscaliza\u00e7\u00e3o do uso do solo, assist\u00eancia social para as fam\u00edlias mais carentes que n\u00e3o tem a condi\u00e7\u00e3o de ficar se deslocando at\u00e9 Ivaipor\u00e3."}, {"id": "10143", "ano": "2022", "numero": "724", "tipo__sigla": "IND", "tipo__descricao": "Indica\u00e7\u00e3o", "autoria": "Fio Bertotti", "texto_original": "http://sapl.ivaipora.pr.leg.br/media/sapl/public/materialegislativa/2022/10143/07012025134120arquivo_indicacao_724-2022.pdf", "ementa": "EMERSON DA SILVA BERTOTTI, vereador infra-assinado, em pleno exerc\u00edcio de seu mandato parlamentar, vem mui respeitosamente atrav\u00e9s dessa Presid\u00eancia, INDICAR ao Senhor Prefeito Municipal Luiz Carlos Gil, que por meio do Departamento Competente, providencie recape asf\u00e1ltico sobre as pedras irregulares na rua Irati, na Vila Monte Castelo."}, {"id": "10144", "ano": "2022", "numero": "725", "tipo__sigla": "IND", "tipo__descricao": "Indica\u00e7\u00e3o", "autoria": "Fio Bertotti", "texto_original": "http://sapl.ivaipora.pr.leg.br/media/sapl/public/materialegislativa/2022/10144/07012025134213arquivo_indicacao_725-2022.pdf", "ementa": "EMERSON DA SILVA BERTOTTI, vereador infra-assinado, em pleno exerc\u00edcio de seu mandato parlamentar, vem mui respeitosamente atrav\u00e9s dessa Presid\u00eancia, INDICAR ao Senhor Prefeito Municipal Luiz Carlos Gil, que por meio do Departamento de Competente, providencie um local para a implanta\u00e7\u00e3o do projeto ``Meu Campinho``, no distrito de Santa Barbara."}, {"id": "10145", "ano": "2022", "numero": "726", "tipo__sigla": "IND", "tipo__descricao": "Indica\u00e7\u00e3o", "autoria": "Carniato", "texto_original": "http://sapl.ivaipora.pr.leg.br/media/sapl/public/materialegislativa/2022/10145/07012025134616arquivo_indicacao_726-2022.pdf", "ementa": "JOS\u00c9 MAURINO CARNIATO, vereador infra-assinado, em pleno exerc\u00edcio de seu mandato parlamentar, vem mui respeitosamente atrav\u00e9s dessa Presid\u00eancia, INDICAR ao Senhor Prefeito Municipal, que por meio do Departamento competente, analise e providencie sinaliza\u00e7\u00e3o indicando a preferencial no cruzamento da rua Alvorada esquina com Mambor\u00ea, no Jardim Alvorada."}, {"id": "10146", "ano": "2022", "numero": "727", "tipo__sigla": "IND", "tipo__descricao": "Indica\u00e7\u00e3o", "autoria": "Carniato", "texto_original": "http://sapl.ivaipora.pr.leg.br/media/sapl/public/materialegislativa/2022/10146/07012025134709arquivo_indicacao_727-2022.pdf", "ementa": "JOS\u00c9 MAURINO CARNIATO, vereador infra-assinado, em pleno exerc\u00edcio de seu mandato parlamentar, vem mui respeitosamente atrav\u00e9s dessa Presid\u00eancia, INDICAR ao Senhor Prefeito Municipal, que por meio do Departamento competente, analise e providencie sinaliza\u00e7\u00e3o indicando a sa\u00edda para Ouro Verde."}, {"id": "10147", "ano": "2022", "numero": "728", "tipo__sigla": "IND", "tipo__descricao": "Indica\u00e7\u00e3o", "autoria": "Gertrudes", "texto_original": "http://sapl.ivaipora.pr.leg.br/media/sapl/public/materialegislativa/2022/10147/07012025134842arquivo_indicacao_728-2022.pdf", "ementa": "GERTRUDES BERNARDY, Presidente do Legislativo e vereadora infra-assinado, em pleno exerc\u00edcio de seu mandato parlamentar, vem mui respeitosamente atrav\u00e9s dessa Presid\u00eancia, INDICAR ao Senhor Prefeito Municipal Luiz Carlos Gil, que por meio do Departamento Competente, que providencie o plantio de arauc\u00e1rias nos arredores do Parque de Exposi\u00e7\u00f5es, tendo em vista oportuno momento e, principalmente, por tratarem-se de esp\u00e9cie de \u00e1rvore simb\u00f3lica e representativa do Estado do Paran\u00e1, ademais por estarem em estado de extin\u00e7\u00e3o. Fazendo dessa maneira a uni\u00e3o de representatividade paranaense com sustentabilidade e prote\u00e7\u00e3o ecol\u00f3gica."}, {"id": "10148", "ano": "2022", "numero": "729", "tipo__sigla": "IND", "tipo__descricao": "Indica\u00e7\u00e3o", "autoria": "Gertrudes", "texto_original": "http://sapl.ivaipora.pr.leg.br/media/sapl/public/materialegislativa/2022/10148/07012025134955arquivo_indicacao_729-2022.pdf", "ementa": "GERTRUDES BERNARDY, Presidente do Legislativo e vereadora infra-assinado, em pleno exerc\u00edcio de seu mandato parlamentar, vem mui respeitosamente atrav\u00e9s dessa Presid\u00eancia, INDICAR ao Senhor Prefeito Municipal Luiz Carlos Gil, que por meio do Departamento Competente, que providencie a limpeza dos quintais do Jardim Aeroporto, tendo em vista a necessidade da manuten\u00e7\u00e3o / ro\u00e7agem para evitar ac\u00famulo de res\u00edduos ou at\u00e9 mesmo a prolifera\u00e7\u00e3o de insetos, a pedido de frequentadores dos locais e popula\u00e7\u00e3o das proximidades."}, {"id": "10149", "ano": "2022", "numero": "730", "tipo__sigla": "IND", "tipo__descricao": "Indica\u00e7\u00e3o", "autoria": "Gertrudes", "texto_original": "http://sapl.ivaipora.pr.leg.br/media/sapl/public/materialegislativa/2022/10149/07012025135040arquivo_indicacao_730-2022.pdf", "ementa": "GERTRUDES BERNARDY, Presidente do Legislativo e vereadora infra-assinado, em pleno exerc\u00edcio de seu mandato parlamentar, vem mui respeitosamente atrav\u00e9s dessa Presid\u00eancia, INDICAR ao Senhor Prefeito Municipal Luiz Carlos Gil, que por meio do Departamento Competente, que providencie a limpeza dos quintais da Casa Lar, tendo em vista a necessidade da manuten\u00e7\u00e3o / ro\u00e7agem para evitar ac\u00famulo de res\u00edduos ou at\u00e9 mesmo a prolifera\u00e7\u00e3o de insetos, a pedido de frequentadores dos locais e popula\u00e7\u00e3o das proximidades."}, {"id": "10150", "ano": "2022", "numero": "731", "tipo__sigla": "IND", "tipo__descricao": "Indica\u00e7\u00e3o", "autoria": "Gertrudes", "texto_original": "http://sapl.ivaipora.pr.leg.br/media/sapl/public/materialegislativa/2022/10150/07012025135140arquivo_indicacao_731-2022.pdf", "ementa": "GERTRUDES BERNARDY, Presidente do Legislativo e vereadora infra-assinado, em pleno exerc\u00edcio de seu mandato parlamentar, vem mui respeitosamente atrav\u00e9s dessa Presid\u00eancia, INDICAR ao Senhor Prefeito Municipal Luiz Carlos Gil, que por meio do Departamento Competente, que providencie a limpeza da Pista de caminhada da Luiz XV, tendo em vista a necessidade da manuten\u00e7\u00e3o / ro\u00e7agem para evitar ac\u00famulo de res\u00edduos ou at\u00e9 mesmo a prolifera\u00e7\u00e3o de insetos, a pedido de frequentadores dos locais e popula\u00e7\u00e3o das proximidades."}, {"id": "10151", "ano": "2022", "numero": "732", "tipo__sigla": "IND", "tipo__descricao": "Indica\u00e7\u00e3o", "autoria": "Z\u00e9 Maria", "texto_original": "http://sapl.ivaipora.pr.leg.br/media/sapl/public/materialegislativa/2022/10151/07012025135240arquivo_indicacao_732-2022.pdf", "ementa": "JOSE MARIA CARNEIRO, vereador infra-assinado, em pleno exerc\u00edcio de seu mandato parlamentar, vem mui respeitosamente atrav\u00e9s dessa Presid\u00eancia, INDICAR ao Senhor Prefeito Municipal, que por meio do Departamento competente que fa\u00e7a uma camada asf\u00e1ltica na Rua Pindauvinha (Centro) pr\u00f3ximo Mercado Bom Pre\u00e7o pois ali se encontra v\u00e1rios buracos. Fotos anexa;"}, {"id": "10152", "ano": "2022", "numero": "733", "tipo__sigla": "IND", "tipo__descricao": "Indica\u00e7\u00e3o", "autoria": "Jaffer Ferreira", "texto_original": "http://sapl.ivaipora.pr.leg.br/media/sapl/public/materialegislativa/2022/10152/07012025135406arquivo_indicacao_733-2022.pdf", "ementa": "JAFFER G. SAGANSKI FERREIRA, vereador infra-assinado, em pleno exerc\u00edcio de seu mandato parlamentar, vem mui respeitosamente atrav\u00e9s dessa Presid\u00eancia, INDICAR ao Senhor Prefeito Municipal, e ao Departamento competente que se poss\u00edvel colaborar com o Projeto de Extens\u00e3o Atividades F\u00edsicas do Vale do Iva\u00ed ( AFAVI) que sagrou campe\u00e3 geral da 10\u00ba edi\u00e7\u00e3o do PARAJAPS . Nossos Atletas campe\u00f5es necessitam de materiais esportivos pois alguns nem t\u00eanis adequado."}, {"id": "10153", "ano": "2022", "numero": "734", "tipo__sigla": "IND", "tipo__descricao": "Indica\u00e7\u00e3o", "autoria": "Jaffer Ferreira", "texto_original": "http://sapl.ivaipora.pr.leg.br/media/sapl/public/materialegislativa/2022/10153/07012025135458arquivo_indicacao_734-2022.pdf", "ementa": "JAFFER G. SAGANSKI FERREIRA, vereador infra-assinado, em pleno exerc\u00edcio de seu mandato parlamentar, vem mui respeitosamente atrav\u00e9s dessa Presid\u00eancia, INDICAR ao Senhor Prefeito Municipal, e ao Departamento competente que se poss\u00edvel melhor as condi\u00e7\u00f5es dos nossos cemit\u00e9rios nos distritos de Santa Barbara, Jacutinga e Alto Por\u00e3."}, {"id": "10154", "ano": "2022", "numero": "735", "tipo__sigla": "IND", "tipo__descricao": "Indica\u00e7\u00e3o", "autoria": "Jaffer Ferreira", "texto_original": "http://sapl.ivaipora.pr.leg.br/media/sapl/public/materialegislativa/2022/10154/07012025135611arquivo_indicacao_735-2022.pdf", "ementa": "JAFFER G. SAGANSKI FERREIRA, vereador infra-assinado, em pleno exerc\u00edcio de seu mandato parlamentar, vem mui respeitosamente atrav\u00e9s dessa Presid\u00eancia, INDICAR ao Senhor Prefeito Municipal, e ao Departamento competente que se poss\u00edvel promover encontros e eventos esportivos e de lazer entre os servidores."}, {"id": "10155", "ano": "2022", "numero": "736", "tipo__sigla": "IND", "tipo__descricao": "Indica\u00e7\u00e3o", "autoria": "Carniato", "texto_original": "http://sapl.ivaipora.pr.leg.br/media/sapl/public/materialegislativa/2022/10155/07012025135720arquivo_indicacao_736-2022.pdf", "ementa": "JOS\u00c9 MAURINO CARNIATO, vereador infra-assinado, em pleno exerc\u00edcio de seu mandato parlamentar, vem mui respeitosamente atrav\u00e9s dessa Presid\u00eancia, INDICAR ao Senhor Prefeito Municipal, que por meio do Departamento competente, analise e providencie reforma e adequa\u00e7\u00e3o da pra\u00e7a em frente ao Mercado Le\u00e3o, com plantio de grama e/ou coloca\u00e7\u00e3o de pedriscos."}, {"id": "10156", "ano": "2022", "numero": "737", "tipo__sigla": "IND", "tipo__descricao": "Indica\u00e7\u00e3o", "autoria": "Carniato", "texto_original": "http://sapl.ivaipora.pr.leg.br/media/sapl/public/materialegislativa/2022/10156/07012025140610arquivo_indicacao_737-2022.pdf", "ementa": "JOS\u00c9 MAURINO CARNIATO, vereador infra-assinado, em pleno exerc\u00edcio de seu mandato parlamentar, vem mui respeitosamente atrav\u00e9s dessa Presid\u00eancia, INDICAR ao Senhor Prefeito Municipal, que por meio do Departamento competente, analise e providencie camada asf\u00e1ltico sobre pedras irregulares, na Rua Lea Valviverde Pirolo, no trecho do Jardim S\u00e3o Domingos at\u00e9 a Av. Ladislau Gil Fernandez \u2013 Jardim Belo Horizonte."}, {"id": "10157", "ano": "2022", "numero": "738", "tipo__sigla": "IND", "tipo__descricao": "Indica\u00e7\u00e3o", "autoria": "Carniato", "texto_original": "http://sapl.ivaipora.pr.leg.br/media/sapl/public/materialegislativa/2022/10157/07012025140701arquivo_indicacao_738-2022.pdf", "ementa": "JOS\u00c9 MAURINO CARNIATO, vereador infra-assinado, em pleno exerc\u00edcio de seu mandato parlamentar, vem mui respeitosamente atrav\u00e9s dessa Presid\u00eancia, INDICAR ao Senhor Prefeito Municipal, que por meio do Departamento competente, analise e providencie reforma do piso na cal\u00e7ada do posto de sa\u00fade central."}, {"id": "10158", "ano": "2022", "numero": "739", "tipo__sigla": "IND", "tipo__descricao": "Indica\u00e7\u00e3o", "autoria": "Josane Disner", "texto_original": "http://sapl.ivaipora.pr.leg.br/media/sapl/public/materialegislativa/2022/10158/07012025140950arquivo_indicacao_739-2022.pdf", "ementa": "JOSANE GORETE DISNER TEIXEIRA, vereadora infra-assinado, em pleno exerc\u00edcio de seu mandato parlamentar, vem mui respeitosamente atrav\u00e9s dessa Presid\u00eancia, INDICAR ao Senhor Prefeito Municipal, que estude a possibilidade de criar uma Escolinha de Atletismo em nosso munic\u00edpio."}, {"id": "10159", "ano": "2022", "numero": "740", "tipo__sigla": "IND", "tipo__descricao": "Indica\u00e7\u00e3o", "autoria": "Josane Disner", "texto_original": "http://sapl.ivaipora.pr.leg.br/media/sapl/public/materialegislativa/2022/10159/07012025141041arquivo_indicacao_740-2022.pdf", "ementa": "JOSANE GORETE DISNER TEIXEIRA, vereadora infra-assinado, em pleno exerc\u00edcio de seu mandato parlamentar, vem mui respeitosamente atrav\u00e9s dessa Presid\u00eancia, INDICAR ao Senhor Prefeito Municipal, que estude a possibilidade de providenciar um local especifico para atendimento apenas para idosos. (Unidade de Pronto Atendimento do Idoso)."}, {"id": "10160", "ano": "2022", "numero": "741", "tipo__sigla": "IND", "tipo__descricao": "Indica\u00e7\u00e3o", "autoria": "Sab\u00e3o - Edivaldo Montanheri", "texto_original": "http://sapl.ivaipora.pr.leg.br/media/sapl/public/materialegislativa/2022/10160/07012025141151arquivo_indicacao_741-2022.pdf", "ementa": "EDIVALDO APARECIDO MONTANHERI, vereador infra-assinado, em pleno exerc\u00edcio de seu mandato parlamentar, vem mui respeitosamente atrav\u00e9s dessa Presid\u00eancia, INDICAR ao Senhor Prefeito Municipal, que por meio do Departamento competente, providencie uma camada asf\u00e1ltica sobre a pedra irregular na Rua Madureira antiga Estrada Usina Velha que ali encontra-se a Diaconia S\u00e3o Jos\u00e9. A pedido da comunidade."}, {"id": "10161", "ano": "2022", "numero": "742", "tipo__sigla": "IND", "tipo__descricao": "Indica\u00e7\u00e3o", "autoria": "Sab\u00e3o - Edivaldo Montanheri", "texto_original": "http://sapl.ivaipora.pr.leg.br/media/sapl/public/materialegislativa/2022/10161/07012025141308arquivo_indicacao_742-2022.pdf", "ementa": "EDIVALDO APARECIDO MONTANHERI, vereador infra-assinado, em pleno exerc\u00edcio de seu mandato parlamentar, vem mui respeitosamente atrav\u00e9s dessa Presid\u00eancia, INDICAR ao Senhor Prefeito Municipal, que por meio do Departamento competente, providencie a manuten\u00e7\u00e3o de boca de lobo na Avenida Maranh\u00e3o em frente a resid\u00eancia n\u00ba 4840."}, {"id": "10162", "ano": "2022", "numero": "743", "tipo__sigla": "IND", "tipo__descricao": "Indica\u00e7\u00e3o", "autoria": "Sab\u00e3o - Edivaldo Montanheri", "texto_original": "http://sapl.ivaipora.pr.leg.br/media/sapl/public/materialegislativa/2022/10162/08012025082947arquivo_indicacao_743-2022.pdf", "ementa": "EDIVALDO APARECIDO MONTANHERI, vereador infra-assinado, em pleno exerc\u00edcio de seu mandato parlamentar, vem mui respeitosamente atrav\u00e9s dessa Presid\u00eancia, INDICAR ao Senhor Prefeito Municipal, que por meio do Departamento competente, providencie a manuten\u00e7\u00e3o de boca de lobo na Avenida Maranh\u00e3o em frente a resid\u00eancia n\u00ba 4835."}, {"id": "10163", "ano": "2022", "numero": "744", "tipo__sigla": "IND", "tipo__descricao": "Indica\u00e7\u00e3o", "autoria": "Vila Real", "texto_original": "http://sapl.ivaipora.pr.leg.br/media/sapl/public/materialegislativa/2022/10163/08012025083821arquivo_indicacao_744-2022.pdf", "ementa": "ANTONIO VILA REAL, infra-assinado, em pleno exerc\u00edcio de seu mandato parlamentar, vem mui respeitosamente atrav\u00e9s dessa Presid\u00eancia, INDICAR ao Senhor Prefeito Municipal, que por meio do Departamento competente, providencie um redutor de velocidade pr\u00f3ximo ao posto de gasolina do Distrito de Jacutinga, a pedido dos moradores do Distrito por medo de um poss\u00edvel acidente no local, pelo fato dos ve\u00edculos passarem em alta velocidade."}, {"id": "10164", "ano": "2022", "numero": "745", "tipo__sigla": "IND", "tipo__descricao": "Indica\u00e7\u00e3o", "autoria": "Nando Dorta", "texto_original": "http://sapl.ivaipora.pr.leg.br/media/sapl/public/materialegislativa/2022/10164/08012025083930arquivo_indicacao_745-2022.pdf", "ementa": "FERNANDO RODRIGUES DORTA, vereador infra-assinado, em pleno exerc\u00edcio de seu mandato parlamentar, vem mui respeitosamente atrav\u00e9s dessa Presid\u00eancia, INDICAR ao Senhor Prefeito Municipal, que por meio do Departamento competente, providencie readequa\u00e7\u00e3o e melhorias na Rua C\u00e9u Azul no Jardim Alvorada."}, {"id": "10165", "ano": "2022", "numero": "746", "tipo__sigla": "IND", "tipo__descricao": "Indica\u00e7\u00e3o", "autoria": "Nando Dorta", "texto_original": "http://sapl.ivaipora.pr.leg.br/media/sapl/public/materialegislativa/2022/10165/08012025084201arquivo_indicacao_746-2022.pdf", "ementa": "FERNANDO RODRIGUES DORTA, vereador infra-assinado, em pleno exerc\u00edcio de seu mandato parlamentar, vem mui respeitosamente atrav\u00e9s dessa Presid\u00eancia, INDICAR ao Senhor Prefeito Municipal, que por meio do Departamento competente, providencie melhorias no cal\u00e7amento e na boca de lobo, localizada na rua Pl\u00e1cido Miranda n\u00ba1105 (pr\u00f3ximo a entrada do CMEI, Jos\u00e9 Fiorim)."}, {"id": "10166", "ano": "2022", "numero": "747", "tipo__sigla": "IND", "tipo__descricao": "Indica\u00e7\u00e3o", "autoria": "Vila Real", "texto_original": "http://sapl.ivaipora.pr.leg.br/media/sapl/public/materialegislativa/2022/10166/08012025084303arquivo_indicacao_747-2022.pdf", "ementa": "ANTONIO VILA REAL, infra-assinado, em pleno exerc\u00edcio de seu mandato parlamentar, vem mui respeitosamente atrav\u00e9s dessa Presid\u00eancia, INDICAR ao Senhor Prefeito Municipal, que por meio do Departamento competente, providencie um recape asf\u00e1ltico na Rua Pindauva em toda sua extens\u00e3o no Distrito de Jacutinga."}, {"id": "10167", "ano": "2022", "numero": "748", "tipo__sigla": "IND", "tipo__descricao": "Indica\u00e7\u00e3o", "autoria": "Carniato", "texto_original": "http://sapl.ivaipora.pr.leg.br/media/sapl/public/materialegislativa/2022/10167/08012025085312arquivo_indicacao_748-2022.pdf", "ementa": "JOS\u00c9 MAURINO CARNIATO, vereador infra-assinado, em pleno exerc\u00edcio de seu mandato parlamentar, vem mui respeitosamente atrav\u00e9s dessa Presid\u00eancia, INDICAR ao Senhor Prefeito Municipal, que por meio do Departamento competente, providencie coloca\u00e7\u00e3o da tampa da boca de lobo no cruzamento da Rua Plac\u00eddio Miranda com Av. Minas Gerais."}, {"id": "10168", "ano": "2022", "numero": "749", "tipo__sigla": "IND", "tipo__descricao": "Indica\u00e7\u00e3o", "autoria": "Josane Disner", "texto_original": "http://sapl.ivaipora.pr.leg.br/media/sapl/public/materialegislativa/2022/10168/08012025085613arquivo_indicacao_749-2022.pdf", "ementa": "JOSANE GORETE DISNER TEIXEIRA, vereadora infra-assinado, em pleno exerc\u00edcio de seu mandato parlamentar, vem mui respeitosamente atrav\u00e9s dessa Presid\u00eancia, INDICAR ao Senhor Prefeito Municipal, que estude a possibilidade de providenciar o recape asf\u00e1ltico na Rua: Mato Grosso em frente ao Jo\u00e3o Ve\u00edculos."}, {"id": "10169", "ano": "2022", "numero": "750", "tipo__sigla": "IND", "tipo__descricao": "Indica\u00e7\u00e3o", "autoria": "Josane Disner", "texto_original": "http://sapl.ivaipora.pr.leg.br/media/sapl/public/materialegislativa/2022/10169/08012025085719arquivo_indicacao_750-2022.pdf", "ementa": "JOSANE GORETE DISNER TEIXEIRA, vereadora infra-assinado, em pleno exerc\u00edcio de seu mandato parlamentar, vem mui respeitosamente atrav\u00e9s dessa Presid\u00eancia, INDICAR ao Senhor Prefeito Municipal, que estude a possibilidade de providenciar junto ao departamento competente uma tampa de bueiro na Av: Maranh\u00e3o em frente ao n\u00famero 1605."}, {"id": "10170", "ano": "2022", "numero": "751", "tipo__sigla": "IND", "tipo__descricao": "Indica\u00e7\u00e3o", "autoria": "Jaffer Ferreira", "texto_original": "http://sapl.ivaipora.pr.leg.br/media/sapl/public/materialegislativa/2022/10170/08012025132146arquivo_indicacao_751-2022.pdf", "ementa": "JAFFER G. SAGANSKI FERREIRA, vereador infra-assinado, em pleno exerc\u00edcio de seu mandato parlamentar, vem mui respeitosamente atrav\u00e9s dessa Presid\u00eancia, INDICAR ao Senhor Prefeito Municipal, para que determine ao Departamento competente, para atender o pedido dos moradores do Ouro verde que precisa de cascalho na estrada principal e no carreador do senhor Jorge e da senhora Neusa, localizada pr\u00f3ximo a ponte da divisa da cidade do Arapu\u00e3 ao lado direito da rodovia 2\u00ba estrada antes de chegar na ponte. O morador senhor Jorge tem uma perna amputada e sempre precisa se deslocar de sua casa para a ir para cidade, v\u00e1rias vezes perdeu consultas e exames devido as chuvas, n\u00e3o consegue sair de sua propriedade. Foto em anexo."}, {"id": "10171", "ano": "2022", "numero": "752", "tipo__sigla": "IND", "tipo__descricao": "Indica\u00e7\u00e3o", "autoria": "Gertrudes", "texto_original": "http://sapl.ivaipora.pr.leg.br/media/sapl/public/materialegislativa/2022/10171/08012025132247arquivo_indicacao_752-2022.pdf", "ementa": "GERTRUDES BERNARDY, Presidente do Legislativo e vereadora infra-assinado, em pleno exerc\u00edcio de seu mandato parlamentar, vem mui respeitosamente atrav\u00e9s dessa Presid\u00eancia, INDICAR ao Senhor Prefeito Municipal Luiz Carlos Gil, que por meio do Departamento Competente, que providencie 1 (um) redutor de velocidade pr\u00f3ximo do cruzamento da Avenida Souza Naves com a Rua Sertaneja, sendo o mesmo colocado na dita Avenida, haja visto que menos de 120 metros \u00e0 frente encontram-se o Projeto Renascer e APAE - Associa\u00e7\u00e3o de Pa\u00eds e Amigos Excepcionais, onde regularmente que por esse cruzamento transitam crian\u00e7as e adolescentes desacompanhadas ou acompanhadas dos pa\u00eds como pelo transporte escolar para iniciar as aulas e atividades educativas no Projeto e ONG, com o intuito de evitar acidentes cont\u00ednuos e a exposi\u00e7\u00e3o ao risco dos servidores das institui\u00e7\u00f5es, uma vez que, a Avenida por ser longa e de grande tr\u00e2nsito, facilita aos condutores que atinjam velocidade maior que a estipulada, tanto na via ge"}, {"id": "10172", "ano": "2022", "numero": "753", "tipo__sigla": "IND", "tipo__descricao": "Indica\u00e7\u00e3o", "autoria": "Gertrudes", "texto_original": "http://sapl.ivaipora.pr.leg.br/media/sapl/public/materialegislativa/2022/10172/08012025132453arquivo_indicacao_753-2022.pdf", "ementa": "GERTRUDES BERNARDY, Presidente do Legislativo e vereadora infra-assinado, em pleno exerc\u00edcio de seu mandato parlamentar, vem mui respeitosamente atrav\u00e9s dessa Presid\u00eancia, INDICAR ao Senhor Prefeito Municipal Luiz Carlos Gil, que por meio do Departamento Competente, que providencie a corre\u00e7\u00e3o do cruzamento das vias Avenida Souza Naves com a Rua Arapongas, seja por meio de redutor de velocidade, mais clareza na sinaliza\u00e7\u00e3o ou at\u00e9 mesmo sinaleiros, tendo em vista que regularmente transitam diversos ve\u00edculos e pedestres no local, situado no Centro do Munic\u00edpio de Ivaipor\u00e3. Inicialmente exp\u00f5e-se que a Rua Arapongas \u00e9 \u00edngreme e de dif\u00edcil visualiza\u00e7\u00e3o dos ve\u00edculos que v\u00eam na via preferencial Avenida Souza Naves, onde condutores avan\u00e7am muito pr\u00f3ximo desta e j\u00e1 correm risco de sofrerem acidentes e ainda acabam bloqueando quase que por completo a faixa de pedestres para atingir tal visualiza\u00e7\u00e3o. Outro aspecto a ser considerado \u00e9 o fato de que, vindo ve\u00edculos de todos os lados no cruzamento, s"}, {"id": "10173", "ano": "2022", "numero": "754", "tipo__sigla": "IND", "tipo__descricao": "Indica\u00e7\u00e3o", "autoria": "Vila Real", "texto_original": "http://sapl.ivaipora.pr.leg.br/media/sapl/public/materialegislativa/2022/10173/08012025151109arquivo_indicacao_754-2022.pdf", "ementa": "ANTONIO VILA REAL, infra-assinado, em pleno exerc\u00edcio de seu mandato parlamentar, vem mui respeitosamente atrav\u00e9s dessa Presid\u00eancia, INDICAR ao Senhor Prefeito Municipal, que por meio do Departamento competente, providencie um playground para as crian\u00e7as do Distrito de Jacutinga para algum lazer nos fins de semana, pois no Distrito n\u00e3o existe nenhum meio de lazer nos fins de semana."}, {"id": "10174", "ano": "2022", "numero": "755", "tipo__sigla": "IND", "tipo__descricao": "Indica\u00e7\u00e3o", "autoria": "Vila Real", "texto_original": "http://sapl.ivaipora.pr.leg.br/media/sapl/public/materialegislativa/2022/10174/08012025152043arquivo_indicacao_755-2022.pdf", "ementa": "ANTONIO VILA REAL, infra-assinado, em pleno exerc\u00edcio de seu mandato parlamentar, vem mui respeitosamente atrav\u00e9s dessa Presid\u00eancia, INDICAR ao Senhor Prefeito Municipal, que por meio do Departamento competente, providencie melhoras nas pedras irregulares juntamente com a Engenharia na Rua Luciano Marcelo Oliveira 209, Jardim Guanabara II a pedido dos moradores pois esta empossando muita \u00e1gua no local."}, {"id": "10175", "ano": "2022", "numero": "756", "tipo__sigla": "IND", "tipo__descricao": "Indica\u00e7\u00e3o", "autoria": "Z\u00e9 Maria", "texto_original": "http://sapl.ivaipora.pr.leg.br/media/sapl/public/materialegislativa/2022/10175/08012025152156arquivo_indicacao_756-2022.pdf", "ementa": "JOS\u00c9 MARIA CARNEIRO, vereador infra-assinado, em pleno exerc\u00edcio de seu mandato parlamentar, vem mui respeitosamente atrav\u00e9s dessa Presid\u00eancia, INDICAR ao Senhor Prefeito Municipal, que por meio do Departamento competente que fa\u00e7a a manuten\u00e7\u00e3o limpeza do p\u00e1tio do posto de sa\u00fade s\u00e3o Lu\u00eds centro Fotos em anexo"}, {"id": "10176", "ano": "2022", "numero": "757", "tipo__sigla": "IND", "tipo__descricao": "Indica\u00e7\u00e3o", "autoria": "Z\u00e9 Maria", "texto_original": "http://sapl.ivaipora.pr.leg.br/media/sapl/public/materialegislativa/2022/10176/08012025153513arquivo_indicacao_757-2022.pdf", "ementa": "JOSE MARIA CARNEIRO, vereador infra-assinado, em pleno exerc\u00edcio de seu mandato parlamentar, vem mui respeitosamente atrav\u00e9s dessa Presid\u00eancia, INDICAR ao Senhor Prefeito Municipal, que por meio do Departamento competente que fa\u00e7a a coloca\u00e7\u00e3o de v\u00e1rias tomadas de energia el\u00e9tricas dentro do cemit\u00e9rio pois as pessoas v\u00e3o prestar servi\u00e7os e n\u00e3o tem tomadas para executar os servi\u00e7os somente uma na entrada do port\u00e3o principal."}, {"id": "10177", "ano": "2022", "numero": "758", "tipo__sigla": "IND", "tipo__descricao": "Indica\u00e7\u00e3o", "autoria": "Fio Bertotti", "texto_original": "http://sapl.ivaipora.pr.leg.br/media/sapl/public/materialegislativa/2022/10177/08012025155324arquivo_indicacao_758-2022.pdf", "ementa": "EMERSON DA SILVA BERTOTTI, vereador infra-assinado, em pleno exerc\u00edcio de seu mandato parlamentar, vem mui respeitosamente atrav\u00e9s dessa Presid\u00eancia, INDICAR ao Senhor Prefeito Municipal Luiz Carlos Gil, que por meio do Departamento Competente, providencie recape asf\u00e1ltico sobre as pedras irregulares nas ruas Nilo Pe\u00e7anha e Ivo Merico, ambas no Jardim Belo Horizonte."}, {"id": "10178", "ano": "2022", "numero": "759", "tipo__sigla": "IND", "tipo__descricao": "Indica\u00e7\u00e3o", "autoria": "Jaffer Ferreira", "texto_original": "http://sapl.ivaipora.pr.leg.br/media/", "ementa": "JAFFER G. SAGANSKI FERREIRA, vereador infra-assinado, em pleno exerc\u00edcio de seu mandato parlamentar, vem mui respeitosamente atrav\u00e9s dessa Presid\u00eancia, INDICAR ao Senhor Prefeito Municipal, para que determine ao Departamento competente, para que fa\u00e7a um estudo na Rua Mangueiras com Avenida Maranh\u00e3o para instalar um sem\u00e1foro neste local tem muito fluxos de ve\u00edculos."}, {"id": "10179", "ano": "2022", "numero": "760", "tipo__sigla": "IND", "tipo__descricao": "Indica\u00e7\u00e3o", "autoria": "Jaffer Ferreira", "texto_original": "http://sapl.ivaipora.pr.leg.br/media/sapl/public/materialegislativa/2022/10179/08012025155620arquivo_indicacao_760-2022.pdf", "ementa": "JAFFER G. SAGANSKI FERREIRA, vereador infra-assinado, em pleno exerc\u00edcio de seu mandato parlamentar, vem mui respeitosamente atrav\u00e9s dessa Presid\u00eancia, INDICAR ao Senhor Prefeito Municipal, para que determine ao Departamento competente, para fazer um recape na avenida Maranh\u00e3 no trecho da avenida Paran\u00e1 at\u00e9 rua Alvorada."}, {"id": "10180", "ano": "2022", "numero": "761", "tipo__sigla": "IND", "tipo__descricao": "Indica\u00e7\u00e3o", "autoria": "Jaffer Ferreira", "texto_original": "http://sapl.ivaipora.pr.leg.br/media/sapl/public/materialegislativa/2022/10180/08012025160027arquivo_indicacao_761-2022.pdf", "ementa": "JAFFER G. SAGANSKI FERREIRA, vereador infra-assinado, em pleno exerc\u00edcio de seu mandato parlamentar, vem mui respeitosamente atrav\u00e9s dessa Presid\u00eancia, INDICAR ao Senhor Prefeito Municipal, para que determine ao Departamento competente, para arruma o alambrado do campo sint\u00e9tico no Jardim bot\u00e2nico para a popula\u00e7\u00e3o possa usar no final de ano."}, {"id": "10181", "ano": "2022", "numero": "762", "tipo__sigla": "IND", "tipo__descricao": "Indica\u00e7\u00e3o", "autoria": "Josane Disner", "texto_original": "http://sapl.ivaipora.pr.leg.br/media/sapl/public/materialegislativa/2022/10181/08012025160110arquivo_indicacao_762-2022.pdf", "ementa": "JOSANE GORETE DISNER TEIXEIRA, vereadora infra-assinado, em pleno exerc\u00edcio de seu mandato parlamentar, vem mui respeitosamente atrav\u00e9s dessa Presid\u00eancia, INDICAR ao Senhor Prefeito Municipal, que providencie o recape asf\u00e1ltico na Rua Marechal Deodoro da Fonseca Jardim Luiz XV."}, {"id": "10182", "ano": "2022", "numero": "763", "tipo__sigla": "IND", "tipo__descricao": "Indica\u00e7\u00e3o", "autoria": "Jaffer Ferreira", "texto_original": "http://sapl.ivaipora.pr.leg.br/media/sapl/public/materialegislativa/2022/10182/08012025160229arquivo_indicacao_763-2022.pdf", "ementa": "JAFFER G. SAGANSKI FERREIRA, vereador infra-assinado, em pleno exerc\u00edcio de seu mandato parlamentar, vem mui respeitosamente atrav\u00e9s dessa Presid\u00eancia, INDICAR ao Senhor Prefeito Municipal, para que determine ao Departamento competente, para atender o pedido dos moradores da rua It\u00e1lia enfrente o n\u00ba 55 bairro Jardim Europa precisa arrumar a tampa do bueiro que caiu. Foto em anexo."}, {"id": "10183", "ano": "2022", "numero": "764", "tipo__sigla": "IND", "tipo__descricao": "Indica\u00e7\u00e3o", "autoria": "Z\u00e9 Maria", "texto_original": "http://sapl.ivaipora.pr.leg.br/media/sapl/public/materialegislativa/2022/10183/08012025160355arquivo_indicacao_764-2022.pdf", "ementa": "JOSE MARIA CARNEIRO, vereador infra-assinado, em pleno exerc\u00edcio de seu mandato parlamentar, vem mui respeitosamente atrav\u00e9s dessa Presid\u00eancia, INDICAR ao Senhor Prefeito Municipal, que por meio do Departamento competente providencie a coloca\u00e7\u00e3o da tampa boca de lobo quebrada na Rua Manoel de Nobrega esquina com Av Ladislao Gil Fernandes Fotos anexas"}, {"id": "10184", "ano": "2022", "numero": "765", "tipo__sigla": "IND", "tipo__descricao": "Indica\u00e7\u00e3o", "autoria": "Josane Disner", "texto_original": "http://sapl.ivaipora.pr.leg.br/media/sapl/public/materialegislativa/2022/10184/08012025161014arquivo_indicacao_765-2022.pdf", "ementa": "JOSANE GORETE DISNER TEIXEIRA, vereadora infra-assinado, em pleno exerc\u00edcio de seu mandato parlamentar, vem mui respeitosamente atrav\u00e9s dessa Presid\u00eancia, INDICAR ao Senhor Prefeito Municipal, que providencie o \u201cIvaipor\u00e3 em A\u00e7\u00e3o\u201d no Bairro Jardim Luiz XV."}, {"id": "10185", "ano": "2022", "numero": "766", "tipo__sigla": "IND", "tipo__descricao": "Indica\u00e7\u00e3o", "autoria": "Fio Bertotti", "texto_original": "http://sapl.ivaipora.pr.leg.br/media/sapl/public/materialegislativa/2022/10185/08012025161301arquivo_indicacao_766-2022.pdf", "ementa": "EMERSON DA SILVA BERTOTTI, vereador infra-assinado, em pleno exerc\u00edcio de seu mandato parlamentar, vem mui respeitosamente atrav\u00e9s dessa Presid\u00eancia, INDICAR ao Senhor Prefeito Municipal Luiz Carlos Gil, que por meio do Departamento Competente, providencie recape asf\u00e1ltico sobre as pedras irregulares nas Ruas Arara e Arapongas, no Distrito de Alto Por\u00e3."}, {"id": "10186", "ano": "2022", "numero": "767", "tipo__sigla": "IND", "tipo__descricao": "Indica\u00e7\u00e3o", "autoria": "Vila Real", "texto_original": "http://sapl.ivaipora.pr.leg.br/media/sapl/public/materialegislativa/2022/10186/08012025161357arquivo_indicacao_767-2022.pdf", "ementa": "ANTONIO VILA REAL, infra-assinado, em pleno exerc\u00edcio de seu mandato parlamentar, vem mui respeitosamente atrav\u00e9s dessa Presid\u00eancia, INDICAR ao Senhor Prefeito Municipal, que por meio do Departamento competente, providencie um redutor de velocidade na Rua Clara Storoski pr\u00f3ximo ao n\u00ba129, Vila S\u00e3o Jos\u00e9."}, {"id": "10187", "ano": "2022", "numero": "768", "tipo__sigla": "IND", "tipo__descricao": "Indica\u00e7\u00e3o", "autoria": "Vila Real", "texto_original": "http://sapl.ivaipora.pr.leg.br/media/sapl/public/materialegislativa/2022/10187/08012025161501arquivo_indicacao_768-2022.pdf", "ementa": "ANTONIO VILA REAL, infra-assinado, em pleno exerc\u00edcio de seu mandato parlamentar, vem mui respeitosamente atrav\u00e9s dessa Presid\u00eancia, INDICAR ao Senhor Prefeito Municipal, que por meio do Departamento competente, providencie um redutor de velocidade na Rua Lea Valviverde Pirolo na altura do cheiro verde, Jardim Belo Horizonte."}, {"id": "10188", "ano": "2022", "numero": "769", "tipo__sigla": "IND", "tipo__descricao": "Indica\u00e7\u00e3o", "autoria": "Carniato", "texto_original": "http://sapl.ivaipora.pr.leg.br/media/sapl/public/materialegislativa/2022/10188/08012025161916arquivo_indicacao_769-2022.pdf", "ementa": "JOS\u00c9 MAURINO CARNIATO, vereador infra-assinado, em pleno exerc\u00edcio de seu mandato parlamentar, vem mui respeitosamente atrav\u00e9s dessa Presid\u00eancia, INDICAR ao Senhor Prefeito Municipal, que por meio do Departamento competente, providencie a limpeza do terreno p\u00fablico que est\u00e1 com mato alto, trazendo transtorno aos moradores da Rua Rui Barbosa, no Parque Residencial Belo Horizonte."}, {"id": "10189", "ano": "2022", "numero": "770", "tipo__sigla": "IND", "tipo__descricao": "Indica\u00e7\u00e3o", "autoria": "Carniato", "texto_original": "http://sapl.ivaipora.pr.leg.br/media/sapl/public/materialegislativa/2022/10189/08012025162011arquivo_indicacao_770-2022.pdf", "ementa": "JOS\u00c9 MAURINO CARNIATO, vereador infra-assinado, em pleno exerc\u00edcio de seu mandato parlamentar, vem mui respeitosamente atrav\u00e9s dessa Presid\u00eancia, INDICAR ao Senhor Prefeito Municipal, que por meio do Departamento competente, providencie a constru\u00e7\u00e3o de lombada na Av. Maranh\u00e3o em frente ao n\u00famero 3395, para atender reivindica\u00e7\u00e3o dos moradores."}, {"id": "10190", "ano": "2022", "numero": "771", "tipo__sigla": "IND", "tipo__descricao": "Indica\u00e7\u00e3o", "autoria": "Carniato", "texto_original": "http://sapl.ivaipora.pr.leg.br/media/sapl/public/materialegislativa/2022/10190/08012025162113arquivo_indicacao_771-2022.pdf", "ementa": "JOS\u00c9 MAURINO CARNIATO, vereador infra-assinado, em pleno exerc\u00edcio de seu mandato parlamentar, vem mui respeitosamente atrav\u00e9s dessa Presid\u00eancia, INDICAR ao Senhor Prefeito Municipal, que por meio do Departamento competente, providencie recape asf\u00e1ltico nas ruas: Marginal Direita, General Os\u00f3rio, Visconde do Rio Branco e Joaquim Nabuco, todas no Parque Residencial Belo Horizonte."}, {"id": "10191", "ano": "2022", "numero": "772", "tipo__sigla": "IND", "tipo__descricao": "Indica\u00e7\u00e3o", "autoria": "Jaffer Ferreira", "texto_original": "http://sapl.ivaipora.pr.leg.br/media/sapl/public/materialegislativa/2022/10191/08012025162210arquivo_indicacao_772-2022.pdf", "ementa": "JAFFER G. SAGANSKI FERREIRA, vereador infra-assinado, em pleno exerc\u00edcio de seu mandato parlamentar, vem mui respeitosamente atrav\u00e9s dessa Presid\u00eancia, INDICAR ao Senhor Prefeito Municipal, para que determine ao Departamento competente, para que fa\u00e7a um estacionamento e cal\u00e7amento na frente da UBS da Vila Monte Castelo. Foto em anexo."}, {"id": "10192", "ano": "2022", "numero": "773", "tipo__sigla": "IND", "tipo__descricao": "Indica\u00e7\u00e3o", "autoria": "Carniato", "texto_original": "http://sapl.ivaipora.pr.leg.br/media/", "ementa": "JOS\u00c9 MAURINO CARNIATO, vereador infra-assinado, em pleno exerc\u00edcio de seu mandato parlamentar, vem mui respeitosamente atrav\u00e9s dessa Presid\u00eancia, INDICAR ao Senhor Prefeito Municipal, que por meio do Departamento competente, analise e providencie a constru\u00e7\u00e3o de um redutor de velocidade na Rua Plac\u00eddio Miranda ,Vila Oper\u00e1ria , para atender reivindica\u00e7\u00e3o dos moradores."}, {"id": "10193", "ano": "2022", "numero": "774", "tipo__sigla": "IND", "tipo__descricao": "Indica\u00e7\u00e3o", "autoria": "Jaffer Ferreira", "texto_original": "http://sapl.ivaipora.pr.leg.br/media/sapl/public/materialegislativa/2022/10193/08012025162341arquivo_indicacao_774-2022.pdf", "ementa": "JAFFER G. SAGANSKI FERREIRA, vereador infra-assinado, em pleno exerc\u00edcio de seu mandato parlamentar, vem mui respeitosamente atrav\u00e9s dessa Presid\u00eancia, INDICAR ao Senhor Prefeito Municipal, para que determine ao Departamento competente, para que fa\u00e7a um reparo na tampa de bueiro na rua S\u00e3o Mateus no bairro Monte Castelo. Foto em anexo."}, {"id": "10194", "ano": "2022", "numero": "775", "tipo__sigla": "IND", "tipo__descricao": "Indica\u00e7\u00e3o", "autoria": "Jaffer Ferreira", "texto_original": "http://sapl.ivaipora.pr.leg.br/media/sapl/public/materialegislativa/2022/10194/08012025162439arquivo_indicacao_775-2022.pdf", "ementa": "JAFFER G. SAGANSKI FERREIRA, vereador infra-assinado, em pleno exerc\u00edcio de seu mandato parlamentar, vem mui respeitosamente atrav\u00e9s dessa Presid\u00eancia, INDICAR ao Senhor Prefeito Municipal, para que determine ao Departamento competente, se poss\u00edvel atender o pedido dos moradores do bairro da vila Santa Maria para que fa\u00e7a uma reforma na passarela e tamb\u00e9m uma limpeza na localidade da marginal do rio da rua Brasil. Foto anexo."}, {"id": "3250", "ano": "2022", "numero": "1", "tipo__sigla": "REQ", "tipo__descricao": "Requerimento", "autoria": "Jaffer Ferreira", "texto_original": "http://sapl.ivaipora.pr.leg.br/media/sapl/public/materialegislativa/2022/3250/requerimento_1-2022_jaffer.pdf", "ementa": "Requer referente ao Projeto de Lei n\u00ba 113/2021 (Lei n\u00ba 3.640, de 24/12/2021), solicita-se a c\u00f3pia integral do procedimento de contrata\u00e7\u00e3o emergencial, bem como a homologa\u00e7\u00e3o das inscri\u00e7\u00f5es e a homologa\u00e7\u00e3o do resultado final, pois estes arquivos n\u00e3o est\u00e3o no portal da transpar\u00eancia, com a devida publicidade."}, {"id": "3251", "ano": "2022", "numero": "2", "tipo__sigla": "REQ", "tipo__descricao": "Requerimento", "autoria": "Vila Real", "texto_original": "http://sapl.ivaipora.pr.leg.br/media/sapl/public/materialegislativa/2022/3251/requerimento_2-2022_vila_real.pdf", "ementa": "Requer, o que se segue: \r\n1) Referente as despesas realizadas em edifica\u00e7\u00e3o de dep\u00f3sito na parte posterior da UPA (Unidade de Pronto Atendimento) de nosso munic\u00edpio, com a devida apresenta\u00e7\u00e3o de c\u00f3pia integral da licita\u00e7\u00e3o e do contrato de execu\u00e7\u00e3o de servi\u00e7o (com material de constru\u00e7\u00e3o utilizado, seja em apartado ou mesmo contrato). \r\n2) Despesas com material de constru\u00e7\u00e3o e m\u00e3o de obra referentes a pintura do pa\u00e7o municipal e a garagem do pa\u00e7o municipal. Apresenta\u00e7\u00e3o da licita\u00e7\u00e3o e empenho do contrato de tais mat\u00e9rias e servi\u00e7os prestados."}, {"id": "6148", "ano": "2022", "numero": "4", "tipo__sigla": "REQ", "tipo__descricao": "Requerimento", "autoria": "Sab\u00e3o - Edivaldo Montanheri", "texto_original": "http://sapl.ivaipora.pr.leg.br/media/sapl/public/materialegislativa/2022/6148/requerimento_no_04-2022.pdf", "ementa": "Um VOTO DE PESAR aos familiares do Senhor Heber Castro da Silva, pelo seu falecimento ocorrido no dia 01 de fevereiro do corrente ano."}, {"id": "3252", "ano": "2022", "numero": "5", "tipo__sigla": "REQ", "tipo__descricao": "Requerimento", "autoria": "Jaffer Ferreira", "texto_original": "http://sapl.ivaipora.pr.leg.br/media/sapl/public/materialegislativa/2022/3252/requerimento_5-2022_jaffer.pdf", "ementa": "Requer o envio deste ao Senhor Prefeito Municipal, para que atrav\u00e9s do Departamento Competente, informe e apresente a esta casa de Leis:\r\n\r\n1.\tNome do funcion\u00e1rio da Empresa Sergio Wegner de Vargas Servi\u00e7os, Cnpj n\u00ba 32.416.922/0001-17 na presta\u00e7\u00e3o de servi\u00e7o terceirizado do transporte coletivo gratuito de Ivaipor\u00e3, conforme disposto no Contrato Administrativo n\u00ba 2159/2020 da Prefeitura Municipal de Ivaipor\u00e3;\r\n2.\tNomes dos funcion\u00e1rios da Empresa Sergio Wegner de Vargas Servi\u00e7os, Cnpj n\u00ba 32.416.922/0001-1, na presta\u00e7\u00e3o de servi\u00e7o de gerais, conforme disposto no Contrato Administrativo n\u00ba 213/2019 da Prefeitura Municipal de Ivaipor\u00e3;"}, {"id": "6150", "ano": "2022", "numero": "6", "tipo__sigla": "REQ", "tipo__descricao": "Requerimento", "autoria": "Jaffer Ferreira", "texto_original": "http://sapl.ivaipora.pr.leg.br/media/sapl/public/materialegislativa/2022/6150/requerimento_no_06-2022.pdf", "ementa": "VOTO DE PESAR aos familiares do Senhor Etson Joaquim de Jesus pelo seu falecimento ocorrido no dia 07 de fevereiro do corrente ano."}, {"id": "6151", "ano": "2022", "numero": "7", "tipo__sigla": "REQ", "tipo__descricao": "Requerimento", "autoria": "Jaffer Ferreira", "texto_original": "http://sapl.ivaipora.pr.leg.br/media/sapl/public/materialegislativa/2022/6151/requerimento_no_07-2022.pdf", "ementa": "VOTO DE PESAR aos familiares do Senhor Davi Teles pelo seu falecimento ocorrido no dia doze de fevereiro corrente ano."}, {"id": "6152", "ano": "2022", "numero": "8", "tipo__sigla": "REQ", "tipo__descricao": "Requerimento", "autoria": "Jaffer Ferreira, Josane Disner, Nando Dorta, Sab\u00e3o - Edivaldo Montanheri, Sandra Mara, Vila Real, Z\u00e9 Maria", "texto_original": "http://sapl.ivaipora.pr.leg.br/media/sapl/public/materialegislativa/2022/6152/requerimento_no_08-2022.pdf", "ementa": "REQUER, ap\u00f3s men\u00e7\u00e3o do Plen\u00e1rio, que seja encaminhada ao Prefeito Municipal em Exerc\u00edcio uma MO\u00c7\u00c3O DE APOIO aos profissionais do magist\u00e9rio, tendo como objetivo o fortalecimento da tramita\u00e7\u00e3o e aprova\u00e7\u00e3o de projeto de lei para concess\u00e3o da reposi\u00e7\u00e3o salarial, possibilitando maior incentivo e valoriza\u00e7\u00e3o dos profissionais, sobretudo quanto a efic\u00e1cia dos direitos e garantias trabalhistas."}, {"id": "6153", "ano": "2022", "numero": "9", "tipo__sigla": "REQ", "tipo__descricao": "Requerimento", "autoria": "Jaffer Ferreira, Josane Disner, Nando Dorta, Sab\u00e3o - Edivaldo Montanheri, Sandra Mara, Vila Real, Z\u00e9 Maria", "texto_original": "http://sapl.ivaipora.pr.leg.br/media/sapl/public/materialegislativa/2022/6153/requerimento_no_09-2022.pdf", "ementa": "Requer o envio deste ao Senhor Prefeito Municipal, para que atrav\u00e9s do Departamento Competente, informe e apresente a esta casa:\r\n1. Conforme consta do portal da Transpar\u00eancia o servidor Fl\u00e1vio Milanezi encontra-se afastado pela licen\u00e7a sem vencimentos desde o dia 01/11/2021, esta C\u00e2mara solicita c\u00f3pia do documento que autorizou a respectiva licen\u00e7a, pois nestes meses o servidor estava prestando/executando servi\u00e7os na fazenda do atual Prefeito Luiz Carlos Gil, e consta ter recebido rendimentos nos meses de novembro e dezembro segundo o Portal da Transpar\u00eancia, pagos pelo Executivo Municipal."}, {"id": "6154", "ano": "2022", "numero": "10", "tipo__sigla": "REQ", "tipo__descricao": "Requerimento", "autoria": "Jaffer Ferreira", "texto_original": "http://sapl.ivaipora.pr.leg.br/media/sapl/public/materialegislativa/2022/6154/requerimento_no_10-2022.pdf", "ementa": "Requerer o envio deste ao senhor Prefeito Municipal, para que atrav\u00e9s do departamento competente informe e apresente a esta Casa de Leis, por meio de documentos impressos, o seguinte: Rela\u00e7\u00e3o dos cargos comissionados que s\u00e3o ocupados por servidores concursados; Rela\u00e7\u00e3o dos cargos comissionados."}, {"id": "6155", "ano": "2022", "numero": "11", "tipo__sigla": "REQ", "tipo__descricao": "Requerimento", "autoria": "Jaffer Ferreira", "texto_original": "http://sapl.ivaipora.pr.leg.br/media/sapl/public/materialegislativa/2022/6155/requerimento_no_11-2022.pdf", "ementa": "REQUER, ap\u00f3s men\u00e7\u00e3o do Plen\u00e1rio, que se lavre nos anais desta Casa Legislativa, uma MO\u00c7\u00c3O DE APLAUSO, para Minam Macedo da Silva Santos pelo excelente trabalho que executa na \u00e1rea da Sa\u00fade, coordenadora de frotas."}, {"id": "6156", "ano": "2022", "numero": "12", "tipo__sigla": "REQ", "tipo__descricao": "Requerimento", "autoria": "Sab\u00e3o - Edivaldo Montanheri", "texto_original": "http://sapl.ivaipora.pr.leg.br/media/sapl/public/materialegislativa/2022/6156/requerimento_no_12-2022.pdf", "ementa": "Requer o envio deste ao senhor Prefeito Municipal, para que atrav\u00e9s do departamento competente informe e apresente a esta Casa de Leis, por meio de documentos impressos, o seguinte: 1. Qual o valor gasto com a Publicidade, no ano de 2021 at\u00e9 a presente data."}, {"id": "6157", "ano": "2022", "numero": "13", "tipo__sigla": "REQ", "tipo__descricao": "Requerimento", "autoria": "Jaffer Ferreira, Josane Disner, Nando Dorta, Sab\u00e3o - Edivaldo Montanheri, Vila Real, Z\u00e9 Maria", "texto_original": "http://sapl.ivaipora.pr.leg.br/media/sapl/public/materialegislativa/2022/6157/requerimento_no_13-2022.pdf", "ementa": "Requer o envio deste ao senhor Prefeito Municipal, para que atrav\u00e9s do departamento competente informe e apresente a esta Casa de Leis, por meio de documentos impressos, o seguinte: Lista dos funcion\u00e1rios que pediram licen\u00e7a pr\u00eamio de 2021 a at\u00e9 presente data; Quantos funcion\u00e1rios tiveram o pedido deferido."}, {"id": "6158", "ano": "2022", "numero": "14", "tipo__sigla": "REQ", "tipo__descricao": "Requerimento", "autoria": "Jaffer Ferreira", "texto_original": "http://sapl.ivaipora.pr.leg.br/media/sapl/public/materialegislativa/2022/6158/requerimento_no_14-2022.pdf", "ementa": "REQUER, ap\u00f3s manifesta\u00e7\u00e3o do Plen\u00e1rio, que seja lavrado pelo egr\u00e9gio Plen\u00e1rio desta Casa de Leis um VOTO DE PESAR aos familiares do Senhor Valmor Mees pelo seu falecimento ocorrido no dia 24 de fevereiro do corrente ano."}, {"id": "6160", "ano": "2022", "numero": "15", "tipo__sigla": "REQ", "tipo__descricao": "Requerimento", "autoria": "Jaffer Ferreira", "texto_original": "http://sapl.ivaipora.pr.leg.br/media/", "ementa": "REQUER, ap\u00f3s manifesta\u00e7\u00e3o do Plen\u00e1rio, que seja lavrado pelo egr\u00e9gio Plen\u00e1rio desta Casa de Leis um VOTO DE PESAR aos familiares do Senhor Leandro Aparecido dos Reis pelo seu falecimento ocorrido no dia 24 de fevereiro corrente ano."}, {"id": "6161", "ano": "2022", "numero": "16", "tipo__sigla": "REQ", "tipo__descricao": "Requerimento", "autoria": "Carniato, Fio Bertotti, Gertrudes, Jaffer Ferreira, Josane Disner, Nando Dorta, Sab\u00e3o - Edivaldo Montanheri, Vila Real, Z\u00e9 Maria", "texto_original": "http://sapl.ivaipora.pr.leg.br/media/sapl/public/materialegislativa/2022/6161/requerimento_no_16-2022.pdf", "ementa": "REQUER, ap\u00f3s manifesta\u00e7\u00e3o do Plen\u00e1rio, que seja lavrado pelo egr\u00e9gio Plen\u00e1rio desta Casa de Leis um VOTO DE PESAR aos familiares do Senhora Alzeni Duarte Ramos pelo seu falecimento ocorrido no dia 02 de mar\u00e7o do corrente ano."}, {"id": "6162", "ano": "2022", "numero": "17", "tipo__sigla": "REQ", "tipo__descricao": "Requerimento", "autoria": "Josane Disner, Nando Dorta, Sab\u00e3o - Edivaldo Montanheri, Z\u00e9 Maria", "texto_original": "http://sapl.ivaipora.pr.leg.br/media/sapl/public/materialegislativa/2022/6162/requerimento_no_17-2022.pdf", "ementa": "Requerer o envio deste ao Senhor Prefeito Municipal, para que atrav\u00e9s do Departamento Competente, informe e apresente a esta casa: Documentos impressos: Nome de todos os motoristas do Transporte Coletivo; Documenta\u00e7\u00e3o completa, com licen\u00e7a para dirigir os ve\u00edculos do Transporte Coletivo;"}, {"id": "6163", "ano": "2022", "numero": "18", "tipo__sigla": "REQ", "tipo__descricao": "Requerimento", "autoria": "Josane Disner", "texto_original": "http://sapl.ivaipora.pr.leg.br/media/sapl/public/materialegislativa/2022/6163/requerimento_no_18-2022.pdf", "ementa": "REQUER, ap\u00f3s manifesta\u00e7\u00e3o do Plen\u00e1rio, que seja lavrado pelo egr\u00e9gio Plen\u00e1rio desta Casa de Leis um VOTO DE PESAR aos familiares da Senhora ANA SIMEONI DE QUADROS, pelo seu falecimento ocorrido no dia 03 de mar\u00e7o do corrente ano."}, {"id": "6164", "ano": "2022", "numero": "19", "tipo__sigla": "REQ", "tipo__descricao": "Requerimento", "autoria": "Fio Bertotti, Nando Dorta", "texto_original": "http://sapl.ivaipora.pr.leg.br/media/sapl/public/materialegislativa/2022/6164/requerimento_no_19-2022.pdf", "ementa": "REQUER, ap\u00f3s manifesta\u00e7\u00e3o do Plen\u00e1rio, que seja lavrado pelo egr\u00e9gio Plen\u00e1rio desta Casa de Leis um VOTO DE PESAR aos familiares da Senhor FINEL\u00c3O TEIXEIRA DOS SANTOS (conhecido como NON() BAIANO), pelo seu falecimento ocorrido no dia 09 de mar\u00e7o do corrente ano."}, {"id": "6165", "ano": "2022", "numero": "20", "tipo__sigla": "REQ", "tipo__descricao": "Requerimento", "autoria": "Gertrudes", "texto_original": "http://sapl.ivaipora.pr.leg.br/media/sapl/public/materialegislativa/2022/6165/requerimento_no_20-2022.pdf", "ementa": "REQUER, ap\u00f3s men\u00e7\u00e3o do Plen\u00e1rio, que se lavre nos anais desta Casa Legislativa, uma MO\u00c7\u00c3O DE APLAUSO, a Banda de Rock Contra Regras, pelos relevantes servi\u00e7os prestados ao munic\u00edpio de Ivaipor\u00e3. A Banda \u00e9 formada pelos seguintes integrantes:\r\nRiel Braz da Paix\u00e3o - Vocalista\r\nAdriano Jos\u00e9 de Souza da Silva - Baixista\r\nTiago Alves Scarelli - Guitarrista\r\nEdgar Luciano Duran - Baterista"}, {"id": "6166", "ano": "2022", "numero": "21", "tipo__sigla": "REQ", "tipo__descricao": "Requerimento", "autoria": "Jaffer Ferreira", "texto_original": "http://sapl.ivaipora.pr.leg.br/media/sapl/public/materialegislativa/2022/6166/requerimento_no_21-2022.pdf", "ementa": "Solicitar ao Executivo Municipal, rela\u00e7\u00e3o dos\r\n\u2022 servidores que solicitaram licen\u00e7a em novembro e dezembro de 2020, constando c\u00f3pia da documenta\u00e7\u00e3o que originou a concess\u00e3o da licen\u00e7a e todas as publica\u00e7\u00f5es das concess\u00f5es."}, {"id": "6167", "ano": "2022", "numero": "22", "tipo__sigla": "REQ", "tipo__descricao": "Requerimento", "autoria": "Fio Bertotti", "texto_original": "http://sapl.ivaipora.pr.leg.br/media/sapl/public/materialegislativa/2022/6167/requerimento_no_22-2022.pdf", "ementa": "REQUER, ap\u00f3s manifesta\u00e7\u00e3o do Plen\u00e1rio, que seja lavrado pelo egr\u00e9gio Plen\u00e1rio desta Casa de Leis um VOTO DE PESAR aos familiares da senhora Joaquina Oliveira Vanzela, pelo seu falecimento ocorrido no dia 15 de mar\u00e7o do corrente ano."}, {"id": "6168", "ano": "2022", "numero": "23", "tipo__sigla": "REQ", "tipo__descricao": "Requerimento", "autoria": "Carniato, Fio Bertotti, Gertrudes, Jaffer Ferreira, Josane Disner, Nando Dorta, Sab\u00e3o - Edivaldo Montanheri, Vila Real, Z\u00e9 Maria", "texto_original": "http://sapl.ivaipora.pr.leg.br/media/sapl/public/materialegislativa/2022/6168/requerimento_no_23-2022.pdf", "ementa": "REQUER, ap\u00f3s manifesta\u00e7\u00e3o do Plen\u00e1rio, que seja lavrado pelo egr\u00e9gio Plen\u00e1rio desta Casa de Leis um VOTO DE PESAR aos familiares da senhora Viviane Ricken da Costa pelo seu falecimento ocorrido no dia 23 de mar\u00e7o do corrente ano."}, {"id": "6169", "ano": "2022", "numero": "24", "tipo__sigla": "REQ", "tipo__descricao": "Requerimento", "autoria": "Fio Bertotti", "texto_original": "http://sapl.ivaipora.pr.leg.br/media/sapl/public/materialegislativa/2022/6169/requerimento_no_24-2022.pdf", "ementa": "REQUER, ap\u00f3s men\u00e7\u00e3o do Plen\u00e1rio, que se lavre nos anais desta Casa Legislativa, uma MO\u00c7\u00c3O DE APLAUSO, para o Sr. Alessander Wesley Francisco Sanches (Treta campe\u00e3o) e a Sra. S\u00edlvia Ribeiro Nardi Sanches (Pentacampe\u00e3) pelo excelente desempenho no Campeonato Paranaense de Ciclismo."}, {"id": "6170", "ano": "2022", "numero": "25", "tipo__sigla": "REQ", "tipo__descricao": "Requerimento", "autoria": "Josane Disner", "texto_original": "http://sapl.ivaipora.pr.leg.br/media/sapl/public/materialegislativa/2022/6170/requerimento_no_25-2022.pdf", "ementa": "Requer o envio deste ao Senhor Prefeito Municipal, para que atrav\u00e9s do Departamento Competente, informe e apresente a esta casa de Leis:\r\nNome dos funcion\u00e1rios respons\u00e1veis pelo cemit\u00e9rio Municipal;\r\nCargo e fun\u00e7\u00e3o de cada funcion\u00e1rio;\r\nQual Secretaria ou Departamento que \u00e9 respons\u00e1vel pela limpeza do Cemit\u00e9rio Municipal;"}, {"id": "6171", "ano": "2022", "numero": "26", "tipo__sigla": "REQ", "tipo__descricao": "Requerimento", "autoria": "Josane Disner", "texto_original": "http://sapl.ivaipora.pr.leg.br/media/sapl/public/materialegislativa/2022/6171/requerimento_no_26-2022.pdf", "ementa": "Requer o envio deste ao Senhor Prefeito Municipal,\r\n\u2022 para que atrav\u00e9s do Departamento Competente, informe e apresente a esta casa de Leis:\r\nNome das empresas terceirizadas contratadas para prestar servi\u00e7os no Renascer, Casa de Viv\u00eancia e centro da Juventude;\r\nListagem contendo os nomes, grau de escolaridade e fun\u00e7\u00e3o exercida pelos contratados."}, {"id": "6172", "ano": "2022", "numero": "27", "tipo__sigla": "REQ", "tipo__descricao": "Requerimento", "autoria": "Jaffer Ferreira", "texto_original": "http://sapl.ivaipora.pr.leg.br/media/sapl/public/materialegislativa/2022/6172/requerimento_no_27-2022.pdf", "ementa": "REQUER, ap\u00f3s manifesta\u00e7\u00e3o do Plen\u00e1rio, que seja lavrado pelo egr\u00e9gio Plen\u00e1rio desta Casa de Leis um VOTO DE PESAR aos familiares do Senhor da Ant\u00f4nio Alarcon (Sarrafo) pelo seu falecimento ocorrido no dia 03 de abril corrente ano."}, {"id": "6173", "ano": "2022", "numero": "28", "tipo__sigla": "REQ", "tipo__descricao": "Requerimento", "autoria": "Fio Bertotti", "texto_original": "http://sapl.ivaipora.pr.leg.br/media/sapl/public/materialegislativa/2022/6173/requerimento_no_28-2022.pdf", "ementa": "REQUER, ap\u00f3s manifesta\u00e7\u00e3o do Plen\u00e1rio, que seja lavrado pelo egr\u00e9gio Plen\u00e1rio desta Casa de Leis um VOTO DE PESAR aos familiares do senhor Jo\u00e3o Si lv\u00e9rio, pelo seu falecimento ocorrido no dia 04 de abril do corrente ano."}, {"id": "6174", "ano": "2022", "numero": "29", "tipo__sigla": "REQ", "tipo__descricao": "Requerimento", "autoria": "Josane Disner", "texto_original": "http://sapl.ivaipora.pr.leg.br/media/sapl/public/materialegislativa/2022/6174/requerimento_no_29-2022.pdf", "ementa": "Requer o envio deste ao Senhor Prefeito Municipal, para que atrav\u00e9s do Departamento Competente, informe e apresente a esta Casa de Leis, quais as provid\u00eancias OU medidas est\u00e3o sendo tomadas pela administra\u00e7\u00e3o p\u00fablica municipal em rela\u00e7\u00e3o a seguran\u00e7a no tr\u00e2nsito."}, {"id": "6175", "ano": "2022", "numero": "30", "tipo__sigla": "REQ", "tipo__descricao": "Requerimento", "autoria": "Josane Disner", "texto_original": "http://sapl.ivaipora.pr.leg.br/media/", "ementa": "em atendimento ao disposto na Resolu\u00e7\u00e3o n\u00b0 8/2021, requerer as seguintes informa\u00e7\u00f5es:\r\nSe j\u00e1 iniciou o procedimento licitat\u00f3rio para a contrata\u00e7\u00e3o de um int\u00e9rprete de Libras para as Sess\u00f5es da C\u00e2mara de Ivaipor\u00e3, com objetivo de facilitar a comunica\u00e7\u00e3o, garantindo o acesso \u00e0 informa\u00e7\u00e3o para a pessoa surda que se comunica por meio da L\u00edngua Brasileira de Sinais?\r\nSe n\u00e3o foi iniciado o procedimento licitat\u00f3rio, quando ser\u00e1\r\niniciado?\r\n3) Qual a previs\u00e3o para que o interprete de Libras esteja atuando efetivamente nas Sess\u00f5es desta Casa?"}, {"id": "6176", "ano": "2022", "numero": "31", "tipo__sigla": "REQ", "tipo__descricao": "Requerimento", "autoria": "Jaffer Ferreira", "texto_original": "http://sapl.ivaipora.pr.leg.br/media/sapl/public/materialegislativa/2022/6176/requerimento_no_31-2022.pdf", "ementa": "REQUER, ap\u00f3s men\u00e7\u00e3o do Plen\u00e1rio, que se lavre nos anais desta Casa Legislativa, uma MO\u00c7\u00c3O DE APLAUSO, para LUIZ FELIPE BILK HEMKEMEIER E AVELINO HEMKEMEIER (mestre em churrasco), pelo trabalho que est\u00e1 realizando aqui na Cidade de Ivaipor\u00e3 e Regi\u00e3o."}, {"id": "6177", "ano": "2022", "numero": "32", "tipo__sigla": "REQ", "tipo__descricao": "Requerimento", "autoria": "Fio Bertotti", "texto_original": "http://sapl.ivaipora.pr.leg.br/media/sapl/public/materialegislativa/2022/6177/requerimento_no_32-2022.pdf", "ementa": "REQUER, ap\u00f3s manifesta\u00e7\u00e3o do Plen\u00e1rio, que seja lavrado pelo egr\u00e9gio Plen\u00e1rio desta Casa de Leis um VOTO DE PESAR aos familiares do senhor Aristino Prado, pelo seu falecimento ocorrido no dia 13 de abril do corrente ano."}, {"id": "6178", "ano": "2022", "numero": "33", "tipo__sigla": "REQ", "tipo__descricao": "Requerimento", "autoria": "Jaffer Ferreira", "texto_original": "http://sapl.ivaipora.pr.leg.br/media/sapl/public/materialegislativa/2022/6178/requerimento_no_33-2022.pdf", "ementa": "REQUER, ap\u00f3s manifesta\u00e7\u00e3o do Plen\u00e1rio, que seja lavrado pelo egr\u00e9gio Plen\u00e1rio desta Casa de Leis um VOTO DE PESAR aos familiares do senhor Aristino Prado, pelo seu falecimento ocorrido no dia 13 de abril do corrente ano."}, {"id": "6179", "ano": "2022", "numero": "34", "tipo__sigla": "REQ", "tipo__descricao": "Requerimento", "autoria": "Fio Bertotti", "texto_original": "http://sapl.ivaipora.pr.leg.br/media/sapl/public/materialegislativa/2022/6179/requerimento_no_34-2022.pdf", "ementa": "vem mui respeitosamente perante Vossa Excel\u00eancia requerer:\r\n1) Requer ao Ilmo. Senhor Prefeito, em conformidade com o artigo 181, inciso I do Regimento Interno da C\u00e2mara de Vereadores, com prazo improrrog\u00e1vel de 15 dias corridos, por interm\u00e9dio da secret\u00e1ria respons\u00e1vel pela Secret\u00e1ria de Sa\u00fade do Munic\u00edpio de Ivaipor\u00e3, nos seguintes termos:\r\n) O n\u00famero exato de agentes de sa\u00fade lotados no setor de endemias (ativos), sejam eles concursados, processo seletivo ou cargo comissionado (se houver);\r\nDiante o n\u00famero de agentes informar o local ou locais de atividade dos mesmos;\r\nRequer apresenta\u00e7\u00e3o de estudo sobre n\u00famero de agentes de endemias necess\u00e1rios para atuar no munic\u00edpio para atendimento satisfat\u00f3rio da popula\u00e7\u00e3o."}, {"id": "6180", "ano": "2022", "numero": "35", "tipo__sigla": "REQ", "tipo__descricao": "Requerimento", "autoria": "Josane Disner", "texto_original": "http://sapl.ivaipora.pr.leg.br/media/sapl/public/materialegislativa/2022/6180/requerimento_no_35-2022.pdf", "ementa": "Requer o envio deste ao Senhor Prefeito Municipal, para que atrav\u00e9s do departamento competente, informe e apresente a esta Casa:\r\nEsclarecimentos quanto \u00e0s medidas adotadas para melhor condi\u00e7\u00e3o de habitabilidade dos animais de rua?\r\nQual a quantidade de animais castrados no ano de 2022?\r\nQuais os projetos que est\u00e3o sendo desenvolvidos em rela\u00e7\u00e3o as palestras educacionais sobre maus tratos aos animais?\r\nalgum projeto para oferecer atendimento veterin\u00e1rio gratuito em nosso Munic\u00edpio?\r\nH\u00e1 algum projeto para redu\u00e7\u00e3o de animais nas ruas?\r\nQual medida ser\u00e1 tomada para a mudan\u00e7a do local do Canil\r\nde nosso Munic\u00edpio?"}, {"id": "6181", "ano": "2022", "numero": "36", "tipo__sigla": "REQ", "tipo__descricao": "Requerimento", "autoria": "Nando Dorta", "texto_original": "http://sapl.ivaipora.pr.leg.br/media/sapl/public/materialegislativa/2022/6181/requerimento_no_36-2022.pdf", "ementa": "Ao Ilmo. Senhor Prefeito, em conformidade com o artigo 181, inciso I do Regimento Interno da C\u00e2mara de Vereadores, com prazo improrrog\u00e1vel de 15 dias corridos, por interm\u00e9dio da diretoria respons\u00e1vel pelo Departamento Municipal de Assist\u00eancia Social, nos seguintes termos:\r\nQuais os itens e quantidade de alimentos disponibilizados nas cestas b\u00e1sicas fornecidas a popula\u00e7\u00e3o em situa\u00e7\u00e3o de vulnerabilidade social pelo Departamento de Assist\u00eancia Social."}, {"id": "6189", "ano": "2022", "numero": "37", "tipo__sigla": "REQ", "tipo__descricao": "Requerimento", "autoria": "Jaffer Ferreira", "texto_original": "http://sapl.ivaipora.pr.leg.br/media/sapl/public/materialegislativa/2022/6189/requerimento_no_37-2022.pdf", "ementa": "solicita-se ao departamento do Meio Ambiente:\r\nC\u00f3pia do Estatuto da Cooperativa Coopemari;\r\nRela\u00e7\u00e3o dos Membros da Diret\u00f3ria e seus suplentes;\r\nPlanilha de entrada e sa\u00edda de materiais;\r\nPlanilha da divis\u00e3o dos cooperados quanto cada um recebe;\r\nQuantidades de cooperados;\r\nValor repassado pela Prefeitura;\r\nQual motivo a Prensa foi vendida;\r\nOque foi feito com o dinheiro, quanto cada cooperado recebeu do rateio da Prensa;"}, {"id": "6191", "ano": "2022", "numero": "38", "tipo__sigla": "REQ", "tipo__descricao": "Requerimento", "autoria": "Jaffer Ferreira", "texto_original": "http://sapl.ivaipora.pr.leg.br/media/sapl/public/materialegislativa/2022/6191/requerimento_no_38-2022.pdf", "ementa": "requerer as seguintes informa\u00e7\u00f5es:\r\nI) Qual foi a justificativa para o indeferimento do meu requerimento para participar do curso \"Elabora\u00e7\u00e3o e Fiscaliza\u00e7\u00e3o na Execu\u00e7\u00e3o do Or\u00e7amento P\u00fablico e Pol\u00edtica Remunerat\u00f3ria dos Munic\u00edpios\", que foi ministrado pela empresa Unicursos Capacita\u00e7\u00e3o e Treinamento LTDA, requerido em 18 de abril do corrente ano?\r\n2) Qual foi a justificativa para o deferimento do mesmo curso ao outro vereador desta Casa?"}, {"id": "6192", "ano": "2022", "numero": "39", "tipo__sigla": "REQ", "tipo__descricao": "Requerimento", "autoria": "Gertrudes", "texto_original": "http://sapl.ivaipora.pr.leg.br/media/sapl/public/materialegislativa/2022/6192/requerimento_no_39-2022.pdf", "ementa": "REQUER, ap\u00f3s men\u00e7\u00e3o do Plen\u00e1rio, que se lavre nos anais desta Casa Legislativa, uma MO\u00c7\u00c3O DE APLAUSO, ao senhor Sargento Rogerio Bossoni (Patrulha Escolar) e ao Soldado Rodrigo Serafim (PROED) pelos relevantes servi\u00e7os prestados ao munic\u00edpio de Ivaipor\u00e3."}, {"id": "6194", "ano": "2022", "numero": "40", "tipo__sigla": "REQ", "tipo__descricao": "Requerimento", "autoria": "Josane Disner", "texto_original": "http://sapl.ivaipora.pr.leg.br/media/sapl/public/materialegislativa/2022/6194/requerimento_no_40-2022.pdf", "ementa": "Requerer o envio deste ao Senhor Prefeito Municipal, para que atrav\u00e9s do departamento competente, informe e apresente a esta Casa:\r\nPor qual raz\u00e3o n\u00e3o foi efetuado o rateio do FUNDEB, sendo que em v\u00e1rios munic\u00edpios j\u00e1 houve a divis\u00e3o.\r\nA Lei 14.276, prev\u00ea o rateio do Fundo de Manuten\u00e7\u00e3o e Desenvolvimento da Educa\u00e7\u00e3o B\u00e1sica e de Valoriza\u00e7\u00e3o dos Profissionais da Educa\u00e7\u00e3o (Fundeb), gostaria de solicitar informa\u00e7\u00f5es sobre as despesas que foram pagas com o referido dinheiro no ano de 2021."}, {"id": "6199", "ano": "2022", "numero": "41", "tipo__sigla": "REQ", "tipo__descricao": "Requerimento", "autoria": "Gertrudes", "texto_original": "http://sapl.ivaipora.pr.leg.br/media/sapl/public/materialegislativa/2022/6199/requerimento_no_41-2022.pdf", "ementa": "REQUER, ap\u00f3s men\u00e7\u00e3o do Plen\u00e1rio, que se lavre nos anais desta Casa Legislativa, uma MO\u00c7\u00c3O DE APLAUSO, ao Sr. Ricardo Rodrigues de Souza, pelos relevantes servi\u00e7os prestados ao Munic\u00edpio de Ivaipor\u00e3."}, {"id": "6200", "ano": "2022", "numero": "42", "tipo__sigla": "REQ", "tipo__descricao": "Requerimento", "autoria": "Josane Disner", "texto_original": "http://sapl.ivaipora.pr.leg.br/media/sapl/public/materialegislativa/2022/6200/requerimento_no_42-2022.pdf", "ementa": "solicitar que informe e apresente a esta Casa de Leis:\r\nCronograma, das fases e etapas do concurso p\u00fablico previsto para o ano de 2022, em qual fase se encontra atualmente? Qual a data prevista para o lan\u00e7amento do Edital?\r\nQuais os servidores que s\u00e3o membros da Comiss\u00e3o do Concurso? Quantos e quais s\u00e3o efetivos e quantos e quais s\u00e3o cargos comissionados?\r\nQual a participa\u00e7\u00e3o da Diretora de Administra\u00e7\u00e3o (Cla\u00fadia Rech) e Gerente de Recursos Humanos (Camila Wilt) na organiza\u00e7\u00e3o do concurso?"}, {"id": "6259", "ano": "2022", "numero": "43", "tipo__sigla": "REQ", "tipo__descricao": "Requerimento", "autoria": "Jaffer Ferreira", "texto_original": "http://sapl.ivaipora.pr.leg.br/media/sapl/public/materialegislativa/2022/6259/requerimento_no_43-2022.pdf", "ementa": "Solicitar as seguintes informa\u00e7\u00f5es acerca do Processo Seletivo Simplificado realizado para ocupa\u00e7\u00e3o de cargos na Secretaria Municipal de Sa\u00fade:\r\nInformar o resultado final do PSS realizado.\r\nInformar os nomes dos contratados e suas classifica\u00e7\u00f5es.\r\nInformar os candidatos que foram classificados e n\u00e3o foram contratados, justificando quais os motivos."}, {"id": "6260", "ano": "2022", "numero": "44", "tipo__sigla": "REQ", "tipo__descricao": "Requerimento", "autoria": "Gertrudes", "texto_original": "http://sapl.ivaipora.pr.leg.br/media/sapl/public/materialegislativa/2022/6260/requerimento_no_44-2022.pdf", "ementa": "REQUER, ap\u00f3s men\u00e7\u00e3o do Plen\u00e1rio, que se lavre nos anais desta Casa Legislativa, uma MO\u00c7\u00c3O DE APLAUSO, aos Sres. Edicarlos Faria Ferreira, Lucas David Dias Le\u00e3o e as Sras. Tatiane dos Santos Marcondes, Vanessa Touzatti da Silva e Josilene Luzia Carniato Cyriaco, pelos relevantes servi\u00e7os prestados ao munic\u00edpio de Ivaipor\u00e3."}, {"id": "6261", "ano": "2022", "numero": "45", "tipo__sigla": "REQ", "tipo__descricao": "Requerimento", "autoria": "Josane Disner", "texto_original": "http://sapl.ivaipora.pr.leg.br/media/sapl/public/materialegislativa/2022/6261/requerimento_no_45-2022.pdf", "ementa": "REQUERER, ap\u00f3s men\u00e7\u00e3o do Plen\u00e1rio, que se lavre nos anais desta Casa Legislativa, uma MO\u00c7\u00c3O DE APLAUSO, a:\r\nIsaltina Crocetta\r\nEleonora Erika Galinatti\r\nBerta Luci Socoloski"}, {"id": "6262", "ano": "2022", "numero": "46", "tipo__sigla": "REQ", "tipo__descricao": "Requerimento", "autoria": "Josane Disner", "texto_original": "http://sapl.ivaipora.pr.leg.br/media/sapl/public/materialegislativa/2022/6262/requerimento_no_46-2022.pdf", "ementa": "solicitar que informe e apresente a esta Casa de Leis:\r\nLista completa com o nome de cada um dos profissionais e m\u00e9dicos que atendem nas Unidades B\u00e1sicas de Sa\u00fade do Munic\u00edpio de Ivaipor\u00e3 e Distritos.\r\nCarga hor\u00e1ria de cada um dos profissionais e m\u00e9dicos que atendem nas Unidades B\u00e1sicas de Sa\u00fade, informar os servidores que trabalham em regime de escala.\r\nInformar quantos pacientes s\u00e3o atendidos em cada uma das Unidades B\u00e1sicas de Sa\u00fade diariamente, qual a cota de atendimentos di\u00e1rios, e quais os procedimentos s\u00e3o realizados.\r\nQual o n\u00famero de agentes de sa\u00fade do munic\u00edpio de Ivaipor\u00e3 atualmente? Cronograma mensal de visitas realizadas de todas as Unidades B\u00e1sicas de Sa\u00fade? Como est\u00e1 o atendimento a pessoas idosas, acamadas, ou com mobilidade reduzida em nosso munic\u00edpio, qual o procedimento realizado para atendimento destes pacientes?\r\nEm rela\u00e7\u00e3o aos crescentes casos de COVID-19 e as recomenda\u00e7\u00f5es contidas do Decreto do Executivo n\u00b0 14.082/2022, que disp\u00f5e sobre ado\u00e7\u00e3o de medidas de preven\u00e7\u00e3"}, {"id": "6264", "ano": "2022", "numero": "47", "tipo__sigla": "REQ", "tipo__descricao": "Requerimento", "autoria": "Vila Real", "texto_original": "http://sapl.ivaipora.pr.leg.br/media/sapl/public/materialegislativa/2022/6264/requerimento_no_47-2022.pdf", "ementa": "solicitar que conforme artigo 240 do Regimento Interno, seja realizada uma altera\u00e7\u00e3o JUSTIFICATIVA ORAL PELO PROPONENTE"}, {"id": "6265", "ano": "2022", "numero": "48", "tipo__sigla": "REQ", "tipo__descricao": "Requerimento", "autoria": "Carniato, Fio Bertotti, Gertrudes, Jaffer Ferreira, Josane Disner, Nando Dorta, Sab\u00e3o - Edivaldo Montanheri, Vila Real, Z\u00e9 Maria", "texto_original": "http://sapl.ivaipora.pr.leg.br/media/sapl/public/materialegislativa/2022/6265/requerimento_no_48-2022.pdf", "ementa": "REQUER, ap\u00f3s manifesta\u00e7\u00e3o do Plen\u00e1rio, que seja lavrado pelo egr\u00e9gio Plen\u00e1rio desta Casa de Leis um VOTO DE PESAR aos familiares do Senhor Valdeci Am\u00e9lio Schmidt pelo seu falecimento ocorrido no dia 10 de junho do corrente ano."}, {"id": "6266", "ano": "2022", "numero": "49", "tipo__sigla": "REQ", "tipo__descricao": "Requerimento", "autoria": "Fio Bertotti", "texto_original": "http://sapl.ivaipora.pr.leg.br/media/sapl/public/materialegislativa/2022/6266/requerimento_no_49-2022.pdf", "ementa": "REQUER, ap\u00f3s manifesta\u00e7\u00e3o do Plen\u00e1rio, que seja lavrado pelo egr\u00e9gio Plen\u00e1rio desta Casa de Leis um VOTO DE PESAR aos familiares do senhor Carlos Bento Sanches, pelo seu falecimento ocorrido no dia 13 de junho do corrente ano."}, {"id": "6267", "ano": "2022", "numero": "50", "tipo__sigla": "REQ", "tipo__descricao": "Requerimento", "autoria": "Carniato, Fio Bertotti, Gertrudes, Jaffer Ferreira, Josane Disner, Nando Dorta, Sab\u00e3o - Edivaldo Montanheri, Vila Real, Z\u00e9 Maria", "texto_original": "http://sapl.ivaipora.pr.leg.br/media/sapl/public/materialegislativa/2022/6267/requerimento_no_50-2022.pdf", "ementa": "REQUER, ap\u00f3s manifesta\u00e7\u00e3o do Plen\u00e1rio, que seja lavrado pelo egr\u00e9gio Plen\u00e1rio desta Casa de Leis um VOTO DE PESAR aos familiares da senhora Josefa Pacheco, pelo seu falecimento ocorrido no dia 13 de junho do corrente ano."}, {"id": "6268", "ano": "2022", "numero": "51", "tipo__sigla": "REQ", "tipo__descricao": "Requerimento", "autoria": "Josane Disner", "texto_original": "http://sapl.ivaipora.pr.leg.br/media/sapl/public/materialegislativa/2022/6268/requerimento_no_52-2022.pdf", "ementa": "solicitar que informe e apresente a esta Casa de Leis:\r\nLista completa com o nome de cada um dos profissionais e m\u00e9dicos que atendem nas Unidades B\u00e1sicas de Sa\u00fade do Munic\u00edpio de Ivaipor\u00e3 e Distritos.\r\nCarga hor\u00e1ria de cada um dos profissionais e m\u00e9dicos que atendem nas Unidades B\u00e1sicas de Sa\u00fade, informar os servidores que trabalham em regime de escala.\r\nInformar quantos pacientes s\u00e3o atendidos em cada uma das Unidades B\u00e1sicas de Sa\u00fade diariamente, qual a cota de atendimentos di\u00e1rios, e quais os procedimentos s\u00e3o realizados."}, {"id": "6269", "ano": "2022", "numero": "52", "tipo__sigla": "REQ", "tipo__descricao": "Requerimento", "autoria": "Carniato", "texto_original": "http://sapl.ivaipora.pr.leg.br/media/sapl/public/materialegislativa/2022/6269/requerimento_no_52-2022.pdf", "ementa": "VOTO DE PESAR aos familiares da Senhora Vera Nilda Bueno de Camargo, pelo seu falecimento ocorrido no dia 04 de junho do corrente ano."}, {"id": "6270", "ano": "2022", "numero": "53", "tipo__sigla": "REQ", "tipo__descricao": "Requerimento", "autoria": "Carniato", "texto_original": "http://sapl.ivaipora.pr.leg.br/media/sapl/public/materialegislativa/2022/6270/requerimento_no_53-2022.pdf", "ementa": "VOTO DE PESAR aos familiares da Senhora Auria Sebold Vitorino, pelo seu falecimento ocorrido no dia 14 de junho do corrente ano."}, {"id": "6271", "ano": "2022", "numero": "54", "tipo__sigla": "REQ", "tipo__descricao": "Requerimento", "autoria": "Josane Disner", "texto_original": "http://sapl.ivaipora.pr.leg.br/media/sapl/public/materialegislativa/2022/6271/requerimento_no_54-2022.pdf", "ementa": "solicitar que informe e apresente a esta Casa de Leis:\r\nQual o n\u00famero de agentes de sa\u00fade do munic\u00edpio de Ivaipor\u00e3 atualmente? Cronograma mensal de visitas realizadas de todas as Unidades B\u00e1sicas de Sa\u00fade? Como est\u00e1 o atendimento a pessoas idosas, acamadas, ou com mobilidade reduzida em nosso munic\u00edpio, qual o procedimento realizado para atendimento destes pacientes?\r\nEm rela\u00e7\u00e3o aos crescentes casos de COVID-19, quais os procedimentos est\u00e3o sendo tomados em rela\u00e7\u00e3o a triagem dos pacientes atendidos nas Unidades B\u00e1sicas de Sa\u00fade, principalmente quanto as Gestantes, idosos e grupos de risco em rela\u00e7\u00e3o ao contato com os casos suspeitos e/ou infectados.\r\nQual a disponibilidade de testes r\u00e1pidos da COVID-19 nas Unidades B\u00e1sicas de Sa\u00fade?"}, {"id": "6272", "ano": "2022", "numero": "55", "tipo__sigla": "REQ", "tipo__descricao": "Requerimento", "autoria": "Jaffer Ferreira", "texto_original": "http://sapl.ivaipora.pr.leg.br/media/sapl/public/materialegislativa/2022/6272/requerimento_no_55-2022.pdf", "ementa": "REQUER, ap\u00f3s men\u00e7\u00e3o do Plen\u00e1rio, que se lavre nos anais desta Casa Legislativa, uma MO\u00c7\u00c3O DE APLAUSO, para DR\u00b0 Vanderson Miguel da Costa (Os m\u00e9dicos s\u00e3o artistas que t\u00eam o dom de salvar a vida e deixar o mundo mais belo com seu cheio atencioso. Gratid\u00e3o, queridos profissionais), pelo trabalho que est\u00e1 realizando aqui na Cidade de Ivaipor\u00e3 e Regi\u00e3o."}, {"id": "6273", "ano": "2022", "numero": "56", "tipo__sigla": "REQ", "tipo__descricao": "Requerimento", "autoria": "Jaffer Ferreira", "texto_original": "http://sapl.ivaipora.pr.leg.br/media/sapl/public/materialegislativa/2022/6273/requerimento_no_56-2022.pdf", "ementa": "REQUER, ap\u00f3s manifesta\u00e7\u00e3o do Plen\u00e1rio, que seja lavrado pelo egr\u00e9gio Plen\u00e1rio desta Casa de Leis um VOTO DE PESAR aos familiares da Eliane Bittencourt Saraiva e Adelina Bittencourt pelo seu falecimento ocorrido no dia 06 de julho corrente ano."}, {"id": "6274", "ano": "2022", "numero": "57", "tipo__sigla": "REQ", "tipo__descricao": "Requerimento", "autoria": "Fio Bertotti", "texto_original": "http://sapl.ivaipora.pr.leg.br/media/sapl/public/materialegislativa/2022/6274/requerimento_no_57-2022.pdf", "ementa": "REQUER, ap\u00f3s manifesta\u00e7\u00e3o do Plen\u00e1rio, que seja lavrado pelo egr\u00e9gio Plen\u00e1rio desta Casa de Leis um VOTO DE PESAR aos familiares do senhor Osmar Sim\u00f5es, pelo seu falecimento ocorrido no dia 06 de julho do corrente ano."}, {"id": "6275", "ano": "2022", "numero": "58", "tipo__sigla": "REQ", "tipo__descricao": "Requerimento", "autoria": "Fio Bertotti", "texto_original": "http://sapl.ivaipora.pr.leg.br/media/sapl/public/materialegislativa/2022/6275/requerimento_no_58-2022.pdf", "ementa": "REQUER, ap\u00f3s manifesta\u00e7\u00e3o do Plen\u00e1rio, que seja lavrado pelo egr\u00e9gio Plen\u00e1rio desta Casa de Leis um VOTO DE PESAR aos familiares do DR. Orlando Sanchez, pelo seu falecimento ocorrido no dia 26 de julho do corrente ano."}, {"id": "6276", "ano": "2022", "numero": "59", "tipo__sigla": "REQ", "tipo__descricao": "Requerimento", "autoria": "Josane Disner", "texto_original": "http://sapl.ivaipora.pr.leg.br/media/sapl/public/materialegislativa/2022/6276/requerimento_no_59-2022.pdf", "ementa": "REQUER, ap\u00f3s manifesta\u00e7\u00e3o do Plen\u00e1rio, que seja lavrado pelo egr\u00e9gio Plen\u00e1rio desta Casa de Leis um VOTO DE PESAR aos familiares do Sr. ILDEFONSO VAZ RIBEIRO, pelo seu falecimento ocorrido no dia 02 de agosto corrente ano."}, {"id": "6277", "ano": "2022", "numero": "60", "tipo__sigla": "REQ", "tipo__descricao": "Requerimento", "autoria": "Z\u00e9 Maria", "texto_original": "http://sapl.ivaipora.pr.leg.br/media/sapl/public/materialegislativa/2022/6277/requerimento_no_60-2022.pdf", "ementa": "REQUER, ap\u00f3s manifesta\u00e7\u00e3o do Plen\u00e1rio, que seja lavrado pelo egr\u00e9gio Plen\u00e1rio desta Casa de Leis urna Mo\u00e7\u00e3o de Aplauso aos funcion\u00e1rios do Centro de Refer\u00eancia Especializado de Assist\u00eancia Social (CREAS).\r\nCoordenadora e Assistente Social do CREAS: EDUARDA DALA ROSA\r\nPsic\u00f3loga: GABRIELY CRISTINI FERREIRA\r\nRecepcionista: PRISCILA MENDES\r\nAssistente Social: DEBORA BUENO\r\nEducador Social: CLAUDELIR RIBEIRO DE GODOI"}, {"id": "6278", "ano": "2022", "numero": "61", "tipo__sigla": "REQ", "tipo__descricao": "Requerimento", "autoria": "Gertrudes", "texto_original": "http://sapl.ivaipora.pr.leg.br/media/", "ementa": "REQUER, ap\u00f3s men\u00e7\u00e3o do Plen\u00e1rio, que se lavre nos anais desta Casa Legislativa, uma MO\u00c7\u00c3O DE APLAUSO, Ao Projeto Amor Exigente, pelos relevantes servi\u00e7os prestados ao munic\u00edpio de lvaipor\u00e3.\r\nO Projeto tem os seguintes colaboradores: Clodoaldo de Oliveira; Patricia G. R Esser; Nadir Mazieiro Soethe; Claudete Aparecida Bolin; Inez Casturina Malaquias(7 Dniffer G. Szlapak; Edy Bittencourt Oliveira; Eliane Bittencourt Santos (In Memoriani; Fabiana S. Ceron; Deli Vieira; Maria das Gra\u00e7as C. Custodio; Bruna Giselli Silva; Leonice Sargentim Pereira; Bianca Nada! Ribeiro da Silva; Helena Maria Cecere; Cleverson Esser; 'Aline Cristina dos Santos Machadanira Feitosa da Silva; Regina Anacleto; Eduardo Graciolli;) Ivana Duran Sanches Oliveira; Maristela Conti Kutz; Manha Ribeiro; Naiara Tallita Daufembach; Silvana Santana; Maria da Gl\u00f3ria de Resende; Edina Pereira da Silva Zanoni."}, {"id": "6279", "ano": "2022", "numero": "62", "tipo__sigla": "REQ", "tipo__descricao": "Requerimento", "autoria": "Gertrudes", "texto_original": "http://sapl.ivaipora.pr.leg.br/media/sapl/public/materialegislativa/2022/6279/requerimento_no_62-2022.pdf", "ementa": "REQUER, ap\u00f3s men\u00e7\u00e3o do Plen\u00e1rio, que se lavre nos anais desta Casa Legislativa, uma MO\u00c7\u00c3O DE APLAUSO, a Giovana da Silva Azevedo, pelos relevantes servi\u00e7os prestados ao munic\u00edpio de Ivaipor\u00e3."}, {"id": "6280", "ano": "2022", "numero": "63", "tipo__sigla": "REQ", "tipo__descricao": "Requerimento", "autoria": "Gertrudes", "texto_original": "http://sapl.ivaipora.pr.leg.br/media/sapl/public/materialegislativa/2022/6280/requerimento_no_63-2022.pdf", "ementa": "REQUER, ap\u00f3s men\u00e7\u00e3o do Plen\u00e1rio, que se lavre nos anais desta Casa Legislativa, uma MO\u00c7\u00c3O DE APLAUSO, ao Sr. Ewerton Davy Marques Silva, pelos relevantes servi\u00e7os prestados ao munic\u00edpio de Ivaipor\u00e3."}, {"id": "6281", "ano": "2022", "numero": "64", "tipo__sigla": "REQ", "tipo__descricao": "Requerimento", "autoria": "Jaffer Ferreira", "texto_original": "http://sapl.ivaipora.pr.leg.br/media/sapl/public/materialegislativa/2022/6281/requerimento_no_64-2022.pdf", "ementa": "REQUER, ap\u00f3s manifesta\u00e7\u00e3o do Plen\u00e1rio, que seja lavrado pelo egr\u00e9gio Plen\u00e1rio desta Casa de Leis um VOTO DE PESAR aos familiares do Senhor Vasni Martins de Andrade pelo seu falecimento ocorrido no dia 10 agosto corrente ano."}, {"id": "6282", "ano": "2022", "numero": "65", "tipo__sigla": "REQ", "tipo__descricao": "Requerimento", "autoria": "Jaffer Ferreira", "texto_original": "http://sapl.ivaipora.pr.leg.br/media/sapl/public/materialegislativa/2022/6282/requerimento_no_65-2022.pdf", "ementa": "REQUER ao Senhor Prefeito Municipal, que por meio do Departamento de Licita\u00e7\u00f5es seja fornecido a c\u00f3pia na \u00cdNTEGRA do Processo da Dispensa de Licita\u00e7\u00e3o n\u00b0 06/2022, uma vez que o processo da dispensa n\u00e3o est\u00e1 disponibilizado no Portal da Transpar\u00eancia do Munic\u00edpio."}, {"id": "6284", "ano": "2022", "numero": "66", "tipo__sigla": "REQ", "tipo__descricao": "Requerimento", "autoria": "Fio Bertotti", "texto_original": "http://sapl.ivaipora.pr.leg.br/media/sapl/public/materialegislativa/2022/6284/requerimento_no_66-2022.pdf", "ementa": "REQUER, ap\u00f3s manifesta\u00e7\u00e3o do Plen\u00e1rio, que seja lavrado pelo egr\u00e9gio Plen\u00e1rio desta Casa de Leis um VOTO DE PESAR aos familiares do Jovem Doutor Victor Augusto Dardani Moreira da Silva, pelo seu falecimento ocorrido no dia 14 de agosto do corrente ano."}, {"id": "6285", "ano": "2022", "numero": "67", "tipo__sigla": "REQ", "tipo__descricao": "Requerimento", "autoria": "Jaffer Ferreira", "texto_original": "http://sapl.ivaipora.pr.leg.br/media/sapl/public/materialegislativa/2022/6285/requerimento_no_67-2022.pdf", "ementa": "REQUER, ap\u00f3s men\u00e7\u00e3o do Plen\u00e1rio, que se lavre nos anais desta Casa Legislativa, uma MO\u00c7\u00c3O DE APLAUSO, (SERVIDOR PERTECENTE AO SETOR DE ILUMINA\u00c7\u00c3O PUBLICA) pelo trabalho que est\u00e1 realizando aqui na Cidade de Ivaipor\u00e3.\r\nCLA\u00daDIO S\u00c9RGIO MARIANO MARINS - JOEL MARCELINO DA CRUZ\r\n- JOSIMAR DE SOUZA OLIVEIRA\r\n- JOSU\u00c9 JOAQUIM ROBERTO J\u00daNIOR\r\nKLEBER TEIXEIRA DITIKUN - SIMI\u00c3O FERNANDES DA SILVA\r\nVALDINEI SZLAPAK\r\n- ANT\u00d4NIO ALTAIR DION\u00cdSIO"}, {"id": "6287", "ano": "2022", "numero": "68", "tipo__sigla": "REQ", "tipo__descricao": "Requerimento", "autoria": "Carniato", "texto_original": "http://sapl.ivaipora.pr.leg.br/media/sapl/public/materialegislativa/2022/6287/requerimento_no_68-2022.pdf", "ementa": "RREQUER, VOTO DE PESAR aos familiares da Senhora SUELY FOGA\u00c7A DOS SANTOS MENDON\u00c7A, pelo seu falecimento ocorrido na nesta quarta-feira, 17 de agosto do corrente ano."}, {"id": "6288", "ano": "2022", "numero": "69", "tipo__sigla": "REQ", "tipo__descricao": "Requerimento", "autoria": "Gertrudes", "texto_original": "http://sapl.ivaipora.pr.leg.br/media/sapl/public/materialegislativa/2022/6288/requerimento_no_69-2022.pdf", "ementa": "REQUER, ap\u00f3s men\u00e7\u00e3o do Plen\u00e1rio, que se lavre nos anais desta Casa Legislativa, uma MO\u00c7\u00c3O DE APLAUSO, a AMAEX - Associa\u00e7\u00e3o do Movimento Amor Exigente, pelos relevantes servi\u00e7os prestados ao Munic\u00edpio de Ivaipor\u00e3."}, {"id": "6289", "ano": "2022", "numero": "70", "tipo__sigla": "REQ", "tipo__descricao": "Requerimento", "autoria": "Carniato", "texto_original": "http://sapl.ivaipora.pr.leg.br/media/sapl/public/materialegislativa/2022/6289/requerimento_no_70-2022.pdf", "ementa": "REQUER. ap\u00f3s men\u00e7\u00e3o do Plen\u00e1rio, que se lavre nos anais desta Casa Legislativa, uma MO\u00c7\u00c3O DE APLAUSO ao Sr. CLAUDEMIR DE FREITAS ANDRADE, conhecido como Cl\u00e1udio Henrique pelos seus incans\u00e1veis trabalhos como Locutor\r\nde R\u00e1dio Ub\u00e1."}, {"id": "6290", "ano": "2022", "numero": "71", "tipo__sigla": "REQ", "tipo__descricao": "Requerimento", "autoria": "Carniato", "texto_original": "http://sapl.ivaipora.pr.leg.br/media/sapl/public/materialegislativa/2022/6290/requerimento_no_71-2022.pdf", "ementa": "REQUER, ap\u00f3s men\u00e7\u00e3o do Plen\u00e1rio, que se lavre nos anais desta Casa Legislativa, uma MO\u00c7\u00c3O DE APLAUSO ao Sr. JOSU\u00c9 JOAQUIM ROBERTO, pelos seus incans\u00e1veis trabalhos como Locutor de R\u00e1dio Ub\u00e1."}, {"id": "6291", "ano": "2022", "numero": "72", "tipo__sigla": "REQ", "tipo__descricao": "Requerimento", "autoria": "Fio Bertotti", "texto_original": "http://sapl.ivaipora.pr.leg.br/media/sapl/public/materialegislativa/2022/6291/requerimento_no_72-2022.pdf", "ementa": "REQUER, ap\u00f3s manifesta\u00e7\u00e3o do Plen\u00e1rio, que seja lavrado pelo egr\u00e9gio Plen\u00e1rio desta Casa de Leis um VOTO DE PESAR aos familiares do senhor Virgilino Hessmann (Foloca), pelo seu falecimento ocorrido no dia 30 de agosto do corrente ano."}, {"id": "6292", "ano": "2022", "numero": "73", "tipo__sigla": "REQ", "tipo__descricao": "Requerimento", "autoria": "Gertrudes", "texto_original": "http://sapl.ivaipora.pr.leg.br/media/sapl/public/materialegislativa/2022/6292/requerimento_no_73-2022.pdf", "ementa": "REQUER, ap\u00f3s men\u00e7\u00e3o do Plen\u00e1rio, que se lavre nos anais desta Casa Legislativa, uma MO\u00c7\u00c3O 'DE APLAUSO, as Sras. Silvana Marcomini, Patr\u00edcia Marugal, Neide Marugal e Lourdes da Rosa, pelos relevantes servi\u00e7os prestados ao munic\u00edpio de Ivaipor\u00e3"}, {"id": "6293", "ano": "2022", "numero": "74", "tipo__sigla": "REQ", "tipo__descricao": "Requerimento", "autoria": "Nando Dorta", "texto_original": "http://sapl.ivaipora.pr.leg.br/media/sapl/public/materialegislativa/2022/6293/requerimento_no_74-2022.pdf", "ementa": "REQUER, ap\u00f3s men\u00e7\u00e3o do Plen\u00e1rio, que se lavre nos anais desta Casa Legislativa, uma MO\u00c7\u00c3O DE APLAUSO, as Sras. Integrantes da ACISI MULHER, pelos relevantes servi\u00e7os prestados ao munic\u00edpio de Ivaipor\u00e3.\r\nCoordenadora\r\nCristiane Lobo Rios\r\nCris Modas\r\nVice-coordenadora\r\nGeise Rodrigues\r\nPizzaria Savory\r\n1' Tesoureira\r\nDanubia Palma Ferreira\r\nDorta\r\nJulia Dorta Store e Art. De Cimentos\r\nEstrela\r\n2\" Tesoureira\r\nNaiani R. Lopes Rodrigues Pepe\r\nPotencial Net\r\nI' Secret\u00e1ria\r\nDenise AV Bueno de Oliveira\r\nJS Barber\r\n2 Secret\u00e1ria\r\nPatricia Cristina Jorge C. Gerino\r\nCravo e Canela\r\nIntegrante\r\nLuciane de Lima Ferreira Barreto\r\nPassarela\r\nIntegrante\r\nMafalda Bilk\r\nRestaurante Bilk\r\nIntegrante\r\nNelise Boing\r\nClinica Divin\u00ea\r\nIntegrante\r\nTatiana O. Paulini\r\nHuman Spa\r\nIntegrante\r\nEdla Danielle Pinheiro C. Vicente\r\nV&C Empreendimentos Imobili\u00e1rios\r\nIntegrante\r\nAndrea Lima\r\nSESC\r\nIntegrante\r\nMaria Adriane Grossi\r\nCorreios\r\nIntegrante\r\nCrizelle Cristina Souza de Abreu\r\nCresol\r\nIntegrante\r\nDaiane de Oliveira lori\r\nMaxim\r\nIntegrante\r\nAndr\u00e9ia Pereira d"}, {"id": "6294", "ano": "2022", "numero": "75", "tipo__sigla": "REQ", "tipo__descricao": "Requerimento", "autoria": "Nando Dorta", "texto_original": "http://sapl.ivaipora.pr.leg.br/media/sapl/public/materialegislativa/2022/6294/requerimento_no_75-2022.pdf", "ementa": "REQUERER, ap\u00f3s men\u00e7\u00e3o do Plen\u00e1rio, que se\r\nlavre nos anais desta Casa Legislativa, uma MO\u00c7\u00c3O DE APLAUSO, aos Integrantes da ACISI JOVEM, pelos relevantes servi\u00e7os prestados ao munic\u00edpio de Ivaipor\u00e3.\r\nNome\r\nEmpresa\r\nAdriano Melo\r\nAuto Pe\u00e7as Avenida\r\nAlex Sandro Fonseca\r\nPrefeitura Municipal\r\nAna Sarti\r\nAna Sarti Art Tatoo\r\nAnderson Diniz\r\nInside Hamburgueria\r\nAyton Guayume\r\nIctus Solu\u00e7\u00f5es em Energia\r\nDamis Bonfim\r\nCal\u00e7ados Bonfim\r\nDiego Oliveira\r\nOL Construtora\r\nFabiano Kanadani\r\nInove Contabilidade\r\nFabiner Martins Ribeiro\r\nSuprema Supermercados\r\nF\u00e1bio de Souza\r\nSerall\u00ea Cal\u00e7ados\r\nFelipe M. Peres\r\nCresol\r\nFernando Bagatim\r\nFormig\u00e3o Tintas\r\nJuliano V. do Nascimento\r\nMec\u00e2nica Central\r\nJunior Cervello\r\nJS Barber\r\nLincoln Sochodolak\r\nEscrit\u00f3rio Ivaipor\u00e3\r\nSilvestre Daufenbach J\u00fanior\r\nHotel e Rest. Tio Luiz\r\nMaicon Godinho\r\nKNN Idiomas\r\nMariana Bilk\r\nRestaurante Bilk"}, {"id": "6295", "ano": "2022", "numero": "76", "tipo__sigla": "REQ", "tipo__descricao": "Requerimento", "autoria": "Gertrudes", "texto_original": "http://sapl.ivaipora.pr.leg.br/media/sapl/public/materialegislativa/2022/6295/requerimento_no_76-2022.pdf", "ementa": "REQUER, ap\u00f3s men\u00e7\u00e3o do Plen\u00e1rio, que se lavre nos anais desta Casa Legislativa, uma MO\u00c7\u00c3O DE APLAUSO, a ASRI - Associa\u00e7\u00e3o de Senhoras Rotarianas de Ivaipor\u00e3, pelos relevantes servi\u00e7os prestados ao munic\u00edpio de Ivaipor\u00e3."}, {"id": "6296", "ano": "2022", "numero": "77", "tipo__sigla": "REQ", "tipo__descricao": "Requerimento", "autoria": "Gertrudes", "texto_original": "http://sapl.ivaipora.pr.leg.br/media/sapl/public/materialegislativa/2022/6296/requerimento_no_77-2022.pdf", "ementa": "REQUER, ap\u00f3s men\u00e7\u00e3o do Plen\u00e1rio, que se lavre nos anais desta Casa Legislativa, uma MO\u00c7\u00c3O DE APLAUSO, a Ant\u00f4nio Vieira Junior, pelos relevantes servi\u00e7os prestados ao munic\u00edpio de Ivaipor\u00e3."}, {"id": "6297", "ano": "2022", "numero": "78", "tipo__sigla": "REQ", "tipo__descricao": "Requerimento", "autoria": "Jaffer Ferreira", "texto_original": "http://sapl.ivaipora.pr.leg.br/media/sapl/public/materialegislativa/2022/6297/requerimento_no_78-2022.pdf", "ementa": "REQUER, ap\u00f3s manifesta\u00e7\u00e3o do Plen\u00e1rio, que seja lavrado pelo egr\u00e9gio Plen\u00e1rio desta Casa de Leis um VOTO DE PESAR aos familiares do JO\u00c3O CARLOS BARBOSA pelo seu falecimento ocorrido no dia 07 de outubro corrente ano."}, {"id": "6298", "ano": "2022", "numero": "79", "tipo__sigla": "REQ", "tipo__descricao": "Requerimento", "autoria": "Gertrudes", "texto_original": "http://sapl.ivaipora.pr.leg.br/media/sapl/public/materialegislativa/2022/6298/requerimento_no_79-2022.pdf", "ementa": "REQUER, ap\u00f3s men\u00e7\u00e3o do Plen\u00e1rio, que se lavre nos anais desta Casa Legislativa, uma MO\u00c7\u00c3O DE APLAUSO, aos Srs. Jos\u00e9 Miguel Serafim, Francisco Serafim, Fernando Alves Serafim, pelos relevantes servi\u00e7os prestados ao munic\u00edpio de Ivaipor\u00e3."}, {"id": "6299", "ano": "2022", "numero": "80", "tipo__sigla": "REQ", "tipo__descricao": "Requerimento", "autoria": "Gertrudes", "texto_original": "http://sapl.ivaipora.pr.leg.br/media/sapl/public/materialegislativa/2022/6299/requerimento_no_80-2022.pdf", "ementa": "REQUER, ap\u00f3s men\u00e7\u00e3o do Plen\u00e1rio, que se lavre nos anais desta Casa Legislativa, uma MO\u00c7\u00c3O DE APLAUSO, aos Srs. Jos\u00e9 Miguel Serafim, Francisco Serafim, Fernando Alves Serafim, pelos relevantes servi\u00e7os prestados ao munic\u00edpio de Ivaipor\u00e3."}, {"id": "6300", "ano": "2022", "numero": "81", "tipo__sigla": "REQ", "tipo__descricao": "Requerimento", "autoria": "Sab\u00e3o - Edivaldo Montanheri", "texto_original": "http://sapl.ivaipora.pr.leg.br/media/sapl/public/materialegislativa/2022/6300/requerimento_no_81-2022.pdf", "ementa": "REQUER, ap\u00f3s manifesta\u00e7\u00e3o do Plen\u00e1rio, que seja lavrado pelo egr\u00e9gio Plen\u00e1rio desta Casa de Leis um VOTO DE PESAR aos familiares do Senhor MAXIMILIAN DE OLIVEIRA FAUSTINO, pelo seu falecimento ocorrido no dia 12 de Outubro do corrente ano."}, {"id": "6301", "ano": "2022", "numero": "82", "tipo__sigla": "REQ", "tipo__descricao": "Requerimento", "autoria": "Carniato", "texto_original": "http://sapl.ivaipora.pr.leg.br/media/sapl/public/materialegislativa/2022/6301/requerimento_no_82-2022.pdf", "ementa": "um VOTO DE PESAR aos familiares da Senhor Ladislau Sunnaz, pelo seu falecimento ocorrido no dia 15 de outubro do corrente ano."}, {"id": "6302", "ano": "2022", "numero": "83", "tipo__sigla": "REQ", "tipo__descricao": "Requerimento", "autoria": "Jaffer Ferreira", "texto_original": "http://sapl.ivaipora.pr.leg.br/media/sapl/public/materialegislativa/2022/6302/requerimento_no_83-2022.pdf", "ementa": "REQUER, ap\u00f3s manifesta\u00e7\u00e3o do Plen\u00e1rio, que seja lavrado pelo egr\u00e9gio Plen\u00e1rio desta Casa de Leis um VOTO DE PESAR aos familiares pelo seu falecimento da Senhora DIVINA DA CRUZ ocorrido no dia dezenove de outubro corrente ano."}, {"id": "6303", "ano": "2022", "numero": "84", "tipo__sigla": "REQ", "tipo__descricao": "Requerimento", "autoria": "Jaffer Ferreira", "texto_original": "http://sapl.ivaipora.pr.leg.br/media/sapl/public/materialegislativa/2022/6303/requerimento_no_85-2022.pdf", "ementa": "REQUER, ap\u00f3s manifesta\u00e7\u00e3o do Plen\u00e1rio, que seja lavrado pelo egr\u00e9gio Plen\u00e1rio desta Casa de Leis um VOTO DE PESAR aos familiares do Senhor Jos\u00e9 Fernandes da silva pelo seu falecimento ocorrido no dia dezoito de outubro corrente ano."}, {"id": "6304", "ano": "2022", "numero": "85", "tipo__sigla": "REQ", "tipo__descricao": "Requerimento", "autoria": "Fio Bertotti", "texto_original": "http://sapl.ivaipora.pr.leg.br/media/sapl/public/materialegislativa/2022/6304/requerimento_no_85-2022.pdf", "ementa": "VOTO DE PESAR aos familiares do senhor Jo\u00e3o Caetano, pelo seu falecimento ocorrido no dia 23 de outubro do corrente ano."}, {"id": "6305", "ano": "2022", "numero": "86", "tipo__sigla": "REQ", "tipo__descricao": "Requerimento", "autoria": "Carniato", "texto_original": "http://sapl.ivaipora.pr.leg.br/media/sapl/public/materialegislativa/2022/6305/requerimento_no_86-2022.pdf", "ementa": "VOTO DE PESAR aos familiares da Senhora IRACEMA PEREIRA LOPES MOLEIRO, pelo seu falecimento ocorrido na segunda-feira, 31 de outubro do corrente ano."}, {"id": "6306", "ano": "2022", "numero": "87", "tipo__sigla": "REQ", "tipo__descricao": "Requerimento", "autoria": "Sab\u00e3o - Edivaldo Montanheri", "texto_original": "http://sapl.ivaipora.pr.leg.br/media/sapl/public/materialegislativa/2022/6306/requerimento_no_87-2022.pdf", "ementa": "VOTO DE PESAR aos familiares do senhor AUGUSTO MAGRI, pelo seu falecimento ocorrido no dia 12 de novembro do corrente ano."}, {"id": "6310", "ano": "2022", "numero": "88", "tipo__sigla": "REQ", "tipo__descricao": "Requerimento", "autoria": "Gertrudes", "texto_original": "http://sapl.ivaipora.pr.leg.br/media/sapl/public/materialegislativa/2022/6310/requerimento_no_88-2022.pdf", "ementa": "REQUER, ap\u00f3s men\u00e7\u00e3o do Plen\u00e1rio, que se lavre nos anais desta Casa Legislativa, uma MO\u00c7\u00c3O DE APLAUSO, para o Projeto De Extens\u00e3o Atividades F\u00edsicas Adaptadas do Vale do Iva\u00ed\" (AFAV1) da Universidade Estadual de Maring\u00e1 Campos Regional do Vale do Iva\u00ed, bem como para os Srs. DIEGO DE SOUZA VIEIRA, HENRIQUE MITSUO ALBANES UEKI, VALDIR MOREIRA DONIZET, VALDINEI SILVA e SOUZA, WELLINTON de SOUZA FRANCELINO, Prof. EWERTON DAVY MARQUES SILVA, Prof. RICARDO ALEXANDRE CARMINATO e a Sra. Prof. Dra. ANDR\u00c9IA PAULA BASEI, por sagrarem-se campe\u00f5es gerais da 100 edi\u00e7\u00e3o dos Jogos Paradesportivos do Paran\u00e1 (PARAJAPS), promovidos pelo governo do estado, por meio da Superintend\u00eancia Geral do Esporte, na modalidade do atletismo DI (Defici\u00eancia Intelectual)."}, {"id": "6312", "ano": "2022", "numero": "89", "tipo__sigla": "REQ", "tipo__descricao": "Requerimento", "autoria": "Carniato", "texto_original": "http://sapl.ivaipora.pr.leg.br/media/sapl/public/materialegislativa/2022/6312/requerimento_no_89-2022.pdf", "ementa": "VOTO DE PESAR aos familiares da Senhora VERA L\u00daCIA SAGANSKI FERREIRA, pelo seu falecimento ocorrido nesta segunda-feira, 21 de novembro do corrente ano."}, {"id": "6313", "ano": "2022", "numero": "90", "tipo__sigla": "REQ", "tipo__descricao": "Requerimento", "autoria": "Carniato, Fio Bertotti, Gertrudes, Josane Disner, Nando Dorta, Sab\u00e3o - Edivaldo Montanheri, Vila Real, Z\u00e9 Maria", "texto_original": "http://sapl.ivaipora.pr.leg.br/media/sapl/public/materialegislativa/2022/6313/requerimento_no_90-2022.pdf", "ementa": "VOTO DE PESAR aos familiares do senhor FLORISVALDO MALDONADO FERNANDES, pelo seu falecimento ocorrido no dia 21 de novembro do corrente ano."}, {"id": "6314", "ano": "2022", "numero": "91", "tipo__sigla": "REQ", "tipo__descricao": "Requerimento", "autoria": "Sab\u00e3o - Edivaldo Montanheri", "texto_original": "http://sapl.ivaipora.pr.leg.br/media/sapl/public/materialegislativa/2022/6314/requerimento_no_91-2022.pdf", "ementa": "REQUER, ap\u00f3s manifesta\u00e7\u00e3o do Plen\u00e1rio, que seja lavrado pelo egr\u00e9gio Plen\u00e1rio desta Casa de Leis um VOTO DE PESAR aos familiares do Senhora MIYOKO FUJISAK1 KISHI (NAIR KISHI), pelo seu falecimento ocorrido no dia 23 de novembro do corrente ano."}, {"id": "6315", "ano": "2022", "numero": "92", "tipo__sigla": "REQ", "tipo__descricao": "Requerimento", "autoria": "Vila Real", "texto_original": "http://sapl.ivaipora.pr.leg.br/media/sapl/public/materialegislativa/2022/6315/requerimento_no_92-2022.pdf", "ementa": "uma MO\u00c7\u00c3O DE APLAUSO, a todos os membros da diretoria da ASSOCIA\u00c7\u00c3O CULTURAL E ESPORVITA NIKEI DE IVAIPORA (ACENI) pela segunda festa do Jap\u00e3o.\r\nSUNAO YOTSUMOTO\r\nPRESIDENTE\r\nJORGE KAWANO\r\nVICE PRECIDENTE\r\nGILSON VITAL DA SILVA\r\nI \u00b0SECRET\u00c1RIO\r\nJOS\u00c9 LVANO P. SANTOS\r\n2\u00b0SECRET\u00c1RIO\r\nVA( ER JOS\u00c9 BONFIM\r\n1\u00b0TESOUREIRO\r\nM\u00c1 !' i IA KAWANO BONFIM\r\n2\u00b0TESOUREIRO\r\nNE ''ON MASSARU KITA\r\nMEMBRO DA ASSOCIA\u00c7\u00c3O"}, {"id": "6316", "ano": "2022", "numero": "93", "tipo__sigla": "REQ", "tipo__descricao": "Requerimento", "autoria": "Gertrudes", "texto_original": "http://sapl.ivaipora.pr.leg.br/media/", "ementa": "REQUER, ap\u00f3s men\u00e7\u00e3o do Plen\u00e1rio, que se lavre nos anais desta Casa Legislativa, uma MO\u00c7\u00c3O DE APLAUSO, para a Prof.a. Dra. JANE SILVA B\u00dcHRER TAQUES, pelos relevantes servi\u00e7os prestados ao Munic\u00edpio de Ivaipor\u00e3."}, {"id": "6317", "ano": "2022", "numero": "94", "tipo__sigla": "REQ", "tipo__descricao": "Requerimento", "autoria": "Sab\u00e3o - Edivaldo Montanheri", "texto_original": "http://sapl.ivaipora.pr.leg.br/media/sapl/public/materialegislativa/2022/6317/requerimento_no_94-2022.pdf", "ementa": "VOTO DE PESAR aos familiares da senhora DENIR DOS SANTOS FERREIRA, pelo seu falecimento ocorrido no dia 12 de dezembro do corrente ano."}, {"id": "6318", "ano": "2022", "numero": "95", "tipo__sigla": "REQ", "tipo__descricao": "Requerimento", "autoria": "Gertrudes", "texto_original": "http://sapl.ivaipora.pr.leg.br/media/sapl/public/materialegislativa/2022/6318/requerimento_no_95-2022.pdf", "ementa": "REQUER, ap\u00f3s men\u00e7\u00e3o do Plen\u00e1rio, que se lavre nos anais desta Casa Legislativa, uma MO\u00c7\u00c3O DE APLAUSO, aos Senhores Rotarianos de Ivaipor\u00e3, representados pelo Presidente Nilson Cavalheiro e a Senhora Sylvia Miranda Esquisato\r\nda Associa\u00e7\u00e3o do Rotary Clube Integra\u00e7\u00e3o pelos relevantes servi\u00e7os prestados ao munic\u00edpio de Ivaipor\u00e3."}]}