{"headers": {"id": "ID", "ano": "Ano", "numero": "N\u00famero", "tipo__sigla": "Tipo de Mat\u00e9ria Legislativa/Sigla", "tipo__descricao": "Tipo de Mat\u00e9ria Legislativa/Descri\u00e7\u00e3o", "autoria": "Autorias", "texto_original": "Texto Original", "ementa": "Ementa"}, "results": [{"id": "10343", "ano": "2021", "numero": "4", "tipo__sigla": "PLC", "tipo__descricao": "Projeto de Lei Complementar", "autoria": "Luiz Carlos Gil", "texto_original": "http://sapl.ivaipora.pr.leg.br/media/sapl/public/materialegislativa/2021/10343/plc_2021_4.pdf", "ementa": "Disp\u00f5e sobre infra\u00e7\u00f5es administrativas derivadas de condutas e atividades lesivas ao enfrentamento da emerg\u00eancia de sa\u00fade p\u00fablica de import\u00e2ncia internacional decorrente do novo Coronav\u00edrus - COVID-19 e d\u00e1 outras provid\u00eancias."}, {"id": "10344", "ano": "2021", "numero": "5", "tipo__sigla": "PLC", "tipo__descricao": "Projeto de Lei Complementar", "autoria": "Luiz Carlos Gil", "texto_original": "http://sapl.ivaipora.pr.leg.br/media/sapl/public/materialegislativa/2021/10344/plc_2021_5.pdf", "ementa": "Regulamenta as datas para vencimentos do alvar\u00e1s e licen\u00e7as municipais para o exerc\u00edcio de 2022, concede descontos, e d\u00e1 outras provid\u00eancias."}, {"id": "11415", "ano": "2021", "numero": "6", "tipo__sigla": "PLC", "tipo__descricao": "Projeto de Lei Complementar", "autoria": "Luiz Carlos Gil", "texto_original": "http://sapl.ivaipora.pr.leg.br/media/sapl/public/materialegislativa/2021/11415/projeto_de_lei_complementar_n_06-2021.pdf", "ementa": "Disp\u00f5e sobre o uso e ocupa\u00e7\u00e3o do solo do Munic\u00edpio de Ivaipor\u00e3, e d\u00e1 outras povid\u00eancias."}, {"id": "11414", "ano": "2021", "numero": "7", "tipo__sigla": "PLC", "tipo__descricao": "Projeto de Lei Complementar", "autoria": "Luiz Carlos Gil", "texto_original": "http://sapl.ivaipora.pr.leg.br/media/sapl/public/materialegislativa/2021/11414/projeto_de_lei_complementar_n_07-2021.pdf", "ementa": "Disp\u00f5e sobre o Plano Diretor do Munic\u00edpio de Ivaipor\u00e3, revoga a Lei n\u00ba 1.517, de 26 de maio de 2008, e d\u00e1 outras providencias."}, {"id": "11413", "ano": "2021", "numero": "8", "tipo__sigla": "PLC", "tipo__descricao": "Projeto de Lei Complementar", "autoria": "Luiz Carlos Gil", "texto_original": "http://sapl.ivaipora.pr.leg.br/media/sapl/public/materialegislativa/2021/11413/projeto_de_lei_complementar_n_08-2021.pdf", "ementa": "Regulamenta o Instrumento Urban\u00edstico da Outorga Onerosa do Direito de Construir, nos termos da legisla\u00e7\u00e3o que institui o Plano Diretor, e d\u00e1 outras provid\u00eancias."}, {"id": "11412", "ano": "2021", "numero": "9", "tipo__sigla": "PLC", "tipo__descricao": "Projeto de Lei Complementar", "autoria": "Luiz Carlos Gil", "texto_original": "http://sapl.ivaipora.pr.leg.br/media/sapl/public/materialegislativa/2021/11412/projeto_de_lei_complementar_n_09-2021.pdf", "ementa": "Disp\u00f5e sobre a delimita\u00e7\u00e3o dos per\u00edmetros urbanos do Munic\u00edpio de Ivaipor\u00e3, revoga as leis municipais relativas aos per\u00edmetros urbanos e d\u00e1 outras provid\u00eancias."}, {"id": "11411", "ano": "2021", "numero": "10", "tipo__sigla": "PLC", "tipo__descricao": "Projeto de Lei Complementar", "autoria": "Luiz Carlos Gil", "texto_original": "http://sapl.ivaipora.pr.leg.br/media/sapl/public/materialegislativa/2021/11411/projeto_de_lei_complementar_n_10-2021.pdf", "ementa": "Disp\u00f5e sobre a Transfer\u00eancia do Direito de Construir no Munic\u00edpio de Ivaipor\u00e3 e d\u00e1 outras provid\u00eancias."}, {"id": "11410", "ano": "2021", "numero": "12", "tipo__sigla": "PLC", "tipo__descricao": "Projeto de Lei Complementar", "autoria": "Luiz Carlos Gil", "texto_original": "http://sapl.ivaipora.pr.leg.br/media/sapl/public/materialegislativa/2021/11410/projeto_de_lei_complementar_n_12-2021.pdf", "ementa": "Disp\u00f5e sobre o Sistema Vi\u00e1rio B\u00e1sico do Munic\u00edpio de Ivaipor\u00e3, e d\u00e1 outras provid\u00eancias."}, {"id": "11426", "ano": "2021", "numero": "13", "tipo__sigla": "PLC", "tipo__descricao": "Projeto de Lei Complementar", "autoria": "Luiz Carlos Gil", "texto_original": "http://sapl.ivaipora.pr.leg.br/media/sapl/public/materialegislativa/2021/11426/projeto_de_lei_complementar_n_13-2021.pdf", "ementa": "Disp\u00f5e sobre o C\u00f3digo de Posturas no Munic\u00edpio de Ivaipor\u00e3 e d\u00e1 outras provid\u00eancias."}, {"id": "11419", "ano": "2021", "numero": "14", "tipo__sigla": "PLC", "tipo__descricao": "Projeto de Lei Complementar", "autoria": "Luiz Carlos Gil", "texto_original": "http://sapl.ivaipora.pr.leg.br/media/", "ementa": "Disp\u00f5e sobre o Novo C\u00f3digo de Obras do Munic\u00edpio de Ivaipor\u00e3 estabelecendo normas para a elabora\u00e7\u00e3o de projetos e execu\u00e7\u00e3o de obras e instala\u00e7\u00f5es, em seus aspectos t\u00e9cnicos, estruturais e funcionais e d\u00e1 outras provid\u00eancias."}, {"id": "11418", "ano": "2021", "numero": "15", "tipo__sigla": "PLC", "tipo__descricao": "Projeto de Lei Complementar", "autoria": "Luiz Carlos Gil", "texto_original": "http://sapl.ivaipora.pr.leg.br/media/sapl/public/materialegislativa/2021/11418/projeto_de_lei_complementar_n_15-2021.pdf", "ementa": "Institui o C\u00f3digo Ambiental do Munic\u00edpio de Ivaipor\u00e3, Estado do Paran\u00e1, e estabelece outras provid\u00eancias."}, {"id": "176", "ano": "2021", "numero": "1", "tipo__sigla": "PLE", "tipo__descricao": "Projeto de Lei do Executivo", "autoria": "Luiz Carlos Gil", "texto_original": "http://sapl.ivaipora.pr.leg.br/media/sapl/public/materialegislativa/2021/176/projeto_de_lei_01.pdf", "ementa": "Institui o Programa de Recupera\u00e7\u00e3o Fiscal de Ivaipor\u00e3 \u2013 REFIS IVAIPOR\u00c3 2021, e d\u00e1 outras provid\u00eancias."}, {"id": "177", "ano": "2021", "numero": "2", "tipo__sigla": "PLE", "tipo__descricao": "Projeto de Lei do Executivo", "autoria": "Luiz Carlos Gil", "texto_original": "http://sapl.ivaipora.pr.leg.br/media/sapl/public/materialegislativa/2021/177/projeto_de_lei_02.pdf", "ementa": "S\u00famula: Abre um Cr\u00e9dito Adicional Especial e d\u00e1 outras provid\u00eancias."}, {"id": "178", "ano": "2021", "numero": "3", "tipo__sigla": "PLE", "tipo__descricao": "Projeto de Lei do Executivo", "autoria": "Luiz Carlos Gil", "texto_original": "http://sapl.ivaipora.pr.leg.br/media/sapl/public/materialegislativa/2021/178/projeto_de_lei_03.pdf", "ementa": "S\u00famula Abre um Cr\u00e9dito Adicional Especial e d\u00e1 outras provid\u00eancias."}, {"id": "179", "ano": "2021", "numero": "4", "tipo__sigla": "PLE", "tipo__descricao": "Projeto de Lei do Executivo", "autoria": "Luiz Carlos Gil", "texto_original": "http://sapl.ivaipora.pr.leg.br/media/sapl/public/materialegislativa/2021/179/projeto_de_lei_04.pdf", "ementa": "S\u00famula: Abre um Cr\u00e9dito Adicional Especial e d\u00e1 outras provid\u00eancias."}, {"id": "180", "ano": "2021", "numero": "5", "tipo__sigla": "PLE", "tipo__descricao": "Projeto de Lei do Executivo", "autoria": "Luiz Carlos Gil", "texto_original": "http://sapl.ivaipora.pr.leg.br/media/sapl/public/materialegislativa/2021/180/projeto_de_lei_05.pdf", "ementa": "S\u00famula: Abre um Cr\u00e9dito Adicional Especial e d\u00e1 outras provid\u00eancias."}, {"id": "181", "ano": "2021", "numero": "6", "tipo__sigla": "PLE", "tipo__descricao": "Projeto de Lei do Executivo", "autoria": "Luiz Carlos Gil", "texto_original": "http://sapl.ivaipora.pr.leg.br/media/sapl/public/materialegislativa/2021/181/projeto_de_lei_06.pdf", "ementa": "S\u00famula: Abre um Cr\u00e9dito Adicional Especial e d\u00e1 outras provid\u00eancias."}, {"id": "182", "ano": "2021", "numero": "7", "tipo__sigla": "PLE", "tipo__descricao": "Projeto de Lei do Executivo", "autoria": "Luiz Carlos Gil", "texto_original": "http://sapl.ivaipora.pr.leg.br/media/sapl/public/materialegislativa/2021/182/projeto_de_lei_07.pdf", "ementa": "S\u00famula: Abre um Cr\u00e9dito Adicional Especial e d\u00e1 outras provid\u00eancias."}, {"id": "183", "ano": "2021", "numero": "8", "tipo__sigla": "PLE", "tipo__descricao": "Projeto de Lei do Executivo", "autoria": "Luiz Carlos Gil", "texto_original": "http://sapl.ivaipora.pr.leg.br/media/sapl/public/materialegislativa/2021/183/projeto_de_lei_08.pdf", "ementa": "Fixa o valor da di\u00e1ria do Prefeito, Vice-Prefeito, Diretores, Procuradores, Controlador Interno, Assessores, Gerentes e Servidores do Poder Executivo Municipal, e d\u00e1 outras provid\u00eancias."}, {"id": "184", "ano": "2021", "numero": "9", "tipo__sigla": "PLE", "tipo__descricao": "Projeto de Lei do Executivo", "autoria": "Luiz Carlos Gil", "texto_original": "http://sapl.ivaipora.pr.leg.br/media/sapl/public/materialegislativa/2021/184/projeto_de_lei_09.pdf", "ementa": "S\u00famula: Abre um Cr\u00e9dito Adicional Especial e d\u00e1 outras provid\u00eancias."}, {"id": "185", "ano": "2021", "numero": "10", "tipo__sigla": "PLE", "tipo__descricao": "Projeto de Lei do Executivo", "autoria": "Luiz Carlos Gil", "texto_original": "http://sapl.ivaipora.pr.leg.br/media/sapl/public/materialegislativa/2021/185/projeto_de_lei_10.pdf", "ementa": "S\u00famula: Abre um Cr\u00e9dito Adicional Especial e d\u00e1 outras provid\u00eancias."}, {"id": "186", "ano": "2021", "numero": "11", "tipo__sigla": "PLE", "tipo__descricao": "Projeto de Lei do Executivo", "autoria": "Luiz Carlos Gil", "texto_original": "http://sapl.ivaipora.pr.leg.br/media/sapl/public/materialegislativa/2021/186/projeto_de_lei_11.pdf", "ementa": "S\u00famula: Abre um Cr\u00e9dito Adicional Especial e d\u00e1 outras provid\u00eancias."}, {"id": "187", "ano": "2021", "numero": "12", "tipo__sigla": "PLE", "tipo__descricao": "Projeto de Lei do Executivo", "autoria": "Luiz Carlos Gil", "texto_original": "http://sapl.ivaipora.pr.leg.br/media/sapl/public/materialegislativa/2021/187/projeto_de_lei_12.pdf", "ementa": "S\u00famula: Abre um Cr\u00e9dito Adicional Especial e d\u00e1 outras provid\u00eancias."}, {"id": "188", "ano": "2021", "numero": "13", "tipo__sigla": "PLE", "tipo__descricao": "Projeto de Lei do Executivo", "autoria": "Luiz Carlos Gil", "texto_original": "http://sapl.ivaipora.pr.leg.br/media/sapl/public/materialegislativa/2021/188/projeto_de_lei_13.pdf", "ementa": "Disp\u00f5e sobre a contrata\u00e7\u00e3o de pessoal por tempo determinado, para a presta\u00e7\u00e3o de servi\u00e7o no Pronto Atendimento de Sa\u00fade criado de forma tempor\u00e1rio no Munic\u00edpio de Ivaipor\u00e3, para atender a necessidade tempor\u00e1ria de excepcional interesse p\u00fablico, nos \u00d3rg\u00e3os da Administra\u00e7\u00e3o Direta do Poder Executivo Municipal."}, {"id": "189", "ano": "2021", "numero": "14", "tipo__sigla": "PLE", "tipo__descricao": "Projeto de Lei do Executivo", "autoria": "Luiz Carlos Gil", "texto_original": "http://sapl.ivaipora.pr.leg.br/media/sapl/public/materialegislativa/2021/189/projeto_de_lei_14.pdf", "ementa": "Ratifica protocolo de inten\u00e7\u00f5es firmado entre Munic\u00edpios brasileiros, com a finalidade de adquirir vacinas para combate \u00e0 pandemia do coronav\u00edrus; medicamentos, insumos e equipamentos na \u00e1rea da sa\u00fade."}, {"id": "190", "ano": "2021", "numero": "15", "tipo__sigla": "PLE", "tipo__descricao": "Projeto de Lei do Executivo", "autoria": "Luiz Carlos Gil", "texto_original": "http://sapl.ivaipora.pr.leg.br/media/sapl/public/materialegislativa/2021/190/projeto_de_lei_15.pdf", "ementa": "Autoriza o Executivo Municipal a realizar a desapropria\u00e7\u00e3o amig\u00e1vel ou judicial, da fra\u00e7\u00e3o ideal do im\u00f3vel que espec\u00edfica e d\u00e1 outras provid\u00eancias."}, {"id": "191", "ano": "2021", "numero": "16", "tipo__sigla": "PLE", "tipo__descricao": "Projeto de Lei do Executivo", "autoria": "Luiz Carlos Gil", "texto_original": "http://sapl.ivaipora.pr.leg.br/media/sapl/public/materialegislativa/2021/191/projeto_de_lei_16.pdf", "ementa": "S\u00famula: Abre um Cr\u00e9dito Adicional Especial e d\u00e1 outras provid\u00eancias."}, {"id": "192", "ano": "2021", "numero": "17", "tipo__sigla": "PLE", "tipo__descricao": "Projeto de Lei do Executivo", "autoria": "Luiz Carlos Gil", "texto_original": "http://sapl.ivaipora.pr.leg.br/media/sapl/public/materialegislativa/2021/192/projeto_de_lei_17.pdf", "ementa": "Disp\u00f5e sobre a prorroga\u00e7\u00e3o do prazo de contrata\u00e7\u00e3o estipulado na Lei Municipal n\u00b0 3.259/2019, que disp\u00f5e sobre a contrata\u00e7\u00e3o por tempo determinado para atender \u00e0 necessidade tempor\u00e1ria de excepcional interesse p\u00fablico da Secretaria Municipal de Educa\u00e7\u00e3o, nos termos do inciso IX do artigo 37 da Constitui\u00e7\u00e3o Federal, e d\u00e1 outras provid\u00eancias"}, {"id": "193", "ano": "2021", "numero": "18", "tipo__sigla": "PLE", "tipo__descricao": "Projeto de Lei do Executivo", "autoria": "Luiz Carlos Gil", "texto_original": "http://sapl.ivaipora.pr.leg.br/media/sapl/public/materialegislativa/2021/193/projeto_de_lei_18.pdf", "ementa": "S\u00famula: Abre um Cr\u00e9dito Adicional Especial e d\u00e1 outras provid\u00eancias."}, {"id": "195", "ano": "2021", "numero": "19", "tipo__sigla": "PLE", "tipo__descricao": "Projeto de Lei do Executivo", "autoria": "Luiz Carlos Gil", "texto_original": "http://sapl.ivaipora.pr.leg.br/media/sapl/public/materialegislativa/2021/195/projeto_de_lei_19.pdf", "ementa": "S\u00famula: Abre um Cr\u00e9dito Adicional Especial e d\u00e1 outras provid\u00eancias."}, {"id": "203", "ano": "2021", "numero": "20", "tipo__sigla": "PLE", "tipo__descricao": "Projeto de Lei do Executivo", "autoria": "Luiz Carlos Gil", "texto_original": "http://sapl.ivaipora.pr.leg.br/media/sapl/public/materialegislativa/2021/203/projeto_de_lei_20.pdf", "ementa": "Altera o mapa constante no anexo XII do Art. 44, da Lei Municipal 1.519, de 26 de maio de 2008, que disp\u00f5e sobre o uso e ocupa\u00e7\u00e3o do solo no Munic\u00edpio de Ivaipor\u00e3/PR, e d\u00e1 outras provid\u00eancias."}, {"id": "204", "ano": "2021", "numero": "21", "tipo__sigla": "PLE", "tipo__descricao": "Projeto de Lei do Executivo", "autoria": "Luiz Carlos Gil", "texto_original": "http://sapl.ivaipora.pr.leg.br/media/sapl/public/materialegislativa/2021/204/projeto_de_lei_21.pdf", "ementa": "Autoriza o Poder Executivo Municipal a promover LEIL\u00c3O P\u00daBLICO DE BENS INSERV\u00cdVEIS para alienar ve\u00edculos, equipamentos e sucatas inserv\u00edveis de propriedade da Prefeitura Municipal de Ivaipor\u00e3/PR, e d\u00e1 outras provid\u00eancias"}, {"id": "205", "ano": "2021", "numero": "22", "tipo__sigla": "PLE", "tipo__descricao": "Projeto de Lei do Executivo", "autoria": "Luiz Carlos Gil", "texto_original": "http://sapl.ivaipora.pr.leg.br/media/sapl/public/materialegislativa/2021/205/projeto_de_lei_22.pdf", "ementa": "Introduz altera\u00e7\u00f5es na Lei Municipal n\u00b0 1.417, de 24 de maio de 2007, que disp\u00f5e sobre a cria\u00e7\u00e3o do Conselho Municipal de Acompanhamento e Controle Social do Fundo de Manuten\u00e7\u00e3o e Desenvolvimento da Educa\u00e7\u00e3o B\u00e1sica e de Valoriza\u00e7\u00e3o dos Profissionais da Educa\u00e7\u00e3o \u2013 Conselho do FUNDEB"}, {"id": "206", "ano": "2021", "numero": "23", "tipo__sigla": "PLE", "tipo__descricao": "Projeto de Lei do Executivo", "autoria": "Luiz Carlos Gil", "texto_original": "http://sapl.ivaipora.pr.leg.br/media/sapl/public/materialegislativa/2021/206/projeto_de_lei_23.pdf", "ementa": "Altera a Lei 3.508 de 03 de Fevereiro de 2021, que instituiu o Programa de Recupera\u00e7\u00e3o Fiscal de Ivaipor\u00e3 \u2013 REFIS IVAIPOR\u00c3 2021, especificamente, quanto \u00e0 data final de ades\u00e3o."}, {"id": "207", "ano": "2021", "numero": "24", "tipo__sigla": "PLE", "tipo__descricao": "Projeto de Lei do Executivo", "autoria": "Luiz Carlos Gil", "texto_original": "http://sapl.ivaipora.pr.leg.br/media/sapl/public/materialegislativa/2021/207/projeto_de_lei_n.o_24_2021.docx", "ementa": "PROJETO DE LEI N.\u00ba 24/2021\r\n\r\nS\u00famula: Abre um Cr\u00e9dito Adicional Especial e d\u00e1 outras provid\u00eancias."}, {"id": "208", "ano": "2021", "numero": "25", "tipo__sigla": "PLE", "tipo__descricao": "Projeto de Lei do Executivo", "autoria": "Luiz Carlos Gil", "texto_original": "http://sapl.ivaipora.pr.leg.br/media/sapl/public/materialegislativa/2021/208/projeto_de_lei_25.pdf", "ementa": "S\u00famula: Abre um Cr\u00e9dito Adicional Especial e d\u00e1 outras provid\u00eancias."}, {"id": "209", "ano": "2021", "numero": "26", "tipo__sigla": "PLE", "tipo__descricao": "Projeto de Lei do Executivo", "autoria": "Luiz Carlos Gil", "texto_original": "http://sapl.ivaipora.pr.leg.br/media/sapl/public/materialegislativa/2021/209/projeto_de_lei_26.pdf", "ementa": "S\u00famula: Abre um Cr\u00e9dito Adicional Especial e d\u00e1 outras provid\u00eancias."}, {"id": "210", "ano": "2021", "numero": "27", "tipo__sigla": "PLE", "tipo__descricao": "Projeto de Lei do Executivo", "autoria": "Luiz Carlos Gil", "texto_original": "http://sapl.ivaipora.pr.leg.br/media/sapl/public/materialegislativa/2021/210/projeto_de_lei_27.pdf", "ementa": "S\u00famula: Abre um Cr\u00e9dito Adicional Especial e d\u00e1 outras provid\u00eancias."}, {"id": "211", "ano": "2021", "numero": "28", "tipo__sigla": "PLE", "tipo__descricao": "Projeto de Lei do Executivo", "autoria": "Luiz Carlos Gil", "texto_original": "http://sapl.ivaipora.pr.leg.br/media/sapl/public/materialegislativa/2021/211/projeto_de_lei_28.pdf", "ementa": "S\u00famula: Abre um Cr\u00e9dito Adicional Especial e d\u00e1 outras provid\u00eancias."}, {"id": "212", "ano": "2021", "numero": "29", "tipo__sigla": "PLE", "tipo__descricao": "Projeto de Lei do Executivo", "autoria": "Luiz Carlos Gil", "texto_original": "http://sapl.ivaipora.pr.leg.br/media/sapl/public/materialegislativa/2021/212/projeto_de_lei_29.pdf", "ementa": "Disp\u00f5e sobre a contrata\u00e7\u00e3o de pessoal por tempo determinado, para a presta\u00e7\u00e3o de servi\u00e7os no Pronto Atendimento Municipal, Centro de Triagem COVID-19 e Aten\u00e7\u00e3o B\u00e1sica, de forma a suprir a necessidade tempor\u00e1ria de excepcional interesse p\u00fablico e d\u00e1 outras provid\u00eancias."}, {"id": "213", "ano": "2021", "numero": "30", "tipo__sigla": "PLE", "tipo__descricao": "Projeto de Lei do Executivo", "autoria": "Luiz Carlos Gil", "texto_original": "http://sapl.ivaipora.pr.leg.br/media/sapl/public/materialegislativa/2021/213/projeto_de_lei_30.pdf", "ementa": "Autoriza o Executivo Municipal a outorgar a Cess\u00e3o de Uso de im\u00f3vel \u00e0 SECRETARIA DE ESTADO DA SEGURAN\u00c7A P\u00daBLICA, POR INTERM\u00c9DIO DO DEPARTAMENTO DA POL\u00cdCIA CIVIL, e d\u00e1 outras provid\u00eancias."}, {"id": "214", "ano": "2021", "numero": "31", "tipo__sigla": "PLE", "tipo__descricao": "Projeto de Lei do Executivo", "autoria": "Luiz Carlos Gil", "texto_original": "http://sapl.ivaipora.pr.leg.br/media/sapl/public/materialegislativa/2021/214/projeto_de_lei_31.pdf", "ementa": "Autoriza a doa\u00e7\u00e3o de terreno ao ESTADO DO PARAN\u00c1 e d\u00e1 outras provid\u00eancias"}, {"id": "215", "ano": "2021", "numero": "32", "tipo__sigla": "PLE", "tipo__descricao": "Projeto de Lei do Executivo", "autoria": "Luiz Carlos Gil", "texto_original": "http://sapl.ivaipora.pr.leg.br/media/sapl/public/materialegislativa/2021/215/projeto_de_lei_32.pdf", "ementa": "Autoriza o Executivo Municipal a conceder abono salarial a servidores efetivos do Munic\u00edpio de Ivaipor\u00e3/PR, e d\u00e1 outras provid\u00eancias."}, {"id": "216", "ano": "2021", "numero": "33", "tipo__sigla": "PLE", "tipo__descricao": "Projeto de Lei do Executivo", "autoria": "Luiz Carlos Gil", "texto_original": "http://sapl.ivaipora.pr.leg.br/media/sapl/public/materialegislativa/2021/216/projeto_de_lei_33.pdf", "ementa": "S\u00famula: Abre um Cr\u00e9dito Adicional Especial e d\u00e1 outras provid\u00eancias."}, {"id": "218", "ano": "2021", "numero": "34", "tipo__sigla": "PLE", "tipo__descricao": "Projeto de Lei do Executivo", "autoria": "Luiz Carlos Gil", "texto_original": "http://sapl.ivaipora.pr.leg.br/media/sapl/public/materialegislativa/2021/218/projeto_de_lei_34.pdf", "ementa": "S\u00famula: Abre um Cr\u00e9dito Adicional Especial e d\u00e1 outras provid\u00eancias."}, {"id": "220", "ano": "2021", "numero": "35", "tipo__sigla": "PLE", "tipo__descricao": "Projeto de Lei do Executivo", "autoria": "Luiz Carlos Gil", "texto_original": "http://sapl.ivaipora.pr.leg.br/media/sapl/public/materialegislativa/2021/220/projeto_de_lei_35.pdf", "ementa": "Autoriza o Executivo Municipal a outorgar Cess\u00e3o de Uso de im\u00f3vel e a doa\u00e7\u00e3o de m\u00e1quinas e equipamentos \u00e0 COMPANHIA DE SANEAMENTO DO PARAN\u00c1 - SANEPAR, e d\u00e1 outras provid\u00eancias"}, {"id": "221", "ano": "2021", "numero": "36", "tipo__sigla": "PLE", "tipo__descricao": "Projeto de Lei do Executivo", "autoria": "Luiz Carlos Gil", "texto_original": "http://sapl.ivaipora.pr.leg.br/media/sapl/public/materialegislativa/2021/221/projeto_de_lei_36.pdf", "ementa": "S\u00famula: Abre um Cr\u00e9dito Adicional Especial e d\u00e1 outras provid\u00eancias"}, {"id": "222", "ano": "2021", "numero": "37", "tipo__sigla": "PLE", "tipo__descricao": "Projeto de Lei do Executivo", "autoria": "Luiz Carlos Gil", "texto_original": "http://sapl.ivaipora.pr.leg.br/media/sapl/public/materialegislativa/2021/222/projeto_de_lei_37.pdf", "ementa": "S\u00famula: Abre um Cr\u00e9dito Adicional Especial e d\u00e1 outras provid\u00eancias."}, {"id": "239", "ano": "2021", "numero": "38", "tipo__sigla": "PLE", "tipo__descricao": "Projeto de Lei do Executivo", "autoria": "Luiz Carlos Gil", "texto_original": "http://sapl.ivaipora.pr.leg.br/media/sapl/public/materialegislativa/2021/239/projeto_de_lei_38.pdf", "ementa": "Introduz altera\u00e7\u00f5es na Lei Municipal n\u00b0 2.556, de 11 de dezembro de 2014, que autoriza o Procurador do Munic\u00edpio a celebrar acordo em a\u00e7\u00f5es no \u00e2mbito c\u00edvel e d\u00e1 outras provid\u00eancias."}, {"id": "243", "ano": "2021", "numero": "39", "tipo__sigla": "PLE", "tipo__descricao": "Projeto de Lei do Executivo", "autoria": "Luiz Carlos Gil", "texto_original": "http://sapl.ivaipora.pr.leg.br/media/sapl/public/materialegislativa/2021/243/projeto_de_lei_39.pdf", "ementa": "Introduz altera\u00e7\u00f5es na Lei Municipal n\u00b0 2.696, de 23 de outubro de 2015, que estabelece diretrizes de mobilidade urbana para a promo\u00e7\u00e3o da acessibilidade nos passeios p\u00fablicos do Munic\u00edpio de Ivaipor\u00e3/PR, e d\u00e1 outras provid\u00eancias"}, {"id": "245", "ano": "2021", "numero": "40", "tipo__sigla": "PLE", "tipo__descricao": "Projeto de Lei do Executivo", "autoria": "Marcelo dos Reis", "texto_original": "http://sapl.ivaipora.pr.leg.br/media/sapl/public/materialegislativa/2021/245/projeto_de_lei_40.pdf", "ementa": "Autoriza o Executivo Municipal a realizar desapropria\u00e7\u00e3o amig\u00e1vel ou judicial, da fra\u00e7\u00e3o ideal do im\u00f3vel que espec\u00edfica e d\u00e1 outras provid\u00eancias."}, {"id": "247", "ano": "2021", "numero": "41", "tipo__sigla": "PLE", "tipo__descricao": "Projeto de Lei do Executivo", "autoria": "Marcelo dos Reis", "texto_original": "http://sapl.ivaipora.pr.leg.br/media/sapl/public/materialegislativa/2021/247/projeto_de_lei_41.pdf", "ementa": "S\u00famula: Abre um Cr\u00e9dito Adicional Especial e d\u00e1 outras provid\u00eancias."}, {"id": "248", "ano": "2021", "numero": "42", "tipo__sigla": "PLE", "tipo__descricao": "Projeto de Lei do Executivo", "autoria": "Marcelo dos Reis", "texto_original": "http://sapl.ivaipora.pr.leg.br/media/sapl/public/materialegislativa/2021/248/projeto_de_lei_42.pdf", "ementa": "S\u00famula: Abre um Cr\u00e9dito Adicional Especial e d\u00e1 outras provid\u00eancias."}, {"id": "250", "ano": "2021", "numero": "43", "tipo__sigla": "PLE", "tipo__descricao": "Projeto de Lei do Executivo", "autoria": "Marcelo dos Reis", "texto_original": "http://sapl.ivaipora.pr.leg.br/media/sapl/public/materialegislativa/2021/250/projeto_de_lei_43.pdf", "ementa": "S\u00famula: Abre um Cr\u00e9dito Adicional Especial e d\u00e1 outras provid\u00eancias."}, {"id": "252", "ano": "2021", "numero": "44", "tipo__sigla": "PLE", "tipo__descricao": "Projeto de Lei do Executivo", "autoria": "Marcelo dos Reis", "texto_original": "http://sapl.ivaipora.pr.leg.br/media/sapl/public/materialegislativa/2021/252/projeto_de_lei_44.pdf", "ementa": "Autoriza o Poder Executivo Municipal a contratar opera\u00e7\u00e3o de cr\u00e9dito com a Ag\u00eancia de Fomento do Paran\u00e1 S.A."}, {"id": "253", "ano": "2021", "numero": "45", "tipo__sigla": "PLE", "tipo__descricao": "Projeto de Lei do Executivo", "autoria": "Marcelo dos Reis", "texto_original": "http://sapl.ivaipora.pr.leg.br/media/sapl/public/materialegislativa/2021/253/projeto_de_lei_45.pdf", "ementa": "S\u00famula: Autoriza o Chefe do Poder Executivo Municipal a efetuar a abertura de Cr\u00e9dito Adicional Especial no or\u00e7amento do Munic\u00edpio de Ivaipor\u00e3/PR, para o exerc\u00edcio de 2021."}, {"id": "254", "ano": "2021", "numero": "46", "tipo__sigla": "PLE", "tipo__descricao": "Projeto de Lei do Executivo", "autoria": "Marcelo dos Reis", "texto_original": "http://sapl.ivaipora.pr.leg.br/media/sapl/public/materialegislativa/2021/254/projeto_de_lei_46.pdf", "ementa": "S\u00famula: Abre um Cr\u00e9dito Adicional Especial e d\u00e1 outras provid\u00eancias"}, {"id": "255", "ano": "2021", "numero": "47", "tipo__sigla": "PLE", "tipo__descricao": "Projeto de Lei do Executivo", "autoria": "Marcelo dos Reis", "texto_original": "http://sapl.ivaipora.pr.leg.br/media/sapl/public/materialegislativa/2021/255/projeto_de_lei_47.pdf", "ementa": "S\u00famula: Abre um Cr\u00e9dito Adicional Especial e d\u00e1 outras provid\u00eancias."}, {"id": "256", "ano": "2021", "numero": "48", "tipo__sigla": "PLE", "tipo__descricao": "Projeto de Lei do Executivo", "autoria": "Marcelo dos Reis", "texto_original": "http://sapl.ivaipora.pr.leg.br/media/sapl/public/materialegislativa/2021/256/projeto_de_lei_48.pdf", "ementa": "Autoriza o Executivo Municipal a conceder revis\u00e3o geral anual dos sal\u00e1rios e vencimentos dos servidores municipais e d\u00e1 outras provid\u00eancias."}, {"id": "257", "ano": "2021", "numero": "49", "tipo__sigla": "PLE", "tipo__descricao": "Projeto de Lei do Executivo", "autoria": "Marcelo dos Reis", "texto_original": "http://sapl.ivaipora.pr.leg.br/media/sapl/public/materialegislativa/2021/257/projeto_de_lei_49.pdf", "ementa": "Introduz altera\u00e7\u00f5es na Lei Municipal n\u00b0 3.533/2021, que disp\u00f5e sobre a contrata\u00e7\u00e3o de pessoal por tempo determinado, para a presta\u00e7\u00e3o de servi\u00e7os no Pronto Atendimento Municipal, Centro de Triagem COVID-19 e Aten\u00e7\u00e3o B\u00e1sica, de forma a suprir a necessidade tempor\u00e1ria de excepcional interesse p\u00fablico e d\u00e1 outras provid\u00eancias."}, {"id": "258", "ano": "2021", "numero": "50", "tipo__sigla": "PLE", "tipo__descricao": "Projeto de Lei do Executivo", "autoria": "Marcelo dos Reis", "texto_original": "http://sapl.ivaipora.pr.leg.br/media/sapl/public/materialegislativa/2021/258/projeto_de_lei_50.pdf", "ementa": "Introduz altera\u00e7\u00f5es na Lei Municipal 2.872, de 13 de outubro de 2016, a qual disp\u00f5e sobre a Estrutura Administrativa da Prefeitura do Munic\u00edpio de Ivaipor\u00e3/PR."}, {"id": "263", "ano": "2021", "numero": "52", "tipo__sigla": "PLE", "tipo__descricao": "Projeto de Lei do Executivo", "autoria": "Marcelo dos Reis", "texto_original": "http://sapl.ivaipora.pr.leg.br/media/sapl/public/materialegislativa/2021/263/projeto_de_lei_52.pdf", "ementa": "S\u00famula: Abre um Cr\u00e9dito Adicional Especial e d\u00e1 outras provid\u00eancias."}, {"id": "265", "ano": "2021", "numero": "53", "tipo__sigla": "PLE", "tipo__descricao": "Projeto de Lei do Executivo", "autoria": "Luiz Carlos Gil", "texto_original": "http://sapl.ivaipora.pr.leg.br/media/sapl/public/materialegislativa/2021/265/projeto_de_lei_53.pdf", "ementa": "Introduz altera\u00e7\u00f5es na Lei Municipal n\u00b0 1.151, de 23 de outubro de 2001, que institui no \u00e2mbito do munic\u00edpio de Ivaipor\u00e3, o Conselho Municipal do Trabalho."}, {"id": "267", "ano": "2021", "numero": "54", "tipo__sigla": "PLE", "tipo__descricao": "Projeto de Lei do Executivo", "autoria": "Luiz Carlos Gil", "texto_original": "http://sapl.ivaipora.pr.leg.br/media/sapl/public/materialegislativa/2021/267/projeto_de_lei_54.pdf", "ementa": "S\u00famula: Abre um Cr\u00e9dito Adicional Especial e d\u00e1 outras provid\u00eancias."}, {"id": "269", "ano": "2021", "numero": "55", "tipo__sigla": "PLE", "tipo__descricao": "Projeto de Lei do Executivo", "autoria": "Luiz Carlos Gil", "texto_original": "http://sapl.ivaipora.pr.leg.br/media/sapl/public/materialegislativa/2021/269/projeto_de_lei_55.pdf", "ementa": "Introduz altera\u00e7\u00f5es na Lei Municipal n\u00b0 1.268/2005, que disp\u00f5e sobre o Estatuto dos Funcion\u00e1rios P\u00fablicos de Ivaipor\u00e3 e d\u00e1 outras provid\u00eancias."}, {"id": "270", "ano": "2021", "numero": "56", "tipo__sigla": "PLE", "tipo__descricao": "Projeto de Lei do Executivo", "autoria": "Luiz Carlos Gil", "texto_original": "http://sapl.ivaipora.pr.leg.br/media/sapl/public/materialegislativa/2021/270/pll_no_56-2021.pdf", "ementa": "Disp\u00f5e sobre o Plano Plurianual do Munic\u00edpio de Ivaipor\u00e3, Estado do Paran\u00e1 e d\u00e1 outras provid\u00eancias."}, {"id": "271", "ano": "2021", "numero": "57", "tipo__sigla": "PLE", "tipo__descricao": "Projeto de Lei do Executivo", "autoria": "Luiz Carlos Gil", "texto_original": "http://sapl.ivaipora.pr.leg.br/media/sapl/public/materialegislativa/2021/271/projeto_de_lei_57.pdf", "ementa": "Disp\u00f5e sobre o reconhecimento de ren\u00fancia \u00e0 ordem cronol\u00f3gica de vacina\u00e7\u00e3o da COVID-19 nos casos de recusa da vacina\u00e7\u00e3o em raz\u00e3o da marca do imunizante dispon\u00edvel, e d\u00e1 outras provid\u00eancias."}, {"id": "272", "ano": "2021", "numero": "58", "tipo__sigla": "PLE", "tipo__descricao": "Projeto de Lei do Executivo", "autoria": "Luiz Carlos Gil", "texto_original": "http://sapl.ivaipora.pr.leg.br/media/sapl/public/materialegislativa/2021/272/projeto_de_lei_58.pdf", "ementa": "S\u00famula: Abre um Cr\u00e9dito Adicional Especial e d\u00e1 outras provid\u00eancias."}, {"id": "273", "ano": "2021", "numero": "59", "tipo__sigla": "PLE", "tipo__descricao": "Projeto de Lei do Executivo", "autoria": "Luiz Carlos Gil", "texto_original": "http://sapl.ivaipora.pr.leg.br/media/sapl/public/materialegislativa/2021/273/projeto_de_lei_59.pdf", "ementa": "Introduz altera\u00e7\u00f5es na Lei Municipal 1.812, de 13 de julho de 2010, a qual institui o Conselho e o Fundo Municipal de Cultura do Munic\u00edpio de Ivaipor\u00e3/PR."}, {"id": "274", "ano": "2021", "numero": "60", "tipo__sigla": "PLE", "tipo__descricao": "Projeto de Lei do Executivo", "autoria": "Luiz Carlos Gil", "texto_original": "http://sapl.ivaipora.pr.leg.br/media/sapl/public/materialegislativa/2021/274/projeto_de_lei_60.pdf", "ementa": "S\u00famula: Abre um Cr\u00e9dito Adicional Especial e d\u00e1 outras provid\u00eancias"}, {"id": "275", "ano": "2021", "numero": "61", "tipo__sigla": "PLE", "tipo__descricao": "Projeto de Lei do Executivo", "autoria": "Luiz Carlos Gil", "texto_original": "http://sapl.ivaipora.pr.leg.br/media/sapl/public/materialegislativa/2021/275/projeto_de_lei_61.pdf", "ementa": "S\u00famula: Abre um Cr\u00e9dito Adicional Especial e d\u00e1 outras provid\u00eancias."}, {"id": "276", "ano": "2021", "numero": "62", "tipo__sigla": "PLE", "tipo__descricao": "Projeto de Lei do Executivo", "autoria": "Luiz Carlos Gil", "texto_original": "http://sapl.ivaipora.pr.leg.br/media/sapl/public/materialegislativa/2021/276/projeto_de_lei_62.pdf", "ementa": "S\u00famula: Abre um Cr\u00e9dito Adicional Especial e d\u00e1 outras provid\u00eancias."}, {"id": "277", "ano": "2021", "numero": "63", "tipo__sigla": "PLE", "tipo__descricao": "Projeto de Lei do Executivo", "autoria": "Luiz Carlos Gil", "texto_original": "http://sapl.ivaipora.pr.leg.br/media/sapl/public/materialegislativa/2021/277/projeto_de_lei_63.pdf", "ementa": "S\u00famula: Abre um Cr\u00e9dito Adicional Especial e d\u00e1 outras provid\u00eancias."}, {"id": "278", "ano": "2021", "numero": "64", "tipo__sigla": "PLE", "tipo__descricao": "Projeto de Lei do Executivo", "autoria": "Luiz Carlos Gil", "texto_original": "http://sapl.ivaipora.pr.leg.br/media/sapl/public/materialegislativa/2021/278/projeto_de_lei_64.pdf", "ementa": "S\u00famula: Abre um Cr\u00e9dito Adicional Especial e d\u00e1 outras provid\u00eancias."}, {"id": "279", "ano": "2021", "numero": "65", "tipo__sigla": "PLE", "tipo__descricao": "Projeto de Lei do Executivo", "autoria": "Luiz Carlos Gil", "texto_original": "http://sapl.ivaipora.pr.leg.br/media/sapl/public/materialegislativa/2021/279/projeto_de_lei_65.pdf", "ementa": "Suspende os efeitos da Lei Municipal n\u00b0 3.553/2021, em face da decis\u00e3o proferida nos autos da Reclama\u00e7\u00e3o 48.538/STF, Relator Ministro Alexandre de Moraes, e d\u00e1 outras provid\u00eancias"}, {"id": "280", "ano": "2021", "numero": "66", "tipo__sigla": "PLE", "tipo__descricao": "Projeto de Lei do Executivo", "autoria": "Luiz Carlos Gil", "texto_original": "http://sapl.ivaipora.pr.leg.br/media/sapl/public/materialegislativa/2021/280/ple_no_66-2021.pdf", "ementa": "Disp\u00f5e sobre as diretrizes para elabora\u00e7\u00e3o da lei Or\u00e7ament\u00e1ria do Munic\u00edpio de Ivaipor\u00e3, Estado do Paran\u00e1, para o exerc\u00edcio financeiro de 2022, e d\u00e1 outras provid\u00eancias."}, {"id": "297", "ano": "2021", "numero": "67", "tipo__sigla": "PLE", "tipo__descricao": "Projeto de Lei do Executivo", "autoria": "Luiz Carlos Gil", "texto_original": "http://sapl.ivaipora.pr.leg.br/media/sapl/public/materialegislativa/2021/297/projeto_de_lei_67.pdf", "ementa": "Autoriza a doa\u00e7\u00e3o de terreno ao ESTADO DO PARAN\u00c1 e d\u00e1 outras provid\u00eancias."}, {"id": "298", "ano": "2021", "numero": "68", "tipo__sigla": "PLE", "tipo__descricao": "Projeto de Lei do Executivo", "autoria": "Luiz Carlos Gil", "texto_original": "http://sapl.ivaipora.pr.leg.br/media/sapl/public/materialegislativa/2021/298/projeto_de_lei_68.pdf", "ementa": "Introduz altera\u00e7\u00f5es na Lei Municipal n\u00b0 3.409/2019, que disp\u00f5e sobre o Plano de Cargos, Carreira e Remunera\u00e7\u00e3o do Magist\u00e9rio P\u00fablico Municipal de Ivaipor\u00e3 \u2013 Estado do Paran\u00e1 e d\u00e1 outras provid\u00eancias."}, {"id": "301", "ano": "2021", "numero": "69", "tipo__sigla": "PLE", "tipo__descricao": "Projeto de Lei do Executivo", "autoria": "Luiz Carlos Gil", "texto_original": "http://sapl.ivaipora.pr.leg.br/media/sapl/public/materialegislativa/2021/301/projeto_de_lei_69.pdf", "ementa": "Disp\u00f5e sobre a contrata\u00e7\u00e3o de pessoal por tempo determinado, para a presta\u00e7\u00e3o de servi\u00e7os no Departamento Municipal de Sa\u00fade, de forma a suprir a necessidade tempor\u00e1ria de excepcional interesse p\u00fablico e d\u00e1 outras provid\u00eancias."}, {"id": "304", "ano": "2021", "numero": "70", "tipo__sigla": "PLE", "tipo__descricao": "Projeto de Lei do Executivo", "autoria": "Luiz Carlos Gil", "texto_original": "http://sapl.ivaipora.pr.leg.br/media/sapl/public/materialegislativa/2021/304/projeto_de_lei_70.pdf", "ementa": "S\u00famula: Autoriza o Munic\u00edpio de Ivaipor\u00e3/PR a ceder, mediante Cess\u00e3o de Uso o ve\u00edculo p\u00fablico semi-reboque que especifica \u00e0 ASSOCIA\u00c7\u00c3O DOS MUNIC\u00cdPIOS DO VALE DO IVA\u00cd - AMUVI, e d\u00e1 outras provid\u00eancias."}, {"id": "305", "ano": "2021", "numero": "72", "tipo__sigla": "PLE", "tipo__descricao": "Projeto de Lei do Executivo", "autoria": "Luiz Carlos Gil", "texto_original": "http://sapl.ivaipora.pr.leg.br/media/sapl/public/materialegislativa/2021/305/projeto_de_lei_72.pdf", "ementa": "S\u00famula: Abre um Cr\u00e9dito Adicional Especial e d\u00e1 outras provid\u00eancias."}, {"id": "307", "ano": "2021", "numero": "73", "tipo__sigla": "PLE", "tipo__descricao": "Projeto de Lei do Executivo", "autoria": "Luiz Carlos Gil", "texto_original": "http://sapl.ivaipora.pr.leg.br/media/sapl/public/materialegislativa/2021/307/projeto_de_lei_73.pdf", "ementa": "Autoriza o Executivo Municipal a realizar desapropria\u00e7\u00e3o amig\u00e1vel ou judicial, do im\u00f3vel que espec\u00edfica e d\u00e1 outras provid\u00eancias."}, {"id": "326", "ano": "2021", "numero": "74", "tipo__sigla": "PLE", "tipo__descricao": "Projeto de Lei do Executivo", "autoria": "Luiz Carlos Gil", "texto_original": "http://sapl.ivaipora.pr.leg.br/media/sapl/public/materialegislativa/2021/326/projeto_de_lei_74.pdf", "ementa": "Autoriza o Executivo Municipal a realizar desapropria\u00e7\u00e3o amig\u00e1vel ou judicial, da fra\u00e7\u00e3o ideal do im\u00f3vel que espec\u00edfica e d\u00e1 outras provid\u00eancias"}, {"id": "310", "ano": "2021", "numero": "75", "tipo__sigla": "PLE", "tipo__descricao": "Projeto de Lei do Executivo", "autoria": "Luiz Carlos Gil", "texto_original": "http://sapl.ivaipora.pr.leg.br/media/sapl/public/materialegislativa/2021/310/projeto_de_lei_75.pdf", "ementa": "Introduz altera\u00e7\u00f5es na Lei Municipal n\u00b0 3.592, de 1 de setembro de 2021, que disp\u00f5e sobre a contrata\u00e7\u00e3o de pessoal por tempo determinado, para a presta\u00e7\u00e3o de servi\u00e7os no Departamento Municipal de Sa\u00fade, de forma a suprir a necessidade tempor\u00e1ria de excepcional interesse p\u00fablico e d\u00e1 outras provid\u00eancias."}, {"id": "314", "ano": "2021", "numero": "76", "tipo__sigla": "PLE", "tipo__descricao": "Projeto de Lei do Executivo", "autoria": "Luiz Carlos Gil", "texto_original": "http://sapl.ivaipora.pr.leg.br/media/sapl/public/materialegislativa/2021/314/projeto_de_lei_76.pdf", "ementa": "S\u00famula: Abre um Cr\u00e9dito Adicional Especial e d\u00e1 outras provid\u00eancias."}, {"id": "318", "ano": "2021", "numero": "77", "tipo__sigla": "PLE", "tipo__descricao": "Projeto de Lei do Executivo", "autoria": "Luiz Carlos Gil", "texto_original": "http://sapl.ivaipora.pr.leg.br/media/sapl/public/materialegislativa/2021/318/projeto_de_lei_77.pdf", "ementa": "S\u00famula: Abre um Cr\u00e9dito Adicional Especial e d\u00e1 outras provid\u00eancias."}, {"id": "320", "ano": "2021", "numero": "78", "tipo__sigla": "PLE", "tipo__descricao": "Projeto de Lei do Executivo", "autoria": "Luiz Carlos Gil", "texto_original": "http://sapl.ivaipora.pr.leg.br/media/sapl/public/materialegislativa/2021/320/projeto_de_lei_78.pdf", "ementa": "Denomina a rua MAX ARTHUR GREIPEL, no munic\u00edpio de Ivaipor\u00e3/PR."}, {"id": "322", "ano": "2021", "numero": "79", "tipo__sigla": "PLE", "tipo__descricao": "Projeto de Lei do Executivo", "autoria": "Luiz Carlos Gil", "texto_original": "http://sapl.ivaipora.pr.leg.br/media/sapl/public/materialegislativa/2021/322/projeto_de_lei_79.pdf", "ementa": "Revoga na \u00edntegra a Lei Municipal 2.495, de 30 de julho de 2014, e d\u00e1 outras provid\u00eancias."}, {"id": "323", "ano": "2021", "numero": "80", "tipo__sigla": "PLE", "tipo__descricao": "Projeto de Lei do Executivo", "autoria": "Luiz Carlos Gil", "texto_original": "http://sapl.ivaipora.pr.leg.br/media/sapl/public/materialegislativa/2021/323/projeto_de_lei_80.pdf", "ementa": "Introduz altera\u00e7\u00f5es na Lei Municipal n\u00b0 3.596, de 22 de setembro de 2021, que autoriza o Executivo Municipal a realizar desapropria\u00e7\u00e3o amig\u00e1vel ou judicial, do im\u00f3vel que espec\u00edfica e d\u00e1 outras provid\u00eancias"}, {"id": "325", "ano": "2021", "numero": "81", "tipo__sigla": "PLE", "tipo__descricao": "Projeto de Lei do Executivo", "autoria": "Luiz Carlos Gil", "texto_original": "http://sapl.ivaipora.pr.leg.br/media/sapl/public/materialegislativa/2021/325/projeto_de_lei_81.pdf", "ementa": "Autoriza o Executivo Municipal a realizar desapropria\u00e7\u00e3o amig\u00e1vel ou judicial, do im\u00f3vel que espec\u00edfica e d\u00e1 outras provid\u00eancias"}, {"id": "327", "ano": "2021", "numero": "82", "tipo__sigla": "PLE", "tipo__descricao": "Projeto de Lei do Executivo", "autoria": "Luiz Carlos Gil", "texto_original": "http://sapl.ivaipora.pr.leg.br/media/sapl/public/materialegislativa/2021/327/projeto_de_lei_82.pdf", "ementa": "Institui o Programa de Recupera\u00e7\u00e3o Fiscal de Ivaipor\u00e3 \u2013 REFIS IVAIPOR\u00c3 2022, e d\u00e1 outras provid\u00eancias."}, {"id": "328", "ano": "2021", "numero": "83", "tipo__sigla": "PLE", "tipo__descricao": "Projeto de Lei do Executivo", "autoria": "Luiz Carlos Gil", "texto_original": "http://sapl.ivaipora.pr.leg.br/media/sapl/public/materialegislativa/2021/328/projeto_de_lei_83.pdf", "ementa": "S\u00famula: Abre um Cr\u00e9dito Adicional Especial e d\u00e1 outras provid\u00eancias."}, {"id": "329", "ano": "2021", "numero": "84", "tipo__sigla": "PLE", "tipo__descricao": "Projeto de Lei do Executivo", "autoria": "Luiz Carlos Gil", "texto_original": "http://sapl.ivaipora.pr.leg.br/media/sapl/public/materialegislativa/2021/329/projeto_de_lei_84.pdf", "ementa": "S\u00famula: Abre um Cr\u00e9dito Adicional Especial e d\u00e1 outras provid\u00eancias."}, {"id": "330", "ano": "2021", "numero": "85", "tipo__sigla": "PLE", "tipo__descricao": "Projeto de Lei do Executivo", "autoria": "Luiz Carlos Gil", "texto_original": "http://sapl.ivaipora.pr.leg.br/media/sapl/public/materialegislativa/2021/330/projeto_de_lei_85.pdf", "ementa": "S\u00famula: Abre um Cr\u00e9dito Adicional Especial e d\u00e1 outras provid\u00eancias."}, {"id": "331", "ano": "2021", "numero": "86", "tipo__sigla": "PLE", "tipo__descricao": "Projeto de Lei do Executivo", "autoria": "Marcelo dos Reis", "texto_original": "http://sapl.ivaipora.pr.leg.br/media/sapl/public/materialegislativa/2021/331/projeto_de_lei_86.pdf", "ementa": "S\u00famula: Abre um Cr\u00e9dito Adicional Especial e d\u00e1 outras provid\u00eancias."}, {"id": "332", "ano": "2021", "numero": "89", "tipo__sigla": "PLE", "tipo__descricao": "Projeto de Lei do Executivo", "autoria": "Luiz Carlos Gil", "texto_original": "http://sapl.ivaipora.pr.leg.br/media/sapl/public/materialegislativa/2021/332/projeto_de_lei_89.pdf", "ementa": "Disp\u00f5e sobre a destina\u00e7\u00e3o e o recebimento de patroc\u00ednio pelo poder p\u00fablico a eventos realizados no territ\u00f3rio do munic\u00edpio e da outras provid\u00eancias."}, {"id": "337", "ano": "2021", "numero": "90", "tipo__sigla": "PLE", "tipo__descricao": "Projeto de Lei do Executivo", "autoria": "Luiz Carlos Gil", "texto_original": "http://sapl.ivaipora.pr.leg.br/media/sapl/public/materialegislativa/2021/337/projeto_de_lei_90_2021.pdf", "ementa": "S\u00famula: Abre um cr\u00e9dito  adicional especial  e da outras provid\u00eancias."}, {"id": "338", "ano": "2021", "numero": "91", "tipo__sigla": "PLE", "tipo__descricao": "Projeto de Lei do Executivo", "autoria": "Luiz Carlos Gil", "texto_original": "http://sapl.ivaipora.pr.leg.br/media/sapl/public/materialegislativa/2021/338/ple_no_91-2021.pdf", "ementa": "PROJETO DE LEI N.\u00ba 91/2021\r\nS\u00famula: Estima Receita e Fixa a Despesa do Munic\u00edpio de Ivaipor\u00e3, Estado do Paran\u00e1, para o exerc\u00edcio financeiro de 2022."}, {"id": "339", "ano": "2021", "numero": "92", "tipo__sigla": "PLE", "tipo__descricao": "Projeto de Lei do Executivo", "autoria": "Luiz Carlos Gil", "texto_original": "http://sapl.ivaipora.pr.leg.br/media/sapl/public/materialegislativa/2021/339/projeto_de_lei_92.pdf", "ementa": "Autoriza o Executivo Municipal a utilizar \u00e1rea institucional para fomentar o setor industrial em observ\u00e2ncia \u00e0 Lei Municipal n\u00b0 1.940/2011, e d\u00e1 outras provid\u00eancias."}, {"id": "340", "ano": "2021", "numero": "93", "tipo__sigla": "PLE", "tipo__descricao": "Projeto de Lei do Executivo", "autoria": "Luiz Carlos Gil", "texto_original": "http://sapl.ivaipora.pr.leg.br/media/sapl/public/materialegislativa/2021/340/projeto_de_lei_93.pdf", "ementa": "Autoriza o Executivo Municipal a realizar despesa com coras de flores para fins de prestar homenagem p\u00f3stuma, e d\u00e1 outras provid\u00eancias."}, {"id": "341", "ano": "2021", "numero": "94", "tipo__sigla": "PLE", "tipo__descricao": "Projeto de Lei do Executivo", "autoria": "Luiz Carlos Gil", "texto_original": "http://sapl.ivaipora.pr.leg.br/media/sapl/public/materialegislativa/2021/341/projeto_de_lei_94.pdf", "ementa": "Regulamenta o Acordo Direto de Precat\u00f3rios e cria a C\u00e2mara de Concilia\u00e7\u00e3o de Precat\u00f3rios no \u00e2mbito do Munic\u00edpio de Ivaipor\u00e3/PR, e d\u00e1 outras provid\u00eancias."}, {"id": "350", "ano": "2021", "numero": "95", "tipo__sigla": "PLE", "tipo__descricao": "Projeto de Lei do Executivo", "autoria": "Luiz Carlos Gil", "texto_original": "http://sapl.ivaipora.pr.leg.br/media/sapl/public/materialegislativa/2021/350/projeto_de_lei_95.pdf", "ementa": "Introduz altera\u00e7\u00f5es na Lei Municipal 2.872, de 13 de outubro de 2016, a qual disp\u00f5e sobre a Estrutura Administrativa da Prefeitura do Munic\u00edpio de Ivaipor\u00e3/PR."}, {"id": "354", "ano": "2021", "numero": "96", "tipo__sigla": "PLE", "tipo__descricao": "Projeto de Lei do Executivo", "autoria": "Luiz Carlos Gil", "texto_original": "http://sapl.ivaipora.pr.leg.br/media/sapl/public/materialegislativa/2021/354/projeto_de_lei_96.pdf", "ementa": "S\u00famula: Abre um Cr\u00e9dito Adicional Especial e d\u00e1 outras provid\u00eancias."}, {"id": "363", "ano": "2021", "numero": "97", "tipo__sigla": "PLE", "tipo__descricao": "Projeto de Lei do Executivo", "autoria": "Luiz Carlos Gil", "texto_original": "http://sapl.ivaipora.pr.leg.br/media/sapl/public/materialegislativa/2021/363/projeto_de_lei_97.pdf", "ementa": "S\u00famula: Abre um Cr\u00e9dito Adicional Especial e d\u00e1 outras provid\u00eancias."}, {"id": "364", "ano": "2021", "numero": "98", "tipo__sigla": "PLE", "tipo__descricao": "Projeto de Lei do Executivo", "autoria": "Luiz Carlos Gil", "texto_original": "http://sapl.ivaipora.pr.leg.br/media/sapl/public/materialegislativa/2021/364/projeto_de_lei_98.pdf", "ementa": "S\u00famula: Abre um Cr\u00e9dito Adicional Especial e d\u00e1 outras provid\u00eancias."}, {"id": "367", "ano": "2021", "numero": "99", "tipo__sigla": "PLE", "tipo__descricao": "Projeto de Lei do Executivo", "autoria": "Luiz Carlos Gil", "texto_original": "http://sapl.ivaipora.pr.leg.br/media/sapl/public/materialegislativa/2021/367/projeto_de_lei_99.pdf", "ementa": "S\u00famula: Abre um Cr\u00e9dito Adicional Especial e d\u00e1 outras provid\u00eancias."}, {"id": "372", "ano": "2021", "numero": "100", "tipo__sigla": "PLE", "tipo__descricao": "Projeto de Lei do Executivo", "autoria": "Luiz Carlos Gil", "texto_original": "http://sapl.ivaipora.pr.leg.br/media/sapl/public/materialegislativa/2021/372/projeto_de_lei_100.pdf", "ementa": "Autoriza o Executivo Municipal a realizar desapropria\u00e7\u00e3o amig\u00e1vel ou judicial, do im\u00f3vel que espec\u00edfica e d\u00e1 outras provid\u00eancias."}, {"id": "374", "ano": "2021", "numero": "101", "tipo__sigla": "PLE", "tipo__descricao": "Projeto de Lei do Executivo", "autoria": "Luiz Carlos Gil", "texto_original": "http://sapl.ivaipora.pr.leg.br/media/sapl/public/materialegislativa/2021/374/projeto_de_lei_101.pdf", "ementa": "S\u00famula: Abre um Cr\u00e9dito Adicional Especial e d\u00e1 outras provid\u00eancias."}, {"id": "375", "ano": "2021", "numero": "102", "tipo__sigla": "PLE", "tipo__descricao": "Projeto de Lei do Executivo", "autoria": "Luiz Carlos Gil", "texto_original": "http://sapl.ivaipora.pr.leg.br/media/sapl/public/materialegislativa/2021/375/projeto_de_lei_102.pdf", "ementa": "Introduz altera\u00e7\u00f5es na Lei Municipal n\u00b0 1.940, de 19 de abril de 2011, que disp\u00f5e sobre a pol\u00edtica de desenvolvimento industrial e d\u00e1 outras provid\u00eancias"}, {"id": "376", "ano": "2021", "numero": "103", "tipo__sigla": "PLE", "tipo__descricao": "Projeto de Lei do Executivo", "autoria": "Luiz Carlos Gil", "texto_original": "http://sapl.ivaipora.pr.leg.br/media/sapl/public/materialegislativa/2021/376/projeto_de_lei_103.pdf", "ementa": "Introduz altera\u00e7\u00f5es na Lei Municipal n\u00b0 3.592, de 1\u00b0 de setembro de 2021, que disp\u00f5e sobre a contrata\u00e7\u00e3o de pessoal por tempo determinado, para a presta\u00e7\u00e3o de servi\u00e7os no Departamento Municipal de Sa\u00fade, de forma a suprir a necessidade tempor\u00e1ria de excepcional interesse p\u00fablico e d\u00e1 outras provid\u00eancias."}, {"id": "377", "ano": "2021", "numero": "104", "tipo__sigla": "PLE", "tipo__descricao": "Projeto de Lei do Executivo", "autoria": "Marcelo dos Reis", "texto_original": "http://sapl.ivaipora.pr.leg.br/media/sapl/public/materialegislativa/2021/377/projeto_de_lei_104.pdf", "ementa": "Autoriza a permuta dos im\u00f3veis que especifica e d\u00e1 outras provid\u00eancias."}, {"id": "378", "ano": "2021", "numero": "105", "tipo__sigla": "PLE", "tipo__descricao": "Projeto de Lei do Executivo", "autoria": "Marcelo dos Reis", "texto_original": "http://sapl.ivaipora.pr.leg.br/media/sapl/public/materialegislativa/2021/378/projeto_de_lei_105.pdf", "ementa": "S\u00famula: Abre um Cr\u00e9dito Adicional Especial e d\u00e1 outras provid\u00eancias."}, {"id": "379", "ano": "2021", "numero": "106", "tipo__sigla": "PLE", "tipo__descricao": "Projeto de Lei do Executivo", "autoria": "Marcelo dos Reis", "texto_original": "http://sapl.ivaipora.pr.leg.br/media/sapl/public/materialegislativa/2021/379/projeto_de_lei_106.pdf", "ementa": "S\u00famula: Abre um Cr\u00e9dito Adicional Especial e d\u00e1 outras provid\u00eancias."}, {"id": "380", "ano": "2021", "numero": "107", "tipo__sigla": "PLE", "tipo__descricao": "Projeto de Lei do Executivo", "autoria": "Marcelo dos Reis", "texto_original": "http://sapl.ivaipora.pr.leg.br/media/sapl/public/materialegislativa/2021/380/projeto_de_lei_107.pdf", "ementa": "Introduz altera\u00e7\u00f5es na Lei Municipal n\u00b0 1.268/2005, que disp\u00f5e sobre o Estatuto dos Funcion\u00e1rios P\u00fablicos de Ivaipor\u00e3 e d\u00e1 outras provid\u00eancias."}, {"id": "381", "ano": "2021", "numero": "108", "tipo__sigla": "PLE", "tipo__descricao": "Projeto de Lei do Executivo", "autoria": "Luiz Carlos Gil", "texto_original": "http://sapl.ivaipora.pr.leg.br/media/sapl/public/materialegislativa/2021/381/projeto_de_lei_108.pdf", "ementa": "Introduz altera\u00e7\u00f5es na Lei Municipal n\u00b0 3.325/2019, que disp\u00f5e sobre a proibi\u00e7\u00e3o do tr\u00e2nsito de bicicletas, skates, patins, rollers, patinetes e c\u00e3es sem equipamentos de seguran\u00e7a nas pistas de caminhada dos Parques Ambientais, Lagos e nas Pra\u00e7as do Munic\u00edpio de Ivaipor\u00e3, e d\u00e1 outras provid\u00eancias."}, {"id": "382", "ano": "2021", "numero": "109", "tipo__sigla": "PLE", "tipo__descricao": "Projeto de Lei do Executivo", "autoria": "Luiz Carlos Gil", "texto_original": "http://sapl.ivaipora.pr.leg.br/media/sapl/public/materialegislativa/2021/382/projeto_de_lei_109.pdf", "ementa": "Disp\u00f5e sobre a concess\u00e3o de incentivos \u00e0 inova\u00e7\u00e3o e \u00e0 pesquisa cient\u00edfica e tecnol\u00f3gica no ambiente produtivo, social e ambiental e d\u00e1 outras provid\u00eancias no \u00e2mbito do Munic\u00edpio de Ivaipor\u00e3/PR, conforme o disposto nas Leis Federais n\u00ba 10.973/2004 e altera\u00e7\u00f5es, e 13.243/2016, no que couber e d\u00e1 outras provid\u00eancias."}, {"id": "383", "ano": "2021", "numero": "110", "tipo__sigla": "PLE", "tipo__descricao": "Projeto de Lei do Executivo", "autoria": "Luiz Carlos Gil", "texto_original": "http://sapl.ivaipora.pr.leg.br/media/sapl/public/materialegislativa/2021/383/projeto_de_lei_110.pdf", "ementa": "Disp\u00f5e sobre a concess\u00e3o de incentivos \u00e0 inova\u00e7\u00e3o e \u00e0 pesquisa cient\u00edfica e tecnol\u00f3gica no ambiente produtivo, social e ambiental e d\u00e1 outras provid\u00eancias no \u00e2mbito do Munic\u00edpio de Ivaipor\u00e3/PR, conforme o disposto nas Leis Federais n\u00ba 10.973/2004 e altera\u00e7\u00f5es, e 13.243/2016, no que couber e d\u00e1 outras provid\u00eancias."}, {"id": "384", "ano": "2021", "numero": "111", "tipo__sigla": "PLE", "tipo__descricao": "Projeto de Lei do Executivo", "autoria": "Luiz Carlos Gil", "texto_original": "http://sapl.ivaipora.pr.leg.br/media/sapl/public/materialegislativa/2021/384/projeto_de_lei_n_111-2021.pdf", "ementa": "Abre um Cr\u00e9dito Adicional Especial e d\u00e1 outras provid\u00eancias."}, {"id": "385", "ano": "2021", "numero": "112", "tipo__sigla": "PLE", "tipo__descricao": "Projeto de Lei do Executivo", "autoria": "Luiz Carlos Gil", "texto_original": "http://sapl.ivaipora.pr.leg.br/media/sapl/public/materialegislativa/2021/385/projeto_de_lei_112.pdf", "ementa": "Abre um Cr\u00e9dito Adicional Especial e d\u00e1 outras provid\u00eancias."}, {"id": "386", "ano": "2021", "numero": "113", "tipo__sigla": "PLE", "tipo__descricao": "Projeto de Lei do Executivo", "autoria": "Luiz Carlos Gil", "texto_original": "http://sapl.ivaipora.pr.leg.br/media/sapl/public/materialegislativa/2021/386/projeto_de_lei_113.pdf", "ementa": "Introduz altera\u00e7\u00f5es nas Leis Municipais n\u00b0 3.533 e 3.592/2021 que disp\u00f5em sobre a contrata\u00e7\u00e3o de pessoal por tempo determinado, para a presta\u00e7\u00e3o de servi\u00e7os no Pronto Atendimento Municipal, Centro de Triagem COVID-19, Aten\u00e7\u00e3o B\u00e1sica e Departamento Municipal de Sa\u00fade, de forma a suprir a necessidade tempor\u00e1ria de excepcional interesse p\u00fablico, e d\u00e1 outras provid\u00eancias."}, {"id": "387", "ano": "2021", "numero": "114", "tipo__sigla": "PLE", "tipo__descricao": "Projeto de Lei do Executivo", "autoria": "Luiz Carlos Gil", "texto_original": "http://sapl.ivaipora.pr.leg.br/media/sapl/public/materialegislativa/2021/387/projeto_de_lei_114.pdf", "ementa": "Introduz altera\u00e7\u00f5es na Lei Municipal n\u00b0 1.215/2003, que autoriza a desapropria\u00e7\u00e3o de im\u00f3veis que especifica, e d\u00e1 outras provid\u00eancias"}, {"id": "2512", "ano": "2021", "numero": "1", "tipo__sigla": "PLL", "tipo__descricao": "Projeto de Lei do Legislativo", "autoria": "Nando Dorta, Carniato, Gertrudes, Jaffer Ferreira, Josane Disner, Sab\u00e3o - Edivaldo Montanheri, Sadi Marcondes, Vila Real, Z\u00e9 do Bar", "texto_original": "http://sapl.ivaipora.pr.leg.br/media/sapl/public/materialegislativa/2021/2512/08112023112141arquivo_projetodeleilegislativo_1-2021.pdf", "ementa": "D\u00e1 a denomina\u00e7\u00e3o de \"Vera Vargas\" ao Centro de Eventos, nesta cidade de Ivaipor\u00e3, Estado do Paran\u00e1."}, {"id": "2508", "ano": "2021", "numero": "2", "tipo__sigla": "PLL", "tipo__descricao": "Projeto de Lei do Legislativo", "autoria": "Jaffer Ferreira", "texto_original": "http://sapl.ivaipora.pr.leg.br/media/sapl/public/materialegislativa/2021/2508/08112023111557arquivo_projetodeleilegislativo_2-2021.pdf", "ementa": "Disp\u00f5e sobre a publica\u00e7\u00e3o, no Portal da Transpar\u00eancia do Munic\u00edpio de Ivaipor\u00e3, da lista dos nomes das pessoas vacinadas contra a COVID-19, na forma que especifica."}, {"id": "2507", "ano": "2021", "numero": "3", "tipo__sigla": "PLL", "tipo__descricao": "Projeto de Lei do Legislativo", "autoria": "Gertrudes, Z\u00e9 do Bar", "texto_original": "http://sapl.ivaipora.pr.leg.br/media/sapl/public/materialegislativa/2021/2507/08112023110437arquivo_projetodeleilegislativo_3-2021.pdf", "ementa": "Concede a revis\u00e3o geral anual aos vencimentos dos servidores do Poder Legislativo, conforme disposto no art. 37, inciso X da Constitui\u00e7\u00e3o Federal de 1988 e d\u00e1 outras provid\u00eancias."}, {"id": "2506", "ano": "2021", "numero": "4", "tipo__sigla": "PLL", "tipo__descricao": "Projeto de Lei do Legislativo", "autoria": "Sadi Marcondes", "texto_original": "http://sapl.ivaipora.pr.leg.br/media/sapl/public/materialegislativa/2021/2506/08112023110202arquivo_projetodeleilegislativo_4-2021.pdf", "ementa": "Institui o Dia Municipal de Inclus\u00e3o e da luta da Pessoa com Defici\u00eancia no \u00e2mbito do Munic\u00edpio de Ivaipor\u00e3, Estado do Paran\u00e1, e d\u00e1 outras provid\u00eancias."}, {"id": "2505", "ano": "2021", "numero": "5", "tipo__sigla": "PLL", "tipo__descricao": "Projeto de Lei do Legislativo", "autoria": "Vila Real", "texto_original": "http://sapl.ivaipora.pr.leg.br/media/sapl/public/materialegislativa/2021/2505/08112023105016arquivo_projetodeleilegislativo_5-2021.pdf", "ementa": "Disp\u00f5e sobre a prioridade dos profissionais da limpeza urbana e coleta e lixo (garis), em receber as vacinas destinadas a imunizar a popula\u00e7\u00e3o contra a Covid-19, no Munic\u00edpio de Ivaipor\u00e3 e d\u00e1 outras provid\u00eancias."}, {"id": "2504", "ano": "2021", "numero": "6", "tipo__sigla": "PLL", "tipo__descricao": "Projeto de Lei do Legislativo", "autoria": "Nando Dorta, Carniato, Fio Bertotti, Gertrudes, Jaffer Ferreira, Josane Disner, Sab\u00e3o - Edivaldo Montanheri, Sadi Marcondes, Vila Real", "texto_original": "http://sapl.ivaipora.pr.leg.br/media/sapl/public/materialegislativa/2021/2504/08112023104306arquivo_projetodeleilegislativo_6-2021.pdf", "ementa": "Estabelece como atividades essenciais aquelas desenvolvidas pelas academias de gin\u00e1stica e muscula\u00e7\u00e3o, artes marciais, escolas de dan\u00e7a, escolas de inicia\u00e7\u00e3o esportiva e personal trainer no Munic\u00edpio de Ivaipor\u00e3, Estado do Paran\u00e1, e d\u00e1 outras provid\u00eancias."}, {"id": "2503", "ano": "2021", "numero": "7", "tipo__sigla": "PLL", "tipo__descricao": "Projeto de Lei do Legislativo", "autoria": "Gertrudes, Vila Real", "texto_original": "http://sapl.ivaipora.pr.leg.br/media/sapl/public/materialegislativa/2021/2503/08112023102406arquivo_projetodeleilegislativo_7-2021.pdf", "ementa": "Disp\u00f5e sobre a prioridade das pessoas com defici\u00eancia, em receber as vacinas destinadas a imunizar a popula\u00e7\u00e3o contra a Covid-19, no Munic\u00edpio de Ivaipor\u00e3, e d\u00e1 outras provid\u00eancias."}, {"id": "2502", "ano": "2021", "numero": "8", "tipo__sigla": "PLL", "tipo__descricao": "Projeto de Lei do Legislativo", "autoria": "Carniato, Vila Real", "texto_original": "http://sapl.ivaipora.pr.leg.br/media/sapl/public/materialegislativa/2021/2502/08112023101845arquivo_projetodeleilegislativo_8-2021.pdf", "ementa": "Disp\u00f5e sobre a divulga\u00e7\u00e3o das listas de pacientes que aguardam por consultas especializadas, exames e cirurgias ou outros procedimentos na rede municipal de sa\u00fade do Munic\u00edpio de Ivaipor\u00e3."}, {"id": "2501", "ano": "2021", "numero": "9", "tipo__sigla": "PLL", "tipo__descricao": "Projeto de Lei do Legislativo", "autoria": "Jaffer Ferreira", "texto_original": "http://sapl.ivaipora.pr.leg.br/media/sapl/public/materialegislativa/2021/2501/08112023101523arquivo_projetodeleilegislativo_9-2021.pdf", "ementa": "Disp\u00f5e sobre a implanta\u00e7\u00e3o do programa Adote um Ponto de \u00d4nibus, e d\u00e1 outras provid\u00eancias."}, {"id": "2499", "ano": "2021", "numero": "10", "tipo__sigla": "PLL", "tipo__descricao": "Projeto de Lei do Legislativo", "autoria": "Gertrudes", "texto_original": "http://sapl.ivaipora.pr.leg.br/media/sapl/public/materialegislativa/2021/2499/08112023095116arquivo_projetodeleilegislativo_10-2021.pdf", "ementa": "Disp\u00f5e sobre a utiliza\u00e7\u00e3o de energia fotovoltaica em todos os pr\u00e9dios p\u00fablicos do Munic\u00edpio de Ivaipor\u00e3, e d\u00e1 outras provid\u00eancias.\r\nARQUIVADO PELA AUTORA DIA 28/04/2021"}, {"id": "2498", "ano": "2021", "numero": "11", "tipo__sigla": "PLL", "tipo__descricao": "Projeto de Lei do Legislativo", "autoria": "Carniato, Fio Bertotti, Gertrudes, Jaffer Ferreira, Josane Disner, Nando Dorta, Sab\u00e3o - Edivaldo Montanheri, Sadi Marcondes, Vila Real", "texto_original": "http://sapl.ivaipora.pr.leg.br/media/sapl/public/materialegislativa/2021/2498/08112023092843arquivo_projetodeleilegislativo_12-2021.pdf", "ementa": "Modifica o art. 12, e acrescenta o par\u00e1grafo \u00fanico, bem como altera a carga hor\u00e1ria do cargo de Assessor Jur\u00eddico da Presid\u00eancia, constantes na Lei n\u00ba 2.515, de 18 de setembro de 2014, a qual disp\u00f5e sobre a organiza\u00e7\u00e3o do quadro de pessoal efetivo e comissionado, atribui\u00e7\u00f5es e vencimentos dos servidores p\u00fablicos da C\u00e2mara Municipal de Ivaipor\u00e3."}, {"id": "2497", "ano": "2021", "numero": "12", "tipo__sigla": "PLL", "tipo__descricao": "Projeto de Lei do Legislativo", "autoria": "Gertrudes", "texto_original": "http://sapl.ivaipora.pr.leg.br/media/sapl/public/materialegislativa/2021/2497/08112023092843arquivo_projetodeleilegislativo_12-2021.pdf", "ementa": "Institui a Semana de Preven\u00e7\u00e3o, Combate e Controle da Hipertens\u00e3o e Diabetes no \u00e2mbito do Munic\u00edpio de Ivaipor\u00e3, Estado do Paran\u00e1, e d\u00e1 outras provid\u00eancias."}, {"id": "2496", "ano": "2021", "numero": "13", "tipo__sigla": "PLL", "tipo__descricao": "Projeto de Lei do Legislativo", "autoria": "Gertrudes", "texto_original": "http://sapl.ivaipora.pr.leg.br/media/sapl/public/materialegislativa/2021/2496/08112023092544arquivo_projetodeleilegislativo_13-2021.pdf", "ementa": "Institui o m\u00eas \"maio laranja\" dedicado a import\u00e2ncia das a\u00e7\u00f5es de conscientiza\u00e7\u00e3o, preven\u00e7\u00e3o, orienta\u00e7\u00e3o e enfrentamento da viol\u00eancia, abuso e \u00e0 explora\u00e7\u00e3o sexual de crian\u00e7as e adolescentes, no \u00e2mbito do Munic\u00edpio de Ivaipor\u00e3, Estado do Paran\u00e1, e d\u00e1 outras provid\u00eancias."}, {"id": "2495", "ano": "2021", "numero": "14", "tipo__sigla": "PLL", "tipo__descricao": "Projeto de Lei do Legislativo", "autoria": "Gertrudes, Vila Real", "texto_original": "http://sapl.ivaipora.pr.leg.br/media/sapl/public/materialegislativa/2021/2495/08112023092318arquivo_projetodeleilegislativo_14-2021.pdf", "ementa": "Modifica e renumera o \u00a7 1\u00ba do art. 1\u00ba, e acrescenta o art. 1-A, na Lei Municipal n\u00ba 3.139/2018, instituindo o caf\u00e9 como bebida t\u00edpica de Ivaipor\u00e3, Estado do Paran\u00e1, e d\u00e1 outras provid\u00eancias."}, {"id": "2494", "ano": "2021", "numero": "15", "tipo__sigla": "PLL", "tipo__descricao": "Projeto de Lei do Legislativo", "autoria": "Gertrudes", "texto_original": "http://sapl.ivaipora.pr.leg.br/media/sapl/public/materialegislativa/2021/2494/08112023092116arquivo_projetodeleilegislativo_15-2021.pdf", "ementa": "Institui a Semana Municipal do Meio Ambiente no Munic\u00edpio de Ivaipor\u00e3, Estado do Paran\u00e1, a ser comemorada anualmente no per\u00edodo de 5 a 11 de junho, em alus\u00e3o ao Dia Mundial do Meio Ambiente, e d\u00e1 outras provid\u00eancias."}, {"id": "2492", "ano": "2021", "numero": "16", "tipo__sigla": "PLL", "tipo__descricao": "Projeto de Lei do Legislativo", "autoria": "Gertrudes, Sab\u00e3o - Edivaldo Montanheri", "texto_original": "http://sapl.ivaipora.pr.leg.br/media/sapl/public/materialegislativa/2021/2492/08112023091808arquivo_projetodeleilegislativo_16-2021.pdf", "ementa": "Modifica o art.1\u00ba da Lei Municipal n\u00ba 1.900/2010, que institui a semana antidrogas nas escolas p\u00fablicas e privadas situadas no Munic\u00edpio de Ivaipor\u00e3, e d\u00e1 outras provid\u00eancias."}, {"id": "2487", "ano": "2021", "numero": "17", "tipo__sigla": "PLL", "tipo__descricao": "Projeto de Lei do Legislativo", "autoria": "Carniato, Fio Bertotti, Gertrudes, Jaffer Ferreira, Josane Disner, Nando Dorta, Sab\u00e3o - Edivaldo Montanheri, Sadi Marcondes, Vila Real", "texto_original": "http://sapl.ivaipora.pr.leg.br/media/sapl/public/materialegislativa/2021/2487/07112023161834arquivo_projetodeleilegislativo_17-2021.pdf", "ementa": "Declara de utilidade p\u00fablica a entidade assistencial Torre Forte."}, {"id": "2486", "ano": "2021", "numero": "18", "tipo__sigla": "PLL", "tipo__descricao": "Projeto de Lei do Legislativo", "autoria": "Gertrudes, Josane Disner", "texto_original": "http://sapl.ivaipora.pr.leg.br/media/sapl/public/materialegislativa/2021/2486/07112023161251arquivo_projetodeleilegislativo_18-2021.pdf", "ementa": "Institui a \u201cSemana Municipal do Idoso\u201d no Munic\u00edpio de Ivaipor\u00e3, Estado do Paran\u00e1, e d\u00e1 outras provid\u00eancias."}, {"id": "2484", "ano": "2021", "numero": "19", "tipo__sigla": "PLL", "tipo__descricao": "Projeto de Lei do Legislativo", "autoria": "Carniato, Fio Bertotti, Gertrudes, Jaffer Ferreira, Josane Disner, Nando Dorta, Sab\u00e3o - Edivaldo Montanheri, Sadi Marcondes, Vila Real", "texto_original": "http://sapl.ivaipora.pr.leg.br/media/sapl/public/materialegislativa/2021/2484/07112023160610arquivo_projetodeleilegislativo_19-2021.pdf", "ementa": "Institui a figura do \u201cEstudante Exemplar\u201d, a ser homenageado e premiado, bem como a do \u201cProfessor Exemplar\u201d, a ser homenageado, na forma estabelecida nesta Lei, e d\u00e1 outras provid\u00eancias."}, {"id": "2483", "ano": "2021", "numero": "20", "tipo__sigla": "PLL", "tipo__descricao": "Projeto de Lei do Legislativo", "autoria": "Gertrudes", "texto_original": "http://sapl.ivaipora.pr.leg.br/media/sapl/public/materialegislativa/2021/2483/07112023150113arquivo_projetodeleilegislativo_20-2021.pdf", "ementa": "Disp\u00f5e sobre a proibi\u00e7\u00e3o de fornecimento de canudos confeccionados em material pl\u00e1stico, nos locais que especifica, e d\u00e1 outras provid\u00eancias."}, {"id": "2482", "ano": "2021", "numero": "21", "tipo__sigla": "PLL", "tipo__descricao": "Projeto de Lei do Legislativo", "autoria": "Josane Disner", "texto_original": "http://sapl.ivaipora.pr.leg.br/media/sapl/public/materialegislativa/2021/2482/07112023145536arquivo_projetodeleilegislativo_21-2021.pdf", "ementa": "Institui o m\u00eas \u201cOutubro Rosa\u201d, dedicado \u00e0 conscientiza\u00e7\u00e3o do c\u00e2ncer de mama, no \u00e2mbito do Munic\u00edpio de Ivaipor\u00e3, Estado do Paran\u00e1, e d\u00e1 outras provid\u00eancias."}, {"id": "2481", "ano": "2021", "numero": "22", "tipo__sigla": "PLL", "tipo__descricao": "Projeto de Lei do Legislativo", "autoria": "Fio Bertotti, Gertrudes, Vila Real", "texto_original": "http://sapl.ivaipora.pr.leg.br/media/sapl/public/materialegislativa/2021/2481/07112023145021arquivo_projetodeleilegislativo_22-2021.pdf", "ementa": "Estabelece como essenciais as atividades das igrejas e dos templos de qualquer culto, em per\u00edodos de calamidade p\u00fablica, no Munic\u00edpio de Ivaipor\u00e3, e d\u00e1 outras provid\u00eancias."}, {"id": "2480", "ano": "2021", "numero": "23", "tipo__sigla": "PLL", "tipo__descricao": "Projeto de Lei do Legislativo", "autoria": "Carniato, Fio Bertotti, Gertrudes, Jaffer Ferreira, Nando Dorta, Sab\u00e3o - Edivaldo Montanheri, Sadi Marcondes, Vila Real", "texto_original": "http://sapl.ivaipora.pr.leg.br/media/sapl/public/materialegislativa/2021/2480/07112023144542arquivo_projetodeleilegislativo_23-2021.pdf", "ementa": "Institui o m\u00eas \"Novembro Azul\", dedicado a a\u00e7\u00f5es de preven\u00e7\u00e3o ao c\u00e2ncer de pr\u00f3stata e de promo\u00e7\u00e3o da sa\u00fade do homem, e d\u00e1 outras provid\u00eancias."}, {"id": "2463", "ano": "2021", "numero": "24", "tipo__sigla": "PLL", "tipo__descricao": "Projeto de Lei do Legislativo", "autoria": "Josane Disner", "texto_original": "http://sapl.ivaipora.pr.leg.br/media/sapl/public/materialegislativa/2021/2463/07112023111003arquivo_projetodeleilegislativo_24-2021.pdf", "ementa": "Institui a \u201cSemana do Cora\u00e7\u00e3o\u201d, dedicado ao alerta e orienta\u00e7\u00e3o sobre o diagn\u00f3stico precoce e preven\u00e7\u00e3o de doen\u00e7as cardiovasculares, no \u00e2mbito do Munic\u00edpio de Ivaipor\u00e3, Estado do Paran\u00e1, e d\u00e1 outras provid\u00eancias."}, {"id": "2462", "ano": "2021", "numero": "25", "tipo__sigla": "PLL", "tipo__descricao": "Projeto de Lei do Legislativo", "autoria": "Fio Bertotti, Gertrudes, Sab\u00e3o - Edivaldo Montanheri, Vila Real", "texto_original": "http://sapl.ivaipora.pr.leg.br/media/sapl/public/materialegislativa/2021/2462/07112023110643arquivo_projetodeleilegislativo_25-2021.pdf", "ementa": "Institui, no Munic\u00edpio de Ivaipor\u00e3, o Roteiro Tur\u00edstico das Santas Chagas de Cristo, e d\u00e1 outras provid\u00eancias."}, {"id": "2461", "ano": "2021", "numero": "26", "tipo__sigla": "PLL", "tipo__descricao": "Projeto de Lei do Legislativo", "autoria": "Josane Disner", "texto_original": "http://sapl.ivaipora.pr.leg.br/media/sapl/public/materialegislativa/2021/2461/07112023110404arquivo_projetodeleilegislativo_26-2021.pdf", "ementa": "Disp\u00f5e sobre a instala\u00e7\u00e3o de brinquedos adequados para crian\u00e7as com defici\u00eancia ou mobilidade reduzida em locais p\u00fablicos e privados de lazer, no \u00e2mbito do Munic\u00edpio de Ivaipor\u00e3-PR."}, {"id": "2460", "ano": "2021", "numero": "27", "tipo__sigla": "PLL", "tipo__descricao": "Projeto de Lei do Legislativo", "autoria": "Josane Disner, Fio Bertotti", "texto_original": "http://sapl.ivaipora.pr.leg.br/media/sapl/public/materialegislativa/2021/2460/07112023110121arquivo_projetodeleilegislativo_27-2021.pdf", "ementa": "Institui o m\u00eas \"JULHO NEON\" dedicado a import\u00e2ncia das a\u00e7\u00f5es de conscientiza\u00e7\u00e3o, preven\u00e7\u00e3o e orienta\u00e7\u00e3o sobre a aten\u00e7\u00e3o \u00e0 sa\u00fade bucal, no \u00e2mbito do Munic\u00edpio de Ivaipor\u00e3, Estado do Paran\u00e1, e d\u00e1 outras provid\u00eancias."}, {"id": "2459", "ano": "2021", "numero": "28", "tipo__sigla": "PLL", "tipo__descricao": "Projeto de Lei do Legislativo", "autoria": "Jaffer Ferreira", "texto_original": "http://sapl.ivaipora.pr.leg.br/media/sapl/public/materialegislativa/2021/2459/07112023105833arquivo_projetodeleilegislativo_28-2021.pdf", "ementa": "Introduz altera\u00e7\u00f5es na Lei Municipal n\u00b0 2.774, de 25 de fevereiro de 2016, que disp\u00f5e sobre a Ouvidoria P\u00fablica Municipal de Ivaipor\u00e3-PR, e d\u00e1 outras provid\u00eancias."}, {"id": "2458", "ano": "2021", "numero": "29", "tipo__sigla": "PLL", "tipo__descricao": "Projeto de Lei do Legislativo", "autoria": "Carniato, Josane Disner, Nando Dorta", "texto_original": "http://sapl.ivaipora.pr.leg.br/media/sapl/public/materialegislativa/2021/2458/07112023105528arquivo_projetodeleilegislativo_29-2021.pdf", "ementa": "Introduz altera\u00e7\u00f5es na Lei Municipal n\u00b0 2.359, de 19 de setembro de 2013, e d\u00e1 outras provid\u00eancias."}, {"id": "2456", "ano": "2021", "numero": "30", "tipo__sigla": "PLL", "tipo__descricao": "Projeto de Lei do Legislativo", "autoria": "Gertrudes", "texto_original": "http://sapl.ivaipora.pr.leg.br/media/sapl/public/materialegislativa/2021/2456/07112023105016arquivo_projetodeleilegislativo_30-2021.pdf", "ementa": "Acrescenta artigos a Lei n\u00ba 2.099/2011. Institui a utiliza\u00e7\u00e3o e distribui\u00e7\u00e3o de sacolas biodegrad\u00e1veis com cores distintas no com\u00e9rcio varejista do ramo de g\u00eaneros aliment\u00edcios e cong\u00eaneres, para colabora\u00e7\u00e3o da separa\u00e7\u00e3o de res\u00edduos s\u00f3lidos, pela popula\u00e7\u00e3o do Munic\u00edpio de Ivaipor\u00e3, Estado do Paran\u00e1.\r\nARQUIVADO EM 12/07/2021."}, {"id": "2455", "ano": "2021", "numero": "31", "tipo__sigla": "PLL", "tipo__descricao": "Projeto de Lei do Legislativo", "autoria": "Gertrudes", "texto_original": "http://sapl.ivaipora.pr.leg.br/media/sapl/public/materialegislativa/2021/2455/07112023104715arquivo_projetodeleilegislativo_31-2021.pdf", "ementa": "Prioriza a vaga em creche para filhos de mulheres v\u00edtimas de viol\u00eancia dom\u00e9stica, bem como assegura vaga na unidade da rede p\u00fablica municipal de ensino para estudantes cujos pais ou respons\u00e1veis sejam pessoas com defici\u00eancia ou com idade igual ou superior a 60 (sessenta) anos no Munic\u00edpio de Ivaipor\u00e3, Estado do Paran\u00e1, e d\u00e1 outras provid\u00eancias."}, {"id": "2454", "ano": "2021", "numero": "32", "tipo__sigla": "PLL", "tipo__descricao": "Projeto de Lei do Legislativo", "autoria": "Gertrudes", "texto_original": "http://sapl.ivaipora.pr.leg.br/media/sapl/public/materialegislativa/2021/2454/07112023104405arquivo_projetodeleilegislativo_32-2021.pdf", "ementa": "Disp\u00f5e sobre a obrigatoriedade de bares, caf\u00e9s, quiosques, restaurantes, casas noturnas, espa\u00e7os de eventos e de shows e, ambientes assemelhados a adotar medidas de aux\u00edlio, seguran\u00e7a e prote\u00e7\u00e3o para mulheres que se sintam em situa\u00e7\u00e3o de risco e ass\u00e9dio em suas depend\u00eancias, e d\u00e1 outras provid\u00eancias."}, {"id": "2453", "ano": "2021", "numero": "33", "tipo__sigla": "PLL", "tipo__descricao": "Projeto de Lei do Legislativo", "autoria": "Gertrudes", "texto_original": "http://sapl.ivaipora.pr.leg.br/media/sapl/public/materialegislativa/2021/2453/07112023104126arquivo_projetodeleilegislativo_33-2021.pdf", "ementa": "Institui o \u201cCircuito Iva\u00ed Adventure\u201d no Munic\u00edpio de Ivaipor\u00e3 \u2013Estado do Paran\u00e1 e d\u00e1 outras provid\u00eancias."}, {"id": "2451", "ano": "2021", "numero": "34", "tipo__sigla": "PLL", "tipo__descricao": "Projeto de Lei do Legislativo", "autoria": "Gertrudes", "texto_original": "http://sapl.ivaipora.pr.leg.br/media/sapl/public/materialegislativa/2021/2451/07112023101316arquivo_projetodeleilegislativo_34-2021.pdf", "ementa": "Institui o dia Municipal em Memoria \u00e0s V\u00edtimas da Covid-19, e d\u00e1 outras provid\u00eancias."}, {"id": "2450", "ano": "2021", "numero": "35", "tipo__sigla": "PLL", "tipo__descricao": "Projeto de Lei do Legislativo", "autoria": "Gertrudes", "texto_original": "http://sapl.ivaipora.pr.leg.br/media/sapl/public/materialegislativa/2021/2450/07112023100923arquivo_projetodeleilegislativo_35-2021.pdf", "ementa": "Institui o Programa Escola Melhor, no \u00e2mbito do munic\u00edpio de Ivaipor\u00e3, visando o incentivo da realiza\u00e7\u00e3o de parcerias de pessoas f\u00edsicas e jur\u00eddicas com escolas p\u00fablicas e projetos sociais municipais d\u00e1 outras provid\u00eancias."}, {"id": "2449", "ano": "2021", "numero": "36", "tipo__sigla": "PLL", "tipo__descricao": "Projeto de Lei do Legislativo", "autoria": "Gertrudes, Carniato, Fio Bertotti, Jaffer Ferreira, Josane Disner, Nando Dorta, Sab\u00e3o - Edivaldo Montanheri, Vila Real", "texto_original": "http://sapl.ivaipora.pr.leg.br/media/sapl/public/materialegislativa/2021/2449/07112023100426arquivo_projetodeleilegislativo_36-2021.pdf", "ementa": "DISP\u00d5E SOBRE A RESERVA DE VAGAS PARA AFRO-BRASILEIROS EM CONCURSOS P\u00daBLICOS PARA O PROVIMENTO DE CARGOS EFETIVOS DA ADMINISTRA\u00c7\u00c3O DIRETA E INDIRETA DO MUNIC\u00cdPIO DE IVAIPOR\u00c3/PR."}, {"id": "2447", "ano": "2021", "numero": "37", "tipo__sigla": "PLL", "tipo__descricao": "Projeto de Lei do Legislativo", "autoria": "Jaffer Ferreira", "texto_original": "http://sapl.ivaipora.pr.leg.br/media/sapl/public/materialegislativa/2021/2447/07112023100104arquivo_projetodeleilegislativo_37-2021.pdf", "ementa": "Institui o m\u00eas \"abril azul\" dedicado a import\u00e2ncia das a\u00e7\u00f5es de prote\u00e7\u00e3o e conscientiza\u00e7\u00e3o dos Direitos das Pessoas com Transtorno do Espectro Autista (TEA) no Munic\u00edpio de Ivaipor\u00e3, Estado do Paran\u00e1, e d\u00e1 outras provid\u00eancias."}, {"id": "2446", "ano": "2021", "numero": "38", "tipo__sigla": "PLL", "tipo__descricao": "Projeto de Lei do Legislativo", "autoria": "Gertrudes, Josane Disner, Nando Dorta, Sab\u00e3o - Edivaldo Montanheri", "texto_original": "http://sapl.ivaipora.pr.leg.br/media/sapl/public/materialegislativa/2021/2446/07112023094525arquivo_projetodeleilegislativo_38-2021.pdf", "ementa": "Revoga a Lei Municipal n\u00b0 3.519/2021, em face da decis\u00e3o proferida nos autos da Reclama\u00e7\u00e3o 48.538/STF, Relator Ministro Alexandre de Moraes, e d\u00e1 outras provid\u00eancias."}, {"id": "2445", "ano": "2021", "numero": "39", "tipo__sigla": "PLL", "tipo__descricao": "Projeto de Lei do Legislativo", "autoria": "Gertrudes", "texto_original": "http://sapl.ivaipora.pr.leg.br/media/sapl/public/materialegislativa/2021/2445/07112023094210arquivo_projetodeleilegislativo_39-2021.pdf", "ementa": "Institui o Programa M\u00e3e Ivaipor\u00e3ense no Munic\u00edpio de Ivaipor\u00e3, e d\u00e1 outras provid\u00eancias."}, {"id": "2443", "ano": "2021", "numero": "40", "tipo__sigla": "PLL", "tipo__descricao": "Projeto de Lei do Legislativo", "autoria": "Nando Dorta, Carniato, Fio Bertotti, Jaffer Ferreira, Josane Disner, Sab\u00e3o - Edivaldo Montanheri, Vila Real, Z\u00e9 Maria", "texto_original": "http://sapl.ivaipora.pr.leg.br/media/sapl/public/materialegislativa/2021/2443/07112023093313arquivo_projetodeleilegislativo_40-2021.pdf", "ementa": "Revoga a Lei Municipal n\u00ba 3.210, de 17 de outubro de 2018, e altera o nome da Rua Adel Celestino Carneiro, no Jardim Europa, neste Munic\u00edpio de Ivaipor\u00e3, Estado do Paran\u00e1."}, {"id": "2442", "ano": "2021", "numero": "41", "tipo__sigla": "PLL", "tipo__descricao": "Projeto de Lei do Legislativo", "autoria": "Nando Dorta", "texto_original": "http://sapl.ivaipora.pr.leg.br/media/sapl/public/materialegislativa/2021/2442/07112023090527arquivo_projetodeleilegislativo_41-2021.pdf", "ementa": "D\u00e1 a denomina\u00e7\u00e3o de \"Jos\u00e9 Aparecido Peres\" a Escola Municipal do Distrito do Alto Por\u00e3, nesta cidade de Ivaipor\u00e3, Estado do Paran\u00e1."}, {"id": "2441", "ano": "2021", "numero": "42", "tipo__sigla": "PLL", "tipo__descricao": "Projeto de Lei do Legislativo", "autoria": "Gertrudes", "texto_original": "http://sapl.ivaipora.pr.leg.br/media/sapl/public/materialegislativa/2021/2441/07112023085531arquivo_projetodeleilegislativo_42-2021.pdf", "ementa": "Regula a reserva exclusiva para Motocicletas ou ve\u00edculos motorizados de duas rodas em estacionamentos p\u00fablicos e da outras providencias.\r\nARQUIVADO PELA AUTORA EM 16/05/2022"}, {"id": "2440", "ano": "2021", "numero": "43", "tipo__sigla": "PLL", "tipo__descricao": "Projeto de Lei do Legislativo", "autoria": "Josane Disner", "texto_original": "http://sapl.ivaipora.pr.leg.br/media/sapl/public/materialegislativa/2021/2440/07112023085306arquivo_projetodeleilegislativo_43-2021.pdf", "ementa": "Disp\u00f5e sobre a cria\u00e7\u00e3o da Semana Municipal do Ciclista no Calend\u00e1rio Cultural do Munic\u00edpio de Ivaipor\u00e3, Estado do Paran\u00e1, e d\u00e1 outras provid\u00eancias."}, {"id": "2439", "ano": "2021", "numero": "44", "tipo__sigla": "PLL", "tipo__descricao": "Projeto de Lei do Legislativo", "autoria": "Fio Bertotti", "texto_original": "http://sapl.ivaipora.pr.leg.br/media/sapl/public/materialegislativa/2021/2439/07112023085156arquivo_projetodeleilegislativo_44-2021.pdf", "ementa": "Acrescenta \u00a7\u00a7 1\u00ba e 2\u00ba ao art. 6\u00ba da Lei Municipal n\u00ba 2.830, de 7 de julho de 2016, determinando que os agressores que cometerem o crime de maus tratos arquem com as despesas do tratamento do animal agredido, na forma que menciona."}, {"id": "2438", "ano": "2021", "numero": "46", "tipo__sigla": "PLL", "tipo__descricao": "Projeto de Lei do Legislativo", "autoria": "Gertrudes, Josane Disner, Nando Dorta, Sab\u00e3o - Edivaldo Montanheri", "texto_original": "http://sapl.ivaipora.pr.leg.br/media/sapl/public/materialegislativa/2021/2438/07112023084650arquivo_projetodeleilegislativo_46-2021.pdf", "ementa": "Revoga a Lei Municipal n\u00ba 3.597, de 24 de setembro de 2021, e estabelece a vig\u00eancia da Lei n\u00ba 3.519, de 11 de mar\u00e7o de 2021."}, {"id": "2437", "ano": "2021", "numero": "47", "tipo__sigla": "PLL", "tipo__descricao": "Projeto de Lei do Legislativo", "autoria": "Vila Real", "texto_original": "http://sapl.ivaipora.pr.leg.br/media/sapl/public/materialegislativa/2021/2437/07112023083712arquivo_projetodeleilegislativo_47-2021.pdf", "ementa": "Institui, no Munic\u00edpio de Ivaipor\u00e3, a obrigatoriedade em toda e qualquer constru\u00e7\u00e3o, reconstru\u00e7\u00e3o e reforma, efetuada por particulares ou entidade p\u00fablica no Munic\u00edpio de Ivaipor\u00e3 em \u00e1rea para estacionamento para clientes nas zonas comerciais.\r\nARQUIVADO . J\u00c1 EST\u00c1 INCLUSO NO PLANO DIRETOR."}, {"id": "2436", "ano": "2021", "numero": "48", "tipo__sigla": "PLL", "tipo__descricao": "Projeto de Lei do Legislativo", "autoria": "Josane Disner", "texto_original": "http://sapl.ivaipora.pr.leg.br/media/sapl/public/materialegislativa/2021/2436/07112023083323arquivo_projetodeleilegislativo_48-2021.pdf", "ementa": "Disp\u00f5e sobre o desenvolvimento do Programa Inclus\u00e3o Digital na Terceira Idade para a popula\u00e7\u00e3o do Munic\u00edpio de Ivaipor\u00e3, Estado do Paran\u00e1."}, {"id": "7760", "ano": "2021", "numero": "1", "tipo__sigla": "PDL", "tipo__descricao": "Projeto de Decreto Legislativo", "autoria": "Carniato, Jaffer Ferreira, Z\u00e9 do Bar", "texto_original": "http://sapl.ivaipora.pr.leg.br/media/sapl/public/materialegislativa/2021/7760/projeto_de_decreto_01.pdf", "ementa": "Disp\u00f5e sobre presta\u00e7\u00e3o de Contas do Poder Executivo do Munic\u00edpio de Ivaipor\u00e3, Estado do Paran\u00e1, referente ao exerc\u00edcio financeiro do ano de 2016."}, {"id": "7761", "ano": "2021", "numero": "2", "tipo__sigla": "PDL", "tipo__descricao": "Projeto de Decreto Legislativo", "autoria": "Gertrudes", "texto_original": "http://sapl.ivaipora.pr.leg.br/media/sapl/public/materialegislativa/2021/7761/projeto_de_decreto_02.pdf", "ementa": "Referenda a doa\u00e7\u00e3o de m\u00f3veis ao Poder Executivo Municipal e d\u00e1 outras provid\u00eancias."}, {"id": "7763", "ano": "2021", "numero": "3", "tipo__sigla": "PDL", "tipo__descricao": "Projeto de Decreto Legislativo", "autoria": "Nando Dorta", "texto_original": "http://sapl.ivaipora.pr.leg.br/media/sapl/public/materialegislativa/2021/7763/projeto_de_decreto_03.pdf", "ementa": "Concede T\u00edtulos de Cidad\u00e3o Honor\u00e1rio de Ivaipor\u00e3, Estado do Paran\u00e1 ao senhor LUIZ CARLOS GIL, e d\u00e1 outras provid\u00eancias."}, {"id": "7765", "ano": "2021", "numero": "4", "tipo__sigla": "PDL", "tipo__descricao": "Projeto de Decreto Legislativo", "autoria": "Vila Real", "texto_original": "http://sapl.ivaipora.pr.leg.br/media/sapl/public/materialegislativa/2021/7765/projeto_de_decreto_04.pdf", "ementa": "Concede T\u00edtulo de Cidad\u00e3o Honor\u00e1rio de Ivaipor\u00e3, Estado do Paran\u00e1 ao Senhor Seizi Kawano, e d\u00e1 outras provid\u00eancias."}, {"id": "7767", "ano": "2021", "numero": "5", "tipo__sigla": "PDL", "tipo__descricao": "Projeto de Decreto Legislativo", "autoria": "Gertrudes", "texto_original": "http://sapl.ivaipora.pr.leg.br/media/sapl/public/materialegislativa/2021/7767/pdl_5_2021.pdf", "ementa": "Concede T\u00edtulo de Cidad\u00e3o Honor\u00e1rio de Ivaipor\u00e3, Estado do Paran\u00e1 ao Senhor NERCIO GONZALEZ ESTRADA e d\u00e1 outras provid\u00eancias."}, {"id": "7768", "ano": "2021", "numero": "6", "tipo__sigla": "PDL", "tipo__descricao": "Projeto de Decreto Legislativo", "autoria": "Gertrudes", "texto_original": "http://sapl.ivaipora.pr.leg.br/media/sapl/public/materialegislativa/2021/7768/projeto_de_decreto_06.pdf", "ementa": "Referenda a doa\u00e7\u00e3o de m\u00f3veis ao Poder Executivo Municipal e d\u00e1 outras provid\u00eancias."}, {"id": "7770", "ano": "2021", "numero": "7", "tipo__sigla": "PDL", "tipo__descricao": "Projeto de Decreto Legislativo", "autoria": "Gertrudes, Josane Disner, Nando Dorta, Sab\u00e3o - Edivaldo Montanheri", "texto_original": "http://sapl.ivaipora.pr.leg.br/media/sapl/public/materialegislativa/2021/7770/projeto_de_decreto_07.pdf", "ementa": "Regulamenta a publicidade das licita\u00e7\u00f5es e contrata\u00e7\u00f5es diretas de que trata a Lei Federal n\u00b0 14.133, de 01 de abril de 2021, realizadas no \u00e2mbito do Poder Legislativo do Munic\u00edpio de Ivaipor\u00e3, Estado do Paran\u00e1."}, {"id": "7771", "ano": "2021", "numero": "8", "tipo__sigla": "PDL", "tipo__descricao": "Projeto de Decreto Legislativo", "autoria": "Gertrudes, Josane Disner, Nando Dorta, Sab\u00e3o - Edivaldo Montanheri", "texto_original": "http://sapl.ivaipora.pr.leg.br/media/sapl/public/materialegislativa/2021/7771/projeto_de_decreto_08.pdf", "ementa": "Autoriza a concess\u00e3o de licen\u00e7a ao Prefeito Municipal, Sr. Luiz Carlos Gil e d\u00e1 outras provid\u00eancias."}, {"id": "7774", "ano": "2021", "numero": "9", "tipo__sigla": "PDL", "tipo__descricao": "Projeto de Decreto Legislativo", "autoria": "Sab\u00e3o - Edivaldo Montanheri", "texto_original": "http://sapl.ivaipora.pr.leg.br/media/sapl/public/materialegislativa/2021/7774/projeto_de_decreto_09.pdf", "ementa": "Susta ato normativo do Poder Executivo referente ao Decreto do Executivo n\u00b0 13.896/2021 e d\u00e1 outras provid\u00eancias."}, {"id": "7775", "ano": "2021", "numero": "10", "tipo__sigla": "PDL", "tipo__descricao": "Projeto de Decreto Legislativo", "autoria": "Gertrudes", "texto_original": "http://sapl.ivaipora.pr.leg.br/media/sapl/public/materialegislativa/2021/7775/projeto_de_decreto_10.pdf", "ementa": "Autoriza a concess\u00e3o de licen\u00e7a ao Prefeito Municipal, Sr. Luiz Carlos Gil e d\u00e1 outras provid\u00eancias."}, {"id": "7776", "ano": "2021", "numero": "11", "tipo__sigla": "PDL", "tipo__descricao": "Projeto de Decreto Legislativo", "autoria": "Vila Real", "texto_original": "http://sapl.ivaipora.pr.leg.br/media/sapl/public/materialegislativa/2021/7776/projeto_de_decreto_11.pdf", "ementa": "Concede T\u00edtulo de Consagra\u00e7\u00e3o P\u00fablica Municipal para ASSOCIA\u00c7\u00c3O DE PAIS E AMIGOS DOS EXCEPCIONAIS - APAE IVAIPOR\u00c3."}, {"id": "7777", "ano": "2021", "numero": "12", "tipo__sigla": "PDL", "tipo__descricao": "Projeto de Decreto Legislativo", "autoria": "Jaffer Ferreira", "texto_original": "http://sapl.ivaipora.pr.leg.br/media/sapl/public/materialegislativa/2021/7777/projeto_de_decreto_12.pdf", "ementa": "Susta ato normativo do Poder Executivo referente ao Decreto do Executivo n\u00b0 13.943 de 8 de dezembro de 2021 e Decreto Executivo n\u00b0 13.948 de 14 de dezembro de 2021 e d\u00e1 outras provid\u00eancias."}, {"id": "3316", "ano": "2021", "numero": "1", "tipo__sigla": "PRE", "tipo__descricao": "Projeto de Resolu\u00e7\u00e3o", "autoria": "Mesa Diretiva - MD", "texto_original": "http://sapl.ivaipora.pr.leg.br/media/sapl/public/materialegislativa/2021/3316/pr_1_2021.pdf", "ementa": "Disp\u00f5e sobre o Instrumento da Programa\u00e7\u00e3o Financeira e cronograma mensal da despesa para o Legislativo Municipal referente ao exerc\u00edcio financeiro de 2021."}, {"id": "3317", "ano": "2021", "numero": "2", "tipo__sigla": "PRE", "tipo__descricao": "Projeto de Resolu\u00e7\u00e3o", "autoria": "Mesa Diretiva - MD", "texto_original": "http://sapl.ivaipora.pr.leg.br/media/sapl/public/materialegislativa/2021/3317/pr_2_2021.pdf", "ementa": "Ficam os Senhores Presidente, Vereadores e Funcion\u00e1rios deste Poder Legislativo com direito a receberem di\u00e1rias constantes da Lei n\u00ba 2.114/2012 a partir do dia 1\u00ba de fevereiro de 2021 \u00e0 31 de dezembro de 2021."}, {"id": "3318", "ano": "2021", "numero": "3", "tipo__sigla": "PRE", "tipo__descricao": "Projeto de Resolu\u00e7\u00e3o", "autoria": "Mesa Diretiva - MD", "texto_original": "http://sapl.ivaipora.pr.leg.br/media/sapl/public/materialegislativa/2021/3318/pr_3_2021.pdf", "ementa": "Altera o caput do art. 11 e acrescenta os incisos I e II ao art. 11 da Resolu\u00e7\u00e3o Legislativa n\u00ba 5/2007, que disp\u00f5e sobre o Regimento Interno do Poder Legislativo de Ivaipor\u00e3, Estado do Paran\u00e1."}, {"id": "3319", "ano": "2021", "numero": "5", "tipo__sigla": "PRE", "tipo__descricao": "Projeto de Resolu\u00e7\u00e3o", "autoria": "Mesa Diretiva - MD", "texto_original": "http://sapl.ivaipora.pr.leg.br/media/sapl/public/materialegislativa/2021/3319/pr_5_2021.pdf", "ementa": "Institui o regime de pagamento de despesas de pequenas compras e presta\u00e7\u00e3o de servi\u00e7os de pronto pagamento no \u00e2mbito do Legislativo Municipal de Ivaipor\u00e3, Estado do Paran\u00e1."}, {"id": "3321", "ano": "2021", "numero": "6", "tipo__sigla": "PRE", "tipo__descricao": "Projeto de Resolu\u00e7\u00e3o", "autoria": "Gertrudes, Carniato, Fio Bertotti, Jaffer Ferreira, Josane Disner, Nando Dorta, Sab\u00e3o - Edivaldo Montanheri, Sadi Marcondes, Vila Real", "texto_original": "http://sapl.ivaipora.pr.leg.br/media/sapl/public/materialegislativa/2021/3321/pr_6_2021.pdf", "ementa": "Institui o Banco de Ideias Legislativas no Munic\u00edpio de Ivaipor\u00e3, Estado do Paran\u00e1, e d\u00e1 outras provid\u00eancias."}, {"id": "3323", "ano": "2021", "numero": "7", "tipo__sigla": "PRE", "tipo__descricao": "Projeto de Resolu\u00e7\u00e3o", "autoria": "Nando Dorta, Carniato, Jaffer Ferreira, Josane Disner, Sab\u00e3o - Edivaldo Montanheri, Sadi Marcondes, Vila Real", "texto_original": "http://sapl.ivaipora.pr.leg.br/media/sapl/public/materialegislativa/2021/3323/pr_7_2021.pdf", "ementa": "Altera o inciso II do art. 11 da Resolu\u00e7\u00e3o Legislativa n\u00ba 5/2007, que disp\u00f5e sobre o Regimento Interno do Poder Legislativo de Ivaipor\u00e3, Estado do Paran\u00e1."}, {"id": "3324", "ano": "2021", "numero": "8", "tipo__sigla": "PRE", "tipo__descricao": "Projeto de Resolu\u00e7\u00e3o", "autoria": "Mesa Diretiva - MD", "texto_original": "http://sapl.ivaipora.pr.leg.br/media/sapl/public/materialegislativa/2021/3324/pr_8_2021.pdf", "ementa": "Disp\u00f5e sobre a inclus\u00e3o de interprete e tradutor da L\u00edngua Brasileira de Sinais (LIBRAS), nos trabalhos parlamentares e sess\u00f5es legislativas da C\u00e2mara do Munic\u00edpio de Ivaipor\u00e3, Estado do Paran\u00e1."}, {"id": "3325", "ano": "2021", "numero": "9", "tipo__sigla": "PRE", "tipo__descricao": "Projeto de Resolu\u00e7\u00e3o", "autoria": "Mesa Diretiva - MD", "texto_original": "http://sapl.ivaipora.pr.leg.br/media/sapl/public/materialegislativa/2021/3325/pr_9_2021.pdf", "ementa": "Altera o art. 68 da Resolu\u00e7\u00e3o Legislativa n\u00ba 5/2007, que disp\u00f5e sobre o Regimento Interno do Poder Legislativo de Ivaipor\u00e3, Estado do Paran\u00e1."}, {"id": "3326", "ano": "2021", "numero": "10", "tipo__sigla": "PRE", "tipo__descricao": "Projeto de Resolu\u00e7\u00e3o", "autoria": "Nando Dorta, Jaffer Ferreira, Josane Disner, Sab\u00e3o - Edivaldo Montanheri, Vila Real, Z\u00e9 Maria", "texto_original": "http://sapl.ivaipora.pr.leg.br/media/sapl/public/materialegislativa/2021/3326/pr_10_2021.pdf", "ementa": "Acrescenta o art. 227_A a Resolu\u00e7\u00e3o n\u00ba 5/2007 - Regimento Interno do Poder Legislativo de Ivaipor\u00e3,/PR, para inclus\u00e3o das Emendas Impositivas Individuais e Coletivas de que trata o art. 124-A da Lei Org\u00e2nica Municipal."}, {"id": "3327", "ano": "2021", "numero": "11", "tipo__sigla": "PRE", "tipo__descricao": "Projeto de Resolu\u00e7\u00e3o", "autoria": "Nando Dorta, Jaffer Ferreira, Josane Disner, Sab\u00e3o - Edivaldo Montanheri, Vila Real, Z\u00e9 Maria", "texto_original": "http://sapl.ivaipora.pr.leg.br/media/sapl/public/materialegislativa/2021/3327/pr_11_2021.pdf", "ementa": "Acrescenta o inciso XII ao art. 24, Revoga a al\u00ednea \"h\" do inciso VII do art. 27, e acrescenta \u00a7\u00a7 1\u00ba, 2\u00ba e 3\u00ba ao art. 104 da Resolu\u00e7\u00e3o Legislativa n\u00ba 5/2007, que disp\u00f5e sobre o Regimento Interno do Poder Legislativo de Ivaipor\u00e3, Estado do Paran\u00e1."}, {"id": "7529", "ano": "2021", "numero": "1", "tipo__sigla": "IND", "tipo__descricao": "Indica\u00e7\u00e3o", "autoria": "Gertrudes", "texto_original": "http://sapl.ivaipora.pr.leg.br/media/sapl/public/materialegislativa/2021/7529/01.pdf", "ementa": "Indicando ao senhor Prefeito Municipal, que por meio da secretaria competente,  providencie a reforma da Pra\u00e7a da Vila Nova Por\u00e3, com paver, bancos, ilumina\u00e7\u00e3o, paisagismo, arboriza\u00e7\u00e3o, academia ao ar livre e playground com acessibilidade para crian\u00e7as com de defici\u00eancia."}, {"id": "7530", "ano": "2021", "numero": "2", "tipo__sigla": "IND", "tipo__descricao": "Indica\u00e7\u00e3o", "autoria": "Gertrudes", "texto_original": "http://sapl.ivaipora.pr.leg.br/media/sapl/public/materialegislativa/2021/7530/02.pdf", "ementa": "Indicando ao senhor Prefeito Municipal, que por meio da secretaria competente, providencie a Reforma da quadra e implanta\u00e7\u00e3o de um centro poli esportivo no gin\u00e1sio de esportes Mour\u00e3o Filho. Contendo pista de caminhada, playground com acessibilidade para crian\u00e7as com defici\u00eancia, academia ao ar livre, quadra de areia, campo sint\u00e9tico, ilumina\u00e7\u00e3o e bancos, paisagismo e arboriza\u00e7\u00e3o conforme material em anexo."}, {"id": "7531", "ano": "2021", "numero": "3", "tipo__sigla": "IND", "tipo__descricao": "Indica\u00e7\u00e3o", "autoria": "Gertrudes", "texto_original": "http://sapl.ivaipora.pr.leg.br/media/sapl/public/materialegislativa/2021/7531/03.pdf", "ementa": "Indicando ao senhor Prefeito Municipal, que por meio da secretaria competente, providencie a Reforma da quadra e implanta\u00e7\u00e3o de um centro poli esportivo no gin\u00e1sio de esportes Mour\u00e3o Filho. Contendo pista de caminhada, playground com acessibilidade para crian\u00e7as com defici\u00eancia, academia ao ar livre, quadra de areia, campo sint\u00e9tico, ilumina\u00e7\u00e3o e bancos, paisagismo e arboriza\u00e7\u00e3o conforme material em anexo."}, {"id": "7532", "ano": "2021", "numero": "4", "tipo__sigla": "IND", "tipo__descricao": "Indica\u00e7\u00e3o", "autoria": "Gertrudes", "texto_original": "http://sapl.ivaipora.pr.leg.br/media/sapl/public/materialegislativa/2021/7532/04.pdf", "ementa": "GERTRUDES BERNARDY, Presidente do Legislativo e vereadora infra-assinada, em pleno exerc\u00edcio de seu mandato parlamentar, vem mui respeitosamente atrav\u00e9s dessa Presid\u00eancia, INDICAR ao Excelent\u00edssimo Senhor Prefeito Luiz Carlos Gil, para que atrav\u00e9s do departamento Competente, analise e providencie, a implanta\u00e7\u00e3o de playground com acessibilidade para crian\u00e7as com defici\u00eancia, em todos os parques j\u00e1 existentes no munic\u00edpio."}, {"id": "7533", "ano": "2021", "numero": "5", "tipo__sigla": "IND", "tipo__descricao": "Indica\u00e7\u00e3o", "autoria": "Z\u00e9 do Bar, Gertrudes", "texto_original": "http://sapl.ivaipora.pr.leg.br/media/sapl/public/materialegislativa/2021/7533/05.pdf", "ementa": "JOS\u00c9 APARECIDO PERES E GERTRUDES BERNARDY, vereadores infra-assinados, em pleno exerc\u00edcio de seus mandatos parlamentares, vem mui respeitosamente atrav\u00e9s dessa Presid\u00eancia, INDICAR ao Excelent\u00edssimo Senhor Prefeito Luiz Carlos Gil, para que atrav\u00e9s do departamento Competente, analise e providencie a Implanta\u00e7\u00e3o de pra\u00e7a p\u00fablica no Distrito de Alto Por\u00e3, com as devidas adequa\u00e7\u00f5es para atender sua fun\u00e7\u00e3o social com equipamentos de academia ao ar livre, assim como tamb\u00e9m Playground com acessibilidade, para crian\u00e7as com defici\u00eancia, ilumina\u00e7\u00e3o, bancos, arboriza\u00e7\u00e3o e paisagismo."}, {"id": "7534", "ano": "2021", "numero": "6", "tipo__sigla": "IND", "tipo__descricao": "Indica\u00e7\u00e3o", "autoria": "Vila Real", "texto_original": "http://sapl.ivaipora.pr.leg.br/media/sapl/public/materialegislativa/2021/7534/06.pdf", "ementa": "ANT\u00d4NIO VILA REAL, vereador infra-assinado, em pleno exerc\u00edcio de seu mandato parlamentar, vem mui respeitosamente atrav\u00e9s dessa Presid\u00eancia, INDICAR ao Senhor Prefeito Municipal, que por meio do Departamento de Engenharia, providencie a elabora\u00e7\u00e3o do Projeto de cal\u00e7amento com pedras poli\u00e9dricas (pedras irregulares), no trecho que liga a Fazenda do Dr. Orlando (garraf\u00e3o), ao RIO DA BULHA, que liga o munic\u00edpio de Ivaipor\u00e3 a Arapu\u00e3, compreendendo a extens\u00e3o de 3.500 quil\u00f4metros."}, {"id": "7535", "ano": "2021", "numero": "7", "tipo__sigla": "IND", "tipo__descricao": "Indica\u00e7\u00e3o", "autoria": "Vila Real", "texto_original": "http://sapl.ivaipora.pr.leg.br/media/sapl/public/materialegislativa/2021/7535/07.pdf", "ementa": "ANT\u00d4NIO VILA REAL, vereador infra-assinado, em pleno exerc\u00edcio de seu mandato parlamentar, vem mui respeitosamente atrav\u00e9s dessa Presid\u00eancia, INDICAR ao Senhor Prefeito Municipal, que por meio do Departamento de Engenharia, providencie a elabora\u00e7\u00e3o do projeto de cal\u00e7amento com pedras poli\u00e9dricas (pedras irregulares), no trecho que liga o Distrito de Jacutinga a Estrada do Painerinha, passando pelo contraforte FD Bonfati, compreendendo a extens\u00e3o de 5.000 quil\u00f4metros."}, {"id": "7536", "ano": "2021", "numero": "8", "tipo__sigla": "IND", "tipo__descricao": "Indica\u00e7\u00e3o", "autoria": "Vila Real", "texto_original": "http://sapl.ivaipora.pr.leg.br/media/sapl/public/materialegislativa/2021/7536/08.pdf", "ementa": "ANT\u00d4NIO VILA REAL, vereador infra-assinado, em pleno exerc\u00edcio de seu mandato parlamentar, vem mui respeitosamente atrav\u00e9s dessa Presid\u00eancia, INDICAR ao Senhor Prefeito Municipal, que por meio do Departamento de Engenharia, providencie a perfura\u00e7\u00e3o de um po\u00e7o artesiano na comunidade do Paineirinha, pois nos per\u00edodos de estiagem a comunidade fica sem agua para o consumo."}, {"id": "7537", "ano": "2021", "numero": "9", "tipo__sigla": "IND", "tipo__descricao": "Indica\u00e7\u00e3o", "autoria": "Vila Real", "texto_original": "http://sapl.ivaipora.pr.leg.br/media/sapl/public/materialegislativa/2021/7537/09.pdf", "ementa": "ANT\u00d4NIO VILA REAL, vereador infra-assinado, em pleno exerc\u00edcio de seu mandato parlamentar, vem mui respeitosamente atrav\u00e9s dessa Presid\u00eancia, INDICAR ao Senhor Prefeito Municipal, que por meio do Departamento de Engenharia, providencie a elabora\u00e7\u00e3o de um projeto de pavimenta\u00e7\u00e3o poli\u00e9drica (pedras irregulares) para a comunidade do Perob\u00e3o, passando pelo Formosinho at\u00e9 o Rio da Areia, com uma extens\u00e3o de 7.800km."}, {"id": "7538", "ano": "2021", "numero": "10", "tipo__sigla": "IND", "tipo__descricao": "Indica\u00e7\u00e3o", "autoria": "Vila Real", "texto_original": "http://sapl.ivaipora.pr.leg.br/media/sapl/public/materialegislativa/2021/7538/10.pdf", "ementa": "ANT\u00d4NIO VILA REAL, vereador infra-assinado, em pleno exerc\u00edcio de seu mandato parlamentar, vem mui respeitosamente atrav\u00e9s dessa Presid\u00eancia, INDICAR ao Senhor Prefeito Municipal, que por meio do Departamento de Engenharia, providencie a elabora\u00e7\u00e3o de um projeto de pavimenta\u00e7\u00e3o poli\u00e9drica (pedras irregulares) no Distrito de Santa Barbara passando pelo Banco de Areia, at\u00e9 a Mercearia do Jair Rozendo (comunidade Ant\u00f4nio Bonito), com uma extens\u00e3o de 6.700km."}, {"id": "7539", "ano": "2021", "numero": "11", "tipo__sigla": "IND", "tipo__descricao": "Indica\u00e7\u00e3o", "autoria": "Carniato", "texto_original": "http://sapl.ivaipora.pr.leg.br/media/sapl/public/materialegislativa/2021/7539/11.pdf", "ementa": "JOS\u00c9 MAURINO CARNIATO, vereador infra-assinado, em pleno exerc\u00edcio de seu mandato parlamentar, vem mui respeitosamente atrav\u00e9s dessa Presid\u00eancia, INDICAR ao Senhor Prefeito Municipal, que por meio do Departamento competente, providencie ACADEMIA AO AR LIVRE nas localidades do CRUZEIRINHO E DO PALMEIRINHA DO CAMPO NOVO."}, {"id": "7540", "ano": "2021", "numero": "12", "tipo__sigla": "IND", "tipo__descricao": "Indica\u00e7\u00e3o", "autoria": "Carniato", "texto_original": "http://sapl.ivaipora.pr.leg.br/media/sapl/public/materialegislativa/2021/7540/12.pdf", "ementa": "JOS\u00c9 MAURINO CARNIATO, vereador infra-assinado, em pleno exerc\u00edcio de seu mandato parlamentar, vem mui respeitosamente atrav\u00e9s dessa Presid\u00eancia, INDICAR ao Senhor Prefeito Municipal, que por meio do Departamento competente, providencie IDENTIFICA\u00c7\u00c3O NAS RUAS E AVENIDAS, que ainda n\u00e3o possui, como forma de facilitar a localiza\u00e7\u00e3o de endere\u00e7os."}, {"id": "7541", "ano": "2021", "numero": "13", "tipo__sigla": "IND", "tipo__descricao": "Indica\u00e7\u00e3o", "autoria": "Carniato", "texto_original": "http://sapl.ivaipora.pr.leg.br/media/sapl/public/materialegislativa/2021/7541/13.pdf", "ementa": "JOS\u00c9 MAURINO CARNIATO, vereador infra-assinado, em pleno exerc\u00edcio de seu mandato parlamentar, vem mui respeitosamente atrav\u00e9s dessa Presid\u00eancia, INDICAR ao Senhor Prefeito Municipal, que por meio do Departamento competente, providencie a INSTALA\u00c7\u00c3O DE DOIS PONTOS DE \u00d4NIBUS COBERTO NA RUA APINAG\u00c9S, no Jardim Alto da Gl\u00f3ria. Um nas proximidades do cruzamento da Rua Apinag\u00e9s com a Rua Turunas e o outro nas proximidades do cruzamento da Rua Apinag\u00e9s com a RuaTupinamb\u00e1s."}, {"id": "7542", "ano": "2021", "numero": "14", "tipo__sigla": "IND", "tipo__descricao": "Indica\u00e7\u00e3o", "autoria": "Jaffer Ferreira", "texto_original": "http://sapl.ivaipora.pr.leg.br/media/sapl/public/materialegislativa/2021/7542/14.pdf", "ementa": "JAFFER GUILHERME SAGANSKI FERREIRA, vereador infra-assinado, em pleno exerc\u00edcio de seu mandato parlamentar, vem mui respeitosamente atrav\u00e9s dessa Presid\u00eancia, INDICAR ao Senhor Prefeito Municipal, que por meio do departamento competente, providencie melhorias, bem como, implanta\u00e7\u00e3o de pedras irregulares nas Ruas Beija flor, Bem Te Vi, Gralha Azul, Urupuru, Sabi\u00e1, Sanha\u00e7o, Tiriva, Pintassilgo e Tico Tico, todas localizadas no Conjunto Jo\u00e3o de Barro."}, {"id": "7543", "ano": "2021", "numero": "15", "tipo__sigla": "IND", "tipo__descricao": "Indica\u00e7\u00e3o", "autoria": "Jaffer Ferreira", "texto_original": "http://sapl.ivaipora.pr.leg.br/media/sapl/public/materialegislativa/2021/7543/15.pdf", "ementa": "JAFFER GUILHERME SAGANSKI FERREIRA, vereador infra-assinado, em pleno exerc\u00edcio de seu mandato parlamentar, vem mui respeitosamente atrav\u00e9s dessa Presid\u00eancia, INDICAR ao Senhor Prefeito Municipal, que por meio do Departamento de Agricultura, d\u00ea-se uma aten\u00e7\u00e3o especial aos agricultores do nosso munic\u00edpio em rela\u00e7\u00e3o as estradas rurais para que os mesmos possam escoar sua produ\u00e7\u00e3o, em especial no Distrito de Jacutinga (tr\u00eas ranchinhos, perob\u00e3o e localidades), no Distrito de Alto Por\u00e3, e no Distrito de Santa Barbara (\u00c1gua da mamona e Sabugueiro)."}, {"id": "7544", "ano": "2021", "numero": "16", "tipo__sigla": "IND", "tipo__descricao": "Indica\u00e7\u00e3o", "autoria": "Jaffer Ferreira", "texto_original": "http://sapl.ivaipora.pr.leg.br/media/sapl/public/materialegislativa/2021/7544/16.pdf", "ementa": "JAFFER GUILHERME SAGANSKI FERREIRA, vereador infra-assinado, em pleno exerc\u00edcio de seu mandato parlamentar, vem mui respeitosamente atrav\u00e9s dessa Presid\u00eancia, INDICAR ao Senhor Prefeito Municipal, que por meio do Departamento Competente, proceda com a instala\u00e7\u00e3o de um m\u00f3dulo policial na Pra\u00e7a Fran\u00e7a."}, {"id": "7545", "ano": "2021", "numero": "17", "tipo__sigla": "IND", "tipo__descricao": "Indica\u00e7\u00e3o", "autoria": "Jaffer Ferreira", "texto_original": "http://sapl.ivaipora.pr.leg.br/media/sapl/public/materialegislativa/2021/7545/17.pdf", "ementa": "JAFFER GUILHERME SAGANSKI FERREIRA, vereador infra-assinado, em pleno exerc\u00edcio de seu mandato parlamentar, vem mui respeitosamente atrav\u00e9s dessa Presid\u00eancia, INDICAR ao Senhor Prefeito Municipal, que por meio do Departamento de Obras e Via\u00e7\u00e3o, proceda-se a melhoria do p\u00e1tio m\u00e1quinas, tais como banheiros, e um refeit\u00f3rio adequado aos servidores p\u00fablicos."}, {"id": "7546", "ano": "2021", "numero": "18", "tipo__sigla": "IND", "tipo__descricao": "Indica\u00e7\u00e3o", "autoria": "Jaffer Ferreira", "texto_original": "http://sapl.ivaipora.pr.leg.br/media/sapl/public/materialegislativa/2021/7546/18.pdf", "ementa": "JAFFER GUILHERME SAGANSKI FERREIRA, vereador infra-assinado, em pleno exerc\u00edcio de seu mandato parlamentar, vem mui respeitosamente atrav\u00e9s dessa Presid\u00eancia, INDICAR ao Senhor Prefeito Municipal, que por meio do Departamento Competente, proceda-se a revitaliza\u00e7\u00e3o do Lago das Flores, e a coloca\u00e7\u00e3o de peixes, para que a popula\u00e7\u00e3o possa realizar a pesca na semana santa."}, {"id": "7547", "ano": "2021", "numero": "19", "tipo__sigla": "IND", "tipo__descricao": "Indica\u00e7\u00e3o", "autoria": "Sab\u00e3o - Edivaldo Montanheri", "texto_original": "http://sapl.ivaipora.pr.leg.br/media/sapl/public/materialegislativa/2021/7547/19.pdf", "ementa": "EDIVALDO APARECIDO MONTANHERI, vereador infra-assinado, em pleno exerc\u00edcio de seu mandato parlamentar, vem mui respeitosamente atrav\u00e9s dessa Presid\u00eancia, INDICAR ao Senhor Prefeito Municipal, que por meio do Departamento competente, providencie a pavimenta\u00e7\u00e3o asf\u00e1ltica ou com pedras irregulares, e a implanta\u00e7\u00e3o de galerias em todas as Ruas do Conjunto Habitacional Sebasti\u00e3o Alves de Andrade que se fizerem necess\u00e1rias."}, {"id": "7548", "ano": "2021", "numero": "20", "tipo__sigla": "IND", "tipo__descricao": "Indica\u00e7\u00e3o", "autoria": "Josane Disner", "texto_original": "http://sapl.ivaipora.pr.leg.br/media/sapl/public/materialegislativa/2021/7548/20.pdf", "ementa": "JOSANE GORETE DISNER TEIXEIRA, vereadora infra-assinado, em pleno exerc\u00edcio de seu mandato parlamentar, vem mui respeitosamente atrav\u00e9s dessa Presid\u00eancia, INDICAR ao Senhor Prefeito Municipal, que por meio do Departamento competente, providencie melhorias na Rua Jos\u00e9 Messias Oliveira, na Vila Nova Por\u00e3, onde os moradores reclamam que, devido a desn\u00edvel na rua suas casas s\u00e3o constantemente inundadas em per\u00edodos de chuva."}, {"id": "7549", "ano": "2021", "numero": "21", "tipo__sigla": "IND", "tipo__descricao": "Indica\u00e7\u00e3o", "autoria": "Josane Disner", "texto_original": "http://sapl.ivaipora.pr.leg.br/media/sapl/public/materialegislativa/2021/7549/21.pdf", "ementa": "JOSANE DISNER, vereadora infra-assinado, em pleno exerc\u00edcio de seu mandato parlamentar, vem mui respeitosamente atrav\u00e9s dessa Presid\u00eancia, INDICAR ao Senhor Prefeito Municipal, que por meio do Departamento competente, providencie melhorias na Rua Agostinho Cremasco \u2013 Jardim Versalhes. Onde os moradores reclamam que, o paralelep\u00edpedo da rua est\u00e1 afundando e os bueiros n\u00e3o est\u00e3o interligados \u00e0 galeria pluvial ocasionando o ac\u00famulo da \u00e1gua, podendo tornar-se foco de dengue."}, {"id": "7550", "ano": "2021", "numero": "22", "tipo__sigla": "IND", "tipo__descricao": "Indica\u00e7\u00e3o", "autoria": "Josane Disner", "texto_original": "http://sapl.ivaipora.pr.leg.br/media/sapl/public/materialegislativa/2021/7550/22.pdf", "ementa": "JOSANE DISNER, vereadora infra-assinado, em pleno exerc\u00edcio de seu mandato parlamentar, vem mui respeitosamente atrav\u00e9s dessa Presid\u00eancia, INDICAR ao Senhor Prefeito Municipal, que por meio do Departamento competente, providencie melhorias na Rua Jos\u00e9 Castro Conte \u2013 Bairro Reservado. Onde os moradores solicitam o cascalhamento da rua."}, {"id": "7551", "ano": "2021", "numero": "23", "tipo__sigla": "IND", "tipo__descricao": "Indica\u00e7\u00e3o", "autoria": "Nando Dorta", "texto_original": "http://sapl.ivaipora.pr.leg.br/media/sapl/public/materialegislativa/2021/7551/23.pdf", "ementa": "FERNANDO RODRIGUES DORTA, vereador infra-assinado, em pleno exerc\u00edcio de seu mandato parlamentar, vem mui respeitosamente atrav\u00e9s dessa Presid\u00eancia, INDICAR ao Senhor Prefeito Municipal, que por meio do Departamento competente, providencie pavimenta\u00e7\u00e3o asf\u00e1ltica na Rua Regina Mazaro, Jardim Aeroporto."}, {"id": "7552", "ano": "2021", "numero": "24", "tipo__sigla": "IND", "tipo__descricao": "Indica\u00e7\u00e3o", "autoria": "Nando Dorta", "texto_original": "http://sapl.ivaipora.pr.leg.br/media/sapl/public/materialegislativa/2021/7552/24.pdf", "ementa": "FERNANDO RODRIGUES DORTA, vereador infra-assinado, em pleno exerc\u00edcio de seu mandato parlamentar, vem mui respeitosamente atrav\u00e9s dessa Presid\u00eancia, INDICAR ao Senhor Prefeito Municipal, que por meio do Departamento competente, providencie pavimenta\u00e7\u00e3o asf\u00e1ltica na Rua Tamandar\u00e9, Jardim aeroporto."}, {"id": "7553", "ano": "2021", "numero": "25", "tipo__sigla": "IND", "tipo__descricao": "Indica\u00e7\u00e3o", "autoria": "Carniato", "texto_original": "http://sapl.ivaipora.pr.leg.br/media/sapl/public/materialegislativa/2021/7553/25.pdf", "ementa": "JOS\u00c9 MAURINO CARNIATO, vereador infra-assinado, em pleno exerc\u00edcio de seu mandato parlamentar, vem mui respeitosamente atrav\u00e9s dessa Presid\u00eancia, INDICAR ao Senhor Prefeito Municipal, que por meio do Departamento competente, providencie implementa\u00e7\u00e3o da prote\u00e7\u00e3o jur\u00eddica \u00e0 sa\u00fade do trabalhador, no quadro de pessoal do munic\u00edpio, com vistas que medidas de prote\u00e7\u00e3o alcance a todos os trabalhadores no munic\u00edpio de Ivaipor\u00e3."}, {"id": "7554", "ano": "2021", "numero": "26", "tipo__sigla": "IND", "tipo__descricao": "Indica\u00e7\u00e3o", "autoria": "Carniato", "texto_original": "http://sapl.ivaipora.pr.leg.br/media/sapl/public/materialegislativa/2021/7554/26.pdf", "ementa": "JOS\u00c9 MAURINO CARNIATO, vereador infra-assinado, em pleno exerc\u00edcio de seu mandato parlamentar, vem mui respeitosamente atrav\u00e9s dessa Presid\u00eancia, INDICAR ao Senhor Prefeito Municipal, que por meio do Departamento competente, providencie adequa\u00e7\u00e3o e cascalhamento da estrada do Castelinho, retornando para estrada da Santa B\u00e1rbara - aproximadamente 03 (tr\u00eas) quil\u00f4metros, com vistas a atender moradores da localidade, facilitando o escoamento da produ\u00e7\u00e3o, em especial a produ\u00e7\u00e3o de leite, que nos per\u00edodo chuvosos t\u00eam causado grande transtorno, inclusive com perda do produto."}, {"id": "7555", "ano": "2021", "numero": "27", "tipo__sigla": "IND", "tipo__descricao": "Indica\u00e7\u00e3o", "autoria": "Carniato", "texto_original": "http://sapl.ivaipora.pr.leg.br/media/sapl/public/materialegislativa/2021/7555/27.pdf", "ementa": "JOS\u00c9 MAURINO CARNIATO, vereador infra-assinado, em pleno exerc\u00edcio de seu mandato parlamentar, vem mui respeitosamente atrav\u00e9s dessa Presid\u00eancia, INDICAR ao Senhor Prefeito Municipal, que por meio do Departamento competente, providencie instala\u00e7\u00e3o de sem\u00e1foro no cruzamento da Rua Em\u00edlio Ganzert com a Avenida Presidente Tancredo Neves, que em fun\u00e7\u00e3o do tr\u00e2nsito intenso e visibilidade comprometida, potencializa o risco de acidentes."}, {"id": "7556", "ano": "2021", "numero": "28", "tipo__sigla": "IND", "tipo__descricao": "Indica\u00e7\u00e3o", "autoria": "Carniato", "texto_original": "http://sapl.ivaipora.pr.leg.br/media/sapl/public/materialegislativa/2021/7556/28.pdf", "ementa": "JOS\u00c9 MAURINO CARNIATO, vereador infra-assinado, em pleno exerc\u00edcio de seu mandato parlamentar, vem mui respeitosamente atrav\u00e9s dessa Presid\u00eancia, INDICAR ao Senhor Prefeito Municipal, que por meio do Departamento competente, providencie o recape asf\u00e1ltico sobre cal\u00e7amento de pedra irregulares da estrada de Santa B\u00e1rbara, no trecho compreendido entre a ponte do Rio Laranjeira ao Palmeirinha do Campo Novo - at\u00e9 o \u201csitio da uva\u201d, trecho com aproximadamente 04 (quatro) quil\u00f4metros. O cal\u00e7amento com pedras irregulares no referido trecho se apresenta bastante comprometido, dificultando o tr\u00e2nsito de ve\u00edculos que por ali circulam. Cumpre destacar que esta estrada \u00e9 que d\u00e1 acesso ao aterro sanit\u00e1rio municipal, ao aeroporto, al\u00e9m de atender produtores de leite e os dois avi\u00e1rios dessa localidade."}, {"id": "7557", "ano": "2021", "numero": "29", "tipo__sigla": "IND", "tipo__descricao": "Indica\u00e7\u00e3o", "autoria": "Carniato", "texto_original": "http://sapl.ivaipora.pr.leg.br/media/sapl/public/materialegislativa/2021/7557/29.pdf", "ementa": "JOS\u00c9 MAURINO CARNIATO, vereador infra-assinado, em pleno exerc\u00edcio de seu mandato parlamentar, vem mui respeitosamente atrav\u00e9s dessa Presid\u00eancia, INDICAR ao Senhor Prefeito Municipal, que por meio do Departamento competente, providencie manuten\u00e7\u00e3o e limpeza dos reservat\u00f3rios de \u00e1gua das Unidades de Sa\u00fade, CMEIs, escolas municipais e de todos os pr\u00e9dios utilizados pela administra\u00e7\u00e3o, como medida de preven\u00e7\u00e3o e cuidados com a sa\u00fade dos usu\u00e1rios e trabalhadores."}, {"id": "7558", "ano": "2021", "numero": "30", "tipo__sigla": "IND", "tipo__descricao": "Indica\u00e7\u00e3o", "autoria": "Sadi Marcondes", "texto_original": "http://sapl.ivaipora.pr.leg.br/media/sapl/public/materialegislativa/2021/7558/30.pdf", "ementa": "SADI MARCONDES MENDES, vereador infra-assinado, em pleno exerc\u00edcio de seu mandato parlamentar, vem mui respeitosamente atrav\u00e9s dessa Presid\u00eancia, INDICAR ao Senhor Prefeito Municipal, que por meio do Departamento competente, providencie a pavimenta\u00e7\u00e3o asf\u00e1ltica da Rua Espanha no Jardim Europa (Vila Xurupita), e colocar pavimenta\u00e7\u00e3o poli\u00e9drica (pedras irregulares) at\u00e9 o acesso a igrejinha nesta mesma rua."}, {"id": "7625", "ano": "2021", "numero": "31", "tipo__sigla": "IND", "tipo__descricao": "Indica\u00e7\u00e3o", "autoria": "Sadi Marcondes", "texto_original": "http://sapl.ivaipora.pr.leg.br/media/sapl/public/materialegislativa/2021/7625/31.pdf", "ementa": "SADI MARCONDES MENDES, vereador infra-assinado, em pleno exerc\u00edcio de seu mandato parlamentar, vem mui respeitosamente atrav\u00e9s dessa Presid\u00eancia, INDICAR ao Senhor Prefeito Municipal, que por meio do Departamento competente, providencie, pavimenta\u00e7\u00e3o asf\u00e1ltica, em todas as ruas do Jardim Europa, onde houver pavimenta\u00e7\u00e3o poli\u00e9drica (pedras irregulares)."}, {"id": "7626", "ano": "2021", "numero": "32", "tipo__sigla": "IND", "tipo__descricao": "Indica\u00e7\u00e3o", "autoria": "Sadi Marcondes", "texto_original": "http://sapl.ivaipora.pr.leg.br/media/sapl/public/materialegislativa/2021/7626/32.pdf", "ementa": "SADI MARCONDES MENDES, vereador infra-assinado, em pleno exerc\u00edcio de seu mandato parlamentar, vem mui respeitosamente atrav\u00e9s dessa Presid\u00eancia, INDICAR ao Senhor Prefeito Municipal, que por meio do Departamento competente, para que providencie a substitui\u00e7\u00e3o de l\u00e2mpadas (lumin\u00e1rias) que est\u00e3o queimadas no LAGO JARDIM BOT\u00c2NICO DE IVAIPOR\u00c3, em raz\u00e3o do intenso fluxo de pessoas durante per\u00edodo da noite e de madrugada realizando atividades f\u00edsicas no local."}, {"id": "7627", "ano": "2021", "numero": "33", "tipo__sigla": "IND", "tipo__descricao": "Indica\u00e7\u00e3o", "autoria": "Sadi Marcondes", "texto_original": "http://sapl.ivaipora.pr.leg.br/media/sapl/public/materialegislativa/2021/7627/33.pdf", "ementa": "SADI MARCONDES MENDES, vereador infra-assinado, em pleno exerc\u00edcio de seu mandato parlamentar, vem mui respeitosamente atrav\u00e9s dessa Presid\u00eancia, INDICAR ao Senhor Prefeito Municipal, que por meio do Departamento competente, providencie a implanta\u00e7\u00e3o de pavimenta\u00e7\u00e3o poli\u00e9drica (pedras irregulares), na Rua Bar\u00e3o do Rio Branco, no Bairro Bosque da Sa\u00fade."}, {"id": "7628", "ano": "2021", "numero": "34", "tipo__sigla": "IND", "tipo__descricao": "Indica\u00e7\u00e3o", "autoria": "Sadi Marcondes", "texto_original": "http://sapl.ivaipora.pr.leg.br/media/sapl/public/materialegislativa/2021/7628/34.pdf", "ementa": "SADI MARCONDES MENDES, vereador infra-assinado, em pleno exerc\u00edcio de seu mandato parlamentar, vem mui respeitosamente atrav\u00e9s dessa Presid\u00eancia, INDICAR ao Senhor Prefeito Municipal, que por meio do Departamento competente, providencie reforma, limpeza e lacre da boca de Lobo (bueiro), localizada em frente a farm\u00e1cia Drogamais, na Pra\u00e7a Manoel Deodoro da Rocha, pr\u00f3ximo ao chafariz, devido \u00e0s chuvas intensas o mesmo transborda alagando o local."}, {"id": "7629", "ano": "2021", "numero": "35", "tipo__sigla": "IND", "tipo__descricao": "Indica\u00e7\u00e3o", "autoria": "Sab\u00e3o - Edivaldo Montanheri", "texto_original": "http://sapl.ivaipora.pr.leg.br/media/sapl/public/materialegislativa/2021/7629/35.pdf", "ementa": "EDIVALDO APARECIDO MONTANHERI, vereador infra-assinado, em pleno exerc\u00edcio de seu mandato parlamentar, vem mui respeitosamente atrav\u00e9s dessa Presid\u00eancia, INDICAR ao Senhor Prefeito Municipal, que por meio do Departamento competente providencie uma academia e um parquinho no Conjunto Valdomiro Bleis Guergoletti."}, {"id": "7630", "ano": "2021", "numero": "36", "tipo__sigla": "IND", "tipo__descricao": "Indica\u00e7\u00e3o", "autoria": "Sab\u00e3o - Edivaldo Montanheri", "texto_original": "http://sapl.ivaipora.pr.leg.br/media/sapl/public/materialegislativa/2021/7630/36.pdf", "ementa": "EDIVALDO APARECIDO MONTANHERI, vereador infra-assinado, em pleno exerc\u00edcio de seu mandato parlamentar, vem mui respeitosamente atrav\u00e9s dessa Presid\u00eancia, INDICAR ao Senhor Prefeito Municipal, que por meio do Departamento competente, providencie pavimenta\u00e7\u00e3o asf\u00e1ltica, sobre da pedra irregular da rua Guarani na Vila Formosa."}, {"id": "7631", "ano": "2021", "numero": "37", "tipo__sigla": "IND", "tipo__descricao": "Indica\u00e7\u00e3o", "autoria": "Sab\u00e3o - Edivaldo Montanheri", "texto_original": "http://sapl.ivaipora.pr.leg.br/media/sapl/public/materialegislativa/2021/7631/37.pdf", "ementa": "EDIVALDO APARECIDO MONTANHERI, vereador infra-assinado, em pleno exerc\u00edcio de seu mandato parlamentar, vem mui respeitosamente atrav\u00e9s dessa Presid\u00eancia, INDICAR ao Senhor Prefeito Municipal, que por meio do Departamento competente providencie pavimenta\u00e7\u00e3o asf\u00e1ltica, sobre a pedra irregular da rua Alvorada no Jardim Alvorada."}, {"id": "7632", "ano": "2021", "numero": "38", "tipo__sigla": "IND", "tipo__descricao": "Indica\u00e7\u00e3o", "autoria": "Gertrudes", "texto_original": "http://sapl.ivaipora.pr.leg.br/media/sapl/public/materialegislativa/2021/7632/38.pdf", "ementa": "GERTRUDES BERNARDY, vereador infra-assinado, em pleno exerc\u00edcio de seu mandato parlamentar, vem mui respeitosamente atrav\u00e9s dessa Presid\u00eancia, INDICAR ao Senhor Prefeito Municipal, que por meio do Departamento competente, providencie uma homenagem (memorial) as v\u00edtimas do COVID-19 no lago Jardim Bot\u00e2nico."}, {"id": "7633", "ano": "2021", "numero": "39", "tipo__sigla": "IND", "tipo__descricao": "Indica\u00e7\u00e3o", "autoria": "Gertrudes", "texto_original": "http://sapl.ivaipora.pr.leg.br/media/sapl/public/materialegislativa/2021/7633/39.pdf", "ementa": "GERTRUDES BERNARDY, vereador infra-assinado, em pleno exerc\u00edcio de seu mandato parlamentar, vem mui respeitosamente atrav\u00e9s dessa Presid\u00eancia, INDICAR ao Senhor Prefeito Municipal, que por meio do Departamento competente, providencie a implanta\u00e7\u00e3o de uma pista de caminhada no jacutinga sentido cruzeirinho em frente ao latic\u00ednio Kollac"}, {"id": "7634", "ano": "2021", "numero": "40", "tipo__sigla": "IND", "tipo__descricao": "Indica\u00e7\u00e3o", "autoria": "Gertrudes", "texto_original": "http://sapl.ivaipora.pr.leg.br/media/sapl/public/materialegislativa/2021/7634/40.pdf", "ementa": "GERTRUDES BERNARDY, vereador infra-assinado, em pleno exerc\u00edcio de seu mandato parlamentar, vem mui respeitosamente atrav\u00e9s dessa Presid\u00eancia, INDICAR ao Senhor Prefeito Municipal, que por meio do Departamento competente, providencie a implanta\u00e7\u00e3o de uma pista de caminhada no jacutinga sentido cruzeirinho em frente ao latic\u00ednio Kollac"}, {"id": "7635", "ano": "2021", "numero": "41", "tipo__sigla": "IND", "tipo__descricao": "Indica\u00e7\u00e3o", "autoria": "Gertrudes", "texto_original": "http://sapl.ivaipora.pr.leg.br/media/sapl/public/materialegislativa/2021/7635/41.pdf", "ementa": "GERTRUDES BERNARDY, vereador infra-assinado, em pleno exerc\u00edcio de seu mandato parlamentar, vem mui respeitosamente atrav\u00e9s dessa Presid\u00eancia, INDICAR ao Senhor Prefeito Municipal, que por meio do Departamento competente, providencie tr\u00eas containers para a coleta de res\u00edduos eletr\u00f4nicos como l\u00e2mpadas, celulares, carregadores, pilhas, etc., e res\u00edduos l\u00edquidos como \u00f3leo de cozinha."}, {"id": "7636", "ano": "2021", "numero": "42", "tipo__sigla": "IND", "tipo__descricao": "Indica\u00e7\u00e3o", "autoria": "Gertrudes", "texto_original": "http://sapl.ivaipora.pr.leg.br/media/sapl/public/materialegislativa/2021/7636/42.pdf", "ementa": "GERTRUDES BERNARDY, vereador infra-assinado, em pleno exerc\u00edcio de seu mandato parlamentar, vem mui respeitosamente atrav\u00e9s dessa Presid\u00eancia, INDICAR ao Senhor Prefeito Municipal, que por meio do Departamento competente, providencie um ambulat\u00f3rio m\u00e9dico de especialidades."}, {"id": "7637", "ano": "2021", "numero": "43", "tipo__sigla": "IND", "tipo__descricao": "Indica\u00e7\u00e3o", "autoria": "Nando Dorta", "texto_original": "http://sapl.ivaipora.pr.leg.br/media/sapl/public/materialegislativa/2021/7637/43.pdf", "ementa": "FERNANDO RODRIGUES DORTA, vereador infra-assinado, em pleno exerc\u00edcio de seu mandato parlamentar, vem mui respeitosamente atrav\u00e9s dessa Presid\u00eancia, INDICAR ao Senhor Prefeito Municipal, que por meio do Departamento competente, providencie a coloca\u00e7\u00e3o de pedras irregulares nas ruas Ivaipor\u00e3, Maring\u00e1, Nova Esperan\u00e7a, California, Paranava\u00ed e Pitanga, todas localizadas no Distrito de Santa B\u00e1rbara."}, {"id": "7638", "ano": "2021", "numero": "44", "tipo__sigla": "IND", "tipo__descricao": "Indica\u00e7\u00e3o", "autoria": "Nando Dorta", "texto_original": "http://sapl.ivaipora.pr.leg.br/media/sapl/public/materialegislativa/2021/7638/44.pdf", "ementa": "FERNANDO RODRIGUES DORTA, vereador infra-assinado, em pleno exerc\u00edcio de seu mandato parlamentar, vem mui respeitosamente atrav\u00e9s dessa Presid\u00eancia, INDICAR ao Senhor Prefeito Municipal, que por meio do Departamento competente, providencie cascalhamento do Distrito de Santa Barbara at\u00e9 o s\u00edtio do Botini."}, {"id": "7639", "ano": "2021", "numero": "45", "tipo__sigla": "IND", "tipo__descricao": "Indica\u00e7\u00e3o", "autoria": "Nando Dorta", "texto_original": "http://sapl.ivaipora.pr.leg.br/media/sapl/public/materialegislativa/2021/7639/45.pdf", "ementa": "FERNANDO RODRIGUES DORTA, vereador infra-assinado, em pleno exerc\u00edcio de seu mandato parlamentar, vem mui respeitosamente atrav\u00e9s dessa Presid\u00eancia, INDICAR ao Senhor Prefeito Municipal, que por meio do Departamento competente, providencie com urg\u00eancia uma ambul\u00e2ncia para atender a popula\u00e7\u00e3o do Distrito de Santa Barbara."}, {"id": "7640", "ano": "2021", "numero": "46", "tipo__sigla": "IND", "tipo__descricao": "Indica\u00e7\u00e3o", "autoria": "Vila Real", "texto_original": "http://sapl.ivaipora.pr.leg.br/media/sapl/public/materialegislativa/2021/7640/46.pdf", "ementa": "Ant\u00f4nio Vila Real, vereador infra-assinado, em pleno exerc\u00edcio de seu mandato parlamentar, vem mui respeitosamente atrav\u00e9s dessa Presid\u00eancia, INDICAR ao Senhor Prefeito Municipal, que por meio do Departamento competente, providencie a elabora\u00e7\u00e3o do projeto de pavimenta\u00e7\u00e3o poli\u00e9drica (pedra irregular), no trecho compreendido entre a rodovia que liga o ouro verde, a comunidade Pindauvinha Goedert, com extens\u00e3o total de 6,5 KM."}, {"id": "7641", "ano": "2021", "numero": "47", "tipo__sigla": "IND", "tipo__descricao": "Indica\u00e7\u00e3o", "autoria": "Vila Real", "texto_original": "http://sapl.ivaipora.pr.leg.br/media/sapl/public/materialegislativa/2021/7641/47.pdf", "ementa": "Ant\u00f4nio Vila Real, vereador infra-assinado, em pleno exerc\u00edcio de seu mandato parlamentar, vem mui respeitosamente atrav\u00e9s dessa Presid\u00eancia, INDICAR ao Senhor Prefeito Municipal, que por meio do Departamento competente, providencie a implanta\u00e7\u00e3o de galerias pluviais, instala\u00e7\u00e3o de meio fio, e a pavimenta\u00e7\u00e3o poli\u00e9drica (pedras irregulares) na Rua Rui Barbosa no Jardim Belo Horizonte, no trecho compreendido entre o n\u00ba 590 at\u00e9 a Avenida Apar\u00edcio Cardoso Bittencourt."}, {"id": "7642", "ano": "2021", "numero": "48", "tipo__sigla": "IND", "tipo__descricao": "Indica\u00e7\u00e3o", "autoria": "Z\u00e9 do Bar", "texto_original": "http://sapl.ivaipora.pr.leg.br/media/sapl/public/materialegislativa/2021/7642/48.pdf", "ementa": "JOS\u00c9 APARECIDO PERES, vereador infra-assinado, em pleno exerc\u00edcio de seu mandato parlamentar, vem mui respeitosamente atrav\u00e9s dessa Presid\u00eancia, INDICAR ao Senhor Prefeito Municipal, que por meio do Departamento competente, providencie o t\u00e9rmino da constru\u00e7\u00e3o da Capela Mortu\u00e1ria localizada no Distrito de Alto Por\u00e3."}, {"id": "7643", "ano": "2021", "numero": "49", "tipo__sigla": "IND", "tipo__descricao": "Indica\u00e7\u00e3o", "autoria": "Z\u00e9 do Bar", "texto_original": "http://sapl.ivaipora.pr.leg.br/media/sapl/public/materialegislativa/2021/7643/49.pdf", "ementa": "JOS\u00c9 APARECIDO PERES, vereador infra-assinado, em pleno exerc\u00edcio de seu mandato parlamentar, vem mui respeitosamente atrav\u00e9s dessa Presid\u00eancia, INDICAR ao Senhor Prefeito Municipal, que por meio do Departamento competente, providencie a pavimenta\u00e7\u00e3o asf\u00e1ltica nas ruas Jacutinga, Corumbata\u00ed, Periquito, Arara, Angola, Sabi\u00e1, Can\u00e1rio, Beija Flor e Guareta, onde j\u00e1 possuem pedras irregulares, localizadas no Distrito de Alto Por\u00e3."}, {"id": "7644", "ano": "2021", "numero": "50", "tipo__sigla": "IND", "tipo__descricao": "Indica\u00e7\u00e3o", "autoria": "Z\u00e9 do Bar", "texto_original": "http://sapl.ivaipora.pr.leg.br/media/sapl/public/materialegislativa/2021/7644/50.pdf", "ementa": "JOS\u00c9 APARECIDO PERES, vereador infra-assinado, em pleno exerc\u00edcio de seu mandato parlamentar, vem mui respeitosamente atrav\u00e9s dessa Presid\u00eancia, INDICAR ao Senhor Prefeito Municipal, que por meio do Departamento competente, providencie a elabora\u00e7\u00e3o do Projeto de Cal\u00e7amento de Pedras Poli\u00e9dricas (pedras irregulares) nas ruas Sabi\u00e1, Coqueiro, Amoreira, Itarar\u00e9, Guaimb\u00e9, Bananeira, Ivaipor\u00e3, Lampi\u00e3o e Pitanga, localizadas no Distrito de Alto Por\u00e3."}, {"id": "7646", "ano": "2021", "numero": "51", "tipo__sigla": "IND", "tipo__descricao": "Indica\u00e7\u00e3o", "autoria": "Jaffer Ferreira", "texto_original": "http://sapl.ivaipora.pr.leg.br/media/sapl/public/materialegislativa/2021/7646/51.pdf", "ementa": "JAFFER G. S. FERREIRA, vereador infra-assinado, em pleno exerc\u00edcio de seu mandato parlamentar, vem mui respeitosamente atrav\u00e9s dessa Presid\u00eancia, INDICAR ao Senhor Prefeito Municipal, que por meio do Departamento competente, providencie pavimenta\u00e7\u00e3o asf\u00e1ltica na Rua Guarani (pr\u00f3ximo ao Palazzo), na Vila Formosa 1."}, {"id": "7649", "ano": "2021", "numero": "52", "tipo__sigla": "IND", "tipo__descricao": "Indica\u00e7\u00e3o", "autoria": "Jaffer Ferreira", "texto_original": "http://sapl.ivaipora.pr.leg.br/media/sapl/public/materialegislativa/2021/7649/52.pdf", "ementa": "JAFFER G. S. FERREIRA, vereador infra-assinado, em pleno exerc\u00edcio de seu mandato parlamentar, vem mui respeitosamente atrav\u00e9s dessa Presid\u00eancia, INDICAR ao Senhor Prefeito Municipal, que por meio do Departamento competente, providencie a coloca\u00e7\u00e3o de mais bancos no parquinho do kiosque no jardim bot\u00e2nico para as fam\u00edlias"}, {"id": "7650", "ano": "2021", "numero": "53", "tipo__sigla": "IND", "tipo__descricao": "Indica\u00e7\u00e3o", "autoria": "Jaffer Ferreira", "texto_original": "http://sapl.ivaipora.pr.leg.br/media/sapl/public/materialegislativa/2021/7650/53.pdf", "ementa": "JAFFER G. S. FERREIRA, vereador infra-assinado, em pleno exerc\u00edcio de seu mandato parlamentar, vem mui respeitosamente atrav\u00e9s dessa Presid\u00eancia, INDICAR ao Senhor Prefeito Municipal, que por meio do Departamento competente, providencie o retorno do ponto de \u00f4nibus da Rua Ucr\u00e2nia (em frente a SIMEX) no Jardim Europa, a pedido dos moradores daquela localidade."}, {"id": "7652", "ano": "2021", "numero": "54", "tipo__sigla": "IND", "tipo__descricao": "Indica\u00e7\u00e3o", "autoria": "Jaffer Ferreira", "texto_original": "http://sapl.ivaipora.pr.leg.br/media/sapl/public/materialegislativa/2021/7652/54.pdf", "ementa": "JAFFER G. S. FERREIRA e FERNANDO RODDRIGUES DORTA, vereadores infra-assinados, em pleno exerc\u00edcio de seus mandatos parlamentares, vem mui respeitosamente atrav\u00e9s dessa Presid\u00eancia, INDICAR ao Senhor Prefeito Municipal, que por meio do Departamento competente, providencie a instala\u00e7\u00e3o de um sem\u00e1foro na Avenida Paran\u00e1, em frente ao mercado Suprema, neste local tem um cruzamento com muita movimenta\u00e7\u00e3o de ve\u00edculos."}, {"id": "7653", "ano": "2021", "numero": "55", "tipo__sigla": "IND", "tipo__descricao": "Indica\u00e7\u00e3o", "autoria": "Jaffer Ferreira", "texto_original": "http://sapl.ivaipora.pr.leg.br/media/sapl/public/materialegislativa/2021/7653/55.pdf", "ementa": "JAFFER G. S. FERREIRA, vereador infra-assinado, em pleno exerc\u00edcio de seu mandato parlamentar, vem mui respeitosamente atrav\u00e9s dessa Presid\u00eancia, INDICAR ao Senhor Prefeito Municipal, que por meio do departamento competente, providencie pavimenta\u00e7\u00e3o asf\u00e1ltica nas Ruas Beija flor, Bem Te Vi, Gralha Azul, Urupuru, Sabi\u00e1, Sanha\u00e7o, Tiriva, Pintassilgo e Tico Tico, todas localizadas no Conjunto Jo\u00e3o de Barro, bem como proceder com a reforma do Sal\u00e3o da Comunidade."}, {"id": "7654", "ano": "2021", "numero": "56", "tipo__sigla": "IND", "tipo__descricao": "Indica\u00e7\u00e3o", "autoria": "Z\u00e9 do Bar", "texto_original": "http://sapl.ivaipora.pr.leg.br/media/sapl/public/materialegislativa/2021/7654/56.pdf", "ementa": "JOS\u00c9 APARECIDO PERES, vereador infra-assinado, em pleno exerc\u00edcio de seu mandato parlamentar, vem mui respeitosamente atrav\u00e9s dessa Presid\u00eancia, INDICAR ao Senhor Prefeito Municipal, que por meio do Departamento competente, providencie a limpeza do terreno onde est\u00e1 sendo constru\u00edda a Capela Mortu\u00e1ria do Distrito de Alto Por\u00e3."}, {"id": "7655", "ano": "2021", "numero": "57", "tipo__sigla": "IND", "tipo__descricao": "Indica\u00e7\u00e3o", "autoria": "Josane Disner", "texto_original": "http://sapl.ivaipora.pr.leg.br/media/sapl/public/materialegislativa/2021/7655/57.pdf", "ementa": "JOSANE GORETE DISNER TEIXEIRA, vereadora infra-assinado, em pleno exerc\u00edcio de seu mandato parlamentar, vem mui respeitosamente atrav\u00e9s dessa Presid\u00eancia, INDICAR ao Senhor Prefeito Municipal, que por meio do Departamento competente, providencie melhorias na Rua Sebasti\u00e3o Fag\u00e1 esquina com Rua Araras, na Col\u00f4nia Prefeitura, onde os moradores reclamam que, devido ao desn\u00edvel da rua a enxurrada invade as casas que ali existem, gerando grande transtorno aos moradores."}, {"id": "7656", "ano": "2021", "numero": "58", "tipo__sigla": "IND", "tipo__descricao": "Indica\u00e7\u00e3o", "autoria": "Josane Disner", "texto_original": "http://sapl.ivaipora.pr.leg.br/media/sapl/public/materialegislativa/2021/7656/58.pdf", "ementa": "JOSANE GORETE DISNER TEIXEIRA, vereadora infra-assinado, em pleno exerc\u00edcio de seu mandato parlamentar, vem mui respeitosamente atrav\u00e9s dessa Presid\u00eancia, INDICAR ao Senhor Prefeito Municipal, que por meio do Departamento competente, providencie constru\u00e7\u00e3o de um redutor de velocidades (QUEBRA-MOLAS) na Rua Carlos Gomes, Jardim Belo Horizonte, que muito contribuir\u00e1 no sentido de reduzir a velocidade dos ve\u00edculos, proporcionando maior seguran\u00e7a aos moradores daquela regi\u00e3o."}, {"id": "7657", "ano": "2021", "numero": "59", "tipo__sigla": "IND", "tipo__descricao": "Indica\u00e7\u00e3o", "autoria": "Josane Disner", "texto_original": "http://sapl.ivaipora.pr.leg.br/media/sapl/public/materialegislativa/2021/7657/59.pdf", "ementa": "JOSANE GORETE DISNER TEIXEIRA, vereadora infra-assinado, em pleno exerc\u00edcio de seu mandato parlamentar, vem mui respeitosamente atrav\u00e9s dessa Presid\u00eancia, INDICAR ao Senhor Prefeito Municipal, que por meio do Departamento competente, providencie a PAVIMENTA\u00c7\u00c3O ASF\u00c1LTICA na Rua Prudente de Moraes, no Jardim Luiz XV, onde a mesma se encontra com pavimenta\u00e7\u00e3o poli\u00e9drica (pedras irregulares) em estado de deteriora\u00e7\u00e3o, com buracos, declives, acumulo de \u00e1gua, melhorando a trafegabilidade de ve\u00edculos e pedestres."}, {"id": "7658", "ano": "2021", "numero": "60", "tipo__sigla": "IND", "tipo__descricao": "Indica\u00e7\u00e3o", "autoria": "Vila Real", "texto_original": "http://sapl.ivaipora.pr.leg.br/media/sapl/public/materialegislativa/2021/7658/60.pdf", "ementa": "ANT\u00d4NIO VILA REAL, vereador infra-assinado, em pleno exerc\u00edcio de seu mandato parlamentar, vem mui respeitosamente atrav\u00e9s dessa Presid\u00eancia, INDICAR ao Senhor Prefeito Municipal, que por meio do Departamento competente, providencie a implanta\u00e7\u00e3o de dois redutores de velocidade (quebra-molas), um na Rodovia Nicolau Koltun no in\u00edcio do Conjunto Habitacional (estendendo-se a Rua Camb\u00e9 que \u00e9 paralela a Rodovia - conforme material em anexo), e outro ao final da Rodovia Nicolau Koltun, localizada no Distrito de Jacutinga."}, {"id": "7660", "ano": "2021", "numero": "61", "tipo__sigla": "IND", "tipo__descricao": "Indica\u00e7\u00e3o", "autoria": "Vila Real", "texto_original": "http://sapl.ivaipora.pr.leg.br/media/sapl/public/materialegislativa/2021/7660/61.pdf", "ementa": "ANT\u00d4NIO VILA REAL, vereador infra-assinado, em pleno exerc\u00edcio de seu mandato parlamentar, vem mui respeitosamente atrav\u00e9s dessa Presid\u00eancia, INDICAR ao Senhor Prefeito Municipal, que por meio do Departamento competente, providencie a constru\u00e7\u00e3o de um redutor de velocidade (quebra-molas), na Avenida Maranh\u00e3o, pr\u00f3ximo ao Rotary clube, pois o fluxo de transito \u00e9 intenso e o excesso de velocidade constante colocando em risco a vida dos moradores."}, {"id": "7662", "ano": "2021", "numero": "62", "tipo__sigla": "IND", "tipo__descricao": "Indica\u00e7\u00e3o", "autoria": "Josane Disner", "texto_original": "http://sapl.ivaipora.pr.leg.br/media/sapl/public/materialegislativa/2021/7662/62.pdf", "ementa": "JOSANE GORETE DISNER TEIXEIRA, vereadora infra-assinado, em pleno exerc\u00edcio de seu mandato parlamentar, vem mui respeitosamente atrav\u00e9s dessa Presid\u00eancia, INDICAR ao Senhor Prefeito Municipal, que por meio do Departamento competente, providencie melhorias na Rua Emilio Ganzert, Jardim alto da Gl\u00f3ria (Via de acesso do centro de Ivaipor\u00e3 \u00e0 Vila Residencial de Furnas), contendo Estacionamento em apenas um dos lados da via; Cal\u00e7adas de passeio p\u00fablico com condi\u00e7\u00f5es de acessibilidade PcD; e verificar a possibilidade de um estudo t\u00e9cnico para incluir no projeto de melhorias a constru\u00e7\u00e3o de uma CICLOVIA interligando o lago da Vila Residencial de Furnas ao centro da cidade."}, {"id": "7663", "ano": "2021", "numero": "63", "tipo__sigla": "IND", "tipo__descricao": "Indica\u00e7\u00e3o", "autoria": "Sab\u00e3o - Edivaldo Montanheri", "texto_original": "http://sapl.ivaipora.pr.leg.br/media/sapl/public/materialegislativa/2021/7663/63.pdf", "ementa": "EDIVALDO APARECIDO MONTANHERI, vereador infra-assinado, em pleno exerc\u00edcio de seu mandato parlamentar, vem mui respeitosamente atrav\u00e9s dessa Presid\u00eancia, INDICAR ao Senhor Prefeito Municipal, que por meio do Departamento competente providencie implanta\u00e7\u00e3o de passeio p\u00fablico na Rua Alvorada (paralela ao cemit\u00e9rio), e a instala\u00e7\u00e3o de um port\u00e3o no cemit\u00e9rio, ligando a Rua Alvorada ao port\u00e3o principal do cemit\u00e9rio."}, {"id": "7672", "ano": "2021", "numero": "64", "tipo__sigla": "IND", "tipo__descricao": "Indica\u00e7\u00e3o", "autoria": "Sab\u00e3o - Edivaldo Montanheri", "texto_original": "http://sapl.ivaipora.pr.leg.br/media/sapl/public/materialegislativa/2021/7672/64.pdf", "ementa": "EDIVALDO APARECIDO MONTANHERI, vereador infra-assinado, em pleno exerc\u00edcio de seu mandato parlamentar, vem mui respeitosamente atrav\u00e9s dessa Presid\u00eancia, INDICAR ao Senhor Prefeito Municipal, que por meio do Departamento competente, que providencie a poda e a pintura do campinho centro da juventude."}, {"id": "7673", "ano": "2021", "numero": "65", "tipo__sigla": "IND", "tipo__descricao": "Indica\u00e7\u00e3o", "autoria": "Z\u00e9 do Bar", "texto_original": "http://sapl.ivaipora.pr.leg.br/media/sapl/public/materialegislativa/2021/7673/65.pdf", "ementa": "JOS\u00c9 APARECIDO PERES, vereador infra-assinado, em pleno exerc\u00edcio de seu mandato parlamentar, vem mui respeitosamente atrav\u00e9s dessa Presid\u00eancia, INDICAR ao Senhor Prefeito Municipal, que por meio do Departamento competente, providencie a elabora\u00e7\u00e3o do Projeto de Cal\u00e7amento de Pedras Poli\u00e9dricas (pedras irregulares) na estrada que da acesso do Alto Por\u00e3 ao cemit\u00e9rio."}, {"id": "7674", "ano": "2021", "numero": "66", "tipo__sigla": "IND", "tipo__descricao": "Indica\u00e7\u00e3o", "autoria": "Sadi Marcondes", "texto_original": "http://sapl.ivaipora.pr.leg.br/media/sapl/public/materialegislativa/2021/7674/66.pdf", "ementa": "SADI MARCONDES MENDES, vereador infra-assinado, em pleno exerc\u00edcio de seu mandato parlamentar, vem mui respeitosamente atrav\u00e9s dessa Presid\u00eancia, INDICAR ao Senhor Prefeito Municipal, que por meio do Departamento competente, providencie pavimenta\u00e7\u00e3o poli\u00e9drica (PEDRAS IRREGULARES) na Rua Dirceu Ant\u00f4nio Correia, na Vila Nova Por\u00e3."}, {"id": "7675", "ano": "2021", "numero": "67", "tipo__sigla": "IND", "tipo__descricao": "Indica\u00e7\u00e3o", "autoria": "Sab\u00e3o - Edivaldo Montanheri", "texto_original": "http://sapl.ivaipora.pr.leg.br/media/sapl/public/materialegislativa/2021/7675/67.pdf", "ementa": "EDIVALDO APARECIDO MONTANHERI, vereador infra-assinado, em pleno exerc\u00edcio de seu mandato parlamentar, vem mui respeitosamente atrav\u00e9s dessa Presid\u00eancia, INDICAR ao Senhor Prefeito Municipal, que por meio do Departamento competente, providencie intensifica\u00e7\u00e3o no combate do mosquito Aedes Aegypti, transmissor da Dengue, atrav\u00e9s do m\u00e9todo conhecido como \u201cFumac\u00ea\u201d."}, {"id": "7676", "ano": "2021", "numero": "68", "tipo__sigla": "IND", "tipo__descricao": "Indica\u00e7\u00e3o", "autoria": "Carniato", "texto_original": "http://sapl.ivaipora.pr.leg.br/media/sapl/public/materialegislativa/2021/7676/68.pdf", "ementa": "JOS\u00c9 MAURINO CARNIATO, vereador infra-assinado, em pleno exerc\u00edcio de seu mandato parlamentar, vem mui respeitosamente atrav\u00e9s dessa Presid\u00eancia, INDICAR ao Senhor Prefeito Municipal, que por meio do Departamento competente, que providencie: cal\u00e7amento com pedras irregulares na estrada que liga da Igreja da \u00c1gua da Laranjeira a Estrada da Santa B\u00e1rbara (Dirceu de Paula) \u2013 trecho de aproximadamente 03 (tr\u00eas) quil\u00f4metros, com vistas a atender moradores da localidade e que d\u00e1 acesso a cinco produtores de leite e uma granja de frangos."}, {"id": "7677", "ano": "2021", "numero": "69", "tipo__sigla": "IND", "tipo__descricao": "Indica\u00e7\u00e3o", "autoria": "Sadi Marcondes", "texto_original": "http://sapl.ivaipora.pr.leg.br/media/sapl/public/materialegislativa/2021/7677/69.pdf", "ementa": "SADI MARCONDES MENDES, vereador infra-assinado, em pleno exerc\u00edcio de seu mandato parlamentar, vem mui respeitosamente atrav\u00e9s dessa Presid\u00eancia, INDICAR ao Senhor Prefeito Municipal, que por meio do Departamento competente, providencie a implanta\u00e7\u00e3o de pavimenta\u00e7\u00e3o poli\u00e9drica (pedras irregulares) nas Ruas Jos\u00e9 Bonif\u00e1cio e Olavo Bilac, no Bosque da Sa\u00fade."}, {"id": "7678", "ano": "2021", "numero": "70", "tipo__sigla": "IND", "tipo__descricao": "Indica\u00e7\u00e3o", "autoria": "Sadi Marcondes", "texto_original": "http://sapl.ivaipora.pr.leg.br/media/sapl/public/materialegislativa/2021/7678/70.pdf", "ementa": "SADI MARCONDES MENDES, vereador infra-assinado, em pleno exerc\u00edcio de seu mandato parlamentar, vem mui respeitosamente atrav\u00e9s dessa Presid\u00eancia, INDICAR ao Senhor Prefeito Municipal, que por meio do Departamento competente, providencie um playground (parquinho) para as crian\u00e7as do Bairro Bosque da Sa\u00fade."}, {"id": "7679", "ano": "2021", "numero": "71", "tipo__sigla": "IND", "tipo__descricao": "Indica\u00e7\u00e3o", "autoria": "Sadi Marcondes", "texto_original": "http://sapl.ivaipora.pr.leg.br/media/sapl/public/materialegislativa/2021/7679/71.pdf", "ementa": "SADI MARCONDES MENDES, vereador infra-assinado, em pleno exerc\u00edcio de seu mandato parlamentar, vem mui respeitosamente atrav\u00e9s dessa Presid\u00eancia, INDICAR ao Senhor Prefeito Municipal, que por meio do Departamento competente, providencie a limpeza da rotat\u00f3ria da Rua Universit\u00e1ria, pr\u00f3xima a Unidade B\u00e1sica de Sa\u00fade, do Jardim Universit\u00e1rio."}, {"id": "7680", "ano": "2021", "numero": "72", "tipo__sigla": "IND", "tipo__descricao": "Indica\u00e7\u00e3o", "autoria": "Sadi Marcondes", "texto_original": "http://sapl.ivaipora.pr.leg.br/media/sapl/public/materialegislativa/2021/7680/72.pdf", "ementa": "SADI MARCONDES MENDES, vereador infra-assinado, em pleno exerc\u00edcio de seu mandato parlamentar, vem mui respeitosamente atrav\u00e9s dessa Presid\u00eancia, INDICAR ao Senhor Prefeito Municipal, que por meio do Departamento competente, providencie o t\u00e9rmino da Obra da UBS- Unidade B\u00e1sica de Sa\u00fade, da Vila Santa Maria, localizada no Loteamento Porto Belo."}, {"id": "7681", "ano": "2021", "numero": "73", "tipo__sigla": "IND", "tipo__descricao": "Indica\u00e7\u00e3o", "autoria": "Josane Disner", "texto_original": "http://sapl.ivaipora.pr.leg.br/media/sapl/public/materialegislativa/2021/7681/73.pdf", "ementa": "JOSANE GORETE DISNER TEIXEIRA, vereadora infra-assinado, em pleno exerc\u00edcio de seu mandato parlamentar, vem mui respeitosamente atrav\u00e9s dessa Presid\u00eancia, INDICAR ao Senhor Prefeito Municipal, que por meio do Departamento competente, providencie a limpeza nos bueiros e na Rua Vasco da Gama, no Jardim Belo Horizonte, onde se encontra com grande ac\u00famulo de barro enfrente as casas, e os bueiros entupidos gerando grande transtorno aos moradores."}, {"id": "7682", "ano": "2021", "numero": "74", "tipo__sigla": "IND", "tipo__descricao": "Indica\u00e7\u00e3o", "autoria": "Nando Dorta", "texto_original": "http://sapl.ivaipora.pr.leg.br/media/sapl/public/materialegislativa/2021/7682/74.pdf", "ementa": "FERNANDO RODRIGUES DORTA, vereador infra-assinado, em pleno exerc\u00edcio de seu mandato parlamentar, vem mui respeitosamente atrav\u00e9s dessa Presid\u00eancia, INDICAR ao Senhor Prefeito Municipal, que por meio do Departamento competente, providencie implanta\u00e7\u00e3o de sinaliza\u00e7\u00e3o de tr\u00e2nsito dentro da Vila Residencial de Furnas."}, {"id": "7706", "ano": "2021", "numero": "75", "tipo__sigla": "IND", "tipo__descricao": "Indica\u00e7\u00e3o", "autoria": "Nando Dorta", "texto_original": "http://sapl.ivaipora.pr.leg.br/media/sapl/public/materialegislativa/2021/7706/75.pdf", "ementa": "FERNANDO RODRIGUES DORTA, vereador infra-assinado, em pleno exerc\u00edcio de seu mandato parlamentar, vem mui respeitosamente atrav\u00e9s dessa Presid\u00eancia, INDICAR ao Senhor Prefeito Municipal, que por meio do Departamento competente, providencie recupera\u00e7\u00e3o das nascentes do lago da Vila Residencial de Furnas."}, {"id": "7707", "ano": "2021", "numero": "76", "tipo__sigla": "IND", "tipo__descricao": "Indica\u00e7\u00e3o", "autoria": "Nando Dorta", "texto_original": "http://sapl.ivaipora.pr.leg.br/media/sapl/public/materialegislativa/2021/7707/76.pdf", "ementa": "FERNANDO RODRIGUES DORTA, vereador infra-assinado, em pleno exerc\u00edcio de seu mandato parlamentar, vem mui respeitosamente atrav\u00e9s dessa Presid\u00eancia, INDICAR ao Senhor Prefeito Municipal, que por meio do Departamento competente, providencie recupera\u00e7\u00e3o asf\u00e1ltica da Rua Aquidauana descendo o (posto de molas Camb\u00e9), que foi bastante danificada com excesso de chuvas."}, {"id": "7708", "ano": "2021", "numero": "77", "tipo__sigla": "IND", "tipo__descricao": "Indica\u00e7\u00e3o", "autoria": "Carniato", "texto_original": "http://sapl.ivaipora.pr.leg.br/media/sapl/public/materialegislativa/2021/7708/77.pdf", "ementa": "JOS\u00c9 MAURINO CARNIATO, vereador infra-assinado, em pleno exerc\u00edcio de seu mandato parlamentar, vem mui respeitosamente atrav\u00e9s dessa Presid\u00eancia, INDICAR ao Senhor Prefeito Municipal, que por meio do Departamento competente, que providencie implanta\u00e7\u00e3o de pedras poli\u00e9dricas (pedra irregulares) na estrada que liga o Jardim Ipor\u00e3 a estrada da Santa B\u00e1rbara, com vista a facilitar o acesso a cidade e reduzir o fluxo de ve\u00edculos na Rua Emilio Ganzert."}, {"id": "7709", "ano": "2021", "numero": "78", "tipo__sigla": "IND", "tipo__descricao": "Indica\u00e7\u00e3o", "autoria": "Gertrudes", "texto_original": "http://sapl.ivaipora.pr.leg.br/media/sapl/public/materialegislativa/2021/7709/78.pdf", "ementa": "GERTRUDES BERNARDY, vereador infra-assinado, em pleno exerc\u00edcio de seu mandato parlamentar, vem mui respeitosamente atrav\u00e9s dessa Presid\u00eancia, INDICAR ao Senhor Prefeito Municipal, que por meio do Departamento competente, providencie a implanta\u00e7\u00e3o de pavimenta\u00e7\u00e3o poli\u00e9drica (pedras irregulares) e cal\u00e7amento nos dois lados da via, na entrada do Centro Municipal de Educa\u00e7\u00e3o Infantil - CMEI Jos\u00e9 Fiorim, localizado na rua Uberl\u00e2ndia, no Jardim Esperan\u00e7a, onde vem gerando transtorno aos pais em per\u00edodos de chuva."}, {"id": "7710", "ano": "2021", "numero": "79", "tipo__sigla": "IND", "tipo__descricao": "Indica\u00e7\u00e3o", "autoria": "Gertrudes", "texto_original": "http://sapl.ivaipora.pr.leg.br/media/sapl/public/materialegislativa/2021/7710/79.pdf", "ementa": "GERTRUDES BERNARDY, vereador infra-assinado, em pleno exerc\u00edcio de seu mandato parlamentar, vem mui respeitosamente atrav\u00e9s dessa Presid\u00eancia, INDICAR ao Senhor Prefeito Municipal, que por meio do Departamento competente, providencie a revitaliza\u00e7\u00e3o da pra\u00e7a (rotat\u00f3ria), com a implanta\u00e7\u00e3o de bancos, paisagismo e playground com acessibilidade para crian\u00e7as com defici\u00eancia, localizado na rua Adelino Celestino Carneiro (antiga rua ucr\u00e2nia), no Jardim Europa em frente a assembleia de Deus n\u00ba 105."}, {"id": "7711", "ano": "2021", "numero": "80", "tipo__sigla": "IND", "tipo__descricao": "Indica\u00e7\u00e3o", "autoria": "Gertrudes", "texto_original": "http://sapl.ivaipora.pr.leg.br/media/sapl/public/materialegislativa/2021/7711/80.pdf", "ementa": "GERTRUDES BERNARDY vereadora infra-assinada, em pleno exerc\u00edcio de seus mandatos, vem mui respeitosamente atrav\u00e9s dessa Presid\u00eancia, INDICAR ao Senhor Prefeito Municipal, para que determine ao Departamento competente, a doa\u00e7\u00e3o de bens m\u00f3veis descritos no anexo desta indica\u00e7\u00e3o, ao Departamento de Assist\u00eancia Social."}, {"id": "7712", "ano": "2021", "numero": "81", "tipo__sigla": "IND", "tipo__descricao": "Indica\u00e7\u00e3o", "autoria": "Gertrudes", "texto_original": "http://sapl.ivaipora.pr.leg.br/media/sapl/public/materialegislativa/2021/7712/81.pdf", "ementa": "GERTRUDES BERNARDY, vereador infra-assinado, em pleno exerc\u00edcio de seu mandato parlamentar, vem mui respeitosamente atrav\u00e9s dessa Presid\u00eancia, INDICAR ao Senhor Prefeito Municipal, que por meio do Departamento competente, providencie a implanta\u00e7\u00e3o pavimenta\u00e7\u00e3o poli\u00e9drica (pedras irregulares) no campo novo at\u00e9 o aterro sanit\u00e1rio e cooperativa COPEMARI para facilitar o acesso dos caminh\u00f5es e funcion\u00e1rios."}, {"id": "7713", "ano": "2021", "numero": "82", "tipo__sigla": "IND", "tipo__descricao": "Indica\u00e7\u00e3o", "autoria": "Gertrudes", "texto_original": "http://sapl.ivaipora.pr.leg.br/media/sapl/public/materialegislativa/2021/7713/82.pdf", "ementa": "GERTRUDES BERNARDY, vereador infra-assinado, em pleno exerc\u00edcio de seu mandato parlamentar, vem mui respeitosamente atrav\u00e9s dessa Presid\u00eancia, INDICAR ao Senhor Prefeito Municipal, que por meio do Departamento competente, providencie a constru\u00e7\u00e3o de uma sede pr\u00f3pria do conselho tutelar, pois o local que \u00e9 feito o atendimento \u00e9 de situa\u00e7\u00e3o prec\u00e1ria, com pouca privacidade e sem acessibilidade alguma para pessoas com defici\u00eancia, e tamb\u00e9m de dif\u00edcil acesso para as pessoas idosas."}, {"id": "7714", "ano": "2021", "numero": "83", "tipo__sigla": "IND", "tipo__descricao": "Indica\u00e7\u00e3o", "autoria": "", "texto_original": "http://sapl.ivaipora.pr.leg.br/media/sapl/public/materialegislativa/2021/7714/83.pdf", "ementa": "Fernando Rodrigues Dorta, vereador infra-assinado, em pleno exerc\u00edcio de seu mandato parlamentar, vem mui respeitosamente atrav\u00e9s dessa Presid\u00eancia, INDICAR ao Senhor Prefeito Municipal, que por meio do Departamento competente, oficializar a Companhia da Sanepar para fazer com mais frequ\u00eancias o tratamento na esta\u00e7\u00e3o de esgoto da Vila de Furnas e do Jardim Itaipu, evitando o transtorno com mal odor para os moradores."}, {"id": "7715", "ano": "2021", "numero": "84", "tipo__sigla": "IND", "tipo__descricao": "Indica\u00e7\u00e3o", "autoria": "Josane Disner", "texto_original": "http://sapl.ivaipora.pr.leg.br/media/sapl/public/materialegislativa/2021/7715/84.pdf", "ementa": "JOSANE GORETE DISNER TEIXEIRA, vereadora infra-assinado, em pleno exerc\u00edcio de seu mandato parlamentar, vem mui respeitosamente atrav\u00e9s dessa Presid\u00eancia, INDICAR ao Senhor Prefeito Municipal, que por meio do Departamento competente, providencie melhorias na Travessa Bulha localizada na Vila Monte Castelo, como pavimenta\u00e7\u00e3o com pedras poli\u00e9dricas (pedra irregular) bem como confec\u00e7\u00e3o de meio fio em toda a rua, pois a mesma se encontra em situa\u00e7\u00e3o prec\u00e1ria, com deslizamento e muita enxurrada nos dias de chuva, sendo de bastante declive gerando muito transtorno aos moradores bem como se tornando muito perigoso a circula\u00e7\u00e3o de pessoas, idosos e crian\u00e7as."}, {"id": "7716", "ano": "2021", "numero": "85", "tipo__sigla": "IND", "tipo__descricao": "Indica\u00e7\u00e3o", "autoria": "Sab\u00e3o - Edivaldo Montanheri", "texto_original": "http://sapl.ivaipora.pr.leg.br/media/sapl/public/materialegislativa/2021/7716/85.pdf", "ementa": "EDIVALDO APARECIDO MONTANHERI, vereador infra-assinado, em pleno exerc\u00edcio de seu mandato parlamentar, vem mui respeitosamente atrav\u00e9s dessa Presid\u00eancia, INDICAR ao Senhor Prefeito Municipal, que por meio do Departamento competente, providencie a ponte que liga a vila Nova Por\u00e3 ao cinco em Cruz."}, {"id": "7717", "ano": "2021", "numero": "86", "tipo__sigla": "IND", "tipo__descricao": "Indica\u00e7\u00e3o", "autoria": "Sab\u00e3o - Edivaldo Montanheri", "texto_original": "http://sapl.ivaipora.pr.leg.br/media/sapl/public/materialegislativa/2021/7717/86.pdf", "ementa": "EDIVALDO APARECIDO MONTANHERI, vereador infra-assinado, em pleno exerc\u00edcio de seu mandato parlamentar, vem mui respeitosamente atrav\u00e9s dessa Presid\u00eancia, INDICAR ao Senhor Prefeito Municipal, que por meio do Departamento competente: Providencie pedra irregular na rua Vereador H\u00e9lio Matias localizada na vila Nova Por\u00e3."}, {"id": "7718", "ano": "2021", "numero": "87", "tipo__sigla": "IND", "tipo__descricao": "Indica\u00e7\u00e3o", "autoria": "Jaffer Ferreira", "texto_original": "http://sapl.ivaipora.pr.leg.br/media/sapl/public/materialegislativa/2021/7718/87.pdf", "ementa": "Jaffer G. S. Ferreira, vereador infra-assinado, em pleno exerc\u00edcio de seu mandato parlamentar, vem mui respeitosamente atrav\u00e9s dessa Presid\u00eancia, INDICAR ao Senhor Prefeito Municipal, que por meio do Departamento competente, providencie solicita\u00e7\u00e3o de uma placa de tr\u00e2nsito na rua Sertan\u00f3polis com a rua Mato Grosso pr\u00f3ximo ao banco Sicred, os condutores dos ve\u00edculos n\u00e3o est\u00e3o respeitando o cruzamento se for poss\u00edvel colocar a placa para n\u00e3o haver acidente."}, {"id": "7719", "ano": "2021", "numero": "88", "tipo__sigla": "IND", "tipo__descricao": "Indica\u00e7\u00e3o", "autoria": "Vila Real", "texto_original": "http://sapl.ivaipora.pr.leg.br/media/sapl/public/materialegislativa/2021/7719/88.pdf", "ementa": "Ant\u00f4nio Vila Real, vereador infra-assinado, em pleno exerc\u00edcio de seu mandato parlamentar, vem mui respeitosamente atrav\u00e9s dessa Presid\u00eancia, INDICAR ao Senhor Prefeito Municipal, que por meio do Departamento competente, de providencie o cascalhamento da estrada rural do Ministro da Diaconia do Banco de Areia Jos\u00e9 Portugu\u00eas, sendo popularmente conhecido como \u201cz\u00e9 portugu\u00eas\u201d, tendo em vista que a mesma se encontra em p\u00e9ssimas condi\u00e7\u00f5es e \u00e9 utilizada por produtores rurais e pecuaristas que dependem de tal para locomo\u00e7\u00e3o e subsist\u00eancia."}, {"id": "7720", "ano": "2021", "numero": "89", "tipo__sigla": "IND", "tipo__descricao": "Indica\u00e7\u00e3o", "autoria": "Josane Disner", "texto_original": "http://sapl.ivaipora.pr.leg.br/media/sapl/public/materialegislativa/2021/7720/89.pdf", "ementa": "JOSANE GORETE DISNER TEIXEIRA, vereadora infra-assinado, em pleno exerc\u00edcio de seu mandato parlamentar, vem mui respeitosamente atrav\u00e9s dessa Presid\u00eancia, INDICAR ao Senhor Prefeito Municipal, que por meio do Departamento competente, providencie a elabora\u00e7\u00e3o de pavimenta\u00e7\u00e3o asf\u00e1ltica Rua Guarita , Rua Antonio Firmino Norato, Rua Jos\u00e9 Cordeiro, Rua Feliciano Vidal (Rua Projetada F) Rua D, Rua Projetada H ( Rua Ana Ferreira da Silva Ruas) Rua Everaldo Rodrigo Zurlo, todas situadas na Vila Nova Por\u00e3, bem como implanta\u00e7\u00e3o de meio fio, galeria de \u00e1guas pluviais e bueiros."}, {"id": "7721", "ano": "2021", "numero": "90", "tipo__sigla": "IND", "tipo__descricao": "Indica\u00e7\u00e3o", "autoria": "Josane Disner", "texto_original": "http://sapl.ivaipora.pr.leg.br/media/sapl/public/materialegislativa/2021/7721/90.pdf", "ementa": "JOSANE GORETE DISNER TEIXEIRA, vereadora infra-assinado, em pleno exerc\u00edcio de seu mandato parlamentar, vem mui respeitosamente atrav\u00e9s dessa Presid\u00eancia, INDICAR ao Senhor Prefeito Municipal, que por meio do Departamento competente, providencie melhorias na Pra\u00e7a Manoel Bonfim situada na Avenida Paran\u00e1 em nossa cidade, onde os comerciantes pedem que sejam instaladas mais l\u00e2mpadas, e que seja feito paisagismo deixando assim a pra\u00e7a mais bonita e segura."}, {"id": "7722", "ano": "2021", "numero": "91", "tipo__sigla": "IND", "tipo__descricao": "Indica\u00e7\u00e3o", "autoria": "Josane Disner, Carniato", "texto_original": "http://sapl.ivaipora.pr.leg.br/media/sapl/public/materialegislativa/2021/7722/91.pdf", "ementa": "JOS\u00c9 MAURINO CARNIATO E JOSANE GORETE DISNER TEIXEIRA, vereadores infra-assinados, em pleno exerc\u00edcio de seus mandatos parlamentares, vem mui respeitosamente atrav\u00e9s dessa Presid\u00eancia, INDICAR ao Senhor Prefeito Municipal, que por meio do Departamento competente, providencie implanta\u00e7\u00e3o de um redutor de velocidades (quebra-molas) na Avenida Maranh\u00e3o, nas proximidades do cruzamento com a Rua Santa Mariana \u2013 trecho de asfalto novo pr\u00f3ximo ao Chocolates Bar."}, {"id": "7723", "ano": "2021", "numero": "92", "tipo__sigla": "IND", "tipo__descricao": "Indica\u00e7\u00e3o", "autoria": "Carniato", "texto_original": "http://sapl.ivaipora.pr.leg.br/media/sapl/public/materialegislativa/2021/7723/92.pdf", "ementa": "JOS\u00c9 MAURINO CARNIATO, vereador infra-assinado, em pleno exerc\u00edcio de seu mandato parlamentar, vem mui respeitosamente atrav\u00e9s dessa Presid\u00eancia, INDICAR ao Senhor Prefeito Municipal, que por meio do Departamento competente, providencie implanta\u00e7\u00e3o de pedras irregulares nas Ruas Rui Barroso, General Os\u00f3rio, Quintino Bocai\u00fava e Jos\u00e9 Bonif\u00e1cio, todas localizadas no Jardim Itapo\u00e1."}, {"id": "7724", "ano": "2021", "numero": "93", "tipo__sigla": "IND", "tipo__descricao": "Indica\u00e7\u00e3o", "autoria": "Carniato", "texto_original": "http://sapl.ivaipora.pr.leg.br/media/sapl/public/materialegislativa/2021/7724/93.pdf", "ementa": "JOS\u00c9 MAURINO CARNIATO, vereador infra-assinado, em pleno exerc\u00edcio de seu mandato parlamentar, vem mui respeitosamente atrav\u00e9s dessa Presid\u00eancia, INDICAR ao Senhor Prefeito Municipal, que por meio do Departamento competente, providencie implanta\u00e7\u00e3o de um redutor de velocidade (quebra-molas) na Avenida Maranh\u00e3o \u2013 (Antiga Av. Rubens Teixeira), nas proximidades do cruzamento com a Tv. Nilson Ribas \u2013 atr\u00e1s do dep\u00f3sito Rigueto."}, {"id": "7725", "ano": "2021", "numero": "94", "tipo__sigla": "IND", "tipo__descricao": "Indica\u00e7\u00e3o", "autoria": "Vila Real", "texto_original": "http://sapl.ivaipora.pr.leg.br/media/sapl/public/materialegislativa/2021/7725/94.pdf", "ementa": "ANT\u00d4NIO VILA REAL, vereador infra-assinado, em pleno exerc\u00edcio de seu mandato parlamentar, vem mui respeitosamente atrav\u00e9s dessa Presid\u00eancia, INDICAR ao Senhor Prefeito Municipal, que por meio do Departamento competente, providencie a implanta\u00e7\u00e3o de pavimenta\u00e7\u00e3o poli\u00e9drica (pedras irregulares), na Rua S\u00e3o Francisco, Distrito de Jacutinga, compreendendo a extens\u00e3o de 300 metros."}, {"id": "7726", "ano": "2021", "numero": "95", "tipo__sigla": "IND", "tipo__descricao": "Indica\u00e7\u00e3o", "autoria": "Sab\u00e3o - Edivaldo Montanheri", "texto_original": "http://sapl.ivaipora.pr.leg.br/media/sapl/public/materialegislativa/2021/7726/95.pdf", "ementa": "EDIVALDO APARECIDO MONTANHERI, vereador infra-assinado, em pleno exerc\u00edcio de seu mandato parlamentar, vem mui respeitosamente atrav\u00e9s dessa Presid\u00eancia, INDICAR ao Senhor Prefeito Municipal, que por meio do Departamento competente providencie dois quebra-molas na Rua Tiradentes, um na proximidade da lanchonete Murilo lanche, e o outro na proximidade da antiga pizzaria napolitana."}, {"id": "7727", "ano": "2021", "numero": "96", "tipo__sigla": "IND", "tipo__descricao": "Indica\u00e7\u00e3o", "autoria": "Jaffer Ferreira", "texto_original": "http://sapl.ivaipora.pr.leg.br/media/sapl/public/materialegislativa/2021/7727/96.pdf", "ementa": "JAFFER G. S. FERREIRA, vereador infra-assinado, em pleno exerc\u00edcio de seu mandato parlamentar, vem mui respeitosamente atrav\u00e9s dessa Presid\u00eancia, INDICAR ao Senhor Prefeito Municipal, que por meio do Departamento competente, providencie uma placa de tr\u00e2nsito na Rua Sertan\u00f3polis com a Rua Mato Grosso (pr\u00f3ximo ao banco Sicredi)."}, {"id": "7728", "ano": "2021", "numero": "97", "tipo__sigla": "IND", "tipo__descricao": "Indica\u00e7\u00e3o", "autoria": "Jaffer Ferreira", "texto_original": "http://sapl.ivaipora.pr.leg.br/media/sapl/public/materialegislativa/2021/7728/97.pdf", "ementa": "JAFFER G. S. FERREIRA, vereador infra-assinado, em pleno exerc\u00edcio de seu mandato parlamentar, vem mui respeitosamente atrav\u00e9s dessa Presid\u00eancia, INDICAR ao Senhor Prefeito Municipal, que por meio do Departamento competente, providencie no redondo do col\u00e9gio do Raul Rodrigues Gomes, e no col\u00e9gio Bar\u00e3o do c\u00e9u azul, a implanta\u00e7\u00e3o de uma Academia da Terceira Idade (ATI)."}, {"id": "7729", "ano": "2021", "numero": "98", "tipo__sigla": "IND", "tipo__descricao": "Indica\u00e7\u00e3o", "autoria": "Jaffer Ferreira", "texto_original": "http://sapl.ivaipora.pr.leg.br/media/sapl/public/materialegislativa/2021/7729/98.pdf", "ementa": "JAFFER G. S. FERREIRA, vereador infra-assinado, em pleno exerc\u00edcio de seu mandato parlamentar, vem mui respeitosamente atrav\u00e9s dessa Presid\u00eancia, INDICAR ao Senhor Prefeito Municipal, que por meio do Departamento competente, providencie a manuten\u00e7\u00e3o do campo sint\u00e9tico (alambrado e redes) do lago do Jardim Bot\u00e2nico."}, {"id": "7730", "ano": "2021", "numero": "99", "tipo__sigla": "IND", "tipo__descricao": "Indica\u00e7\u00e3o", "autoria": "Jaffer Ferreira", "texto_original": "http://sapl.ivaipora.pr.leg.br/media/sapl/public/materialegislativa/2021/7730/99.pdf", "ementa": "JAFFER G. S. FERREIRA, vereador infra-assinado, em pleno exerc\u00edcio de seu mandato parlamentar, vem mui respeitosamente atrav\u00e9s dessa Presid\u00eancia, INDICAR ao Senhor Prefeito Municipal, que por meio do Departamento competente, providencie a coloca\u00e7\u00e3o de manilhas para conter as eros\u00f5es, bem como realizar um estudo para implanta\u00e7\u00e3o de pavimenta\u00e7\u00e3o poli\u00e9drica (pedras irregulares), na Rua Cerro Azul, no Bairro Jardim Paran\u00e1."}, {"id": "7731", "ano": "2021", "numero": "100", "tipo__sigla": "IND", "tipo__descricao": "Indica\u00e7\u00e3o", "autoria": "Jaffer Ferreira", "texto_original": "http://sapl.ivaipora.pr.leg.br/media/sapl/public/materialegislativa/2021/7731/100.pdf", "ementa": "JAFFER G. S. FERREIRA, vereador infra-assinado, em pleno exerc\u00edcio de seu mandato parlamentar, vem mui respeitosamente atrav\u00e9s dessa Presid\u00eancia, INDICAR ao Senhor Prefeito Municipal, que por meio do Departamento competente, providencie um estudo na Rodovia Ladislao Gil Fernandes (na rotat\u00f3ria pr\u00f3ximo ao torno Iva\u00ed), analisando a viabilidade de implanta\u00e7\u00e3o de um sem\u00e1foro, e a pintura das faixas de pedestre."}, {"id": "7732", "ano": "2021", "numero": "101", "tipo__sigla": "IND", "tipo__descricao": "Indica\u00e7\u00e3o", "autoria": "Josane Disner", "texto_original": "http://sapl.ivaipora.pr.leg.br/media/", "ementa": "JOSANE GORETE DISNER TEIXEIRA, vereadora infra-assinado, em pleno exerc\u00edcio de seu mandato parlamentar, vem mui respeitosamente atrav\u00e9s dessa Presid\u00eancia, INDICAR ao Senhor Prefeito Municipal, que por meio do Departamento competente, providencie a implanta\u00e7\u00e3o de um Redutor de Velocidades (QUEBRA-MOLAS), na Avenida Paran\u00e1 esquina com Avenida Castelo Branco, pr\u00f3ximo a Autoescola Marini."}, {"id": "7737", "ano": "2021", "numero": "102", "tipo__sigla": "IND", "tipo__descricao": "Indica\u00e7\u00e3o", "autoria": "Sadi Marcondes", "texto_original": "http://sapl.ivaipora.pr.leg.br/media/sapl/public/materialegislativa/2021/7737/102.pdf", "ementa": "SADI MARCONDES MENDES, vereador infra-assinado, em pleno exerc\u00edcio de seu mandato parlamentar, vem mui respeitosamente atrav\u00e9s dessa Presid\u00eancia, INDICAR ao Senhor Prefeito Municipal, que por meio do Departamento competente, providencie pavimenta\u00e7\u00e3o poli\u00e9drica (pedras irregulares) na Rua C\u00e9u Azul, localizada no Jardim Alvorada."}, {"id": "7738", "ano": "2021", "numero": "103", "tipo__sigla": "IND", "tipo__descricao": "Indica\u00e7\u00e3o", "autoria": "Sadi Marcondes", "texto_original": "http://sapl.ivaipora.pr.leg.br/media/sapl/public/materialegislativa/2021/7738/103.pdf", "ementa": "SADI MARCONDES MENDES, vereador infra-assinado, em pleno exerc\u00edcio de seu mandato parlamentar, vem mui respeitosamente atrav\u00e9s dessa Presid\u00eancia, INDICAR ao Senhor Prefeito Municipal, que por meio do Departamento competente, providencie a pavimenta\u00e7\u00e3o asf\u00e1ltica ou pedras irregulares ao final da Rua Alvares de Azedo, a mesma passa ao lado do Lago das Flores."}, {"id": "7739", "ano": "2021", "numero": "104", "tipo__sigla": "IND", "tipo__descricao": "Indica\u00e7\u00e3o", "autoria": "Sadi Marcondes", "texto_original": "http://sapl.ivaipora.pr.leg.br/media/sapl/public/materialegislativa/2021/7739/104.pdf", "ementa": "SADI MARCONDES MENDES, vereador infra-assinado, em pleno exerc\u00edcio de seu mandato parlamentar, vem mui respeitosamente atrav\u00e9s dessa Presid\u00eancia, INDICAR ao Senhor Prefeito Municipal, que por meio do Departamento competente, providencie a implanta\u00e7\u00e3o de pavimenta\u00e7\u00e3o poli\u00e9drica (pedra irregular) na Rua Generoso Marques no Jardim Luiz XV."}, {"id": "7740", "ano": "2021", "numero": "105", "tipo__sigla": "IND", "tipo__descricao": "Indica\u00e7\u00e3o", "autoria": "Gertrudes", "texto_original": "http://sapl.ivaipora.pr.leg.br/media/sapl/public/materialegislativa/2021/7740/105.pdf", "ementa": "GERTRUDES BERNARDY, vereador infra-assinado, em pleno exerc\u00edcio de seu mandato parlamentar, vem mui respeitosamente atrav\u00e9s dessa Presid\u00eancia, INDICAR ao Senhor Prefeito Municipal, que por meio do Departamento competente, providencie um ponto de \u00f4nibus na entrada do Distrito de Jacutinga na rodovia Nicolau Koltun, pr\u00f3ximo das casas populares, pois \u00e9 uma reivindica\u00e7\u00e3o da popula\u00e7\u00e3o que reside no local, que vem sofrendo em dias de chuva e sol, n\u00e3o tendo onde ficar enquanto aguardam a chegada do \u00f4nibus."}, {"id": "7741", "ano": "2021", "numero": "106", "tipo__sigla": "IND", "tipo__descricao": "Indica\u00e7\u00e3o", "autoria": "Gertrudes", "texto_original": "http://sapl.ivaipora.pr.leg.br/media/sapl/public/materialegislativa/2021/7741/106.pdf", "ementa": "GERTRUDES BERNARDY, vereador infra-assinado, em pleno exerc\u00edcio de seu mandato parlamentar, vem mui respeitosamente atrav\u00e9s dessa Presid\u00eancia, INDICAR ao Senhor Prefeito Municipal, que por meio do Departamento competente, providencie a constru\u00e7\u00e3o de 18 (dezoito) casas populares, atr\u00e1s da quadra municipal no Distrito de Alto Por\u00e3. Oferecendo melhores condi\u00e7\u00f5es de habita\u00e7\u00e3o as fam\u00edlias desta localidade."}, {"id": "7742", "ano": "2021", "numero": "107", "tipo__sigla": "IND", "tipo__descricao": "Indica\u00e7\u00e3o", "autoria": "Gertrudes", "texto_original": "http://sapl.ivaipora.pr.leg.br/media/sapl/public/materialegislativa/2021/7742/107.pdf", "ementa": "GERTRUDES BERNARDY, vereador infra-assinado, em pleno exerc\u00edcio de seu mandato parlamentar, vem mui respeitosamente atrav\u00e9s dessa Presid\u00eancia, INDICAR ao Senhor Prefeito Municipal, que por meio do Departamento competente, providencie na pra\u00e7a do Country Club uma feira de artesanato para fazer parte de um ponto tur\u00edstico da cidade, com bancos, ilumina\u00e7\u00e3o e um playground."}, {"id": "7743", "ano": "2021", "numero": "108", "tipo__sigla": "IND", "tipo__descricao": "Indica\u00e7\u00e3o", "autoria": "Gertrudes", "texto_original": "http://sapl.ivaipora.pr.leg.br/media/sapl/public/materialegislativa/2021/7743/108.pdf", "ementa": "GERTRUDES BERNARDY, vereador infra-assinado, em pleno exerc\u00edcio de seu mandato parlamentar, vem mui respeitosamente atrav\u00e9s dessa Presid\u00eancia, INDICAR ao Senhor Prefeito Municipal, que por meio do Departamento competente, que providencie a implanta\u00e7\u00e3o de playground com acessibilidade para crian\u00e7as com de defici\u00eancia no Distrito de Jacutinga."}, {"id": "7744", "ano": "2021", "numero": "109", "tipo__sigla": "IND", "tipo__descricao": "Indica\u00e7\u00e3o", "autoria": "Carniato", "texto_original": "http://sapl.ivaipora.pr.leg.br/media/sapl/public/materialegislativa/2021/7744/109.pdf", "ementa": "JOS\u00c9 MAURINO CARNIATO, vereador infra-assinado, em pleno exerc\u00edcio de seu mandato parlamentar, vem mui respeitosamente atrav\u00e9s dessa Presid\u00eancia, INDICAR ao Senhor Prefeito Municipal, que por meio do Departamento competente providencie a INSTALA\u00c7\u00c3O DE PONTO DE \u00d4NIBUS COBERTO EM AMBOS OS SENTIDOS (CENTRO-BAIRRO, BAIRRO-CENTRO) NA AVENIDA LADISLAU GIL FERNANDES, no Jardim Belo Horizonte - (em frente a Oficina Krassouski), para atender os moradores do Jardim Belo Horizonte e regi\u00e3o."}, {"id": "7746", "ano": "2021", "numero": "110", "tipo__sigla": "IND", "tipo__descricao": "Indica\u00e7\u00e3o", "autoria": "Carniato", "texto_original": "http://sapl.ivaipora.pr.leg.br/media/sapl/public/materialegislativa/2021/7746/110.pdf", "ementa": "JOS\u00c9 MAURINO CARNIATO, vereador infra-assinado, em pleno exerc\u00edcio de seu mandato parlamentar, vem mui respeitosamente atrav\u00e9s dessa Presid\u00eancia, INDICAR ao Senhor Prefeito Municipal, que por meio do Departamento competente que: institua projeto para adequa\u00e7\u00e3o das cal\u00e7adas, conforme disp\u00f5e a Lei Municipal n\u00ba 2696, de 23 de outubro de 2015, eliminando obst\u00e1culos que comprometam a circula\u00e7\u00e3o das pessoas, em especial dos PcDs (Pessoa com Defici\u00eancia), idosos e gestantes."}, {"id": "7747", "ano": "2021", "numero": "111", "tipo__sigla": "IND", "tipo__descricao": "Indica\u00e7\u00e3o", "autoria": "Carniato", "texto_original": "http://sapl.ivaipora.pr.leg.br/media/sapl/public/materialegislativa/2021/7747/111.pdf", "ementa": "JOS\u00c9 MAURINO CARNIATO, vereador infra-assinado, em pleno exerc\u00edcio de seu mandato parlamentar, vem mui respeitosamente atrav\u00e9s dessa Presid\u00eancia, INDICAR ao Senhor Prefeito Municipal, que por meio do Departamento competente, adote medidas mais en\u00e9rgicas e eficientes para debelar a transmiss\u00e3o do Coronav\u00edrus, que em fun\u00e7\u00e3o do agravamento da pandemia que acomete a todos sem distin\u00e7\u00e3o, ocasionando a sobrecarga no sistema de sa\u00fade, colocando em risco a sa\u00fade da popula\u00e7\u00e3o, especialmente dos mais idosos."}, {"id": "7754", "ano": "2021", "numero": "112", "tipo__sigla": "IND", "tipo__descricao": "Indica\u00e7\u00e3o", "autoria": "Carniato", "texto_original": "http://sapl.ivaipora.pr.leg.br/media/sapl/public/materialegislativa/2021/7754/112.pdf", "ementa": "JOS\u00c9 MAURINO CARNIATO, vereador infra-assinado, em pleno exerc\u00edcio de seu mandato parlamentar, vem mui respeitosamente atrav\u00e9s dessa Presid\u00eancia, INDICAR ao Senhor Prefeito Municipal, que por meio do Departamento competente, providencie a instala\u00e7\u00e3o de uma UBS (Unidade B\u00e1sica de Sa\u00fade), com vistas para atender as popula\u00e7\u00f5es da Vila S\u00e3o Jorge, Jardim Alto da Gl\u00f3ria, Jardim Bela Vista, Vila Residencial de Furnas, Jardim Ipor\u00e3, moradores da Zona Rural das localidades do Campo Novo, \u00c1gua da Laranjeira e \u00c1gua do Milagre. A indica\u00e7\u00e3o tem como objetivo dar atendimento com maior facilidade de acesso aos moradores dessa regi\u00e3o, visto que a maioria possui idade avan\u00e7ada e que o deslocamento at\u00e9 a UBS (Unidade B\u00e1sica de Sa\u00fade) Central, ocasionam a dificuldade aos mesmos."}, {"id": "7755", "ano": "2021", "numero": "113", "tipo__sigla": "IND", "tipo__descricao": "Indica\u00e7\u00e3o", "autoria": "Carniato", "texto_original": "http://sapl.ivaipora.pr.leg.br/media/sapl/public/materialegislativa/2021/7755/113.pdf", "ementa": "JOS\u00c9 MAURINO CARNIATO, vereador infra-assinado, em pleno exerc\u00edcio de seu mandato parlamentar, vem mui respeitosamente atrav\u00e9s dessa Presid\u00eancia, INDICAR ao Senhor Prefeito Municipal, que por meio do Departamento competente, providencie implanta\u00e7\u00e3o de cal\u00e7amento poli\u00e9drico (pedras irregulares) na estrada que liga do Jardim Itaipu ao Cinco Encruzo, encontrando com o asfalto no Frigocenter, com extens\u00e3o de aproximadamente 3.500 metros."}, {"id": "7756", "ano": "2021", "numero": "114", "tipo__sigla": "IND", "tipo__descricao": "Indica\u00e7\u00e3o", "autoria": "Vila Real", "texto_original": "http://sapl.ivaipora.pr.leg.br/media/sapl/public/materialegislativa/2021/7756/114.pdf", "ementa": "ANT\u00d4NIO VILA REAL, vereador infra-assinado, em pleno exerc\u00edcio de seu mandato parlamentar, vem mui respeitosamente atrav\u00e9s dessa Presid\u00eancia, INDICAR ao Senhor Prefeito Municipal, que por meio do Departamento competente, providencie a reforma dos pontos de taxis, localizados na Avenida Souza Naves e na Avenida Brasil."}, {"id": "7757", "ano": "2021", "numero": "115", "tipo__sigla": "IND", "tipo__descricao": "Indica\u00e7\u00e3o", "autoria": "Vila Real", "texto_original": "http://sapl.ivaipora.pr.leg.br/media/sapl/public/materialegislativa/2021/7757/114.pdf", "ementa": "ANT\u00d4NIO VILA REAL, vereador infra-assinado, em pleno exerc\u00edcio de seu mandato parlamentar, vem mui respeitosamente atrav\u00e9s dessa Presid\u00eancia, INDICAR ao Senhor Prefeito Municipal, que por meio do Departamento competente, providencie a pavimenta\u00e7\u00e3o asf\u00e1ltica da Avenida Maranh\u00e3o, sendo do Bairro Santa Terezinha at\u00e9 a Rua Corn\u00e9lio Proc\u00f3pio."}, {"id": "7758", "ano": "2021", "numero": "116", "tipo__sigla": "IND", "tipo__descricao": "Indica\u00e7\u00e3o", "autoria": "Vila Real", "texto_original": "http://sapl.ivaipora.pr.leg.br/media/sapl/public/materialegislativa/2021/7758/116.pdf", "ementa": "ANT\u00d4NIO VILA REAL, vereador infra-assinado, em pleno exerc\u00edcio de seu mandato parlamentar, vem mui respeitosamente atrav\u00e9s dessa Presid\u00eancia, INDICAR ao Senhor Prefeito Municipal, que por meio do Departamento competente, providencie a sinaliza\u00e7\u00e3o de tr\u00e2nsito na Rua Po\u00e7os de Caldas, no Jardim Belo Horizonte, tendo em vista a seguran\u00e7a no deslocamento dos moradores locais."}, {"id": "7759", "ano": "2021", "numero": "117", "tipo__sigla": "IND", "tipo__descricao": "Indica\u00e7\u00e3o", "autoria": "Vila Real", "texto_original": "http://sapl.ivaipora.pr.leg.br/media/sapl/public/materialegislativa/2021/7759/117.pdf", "ementa": "ANT\u00d4NIO VILA REAL, vereador infra-assinado, em pleno exerc\u00edcio de seu mandato parlamentar, vem mui respeitosamente atrav\u00e9s dessa Presid\u00eancia, INDICAR ao Senhor Prefeito Municipal, que por meio do Departamento competente, providencie o cascalhamento da estrada que liga o Distrito de Jacutinga ao bairro do Paineirinha, e o Contraforte Bonfati at\u00e9 a propriedade do Senhor Orlando."}, {"id": "7762", "ano": "2021", "numero": "118", "tipo__sigla": "IND", "tipo__descricao": "Indica\u00e7\u00e3o", "autoria": "Vila Real", "texto_original": "http://sapl.ivaipora.pr.leg.br/media/sapl/public/materialegislativa/2021/7762/118.pdf", "ementa": "ANT\u00d4NIO VILA REAL, vereador infra-assinado, em pleno exerc\u00edcio de seu mandato parlamentar, vem mui respeitosamente atrav\u00e9s dessa Presid\u00eancia, INDICAR ao Senhor Prefeito Municipal, que por meio do Departamento competente, providencie URGENTEMENTE reparos nas galerias pluviais na Rua Tupiniquins n\u00ba 06 no Jardim Alto Gl\u00f3ria (rebaixamento de galeria), e a constru\u00e7\u00e3o de duas novas galerias pluviais na Rua Turunas antes do n\u00ba 55, no Jardim Alto Gl\u00f3ria, pois nos dias de chuva a popula\u00e7\u00e3o tem sofrido com os alagamentos de suas resid\u00eancias. (Segue foto em anexo)"}, {"id": "7764", "ano": "2021", "numero": "119", "tipo__sigla": "IND", "tipo__descricao": "Indica\u00e7\u00e3o", "autoria": "Gertrudes", "texto_original": "http://sapl.ivaipora.pr.leg.br/media/sapl/public/materialegislativa/2021/7764/119.pdf", "ementa": "GERTRUDES BERNARDY, vereador infra-assinado, em pleno exerc\u00edcio de seu mandato parlamentar, vem mui respeitosamente atrav\u00e9s dessa Presid\u00eancia, INDICAR ao Senhor Prefeito Municipal, que por meio do Departamento competente, providencie um centro de controle (almoxarifado) para o recebimento de produtos, armazenagem, expedi\u00e7\u00e3o e distribui\u00e7\u00e3o dos materiais, sendo imprescind\u00edvel que este departamento seja \u00fanico, visando controle da administra\u00e7\u00e3o log\u00edstica e conten\u00e7\u00e3o de custos. Como exemplo a cidade vizinha de Palmital."}, {"id": "7766", "ano": "2021", "numero": "120", "tipo__sigla": "IND", "tipo__descricao": "Indica\u00e7\u00e3o", "autoria": "Nando Dorta", "texto_original": "http://sapl.ivaipora.pr.leg.br/media/sapl/public/materialegislativa/2021/7766/120.pdf", "ementa": "FERNANDO RODRIGUES DORTA, vereador infra-assinado, em pleno exerc\u00edcio de seu mandato parlamentar, vem mui respeitosamente atrav\u00e9s dessa Presid\u00eancia, INDICAR ao Senhor Prefeito Municipal, que por meio do Departamento competente, providencie a limpeza (ro\u00e7ada do mato que est\u00e1 invadindo a pista), da estrada do jacutinga, evitando poss\u00edveis acidentes."}, {"id": "7769", "ano": "2021", "numero": "121", "tipo__sigla": "IND", "tipo__descricao": "Indica\u00e7\u00e3o", "autoria": "Gertrudes", "texto_original": "http://sapl.ivaipora.pr.leg.br/media/sapl/public/materialegislativa/2021/7769/121.pdf", "ementa": "GERTRUDES BERNARDY, Presidente do Legislativo e vereadora infra-assinada, em pleno exerc\u00edcio de seu mandato parlamentar, vem mui respeitosamente atrav\u00e9s dessa Presid\u00eancia, INDICAR ao Excelent\u00edssimo Senhor Prefeito Luiz Carlos Gil, para que atrav\u00e9s do departamento Competente, analise e providencie a REFORMA E AMPLIA\u00c7\u00c3O DE UM PR\u00c9DIO PARA O PROJETO CASA DE VIV\u00caNCIA, O MESMO SE LOCALIZA NA RUA ANHANGUERA S/N. (conforme material em anexo)."}, {"id": "7772", "ano": "2021", "numero": "122", "tipo__sigla": "IND", "tipo__descricao": "Indica\u00e7\u00e3o", "autoria": "Gertrudes", "texto_original": "http://sapl.ivaipora.pr.leg.br/media/sapl/public/materialegislativa/2021/7772/122.pdf", "ementa": "GERTRUDES BERNARDY, Presidente do Legislativo e vereadora infra-assinada, em pleno exerc\u00edcio de seu mandato parlamentar, vem mui respeitosamente atrav\u00e9s dessa Presid\u00eancia, INDICAR ao Excelent\u00edssimo Senhor Prefeito Luiz Carlos Gil, para que atrav\u00e9s do departamento Competente, analise e providencie a REFORMA DO SAL\u00c3O COMUNIT\u00c1RIO DA VILA RURAL IVAIN\u00d3POLIS, uma antiga reivindica\u00e7\u00e3o da comunidade. conforme material em anexo."}, {"id": "7773", "ano": "2021", "numero": "123", "tipo__sigla": "IND", "tipo__descricao": "Indica\u00e7\u00e3o", "autoria": "Gertrudes, Vila Real", "texto_original": "http://sapl.ivaipora.pr.leg.br/media/sapl/public/materialegislativa/2021/7773/123.pdf", "ementa": "GERTRUDES BERNARDY, Presidente do Legislativo e vereadora infra-assinada, e ANTONIO VILA REAL vereador em pleno exerc\u00edcio de seu mandato parlamentar, vem mui respeitosamente atrav\u00e9s dessa Presid\u00eancia, INDICAR ao Excelent\u00edssimo Senhor Prefeito Luiz Carlos Gil, para que atrav\u00e9s do departamento Competente, analise e providencie A CONSTRU\u00c7\u00c3O DE 20 (VINTE) CASAS POPULARES NA VILA CACHORRO SENTADO, DISTRITO DE JACUTINGA, RUA PROGRESSO E RUA GUAIAMBE NAS PROXIMIDADES DO CEMIT\u00c9RIO, oferecendo melhores condi\u00e7\u00f5es de habita\u00e7\u00e3o as fam\u00edlias desta localidade."}, {"id": "7778", "ano": "2021", "numero": "124", "tipo__sigla": "IND", "tipo__descricao": "Indica\u00e7\u00e3o", "autoria": "Gertrudes", "texto_original": "http://sapl.ivaipora.pr.leg.br/media/sapl/public/materialegislativa/2021/7778/124.pdf", "ementa": "GERTRUDES BERNARDY, Presidente do Legislativo e vereadora infra-assinada, em pleno exerc\u00edcio de seu mandato parlamentar, vem mui respeitosamente atrav\u00e9s dessa Presid\u00eancia, INDICAR ao Excelent\u00edssimo Senhor Prefeito Luiz Carlos Gil, para que atrav\u00e9s do departamento Competente, analise e providencie A CONSTRU\u00c7\u00c3O DE UMA SEDE PR\u00d3PRIA DO CREAS (CENTRO DE REFER\u00caNCIA ESPECIALIZADO DE ASSIST\u00caNCIA SOCIAL), pois o local que \u00e9 feito o atendimento \u00e9 de situa\u00e7\u00e3o prec\u00e1ria, com pouca privacidade e sem acessibilidade alguma para os portadores do servi\u00e7o oferecido pela a unidade."}, {"id": "7779", "ano": "2021", "numero": "125", "tipo__sigla": "IND", "tipo__descricao": "Indica\u00e7\u00e3o", "autoria": "Gertrudes", "texto_original": "http://sapl.ivaipora.pr.leg.br/media/sapl/public/materialegislativa/2021/7779/125.pdf", "ementa": "GERTRUDES BERNARDY, Presidente do Legislativo e vereadora infra-assinada, em pleno exerc\u00edcio de seu mandato parlamentar, vem mui respeitosamente atrav\u00e9s dessa Presid\u00eancia, INDICAR ao Excelent\u00edssimo Senhor Prefeito Luiz Carlos Gil, para que atrav\u00e9s do departamento Competente, analise e providencie uma esteira mec\u00e2nica, uma empilhadeira el\u00e9trica, uma balan\u00e7a eletr\u00f4nica, um carrinho transportador de Big \u2013 Bag, um carrinho transportador de fardos, uma prensa hidr\u00e1ulica vertical, um caminh\u00e3o novo (zero km) e um coletor compactador de Lixo novo."}, {"id": "7780", "ano": "2021", "numero": "126", "tipo__sigla": "IND", "tipo__descricao": "Indica\u00e7\u00e3o", "autoria": "Jaffer Ferreira", "texto_original": "http://sapl.ivaipora.pr.leg.br/media/sapl/public/materialegislativa/2021/7780/126.pdf", "ementa": "Jaffer G. S. Ferreira, vereador infra-assinado, em pleno exerc\u00edcio de seu mandato parlamentar, vem mui respeitosamente atrav\u00e9s dessa Presid\u00eancia, INDICAR ao Senhor Prefeito Municipal, que por meio do Departamento competente, providencie ponte da \u00e1gua das mamonas da dona Levina, faz anos que a enchente levou e precisa ser arrumada."}, {"id": "7781", "ano": "2021", "numero": "127", "tipo__sigla": "IND", "tipo__descricao": "Indica\u00e7\u00e3o", "autoria": "Jaffer Ferreira", "texto_original": "http://sapl.ivaipora.pr.leg.br/media/sapl/public/materialegislativa/2021/7781/127.pdf", "ementa": "Jaffer G. S. Ferreira, vereador infra-assinado, em pleno exerc\u00edcio de seu mandato parlamentar, vem mui respeitosamente atrav\u00e9s dessa Presid\u00eancia, INDICAR ao Senhor Prefeito Municipal, que por meio do Departamento competente, providencie a implanta\u00e7\u00e3o de 2 quebra-molas em frente ao Posto de Sa\u00fade na Rua Bulha centralizada na Vila Monte Castelo, em raz\u00e3o de possuir muitos carros circulando em alto velocidade, havendo atropelamento de animais, e tamb\u00e9m na mesma rua se encontra morador deficiente visual, que acaba as vezes indo para rua sozinho, se for poss\u00edvel providencie com urg\u00eancia."}, {"id": "7782", "ano": "2021", "numero": "128", "tipo__sigla": "IND", "tipo__descricao": "Indica\u00e7\u00e3o", "autoria": "Jaffer Ferreira", "texto_original": "http://sapl.ivaipora.pr.leg.br/media/sapl/public/materialegislativa/2021/7782/128.pdf", "ementa": "Jaffer G. S. Ferreira, vereador infra-assinado, em pleno exerc\u00edcio de seu mandato parlamentar, vem mui respeitosamente atrav\u00e9s dessa Presid\u00eancia, INDICAR ao Senhor Prefeito Municipal, que por meio do Departamento competente, providencie um estudo de colocar pedras irregulares na Rua Benedito Gomes, Rua Bar\u00e3o do Rio Branco, Rua Rodrigues Alves, e Rua Quintino Bocai\u00fava no Bosque da Sa\u00fade."}, {"id": "7783", "ano": "2021", "numero": "129", "tipo__sigla": "IND", "tipo__descricao": "Indica\u00e7\u00e3o", "autoria": "Jaffer Ferreira", "texto_original": "http://sapl.ivaipora.pr.leg.br/media/sapl/public/materialegislativa/2021/7783/129.pdf", "ementa": "Jaffer G. S. Ferreira, vereador infra-assinado, em pleno exerc\u00edcio de seu mandato parlamentar, vem mui respeitosamente atrav\u00e9s dessa Presid\u00eancia, INDICAR ao Senhor Prefeito Municipal, que por meio do Departamento competente, providencie se for poss\u00edvel uma cl\u00ednica de fisioterapia municipal no centro de especialidade m\u00e9dicas."}, {"id": "7784", "ano": "2021", "numero": "130", "tipo__sigla": "IND", "tipo__descricao": "Indica\u00e7\u00e3o", "autoria": "Jaffer Ferreira", "texto_original": "http://sapl.ivaipora.pr.leg.br/media/sapl/public/materialegislativa/2021/7784/130.pdf", "ementa": "Jaffer G. S. Ferreira, vereador infra-assinado, em pleno exerc\u00edcio de seu mandato parlamentar, vem mui respeitosamente atrav\u00e9s dessa Presid\u00eancia, INDICAR ao Senhor Prefeito Municipal, que por meio do Departamento competente, providencie se for poss\u00edvel um quebra-molas em torno da Igreja Bom Jesus pr\u00f3ximo ao restaurante Zilio."}, {"id": "7785", "ano": "2021", "numero": "131", "tipo__sigla": "IND", "tipo__descricao": "Indica\u00e7\u00e3o", "autoria": "Josane Disner", "texto_original": "http://sapl.ivaipora.pr.leg.br/media/sapl/public/materialegislativa/2021/7785/131.pdf", "ementa": "JOSANE GORETE DISNER TEIXEIRA e ANTONIO VILA REAL vereadores infra-assinados, em pleno exerc\u00edcio de seu mandato parlamentar, vem mui respeitosamente atrav\u00e9s dessa Presid\u00eancia, INDICAR ao Senhor Prefeito Municipal, que por meio do Departamento competente, providencie a elabora\u00e7\u00e3o de melhorias na Estrada P Gleba- Pindauva- pr\u00f3ximo Pesqueiro Sabadini (entre Vila Santa Terezinha at\u00e9 o Jardim Ipor\u00e3), estacionamento em apenas um dos lados da via, cal\u00e7adas de passeio p\u00fablico com condi\u00e7\u00f5es de acessibilidade PcD, e solicitar um estudo t\u00e9cnico para incluir no projeto de melhorias a constru\u00e7\u00e3o de uma CICLOVIA interligando Vila Santa Terezinha at\u00e9 o Jardim Ipor\u00e3."}, {"id": "7786", "ano": "2021", "numero": "132", "tipo__sigla": "IND", "tipo__descricao": "Indica\u00e7\u00e3o", "autoria": "Josane Disner", "texto_original": "http://sapl.ivaipora.pr.leg.br/media/sapl/public/materialegislativa/2021/7786/132.pdf", "ementa": "JOSANE GORETE DISNER TEIXEIRA, vereadora infra-assinado, em pleno exerc\u00edcio de seu mandato parlamentar, vem mui respeitosamente atrav\u00e9s dessa Presid\u00eancia, INDICAR ao Senhor Prefeito Municipal, que por meio do Departamento competente, providencie a INSTALA\u00c7\u00c3O DE LOMBADAS (QUEBRA-MOLAS), na Avenida Apar\u00edcio Bitencourt subindo o SESC, pois alguns motoristas que por ali transitam n\u00e3o respeitam o limite de velocidade, fazendo com que diminua o risco de acidentes naquele local."}, {"id": "7787", "ano": "2021", "numero": "133", "tipo__sigla": "IND", "tipo__descricao": "Indica\u00e7\u00e3o", "autoria": "Josane Disner", "texto_original": "http://sapl.ivaipora.pr.leg.br/media/sapl/public/materialegislativa/2021/7787/133.pdf", "ementa": "JOSANE GORETE DISNER TEIXEIRA, vereadora infra-assinado, em pleno exerc\u00edcio de seu mandato parlamentar, vem mui respeitosamente atrav\u00e9s dessa Presid\u00eancia, INDICAR ao Senhor Prefeito Municipal, que por meio do Departamento competente, providencie a LIMPEZA NOS BUEIROS, RUA e PRA\u00c7A, na Rua Veridiano Vieira, pr\u00f3ximo ao n\u00ba 295 Jardim Casa Grande II, onde se encontra com matos altos, principalmente na parte lateral dos meio fio, onde acaba entupindo os bueiros gerando grande transtorno aos moradores."}, {"id": "7788", "ano": "2021", "numero": "134", "tipo__sigla": "IND", "tipo__descricao": "Indica\u00e7\u00e3o", "autoria": "Sadi Marcondes", "texto_original": "http://sapl.ivaipora.pr.leg.br/media/sapl/public/materialegislativa/2021/7788/134.pdf", "ementa": "SADI MARCONDES MENDES, vereador infra-assinado, em pleno exerc\u00edcio de seu mandato parlamentar, vem mui respeitosamente atrav\u00e9s dessa Presid\u00eancia, INDICAR ao Senhor Prefeito Municipal, que por meio do Departamento competente, providencie o recape asf\u00e1ltico na rua Luiz Pasteur, Jardim Casa Grande 2, a mesma passa em frente a Lanchonete Murilo Lanches."}, {"id": "7789", "ano": "2021", "numero": "135", "tipo__sigla": "IND", "tipo__descricao": "Indica\u00e7\u00e3o", "autoria": "Carniato", "texto_original": "http://sapl.ivaipora.pr.leg.br/media/sapl/public/materialegislativa/2021/7789/135.pdf", "ementa": "JOS\u00c9 MAURINO CARNIATO, vereador infra-assinado, em pleno exerc\u00edcio de seu mandato parlamentar, vem mui respeitosamente atrav\u00e9s dessa Presid\u00eancia, INDICAR ao Senhor Prefeito Municipal, que por meio do Departamento competente providencie: Estudo para implanta\u00e7\u00e3o de sistema de gera\u00e7\u00e3o de energia solar para suprir demanda dos \u00f3rg\u00e3os da administra\u00e7\u00e3o municipal."}, {"id": "7790", "ano": "2021", "numero": "136", "tipo__sigla": "IND", "tipo__descricao": "Indica\u00e7\u00e3o", "autoria": "Carniato", "texto_original": "http://sapl.ivaipora.pr.leg.br/media/sapl/public/materialegislativa/2021/7790/136.pdf", "ementa": "JOS\u00c9 MAURINO CARNIATO, vereador infra-assinado, em pleno exerc\u00edcio de seu mandato parlamentar, vem mui respeitosamente atrav\u00e9s dessa Presid\u00eancia, INDICAR ao Senhor Prefeito Municipal, que por meio do Departamento competente, promova campanha da Sa\u00fade da Vis\u00e3o, como forma de melhorar a qualidade de vida e de trabalho dos mun\u00edcipes, realizando diagn\u00f3stico precoce de doen\u00e7a que possa levar \u00e0 cegueira."}, {"id": "7791", "ano": "2021", "numero": "137", "tipo__sigla": "IND", "tipo__descricao": "Indica\u00e7\u00e3o", "autoria": "Carniato", "texto_original": "http://sapl.ivaipora.pr.leg.br/media/sapl/public/materialegislativa/2021/7791/137.pdf", "ementa": "JOS\u00c9 MAURINO CARNIATO, vereador infra-assinado, em pleno exerc\u00edcio de seu mandato parlamentar, vem mui respeitosamente atrav\u00e9s dessa Presid\u00eancia, INDICAR ao Senhor Prefeito Municipal, que por meio do Departamento competente, providencie, implanta\u00e7\u00e3o de pedra irregulares no prolongamento da Rua Jos\u00e9 Maximiano Prado seguindo pela estrada que liga a Vila Nova Por\u00e3 ao Cinco Encruzo, com extens\u00e3o de aproximadamente 3.000 metros."}, {"id": "7792", "ano": "2021", "numero": "138", "tipo__sigla": "IND", "tipo__descricao": "Indica\u00e7\u00e3o", "autoria": "Carniato, Vila Real", "texto_original": "http://sapl.ivaipora.pr.leg.br/media/sapl/public/materialegislativa/2021/7792/138.pdf", "ementa": "JOS\u00c9 MAURINO CARNIATO e ANTONIO VILA REAL, vereadores infra-assinados, em pleno exerc\u00edcio de seus mandatos parlamentares, vem mui respeitosamente atrav\u00e9s dessa Presid\u00eancia, INDICAR ao Senhor Prefeito Municipal, que por meio do Departamento competente, providencie, implanta\u00e7\u00e3o de cal\u00e7amento poli\u00e9drico (pedra irregulares) no prolongamento da Rua Bulha at\u00e9 o Parque Industrial \u2013 (Estrada do Bairro dos Cunha, que liga ao IFPR). O cal\u00e7amento da referida estrada trar\u00e1 melhoria para acesso ao Parque Industrial e ao IFPR, melhorando a mobilidade e reduzindo custos para os trabalhadores que prestam servi\u00e7os nos empreendimentos ali localizados \u2013 IFPR, COAMO, FORMIG\u00c3O TINTAS e outras j\u00e1 instaladas, al\u00e9m de servir de fomento para novos investimentos no Parque Industrial."}, {"id": "7794", "ano": "2021", "numero": "139", "tipo__sigla": "IND", "tipo__descricao": "Indica\u00e7\u00e3o", "autoria": "Carniato, Josane Disner", "texto_original": "http://sapl.ivaipora.pr.leg.br/media/sapl/public/materialegislativa/2021/7794/139.pdf", "ementa": "JOS\u00c9 MAURINO CARNIATO, e JOSANE DISNER, vereadores infra-assinado, em pleno exerc\u00edcio de seu mandato parlamentar, e vem mui respeitosamente atrav\u00e9s dessa Presid\u00eancia, INDICAR ao Senhor Prefeito Municipal, que por meio dos Departamentos competentes, providencie e fomente a implanta\u00e7\u00e3o de hortas comunit\u00e1ria nos terrenos baldios no quadro urbano, como forma de produ\u00e7\u00e3o de alimentos, terapia ocupacional e integra\u00e7\u00e3o entre moradores. Diante do momento especial que vivemos, onde a escassez de alimentos assola uma parcela da sociedade, que est\u00e3o em situa\u00e7\u00e3o de riscos social, o que tem afetado diretamente o emocional de muitas pessoas. O trabalho ainda que comunit\u00e1rio tem se demonstrado como uma excelente terapia, al\u00e9m de melhorar o conv\u00edvio social e estabelecer momentos para integrar os cidad\u00e3os a vida e a participa\u00e7\u00e3o nas politicas p\u00fablicas."}, {"id": "7795", "ano": "2021", "numero": "140", "tipo__sigla": "IND", "tipo__descricao": "Indica\u00e7\u00e3o", "autoria": "Vila Real", "texto_original": "http://sapl.ivaipora.pr.leg.br/media/sapl/public/materialegislativa/2021/7795/140.pdf", "ementa": "Ant\u00f4nio Vila Real, vereador infra-assinado, em pleno exerc\u00edcio de seu mandato parlamentar, vem mui respeitosamente atrav\u00e9s dessa Presid\u00eancia, INDICAR ao Senhor Prefeito Municipal, Lu\u00eds Carlos Gil, que por meio do Departamento competente, providencie tapa buraco, na Rua Pindauvinha, no Distrito de Jacutinga, do mercado Koltum \u00e0 m\u00e1quina de arroz do Helinho, totalizando aproximadamente 100 metros."}, {"id": "7796", "ano": "2021", "numero": "141", "tipo__sigla": "IND", "tipo__descricao": "Indica\u00e7\u00e3o", "autoria": "Vila Real", "texto_original": "http://sapl.ivaipora.pr.leg.br/media/sapl/public/materialegislativa/2021/7796/141.pdf", "ementa": "Ant\u00f4nio Vila Real, vereador infra-assinado, em pleno exerc\u00edcio de seu mandato parlamentar, vem mui respeitosamente atrav\u00e9s dessa Presid\u00eancia, INDICAR ao Senhor Prefeito Municipal, que por meio do Departamento competente, providencie a constru\u00e7\u00e3o de um redutor de velocidade (quebra mola), no cruzamento da Rua Faxinal com a Rua Beija Flor no Conjunto Jo\u00e3o de Barro (pr\u00f3ximo ao viveiro de mudas). Venho por meio desta solicitar o atendimento pois o fluxo de transito \u00e9 intenso e o excesso de velocidade constante, colocando em risco a vida dos moradores."}, {"id": "7797", "ano": "2021", "numero": "142", "tipo__sigla": "IND", "tipo__descricao": "Indica\u00e7\u00e3o", "autoria": "Jaffer Ferreira", "texto_original": "http://sapl.ivaipora.pr.leg.br/media/sapl/public/materialegislativa/2021/7797/142.pdf", "ementa": "Jaffer G. S. Ferreira, vereador infra-assinado, em pleno exerc\u00edcio de seu mandato parlamentar, vem mui respeitosamente atrav\u00e9s dessa Presid\u00eancia, INDICAR ao Senhor Prefeito Municipal, que por meio do Departamento competente, providencie se for poss\u00edvel fazer camada asf\u00e1ltica na Vila Oper\u00e1ria 1, Rua Plac\u00eddio Miranda, Rua Hort\u00eancia, Rua Jasmim e Rua das Rosas, pedido da popula\u00e7\u00e3o do bairro, no local encontra-se pessoas com defici\u00eancia f\u00edsica e cadeirante com dificuldade de deslocar do bairro"}, {"id": "7798", "ano": "2021", "numero": "143", "tipo__sigla": "IND", "tipo__descricao": "Indica\u00e7\u00e3o", "autoria": "Jaffer Ferreira", "texto_original": "http://sapl.ivaipora.pr.leg.br/media/sapl/public/materialegislativa/2021/7798/143.pdf", "ementa": "JAFFER G. S. FERREIRA, vereador infra-assinado, em pleno exerc\u00edcio de seu mandato parlamentar, vem mui respeitosamente atrav\u00e9s dessa Presid\u00eancia, INDICAR ao Senhor Prefeito Municipal, que por meio do Departamento competente, providencie a contrata\u00e7\u00e3o de mais 01 (um) servidor/funcion\u00e1rio na \u00e1rea da coleta de res\u00edduos domiciliares, pois antes trabalhavam em 03 (tr\u00eas) servidores/funcion\u00e1rios, e agora somente com 02 servidores/funcion\u00e1rios, n\u00e3o est\u00e3o conseguindo suprir as demandas das linhas da Vila Monte Castelo, Vila Jo\u00e3o XXIII e do Distrito de Alto Por\u00e3."}, {"id": "7799", "ano": "2021", "numero": "144", "tipo__sigla": "IND", "tipo__descricao": "Indica\u00e7\u00e3o", "autoria": "Jaffer Ferreira", "texto_original": "http://sapl.ivaipora.pr.leg.br/media/sapl/public/materialegislativa/2021/7799/144.pdf", "ementa": "JAFFER GUILHERME SAGANSKI FERREIRA, vereador infra-assinado, em pleno exerc\u00edcio de seu mandato parlamentar, vem mui respeitosamente atrav\u00e9s dessa Presid\u00eancia, INDICAR ao Senhor Prefeito Municipal, que por meio do Departamento competente, providencie a implanta\u00e7\u00e3o de um programa de aux\u00edlio financeiro, destinado a atender microempreendedores individuais \u2013 MEI, as microempresas \u2013 ME e os comerciantes ambulantes, afetados pela suspens\u00e3o das atividades em raz\u00e3o da pandemia do Covid-19."}, {"id": "7800", "ano": "2021", "numero": "145", "tipo__sigla": "IND", "tipo__descricao": "Indica\u00e7\u00e3o", "autoria": "Jaffer Ferreira", "texto_original": "http://sapl.ivaipora.pr.leg.br/media/sapl/public/materialegislativa/2021/7800/145.pdf", "ementa": "JAFFER G. S. FERREIRA, vereador infra-assinado, em pleno exerc\u00edcio de seu mandato parlamentar, vem mui respeitosamente atrav\u00e9s dessa Presid\u00eancia, INDICAR ao Senhor Prefeito Municipal, que por meio do Departamento competente, providencie instala\u00e7\u00e3o de uma academia ao ar livre (ATI) ou uma pra\u00e7a no Jardim Universit\u00e1rio, onde se encontra uma rotat\u00f3ria que est\u00e1 sempre com muito mato."}, {"id": "7801", "ano": "2021", "numero": "146", "tipo__sigla": "IND", "tipo__descricao": "Indica\u00e7\u00e3o", "autoria": "Jaffer Ferreira", "texto_original": "http://sapl.ivaipora.pr.leg.br/media/sapl/public/materialegislativa/2021/7801/146.pdf", "ementa": "JAFFER G.S FERREIRA, vereador infra-assinado, em pleno exerc\u00edcio de seu mandato parlamentar, vem mui respeitosamente atrav\u00e9s dessa Presid\u00eancia, INDICAR ao Senhor Prefeito Municipal, que por meio do Departamento competente, providencie o recape asf\u00e1ltico e melhorias no acostamento da Rua Tr\u00eas Marias que liga o Bairro Santa Terezinha ao Bairro Jardim Ipor\u00e3."}, {"id": "7802", "ano": "2021", "numero": "147", "tipo__sigla": "IND", "tipo__descricao": "Indica\u00e7\u00e3o", "autoria": "Sadi Marcondes", "texto_original": "http://sapl.ivaipora.pr.leg.br/media/sapl/public/materialegislativa/2021/7802/147.pdf", "ementa": "SADI MARCONDES MENDES, vereador infra-assinado, em pleno exerc\u00edcio de seu mandato parlamentar, vem mui respeitosamente atrav\u00e9s dessa Presid\u00eancia, INDICAR ao Senhor Prefeito Municipal, que por meio do Departamento competente, providencie o Recape Asf\u00e1ltico na Rua Rio Grande do Norte, localizada na regi\u00e3o central do nosso munic\u00edpio (a mesma passa pela antiga kaiser)."}, {"id": "7803", "ano": "2021", "numero": "148", "tipo__sigla": "IND", "tipo__descricao": "Indica\u00e7\u00e3o", "autoria": "Sadi Marcondes", "texto_original": "http://sapl.ivaipora.pr.leg.br/media/sapl/public/materialegislativa/2021/7803/148.pdf", "ementa": "SADI MARCONDES MENDES, vereador infra-assinado, em pleno exerc\u00edcio de seu mandato parlamentar, vem mui respeitosamente atrav\u00e9s dessa Presid\u00eancia, INDICAR ao Senhor Prefeito Municipal, que providencie com urg\u00eancia atrav\u00e9s do Departamento de Assist\u00eancia Social uma casa de Abrigo para aquelas pessoas que est\u00e3o morando na rua em nosso Mun\u00edcipio, sendo que logo chegar\u00e1 o frio e eles n\u00e3o tem local para se abrigar."}, {"id": "7804", "ano": "2021", "numero": "149", "tipo__sigla": "IND", "tipo__descricao": "Indica\u00e7\u00e3o", "autoria": "Sadi Marcondes", "texto_original": "http://sapl.ivaipora.pr.leg.br/media/sapl/public/materialegislativa/2021/7804/149.pdf", "ementa": "SADI MARCONDES MENDES, vereador infra-assinado, em pleno exerc\u00edcio de seu mandato parlamentar, vem mui respeitosamente atrav\u00e9s dessa Presid\u00eancia, INDICAR ao Senhor Prefeito Municipal, que por meio do Departamento competente, providencie uma camada asf\u00e1ltica na Rua Valentin Talarico no Jardim Ouro Preto, em frente \u00e0 Igreja Crist\u00e3."}, {"id": "7805", "ano": "2021", "numero": "150", "tipo__sigla": "IND", "tipo__descricao": "Indica\u00e7\u00e3o", "autoria": "Carniato", "texto_original": "http://sapl.ivaipora.pr.leg.br/media/sapl/public/materialegislativa/2021/7805/150.pdf", "ementa": "JOS\u00c9 MAURINO CARNIATO, vereador infra-assinado, em pleno exerc\u00edcio de seu mandato parlamentar, vem mui respeitosamente atrav\u00e9s dessa Presid\u00eancia, INDICAR ao Senhor Prefeito Municipal, que por meio do Departamento competente, que realize estudos para alargamento da ponte sobre o Rio Pindauva, na Rodovia Nicolau Koltun, que liga da Vila Nova Por\u00e3 ao Distrito de Jacutinga, de forma a permitir que passe dois ve\u00edculos simultaneamente, dando maior seguran\u00e7a aos motoristas que trafegam por aquela rodovia e tamb\u00e9m aos pedestre que utilizam a ponte."}, {"id": "7806", "ano": "2021", "numero": "151", "tipo__sigla": "IND", "tipo__descricao": "Indica\u00e7\u00e3o", "autoria": "Carniato, Jaffer Ferreira", "texto_original": "http://sapl.ivaipora.pr.leg.br/media/sapl/public/materialegislativa/2021/7806/151.pdf", "ementa": "JOS\u00c9 MAURINO CARNIATO e JAFFER GUILHERME SAGANSKI FERREIRA, vereadores infra-assinados, em pleno exerc\u00edcio de seus mandatos parlamentar, vem mui respeitosamente atrav\u00e9s dessa Presid\u00eancia, INDICAR ao Senhor Prefeito Municipal, que por meio do Departamento competente, que amplie o atendimento psicol\u00f3gico ofertado pelo Departamento Municipal da Sa\u00fade. Diante da Covid-19 que al\u00e9m do paciente, acomete tamb\u00e9m seus familiares e os profissionais da sa\u00fade, que j\u00e1 n\u00e3o conseguem administrar suas ang\u00fastias e est\u00e3o adoecendo, sobrecarregando o sistema e sendo afastados do trabalho."}, {"id": "7807", "ano": "2021", "numero": "152", "tipo__sigla": "IND", "tipo__descricao": "Indica\u00e7\u00e3o", "autoria": "Carniato", "texto_original": "http://sapl.ivaipora.pr.leg.br/media/sapl/public/materialegislativa/2021/7807/152.pdf", "ementa": "JOS\u00c9 MAURINO CARNIATO, vereador infra-assinado, em pleno exerc\u00edcio de seu mandato parlamentar, vem mui respeitosamente atrav\u00e9s dessa Presid\u00eancia, INDICAR ao Senhor Prefeito Municipal, que por meio do Departamento competente, que providencie a constru\u00e7\u00e3o de tr\u00eas lombadas (quebra-molas) nos dois sentidos da Avenida Maranh\u00e3o, nos cruzamentos com as ruas Felicita Rother, Rua Joaquim Bonif\u00e1cio (antiga rua Bandeirantes) e Rua Plac\u00eddio Miranda (antiga rua Jacarezinho). Com a cobertura asf\u00e1ltica sobre as pedras irregulares os motoristas est\u00e3o imprimindo alta velocidade naquele trecho, aumentando os riscos de acidentes."}, {"id": "7808", "ano": "2021", "numero": "153", "tipo__sigla": "IND", "tipo__descricao": "Indica\u00e7\u00e3o", "autoria": "Carniato", "texto_original": "http://sapl.ivaipora.pr.leg.br/media/sapl/public/materialegislativa/2021/7808/153.pdf", "ementa": "JOS\u00c9 MAURINO CARNIATO, vereador infra-assinado, em pleno exerc\u00edcio de seu mandato parlamentar, vem mui respeitosamente atrav\u00e9s dessa Presid\u00eancia, INDICAR ao Senhor Prefeito Municipal, que por meio do Departamento competente, que realize estudos e implanta\u00e7\u00e3o de bueiros (boca de lobo) e galerias nas Ruas Palotina e Alvorada, no Jardim Alvorada e Rua Guarani, na Vila Formosa. A enxurrada vem destruindo o cal\u00e7amento com pedras irregulares e trazendo transtornos aos moradores daquela regi\u00e3o. Ainda que venha ser feita recape asf\u00e1ltico nessas ruas, o sistema para drenagem da \u00e1gua e indispens\u00e1vel."}, {"id": "7809", "ano": "2021", "numero": "154", "tipo__sigla": "IND", "tipo__descricao": "Indica\u00e7\u00e3o", "autoria": "Carniato", "texto_original": "http://sapl.ivaipora.pr.leg.br/media/sapl/public/materialegislativa/2021/7809/154.pdf", "ementa": "JOS\u00c9 MAURINO CARNIATO, vereador infra-assinado, em pleno exerc\u00edcio de seu mandato parlamentar, vem mui respeitosamente atrav\u00e9s dessa Presid\u00eancia, INDICAR ao Senhor Prefeito Municipal, que por meio do Departamento competente, que providencie a substitui\u00e7\u00e3o das l\u00e2mpadas da ilumina\u00e7\u00e3o p\u00fablica do Jardim Alto da Gl\u00f3ria, por l\u00e2mpadas de LED, atendendo assim, a reivindica\u00e7\u00e3o dos moradores daquela regi\u00e3o."}, {"id": "7810", "ano": "2021", "numero": "155", "tipo__sigla": "IND", "tipo__descricao": "Indica\u00e7\u00e3o", "autoria": "Josane Disner", "texto_original": "http://sapl.ivaipora.pr.leg.br/media/sapl/public/materialegislativa/2021/7810/155.pdf", "ementa": "JOSANE GORETE DISNER TEIXEIRA, vereadora infra-assinado, em pleno exerc\u00edcio de seu mandato parlamentar, vem mui respeitosamente atrav\u00e9s dessa Presid\u00eancia, INDICAR ao Senhor Prefeito Municipal, que por meio do Departamento competente, providencie a recupera\u00e7\u00e3o asf\u00e1ltica na Avenida Brasil n\u00ba 1660, em frente a Frutaria Cheiro Verde, pois h\u00e1 um buraco grande onde fica acumulando \u00e1gua suja, trazendo mal cheiro e ocasionando transtornos aos comerciantes e a popula\u00e7\u00e3o que transitam naquele local."}, {"id": "7811", "ano": "2021", "numero": "156", "tipo__sigla": "IND", "tipo__descricao": "Indica\u00e7\u00e3o", "autoria": "Josane Disner", "texto_original": "http://sapl.ivaipora.pr.leg.br/media/sapl/public/materialegislativa/2021/7811/156.pdf", "ementa": "JOSANE GORETE DISNER TEIXEIRA, vereadora infra-assinado, em pleno exerc\u00edcio de seu mandato parlamentar, vem mui respeitosamente atrav\u00e9s dessa Presid\u00eancia, INDICAR ao Senhor Prefeito Municipal, que por meio do Departamento competente, providencie a instala\u00e7\u00e3o de lombadas (quebra-molas) na Avenida Melvis Muchiuti, pr\u00f3ximo a Cl\u00ednica Xiquet\u00e1, pois alguns motoristas n\u00e3o respeitam o limite de velocidade, fazendo com que diminua o risco de acidentes naquele local."}, {"id": "7812", "ano": "2021", "numero": "157", "tipo__sigla": "IND", "tipo__descricao": "Indica\u00e7\u00e3o", "autoria": "Josane Disner", "texto_original": "http://sapl.ivaipora.pr.leg.br/media/sapl/public/materialegislativa/2021/7812/157.pdf", "ementa": "JOSANE GORETE DISNER TEIXEIRA, vereadora infra-assinado, em pleno exerc\u00edcio de seu mandato parlamentar, vem mui respeitosamente atrav\u00e9s dessa Presid\u00eancia, INDICAR ao Senhor Prefeito Municipal, que por meio do Departamento competente, providencie a instala\u00e7\u00e3o de lombadas (quebra-molas) na Avenida Tancredo Neves, pr\u00f3ximo a Escola de Nata\u00e7\u00e3o Maicol Nicoll, (Reis), pois alguns motoristas que por ali transitam n\u00e3o respeitam o limite de velocidade colocando em risco a vida de muitas crian\u00e7as e idosos que fazem aula na escola de nata\u00e7\u00e3o naquele local."}, {"id": "7813", "ano": "2021", "numero": "158", "tipo__sigla": "IND", "tipo__descricao": "Indica\u00e7\u00e3o", "autoria": "Josane Disner", "texto_original": "http://sapl.ivaipora.pr.leg.br/media/sapl/public/materialegislativa/2021/7813/158.pdf", "ementa": "JOSANE GORETE DISNER TEIXEIRA, vereadora infra-assinado, em pleno exerc\u00edcio de seu mandato parlamentar, vem mui respeitosamente atrav\u00e9s dessa Presid\u00eancia, INDICAR ao Senhor Prefeito Municipal, que por meio do Departamento competente, providencie o recape asf\u00e1ltico da Rua Po\u00e7os de Caldas, pr\u00f3ximo ao Bar do Marinho, onde a mesma se encontra com pedras irregulares."}, {"id": "7814", "ano": "2021", "numero": "159", "tipo__sigla": "IND", "tipo__descricao": "Indica\u00e7\u00e3o", "autoria": "Gertrudes", "texto_original": "http://sapl.ivaipora.pr.leg.br/media/sapl/public/materialegislativa/2021/7814/159.pdf", "ementa": "GERTRUDES BERNARDY, Presidente do Legislativo e vereadora infra-assinada, em pleno exerc\u00edcio de seu mandato parlamentar, vem mui respeitosamente atrav\u00e9s dessa Presid\u00eancia, INDICAR ao Excelent\u00edssimo Senhor Prefeito Luiz Carlos Gil, para que atrav\u00e9s do departamento competente, an\u00e1lise e providencie a constru\u00e7\u00e3o de uma Casa de Apoio, nas proximidades do Hospital Regional de Ivaipor\u00e3."}, {"id": "7815", "ano": "2021", "numero": "160", "tipo__sigla": "IND", "tipo__descricao": "Indica\u00e7\u00e3o", "autoria": "Gertrudes", "texto_original": "http://sapl.ivaipora.pr.leg.br/media/sapl/public/materialegislativa/2021/7815/160.pdf", "ementa": "GERTRUDES BERNARDY, Presidente do Legislativo e vereadora infra-assinada, em pleno exerc\u00edcio de seu mandato parlamentar, vem mui respeitosamente atrav\u00e9s dessa Presid\u00eancia, INDICAR ao Excelent\u00edssimo Senhor Prefeito Luiz Carlos Gil, para que atrav\u00e9s do departamento Competente, an\u00e1lise e providencie a Constru\u00e7\u00e3o de um Condom\u00ednio para Idosos, parte do Programa Viver Mais Paran\u00e1, com 40 (Quarenta) casas. Segue fotos em anexo."}, {"id": "7816", "ano": "2021", "numero": "161", "tipo__sigla": "IND", "tipo__descricao": "Indica\u00e7\u00e3o", "autoria": "Gertrudes", "texto_original": "http://sapl.ivaipora.pr.leg.br/media/sapl/public/materialegislativa/2021/7816/161.pdf", "ementa": "GERTRUDES BERNARDY, Presidente do Legislativo e vereadora infra-assinada, em pleno exerc\u00edcio de seu mandato parlamentar, vem mui respeitosamente atrav\u00e9s dessa Presid\u00eancia, INDICAR ao Excelent\u00edssimo Senhor Prefeito Luiz Carlos Gil, para que atrav\u00e9s do departamento Competente, an\u00e1lise e providencie paisagismo no canteiro j\u00e1 existente da Avenida Ladislau Gil Fernandes, que inicia na Mec\u00e2nica e Funilaria Central, at\u00e9 a Funilaria Krassousky com a coloca\u00e7\u00e3o de bancos na parte superior do canteiro. Segue fotos em anexo."}, {"id": "7819", "ano": "2021", "numero": "162", "tipo__sigla": "IND", "tipo__descricao": "Indica\u00e7\u00e3o", "autoria": "Gertrudes", "texto_original": "http://sapl.ivaipora.pr.leg.br/media/sapl/public/materialegislativa/2021/7819/162.pdf", "ementa": "GERTRUDES BERNARDY, Presidente do Legislativo e vereadora infra-assinada, em pleno exerc\u00edcio de seu mandato parlamentar, vem mui respeitosamente atrav\u00e9s dessa Presid\u00eancia, INDICAR ao Excelent\u00edssimo Senhor Prefeito Luiz Carlos Gil, para que atrav\u00e9s do departamento competente, analise e providencie a coloca\u00e7\u00e3o de pedras poli\u00e9dricas em seis quadras nas vielas existente no Jardim Belo Horizonte, entre a Rua Padre Anchieta, at\u00e9 a Rua Marginal, que v\u00e3o dar aceso ao futuro Parque Linear, uma antiga reivindica\u00e7\u00e3o da comunidade para tirar os moradores do barro e da poeira. Segue fotos em anexo."}, {"id": "7820", "ano": "2021", "numero": "163", "tipo__sigla": "IND", "tipo__descricao": "Indica\u00e7\u00e3o", "autoria": "Gertrudes", "texto_original": "http://sapl.ivaipora.pr.leg.br/media/sapl/public/materialegislativa/2021/7820/163.pdf", "ementa": "GERTRUDES BERNARDY, Presidente do Legislativo e vereadora infra-assinada, em pleno exerc\u00edcio de seu mandato parlamentar, vem mui respeitosamente atrav\u00e9s dessa Presid\u00eancia, INDICAR ao Excelent\u00edssimo Senhor Prefeito Luiz Carlos Gil, para que atrav\u00e9s do departamento Competente, an\u00e1lise e providencie a manuten\u00e7\u00e3o da Rampa de acesso ao Lago Jardim Bot\u00e2nico, de frente A\u00c7O IVAIPOR\u00c3, onde vem trazendo riscos de acidentes para os usu\u00e1rios. Segue fotos em anexo."}, {"id": "7821", "ano": "2021", "numero": "164", "tipo__sigla": "IND", "tipo__descricao": "Indica\u00e7\u00e3o", "autoria": "Nando Dorta", "texto_original": "http://sapl.ivaipora.pr.leg.br/media/sapl/public/materialegislativa/2021/7821/164.pdf", "ementa": "FERNANDO RODRIGUES DORTA, vereador infra-assinado, em pleno exerc\u00edcio de seu mandato parlamentar, vem mui respeitosamente atrav\u00e9s dessa Presid\u00eancia, INDICAR ao Senhor Prefeito Municipal, que por meio do Departamento competente, providencie faixa de pedestre na Rua Santa Catarina esquina com a Rua Jos\u00e9 Canteri (em frente a Relojoaria e \u00d3tica Rub\u00ed)."}, {"id": "7822", "ano": "2021", "numero": "165", "tipo__sigla": "IND", "tipo__descricao": "Indica\u00e7\u00e3o", "autoria": "Gertrudes", "texto_original": "http://sapl.ivaipora.pr.leg.br/media/sapl/public/materialegislativa/2021/7822/165.pdf", "ementa": "GERTRUDES BERNARDY, Presidente do Legislativo e vereadora infra-assinada, em pleno exerc\u00edcio de seu mandato parlamentar, vem mui respeitosamente atrav\u00e9s dessa Presid\u00eancia, INDICAR ao Excelent\u00edssimo Senhor Prefeito Luiz Carlos Gil, para que atrav\u00e9s do departamento Competente, an\u00e1lise e providencie a constru\u00e7\u00e3o de um CENTRO DE SOCIOEDUCA\u00c7\u00c3O (CENSE)."}, {"id": "7823", "ano": "2021", "numero": "166", "tipo__sigla": "IND", "tipo__descricao": "Indica\u00e7\u00e3o", "autoria": "Gertrudes, Vila Real", "texto_original": "http://sapl.ivaipora.pr.leg.br/media/sapl/public/materialegislativa/2021/7823/166.pdf", "ementa": "GERTRUDES BERNARDY, Presidente do Legislativo e vereadora infra-assinada, em pleno exerc\u00edcio de seu mandato parlamentar, vem mui respeitosamente atrav\u00e9s dessa Presid\u00eancia, INDICAR ao Excelent\u00edssimo Senhor Prefeito Luiz Carlos Gil, para que atrav\u00e9s do departamento Competente, an\u00e1lise e providencie constru\u00e7\u00e3o de uma Ciclovia e Ilumina\u00e7\u00e3o na Estrada para o Ouro Verde."}, {"id": "7824", "ano": "2021", "numero": "167", "tipo__sigla": "IND", "tipo__descricao": "Indica\u00e7\u00e3o", "autoria": "Gertrudes", "texto_original": "http://sapl.ivaipora.pr.leg.br/media/sapl/public/materialegislativa/2021/7824/167.pdf", "ementa": "GERTRUDES BERNARDY, Presidente do Legislativo e vereadora infra-assinada, em pleno exerc\u00edcio de seu mandato parlamentar, vem mui respeitosamente atrav\u00e9s dessa Presid\u00eancia, INDICAR ao Excelent\u00edssimo Senhor Prefeito Luiz Carlos Gil, para que atrav\u00e9s do departamento Competente, analise e providencie a Constru\u00e7\u00e3o de Cal\u00e7adas para os Canteiros da Avenida Souza Naves entre a C\u00e2mara Municipal at\u00e9 o Col\u00e9gio Estadual Bar\u00e3o do Cerro Azul, os canteiros est\u00e3o em situa\u00e7\u00e3o prec\u00e1rias, e em alguns trecos j\u00e1 n\u00e3o h\u00e1 mais cal\u00e7adas. Segue fotos em anexo."}, {"id": "7825", "ano": "2021", "numero": "168", "tipo__sigla": "IND", "tipo__descricao": "Indica\u00e7\u00e3o", "autoria": "Gertrudes", "texto_original": "http://sapl.ivaipora.pr.leg.br/media/sapl/public/materialegislativa/2021/7825/168.pdf", "ementa": "GERTRUDES BERNARDY, Presidente do Legislativo e vereadora infra-assinada, em pleno exerc\u00edcio de seu mandato parlamentar, vem mui respeitosamente atrav\u00e9s dessa Presid\u00eancia, INDICAR ao Excelent\u00edssimo Senhor Prefeito Luiz Carlos Gil, para que atrav\u00e9s do departamento Competente, analise e providencie um lugar onde possa funcionar um Centro Dia para Idosos, que ir\u00e1 operar como creche, onde os Idosos v\u00e3o passar o dia, com pessoas da mesma idade e tamb\u00e9m ter\u00e1 o acompanhamento com Nutricionistas, Fisioterapeutas e outras especialidades fazendo atividade para melhorar seu desenvolvimento f\u00edsico e mental. Segue fotos em anexo."}, {"id": "7826", "ano": "2021", "numero": "169", "tipo__sigla": "IND", "tipo__descricao": "Indica\u00e7\u00e3o", "autoria": "Jaffer Ferreira", "texto_original": "http://sapl.ivaipora.pr.leg.br/media/sapl/public/materialegislativa/2021/7826/169.pdf", "ementa": "JAFFER G.S FERREIRA, vereador infra-assinado, em pleno exerc\u00edcio de seu mandato parlamentar, vem mui respeitosamente atrav\u00e9s dessa Presid\u00eancia, INDICAR ao Senhor Prefeito Municipal, que por meio do Departamento competente, providencie se for poss\u00edvel um sem\u00e1foro na Avenida Castelo Branco com Avenida Paran\u00e1, pr\u00f3ximo Auto Escola Marini."}, {"id": "7827", "ano": "2021", "numero": "170", "tipo__sigla": "IND", "tipo__descricao": "Indica\u00e7\u00e3o", "autoria": "Jaffer Ferreira", "texto_original": "http://sapl.ivaipora.pr.leg.br/media/sapl/public/materialegislativa/2021/7827/170.pdf", "ementa": "JAFFER G. S. FERREIRA, vereador infra-assinado, em pleno exerc\u00edcio de seu mandato parlamentar, vem mui respeitosamente atrav\u00e9s dessa Presid\u00eancia, INDICAR ao Senhor Prefeito Municipal, que por meio do Departamento competente, providencie uma avalia\u00e7\u00e3o (limpeza) no bueiro da Rua Anhanguera N\u00b0 680 no Jardim Belo Horizonte, nos dias de chuvas est\u00e1 juntando muito barro e empo\u00e7ando \u00e1gua e os moradores est\u00e1 sendo prejudicado."}, {"id": "7828", "ano": "2021", "numero": "171", "tipo__sigla": "IND", "tipo__descricao": "Indica\u00e7\u00e3o", "autoria": "Jaffer Ferreira", "texto_original": "http://sapl.ivaipora.pr.leg.br/media/sapl/public/materialegislativa/2021/7828/171.pdf", "ementa": "JAFFER G. S. FERRREIRA, vereador infra-assinado, em pleno exerc\u00edcio de seu mandato parlamentar, vem mui respeitosamente atrav\u00e9s dessa Presid\u00eancia, INDICAR ao Senhor Prefeito Municipal, que por meio do Departamento competente, providencie se for poss\u00edvel fazer uma camada asf\u00e1ltica no estacionamento da Avenida Brasil (em frente ao Mercado Paran\u00e1), tem locais que est\u00e1 afundando e sem asfalto"}, {"id": "7829", "ano": "2021", "numero": "172", "tipo__sigla": "IND", "tipo__descricao": "Indica\u00e7\u00e3o", "autoria": "Jaffer Ferreira", "texto_original": "http://sapl.ivaipora.pr.leg.br/media/sapl/public/materialegislativa/2021/7829/172.pdf", "ementa": "JAFFER G. S. FERRIRA, vereador infra-assinado, em pleno exerc\u00edcio de seu mandato parlamentar, vem mui respeitosamente atrav\u00e9s dessa Presid\u00eancia, INDICAR ao Senhor Prefeito Municipal, que por meio do Departamento competente, providencie se for poss\u00edvel um estudo para implanta\u00e7\u00e3o de um Campo de Futebol no Bairro Jardim Itaipu."}, {"id": "7830", "ano": "2021", "numero": "173", "tipo__sigla": "IND", "tipo__descricao": "Indica\u00e7\u00e3o", "autoria": "Jaffer Ferreira", "texto_original": "http://sapl.ivaipora.pr.leg.br/media/sapl/public/materialegislativa/2021/7830/173.pdf", "ementa": "JAFFER. G. S. FERREIRA, vereador infra-assinado, em pleno exerc\u00edcio de seu mandato parlamentar, vem mui respeitosamente atrav\u00e9s dessa Presid\u00eancia, INDICAR ao Senhor Prefeito Municipal, que por meio do Departamento competente, providencie se for poss\u00edvel a reforma no Campinho de Futebol do Bairro Santa Terezinha."}, {"id": "7831", "ano": "2021", "numero": "174", "tipo__sigla": "IND", "tipo__descricao": "Indica\u00e7\u00e3o", "autoria": "Josane Disner", "texto_original": "http://sapl.ivaipora.pr.leg.br/media/sapl/public/materialegislativa/2021/7831/174.pdf", "ementa": "JOSANE GORETE DISNER TEIXEIRA, vereadora infra-assinado, em pleno exerc\u00edcio de seu mandato parlamentar, vem mui respeitosamente atrav\u00e9s dessa Presid\u00eancia, INDICAR ao Senhor Prefeito Municipal, que por meio do Departamento competente, providencie a instala\u00e7\u00e3o de lombadas (quebra-molas) na Avenida Maranh\u00e3o, pr\u00f3ximo \u00e0 Rua Corn\u00e9lio Proc\u00f3pio, pois ap\u00f3s terem recapado toda a Avenida, alguns motoristas trafegam em alta velocidade, colocando em risco nossa popula\u00e7\u00e3o."}, {"id": "7832", "ano": "2021", "numero": "175", "tipo__sigla": "IND", "tipo__descricao": "Indica\u00e7\u00e3o", "autoria": "Josane Disner", "texto_original": "http://sapl.ivaipora.pr.leg.br/media/sapl/public/materialegislativa/2021/7832/175.pdf", "ementa": "JOSANE GORETE DISNER TEIXEIRA, vereadora infra-assinado, em pleno exerc\u00edcio de seu mandato parlamentar, vem mui respeitosamente atrav\u00e9s dessa Presid\u00eancia, INDICAR ao Senhor Prefeito Municipal, que por meio do Departamento competente, providencie a limpeza do bueiro situado Rua Joaquim Nabuco esquina com Rua Paulista ao lado n\u00ba 520, Vila Jo\u00e3o XXIII, sendo que o mesmo encontra entupido gerando transtorno aos moradores"}, {"id": "7837", "ano": "2021", "numero": "176", "tipo__sigla": "IND", "tipo__descricao": "Indica\u00e7\u00e3o", "autoria": "Carniato", "texto_original": "http://sapl.ivaipora.pr.leg.br/media/sapl/public/materialegislativa/2021/7837/176.pdf", "ementa": "JOS\u00c9 MAURINO CARNIATO, vereador infra-assinado, em pleno exerc\u00edcio de seu mandato parlamentar, vem mui respeitosamente atrav\u00e9s dessa Presid\u00eancia, INDICAR ao Senhor Prefeito Municipal, que por meio do Departamento competente que providencie a aquisi\u00e7\u00e3o de uma gaiola (Grade de Seguran\u00e7a para Pneus) para borracharia do p\u00e1tio, kits completo de ferramentas para oficina, de forma a atender mec\u00e2nica leve e pesada e mais elevador para ve\u00edculos, com capacidade para suportar as Vans e as Ambul\u00e2ncias."}, {"id": "7838", "ano": "2021", "numero": "177", "tipo__sigla": "IND", "tipo__descricao": "Indica\u00e7\u00e3o", "autoria": "Carniato", "texto_original": "http://sapl.ivaipora.pr.leg.br/media/sapl/public/materialegislativa/2021/7838/177.pdf", "ementa": "JOS\u00c9 MAURINO CARNIATO, vereador infra-assinado, em pleno exerc\u00edcio de seu mandato parlamentar, vem mui respeitosamente atrav\u00e9s dessa Presid\u00eancia, INDICAR ao Senhor Prefeito Municipal, que por meio do Departamento competente providencie juntos aos \u00f3rg\u00e3os governamentais financiamento para constru\u00e7\u00e3o de Casas Populares para atender demanda da popula\u00e7\u00e3o de baixa renda na cidade de Ivaipor\u00e3."}, {"id": "7852", "ano": "2021", "numero": "178", "tipo__sigla": "IND", "tipo__descricao": "Indica\u00e7\u00e3o", "autoria": "Carniato", "texto_original": "http://sapl.ivaipora.pr.leg.br/media/sapl/public/materialegislativa/2021/7852/178.pdf", "ementa": "JOS\u00c9 MAURINO CARNIATO, vereador infra-assinado, em pleno exerc\u00edcio de seu mandato parlamentar, vem mui respeitosamente atrav\u00e9s dessa Presid\u00eancia, INDICAR ao Senhor Prefeito Municipal, que por meio do Departamento competente promova jardinagem e paisagismos nos canteiros da Avenida Maranh\u00e3o, em toda sua extens\u00e3o."}, {"id": "7871", "ano": "2021", "numero": "179", "tipo__sigla": "IND", "tipo__descricao": "Indica\u00e7\u00e3o", "autoria": "Carniato", "texto_original": "http://sapl.ivaipora.pr.leg.br/media/sapl/public/materialegislativa/2021/7871/179.pdf", "ementa": "JOS\u00c9 MAURINO CARNIATO vereador infra-assinado, em pleno exerc\u00edcio de seu mandato parlamentar, vem mui respeitosamente atrav\u00e9s dessa Presid\u00eancia, INDICAR ao Senhor Prefeito Municipal, que por meio do Departamento competente providencie a constru\u00e7\u00e3o de redutor de velocidade na Rua Manoel Ribas esquina com Rua Cascavel, no Jardim Paran\u00e1. Os motoristas est\u00e3o desenvolvendo alta velocidade neste local."}, {"id": "7872", "ano": "2021", "numero": "180", "tipo__sigla": "IND", "tipo__descricao": "Indica\u00e7\u00e3o", "autoria": "Carniato", "texto_original": "http://sapl.ivaipora.pr.leg.br/media/sapl/public/materialegislativa/2021/7872/180.pdf", "ementa": "JOS\u00c9 MAURINO CARNIATO, vereador infra-assinado, em pleno exerc\u00edcio de seu mandato parlamentar, vem mui respeitosamente atrav\u00e9s dessa Presid\u00eancia, INDICAR ao Senhor Prefeito Municipal, que por meio do Departamento competente, providencie adequa\u00e7\u00e3o e cascalhamento no restante da Rua Ipiranga, na Vila Ipiranga. Esta Rua serve de liga\u00e7\u00e3o da Rua Juarez Cleve \u00e0 Rua Rom\u00e1rio Martins, no Jardim Luiz XV."}, {"id": "7874", "ano": "2021", "numero": "181", "tipo__sigla": "IND", "tipo__descricao": "Indica\u00e7\u00e3o", "autoria": "Josane Disner", "texto_original": "http://sapl.ivaipora.pr.leg.br/media/sapl/public/materialegislativa/2021/7874/181.pdf", "ementa": "JOSANE GORETE DISNER TEIXEIRA, vereadora infra-assinado, em pleno exerc\u00edcio de seu mandato parlamentar, vem mui respeitosamente atrav\u00e9s dessa Presid\u00eancia, INDICAR ao Senhor Prefeito Municipal, que por meio do Departamento competente, providencie a instala\u00e7\u00e3o de Ponto de \u00d4nibus coberto no Jardim Universit\u00e1rio, em frente ao Hospital Regional, a pedido dos moradores que sofrem em dias de chuva e sol muito quente"}, {"id": "7879", "ano": "2021", "numero": "182", "tipo__sigla": "IND", "tipo__descricao": "Indica\u00e7\u00e3o", "autoria": "Josane Disner, Jaffer Ferreira, Sadi Marcondes", "texto_original": "http://sapl.ivaipora.pr.leg.br/media/sapl/public/materialegislativa/2021/7879/182.pdf", "ementa": "JOSANE GORETE DISNER TEIXEIRA, JAFFER G.S. FERREIRA e SADY MARCONDES, vereadores infra-assinado, em pleno exerc\u00edcio de seu mandato parlamentar, vem mui respeitosamente atrav\u00e9s dessa Presid\u00eancia, INDICAR ao Senhor Prefeito Municipal, que por meio do Departamento competente, providencie a constru\u00e7\u00e3o de uma Pista de Caminhada na Estrada Ouro Verde s/n- KM 1, pois existem muitas pessoas adeptas de esportes, especialmente caminhada e ao cooper, considerando seus imensos benef\u00edcios."}, {"id": "7880", "ano": "2021", "numero": "183", "tipo__sigla": "IND", "tipo__descricao": "Indica\u00e7\u00e3o", "autoria": "Gertrudes", "texto_original": "http://sapl.ivaipora.pr.leg.br/media/sapl/public/materialegislativa/2021/7880/183.pdf", "ementa": "GERTRUDES BERNARDY, Presidente do Legislativo e vereadora infra-assinada, em pleno exerc\u00edcio de seu mandato parlamentar, vem mui respeitosamente atrav\u00e9s dessa Presid\u00eancia, INDICAR ao Excelent\u00edssimo Senhor Prefeito Luiz Carlos Gil, para que atrav\u00e9s do departamento Competente, analise e providencie que o dinheiro recebido das atua\u00e7\u00f5es de multa sejam revertidos para a Secretaria Municipal de Sa\u00fade, destinado para aquisi\u00e7\u00f5es de rem\u00e9dios para o tratamento precoce contra a Covid-19 e para a UFEIR Eqquipamentos de EPI (Equipamento de prote\u00e7\u00e3o individual), para os prosissionais da Sa\u00fade que se encontram na linha de frente da pandemia."}, {"id": "7881", "ano": "2021", "numero": "184", "tipo__sigla": "IND", "tipo__descricao": "Indica\u00e7\u00e3o", "autoria": "Jaffer Ferreira, Carniato, Fio Bertotti, Gertrudes, Josane Disner, Nando Dorta, Sab\u00e3o - Edivaldo Montanheri, Sadi Marcondes, Vila Real", "texto_original": "http://sapl.ivaipora.pr.leg.br/media/sapl/public/materialegislativa/2021/7881/184.pdf", "ementa": "JAFFER G.S. FERREIRA, vereador infra-assinado, em pleno exerc\u00edcio de seu mandato parlamentar, vem mui respeitosamente atrav\u00e9s dessa Presid\u00eancia, INDICAR ao Senhor Prefeito Municipal, que por meio do departamento competente, providencie para que fa\u00e7a uma camada asf\u00e1ltica e ilumina\u00e7\u00e3o na parte interna do Cemit\u00e9rio Municipal de Ivaipor\u00e3. \u00c9 importante tratarmos com respeito e carinho o local onde nossos parentes e amigos se encontram. Grande \u00e9 o n\u00famero de pessoas que v\u00e3o diariamente ao cemit\u00e9rio para matar saudade dos pais, filhos, av\u00f3s e mais parentes que ali se encontram. Portanto, a Administra\u00e7\u00e3o P\u00fablica tem o dever de cuidar das \u00e1reas do cemit\u00e9rio, realizando periodicamente a limpeza e manuten\u00e7\u00e3o do local."}, {"id": "7882", "ano": "2021", "numero": "185", "tipo__sigla": "IND", "tipo__descricao": "Indica\u00e7\u00e3o", "autoria": "Carniato", "texto_original": "http://sapl.ivaipora.pr.leg.br/media/sapl/public/materialegislativa/2021/7882/185.pdf", "ementa": "JOS\u00c9 MAURINO CARNIATO, vereador infra-assinado, em pleno exerc\u00edcio de seu mandato parlamentar, vem mui respeitosamente atrav\u00e9s dessa Presid\u00eancia, INDICAR ao Senhor Prefeito Municipal, que por meio do Departamento competente para que providencie a passagem do rolo compressor na Estrada da Pindauvinha, logo ap\u00f3s chuva, pois da forma que se encontra o tr\u00e2nsito de ve\u00edculo est\u00e1 muito dif\u00edcil. Embora j\u00e1 tenha sido apresentada indica\u00e7\u00e3o para cal\u00e7amento com pedra irregular no mesmo trecho, as condi\u00e7\u00f5es que se encontra a hoje est\u00e1 prejudicando os usu\u00e1rios da estrada. At\u00e9 que seja providenciado o cal\u00e7amento, os moradores reivindicam a compacta\u00e7\u00e3o. Pois as pedras s\u00e3o um pouco grande e est\u00e3o soltas podendo gerar acidentes e preju\u00edzo."}, {"id": "7883", "ano": "2021", "numero": "186", "tipo__sigla": "IND", "tipo__descricao": "Indica\u00e7\u00e3o", "autoria": "", "texto_original": "http://sapl.ivaipora.pr.leg.br/media/sapl/public/materialegislativa/2021/7883/186.pdf", "ementa": "JOS\u00c9 MAURINO CARNIATO, vereador infra-assinado, em pleno exerc\u00edcio de seu mandato parlamentar, vem mui respeitosamente atrav\u00e9s dessa Presid\u00eancia, INDICAR ao Senhor Prefeito Municipal, que por meio do Departamento competente promova poda de uma \u00e1rvore de grande porte na Rua Cear\u00e1 entre as Ruas Pitanga e Andir\u00e1. A \u00e1rvore est\u00e1 dificultando o tr\u00e2nsito de ve\u00edculos grande, como caminh\u00e3o ba\u00fa e \u00f4nibus."}, {"id": "7884", "ano": "2021", "numero": "187", "tipo__sigla": "IND", "tipo__descricao": "Indica\u00e7\u00e3o", "autoria": "Carniato", "texto_original": "http://sapl.ivaipora.pr.leg.br/media/sapl/public/materialegislativa/2021/7884/187.pdf", "ementa": "JOS\u00c9 MAURINO CARNIATO, vereador infra-assinado, em pleno exerc\u00edcio de seu mandato parlamentar, vem mui respeitosamente atrav\u00e9s dessa Presid\u00eancia, INDICAR ao Senhor Prefeito Municipal, que por meio do Departamento competente para que providencie a instala\u00e7\u00e3o de tr\u00eas Pontos de \u00d4nibus cobertos: 1) na Av. Presidente Caf\u00e9 Filho - (ao lado da Igreja Esp\u00edrito Santo); 2) na Av. Estev\u00e3o Marciano dos Santos, equina com Rua Cuba e; 3) Av. Estev\u00e3o Marciano dos Santos, equina com Rua Clevel\u00e2ndia, Vila Monte Castelo a pedido dos moradores que dessas localidades que sofrem em dias de chuva e sol muito quente."}, {"id": "7885", "ano": "2021", "numero": "188", "tipo__sigla": "IND", "tipo__descricao": "Indica\u00e7\u00e3o", "autoria": "Carniato, Gertrudes, Josane Disner", "texto_original": "http://sapl.ivaipora.pr.leg.br/media/sapl/public/materialegislativa/2021/7885/188.pdf", "ementa": "JOS\u00c9 MAURINO CARNIATO, JOSANE GORETE DISNER TEIXEIRA E GERTRUDES BERNARDY, vereadores infra-assinado, em pleno exerc\u00edcio de seus mandatos parlamentares, vem mui respeitosamente atrav\u00e9s dessa Presid\u00eancia, INDICAR ao Senhor Prefeito Municipal, que por meio do Departamento competente providencie a constru\u00e7\u00e3o de uma rot\u00e1ria e a devida sinaliza\u00e7\u00e3o na Avenida Presidente Caf\u00e9 Filho, cruzamento com a Rua Lacerda, em frente ao Supermercado Popular, no Conjunto Esp\u00edrito Santo."}, {"id": "7887", "ano": "2021", "numero": "189", "tipo__sigla": "IND", "tipo__descricao": "Indica\u00e7\u00e3o", "autoria": "Fio Bertotti", "texto_original": "http://sapl.ivaipora.pr.leg.br/media/sapl/public/materialegislativa/2021/7887/189.pdf", "ementa": "EMERSON DA SILVA BERTOTTI, vereador infra-assinado, em pleno exerc\u00edcio de seu mandato parlamentar, vem mui respeitosamente atrav\u00e9s dessa Presid\u00eancia, INDICAR ao Senhor Prefeito Municipal Luiz Carlos Gil, que por meio do Departamento Competente, providencie redutor de velocidade na Avenida Castelo Branco esquina com a Rua Plac\u00eddio Miranda em frente a Copel."}, {"id": "7888", "ano": "2021", "numero": "190", "tipo__sigla": "IND", "tipo__descricao": "Indica\u00e7\u00e3o", "autoria": "Fio Bertotti", "texto_original": "http://sapl.ivaipora.pr.leg.br/media/sapl/public/materialegislativa/2021/7888/190.pdf", "ementa": "EMERSON DA SILVA BERTOTTI, vereador infra-assinado, em pleno exerc\u00edcio de seu mandato parlamentar, vem mui respeitosamente atrav\u00e9s dessa Presid\u00eancia, INDICAR ao Senhor Prefeito Municipal Luiz Carlos Gil, que por meio do Departamento Competente, providencie faixa de pedestre no cruzamento das Avenidas Minas Gerais com Para\u00edba pr\u00f3ximo a Faculdade UCP/UNIVALE."}, {"id": "7889", "ano": "2021", "numero": "191", "tipo__sigla": "IND", "tipo__descricao": "Indica\u00e7\u00e3o", "autoria": "Fio Bertotti", "texto_original": "http://sapl.ivaipora.pr.leg.br/media/sapl/public/materialegislativa/2021/7889/191.pdf", "ementa": "EMERSON DA SILVA BERTOTTI, vereador infra-assinado, em pleno exerc\u00edcio de seu mandato parlamentar, vem mui respeitosamente atrav\u00e9s dessa Presid\u00eancia, INDICAR ao Senhor Prefeito Municipal Luiz Carlos Gil, que por meio do Departamento Competente, providencie reforma ou troca dos brinquedos do parque no lago Jardim Bot\u00e2nico."}, {"id": "7890", "ano": "2021", "numero": "192", "tipo__sigla": "IND", "tipo__descricao": "Indica\u00e7\u00e3o", "autoria": "Fio Bertotti", "texto_original": "http://sapl.ivaipora.pr.leg.br/media/sapl/public/materialegislativa/2021/7890/192.pdf", "ementa": "EMERSON DA SILVA BERTOTTI, vereador infra-assinado, em pleno exerc\u00edcio de seu mandato parlamentar, vem mui respeitosamente atrav\u00e9s dessa Presid\u00eancia, INDICAR ao Senhor Prefeito Municipal Luiz Carlos Gil, que por meio do Departamento Competente, providencie reforma dos Decks no Lago Jardim Bot\u00e2nico pois os mesmos encontram-se deteriorados com o tempo."}, {"id": "7891", "ano": "2021", "numero": "193", "tipo__sigla": "IND", "tipo__descricao": "Indica\u00e7\u00e3o", "autoria": "Jaffer Ferreira", "texto_original": "http://sapl.ivaipora.pr.leg.br/media/sapl/public/materialegislativa/2021/7891/193.pdf", "ementa": "JAFFER G.S. FERREIRA, vereador infra-assinado, em pleno exerc\u00edcio de seu mandato parlamentar, vem mui respeitosamente atrav\u00e9s dessa Presid\u00eancia, INDICAR ao Senhor Prefeito Municipal, que por meio do Departamento competente, providencie redutor de velocidade na Rua Cear\u00e1 N\u00b0 1690 com a Rua Plac\u00eddio Miranda, este local j\u00e1 ocorreu v\u00e1rios acidentes com crian\u00e7as e animais."}, {"id": "7892", "ano": "2021", "numero": "194", "tipo__sigla": "IND", "tipo__descricao": "Indica\u00e7\u00e3o", "autoria": "Jaffer Ferreira", "texto_original": "http://sapl.ivaipora.pr.leg.br/media/sapl/public/materialegislativa/2021/7892/194.pdf", "ementa": "JAFFER G.S FERREIRA, vereador infra-assinado, em pleno exerc\u00edcio de seu mandato parlamentar, vem mui respeitosamente atrav\u00e9s dessa Presid\u00eancia, INDICAR ao Senhor Prefeito Municipal, que por meio do Departamento competente, providencie a reforma no campo de futebol no Conjunto Casa Feliz."}, {"id": "7893", "ano": "2021", "numero": "195", "tipo__sigla": "IND", "tipo__descricao": "Indica\u00e7\u00e3o", "autoria": "Jaffer Ferreira", "texto_original": "http://sapl.ivaipora.pr.leg.br/media/sapl/public/materialegislativa/2021/7893/195.pdf", "ementa": "JAFFER G.S FERREIRA, vereador infra-assinado, em pleno exerc\u00edcio de seu mandato parlamentar, vem mui respeitosamente atrav\u00e9s dessa Presid\u00eancia, INDICAR ao Senhor Prefeito Municipal, que por meio do Departamento competente, providencie uma vistoria nas \u00e1rvores antigas que comp\u00f5e a arboriza\u00e7\u00e3o das vias p\u00fablicas, pois est\u00e3o colocando em risco a popula\u00e7\u00e3o de Ivaipor\u00e3."}, {"id": "7894", "ano": "2021", "numero": "196", "tipo__sigla": "IND", "tipo__descricao": "Indica\u00e7\u00e3o", "autoria": "Jaffer Ferreira", "texto_original": "http://sapl.ivaipora.pr.leg.br/media/sapl/public/materialegislativa/2021/7894/196.pdf", "ementa": "JAFFER G.S FERREIRA, vereador infra-assinado, em pleno exerc\u00edcio de seu mandato parlamentar, vem mui respeitosamente atrav\u00e9s dessa Presid\u00eancia, INDICAR ao Senhor Prefeito Municipal, que por meio do Departamento competente, providencie a substitui\u00e7\u00e3o das l\u00e2mpadas da Ilumina\u00e7\u00e3o P\u00fablica antigas por l\u00e2mpadas de Led pela melhoria dos moradores na Vila Nova Por\u00e3 (Maneco), Vila Monte Castelo e Jardim Por\u00e3 atendendo assim a reivindica\u00e7\u00e3o dos moradores daquela regi\u00e3o."}, {"id": "7895", "ano": "2021", "numero": "197", "tipo__sigla": "IND", "tipo__descricao": "Indica\u00e7\u00e3o", "autoria": "Sadi Marcondes", "texto_original": "http://sapl.ivaipora.pr.leg.br/media/sapl/public/materialegislativa/2021/7895/197.pdf", "ementa": "SADI MARCONDES MENDES, EMERSON DA SILVA BERTOTTI, vereadores infra-assinado, em pleno exerc\u00edcio de seus mandatos parlamentar, vem mui respeitosamente atrav\u00e9s dessa Presid\u00eancia, INDICAR ao Senhor Prefeito Municipal, que por meio do Departamento competente, providencie, uma limpeza na ATI (Academia da Terceira Idade) do Jardim Luiz XV, e que fa\u00e7a tamb\u00e9m uma cal\u00e7ada por toda ATI, porque a mesma est\u00e1 na terra."}, {"id": "7896", "ano": "2021", "numero": "198", "tipo__sigla": "IND", "tipo__descricao": "Indica\u00e7\u00e3o", "autoria": "Sadi Marcondes, Josane Disner, Nando Dorta", "texto_original": "http://sapl.ivaipora.pr.leg.br/media/sapl/public/materialegislativa/2021/7896/198.pdf", "ementa": "SADI MARCONDES MENDES, JOSANE G. DISNER TEIXEIRA e FERNANDO RODRIGUES DORTA, vereadores infra-assinado, em pleno exerc\u00edcio de seus mandatos parlamentares, vem mui respeitosamente atrav\u00e9s dessa Presid\u00eancia, INDICAR ao Senhor Prefeito Municipal, que por meio do Departamento competente, a solicita\u00e7\u00e3o de um estudo t\u00e9cnico para constru\u00e7\u00e3o de uma Ciclovia na Rodovia Ladislau Gil Fernandes, a pedido de alguns ciclistas que fazem seus passeios na referida rodovia a noite"}, {"id": "7897", "ano": "2021", "numero": "199", "tipo__sigla": "IND", "tipo__descricao": "Indica\u00e7\u00e3o", "autoria": "Sadi Marcondes", "texto_original": "http://sapl.ivaipora.pr.leg.br/media/sapl/public/materialegislativa/2021/7897/199.pdf", "ementa": "SADI MARCONDES MENDES, vereador infra-assinado, em pleno exerc\u00edcio de seu mandato parlamentar, vem mui respeitosamente atrav\u00e9s dessa Presid\u00eancia, INDICAR ao Senhor Prefeito Municipal, que por meio do Departamento competente providencie, a implanta\u00e7\u00e3o de um acostamento no canteiro da Avenida Estev\u00e3o Marciano dos Santos, pr\u00f3ximo ao Supermercado Suprema"}, {"id": "7898", "ano": "2021", "numero": "200", "tipo__sigla": "IND", "tipo__descricao": "Indica\u00e7\u00e3o", "autoria": "Gertrudes", "texto_original": "http://sapl.ivaipora.pr.leg.br/media/sapl/public/materialegislativa/2021/7898/200.pdf", "ementa": "GERTRUDES BERNARDY, Presidente do Legislativo e vereadora infra-assinada, em pleno exerc\u00edcio de seu mandato parlamentar, vem mui respeitosamente atrav\u00e9s dessa Presid\u00eancia, INDICAR ao Excelent\u00edssimo Senhor Prefeito Luiz Carlos Gil, para que atrav\u00e9s do departamento Competente, analise e providencie constru\u00e7\u00e3o de dois pontos de \u00d4nibus, um na Rua Durvalina Dias de Jesus, pr\u00f3ximo ao Mercado Wolf, no Bairro Vila Nova Por\u00e3, e outro na Rodovia Celso Fumio Makita, em frente ao Residencial Porto Belo, para atender as necessidades da popula\u00e7\u00e3o das localidades ditas."}, {"id": "7899", "ano": "2021", "numero": "201", "tipo__sigla": "IND", "tipo__descricao": "Indica\u00e7\u00e3o", "autoria": "Gertrudes", "texto_original": "http://sapl.ivaipora.pr.leg.br/media/sapl/public/materialegislativa/2021/7899/201.pdf", "ementa": "GERTRUDES BERNARDY, Presidente do Legislativo e vereadora infra-assinada, em pleno exerc\u00edcio de seu mandato parlamentar, vem mui respeitosamente atrav\u00e9s dessa Presid\u00eancia, INDICAR ao Excelent\u00edssimo Senhor Prefeito Luiz Carlos Gil, para que atrav\u00e9s do departamento Competente, analise e providencie a disponibiliza\u00e7\u00e3o do barrac\u00e3o que fica localizado na Rodovia Celso Fumio Makita, nas proximidades da antiga Marmoraria Arte e Gesso e Alimentos Sanches, com a finalidade de uso para agricultores que queiram comercializar seus produtos como: hortifrutigranjeiro, caf\u00e9 beneficiado, feij\u00e3o, compota, p\u00e3es e etc. A indica\u00e7\u00e3o tem o prop\u00f3sito de ter um procedimento igualit\u00e1rio ao Mercad\u00e3o Municipal e Cooperativas, com o objetivo de incentivar o pequeno e m\u00e9dio agricultor e em um futuro pr\u00f3ximo, o local se tornar uma grande central de abastecimento de hortifrutigranjeiro para Ivaipor\u00e3 e a Regi\u00e3o Central do Paran\u00e1. Segue fotos em anexo"}, {"id": "7900", "ano": "2021", "numero": "202", "tipo__sigla": "IND", "tipo__descricao": "Indica\u00e7\u00e3o", "autoria": "Gertrudes", "texto_original": "http://sapl.ivaipora.pr.leg.br/media/sapl/public/materialegislativa/2021/7900/202.pdf", "ementa": "GERTRUDES BERNARDY, Presidente do Legislativo e vereadora infra-assinada, em pleno exerc\u00edcio de seu mandato parlamentar, vem mui respeitosamente atrav\u00e9s dessa Presid\u00eancia, INDICAR ao Excelent\u00edssimo Senhor Prefeito Luiz Carlos Gil, para que atrav\u00e9s do departamento Competente, analise e providencie limpeza do terreno, cal\u00e7amento e se poss\u00edvel o plantio de grama para conter a eros\u00e3o, o terreno \u00e9 de propriedade da Prefeitura localizando-se na Avenida Melvis Muchiuti, na extens\u00e3o da C\u00e2mara Municipal at\u00e9 o CRAS (centro de refer\u00eancia de assist\u00eancia social) Segue foto em anexo"}, {"id": "7901", "ano": "2021", "numero": "203", "tipo__sigla": "IND", "tipo__descricao": "Indica\u00e7\u00e3o", "autoria": "Gertrudes, Vila Real", "texto_original": "http://sapl.ivaipora.pr.leg.br/media/sapl/public/materialegislativa/2021/7901/203.pdf", "ementa": "GERTRUDES BERNARDY, Presidente do Legislativo, e ANTONIO VILA REAL vereador infra-assinado, em pleno exerc\u00edcio de seu mandato parlamentar, vem mui respeitosamente atrav\u00e9s dessa Presid\u00eancia, INDICAR ao Excelent\u00edssimo Senhor Prefeito Luiz Carlos Gil, para que atrav\u00e9s do departamento Competente, an\u00e1lise e providencie o reparo em alguns pontos da Rodovia Nicolau Koltun, que liga o Distrito de Jacutinga a Ivaipor\u00e3, sendo averiguado a exsuda\u00e7\u00e3o do asfalto. a precariedade est\u00e1 oferecendo riscos de acidente a popula\u00e7\u00e3o. o asfalto se encontra em f\u00e1cil estado de recupera\u00e7\u00e3o, facilitando a preven\u00e7\u00e3o de agravos. Segue fotos em anexo."}, {"id": "7902", "ano": "2021", "numero": "204", "tipo__sigla": "IND", "tipo__descricao": "Indica\u00e7\u00e3o", "autoria": "Gertrudes", "texto_original": "http://sapl.ivaipora.pr.leg.br/media/sapl/public/materialegislativa/2021/7902/204.pdf", "ementa": "GERTRUDES BERNARDY, Presidente do Legislativo e vereadora infra-assinada, em pleno exerc\u00edcio de seu mandato parlamentar, vem mui respeitosamente atrav\u00e9s dessa Presid\u00eancia, INDICAR ao Excelent\u00edssimo Senhor Prefeito Luiz Carlos Gil, para que atrav\u00e9s do departamento Competente, an\u00e1lise e providencie constru\u00e7\u00e3o de um ponto de \u00f4nibus ao lado da Stara Concession\u00e1ria Agr\u00edcola, que se localiza nas proximidades do Bairro Jardim Aeroporto, reivindica\u00e7\u00e3o feita pela AMAV. (Associa\u00e7\u00e3o de Moradores dos Jardins Aeroporto e Versalhes), na pessoa do Presidente Paulo dos Santos Andreis. Segue fotos em anexo."}, {"id": "7903", "ano": "2021", "numero": "205", "tipo__sigla": "IND", "tipo__descricao": "Indica\u00e7\u00e3o", "autoria": "Carniato", "texto_original": "http://sapl.ivaipora.pr.leg.br/media/sapl/public/materialegislativa/2021/7903/205.pdf", "ementa": "JOS\u00c9 MAURINO CARNIATO, vereador infra-assinado, em pleno exerc\u00edcio de seu mandato parlamentar, vem mui respeitosamente atrav\u00e9s dessa Presid\u00eancia, INDICAR ao Senhor Prefeito Municipal, que por meio do Departamento competente para que coloque placas indicativa do HOSPITAL REGIONAL na Avenida Ladislau Gil Fernandez. Uma logo ap\u00f3s o trevo e outra em frente ao posto Catua\u00ed, a fim facilitar a identifica\u00e7\u00e3o por motorista de outras cidades. J\u00e1 ocorreu de ve\u00edculo de grande porte (Carreta) que transportava oxig\u00eanio, que deveria ser entregue no Hospital Regional, acabou por vir no centro da cidade (22\u00aa Regional da Sa\u00fade) por falta de orienta\u00e7\u00e3o no tr\u00e2nsito"}, {"id": "7904", "ano": "2021", "numero": "206", "tipo__sigla": "IND", "tipo__descricao": "Indica\u00e7\u00e3o", "autoria": "Josane Disner", "texto_original": "http://sapl.ivaipora.pr.leg.br/media/sapl/public/materialegislativa/2021/7904/206.pdf", "ementa": "JOSANE GORETE DISNER TEIXEIRA, vereadora infra-assinado, em pleno exerc\u00edcio de seu mandato parlamentar, vem mui respeitosamente atrav\u00e9s dessa Presid\u00eancia, INDICAR ao Senhor Prefeito Municipal, que por meio do Departamento competente, providencie a contrata\u00e7\u00e3o da equipe para presta\u00e7\u00e3o de servi\u00e7o eventual para o Programa de Agendamento do Castra M\u00f3vel visto que a popula\u00e7\u00e3o de c\u00e3es e gatos s\u00f3 tem aumentado em nosso munic\u00edpio. As atividades de castra\u00e7\u00e3o visam a redu\u00e7\u00e3o de n\u00famero de animais em situa\u00e7\u00e3o de abandono e sua procria\u00e7\u00e3o."}, {"id": "7905", "ano": "2021", "numero": "207", "tipo__sigla": "IND", "tipo__descricao": "Indica\u00e7\u00e3o", "autoria": "Josane Disner", "texto_original": "http://sapl.ivaipora.pr.leg.br/media/sapl/public/materialegislativa/2021/7905/207.pdf", "ementa": "JOSANE GORETE DISNER TEIXEIRA, vereadora infra-assinado, em pleno exerc\u00edcio de seu mandato parlamentar, vem mui respeitosamente atrav\u00e9s dessa Presid\u00eancia, INDICAR ao Senhor Prefeito Municipal, que por meio do Departamento competente, providencie um local adequado para a constru\u00e7\u00e3o de um novo canil, que seja analisado como uma quest\u00e3o de Sa\u00fade P\u00fablica, visando o recolhimento e acolhimento de c\u00e3es abandonados, proporcionando-lhes um local maior e aptos para abrig\u00e1-los."}, {"id": "7906", "ano": "2021", "numero": "208", "tipo__sigla": "IND", "tipo__descricao": "Indica\u00e7\u00e3o", "autoria": "Josane Disner", "texto_original": "http://sapl.ivaipora.pr.leg.br/media/sapl/public/materialegislativa/2021/7906/208.pdf", "ementa": "JOSANE GORETE DISNER TEIXEIRA, vereadora infra-assinado, em pleno exerc\u00edcio de seu mandato parlamentar, vem mui respeitosamente atrav\u00e9s dessa Presid\u00eancia, INDICAR ao Senhor Prefeito Municipal, que por meio do Departamento competente, providencie faixas de pedestres, assim como placas de sinaliza\u00e7\u00e3o na Avenida Brasil em frente a FATEC, onde h\u00e1 grande circula\u00e7\u00e3o de ve\u00edculo. A sinaliza\u00e7\u00e3o de tr\u00e2nsito informa e orienta os condutores e garante um tr\u00e2nsito mais seguro e organizado para nossa popula\u00e7\u00e3o."}, {"id": "7907", "ano": "2021", "numero": "209", "tipo__sigla": "IND", "tipo__descricao": "Indica\u00e7\u00e3o", "autoria": "Josane Disner", "texto_original": "http://sapl.ivaipora.pr.leg.br/media/sapl/public/materialegislativa/2021/7907/209.pdf", "ementa": "JOSANE GORETE DISNER TEIXEIRA, vereadora infra-assinado, em pleno exerc\u00edcio de seu mandato parlamentar, vem mui respeitosamente atrav\u00e9s dessa Presid\u00eancia, INDICAR ao Senhor Prefeito Municipal, que por meio do Departamento competente, providencie a constru\u00e7\u00e3o de uma SECRETARIA DE TRABALHO e RENDA para aproveitar as potencialidades do Munic\u00edpio e levantar a demanda da popula\u00e7\u00e3o e investir de forma sistem\u00e1tica em pol\u00edticas de gera\u00e7\u00e3o de emprego e renda, tendo como p\u00fablico alvo destas pol\u00edticas (popula\u00e7\u00e3o em situa\u00e7\u00e3o de vulnerabilidade social, com destaque para mulheres e jovens)."}, {"id": "7908", "ano": "2021", "numero": "210", "tipo__sigla": "IND", "tipo__descricao": "Indica\u00e7\u00e3o", "autoria": "Josane Disner", "texto_original": "http://sapl.ivaipora.pr.leg.br/media/sapl/public/materialegislativa/2021/7908/210.pdf", "ementa": "JOSANE GORETE DISNER TEIXEIRA, vereadora infra-assinado, em pleno exerc\u00edcio de seu mandato parlamentar, vem mui respeitosamente atrav\u00e9s dessa Presid\u00eancia, INDICAR ao Senhor Prefeito Municipal, que por meio do Departamento competente, providencie placa de sinaliza\u00e7\u00e3o de quebra mola na Rua Cear\u00e1 em frente ao n\u00famero 915, onde h\u00e1 grande circula\u00e7\u00e3o de ve\u00edculo, e os mesmo trafegam em alta velocidade ocasionado risco a nossa popula\u00e7\u00e3o."}, {"id": "7998", "ano": "2021", "numero": "211", "tipo__sigla": "IND", "tipo__descricao": "Indica\u00e7\u00e3o", "autoria": "Vila Real", "texto_original": "http://sapl.ivaipora.pr.leg.br/media/sapl/public/materialegislativa/2021/7998/211.pdf", "ementa": "ANT\u00d4NIO VILA REAL, vereador infra-assinado, em pleno exerc\u00edcio de seu mandato parlamentar, vem mui respeitosamente atrav\u00e9s dessa Presid\u00eancia, INDICAR ao Senhor Prefeito Municipal, que por meio do Departamento competente, providencie a sinaliza\u00e7\u00e3o devida com placas identificadoras de ruas do Jardim Bella Casa, tendo em vista que a sinaliza\u00e7\u00e3o de uma via \u00e9 essencial para a localiza\u00e7\u00e3o dos moradores da regi\u00e3o."}, {"id": "8000", "ano": "2021", "numero": "212", "tipo__sigla": "IND", "tipo__descricao": "Indica\u00e7\u00e3o", "autoria": "Carniato", "texto_original": "http://sapl.ivaipora.pr.leg.br/media/sapl/public/materialegislativa/2021/8000/212.pdf", "ementa": "JOS\u00c9 MAURINO CARNIATO, vereador infra-assinado, em pleno exerc\u00edcio de seu mandato parlamentar, vem mui respeitosamente atrav\u00e9s dessa Presid\u00eancia, INDICAR ao Senhor Prefeito Municipal, que por meio do Departamento competente analise e providencie a constru\u00e7\u00e3o de redutor de velocidade na Avenida Maranh\u00e3o, nos dois sentidos no entroncamento com a estrada para Jardim Ipor\u00e3. A avenida Maranh\u00e3o ap\u00f3s recape do trecho de pedra irregular tornou-se uma via onde os motoristas desenvolvem alta velocidade e, a vis\u00e3o para quem vai entrar na Avenida \u00e9 bastante comprometida nos dois sentidos. J\u00e1 houve acidente neste local."}, {"id": "8001", "ano": "2021", "numero": "213", "tipo__sigla": "IND", "tipo__descricao": "Indica\u00e7\u00e3o", "autoria": "Carniato", "texto_original": "http://sapl.ivaipora.pr.leg.br/media/sapl/public/materialegislativa/2021/8001/213.pdf", "ementa": "JOS\u00c9 MAURINO CARNIATO, vereador infra-assinado, em pleno exerc\u00edcio de seu mandato parlamentar, vem mui respeitosamente atrav\u00e9s dessa Presid\u00eancia, INDICAR ao Senhor Prefeito Municipal, que por meio do Departamento competente para que realize estudos e se entender necess\u00e1rio, providencie a altera\u00e7\u00e3o da via preferencial no cruzamento da Rua Prof.\u00aa Diva Proen\u00e7a com a Rua Felicita Rother. Hoje a preferencial e da Rua Prof.\u00aa Diva Proen\u00e7a, que \u00e9 uma plana, enquanto a Rua Felicita Rother \u00e9 inclinada e serve para a circula\u00e7\u00e3o de \u00f4nibus e outros ve\u00edculos grande, que s\u00e3o obrigados a parar no meio da subia, em fun\u00e7\u00e3o da preferencial."}, {"id": "8002", "ano": "2021", "numero": "214", "tipo__sigla": "IND", "tipo__descricao": "Indica\u00e7\u00e3o", "autoria": "Carniato", "texto_original": "http://sapl.ivaipora.pr.leg.br/media/sapl/public/materialegislativa/2021/8002/214.pdf", "ementa": "JOS\u00c9 MAURINO CARNIATO, vereador infra-assinado, em pleno exerc\u00edcio de seu mandato parlamentar, vem mui respeitosamente atrav\u00e9s dessa Presid\u00eancia, INDICAR ao Senhor Prefeito Municipal, que por meio do Departamento competente analise e providencie a constru\u00e7\u00e3o de redutor de velocidade na Rua Bahia, em frente ao Hospital Municipal, solicitado por moradores que relatam, que no local os motoristas e motociclistas est\u00e3o desenvolvendo velocidade incompat\u00edvel com a via."}, {"id": "8003", "ano": "2021", "numero": "215", "tipo__sigla": "IND", "tipo__descricao": "Indica\u00e7\u00e3o", "autoria": "Carniato", "texto_original": "http://sapl.ivaipora.pr.leg.br/media/sapl/public/materialegislativa/2021/8003/215.pdf", "ementa": "JOS\u00c9 MAURINO CARNIATO, vereador infra-assinado, em pleno exerc\u00edcio de seu mandato parlamentar, vem mui respeitosamente atrav\u00e9s dessa Presid\u00eancia, INDICAR ao Senhor Prefeito Municipal, que por meio do Departamento competente para que certifique e tome as provid\u00eancias para eliminar dep\u00f3sito de lixo que est\u00e1 se formando na estrada que liga da AABB \u00e0 antiga serraria do Adail."}, {"id": "8004", "ano": "2021", "numero": "216", "tipo__sigla": "IND", "tipo__descricao": "Indica\u00e7\u00e3o", "autoria": "Carniato", "texto_original": "http://sapl.ivaipora.pr.leg.br/media/sapl/public/materialegislativa/2021/8004/216.pdf", "ementa": "JOS\u00c9 MAURINO CARNIATO, vereador infra-assinado, em pleno exerc\u00edcio de seu mandato parlamentar, vem mui respeitosamente atrav\u00e9s dessa Presid\u00eancia, INDICAR ao Senhor Prefeito Municipal, que por meio do Departamento competente analise e providencie a constru\u00e7\u00e3o de estacionamentos no canteiro da Avenida Souza Naves, em frente a UPA e a SANEPAR."}, {"id": "8005", "ano": "2021", "numero": "217", "tipo__sigla": "IND", "tipo__descricao": "Indica\u00e7\u00e3o", "autoria": "Jaffer Ferreira", "texto_original": "http://sapl.ivaipora.pr.leg.br/media/sapl/public/materialegislativa/2021/8005/217.pdf", "ementa": "JAFFER G.S. FERREIRA, vereador infra-assinado, em pleno exerc\u00edcio de seu mandato parlamentar, vem mui respeitosamente atrav\u00e9s dessa Presid\u00eancia, INDICAR ao Senhor Prefeito Municipal, que por meio do Departamento competente, providencie uma camada asf\u00e1ltica na Avenida Castelo Branco esquina com a Rua Plac\u00eddio Miranda em frente a Copel at\u00e9 a Rua Faxinal."}, {"id": "8006", "ano": "2021", "numero": "218", "tipo__sigla": "IND", "tipo__descricao": "Indica\u00e7\u00e3o", "autoria": "Jaffer Ferreira", "texto_original": "http://sapl.ivaipora.pr.leg.br/media/sapl/public/materialegislativa/2021/8006/218.pdf", "ementa": "JAFFER G.S. FERREIRA, vereador infra-assinado, em pleno exerc\u00edcio de seu mandato parlamentar, vem mui respeitosamente atrav\u00e9s dessa Presid\u00eancia, INDICAR ao Senhor Prefeito Municipal, que por meio do Departamento competente, arrumar com urg\u00eancia buraco que est\u00e1 colocando a popula\u00e7\u00e3o em risco na Avenida Castelo Branco com a esquina da Avenida Para\u00edba. Fotos em anexo."}, {"id": "8007", "ano": "2021", "numero": "219", "tipo__sigla": "IND", "tipo__descricao": "Indica\u00e7\u00e3o", "autoria": "Fio Bertotti", "texto_original": "http://sapl.ivaipora.pr.leg.br/media/sapl/public/materialegislativa/2021/8007/219.pdf", "ementa": "EMERSON DA SILVA BERTOTTI, vereador infra-assinado, em pleno exerc\u00edcio de seu mandato parlamentar, vem mui respeitosamente atrav\u00e9s dessa Presid\u00eancia, INDICAR ao Senhor Prefeito Municipal Luiz Carlos Gil, que por meio do Departamento Competente, providencie manuten\u00e7\u00e3o e corre\u00e7\u00e3o de massa asf\u00e1ltica na rua Rio Grande do Sul, em frente ao Col\u00e9gio Barbosa Ferraz, at\u00e9 Rua Corn\u00e9lio Proc\u00f3pio."}, {"id": "8009", "ano": "2021", "numero": "220", "tipo__sigla": "IND", "tipo__descricao": "Indica\u00e7\u00e3o", "autoria": "Fio Bertotti", "texto_original": "http://sapl.ivaipora.pr.leg.br/media/sapl/public/materialegislativa/2021/8009/220.pdf", "ementa": "EMERSON DA SILVA BERTOTTI, vereador infra-assinado, em pleno exerc\u00edcio de seu mandato parlamentar, vem mui respeitosamente atrav\u00e9s dessa Presid\u00eancia, INDICAR ao Senhor Prefeito Municipal Luiz Carlos Gil, que por meio do Departamento de Competente, providencie reforma/revitaliza\u00e7\u00e3o no campo de futebol no Jardim Alto da Gl\u00f3ria, com a possibilidade da implanta\u00e7\u00e3o do projeto Meu Campinho."}, {"id": "8010", "ano": "2021", "numero": "221", "tipo__sigla": "IND", "tipo__descricao": "Indica\u00e7\u00e3o", "autoria": "Fio Bertotti", "texto_original": "http://sapl.ivaipora.pr.leg.br/media/sapl/public/materialegislativa/2021/8010/221.pdf", "ementa": "EMERSON DA SILVA BERTOTTI, vereador infra-assinado, em pleno exerc\u00edcio de seu mandato parlamentar, vem mui respeitosamente atrav\u00e9s dessa Presid\u00eancia, INDICAR ao Senhor Prefeito Municipal Luiz Carlos Gil, que por meio do Departamento competente, providencie a constru\u00e7\u00e3o de galeria pluvial na Rua Beija Flor no Distrito de Alto Por\u00e3, pois moradores relatam que em dias de chuva mais forte, a enxurrada leva terra para dentro das casas."}, {"id": "8011", "ano": "2021", "numero": "222", "tipo__sigla": "IND", "tipo__descricao": "Indica\u00e7\u00e3o", "autoria": "Fio Bertotti", "texto_original": "http://sapl.ivaipora.pr.leg.br/media/sapl/public/materialegislativa/2021/8011/222.pdf", "ementa": "EMERSON DA SILVA BERTOTTI, vereador infra-assinado, em pleno exerc\u00edcio de seu mandato parlamentar, vem mui respeitosamente atrav\u00e9s dessa Presid\u00eancia, INDICAR ao Senhor Prefeito Municipal Luiz Carlos Gil, que por meio do Departamento de competente, providencie a constru\u00e7\u00e3o de um Est\u00e1dio Municipal de Futebol, a fim de incentivar e resgatar os tempos \u00e1ureos do futebol amador de Ivaipor\u00e3"}, {"id": "8012", "ano": "2021", "numero": "223", "tipo__sigla": "IND", "tipo__descricao": "Indica\u00e7\u00e3o", "autoria": "Fio Bertotti", "texto_original": "http://sapl.ivaipora.pr.leg.br/media/sapl/public/materialegislativa/2021/8012/223.pdf", "ementa": "EMERSON DA SILVA BERTOTTI, vereador infra-assinado, em pleno exerc\u00edcio de seu mandato parlamentar, vem mui respeitosamente atrav\u00e9s dessa Presid\u00eancia, INDICAR ao Senhor Prefeito Municipal Luiz Carlos Gil, que por meio do Departamento de competente, providencie patrolamento da estrada em frente \u00e0 Igreja da \u00c1gua da Laranjeira, que liga a estrada do Santa B\u00e1rbara."}, {"id": "8013", "ano": "2021", "numero": "224", "tipo__sigla": "IND", "tipo__descricao": "Indica\u00e7\u00e3o", "autoria": "Gertrudes", "texto_original": "http://sapl.ivaipora.pr.leg.br/media/sapl/public/materialegislativa/2021/8013/224.pdf", "ementa": "GERTRUDES BERNARDY, Presidente do Legislativo e vereadora infra-assinado, em pleno exerc\u00edcio de seu mandato parlamentar, vem mui respeitosamente atrav\u00e9s dessa Presid\u00eancia, INDICAR ao Senhor Prefeito Municipal Luiz Carlos Gil, que por meio do Departamento Competente, analise e providencie pedras irregulares na estrada do Pindauvinha."}, {"id": "8014", "ano": "2021", "numero": "225", "tipo__sigla": "IND", "tipo__descricao": "Indica\u00e7\u00e3o", "autoria": "Gertrudes", "texto_original": "http://sapl.ivaipora.pr.leg.br/media/sapl/public/materialegislativa/2021/8014/225.pdf", "ementa": "GERTRUDES BERNARDY, Presidente do Legislativo e vereadora infra-assinado, em pleno exerc\u00edcio de seu mandato parlamentar, vem mui respeitosamente atrav\u00e9s dessa Presid\u00eancia, INDICAR ao Senhor Prefeito Municipal Luiz Carlos Gil, que por meio do Departamento Competente, providencie reparos na cobertura da quadra do Jacutinga e pintura nos vesti\u00e1rios. Segue fotos em anexo."}, {"id": "8015", "ano": "2021", "numero": "226", "tipo__sigla": "IND", "tipo__descricao": "Indica\u00e7\u00e3o", "autoria": "Gertrudes", "texto_original": "http://sapl.ivaipora.pr.leg.br/media/sapl/public/materialegislativa/2021/8015/226.pdf", "ementa": "GERTRUDES BERNARDY, Presidente do Legislativo e vereadora infra-assinado, em pleno exerc\u00edcio de seu mandato parlamentar, vem mui respeitosamente atrav\u00e9s dessa Presid\u00eancia, INDICAR ao Senhor Prefeito Municipal Luiz Carlos Gil, que por meio do Departamento Competente, analise e providencie a compra de um Monitor Card\u00edaco Hospitalar."}, {"id": "8016", "ano": "2021", "numero": "227", "tipo__sigla": "IND", "tipo__descricao": "Indica\u00e7\u00e3o", "autoria": "Gertrudes", "texto_original": "http://sapl.ivaipora.pr.leg.br/media/sapl/public/materialegislativa/2021/8016/227.pdf", "ementa": "GERTRUDES BERNARDY, Presidente do Legislativo e vereadora infra-assinado, em pleno exerc\u00edcio de seu mandato parlamentar, vem mui respeitosamente atrav\u00e9s dessa Presid\u00eancia, INDICAR ao Senhor Prefeito Municipal Luiz Carlos Gil, que por meio do Departamento Competente, analise e providencie a manuten\u00e7\u00e3o de tapa buraco na Rua Alvorada, pr\u00f3ximo ao dep\u00f3sito de doce Bom Jesus, ao lado do cemit\u00e9rio, sentindo ao Jardim Alvorada, a rua tem v\u00e1rios buracos, prejudicando os moradores da localidade dita. Segue fotos em anexo"}, {"id": "8017", "ano": "2021", "numero": "228", "tipo__sigla": "IND", "tipo__descricao": "Indica\u00e7\u00e3o", "autoria": "Jaffer Ferreira", "texto_original": "http://sapl.ivaipora.pr.leg.br/media/sapl/public/materialegislativa/2021/8017/228.pdf", "ementa": "JAFFER G.S. FERREIRA, vereador infra-assinado, em pleno exerc\u00edcio de seu mandato parlamentar, vem mui respeitosamente atrav\u00e9s dessa Presid\u00eancia, INDICAR ao Senhor Prefeito Municipal, que por meio do Departamento competente, colocar no projeto do Parque de Exposi\u00e7\u00e3o uma pista de la\u00e7o. Em conversa informal com o Bruno d\u00e1 para fazer uma de 140X50, para todas as modalidades la\u00e7o de bezerros e team rope. Fotos em anexos"}, {"id": "8018", "ano": "2021", "numero": "229", "tipo__sigla": "IND", "tipo__descricao": "Indica\u00e7\u00e3o", "autoria": "Jaffer Ferreira", "texto_original": "http://sapl.ivaipora.pr.leg.br/media/sapl/public/materialegislativa/2021/8018/229.pdf", "ementa": "JAFFER G.S. FERREIRA, vereador infra-assinado, em pleno exerc\u00edcio de seu mandato parlamentar, vem mui respeitosamente atrav\u00e9s dessa Presid\u00eancia, INDICAR ao Senhor Prefeito Municipal, que por meio do Departamento competente, providencie uma limpeza nas Ruas do Distrito do Alto Por\u00e3, principalmente a Rua das Mamonas. Se poss\u00edvel informar os propriet\u00e1rios dos terrenos que tome uma provid\u00eancia quanto a limpeza dos terrenos, pois h\u00e1 muito mato podendo se tornar um criadouro de insetos e animais pe\u00e7onhentos (escorpi\u00e3o, cobras, ratos e baratas) e (mosquito da dengue). Fotos em anexo"}, {"id": "8019", "ano": "2021", "numero": "230", "tipo__sigla": "IND", "tipo__descricao": "Indica\u00e7\u00e3o", "autoria": "Jaffer Ferreira", "texto_original": "http://sapl.ivaipora.pr.leg.br/media/sapl/public/materialegislativa/2021/8019/230.pdf", "ementa": "JAFFER G.S FERREIRA, vereador infra-assinado, em pleno exerc\u00edcio de seu mandato parlamentar, vem mui respeitosamente atrav\u00e9s dessa Presid\u00eancia, INDICAR ao Senhor Prefeito Municipal, que por meio do Departamento competente, providencie 2 (dois) redutores de velocidade na Rua Ol\u00e1vo Bilac, na Vila Vidal, este local se encontra com fluxo grande de carros e motos, se for poss\u00edvel fazer um estudo nesta rua em dois lugares apropriado para instala\u00e7\u00e3o dos redutores de velocidade"}, {"id": "8020", "ano": "2021", "numero": "231", "tipo__sigla": "IND", "tipo__descricao": "Indica\u00e7\u00e3o", "autoria": "Josane Disner", "texto_original": "http://sapl.ivaipora.pr.leg.br/media/sapl/public/materialegislativa/2021/8020/231.pdf", "ementa": "JOSANE GORETE DISNER TEIXEIRA, vereadora infra-assinado, em pleno exerc\u00edcio de seu mandato parlamentar, vem mui respeitosamente atrav\u00e9s dessa Presid\u00eancia, INDICAR ao Senhor Prefeito Municipal, que por meio do Departamento competente, providencie um estudo para a redu\u00e7\u00e3o da taxa de ilumina\u00e7\u00e3o p\u00fablica de nossa cidade. A taxa de ilumina\u00e7\u00e3o constante nas contas de luz tem acarretado uma grande afli\u00e7\u00e3o em nossa popula\u00e7\u00e3o, pois os valores est\u00e3o muito altos, e nesse tempo de crise e muito desemprego as fam\u00edlias est\u00e3o sofrendo com uma taxa t\u00e3o abusiva."}, {"id": "8068", "ano": "2021", "numero": "232", "tipo__sigla": "IND", "tipo__descricao": "Indica\u00e7\u00e3o", "autoria": "Josane Disner", "texto_original": "http://sapl.ivaipora.pr.leg.br/media/sapl/public/materialegislativa/2021/8068/232.pdf", "ementa": "JOSANE GORETE DISNER TEIXEIRA, vereadora infra-assinado, em pleno exerc\u00edcio de seu mandato parlamentar, vem mui respeitosamente atrav\u00e9s dessa Presid\u00eancia, INDICAR ao Senhor Prefeito Municipal, que por meio do Departamento competente, providencie que o intervalo de tempo do Sem\u00e1foro da Avenida Paran\u00e1 em frente a \u201cQuero Mais\u201d, volte para os 4 tempos, pois h\u00e1 muita reclama\u00e7\u00e3o na troca. O anterior funcionava muito bem, pois pelo grande fluxo de carros que por ali passam ficou mais complicado fazer as manobras devida, a mudan\u00e7a s\u00f3 ir\u00e1 melhorar a trafegabilidade de ve\u00edculos e pedestres."}, {"id": "8069", "ano": "2021", "numero": "233", "tipo__sigla": "IND", "tipo__descricao": "Indica\u00e7\u00e3o", "autoria": "Josane Disner, Carniato", "texto_original": "http://sapl.ivaipora.pr.leg.br/media/sapl/public/materialegislativa/2021/8069/233.pdf", "ementa": "JOSANE GORETE DISNER TEIXEIRA e JOS\u00c9 MAURINO CARNIATO, vereadores infra-assinado, em pleno exerc\u00edcio de seu mandato parlamentar, vem mui respeitosamente atrav\u00e9s dessa Presid\u00eancia, INDICAR ao Senhor Prefeito Municipal, que por meio do Departamento competente, providencie a contrata\u00e7\u00e3o de um agente de sa\u00fade para, atender a regi\u00e3o do Pindauvinha (Alto Por\u00e3), Campo Novo, Santa Terezinha (Santa Barbara) onde se encontram descobertas, sabemos que os agentes atuam como membro da equipe de sa\u00fade, da unidade de sa\u00fade familiar, respons\u00e1vel por cadastramento de todas as pessoas, desenvolvendo atividades de promo\u00e7\u00e3o de sa\u00fade, mantendo um elo entre a popula\u00e7\u00e3o e as unidades de sa\u00fade, servi\u00e7o necess\u00e1rio principalmente nesse momento de pandemia."}, {"id": "8071", "ano": "2021", "numero": "234", "tipo__sigla": "IND", "tipo__descricao": "Indica\u00e7\u00e3o", "autoria": "Josane Disner", "texto_original": "http://sapl.ivaipora.pr.leg.br/media/sapl/public/materialegislativa/2021/8071/234.pdf", "ementa": "JOSANE GORETE DISNER TEIXEIRA, vereadora infra-assinado, em pleno exerc\u00edcio de seu mandato parlamentar, vem mui respeitosamente atrav\u00e9s dessa Presid\u00eancia, INDICAR ao Senhor Prefeito Municipal, que por meio do Departamento competente, providencie a reforma dos trapiches no Lago Residencial de Furnas, pois os mesmos se encontram deteriorados."}, {"id": "8072", "ano": "2021", "numero": "235", "tipo__sigla": "IND", "tipo__descricao": "Indica\u00e7\u00e3o", "autoria": "Vila Real, Carniato", "texto_original": "http://sapl.ivaipora.pr.leg.br/media/sapl/public/materialegislativa/2021/8072/235.pdf", "ementa": "ANTONIO VILA REAL e JOS\u00c9 MAURINO CARNIATO, vereadores infra-assinados, em pleno exerc\u00edcio de seus mandatos parlamentares, v\u00eam mui respeitosamente atrav\u00e9s dessa Presid\u00eancia, INDICAR ao Senhor Prefeito Municipal Luiz Carlos Gil, que por meio do Departamento competente, providencie a abertura de um Po\u00e7o Artesiano para atender as comunidades do Banco de Areia e Proc\u00f3pio, no Distrito de Santa B\u00e1rbara. Os moradores da comunidade, dentre eles o Srs. Daniel C\u00e2ndido de Souza e Jos\u00e9 Bergamaschi Neto, relatam que em per\u00edodo prolongado de seca est\u00e1 faltando \u00e1gua at\u00e9 para o consumo humano e trazendo dificuldades, em especial aos produtores de leite."}, {"id": "8073", "ano": "2021", "numero": "236", "tipo__sigla": "IND", "tipo__descricao": "Indica\u00e7\u00e3o", "autoria": "Nando Dorta", "texto_original": "http://sapl.ivaipora.pr.leg.br/media/sapl/public/materialegislativa/2021/8073/236.pdf", "ementa": "FERNANDO RODRIGUES DORTA, vereador infra-assinado, em pleno exerc\u00edcio de seu mandato parlamentar, vem mui respeitosamente atrav\u00e9s dessa Presid\u00eancia, INDICAR ao Senhor Prefeito Municipal, Luiz Carlos Gil, que por meio do Departamento Competente seja realizado um estudo a respeito da possiblidade da implanta\u00e7\u00e3o de faixa elevada ou redutor de velocidades na Rua Emilio Ganzert, em frente ao Hospital do Rim (pr\u00f3ximo a Urocl\u00ednica), devido ao intenso fluxo de ve\u00edculos neste local."}, {"id": "8075", "ano": "2021", "numero": "237", "tipo__sigla": "IND", "tipo__descricao": "Indica\u00e7\u00e3o", "autoria": "Gertrudes", "texto_original": "http://sapl.ivaipora.pr.leg.br/media/sapl/public/materialegislativa/2021/8075/237.pdf", "ementa": "GERTRUDES BERNARDY, Presidente do Legislativo e vereadora infra-assinado, em pleno exerc\u00edcio de seu mandato parlamentar, vem mui respeitosamente atrav\u00e9s dessa Presid\u00eancia, INDICAR ao Senhor Prefeito Municipal Luiz Carlos Gil, que por meio do Departamento Competente, analise e providencie a constru\u00e7\u00e3o de uma Trilha Ecol\u00f3gica no Parque Natural Municipal Mata do Placidio."}, {"id": "8076", "ano": "2021", "numero": "238", "tipo__sigla": "IND", "tipo__descricao": "Indica\u00e7\u00e3o", "autoria": "Nando Dorta", "texto_original": "http://sapl.ivaipora.pr.leg.br/media/sapl/public/materialegislativa/2021/8076/238.pdf", "ementa": "FERNANDO RODRIGUES DORTA, vereador infra-assinado, em pleno exerc\u00edcio de seu mandato parlamentar, vem mui respeitosamente atrav\u00e9s dessa Presid\u00eancia, INDICAR ao Senhor Prefeito Municipal, que por meio do Departamento competente, providencie um redutor de velocidades na rua Plac\u00eddio Miranda, no jardim Versalhes (em frente a mata do Pl\u00e1cido), onde muitos carros trafegam em alta velocidade."}, {"id": "8077", "ano": "2021", "numero": "239", "tipo__sigla": "IND", "tipo__descricao": "Indica\u00e7\u00e3o", "autoria": "Gertrudes", "texto_original": "http://sapl.ivaipora.pr.leg.br/media/sapl/public/materialegislativa/2021/8077/239.pdf", "ementa": "GERTRUDES BERNARDY, Presidente do Legislativo e vereadora infra-assinado, em pleno exerc\u00edcio de seu mandato parlamentar, vem mui respeitosamente atrav\u00e9s dessa Presid\u00eancia, INDICAR ao Senhor Prefeito Municipal Luiz Carlos Gil, que por meio do Departamento Competente, analise e providencie a constru\u00e7\u00e3o de um sal\u00e3o comunit\u00e1rio da Vila Monte Castelo."}, {"id": "8078", "ano": "2021", "numero": "240", "tipo__sigla": "IND", "tipo__descricao": "Indica\u00e7\u00e3o", "autoria": "Jaffer Ferreira", "texto_original": "http://sapl.ivaipora.pr.leg.br/media/sapl/public/materialegislativa/2021/8078/240.pdf", "ementa": "JAFFER G.S. FERREIRA, vereador infra-assinado, em pleno exerc\u00edcio de seu mandato parlamentar, vem mui respeitosamente atrav\u00e9s dessa Presid\u00eancia, INDICAR ao Senhor Prefeito Municipal, que por meio do Departamento competente, com urg\u00eancia passar a m\u00e1quina para retirar o mato, arrumar os buracos da rua que est\u00e1 colocando a popula\u00e7\u00e3o em risco e tamb\u00e9m providenciar tampa do bueiro, na Rua Dirceu Ant\u00f4nio Correia de Melo no Bairro Vila Nova Por\u00e3. Fotos em anexo;"}, {"id": "8079", "ano": "2021", "numero": "241", "tipo__sigla": "IND", "tipo__descricao": "Indica\u00e7\u00e3o", "autoria": "Jaffer Ferreira", "texto_original": "http://sapl.ivaipora.pr.leg.br/media/sapl/public/materialegislativa/2021/8079/241.pdf", "ementa": "JAFFER G. S. FERREIRA, vereador infra-assinado, em pleno exerc\u00edcio de seu mandato parlamentar, vem mui respeitosamente atrav\u00e9s dessa Presid\u00eancia, INDICAR ao Senhor Prefeito Municipal, que por meio do Departamento competente, providencie faixas de estacionamento para carros e motos separados na Avenida Apar\u00edcio Bitencourt em frente dos quiosques no lago Jardim Bot\u00e2nico."}, {"id": "8080", "ano": "2021", "numero": "242", "tipo__sigla": "IND", "tipo__descricao": "Indica\u00e7\u00e3o", "autoria": "Jaffer Ferreira", "texto_original": "http://sapl.ivaipora.pr.leg.br/media/sapl/public/materialegislativa/2021/8080/242.pdf", "ementa": "JAFFER G. S. FERREIRA, vereador infra-assinado, em pleno exerc\u00edcio de seu mandato parlamentar, vem mui respeitosamente atrav\u00e9s dessa Presid\u00eancia, INDICAR ao Senhor Prefeito Municipal, que por meio do Departamento competente, providencie um redutor de velocidade na Rua J\u00falio Guerra pr\u00f3ximo ao n\u00famero 360 na Vila Jo\u00e3o XVIII, este local se encontra com muito fluxo de carros e motos."}, {"id": "8081", "ano": "2021", "numero": "243", "tipo__sigla": "IND", "tipo__descricao": "Indica\u00e7\u00e3o", "autoria": "Carniato", "texto_original": "http://sapl.ivaipora.pr.leg.br/media/sapl/public/materialegislativa/2021/8081/243.pdf", "ementa": "JOS\u00c9 MAURINO CARNIATO, vereador infra-assinado, em pleno exerc\u00edcio de seu mandato parlamentar, vem mui respeitosamente atrav\u00e9s dessa Presid\u00eancia, INDICAR ao Senhor Prefeito Municipal Luiz Carlos Gil, que por meio do Departamento competente, providencie pintura das faixas de pedestre nos cruzamento da Rua Orlando Burato com Avenida Souza Naves \u2013 lado de baixo da rodovi\u00e1ria; Rua Francisco Jacob Goedert com Avenida Souza Naves; Rua Corn\u00e9lio Proc\u00f3pio com Avenida Souza Naves e Avenida Pedro Goedert com Avenida Souza Naves. Os cruzamentos apresentados requerem cuidados especiais, pois h\u00e1 neles um fluxo grande de pessoas com mobilidade reduzida: idosos, pessoas doentes que buscam tratamento nas cl\u00ednicas localizadas nessa Avenida e alunos especiais que estudam na APAE. Fotos em anexo;"}, {"id": "8082", "ano": "2021", "numero": "244", "tipo__sigla": "IND", "tipo__descricao": "Indica\u00e7\u00e3o", "autoria": "Carniato", "texto_original": "http://sapl.ivaipora.pr.leg.br/media/sapl/public/materialegislativa/2021/8082/244.pdf", "ementa": "JOS\u00c9 MAURINO CARNIATO, vereador infra-assinado, em pleno exerc\u00edcio de seu mandato parlamentar, vem mui respeitosamente atrav\u00e9s dessa Presid\u00eancia, INDICAR ao Senhor Prefeito Municipal, para que providencie adequa\u00e7\u00e3o e cascalhamento na estrada do Formoso (estrada a esquerda, logo ap\u00f3s a Torre da Tim na estrada da Santa B\u00e1rbara). \u00c9 uma estrada \u00edngreme, com aproximadamente 1500 (mil e quinhentos) metros, onde reside v\u00e1rios moradores, dentre eles os Senhores: Jo\u00e3o Magri Neto e Miguel Verenka Lauber."}, {"id": "8083", "ano": "2021", "numero": "245", "tipo__sigla": "IND", "tipo__descricao": "Indica\u00e7\u00e3o", "autoria": "Carniato", "texto_original": "http://sapl.ivaipora.pr.leg.br/media/sapl/public/materialegislativa/2021/8083/245.pdf", "ementa": "JOS\u00c9 MAURINO CARNIATO, vereador infra-assinado, em pleno exerc\u00edcio de seu mandato parlamentar, vem mui respeitosamente atrav\u00e9s dessa Presid\u00eancia, INDICAR ao Senhor Prefeito Municipal, para que providencie manuten\u00e7\u00e3o e reparo no cascalhamento da estrada que liga a estrada da Laranjeira ao contraforte do Alecrim ao Gerson. E cascalhamento do contraforte Alecrim ao Gerson, que embora seja terreno plano, em dias de chuva torna-se muito escorregadio dificultando o tr\u00e2nsito dos ve\u00edculos, especialmente dos ve\u00edculos pesados."}, {"id": "8085", "ano": "2021", "numero": "246", "tipo__sigla": "IND", "tipo__descricao": "Indica\u00e7\u00e3o", "autoria": "Carniato", "texto_original": "http://sapl.ivaipora.pr.leg.br/media/sapl/public/materialegislativa/2021/8085/246.pdf", "ementa": "JOS\u00c9 MAURINO CARNIATO, vereador infra-assinado, em pleno exerc\u00edcio de seu mandato parlamentar, vem mui respeitosamente atrav\u00e9s dessa Presid\u00eancia, INDICAR ao Senhor Prefeito Municipal Luiz Carlos Gil, para que providencie a constru\u00e7\u00e3o da cal\u00e7ada na entrada da Farm\u00e1cia do Centro Municipal da Sa\u00fade. As condi\u00e7\u00f5es que a cal\u00e7ada se encontra no momento est\u00e1 dificultando acesso de cadeirantes e de pessoas com mobilidade reduzida, que precisam buscar atendimento naquele local. Fotos em anexo;"}, {"id": "8087", "ano": "2021", "numero": "247", "tipo__sigla": "IND", "tipo__descricao": "Indica\u00e7\u00e3o", "autoria": "Carniato", "texto_original": "http://sapl.ivaipora.pr.leg.br/media/sapl/public/materialegislativa/2021/8087/247.pdf", "ementa": "JOS\u00c9 MAURINO CARNIATO, vereador infra-assinado, em pleno exerc\u00edcio de seu mandato parlamentar, vem mui respeitosamente atrav\u00e9s dessa Presid\u00eancia, INDICAR ao Senhor Prefeito Municipal Luiz Carlos Gil, para que: providencie reforma e pintura no Centro Municipal da Sa\u00fade, localizado na Avenida Souza Naves. As condi\u00e7\u00f5es que o pr\u00e9dio se apresenta no momento requer reparos e/ou troca de parte do telhado, reforma em v\u00e1rias salas para corrigir deteriora\u00e7\u00e3o das paredes, cal\u00e7adas com piso soltos e quebrados. As instala\u00e7\u00f5es requerem pintura nova (anexo fotos do local)."}, {"id": "8088", "ano": "2021", "numero": "248", "tipo__sigla": "IND", "tipo__descricao": "Indica\u00e7\u00e3o", "autoria": "Sadi Marcondes", "texto_original": "http://sapl.ivaipora.pr.leg.br/media/sapl/public/materialegislativa/2021/8088/248.pdf", "ementa": "SADI MARCONDES MENDES, vereador infra-assinado, em pleno exerc\u00edcio de seu mandato parlamentar, vem mui respeitosamente atrav\u00e9s dessa Presid\u00eancia, INDICAR ao Senhor Prefeito Municipal, que por meio do Departamento competente analise a possiblidade do munic\u00edpio estar firmando conv\u00eanios/parcerias com as cl\u00ednicas veterin\u00e1rias de Ivaipor\u00e3 para assistenciar os c\u00e3es e gatos que vivem em estado de abandono de nossa cidade."}, {"id": "8090", "ano": "2021", "numero": "249", "tipo__sigla": "IND", "tipo__descricao": "Indica\u00e7\u00e3o", "autoria": "Jaffer Ferreira", "texto_original": "http://sapl.ivaipora.pr.leg.br/media/sapl/public/materialegislativa/2021/8090/249.pdf", "ementa": "JAFFER G. S. FERREIRA, vereador infra-assinado, em pleno exerc\u00edcio de seu mandato parlamentar, vem mui respeitosamente atrav\u00e9s dessa Presid\u00eancia, INDICAR ao Senhor Prefeito Municipal, que por meio do Departamento competente, providencie uma camada de asf\u00e1ltica, onde se fizer necess\u00e1rio nas ruas Osvaldo Cruz, Visconde do Rio Branco, General Os\u00f3rio, Jos\u00e9 Rabaneda, Henrique Tomacheski, localizadas no Jardim Imperial, Jardim Bras\u00edlia e na Vila Jo\u00e3o XXIII."}, {"id": "8091", "ano": "2021", "numero": "250", "tipo__sigla": "IND", "tipo__descricao": "Indica\u00e7\u00e3o", "autoria": "Josane Disner", "texto_original": "http://sapl.ivaipora.pr.leg.br/media/sapl/public/materialegislativa/2021/8091/250.pdf", "ementa": "JOSANE GORETE DISNER TEIXEIRA, vereadora infra-assinado, em pleno exerc\u00edcio de seu mandato parlamentar, vem mui respeitosamente atrav\u00e9s dessa Presid\u00eancia, INDICAR ao Senhor Prefeito Municipal, que por meio do Departamento competente, providencie a constru\u00e7\u00e3o de um campo de Bocha no Bairro Vila Jo\u00e3o XXIII e Vila Nova Por\u00e3. Uma vez que nossos idosos necessitam utilizar o tempo livre da melhor forma poss\u00edvel, diminuir o estresse, a depress\u00e3o, melhorar e cultivar bons pensamentos, manter a mente estimulada, ativa e produtiva, movimentar o corpo e a mente, podendo ter um tempo de distra\u00e7\u00e3o, socializa\u00e7\u00e3o, fazer amizades, passar horas agrad\u00e1veis com amigos e vizinhos."}, {"id": "8092", "ano": "2021", "numero": "251", "tipo__sigla": "IND", "tipo__descricao": "Indica\u00e7\u00e3o", "autoria": "Josane Disner", "texto_original": "http://sapl.ivaipora.pr.leg.br/media/sapl/public/materialegislativa/2021/8092/251.pdf", "ementa": "JOSANE GORETE DISNER TEIXEIRA, vereadora infra-assinado, em pleno exerc\u00edcio de seu mandato parlamentar, vem mui respeitosamente atrav\u00e9s dessa Presid\u00eancia, INDICAR ao Senhor Prefeito Municipal, que por meio do Departamento competente, providencie com urg\u00eancia a acessibilidade na atual sede do Conselho Tutelar para as pessoas com defici\u00eancia (cadeirantes). Os conselheiros quando os recebem fazem o atendimento na rua, pois n\u00e3o h\u00e1 entrada para os mesmos."}, {"id": "8355", "ano": "2021", "numero": "252", "tipo__sigla": "IND", "tipo__descricao": "Indica\u00e7\u00e3o", "autoria": "Josane Disner", "texto_original": "http://sapl.ivaipora.pr.leg.br/media/sapl/public/materialegislativa/2021/8355/252.pdf", "ementa": "INDICAR ao Senhor Prefeito Municipal, que por meio do Departamento competente, providencie a constru\u00e7\u00e3o de uma abertura no canteiro central para facilitar a passagem dos pedestres entre as vias da Avenida Tancredo Neves (em frente a Cl\u00ednica HM \u2013 Dr\u00b0 Humberto Moreira). Al\u00e9m da sinaliza\u00e7\u00e3o horizontal e vertical da mesma. O local \u00e9 de grande fluxo de pedestres em certos hor\u00e1rios do dia e h\u00e1 grande dificuldade para travessia entre as vias no local citado."}, {"id": "8367", "ano": "2021", "numero": "253", "tipo__sigla": "IND", "tipo__descricao": "Indica\u00e7\u00e3o", "autoria": "Fio Bertotti", "texto_original": "http://sapl.ivaipora.pr.leg.br/media/sapl/public/materialegislativa/2021/8367/253.pdf", "ementa": "INDICAR ao Senhor Prefeito Municipal Luiz Carlos Gil, que por meio do Departamento Competente, providencie manuten\u00e7\u00e3o e corre\u00e7\u00e3o de massa asf\u00e1ltica na Rua Ponta Grossa, come\u00e7ando na Avenida Brasil, at\u00e9 Rua Juarez Cleve."}, {"id": "8368", "ano": "2021", "numero": "254", "tipo__sigla": "IND", "tipo__descricao": "Indica\u00e7\u00e3o", "autoria": "Fio Bertotti", "texto_original": "http://sapl.ivaipora.pr.leg.br/media/sapl/public/materialegislativa/2021/8368/254.pdf", "ementa": "INDICAR ao Senhor Prefeito Municipal Luiz Carlos Gil, que por meio do Departamento de Competente, providencie a coloca\u00e7\u00e3o de um redutor de velocidade (quebra mola), na Rua Augusto Urbanski em frete ao DETRAN."}, {"id": "8369", "ano": "2021", "numero": "255", "tipo__sigla": "IND", "tipo__descricao": "Indica\u00e7\u00e3o", "autoria": "Fio Bertotti", "texto_original": "http://sapl.ivaipora.pr.leg.br/media/sapl/public/materialegislativa/2021/8369/255.pdf", "ementa": "INDICAR ao Senhor Prefeito Municipal Luiz Carlos Gil, que por meio do Departamento de competente, providencie manuten\u00e7\u00e3o e corre\u00e7\u00e3o de massa asf\u00e1ltica da Rua Rio Grande do Sul, come\u00e7ando na Avenida Para\u00edba at\u00e9 a Avenida Paran\u00e1."}, {"id": "8370", "ano": "2021", "numero": "256", "tipo__sigla": "IND", "tipo__descricao": "Indica\u00e7\u00e3o", "autoria": "Fio Bertotti", "texto_original": "http://sapl.ivaipora.pr.leg.br/media/sapl/public/materialegislativa/2021/8370/256.pdf", "ementa": "INDICAR ao Senhor Prefeito Municipal Luiz Carlos Gil, que por meio do Departamento competente, providencie o patrolamento e cascalhamento da estrada da capita\u00e7\u00e3o de \u00e1gua da Sanepar Rua da Caixa D`\u00c1gua, pr\u00f3ximo ao cemit\u00e9rio, moradores relatam que est\u00e1 bem complicado trafegar principalmente em dias de chuva."}, {"id": "8371", "ano": "2021", "numero": "257", "tipo__sigla": "IND", "tipo__descricao": "Indica\u00e7\u00e3o", "autoria": "Nando Dorta", "texto_original": "http://sapl.ivaipora.pr.leg.br/media/sapl/public/materialegislativa/2021/8371/257.pdf", "ementa": "INDICAR ao Senhor Prefeito Municipal, que por meio do Departamento competente, providencie dois quebra-molas, na Avenida Espanha (ap\u00f3s o Hospital Regional) onde muitos carros trafegam alta velocidades."}, {"id": "8372", "ano": "2021", "numero": "258", "tipo__sigla": "IND", "tipo__descricao": "Indica\u00e7\u00e3o", "autoria": "Josane Disner", "texto_original": "http://sapl.ivaipora.pr.leg.br/media/sapl/public/materialegislativa/2021/8372/258.pdf", "ementa": "INDICAR ao Senhor Prefeito Municipal, que por meio do Departamento competente, providencie com urg\u00eancia melhorias na Rua Ura\u00ed esquina com a Rua Feliciano Vidal, Vila Nova Por\u00e3."}, {"id": "8406", "ano": "2021", "numero": "259", "tipo__sigla": "IND", "tipo__descricao": "Indica\u00e7\u00e3o", "autoria": "Nando Dorta, Carniato, Fio Bertotti, Gertrudes, Jaffer Ferreira, Josane Disner, Sab\u00e3o - Edivaldo Montanheri, Sadi Marcondes, Vila Real", "texto_original": "http://sapl.ivaipora.pr.leg.br/media/sapl/public/materialegislativa/2021/8406/259.pdf", "ementa": "providencie a pavimenta\u00e7\u00e3o poli\u00e9drica (pedras irregulares): \u2022 Nas Ruas Realeza, Matel\u00e2ndia e Bulha, localizadas no Jardim Alvorada; \u2022 Ruas Mambor\u00ea, Cascavel, Peabiru, Prudent\u00f3polis, Tibagi, Curi\u00fava, Sapopema, Armando Presa, C\u00e9u Azul e Umuarama localizadas no Jardim Paran\u00e1; \u2022 Rua Plac\u00eddio Mirando no Jardim Aeroporto; \u2022 Ruas Pol\u00f4nia, B\u00e9lgica e Ucrania localizadas no Jardim Europa; \u2022 Ruas Cust\u00f3dio de Melo, Dom Jo\u00e3o VI e Vicente Machado, localizadas no Jardim Luiz XV; \u2022 Rua Magalh\u00e3es Pinto, na Vila Oper\u00e1ria; \u2022 Rua Magno Felix da Silva, Vila Santa Maria; \u2022 Ruas Eug\u00eanio homenzuck, Jupi\u00e1, Chopin e Casinhas, no Jardim Itaipu; \u2022 Rua Bas\u00edlio Verenka, Vila Bandeirantes; \u2022 Ruas Fluminense, Andari, Gavea, S\u00e3o Cristov\u00e3o, Bom Sucesso e Maracan\u00e3, localizadas no Jardim Guanabara II; \u2022 Rua Sebasti\u00e3o Fag\u00e1 e Luiz Fabo, na Col\u00f4nia da Prefeitura; \u2022 Ruas Vereador Jo\u00e3o Costa e Dirceu Correia Mello, na Vila Nova Por\u00e3 I; \u2022 Ruas \u201cA\u201d, Bem te vi, Vereador Joanino Bevilaqua e Ivaipor\u00e3..."}, {"id": "8407", "ano": "2021", "numero": "260", "tipo__sigla": "IND", "tipo__descricao": "Indica\u00e7\u00e3o", "autoria": "Gertrudes", "texto_original": "http://sapl.ivaipora.pr.leg.br/media/sapl/public/materialegislativa/2021/8407/260.pdf", "ementa": "INDICAR ao Senhor Prefeito Municipal Luiz Carlos Gil, que por meio do Departamento Competente, analise e providencie a desloca\u00e7\u00e3o da Biblioteca P\u00fablica Municipal para a antiga CESE, oficina do saber, que se localiza no Bairro Monte Castelo."}, {"id": "8408", "ano": "2021", "numero": "261", "tipo__sigla": "IND", "tipo__descricao": "Indica\u00e7\u00e3o", "autoria": "Gertrudes", "texto_original": "http://sapl.ivaipora.pr.leg.br/media/sapl/public/materialegislativa/2021/8408/261.pdf", "ementa": "INDICAR ao Senhor Prefeito Municipal Luiz Carlos Gil, que por meio do Departamento Competente, analise e providencie o incentivo da piscicultura e a consequente manuten\u00e7\u00e3o dos recursos h\u00eddricos (nascentes) nas propriedades. Com o objetivo de fomentar o desenvolvimento econ\u00f4mico e social com a diversifica\u00e7\u00e3o das propriedades rurais do Munic\u00edpio, visa tamb\u00e9m incentivar a produ\u00e7\u00e3o e o aumento da comercializa\u00e7\u00e3o de peixes no Munic\u00edpio e por meio dessa incentivar a agricultura familiar, vendo que o consumo de peixe est\u00e1 em alta e a falta de produto \u00e9 grande. Haja visto que o maior abatedouro de til\u00e1pia do Brasil est\u00e1 localizado em Palotina no Paran\u00e1."}, {"id": "8409", "ano": "2021", "numero": "262", "tipo__sigla": "IND", "tipo__descricao": "Indica\u00e7\u00e3o", "autoria": "Gertrudes", "texto_original": "http://sapl.ivaipora.pr.leg.br/media/sapl/public/materialegislativa/2021/8409/262.pdf", "ementa": "INDICAR ao Senhor Prefeito Municipal Luiz Carlos Gil, que por meio do Departamento Competente, analise e providencie a constru\u00e7\u00e3o de um roteiro tur\u00edstico no Munic\u00edpio com visitas as propriedades rurais, agroindustriais, pesqueiros, roteiro de trilha e ciclismo e tamb\u00e9m a reativa\u00e7\u00e3o do conselho Municipal de Turismo."}, {"id": "8410", "ano": "2021", "numero": "263", "tipo__sigla": "IND", "tipo__descricao": "Indica\u00e7\u00e3o", "autoria": "Gertrudes", "texto_original": "http://sapl.ivaipora.pr.leg.br/media/sapl/public/materialegislativa/2021/8410/263.pdf", "ementa": "INDICAR ao Senhor Prefeito Municipal Luiz Carlos Gil, que por meio do Departamento Competente, analise e providencie assist\u00eancia t\u00e9cnica, log\u00edstica e econ\u00f4mica aos cooperadores que trabalham na coleta seletiva e no centro de triagem, compostagem e reciclagem."}, {"id": "8411", "ano": "2021", "numero": "264", "tipo__sigla": "IND", "tipo__descricao": "Indica\u00e7\u00e3o", "autoria": "Nando Dorta", "texto_original": "http://sapl.ivaipora.pr.leg.br/media/sapl/public/materialegislativa/2021/8411/264.pdf", "ementa": "INDICAR ao Senhor Prefeito Municipal, que por meio do Departamento competente, que fa\u00e7a recape asf\u00e1ltico dentro da Vila de Furnas nas Ruas Lavras, Rua Itajub\u00e1, Rua Volta Redonda, Rua Juiz de Fora, Rua Maria da F\u00e9, Rua Piracanjuba, Rua Mafra"}, {"id": "8412", "ano": "2021", "numero": "265", "tipo__sigla": "IND", "tipo__descricao": "Indica\u00e7\u00e3o", "autoria": "Carniato", "texto_original": "http://sapl.ivaipora.pr.leg.br/media/", "ementa": "INDICAR ao Senhor Prefeito Municipal Luiz Carlos Gil, para que an\u00e1lise a possibilidade de instala\u00e7\u00e3o de uma ATI (Academia da Terceira Idade) e Playground com acessibilidade para crian\u00e7as com defici\u00eancia, com ilumina\u00e7\u00e3o para permitir pr\u00e1tica de exerc\u00edcios no per\u00edodo noturno no Jardim Alto da Gl\u00f3ria."}, {"id": "8413", "ano": "2021", "numero": "266", "tipo__sigla": "IND", "tipo__descricao": "Indica\u00e7\u00e3o", "autoria": "Carniato", "texto_original": "http://sapl.ivaipora.pr.leg.br/media/sapl/public/materialegislativa/2021/8413/266.pdf", "ementa": "INDICAR ao Senhor Prefeito Municipal Luiz Carlos Gil, para que: providencie por meio do departamento competente, o recape asf\u00e1ltico sobre a pedras irregulares nas ruas Marginal, Joaquim Nabuco, General Os\u00f3rio, Visconde do Rio Branco, todas no Parque Residencial Belo Horizonte. E na Rua Dona Leopoldina no Trecho entre a Rua L\u00e9a Valverde Pirolo e a Avenida Ladislau Gil Fernandez, no Jardim Aeroporto. O cal\u00e7amento existente nessas ruas \u00e9 antigo e se apresenta bastante danificado dificultando o tr\u00e2nsito de ve\u00edculos e pessoas."}, {"id": "8414", "ano": "2021", "numero": "267", "tipo__sigla": "IND", "tipo__descricao": "Indica\u00e7\u00e3o", "autoria": "Carniato", "texto_original": "http://sapl.ivaipora.pr.leg.br/media/sapl/public/materialegislativa/2021/8414/267.pdf", "ementa": "INDICAR ao Senhor Prefeito Municipal Luiz Carlos Gil, para que determine a equipe competente, que realize estudos e projetos para amplia\u00e7\u00e3o da capacidade da galeria de \u00e1gua pluvial na Rua Ponta Grossa (pr\u00f3ximo ao Paran\u00e1 Supermercado) trecho entre a Av. Brasil e a Rua Juarez Cleve, descendo at\u00e9 o Rio Pindauvinha. A galeria existente nesse trecho n\u00e3o \u00e9 suficiente para suportar o volume de \u00e1guas que por ali descem. E tem causado invas\u00e3o a estabelecimentos e resid\u00eancias, trazendo muitos transtornos a empresas e a moradores"}, {"id": "8416", "ano": "2021", "numero": "268", "tipo__sigla": "IND", "tipo__descricao": "Indica\u00e7\u00e3o", "autoria": "Carniato", "texto_original": "http://sapl.ivaipora.pr.leg.br/media/sapl/public/materialegislativa/2021/8416/268.pdf", "ementa": "INDICAR ao Senhor Prefeito Municipal Luiz Carlos Gil, para que providencie a constru\u00e7\u00e3o de campinho (gramado, cercado e iluminado) e uma ATI (Academia da Terceira Idade) no Jardim Paran\u00e1, para atender demanda dos moradores da comunidade. Na localidade h\u00e1 um terreno que pertence ao munic\u00edpio, onde os jovens j\u00e1 praticam atividades f\u00edsicas, mas n\u00e3o disp\u00f5es das condi\u00e7\u00f5es adequadas para a pr\u00e1tica esportiva."}, {"id": "8417", "ano": "2021", "numero": "269", "tipo__sigla": "IND", "tipo__descricao": "Indica\u00e7\u00e3o", "autoria": "Carniato", "texto_original": "http://sapl.ivaipora.pr.leg.br/media/sapl/public/materialegislativa/2021/8417/269.pdf", "ementa": "INDICAR ao Senhor Prefeito Municipal Luiz Carlos Gil, para que determine a equipe competente, que realize estudos e projetos para amplia\u00e7\u00e3o da capacidade da galeria de \u00e1gua pluvial, no trecho entre a Rua Cear\u00e1 e a Avenida Maranh\u00e3o \u2013 localizado pr\u00f3ximo a Chocolate Panificadora. A galeria existente n\u00e3o comporta o volume de \u00e1gua e acaba invadindo as resid\u00eancias na Rua Cear\u00e1. Fotos em anexo;"}, {"id": "8418", "ano": "2021", "numero": "270", "tipo__sigla": "IND", "tipo__descricao": "Indica\u00e7\u00e3o", "autoria": "Gertrudes", "texto_original": "http://sapl.ivaipora.pr.leg.br/media/sapl/public/materialegislativa/2021/8418/11092024154608arquivo_indicacao_270-2021.pdf", "ementa": "INDICAR ao Senhor Prefeito Municipal Luiz Carlos Gil, que por meio do Departamento Competente, analise e providencie um letreiro escrito Eu Amo Ivaipor\u00e3, no lago Jardim Bot\u00e2nico para que os moradores e turistas possam tirar fotos e levar uma recorda\u00e7\u00e3o do nosso munic\u00edpio. Segue em anexo foto modelo"}, {"id": "8419", "ano": "2021", "numero": "271", "tipo__sigla": "IND", "tipo__descricao": "Indica\u00e7\u00e3o", "autoria": "Jaffer Ferreira", "texto_original": "http://sapl.ivaipora.pr.leg.br/media/sapl/public/materialegislativa/2021/8419/271.pdf", "ementa": "INDICAR ao Senhor Prefeito Municipal, que por meio do Departamento competente, providencie que fa\u00e7a uma Revis\u00e3o e atualiza\u00e7\u00e3o da lei n\u00ba1.268/2005, que institui o Regime Jur\u00eddico do Munic\u00edpio de Ivaipor\u00e3, reorganizando o Estatuto do Servidores P\u00fablicos Municipais; 1- Alterando da data-base da concess\u00e3o da Revis\u00e3o Anual (repasse da infla\u00e7\u00e3o), de Maio para Janeiro. 2- Revis\u00e3o e atualiza\u00e7\u00e3o da Lei n\u00ba 2.872/2016, que disp\u00f5e sobre a Estrutura Administrativa da Prefeitura do Munic\u00edpio"}, {"id": "8420", "ano": "2021", "numero": "272", "tipo__sigla": "IND", "tipo__descricao": "Indica\u00e7\u00e3o", "autoria": "Jaffer Ferreira", "texto_original": "http://sapl.ivaipora.pr.leg.br/media/sapl/public/materialegislativa/2021/8420/272.pdf", "ementa": "INDICAR ao Senhor Prefeito Municipal, que por meio do Departamento competente, providencie um estudo na Avenida Castelo Branco esquina com a Rua Plac\u00eddio Miranda para colocar um sem\u00e1foro para diminuir os acidentes que s\u00e3o frequentes nesse local, providenciar a sinaliza\u00e7\u00e3o adequada, pintar as faixar e colocar placas se necess\u00e1rio. Fotos em anexo;"}, {"id": "8421", "ano": "2021", "numero": "273", "tipo__sigla": "IND", "tipo__descricao": "Indica\u00e7\u00e3o", "autoria": "Jaffer Ferreira", "texto_original": "http://sapl.ivaipora.pr.leg.br/media/sapl/public/materialegislativa/2021/8421/273.pdf", "ementa": "INDICAR ao Senhor Prefeito Municipal, que por meio do Departamento competente, providenciar uma sala de espera com um espa\u00e7o maior na \u00e1rea da Farm\u00e1cia do Posto de Sa\u00fade"}, {"id": "8422", "ano": "2021", "numero": "274", "tipo__sigla": "IND", "tipo__descricao": "Indica\u00e7\u00e3o", "autoria": "Jaffer Ferreira", "texto_original": "http://sapl.ivaipora.pr.leg.br/media/sapl/public/materialegislativa/2021/8422/274.pdf", "ementa": "INDICAR ao Senhor Prefeito Municipal, que por meio do Departamento competente, providencie uma camada asf\u00e1ltica no estacionamento da Avenida Brasil no trecho em frente a lot\u00e9rica onde ficam, os t\u00e1xis. Fotos em anexo"}, {"id": "8423", "ano": "2021", "numero": "275", "tipo__sigla": "IND", "tipo__descricao": "Indica\u00e7\u00e3o", "autoria": "Fio Bertotti", "texto_original": "http://sapl.ivaipora.pr.leg.br/media/sapl/public/materialegislativa/2021/8423/275.pdf", "ementa": "INDICAR ao Senhor Prefeito Municipal Luiz Carlos Gil, que por meio do Departamento Competente, providencie a pintura da faixa de pedestre na Avenida Pedro Koltun em frente ao Col\u00e9gio Santa Olga, e tamb\u00e9m a coloca\u00e7\u00e3o de uma placa indicando parada de \u00f4nibus, facilitando o embarque e desembarque dos alunos."}, {"id": "8424", "ano": "2021", "numero": "276", "tipo__sigla": "IND", "tipo__descricao": "Indica\u00e7\u00e3o", "autoria": "Fio Bertotti", "texto_original": "http://sapl.ivaipora.pr.leg.br/media/sapl/public/materialegislativa/2021/8424/276.pdf", "ementa": "INDICAR ao Senhor Prefeito Municipal Luiz Carlos Gil, que por meio do Departamento de Competente, providencie a possibilidade de coloca\u00e7\u00e3o de um redutor de velocidade (quebra mola), na rua Rio Grande do Sul em frente a concession\u00e1ria de ve\u00edculos Chevrolet, pois segundo relatos, motoristas desenvolvem velocidade alta ao passar pelo local."}, {"id": "8425", "ano": "2021", "numero": "277", "tipo__sigla": "IND", "tipo__descricao": "Indica\u00e7\u00e3o", "autoria": "Fio Bertotti", "texto_original": "http://sapl.ivaipora.pr.leg.br/media/sapl/public/materialegislativa/2021/8425/277.pdf", "ementa": "INDICAR ao Senhor Prefeito Municipal Luiz Carlos Gil, que por meio do Departamento competente, providencie o patrolamento e cascalhamento da estrada do Cinco Encruzo antiga farinheira, pr\u00f3ximo Frigorifico Beef Center"}, {"id": "8500", "ano": "2021", "numero": "278", "tipo__sigla": "IND", "tipo__descricao": "Indica\u00e7\u00e3o", "autoria": "Fio Bertotti", "texto_original": "http://sapl.ivaipora.pr.leg.br/media/", "ementa": "INDICAR ao Senhor Prefeito Municipal Luiz Carlos Gil, que por meio do Departamento competente, providencie um estudo para constru\u00e7\u00e3o de um campo de futebol gramado ou sint\u00e9tico no Jardim Luiz XV ou Jardim Casa Grande, tendo em vista que n\u00e3o tem \u00e1rea de lazer nas proximidades, e poder\u00e1 ser utilizado por v\u00e1rios bairros."}, {"id": "8501", "ano": "2021", "numero": "279", "tipo__sigla": "IND", "tipo__descricao": "Indica\u00e7\u00e3o", "autoria": "Fio Bertotti", "texto_original": "http://sapl.ivaipora.pr.leg.br/media/sapl/public/materialegislativa/2021/8501/279.pdf", "ementa": "INDICAR ao Senhor Prefeito Municipal Luiz Carlos Gil, que por meio do Departamento de competente, providencie se poss\u00edvel a manuten\u00e7\u00e3o e corre\u00e7\u00e3o de massa asf\u00e1ltica da Rua Clara Storosk na Vila S\u00e3o Jose, pr\u00f3ximo ao bar do Marinho."}, {"id": "8502", "ano": "2021", "numero": "280", "tipo__sigla": "IND", "tipo__descricao": "Indica\u00e7\u00e3o", "autoria": "Sadi Marcondes", "texto_original": "http://sapl.ivaipora.pr.leg.br/media/sapl/public/materialegislativa/2021/8502/280.pdf", "ementa": "INDICAR ao Senhor Prefeito Municipal, que por meio do Departamento competente, providencie, sinaliza\u00e7\u00e3o na Estrada Nicolau Koltun que liga Ivaipor\u00e3 a Jacutinga"}, {"id": "8503", "ano": "2021", "numero": "281", "tipo__sigla": "IND", "tipo__descricao": "Indica\u00e7\u00e3o", "autoria": "Jaffer Ferreira", "texto_original": "http://sapl.ivaipora.pr.leg.br/media/sapl/public/materialegislativa/2021/8503/281.pdf", "ementa": "INDICAR ao Senhor Prefeito Municipal, que por meio do Departamento competente, providencie um estudo, se poss\u00edvel um processo licitat\u00f3rio para a aquisi\u00e7\u00e3o e o fornecimento de um lanche adequado \u00e0s pessoas que utilizam o \u00f4nibus da sa\u00fade para viajar e realizar seus tratamentos. Muitas dessas pessoas n\u00e3o t\u00eam condi\u00e7\u00e3o de comprar um salgado para comer e acaba passando o dia todo sem se alimentar."}, {"id": "8504", "ano": "2021", "numero": "282", "tipo__sigla": "IND", "tipo__descricao": "Indica\u00e7\u00e3o", "autoria": "Josane Disner", "texto_original": "http://sapl.ivaipora.pr.leg.br/media/sapl/public/materialegislativa/2021/8504/282.pdf", "ementa": "INDICAR ao Senhor Prefeito Municipal, que por meio do Departamento competente, providencie a contrata\u00e7\u00e3o de mais um Assistente Social para o CRAS- Centro de Referencia de Assist\u00eancia Social, pois de acordo com a Norma Operacional B\u00e1sica do SUAS- (Sistema \u00danico de Assist\u00eancia Social), munic\u00edpio de pequeno porte II, (com at\u00e9 3.500 fam\u00edlias referenciadas) que \u00e9 o caso de Ivaipor\u00e3 devem ter 3 t\u00e9cnico de n\u00edvel superior, sendo dois profissionais Assistentes Sociais e preferencialmente um Psic\u00f3logo. No caso a psic\u00f3loga acumula o cargo de coordenadora. Diante do exposto faz-se urgente a contrata\u00e7\u00e3o de, mais um assistente social, para que se agilize os atendimentos e seja poss\u00edvel o planejamento de atividades comunit\u00e1rias"}, {"id": "8505", "ano": "2021", "numero": "283", "tipo__sigla": "IND", "tipo__descricao": "Indica\u00e7\u00e3o", "autoria": "Josane Disner, Carniato", "texto_original": "http://sapl.ivaipora.pr.leg.br/media/sapl/public/materialegislativa/2021/8505/283.pdf", "ementa": "INDICAR ao Senhor Prefeito Municipal, que por meio do Departamento competente, providencie a constru\u00e7\u00e3o de um banheiro e uma cozinha para a UBS do distrito de Santa Barbara, situado na Rua Ivaipor\u00e3."}, {"id": "8506", "ano": "2021", "numero": "284", "tipo__sigla": "IND", "tipo__descricao": "Indica\u00e7\u00e3o", "autoria": "Josane Disner, Carniato", "texto_original": "http://sapl.ivaipora.pr.leg.br/media/sapl/public/materialegislativa/2021/8506/284.pdf", "ementa": "INDICAR ao Senhor Prefeito Municipal, que por meio do Departamento competente, providencie a constru\u00e7\u00e3o de um campo de bocha e malha no terreno Rua Ivaipor\u00e3 ao lado da UBS no Distrito de Santa Barbara."}, {"id": "8507", "ano": "2021", "numero": "285", "tipo__sigla": "IND", "tipo__descricao": "Indica\u00e7\u00e3o", "autoria": "Josane Disner, Carniato", "texto_original": "http://sapl.ivaipora.pr.leg.br/media/sapl/public/materialegislativa/2021/8507/285.pdf", "ementa": "INDICAR ao Senhor Prefeito Municipal, que por meio do Departamento competente, providencie a retirada de uma \u00e1rvore que se encontra dentro do p\u00e1tio da Escola do Distrito de Santa Barbara a qual est\u00e1 muito velha correndo risco de cair, e a coloca\u00e7\u00e3o de um poste para instalar internet."}, {"id": "8508", "ano": "2021", "numero": "286", "tipo__sigla": "IND", "tipo__descricao": "Indica\u00e7\u00e3o", "autoria": "Josane Disner", "texto_original": "http://sapl.ivaipora.pr.leg.br/media/sapl/public/materialegislativa/2021/8508/286.pdf", "ementa": "INDICAR ao Senhor Prefeito Municipal, que por meio do Departamento competente, providencie a aquisi\u00e7\u00e3o de testes r\u00e1pidos para o coronav\u00edrus COVID-19, para ser realizado nas pessoas com os sintomas. Al\u00e9m de ser uma forma de preven\u00e7\u00e3o que permite detectar a presen\u00e7a de anti corpus marcadores da infec\u00e7\u00e3o, a realiza\u00e7\u00e3o de testes r\u00e1pidos ir\u00e1 tranquilizar as pessoas com sintomas, que tende a ficarem mais ansiosos devido \u00e0 suspeita da doen\u00e7a, pois a maioria das pessoas n\u00e3o tem condi\u00e7\u00f5es de realizar estes testes r\u00e1pidos em laborat\u00f3rios particulares. Investindo nesses testes estaremos evitando a dissemina\u00e7\u00e3o do v\u00edrus."}, {"id": "8509", "ano": "2021", "numero": "287", "tipo__sigla": "IND", "tipo__descricao": "Indica\u00e7\u00e3o", "autoria": "Sadi Marcondes", "texto_original": "http://sapl.ivaipora.pr.leg.br/media/sapl/public/materialegislativa/2021/8509/287.pdf", "ementa": "INDICAR ao Senhor Prefeito Municipal, que por meio do Departamento competente, providencie faixa de pedestre e placas P\u00e9 na Faixa em todos os Col\u00e9gios do mun\u00edcipio tanto municipais, estaduais e particulares."}, {"id": "8510", "ano": "2021", "numero": "288", "tipo__sigla": "IND", "tipo__descricao": "Indica\u00e7\u00e3o", "autoria": "Sadi Marcondes", "texto_original": "http://sapl.ivaipora.pr.leg.br/media/sapl/public/materialegislativa/2021/8510/288.pdf", "ementa": "INDICAR ao Senhor Prefeito Municipal, que por meio do Departamento competente, providencie que seja extinta a cobran\u00e7a de taxa de sepultamento para as fam\u00edlias que est\u00e3o em vulnerabilidade, e que necessitam do CRAS para sepultamento dos seus entes queridos"}, {"id": "8511", "ano": "2021", "numero": "289", "tipo__sigla": "IND", "tipo__descricao": "Indica\u00e7\u00e3o", "autoria": "Nando Dorta, Jaffer Ferreira", "texto_original": "http://sapl.ivaipora.pr.leg.br/media/sapl/public/materialegislativa/2021/8511/289.pdf", "ementa": "INDICAR ao Senhor Prefeito Municipal, que por meio do Departamento competente, que fa\u00e7a recape asf\u00e1ltico em frente 6\u00aa Companhia independente da Pol\u00edcia Militar trecho est\u00e1 totalmente danificado (tem sofrido muito com a poeira sendo que o mesmo trecho \u00e9 pr\u00f3ximo de 150 metros)."}, {"id": "8512", "ano": "2021", "numero": "290", "tipo__sigla": "IND", "tipo__descricao": "Indica\u00e7\u00e3o", "autoria": "Carniato, Josane Disner", "texto_original": "http://sapl.ivaipora.pr.leg.br/media/sapl/public/materialegislativa/2021/8512/290.pdf", "ementa": "INDICAR ao Senhor Prefeito Municipal Luiz Carlos Gil, para que seja requisitado ao Senhor Comandante da 6\u00aa Companhia Independente de Pol\u00edcia Militar do Paran\u00e1, que analise a possibilidade de realizar ronda ostensiva na cidade, para coibir o uso de som automotivo acima dos limites permitidos durante o per\u00edodo noturno e do uso de carro ou moto com escapamento barulhento."}, {"id": "8513", "ano": "2021", "numero": "291", "tipo__sigla": "IND", "tipo__descricao": "Indica\u00e7\u00e3o", "autoria": "Carniato", "texto_original": "http://sapl.ivaipora.pr.leg.br/media/sapl/public/materialegislativa/2021/8513/291.pdf", "ementa": "INDICAR ao Senhor Prefeito Municipal Luiz Carlos Gil, para que determine a equipe competente, que realize estudos e projetos para amplia\u00e7\u00e3o da capacidade da galeria de \u00e1gua pluvial na Avenida Tancredo Neves e na Rua Cear\u00e1, no trecho entre as Ruas Ponta Grossa e Sertan\u00f3polis. A galeria existente n\u00e3o comporta o volume das \u00e1guas que se acumulam nesses pontos e tem invadido as propriedades, causando transtorno e preju\u00edzo aos moradores."}, {"id": "8514", "ano": "2021", "numero": "292", "tipo__sigla": "IND", "tipo__descricao": "Indica\u00e7\u00e3o", "autoria": "Carniato", "texto_original": "http://sapl.ivaipora.pr.leg.br/media/sapl/public/materialegislativa/2021/8514/292.pdf", "ementa": "INDICAR ao Senhor Prefeito Municipal Luiz Carlos Gil, para que providencie trabalhador (gari) para promover a varri\u00e7\u00e3o na Rua Osvaldino Chaves da Concei\u00e7\u00e3o \u2013 antiga Rua Iva\u00ed - no Jardim S\u00e3o Pedro, que n\u00e3o disp\u00f5e desse servi\u00e7o."}, {"id": "8515", "ano": "2021", "numero": "293", "tipo__sigla": "IND", "tipo__descricao": "Indica\u00e7\u00e3o", "autoria": "Carniato", "texto_original": "http://sapl.ivaipora.pr.leg.br/media/sapl/public/materialegislativa/2021/8515/293.pdf", "ementa": "INDICAR ao Senhor Prefeito Municipal Luiz Carlos Gil, para que analise por meio do departamento competente, a possibilidade de constru\u00e7\u00e3o de acostamento e drenagem das \u00e1guas pluviais na Rua Apucarana, no trecho da antiga Cativa at\u00e9 a ponte. Este local \u00e9 de grande fluxo de pedestre, que pelas condi\u00e7\u00f5es do acostamento acabam dividindo a pista com ve\u00edculos."}, {"id": "8516", "ano": "2021", "numero": "294", "tipo__sigla": "IND", "tipo__descricao": "Indica\u00e7\u00e3o", "autoria": "Carniato", "texto_original": "http://sapl.ivaipora.pr.leg.br/media/sapl/public/materialegislativa/2021/8516/294.pdf", "ementa": "INDICAR ao Senhor Prefeito Municipal Luiz Carlos Gil, para que determine ao setor competente que realize a limpeza das bocas de lobo no cruzamento da Avenida Para\u00edba c/ Avenida Tancredo Neves. E que certifique da exist\u00eancia de galerias para escoamento das \u00e1guas. Caso n\u00e3o exista, que sejam elaborados estudos e projeto para implanta\u00e7\u00e3o."}, {"id": "8517", "ano": "2021", "numero": "295", "tipo__sigla": "IND", "tipo__descricao": "Indica\u00e7\u00e3o", "autoria": "Nando Dorta", "texto_original": "http://sapl.ivaipora.pr.leg.br/media/sapl/public/materialegislativa/2021/8517/295.pdf", "ementa": "INDICAR ao Senhor Prefeito Municipal, que por meio do Departamento competente sejam tomadas provid\u00eancias em rela\u00e7\u00e3o ao po\u00e7o artesiano da localidade do Cruzeirinho, pois o mesmo est\u00e1 apresentando vazamento."}, {"id": "8518", "ano": "2021", "numero": "296", "tipo__sigla": "IND", "tipo__descricao": "Indica\u00e7\u00e3o", "autoria": "Fio Bertotti", "texto_original": "http://sapl.ivaipora.pr.leg.br/media/sapl/public/materialegislativa/2021/8518/296.pdf", "ementa": "INDICAR ao Senhor Prefeito Municipal Luiz Carlos Gil, que por meio do Departamento Competente, providencie a limpeza e manuten\u00e7\u00e3o do Centro Comunit\u00e1rio da Vila Santa Terezinha, grama alta e muito lixo no local."}, {"id": "8520", "ano": "2021", "numero": "297", "tipo__sigla": "IND", "tipo__descricao": "Indica\u00e7\u00e3o", "autoria": "Fio Bertotti", "texto_original": "http://sapl.ivaipora.pr.leg.br/media/sapl/public/materialegislativa/2021/8520/297.pdf", "ementa": "INDICAR ao Senhor Prefeito Municipal Luiz Carlos Gil, que por meio do Departamento de Competente, providencie a coloca\u00e7\u00e3o de um redutor de velocidade (quebra mola), na Avenida S\u00e3o Paulo 555, esquina com a Rua Jaguapit\u00e3, pois segundo relatos, motoristas desenvolvem velocidade alta ao passar pelo local."}, {"id": "8521", "ano": "2021", "numero": "298", "tipo__sigla": "IND", "tipo__descricao": "Indica\u00e7\u00e3o", "autoria": "Fio Bertotti", "texto_original": "http://sapl.ivaipora.pr.leg.br/media/sapl/public/materialegislativa/2021/8521/298.pdf", "ementa": "INDICAR ao Senhor Prefeito Municipal Luiz Carlos Gil, que por meio do Departamento competente, providencie um ponto de \u00f4nibus coberto na Rua Emilio Ganzert, no come\u00e7o da subida de furnas, em frente a mercearia Godoy, atendendo pedido dos moradores que sofrem em dias de chuva e sol muito quente."}, {"id": "8522", "ano": "2021", "numero": "299", "tipo__sigla": "IND", "tipo__descricao": "Indica\u00e7\u00e3o", "autoria": "Josane Disner", "texto_original": "http://sapl.ivaipora.pr.leg.br/media/sapl/public/materialegislativa/2021/8522/299.pdf", "ementa": "INDICAR ao Senhor Prefeito Municipal, que por meio do Departamento competente, providencie um estudo para possibilidade da constru\u00e7\u00e3o de bancos no canteiro da Avenida Tancredo Neves em frente a Cl\u00ednica \u00c1pice. H\u00e1 um grande fluxo de pessoas que muitas vezes se encontram sentadas no meio fio."}, {"id": "8523", "ano": "2021", "numero": "300", "tipo__sigla": "IND", "tipo__descricao": "Indica\u00e7\u00e3o", "autoria": "Josane Disner", "texto_original": "http://sapl.ivaipora.pr.leg.br/media/sapl/public/materialegislativa/2021/8523/300.pdf", "ementa": "INDICAR ao Senhor Prefeito Municipal, que por meio do Departamento competente, providencie a instala\u00e7\u00e3o de uma sala funcional, e os devidos equipamentos necess\u00e1rios para fisioterapia nas U.B.S da Vila Jo\u00e3o XXIII e Vila Nova Por\u00e3. Com o aumento da demanda devido ao COVID-19 necessita-se urgente investimento nesta \u00e1rea para atendimento da popula\u00e7\u00e3o"}, {"id": "8524", "ano": "2021", "numero": "301", "tipo__sigla": "IND", "tipo__descricao": "Indica\u00e7\u00e3o", "autoria": "Josane Disner", "texto_original": "http://sapl.ivaipora.pr.leg.br/media/sapl/public/materialegislativa/2021/8524/301.pdf", "ementa": "INDICAR ao Senhor Prefeito Municipal, que por meio do Departamento competente, providencie a pavimenta\u00e7\u00e3o poli\u00e9drica (pedras irregulares) na Rua Princesa Izabel, Jardim Aeroporto nas proximidades do Campo de futebol da Copiva"}, {"id": "8525", "ano": "2021", "numero": "302", "tipo__sigla": "IND", "tipo__descricao": "Indica\u00e7\u00e3o", "autoria": "Josane Disner", "texto_original": "http://sapl.ivaipora.pr.leg.br/media/sapl/public/materialegislativa/2021/8525/302.pdf", "ementa": "INDICAR ao Senhor Prefeito Municipal, que por meio do Departamento competente, providencie a contrata\u00e7\u00e3o de equipe t\u00e9cnica para atendimento no CREAS de acordo com a Norma Operacional B\u00e1sica do SUAS- (Sistema \u00danico de Assist\u00eancia Social). Uma Assistente Social (pois a mesma ocupa dupla fun\u00e7\u00e3o), um Advogado e um Educador Social. Diante do exposto faz-se urgente as contrata\u00e7\u00f5es, para que se agilize os atendimentos e seja poss\u00edvel o planejamento de atividades comunit\u00e1rias."}, {"id": "8526", "ano": "2021", "numero": "303", "tipo__sigla": "IND", "tipo__descricao": "Indica\u00e7\u00e3o", "autoria": "Vila Real", "texto_original": "http://sapl.ivaipora.pr.leg.br/media/sapl/public/materialegislativa/2021/8526/303.pdf", "ementa": "INDICAR ao Senhor Prefeito Municipal, Luiz Carlos Gil, que por meio do departamento competente, providencie uma camada de asf\u00e1ltica, onde se fizer necess\u00e1rio na Rua Bras\u00edlia, localizadas na Vila Monte Castelo. Fotos em anexo."}, {"id": "8527", "ano": "2021", "numero": "304", "tipo__sigla": "IND", "tipo__descricao": "Indica\u00e7\u00e3o", "autoria": "Jaffer Ferreira", "texto_original": "http://sapl.ivaipora.pr.leg.br/media/sapl/public/materialegislativa/2021/8527/304.pdf", "ementa": "INDICAR ao Senhor Prefeito Municipal, que por meio do Departamento competente, providencie com urg\u00eancia uma analise na Rua Cust\u00f3dio de Melo com a Rua Marechal Deodoro n\u00ba 51 subindo a madeporta, onde os moradores reclamam que, devido as fortes chuvas suas casas s\u00e3o constantemente inundadas comprometendo os im\u00f3veis da popula\u00e7\u00e3o desse bairro e se for poss\u00edvel fazer um avalia\u00e7\u00e3o nos bueiros. Fotos em anexo."}, {"id": "8528", "ano": "2021", "numero": "305", "tipo__sigla": "IND", "tipo__descricao": "Indica\u00e7\u00e3o", "autoria": "Jaffer Ferreira", "texto_original": "http://sapl.ivaipora.pr.leg.br/media/sapl/public/materialegislativa/2021/8528/305.pdf", "ementa": "INDICAR ao Senhor Prefeito Municipal, que por meio do Departamento competente, providencie uma rotat\u00f3ria na Rua Plac\u00eddio Miranda no Jardim Casa Grande III, pr\u00f3ximo a Pizzaria Napolitana o local est\u00e1 muito perigoso, pois no local tem um entroncamento de v\u00e1rias ruas. Foto em anexo;"}, {"id": "8529", "ano": "2021", "numero": "306", "tipo__sigla": "IND", "tipo__descricao": "Indica\u00e7\u00e3o", "autoria": "Jaffer Ferreira", "texto_original": "http://sapl.ivaipora.pr.leg.br/media/sapl/public/materialegislativa/2021/8529/306.pdf", "ementa": "INDICAR ao Senhor Prefeito Municipal, que por meio do Departamento competente, um redutor de velocidade e colocar placas na Rua S\u00e3o Sebasti\u00e3o pr\u00f3ximo ao n\u00famero 25 na Vila Monte Castelo com o bairro S\u00e3o Jos\u00e9."}, {"id": "8530", "ano": "2021", "numero": "307", "tipo__sigla": "IND", "tipo__descricao": "Indica\u00e7\u00e3o", "autoria": "Gertrudes", "texto_original": "http://sapl.ivaipora.pr.leg.br/media/sapl/public/materialegislativa/2021/8530/307.pdf", "ementa": "INDICAR ao Senhor Prefeito Municipal Luiz Carlos Gil, que por meio do Departamento Competente, analise e providencie a cria\u00e7\u00e3o da semana de combate ao abuso a explora\u00e7\u00e3o sexual contra crian\u00e7as e adolescente e crimes de internet nas escolas. Em estudos realizados, o Brasil est\u00e1 entre os cinco Pa\u00edses com o maior n\u00famero de crimes cibern\u00e9ticos do mundo, as crian\u00e7as e os jovens s\u00e3o as v\u00edtimas mais f\u00e1ceis desses delitos, esses s\u00e3o alertas apresentados por especialistas do mundo todo. Jovens e crian\u00e7as, sem o acompanhamento dos pais, acessam conte\u00fados reservados para adultos e tamb\u00e9m conhecem pessoas na internet, as consequ\u00eancias negativas dessa conduta s\u00e3o v\u00e1rias, tanto para o desenvolvimento cerebral quanto para a seguran\u00e7a."}, {"id": "8531", "ano": "2021", "numero": "308", "tipo__sigla": "IND", "tipo__descricao": "Indica\u00e7\u00e3o", "autoria": "Gertrudes", "texto_original": "http://sapl.ivaipora.pr.leg.br/media/sapl/public/materialegislativa/2021/8531/308.pdf", "ementa": "INDICAR ao Senhor Prefeito Municipal Luiz Carlos Gil, que por meio do Departamento Competente, analise e providencie uma central de troca de uniformes escolares na Secretaria de Educa\u00e7\u00e3o ou um local para arrecada\u00e7\u00e3o de uniformes, mochilas e t\u00eanis da rede municipal de ensino."}, {"id": "8533", "ano": "2021", "numero": "309", "tipo__sigla": "IND", "tipo__descricao": "Indica\u00e7\u00e3o", "autoria": "Jaffer Ferreira", "texto_original": "http://sapl.ivaipora.pr.leg.br/media/sapl/public/materialegislativa/2021/8533/309.pdf", "ementa": "INDICAR ao Senhor Prefeito Municipal, que por meio do Departamento competente, providencie um incentivo ao desenvolvimento do Futsal Feminino, auxiliando no resgate da identidade e autoestima de cada uma. Hoje mais ou menos contamos com 35 meninas de grande potencial, precisamos resgatar nosso esporte local. Segue em anexo o projeto."}, {"id": "8534", "ano": "2021", "numero": "310", "tipo__sigla": "IND", "tipo__descricao": "Indica\u00e7\u00e3o", "autoria": "Carniato", "texto_original": "http://sapl.ivaipora.pr.leg.br/media/sapl/public/materialegislativa/2021/8534/310.pdf", "ementa": "INDICAR ao Senhor Prefeito Municipal Luiz Carlos Gil, para que analise a possibilidade de construir local de espera e descanso no canteiro da Avenida Tancredo Neves, para as pessoas que vem buscar atendimento na Ag\u00eancia do INSS. O local servir\u00e1 n\u00e3o apenas para as pessoas que buscam atendimento no INSS, mas, tamb\u00e9m poder\u00e1 ser um ponto de encontro para de amigos e para os moradores da localidade."}, {"id": "8536", "ano": "2021", "numero": "311", "tipo__sigla": "IND", "tipo__descricao": "Indica\u00e7\u00e3o", "autoria": "Carniato", "texto_original": "http://sapl.ivaipora.pr.leg.br/media/sapl/public/materialegislativa/2021/8536/311.pdf", "ementa": "INDICAR ao Senhor Prefeito Municipal Luiz Carlos Gil, para que analise a possibilidade de que seja feita o recape asf\u00e1ltico sobre as pedras irregulares na Rua Lea Valverde Pirolo, no Jardim Belo Horizonte. O cal\u00e7amento apresenta v\u00e1rios pontos com irregularidades, dificultando o tr\u00e2nsito"}, {"id": "8544", "ano": "2021", "numero": "312", "tipo__sigla": "IND", "tipo__descricao": "Indica\u00e7\u00e3o", "autoria": "Carniato, Gertrudes", "texto_original": "http://sapl.ivaipora.pr.leg.br/media/sapl/public/materialegislativa/2021/8544/312.pdf", "ementa": "INDICAR ao Senhor Prefeito Municipal, para que crie a Biblioteca Municipal Digital. Em anexo, Minuta do Projeto de Lei para cria\u00e7\u00e3o da Biblioteca Municipal Digital. A disponibiliza\u00e7\u00e3o da plataforma de leitura digital \u00e9 entendida como uma importante ferramenta para a constru\u00e7\u00e3o de pol\u00edticas p\u00fablicas, que contribuir\u00e1 para a forma\u00e7\u00e3o do conhecimento e cidadania. Reduzir\u00e1 custos com aquisi\u00e7\u00e3o de livros, uma vez que a na plataforma o compartilhamento da informa\u00e7\u00e3o permite acesso simult\u00e2neo v\u00e1rios leitores nas 24 horas."}, {"id": "8545", "ano": "2021", "numero": "313", "tipo__sigla": "IND", "tipo__descricao": "Indica\u00e7\u00e3o", "autoria": "Carniato", "texto_original": "http://sapl.ivaipora.pr.leg.br/media/sapl/public/materialegislativa/2021/8545/313.pdf", "ementa": "INDICAR ao Senhor Prefeito Municipal Luiz Carlos Gil, para que analise a possibilidade de revitaliza\u00e7\u00e3o da represa da Bica D\u2019\u00e1gua, nos fundos do Jardim Alvorada. Essa represa \u00e9 um referencial para os moradores mais antigos, que costumavam frequentar aquele local e at\u00e9 banhavam-se nas suas \u00e1guas. Mas, vem sofrendo os efeitos da eros\u00e3o, do assoreamento e do abandono."}, {"id": "8547", "ano": "2021", "numero": "314", "tipo__sigla": "IND", "tipo__descricao": "Indica\u00e7\u00e3o", "autoria": "Vila Real", "texto_original": "http://sapl.ivaipora.pr.leg.br/media/sapl/public/materialegislativa/2021/8547/314.pdf", "ementa": "INDICAR ao Senhor Prefeito Municipal, Luiz Carlos Gil, que por meio do departamento competente, notifique a UEM (UNIVERSIDADE ESTADUAL DE MARING\u00c1) para que proceda com a limpeza da \u00e1rea ao entorno do Gin\u00e1sio Sapecad\u00e3o e no Est\u00e1dio Municipal Manoel Fernandes Silva, ambas as \u00e1reas situadas entre a Avenida Espanha e a Rodovia Ladislau Gil Fernandez, pelo fato de moradores locais estarem reclamando de in\u00fameros animais pe\u00e7onhentos, uso coletivo para fins indevidos, entre outros problemas."}, {"id": "8549", "ano": "2021", "numero": "315", "tipo__sigla": "IND", "tipo__descricao": "Indica\u00e7\u00e3o", "autoria": "Gertrudes", "texto_original": "http://sapl.ivaipora.pr.leg.br/media/sapl/public/materialegislativa/2021/8549/315.pdf", "ementa": "INDICAR ao Senhor Prefeito Municipal Luiz Carlos Gil, que por meio do Departamento Competente, analise e providencie uma barreira para a conten\u00e7\u00e3o do barranco nas laterais das salas de aula da Escola Municipal Bento Viana, localizada na Vila Nova Por\u00e3, para que assim evite problemas estruturais futuros. E tamb\u00e9m, realize a coloca\u00e7\u00e3o de grama e a constru\u00e7\u00e3o de um parquinho para as crian\u00e7as ao lado da quadra de esportes."}, {"id": "8550", "ano": "2021", "numero": "316", "tipo__sigla": "IND", "tipo__descricao": "Indica\u00e7\u00e3o", "autoria": "Gertrudes", "texto_original": "http://sapl.ivaipora.pr.leg.br/media/sapl/public/materialegislativa/2021/8550/316.pdf", "ementa": "INDICAR ao Senhor Prefeito Municipal Luiz Carlos Gil, que por meio do Departamento Competente, analise e providencie a inclus\u00e3o no calend\u00e1rio oficial de eventos do Munic\u00edpio de Ivaipor\u00e3, o dia do moto clubismo relativo \u00e0 moto clubes e moto grupos."}, {"id": "8551", "ano": "2021", "numero": "317", "tipo__sigla": "IND", "tipo__descricao": "Indica\u00e7\u00e3o", "autoria": "Josane Disner", "texto_original": "http://sapl.ivaipora.pr.leg.br/media/sapl/public/materialegislativa/2021/8551/317.pdf", "ementa": "INDICAR ao Senhor Prefeito Municipal, que por meio do Departamento competente, providencie a aquisi\u00e7\u00e3o de uma mesa (escrivaninha) para U.B.S. S\u00c3O LUIZ. Pois no local faltam mesas para atendimento na sala de Psicologia. Conforme segue em anexo fotos do local."}, {"id": "8552", "ano": "2021", "numero": "318", "tipo__sigla": "IND", "tipo__descricao": "Indica\u00e7\u00e3o", "autoria": "Josane Disner", "texto_original": "http://sapl.ivaipora.pr.leg.br/media/sapl/public/materialegislativa/2021/8552/318.pdf", "ementa": "INDICAR ao Senhor Prefeito Municipal, que por meio do Departamento competente, providencie a aquisi\u00e7\u00e3o de um rolo compactador de arrasto para tratores, fazendo um trabalho de comodato para as associa\u00e7\u00f5es e a comunidade, assim todos tem o direito de uso, melhorando a trafegabilidade nas estradas rurais do nosso munic\u00edpio."}, {"id": "8613", "ano": "2021", "numero": "319", "tipo__sigla": "IND", "tipo__descricao": "Indica\u00e7\u00e3o", "autoria": "Josane Disner", "texto_original": "http://sapl.ivaipora.pr.leg.br/media/sapl/public/materialegislativa/2021/8613/319.pdf", "ementa": "INDICAR ao Senhor Prefeito Municipal, que por meio do Departamento competente, providencie a instala\u00e7\u00e3o de lombadas (quebra-molas) na Rua Alvorada, em frente a quitanda da Michele, pois alguns motoristas trafegam em alta velocidade, e ai existe um ponto de \u00f4nibus onde as crian\u00e7as na volta as aulas descem naquele local tornando assim muito perigoso a todos."}, {"id": "8614", "ano": "2021", "numero": "320", "tipo__sigla": "IND", "tipo__descricao": "Indica\u00e7\u00e3o", "autoria": "Josane Disner", "texto_original": "http://sapl.ivaipora.pr.leg.br/media/sapl/public/materialegislativa/2021/8614/320.pdf", "ementa": "INDICAR ao Senhor Prefeito Municipal, que por meio do Departamento competente, providencie a prioridade na vacina\u00e7\u00e3o contra Covid-19 para professores das redes p\u00fablicas e privadas de ensino infantil, fundamental, m\u00e9dio e superior, promovendo assim seguran\u00e7a a todos. Em virtude das aulas presenciais estarem voltando."}, {"id": "8735", "ano": "2021", "numero": "321", "tipo__sigla": "IND", "tipo__descricao": "Indica\u00e7\u00e3o", "autoria": "Fio Bertotti", "texto_original": "http://sapl.ivaipora.pr.leg.br/media/sapl/public/materialegislativa/2021/8735/321.pdf", "ementa": "EMERSON DA SILVA BERTOTTI, vereador infra-assinado, em pleno exerc\u00edcio de seu mandato parlamentar, vem mui respeitosamente atrav\u00e9s dessa Presid\u00eancia, INDICAR ao Senhor Prefeito Municipal Luiz Carlos Gil, que por meio do Departamento Competente, providencie a limpeza e manuten\u00e7\u00e3o do terreno do centro comunit\u00e1rio na Rua Joaquim Nabuco, Jardim Luiz XV, pois a muito mato e sujeira no local."}, {"id": "8736", "ano": "2021", "numero": "322", "tipo__sigla": "IND", "tipo__descricao": "Indica\u00e7\u00e3o", "autoria": "Fio Bertotti", "texto_original": "http://sapl.ivaipora.pr.leg.br/media/sapl/public/materialegislativa/2021/8736/322.pdf", "ementa": "EMERSON DA SILVA BERTOTTI, vereador infra-assinado, em pleno exerc\u00edcio de seu mandato parlamentar, vem mui respeitosamente atrav\u00e9s dessa Presid\u00eancia, INDICAR ao Senhor Prefeito Municipal Luiz Carlos Gil, que por meio do Departamento de Competente, providencie a manuten\u00e7\u00e3o e recape asf\u00e1ltico na Rua Prudente de Morais na Vila Jo\u00e3o XXIII, pois a muitos buracos na rua dificultando tr\u00e1fego dos moradores."}, {"id": "8737", "ano": "2021", "numero": "323", "tipo__sigla": "IND", "tipo__descricao": "Indica\u00e7\u00e3o", "autoria": "Jaffer Ferreira", "texto_original": "http://sapl.ivaipora.pr.leg.br/media/sapl/public/materialegislativa/2021/8737/323.pdf", "ementa": "JAFFER G. S. FERREIRA, vereador infra-assinado, em pleno exerc\u00edcio de seu mandato parlamentar, vem mui respeitosamente atrav\u00e9s dessa Presid\u00eancia, INDICAR ao Senhor Prefeito Municipal, que por meio do Departamento competente, providencie para que disponibilize profissional de Educa\u00e7\u00e3o F\u00edsica ou um profissional de Enfermagem para acompanhamento das pessoas que frequentam as Academias ao ar livre de nossa cidade especialmente a terceira idade."}, {"id": "8738", "ano": "2021", "numero": "324", "tipo__sigla": "IND", "tipo__descricao": "Indica\u00e7\u00e3o", "autoria": "Jaffer Ferreira", "texto_original": "http://sapl.ivaipora.pr.leg.br/media/sapl/public/materialegislativa/2021/8738/324.pdf", "ementa": "JAFFER G. S. FERREIRA, vereador infra-assinado, em pleno exerc\u00edcio de seu mandato parlamentar, vem mui respeitosamente atrav\u00e9s dessa Presid\u00eancia, INDICAR ao Senhor Prefeito Municipal, que por meio do Departamento competente, providencie uma camada asf\u00e1ltica no bairro Jardim Luiz XV na Rua Gabriel de Lara. Com forma a foto anexo."}, {"id": "8739", "ano": "2021", "numero": "325", "tipo__sigla": "IND", "tipo__descricao": "Indica\u00e7\u00e3o", "autoria": "Jaffer Ferreira", "texto_original": "http://sapl.ivaipora.pr.leg.br/media/sapl/public/materialegislativa/2021/8739/325.pdf", "ementa": "JAFFER G. S. FERREIRA, vereador infra-assinado, em pleno exerc\u00edcio de seu mandato parlamentar, vem mui respeitosamente atrav\u00e9s dessa Presid\u00eancia, INDICAR ao Senhor Prefeito Municipal, que por meio do Departamento competente, realize uma reuni\u00e3o com os motoristas da sa\u00fade, e solicite que se organizem para fazer uma parada de 15 minutos para que os pacientes possam ir ao banheiro, devido a suas condi\u00e7\u00f5es peculiares de sa\u00fade."}, {"id": "8740", "ano": "2021", "numero": "326", "tipo__sigla": "IND", "tipo__descricao": "Indica\u00e7\u00e3o", "autoria": "Jaffer Ferreira", "texto_original": "http://sapl.ivaipora.pr.leg.br/media/sapl/public/materialegislativa/2021/8740/326.pdf", "ementa": "JAFFER G. S. FERREIRA, vereador infra-assinado, em pleno exerc\u00edcio de seu mandato parlamentar, vem mui respeitosamente atrav\u00e9s dessa Presid\u00eancia, INDICAR ao Senhor Prefeito Municipal, que por meio do Departamento competente, providencie com urg\u00eancia cascalho de mais ou menos 1 km da estrada do sitio do senhor Otavio Rodrigues no trecho do Cinco Encruzo, este local se encontra com moradores que depende da estrada para se deslocar para a cidade e tamb\u00e9m para levar crian\u00e7a com autismo para fazer terapia. Fotos anexos."}, {"id": "8741", "ano": "2021", "numero": "327", "tipo__sigla": "IND", "tipo__descricao": "Indica\u00e7\u00e3o", "autoria": "Nando Dorta", "texto_original": "http://sapl.ivaipora.pr.leg.br/media/sapl/public/materialegislativa/2021/8741/327.pdf", "ementa": "FERNANDO RODRIGUES DORTA, vereador infra-assinado, em pleno exerc\u00edcio de seu mandato parlamentar, vem mui respeitosamente atrav\u00e9s dessa Presid\u00eancia, INDICAR ao Senhor Prefeito Municipal, que por meio do Departamento competente realize uma ro\u00e7ada a beira da pista entre a Vila Santa Terezinha e o Jardim Por\u00e3 (devido mal visibilidade, onde pode acarretar acidente)."}, {"id": "8742", "ano": "2021", "numero": "328", "tipo__sigla": "IND", "tipo__descricao": "Indica\u00e7\u00e3o", "autoria": "Sab\u00e3o - Edivaldo Montanheri", "texto_original": "http://sapl.ivaipora.pr.leg.br/media/sapl/public/materialegislativa/2021/8742/328.pdf", "ementa": "EDIVALDO APARECIDO MONTANHERI E GERTRUDES BERNADY, vereadores infra-assinado, em pleno exerc\u00edcio de seu mandato parlamentar, vem mui respeitosamente atrav\u00e9s dessa Presid\u00eancia, INDICAR ao Senhor Prefeito Municipal Luiz Carlos Gil, que por meio do Departamento de engenharia realize um estudo para implanta\u00e7\u00e3o de uma rotat\u00f3ria ou um sem\u00e1foro entra as Avenidas Minas Gerais e Para\u00edba, de fronte a Refrigera\u00e7\u00e3o Paran\u00e1."}, {"id": "8743", "ano": "2021", "numero": "329", "tipo__sigla": "IND", "tipo__descricao": "Indica\u00e7\u00e3o", "autoria": "Sab\u00e3o - Edivaldo Montanheri", "texto_original": "http://sapl.ivaipora.pr.leg.br/media/sapl/public/materialegislativa/2021/8743/329.pdf", "ementa": "EDIVALDO APARECIDO MONTANHERI, vereador infra-assinado, em pleno exerc\u00edcio de seu mandato parlamentar, vem mui respeitosamente atrav\u00e9s dessa Presid\u00eancia, INDICAR ao Senhor Prefeito Municipal Luiz Carlos Gil, que por meio do Departamento de Competente, providencie um redutor de velocidade (quebra mola), na Rua Pires (Vila Nova Por\u00e3)."}, {"id": "8744", "ano": "2021", "numero": "330", "tipo__sigla": "IND", "tipo__descricao": "Indica\u00e7\u00e3o", "autoria": "Jaffer Ferreira", "texto_original": "http://sapl.ivaipora.pr.leg.br/media/sapl/public/materialegislativa/2021/8744/330.pdf", "ementa": "JAFFER G. S. FERREIRA, vereador infra-assinado, em pleno exerc\u00edcio de seu mandato parlamentar, vem mui respeitosamente atrav\u00e9s dessa Presid\u00eancia, INDICAR ao Senhor Prefeito Municipal, que por meio do Departamento competente, providencie placas de tr\u00e2nsito, pintura e um redutor de velocidade na Rua Cear\u00e1 pr\u00f3ximo ao Chamb\u00f3 G\u00e1s no cruzamento da Avenida Pedro Koltun."}, {"id": "8745", "ano": "2021", "numero": "331", "tipo__sigla": "IND", "tipo__descricao": "Indica\u00e7\u00e3o", "autoria": "Carniato", "texto_original": "http://sapl.ivaipora.pr.leg.br/media/sapl/public/materialegislativa/2021/8745/331.pdf", "ementa": "JOS\u00c9 MAURINO CARNIATO, vereador infra-assinado, em pleno exerc\u00edcio de seu mandato parlamentar, vem mui respeitosamente atrav\u00e9s dessa Presid\u00eancia, INDICAR ao Senhor Prefeito Municipal, para que por meio do Departamento competente seja realizado recape asf\u00e1ltico sobre cal\u00e7amento poli\u00e9drico em algumas ruas do Jardim Belo Horizonte, s\u00e3o elas Rua Marginal (Esquerda), Rua Princesa Izabel, Rua Iva\u00ed e Rua Padre Anchieta. Providenciar tamb\u00e9m a limpeza e adequa\u00e7\u00e3o das bocas de lobos que se encontram entupidas."}, {"id": "9137", "ano": "2021", "numero": "332", "tipo__sigla": "IND", "tipo__descricao": "Indica\u00e7\u00e3o", "autoria": "Carniato", "texto_original": "http://sapl.ivaipora.pr.leg.br/media/sapl/public/materialegislativa/2021/9137/332.pdf", "ementa": "JOS\u00c9 MAURINO CARNIATO, vereador infra-assinado, em pleno exerc\u00edcio de seu mandato parlamentar, vem mui respeitosamente atrav\u00e9s dessa Presid\u00eancia, INDICAR ao Senhor Prefeito Municipal, para que por meio do Departamento competente seja realizado a constru\u00e7\u00e3o de uma rotat\u00f3ria e sinaliza\u00e7\u00e3o do tr\u00e2nsito no encontro da Avenida Apar\u00edcio C. Bitencourt com Avenida Maranh\u00e3o, em frente ao Rotary Club, e pintura das faixas de pedestres no cruzamento da Avenida Maranh\u00e3o com a Rua Emilio Ganzert. Com aumento de fluxo de ve\u00edculos nestes locais, os riscos de acidentes foram aumentados."}, {"id": "9138", "ano": "2021", "numero": "333", "tipo__sigla": "IND", "tipo__descricao": "Indica\u00e7\u00e3o", "autoria": "Carniato", "texto_original": "http://sapl.ivaipora.pr.leg.br/media/sapl/public/materialegislativa/2021/9138/333.pdf", "ementa": "JOS\u00c9 MAURINO CARNIATO, vereador infra-assinado, em pleno exerc\u00edcio de seu mandato parlamentar, vem mui respeitosamente atrav\u00e9s dessa Presid\u00eancia, INDICAR ao Senhor Prefeito Municipal, para que providencie a constru\u00e7\u00e3o de uma cerca de prote\u00e7\u00e3o (barreira) nos pontos mais cr\u00edticos do lago do Jardim Bot\u00e2nico. H\u00e1 local onde a pista de caminhada \u00e9 mais pr\u00f3xima do lago, o que pode representar risco para os que por ali circula, especialmente para as crian\u00e7as pequenas"}, {"id": "9139", "ano": "2021", "numero": "334", "tipo__sigla": "IND", "tipo__descricao": "Indica\u00e7\u00e3o", "autoria": "Carniato", "texto_original": "http://sapl.ivaipora.pr.leg.br/media/sapl/public/materialegislativa/2021/9139/334.pdf", "ementa": "JOS\u00c9 MAURINO CARNIATO, vereador infra-assinado, em pleno exerc\u00edcio de seu mandato parlamentar, vem mui respeitosamente atrav\u00e9s dessa Presid\u00eancia, INDICAR ao Senhor Prefeito Municipal, para que analise a possibilidade de criar no Calend\u00e1rio de Eventos do Munic\u00edpio o \u201cDia do Antigomobilista\u201d para realiza\u00e7\u00e3o de exposi\u00e7\u00e3o de carros antigos ap\u00f3s a pandemia. A exposi\u00e7\u00e3o de carros antigos re\u00fane v\u00e1rios colecionadores e apaixonados por carros de diversas regi\u00f5es do pa\u00eds, que al\u00e9m de divulgar o nome da cidade de Ivaipor\u00e3 ser\u00e1 um evento importante para a movimenta\u00e7\u00e3o da economia local e possibilitar a gera\u00e7\u00e3o de muitos empregos tempor\u00e1rios. Fotos em anexo:"}, {"id": "9140", "ano": "2021", "numero": "335", "tipo__sigla": "IND", "tipo__descricao": "Indica\u00e7\u00e3o", "autoria": "Sab\u00e3o - Edivaldo Montanheri", "texto_original": "http://sapl.ivaipora.pr.leg.br/media/sapl/public/materialegislativa/2021/9140/335.pdf", "ementa": "EDIVALDO APARECIDO MONTANHERI, vereador infra-assinado, em pleno exerc\u00edcio de seu mandato parlamentar, vem mui respeitosamente atrav\u00e9s dessa Presid\u00eancia, INDICAR ao Senhor Prefeito Municipal, que por meio do Departamento competente, providencie a capina da rua Estrada Usina Velha, consiste numa reinvindica\u00e7\u00e3o constante dos moradores, os quais reclamam da rua cheia de mato."}, {"id": "9141", "ano": "2021", "numero": "336", "tipo__sigla": "IND", "tipo__descricao": "Indica\u00e7\u00e3o", "autoria": "Sab\u00e3o - Edivaldo Montanheri", "texto_original": "http://sapl.ivaipora.pr.leg.br/media/sapl/public/materialegislativa/2021/9141/336.pdf", "ementa": "EDIVALDO APARECIDO MONTANHERI, vereador infra-assinado, em pleno exerc\u00edcio de seu mandato parlamentar, vem mui respeitosamente atrav\u00e9s dessa Presid\u00eancia, INDICAR ao Senhor Prefeito Municipal, que por meio do Departamento competente providencie um redutor de velocidade (quebra mola), na Avenida Maranh\u00e3o de fronte a ch\u00e1cara Belarmino, nota-se que no local mencionado os ve\u00edculos trafegam em alta velocidade."}, {"id": "9142", "ano": "2021", "numero": "337", "tipo__sigla": "IND", "tipo__descricao": "Indica\u00e7\u00e3o", "autoria": "Sab\u00e3o - Edivaldo Montanheri", "texto_original": "http://sapl.ivaipora.pr.leg.br/media/sapl/public/materialegislativa/2021/9142/337.pdf", "ementa": "EDIVALDO APARECIDO MONTANHERI, vereador infra-assinado, em pleno exerc\u00edcio de seu mandato parlamentar, vem mui respeitosamente atrav\u00e9s dessa Presid\u00eancia, INDICAR ao Senhor Prefeito Municipal, que por meio do Departamento de Sa\u00fade seja estabelecido na Unidade B\u00e1sica de Sa\u00fade do Distrito de Jacutinga, um dia para se fazer a entrega dos medicamentos controlados na Igreja do Paineirinha, facilitando para os moradores daquela comunidade, que devido a dist\u00e2ncia muitos n\u00e3o est\u00e3o conseguindo buscar."}, {"id": "9143", "ano": "2021", "numero": "338", "tipo__sigla": "IND", "tipo__descricao": "Indica\u00e7\u00e3o", "autoria": "Jaffer Ferreira", "texto_original": "http://sapl.ivaipora.pr.leg.br/media/sapl/public/materialegislativa/2021/9143/338.pdf", "ementa": "JAFFER G. S. FERREIRA, vereador infra-assinado, em pleno exerc\u00edcio de seu mandato parlamentar, vem mui respeitosamente atrav\u00e9s dessa Presid\u00eancia, INDICAR ao Senhor Prefeito Municipal, que por meio do Departamento competente, providencie refazer o redutor de velocidade (quebra-molas) da Avenida Brasil, em frente ao Armarinhos Andir\u00e1, pois o redutor de velocidade existente se encontra muito baixo, e os motoristas transitam em alta velocidade."}, {"id": "9144", "ano": "2021", "numero": "339", "tipo__sigla": "IND", "tipo__descricao": "Indica\u00e7\u00e3o", "autoria": "Jaffer Ferreira", "texto_original": "http://sapl.ivaipora.pr.leg.br/media/sapl/public/materialegislativa/2021/9144/339.pdf", "ementa": "JAFFER G. S. FERREIRA, vereador infra-assinado, em pleno exerc\u00edcio de seu mandato parlamentar, vem mui respeitosamente atrav\u00e9s dessa Presid\u00eancia, INDICAR ao Senhor Prefeito Municipal, que por meio do Departamento competente, providencie mais funcion\u00e1rios no distrito do Alto Por\u00e3 para dar conta do servi\u00e7o da fun\u00e7\u00e3o de varredor de rua."}, {"id": "9145", "ano": "2021", "numero": "340", "tipo__sigla": "IND", "tipo__descricao": "Indica\u00e7\u00e3o", "autoria": "Jaffer Ferreira", "texto_original": "http://sapl.ivaipora.pr.leg.br/media/sapl/public/materialegislativa/2021/9145/340.pdf", "ementa": "JAFFER G. S. FERREIRA, vereador infra-assinado, em pleno exerc\u00edcio de seu mandato parlamentar, vem mui respeitosamente atrav\u00e9s dessa Presid\u00eancia, INDICAR ao Senhor Prefeito Municipal, que por meio do Departamento competente, providencie a reforma no campo da Vila Santa Maria."}, {"id": "9146", "ano": "2021", "numero": "341", "tipo__sigla": "IND", "tipo__descricao": "Indica\u00e7\u00e3o", "autoria": "Jaffer Ferreira", "texto_original": "http://sapl.ivaipora.pr.leg.br/media/sapl/public/materialegislativa/2021/9146/341.pdf", "ementa": "EMERSON DA SILVA BERTOTTI, vereador infra-assinado, em pleno exerc\u00edcio de seu mandato parlamentar, vem mui respeitosamente atrav\u00e9s dessa Presid\u00eancia, INDICAR ao Senhor Prefeito Municipal Luiz Carlos Gil, que por meio do Departamento Competente, providencie a coloca\u00e7\u00e3o de placas indicando curvas e velocidade m\u00e1xima permitida na Rodovia Municipal L\u00e1zaro Bueno (estrada do Ouro Verde), recentemente pavimentada, aumentando o fluxo de carros no acesso a nossa cidade."}, {"id": "9147", "ano": "2021", "numero": "342", "tipo__sigla": "IND", "tipo__descricao": "Indica\u00e7\u00e3o", "autoria": "Fio Bertotti", "texto_original": "http://sapl.ivaipora.pr.leg.br/media/sapl/public/materialegislativa/2021/9147/342.pdf", "ementa": "EMERSON DA SILVA BERTOTTI, vereador infra-assinado, em pleno exerc\u00edcio de seu mandato parlamentar, vem mui respeitosamente atrav\u00e9s dessa Presid\u00eancia, INDICAR ao Senhor Prefeito Municipal Luiz Carlos Gil, que por meio do Departamento de Competente, providencie a manuten\u00e7\u00e3o e recape asf\u00e1ltico na Rua Cuba pr\u00f3ximo a Sanepar, muitos buracos na rua dificultando tr\u00e1fego."}, {"id": "9148", "ano": "2021", "numero": "343", "tipo__sigla": "IND", "tipo__descricao": "Indica\u00e7\u00e3o", "autoria": "Fio Bertotti", "texto_original": "http://sapl.ivaipora.pr.leg.br/media/sapl/public/materialegislativa/2021/9148/343.pdf", "ementa": "EMERSON DA SILVA BERTOTTI, vereador infra-assinado, em pleno exerc\u00edcio de seu mandato parlamentar, vem mui respeitosamente atrav\u00e9s dessa Presid\u00eancia, INDICAR ao Senhor Prefeito Municipal Luiz Carlos Gil, que por meio do Departamento de Meio Ambiente, providencie uma Campanha de Conscientiza\u00e7\u00e3o para separa\u00e7\u00e3o do lixo residencial, fazendo com que as pessoas separem o lixo org\u00e2nico do lixo recicl\u00e1vel."}, {"id": "9149", "ano": "2021", "numero": "344", "tipo__sigla": "IND", "tipo__descricao": "Indica\u00e7\u00e3o", "autoria": "Josane Disner", "texto_original": "http://sapl.ivaipora.pr.leg.br/media/sapl/public/materialegislativa/2021/9149/344.pdf", "ementa": "JOSANE GORETE DISNER TEIXEIRA, vereadora infra-assinado, em pleno exerc\u00edcio de seu mandato parlamentar, vem mui respeitosamente atrav\u00e9s dessa Presid\u00eancia, INDICAR ao Senhor Prefeito Municipal, que por meio do Departamento competente, providencie a constru\u00e7\u00e3o de uma pra\u00e7a com playground e uma ATI no Jardim Alvorada, beneficiando assim a comunidade local."}, {"id": "9150", "ano": "2021", "numero": "345", "tipo__sigla": "IND", "tipo__descricao": "Indica\u00e7\u00e3o", "autoria": "Josane Disner", "texto_original": "http://sapl.ivaipora.pr.leg.br/media/sapl/public/materialegislativa/2021/9150/345.pdf", "ementa": "JOSANE GORETE DISNER TEIXEIRA, vereadora infra-assinado, em pleno exerc\u00edcio de seu mandato parlamentar, vem mui respeitosamente atrav\u00e9s dessa Presid\u00eancia, INDICAR ao Senhor Prefeito Municipal, que por meio do Departamento competente, providencie \u00e0 possibilidade da coloca\u00e7\u00e3o de cascalho na Rua Machado de Assis em frente ao n\u00ba 06 Bosque da Sa\u00fade, os moradores est\u00e3o solicitando urgente, muita poeira e em \u00e9poca de chuvas fica intransit\u00e1vel. Segue foto em anexo."}, {"id": "9151", "ano": "2021", "numero": "346", "tipo__sigla": "IND", "tipo__descricao": "Indica\u00e7\u00e3o", "autoria": "Josane Disner", "texto_original": "http://sapl.ivaipora.pr.leg.br/media/sapl/public/materialegislativa/2021/9151/346.pdf", "ementa": "JOSANE GORETE DISNER TEIXEIRA, vereadora infra-assinado, em pleno exerc\u00edcio de seu mandato parlamentar, vem mui respeitosamente atrav\u00e9s dessa Presid\u00eancia, INDICAR ao Senhor Prefeito Municipal, que por meio do Departamento competente, a limpeza e retirada de carros velhos e entulhos na Rua Mambor\u00ea no Jardim Alvorada, onde se encontra em estado muito preocupante, servindo para prolifera\u00e7\u00e3o de mosquito da dengue (Aedes Aegypti) baratas, ratos, entre outros."}, {"id": "9152", "ano": "2021", "numero": "347", "tipo__sigla": "IND", "tipo__descricao": "Indica\u00e7\u00e3o", "autoria": "Josane Disner", "texto_original": "http://sapl.ivaipora.pr.leg.br/media/sapl/public/materialegislativa/2021/9152/347.pdf", "ementa": "JOSANE GORETE DISNER TEIXEIRA, vereadora infra-assinado, em pleno exerc\u00edcio de seu mandato parlamentar, vem mui respeitosamente atrav\u00e9s dessa Presid\u00eancia, INDICAR ao Senhor Prefeito Municipal, que por meio do Departamento competente, providencie a sinaliza\u00e7\u00e3o das ruas no Jardim Imperial com placas de pare e preferencial, pintura de faixa de pedestres, bem como a contrata\u00e7\u00e3o de um Gari para que seja feito a limpeza das ruas em virtudes de muito lixo e pedras soltas, ocasionando grande risco de acidente naquela regi\u00e3o."}, {"id": "9153", "ano": "2021", "numero": "348", "tipo__sigla": "IND", "tipo__descricao": "Indica\u00e7\u00e3o", "autoria": "Josane Disner", "texto_original": "http://sapl.ivaipora.pr.leg.br/media/sapl/public/materialegislativa/2021/9153/348.pdf", "ementa": "JOSANE GORETE DISNER TEIXEIRA, vereadora infra-assinado, em pleno exerc\u00edcio de seu mandato parlamentar, vem mui respeitosamente atrav\u00e9s dessa Presid\u00eancia, INDICAR ao Senhor Prefeito Municipal, que por meio do Departamento competente, providencie a libera\u00e7\u00e3o da emenda parlamentar de R$ 25.000,00 (vinte e cinco mil reais) com a finalidade a castra\u00e7\u00e3o dos animais que est\u00e3o sob os cuidados do Abrigo Toca de Assis do nosso munic\u00edpio, ajudando assim no controle populacional de c\u00e3es e gatos."}, {"id": "9154", "ano": "2021", "numero": "349", "tipo__sigla": "IND", "tipo__descricao": "Indica\u00e7\u00e3o", "autoria": "Gertrudes", "texto_original": "http://sapl.ivaipora.pr.leg.br/media/sapl/public/materialegislativa/2021/9154/349.pdf", "ementa": "GERTRUDES BERNARDY, Presidente do Legislativo e vereadora infra-assinado, em pleno exerc\u00edcio de seu mandato parlamentar, vem mui respeitosamente atrav\u00e9s dessa Presid\u00eancia, INDICAR ao Senhor Prefeito Municipal Luiz Carlos Gil, que por meio do Departamento de Meio Ambiente e Educa\u00e7\u00e3o, analise e providencie a inclus\u00e3o no calend\u00e1rio oficial de eventos do Munic\u00edpio de Ivaipor\u00e3, a Semana Municipal de Meio Ambiente, tendo em vista a Semana Mundial do Meio Ambiente, com in\u00edcio no dia 5 a 9 de junho, conforme atividades elencadas em anexo."}, {"id": "9155", "ano": "2021", "numero": "350", "tipo__sigla": "IND", "tipo__descricao": "Indica\u00e7\u00e3o", "autoria": "Gertrudes", "texto_original": "http://sapl.ivaipora.pr.leg.br/media/sapl/public/materialegislativa/2021/9155/350.pdf", "ementa": "GERTRUDES BERNARDY, Presidente do Legislativo e vereadora infra-assinado, em pleno exerc\u00edcio de seu mandato parlamentar, vem mui respeitosamente atrav\u00e9s dessa Presid\u00eancia, INDICAR ao Senhor Prefeito Municipal Luiz Carlos Gil, que por meio do Departamento Competente, analise e providencie campanhas de conscientiza\u00e7\u00e3o, enfrentamento e combate ao uso de drogas voltadas \u00e0s crian\u00e7as e adolescentes."}, {"id": "9156", "ano": "2021", "numero": "351", "tipo__sigla": "IND", "tipo__descricao": "Indica\u00e7\u00e3o", "autoria": "Jaffer Ferreira", "texto_original": "http://sapl.ivaipora.pr.leg.br/media/sapl/public/materialegislativa/2021/9156/351.pdf", "ementa": "JAFFER G. S. FERREIRA, vereador infra-assinado, em pleno exerc\u00edcio de seu mandato parlamentar, vem mui respeitosamente atrav\u00e9s dessa Presid\u00eancia, INDICAR ao Senhor Prefeito Municipal, que por meio do Departamento competente, providencie um estudo sobre a possibilidade de implanta\u00e7\u00e3o de sentido \u00fanico na Rua Rio Claro, pois atualmente \u00e9 uma via de m\u00e3o dupla somente em uma quadra. Para n\u00e3o causar acidentes futuros \u00e9 necess\u00e1rio fazer esta mudan\u00e7a. Fotos em anexo;"}, {"id": "9157", "ano": "2021", "numero": "352", "tipo__sigla": "IND", "tipo__descricao": "Indica\u00e7\u00e3o", "autoria": "Jaffer Ferreira", "texto_original": "http://sapl.ivaipora.pr.leg.br/media/sapl/public/materialegislativa/2021/9157/352.pdf", "ementa": "JAFFER G. S. FERREIRA, vereador infra-assinado, em pleno exerc\u00edcio de seu mandato parlamentar, vem mui respeitosamente atrav\u00e9s dessa Presid\u00eancia, INDICAR ao Senhor Prefeito Municipal, que por meio do Departamento competente, providencie um redutor de velocidade e placas de sinaliza\u00e7\u00e3o nos dois sentidos da via da Avenida Maranh\u00e3o em frente ao n\u00famero 3950 pr\u00f3ximo da Avenida Presidente Caf\u00e9 Filho no bairro Casas Populares."}, {"id": "9158", "ano": "2021", "numero": "353", "tipo__sigla": "IND", "tipo__descricao": "Indica\u00e7\u00e3o", "autoria": "Jaffer Ferreira", "texto_original": "http://sapl.ivaipora.pr.leg.br/media/sapl/public/materialegislativa/2021/9158/353.pdf", "ementa": "JAFFER G. S. FERREIRA, vereador infra-assinado, em pleno exerc\u00edcio de seu mandato parlamentar, vem mui respeitosamente atrav\u00e9s dessa Presid\u00eancia, INDICAR ao Senhor Prefeito Municipal, que por meio do Departamento competente, providencie pedras irregulares ou cascalho na Rua S\u00e3o Jo\u00e3o do Iva\u00ed no Bairro Nova Por\u00e3 sec\u00e7\u00e3o B. Fotos em anexo;"}, {"id": "9159", "ano": "2021", "numero": "354", "tipo__sigla": "IND", "tipo__descricao": "Indica\u00e7\u00e3o", "autoria": "Vila Real", "texto_original": "http://sapl.ivaipora.pr.leg.br/media/sapl/public/materialegislativa/2021/9159/354.pdf", "ementa": "ANTONIO VILA REAL, vereador infra-assinado, em pleno exerc\u00edcio de seu mandato parlamentar, vem mui respeitosamente atrav\u00e9s dessa Presid\u00eancia, INDICAR ao Senhor Prefeito Municipal, Luiz Carlos Gil, que por meio do departamento competente, providencie a instala\u00e7\u00e3o de um ponto de \u00f4nibus coberto em frente \u00e0 C\u00e2mara de Vereadores de Ivaipor\u00e3, situada na Avenida Souza Naves, pelo fato de que em dias chuvosos o pessoal n\u00e3o tem onde se abrigar."}, {"id": "9160", "ano": "2021", "numero": "355", "tipo__sigla": "IND", "tipo__descricao": "Indica\u00e7\u00e3o", "autoria": "Carniato", "texto_original": "http://sapl.ivaipora.pr.leg.br/media/sapl/public/materialegislativa/2021/9160/355.pdf", "ementa": "JOS\u00c9 MAURINO CARNIATO, vereador infra-assinado, em pleno exerc\u00edcio de seu mandato parlamentar, vem mui respeitosamente atrav\u00e9s dessa Presid\u00eancia, INDICAR ao Senhor Prefeito Municipal Luiz Carlos Gil, para que analise a possibilidade de notifica\u00e7\u00e3o das empresas prestadoras de servi\u00e7os \u2013 Copel, Visaonet e outras que utilizam cabeamento suspenso, para que providencie adequa\u00e7\u00e3o da altura dos mesmos, a fim de evitar que ve\u00edculos grandes acabem quebrando os cabos e gerando transtornos frequentes aos usu\u00e1rios."}, {"id": "9161", "ano": "2021", "numero": "356", "tipo__sigla": "IND", "tipo__descricao": "Indica\u00e7\u00e3o", "autoria": "Carniato", "texto_original": "http://sapl.ivaipora.pr.leg.br/media/sapl/public/materialegislativa/2021/9161/356.pdf", "ementa": "JOS\u00c9 MAURINO CARNIATO, vereador infra-assinado, em pleno exerc\u00edcio de seu mandato parlamentar, vem mui respeitosamente atrav\u00e9s dessa Presid\u00eancia, INDICAR ao Senhor Prefeito Municipal Luiz Carlos Gil, para que analise a possibilidade da instala\u00e7\u00e3o de parquinho infantil no Jardim Esp\u00edrito Santo, na mesma pra\u00e7a onde est\u00e1 localizada a quadra de areia, entre ruas Pedro Aleixo, Erasto Gaertner e Avenida Alcir Vieleski."}, {"id": "9162", "ano": "2021", "numero": "357", "tipo__sigla": "IND", "tipo__descricao": "Indica\u00e7\u00e3o", "autoria": "Carniato", "texto_original": "http://sapl.ivaipora.pr.leg.br/media/sapl/public/materialegislativa/2021/9162/357.pdf", "ementa": "JOS\u00c9 MAURINO CARNIATO, vereador infra-assinado, em pleno exerc\u00edcio de seu mandato parlamentar, vem mui respeitosamente atrav\u00e9s dessa Presid\u00eancia, INDICAR ao Senhor Prefeito Municipal, para que por meio do departamento competente analise e providencie as medidas necess\u00e1rias para atualiza\u00e7\u00e3o do mapa da cidade na plataforma Google Maps, com a inclus\u00e3o dos novos bairros e atualiza\u00e7\u00e3o dos nomes das ruas. Com a evolu\u00e7\u00e3o da cidade novos bairros surgiram e houve tamb\u00e9m altera\u00e7\u00e3o do nome em muitas ruas do centro da cidade e dos bairros j\u00e1 existentes. Por este motivo, o mapa de nossa cidade na plataforma Google Maps necessita ser atualizado, constando neste, al\u00e9m dos novos bairros, os nomes de todas as ruas. A atualiza\u00e7\u00e3o e a inclus\u00e3o dos noivos bairros facilitar\u00e1 a entrega de portagens, produtos e mercadorias pelas ag\u00eancias dos Correios, transportadoras e demais prestadores de servi\u00e7os."}, {"id": "9163", "ano": "2021", "numero": "358", "tipo__sigla": "IND", "tipo__descricao": "Indica\u00e7\u00e3o", "autoria": "Carniato", "texto_original": "http://sapl.ivaipora.pr.leg.br/media/sapl/public/materialegislativa/2021/9163/358.pdf", "ementa": "JOS\u00c9 MAURINO CARNIATO, vereador infra-assinado, em pleno exerc\u00edcio de seu mandato parlamentar, vem mui respeitosamente atrav\u00e9s dessa Presid\u00eancia, INDICAR ao Senhor Prefeito Municipal Luiz Carlos Gil, para que analise a possibilidade de fazer a manuten\u00e7\u00e3o na pista de caminhada do lago de furnas. H\u00e1 locais onde as ra\u00edzes das \u00e1rvores danificaram o cal\u00e7amento, assim podendo causar acidentes dos usu\u00e1rios da pista."}, {"id": "9164", "ano": "2021", "numero": "359", "tipo__sigla": "IND", "tipo__descricao": "Indica\u00e7\u00e3o", "autoria": "Carniato", "texto_original": "http://sapl.ivaipora.pr.leg.br/media/sapl/public/materialegislativa/2021/9164/359.pdf", "ementa": "JOS\u00c9 MAURINO CARNIATO, vereador infra-assinado, em pleno exerc\u00edcio de seu mandato parlamentar, vem mui respeitosamente atrav\u00e9s dessa Presid\u00eancia, INDICAR ao Senhor Prefeito Municipal, para que por meio do departamento competente adote as provid\u00eancias necess\u00e1rias para que nas escolas e creches sejam instalados: interfone, trava de port\u00e3o e c\u00e2meras de monitoramento para maior seguran\u00e7a. A instala\u00e7\u00e3o de sistema seguran\u00e7a busca dar maior tranquilidade aos professores, funcion\u00e1rios e aos familiares das crian\u00e7as que estudam naqueles recintos. Considerando esta uma medida preventiva e necess\u00e1ria para restringir o acesso de pessoas estranhas nos estabelecimentos de ensino."}, {"id": "9165", "ano": "2021", "numero": "360", "tipo__sigla": "IND", "tipo__descricao": "Indica\u00e7\u00e3o", "autoria": "Fio Bertotti", "texto_original": "http://sapl.ivaipora.pr.leg.br/media/sapl/public/materialegislativa/2021/9165/360.pdf", "ementa": "EMERSON DA SILVA BERTOTTI, vereador infra-assinado, em pleno exerc\u00edcio de seu mandato parlamentar, vem mui respeitosamente atrav\u00e9s dessa Presid\u00eancia, INDICAR ao Senhor Prefeito Municipal Luiz Carlos Gil, que por meio do Departamento Competente, providencie a coloca\u00e7\u00e3o de uma faixa de pedestre elevada, na Rua Diva Proen\u00e7a esquina com Avenida Paran\u00e1, pr\u00f3ximo a Associa\u00e7\u00e3o Comercial. \u00c1rea central da cidade com grande fluxo de pessoas, evitando assim poss\u00edveis acidentes."}, {"id": "9166", "ano": "2021", "numero": "361", "tipo__sigla": "IND", "tipo__descricao": "Indica\u00e7\u00e3o", "autoria": "Fio Bertotti", "texto_original": "http://sapl.ivaipora.pr.leg.br/media/sapl/public/materialegislativa/2021/9166/361.pdf", "ementa": "EMERSON DA SILVA BERTOTTI, vereador infra-assinado, em pleno exerc\u00edcio de seu mandato parlamentar, vem mui respeitosamente atrav\u00e9s dessa Presid\u00eancia, INDICAR ao Senhor Prefeito Municipal Luiz Carlos Gil, que por meio do Departamento de Competente, analise a possibilidade de contrata\u00e7\u00e3o de mais profissionais de sa\u00fade (m\u00e9dicos e enfermeiros) na Upa onde s\u00e3o coletados os testes de Covid, para dar mais agilidade nos atendimentos."}, {"id": "9167", "ano": "2021", "numero": "362", "tipo__sigla": "IND", "tipo__descricao": "Indica\u00e7\u00e3o", "autoria": "Jaffer Ferreira", "texto_original": "http://sapl.ivaipora.pr.leg.br/media/sapl/public/materialegislativa/2021/9167/362.pdf", "ementa": "JAFFER G. S. FERREIRA, vereador infra-assinado, em pleno exerc\u00edcio de seu mandato parlamentar, vem mui respeitosamente atrav\u00e9s dessa Presid\u00eancia, INDICAR ao Senhor Prefeito Municipal, que por meio do Departamento competente, providencie o conserto da porta de entrada da U.B.S S\u00e3o Luiz, a porta n\u00e3o est\u00e1 fechando, tendo risco de roubo."}, {"id": "9168", "ano": "2021", "numero": "363", "tipo__sigla": "IND", "tipo__descricao": "Indica\u00e7\u00e3o", "autoria": "Jaffer Ferreira", "texto_original": "http://sapl.ivaipora.pr.leg.br/media/sapl/public/materialegislativa/2021/9168/363.pdf", "ementa": "JAFFER G. S. FERREIRA, vereador infra-assinado, em pleno exerc\u00edcio de seu mandato parlamentar, vem mui respeitosamente atrav\u00e9s dessa Presid\u00eancia, INDICAR ao Senhor Prefeito Municipal, que por meio do Departamento competente, providencie um redutor de velocidade na Rua Luciano Marcelo Oliveira N\u00ba 155 bairro Jardim Guanabara 2."}, {"id": "9169", "ano": "2021", "numero": "364", "tipo__sigla": "IND", "tipo__descricao": "Indica\u00e7\u00e3o", "autoria": "Sadi Marcondes", "texto_original": "http://sapl.ivaipora.pr.leg.br/media/sapl/public/materialegislativa/2021/9169/364.pdf", "ementa": "SADI MARCONDES MENDES, vereador infra-assinado, em pleno exerc\u00edcio de seu mandato parlamentar, vem mui respeitosamente atrav\u00e9s dessa Presid\u00eancia, INDICAR ao Senhor Prefeito Municipal, que por meio do Departamento competente, providencie a limpeza dos bueiros da Vila Jo\u00e3o XVIII e do Jardim Luiz XV, pois se encontram entupidos e chegam a jorrar \u00e1gua em algumas propriedades."}, {"id": "9170", "ano": "2021", "numero": "365", "tipo__sigla": "IND", "tipo__descricao": "Indica\u00e7\u00e3o", "autoria": "Sadi Marcondes", "texto_original": "http://sapl.ivaipora.pr.leg.br/media/sapl/public/materialegislativa/2021/9170/365.pdf", "ementa": "SADI MARCONDES MENDES, vereador infra-assinado, em pleno exerc\u00edcio de seu mandato parlamentar, vem mui respeitosamente atrav\u00e9s dessa Presid\u00eancia, INDICAR ao Senhor Prefeito Municipal, que por meio do Departamento competente, providencie a instala\u00e7\u00e3o de energia el\u00e9trica na Travessa Vicente Machado no bairro da Vila Santa Maria, existe v\u00e1rias resid\u00eancias sem energia el\u00e9trica."}, {"id": "9171", "ano": "2021", "numero": "366", "tipo__sigla": "IND", "tipo__descricao": "Indica\u00e7\u00e3o", "autoria": "Vila Real", "texto_original": "http://sapl.ivaipora.pr.leg.br/media/sapl/public/materialegislativa/2021/9171/366.pdf", "ementa": "ANTONIO VILA REAL, vereador infra-assinado, em pleno exerc\u00edcio de seu mandato parlamentar, vem mui respeitosamente atrav\u00e9s dessa Presid\u00eancia, INDICAR ao Senhor Prefeito Municipal, Luiz Carlos Gil, que por meio do departamento competente, providencie limpeza nas ruas e terrenos no Distrito de Jacutinga, pelo fato de ter moradores locais reclamando de in\u00fameros animais pe\u00e7onhentos, entulhos entre outros problemas."}, {"id": "9172", "ano": "2021", "numero": "367", "tipo__sigla": "IND", "tipo__descricao": "Indica\u00e7\u00e3o", "autoria": "Josane Disner", "texto_original": "http://sapl.ivaipora.pr.leg.br/media/sapl/public/materialegislativa/2021/9172/367.pdf", "ementa": "JOSANE GORETE DISNER TEIXEIRA, vereadora infra-assinado, em pleno exerc\u00edcio de seu mandato parlamentar, vem mui respeitosamente atrav\u00e9s dessa Presid\u00eancia, INDICAR ao Senhor Prefeito Municipal, que por meio do Departamento competente, providencie a instala\u00e7\u00e3o de um redutor de velocidade (quebra-molas) na Rua Plac\u00eddio Miranda pr\u00f3ximo ao Mercado Bom Pre\u00e7o, pois alguns motoristas trafegam em alta velocidade."}, {"id": "9173", "ano": "2021", "numero": "368", "tipo__sigla": "IND", "tipo__descricao": "Indica\u00e7\u00e3o", "autoria": "Gertrudes", "texto_original": "http://sapl.ivaipora.pr.leg.br/media/sapl/public/materialegislativa/2021/9173/368.pdf", "ementa": "GERTRUDES BERNARDY, Presidente do Legislativo e vereadora infra-assinado, em pleno exerc\u00edcio de seu mandato parlamentar, vem mui respeitosamente atrav\u00e9s dessa Presid\u00eancia, INDICAR ao Senhor Prefeito Municipal Luiz Carlos Gil, que por meio do Departamento Competente, providencie a coloca\u00e7\u00e3o de cascalho no final da Rua Bulha que tem a continuidade com a Estrada dos Cunha para atender os moradores da localidade, onde sete fam\u00edlias residem em um pequeno trecho de trezentos metros. Foto em anexo;"}, {"id": "9174", "ano": "2021", "numero": "369", "tipo__sigla": "IND", "tipo__descricao": "Indica\u00e7\u00e3o", "autoria": "Vila Real", "texto_original": "http://sapl.ivaipora.pr.leg.br/media/sapl/public/materialegislativa/2021/9174/369.pdf", "ementa": "GERTRUDES BERNARDY, Presidente do Legislativo e vereadora infra-assinado, em pleno exerc\u00edcio de seu mandato parlamentar, vem mui respeitosamente atrav\u00e9s dessa Presid\u00eancia, INDICAR ao Senhor Prefeito Municipal Luiz Carlos Gil, que por meio do Departamento Competente, analise e providencie o alargamento (abas laterais) da ponte que se localiza na Avenida Brasil no Jardim Itaipu, vendo a import\u00e2ncia para a melhoraria do fluxo de passagem de ve\u00edculos baixos, ve\u00edculos grandes e pesados como caminh\u00f5es, colheitadeiras e outros ve\u00edculos agr\u00edcolas, pois a mesma \u00e9 pr\u00f3xima de estradas rurais, onde se passa um grande escoamento da safra do nosso munic\u00edpio."}, {"id": "9175", "ano": "2021", "numero": "370", "tipo__sigla": "IND", "tipo__descricao": "Indica\u00e7\u00e3o", "autoria": "Vila Real", "texto_original": "http://sapl.ivaipora.pr.leg.br/media/sapl/public/materialegislativa/2021/9175/370.pdf", "ementa": "ANTONIO VILA REAL, vereador infra-assinado, em pleno exerc\u00edcio de seu mandato parlamentar, vem mui respeitosamente atrav\u00e9s dessa Presid\u00eancia, INDICAR ao Senhor Prefeito Municipal, que por meio do departamento competente providencie a instala\u00e7\u00e3o de um redutor de velocidade (quebra-molas), na Rua Arapongas (Jardim Bras\u00edlia) no distrito de Jacutinga, pelo fato de ve\u00edculos estarem transitando em alta velocidade, colocando em risco a vida de pessoas e podendo causar acidentes."}, {"id": "9176", "ano": "2021", "numero": "371", "tipo__sigla": "IND", "tipo__descricao": "Indica\u00e7\u00e3o", "autoria": "Jaffer Ferreira", "texto_original": "http://sapl.ivaipora.pr.leg.br/media/sapl/public/materialegislativa/2021/9176/371.pdf", "ementa": "JAFFER G. S. FERREIRA, vereador infra-assinado, em pleno exerc\u00edcio de seu mandato parlamentar, vem mui respeitosamente atrav\u00e9s dessa Presid\u00eancia, INDICAR ao Senhor Prefeito Municipal, que por meio do Departamento competente, providencie refazer o redutor de velocidade (quebra-molas) da Avenida Brasil em frente ao Espetinho Bilk, pois o redutor de velocidade existente se encontra muito baixo, e os motoristas n\u00e3o respeitam."}, {"id": "9177", "ano": "2021", "numero": "372", "tipo__sigla": "IND", "tipo__descricao": "Indica\u00e7\u00e3o", "autoria": "Sab\u00e3o - Edivaldo Montanheri", "texto_original": "http://sapl.ivaipora.pr.leg.br/media/sapl/public/materialegislativa/2021/9177/372.pdf", "ementa": "EDIVALDO APARECIDO MONTANHERI, vereador infra-assinado, em pleno exerc\u00edcio de seu mandato parlamentar, vem mui respeitosamente atrav\u00e9s dessa Presid\u00eancia, INDICAR ao Senhor Prefeito Municipal, que por meio do Departamento de Sa\u00fade, sejam inclu\u00eddos na lista de prioridades da vacina da Influenza H1N1 os funcion\u00e1rios dos Correios."}, {"id": "9178", "ano": "2021", "numero": "373", "tipo__sigla": "IND", "tipo__descricao": "Indica\u00e7\u00e3o", "autoria": "Fio Bertotti", "texto_original": "http://sapl.ivaipora.pr.leg.br/media/sapl/public/materialegislativa/2021/9178/373.pdf", "ementa": "EMERSON DA SILVA BERTOTTI, vereador infra-assinado, em pleno exerc\u00edcio de seu mandato parlamentar, vem mui respeitosamente atrav\u00e9s dessa Presid\u00eancia, INDICAR ao Senhor Prefeito Municipal, que por meio do Departamento Competente, providencie a limpeza e coloca\u00e7\u00e3o da tampa do bueiro na Rua Cear\u00e1 esquina com a Rua Paranava\u00ed, evitando assim poss\u00edveis acidentes."}, {"id": "9179", "ano": "2021", "numero": "374", "tipo__sigla": "IND", "tipo__descricao": "Indica\u00e7\u00e3o", "autoria": "Fio Bertotti", "texto_original": "http://sapl.ivaipora.pr.leg.br/media/sapl/public/materialegislativa/2021/9179/374.pdf", "ementa": "EMERSON DA SILVA BERTOTTI, vereador infra-assinado, em pleno exerc\u00edcio de seu mandato parlamentar, vem mui respeitosamente atrav\u00e9s dessa Presid\u00eancia, INDICAR ao Senhor Prefeito Municipal, que por meio do Departamento de Competente, providencie a manuten\u00e7\u00e3o (pintura) da Pra\u00e7a Manoel Teodoro da Rocha, (antiga Pra\u00e7a Kennedy) que \u00e9 um cart\u00e3o postal da nossa cidade."}, {"id": "9180", "ano": "2021", "numero": "375", "tipo__sigla": "IND", "tipo__descricao": "Indica\u00e7\u00e3o", "autoria": "Fio Bertotti", "texto_original": "http://sapl.ivaipora.pr.leg.br/media/sapl/public/materialegislativa/2021/9180/375.pdf", "ementa": "EMERSON DA SILVA BERTOTTI, vereador infra-assinado, em pleno exerc\u00edcio de seu mandato parlamentar, vem mui respeitosamente atrav\u00e9s dessa Presid\u00eancia, INDICAR ao Senhor Prefeito Municipal, que por meio do Departamento competente, providencie redutor de velocidade (quebra-molas ou faixa elevada) na Rua Paulista em frente ao Col\u00e9gio Estadual Ant\u00f4nio Diniz Pereira, pois os carros desenvolvem alta velocidade no local, colocando em risco os alunos e demais pedestres."}, {"id": "9181", "ano": "2021", "numero": "376", "tipo__sigla": "IND", "tipo__descricao": "Indica\u00e7\u00e3o", "autoria": "Josane Disner", "texto_original": "http://sapl.ivaipora.pr.leg.br/media/sapl/public/materialegislativa/2021/9181/376.pdf", "ementa": "JOSANE GORETE DISNER TEIXEIRA, vereadora infra-assinado, em pleno exerc\u00edcio de seu mandato parlamentar, vem mui respeitosamente atrav\u00e9s dessa Presid\u00eancia, INDICAR ao Senhor Prefeito Municipal, que por meio do Departamento competente, providencie a limpeza na ponte de acesso secund\u00e1rio (Vila Santa Maria), que se encontra com mato muito alto, impossibilitando a visualiza\u00e7\u00e3o para trafegar com seguran\u00e7a na pista, bem como o conserto das madeiras que se encontram bem deterioradas."}, {"id": "9182", "ano": "2021", "numero": "377", "tipo__sigla": "IND", "tipo__descricao": "Indica\u00e7\u00e3o", "autoria": "Josane Disner", "texto_original": "http://sapl.ivaipora.pr.leg.br/media/sapl/public/materialegislativa/2021/9182/377.pdf", "ementa": "JOSANE GORETE DISNER TEIXEIRA, vereadora infra-assinado, em pleno exerc\u00edcio de seu mandato parlamentar, vem mui respeitosamente atrav\u00e9s dessa Presid\u00eancia, INDICAR ao Senhor Prefeito Municipal, que por meio do Departamento competente, providencie a instala\u00e7\u00e3o de um ponto de \u00f4nibus na Avenida Melvis Muchiuti pr\u00f3ximo a Capela Santo Ant\u00f4nio, bem como placas de sinaliza\u00e7\u00e3o de quebra-molas existente naquele local."}, {"id": "9183", "ano": "2021", "numero": "378", "tipo__sigla": "IND", "tipo__descricao": "Indica\u00e7\u00e3o", "autoria": "Josane Disner", "texto_original": "http://sapl.ivaipora.pr.leg.br/media/sapl/public/materialegislativa/2021/9183/378.pdf", "ementa": "JOSANE GORETE DISNER TEIXEIRA, vereadora infra-assinado, em pleno exerc\u00edcio de seu mandato parlamentar, vem mui respeitosamente atrav\u00e9s dessa Presid\u00eancia, INDICAR ao Senhor Prefeito Municipal, que por meio do Departamento competente, providencie a inclus\u00e3o no calend\u00e1rio oficial de eventos no Munic\u00edpio de Ivaipor\u00e3, a Semana Municipal do Idoso, tendo em vista a Semana Mundial do Idoso, com inicio no dia 01 a 7 de outubro, com atividades voltadas a popula\u00e7\u00e3o idosa: (palestras, passeios, confraterniza\u00e7\u00f5es, gincanas, parceria com SESC e SENAC, entrevistas com pessoas mais idosa da cidade, entre outros)."}, {"id": "9184", "ano": "2021", "numero": "379", "tipo__sigla": "IND", "tipo__descricao": "Indica\u00e7\u00e3o", "autoria": "Carniato", "texto_original": "http://sapl.ivaipora.pr.leg.br/media/sapl/public/materialegislativa/2021/9184/379.pdf", "ementa": "JOS\u00c9 MAURINO CARNIATO, vereador infra-assinado, em pleno exerc\u00edcio de seu mandato parlamentar, vem mui respeitosamente atrav\u00e9s dessa Presid\u00eancia, INDICAR ao Senhor Prefeito Municipal em exerc\u00edcio Marcelo Reis, para que atrav\u00e9s do Departamento competente adote as medidas necess\u00e1rias a fim de evitar descarte de lixo na Mata do Foloca, as margens da rodovia que liga a cidade ao Ouro Verde. No local tem sido descartado de forma irregular lixo eletr\u00f4nico, entulhos, m\u00f3veis velhos e at\u00e9 lixo dom\u00e9stico. Essa pr\u00e1tica prejudica o meio ambiente e causa mal impress\u00e3o as pessoas."}, {"id": "9185", "ano": "2021", "numero": "380", "tipo__sigla": "IND", "tipo__descricao": "Indica\u00e7\u00e3o", "autoria": "Carniato", "texto_original": "http://sapl.ivaipora.pr.leg.br/media/sapl/public/materialegislativa/2021/9185/380.pdf", "ementa": "JOS\u00c9 MAURINO CARNIATO, vereador infra-assinado, em pleno exerc\u00edcio de seu mandato parlamentar, vem mui respeitosamente atrav\u00e9s dessa Presid\u00eancia, INDICAR ao Senhor Prefeito Municipal em exerc\u00edcio, Marcelo Reis, para que atrav\u00e9s do Departamento competente providencie as medidas necess\u00e1rias para controle da velocidade dos ve\u00edculos na Rua Anhanguera, no trecho entre a Rua Lea Valverde Pirolo e Avenida Apar\u00edcio C. Bitencourt, no Parque Residencial Belo Horizonte. Conforme relato dos moradores da referida rua, os motoristas v\u00eam desenvolvendo velocidade incompat\u00edvel com vias urbanas naquele trecho, colocando em riscos especialmente as crian\u00e7as."}, {"id": "9186", "ano": "2021", "numero": "381", "tipo__sigla": "IND", "tipo__descricao": "Indica\u00e7\u00e3o", "autoria": "Carniato, Josane Disner", "texto_original": "http://sapl.ivaipora.pr.leg.br/media/sapl/public/materialegislativa/2021/9186/381.pdf", "ementa": "JOS\u00c9 MAURINO CARNIATO e JOSANE G. DISNER TEIXEIRA, Vereadores que a presente subscreve, em pleno exerc\u00edcio de suas prerrogativas parlamentares, v\u00eam mui respeitosamente atrav\u00e9s dessa Presid\u00eancia, INDICAR ao Senhor Prefeito em exerc\u00edcio, Marcelo Reis, para que disponibilize trabalhador para realizar a varri\u00e7\u00e3o das ruas e limpeza das canaletas na Vila Residencial de Furnas, que hoje n\u00e3o est\u00e1 sendo realizada regularmente. A varri\u00e7\u00e3o das ruas e a limpeza das canaletas de escoamento das \u00e1guas pluviais \u00e9 de suma import\u00e2ncia, pois a aus\u00eancia deste servi\u00e7o vai refletir diretamente na qualidade da \u00e1gua do lago de Furnas, que \u00e9 formado por acumula\u00e7\u00e3o das \u00e1guas da chuva, que para l\u00e1 s\u00e3o direcionadas."}, {"id": "9187", "ano": "2021", "numero": "382", "tipo__sigla": "IND", "tipo__descricao": "Indica\u00e7\u00e3o", "autoria": "Carniato, Josane Disner", "texto_original": "http://sapl.ivaipora.pr.leg.br/media/sapl/public/materialegislativa/2021/9187/382.pdf", "ementa": "JOS\u00c9 MAURINO CARNIATO e JOSANE G. DISNER TEIXEIRA, Vereadores que a presente subscrevem, em pleno exerc\u00edcio de suas prerrogativas parlamentares, v\u00eam mui respeitosamente atrav\u00e9s dessa Presid\u00eancia, INDICAR ao Senhor Prefeito Municipal em exerc\u00edcio, Marcelo Reis, para que atrav\u00e9s do Departamento competente providencie manuten\u00e7\u00e3o nas galerias e recape asf\u00e1ltico na Rua Jos\u00e9 Bonif\u00e1cio, no trecho entre a Avenida Apar\u00edcio C. Bitencourt \u2013 Jardim Ouro Preto e a Rua Luis Pasteur \u2013 Jardim Imperial, que se apresenta bastante danificada, dificultando o tr\u00e2nsito. Essa rua \u00e9 importante via de acesso ao Jardim Bot\u00e2nico para os moradores da Vila Jo\u00e3o XXIII e bairros adjacentes."}, {"id": "9188", "ano": "2021", "numero": "383", "tipo__sigla": "IND", "tipo__descricao": "Indica\u00e7\u00e3o", "autoria": "Carniato", "texto_original": "http://sapl.ivaipora.pr.leg.br/media/sapl/public/materialegislativa/2021/9188/383.pdf", "ementa": "JOS\u00c9 MAURINO CARNIATO, vereador infra-assinado, em pleno exerc\u00edcio de seu mandato parlamentar, vem mui respeitosamente atrav\u00e9s dessa Presid\u00eancia, INDICAR ao Senhor Prefeito Municipal em exerc\u00edcio, Marcelo Reis, para que atrav\u00e9s do Departamento de Meio Ambiente adote as medidas necess\u00e1rias para controle da \u201cFormiga Cortadeira\u201d que est\u00e1 invadindo nossa cidade e causando preju\u00edzo nas hortas, jardins e em plantas frut\u00edferas. No p\u00e1tio da Secretaria Municipal da Sa\u00fade \u00e9 um dos pontos de grande infesta\u00e7\u00e3o das formigas, al\u00e9m de canteiros centrais da Avenida Souza Naves, no trecho em frente ao Escrit\u00f3rio Regional de Ivaipor\u00e3 \u2013 Instituto \u00c1gua e Terra \u2013 IAT."}, {"id": "9189", "ano": "2021", "numero": "384", "tipo__sigla": "IND", "tipo__descricao": "Indica\u00e7\u00e3o", "autoria": "Jaffer Ferreira", "texto_original": "http://sapl.ivaipora.pr.leg.br/media/sapl/public/materialegislativa/2021/9189/384.pdf", "ementa": "JAFFER G. S. FERREIRA, vereador infra-assinado, em pleno exerc\u00edcio de seu mandato parlamentar, vem mui respeitosamente atrav\u00e9s dessa Presid\u00eancia, INDICAR ao Senhor Prefeito Municipal, que por meio do Departamento competente, providencie melhorias no muro do cemit\u00e9rio (Rua Alvorada), pois o muro est\u00e1 com v\u00e1rios buracos. A \u00e1gua e o barro que escorrem v\u00e3o para rua e atingem as casas dos moradores."}, {"id": "9190", "ano": "2021", "numero": "385", "tipo__sigla": "IND", "tipo__descricao": "Indica\u00e7\u00e3o", "autoria": "Josane Disner", "texto_original": "http://sapl.ivaipora.pr.leg.br/media/sapl/public/materialegislativa/2021/9190/385.pdf", "ementa": "JOSANE GORETE DISNER TEIXEIRA e JOS\u00c9 MAURINO CARNIATO, vereadores infra-assinado, em pleno exerc\u00edcio de seu mandato parlamentar, vem mui respeitosamente atrav\u00e9s dessa Presid\u00eancia, INDICAR ao Senhor Prefeito Municipal, que an\u00e1lise a possibilidade de altera\u00e7\u00f5es na Lei Municipal n\u00ba 1.520/2008. Em anexo, Minuta do Projeto de Lei."}, {"id": "9191", "ano": "2021", "numero": "386", "tipo__sigla": "IND", "tipo__descricao": "Indica\u00e7\u00e3o", "autoria": "Fio Bertotti", "texto_original": "http://sapl.ivaipora.pr.leg.br/media/sapl/public/materialegislativa/2021/9191/386.pdf", "ementa": "EMERSON DA SILVA BERTOTTI, vereador infra-assinado, em pleno exerc\u00edcio de seu mandato parlamentar, vem mui respeitosamente atrav\u00e9s dessa Presid\u00eancia, INDICAR ao Senhor Prefeito Municipal, que por meio do Departamento de Meio Ambiente, providencie a manuten\u00e7\u00e3o do caminh\u00e3o reserva da coleta seletiva, para que fique sempre \u00e0 disposi\u00e7\u00e3o, para que n\u00e3o haja atraso na coleta do lixo."}, {"id": "9192", "ano": "2021", "numero": "387", "tipo__sigla": "IND", "tipo__descricao": "Indica\u00e7\u00e3o", "autoria": "Jaffer Ferreira", "texto_original": "http://sapl.ivaipora.pr.leg.br/media/sapl/public/materialegislativa/2021/9192/387.pdf", "ementa": "JAFFER G. S. FERREIRA, vereador infra-assinado, em pleno exerc\u00edcio de seu mandato parlamentar, vem mui respeitosamente atrav\u00e9s dessa Presid\u00eancia, INDICAR ao Senhor Prefeito Municipal, que por meio do Departamento competente, providencie um redutor de velocidade no final da Avenida Brasil na estrada que vai para Cinco Encruzo."}, {"id": "9193", "ano": "2021", "numero": "388", "tipo__sigla": "IND", "tipo__descricao": "Indica\u00e7\u00e3o", "autoria": "Jaffer Ferreira", "texto_original": "http://sapl.ivaipora.pr.leg.br/media/sapl/public/materialegislativa/2021/9193/388.pdf", "ementa": "JAFFER G. S. FERREIRA, vereador infra-assinado, em pleno exerc\u00edcio de seu mandato parlamentar, vem mui respeitosamente atrav\u00e9s dessa Presid\u00eancia, INDICAR ao Senhor Prefeito Municipal, que por meio do Departamento competente, providencie um campinho de futebol no Jardim Europa (Vila Xurupita)."}, {"id": "9194", "ano": "2021", "numero": "389", "tipo__sigla": "IND", "tipo__descricao": "Indica\u00e7\u00e3o", "autoria": "Jaffer Ferreira", "texto_original": "http://sapl.ivaipora.pr.leg.br/media/sapl/public/materialegislativa/2021/9194/389.pdf", "ementa": "Jaffer G. S. Ferreira, vereador infra-assinado, em pleno exerc\u00edcio de seu mandato parlamentar, vem mui respeitosamente atrav\u00e9s dessa Presid\u00eancia, INDICAR ao Senhor Prefeito Municipal, que por meio do Departamento competente, providencie a constru\u00e7\u00e3o de um CMEI no Jardim Europa (Vila Xurupita)."}, {"id": "9195", "ano": "2021", "numero": "390", "tipo__sigla": "IND", "tipo__descricao": "Indica\u00e7\u00e3o", "autoria": "Vila Real", "texto_original": "http://sapl.ivaipora.pr.leg.br/media/sapl/public/materialegislativa/2021/9195/390.pdf", "ementa": "ANTONIO VILA REAL, vereador infra-assinado, em pleno exerc\u00edcio de seu mandato parlamentar, vem mui respeitosamente atrav\u00e9s dessa Presid\u00eancia, INDICAR ao Senhor Prefeito Municipal, que por meio do departamento competente, providencie a instala\u00e7\u00e3o de um redutor de velocidade na Rua Joaquim Bonif\u00e1cio (em frente ao popular Bar do Tonh\u00e3o, subindo a rua do Lago das Flores). Pelo fato de ve\u00edculos estarem transitando em alta velocidade, na data do dia 09/06/2021 foi registrado mais um acidente, colocando em risco a vida de pessoas"}, {"id": "9196", "ano": "2021", "numero": "391", "tipo__sigla": "IND", "tipo__descricao": "Indica\u00e7\u00e3o", "autoria": "Gertrudes", "texto_original": "http://sapl.ivaipora.pr.leg.br/media/sapl/public/materialegislativa/2021/9196/391.pdf", "ementa": "GERTRUDES BERNARDY, Presidente do Legislativo e vereadora infra-assinado, em pleno exerc\u00edcio de seu mandato parlamentar, vem mui respeitosamente atrav\u00e9s dessa Presid\u00eancia, INDICAR ao Senhor Prefeito Municipal, que por meio do Departamento Competente, analise e providencie o cascalhamento de um trecho da estrada do Per\u00f3b\u00e3o sentido ao Formosinho, aproximadamente 3km at\u00e9 a Igrejinha, pr\u00f3ximo a entrada da propriedade do senhor Edson Magri, e tamb\u00e9m a manuten\u00e7\u00e3o e limpeza das caixas de conten\u00e7\u00e3o de \u00e1gua para a boa conserva\u00e7\u00e3o da estrada. Fotos em anexo;"}, {"id": "9212", "ano": "2021", "numero": "392", "tipo__sigla": "IND", "tipo__descricao": "Indica\u00e7\u00e3o", "autoria": "Gertrudes", "texto_original": "http://sapl.ivaipora.pr.leg.br/media/sapl/public/materialegislativa/2021/9212/392.pdf", "ementa": "GERTRUDES BERNARDY, Presidente do Legislativo e vereadora infra-assinado, em pleno exerc\u00edcio de seu mandato parlamentar, vem mui respeitosamente atrav\u00e9s dessa Presid\u00eancia, INDICAR ao Senhor Prefeito Municipal, que por meio do Departamento Competente, analise e providencie uma ponte de concreto no bairro Formosinho, haja visto que aquela ponte j\u00e1 rodou v\u00e1rias vezes com as fortes chuvas, prejudicando os moradores, o transporte escolar, e tamb\u00e9m o carregamento de areia do porto do Mario Hort com ve\u00edculos pesados. Fotos em anexo;"}, {"id": "9213", "ano": "2021", "numero": "393", "tipo__sigla": "IND", "tipo__descricao": "Indica\u00e7\u00e3o", "autoria": "Gertrudes", "texto_original": "http://sapl.ivaipora.pr.leg.br/media/sapl/public/materialegislativa/2021/9213/393.pdf", "ementa": "GERTRUDES BERNARDY, Presidente do Legislativo e vereadora infra-assinado, em pleno exerc\u00edcio de seu mandato parlamentar, vem mui respeitosamente atrav\u00e9s dessa Presid\u00eancia, INDICAR ao Senhor Prefeito Municipal, que por meio do Departamento Competente, analise e providencie o alargamento da ponte e do acostamento dos dois lados da via na Vila Santa Maria no acesso secund\u00e1rio pr\u00f3ximo a mec\u00e2nica panorama, at\u00e9 mesmo para o melhor deslocamento para as viaturas do corpo de bombeiro que em breve vai ter sua base bem pr\u00f3ximo e tamb\u00e9m com a finalidade de passagem para pedestres com mais seguran\u00e7a, haja visto que os pedestres tem que adentrar a pista de rolamento para passar sobre a mesma. Fotos em anexo;"}, {"id": "9214", "ano": "2021", "numero": "394", "tipo__sigla": "IND", "tipo__descricao": "Indica\u00e7\u00e3o", "autoria": "Gertrudes", "texto_original": "http://sapl.ivaipora.pr.leg.br/media/sapl/public/materialegislativa/2021/9214/394.pdf", "ementa": "GERTRUDES BERNARDY, Presidente do Legislativo e vereadora infra-assinado, em pleno exerc\u00edcio de seu mandato parlamentar, vem mui respeitosamente atrav\u00e9s dessa Presid\u00eancia, INDICAR ao Senhor Prefeito Municipal, que por meio do Departamento Competente, analise e providencie que seja feito o reparo no bueiro existente em frente a churrascaria Z\u00edlio na rotat\u00f3ria da Igreja Bom Jesus, haja visto que a tampa quebrou e se encontra aberta e vem oferecendo riscos aos pedestres que passam pelo local."}, {"id": "9215", "ano": "2021", "numero": "395", "tipo__sigla": "IND", "tipo__descricao": "Indica\u00e7\u00e3o", "autoria": "Josane Disner", "texto_original": "http://sapl.ivaipora.pr.leg.br/media/sapl/public/materialegislativa/2021/9215/395.pdf", "ementa": "JOSANE GORETE DISNER TEIXEIRA, vereadora infra-assinado, em pleno exerc\u00edcio de seu mandato parlamentar, vem mui respeitosamente atrav\u00e9s dessa Presid\u00eancia, INDICAR ao Senhor Prefeito Municipal, que por meio do Departamento competente, providencie a instala\u00e7\u00e3o de um ponto de \u00f4nibus pr\u00f3ximo as Lojas Pernambucanas, pois tem muitos trabalhadores que ficam ao relento em dias chuvosos."}, {"id": "9216", "ano": "2021", "numero": "396", "tipo__sigla": "IND", "tipo__descricao": "Indica\u00e7\u00e3o", "autoria": "Josane Disner", "texto_original": "http://sapl.ivaipora.pr.leg.br/media/sapl/public/materialegislativa/2021/9216/396.pdf", "ementa": "JOSANE GORETE DISNER TEIXEIRA, vereadora infra-assinado, em pleno exerc\u00edcio de seu mandato parlamentar, vem mui respeitosamente atrav\u00e9s dessa Presid\u00eancia, INDICAR ao Senhor Prefeito Municipal, que por meio do Departamento competente, providencie para que seja disponibilizado placas para indicar estacionamento exclusivo para motocicletas no centro de nossa cidade."}, {"id": "9217", "ano": "2021", "numero": "397", "tipo__sigla": "IND", "tipo__descricao": "Indica\u00e7\u00e3o", "autoria": "Josane Disner", "texto_original": "http://sapl.ivaipora.pr.leg.br/media/sapl/public/materialegislativa/2021/9217/397.pdf", "ementa": "JOSANE GORETE DISNER TEIXEIRA, vereadora infra-assinado, em pleno exerc\u00edcio de seu mandato parlamentar, vem mui respeitosamente atrav\u00e9s dessa Presid\u00eancia, INDICAR ao Senhor Prefeito Municipal, que por meio do Departamento competente, providencie a constru\u00e7\u00e3o de uma quadra de malha na Vila Jo\u00e3o XXIII."}, {"id": "9218", "ano": "2021", "numero": "398", "tipo__sigla": "IND", "tipo__descricao": "Indica\u00e7\u00e3o", "autoria": "Fio Bertotti", "texto_original": "http://sapl.ivaipora.pr.leg.br/media/sapl/public/materialegislativa/2021/9218/398.pdf", "ementa": "EMERSON DA SILVA BERTOTTI, vereador infra-assinado, em pleno exerc\u00edcio de seu mandato parlamentar, vem atrav\u00e9s dessa Presid\u00eancia, INDICAR ao Senhor Prefeito Municipal, que seja analisada a possibilidade em se conceder o parcelamento do Imposto sobre a Transmiss\u00e3o de Bens Im\u00f3veis (ITBI), institu\u00eddo pelo Lei Complementar n\u00ba 1.890/2010. Por ser de compet\u00eancia privativa do Executivo Municipal conforme disposto na Lei Org\u00e2nica Municipal, este vereador vem mui respeitosamente encaminhar a minuta do projeto de Lei dispondo do parcelamento, a fim de auxiliar os trabalhos relativos a tal proposta."}, {"id": "9219", "ano": "2021", "numero": "399", "tipo__sigla": "IND", "tipo__descricao": "Indica\u00e7\u00e3o", "autoria": "Fio Bertotti", "texto_original": "http://sapl.ivaipora.pr.leg.br/media/sapl/public/materialegislativa/2021/9219/399.pdf", "ementa": "EMERSON DA SILVA BERTOTTI, vereador infra-assinado, em pleno exerc\u00edcio de seu mandato parlamentar, vem mui respeitosamente atrav\u00e9s dessa Presid\u00eancia, INDICAR ao Senhor Prefeito Municipal, que por meio do Departamento de Competente, providencie a manuten\u00e7\u00e3o e recape asf\u00e1ltico na Avenida Brasil em frente ao Paran\u00e1 Supermercados, \u00e1rea central da cidade e grande fluxo de carros."}, {"id": "9220", "ano": "2021", "numero": "400", "tipo__sigla": "IND", "tipo__descricao": "Indica\u00e7\u00e3o", "autoria": "Fio Bertotti", "texto_original": "http://sapl.ivaipora.pr.leg.br/media/sapl/public/materialegislativa/2021/9220/400.pdf", "ementa": "EMERSON DA SILVA BERTOTTI, vereador infra-assinado, em pleno exerc\u00edcio de seu mandato parlamentar, vem mui respeitosamente atrav\u00e9s dessa Presid\u00eancia, INDICAR ao Senhor Prefeito Municipal, que por meio do Departamento competente, providencie a manuten\u00e7\u00e3o da cal\u00e7ada de passeio na Avenida Brasil em frente \u00e0 Casa do Criador, ap\u00f3s feito o alargamento da via para estacionamento ficou inacabada."}, {"id": "9221", "ano": "2021", "numero": "401", "tipo__sigla": "IND", "tipo__descricao": "Indica\u00e7\u00e3o", "autoria": "Fio Bertotti", "texto_original": "http://sapl.ivaipora.pr.leg.br/media/sapl/public/materialegislativa/2021/9221/401.pdf", "ementa": "EMERSON DA SILVA BERTOTTI, vereador infra-assinado, em pleno exerc\u00edcio de seu mandato parlamentar, vem mui respeitosamente atrav\u00e9s dessa Presid\u00eancia, INDICAR ao Senhor Prefeito Municipal, que por meio do Departamento competente, providencie a manuten\u00e7\u00e3o e limpeza das vielas entre as ruas Lea Valverde Pirolo e rua Marginal no Jardim Belo Horizonte."}, {"id": "9222", "ano": "2021", "numero": "402", "tipo__sigla": "IND", "tipo__descricao": "Indica\u00e7\u00e3o", "autoria": "Jaffer Ferreira", "texto_original": "http://sapl.ivaipora.pr.leg.br/media/sapl/public/materialegislativa/2021/9222/402.pdf", "ementa": "JAFFER G. S. FERREIRA, vereador infra-assinado, em pleno exerc\u00edcio de seu mandato parlamentar, vem mui respeitosamente atrav\u00e9s dessa Presid\u00eancia, INDICAR ao Senhor Prefeito Municipal, que por meio do Departamento competente, providencie uma academia ar livre (ATI) e um parquinho para as crian\u00e7as ao lado do campo da Vila Santa Maria."}, {"id": "9223", "ano": "2021", "numero": "403", "tipo__sigla": "IND", "tipo__descricao": "Indica\u00e7\u00e3o", "autoria": "Nando Dorta", "texto_original": "http://sapl.ivaipora.pr.leg.br/media/sapl/public/materialegislativa/2021/9223/403.pdf", "ementa": "FERNANDO RODRIGUES DORTA, vereador infra-assinado, em pleno exerc\u00edcio de seu mandato parlamentar, vem mui respeitosamente atrav\u00e9s dessa Presid\u00eancia, INDICAR ao Senhor Prefeito Municipal em exerc\u00edcio, Marcelo dos Reis, que por meio do departamento competente, providencie uma camada asf\u00e1ltica na \u00e1rea de embarque e desembarque do Transporte Coletivo no Terminal Rodovi\u00e1rio de Ivaipor\u00e3. Alguns lugares t\u00eam apresentado afundamento do solo, necessitando de reparos urgentes."}, {"id": "9224", "ano": "2021", "numero": "404", "tipo__sigla": "IND", "tipo__descricao": "Indica\u00e7\u00e3o", "autoria": "Gertrudes", "texto_original": "http://sapl.ivaipora.pr.leg.br/media/sapl/public/materialegislativa/2021/9224/404.pdf", "ementa": "GERTRUDES BERNARDY, Presidente do Legislativo e vereadora infra-assinado, em pleno exerc\u00edcio de seu mandato parlamentar, vem mui respeitosamente atrav\u00e9s dessa Presid\u00eancia, INDICAR ao Senhor Prefeito, que por meio do Departamento Competente, analise e providencie a implanta\u00e7\u00e3o de uma pista de ciclismo ou ciclovia em volta do Lago Jardim Bot\u00e2nico."}, {"id": "9225", "ano": "2021", "numero": "405", "tipo__sigla": "IND", "tipo__descricao": "Indica\u00e7\u00e3o", "autoria": "Carniato", "texto_original": "http://sapl.ivaipora.pr.leg.br/media/sapl/public/materialegislativa/2021/9225/405.pdf", "ementa": "JOS\u00c9 MAURINO CARNIATO, vereador infra-assinado, em pleno exerc\u00edcio de seu mandato parlamentar, vem mui respeitosamente atrav\u00e9s dessa Presid\u00eancia, INDICAR ao Senhor Prefeito Municipal em exerc\u00edcio, Marcelo Reis, para que atrav\u00e9s do Departamento competente providencia a reforma do muro de arrimo no CMEI Santa Terezinha. O muro existente est\u00e1 caindo em decorr\u00eancia do deslizamento de terras, que se n\u00e3o controlado poder\u00e1 comprometer tamb\u00e9m a constru\u00e7\u00e3o do CMEI."}, {"id": "9226", "ano": "2021", "numero": "406", "tipo__sigla": "IND", "tipo__descricao": "Indica\u00e7\u00e3o", "autoria": "Carniato", "texto_original": "http://sapl.ivaipora.pr.leg.br/media/sapl/public/materialegislativa/2021/9226/406.pdf", "ementa": "JOS\u00c9 MAURINO CARNIATO, vereador infra-assinado, em pleno exerc\u00edcio de seu mandato parlamentar, vem mui respeitosamente atrav\u00e9s dessa Presid\u00eancia, INDICAR ao Senhor Prefeito Municipal em exerc\u00edcio, Marcelo Reis, para que atrav\u00e9s do Departamento competente analise e providencie a instala\u00e7\u00e3o de uma lixeira no canteiro da Avenida Brasil, em frente ao Supermercado Paulista, que em fun\u00e7\u00e3o do grande n\u00famero de frequentadores do local e de c\u00e3es soltos na rua que acabam esparramando o lixo, e causando m\u00e1 impress\u00e3o aos visitantes da cidade."}, {"id": "9227", "ano": "2021", "numero": "407", "tipo__sigla": "IND", "tipo__descricao": "Indica\u00e7\u00e3o", "autoria": "Carniato", "texto_original": "http://sapl.ivaipora.pr.leg.br/media/sapl/public/materialegislativa/2021/9227/407.pdf", "ementa": "JOS\u00c9 MAURINO CARNIATO, vereador infra-assinado, em pleno exerc\u00edcio de seu mandato parlamentar, vem mui respeitosamente atrav\u00e9s dessa Presid\u00eancia, INDICAR ao Senhor Prefeito Municipal em exerc\u00edcio, Marcelo Reis, para que atrav\u00e9s do Departamento competente providencie a constru\u00e7\u00e3o de faixa elevada em frente ao Posto de Sa\u00fade Central \u2013 Avenida Souza Naves. No local os motoristas t\u00eam desenvolvido velocidade incompat\u00edvel, colocando em riscos as pessoas que procuram por atendimento naquela unidade de sa\u00fade."}, {"id": "9228", "ano": "2021", "numero": "408", "tipo__sigla": "IND", "tipo__descricao": "Indica\u00e7\u00e3o", "autoria": "Carniato", "texto_original": "http://sapl.ivaipora.pr.leg.br/media/sapl/public/materialegislativa/2021/9228/408.pdf", "ementa": "JOS\u00c9 MAURINO CARNIATO, vereador infra-assinado, em pleno exerc\u00edcio de seu mandato parlamentar, vem mui respeitosamente atrav\u00e9s dessa Presid\u00eancia, INDICAR ao Senhor Prefeito Municipal em exerc\u00edcio, Marcelo Reis, para que atrav\u00e9s do Departamento competente providencie a manuten\u00e7\u00e3o na processadora de RAIO-X do Pronto Atendimento Municipal, uma vez que a manuten\u00e7\u00e3o peri\u00f3dica n\u00e3o est\u00e1 sendo realizada e a qualidade da imagem acaba ficando comprometida, n\u00e3o possibilitando um diagn\u00f3stico mais preciso e seguro. A manuten\u00e7\u00e3o preventiva \u00e9 essencial para controle da qualidade da imagem, e a aus\u00eancia desse servi\u00e7o vem comprometendo a qualidade dos exames realizados."}, {"id": "9229", "ano": "2021", "numero": "409", "tipo__sigla": "IND", "tipo__descricao": "Indica\u00e7\u00e3o", "autoria": "Carniato", "texto_original": "http://sapl.ivaipora.pr.leg.br/media/sapl/public/materialegislativa/2021/9229/409.pdf", "ementa": "JOS\u00c9 MAURINO CARNIATO, vereador infra-assinado, em pleno exerc\u00edcio de seu mandato parlamentar, vem mui respeitosamente atrav\u00e9s dessa Presid\u00eancia, INDICAR ao Senhor Prefeito Municipal em exerc\u00edcio, Marcelo Reis, para que atrav\u00e9s do Departamento competente realize com URG\u00caNCIA levantamento do n\u00famero de fam\u00edlias, que em fun\u00e7\u00e3o dos efeitos da Pandemia tiveram sua condi\u00e7\u00e3o social agravada, afetando inclusive o sagrado direito \u00e0 alimenta\u00e7\u00e3o e de moradia digna, buscando a partir desses dados instituir programa de ajuda emergencial \u00e0queles que se encontrarem em riscos social. As fam\u00edlias s\u00e3o sustentadas por trabalhadores, que em fun\u00e7\u00e3o da pandemia teve sua condi\u00e7\u00e3o agravada, pela perda do emprego, pelo aumento no valor da cesta b\u00e1sica, do aluguel e de todas as outras despesas dom\u00e9sticas e, que j\u00e1 n\u00e3o consegue oferecer o m\u00ednimo necess\u00e1rio para o sustento da fam\u00edlia. A fome n\u00e3o afeta somente a extrema pobreza, mas, vem amea\u00e7ando tamb\u00e9m \u00e0queles que j\u00e1 sentem os efeitos do empobrecimento."}, {"id": "9230", "ano": "2021", "numero": "410", "tipo__sigla": "IND", "tipo__descricao": "Indica\u00e7\u00e3o", "autoria": "Jaffer Ferreira", "texto_original": "http://sapl.ivaipora.pr.leg.br/media/sapl/public/materialegislativa/2021/9230/410.pdf", "ementa": "JAFFER G. S. FERREIRA, vereador infra-assinado, em pleno exerc\u00edcio de seu mandato parlamentar, vem mui respeitosamente atrav\u00e9s dessa Presid\u00eancia, INDICAR ao Senhor Prefeito Municipal, que por meio do Departamento competente, providencie a constru\u00e7\u00e3o de cal\u00e7ada na Rua Alvorada do lado do muro do cemit\u00e9rio, para que os pedestres possam transitar com seguran\u00e7a. Fotos em anexo;"}, {"id": "9231", "ano": "2021", "numero": "411", "tipo__sigla": "IND", "tipo__descricao": "Indica\u00e7\u00e3o", "autoria": "Vila Real", "texto_original": "http://sapl.ivaipora.pr.leg.br/media/sapl/public/materialegislativa/2021/9231/411.pdf", "ementa": "ANTONIO VILA REAL, vereador infra-assinado, em pleno exerc\u00edcio de seu mandato parlamentar, vem mui respeitosamente atrav\u00e9s dessa Presid\u00eancia, INDICAR ao Senhor Prefeito Municipal, que por meio do departamento competente realize estudos no sentido de implantar em nosso munic\u00edpio um \"Centro de Reabilita\u00e7\u00e3o P\u00f3s-Covid-19\". A presente indica\u00e7\u00e3o \u00e9 de grande valia, visto que, os pacientes que foram internados ou diagnosticados com Covid-19, ap\u00f3s o tratamento da fase aguda e o per\u00edodo de isolamento poder\u00e3o receber acompanhamento de uma equipe multiprofissional. Entretanto, \u00e9 v\u00e1lido frisar que a recupera\u00e7\u00e3o do paciente que teve a Covid-19 n\u00e3o termina no momento da alta, pois depois de superar a doen\u00e7a, \u00e9 preciso investigar e tratar poss\u00edveis sequelas que muitas vezes evoluem sem dar sinais, resultando em danos graves \u00e0 sa\u00fade."}, {"id": "9232", "ano": "2021", "numero": "412", "tipo__sigla": "IND", "tipo__descricao": "Indica\u00e7\u00e3o", "autoria": "Gertrudes", "texto_original": "http://sapl.ivaipora.pr.leg.br/media/sapl/public/materialegislativa/2021/9232/412.pdf", "ementa": "GERTRUDES BERNARDY, Presidente do Legislativo e vereadora infra-assinado, em pleno exerc\u00edcio de seu mandato parlamentar, vem mui respeitosamente atrav\u00e9s dessa Presid\u00eancia, INDICAR ao Senhor Prefeito Municipal em exerc\u00edcio, Marcelo Reis, que por meio do Departamento Competente, analise e providencie coberturas transparente de policarbonato e pintura no CMEI Em\u00edlia Kuroda, pois h\u00e1 uma grande parte descoberta e quando chove as crian\u00e7as e professores s\u00e3o prejudicados pela chuva."}, {"id": "9233", "ano": "2021", "numero": "413", "tipo__sigla": "IND", "tipo__descricao": "Indica\u00e7\u00e3o", "autoria": "Gertrudes", "texto_original": "http://sapl.ivaipora.pr.leg.br/media/sapl/public/materialegislativa/2021/9233/413.pdf", "ementa": "GERTRUDES BERNARDY, Presidente do Legislativo e vereadora infra-assinado, em pleno exerc\u00edcio de seu mandato parlamentar, vem mui respeitosamente atrav\u00e9s dessa Presid\u00eancia, INDICAR ao Senhor Prefeito em exerc\u00edcio, Marcelo Reis, que por meio do Departamento Competente, analise e providencie um redutor de velocidade na estrada do Jardim Ipor\u00e3 pr\u00f3ximo a ponte no bairro Santa Terezinha na altura da casa da Rose Santos. Fotos em anexo"}, {"id": "9234", "ano": "2021", "numero": "414", "tipo__sigla": "IND", "tipo__descricao": "Indica\u00e7\u00e3o", "autoria": "Fio Bertotti, Gertrudes", "texto_original": "http://sapl.ivaipora.pr.leg.br/media/sapl/public/materialegislativa/2021/9234/414.pdf", "ementa": "GERTRUDES BERNARDY e EMERSON DA SILVA BERTOTTI, Presidente do Legislativo e vereador infra-assinado, em pleno exerc\u00edcio de seu mandato parlamentar, vem mui respeitosamente atrav\u00e9s dessa Presid\u00eancia, INDICAR ao Senhor Prefeito Municipal em exerc\u00edcio, Marcelo Reis, que por meio do Departamento Competente, analise e providencie o paisagismo no canteiro central da Avenida Brasil e instala\u00e7\u00f5es de bancos e lixeiras, come\u00e7ando na Monzak Estetica Automotiva at\u00e9 o Armarinhos Andir\u00e1."}, {"id": "9235", "ano": "2021", "numero": "415", "tipo__sigla": "IND", "tipo__descricao": "Indica\u00e7\u00e3o", "autoria": "Jaffer Ferreira", "texto_original": "http://sapl.ivaipora.pr.leg.br/media/sapl/public/materialegislativa/2021/9235/415.pdf", "ementa": "Jaffer G. S. Ferreira, vereador infra-assinado, em pleno exerc\u00edcio de seu mandato parlamentar, vem mui respeitosamente atrav\u00e9s dessa Presid\u00eancia, INDICAR ao Senhor Prefeito Municipal, que por meio do Departamento competente, que providencie a retomada (ou aumentar) os atendimentos odontol\u00f3gicos nas Unidades B\u00e1sicas de Sa\u00fade (UBS), tanto na \u00e1rea urbana quanto nos distritos, Alto Por\u00e3, Santa Barbara e Jacutinga."}, {"id": "9236", "ano": "2021", "numero": "416", "tipo__sigla": "IND", "tipo__descricao": "Indica\u00e7\u00e3o", "autoria": "Jaffer Ferreira", "texto_original": "http://sapl.ivaipora.pr.leg.br/media/sapl/public/materialegislativa/2021/9236/416.pdf", "ementa": "JAFFER G. S. FERREIRA, vereador infra-assinado, em pleno exerc\u00edcio de seu mandato parlamentar, vem mui respeitosamente atrav\u00e9s dessa Presid\u00eancia, INDICAR ao Senhor Prefeito Municipal, que por meio do Departamento competente, providencie a retomada da distribui\u00e7\u00e3o de uniformes escolares aos alunos da rede municipal, tais como o fornecimento de agasalhos, camisetas, shorts e mochila."}, {"id": "9237", "ano": "2021", "numero": "417", "tipo__sigla": "IND", "tipo__descricao": "Indica\u00e7\u00e3o", "autoria": "Jaffer Ferreira", "texto_original": "http://sapl.ivaipora.pr.leg.br/media/sapl/public/materialegislativa/2021/9237/417.pdf", "ementa": "JAFFER G. S. FERREIRA, vereador infra-assinado, em pleno exerc\u00edcio de seu mandato parlamentar, vem mui respeitosamente atrav\u00e9s dessa Presid\u00eancia, INDICAR ao Senhor Prefeito Municipal, que por meio do Departamento competente, providencie a retomada do Programa Ivaipor\u00e3 em a\u00e7\u00e3o nos bairros e distritos."}, {"id": "9238", "ano": "2021", "numero": "418", "tipo__sigla": "IND", "tipo__descricao": "Indica\u00e7\u00e3o", "autoria": "Jaffer Ferreira", "texto_original": "http://sapl.ivaipora.pr.leg.br/media/sapl/public/materialegislativa/2021/9238/418.pdf", "ementa": "JAFFER G. S. FERREIRA, vereador infra-assinado, em pleno exerc\u00edcio de seu mandato parlamentar, vem mui respeitosamente atrav\u00e9s dessa Presid\u00eancia, INDICAR ao Senhor Prefeito Municipal, que por meio do Departamento competente, providencie a cria\u00e7\u00e3o de um servi\u00e7o digital- aplicativo para celular com o objetivo de facilitar o acesso do cidad\u00e3o aos servi\u00e7os p\u00fablicos."}, {"id": "9239", "ano": "2021", "numero": "419", "tipo__sigla": "IND", "tipo__descricao": "Indica\u00e7\u00e3o", "autoria": "Carniato", "texto_original": "http://sapl.ivaipora.pr.leg.br/media/sapl/public/materialegislativa/2021/9239/419.pdf", "ementa": "JOS\u00c9 MAURINO CARNIATO, vereador infra-assinado, em pleno exerc\u00edcio de seu mandato parlamentar, vem mui respeitosamente atrav\u00e9s dessa Presid\u00eancia, INDICAR ao Senhor Prefeito Municipal em exerc\u00edcio, Marcelo Reis, para que atrav\u00e9s do Departamento competente proceda a manuten\u00e7\u00e3o e reforma das academias ao ar livre instaladas na cidade de Ivaipor\u00e3 e nos distritos. As academias ao ar livre s\u00e3o de grande import\u00e2ncia para melhoraria da condi\u00e7\u00e3o f\u00edsica, qualidade de vida, sa\u00fade e tamb\u00e9m proporciona momentos de lazer aos seus frequentadores. Como estes equipamentos est\u00e3o expostos a a\u00e7\u00e3o do sol e da chuva, a manuten\u00e7\u00e3o e reforma \u00e9 de suma import\u00e2ncia."}, {"id": "9240", "ano": "2021", "numero": "420", "tipo__sigla": "IND", "tipo__descricao": "Indica\u00e7\u00e3o", "autoria": "Carniato", "texto_original": "http://sapl.ivaipora.pr.leg.br/media/sapl/public/materialegislativa/2021/9240/420.pdf", "ementa": "JOS\u00c9 MAURINO CARNIATO, vereador infra-assinado, em pleno exerc\u00edcio de seu mandato parlamentar, vem mui respeitosamente atrav\u00e9s dessa Presid\u00eancia, INDICAR ao Senhor Prefeito Municipal em exerc\u00edcio, Marcelo Reis, para que atrav\u00e9s do Departamento competente proceda ou determine a poda das \u00e1rvores, que est\u00e3o comprometendo a vis\u00e3o, no cruzamento da Rua Pitanga esquina com Avenida Tancredo Neves \u2013 pr\u00f3ximo ao Mercado Prata."}, {"id": "9241", "ano": "2021", "numero": "421", "tipo__sigla": "IND", "tipo__descricao": "Indica\u00e7\u00e3o", "autoria": "Carniato", "texto_original": "http://sapl.ivaipora.pr.leg.br/media/sapl/public/materialegislativa/2021/9241/421.pdf", "ementa": "JOS\u00c9 MAURINO CARNIATO, vereador infra-assinado, em pleno exerc\u00edcio de seu mandato parlamentar, vem mui respeitosamente atrav\u00e9s dessa Presid\u00eancia, INDICAR ao Senhor Prefeito Municipal, para que atrav\u00e9s do Departamento competente analise a possibilidade para abertura de ruas ligando a Vila Residencial de Furnas ao Loteamento Bella Casa II, proporcionando a maior mobilidade urbana."}, {"id": "9242", "ano": "2021", "numero": "422", "tipo__sigla": "IND", "tipo__descricao": "Indica\u00e7\u00e3o", "autoria": "Carniato", "texto_original": "http://sapl.ivaipora.pr.leg.br/media/sapl/public/materialegislativa/2021/9242/422.pdf", "ementa": "JOS\u00c9 MAURINO CARNIATO, vereador infra-assinado, em pleno exerc\u00edcio de seu mandato parlamentar, vem mui respeitosamente atrav\u00e9s dessa Presid\u00eancia, INDICAR ao Senhor Prefeito Municipal, para que atrav\u00e9s do Departamento competente que providencie pedra irregular, cascalho ou asfalto na Rua Santa Vicentina \u2013 Jardim Ipor\u00e3."}, {"id": "9243", "ano": "2021", "numero": "423", "tipo__sigla": "IND", "tipo__descricao": "Indica\u00e7\u00e3o", "autoria": "Josane Disner, Vila Real", "texto_original": "http://sapl.ivaipora.pr.leg.br/media/sapl/public/materialegislativa/2021/9243/423.pdf", "ementa": "JOSANE GORETE DISNER TEIXEIRA e ANTONIO VILA REAL vereadora infra-assinado, em pleno exerc\u00edcio de seu mandato parlamentar, vem mui respeitosamente atrav\u00e9s dessa Presid\u00eancia, INDICAR ao Senhor Prefeito Municipal, que por meio do Departamento competente, providencie cascalho na estrada do lix\u00e3o, Pindauva. Os moradores est\u00e3o solicitando melhorias no local."}, {"id": "9244", "ano": "2021", "numero": "424", "tipo__sigla": "IND", "tipo__descricao": "Indica\u00e7\u00e3o", "autoria": "Josane Disner", "texto_original": "http://sapl.ivaipora.pr.leg.br/media/sapl/public/materialegislativa/2021/9244/424.pdf", "ementa": "JOSANE GORETE DISNER TEIXEIRA, vereadora infra-assinado, em pleno exerc\u00edcio de seu mandato parlamentar, vem mui respeitosamente atrav\u00e9s dessa Presid\u00eancia, INDICAR ao Senhor Prefeito Municipal, que por meio do Departamento competente, providencie a reforma da passarela do Lago das Flores, pintura da quadra de futebol, limpeza no local, pois o mato est\u00e1 alto e com muito lixo em volta."}, {"id": "9245", "ano": "2021", "numero": "425", "tipo__sigla": "IND", "tipo__descricao": "Indica\u00e7\u00e3o", "autoria": "Fio Bertotti", "texto_original": "http://sapl.ivaipora.pr.leg.br/media/sapl/public/materialegislativa/2021/9245/425.pdf", "ementa": "EMERSON DA SILVA BERTOTTI, vereador infra-assinado, em pleno exerc\u00edcio de seu mandato parlamentar, vem mui respeitosamente atrav\u00e9s dessa Presid\u00eancia, INDICAR ao Senhor Prefeito Municipal, que por meio do Departamento Competente, providencie um estudo sobre a viabilidade de uma faixa elevada na Rua Manoel Ribas, em frente ao port\u00e3o do cemit\u00e9rio e a capela Alian\u00e7a, para dar mais seguran\u00e7a aos pedestres."}, {"id": "9246", "ano": "2021", "numero": "426", "tipo__sigla": "IND", "tipo__descricao": "Indica\u00e7\u00e3o", "autoria": "Fio Bertotti", "texto_original": "http://sapl.ivaipora.pr.leg.br/media/sapl/public/materialegislativa/2021/9246/426.pdf", "ementa": "EMERSON DA SILVA BERTOTTI, vereador infra-assinado, em pleno exerc\u00edcio de seu mandato parlamentar, vem mui respeitosamente atrav\u00e9s dessa Presid\u00eancia, INDICAR ao Senhor Prefeito Municipal, que por meio do Departamento competente, providencie um ponto de \u00f4nibus coberto na Rua Mangueira esquina com Rua Andara\u00ed, no Jardim Guanabara II, e outro tamb\u00e9m na Rua Plac\u00eddio Miranda esquina com Rua Luiz Pasteur, no Jardim Casa Grande II, atendendo pedidos de moradores para se protegerem em dias de chuva e sol muito quente."}, {"id": "9247", "ano": "2021", "numero": "427", "tipo__sigla": "IND", "tipo__descricao": "Indica\u00e7\u00e3o", "autoria": "Gertrudes", "texto_original": "http://sapl.ivaipora.pr.leg.br/media/sapl/public/materialegislativa/2021/9247/427.pdf", "ementa": "GERTRUDES BERNARDY, Presidente do Legislativo e vereadora infra-assinado, em pleno exerc\u00edcio de seu mandato parlamentar, vem mui respeitosamente atrav\u00e9s dessa Presid\u00eancia, INDICAR ao Senhor Prefeito Municipal em exerc\u00edcio, Marcelo Reis, que por meio do Departamento Competente, analise e providencie a coloca\u00e7\u00e3o de lixeiras em todos os pontos de \u00f4nibus existentes no munic\u00edpio e tamb\u00e9m no terminal rodovi\u00e1rio, para manter nossa cidade limpa."}, {"id": "9248", "ano": "2021", "numero": "428", "tipo__sigla": "IND", "tipo__descricao": "Indica\u00e7\u00e3o", "autoria": "Josane Disner", "texto_original": "http://sapl.ivaipora.pr.leg.br/media/sapl/public/materialegislativa/2021/9248/428.pdf", "ementa": "JOSANE GORETE DISNER TEIXEIRA, vereadora infra-assinado, em pleno exerc\u00edcio de seu mandato parlamentar, vem mui respeitosamente atrav\u00e9s dessa Presid\u00eancia, INDICAR ao Senhor Prefeito Municipal, que por meio do Departamento competente, providencie a troca da tampa do bueiro na Rua Celso Ademir Rother n\u00ba 165 Jardim Versalhes."}, {"id": "9249", "ano": "2021", "numero": "429", "tipo__sigla": "IND", "tipo__descricao": "Indica\u00e7\u00e3o", "autoria": "Gertrudes, Vila Real", "texto_original": "http://sapl.ivaipora.pr.leg.br/media/sapl/public/materialegislativa/2021/9249/429.pdf", "ementa": "GERTRUDES BERNARDY e ANTONIO VILA REAL Presidente do Legislativo e vereador infra-assinado, em pleno exerc\u00edcio de seu mandato parlamentar, vem mui respeitosamente atrav\u00e9s dessa Presid\u00eancia, INDICAR ao Senhor Prefeito Municipal em exerc\u00edcio, Marcelo Reis, que por meio do Departamento Competente, providencie o alargamento da ponte do bairro Santa Terezinha ao Jardim Ipor\u00e3, que oferece muito risco devido ao grande fluxo de m\u00e1quinas agr\u00edcola e caminh\u00f5es. Fotos em anexo:"}, {"id": "9250", "ano": "2021", "numero": "430", "tipo__sigla": "IND", "tipo__descricao": "Indica\u00e7\u00e3o", "autoria": "Nando Dorta", "texto_original": "http://sapl.ivaipora.pr.leg.br/media/sapl/public/materialegislativa/2021/9250/430.pdf", "ementa": "FERNANDO RODRIGUES DORTA, vereador infra-assinado, em pleno exerc\u00edcio de seu mandato parlamentar, vem mui respeitosamente atrav\u00e9s dessa Presid\u00eancia, INDICAR ao Senhor Prefeito Municipal em exerc\u00edcio, Marcelo dos Reis, que por meio do departamento competente, providencie a implanta\u00e7\u00e3o de testes r\u00e1pidos no Protocolo de a\u00e7\u00f5es contra o COVID-19."}, {"id": "9251", "ano": "2021", "numero": "431", "tipo__sigla": "IND", "tipo__descricao": "Indica\u00e7\u00e3o", "autoria": "Carniato", "texto_original": "http://sapl.ivaipora.pr.leg.br/media/sapl/public/materialegislativa/2021/9251/431.pdf", "ementa": "JOS\u00c9 MAURINO CARNIATO, vereador infra-assinado, em pleno exerc\u00edcio de seu mandato parlamentar, vem mui respeitosamente atrav\u00e9s dessa Presid\u00eancia, INDICAR ao Senhor Prefeito Municipal, para que por meio do Departamento competente, providencie a coloca\u00e7\u00e3o de cascalho nos pontos mais cr\u00edticos da estrada que liga a Igreja da Laranjeira ao Formoso, para que os moradores possam retirar sua produ\u00e7\u00e3o, at\u00e9 que seja poss\u00edvel o cal\u00e7amento poli\u00e9drico reivindicado anteriormente. Essa estrada \u00e9 importante meio de escoamento da produ\u00e7\u00e3o, especialmente o leite. Em alguns pontos da estrada, nos dias de chuva, o tr\u00e2nsito de caminh\u00f5es \u00e9 praticamente imposs\u00edvel, o que tem prejudicado o escoamento da produ\u00e7\u00e3o, sendo necess\u00e1rio fazer um trajeto que aumenta muito o percurso e atrasa o momento da coleta, podendo at\u00e9 comprometer a qualidade do produto."}, {"id": "9353", "ano": "2021", "numero": "432", "tipo__sigla": "IND", "tipo__descricao": "Indica\u00e7\u00e3o", "autoria": "Carniato", "texto_original": "http://sapl.ivaipora.pr.leg.br/media/sapl/public/materialegislativa/2021/9353/432.pdf", "ementa": "JOS\u00c9 MAURINO CARNIATO, vereador infra-assinado, em pleno exerc\u00edcio de seu mandato parlamentar, vem mui respeitosamente atrav\u00e9s dessa Presid\u00eancia, INDICAR ao Senhor Prefeito Municipal, para que analise a possibilidade de contrata\u00e7\u00e3o de seguro de grupo para os ve\u00edculos da prefeitura. Num primeiro momento a contrata\u00e7\u00e3o de seguro de autos at\u00e9 parece um desperd\u00edcio de dinheiro, e no caso dinheiro p\u00fablico. Mas, o n\u00famero de ve\u00edculos do munic\u00edpio em movimento todos os dias potencializa o risco de acidentes e colis\u00f5es. \u00c9 importante ressaltar que o seguro n\u00e3o cobre somente os gastos do pr\u00f3prio ve\u00edculo em caso de incidentes, mas tamb\u00e9m o ve\u00edculo de terceiros que possam estar envolvidos, al\u00e9m de prote\u00e7\u00e3o \u00e0s pessoas envolvidas, indenizando-os."}, {"id": "9354", "ano": "2021", "numero": "433", "tipo__sigla": "IND", "tipo__descricao": "Indica\u00e7\u00e3o", "autoria": "Carniato", "texto_original": "http://sapl.ivaipora.pr.leg.br/media/sapl/public/materialegislativa/2021/9354/433.pdf", "ementa": "JOS\u00c9 MAURINO CARNIATO, vereador infra-assinado, em pleno exerc\u00edcio de seu mandato parlamentar, vem mui respeitosamente atrav\u00e9s dessa Presid\u00eancia, INDICAR ao Senhor Prefeito Municipal, para que por meio do Departamento competente, providencie a coloca\u00e7\u00e3o de cascalho na estrada da \u00c1gua da Prata, que liga a Vila Rural a cidade. Pois em dias chuvosos o transporte coletivo n\u00e3o tem funcionado, complicando para as pessoas que trabalham na cidade e que dependem desse meio de transporte. Essa estrada aguarda a realiza\u00e7\u00e3o do cal\u00e7amento poli\u00e9drico (pedras irregulares). Mas, as condi\u00e7\u00f5es de alguns trechos requerem medidas urgentes para atender aos moradores daquela comunidade, enquanto aguardam o cal\u00e7amento definitivo."}, {"id": "9355", "ano": "2021", "numero": "434", "tipo__sigla": "IND", "tipo__descricao": "Indica\u00e7\u00e3o", "autoria": "Jaffer Ferreira", "texto_original": "http://sapl.ivaipora.pr.leg.br/media/sapl/public/materialegislativa/2021/9355/434.pdf", "ementa": "JAFFER G. S. FERREIRA, vereador infra-assinado, em pleno exerc\u00edcio de seu mandato parlamentar, vem mui respeitosamente atrav\u00e9s dessa Presid\u00eancia, INDICAR ao Senhor Prefeito Municipal, que por meio do Departamento competente, providencie uma tampa de bueiro na rua Juarez Cleve n\u00b0 300, o bueiro se encontra sem tampa colocando em risco os pedestres que passam naquele local. Foto anexo."}, {"id": "9356", "ano": "2021", "numero": "435", "tipo__sigla": "IND", "tipo__descricao": "Indica\u00e7\u00e3o", "autoria": "Jaffer Ferreira", "texto_original": "http://sapl.ivaipora.pr.leg.br/media/sapl/public/materialegislativa/2021/9356/435.pdf", "ementa": "JAFFER G. S. FERREIRA, vereador infra-assinado, em pleno exerc\u00edcio de seu mandato parlamentar, vem mui respeitosamente atrav\u00e9s dessa Presid\u00eancia, INDICAR ao Senhor Prefeito Municipal, que por meio do Departamento competente, providencie uma cal\u00e7ada na lateral da Escola Ignes de Souza Caetano localizada na rua Placidio Miranda. Fotos em anexo."}, {"id": "9357", "ano": "2021", "numero": "436", "tipo__sigla": "IND", "tipo__descricao": "Indica\u00e7\u00e3o", "autoria": "Jaffer Ferreira", "texto_original": "http://sapl.ivaipora.pr.leg.br/media/sapl/public/materialegislativa/2021/9357/436.pdf", "ementa": "JAFFER G. S. FERREIRA, vereador infra-assinado, em pleno exerc\u00edcio de seu mandato parlamentar, vem mui respeitosamente atrav\u00e9s dessa Presid\u00eancia, INDICAR ao Senhor Prefeito Municipal, que por meio do Departamento competente, providencie um redutor de velocidade na Avenida Brasil n\u00b0 130 em frente a Igreja Comunidade Videira."}, {"id": "9358", "ano": "2021", "numero": "437", "tipo__sigla": "IND", "tipo__descricao": "Indica\u00e7\u00e3o", "autoria": "Jaffer Ferreira", "texto_original": "http://sapl.ivaipora.pr.leg.br/media/sapl/public/materialegislativa/2021/9358/437.pdf", "ementa": "JAFFER G. S. FERREIRA, vereador infra-assinado, em pleno exerc\u00edcio de seu mandato parlamentar, vem mui respeitosamente atrav\u00e9s dessa Presid\u00eancia, INDICAR ao Senhor Prefeito Municipal, que por meio do Departamento competente, providencie uma camada asf\u00e1ltica e limpeza nos bueiros na Rua Paulo Homenzuk na Vila S\u00e3o Jorge"}, {"id": "9359", "ano": "2021", "numero": "438", "tipo__sigla": "IND", "tipo__descricao": "Indica\u00e7\u00e3o", "autoria": "Jaffer Ferreira", "texto_original": "http://sapl.ivaipora.pr.leg.br/media/sapl/public/materialegislativa/2021/9359/438.pdf", "ementa": "JAFFER G. S. FERREIRA, vereador infra-assinado, em pleno exerc\u00edcio de seu mandato parlamentar, vem mui respeitosamente atrav\u00e9s dessa Presid\u00eancia, INDICAR ao Senhor Prefeito Municipal, que por meio do Departamento competente, providencie uma cobertura em frente ao port\u00e3o da (CMEI \u2013 Nossa Senhora Aparecida) no bairro Belo Horizonte. Um pedido dos pais dos alunos. Foto anexo."}, {"id": "9361", "ano": "2021", "numero": "439", "tipo__sigla": "IND", "tipo__descricao": "Indica\u00e7\u00e3o", "autoria": "Gertrudes", "texto_original": "http://sapl.ivaipora.pr.leg.br/media/sapl/public/materialegislativa/2021/9361/439.pdf", "ementa": "GERTRUDES BERNARDY, Presidente do Legislativo e vereadora infra-assinado, em pleno exerc\u00edcio de seu mandato parlamentar, vem mui respeitosamente atrav\u00e9s dessa Presid\u00eancia, INDICAR ao Senhor Prefeito Municipal em exerc\u00edcio, Marcelo Reis, que por meio do Departamento Competente, providencie melhorias no paisagismo e na pintura de todo o lago Jardim Bot\u00e2nico e na pista de skate feita por artistas locais."}, {"id": "9362", "ano": "2021", "numero": "440", "tipo__sigla": "IND", "tipo__descricao": "Indica\u00e7\u00e3o", "autoria": "Gertrudes", "texto_original": "http://sapl.ivaipora.pr.leg.br/media/sapl/public/materialegislativa/2021/9362/440.pdf", "ementa": "GERTRUDES BERNARDY, Presidente do Legislativo e vereadora infra-assinado, em pleno exerc\u00edcio de seu mandato parlamentar, vem mui respeitosamente atrav\u00e9s dessa Presid\u00eancia, INDICAR ao Senhor Prefeito Municipal em exerc\u00edcio, Marcelo Reis, que por meio do Departamento Competente, analise e providencie uma quadra de basquete atr\u00e1s do Sesc Ivaipor\u00e3."}, {"id": "9363", "ano": "2021", "numero": "441", "tipo__sigla": "IND", "tipo__descricao": "Indica\u00e7\u00e3o", "autoria": "Carniato", "texto_original": "http://sapl.ivaipora.pr.leg.br/media/sapl/public/materialegislativa/2021/9363/441.pdf", "ementa": "JOS\u00c9 MAURINO CARNIATO, vereador infra-assinado, em pleno exerc\u00edcio de seu mandato parlamentar, vem mui respeitosamente atrav\u00e9s dessa Presid\u00eancia, INDICAR ao Senhor Prefeito Municipal, para que atrav\u00e9s do Departamento competente analise a possibilidade da constru\u00e7\u00e3o de um campinho de esporte no Jardim Alvorada, para atender reivindica\u00e7\u00e3o dos moradores daquela localidade. A atividade f\u00edsica e a pr\u00e1tica de esporte contribuem para um desenvolvimento mais saud\u00e1veis das crian\u00e7as e jovens; e ajudam aos adultos a manterem a vida mais saud\u00e1vel."}, {"id": "9364", "ano": "2021", "numero": "442", "tipo__sigla": "IND", "tipo__descricao": "Indica\u00e7\u00e3o", "autoria": "Sab\u00e3o - Edivaldo Montanheri", "texto_original": "http://sapl.ivaipora.pr.leg.br/media/sapl/public/materialegislativa/2021/9364/442.pdf", "ementa": "EDIVALDO APARECIDO MONTANHERI, vereador infra-assinado, em pleno exerc\u00edcio de seu mandato parlamentar, vem mui respeitosamente atrav\u00e9s dessa Presid\u00eancia, INDICAR ao Senhor Prefeito Municipal, que por meio do departamento competente providencie a reforma e a instala\u00e7\u00e3o de um parquinho no CMEI Nova Por\u00e3, na Vila Nova Por\u00e3."}, {"id": "9365", "ano": "2021", "numero": "443", "tipo__sigla": "IND", "tipo__descricao": "Indica\u00e7\u00e3o", "autoria": "Josane Disner", "texto_original": "http://sapl.ivaipora.pr.leg.br/media/sapl/public/materialegislativa/2021/9365/443.pdf", "ementa": "JOSANE GORETE DISNER TEIXEIRA, vereadora infra-assinado, em pleno exerc\u00edcio de seu mandato parlamentar, vem mui respeitosamente atrav\u00e9s dessa Presid\u00eancia, INDICAR ao Senhor Prefeito Municipal, que por meio do Departamento competente, providencie melhorias na Rua Ant\u00f4nio Rocha na Vila Nova Por\u00e3, onde a mesma encontra-se em p\u00e9ssimas condi\u00e7\u00f5es de trafegabilidade, com valetas e muito lixo."}, {"id": "9366", "ano": "2021", "numero": "444", "tipo__sigla": "IND", "tipo__descricao": "Indica\u00e7\u00e3o", "autoria": "Josane Disner", "texto_original": "http://sapl.ivaipora.pr.leg.br/media/sapl/public/materialegislativa/2021/9366/444.pdf", "ementa": "JOSANE GORETE DISNER TEIXEIRA, vereadora infra-assinado, em pleno exerc\u00edcio de seu mandato parlamentar, vem mui respeitosamente atrav\u00e9s dessa Presid\u00eancia, INDICAR ao Senhor Prefeito Municipal, que por meio do Departamento competente, o fornecimento de \u201ccesta b\u00e1sica\u201d para fam\u00edlias de estudantes da rede municipal de ensino."}, {"id": "9367", "ano": "2021", "numero": "445", "tipo__sigla": "IND", "tipo__descricao": "Indica\u00e7\u00e3o", "autoria": "Josane Disner", "texto_original": "http://sapl.ivaipora.pr.leg.br/media/sapl/public/materialegislativa/2021/9367/445.pdf", "ementa": "providencie a possibilidade da contrata\u00e7\u00e3o de Assistente Social para a Rede de escola P\u00fablica Municipal, para agilidade e mais atendimentos as fam\u00edlias carentes de nosso munic\u00edpio."}, {"id": "9368", "ano": "2021", "numero": "446", "tipo__sigla": "IND", "tipo__descricao": "Indica\u00e7\u00e3o", "autoria": "Josane Disner", "texto_original": "http://sapl.ivaipora.pr.leg.br/media/sapl/public/materialegislativa/2021/9368/446.pdf", "ementa": "JOSANE GORETE DISNER TEIXEIRA, vereadora infra-assinado, em pleno exerc\u00edcio de seu mandato parlamentar, vem mui respeitosamente atrav\u00e9s dessa Presid\u00eancia, INDICAR ao Senhor Prefeito Municipal, que por meio do Departamento competente, providencie o conserto das Placas de Sinaliza\u00e7\u00e3o na Rua Joaquim Ozorio, esquina com a Rua Jacarezinho, Vila Jo\u00e3o XXIII."}, {"id": "9369", "ano": "2021", "numero": "447", "tipo__sigla": "IND", "tipo__descricao": "Indica\u00e7\u00e3o", "autoria": "Fio Bertotti", "texto_original": "http://sapl.ivaipora.pr.leg.br/media/sapl/public/materialegislativa/2021/9369/447.pdf", "ementa": "EMERSON DA SILVA BERTOTTI, vereador infra-assinado, em pleno exerc\u00edcio de seu mandato parlamentar, vem mui respeitosamente atrav\u00e9s dessa Presid\u00eancia, INDICAR ao Senhor Prefeito Municipal, que por meio do Departamento Competente, providencie um redutor de velocidade (quebra-molas) na rua Emilio Ganzert, em frente ao Jardim Bela Casa II pr\u00f3ximo \u00e0 entrada da Vila de Furnas, pois os carros desenvolvem velocidade alta ao passar pelo local."}, {"id": "9370", "ano": "2021", "numero": "448", "tipo__sigla": "IND", "tipo__descricao": "Indica\u00e7\u00e3o", "autoria": "Fio Bertotti", "texto_original": "http://sapl.ivaipora.pr.leg.br/media/sapl/public/materialegislativa/2021/9370/448.pdf", "ementa": "EMERSON DA SILVA BERTOTTI, vereador infra-assinado, em pleno exerc\u00edcio de seu mandato parlamentar, vem mui respeitosamente atrav\u00e9s dessa Presid\u00eancia, INDICAR ao Senhor Prefeito Municipal, que por meio do Departamento de Competente, providencie a continua\u00e7\u00e3o da rede de ilumina\u00e7\u00e3o p\u00fablica at\u00e9 o final da rua Brigadeiro Correa de Melo, no conjunto Mour\u00e3o Filho."}, {"id": "9371", "ano": "2021", "numero": "449", "tipo__sigla": "IND", "tipo__descricao": "Indica\u00e7\u00e3o", "autoria": "Fio Bertotti", "texto_original": "http://sapl.ivaipora.pr.leg.br/media/sapl/public/materialegislativa/2021/9371/449.pdf", "ementa": "EMERSON DA SILVA BERTOTTI, vereador infra-assinado, em pleno exerc\u00edcio de seu mandato parlamentar, vem mui respeitosamente atrav\u00e9s dessa Presid\u00eancia, INDICAR ao Senhor Prefeito Municipal, que por meio do Departamento competente, providencie a limpeza e coloca\u00e7\u00e3o da tampa do bueiro na rua Celso Rother, Jardim Belo Horizonte, pr\u00f3ximo a oficina Valtra, evitando assim poss\u00edveis acidentes."}, {"id": "9372", "ano": "2021", "numero": "450", "tipo__sigla": "IND", "tipo__descricao": "Indica\u00e7\u00e3o", "autoria": "Gertrudes", "texto_original": "http://sapl.ivaipora.pr.leg.br/media/sapl/public/materialegislativa/2021/9372/450.pdf", "ementa": "GERTRUDES BERNARDY, Presidente do Legislativo e vereadora infra-assinado, em pleno exerc\u00edcio de seu mandato parlamentar, vem mui respeitosamente atrav\u00e9s dessa Presid\u00eancia, INDICAR ao Senhor Prefeito Municipal em exerc\u00edcio, Marcelo Reis, que por meio do Departamento Competente, analise e providencie limpeza, pintura e poda das \u00e1rvores do cemit\u00e9rio do Jacutinga."}, {"id": "9373", "ano": "2021", "numero": "451", "tipo__sigla": "IND", "tipo__descricao": "Indica\u00e7\u00e3o", "autoria": "Jaffer Ferreira", "texto_original": "http://sapl.ivaipora.pr.leg.br/media/sapl/public/materialegislativa/2021/9373/451.pdf", "ementa": "JAFFER G. S. FERREIRA, vereador infra-assinado, em pleno exerc\u00edcio de seu mandato parlamentar, vem mui respeitosamente atrav\u00e9s dessa Presid\u00eancia, INDICAR ao Senhor Prefeito Municipal, que por meio do Departamento competente, providencie melhorias e pinturas nos pontos de rampa acess\u00edvel, para que assim os motoristas fiquem cientes de que neste local \u00e9 proibido estacionar e tamb\u00e9m para facilitar a locomo\u00e7\u00e3o dos cadeirantes. Foto em anexo."}, {"id": "9374", "ano": "2021", "numero": "452", "tipo__sigla": "IND", "tipo__descricao": "Indica\u00e7\u00e3o", "autoria": "Jaffer Ferreira", "texto_original": "http://sapl.ivaipora.pr.leg.br/media/sapl/public/materialegislativa/2021/9374/452.pdf", "ementa": "JAFFER G. S. FERREIRA, vereador infra-assinado, em pleno exerc\u00edcio de seu mandato parlamentar, vem mui respeitosamente atrav\u00e9s dessa Presid\u00eancia, INDICAR ao Senhor Prefeito Municipal, que por meio do Departamento competente, providencie a manuten\u00e7\u00e3o no bueiro do final da rua S\u00e3o Luiz n\u00ba 235 no bairro S\u00e3o Jorge, este bueiro se encontra entupido com muito barro."}, {"id": "9375", "ano": "2021", "numero": "453", "tipo__sigla": "IND", "tipo__descricao": "Indica\u00e7\u00e3o", "autoria": "Jaffer Ferreira", "texto_original": "http://sapl.ivaipora.pr.leg.br/media/sapl/public/materialegislativa/2021/9375/453.pdf", "ementa": "JAFFER G. S. FERREIRA, vereador infra-assinado, em pleno exerc\u00edcio de seu mandato parlamentar, vem mui respeitosamente atrav\u00e9s dessa Presid\u00eancia, INDICAR ao Senhor Prefeito Municipal, que por meio do Departamento competente, providencie um redutor de velocidade na Avenida S\u00e3o Paulo em frente do CMEI Paulo Freire, muitos motoristas n\u00e3o respeitam a velocidade neste local."}, {"id": "9376", "ano": "2021", "numero": "454", "tipo__sigla": "IND", "tipo__descricao": "Indica\u00e7\u00e3o", "autoria": "Gertrudes", "texto_original": "http://sapl.ivaipora.pr.leg.br/media/sapl/public/materialegislativa/2021/9376/454.pdf", "ementa": "GERTRUDES BERNARDY, Presidente do Legislativo e vereadora infra-assinado, em pleno exerc\u00edcio de seu mandato parlamentar, vem mui respeitosamente atrav\u00e9s dessa Presid\u00eancia, INDICAR ao Senhor Prefeito Municipal em exerc\u00edcio, Marcelo Reis, que por meio do Departamento Competente, analise e providencie a pintura e reparos necess\u00e1rios para as Escolas Municipais; Bento Viana, Nilo Pe\u00e7anha, Santa Barbara, Carlos Lacerda, Ignes de Souza Caetano, Leila Diniz, Maria Diva, Mattos Le\u00e3o, Escola Municipal do Campo Jacutinga e Escola Municipal Ivaipor\u00e3."}, {"id": "9377", "ano": "2021", "numero": "455", "tipo__sigla": "IND", "tipo__descricao": "Indica\u00e7\u00e3o", "autoria": "Gertrudes", "texto_original": "http://sapl.ivaipora.pr.leg.br/media/sapl/public/materialegislativa/2021/9377/455.pdf", "ementa": "GERTRUDES BERNARDY, Presidente do Legislativo e vereadora infra-assinado, em pleno exerc\u00edcio de seu mandato parlamentar, vem mui respeitosamente atrav\u00e9s dessa Presid\u00eancia, INDICAR ao Senhor Prefeito Municipal em exerc\u00edcio, Marcelo Reis, que por meio do Departamento Competente, analise e providencie a pintura e reparos necess\u00e1rios para os CMEIs; Prof. Ant\u00f4nio Carlos Costa, Santa Terezinha, Paulo Freire, Jos\u00e9 Fiorim, Nossa Senhora de Lurdes, Nossa Senhora, Odete Brasil e Bom Jesus."}, {"id": "9378", "ano": "2021", "numero": "456", "tipo__sigla": "IND", "tipo__descricao": "Indica\u00e7\u00e3o", "autoria": "Carniato", "texto_original": "http://sapl.ivaipora.pr.leg.br/media/sapl/public/materialegislativa/2021/9378/456.pdf", "ementa": "JOS\u00c9 MAURINO CARNIATO, vereador infra-assinado, em pleno exerc\u00edcio de seu mandato parlamentar, vem mui respeitosamente atrav\u00e9s dessa Presid\u00eancia, INDICAR ao Senhor Prefeito Municipal, para que o Departamento competente fomente e promova campanha de preven\u00e7\u00e3o ao C\u00e2ncer da Pr\u00f3stata, denominada \u201cNovembro Azul\u201d, disponibilizando consultas especializadas, exames e ampla divulga\u00e7\u00e3o. Justificativa: O diagn\u00f3stico precoce da doen\u00e7a \u00e9 fundamental para o resultado do tratamento. Contudo, h\u00e1 grande resist\u00eancia por parte dos homens em submeter-se ao exame para identifica\u00e7\u00e3o da doen\u00e7a. Nesse sentido, a ampla divulga\u00e7\u00e3o da doen\u00e7a e de suas consequ\u00eancias \u00e9 de certa forma um est\u00edmulo \u00e0queles que se amoldam ao grupo alvo da campanha, para submeter-se ao diagn\u00f3stico precoce."}, {"id": "9379", "ano": "2021", "numero": "457", "tipo__sigla": "IND", "tipo__descricao": "Indica\u00e7\u00e3o", "autoria": "Fio Bertotti", "texto_original": "http://sapl.ivaipora.pr.leg.br/media/sapl/public/materialegislativa/2021/9379/457.pdf", "ementa": "EMERSON DA SILVA BERTOTTI, vereador infra-assinado, em pleno exerc\u00edcio de seu mandato parlamentar, vem mui respeitosamente atrav\u00e9s dessa Presid\u00eancia, INDICAR ao Senhor Prefeito Municipal, que por meio do Departamento Competente, providencie a manuten\u00e7\u00e3o com cascalho ou pedra irregular na Rua das Ind\u00fastrias, atr\u00e1s da antiga f\u00e1brica de macarr\u00e3o Pietrobon, acesso secund\u00e1rio de Ivaipor\u00e3."}, {"id": "9380", "ano": "2021", "numero": "458", "tipo__sigla": "IND", "tipo__descricao": "Indica\u00e7\u00e3o", "autoria": "Fio Bertotti", "texto_original": "http://sapl.ivaipora.pr.leg.br/media/sapl/public/materialegislativa/2021/9380/458.pdf", "ementa": "EMERSON DA SILVA BERTOTTI, vereador infra-assinado, em pleno exerc\u00edcio de seu mandato parlamentar, vem mui respeitosamente atrav\u00e9s dessa Presid\u00eancia, INDICAR ao Senhor Prefeito Municipal, que por meio do Departamento de Competente, analisem a possibilidade de implanta\u00e7\u00e3o de m\u00e3o \u00fanica no trecho da rua Diva Proen\u00e7a, em frente \u00e0 escola Crist\u00e3 e o CREA, facilitando o estacionamento de ambul\u00e2ncia e embarque e desembarque dos alunos."}, {"id": "9382", "ano": "2021", "numero": "459", "tipo__sigla": "IND", "tipo__descricao": "Indica\u00e7\u00e3o", "autoria": "Fio Bertotti", "texto_original": "http://sapl.ivaipora.pr.leg.br/media/sapl/public/materialegislativa/2021/9382/459.pdf", "ementa": "EMERSON DA SILVA BERTOTTI, vereador infra-assinado, em pleno exerc\u00edcio de seu mandato parlamentar, vem mui respeitosamente atrav\u00e9s dessa Presid\u00eancia, INDICAR ao Senhor Prefeito Municipal, que por meio do Departamento competente, realize a pintura de faixas e coloca\u00e7\u00e3o de placa de estacionamento exclusivo para motos na Avenida Paran\u00e1 na altura do n\u00famero 80."}, {"id": "9383", "ano": "2021", "numero": "460", "tipo__sigla": "IND", "tipo__descricao": "Indica\u00e7\u00e3o", "autoria": "Fio Bertotti", "texto_original": "http://sapl.ivaipora.pr.leg.br/media/sapl/public/materialegislativa/2021/9383/460.pdf", "ementa": "EMERSON DA SILVA BERTOTTI, vereador infra-assinado, em pleno exerc\u00edcio de seu mandato parlamentar, vem mui respeitosamente atrav\u00e9s dessa Presid\u00eancia, INDICAR ao Senhor Prefeito Municipal, que por meio do Departamento de competente, providencie a reforma e pintura da quadra poliesportiva no distrito do Alto Por\u00e3, incentivando jovens e crian\u00e7as a pr\u00e1tica do esporte."}, {"id": "9384", "ano": "2021", "numero": "461", "tipo__sigla": "IND", "tipo__descricao": "Indica\u00e7\u00e3o", "autoria": "Jaffer Ferreira", "texto_original": "http://sapl.ivaipora.pr.leg.br/media/sapl/public/materialegislativa/2021/9384/461.pdf", "ementa": "JAFFER G. S. FERREIRA, vereador infra-assinado, em pleno exerc\u00edcio de seu mandato parlamentar, vem mui respeitosamente atrav\u00e9s dessa Presid\u00eancia, INDICAR ao Senhor Prefeito Municipal, que por meio do Departamento competente, providencie uma camada asf\u00e1ltica na Rua Marechal Deodoro Fonseca no trecho do Jardim Luiz VX"}, {"id": "9404", "ano": "2021", "numero": "462", "tipo__sigla": "IND", "tipo__descricao": "Indica\u00e7\u00e3o", "autoria": "Jaffer Ferreira", "texto_original": "http://sapl.ivaipora.pr.leg.br/media/sapl/public/materialegislativa/2021/9404/462.pdf", "ementa": "JAFFER G. S. FERREIRA, vereador infra-assinado, em pleno exerc\u00edcio de seu mandato parlamentar, vem mui respeitosamente atrav\u00e9s dessa Presid\u00eancia, INDICAR ao Senhor Prefeito Municipal, que por meio do Departamento competente, providencie uma Ciclo faixa na Rodovia Nicolau Koltun no trecho que liga Vila Nova Por\u00e3 ao Rio Pindauva, este local se encontra v\u00e1rios ciclistas e pedestre."}, {"id": "9408", "ano": "2021", "numero": "463", "tipo__sigla": "IND", "tipo__descricao": "Indica\u00e7\u00e3o", "autoria": "Sadi Marcondes", "texto_original": "http://sapl.ivaipora.pr.leg.br/media/sapl/public/materialegislativa/2021/9408/463.pdf", "ementa": "SADI MARCONDES MENDES, vereador infra-assinado, em pleno exerc\u00edcio de seu mandato parlamentar, vem mui respeitosamente atrav\u00e9s dessa Presid\u00eancia, INDICAR ao Senhor Prefeito Municipal, que por meio do Departamento competente, providencie uma lixeira grande para os feirantes dos Quiosque do lago Jardim Bot\u00e2nico."}, {"id": "9409", "ano": "2021", "numero": "464", "tipo__sigla": "IND", "tipo__descricao": "Indica\u00e7\u00e3o", "autoria": "Sadi Marcondes", "texto_original": "http://sapl.ivaipora.pr.leg.br/media/sapl/public/materialegislativa/2021/9409/464.pdf", "ementa": "SADI MARCONDES MENDES, vereador infra-assinado, em pleno exerc\u00edcio de seu mandato parlamentar, vem mui respeitosamente atrav\u00e9s dessa Presid\u00eancia, INDICAR ao Senhor Prefeito Municipal, que por meio do Departamento competente, providencie pinturas de faixas de pedestre na Rua Em\u00edlio Menezes na Vila Santa Maria (em Frente a Fox Pain\u00e9is) sa\u00edda secund\u00e1ria de Ivaipor\u00e3, bem como providenciar estacionamento em frente a mercearia do Geraldo e sinalizar sa\u00edda de ve\u00edculos que venha da Vila Jo\u00e3o XVIII para a Vila Santa Maria."}, {"id": "9410", "ano": "2021", "numero": "465", "tipo__sigla": "IND", "tipo__descricao": "Indica\u00e7\u00e3o", "autoria": "Josane Disner", "texto_original": "http://sapl.ivaipora.pr.leg.br/media/sapl/public/materialegislativa/2021/9410/465.pdf", "ementa": "JOSANE GORETE DISNER TEIXEIRA, vereadora infra-assinado, em pleno exerc\u00edcio de seu mandato parlamentar, vem mui respeitosamente atrav\u00e9s dessa Presid\u00eancia, INDICAR ao Senhor Prefeito Municipal, que por meio do Departamento competente, providencie o recape asf\u00e1ltico na Rua Joaquim Nabuco, no Jardim Luiz XV."}, {"id": "9441", "ano": "2021", "numero": "466", "tipo__sigla": "IND", "tipo__descricao": "Indica\u00e7\u00e3o", "autoria": "Josane Disner", "texto_original": "http://sapl.ivaipora.pr.leg.br/media/sapl/public/materialegislativa/2021/9441/466.pdf", "ementa": "JOSANE GORETE DISNER TEIXEIRA, vereadora infra-assinado, em pleno exerc\u00edcio de seu mandato parlamentar, vem mui respeitosamente atrav\u00e9s dessa Presid\u00eancia, INDICAR ao Senhor Prefeito Municipal, que por meio do Departamento competente, providencie que seja informatizado todo sistema de consulta da nossa secretaria de sa\u00fade, tenha lista de espera, para que o paciente consiga marcar sua consulta, seu exame, pegar o resultado de exames, n\u00e3o precisando ir at\u00e9 o Posto ou a U.B.S, evitando assim aglomera\u00e7\u00f5es, filas, e sofrimento a nossa popula\u00e7\u00e3o."}, {"id": "9442", "ano": "2021", "numero": "467", "tipo__sigla": "IND", "tipo__descricao": "Indica\u00e7\u00e3o", "autoria": "Carniato", "texto_original": "http://sapl.ivaipora.pr.leg.br/media/sapl/public/materialegislativa/2021/9442/467.pdf", "ementa": "JOS\u00c9 MAURINO CARNIATO, vereador infra-assinado, em pleno exerc\u00edcio de seu mandato parlamentar, vem mui respeitosamente atrav\u00e9s dessa Presid\u00eancia, INDICAR ao Senhor Prefeito Municipal, para que por meio do Departamento competente, providencie pavimenta\u00e7\u00e3o asf\u00e1ltica, meio-fio, galerias e demais requisitos necess\u00e1rios, para a Rua Lu\u00eds Fabo, (antiga Araras), que liga a Avenida Maranh\u00e3o \u00e0 Rua Maximiano Prado, na Vila Nova Por\u00e3. Essa rua \u00e9 uma importante via de acesso para os moradores da Vila Nova Por\u00e3, especialmente aos moradores Col\u00f4nia da Prefeitura, Jardim Pires, Conjunto Jo\u00e3o de Barros, Conjunto Valdomiro Bleis Guergolete, assim como a toda popula\u00e7\u00e3o que faz uso daquela rua."}, {"id": "9443", "ano": "2021", "numero": "468", "tipo__sigla": "IND", "tipo__descricao": "Indica\u00e7\u00e3o", "autoria": "Carniato", "texto_original": "http://sapl.ivaipora.pr.leg.br/media/sapl/public/materialegislativa/2021/9443/468.pdf", "ementa": "JOS\u00c9 MAURINO CARNIATO, vereador infra-assinado, em pleno exerc\u00edcio de seu mandato parlamentar, vem mui respeitosamente atrav\u00e9s dessa Presid\u00eancia, INDICAR ao Senhor Prefeito Municipal, para que por meio do Departamento competente providencie a limpeza das bocas de lobos e galerias na rua Emilio Ganzert, entre a ponte a e rua Trememb\u00e9 \u2013 subida de furnas."}, {"id": "9444", "ano": "2021", "numero": "469", "tipo__sigla": "IND", "tipo__descricao": "Indica\u00e7\u00e3o", "autoria": "Gertrudes", "texto_original": "http://sapl.ivaipora.pr.leg.br/media/sapl/public/materialegislativa/2021/9444/469.pdf", "ementa": "GERTRUDES BERNARDY, Presidente do Legislativo e vereadora infra-assinado, em pleno exerc\u00edcio de seu mandato parlamentar, vem mui respeitosamente atrav\u00e9s dessa Presid\u00eancia, INDICAR ao Senhor Prefeito Municipal em exerc\u00edcio, Marcelo Reis, que por meio do Departamento Competente, analise e providencie faixa elevada na frente das Escolas; Bar\u00e3o do Cerro Azul, Bento Viana, Nilo Pe\u00e7anha, Id\u00e1lia Rocha, Carlos Lacerda, Santa Olga, Ignes de Souza Caetano, Bento Mussurunga, Objetivo, Leila Diniz, Barbosa Ferraz, Maria Diva, Panamericano, Escola Municipal Ivaipor\u00e3 e APAE-Associa\u00e7\u00e3o de Pais e Amigos dos Excepcionais. Para melhor seguran\u00e7a das nossas crian\u00e7as e adolescentes."}, {"id": "9445", "ano": "2021", "numero": "470", "tipo__sigla": "IND", "tipo__descricao": "Indica\u00e7\u00e3o", "autoria": "Carniato, Josane Disner", "texto_original": "http://sapl.ivaipora.pr.leg.br/media/sapl/public/materialegislativa/2021/9445/470.pdf", "ementa": "JOS\u00c9 MAURINO CARNIATO, e JOSANE G. DISNER, vereadores infra-assinado, em pleno exerc\u00edcio de seu mandato parlamentar, veem mui respeitosamente atrav\u00e9s dessa Presid\u00eancia, INDICAR ao Senhor Prefeito Municipal, para que o Setor Respons\u00e1vel analise a possibilidade de incluir no grupo priorit\u00e1rio da vacina\u00e7\u00e3o contra a Covid-19, as mulheres na fase de amamenta\u00e7\u00e3o ap\u00f3s puerp\u00e9rio (45 dias ap\u00f3s o parto). Justificativa: A evolu\u00e7\u00e3o da pandemia vem apresentando um crescimento dos \u00f3bitos ente as popula\u00e7\u00f5es mais jovens. Em mat\u00e9ria publicada pelo site de not\u00edcias Bem Paran\u00e1, em 14/05/2021 j\u00e1 apontava \u201cO aumento percentual de mais de 70% no n\u00famero de \u00f3bitos por Covid-19 de pessoas mais jovens, na faixa et\u00e1ria entre 30 a 39 anos e, um pouco menor, na faixa dos 50 aos 59 anos\u201d. A morte precoce sempre causa impacto, agora, quando essa v\u00edtima da covid-19 \u00e9 uma m\u00e3e em fase de amamenta\u00e7\u00e3o, o impacto \u00e9 ainda maior, al\u00e9m da perda da m\u00e3e, a fam\u00edlia ainda ter\u00e1 que dispensar cuidados especiais ao rec\u00e9m-nascido."}, {"id": "9446", "ano": "2021", "numero": "471", "tipo__sigla": "IND", "tipo__descricao": "Indica\u00e7\u00e3o", "autoria": "Vila Real", "texto_original": "http://sapl.ivaipora.pr.leg.br/media/sapl/public/materialegislativa/2021/9446/471.pdf", "ementa": "ANTONIO VILA REAL, vereador infra-assinado, em pleno exerc\u00edcio de seu mandato parlamentar, vem mui respeitosamente atrav\u00e9s dessa Presid\u00eancia, INDICAR ao Senhor Prefeito Municipal, em exerc\u00edcio, Marcelo Reis, que por meio do departamento competente, providencie um redutor de velocidade na Rua It\u00e1lia (esquina com a New Holland, que d\u00e1 acesso \u00e0 Avenida Ladislau Gil Fernandes), pelo fato de ve\u00edculos estarem transitando em alta velocidade, colocando em risco a vida das pessoas"}, {"id": "9447", "ano": "2021", "numero": "472", "tipo__sigla": "IND", "tipo__descricao": "Indica\u00e7\u00e3o", "autoria": "Nando Dorta", "texto_original": "http://sapl.ivaipora.pr.leg.br/media/sapl/public/materialegislativa/2021/9447/472.pdf", "ementa": "FERNANDO RODRIGUES DORTA, vereador infra-assinado, em pleno exerc\u00edcio de seu mandato parlamentar, vem mui respeitosamente atrav\u00e9s dessa Presid\u00eancia, INDICAR ao Senhor Prefeito Municipal em exerc\u00edcio, que por meio do departamento competente, providencie a implanta\u00e7\u00e3o de um parque infantil na Rua Jurumirim, localizada no Jardim Itaipu. (Foto em Anexo)"}, {"id": "9448", "ano": "2021", "numero": "473", "tipo__sigla": "IND", "tipo__descricao": "Indica\u00e7\u00e3o", "autoria": "Nando Dorta", "texto_original": "http://sapl.ivaipora.pr.leg.br/media/sapl/public/materialegislativa/2021/9448/473.pdf", "ementa": "FERNANDO RODRIGUES DORTA, vereador infra-assinado, em pleno exerc\u00edcio de seu mandato parlamentar, vem mui respeitosamente atrav\u00e9s dessa Presid\u00eancia, INDICAR ao Senhor Prefeito Municipal em exerc\u00edcio, que por meio do departamento competente, providencie a implanta\u00e7\u00e3o de pavimenta\u00e7\u00e3o poli\u00e9drica (pedra irregular) na Rua Principal, na comunidade do Sabugueiro"}, {"id": "9449", "ano": "2021", "numero": "474", "tipo__sigla": "IND", "tipo__descricao": "Indica\u00e7\u00e3o", "autoria": "Gertrudes", "texto_original": "http://sapl.ivaipora.pr.leg.br/media/sapl/public/materialegislativa/2021/9449/474.pdf", "ementa": "GERTRUDES BERNARDY, Presidente do Legislativo e vereadora infra-assinado, em pleno exerc\u00edcio de seu mandato parlamentar, vem mui respeitosamente atrav\u00e9s dessa Presid\u00eancia, INDICAR ao Senhor Prefeito Municipal Luiz Carlos Gil, que por meio do Departamento Competente, analise e providencie recape asf\u00e1ltico na Avenida Tancredo Neves em frente a ACENI-Associa\u00e7\u00e3o Cultural Esportiva Nikkei de Ivaipor\u00e3."}, {"id": "9450", "ano": "2021", "numero": "475", "tipo__sigla": "IND", "tipo__descricao": "Indica\u00e7\u00e3o", "autoria": "Jaffer Ferreira", "texto_original": "http://sapl.ivaipora.pr.leg.br/media/sapl/public/materialegislativa/2021/9450/475.pdf", "ementa": "JAFFER G. S. FERREIRA, vereador infra-assinado, em pleno exerc\u00edcio de seu mandato parlamentar, vem mui respeitosamente atrav\u00e9s dessa Presid\u00eancia, INDICAR ao Senhor Prefeito Municipal, que por meio do Departamento competente, providencie internet gratuita para popula\u00e7\u00e3o do distrito do Alto Por\u00e3 na Pra\u00e7a P\u00fablica."}, {"id": "9451", "ano": "2021", "numero": "476", "tipo__sigla": "IND", "tipo__descricao": "Indica\u00e7\u00e3o", "autoria": "Jaffer Ferreira", "texto_original": "http://sapl.ivaipora.pr.leg.br/media/sapl/public/materialegislativa/2021/9451/476.pdf", "ementa": "JAFFER G. S. FERREIRA, vereador infra-assinado, em pleno exerc\u00edcio de seu mandato parlamentar, vem mui respeitosamente atrav\u00e9s dessa Presid\u00eancia, INDICAR ao Senhor Prefeito Municipal, que por meio do Departamento competente, providencie para que seja colocado o nome da dona Maria Lurdes Martins na U.B.S do distrito do Alto Por\u00e3."}, {"id": "9452", "ano": "2021", "numero": "477", "tipo__sigla": "IND", "tipo__descricao": "Indica\u00e7\u00e3o", "autoria": "Jaffer Ferreira", "texto_original": "http://sapl.ivaipora.pr.leg.br/media/sapl/public/materialegislativa/2021/9452/477.pdf", "ementa": "JAFFER G. S. FERREIRA, vereador infra-assinado, em pleno exerc\u00edcio de seu mandato parlamentar, vem mui respeitosamente atrav\u00e9s dessa Presid\u00eancia, INDICAR ao Senhor Prefeito Municipal, que por meio do Departamento competente, providencie a constru\u00e7\u00e3o de um lago no distrito do Alto Por\u00e3 com pista de caminhada."}, {"id": "9453", "ano": "2021", "numero": "478", "tipo__sigla": "IND", "tipo__descricao": "Indica\u00e7\u00e3o", "autoria": "Jaffer Ferreira", "texto_original": "http://sapl.ivaipora.pr.leg.br/media/sapl/public/materialegislativa/2021/9453/478.pdf", "ementa": "JAFFER G. S. FERREIRA, vereador infra-assinado, em pleno exerc\u00edcio de seu mandato parlamentar, vem mui respeitosamente atrav\u00e9s dessa Presid\u00eancia, INDICAR ao Senhor Prefeito Municipal, que por meio do Departamento competente, providencie com urg\u00eancia uma solu\u00e7\u00e3o para o ac\u00famulo de \u00e1gua que fica parado na rua Jacutinga no distrito de Alto Por\u00e3."}, {"id": "9454", "ano": "2021", "numero": "479", "tipo__sigla": "IND", "tipo__descricao": "Indica\u00e7\u00e3o", "autoria": "Josane Disner", "texto_original": "http://sapl.ivaipora.pr.leg.br/media/sapl/public/materialegislativa/2021/9454/479.pdf", "ementa": "JOSANE GORETE DISNER TEIXEIRA, vereadora infra-assinado, em pleno exerc\u00edcio de seu mandato parlamentar, vem mui respeitosamente atrav\u00e9s dessa Presid\u00eancia, INDICAR ao Senhor Prefeito Municipal, que por meio do Departamento competente, providencie uma limpeza na Rua Joaquim Nabuco e Rua Visconde do Rio Branco, Jardim Luiz XV, onde se encontram com muitos entulhos, mato, galhos de arvores, ocasionando transtorno e ac\u00famulo de bichos e insetos."}, {"id": "9455", "ano": "2021", "numero": "480", "tipo__sigla": "IND", "tipo__descricao": "Indica\u00e7\u00e3o", "autoria": "Josane Disner", "texto_original": "http://sapl.ivaipora.pr.leg.br/media/sapl/public/materialegislativa/2021/9455/480.pdf", "ementa": "JOSANE GORETE DISNER TEIXEIRA, vereadora infra-assinado, em pleno exerc\u00edcio de seu mandato parlamentar, vem mui respeitosamente atrav\u00e9s dessa Presid\u00eancia, INDICAR ao Senhor Prefeito Municipal, que por meio do Departamento competente, providencie para que seja implantado estacionamento apenas de um lado da Rua Rui Barbosa em frente a Escola Ign\u00eas de Souza Caetano, pois \u00e9 muito estreita ocasionando perigo as crian\u00e7as e moradores que ali trafegam."}, {"id": "9456", "ano": "2021", "numero": "481", "tipo__sigla": "IND", "tipo__descricao": "Indica\u00e7\u00e3o", "autoria": "Jaffer Ferreira", "texto_original": "http://sapl.ivaipora.pr.leg.br/media/sapl/public/materialegislativa/2021/9456/481.pdf", "ementa": "JAFFER G. S. FERREIRA, vereador infra-assinado, em pleno exerc\u00edcio de seu mandato parlamentar, vem mui respeitosamente atrav\u00e9s dessa Presid\u00eancia, INDICAR ao Senhor Prefeito Municipal, que por meio do Departamento competente, providencie com urg\u00eancia uma Desmontadora Pneum\u00e1tica 12 a 26 POL. 220V para facilitar e agilizar o trabalho dos mec\u00e2nicos e dos borracheiros do P\u00e1tio da Prefeitura Municipal de Ivaipor\u00e3. Foto anexo."}, {"id": "9457", "ano": "2021", "numero": "482", "tipo__sigla": "IND", "tipo__descricao": "Indica\u00e7\u00e3o", "autoria": "Gertrudes", "texto_original": "http://sapl.ivaipora.pr.leg.br/media/sapl/public/materialegislativa/2021/9457/482.pdf", "ementa": "GERTRUDES BERNARDY, Presidente do Legislativo e vereadora infra-assinado, em pleno exerc\u00edcio de seu mandato parlamentar, vem mui respeitosamente atrav\u00e9s dessa Presid\u00eancia, INDICAR ao Senhor Prefeito Municipal Luiz Carlos Gil, que por meio do Departamento Competente, analise e providencie a restrutura\u00e7\u00e3o do campo de futebol do Alto Por\u00e3 com ilumina\u00e7\u00e3o, alambrado, traves do gol e a coloca\u00e7\u00e3o de grama."}, {"id": "9458", "ano": "2021", "numero": "483", "tipo__sigla": "IND", "tipo__descricao": "Indica\u00e7\u00e3o", "autoria": "Gertrudes", "texto_original": "http://sapl.ivaipora.pr.leg.br/media/sapl/public/materialegislativa/2021/9458/483.pdf", "ementa": "GERTRUDES BERNARDY, Presidente do Legislativo e vereadora infra-assinado, em pleno exerc\u00edcio de seu mandato parlamentar, vem mui respeitosamente atrav\u00e9s dessa Presid\u00eancia, INDICAR ao Senhor Prefeito Municipal Luiz Carlos Gil, que por meio do Departamento Competente, providencie um muro no CMEI Maria Burato no Alto Por\u00e3, vendo a necessidade do muro que ao lado do CMEI tem planta\u00e7\u00e3o de cana e lavoura onde por v\u00e1rias vezes as professoras se depararam com cobras na parte externa do CMEI, tamb\u00e9m uma rampa de acesso no CMEI at\u00e9 a quadra do distrito e um toldo de acesso do port\u00e3o principal at\u00e9 a porta de entrada do CMEI para as crian\u00e7as fazer suas recrea\u00e7\u00e3o no per\u00edodo de sol e chuva."}, {"id": "9459", "ano": "2021", "numero": "484", "tipo__sigla": "IND", "tipo__descricao": "Indica\u00e7\u00e3o", "autoria": "Gertrudes", "texto_original": "http://sapl.ivaipora.pr.leg.br/media/sapl/public/materialegislativa/2021/9459/484.pdf", "ementa": "GERTRUDES BERNARDY, Presidente do Legislativo e vereadora infra-assinado, em pleno exerc\u00edcio de seu mandato parlamentar, vem mui respeitosamente atrav\u00e9s dessa Presid\u00eancia, INDICAR ao Senhor Prefeito Municipal Luiz Carlos Gil, que por meio do Departamento Competente, providencie a nomea\u00e7\u00e3o da escola do Alto Por\u00e3 como \u201cEscola Municipal Jos\u00e9 Aparecido Peres\u201d."}, {"id": "9460", "ano": "2021", "numero": "485", "tipo__sigla": "IND", "tipo__descricao": "Indica\u00e7\u00e3o", "autoria": "Gertrudes, Fio Bertotti", "texto_original": "http://sapl.ivaipora.pr.leg.br/media/sapl/public/materialegislativa/2021/9460/485.pdf", "ementa": "GERTRUDES BERNARDY e EMERSON DA SILVA BERTOTTI, Presidente do Legislativo e vereador infra-assinado, em pleno exerc\u00edcio de seu mandato parlamentar, vem mui respeitosamente atrav\u00e9s dessa Presid\u00eancia, INDICAR ao Senhor Prefeito Municipal Luiz Carlos Gil, que por meio do Departamento Competente, analise e providencie uma cozinha, lavanderia, sala de vacina\u00e7\u00e3o e uma sala de inala\u00e7\u00e3o na UBS do Alto Por\u00e3."}, {"id": "9461", "ano": "2021", "numero": "486", "tipo__sigla": "IND", "tipo__descricao": "Indica\u00e7\u00e3o", "autoria": "Fio Bertotti", "texto_original": "http://sapl.ivaipora.pr.leg.br/media/sapl/public/materialegislativa/2021/9461/486.pdf", "ementa": "EMERSON DA SILVA BERTOTTI, vereador infra-assinado, em pleno exerc\u00edcio de seu mandato parlamentar, vem mui respeitosamente atrav\u00e9s dessa Presid\u00eancia, INDICAR ao Senhor Prefeito Municipal, que por meio do Departamento de Competente, providencie a manuten\u00e7\u00e3o e recape asf\u00e1ltico no trecho da Avenida Brasil pr\u00f3ximo a Fatec, que d\u00e1 acesso ao Jardim Itaip\u00fa, muitos buracos dificultando o tr\u00e1fego."}, {"id": "9462", "ano": "2021", "numero": "487", "tipo__sigla": "IND", "tipo__descricao": "Indica\u00e7\u00e3o", "autoria": "Fio Bertotti", "texto_original": "http://sapl.ivaipora.pr.leg.br/media/sapl/public/materialegislativa/2021/9462/487.pdf", "ementa": "EMERSON DA SILVA BERTOTTI, vereador infra-assinado, em pleno exerc\u00edcio de seu mandato parlamentar, vem mui respeitosamente atrav\u00e9s dessa Presid\u00eancia, INDICAR ao Senhor Prefeito Municipal, que por meio do Departamento competente, providencie recape asf\u00e1ltico e pinturas de faixas na Rua Mangueira em toda sua extens\u00e3o, esta rua \u00e9 de suma import\u00e2ncia pois \u00e9 o principal acesso a Vila Nova Por\u00e3 e demais localidades como distrito de Jacutinga e a Vila Rural."}, {"id": "9463", "ano": "2021", "numero": "488", "tipo__sigla": "IND", "tipo__descricao": "Indica\u00e7\u00e3o", "autoria": "Fio Bertotti", "texto_original": "http://sapl.ivaipora.pr.leg.br/media/sapl/public/materialegislativa/2021/9463/488.pdf", "ementa": "EMERSON DA SILVA BERTOTTI, vereador infra-assinado, em pleno exerc\u00edcio de seu mandato parlamentar, vem mui respeitosamente atrav\u00e9s dessa Presid\u00eancia, INDICAR ao Senhor Prefeito Municipal Luiz Carlos Gil, que por meio do Departamento de competente, providencie a manuten\u00e7\u00e3o da ponte no bairro Pindauvinha sobre o Rio Pindauva, local onde passa maquin\u00e1rios agr\u00edcolas pesados, evitando assim poss\u00edveis acidentes."}, {"id": "9464", "ano": "2021", "numero": "489", "tipo__sigla": "IND", "tipo__descricao": "Indica\u00e7\u00e3o", "autoria": "Carniato", "texto_original": "http://sapl.ivaipora.pr.leg.br/media/sapl/public/materialegislativa/2021/9464/489.pdf", "ementa": "JOS\u00c9 MAURINO CARNIATO, vereador infra-assinado, em pleno exerc\u00edcio de seu mandato parlamentar, vem mui respeitosamente atrav\u00e9s dessa Presid\u00eancia, INDICAR ao Senhor Prefeito Municipal, para que por meio do Departamento competente analise e providencie a sinaliza\u00e7\u00e3o e implanta\u00e7\u00e3o de redutor de velocidade, se necess\u00e1rio, no encontro da Rua Tamandar\u00e9 com a Rua Dona Leopoldina e com Avenida Espanha, defronte ao port\u00e3o da AABB, no Jardim Aeroporto. Em raz\u00e3o do fluxo de ve\u00edculos neste local ter aumentado, aumentou tamb\u00e9m o risco de acidente."}, {"id": "9465", "ano": "2021", "numero": "490", "tipo__sigla": "IND", "tipo__descricao": "Indica\u00e7\u00e3o", "autoria": "Carniato, Josane Disner", "texto_original": "http://sapl.ivaipora.pr.leg.br/media/sapl/public/materialegislativa/2021/9465/490.pdf", "ementa": "JOS\u00c9 MAURINO CARNIATO E JOSANE G. DISNER TEIXEIRA, vereadores infra-assinado, em pleno exerc\u00edcio de seu mandato parlamentar, vem mui respeitosamente atrav\u00e9s dessa Presid\u00eancia, INDICAR ao Senhor Prefeito Municipal, para que por meio do Departamento competente, (Vigil\u00e2ncia Sanit\u00e1ria e Meio Ambiente) que adote medidas de preven\u00e7\u00e3o e controle do \u201ccarrapato estrela\u201d, transmissor da Febre Maculosa aos seres humanos. A Febre Maculosa \u00e9 uma doen\u00e7a de notifica\u00e7\u00e3o obrigat\u00f3ria \u00e0s autoridades locais de sa\u00fade, por tamanha sua import\u00e2ncia. Cidades do Paran\u00e1 j\u00e1 vem enfrentando problemas por ter a presen\u00e7a desse carrapato, que vem se tornando esp\u00e9cie urbana. Ivaipor\u00e3 \u00e9 uma das cidades que tem \u00e1reas verdes em seu entorno e isso pode contribuir para a infesta\u00e7\u00e3o. A melhor forma de controle \u00e9 a preven\u00e7\u00e3o."}, {"id": "9466", "ano": "2021", "numero": "491", "tipo__sigla": "IND", "tipo__descricao": "Indica\u00e7\u00e3o", "autoria": "Josane Disner", "texto_original": "http://sapl.ivaipora.pr.leg.br/media/sapl/public/materialegislativa/2021/9466/491.pdf", "ementa": "JOSANE GORETE DISNER TEIXEIRA, vereadora infra-assinado, em pleno exerc\u00edcio de seu mandato parlamentar, vem mui respeitosamente atrav\u00e9s dessa Presid\u00eancia, INDICAR ao Senhor Prefeito Municipal, que por meio do Departamento competente, providencie uma faixa elevada e sinaliza\u00e7\u00e3o na Rua Durvalina de Jesus na Vila Nova Por\u00e3 pr\u00f3ximo a oficina do Bod\u00e3o, onde houve dois graves acidentes recentemente pois h\u00e1 pouca visibilidade devido a curva."}, {"id": "9467", "ano": "2021", "numero": "492", "tipo__sigla": "IND", "tipo__descricao": "Indica\u00e7\u00e3o", "autoria": "Josane Disner", "texto_original": "http://sapl.ivaipora.pr.leg.br/media/sapl/public/materialegislativa/2021/9467/492.pdf", "ementa": "JOSANE GORETE DISNER TEIXEIRA, vereadora infra-assinado, em pleno exerc\u00edcio de seu mandato parlamentar, vem mui respeitosamente atrav\u00e9s dessa Presid\u00eancia, INDICAR ao Senhor Prefeito Municipal, que por meio do Departamento competente, providencie que seja inclu\u00eddo protocolo de Vacina Covid aos domingos."}, {"id": "9468", "ano": "2021", "numero": "493", "tipo__sigla": "IND", "tipo__descricao": "Indica\u00e7\u00e3o", "autoria": "Carniato", "texto_original": "http://sapl.ivaipora.pr.leg.br/media/sapl/public/materialegislativa/2021/9468/493.pdf", "ementa": "JOS\u00c9 MAURINO CARNIATO, vereador infra-assinado, em pleno exerc\u00edcio de seu mandato parlamentar, vem mui respeitosamente atrav\u00e9s dessa Presid\u00eancia, INDICAR ao Senhor Prefeito Municipal, para que por meio do Departamento competente providencie as adequa\u00e7\u00f5es necess\u00e1rias na quadra de bocha localizada no Parque Ambiental Jardim Bot\u00e2nico, para que os adeptos do esporte possam praticar, at\u00e9 que seja realizada todas as obras previstas para aquele local."}, {"id": "9469", "ano": "2021", "numero": "494", "tipo__sigla": "IND", "tipo__descricao": "Indica\u00e7\u00e3o", "autoria": "Sadi Marcondes", "texto_original": "http://sapl.ivaipora.pr.leg.br/media/sapl/public/materialegislativa/2021/9469/494.pdf", "ementa": "SADI MARCONDES MENDES, vereador infra-assinado, em pleno exerc\u00edcio de seu mandato parlamentar, vem mui respeitosamente atrav\u00e9s dessa Presid\u00eancia, INDICAR ao Senhor Prefeito Municipal, que por meio do Departamento competente, providencie a cobertura nas barracas da feira sol e lua no lago Jardim Bot\u00e2nico."}, {"id": "9470", "ano": "2021", "numero": "495", "tipo__sigla": "IND", "tipo__descricao": "Indica\u00e7\u00e3o", "autoria": "Josane Disner, Carniato, Fio Bertotti, Gertrudes, Jaffer Ferreira, Nando Dorta, Sab\u00e3o - Edivaldo Montanheri, Sadi Marcondes, Vila Real", "texto_original": "http://sapl.ivaipora.pr.leg.br/media/sapl/public/materialegislativa/2021/9470/495.pdf", "ementa": "JOSANE G. DISNER TEIXEIA, e demais vereadores infra-assinado, em pleno exerc\u00edcio de seu mandato parlamentar, vem mui respeitosamente atrav\u00e9s dessa Presid\u00eancia, INDICAR ao Senhor Prefeito Municipal, para que providencie a libera\u00e7\u00e3o do uso de transporte p\u00fablico para toda popula\u00e7\u00e3o, seguindo o protocolo de seguran\u00e7a contra Covid-19."}, {"id": "9471", "ano": "2021", "numero": "496", "tipo__sigla": "IND", "tipo__descricao": "Indica\u00e7\u00e3o", "autoria": "Josane Disner", "texto_original": "http://sapl.ivaipora.pr.leg.br/media/sapl/public/materialegislativa/2021/9471/496.pdf", "ementa": "JOSANE GORETE DISNER TEIXEIRA, vereadora infra-assinado, em pleno exerc\u00edcio de seu mandato parlamentar, vem mui respeitosamente atrav\u00e9s dessa Presid\u00eancia, INDICAR ao Senhor Prefeito Municipal, que por meio do Departamento competente, providencie ilumina\u00e7\u00e3o p\u00fablica na entrada do Alto Por\u00e3, em visto da escassez da ilumina\u00e7\u00e3o naquela localidade est\u00e1 colocando em risco a seguran\u00e7a dos moradores e visitantes, dificultando a visibilidade, entre outros."}, {"id": "9472", "ano": "2021", "numero": "497", "tipo__sigla": "IND", "tipo__descricao": "Indica\u00e7\u00e3o", "autoria": "Jaffer Ferreira, Vila Real", "texto_original": "http://sapl.ivaipora.pr.leg.br/media/sapl/public/materialegislativa/2021/9472/497.pdf", "ementa": "JAFFER G. S. FERREIRA e ANTONIO VILA REAL, vereadores infra-assinado, em pleno exerc\u00edcio de seu mandato parlamentar, vem mui respeitosamente atrav\u00e9s dessa Presid\u00eancia, INDICAR ao Senhor Prefeito Municipal, que por meio do Departamento competente, para que seja revisto o percentual de insalubridade dos servidores da sa\u00fade p\u00fablica municipal de Ivaipor\u00e3. Justificativa Diante da pandemia do Covid-19 os servidores sofrem exposi\u00e7\u00e3o a agentes biol\u00f3gicos (v\u00edrus, bact\u00e9rias, fungos) nocivos \u00e0 sa\u00fade. Assim, todos os servidores da linha de frente de combate a pandemia deveriam ser enquadrados na avalia\u00e7\u00e3o qualitativa de insalubridade de grau m\u00e1ximo. (ANEXO NR 15)"}, {"id": "9473", "ano": "2021", "numero": "498", "tipo__sigla": "IND", "tipo__descricao": "Indica\u00e7\u00e3o", "autoria": "Fio Bertotti", "texto_original": "http://sapl.ivaipora.pr.leg.br/media/sapl/public/materialegislativa/2021/9473/498.pdf", "ementa": "EMERSON DA SILVA BERTOTTI, vereador infra-assinado, em pleno exerc\u00edcio de seu mandato parlamentar, vem mui respeitosamente atrav\u00e9s dessa Presid\u00eancia, INDICAR ao Senhor Prefeito Municipal, que por meio do Departamento Competente, providencie o recapeamento asf\u00e1ltico do estacionamento da Avenida Souza Naves em frente MM-Mercado Moveis, \u00e1rea central da cidade."}, {"id": "9474", "ano": "2021", "numero": "499", "tipo__sigla": "IND", "tipo__descricao": "Indica\u00e7\u00e3o", "autoria": "Fio Bertotti", "texto_original": "http://sapl.ivaipora.pr.leg.br/media/sapl/public/materialegislativa/2021/9474/499.pdf", "ementa": "EMERSON DA SILVA BERTOTTI, vereador infra-assinado, em pleno exerc\u00edcio de seu mandato parlamentar, vem mui respeitosamente atrav\u00e9s dessa Presid\u00eancia, INDICAR ao Senhor Prefeito Municipal, que por meio do Departamento de Competente, providencie a recupera\u00e7\u00e3o da massa asf\u00e1ltica na rua Zacarias de Gois Vasconcelos, pr\u00f3ximo \u00e0 Madeporta, muitos buracos dificultando o tr\u00e1fego."}, {"id": "9475", "ano": "2021", "numero": "500", "tipo__sigla": "IND", "tipo__descricao": "Indica\u00e7\u00e3o", "autoria": "Fio Bertotti", "texto_original": "http://sapl.ivaipora.pr.leg.br/media/sapl/public/materialegislativa/2021/9475/500.pdf", "ementa": "EMERSON DA SILVA BERTOTTI, vereador infra-assinado, em pleno exerc\u00edcio de seu mandato parlamentar, vem mui respeitosamente atrav\u00e9s dessa Presid\u00eancia, INDICAR ao Senhor Prefeito Municipal, que por meio do Departamento competente, providencie a coloca\u00e7\u00e3o de placas indicando sentido obrigat\u00f3rio no cruzamento das Avenidas Curitiba com a Avenida Ladislau Gil Fernandes, pr\u00f3ximo ao posto Ivaipor\u00e3, acesso principal da cidade."}, {"id": "9476", "ano": "2021", "numero": "501", "tipo__sigla": "IND", "tipo__descricao": "Indica\u00e7\u00e3o", "autoria": "Vila Real", "texto_original": "http://sapl.ivaipora.pr.leg.br/media/sapl/public/materialegislativa/2021/9476/501.pdf", "ementa": "ANTONIO VILA REAL, vereador infra-assinado, em pleno exerc\u00edcio de seu mandato parlamentar, vem mui respeitosamente atrav\u00e9s dessa Presid\u00eancia, INDICAR ao Senhor Prefeito Municipal, que por meio do Departamento competente, instale uma faixa elevada na Rua Plac\u00eddio Miranda pr\u00f3ximo a creche Jos\u00e9 Fiorim."}, {"id": "9545", "ano": "2021", "numero": "502", "tipo__sigla": "IND", "tipo__descricao": "Indica\u00e7\u00e3o", "autoria": "Gertrudes", "texto_original": "http://sapl.ivaipora.pr.leg.br/media/sapl/public/materialegislativa/2021/9545/502.pdf", "ementa": "GERTRUDES BERNARDY, Presidente do Legislativo e vereadora infra-assinado, em pleno exerc\u00edcio de seu mandato parlamentar, vem mui respeitosamente atrav\u00e9s dessa Presid\u00eancia, INDICAR ao Senhor Prefeito Municipal Luiz Carlos Gil, que por meio do Departamento Competente, analise e providencie um monumento aos ciclistas no centro da futura rotat\u00f3ria nas proximidades do Mercado Popular e Cemit\u00e9rio, estimulando os ciclistas que ali passam para o uso da ciclofaixa, indica\u00e7\u00e3o feita pelos moradores do Conjunto Mour\u00e3o Filho."}, {"id": "9546", "ano": "2021", "numero": "503", "tipo__sigla": "IND", "tipo__descricao": "Indica\u00e7\u00e3o", "autoria": "Gertrudes", "texto_original": "http://sapl.ivaipora.pr.leg.br/media/sapl/public/materialegislativa/2021/9546/503.pdf", "ementa": "GERTRUDES BERNARDY, Presidente do Legislativo e vereadora infra-assinado, em pleno exerc\u00edcio de seu mandato parlamentar, vem mui respeitosamente atrav\u00e9s dessa Presid\u00eancia, INDICAR ao Senhor Prefeito Municipal Luiz Carlos Gil, que por meio do Departamento Competente, analise e providencie a coloca\u00e7\u00e3o de uma placa R6-c, em um dos lados da Rua Jo\u00e3o Maria Stresser da Flora Ivaipor\u00e3 at\u00e9 o terminal urbano rodovi\u00e1rio, que al\u00e9m de proibir o estacionamento, pro\u00edbe tamb\u00e9m a parada naquele local, pois a via \u00e9 muito estreita."}, {"id": "9547", "ano": "2021", "numero": "504", "tipo__sigla": "IND", "tipo__descricao": "Indica\u00e7\u00e3o", "autoria": "Fio Bertotti", "texto_original": "http://sapl.ivaipora.pr.leg.br/media/sapl/public/materialegislativa/2021/9547/504.pdf", "ementa": "EMERSON DA SILVA BERTOTTI, vereador infra-assinado, em pleno exerc\u00edcio de seu mandato parlamentar, vem mui respeitosamente atrav\u00e9s dessa Presid\u00eancia, INDICAR ao Senhor Prefeito Municipal, que por meio do Departamento competente, providencie a reforma e manuten\u00e7\u00e3o dos brinquedos do Parquinho Municipal Maria Alice Ando Albertin, na Avenida Tancredo Neves, evitando poss\u00edveis acidentes com as crian\u00e7as."}, {"id": "9548", "ano": "2021", "numero": "505", "tipo__sigla": "IND", "tipo__descricao": "Indica\u00e7\u00e3o", "autoria": "Josane Disner", "texto_original": "http://sapl.ivaipora.pr.leg.br/media/", "ementa": "JOSANE GORETE DISNER TEIXEIRA, vereadora infra-assinado, em pleno exerc\u00edcio de seu mandato parlamentar, vem mui respeitosamente atrav\u00e9s dessa Presid\u00eancia, INDICAR ao Senhor Prefeito Municipal, que por meio do Departamento competente, providencie placa de sinaliza\u00e7\u00e3o na Avenida Maranh\u00e3o pr\u00f3ximo \u00e0 Rua Corn\u00e9lio Proc\u00f3pio, onde h\u00e1 grande circula\u00e7\u00e3o de ve\u00edculo."}, {"id": "9549", "ano": "2021", "numero": "506", "tipo__sigla": "IND", "tipo__descricao": "Indica\u00e7\u00e3o", "autoria": "Carniato", "texto_original": "http://sapl.ivaipora.pr.leg.br/media/sapl/public/materialegislativa/2021/9549/506.pdf", "ementa": "JOS\u00c9 MAURINO CARNIATO, vereador infra-assinado, em pleno exerc\u00edcio de seu mandato parlamentar, vem mui respeitosamente atrav\u00e9s dessa Presid\u00eancia, INDICAR ao Senhor Prefeito Municipal, para que por meio do setor respons\u00e1vel pelas informa\u00e7\u00f5es relativas \u00e0 sa\u00fade do trabalhador perante a SESA-PR, promova a realiza\u00e7\u00e3o da Semana de Preven\u00e7\u00e3o de Acidente de Trabalho, para os trabalhadores do munic\u00edpio. Justificativa: O principal objetivo do evento \u00e9 conscientizar e promover a preven\u00e7\u00e3o de doen\u00e7as ocupacionais e acidentes de trabalho, o que certamente ir\u00e1 contribuir para diminui\u00e7\u00e3o dos acidentes e afastamentos do trabalho em decorr\u00eancia de situa\u00e7\u00e3o preven\u00edvel. A semana de preven\u00e7\u00e3o n\u00e3o deve ser realizada apenas como uma obriga\u00e7\u00e3o pela empresa, mas sim ser encarada como uma importante ferramenta para informar aos trabalhadores sobre a seguran\u00e7a e a sa\u00fade no ambiente de trabalho e em suas pr\u00f3prias casas."}, {"id": "9550", "ano": "2021", "numero": "507", "tipo__sigla": "IND", "tipo__descricao": "Indica\u00e7\u00e3o", "autoria": "Carniato", "texto_original": "http://sapl.ivaipora.pr.leg.br/media/sapl/public/materialegislativa/2021/9550/507.pdf", "ementa": "JOS\u00c9 MAURINO CARNIATO, vereador infra-assinado, em pleno exerc\u00edcio de seu mandato parlamentar, vem mui respeitosamente atrav\u00e9s dessa Presid\u00eancia, INDICAR ao Senhor Prefeito Municipal, para que por meio do Departamento competente que seja providenciado estudos, afim de tornar vi\u00e1vel que, no sinaleiro no in\u00edcio da Avenida Ladislau Gil Fernandes, a via de retorno para o centro e a que leva ao Jardim Bot\u00e2nico sejam de acesso livre, desafogando o fluxo de ve\u00edculos na avenida e melhorando o tr\u00e2nsito."}, {"id": "9551", "ano": "2021", "numero": "508", "tipo__sigla": "IND", "tipo__descricao": "Indica\u00e7\u00e3o", "autoria": "Carniato", "texto_original": "http://sapl.ivaipora.pr.leg.br/media/sapl/public/materialegislativa/2021/9551/508.pdf", "ementa": "JOS\u00c9 MAURINO CARNIATO, vereador infra-assinado, em pleno exerc\u00edcio de seu mandato parlamentar, vem mui respeitosamente atrav\u00e9s dessa Presid\u00eancia, INDICAR ao Senhor Prefeito Municipal, para que: analise a possibilidade de realizar, por meio dos competentes Departamentos da Agricultura e Meio Ambiente, um levantamento nas propriedades no em torno da cidade e distritos, quanto ao uso de agrot\u00f3xicos. E de posse desses dados, providencie as medidas necess\u00e1rias para realizar Audi\u00eancia P\u00fablica, para expor e discutir com a comunidade a import\u00e2ncia da \u201cCortina Verde\u201d, como fator de redu\u00e7\u00e3o na deriva de agrot\u00f3xicos no entorno dos n\u00facleos urbanos, e o quanto essa deriva influencia na qualidade de vida da popula\u00e7\u00e3o, tendo em vista implantar em Ivaipor\u00e3 o Projeto Cortina Verde ou Zona de Prote\u00e7\u00e3o Verde (ZPV), que surgiu como recomenda\u00e7\u00e3o do Minist\u00e9rio P\u00fablico do Estado do Paran\u00e1 por meio da coordena\u00e7\u00e3o regional da bacia hidrogr\u00e1fica do Alto Iva\u00ed."}, {"id": "9552", "ano": "2021", "numero": "509", "tipo__sigla": "IND", "tipo__descricao": "Indica\u00e7\u00e3o", "autoria": "Jaffer Ferreira", "texto_original": "http://sapl.ivaipora.pr.leg.br/media/sapl/public/materialegislativa/2021/9552/509.pdf", "ementa": "JAFFER G. S. FERREIRA, vereador infra-assinado, em pleno exerc\u00edcio de seu mandato parlamentar, vem mui respeitosamente atrav\u00e9s dessa Presid\u00eancia, INDICAR ao Senhor Prefeito Municipal, que por meio do Departamento competente, providencie um container para guardar os materiais que \u00e9 classificado na cooperativa Copemari, s\u00e3o materiais de valores como alum\u00ednio e cobres etc. Precisa ser bem guardado em lugar seguro para evitar roubo."}, {"id": "9553", "ano": "2021", "numero": "510", "tipo__sigla": "IND", "tipo__descricao": "Indica\u00e7\u00e3o", "autoria": "Jaffer Ferreira", "texto_original": "http://sapl.ivaipora.pr.leg.br/media/sapl/public/materialegislativa/2021/9553/510.pdf", "ementa": "JAFFER G. S. FERREIRA, vereador infra-assinado, em pleno exerc\u00edcio de seu mandato parlamentar, vem mui respeitosamente atrav\u00e9s dessa Presid\u00eancia, INDICAR ao Senhor Prefeito Municipal, que por meio do Departamento competente, providencie uma cobertura no cruzeiro do cemit\u00e9rio municipal de Ivaipor\u00e3."}, {"id": "9554", "ano": "2021", "numero": "511", "tipo__sigla": "IND", "tipo__descricao": "Indica\u00e7\u00e3o", "autoria": "Jaffer Ferreira", "texto_original": "http://sapl.ivaipora.pr.leg.br/media/sapl/public/materialegislativa/2021/9554/511.pdf", "ementa": "JAFFER G. S. FERREIRA, vereador infra-assinado, em pleno exerc\u00edcio de seu mandato parlamentar, vem mui respeitosamente atrav\u00e9s dessa Presid\u00eancia, INDICAR ao Senhor Prefeito Municipal, que por meio do Departamento competente, providencie um redutor de velocidade na rua Manoel de Nobrega N\u00b0 90."}, {"id": "9555", "ano": "2021", "numero": "512", "tipo__sigla": "IND", "tipo__descricao": "Indica\u00e7\u00e3o", "autoria": "Jaffer Ferreira", "texto_original": "http://sapl.ivaipora.pr.leg.br/media/sapl/public/materialegislativa/2021/9555/512.pdf", "ementa": "JAFFER G. S. FERREIRA, vereador infra-assinado, em pleno exerc\u00edcio de seu mandato parlamentar, vem mui respeitosamente atrav\u00e9s dessa Presid\u00eancia, INDICAR ao Senhor Prefeito Municipal, que por meio do Departamento competente, providencie a cria\u00e7\u00e3o de um programa para incentivar e estimular capoeira, circo e teatro nas escolas e creches municipais."}, {"id": "9556", "ano": "2021", "numero": "513", "tipo__sigla": "IND", "tipo__descricao": "Indica\u00e7\u00e3o", "autoria": "Josane Disner", "texto_original": "http://sapl.ivaipora.pr.leg.br/media/sapl/public/materialegislativa/2021/9556/513.pdf", "ementa": "JOSANE GORETE DISNER TEIXEIRA, vereadora infra-assinado, em pleno exerc\u00edcio de seu mandato parlamentar, vem mui respeitosamente atrav\u00e9s dessa Presid\u00eancia, INDICAR ao Senhor Prefeito Municipal, que por meio do Departamento competente, providencie a limpeza e instala\u00e7\u00e3o de grades de prote\u00e7\u00e3o nos bueiros do Bairro Jardim Casa Grande I, tendo em vista que al\u00e9m do perigo os mesmos ent\u00e3o cheio de lixos e entulhos."}, {"id": "9557", "ano": "2021", "numero": "514", "tipo__sigla": "IND", "tipo__descricao": "Indica\u00e7\u00e3o", "autoria": "Josane Disner", "texto_original": "http://sapl.ivaipora.pr.leg.br/media/sapl/public/materialegislativa/2021/9557/514.pdf", "ementa": "JOSANE GORETE DISNER TEIXEIRA, vereadora infra-assinado, em pleno exerc\u00edcio de seu mandato parlamentar, vem mui respeitosamente atrav\u00e9s dessa Presid\u00eancia, INDICAR ao Senhor Prefeito Municipal, que por meio do Departamento competente, providencie a pavimenta\u00e7\u00e3o poli\u00e9drica (pedras irregulares) na Rua do Col\u00e9gio Jos\u00e9 de Mattos Le\u00e3o at\u00e9 o cemit\u00e9rio no distrito do Alto Por\u00e3."}, {"id": "9558", "ano": "2021", "numero": "515", "tipo__sigla": "IND", "tipo__descricao": "Indica\u00e7\u00e3o", "autoria": "Vila Real", "texto_original": "http://sapl.ivaipora.pr.leg.br/media/sapl/public/materialegislativa/2021/9558/515.pdf", "ementa": "ANTONIO VILA REAL, vereador infra-assinado, em pleno exerc\u00edcio de seu mandato parlamentar, vem mui respeitosamente atrav\u00e9s dessa Presid\u00eancia, INDICAR ao Senhor Prefeito Municipal, Luiz Carlos Gil, que por meio do departamento competente, implante Zona Azul para estacionamento no centro da cidade, pelo fato de ter muitas lojas, que necessitam de rotatividade de estacionamento."}, {"id": "9559", "ano": "2021", "numero": "516", "tipo__sigla": "IND", "tipo__descricao": "Indica\u00e7\u00e3o", "autoria": "Vila Real", "texto_original": "http://sapl.ivaipora.pr.leg.br/media/sapl/public/materialegislativa/2021/9559/516.pdf", "ementa": "ANTONIO VILA REAL, vereador infra-assinado, em pleno exerc\u00edcio de seu mandato parlamentar, vem mui respeitosamente atrav\u00e9s dessa Presid\u00eancia, INDICAR ao Senhor Prefeito Municipal, Luiz Carlos Gil, que por meio do departamento competente, providencie refazer o redutor de velocidade (quebra-molas) na Avenida Brasil pr\u00f3ximo ao Posto Teodoro, pelo fato de ve\u00edculos estarem trafegando em alta velocidade, colocando a vida da popula\u00e7\u00e3o em risco."}, {"id": "9560", "ano": "2021", "numero": "517", "tipo__sigla": "IND", "tipo__descricao": "Indica\u00e7\u00e3o", "autoria": "Vila Real", "texto_original": "http://sapl.ivaipora.pr.leg.br/media/sapl/public/materialegislativa/2021/9560/517.pdf", "ementa": "ANTONIO VILA REAL, vereador infra-assinado, em pleno exerc\u00edcio de seu mandato parlamentar, vem mui respeitosamente atrav\u00e9s dessa Presid\u00eancia, INDICAR ao Senhor Prefeito Municipal, Luiz Carlos Gil, que por meio do departamento competente, providencie um recape asf\u00e1ltica, no final da Rua Pindauvinha, atr\u00e1s do mercado Bom Pre\u00e7o."}, {"id": "9561", "ano": "2021", "numero": "518", "tipo__sigla": "IND", "tipo__descricao": "Indica\u00e7\u00e3o", "autoria": "Josane Disner", "texto_original": "http://sapl.ivaipora.pr.leg.br/media/sapl/public/materialegislativa/2021/9561/518.pdf", "ementa": "JOSANE GORETE DISNER TEIXEIRA, vereadora infra-assinado, em pleno exerc\u00edcio de seu mandato parlamentar, vem mui respeitosamente atrav\u00e9s dessa Presid\u00eancia, INDICAR ao Senhor Prefeito Municipal, que por meio do Departamento competente, providencie a pavimenta\u00e7\u00e3o asf\u00e1ltica e sinaliza\u00e7\u00e3o na Rua Arnoldo Schimidt antiga Rua Arapongas pr\u00f3ximo ao correio, sendo uma rua no centro de nossa cidade com muita trafegabilidade e pouca visibilidade."}, {"id": "9562", "ano": "2021", "numero": "519", "tipo__sigla": "IND", "tipo__descricao": "Indica\u00e7\u00e3o", "autoria": "Josane Disner", "texto_original": "http://sapl.ivaipora.pr.leg.br/media/sapl/public/materialegislativa/2021/9562/519.pdf", "ementa": "JOSANE GORETE DISNER TEIXEIRA, vereadora infra-assinado, em pleno exerc\u00edcio de seu mandato parlamentar, vem mui respeitosamente atrav\u00e9s dessa Presid\u00eancia, INDICAR ao Senhor Prefeito Municipal, que por meio do Departamento competente, providencie um redutor de velocidade (quebra \u2013 mola) na Avenida Souza Naves em frente aos CORREIOS, pois h\u00e1 um cruzamento onde os motoristas transitam com limite de velocidade alta, fazendo com que diminua o risco de acidentes naquele local."}, {"id": "9563", "ano": "2021", "numero": "520", "tipo__sigla": "IND", "tipo__descricao": "Indica\u00e7\u00e3o", "autoria": "Carniato", "texto_original": "http://sapl.ivaipora.pr.leg.br/media/sapl/public/materialegislativa/2021/9563/520.pdf", "ementa": "JOS\u00c9 MAURINO CARNIATO vereador infra-assinados, em pleno exerc\u00edcio de seu mandato parlamentar, vem mui respeitosamente atrav\u00e9s dessa Presid\u00eancia, INDICAR ao Senhor Prefeito Municipal, para que realize por meio do Departamento Respons\u00e1vel um estudo de tr\u00e2nsito no cruzamento da Rua Felicita Rother \u2013 prolongamento com a Avenida Maranh\u00e3o. Hoje a prefer\u00eancia \u00e9 da Avenida Maranh\u00e3o, contudo, em fun\u00e7\u00e3o dos caminh\u00f5es pesados que retiram entulhos do dep\u00f3sito que fica logo abaixo, tem causado problemas pois a subida \u00e9 \u00edngreme, sendo que j\u00e1 ocorreu acidente nesse local."}, {"id": "9564", "ano": "2021", "numero": "521", "tipo__sigla": "IND", "tipo__descricao": "Indica\u00e7\u00e3o", "autoria": "Carniato, Josane Disner", "texto_original": "http://sapl.ivaipora.pr.leg.br/media/sapl/public/materialegislativa/2021/9564/521.pdf", "ementa": "JOS\u00c9 MAURINO CARNIATO e JOSANE G. DISNER vereadores infra-assinados, em pleno exerc\u00edcios de seus mandatos parlamentares, v\u00eam mui respeitosamente atrav\u00e9s dessa Presid\u00eancia, INDICAR ao Senhor Prefeito Municipal, para que an\u00e1lise por meio do Setor Respons\u00e1vel podar as \u00e1rvores na Rua Em\u00edlio Ganzert, em toda sua extens\u00e3o, do alto do Jardim Alto da Gl\u00f3ria at\u00e9 seu in\u00edcio na Avenida Souza Naves. Fotos em anexo."}, {"id": "9565", "ano": "2021", "numero": "522", "tipo__sigla": "IND", "tipo__descricao": "Indica\u00e7\u00e3o", "autoria": "Carniato, Josane Disner", "texto_original": "http://sapl.ivaipora.pr.leg.br/media/sapl/public/materialegislativa/2021/9565/522.pdf", "ementa": "JOS\u00c9 MAURINO CARNIATO e JOSANE G. DISNER TEIXEIRA, vereadores infra-assinados, em pleno exerc\u00edcios de seus mandatos parlamentares, v\u00eam mui respeitosamente atrav\u00e9s dessa Presid\u00eancia, INDICAR ao Senhor Prefeito Municipal, para que analise a possibilidade de adotar o modelo 3D de faixa de pedestre no tr\u00e2nsito, assim como, disponibilizar capacita\u00e7\u00e3o para a equipe de pintura. Foto em anexo."}, {"id": "9566", "ano": "2021", "numero": "523", "tipo__sigla": "IND", "tipo__descricao": "Indica\u00e7\u00e3o", "autoria": "Jaffer Ferreira", "texto_original": "http://sapl.ivaipora.pr.leg.br/media/sapl/public/materialegislativa/2021/9566/523.pdf", "ementa": "JAFFER G. S. FERREIRA, vereador infra-assinado, em pleno exerc\u00edcio de seu mandato parlamentar, vem mui respeitosamente atrav\u00e9s dessa Presid\u00eancia, INDICAR ao Senhor Prefeito Municipal, que por meio do Departamento competente, providenciar uma cobertura, instala\u00e7\u00e3o de ilumina\u00e7\u00e3o e construir um pequeno deposito para guardar as ferramentas no cemit\u00e9rio do distrito do Alto Por\u00e3."}, {"id": "9567", "ano": "2021", "numero": "524", "tipo__sigla": "IND", "tipo__descricao": "Indica\u00e7\u00e3o", "autoria": "Vila Real", "texto_original": "http://sapl.ivaipora.pr.leg.br/media/sapl/public/materialegislativa/2021/9567/524.pdf", "ementa": "ANTONIO VILA REAL, vereador infra-assinado, em pleno exerc\u00edcio de seu mandato parlamentar, vem mui respeitosamente atrav\u00e9s dessa Presid\u00eancia, INDICAR ao Senhor Prefeito Municipal, Luiz Carlos Gil, que por meio do departamento competente, providencie reparos na Casa situada na Pra\u00e7a Henrique Portelinha, com instala\u00e7\u00e3o de bebedouros d\u2019agua, bem como verificar as possibilidades de fazer paredes na mesma, fazer banheiro para o uso exclusivo dos idosos. Sendo \u00fanico local para o lazer dos idosos, destinado para a perman\u00eancia diurna dos mesmos, fazendo ali seu Centro de Conviv\u00eancia, pelo fato de que em dias chuvosos o piso fica alagado, o banheiro sem condi\u00e7\u00e3o alguma de ser usado, e demais descuidos no local, ainda que, o mun\u00edcipio de Ivaipor\u00e3 n\u00e3o atende as exig\u00eancias do CEDI/PR, Lei n\u00ba 8.842/1994 de 04 de Janeiro de 1994 e Art. 3\u00ba da Lei n\u00ba 10.741/2003 de 1\u00ba/10/2003. Anexo artigo."}, {"id": "9568", "ano": "2021", "numero": "525", "tipo__sigla": "IND", "tipo__descricao": "Indica\u00e7\u00e3o", "autoria": "Josane Disner", "texto_original": "http://sapl.ivaipora.pr.leg.br/media/sapl/public/materialegislativa/2021/9568/525.pdf", "ementa": "JOSANE GORETE DISNER TEIXEIRA, vereadora infra-assinado, em pleno exerc\u00edcio de seu mandato parlamentar, vem mui respeitosamente atrav\u00e9s dessa Presid\u00eancia, INDICAR ao Senhor Prefeito Municipal, que por meio do Departamento competente, providencie a limpeza e instala\u00e7\u00e3o de grades de prote\u00e7\u00e3o nos bueiros na Rua Martin Lutero no Bairro Jardim Ipor\u00e3, onde os mesmos se encontram entupidos de entulhos, lixos, mato, pois nos dias de chuva os bueiros n\u00e3o suportam a enxurrada que acaba invadindo as casas da popula\u00e7\u00e3o ocasionando grandes transtornos aos moradores."}, {"id": "9569", "ano": "2021", "numero": "526", "tipo__sigla": "IND", "tipo__descricao": "Indica\u00e7\u00e3o", "autoria": "Josane Disner", "texto_original": "http://sapl.ivaipora.pr.leg.br/media/sapl/public/materialegislativa/2021/9569/526.pdf", "ementa": "JOSANE GORETE DISNER TEIXEIRA, vereadora infra-assinado, em pleno exerc\u00edcio de seu mandato parlamentar, vem mui respeitosamente atrav\u00e9s dessa Presid\u00eancia, INDICAR ao Senhor Prefeito Municipal, que por meio do Departamento competente, providencie instala\u00e7\u00e3o de lombadas (quebra-molas) na Rua Santa Terezinha esquina com a Rua Monte Alto no Jardim Ipor\u00e3."}, {"id": "9570", "ano": "2021", "numero": "527", "tipo__sigla": "IND", "tipo__descricao": "Indica\u00e7\u00e3o", "autoria": "Josane Disner", "texto_original": "http://sapl.ivaipora.pr.leg.br/media/sapl/public/materialegislativa/2021/9570/527.pdf", "ementa": "JOSANE GORETE DISNER TEIXEIRA, vereadora infra-assinado, em pleno exerc\u00edcio de seu mandato parlamentar, vem mui respeitosamente atrav\u00e9s dessa Presid\u00eancia, INDICAR ao Senhor Prefeito Municipal, que por meio do Departamento competente, providencie a pavimenta\u00e7\u00e3o poli\u00e9drica (pedras irregulares) na Rua D, Vila Santa Terezinha, e que o caminh\u00e3o de lixo fa\u00e7a a coleta, pois os moradores relataram que pagam a taxa de lixo, e o caminh\u00e3o n\u00e3o est\u00e1 passando. Foto em anexo."}, {"id": "9571", "ano": "2021", "numero": "528", "tipo__sigla": "IND", "tipo__descricao": "Indica\u00e7\u00e3o", "autoria": "Josane Disner", "texto_original": "http://sapl.ivaipora.pr.leg.br/media/sapl/public/materialegislativa/2021/9571/528.pdf", "ementa": "JOSANE GORETE DISNER TEIXEIRA, vereadora infra-assinado, em pleno exerc\u00edcio de seu mandato parlamentar, vem mui respeitosamente atrav\u00e9s dessa Presid\u00eancia, INDICAR ao Senhor Prefeito Municipal, que por meio do Departamento competente, providencie constru\u00e7\u00e3o de quadra de malha, quadra de bocha, A.T.I (Academia Terceira Idade) e um parque infantil com playground no bairro Jardim Ipor\u00e3."}, {"id": "9572", "ano": "2021", "numero": "529", "tipo__sigla": "IND", "tipo__descricao": "Indica\u00e7\u00e3o", "autoria": "Josane Disner", "texto_original": "http://sapl.ivaipora.pr.leg.br/media/sapl/public/materialegislativa/2021/9572/529.pdf", "ementa": "JOSANE GORETE DISNER TEIXEIRA, vereadora infra-assinado, em pleno exerc\u00edcio de seu mandato parlamentar, vem mui respeitosamente atrav\u00e9s dessa Presid\u00eancia, INDICAR ao Senhor Prefeito Municipal, que por meio do Departamento competente, providencie a constru\u00e7\u00e3o de uma cobertura na U.B.S S\u00c3O LUIZ, para acolher a popula\u00e7\u00e3o, pois os mesmos ficam ao relento para aguardar o atendimento."}, {"id": "9573", "ano": "2021", "numero": "530", "tipo__sigla": "IND", "tipo__descricao": "Indica\u00e7\u00e3o", "autoria": "Fio Bertotti", "texto_original": "http://sapl.ivaipora.pr.leg.br/media/sapl/public/materialegislativa/2021/9573/530.pdf", "ementa": "EMERSON DA SILVA BERTOTTI, vereador infra-assinado, em pleno exerc\u00edcio de seu mandato parlamentar, vem mui respeitosamente atrav\u00e9s dessa Presid\u00eancia, INDICAR ao Senhor Prefeito Municipal, que por meio do Departamento Competente, providencie a reforma e manuten\u00e7\u00e3o dos banheiros no Cemit\u00e9rio Municipal, melhorando as condi\u00e7\u00f5es de quem visita seus parentes e amigos j\u00e1 falecidos."}, {"id": "9574", "ano": "2021", "numero": "531", "tipo__sigla": "IND", "tipo__descricao": "Indica\u00e7\u00e3o", "autoria": "Fio Bertotti", "texto_original": "http://sapl.ivaipora.pr.leg.br/media/sapl/public/materialegislativa/2021/9574/531.pdf", "ementa": "EMERSON DA SILVA BERTOTTI, vereador infra-assinado, em pleno exerc\u00edcio de seu mandato parlamentar, vem mui respeitosamente atrav\u00e9s dessa Presid\u00eancia, INDICAR ao Senhor Prefeito Municipal, que por meio do Departamento de Competente, providencie limpeza dos terrenos pr\u00f3ximo ao campinho sint\u00e9tico da Vila Monte Castelo, o mato est\u00e1 seco devido a geada podendo provocar queimadas."}, {"id": "9594", "ano": "2021", "numero": "532", "tipo__sigla": "IND", "tipo__descricao": "Indica\u00e7\u00e3o", "autoria": "Fio Bertotti", "texto_original": "http://sapl.ivaipora.pr.leg.br/media/sapl/public/materialegislativa/2021/9594/532.pdf", "ementa": "EMERSON DA SILVA BERTOTTI, vereador infra-assinado, em pleno exerc\u00edcio de seu mandato parlamentar, vem mui respeitosamente atrav\u00e9s dessa Presid\u00eancia, INDICAR ao Senhor Prefeito Municipal, que por meio do Departamento competente, providencie a coloca\u00e7\u00e3o de uma tampa no bueiro da rua Visconde do Rio Branco, em frente ao centro de lazer San Rafain, bueiro est\u00e1 aberto e pode causar acidentes com carros e pedestres."}, {"id": "9595", "ano": "2021", "numero": "533", "tipo__sigla": "IND", "tipo__descricao": "Indica\u00e7\u00e3o", "autoria": "Fio Bertotti", "texto_original": "http://sapl.ivaipora.pr.leg.br/media/sapl/public/materialegislativa/2021/9595/533.pdf", "ementa": "EMERSON DA SILVA BERTOTTI, vereador infra-assinado, em pleno exerc\u00edcio de seu mandato parlamentar, vem mui respeitosamente atrav\u00e9s dessa Presid\u00eancia, INDICAR ao Senhor Prefeito Municipal, que por meio do Departamento competente, providencie a poda das arvores na Avenida Presidente Tancredo Neves na altura do n\u00famero 3.780, os galhos est\u00e3o atrapalhando a ilumina\u00e7\u00e3o e o tr\u00e1fego de ve\u00edculos mais alto."}, {"id": "9596", "ano": "2021", "numero": "534", "tipo__sigla": "IND", "tipo__descricao": "Indica\u00e7\u00e3o", "autoria": "Carniato", "texto_original": "http://sapl.ivaipora.pr.leg.br/media/sapl/public/materialegislativa/2021/9596/534.pdf", "ementa": "JOS\u00c9 MAURINO CARNIATO, vereador infra-assinado, em pleno exerc\u00edcio de seu mandato parlamentar, vem mui respeitosamente atrav\u00e9s dessa Presid\u00eancia, INDICAR ao Senhor Prefeito Municipal, para que por meio do Departamento competente providencie inspe\u00e7\u00e3o e manuten\u00e7\u00e3o nos fios de energia que est\u00e3o expostos no canteiro da Avenida Brasil, em frente \u00e0 LOJA BRASIM\u00d3VEIS, podendo representar riscos aos pedestres."}, {"id": "9597", "ano": "2021", "numero": "535", "tipo__sigla": "IND", "tipo__descricao": "Indica\u00e7\u00e3o", "autoria": "Jaffer Ferreira", "texto_original": "http://sapl.ivaipora.pr.leg.br/media/sapl/public/materialegislativa/2021/9597/535.pdf", "ementa": "JAFFER G. S. FERREIRA, vereador infra-assinado, em pleno exerc\u00edcio de seu mandato parlamentar, vem mui respeitosamente atrav\u00e9s dessa Presid\u00eancia, INDICAR ao Senhor Prefeito Municipal, que por meio do Departamento competente, providencie um mapa com a localiza\u00e7\u00e3o das quadras e local dos t\u00famulos. Deixar na secretaria do cemit\u00e9rio para f\u00e1cil localiza\u00e7\u00e3o dos t\u00famulos dos entes queridos."}, {"id": "9598", "ano": "2021", "numero": "537", "tipo__sigla": "IND", "tipo__descricao": "Indica\u00e7\u00e3o", "autoria": "Fio Bertotti", "texto_original": "http://sapl.ivaipora.pr.leg.br/media/sapl/public/materialegislativa/2021/9598/537.pdf", "ementa": "EMERSON DA SILVA BERTOTTI, vereador infra-assinado, em pleno exerc\u00edcio de seu mandato parlamentar, vem mui respeitosamente atrav\u00e9s dessa Presid\u00eancia, INDICAR ao Senhor Prefeito Municipal, que por meio do Departamento Competente, providencie a manuten\u00e7\u00e3o e recapeamento asf\u00e1ltico na avenida Estev\u00e3o Marciano dos Santos, come\u00e7ando na rua Plac\u00eddio Miranda at\u00e9 a avenida Paran\u00e1."}, {"id": "9599", "ano": "2021", "numero": "538", "tipo__sigla": "IND", "tipo__descricao": "Indica\u00e7\u00e3o", "autoria": "Fio Bertotti", "texto_original": "http://sapl.ivaipora.pr.leg.br/media/sapl/public/materialegislativa/2021/9599/538.pdf", "ementa": "EMERSON DA SILVA BERTOTTI, vereador infra-assinado, em pleno exerc\u00edcio de seu mandato parlamentar, vem mui respeitosamente atrav\u00e9s dessa Presid\u00eancia, INDICAR ao Senhor Prefeito Municipal, que por meio do Departamento de Competente, providencie um sistema de monitoramento no Cemit\u00e9rio Municipal, a fim de coibir os v\u00e2ndalos que destroem e furtam enfeites e imagens dos t\u00famulos."}, {"id": "9600", "ano": "2021", "numero": "539", "tipo__sigla": "IND", "tipo__descricao": "Indica\u00e7\u00e3o", "autoria": "Fio Bertotti", "texto_original": "http://sapl.ivaipora.pr.leg.br/media/sapl/public/materialegislativa/2021/9600/539.pdf", "ementa": "EMERSON DA SILVA BERTOTTI, vereador infra-assinado, em pleno exerc\u00edcio de seu mandato parlamentar, vem mui respeitosamente atrav\u00e9s dessa Presid\u00eancia, INDICAR ao Senhor Prefeito Municipal, que por meio do Departamento competente, providencie a continua\u00e7\u00e3o da pedra irregular na rua Marginal ao lado da Rodovia Ladislau Gil Fernandes, que d\u00e1 acesso ao campo sint\u00e9tico do lago Jardim Bot\u00e2nico."}, {"id": "9601", "ano": "2021", "numero": "540", "tipo__sigla": "IND", "tipo__descricao": "Indica\u00e7\u00e3o", "autoria": "Fio Bertotti", "texto_original": "http://sapl.ivaipora.pr.leg.br/media/sapl/public/materialegislativa/2021/9601/540.pdf", "ementa": "EMERSON DA SILVA BERTOTTI, vereador infra-assinado, em pleno exerc\u00edcio de seu mandato parlamentar, vem mui respeitosamente atrav\u00e9s dessa Presid\u00eancia, INDICAR ao Senhor Prefeito Municipal, que por meio do Departamento competente, providencie um port\u00e3o maior na UBS da Vila Monte Castelo, para que a ambul\u00e2ncia entre mais perto, facilitando a locomo\u00e7\u00e3o de quem est\u00e1 de cadeira de rodas ou maca."}, {"id": "9602", "ano": "2021", "numero": "541", "tipo__sigla": "IND", "tipo__descricao": "Indica\u00e7\u00e3o", "autoria": "Fio Bertotti", "texto_original": "http://sapl.ivaipora.pr.leg.br/media/sapl/public/materialegislativa/2021/9602/541.pdf", "ementa": "EMERSON DA SILVA BERTOTTI, vereador infra-assinado, em pleno exerc\u00edcio de seu mandato parlamentar, vem mui respeitosamente atrav\u00e9s dessa Presid\u00eancia, INDICAR ao Senhor Prefeito Municipal Luiz Carlos Gil, que por meio do Departamento de competente, providencie a pintura da faixa de pedestre na Avenida Castelo Branco em frente ao Col\u00e9gio Id\u00e1lia Rocha, dando mais seguran\u00e7a na travessia dos alunos e demais pedestres."}, {"id": "9603", "ano": "2021", "numero": "542", "tipo__sigla": "IND", "tipo__descricao": "Indica\u00e7\u00e3o", "autoria": "Jaffer Ferreira", "texto_original": "http://sapl.ivaipora.pr.leg.br/media/sapl/public/materialegislativa/2021/9603/542.pdf", "ementa": "JAFFER G. S. FERREIRA, vereador infra-assinado, em pleno exerc\u00edcio de seu mandato parlamentar, vem mui respeitosamente atrav\u00e9s dessa Presid\u00eancia, INDICAR ao Senhor Prefeito Municipal, que por meio do Departamento competente, providencie e an\u00e1lise \u00e1 possibilidade de restabelecer os direitos trabalhistas dos funcion\u00e1rios do Pronto Atendimento (hospital Municipal)."}, {"id": "9604", "ano": "2021", "numero": "543", "tipo__sigla": "IND", "tipo__descricao": "Indica\u00e7\u00e3o", "autoria": "Jaffer Ferreira", "texto_original": "http://sapl.ivaipora.pr.leg.br/media/sapl/public/materialegislativa/2021/9604/543.pdf", "ementa": "JAFFER G. S. FERREIRA, vereador infra-assinado, em pleno exerc\u00edcio de seu mandato parlamentar, vem mui respeitosamente atrav\u00e9s dessa Presid\u00eancia, INDICAR ao Senhor Prefeito Municipal, que por meio do Departamento competente, analise a viabilidade de instalar encanamento com torneiras em quatro lugares estrat\u00e9gicos do cemit\u00e9rio do Alto Por\u00e3 para facilitar para fam\u00edlias lavar os t\u00famulos."}, {"id": "9605", "ano": "2021", "numero": "544", "tipo__sigla": "IND", "tipo__descricao": "Indica\u00e7\u00e3o", "autoria": "Jaffer Ferreira", "texto_original": "http://sapl.ivaipora.pr.leg.br/media/sapl/public/materialegislativa/2021/9605/544.pdf", "ementa": "JAFFER G. S. FERREIRA, vereador infra-assinado, em pleno exerc\u00edcio de seu mandato parlamentar, vem mui respeitosamente atrav\u00e9s dessa Presid\u00eancia, INDICAR ao Senhor Prefeito Municipal, que por meio do Departamento competente, providencie o recape asf\u00e1ltico em frente ao novo empreendimento do Paran\u00e1 Atacadista at\u00e9 em frente da CASE."}, {"id": "9606", "ano": "2021", "numero": "545", "tipo__sigla": "IND", "tipo__descricao": "Indica\u00e7\u00e3o", "autoria": "Jaffer Ferreira", "texto_original": "http://sapl.ivaipora.pr.leg.br/media/sapl/public/materialegislativa/2021/9606/545.pdf", "ementa": "JAFFER G. S. FERREIRA, vereador infra-assinado, em pleno exerc\u00edcio de seu mandato parlamentar, vem mui respeitosamente atrav\u00e9s dessa Presid\u00eancia, INDICAR ao Senhor Prefeito Municipal, que por meio do Departamento competente, para viabilize incentivar os empres\u00e1rios, comerciantes e pessoas f\u00edsicas que queiram instalar suas empresas em nossa cidade com servi\u00e7os de terraplanagem sem custo para que realizem prepara\u00e7\u00e3o dos terrenos para a constru\u00e7\u00e3o de seus com\u00e9rcios, f\u00e1bricas etc."}, {"id": "9607", "ano": "2021", "numero": "546", "tipo__sigla": "IND", "tipo__descricao": "Indica\u00e7\u00e3o", "autoria": "Carniato", "texto_original": "http://sapl.ivaipora.pr.leg.br/media/sapl/public/materialegislativa/2021/9607/546.pdf", "ementa": "JOS\u00c9 MAURINO CARNIATO, vereador infra-assinado, em pleno exerc\u00edcio de seu mandato parlamentar, vem mui respeitosamente atrav\u00e9s dessa Presid\u00eancia, INDICAR ao Senhor Prefeito Municipal, para que por meio do Departamento competente providencie adequa\u00e7\u00e3o na grade da boca de lobo na Avenida Maranh\u00e3o logo ap\u00f3s o cruzamento com Avenida Pedro Koltun \u2013 pr\u00f3ximo sa\u00edda da Ariranha. Fotos em anexo;"}, {"id": "9608", "ano": "2021", "numero": "547", "tipo__sigla": "IND", "tipo__descricao": "Indica\u00e7\u00e3o", "autoria": "Carniato", "texto_original": "http://sapl.ivaipora.pr.leg.br/media/sapl/public/materialegislativa/2021/9608/547.pdf", "ementa": "providencie estudos para implanta\u00e7\u00e3o de cal\u00e7amento poli\u00e9drico na estrada que liga Estrada da Pindauvinha ao Cruzeirinho (PR 466), num trecho de aproximadamente 06 quil\u00f4metros."}, {"id": "9609", "ano": "2021", "numero": "548", "tipo__sigla": "IND", "tipo__descricao": "Indica\u00e7\u00e3o", "autoria": "Carniato", "texto_original": "http://sapl.ivaipora.pr.leg.br/media/sapl/public/materialegislativa/2021/9609/548.pdf", "ementa": "JOS\u00c9 MAURINO CARNIATO, vereador infra-assinado, em pleno exerc\u00edcio de seu mandato parlamentar, vem mui respeitosamente atrav\u00e9s dessa Presid\u00eancia, INDICAR ao Senhor Prefeito Municipal, para que por meio do Departamento competente providencie a constru\u00e7\u00e3o de um redutor de velocidade na Rua Faxinal, em frente ao n\u00famero 435 \u2013 Vila Nova Por\u00e3."}, {"id": "9610", "ano": "2021", "numero": "549", "tipo__sigla": "IND", "tipo__descricao": "Indica\u00e7\u00e3o", "autoria": "Josane Disner", "texto_original": "http://sapl.ivaipora.pr.leg.br/media/sapl/public/materialegislativa/2021/9610/549.pdf", "ementa": "JOSANE GORETE DISNER TEIXEIRA, vereadora infra-assinado, em pleno exerc\u00edcio de seu mandato parlamentar, vem mui respeitosamente atrav\u00e9s dessa Presid\u00eancia, INDICAR ao Senhor Prefeito Municipal, que por meio do Departamento competente, providencie a limpeza da quadra de esporte situada na Rua General Luiz Carlos Guedes, no Conjunto Mour\u00e3o Filho, onde a mesma se encontra em grande ac\u00famulo de lixo. Foto em anexo."}, {"id": "9611", "ano": "2021", "numero": "550", "tipo__sigla": "IND", "tipo__descricao": "Indica\u00e7\u00e3o", "autoria": "Josane Disner", "texto_original": "http://sapl.ivaipora.pr.leg.br/media/sapl/public/materialegislativa/2021/9611/550.pdf", "ementa": "JOSANE GORETE DISNER TEIXEIRA, vereadora infra-assinado, em pleno exerc\u00edcio de seu mandato parlamentar, vem mui respeitosamente atrav\u00e9s dessa Presid\u00eancia, INDICAR ao Senhor Prefeito Municipal, que por meio do Departamento competente, providencie o recape asf\u00e1ltico na Avenida Maranh\u00e3o no n\u00famero 385 (pr\u00f3ximo ao Chocolates Panificadora), pois o asfalto est\u00e1 cheio de buracos e pedras soltas, onde os carros acabam desviando dos mesmos ocasionando acidentes naquele local."}, {"id": "9612", "ano": "2021", "numero": "551", "tipo__sigla": "IND", "tipo__descricao": "Indica\u00e7\u00e3o", "autoria": "Gertrudes", "texto_original": "http://sapl.ivaipora.pr.leg.br/media/sapl/public/materialegislativa/2021/9612/551.pdf", "ementa": "GERTRUDES BERNARDY, Presidente do Legislativo e vereadora infra-assinado, em pleno exerc\u00edcio de seu mandato parlamentar, vem mui respeitosamente atrav\u00e9s dessa Presid\u00eancia, INDICAR ao Senhor Prefeito Municipal Luiz Carlos Gil, que por meio do Departamento Competente, providencie a reforma do Sal\u00e3o Comunit\u00e1rio do Conjunto Jo\u00e3o de Barro, que se localiza na Rua Beija Flor esquina com a Rua Araras. Foto em anexo."}, {"id": "9613", "ano": "2021", "numero": "552", "tipo__sigla": "IND", "tipo__descricao": "Indica\u00e7\u00e3o", "autoria": "Gertrudes", "texto_original": "http://sapl.ivaipora.pr.leg.br/media/sapl/public/materialegislativa/2021/9613/552.pdf", "ementa": "GERTRUDES BERNARDY, Presidente do Legislativo e vereadora infra-assinado, em pleno exerc\u00edcio de seu mandato parlamentar, vem mui respeitosamente atrav\u00e9s dessa Presid\u00eancia, INDICAR ao Senhor Prefeito Municipal Luiz Carlos Gil, que por meio do Departamento Competente, analise e providencie o termino da coloca\u00e7\u00e3o de pedras poli\u00e9dricas na Rua Luciano Marcelo de Oliveira, antiga Rua Cristo Redentor, a obra foi parada em frente a casa de numero 455, a mesma precisa ser finalizada at\u00e9 a AFIVA (Associa\u00e7\u00e3o dos Funcion\u00e1rios de Ivaipor\u00e3). Segue em anexo foto da Sal\u00e3o."}, {"id": "9614", "ano": "2021", "numero": "553", "tipo__sigla": "IND", "tipo__descricao": "Indica\u00e7\u00e3o", "autoria": "Jaffer Ferreira", "texto_original": "http://sapl.ivaipora.pr.leg.br/media/sapl/public/materialegislativa/2021/9614/553.pdf", "ementa": "JAFFER G. S. FERREIRA, vereador infra-assinado, em pleno exerc\u00edcio de seu mandato parlamentar, vem mui respeitosamente atrav\u00e9s dessa Presid\u00eancia, INDICAR ao Senhor Prefeito Municipal, que por meio do Departamento competente, providencie a extens\u00e3o do quebra mola na Rua Mangueira em frente ao bar do Bugio, o quebra mola n\u00e3o se estende por toda rua, sendo assim os motoristas est\u00e3o desviando. Estudar uma maneira que os motoristas n\u00e3o possam desviam do quebra mola. Foto em anexo."}, {"id": "9615", "ano": "2021", "numero": "554", "tipo__sigla": "IND", "tipo__descricao": "Indica\u00e7\u00e3o", "autoria": "Z\u00e9 Maria", "texto_original": "http://sapl.ivaipora.pr.leg.br/media/sapl/public/materialegislativa/2021/9615/554.pdf", "ementa": "JOS\u00c9 MARIA CARNEIRO, vereador infra-assinado, em pleno exerc\u00edcio de seu mandato parlamentar, vem mui respeitosamente atrav\u00e9s dessa Presid\u00eancia, INDICAR ao Senhor Prefeito Municipal, que por meio do Departamento competente, providenciar uma rede de prote\u00e7\u00e3o anti pombo no terminal rodovi\u00e1rio, esses animais possuem um grande potencial de transmiss\u00e3o de doen\u00e7as."}, {"id": "9620", "ano": "2021", "numero": "555", "tipo__sigla": "IND", "tipo__descricao": "Indica\u00e7\u00e3o", "autoria": "Z\u00e9 Maria", "texto_original": "http://sapl.ivaipora.pr.leg.br/media/sapl/public/materialegislativa/2021/9620/555.pdf", "ementa": "JOS\u00c9 MARIA CARNEIRO, vereador infra-assinado, em pleno exerc\u00edcio de seu mandato parlamentar, vem mui respeitosamente atrav\u00e9s dessa Presid\u00eancia, INDICAR ao Senhor Prefeito Municipal, que por meio do Departamento competente, providencie pintura de faixa de pedestre em frente \u00e0 Igreja Metodista localizada na Avenida Souza Neves."}, {"id": "9625", "ano": "2021", "numero": "556", "tipo__sigla": "IND", "tipo__descricao": "Indica\u00e7\u00e3o", "autoria": "Josane Disner", "texto_original": "http://sapl.ivaipora.pr.leg.br/media/sapl/public/materialegislativa/2021/9625/556.pdf", "ementa": "JOSANE GORETE DISNER TEIXEIRA, vereadora infra-assinado, em pleno exerc\u00edcio de seu mandato parlamentar, vem mui respeitosamente atrav\u00e9s dessa Presid\u00eancia, INDICAR ao Senhor Prefeito Municipal, que por meio do Departamento competente, providencie a limpeza na \u00e1rea externa do Posto de Sa\u00fade, visto que o mato est\u00e1 alto."}, {"id": "9627", "ano": "2021", "numero": "557", "tipo__sigla": "IND", "tipo__descricao": "Indica\u00e7\u00e3o", "autoria": "Josane Disner", "texto_original": "http://sapl.ivaipora.pr.leg.br/media/sapl/public/materialegislativa/2021/9627/557.pdf", "ementa": "JOSANE GORETE DISNER TEIXEIRA, vereadora infra-assinado, em pleno exerc\u00edcio de seu mandato parlamentar, vem mui respeitosamente atrav\u00e9s dessa Presid\u00eancia, INDICAR ao Senhor Prefeito Municipal, que por meio do Departamento competente, providencie a contrata\u00e7\u00e3o com urg\u00eancia de uma Assistente Social com 30 horas, para atendimento no Posto de Sa\u00fade central, em virtude que a demanda est\u00e1 muito grande."}, {"id": "9628", "ano": "2021", "numero": "558", "tipo__sigla": "IND", "tipo__descricao": "Indica\u00e7\u00e3o", "autoria": "Carniato", "texto_original": "http://sapl.ivaipora.pr.leg.br/media/sapl/public/materialegislativa/2021/9628/558.pdf", "ementa": "JOS\u00c9 MAURINO CARNIATO, vereador infra-assinado, em pleno exerc\u00edcio de seu mandato parlamentar, vem mui respeitosamente atrav\u00e9s dessa Presid\u00eancia, INDICAR ao Senhor Prefeito Municipal, que providencie a constru\u00e7\u00e3o de m\u00f3dulo policial no complexo do Jardim Bot\u00e2nico, para maior seguran\u00e7a dos frequentadores daquele local."}, {"id": "9629", "ano": "2021", "numero": "559", "tipo__sigla": "IND", "tipo__descricao": "Indica\u00e7\u00e3o", "autoria": "Carniato", "texto_original": "http://sapl.ivaipora.pr.leg.br/media/sapl/public/materialegislativa/2021/9629/559.pdf", "ementa": "JOS\u00c9 MAURINO CARNIATO, vereador infra-assinado, em pleno exerc\u00edcio de seu mandato parlamentar, vem mui respeitosamente atrav\u00e9s dessa Presid\u00eancia, INDICAR ao Senhor Prefeito Municipal, para que por meio do Departamento competente providencie a poda das \u00e1rvores no cruzamento das ruas Arnold Schmidt com Juarez Cleve, que est\u00e3o prejudicando a visibilidade e oferecendo riscos no tr\u00e2nsito. Foto em anexo."}, {"id": "9630", "ano": "2021", "numero": "560", "tipo__sigla": "IND", "tipo__descricao": "Indica\u00e7\u00e3o", "autoria": "Jaffer Ferreira", "texto_original": "http://sapl.ivaipora.pr.leg.br/media/sapl/public/materialegislativa/2021/9630/560.pdf", "ementa": "JAFFER G. S. FERREIRA, vereador infra-assinado, em pleno exerc\u00edcio de seu mandato parlamentar, vem mui respeitosamente atrav\u00e9s dessa Presid\u00eancia, INDICAR ao Senhor Prefeito Municipal, que por meio do Departamento competente providencie a retomada do Torneio Interbairros (todas modalidades esportivas), promovendo a integra\u00e7\u00e3o esportiva da popula\u00e7\u00e3o de Ivaipor\u00e3."}, {"id": "9631", "ano": "2021", "numero": "561", "tipo__sigla": "IND", "tipo__descricao": "Indica\u00e7\u00e3o", "autoria": "Jaffer Ferreira", "texto_original": "http://sapl.ivaipora.pr.leg.br/media/sapl/public/materialegislativa/2021/9631/561.pdf", "ementa": "JAFFER G. S. FERREIRA, vereador infra-assinado, em pleno exerc\u00edcio de seu mandato parlamentar, vem mui respeitosamente atrav\u00e9s dessa Presid\u00eancia, INDICAR ao Senhor Prefeito Municipal, que por meio do Departamento competente, providencie mais vagas em Escolas e Centros Municipais de Educa\u00e7\u00e3o Infantil, pois a demanda est\u00e1 muito grande."}, {"id": "9697", "ano": "2021", "numero": "562", "tipo__sigla": "IND", "tipo__descricao": "Indica\u00e7\u00e3o", "autoria": "Jaffer Ferreira", "texto_original": "http://sapl.ivaipora.pr.leg.br/media/sapl/public/materialegislativa/2021/9697/562.pdf", "ementa": "JAFFER G. S. FERREIRA, vereador infra-assinado, em pleno exerc\u00edcio de seu mandato parlamentar, vem mui respeitosamente atrav\u00e9s dessa Presid\u00eancia, INDICAR ao Senhor Prefeito Municipal, que por meio do Departamento competente, promover encontros, eventos esportivos e de lazer entre os servidores municipais."}, {"id": "9698", "ano": "2021", "numero": "563", "tipo__sigla": "IND", "tipo__descricao": "Indica\u00e7\u00e3o", "autoria": "Jaffer Ferreira", "texto_original": "http://sapl.ivaipora.pr.leg.br/media/sapl/public/materialegislativa/2021/9698/563.pdf", "ementa": "JAFFER G. SAGANSKI FERRIRA, vereador infra-assinado, em pleno exerc\u00edcio de seu mandato parlamentar, vem mui respeitosamente atrav\u00e9s dessa Presid\u00eancia, INDICAR ao Senhor Prefeito Municipal Luiz Carlos Gil, que por meio do Departamento Competente, que fa\u00e7a um estudo na Avenida Brasil em frente ao Monzak Est\u00e9tica Automotiva at\u00e9 Pampas Moto Pe\u00e7as, para viabilizar mais vagas do lado esquerdo devido \u00e0 falta de estacionamento. Em anexo o abaixo assinado."}, {"id": "9699", "ano": "2021", "numero": "564", "tipo__sigla": "IND", "tipo__descricao": "Indica\u00e7\u00e3o", "autoria": "Fio Bertotti", "texto_original": "http://sapl.ivaipora.pr.leg.br/media/sapl/public/materialegislativa/2021/9699/564.pdf", "ementa": "EMERSON DA SILVA BERTOTTI, vereador infra-assinado, em pleno exerc\u00edcio de seu mandato parlamentar, vem mui respeitosamente atrav\u00e9s dessa Presid\u00eancia, INDICAR ao Senhor Prefeito Municipal, que por meio do Departamento Competente, a possibilidade de coloca\u00e7\u00e3o de alerta de travessia de pedestre nos sem\u00e1foros, principalmente nos cruzamentos da Avenida Brasil, Souza Naves e Avenida Paran\u00e1, \u00e1rea central e de maior fluxo de pedestres."}, {"id": "9700", "ano": "2021", "numero": "565", "tipo__sigla": "IND", "tipo__descricao": "Indica\u00e7\u00e3o", "autoria": "Fio Bertotti", "texto_original": "http://sapl.ivaipora.pr.leg.br/media/sapl/public/materialegislativa/2021/9700/565.pdf", "ementa": "EMERSON DA SILVA BERTOTTI, vereador infra-assinado, em pleno exerc\u00edcio de seu mandato parlamentar, vem mui respeitosamente atrav\u00e9s dessa Presid\u00eancia, INDICAR ao Senhor Prefeito Municipal, que por meio do Departamento Competente, providencie a continua\u00e7\u00e3o de m\u00e3o \u00fanica na rua Rio Grande do Sul, principalmente pr\u00f3ximo ao deposito do Supermercado Paran\u00e1, pois a um grande fluxo de caminh\u00f5es que encostam para carga e descarga de mercadorias, deixando o tr\u00e2nsito complicado."}, {"id": "9701", "ano": "2021", "numero": "566", "tipo__sigla": "IND", "tipo__descricao": "Indica\u00e7\u00e3o", "autoria": "Fio Bertotti", "texto_original": "http://sapl.ivaipora.pr.leg.br/media/sapl/public/materialegislativa/2021/9701/566.pdf", "ementa": "EMERSON DA SILVA BERTOTTI, vereador infra-assinado, em pleno exerc\u00edcio de seu mandato parlamentar, vem mui respeitosamente atrav\u00e9s dessa Presid\u00eancia, INDICAR ao Senhor Prefeito Municipal, que por meio do Departamento competente, providencie melhorias na galeria pluvial da rua Ucr\u00e2nia na altura do n\u00famero 155, atr\u00e1s do posto Catua\u00ed, por ser uma rua plana est\u00e1 alagando, em dias de chuva e at\u00e9 mesmo quando lavam as cal\u00e7adas, trazendo transtorno aos moradores."}, {"id": "9702", "ano": "2021", "numero": "567", "tipo__sigla": "IND", "tipo__descricao": "Indica\u00e7\u00e3o", "autoria": "Carniato", "texto_original": "http://sapl.ivaipora.pr.leg.br/media/sapl/public/materialegislativa/2021/9702/567.pdf", "ementa": "JOS\u00c9 MAURINO CARNIATO, vereador infra-assinado, em pleno exerc\u00edcio de seu mandato parlamentar, vem mui respeitosamente atrav\u00e9s dessa Presid\u00eancia, INDICAR ao Senhor Prefeito Municipal, que analise a possibilidade de adequa\u00e7\u00e3o da Rua Po\u00e7os de Caldas, que liga a Rua Joaquim Bonif\u00e1cio (antiga Rua Bandeirantes) \u00e0 Rua Plac\u00eddio Miranda, a constru\u00e7\u00e3o de galeria e cal\u00e7amento poli\u00e9drico."}, {"id": "9703", "ano": "2021", "numero": "568", "tipo__sigla": "IND", "tipo__descricao": "Indica\u00e7\u00e3o", "autoria": "Josane Disner", "texto_original": "http://sapl.ivaipora.pr.leg.br/media/sapl/public/materialegislativa/2021/9703/568.pdf", "ementa": "JOSANE GORETE DISNER TEIXEIRA, vereadora infra-assinado, em pleno exerc\u00edcio de seu mandato parlamentar, vem mui respeitosamente atrav\u00e9s dessa Presid\u00eancia, INDICAR ao Senhor Prefeito Municipal, que por meio do Departamento competente, providencie a contrata\u00e7\u00e3o de um gari para o bairro Jardim Por\u00e3, em vista que as ruas se encontram com muita sujeira"}, {"id": "9704", "ano": "2021", "numero": "569", "tipo__sigla": "IND", "tipo__descricao": "Indica\u00e7\u00e3o", "autoria": "Josane Disner", "texto_original": "http://sapl.ivaipora.pr.leg.br/media/sapl/public/materialegislativa/2021/9704/569.pdf", "ementa": "JOSANE GORETE DISNER TEIXEIRA, vereadora infra-assinado, em pleno exerc\u00edcio de seu mandato parlamentar, vem mui respeitosamente atrav\u00e9s dessa Presid\u00eancia, INDICAR ao Senhor Prefeito Municipal, que por meio do Departamento competente, providencie a contrata\u00e7\u00e3o de auxiliares para ajudar os motoristas dos \u00f4nibus escolares do transporte das crian\u00e7as da APAE, com urg\u00eancia."}, {"id": "9705", "ano": "2021", "numero": "570", "tipo__sigla": "IND", "tipo__descricao": "Indica\u00e7\u00e3o", "autoria": "Fio Bertotti", "texto_original": "http://sapl.ivaipora.pr.leg.br/media/sapl/public/materialegislativa/2021/9705/670.pdf", "ementa": "EMERSON DA SILVA BERTOTTI, vereador infra-assinado, em pleno exerc\u00edcio de seu mandato parlamentar, vem mui respeitosamente atrav\u00e9s dessa Presid\u00eancia, INDICAR ao Senhor Prefeito Municipal, que por meio do Departamento Competente, providencie a pintura de faixas de estacionamento exclusivo para motocicletas na Avenida Paran\u00e1 em frente a ki-Barato confec\u00e7\u00f5es, \u00e1rea central da cidade e de grande movimento."}, {"id": "9706", "ano": "2021", "numero": "571", "tipo__sigla": "IND", "tipo__descricao": "Indica\u00e7\u00e3o", "autoria": "Fio Bertotti", "texto_original": "http://sapl.ivaipora.pr.leg.br/media/sapl/public/materialegislativa/2021/9706/571.pdf", "ementa": "EMERSON DA SILVA BERTOTTI, vereador infra-assinado, em pleno exerc\u00edcio de seu mandato parlamentar, vem mui respeitosamente atrav\u00e9s dessa Presid\u00eancia, INDICAR ao Senhor Prefeito Municipal, que por meio do Departamento Competente, providencie a coloca\u00e7\u00e3o de m\u00e3o \u00fanica na Rua Arnoldo Schmidt (antiga rua Arapongas) cruzamento com Avenida Souza Naves, pr\u00f3ximo aos Correios, por ser uma rua muito \u00edngreme dificulta a vis\u00e3o, e assim podendo evitar acidentes."}, {"id": "9707", "ano": "2021", "numero": "572", "tipo__sigla": "IND", "tipo__descricao": "Indica\u00e7\u00e3o", "autoria": "Fio Bertotti", "texto_original": "http://sapl.ivaipora.pr.leg.br/media/sapl/public/materialegislativa/2021/9707/572.pdf", "ementa": "EMERSON DA SILVA BERTOTTI, vereador infra-assinado, em pleno exerc\u00edcio de seu mandato parlamentar, vem mui respeitosamente atrav\u00e9s dessa Presid\u00eancia, INDICAR ao Senhor Prefeito Municipal, que por meio do Departamento competente, analise a possibilidade de constru\u00e7\u00e3o onde n\u00e3o houver a acessibilidade para cadeirantes e outros portadores com defici\u00eancia nos CMEIS de nossa cidade, dando a eles mais conforto e at\u00e9 mesmo facilitando o trabalho dos colaboradores."}, {"id": "9708", "ano": "2021", "numero": "573", "tipo__sigla": "IND", "tipo__descricao": "Indica\u00e7\u00e3o", "autoria": "Fio Bertotti", "texto_original": "http://sapl.ivaipora.pr.leg.br/media/sapl/public/materialegislativa/2021/9708/573.pdf", "ementa": "EMERSON DA SILVA BERTOTTI, vereador infra-assinado, em pleno exerc\u00edcio de seu mandato parlamentar, vem mui respeitosamente atrav\u00e9s dessa Presid\u00eancia, INDICAR ao Senhor Prefeito Municipal, que por meio do Departamento competente, providencie a manuten\u00e7\u00e3o e corre\u00e7\u00e3o da massa asf\u00e1ltica na rua Agostinho Cremasco no Jardim Versalhes, atendendo um pedido antigo dos moradores por melhorias."}, {"id": "9709", "ano": "2021", "numero": "574", "tipo__sigla": "IND", "tipo__descricao": "Indica\u00e7\u00e3o", "autoria": "Jaffer Ferreira", "texto_original": "http://sapl.ivaipora.pr.leg.br/media/sapl/public/materialegislativa/2021/9709/574.pdf", "ementa": "JAFFER G. S. FERREIRA, vereador infra-assinado, em pleno exerc\u00edcio de seu mandato parlamentar, vem mui respeitosamente atrav\u00e9s dessa Presid\u00eancia, INDICAR ao Senhor Prefeito Municipal, que por meio do Departamento competente, providencie recape asf\u00e1ltico na Avenida Castelo Branco no trecho da rotat\u00f3ria em frente a Aggimoto na Pra\u00e7a do Jap\u00e3o."}, {"id": "9710", "ano": "2021", "numero": "575", "tipo__sigla": "IND", "tipo__descricao": "Indica\u00e7\u00e3o", "autoria": "Jaffer Ferreira", "texto_original": "http://sapl.ivaipora.pr.leg.br/media/sapl/public/materialegislativa/2021/9710/575.pdf", "ementa": "JAFFER G. S. FERREIRA, vereador infra-assinado, em pleno exerc\u00edcio de seu mandato parlamentar, vem mui respeitosamente atrav\u00e9s dessa Presid\u00eancia, INDICAR ao Senhor Prefeito Municipal, que por meio do Departamento competente, criar um programa de compras P\u00fablicas para incentivar e capacitar nossos empres\u00e1rios e comerciantes a participar de compras governamentais em nosso munic\u00edpio de Ivaipor\u00e3."}, {"id": "9711", "ano": "2021", "numero": "576", "tipo__sigla": "IND", "tipo__descricao": "Indica\u00e7\u00e3o", "autoria": "Jaffer Ferreira", "texto_original": "http://sapl.ivaipora.pr.leg.br/media/sapl/public/materialegislativa/2021/9711/576.pdf", "ementa": "JAFFER G. S. FERREIRA, vereador infra-assinado, em pleno exerc\u00edcio de seu mandato parlamentar, vem mui respeitosamente atrav\u00e9s dessa Presid\u00eancia, INDICAR ao Senhor Prefeito Municipal, que por meio do Departamento competente, providencie a sinaliza\u00e7\u00e3o adequada melhorando os espa\u00e7os, para que sobre mais vagas para os ve\u00edculos na rua Londrina em frente ao restaurante Bom Sabor, pois ali est\u00e1 pintada uma faixa muito grande onde o \u00f4nibus estaciona. Fotos em anexo."}, {"id": "9712", "ano": "2021", "numero": "577", "tipo__sigla": "IND", "tipo__descricao": "Indica\u00e7\u00e3o", "autoria": "Jaffer Ferreira", "texto_original": "http://sapl.ivaipora.pr.leg.br/media/sapl/public/materialegislativa/2021/9712/577.pdf", "ementa": "JAFFER G. S. FERREIRA, vereador infra-assinado, em pleno exerc\u00edcio de seu mandato parlamentar, vem mui respeitosamente atrav\u00e9s dessa Presid\u00eancia, INDICAR ao Senhor Prefeito Municipal, que por meio do Departamento competente, providencie pintura na lombada e fazer faixas na rua Corn\u00e9lio Proc\u00f3pio com o cruzamento da rua Professora Diva neste local est\u00e1 acontecendo v\u00e1rios acidentes. Fotos em anexo."}, {"id": "9713", "ano": "2021", "numero": "578", "tipo__sigla": "IND", "tipo__descricao": "Indica\u00e7\u00e3o", "autoria": "Gertrudes", "texto_original": "http://sapl.ivaipora.pr.leg.br/media/sapl/public/materialegislativa/2021/9713/578.pdf", "ementa": "GERTRUDES BERNARDY, Presidente do Legislativo e vereadora infra-assinado, em pleno exerc\u00edcio de seu mandato parlamentar, vem mui respeitosamente atrav\u00e9s dessa Presid\u00eancia, INDICAR ao Senhor Prefeito Municipal Luiz Carlos Gil, que por meio do Departamento Competente, analise e providencie a limpeza do Playground que se localiza na frente do Col\u00e9gio Objetivo."}, {"id": "9714", "ano": "2021", "numero": "579", "tipo__sigla": "IND", "tipo__descricao": "Indica\u00e7\u00e3o", "autoria": "Gertrudes", "texto_original": "http://sapl.ivaipora.pr.leg.br/media/sapl/public/materialegislativa/2021/9714/579.pdf", "ementa": "GERTRUDES BERNARDY, Presidente do Legislativo e vereadora infra-assinado, em pleno exerc\u00edcio de seu mandato parlamentar, vem mui respeitosamente atrav\u00e9s dessa Presid\u00eancia, INDICAR ao Senhor Prefeito Municipal Luiz Carlos Gil, que por meio do Departamento Competente, analise e providencie a limpeza dos brinquedos do lago de Furnas, a coloca\u00e7\u00e3o de areia pois \u00e9 \u00f3tima para o desenvolvimento criativo e motor das crian\u00e7as, j\u00e1 que permite desde a constru\u00e7\u00e3o de castelos at\u00e9 mesmo soltar a imagina\u00e7\u00e3o, criando desenhos no ch\u00e3o e entre outros, tamb\u00e9m o concerto da cerca de seguran\u00e7a pois est\u00e1 oferecendo perigo as crian\u00e7as. Fotos em anexo."}, {"id": "9715", "ano": "2021", "numero": "580", "tipo__sigla": "IND", "tipo__descricao": "Indica\u00e7\u00e3o", "autoria": "Gertrudes", "texto_original": "http://sapl.ivaipora.pr.leg.br/media/sapl/public/materialegislativa/2021/9715/580.pdf", "ementa": "GERTRUDES BERNARDY, Presidente do Legislativo e vereadora infra-assinado, em pleno exerc\u00edcio de seu mandato parlamentar, vem mui respeitosamente atrav\u00e9s dessa Presid\u00eancia, INDICAR ao Senhor Prefeito Municipal Luiz Carlos Gil, que por meio do Departamento Competente, analise e providencie uma cobertura na frente da UBS da Vila Jo\u00e3o XXIII e constru\u00e7\u00e3o de mais duas salas para atender a popula\u00e7\u00e3o daquela localidade."}, {"id": "9716", "ano": "2021", "numero": "581", "tipo__sigla": "IND", "tipo__descricao": "Indica\u00e7\u00e3o", "autoria": "Carniato", "texto_original": "http://sapl.ivaipora.pr.leg.br/media/sapl/public/materialegislativa/2021/9716/581.pdf", "ementa": "JOS\u00c9 MAURINO CARNIATO, vereador infra-assinado, em pleno exerc\u00edcio de seu mandato parlamentar, vem mui respeitosamente atrav\u00e9s dessa Presid\u00eancia, INDICAR ao Senhor Prefeito Municipal, que providencie a constru\u00e7\u00e3o de lombada elevada na Rua Alfenas, nas proximidades do n\u00ba 14, no Jardim Belo Horizonte, visto que nesse local os motoristas trafegam em velocidade elevada."}, {"id": "9717", "ano": "2021", "numero": "582", "tipo__sigla": "IND", "tipo__descricao": "Indica\u00e7\u00e3o", "autoria": "Carniato", "texto_original": "http://sapl.ivaipora.pr.leg.br/media/sapl/public/materialegislativa/2021/9717/582.pdf", "ementa": "JOS\u00c9 MAURINO CARNIATO, vereador infra-assinado, em pleno exerc\u00edcio de seu mandato parlamentar, vem mui respeitosamente atrav\u00e9s dessa Presid\u00eancia, INDICAR ao Senhor Prefeito Municipal, que Providencie a constru\u00e7\u00e3o de lombada elevada nos dois sentidos da Av. Maranh\u00e3o, nas proximidades do n\u00ba 2.995. Nesse local os motoristas est\u00e3o desenvolvendo velocidade incompat\u00edvel com a via."}, {"id": "9718", "ano": "2021", "numero": "583", "tipo__sigla": "IND", "tipo__descricao": "Indica\u00e7\u00e3o", "autoria": "Jaffer Ferreira", "texto_original": "http://sapl.ivaipora.pr.leg.br/media/sapl/public/materialegislativa/2021/9718/583.pdf", "ementa": "JAFFER G. S. FERREIRA, vereador infra-assinado, em pleno exerc\u00edcio de seu mandato parlamentar, vem mui respeitosamente atrav\u00e9s dessa Presid\u00eancia, INDICAR ao Senhor Prefeito Municipal, que por meio do Departamento competente, providencie um redutor de velocidade na rua Pedro Vanzela Filho no Jardim Itapu\u00e3."}, {"id": "9719", "ano": "2021", "numero": "584", "tipo__sigla": "IND", "tipo__descricao": "Indica\u00e7\u00e3o", "autoria": "Jaffer Ferreira", "texto_original": "http://sapl.ivaipora.pr.leg.br/media/sapl/public/materialegislativa/2021/9719/584.pdf", "ementa": "JAFFER G. S. FERREIRA, vereador infra-assinado, em pleno exerc\u00edcio de seu mandato parlamentar, vem mui respeitosamente atrav\u00e9s dessa Presid\u00eancia, INDICAR ao Senhor Prefeito Municipal, que por meio do Departamento competente, providencie um caminh\u00e3o de areia no parquinho que est\u00e1 localizado na Rua Ucr\u00e2nia no Jardim Europa (Xurupita)."}, {"id": "9720", "ano": "2021", "numero": "585", "tipo__sigla": "IND", "tipo__descricao": "Indica\u00e7\u00e3o", "autoria": "Jaffer Ferreira", "texto_original": "http://sapl.ivaipora.pr.leg.br/media/sapl/public/materialegislativa/2021/9720/585.pdf", "ementa": "JAFFER G. S. FERREIRA, vereador infra-assinado, em pleno exerc\u00edcio de seu mandato parlamentar, vem mui respeitosamente atrav\u00e9s dessa Presid\u00eancia, INDICAR ao Senhor Prefeito Municipal, que por meio do Departamento competente, providencie um estudo para implanta\u00e7\u00e3o de redutores de velocidade na estrada do Ouro Verde, a pedido dos moradores rurais pois os motoristas n\u00e3o respeitam a velocidade."}, {"id": "9721", "ano": "2021", "numero": "586", "tipo__sigla": "IND", "tipo__descricao": "Indica\u00e7\u00e3o", "autoria": "Josane Disner", "texto_original": "http://sapl.ivaipora.pr.leg.br/media/sapl/public/materialegislativa/2021/9721/586.pdf", "ementa": "JOSANE GORETE DISNER TEIXEIRA, vereadora infra-assinado, em pleno exerc\u00edcio de seu mandato parlamentar, vem mui respeitosamente atrav\u00e9s dessa Presid\u00eancia, INDICAR ao Senhor Prefeito Municipal, que por meio do Departamento competente, providencie instala\u00e7\u00e3o de lombadas (quebra-molas) na Rua Suburbana, em frente ao abrigo Toca de Assis."}, {"id": "9722", "ano": "2021", "numero": "587", "tipo__sigla": "IND", "tipo__descricao": "Indica\u00e7\u00e3o", "autoria": "Josane Disner", "texto_original": "http://sapl.ivaipora.pr.leg.br/media/sapl/public/materialegislativa/2021/9722/587.pdf", "ementa": "JOSANE GORETE DISNER TEIXEIRA, vereadora infra-assinado, em pleno exerc\u00edcio de seu mandato parlamentar, vem mui respeitosamente atrav\u00e9s dessa Presid\u00eancia, INDICAR ao Senhor Prefeito Municipal, que por meio do Departamento competente, providencie o estudo para a elabora\u00e7\u00e3o de Carteirinhas para idosos, no sentido de que os mesmos possam ter em qualquer \u00e1rea um tratamento diferenciado."}, {"id": "9723", "ano": "2021", "numero": "588", "tipo__sigla": "IND", "tipo__descricao": "Indica\u00e7\u00e3o", "autoria": "Josane Disner", "texto_original": "http://sapl.ivaipora.pr.leg.br/media/sapl/public/materialegislativa/2021/9723/588.pdf", "ementa": "JOSANE GORETE DISNER TEIXEIRA, vereadora infra-assinado, em pleno exerc\u00edcio de seu mandato parlamentar, vem mui respeitosamente atrav\u00e9s dessa Presid\u00eancia, INDICAR ao Senhor Prefeito Municipal, que por meio do Departamento competente, providencie instala\u00e7\u00e3o de lombada (quebra-molas) na Rua Mangueira pr\u00f3ximo a Belo Pomar (n\u00famero 164), Vila Nova Por\u00e3."}, {"id": "9724", "ano": "2021", "numero": "589", "tipo__sigla": "IND", "tipo__descricao": "Indica\u00e7\u00e3o", "autoria": "Josane Disner", "texto_original": "http://sapl.ivaipora.pr.leg.br/media/sapl/public/materialegislativa/2021/9724/589.pdf", "ementa": "JOSANE GORETE DISNER TEIXEIRA, vereadora infra-assinado, em pleno exerc\u00edcio de seu mandato parlamentar, vem mui respeitosamente atrav\u00e9s dessa Presid\u00eancia, INDICAR ao Senhor Prefeito Municipal, que por meio do Departamento competente, providencie a pavimenta\u00e7\u00e3o poli\u00e9drica (pedras irregulares) na Rua Mambor\u00ea no Jardim Paran\u00e1."}, {"id": "9725", "ano": "2021", "numero": "590", "tipo__sigla": "IND", "tipo__descricao": "Indica\u00e7\u00e3o", "autoria": "Z\u00e9 Maria", "texto_original": "http://sapl.ivaipora.pr.leg.br/media/sapl/public/materialegislativa/2021/9725/590.pdf", "ementa": "JOS\u00c9 MARIA CARNEIRO, vereador infra-assinado, em pleno exerc\u00edcio de seu mandato parlamentar, vem mui respeitosamente atrav\u00e9s dessa Presid\u00eancia, INDICAR ao Senhor Prefeito Municipal, que por meio do Departamento competente providencie, uma faixa de pedestre na Rua Marginal pr\u00f3ximo a Auto Funilaria Krassouski."}, {"id": "9726", "ano": "2021", "numero": "591", "tipo__sigla": "IND", "tipo__descricao": "Indica\u00e7\u00e3o", "autoria": "Z\u00e9 Maria", "texto_original": "http://sapl.ivaipora.pr.leg.br/media/sapl/public/materialegislativa/2021/9726/591.pdf", "ementa": "JOS\u00c9 MARIA CARNEIRO, vereador infra-assinado, em pleno exerc\u00edcio de seu mandato parlamentar, vem mui respeitosamente atrav\u00e9s dessa Presid\u00eancia, INDICAR ao Senhor Prefeito Municipal, que por meio do Departamento competente providencie uma faixa de pedestre na Rua Geraldo Almeida na proximidade da Rodovia Ladislau Gil Fernandez."}, {"id": "9727", "ano": "2021", "numero": "592", "tipo__sigla": "IND", "tipo__descricao": "Indica\u00e7\u00e3o", "autoria": "Fio Bertotti", "texto_original": "http://sapl.ivaipora.pr.leg.br/media/sapl/public/materialegislativa/2021/9727/592.pdf", "ementa": "EMERSON DA SILVA BERTOTTI, vereador infra-assinado, em pleno exerc\u00edcio de seu mandato parlamentar, vem mui respeitosamente atrav\u00e9s dessa Presid\u00eancia, INDICAR ao Senhor Prefeito Municipal, que por meio do Departamento Competente, providencie a limpeza e manuten\u00e7\u00e3o da ciclo-faixa da estrada do Ouro Verde, tem locais com bastante terra e folhas e at\u00e9 cacos de vidro dificultando o pedal dos ciclistas."}, {"id": "9728", "ano": "2021", "numero": "593", "tipo__sigla": "IND", "tipo__descricao": "Indica\u00e7\u00e3o", "autoria": "Carniato, Vila Real", "texto_original": "http://sapl.ivaipora.pr.leg.br/media/sapl/public/materialegislativa/2021/9728/593.pdf", "ementa": "JOS\u00c9 MAURINO CARNIATO e ANTONIO VILA REAL, vereadores infra-assinado, em pleno exerc\u00edcio de seu mandato parlamentar, vem mui respeitosamente atrav\u00e9s dessa Presid\u00eancia, INDICAR ao Senhor Prefeito Municipal, que providencie a instala\u00e7\u00e3o de local adequado para queima de vela no p\u00e9 do cruzeiro do Cemit\u00e9rio do Distrito de Jacutinga."}, {"id": "9729", "ano": "2021", "numero": "594", "tipo__sigla": "IND", "tipo__descricao": "Indica\u00e7\u00e3o", "autoria": "Carniato, Vila Real", "texto_original": "http://sapl.ivaipora.pr.leg.br/media/sapl/public/materialegislativa/2021/9729/594.pdf", "ementa": "JOS\u00c9 MAURINO CARNIATO e ANTONIO VILA REAL, vereadores infra-assinado, em pleno exerc\u00edcio de seu mandato parlamentar, vem mui respeitosamente atrav\u00e9s dessa Presid\u00eancia, INDICAR ao Senhor Prefeito Municipal, que providencie a instala\u00e7\u00e3o de um padr\u00e3o de luz e coloca\u00e7\u00e3o de lumin\u00e1rias nas depend\u00eancias do Cemit\u00e9rio do Distrito de Jacutinga."}, {"id": "9730", "ano": "2021", "numero": "595", "tipo__sigla": "IND", "tipo__descricao": "Indica\u00e7\u00e3o", "autoria": "Carniato, Vila Real", "texto_original": "http://sapl.ivaipora.pr.leg.br/media/", "ementa": "JOS\u00c9 MAURINO CARNIATO e ANTONIO VILA REAL, vereadores infra-assinado, em pleno exerc\u00edcio de seu mandato parlamentar, vem mui respeitosamente atrav\u00e9s dessa Presid\u00eancia, INDICAR ao Senhor Prefeito Municipal, que providencie a instala\u00e7\u00e3o de 02 (dois) ventiladores no interior e uma lumin\u00e1ria na frente da Capela Mortu\u00e1ria do Distrito de Jacutinga."}, {"id": "9731", "ano": "2021", "numero": "596", "tipo__sigla": "IND", "tipo__descricao": "Indica\u00e7\u00e3o", "autoria": "Carniato, Vila Real", "texto_original": "http://sapl.ivaipora.pr.leg.br/media/sapl/public/materialegislativa/2021/9731/596.pdf", "ementa": "JOS\u00c9 MAURINO CARNIATO e ANTONIO VILA REAL, vereadores infra-assinado, em pleno exerc\u00edcio de seu mandato parlamentar, vem mui respeitosamente atrav\u00e9s dessa Presid\u00eancia, INDICAR ao Senhor Prefeito Municipal, que providencie a instala\u00e7\u00e3o de redutores de velocidades (quebra-molas) na Rua Rol\u00e2ndia e na Rua Progresso \u2013 Jardim Brasil - Distrito de Jacutinga."}, {"id": "9732", "ano": "2021", "numero": "597", "tipo__sigla": "IND", "tipo__descricao": "Indica\u00e7\u00e3o", "autoria": "Fio Bertotti", "texto_original": "http://sapl.ivaipora.pr.leg.br/media/sapl/public/materialegislativa/2021/9732/597.pdf", "ementa": "EMERSON DA SILVA BERTOTTI, vereador infra-assinado, em pleno exerc\u00edcio de seu mandato parlamentar, vem mui respeitosamente atrav\u00e9s dessa Presid\u00eancia, INDICAR ao Senhor Prefeito Municipal, que por meio do Departamento Competente, providencie a manuten\u00e7\u00e3o e recape asf\u00e1ltico na rua Andir\u00e1 fundos do col\u00e9gio Bento Mussurunga, rua com muitos buracos dificultando o tr\u00e1fego."}, {"id": "9733", "ano": "2021", "numero": "598", "tipo__sigla": "IND", "tipo__descricao": "Indica\u00e7\u00e3o", "autoria": "Gertrudes", "texto_original": "http://sapl.ivaipora.pr.leg.br/media/sapl/public/materialegislativa/2021/9733/598.pdf", "ementa": "GERTRUDES BERNARDY, Presidente do Legislativo e vereadora infra-assinado, em pleno exerc\u00edcio de seu mandato parlamentar, vem mui respeitosamente atrav\u00e9s dessa Presid\u00eancia, INDICAR ao Senhor Prefeito Municipal Luiz Carlos Gil, que por meio do Departamento Competente, analise e providencie a coloca\u00e7\u00e3o de placas de sinaliza\u00e7\u00e3o de animais silvestres na estrada do Ouro Verde."}, {"id": "9734", "ano": "2021", "numero": "599", "tipo__sigla": "IND", "tipo__descricao": "Indica\u00e7\u00e3o", "autoria": "Gertrudes", "texto_original": "http://sapl.ivaipora.pr.leg.br/media/sapl/public/materialegislativa/2021/9734/599.pdf", "ementa": "GERTRUDES BERNARDY, Presidente do Legislativo e vereadora infra-assinado, em pleno exerc\u00edcio de seu mandato parlamentar, vem mui respeitosamente atrav\u00e9s dessa Presid\u00eancia, INDICAR ao Senhor Prefeito Municipal Luiz Carlos Gil, que por meio do Departamento Competente, analise e providencie o paisagismo e pintura da parte externa da Rodovi\u00e1ria."}, {"id": "9735", "ano": "2021", "numero": "600", "tipo__sigla": "IND", "tipo__descricao": "Indica\u00e7\u00e3o", "autoria": "Gertrudes", "texto_original": "http://sapl.ivaipora.pr.leg.br/media/sapl/public/materialegislativa/2021/9735/600.pdf", "ementa": "GERTRUDES BERNARDY, Presidente do Legislativo e vereadora infra-assinado, em pleno exerc\u00edcio de seu mandato parlamentar, vem mui respeitosamente atrav\u00e9s dessa Presid\u00eancia, INDICAR ao Senhor Prefeito Municipal Luiz Carlos Gil, que por meio do Departamento Competente, analise e providencie ciclovia ou ciclofaixa e ilumina\u00e7\u00e3o na Avenida Brasil at\u00e9 a Avenida Souza Naves aos fundos do Hospital Maternidade."}, {"id": "9736", "ano": "2021", "numero": "601", "tipo__sigla": "IND", "tipo__descricao": "Indica\u00e7\u00e3o", "autoria": "Z\u00e9 Maria", "texto_original": "http://sapl.ivaipora.pr.leg.br/media/sapl/public/materialegislativa/2021/9736/601.pdf", "ementa": "JOSE MARIA CARNEIRO, vereador infra-assinado, em pleno exerc\u00edcio de seu mandato parlamentar, vem mui respeitosamente atrav\u00e9s dessa Presid\u00eancia, INDICAR ao Senhor Prefeito Municipal, que por meio do Departamento competente para que seja implantado um retorno na rodovia Ladislau Gil Fernandes defronte a oficina Krassouski, sentido trevo principal. Anexo abaixo-assinado."}, {"id": "9737", "ano": "2021", "numero": "602", "tipo__sigla": "IND", "tipo__descricao": "Indica\u00e7\u00e3o", "autoria": "Sab\u00e3o - Edivaldo Montanheri", "texto_original": "http://sapl.ivaipora.pr.leg.br/media/sapl/public/materialegislativa/2021/9737/602.pdf", "ementa": "EDIVALDO APARECIDO MONTANHERI, vereador infra-assinado, em pleno exerc\u00edcio de seu mandato parlamentar, vem mui respeitosamente atrav\u00e9s dessa Presid\u00eancia, INDICAR ao Senhor Prefeito Municipal, que por meio do Departamento competente para que providencie o plantio de \u00e1rvores pr\u00f3ximo ao port\u00e3o principal do Cemit\u00e9rio."}, {"id": "9738", "ano": "2021", "numero": "603", "tipo__sigla": "IND", "tipo__descricao": "Indica\u00e7\u00e3o", "autoria": "Sab\u00e3o - Edivaldo Montanheri", "texto_original": "http://sapl.ivaipora.pr.leg.br/media/sapl/public/materialegislativa/2021/9738/603.pdf", "ementa": "EDIVALDO APARECIDO MONTANHERI, vereador infra-assinado, em pleno exerc\u00edcio de seu mandato parlamentar, vem mui respeitosamente atrav\u00e9s dessa Presid\u00eancia, INDICAR ao Senhor Prefeito Municipal, que por meio do Departamento competente providencie uma camada asf\u00e1ltica na estrada pr\u00f3ximo o Latic\u00ednio Kollac na Rua Ivaipor\u00e3 localizado no distrito do Jacutinga. Pois ali se encontrasse com muitos buracos."}, {"id": "9739", "ano": "2021", "numero": "604", "tipo__sigla": "IND", "tipo__descricao": "Indica\u00e7\u00e3o", "autoria": "Gertrudes", "texto_original": "http://sapl.ivaipora.pr.leg.br/media/sapl/public/materialegislativa/2021/9739/604.pdf", "ementa": "GERTRUDES BERNARDY, Presidente do Legislativo e vereadora infra-assinado, em pleno exerc\u00edcio de seu mandato parlamentar, vem mui respeitosamente atrav\u00e9s dessa Presid\u00eancia, INDICAR ao Senhor Prefeito Municipal Luiz Carlos Gil, que por meio do Departamento Competente, analise e providencie a pintura na parte externa do Gin\u00e1sio de Esportes Alceb\u00edades Alves."}, {"id": "9740", "ano": "2021", "numero": "605", "tipo__sigla": "IND", "tipo__descricao": "Indica\u00e7\u00e3o", "autoria": "Gertrudes", "texto_original": "http://sapl.ivaipora.pr.leg.br/media/sapl/public/materialegislativa/2021/9740/605.pdf", "ementa": "GERTRUDES BERNARDY, Presidente do Legislativo e vereadora infra-assinado, em pleno exerc\u00edcio de seu mandato parlamentar, vem mui respeitosamente atrav\u00e9s dessa Presid\u00eancia, INDICAR ao Senhor Prefeito Municipal Luiz Carlos Gil, que por meio do Departamento Competente, analise e providencie a constru\u00e7\u00e3o de uma pista de caminhada dando in\u00edcio no Jacutinga sentido a Severiano em uma extens\u00e3o aproximadamente de 1000 metros."}, {"id": "9741", "ano": "2021", "numero": "606", "tipo__sigla": "IND", "tipo__descricao": "Indica\u00e7\u00e3o", "autoria": "Gertrudes", "texto_original": "http://sapl.ivaipora.pr.leg.br/media/sapl/public/materialegislativa/2021/9741/606.pdf", "ementa": "GERTRUDES BERNARDY, Presidente do Legislativo e vereadora infra-assinado, em pleno exerc\u00edcio de seu mandato parlamentar, vem mui respeitosamente atrav\u00e9s dessa Presid\u00eancia, INDICAR ao Senhor Prefeito Municipal Luiz Carlos Gil, que por meio do Departamento Competente, analise e providencie a constru\u00e7\u00e3o de uma pista de caminhada dando in\u00edcio no Jacutinga sentido a Severiano em uma extens\u00e3o aproximadamente de 1000 metros."}, {"id": "9744", "ano": "2021", "numero": "607", "tipo__sigla": "IND", "tipo__descricao": "Indica\u00e7\u00e3o", "autoria": "Gertrudes", "texto_original": "http://sapl.ivaipora.pr.leg.br/media/sapl/public/materialegislativa/2021/9744/607.pdf", "ementa": "GERTRUDES BERNARDY, Presidente do Legislativo e vereadora infra-assinado, em pleno exerc\u00edcio de seu mandato parlamentar, vem mui respeitosamente atrav\u00e9s dessa Presid\u00eancia, INDICAR ao Senhor Prefeito Municipal Luiz Carlos Gil, que por meio do Departamento Competente, analise e providencie a revitaliza\u00e7\u00e3o da Pra\u00e7a Tenente Ayres que se localiza na Avenida Castelo Branco, playground, bancos e uma melhor ilumina\u00e7\u00e3o na pra\u00e7a."}, {"id": "9745", "ano": "2021", "numero": "608", "tipo__sigla": "IND", "tipo__descricao": "Indica\u00e7\u00e3o", "autoria": "Gertrudes", "texto_original": "http://sapl.ivaipora.pr.leg.br/media/", "ementa": "GERTRUDES BERNARDY, Presidente do Legislativo e vereadora infra-assinado, em pleno exerc\u00edcio de seu mandato parlamentar, vem mui respeitosamente atrav\u00e9s dessa Presid\u00eancia, INDICAR ao Senhor Prefeito Municipal Luiz Carlos Gil, que por meio do Departamento Competente, analise e providencie playgrounds nos Jardim Casa Grande 1, 2, 3 e 4, uma antiga indica\u00e7\u00e3o da popula\u00e7\u00e3o que l\u00e1 reside."}, {"id": "9746", "ano": "2021", "numero": "609", "tipo__sigla": "IND", "tipo__descricao": "Indica\u00e7\u00e3o", "autoria": "Josane Disner", "texto_original": "http://sapl.ivaipora.pr.leg.br/media/sapl/public/materialegislativa/2021/9746/609.pdf", "ementa": "JOSANE GORETE DISNER TEIXEIRA, vereadora infra-assinado, em pleno exerc\u00edcio de seu mandato parlamentar, vem mui respeitosamente atrav\u00e9s dessa Presid\u00eancia, INDICAR ao Senhor Prefeito Municipal, que por meio do Departamento competente, providencie o recape asf\u00e1ltico na Rua Suburbana (Rua da Toca de Assis)."}, {"id": "9747", "ano": "2021", "numero": "610", "tipo__sigla": "IND", "tipo__descricao": "Indica\u00e7\u00e3o", "autoria": "Fio Bertotti", "texto_original": "http://sapl.ivaipora.pr.leg.br/media/sapl/public/materialegislativa/2021/9747/610.pdf", "ementa": "EMERSON DA SILVA BERTOTTI, vereador infra-assinado, em pleno exerc\u00edcio de seu mandato parlamentar, vem mui respeitosamente atrav\u00e9s dessa Presid\u00eancia, INDICAR ao Senhor Prefeito Municipal, que por meio do Departamento Competente, providencie a coloca\u00e7\u00e3o de uma placa indicando rua sem sa\u00edda na rua Ata\u00edde pr\u00f3ximo ao campo no conjunto Mour\u00e3o Filho nas populares."}, {"id": "9748", "ano": "2021", "numero": "611", "tipo__sigla": "IND", "tipo__descricao": "Indica\u00e7\u00e3o", "autoria": "Fio Bertotti", "texto_original": "http://sapl.ivaipora.pr.leg.br/media/sapl/public/materialegislativa/2021/9748/611.pdf", "ementa": "EMERSON DA SILVA BERTOTTI, vereador infra-assinado, em pleno exerc\u00edcio de seu mandato parlamentar, vem mui respeitosamente atrav\u00e9s dessa Presid\u00eancia, INDICAR ao Senhor Prefeito Municipal, que por meio do Departamento competente, providencie a limpeza e manuten\u00e7\u00e3o do bueiro na Avenida Tancredo Neves esquina com a rua Paranava\u00ed, est\u00e1 muito sujo devido ao trabalho de implanta\u00e7\u00e3o de rede de esgoto no local."}, {"id": "9754", "ano": "2021", "numero": "612", "tipo__sigla": "IND", "tipo__descricao": "Indica\u00e7\u00e3o", "autoria": "Carniato", "texto_original": "http://sapl.ivaipora.pr.leg.br/media/sapl/public/materialegislativa/2021/9754/612.pdf", "ementa": "JOS\u00c9 MAURINO CARNIATO, vereador infra-assinado, em pleno exerc\u00edcio de seu mandato parlamentar, vem mui respeitosamente atrav\u00e9s dessa Presid\u00eancia, INDICAR ao Senhor Prefeito Municipal, que providencie a constru\u00e7\u00e3o de uma pista de ciclismo as margens da Rodovia Nicolau Koltun no trecho que liga o Distrito de Jacutinga a Ponte do Rio Pindauva"}, {"id": "9756", "ano": "2021", "numero": "613", "tipo__sigla": "IND", "tipo__descricao": "Indica\u00e7\u00e3o", "autoria": "Carniato", "texto_original": "http://sapl.ivaipora.pr.leg.br/media/sapl/public/materialegislativa/2021/9756/613.pdf", "ementa": "JOS\u00c9 MAURINO CARNIATO, vereador infra-assinado, em pleno exerc\u00edcio de seu mandato parlamentar, vem mui respeitosamente atrav\u00e9s dessa Presid\u00eancia, INDICAR ao Senhor Prefeito Municipal, que providencie a instala\u00e7\u00e3o de lombada elevada no prolongamento da Avenida Brasil esquina com Rua Jupi\u00e1, no Jardim Itaipu. Os motoristas est\u00e3o desenvolvendo velocidade incompat\u00edvel com a via, colocando em riscos pedestres e animais."}, {"id": "9759", "ano": "2021", "numero": "614", "tipo__sigla": "IND", "tipo__descricao": "Indica\u00e7\u00e3o", "autoria": "Carniato", "texto_original": "http://sapl.ivaipora.pr.leg.br/media/sapl/public/materialegislativa/2021/9759/614.pdf", "ementa": "JOS\u00c9 MAURINO CARNIATO, vereador infra-assinado, em pleno exerc\u00edcio de seu mandato parlamentar, vem mui respeitosamente atrav\u00e9s dessa Presid\u00eancia, INDICAR ao Senhor Prefeito Municipal, que providencie a instala\u00e7\u00e3o de lombada elevada na Rua Eleodoro \u00c9bano Pereira, no Jardim Casa Grande I. Os motoristas est\u00e3o desenvolvendo velocidade incompat\u00edvel com a via, colocando em riscos pedestres e animais."}, {"id": "9760", "ano": "2021", "numero": "615", "tipo__sigla": "IND", "tipo__descricao": "Indica\u00e7\u00e3o", "autoria": "Fio Bertotti", "texto_original": "http://sapl.ivaipora.pr.leg.br/media/sapl/public/materialegislativa/2021/9760/615.pdf", "ementa": "EMERSON DA SILVA BERTOTTI, vereador infra-assinado, em pleno exerc\u00edcio de seu mandato parlamentar, vem mui respeitosamente atrav\u00e9s dessa Presid\u00eancia, INDICAR ao Senhor Prefeito Municipal, que por meio do Departamento Competente, providencie a constru\u00e7\u00e3o de uma pra\u00e7a de lazer no espa\u00e7o vago do cruzamento das ruas Ministro Aramis Athaide com a travessa Nilson Ribas no Conjunto Mour\u00e3o Filho. Foto em anexo."}, {"id": "9762", "ano": "2021", "numero": "616", "tipo__sigla": "IND", "tipo__descricao": "Indica\u00e7\u00e3o", "autoria": "Z\u00e9 Maria", "texto_original": "http://sapl.ivaipora.pr.leg.br/media/sapl/public/materialegislativa/2021/9762/616.pdf", "ementa": "EMERSON DA SILVA BERTOTTI, vereador infra-assinado, em pleno exerc\u00edcio de seu mandato parlamentar, vem mui respeitosamente atrav\u00e9s dessa Presid\u00eancia, INDICAR ao Senhor Prefeito Municipal, que por meio do Departamento Competente, providencie a constru\u00e7\u00e3o de uma pra\u00e7a de lazer no espa\u00e7o vago do cruzamento das ruas Ministro Aramis Athaide com a travessa Nilson Ribas no Conjunto Mour\u00e3o Filho. Foto em anexo."}, {"id": "9777", "ano": "2021", "numero": "617", "tipo__sigla": "IND", "tipo__descricao": "Indica\u00e7\u00e3o", "autoria": "Josane Disner", "texto_original": "http://sapl.ivaipora.pr.leg.br/media/sapl/public/materialegislativa/2021/9777/617.pdf", "ementa": "JOSANE GORETE DISNER TEIXEIRA, vereadora infra-assinado, em pleno exerc\u00edcio de seu mandato parlamentar, vem mui respeitosamente atrav\u00e9s dessa Presid\u00eancia, INDICAR ao Senhor Prefeito Municipal, que por meio do Departamento competente, providencie a poda seletiva de \u00e1rvores j\u00e1 com vida \u00fatil comprometida, que podem ocasionar acidentes em toda nossa cidade."}, {"id": "9778", "ano": "2021", "numero": "618", "tipo__sigla": "IND", "tipo__descricao": "Indica\u00e7\u00e3o", "autoria": "Sab\u00e3o - Edivaldo Montanheri", "texto_original": "http://sapl.ivaipora.pr.leg.br/media/sapl/public/materialegislativa/2021/9778/618.pdf", "ementa": "EDIVALDO APARECIDO MONTANHERI, vereador infra-assinado, em pleno exerc\u00edcio de seu mandato parlamentar, vem mui respeitosamente atrav\u00e9s dessa Presid\u00eancia, INDICAR ao Senhor Prefeito Municipal, que por meio do Departamento competente ao Departamento competente que providencie extens\u00e3o da rede de energia el\u00e9trica e instala\u00e7\u00e3o do poste de luz na rua Campo Grande na Vila Ipiranga pr\u00f3ximo a propriedade n\u00b0 07."}, {"id": "9779", "ano": "2021", "numero": "619", "tipo__sigla": "IND", "tipo__descricao": "Indica\u00e7\u00e3o", "autoria": "Sab\u00e3o - Edivaldo Montanheri", "texto_original": "http://sapl.ivaipora.pr.leg.br/media/sapl/public/materialegislativa/2021/9779/619.pdf", "ementa": "EDIVALDO APARECIDO MONTANHERI, vereador infra-assinado, em pleno exerc\u00edcio de seu mandato parlamentar, vem mui respeitosamente atrav\u00e9s dessa Presid\u00eancia, INDICAR ao Senhor Prefeito Municipal, que por meio do Departamento competente que realize a limpeza e manuten\u00e7\u00e3o de boca de lobo na rua Campo Grande na Vila Ipiranga, a rua encontra-se com muito lixo e entulhos. Fotos em anexo;"}, {"id": "9780", "ano": "2021", "numero": "620", "tipo__sigla": "IND", "tipo__descricao": "Indica\u00e7\u00e3o", "autoria": "Sab\u00e3o - Edivaldo Montanheri", "texto_original": "http://sapl.ivaipora.pr.leg.br/media/sapl/public/materialegislativa/2021/9780/620.pdf", "ementa": "EDIVALDO APARECIDO MONTANHERI, vereador infra-assinado, em pleno exerc\u00edcio de seu mandato parlamentar, vem mui respeitosamente atrav\u00e9s dessa Presid\u00eancia, INDICAR ao Senhor Prefeito Municipal, que por meio do Departamento competente que fa\u00e7a a liga\u00e7\u00e3o da rua Ponta Por\u00e3 com a rua Campo Grande no Jardim Imperial. Foto em anexo;"}, {"id": "9781", "ano": "2021", "numero": "621", "tipo__sigla": "IND", "tipo__descricao": "Indica\u00e7\u00e3o", "autoria": "Carniato", "texto_original": "http://sapl.ivaipora.pr.leg.br/media/sapl/public/materialegislativa/2021/9781/621.pdf", "ementa": "JOS\u00c9 MAURINO CARNIATO, vereador infra-assinado, em pleno exerc\u00edcio de seu mandato parlamentar, vem mui respeitosamente atrav\u00e9s dessa Presid\u00eancia, INDICAR ao Senhor Prefeito Municipal, que por meio do Departamento do competente providencie arboriza\u00e7\u00e3o e paisagismo nos canteiros da Rodovia Ladislau Gil Fernandes no trecho entre a rotat\u00f3ria do cruzamento com a Avenida Curitiba at\u00e9 o trevo na PR 466."}, {"id": "9782", "ano": "2021", "numero": "622", "tipo__sigla": "IND", "tipo__descricao": "Indica\u00e7\u00e3o", "autoria": "Jaffer Ferreira", "texto_original": "http://sapl.ivaipora.pr.leg.br/media/sapl/public/materialegislativa/2021/9782/622.pdf", "ementa": "JAFFER G. S. FERREIRA, vereador infra-assinado, em pleno exerc\u00edcio de seu mandato parlamentar, vem mui respeitosamente atrav\u00e9s dessa Presid\u00eancia, INDICAR ao Senhor Prefeito Municipal, que por meio do Departamento competente, providencie um M\u00e9dico Endocrinologista para cuidar dos pacientes com diabetes de nosso mun\u00edcipio, para que os mesmos possam se tratar aqui sem ter que deslocar para outras cidades."}, {"id": "9783", "ano": "2021", "numero": "623", "tipo__sigla": "IND", "tipo__descricao": "Indica\u00e7\u00e3o", "autoria": "Sab\u00e3o - Edivaldo Montanheri", "texto_original": "http://sapl.ivaipora.pr.leg.br/media/sapl/public/materialegislativa/2021/9783/623.pdf", "ementa": "EDIVALDO APARECIDO MONTANHERI, vereador infra-assinado, em pleno exerc\u00edcio de seu mandato parlamentar, vem mui respeitosamente atrav\u00e9s dessa Presid\u00eancia, INDICAR ao Senhor Prefeito Municipal, que por meio do Departamento competente para que fa\u00e7a a limpeza e manuten\u00e7\u00e3o das bocas de lobo na rua Rom\u00e1rio Martins no Jardim Luiz XV ao lado da Madeireira Madeporta. Fotos em anexo."}, {"id": "9784", "ano": "2021", "numero": "624", "tipo__sigla": "IND", "tipo__descricao": "Indica\u00e7\u00e3o", "autoria": "Sab\u00e3o - Edivaldo Montanheri", "texto_original": "http://sapl.ivaipora.pr.leg.br/media/sapl/public/materialegislativa/2021/9784/624.pdf", "ementa": "EDIVALDO APARECIDO MONTANHERI, vereador infra-assinado, em pleno exerc\u00edcio de seu mandato parlamentar, vem mui respeitosamente atrav\u00e9s dessa Presid\u00eancia, INDICAR ao Senhor Prefeito Municipal, que por meio do Departamento competente para que fa\u00e7a a limpeza e manuten\u00e7\u00e3o da boca de lobo na Rua Em\u00edlio Ganzert em frente ao Hospital do Rim. Fotos em anexo."}, {"id": "9785", "ano": "2021", "numero": "625", "tipo__sigla": "IND", "tipo__descricao": "Indica\u00e7\u00e3o", "autoria": "Z\u00e9 Maria", "texto_original": "http://sapl.ivaipora.pr.leg.br/media/sapl/public/materialegislativa/2021/9785/625.pdf", "ementa": "JOS\u00c9 MARIA CARNEIRO, vereador infra-assinado, em pleno exerc\u00edcio de seu mandato parlamentar, vem mui respeitosamente atrav\u00e9s dessa Presid\u00eancia, INDICAR ao Senhor Prefeito Municipal, que por meio do Departamento competente que instale placas de sinaliza\u00e7\u00e3o sonoro na Rua Em\u00edlio Ganzert em frente ao Hospital do Rim."}, {"id": "9786", "ano": "2021", "numero": "626", "tipo__sigla": "IND", "tipo__descricao": "Indica\u00e7\u00e3o", "autoria": "Z\u00e9 Maria", "texto_original": "http://sapl.ivaipora.pr.leg.br/media/sapl/public/materialegislativa/2021/9786/626.pdf", "ementa": "JOS\u00c9 MARIA CARNEIRO, vereador infra-assinado, em pleno exerc\u00edcio de seu mandato parlamentar, vem mui respeitosamente atrav\u00e9s dessa Presid\u00eancia, INDICAR ao Senhor Prefeito Municipal, que por meio do Departamento competente que instale placas de sinaliza\u00e7\u00e3o sonora na Rua Bahia na Vila Santa Maria em frente ao Hospital Municipal."}, {"id": "9787", "ano": "2021", "numero": "627", "tipo__sigla": "IND", "tipo__descricao": "Indica\u00e7\u00e3o", "autoria": "Josane Disner", "texto_original": "http://sapl.ivaipora.pr.leg.br/media/sapl/public/materialegislativa/2021/9787/627.pdf", "ementa": "JOSANE GORETE DISNER TEIXEIRA, vereadora infra-assinado, em pleno exerc\u00edcio de seu mandato parlamentar, vem mui respeitosamente atrav\u00e9s dessa Presid\u00eancia, INDICAR ao Senhor Prefeito Municipal, que por meio do Departamento competente, para que seja feito um ponto de \u00f4nibus na Rodovia Celso Fumio Makita em frente a Marmoraria Marmorial."}, {"id": "9788", "ano": "2021", "numero": "628", "tipo__sigla": "IND", "tipo__descricao": "Indica\u00e7\u00e3o", "autoria": "Josane Disner", "texto_original": "http://sapl.ivaipora.pr.leg.br/media/sapl/public/materialegislativa/2021/9788/628.pdf", "ementa": "JOSANE GORETE DISNER TEIXEIRA, vereadora infra-assinado, em pleno exerc\u00edcio de seu mandato parlamentar, vem mui respeitosamente atrav\u00e9s dessa Presid\u00eancia, INDICAR ao Senhor Prefeito Municipal, que por meio do Departamento competente, providencie melhorias na quest\u00e3o de ilumina\u00e7\u00e3o no acesso ao trevo secund\u00e1rio (PR-466)"}, {"id": "9789", "ano": "2021", "numero": "629", "tipo__sigla": "IND", "tipo__descricao": "Indica\u00e7\u00e3o", "autoria": "Josane Disner", "texto_original": "http://sapl.ivaipora.pr.leg.br/media/sapl/public/materialegislativa/2021/9789/629.pdf", "ementa": "JOSANE GORETE DISNER TEIXEIRA, vereadora infra-assinado, em pleno exerc\u00edcio de seu mandato parlamentar, vem mui respeitosamente atrav\u00e9s dessa Presid\u00eancia, INDICAR ao Senhor Prefeito Municipal, que por meio do Departamento competente, providencie a constru\u00e7\u00e3o de uma Ciclovia e Pista de Caminhada em toda a Rodovia Celso Fumio Makita at\u00e9 o acesso secund\u00e1rio."}, {"id": "9790", "ano": "2021", "numero": "630", "tipo__sigla": "IND", "tipo__descricao": "Indica\u00e7\u00e3o", "autoria": "Josane Disner", "texto_original": "http://sapl.ivaipora.pr.leg.br/media/sapl/public/materialegislativa/2021/9790/630.pdf", "ementa": "JOSANE GORETE DISNER TEIXEIRA, vereadora infra-assinado, em pleno exerc\u00edcio de seu mandato parlamentar, vem mui respeitosamente atrav\u00e9s dessa Presid\u00eancia, INDICAR ao Senhor Prefeito Municipal, que por meio do Departamento competente, providencie quebra mola na Rua Augusto Urbanski pr\u00f3ximo ao n\u00famero 521, centro Ivaipor\u00e3."}, {"id": "9791", "ano": "2021", "numero": "631", "tipo__sigla": "IND", "tipo__descricao": "Indica\u00e7\u00e3o", "autoria": "Carniato", "texto_original": "http://sapl.ivaipora.pr.leg.br/media/sapl/public/materialegislativa/2021/9791/631.pdf", "ementa": "JOS\u00c9 MAURINO CARNIATO, vereador infra-assinado, em pleno exerc\u00edcio de seu mandato parlamentar, vem mui respeitosamente atrav\u00e9s dessa Presid\u00eancia, INDICAR ao Senhor Prefeito Municipal, que por meio do Departamento do competente analise a possibilidade da elabora\u00e7\u00e3o de um de Projeto de Lei que institua um programa municipal voltado ao \u201cPrimeiro Emprego\u201d, fomentado a inser\u00e7\u00e3o de jovens e adultos no mercado de trabalho, oferecendo-lhes capacita\u00e7\u00e3o e incorporando-os ao mercado."}, {"id": "9792", "ano": "2021", "numero": "632", "tipo__sigla": "IND", "tipo__descricao": "Indica\u00e7\u00e3o", "autoria": "Carniato", "texto_original": "http://sapl.ivaipora.pr.leg.br/media/sapl/public/materialegislativa/2021/9792/632.pdf", "ementa": "JOS\u00c9 MAURINO CARNIATO, vereador infra-assinado, em pleno exerc\u00edcio de seu mandato parlamentar, vem mui respeitosamente atrav\u00e9s dessa Presid\u00eancia, INDICAR ao Senhor Prefeito Municipal, que por meio do Departamento do competente analise e disponibilize os meios (local adequado) para o retorno da feira-livre no munic\u00edpio. A feira livre al\u00e9m de ser um ponto de encontro dos amigos, \u00e9 tamb\u00e9m para venda da produ\u00e7\u00e3o de hortifruti e fonte para gera\u00e7\u00e3o de emprego e renda."}, {"id": "9793", "ano": "2021", "numero": "633", "tipo__sigla": "IND", "tipo__descricao": "Indica\u00e7\u00e3o", "autoria": "Carniato", "texto_original": "http://sapl.ivaipora.pr.leg.br/media/sapl/public/materialegislativa/2021/9793/633.pdf", "ementa": "JOS\u00c9 MAURINO CARNIATO, vereador infra-assinado, em pleno exerc\u00edcio de seu mandato parlamentar, vem mui respeitosamente atrav\u00e9s dessa Presid\u00eancia, INDICAR ao Senhor Prefeito Municipal, que: por meio do Departamento do competente analise a possibilidade de enviar proposta ao SESC para que seja analisado as especialidades de atendimento odontol\u00f3gico e da academia para os funcion\u00e1rios p\u00fablicos, dependente e familiares. Servi\u00e7o Social do Com\u00e9rcio (SESC) a institui\u00e7\u00e3o sem fins lucrativos mantida no Brasil com o intuito de promover a assist\u00eancia, cultura, educa\u00e7\u00e3o, lazer e sa\u00fade dos funcion\u00e1rios de companhias do com\u00e9rcio, assim como de seus dependentes e da sociedade em geral. A celebra\u00e7\u00e3o do conv\u00eanio estende este atendimento dos trabalhadores do com\u00e9rcio aos servidores p\u00fablicos."}, {"id": "9794", "ano": "2021", "numero": "634", "tipo__sigla": "IND", "tipo__descricao": "Indica\u00e7\u00e3o", "autoria": "Jaffer Ferreira", "texto_original": "http://sapl.ivaipora.pr.leg.br/media/sapl/public/materialegislativa/2021/9794/634.pdf", "ementa": "JAFFER G. S. FERREIRA, vereador infra-assinado, em pleno exerc\u00edcio de seu mandato parlamentar, vem mui respeitosamente atrav\u00e9s dessa Presid\u00eancia, INDICAR ao Senhor Prefeito Municipal, que por meio do Departamento competente, providencie um estudo para voltar as bibliotecas p\u00fablicas nas escolas municipais. Pois temos que ter livros dentro das escolas para incentivar as crian\u00e7as a ler."}, {"id": "9795", "ano": "2021", "numero": "635", "tipo__sigla": "IND", "tipo__descricao": "Indica\u00e7\u00e3o", "autoria": "Jaffer Ferreira", "texto_original": "http://sapl.ivaipora.pr.leg.br/media/sapl/public/materialegislativa/2021/9795/635.pdf", "ementa": "JAFFER G. S. FERREIRA, vereador infra-assinado, em pleno exerc\u00edcio de seu mandato parlamentar, vem mui respeitosamente atrav\u00e9s dessa Presid\u00eancia, INDICAR ao Senhor Prefeito Municipal, que por meio do Departamento competente, providencie manuten\u00e7\u00e3o nas Rua Tico Tico e na Rua Tesourinha no bairro Jo\u00e3o de Barro com rolo compressor para que as pedras irregulares que est\u00e1 com as ponta para cima possam ficar niveladas para que evite algum tipo de acidente."}, {"id": "9796", "ano": "2021", "numero": "636", "tipo__sigla": "IND", "tipo__descricao": "Indica\u00e7\u00e3o", "autoria": "Fio Bertotti", "texto_original": "http://sapl.ivaipora.pr.leg.br/media/sapl/public/materialegislativa/2021/9796/636.pdf", "ementa": "EMERSON DA SILVA BERTOTTI, vereador infra-assinado, em pleno exerc\u00edcio de seu mandato parlamentar, vem mui respeitosamente atrav\u00e9s dessa Presid\u00eancia, INDICAR ao Senhor Prefeito Municipal, que por meio do Departamento Competente, providencie a manuten\u00e7\u00e3o com patrolamento e cascalhamento da estrada que d\u00e1 acesso a comunidade do Alto S\u00e3o Luiz, facilitando o tr\u00e1fego e o escoamento dos produtos agr\u00edcolas."}, {"id": "9797", "ano": "2021", "numero": "637", "tipo__sigla": "IND", "tipo__descricao": "Indica\u00e7\u00e3o", "autoria": "Nando Dorta", "texto_original": "http://sapl.ivaipora.pr.leg.br/media/sapl/public/materialegislativa/2021/9797/637.pdf", "ementa": "FERNANDO RODRIGUES DORTA E JAFFER G. S. FERREIRA, vereadores infra-assinado, em pleno exerc\u00edcio de seu mandato parlamentar, vem mui respeitosamente atrav\u00e9s dessa Presid\u00eancia, INDICAR ao Senhor Prefeito Municipal, que por meio do Departamento competente analise a possibilidade para fazer um campo sint\u00e9tico no campinho da rotat\u00f3ria do Jardim Europa (bairro Xurupita)."}, {"id": "9798", "ano": "2021", "numero": "638", "tipo__sigla": "IND", "tipo__descricao": "Indica\u00e7\u00e3o", "autoria": "Nando Dorta", "texto_original": "http://sapl.ivaipora.pr.leg.br/media/sapl/public/materialegislativa/2021/9798/637.pdf", "ementa": "FERNANDO RODRIGUES DORTA, vereador infra-assinado, em pleno exerc\u00edcio de seu mandato parlamentar, vem mui respeitosamente atrav\u00e9s dessa Presid\u00eancia, INDICAR ao Senhor Prefeito Municipal, que por meio do Departamento competente analise a possibilidade de fazer estacionamento apenas num sentido da rua Ponta Grossa, pr\u00f3ximo ao The King Bar e Petiscaria."}, {"id": "9799", "ano": "2021", "numero": "639", "tipo__sigla": "IND", "tipo__descricao": "Indica\u00e7\u00e3o", "autoria": "Jaffer Ferreira", "texto_original": "http://sapl.ivaipora.pr.leg.br/media/sapl/public/materialegislativa/2021/9799/639.pdf", "ementa": "JAFFER G. S. FERREIRA, vereador infra-assinado, em pleno exerc\u00edcio de seu mandato parlamentar, vem mui respeitosamente atrav\u00e9s dessa Presid\u00eancia, INDICAR ao Senhor Prefeito Municipal, que por meio do Departamento competente, providencie uma passarela na rodovia Ladislau Gil Fernandes em frente do Col\u00e9gio Leila Diniz para que os alunos n\u00e3o corram risco de sofrer acidentes."}, {"id": "9800", "ano": "2021", "numero": "640", "tipo__sigla": "IND", "tipo__descricao": "Indica\u00e7\u00e3o", "autoria": "Gertrudes", "texto_original": "http://sapl.ivaipora.pr.leg.br/media/sapl/public/materialegislativa/2021/9800/640.pdf", "ementa": "GERTRUDES BERNARDY, Presidente do Legislativo e vereadora infra-assinado, em pleno exerc\u00edcio de seu mandato parlamentar, vem mui respeitosamente atrav\u00e9s dessa Presid\u00eancia, INDICAR ao Senhor Prefeito Municipal Luiz Carlos Gil, que por meio do Departamento Competente, analise e providencie a substitui\u00e7\u00e3o das tartarugas da Rodovi\u00e1ria, por canteiros como j\u00e1 os existentes em torno do terminal."}, {"id": "9801", "ano": "2021", "numero": "641", "tipo__sigla": "IND", "tipo__descricao": "Indica\u00e7\u00e3o", "autoria": "Jaffer Ferreira", "texto_original": "http://sapl.ivaipora.pr.leg.br/media/sapl/public/materialegislativa/2021/9801/641.pdf", "ementa": "JAFFER G. S. FERREIRA, vereador infra-assinado, em pleno exerc\u00edcio de seu mandato parlamentar, vem mui respeitosamente atrav\u00e9s dessa Presid\u00eancia, INDICAR ao Senhor Prefeito Municipal, que por meio do Departamento competente, providencie a constru\u00e7\u00e3o de um sal\u00e3o no Jardim Alto da Gl\u00f3ria, para os moradores realizar suas reuni\u00f5es da igreja e da comunidade, um pedido da Associa\u00e7\u00e3o dos Moradores."}, {"id": "9802", "ano": "2021", "numero": "642", "tipo__sigla": "IND", "tipo__descricao": "Indica\u00e7\u00e3o", "autoria": "Sab\u00e3o - Edivaldo Montanheri", "texto_original": "http://sapl.ivaipora.pr.leg.br/media/sapl/public/materialegislativa/2021/9802/642.pdf", "ementa": "EDIVALDO APARECIDO MONTANHERI, vereador infra-assinado, em pleno exerc\u00edcio de seu mandato parlamentar, vem mui respeitosamente atrav\u00e9s dessa Presid\u00eancia, INDICAR ao Senhor Prefeito Municipal, que por meio do Departamento competente para que fa\u00e7a a limpeza e manuten\u00e7\u00e3o da boca de lobo na rua Plac\u00eddio Miranda com esquina \u00e0 rua Professora Diva Proen\u00e7a pr\u00f3ximo ao deposito de bebidas K10. Fotos em anexo."}, {"id": "9803", "ano": "2021", "numero": "643", "tipo__sigla": "IND", "tipo__descricao": "Indica\u00e7\u00e3o", "autoria": "Josane Disner", "texto_original": "http://sapl.ivaipora.pr.leg.br/media/sapl/public/materialegislativa/2021/9803/643.pdf", "ementa": "JOSANE GORETE DISNER TEIXEIRA, vereadora infra-assinado, em pleno exerc\u00edcio de seu mandato parlamentar, vem mui respeitosamente atrav\u00e9s dessa Presid\u00eancia, INDICAR ao Senhor Prefeito Municipal, que por meio do Departamento competente, providencie melhorias na quest\u00e3o de ilumina\u00e7\u00e3o na Pra\u00e7a Manoel Teodoro da Rocha em frente a Casas Pernambucanas."}, {"id": "9804", "ano": "2021", "numero": "644", "tipo__sigla": "IND", "tipo__descricao": "Indica\u00e7\u00e3o", "autoria": "Josane Disner", "texto_original": "http://sapl.ivaipora.pr.leg.br/media/sapl/public/materialegislativa/2021/9804/644.pdf", "ementa": "JOSANE GORETE DISNER TEIXEIRA, vereadora infra-assinado, em pleno exerc\u00edcio de seu mandato parlamentar, vem mui respeitosamente atrav\u00e9s dessa Presid\u00eancia, INDICAR ao Senhor Prefeito Municipal, que por meio do Departamento competente, para que seja visto a possibilidade de criar um Conselho Municipal de Sa\u00fade Mental em nosso munic\u00edpio."}, {"id": "9805", "ano": "2021", "numero": "645", "tipo__sigla": "IND", "tipo__descricao": "Indica\u00e7\u00e3o", "autoria": "Josane Disner", "texto_original": "http://sapl.ivaipora.pr.leg.br/media/sapl/public/materialegislativa/2021/9805/645.pdf", "ementa": "JOSANE GORETE DISNER TEIXEIRA, vereadora infra-assinado, em pleno exerc\u00edcio de seu mandato parlamentar, vem mui respeitosamente atrav\u00e9s dessa Presid\u00eancia, INDICAR ao Senhor Prefeito Municipal, que por meio do Departamento competente, para que seja visto a possibilidade de criar um Conselho Municipal da Pessoa com Defici\u00eancia em nosso munic\u00edpio."}, {"id": "9806", "ano": "2021", "numero": "646", "tipo__sigla": "IND", "tipo__descricao": "Indica\u00e7\u00e3o", "autoria": "Jaffer Ferreira", "texto_original": "http://sapl.ivaipora.pr.leg.br/media/sapl/public/materialegislativa/2021/9806/646.pdf", "ementa": "JAFFER G. S. FERREIRA, vereador infra-assinado, em pleno exerc\u00edcio de seu mandato parlamentar, vem mui respeitosamente atrav\u00e9s dessa Presid\u00eancia, INDICAR ao Senhor Prefeito Municipal, que por meio do Departamento competente, providencie a possibilidade implantar um sem\u00e1foro ou um redutor de velocidade na Avenida Souza Naves com o cruzamento da Rua Vereador Orlando Burato pr\u00f3ximo a rodovi\u00e1ria."}, {"id": "9807", "ano": "2021", "numero": "647", "tipo__sigla": "IND", "tipo__descricao": "Indica\u00e7\u00e3o", "autoria": "Z\u00e9 Maria", "texto_original": "http://sapl.ivaipora.pr.leg.br/media/sapl/public/materialegislativa/2021/9807/647.pdf", "ementa": "JOS\u00c9 MARIA CARNEIRO, vereador infra-assinado, em pleno exerc\u00edcio de seu mandato parlamentar, vem mui respeitosamente atrav\u00e9s dessa Presid\u00eancia, INDICAR ao Senhor Prefeito Municipal, que por meio do Departamento competente providencie para que fa\u00e7a a manuten\u00e7\u00e3o das bocas de lobos da Avenida Maranh\u00e3o do n\u00ba 2.875 com extens\u00e3o ao n\u00ba 3.021. Fotos em anexo."}, {"id": "9808", "ano": "2021", "numero": "648", "tipo__sigla": "IND", "tipo__descricao": "Indica\u00e7\u00e3o", "autoria": "Sab\u00e3o - Edivaldo Montanheri", "texto_original": "http://sapl.ivaipora.pr.leg.br/media/sapl/public/materialegislativa/2021/9808/648.pdf", "ementa": "EDIVALDO APARECIDO MONTANHERI, vereador infra-assinado, em pleno exerc\u00edcio de seu mandato parlamentar, vem mui respeitosamente atrav\u00e9s dessa Presid\u00eancia, INDICAR ao Senhor Prefeito Municipal, que por meio do Departamento competente que fa\u00e7a a limpeza e manuten\u00e7\u00e3o da boca de lobo na rua Corn\u00e9lio Proc\u00f3pio pr\u00f3ximo a casa N\u00ba 25. Fotos em anexo."}, {"id": "9809", "ano": "2021", "numero": "649", "tipo__sigla": "IND", "tipo__descricao": "Indica\u00e7\u00e3o", "autoria": "Josane Disner", "texto_original": "http://sapl.ivaipora.pr.leg.br/media/sapl/public/materialegislativa/2021/9809/649.pdf", "ementa": "JOSANE GORETE DISNER TEIXEIRA, vereadora infra-assinado, em pleno exerc\u00edcio de seu mandato parlamentar, vem mui respeitosamente atrav\u00e9s dessa Presid\u00eancia, INDICAR ao Senhor Prefeito Municipal, que por meio do Departamento competente, providencie a instala\u00e7\u00e3o de um parquinho (playground) no CMEI Nossa Senhora Aparecida, pois o mesmo atende quase 80 crian\u00e7as."}, {"id": "9811", "ano": "2021", "numero": "650", "tipo__sigla": "IND", "tipo__descricao": "Indica\u00e7\u00e3o", "autoria": "Z\u00e9 Maria", "texto_original": "http://sapl.ivaipora.pr.leg.br/media/sapl/public/materialegislativa/2021/9811/650.pdf", "ementa": "JOS\u00c9 MARIA CARNEIRO, vereador infra-assinado, em pleno exerc\u00edcio de seu mandato parlamentar, vem mui respeitosamente atrav\u00e9s dessa Presid\u00eancia, INDICAR ao Senhor Prefeito Municipal, que por meio do Departamento competente que fa\u00e7a a manuten\u00e7\u00e3o das bocas de lobos na rua Cear\u00e1 n\u00ba 1115, esquina com a Para\u00edba. Fotos em anexo."}, {"id": "9812", "ano": "2021", "numero": "651", "tipo__sigla": "IND", "tipo__descricao": "Indica\u00e7\u00e3o", "autoria": "Fio Bertotti", "texto_original": "http://sapl.ivaipora.pr.leg.br/media/sapl/public/materialegislativa/2021/9812/651.pdf", "ementa": "EMERSON DA SILVA BERTOTTI, vereador infra-assinado, em pleno exerc\u00edcio de seu mandato parlamentar, vem mui respeitosamente atrav\u00e9s dessa Presid\u00eancia, INDICAR ao Senhor Prefeito Municipal, que por meio do Departamento Competente, providencie a constru\u00e7\u00e3o de um playground para as crian\u00e7as na Escola Carlos Lacerda."}, {"id": "9813", "ano": "2021", "numero": "652", "tipo__sigla": "IND", "tipo__descricao": "Indica\u00e7\u00e3o", "autoria": "Fio Bertotti", "texto_original": "http://sapl.ivaipora.pr.leg.br/media/sapl/public/materialegislativa/2021/9813/652.pdf", "ementa": "EMERSON DA SILVA BERTOTTI, vereador infra-assinado, em pleno exerc\u00edcio de seu mandato parlamentar, vem mui respeitosamente atrav\u00e9s dessa Presid\u00eancia, INDICAR ao Senhor Prefeito Municipal, que por meio do Departamento Competente, providencie a substitui\u00e7\u00e3o das lixeiras quebradas, e coloca\u00e7\u00e3o de lixeiras novas, onde n\u00e3o h\u00e1 ao longo da Avenida Paran\u00e1, \u00e1rea central da cidade."}, {"id": "9814", "ano": "2021", "numero": "653", "tipo__sigla": "IND", "tipo__descricao": "Indica\u00e7\u00e3o", "autoria": "Fio Bertotti", "texto_original": "http://sapl.ivaipora.pr.leg.br/media/sapl/public/materialegislativa/2021/9814/653.pdf", "ementa": "EMERSON DA SILVA BERTOTTI, vereador infra-assinado, em pleno exerc\u00edcio de seu mandato parlamentar, vem mui respeitosamente atrav\u00e9s dessa Presid\u00eancia, INDICAR ao Senhor Prefeito Municipal, que por meio do Departamento competente, providencie a mudan\u00e7a na maneira de estacionar na quadra da Avenida Apar\u00edcio Bitencourt em frente ao Bar e Restaurante do Z\u00e9, seguindo o modelo da quadra anterior, onde os carros estacionam de frente para o canteiro, aumentando o n\u00famero de vagas."}, {"id": "9815", "ano": "2021", "numero": "654", "tipo__sigla": "IND", "tipo__descricao": "Indica\u00e7\u00e3o", "autoria": "Jaffer Ferreira", "texto_original": "http://sapl.ivaipora.pr.leg.br/media/sapl/public/materialegislativa/2021/9815/654.pdf", "ementa": "JAFFER G. S. FERREIRA, vereador infra-assinado, em pleno exerc\u00edcio de seu mandato parlamentar, vem mui respeitosamente atrav\u00e9s dessa Presid\u00eancia, INDICAR ao Senhor Prefeito Municipal, que por meio do Departamento competente, providencie uma limpeza nos bueiros da Avenida Brasil em frente o Chaveiro do Vale, neste local se encontra muita \u00e1gua acumulada. Foto anexo."}, {"id": "9816", "ano": "2021", "numero": "655", "tipo__sigla": "IND", "tipo__descricao": "Indica\u00e7\u00e3o", "autoria": "Gertrudes", "texto_original": "http://sapl.ivaipora.pr.leg.br/media/sapl/public/materialegislativa/2021/9816/655.pdf", "ementa": "GERTRUDES BERNARDY, Presidente do Legislativo e vereadora infra-assinado, em pleno exerc\u00edcio de seu mandato parlamentar, vem mui respeitosamente atrav\u00e9s dessa Presid\u00eancia, INDICAR ao Senhor Prefeito Municipal Luiz Carlos Gil, que por meio do Departamento Competente, analise e providencie placas de identifica\u00e7\u00e3o com nomes das ruas do Jardim Casa Grande I, II, III e IV."}, {"id": "9817", "ano": "2021", "numero": "656", "tipo__sigla": "IND", "tipo__descricao": "Indica\u00e7\u00e3o", "autoria": "Carniato", "texto_original": "http://sapl.ivaipora.pr.leg.br/media/sapl/public/materialegislativa/2021/9817/656.pdf", "ementa": "JOS\u00c9 MAURINO CARNIATO, vereador infra-assinado, em pleno exerc\u00edcio de seu mandato parlamentar, vem mui respeitosamente atrav\u00e9s dessa Presid\u00eancia, INDICAR ao Senhor Prefeito Municipal, que por meio do Departamento competente providencie e disponibilize mais um ve\u00edculo para atendimento das a\u00e7\u00f5es de combate \u00e0 Dengue. Com a volta das chuvas volta tamb\u00e9m os riscos de prolifera\u00e7\u00e3o do mosquito."}, {"id": "9818", "ano": "2021", "numero": "657", "tipo__sigla": "IND", "tipo__descricao": "Indica\u00e7\u00e3o", "autoria": "Josane Disner", "texto_original": "http://sapl.ivaipora.pr.leg.br/media/sapl/public/materialegislativa/2021/9818/657.pdf", "ementa": "JOSANE GORETE DISNER TEIXEIRA, vereadora infra-assinado, em pleno exerc\u00edcio de seu mandato parlamentar, vem mui respeitosamente atrav\u00e9s dessa Presid\u00eancia, INDICAR ao Senhor Prefeito Municipal, que por meio do Departamento competente, para que seja visto a possibilidade de ELEI\u00c7\u00d5ES para Diretores dos CMEIS (Centro Municipal de Educa\u00e7\u00e3o Infantil), como ocorre nas escolas municipais. \u00c9 importante destacar a relev\u00e2ncia do pleito para garantir o processo democr\u00e1tico nos CMEIS, pois a participa\u00e7\u00e3o da comunidade escolar na escolha de seus gestores permite maior autonomia das institui\u00e7\u00f5es, al\u00e9m de respeitar as caracter\u00edsticas pr\u00f3prias do Centro de Educa\u00e7\u00e3o Infantil."}, {"id": "9819", "ano": "2021", "numero": "658", "tipo__sigla": "IND", "tipo__descricao": "Indica\u00e7\u00e3o", "autoria": "Jaffer Ferreira", "texto_original": "http://sapl.ivaipora.pr.leg.br/media/sapl/public/materialegislativa/2021/9819/658.pdf", "ementa": "JAFFER G. S. FERREIRA, vereador infra-assinado, em pleno exerc\u00edcio de seu mandato parlamentar, vem mui respeitosamente atrav\u00e9s dessa Presid\u00eancia, INDICAR ao Senhor Prefeito Municipal, que por meio do Departamento competente, providencie a reforma no sal\u00e3o do bairro Jardim Por\u00e3, e a possibilidade de arrumar um fog\u00e3o para deixar no sal\u00e3o, a pedido dos moradores."}, {"id": "9820", "ano": "2021", "numero": "659", "tipo__sigla": "IND", "tipo__descricao": "Indica\u00e7\u00e3o", "autoria": "Carniato", "texto_original": "http://sapl.ivaipora.pr.leg.br/media/sapl/public/materialegislativa/2021/9820/659.pdf", "ementa": "JOS\u00c9 MAURINO CARNIATO, vereador infra-assinado, em pleno exerc\u00edcio de seu mandato parlamentar, vem mui respeitosamente atrav\u00e9s dessa Presid\u00eancia, INDICAR ao Senhor Prefeito Municipal, que por meio do Departamento competente providencie a instala\u00e7\u00e3o de pontos de \u00f4nibus coberto, em frente ao MIRO BRINDES, na Avenida Apar\u00edcio Cardoso Bitencourt, no Jardim Ouro Preto."}, {"id": "9821", "ano": "2021", "numero": "660", "tipo__sigla": "IND", "tipo__descricao": "Indica\u00e7\u00e3o", "autoria": "Fio Bertotti", "texto_original": "http://sapl.ivaipora.pr.leg.br/media/sapl/public/materialegislativa/2021/9821/660.pdf", "ementa": "EMERSON DA SILVA BERTOTTI, vereador infra-assinado, em pleno exerc\u00edcio de seu mandato parlamentar, vem mui respeitosamente atrav\u00e9s dessa Presid\u00eancia, INDICAR ao Senhor Prefeito Municipal, que por meio do Departamento Competente, providencie a recupera\u00e7\u00e3o e manuten\u00e7\u00e3o do canteiro central da Avenida Estev\u00e3o Marciano dos Santos na altura do n\u00famero 1.570, v\u00e1rios lugares com meio fio quebrado."}, {"id": "9822", "ano": "2021", "numero": "661", "tipo__sigla": "IND", "tipo__descricao": "Indica\u00e7\u00e3o", "autoria": "Josane Disner", "texto_original": "http://sapl.ivaipora.pr.leg.br/media/sapl/public/materialegislativa/2021/9822/661.pdf", "ementa": "JOSANE GORETE DISNER TEIXEIRA, vereadora infra-assinado, em pleno exerc\u00edcio de seu mandato parlamentar, vem mui respeitosamente atrav\u00e9s dessa Presid\u00eancia, INDICAR ao Senhor Prefeito Municipal, que por meio do Departamento competente, a poda de \u00e1rvores na Avenida Tancredo Neves pr\u00f3ximo ao n\u00famero 2295."}, {"id": "9823", "ano": "2021", "numero": "662", "tipo__sigla": "IND", "tipo__descricao": "Indica\u00e7\u00e3o", "autoria": "Carniato", "texto_original": "http://sapl.ivaipora.pr.leg.br/media/sapl/public/materialegislativa/2021/9823/662.pdf", "ementa": "JOS\u00c9 MAURINO CARNIATO, vereador infra-assinado, em pleno exerc\u00edcio de seu mandato parlamentar, vem mui respeitosamente atrav\u00e9s dessa Presid\u00eancia, INDICAR ao Senhor Prefeito Municipal, que por meio do Departamento competente providencie limpeza e manuten\u00e7\u00e3o na Boca de Lobo na esquina da Rua Apucarana, com Avenida Ladislau Gil Fernandes. Fotos em anexo."}, {"id": "9824", "ano": "2021", "numero": "663", "tipo__sigla": "IND", "tipo__descricao": "Indica\u00e7\u00e3o", "autoria": "Jaffer Ferreira", "texto_original": "http://sapl.ivaipora.pr.leg.br/media/sapl/public/materialegislativa/2021/9824/663.pdf", "ementa": "JAFFER G. S. FERREIRA, vereador infra-assinado, em pleno exerc\u00edcio de seu mandato parlamentar, vem mui respeitosamente atrav\u00e9s dessa Presid\u00eancia, INDICAR ao Senhor Prefeito Municipal, que por meio do Departamento competente, providencie um estudo para contratar dois ou mais m\u00e9dicos no hor\u00e1rio de pico no Pronto atendimento (hospital Municipal)."}, {"id": "9825", "ano": "2021", "numero": "664", "tipo__sigla": "IND", "tipo__descricao": "Indica\u00e7\u00e3o", "autoria": "Jaffer Ferreira", "texto_original": "http://sapl.ivaipora.pr.leg.br/media/sapl/public/materialegislativa/2021/9825/664.pdf", "ementa": "JAFFER G. S. FERREIRA, vereador infra-assinado, em pleno exerc\u00edcio de seu mandato parlamentar, vem mui respeitosamente atrav\u00e9s dessa Presid\u00eancia, INDICAR ao Senhor Prefeito Municipal, que por meio do Departamento competente, providencie um estudo para implanta\u00e7\u00e3o de um aplicativo para que a popula\u00e7\u00e3o possa agendar suas consultas e exames."}, {"id": "9826", "ano": "2021", "numero": "665", "tipo__sigla": "IND", "tipo__descricao": "Indica\u00e7\u00e3o", "autoria": "Jaffer Ferreira", "texto_original": "http://sapl.ivaipora.pr.leg.br/media/sapl/public/materialegislativa/2021/9826/665.pdf", "ementa": "JAFFER G. S. FERREIRA, vereador infra-assinado, em pleno exerc\u00edcio de seu mandato parlamentar, vem mui respeitosamente atrav\u00e9s dessa Presid\u00eancia, INDICAR ao Senhor Prefeito Municipal, que por meio do Departamento competente, providencie a retomada de meta da erradica\u00e7\u00e3o do analfabetismo."}, {"id": "9827", "ano": "2021", "numero": "666", "tipo__sigla": "IND", "tipo__descricao": "Indica\u00e7\u00e3o", "autoria": "Z\u00e9 Maria", "texto_original": "http://sapl.ivaipora.pr.leg.br/media/sapl/public/materialegislativa/2021/9827/666.pdf", "ementa": "JOS\u00c9 MARIA CARNEIRO, vereador infra-assinado, em pleno exerc\u00edcio de seu mandato parlamentar, vem mui respeitosamente atrav\u00e9s dessa Presid\u00eancia, INDICAR ao Senhor Prefeito Municipal, que por meio do Departamento competente providencie para que fa\u00e7a a manuten\u00e7\u00e3o asf\u00e1ltica que se encontra com v\u00e1rios buracos e a limpeza da boca de lobo entupida, na Rodovia Ladislau Gil Fernandes pr\u00f3ximo a pra\u00e7a de frente com mercearia do Dami\u00e3o. Fotos em anexo."}, {"id": "9828", "ano": "2021", "numero": "667", "tipo__sigla": "IND", "tipo__descricao": "Indica\u00e7\u00e3o", "autoria": "Z\u00e9 Maria", "texto_original": "http://sapl.ivaipora.pr.leg.br/media/sapl/public/materialegislativa/2021/9828/667.pdf", "ementa": "Para que fa\u00e7a a limpeza e manuten\u00e7\u00e3o da boca de lobo que est\u00e1 entupida e com a tampa quebrada, na rua Cear\u00e1, de frente a casa n\u00ba 1.175."}, {"id": "9829", "ano": "2021", "numero": "668", "tipo__sigla": "IND", "tipo__descricao": "Indica\u00e7\u00e3o", "autoria": "Sab\u00e3o - Edivaldo Montanheri", "texto_original": "http://sapl.ivaipora.pr.leg.br/media/sapl/public/materialegislativa/2021/9829/668.pdf", "ementa": "EDIVALDO APARECIDO MONTANHERI, vereador infra-assinado, em pleno exerc\u00edcio de seu mandato parlamentar, vem mui respeitosamente atrav\u00e9s dessa Presid\u00eancia, INDICAR ao Senhor Prefeito Municipal, que por meio do Departamento competente para que realize melhorias nos meio-fio que se encontram danificados em toda extens\u00e3o da Avenida Maranh\u00e3o."}, {"id": "9830", "ano": "2021", "numero": "669", "tipo__sigla": "IND", "tipo__descricao": "Indica\u00e7\u00e3o", "autoria": "Jaffer Ferreira", "texto_original": "http://sapl.ivaipora.pr.leg.br/media/sapl/public/materialegislativa/2021/9830/669.pdf", "ementa": "JAFFER G. S. FERREIRA, vereador infra-assinado, em pleno exerc\u00edcio de seu mandato parlamentar, vem mui respeitosamente atrav\u00e9s dessa Presid\u00eancia, INDICAR ao Senhor Prefeito Municipal, que por meio do Departamento competente, providencie com urg\u00eancia manilhas na estrada do distrito do Jacutinga na Rodovia Nicolau Koltun em frente do bar da Marta, quando chove a \u00e1gua invade a casa e o bar. Fotos em anexo."}, {"id": "9831", "ano": "2021", "numero": "670", "tipo__sigla": "IND", "tipo__descricao": "Indica\u00e7\u00e3o", "autoria": "Fio Bertotti", "texto_original": "http://sapl.ivaipora.pr.leg.br/media/sapl/public/materialegislativa/2021/9831/670.pdf", "ementa": "EMERSON DA SILVA BERTOTTI, vereador infra-assinado, em pleno exerc\u00edcio de seu mandato parlamentar, vem mui respeitosamente atrav\u00e9s dessa Presid\u00eancia, INDICAR ao Senhor Prefeito Municipal, que por meio do Departamento Competente, providencie manuten\u00e7\u00e3o e recape asf\u00e1ltico na rua Francisco Jacob Goedert, come\u00e7ando na Avenida Brasil at\u00e9 a avenida Estev\u00e3o Marciano dos Santos."}, {"id": "9832", "ano": "2021", "numero": "671", "tipo__sigla": "IND", "tipo__descricao": "Indica\u00e7\u00e3o", "autoria": "Fio Bertotti", "texto_original": "http://sapl.ivaipora.pr.leg.br/media/sapl/public/materialegislativa/2021/9832/671.pdf", "ementa": "EMERSON DA SILVA BERTOTTI, vereador infra-assinado, em pleno exerc\u00edcio de seu mandato parlamentar, vem mui respeitosamente atrav\u00e9s dessa Presid\u00eancia, INDICAR ao Senhor Prefeito Municipal, que por meio do Departamento Competente, providencie cal\u00e7ada de passeio onde n\u00e3o houver no Jardim Casa Grande I, II, principalmente na rua Plac\u00eddio Miranda, onde os alunos que saem da Escola Ignes de Souza Caetano t\u00eam que caminhar pelo asfalto."}, {"id": "9833", "ano": "2021", "numero": "672", "tipo__sigla": "IND", "tipo__descricao": "Indica\u00e7\u00e3o", "autoria": "Fio Bertotti", "texto_original": "http://sapl.ivaipora.pr.leg.br/media/sapl/public/materialegislativa/2021/9833/672.pdf", "ementa": "EMERSON DA SILVA BERTOTTI, vereador infra-assinado, em pleno exerc\u00edcio de seu mandato parlamentar, vem mui respeitosamente atrav\u00e9s dessa Presid\u00eancia, INDICAR ao Senhor Prefeito Municipal, que por meio do Departamento competente, providencie a manuten\u00e7\u00e3o e recape da pista de caminhada do Lago das Flores, h\u00e1 lugares em que a terra entra na pista em dias de chuva, dificultando a caminhada."}, {"id": "9834", "ano": "2021", "numero": "673", "tipo__sigla": "IND", "tipo__descricao": "Indica\u00e7\u00e3o", "autoria": "Jaffer Ferreira", "texto_original": "http://sapl.ivaipora.pr.leg.br/media/sapl/public/materialegislativa/2021/9834/673.pdf", "ementa": "JAFFER G. S. FERREIRA, vereador infra-assinado, em pleno exerc\u00edcio de seu mandato parlamentar, vem mui respeitosamente atrav\u00e9s dessa Presid\u00eancia, INDICAR ao Senhor Prefeito Municipal, que por meio do Departamento competente, providencie com urg\u00eancia uma manuten\u00e7\u00e3o no asfalto que cedeu na Rua Plac\u00eddio Miranda com cruzamento da Rua Jos\u00e9 Bonif\u00e1cio em frente do bar do Claudinho. Fotos em anexo."}, {"id": "9835", "ano": "2021", "numero": "674", "tipo__sigla": "IND", "tipo__descricao": "Indica\u00e7\u00e3o", "autoria": "Jaffer Ferreira", "texto_original": "http://sapl.ivaipora.pr.leg.br/media/sapl/public/materialegislativa/2021/9835/674.pdf", "ementa": "JAFFER G. S. FERREIRA, vereador infra-assinado, em pleno exerc\u00edcio de seu mandato parlamentar, vem mui respeitosamente atrav\u00e9s dessa Presid\u00eancia, INDICAR ao Senhor Prefeito Municipal, que por meio do Departamento competente, providencie limpeza na boca de lobo no final da Rua Rio Grande do Sul, devido \u00e0s chuvas intensas este local acumula muita \u00e1gua e est\u00e1 alagando casa dos moradores. Foto em anexo."}, {"id": "9836", "ano": "2021", "numero": "675", "tipo__sigla": "IND", "tipo__descricao": "Indica\u00e7\u00e3o", "autoria": "Josane Disner", "texto_original": "http://sapl.ivaipora.pr.leg.br/media/sapl/public/materialegislativa/2021/9836/675.pdf", "ementa": "JOSANE GORETE DISNER TEIXEIRA, vereadora infra-assinado, em pleno exerc\u00edcio de seu mandato parlamentar, vem mui respeitosamente atrav\u00e9s dessa Presid\u00eancia, INDICAR ao Senhor Prefeito Municipal, que por meio do Departamento competente, analise a possibilidade de flexibiliza\u00e7\u00e3o no hor\u00e1rio de atendimento dos CMEI (Centro Municipal de Educa\u00e7\u00e3o Infantil), tendo em vista que as m\u00e3es necessitam deixar seus filhos com tempo h\u00e1bil para chegarem em seus respectivos servi\u00e7os."}, {"id": "9837", "ano": "2021", "numero": "676", "tipo__sigla": "IND", "tipo__descricao": "Indica\u00e7\u00e3o", "autoria": "Carniato", "texto_original": "http://sapl.ivaipora.pr.leg.br/media/sapl/public/materialegislativa/2021/9837/676.pdf", "ementa": "JOS\u00c9 MAURINO CARNIATO, vereador infra-assinado, em pleno exerc\u00edcio de seu mandato parlamentar, vem mui respeitosamente atrav\u00e9s dessa Presid\u00eancia, INDICAR ao Senhor Prefeito Municipal, que por meio do Departamento competente providencie os meios legais para tornar obrigat\u00f3rio o aproveitamento das \u00e1guas de chuva, nas constru\u00e7\u00f5es acima de 200m2, para outros fins, que n\u00e3o seja o consumo humano."}, {"id": "9838", "ano": "2021", "numero": "677", "tipo__sigla": "IND", "tipo__descricao": "Indica\u00e7\u00e3o", "autoria": "Carniato", "texto_original": "http://sapl.ivaipora.pr.leg.br/media/sapl/public/materialegislativa/2021/9838/677.pdf", "ementa": "JOS\u00c9 MAURINO CARNIATO, vereador infra-assinado, em pleno exerc\u00edcio de seu mandato parlamentar, vem mui respeitosamente atrav\u00e9s dessa Presid\u00eancia, INDICAR ao Senhor Prefeito Municipal, que por meio do Departamento competente providencie a adequa\u00e7\u00e3o no quebra-molas em frente as casas populares no Distrito de Jacutinga. Fotos em anexo. Com a reforma e eleva\u00e7\u00e3o da lombada, construiu-se tamb\u00e9m um aumento na lateral esquerda, sentido Distrito, que acabou por represar as \u00e1guas das chuvas, fazendo com as resid\u00eancias sejam invadidas por estas."}, {"id": "9839", "ano": "2021", "numero": "678", "tipo__sigla": "IND", "tipo__descricao": "Indica\u00e7\u00e3o", "autoria": "Carniato", "texto_original": "http://sapl.ivaipora.pr.leg.br/media/sapl/public/materialegislativa/2021/9839/678.pdf", "ementa": "JOS\u00c9 MAURINO CARNIATO, vereador infra-assinado, em pleno exerc\u00edcio de seu mandato parlamentar, vem mui respeitosamente atrav\u00e9s dessa Presid\u00eancia, INDICAR ao Senhor Prefeito Municipal, que por meio do Departamento competente providencie recape asf\u00e1ltico na Rua Cear\u00e1 entre as Ruas Plac\u00eddio Miranda e Sertan\u00f3polis."}, {"id": "9840", "ano": "2021", "numero": "679", "tipo__sigla": "IND", "tipo__descricao": "Indica\u00e7\u00e3o", "autoria": "Z\u00e9 Maria", "texto_original": "http://sapl.ivaipora.pr.leg.br/media/sapl/public/materialegislativa/2021/9840/679.pdf", "ementa": "JOS\u00c9 MARIA CARNEIRO, vereador infra-assinado, em pleno exerc\u00edcio de seu mandato parlamentar, vem mui respeitosamente atrav\u00e9s dessa Presid\u00eancia, INDICAR ao Senhor Prefeito Municipal, que por meio do Departamento competente para que providencie um caminh\u00e3o de cascalho na Rua IBC esquina com a Rua Marialva na Vila Nova Por\u00e3, onde encontra-se uma valeta dificultando a passagem dos moradores daquela localidade."}, {"id": "9841", "ano": "2021", "numero": "680", "tipo__sigla": "IND", "tipo__descricao": "Indica\u00e7\u00e3o", "autoria": "Josane Disner", "texto_original": "http://sapl.ivaipora.pr.leg.br/media/sapl/public/materialegislativa/2021/9841/680.pdf", "ementa": "JOSANE GORETE DISNER TEIXEIRA, vereadora infra-assinado, em pleno exerc\u00edcio de seu mandato parlamentar, vem mui respeitosamente atrav\u00e9s dessa Presid\u00eancia, INDICAR ao Senhor Prefeito Municipal, que por meio do Departamento competente, providencie com m\u00e1xima urg\u00eancia transporte escolar noturno para aos alunos, inclusive para o IFPR, bem como nos dias de s\u00e1bado."}, {"id": "9842", "ano": "2021", "numero": "681", "tipo__sigla": "IND", "tipo__descricao": "Indica\u00e7\u00e3o", "autoria": "Jaffer Ferreira", "texto_original": "http://sapl.ivaipora.pr.leg.br/media/sapl/public/materialegislativa/2021/9842/681.pdf", "ementa": "JAFFER G. S. FERREIRA, vereador infra-assinado, em pleno exerc\u00edcio de seu mandato parlamentar, vem mui respeitosamente atrav\u00e9s dessa Presid\u00eancia, INDICAR ao Senhor Prefeito Municipal, que por meio do Departamento competente, providencie limpeza nas bocas de lobo e colocar tampas na Rua Colibri no Bairro Jo\u00e3o de Barro. Foto em anexo."}, {"id": "9843", "ano": "2021", "numero": "682", "tipo__sigla": "IND", "tipo__descricao": "Indica\u00e7\u00e3o", "autoria": "Vila Real", "texto_original": "http://sapl.ivaipora.pr.leg.br/media/sapl/public/materialegislativa/2021/9843/682.pdf", "ementa": "ANTONIO VILA REAL, vereador infra-assinado, em pleno exerc\u00edcio de seu mandato parlamentar, vem mui respeitosamente atrav\u00e9s dessa Presid\u00eancia, INDICAR ao Senhor Prefeito Municipal, que por meio do Departamento competente, realize um estudo de viabilidade de implanta\u00e7\u00e3o no novo Plano Diretor, para que todo novo estabelecimento comercial que se instalar na \u00e1rea central do munic\u00edpio tenha em seu planejamento um estacionamento para clientes."}, {"id": "9844", "ano": "2021", "numero": "683", "tipo__sigla": "IND", "tipo__descricao": "Indica\u00e7\u00e3o", "autoria": "Z\u00e9 Maria", "texto_original": "http://sapl.ivaipora.pr.leg.br/media/sapl/public/materialegislativa/2021/9844/683.pdf", "ementa": "JOS\u00c9 MARIA CARNEIRO, vereador infra-assinado, em pleno exerc\u00edcio de seu mandato parlamentar, vem mui respeitosamente atrav\u00e9s dessa Presid\u00eancia, INDICAR ao Senhor Prefeito Municipal, que por meio do Departamento competente providencie recape asf\u00e1ltico na Avenida Maranh\u00e3o em frente a casa n\u00b0 3.995, pois o asfalto est\u00e1 cheio de buraco, pr\u00f3ximo ao bairro Casas Populares. Fotos em anexo."}, {"id": "9845", "ano": "2021", "numero": "684", "tipo__sigla": "IND", "tipo__descricao": "Indica\u00e7\u00e3o", "autoria": "Jaffer Ferreira", "texto_original": "http://sapl.ivaipora.pr.leg.br/media/sapl/public/materialegislativa/2021/9845/684.pdf", "ementa": "JAFFER G. S. FERREIRA, vereador infra-assinado, em pleno exerc\u00edcio de seu mandato parlamentar, vem mui respeitosamente atrav\u00e9s dessa Presid\u00eancia, INDICAR ao Senhor Prefeito Municipal, que por meio do Departamento competente, providencie a continua\u00e7\u00e3o das pedras irregulares na Rua Umuarama no cruzamento que liga a Rua Campo Mour\u00e3o at\u00e9 Rua Peabiru no bairro Jardim Paran\u00e1."}, {"id": "9846", "ano": "2021", "numero": "685", "tipo__sigla": "IND", "tipo__descricao": "Indica\u00e7\u00e3o", "autoria": "Jaffer Ferreira", "texto_original": "http://sapl.ivaipora.pr.leg.br/media/sapl/public/materialegislativa/2021/9846/685.pdf", "ementa": "JAFFER G. S. FERREIRA, vereador infra-assinado, em pleno exerc\u00edcio de seu mandato parlamentar, vem mui respeitosamente atrav\u00e9s dessa Presid\u00eancia, INDICAR ao Senhor Prefeito Municipal, que por meio do Departamento competente, providencie um estudo para constru\u00e7\u00e3o de uma quadra de t\u00eanis no lago Jardim Bot\u00e2nico."}, {"id": "9848", "ano": "2021", "numero": "686", "tipo__sigla": "IND", "tipo__descricao": "Indica\u00e7\u00e3o", "autoria": "Jaffer Ferreira", "texto_original": "http://sapl.ivaipora.pr.leg.br/media/sapl/public/materialegislativa/2021/9848/686.pdf", "ementa": "JAFFER G. S. FERREIRA, vereador infra-assinado, em pleno exerc\u00edcio de seu mandato parlamentar, vem mui respeitosamente atrav\u00e9s dessa Presid\u00eancia, INDICAR ao Senhor Prefeito Municipal, que por meio do Departamento competente, providencie um estudo para implantar uma c\u00e2mera de monitoramento ou um radar no sem\u00e1foro em frente do posto Ivaipor\u00e3, os motoristas n\u00e3o est\u00e3o respeitando."}, {"id": "9849", "ano": "2021", "numero": "687", "tipo__sigla": "IND", "tipo__descricao": "Indica\u00e7\u00e3o", "autoria": "Jaffer Ferreira", "texto_original": "http://sapl.ivaipora.pr.leg.br/media/sapl/public/materialegislativa/2021/9849/687.pdf", "ementa": "JAFFER G. S. FERREIRA, vereador infra-assinado, em pleno exerc\u00edcio de seu mandato parlamentar, vem mui respeitosamente atrav\u00e9s dessa Presid\u00eancia, INDICAR ao Senhor Prefeito Municipal, que por meio do Departamento competente, providencie um sistema de monitoramento (c\u00e2meras, lumin\u00e1rias com sensores e alarmes) na Copemari - Cooperativa de Materiais de Recicl\u00e1veis, garantindo a seguran\u00e7a patrimonial e das pessoas, al\u00e9m de inibir a a\u00e7\u00e3o de bandidos."}, {"id": "9850", "ano": "2021", "numero": "688", "tipo__sigla": "IND", "tipo__descricao": "Indica\u00e7\u00e3o", "autoria": "Josane Disner", "texto_original": "http://sapl.ivaipora.pr.leg.br/media/sapl/public/materialegislativa/2021/9850/688.pdf", "ementa": "JOSANE GORETE DISNER TEIXEIRA, vereadora infra-assinado, em pleno exerc\u00edcio de seu mandato parlamentar, vem mui respeitosamente atrav\u00e9s dessa Presid\u00eancia, INDICAR ao Senhor Prefeito Municipal, que por meio do Departamento competente, providencie a retirada de algumas \u00e1rvores na rua Jo\u00e3o Maria Stresser n\u00ba 135 centro, pr\u00f3ximo ao parquinho municipal."}, {"id": "9851", "ano": "2021", "numero": "689", "tipo__sigla": "IND", "tipo__descricao": "Indica\u00e7\u00e3o", "autoria": "Fio Bertotti", "texto_original": "http://sapl.ivaipora.pr.leg.br/media/sapl/public/materialegislativa/2021/9851/689.pdf", "ementa": "EMERSON DA SILVA BERTOTTI, vereador infra-assinado, em pleno exerc\u00edcio de seu mandato parlamentar, vem mui respeitosamente atrav\u00e9s dessa Presid\u00eancia, INDICAR ao Senhor Prefeito Municipal, que por meio do Departamento Competente, providencie a ilumina\u00e7\u00e3o externa da parte administrativa do aterro sanit\u00e1rio (Lix\u00e3o), ajudando assim a coibir furtos no local."}, {"id": "9853", "ano": "2021", "numero": "690", "tipo__sigla": "IND", "tipo__descricao": "Indica\u00e7\u00e3o", "autoria": "Fio Bertotti", "texto_original": "http://sapl.ivaipora.pr.leg.br/media/sapl/public/materialegislativa/2021/9853/690.pdf", "ementa": "EMERSON DA SILVA BERTOTTI, vereador infra-assinado, em pleno exerc\u00edcio de seu mandato parlamentar, vem mui respeitosamente atrav\u00e9s dessa Presid\u00eancia, INDICAR ao Senhor Prefeito Municipal, que por meio do Departamento Competente, providencie a reconstru\u00e7\u00e3o do muro do Cemit\u00e9rio no Distrito de Alto Por\u00e3, com as fortes chuvas e ventos dos \u00faltimos dias veio a cair, danificando at\u00e9 alguns t\u00famulos. Foto em anexo."}, {"id": "9854", "ano": "2021", "numero": "691", "tipo__sigla": "IND", "tipo__descricao": "Indica\u00e7\u00e3o", "autoria": "Fio Bertotti", "texto_original": "http://sapl.ivaipora.pr.leg.br/media/sapl/public/materialegislativa/2021/9854/691.pdf", "ementa": "EMERSON DA SILVA BERTOTTI, vereador infra-assinado, em pleno exerc\u00edcio de seu mandato parlamentar, vem mui respeitosamente atrav\u00e9s dessa Presid\u00eancia, INDICAR ao Senhor Prefeito Municipal, que por meio do Departamento competente, providencie a constru\u00e7\u00e3o de duas bocas de lobo (bueiro) uma na rua Araras esquina com rua Beija Flor, e outra na rua Papagaio, ambas no conjunto Jo\u00e3o de Barro, atendendo moradores que sofrem em dias de chuva mais forte."}, {"id": "9859", "ano": "2021", "numero": "692", "tipo__sigla": "IND", "tipo__descricao": "Indica\u00e7\u00e3o", "autoria": "Gertrudes", "texto_original": "http://sapl.ivaipora.pr.leg.br/media/sapl/public/materialegislativa/2021/9859/692.pdf", "ementa": "GERTRUDES BERNARDY, Presidente do Legislativo e vereadora infra-assinado, em pleno exerc\u00edcio de seu mandato parlamentar, vem mui respeitosamente atrav\u00e9s dessa Presid\u00eancia, INDICAR ao Senhor Prefeito Municipal Luiz Carlos Gil, que por meio do Departamento Competente, analise e providencie a sinaliza\u00e7\u00e3o gr\u00e1fica horizontal em frente de todas as escolas Municipais e Estaduais, indicando \u00c1rea Escolar, para uma melhor seguran\u00e7a aos alunos."}, {"id": "9860", "ano": "2021", "numero": "693", "tipo__sigla": "IND", "tipo__descricao": "Indica\u00e7\u00e3o", "autoria": "Sab\u00e3o - Edivaldo Montanheri, Vila Real", "texto_original": "http://sapl.ivaipora.pr.leg.br/media/sapl/public/materialegislativa/2021/9860/693.pdf", "ementa": "EDIVALDO APARECIDO MONTANHERI e ANTONIO VILA REAL, vereadores infra-assinado, em pleno exerc\u00edcio de seu mandato parlamentar, vem mui respeitosamente atrav\u00e9s dessa Presid\u00eancia, INDICAR ao Senhor Prefeito Municipal, que por meio do Departamento competente, providencie um estudo para Ilumina\u00e7\u00e3o P\u00fablica na Rodovia Nicolau Koltun, que liga Ivaipor\u00e3 ao distrito do Jacutinga."}, {"id": "9861", "ano": "2021", "numero": "694", "tipo__sigla": "IND", "tipo__descricao": "Indica\u00e7\u00e3o", "autoria": "Josane Disner, Sab\u00e3o - Edivaldo Montanheri", "texto_original": "http://sapl.ivaipora.pr.leg.br/media/sapl/public/materialegislativa/2021/9861/694.pdf", "ementa": "JOSANE GORETE DISNER TEIXEIRA e EDIVALDO APARECIDO MONTANHERI, vereadores infra-assinado, em pleno exerc\u00edcio de seu mandato parlamentar, vem mui respeitosamente atrav\u00e9s dessa Presid\u00eancia, INDICAR ao Senhor Prefeito Municipal, que por meio do Departamento competente, providencie novos uniformes para todos os garis e protetor solar."}, {"id": "9862", "ano": "2021", "numero": "695", "tipo__sigla": "IND", "tipo__descricao": "Indica\u00e7\u00e3o", "autoria": "Josane Disner", "texto_original": "http://sapl.ivaipora.pr.leg.br/media/sapl/public/materialegislativa/2021/9862/695.pdf", "ementa": "JOSANE GORETE DISNER TEIXEIRA, vereadora infra-assinado, em pleno exerc\u00edcio de seu mandato parlamentar, vem mui respeitosamente atrav\u00e9s dessa Presid\u00eancia, INDICAR ao Senhor Prefeito Municipal, que por meio do Departamento competente, analise a possibilidade da retirada de algumas \u00e1rvores danificadas na Pra\u00e7a Dorvalino Pedro Frederico, em frente a Oficina Silvel."}, {"id": "9864", "ano": "2021", "numero": "696", "tipo__sigla": "IND", "tipo__descricao": "Indica\u00e7\u00e3o", "autoria": "Carniato", "texto_original": "http://sapl.ivaipora.pr.leg.br/media/sapl/public/materialegislativa/2021/9864/696.pdf", "ementa": "JOS\u00c9 MAURINO CARNIATO, vereador infra-assinado, em pleno exerc\u00edcio de seu mandato parlamentar, vem mui respeitosamente atrav\u00e9s dessa Presid\u00eancia, INDICAR ao Senhor Prefeito Municipal, que por meio do Departamento competente avalie e providencie instala\u00e7\u00e3o de sistema de calhas no pr\u00e9dio de Posto Sa\u00fade, que nos dias chuvosos traz enorme transtorno aos usu\u00e1rios."}, {"id": "9867", "ano": "2021", "numero": "697", "tipo__sigla": "IND", "tipo__descricao": "Indica\u00e7\u00e3o", "autoria": "Carniato", "texto_original": "http://sapl.ivaipora.pr.leg.br/media/sapl/public/materialegislativa/2021/9867/697.pdf", "ementa": "JOS\u00c9 MAURINO CARNIATO, vereador infra-assinado, em pleno exerc\u00edcio de seu mandato parlamentar, vem mui respeitosamente atrav\u00e9s dessa Presid\u00eancia, INDICAR ao Senhor Prefeito Municipal, que por meio do Departamento competente providencie tampas para as bocas de lobos que se encontram abertas na antiga estrada do Santa B\u00e1rbara, colocando em risco, principalmente as crian\u00e7as que por ali brincam, em fun\u00e7\u00e3o da profundidade das galerias."}, {"id": "9888", "ano": "2021", "numero": "698", "tipo__sigla": "IND", "tipo__descricao": "Indica\u00e7\u00e3o", "autoria": "Gertrudes", "texto_original": "http://sapl.ivaipora.pr.leg.br/media/sapl/public/materialegislativa/2021/9888/698.pdf", "ementa": "GERTRUDES BERNARDY, Presidente do Legislativo e vereadora infra-assinado, em pleno exerc\u00edcio de seu mandato parlamentar, vem mui respeitosamente atrav\u00e9s dessa Presid\u00eancia, INDICAR ao Senhor Prefeito Municipal Luiz Carlos Gil, que por meio do Departamento Competente, analise e providencie um quebra-molas na Avenida Maranh\u00e3o em frente \u00e0 casa de n\u00famero 1.174, e onde se faz necess\u00e1rio."}, {"id": "9889", "ano": "2021", "numero": "699", "tipo__sigla": "IND", "tipo__descricao": "Indica\u00e7\u00e3o", "autoria": "Z\u00e9 Maria", "texto_original": "http://sapl.ivaipora.pr.leg.br/media/sapl/public/materialegislativa/2021/9889/699.pdf", "ementa": "JOS\u00c9 MARIA CARNEIRO, vereador infra-assinado, em pleno exerc\u00edcio de seu mandato parlamentar, vem mui respeitosamente atrav\u00e9s dessa Presid\u00eancia, INDICAR ao Senhor Prefeito Municipal, que por meio do Departamento competente para que fa\u00e7a a manuten\u00e7\u00e3o asf\u00e1ltica na Rua Plac\u00eddio Miranda em frente ao n\u00ba665, a rua encontra-se com muitos buracos. Fotos em anexo."}, {"id": "9890", "ano": "2021", "numero": "700", "tipo__sigla": "IND", "tipo__descricao": "Indica\u00e7\u00e3o", "autoria": "Z\u00e9 Maria", "texto_original": "http://sapl.ivaipora.pr.leg.br/media/sapl/public/materialegislativa/2021/9890/700.pdf", "ementa": "JOS\u00c9 MARIA CARNEIRO, vereador infra-assinado, em pleno exerc\u00edcio de seu mandato parlamentar, vem mui respeitosamente atrav\u00e9s dessa Presid\u00eancia, INDICAR ao Senhor Prefeito Municipal, que por meio do Departamento competente para que fa\u00e7a bocas de lobo onde se faz necess\u00e1rio na Rua Aquidauana ao lado do Posto de Mola Dal Col. Fotos em anexo."}, {"id": "9891", "ano": "2021", "numero": "701", "tipo__sigla": "IND", "tipo__descricao": "Indica\u00e7\u00e3o", "autoria": "Fio Bertotti", "texto_original": "http://sapl.ivaipora.pr.leg.br/media/sapl/public/materialegislativa/2021/9891/701.pdf", "ementa": "EMERSON DA SILVA BERTOTTI, vereador infra-assinado, em pleno exerc\u00edcio de seu mandato parlamentar, vem mui respeitosamente atrav\u00e9s dessa Presid\u00eancia, INDICAR ao Senhor Prefeito Municipal, que por meio do Departamento Competente, providencie o patrolamento e cascalhamento da estrada que passa em frente ao aterro sanit\u00e1rio at\u00e9 a estrada da Vila Rural, muitos buracos devidos as fortes chuvas. Depois de recuperada ela vai ajudar com desvio quando come\u00e7ar a coloca\u00e7\u00e3o das pedras irregulares no trajeto de Ivaipor\u00e3 a Vila Rural."}, {"id": "9892", "ano": "2021", "numero": "702", "tipo__sigla": "IND", "tipo__descricao": "Indica\u00e7\u00e3o", "autoria": "Fio Bertotti", "texto_original": "http://sapl.ivaipora.pr.leg.br/media/sapl/public/materialegislativa/2021/9892/702.pdf", "ementa": "EMERSON DA SILVA BERTOTTI, vereador infra-assinado, em pleno exerc\u00edcio de seu mandato parlamentar, vem mui respeitosamente atrav\u00e9s dessa Presid\u00eancia, INDICAR ao Senhor Prefeito Municipal, que por meio do Departamento Competente, providencie a coloca\u00e7\u00e3o de uma mureta de prote\u00e7\u00e3o (Guard Rail) maior, na ponte sobre o rio Jacutinga na Rodovia Nicolau Koltun, por ser em uma curva precisa de mais prote\u00e7\u00e3o para evitar acidentes."}, {"id": "9893", "ano": "2021", "numero": "703", "tipo__sigla": "IND", "tipo__descricao": "Indica\u00e7\u00e3o", "autoria": "Josane Disner", "texto_original": "http://sapl.ivaipora.pr.leg.br/media/sapl/public/materialegislativa/2021/9893/703.pdf", "ementa": "JOSANE GORETE DISNER TEIXEIRA, vereadora infra-assinado, em pleno exerc\u00edcio de seu mandato parlamentar, vem mui respeitosamente atrav\u00e9s dessa Presid\u00eancia, INDICAR ao Senhor Prefeito Municipal, que por meio do Departamento de Educa\u00e7\u00e3o, inclua curso de Libras no curr\u00edculo escolar das Escolas Municipais."}, {"id": "9894", "ano": "2021", "numero": "704", "tipo__sigla": "IND", "tipo__descricao": "Indica\u00e7\u00e3o", "autoria": "Carniato", "texto_original": "http://sapl.ivaipora.pr.leg.br/media/sapl/public/materialegislativa/2021/9894/704.pdf", "ementa": "JOS\u00c9 MAURINO CARNIATO, vereador infra-assinado, em pleno exerc\u00edcio de seu mandato parlamentar, vem mui respeitosamente atrav\u00e9s dessa Presid\u00eancia, INDICAR ao Senhor Prefeito Municipal, que por meio do Departamento competente providencie eleva\u00e7\u00e3o da lombada no cruzamento da Avenida Souza Naves c/ Rua Jacob Goedert."}, {"id": "9895", "ano": "2021", "numero": "705", "tipo__sigla": "IND", "tipo__descricao": "Indica\u00e7\u00e3o", "autoria": "Jaffer Ferreira", "texto_original": "http://sapl.ivaipora.pr.leg.br/media/sapl/public/materialegislativa/2021/9895/705.pdf", "ementa": "JAFFER G. S. FERREIRA, vereador infra-assinado, em pleno exerc\u00edcio de seu mandato parlamentar, vem mui respeitosamente atrav\u00e9s dessa Presid\u00eancia, INDICAR ao Senhor Prefeito Municipal, que por meio do Departamento competente, que fa\u00e7a um planejamento e execu\u00e7\u00e3o de vagas para estacionamento nas vias p\u00fablicas do nosso munic\u00edpio (aumentar as vagas)."}, {"id": "9896", "ano": "2021", "numero": "706", "tipo__sigla": "IND", "tipo__descricao": "Indica\u00e7\u00e3o", "autoria": "Jaffer Ferreira", "texto_original": "http://sapl.ivaipora.pr.leg.br/media/sapl/public/materialegislativa/2021/9896/706.pdf", "ementa": "JAFFER G. S. FERREIRA, vereador infra-assinado, em pleno exerc\u00edcio de seu mandato parlamentar, vem mui respeitosamente atrav\u00e9s dessa Presid\u00eancia, INDICAR ao Senhor Prefeito Municipal, que por meio do Departamento competente, que providencie mais equipes para melhorar o atendimento em nossa cidade do Programa Sa\u00fade da Fam\u00edlia (PSF), e voltar o atendimento integral."}, {"id": "9897", "ano": "2021", "numero": "707", "tipo__sigla": "IND", "tipo__descricao": "Indica\u00e7\u00e3o", "autoria": "Jaffer Ferreira", "texto_original": "http://sapl.ivaipora.pr.leg.br/media/sapl/public/materialegislativa/2021/9897/707.pdf", "ementa": "JAFFER G. S. FERREIRA, vereador infra-assinado, em pleno exerc\u00edcio de seu mandato parlamentar, vem mui respeitosamente atrav\u00e9s dessa Presid\u00eancia, INDICAR ao Senhor Prefeito Municipal, que por meio do Departamento competente, que providencie melhoria no transporte escolar tanto na \u00e1rea urbana, quanto na \u00e1rea rural, nos aspectos de mais hor\u00e1rios, aumentar mais linhas e fazer a manuten\u00e7\u00e3o adequada se poss\u00edvel."}, {"id": "9899", "ano": "2021", "numero": "708", "tipo__sigla": "IND", "tipo__descricao": "Indica\u00e7\u00e3o", "autoria": "Josane Disner, Vila Real", "texto_original": "http://sapl.ivaipora.pr.leg.br/media/sapl/public/materialegislativa/2021/9899/708.pdf", "ementa": "JOSANE GORETE DISNER TEIXEIRA, vereadora infra-assinado, em pleno exerc\u00edcio de seu mandato parlamentar, vem mui respeitosamente atrav\u00e9s dessa Presid\u00eancia, INDICAR ao Senhor Prefeito Municipal, que por meio do Departamento competente, providencie a pavimenta\u00e7\u00e3o poli\u00e9drica (pedras irregulares) no seguimento da Rua Pindauva em Jacutinga."}, {"id": "9900", "ano": "2021", "numero": "709", "tipo__sigla": "IND", "tipo__descricao": "Indica\u00e7\u00e3o", "autoria": "Josane Disner", "texto_original": "http://sapl.ivaipora.pr.leg.br/media/sapl/public/materialegislativa/2021/9900/709.pdf", "ementa": "JOSANE GORETE DISNER TEIXEIRA, vereadora infra-assinado, em pleno exerc\u00edcio de seu mandato parlamentar, vem mui respeitosamente atrav\u00e9s dessa Presid\u00eancia, INDICAR ao Senhor Prefeito Municipal, que por meio do Departamento competente, providencie instala\u00e7\u00e3o de lombadas (quebra-molas) e placas de sinaliza\u00e7\u00e3o na Rua Mau\u00e1 n\u00ba 25 em frente a escola Estadual Nilo Pe\u00e7anha/ Escola Municipal do Campo Jacutinga."}, {"id": "9901", "ano": "2021", "numero": "710", "tipo__sigla": "IND", "tipo__descricao": "Indica\u00e7\u00e3o", "autoria": "Jaffer Ferreira", "texto_original": "http://sapl.ivaipora.pr.leg.br/media/sapl/public/materialegislativa/2021/9901/710.pdf", "ementa": "JAFFER G. S. FERREIRA, vereador infra-assinado, em pleno exerc\u00edcio de seu mandato parlamentar, vem mui respeitosamente atrav\u00e9s dessa Presid\u00eancia, INDICAR ao Senhor Prefeito Municipal, que por meio do Departamento competente, providencie limpeza, tampas e lacres de bueiros (boca de lobo) e recape asf\u00e1ltico na Rua Carlos Gomes no Jardim Aeroporto"}, {"id": "9902", "ano": "2021", "numero": "711", "tipo__sigla": "IND", "tipo__descricao": "Indica\u00e7\u00e3o", "autoria": "Jaffer Ferreira", "texto_original": "http://sapl.ivaipora.pr.leg.br/media/sapl/public/materialegislativa/2021/9902/711.pdf", "ementa": "JAFFER G. S. FERREIRA, vereador infra-assinado, em pleno exerc\u00edcio de seu mandato parlamentar, vem mui respeitosamente atrav\u00e9s dessa Presid\u00eancia, INDICAR ao Senhor Prefeito Municipal, que por meio do Departamento competente, providencie com urg\u00eancia massa asf\u00e1ltica sobre o buraco na rua Juarez Cleve em frente ao n\u00famero 120 pr\u00f3ximo a antigo chal\u00e9 Pirolo conforme. Fotos em anexo."}, {"id": "9903", "ano": "2021", "numero": "712", "tipo__sigla": "IND", "tipo__descricao": "Indica\u00e7\u00e3o", "autoria": "Gertrudes", "texto_original": "http://sapl.ivaipora.pr.leg.br/media/sapl/public/materialegislativa/2021/9903/712.pdf", "ementa": "GERTRUDES BERNARDY, Presidente do Legislativo e vereadora infra-assinado, em pleno exerc\u00edcio de seu mandato parlamentar, vem mui respeitosamente atrav\u00e9s dessa Presid\u00eancia, INDICAR ao Senhor Prefeito Municipal Luiz Carlos Gil, que por meio do Departamento Competente, analise e providencie a coloca\u00e7\u00e3o de alambrado nas laterais, ilumina\u00e7\u00e3o no campo que fica ao lado do Centro da Juventude e a manuten\u00e7\u00e3o do gramado."}, {"id": "9904", "ano": "2021", "numero": "713", "tipo__sigla": "IND", "tipo__descricao": "Indica\u00e7\u00e3o", "autoria": "Jaffer Ferreira, Carniato, Vila Real", "texto_original": "http://sapl.ivaipora.pr.leg.br/media/sapl/public/materialegislativa/2021/9904/713.pdf", "ementa": "JAFFER G. S. FERREIRA, ANTONIO VILA REAL e JOS\u00c9 MAURINO CARNIATO, vereadores infra-assinado, em pleno exerc\u00edcio de seu mandato parlamentar, vem mui respeitosamente atrav\u00e9s dessa Presid\u00eancia, INDICAR ao Senhor Prefeito Municipal, que por meio do Departamento competente se poss\u00edvel fazer na manuten\u00e7\u00e3o da ponte do rio da \u00c1gua da Prata do trecho que liga a Vila Nova Por\u00e3 a Vila Rural do munic\u00edpio de Ivaipor\u00e3 devido as grandes chuvas ocorridas. Fotos em anexo."}, {"id": "9905", "ano": "2021", "numero": "714", "tipo__sigla": "IND", "tipo__descricao": "Indica\u00e7\u00e3o", "autoria": "Carniato", "texto_original": "http://sapl.ivaipora.pr.leg.br/media/sapl/public/materialegislativa/2021/9905/714.pdf", "ementa": "JOS\u00c9 MAURINO CARNIATO, vereador infra-assinado, em pleno exerc\u00edcio de seu mandato parlamentar, vem mui respeitosamente atrav\u00e9s dessa Presid\u00eancia, INDICAR ao Senhor Prefeito Municipal, que por meio dos Departamentos competentes providencie medidas para o controle da infesta\u00e7\u00e3o de escorpi\u00f5es no Jardim Casa Grande I."}, {"id": "9907", "ano": "2021", "numero": "715", "tipo__sigla": "IND", "tipo__descricao": "Indica\u00e7\u00e3o", "autoria": "Carniato", "texto_original": "http://sapl.ivaipora.pr.leg.br/media/sapl/public/materialegislativa/2021/9907/715.pdf", "ementa": "JOS\u00c9 MAURINO CARNIATO, vereador infra-assinado, em pleno exerc\u00edcio de seu mandato parlamentar, vem mui respeitosamente atrav\u00e9s dessa Presid\u00eancia, INDICAR ao Senhor Prefeito Municipal, que por meio dos Departamento competente providencie tampa para galeria localizada no meio da Av. Maranh\u00e3o (antiga Av. Pres. Caf\u00e9 Filho), pr\u00f3ximo a quadra municipal no Jardim Esp\u00edrito Santo."}, {"id": "9908", "ano": "2021", "numero": "716", "tipo__sigla": "IND", "tipo__descricao": "Indica\u00e7\u00e3o", "autoria": "Carniato", "texto_original": "http://sapl.ivaipora.pr.leg.br/media/sapl/public/materialegislativa/2021/9908/716.pdf", "ementa": "JOS\u00c9 MAURINO CARNIATO, vereador infra-assinado, em pleno exerc\u00edcio de seu mandato parlamentar, vem mui respeitosamente atrav\u00e9s dessa Presid\u00eancia, INDICAR ao Senhor Prefeito Municipal, que por meio dos Departamentos competentes providencie adequa\u00e7\u00e3o e cascalhamento na estrada do Fuminho at\u00e9 o Sitio do Senhor Jo\u00e3o Maria, na regi\u00e3o do Cruzeirinho."}, {"id": "9909", "ano": "2021", "numero": "717", "tipo__sigla": "IND", "tipo__descricao": "Indica\u00e7\u00e3o", "autoria": "Carniato", "texto_original": "http://sapl.ivaipora.pr.leg.br/media/sapl/public/materialegislativa/2021/9909/717.pdf", "ementa": "JOS\u00c9 MAURINO CARNIATO, vereador infra-assinado, em pleno exerc\u00edcio de seu mandato parlamentar, vem mui respeitosamente atrav\u00e9s dessa Presid\u00eancia, INDICAR ao Senhor Prefeito Municipal, que por meio dos Departamentos competentes providencie tampa para boca de lobo na Avenida Maranh\u00e3o, em frente \u00e0 Igreja Crist\u00e3 no Brasil \u2013 Vila Santa Terezinha. Foto em anexo."}, {"id": "9910", "ano": "2021", "numero": "718", "tipo__sigla": "IND", "tipo__descricao": "Indica\u00e7\u00e3o", "autoria": "Josane Disner", "texto_original": "http://sapl.ivaipora.pr.leg.br/media/sapl/public/materialegislativa/2021/9910/718.pdf", "ementa": "JOSANE GORETE DISNER TEIXEIRA, vereadora infra-assinado, em pleno exerc\u00edcio de seu mandato parlamentar, vem mui respeitosamente atrav\u00e9s dessa Presid\u00eancia, INDICAR ao Senhor Prefeito Municipal, que por meio do Departamento competente, realize um estudo para implanta\u00e7\u00e3o de um espa\u00e7o ou casa para acolher mulheres v\u00edtimas de viol\u00eancia."}, {"id": "9911", "ano": "2021", "numero": "719", "tipo__sigla": "IND", "tipo__descricao": "Indica\u00e7\u00e3o", "autoria": "Fio Bertotti", "texto_original": "http://sapl.ivaipora.pr.leg.br/media/sapl/public/materialegislativa/2021/9911/719.pdf", "ementa": "EMERSON DA SILVA BERTOTTI, vereador infra-assinado, em pleno exerc\u00edcio de seu mandato parlamentar, vem mui respeitosamente atrav\u00e9s dessa Presid\u00eancia, INDICAR ao Senhor Prefeito Municipal, que por meio do Departamento Competente, providencie ro\u00e7ada e manuten\u00e7\u00e3o em volta do campo e da quadra de futebol no distrito de Jacutinga, muito mato no local."}, {"id": "9912", "ano": "2021", "numero": "720", "tipo__sigla": "IND", "tipo__descricao": "Indica\u00e7\u00e3o", "autoria": "Fio Bertotti", "texto_original": "http://sapl.ivaipora.pr.leg.br/media/sapl/public/materialegislativa/2021/9912/720.pdf", "ementa": "EMERSON DA SILVA BERTOTTI, vereador infra-assinado, em pleno exerc\u00edcio de seu mandato parlamentar, vem mui respeitosamente atrav\u00e9s dessa Presid\u00eancia, INDICAR ao Senhor Prefeito Municipal, que por meio do Departamento competente, providencie a reforma e manuten\u00e7\u00e3o na escada e rampa do canteiro na Avenida Alcir Wieleski, no conjunto Mour\u00e3o Filho, ambas est\u00e3o muito deterioradas podendo provocar acidentes aos pedestres. Segue foto em anexo."}, {"id": "9913", "ano": "2021", "numero": "721", "tipo__sigla": "IND", "tipo__descricao": "Indica\u00e7\u00e3o", "autoria": "Fio Bertotti", "texto_original": "http://sapl.ivaipora.pr.leg.br/media/sapl/public/materialegislativa/2021/9913/721.pdf", "ementa": "EMERSON DA SILVA BERTOTTI, vereador infra-assinado, em pleno exerc\u00edcio de seu mandato parlamentar, vem mui respeitosamente atrav\u00e9s dessa Presid\u00eancia, INDICAR ao Senhor Prefeito Municipal, que por meio do Departamento Competente, providencie um tapa buraco pontual na estrada do Santa Barbara, pr\u00f3ximo ao rio depois do campo do Vani, buracos ocasionados devido \u00e0s fortes chuvas dos \u00faltimos dias, e podendo causar poss\u00edveis acidentes. Foto em anexo."}, {"id": "9914", "ano": "2021", "numero": "722", "tipo__sigla": "IND", "tipo__descricao": "Indica\u00e7\u00e3o", "autoria": "Josane Disner", "texto_original": "http://sapl.ivaipora.pr.leg.br/media/sapl/public/materialegislativa/2021/9914/722.pdf", "ementa": "JOSANE GORETE DISNER TEIXEIRA, vereadora infra-assinado, em pleno exerc\u00edcio de seu mandato parlamentar, vem mui respeitosamente atrav\u00e9s dessa Presid\u00eancia, INDICAR ao Senhor Prefeito Municipal, que por meio do Departamento competente, providencie pintura nos locais onde os ve\u00edculos e motos estacionam, na Rua Rio Grande do Sul, fundos do Col\u00e9gio Id\u00e1lia Rocha, pois os motoristas n\u00e3o respeitam as vagas, estacionando de qualquer jeito, usando vaga de carro para colocar uma moto, ocasionando grande transtorno aos que ali necessitam estacionar. Os comerciantes todos reclamam."}, {"id": "9915", "ano": "2021", "numero": "723", "tipo__sigla": "IND", "tipo__descricao": "Indica\u00e7\u00e3o", "autoria": "Z\u00e9 Maria", "texto_original": "http://sapl.ivaipora.pr.leg.br/media/sapl/public/materialegislativa/2021/9915/723.pdf", "ementa": "JOS\u00c9 MARIA CARNEIRO, vereador infra-assinado, em pleno exerc\u00edcio de seu mandato parlamentar, vem mui respeitosamente atrav\u00e9s dessa Presid\u00eancia, INDICAR ao Senhor Prefeito Municipal, que por meio do Departamento competente para que fa\u00e7a uma faixa elevada na Avenida Brasil, em frente a Panificadora Big P\u00e3o, permitindo aos pedestres mais seguran\u00e7a, proporcionando assim a visibilidade para os condutores, pedido dos comerciantes locais."}, {"id": "9916", "ano": "2021", "numero": "724", "tipo__sigla": "IND", "tipo__descricao": "Indica\u00e7\u00e3o", "autoria": "Jaffer Ferreira", "texto_original": "http://sapl.ivaipora.pr.leg.br/media/sapl/public/materialegislativa/2021/9916/724.pdf", "ementa": "JAFFER G. S. FERREIRA, vereador infra-assinado, em pleno exerc\u00edcio de seu mandato parlamentar, vem mui respeitosamente atrav\u00e9s dessa Presid\u00eancia, INDICAR ao Senhor Prefeito Municipal, que por meio do Departamento competente, realize um estudo em rela\u00e7\u00e3o as propriedades rurais que necessitam de uma m\u00e1quina para fazer um explanado, um carreador, enfim fazer o que for necess\u00e1rio para colaborar com nossos agricultores do nosso mun\u00edcipio."}, {"id": "9917", "ano": "2021", "numero": "725", "tipo__sigla": "IND", "tipo__descricao": "Indica\u00e7\u00e3o", "autoria": "Jaffer Ferreira", "texto_original": "http://sapl.ivaipora.pr.leg.br/media/sapl/public/materialegislativa/2021/9917/725.pdf", "ementa": "JAFFER G. S. FERREIRA, vereador infra-assinado, em pleno exerc\u00edcio de seu mandato parlamentar, vem mui respeitosamente atrav\u00e9s dessa Presid\u00eancia, INDICAR ao Senhor Prefeito Municipal, que por meio do Departamento competente, realize um estudo para incentivos como doa\u00e7\u00e3o de terrenos para as ind\u00fastrias, fabricas para que possam instalar em Ivaipor\u00e3 e fomentar a gera\u00e7\u00e3o de empregos, al\u00e9m de apoiar no sentido da parte tribut\u00e1ria como isen\u00e7\u00e3o de alguns impostos municipais."}, {"id": "9918", "ano": "2021", "numero": "726", "tipo__sigla": "IND", "tipo__descricao": "Indica\u00e7\u00e3o", "autoria": "Vila Real", "texto_original": "http://sapl.ivaipora.pr.leg.br/media/sapl/public/materialegislativa/2021/9918/726.pdf", "ementa": "ANTONIO VILA REAL, vereador infra-assinado, em pleno exerc\u00edcio de seu mandato parlamentar, vem mui respeitosamente atrav\u00e9s dessa Presid\u00eancia, INDICAR ao Senhor Prefeito Municipal, que por meio do Departamento competente, providencie enfeites de Natal e fa\u00e7a a lavagem na cal\u00e7ada da Pra\u00e7a Espanha."}, {"id": "9919", "ano": "2021", "numero": "727", "tipo__sigla": "IND", "tipo__descricao": "Indica\u00e7\u00e3o", "autoria": "Jaffer Ferreira", "texto_original": "http://sapl.ivaipora.pr.leg.br/media/sapl/public/materialegislativa/2021/9919/727.pdf", "ementa": "JAFFER G. S. FERREIRA, vereador infra-assinado, em pleno exerc\u00edcio de seu mandato parlamentar, vem mui respeitosamente atrav\u00e9s dessa Presid\u00eancia, INDICAR ao Senhor Prefeito Municipal, que por meio do Departamento competente, analise a possibilidade contratar um porteiro para trabalhar no Posto de Sa\u00fade Central, para facilitar a entrada dos usu\u00e1rios para que possam esperar o atendimento sentados e n\u00e3o ficar ao c\u00e9u aberto. Tem muitas pessoas que n\u00e3o conseguem ficar em p\u00e9. Fotos em anexo."}, {"id": "9920", "ano": "2021", "numero": "728", "tipo__sigla": "IND", "tipo__descricao": "Indica\u00e7\u00e3o", "autoria": "Josane Disner", "texto_original": "http://sapl.ivaipora.pr.leg.br/media/sapl/public/materialegislativa/2021/9920/728.pdf", "ementa": "JOSANE GORETE DISNER TEIXEIRA, vereadora infra-assinado, em pleno exerc\u00edcio de seu mandato parlamentar, vem mui respeitosamente atrav\u00e9s dessa Presid\u00eancia, INDICAR ao Senhor Prefeito Municipal, que por meio do Departamento competente, analise a possibilidade de contratar Fisioterapeuta para programa de reabilita\u00e7\u00e3o de crian\u00e7as portadoras de doen\u00e7as degenerativas (doen\u00e7as que causam les\u00f5es nas c\u00e9lulas, podendo afetar a vis\u00e3o, os ossos, os tecidos, os vasos sangu\u00edneos, entre outros): utilizando a piscina no Centro da Juventude para atender a v\u00e1rios casos de nosso munic\u00edpio. H\u00e1 estudos que a hidrogin\u00e1stica \u00e9 muito importante para o desenvolvimento biopsicossocial, autoconfian\u00e7a, disciplina e postura corporal."}, {"id": "9921", "ano": "2021", "numero": "729", "tipo__sigla": "IND", "tipo__descricao": "Indica\u00e7\u00e3o", "autoria": "Jaffer Ferreira", "texto_original": "http://sapl.ivaipora.pr.leg.br/media/sapl/public/materialegislativa/2021/9921/729.pdf", "ementa": "JAFFER G. S. FERREIRA, vereador infra-assinado, em pleno exerc\u00edcio de seu mandato parlamentar, vem mui respeitosamente atrav\u00e9s dessa Presid\u00eancia, INDICAR ao Senhor Prefeito Municipal, que por meio do Departamento competente, providencie instala\u00e7\u00e3o de c\u00e2mera de monitoramento na estrada do Ouro Verde, inibindo as a\u00e7\u00f5es de pessoas que est\u00e3o jogando lixos na pista e flagrar os ve\u00edculos que est\u00e3o trafegando em alta velocidade. Confere as fotos em anexo."}, {"id": "9922", "ano": "2021", "numero": "730", "tipo__sigla": "IND", "tipo__descricao": "Indica\u00e7\u00e3o", "autoria": "Fio Bertotti", "texto_original": "http://sapl.ivaipora.pr.leg.br/media/sapl/public/materialegislativa/2021/9922/730.pdf", "ementa": "JAFFER G. S. FERREIRA, vereador infra-assinado, em pleno exerc\u00edcio de seu mandato parlamentar, vem mui respeitosamente atrav\u00e9s dessa Presid\u00eancia, INDICAR ao Senhor Prefeito Municipal, que por meio do Departamento competente, providencie instala\u00e7\u00e3o de c\u00e2mera de monitoramento na estrada do Ouro Verde, inibindo as a\u00e7\u00f5es de pessoas que est\u00e3o jogando lixos na pista e flagrar os ve\u00edculos que est\u00e3o trafegando em alta velocidade. Confere as fotos em anexo."}, {"id": "9923", "ano": "2021", "numero": "731", "tipo__sigla": "IND", "tipo__descricao": "Indica\u00e7\u00e3o", "autoria": "Jaffer Ferreira", "texto_original": "http://sapl.ivaipora.pr.leg.br/media/sapl/public/materialegislativa/2021/9923/731.pdf", "ementa": "JAFFER G. S. FERREIRA, vereador infra-assinado, em pleno exerc\u00edcio de seu mandato parlamentar, vem mui respeitosamente atrav\u00e9s dessa Presid\u00eancia, INDICAR ao Senhor Prefeito Municipal, que por meio do Departamento competente, para que realize um estudo para mudar o poste que est\u00e1 em frente da UPA, este poste est\u00e1 atrapalhando a entrada dos ve\u00edculos e da ambul\u00e2ncia. Foto em anexo."}, {"id": "9924", "ano": "2021", "numero": "732", "tipo__sigla": "IND", "tipo__descricao": "Indica\u00e7\u00e3o", "autoria": "Jaffer Ferreira", "texto_original": "http://sapl.ivaipora.pr.leg.br/media/sapl/public/materialegislativa/2021/9924/732.pdf", "ementa": "Providencie instala\u00e7\u00f5es de bebedouros de \u00e1gua e mais torneiras para que as pessoas possam usar no lago Jardim Bot\u00e2nico."}, {"id": "9926", "ano": "2021", "numero": "733", "tipo__sigla": "IND", "tipo__descricao": "Indica\u00e7\u00e3o", "autoria": "Jaffer Ferreira", "texto_original": "http://sapl.ivaipora.pr.leg.br/media/sapl/public/materialegislativa/2021/9926/733.pdf", "ementa": "Providencie lavar as placas de tr\u00e2nsito da cidade oferecendo uma maior visibilidade aos motoristas. Fotos em anexo."}, {"id": "9928", "ano": "2021", "numero": "734", "tipo__sigla": "IND", "tipo__descricao": "Indica\u00e7\u00e3o", "autoria": "Nando Dorta", "texto_original": "http://sapl.ivaipora.pr.leg.br/media/sapl/public/materialegislativa/2021/9928/734.pdf", "ementa": "Providencie uma tampa de bueiro entre as ruas Ucr\u00e2nia e Holanda, no Jardim Europa, pr\u00f3ximo ao Posto Catua\u00ed."}, {"id": "9929", "ano": "2021", "numero": "735", "tipo__sigla": "IND", "tipo__descricao": "Indica\u00e7\u00e3o", "autoria": "Fio Bertotti", "texto_original": "http://sapl.ivaipora.pr.leg.br/media/sapl/public/materialegislativa/2021/9929/735.pdf", "ementa": "EMERSON DA SILVA BERTOTTI, vereador infra-assinado, em pleno exerc\u00edcio de seu mandato parlamentar, vem mui respeitosamente atrav\u00e9s dessa Presid\u00eancia, INDICAR ao Senhor Prefeito Municipal, que por meio do Departamento Competente, providencie a notifica\u00e7\u00e3o das empresas de internet e telefone, sobre fios que n\u00e3o est\u00e3o sendo mais utilizados e ficam baixo nos postes, podendo provocar acidentes com pedestres, ciclistas e principalmente motociclistas."}, {"id": "9930", "ano": "2021", "numero": "736", "tipo__sigla": "IND", "tipo__descricao": "Indica\u00e7\u00e3o", "autoria": "Fio Bertotti", "texto_original": "http://sapl.ivaipora.pr.leg.br/media/sapl/public/materialegislativa/2021/9930/736.pdf", "ementa": "EMERSON DA SILVA BERTOTTI, vereador infra-assinado, em pleno exerc\u00edcio de seu mandato parlamentar, vem mui respeitosamente atrav\u00e9s dessa Presid\u00eancia, INDICAR ao Senhor Prefeito Municipal, que por meio do Departamento Competente, providencie a compra de cadeiras de roda e cadeiras de banho, para serem cedidas as pessoas que precisarem, atrav\u00e9s de empr\u00e9stimo, para aquelas pessoas que n\u00e3o possuem condi\u00e7\u00f5es de comprar."}, {"id": "9931", "ano": "2021", "numero": "737", "tipo__sigla": "IND", "tipo__descricao": "Indica\u00e7\u00e3o", "autoria": "Fio Bertotti", "texto_original": "http://sapl.ivaipora.pr.leg.br/media/sapl/public/materialegislativa/2021/9931/737.pdf", "ementa": "EMERSON DA SILVA BERTOTTI, vereador infra-assinado, em pleno exerc\u00edcio de seu mandato parlamentar, vem mui respeitosamente atrav\u00e9s dessa Presid\u00eancia, INDICAR ao Senhor Prefeito Municipal, que por meio do Departamento competente, providencie melhorias na ilumina\u00e7\u00e3o da rua principal no Distrito de Sabugueiro, melhorando assim as condi\u00e7\u00f5es e dando mais seguran\u00e7a aos moradores."}, {"id": "9932", "ano": "2021", "numero": "738", "tipo__sigla": "IND", "tipo__descricao": "Indica\u00e7\u00e3o", "autoria": "Fio Bertotti", "texto_original": "http://sapl.ivaipora.pr.leg.br/media/sapl/public/materialegislativa/2021/9932/738.pdf", "ementa": "EMERSON DA SILVA BERTOTTI, vereador infra-assinado, em pleno exerc\u00edcio de seu mandato parlamentar, vem mui respeitosamente atrav\u00e9s dessa Presid\u00eancia, INDICAR ao Senhor Prefeito Municipal, que por meio do Departamento competente, providencie a ro\u00e7ada e limpeza da pista de caminhada que come\u00e7a pr\u00f3ximo a madeireira Madeporta, passando pelo lago das Flores e termina no lago Jardim Bot\u00e2nico, h\u00e1 lugares com mato alto dificultando a caminhada. Foto em anexo."}, {"id": "9933", "ano": "2021", "numero": "739", "tipo__sigla": "IND", "tipo__descricao": "Indica\u00e7\u00e3o", "autoria": "Sab\u00e3o - Edivaldo Montanheri", "texto_original": "http://sapl.ivaipora.pr.leg.br/media/sapl/public/materialegislativa/2021/9933/739.pdf", "ementa": "EDIVALDO APARECIDO MONTANHERI, vereador infra-assinado, em pleno exerc\u00edcio de seu mandato parlamentar, vem mui respeitosamente atrav\u00e9s dessa Presid\u00eancia, INDICAR ao Senhor Prefeito Municipal, que por meio do Departamento competente, providencie enfeites de Natal, no Conjunto Waldomiro Bleis Guergoletti, na Vila Nova Por\u00e3, pedido dos moradores."}, {"id": "9934", "ano": "2021", "numero": "740", "tipo__sigla": "IND", "tipo__descricao": "Indica\u00e7\u00e3o", "autoria": "Josane Disner", "texto_original": "http://sapl.ivaipora.pr.leg.br/media/sapl/public/materialegislativa/2021/9934/740.pdf", "ementa": "JOSANE GORETE DISNER TEIXEIRA, vereadora infra-assinado, em pleno exerc\u00edcio de seu mandato parlamentar, vem mui respeitosamente atrav\u00e9s dessa Presid\u00eancia, INDICAR ao Senhor Prefeito Municipal, que por meio do Departamento competente, providencie a troca da tampa do bueiro na Avenida Tancredo Neves esquina com a Rua Corn\u00e9lio Proc\u00f3pio em frente ao Mercado Novo Ponto. Foto em anexo."}, {"id": "9935", "ano": "2021", "numero": "741", "tipo__sigla": "IND", "tipo__descricao": "Indica\u00e7\u00e3o", "autoria": "Josane Disner", "texto_original": "http://sapl.ivaipora.pr.leg.br/media/sapl/public/materialegislativa/2021/9935/741.pdf", "ementa": "JOSANE GORETE DISNER TEIXEIRA, vereadora infra-assinado, em pleno exerc\u00edcio de seu mandato parlamentar, vem mui respeitosamente atrav\u00e9s dessa Presid\u00eancia, INDICAR ao Senhor Prefeito Municipal, que por meio do Departamento competente, providencie ilumina\u00e7\u00e3o e enfeites de Natal, na Avenida Souza Naves pr\u00f3ximo ao Terminal Rodovi\u00e1rio."}, {"id": "9936", "ano": "2021", "numero": "742", "tipo__sigla": "IND", "tipo__descricao": "Indica\u00e7\u00e3o", "autoria": "Carniato", "texto_original": "http://sapl.ivaipora.pr.leg.br/media/sapl/public/materialegislativa/2021/9936/742.pdf", "ementa": "JOS\u00c9 MAURINO CARNIATO, vereador infra-assinado, em pleno exerc\u00edcio de seu mandato parlamentar, vem mui respeitosamente atrav\u00e9s dessa Presid\u00eancia, INDICAR ao Senhor Prefeito Municipal, que por meio dos Departamentos competentes providencie adequa\u00e7\u00e3o no recape asf\u00e1ltico das ruas Po\u00e7os de Caldas a Rua Par\u00e1. O asfalto se encontra muito esburacado. Foto em anexo."}, {"id": "9937", "ano": "2021", "numero": "743", "tipo__sigla": "IND", "tipo__descricao": "Indica\u00e7\u00e3o", "autoria": "Z\u00e9 Maria", "texto_original": "http://sapl.ivaipora.pr.leg.br/media/sapl/public/materialegislativa/2021/9937/743.pdf", "ementa": "JOS\u00c9 MARIA CARNEIRO, vereador infra-assinado, em pleno exerc\u00edcio de seu mandato parlamentar, vem mui respeitosamente atrav\u00e9s dessa Presid\u00eancia, INDICAR ao Senhor Prefeito Municipal, que por meio do Departamento competente para que fa\u00e7a uma rede de prote\u00e7\u00e3o nas quadras de esportes onde se faz necess\u00e1rio no lago Jardim Bot\u00e2nico, oferecendo maior seguran\u00e7a e comodidade aos seus espectadores. Fotos em anexo."}, {"id": "9938", "ano": "2021", "numero": "744", "tipo__sigla": "IND", "tipo__descricao": "Indica\u00e7\u00e3o", "autoria": "Jaffer Ferreira", "texto_original": "http://sapl.ivaipora.pr.leg.br/media/sapl/public/materialegislativa/2021/9938/744.pdf", "ementa": "Providencie um estudo, para mudan\u00e7a de local do Abrigo Toca de Assis do nosso munic\u00edpio (canil), pois os moradores que residem pr\u00f3ximo ao local, queixam-se frequentemente das condi\u00e7\u00f5es insalubres, o local inclusive est\u00e1 ao lado do Rio Pida\u00fava."}, {"id": "9939", "ano": "2021", "numero": "745", "tipo__sigla": "IND", "tipo__descricao": "Indica\u00e7\u00e3o", "autoria": "Z\u00e9 Maria", "texto_original": "http://sapl.ivaipora.pr.leg.br/media/sapl/public/materialegislativa/2021/9939/745.pdf", "ementa": "JOS\u00c9 MARIA CARNEIRO, vereador infra-assinado, em pleno exerc\u00edcio de seu mandato parlamentar, vem mui respeitosamente atrav\u00e9s dessa Presid\u00eancia, INDICAR ao Senhor Prefeito Municipal, que por meio do Departamento competente para que fa\u00e7a a manuten\u00e7\u00e3o da boca de lobo e troque a tampa quebrada na Avenida Maranh\u00e3o em frente \u00e0 casa n\u00b0 3.720. Fotos em anexo."}, {"id": "9941", "ano": "2021", "numero": "746", "tipo__sigla": "IND", "tipo__descricao": "Indica\u00e7\u00e3o", "autoria": "Jaffer Ferreira", "texto_original": "http://sapl.ivaipora.pr.leg.br/media/sapl/public/materialegislativa/2021/9941/746.pdf", "ementa": "JAFFER G. S. FERREIRA, vereador infra-assinado, em pleno exerc\u00edcio de seu mandato parlamentar, vem mui respeitosamente atrav\u00e9s dessa Presid\u00eancia, INDICAR ao Senhor Prefeito Municipal, que por meio do Departamento competente, providencie um estudo para ligar a Rua Po\u00e7os de Caldas at\u00e9 a rua Pl\u00e1cido Miranda. Conforme as fotos em anexo."}, {"id": "9943", "ano": "2021", "numero": "747", "tipo__sigla": "IND", "tipo__descricao": "Indica\u00e7\u00e3o", "autoria": "Fio Bertotti", "texto_original": "http://sapl.ivaipora.pr.leg.br/media/sapl/public/materialegislativa/2021/9943/747.pdf", "ementa": "EMERSON DA SILVA BERTOTTI, vereador infra-assinado, em pleno exerc\u00edcio de seu mandato parlamentar, vem mui respeitosamente atrav\u00e9s dessa Presid\u00eancia, INDICAR ao Senhor Prefeito Municipal, que por meio do Departamento Competente, providencie a constru\u00e7\u00e3o de um ponto de \u00f4nibus coberto na rua Tr\u00eas Marias no Jardim Ipor\u00e3, melhorando as condi\u00e7\u00f5es dos moradores nos dias de chuva e sol muito quente."}, {"id": "9945", "ano": "2021", "numero": "748", "tipo__sigla": "IND", "tipo__descricao": "Indica\u00e7\u00e3o", "autoria": "Fio Bertotti", "texto_original": "http://sapl.ivaipora.pr.leg.br/media/sapl/public/materialegislativa/2021/9945/748.pdf", "ementa": "EMERSON DA SILVA BERTOTTI, vereador infra-assinado, em pleno exerc\u00edcio de seu mandato parlamentar, vem mui respeitosamente atrav\u00e9s dessa Presid\u00eancia, INDICAR ao Senhor Prefeito Municipal, que por meio do Departamento competente, providencie a coloca\u00e7\u00e3o de mais areia nas quadras de v\u00f4lei mais antigas, ambos no lago Jardim Bot\u00e2nico."}, {"id": "9948", "ano": "2021", "numero": "749", "tipo__sigla": "IND", "tipo__descricao": "Indica\u00e7\u00e3o", "autoria": "Fio Bertotti", "texto_original": "http://sapl.ivaipora.pr.leg.br/media/sapl/public/materialegislativa/2021/9948/749.pdf", "ementa": "EMERSON DA SILVA BERTOTTI, vereador infra-assinado, em pleno exerc\u00edcio de seu mandato parlamentar, vem mui respeitosamente atrav\u00e9s dessa Presid\u00eancia, INDICAR ao Senhor Prefeito Municipal, que por meio do Departamento Competente, providencie um redutor de velocidade (quebra mola) na Rua Ucr\u00e2nia em frente ao n\u00famero 155, depois do recape asf\u00e1ltico os carros est\u00e3o desenvolvendo alta velocidade no local."}, {"id": "9949", "ano": "2021", "numero": "750", "tipo__sigla": "IND", "tipo__descricao": "Indica\u00e7\u00e3o", "autoria": "Jaffer Ferreira", "texto_original": "http://sapl.ivaipora.pr.leg.br/media/sapl/public/materialegislativa/2021/9949/750.pdf", "ementa": "JAFFER G. S. FERREIRA, vereador infra-assinado, em pleno exerc\u00edcio de seu mandato parlamentar, vem mui respeitosamente atrav\u00e9s dessa Presid\u00eancia, INDICAR ao Senhor Prefeito Municipal, que por meio do Departamento competente, providencie limpeza na Rua Bem -Te- Vi e fa\u00e7a notifica\u00e7\u00e3o dos moradores que est\u00e3o jogando entulhos nas ruas. Confere as fotos em anexo."}, {"id": "9950", "ano": "2021", "numero": "751", "tipo__sigla": "IND", "tipo__descricao": "Indica\u00e7\u00e3o", "autoria": "Gertrudes", "texto_original": "http://sapl.ivaipora.pr.leg.br/media/sapl/public/materialegislativa/2021/9950/751.pdf", "ementa": "GERTRUDES BERNARDY, Presidente do Legislativo e vereadora infra-assinado, em pleno exerc\u00edcio de seu mandato parlamentar, vem mui respeitosamente atrav\u00e9s dessa Presid\u00eancia, INDICAR ao Senhor Prefeito Municipal Luiz Carlos Gil, que por meio do Departamento Competente, analise e providencie um Caminh\u00e3o Pipa para o Departamento de Meio Ambiente."}, {"id": "11020", "ano": "2021", "numero": "1", "tipo__sigla": "ATOS", "tipo__descricao": "ATOS", "autoria": "Mesa Diretiva - MD", "texto_original": "http://sapl.ivaipora.pr.leg.br/media/sapl/public/materialegislativa/2021/11020/ato_2021_1.pdf", "ementa": "Regulamentar no \u00e2mbito da C\u00e2mara Municipal de Ivaipor\u00e3-PR o sistema de trabalho remoto denominado \"home office\" na realiza\u00e7\u00e3o dos trabalhos administrativos e operacionais dos servidores pertencentes ao quadro da C\u00e2mara de Vereadores."}]}