{"headers": {"id": "ID", "ano": "Ano", "numero": "N\u00famero", "tipo__sigla": "Tipo de Mat\u00e9ria Legislativa/Sigla", "tipo__descricao": "Tipo de Mat\u00e9ria Legislativa/Descri\u00e7\u00e3o", "autoria": "Autorias", "texto_original": "Texto Original", "ementa": "Ementa"}, "results": [{"id": "6348", "ano": "2019", "numero": "2", "tipo__sigla": "PLC", "tipo__descricao": "Projeto de Lei Complementar", "autoria": "Miguel Roberto do Amaral", "texto_original": "http://sapl.ivaipora.pr.leg.br/media/sapl/public/materialegislativa/2019/6348/plc_no_02-2019.pdf", "ementa": "Institui o Plano Comunit\u00e1rio de Pavimenta\u00e7\u00e3o do Munic\u00edpio de Ivaipor\u00e3/PR, e d\u00e1 outras provid\u00eancias."}, {"id": "393", "ano": "2019", "numero": "1", "tipo__sigla": "PLE", "tipo__descricao": "Projeto de Lei do Executivo", "autoria": "Miguel Roberto do Amaral", "texto_original": "http://sapl.ivaipora.pr.leg.br/media/sapl/public/materialegislativa/2019/393/ple-01-2019.pdf", "ementa": "Disp\u00f5e sobre a contrata\u00e7\u00e3o por tempo determinado para atender \u00e0 necessidade tempor\u00e1ria de excepcional interesse p\u00fablico da Diretoria Municipal de Educa\u00e7\u00e3o, nos termos do inciso IX do artigo 37 da Constitui\u00e7\u00e3o Federal, e d\u00e1 outras provid\u00eancias"}, {"id": "394", "ano": "2019", "numero": "2", "tipo__sigla": "PLE", "tipo__descricao": "Projeto de Lei do Executivo", "autoria": "Miguel Roberto do Amaral", "texto_original": "http://sapl.ivaipora.pr.leg.br/media/sapl/public/materialegislativa/2019/394/ple-02-2019.pdf", "ementa": "Autoriza o Executivo Municipal de Ivaipor\u00e3/PR a celebrar Termo de Parceria com o INSTITUTO DE SA\u00daDE BOM JESUS, e d\u00e1 outras provid\u00eancias."}, {"id": "396", "ano": "2019", "numero": "3", "tipo__sigla": "PLE", "tipo__descricao": "Projeto de Lei do Executivo", "autoria": "Miguel Roberto do Amaral", "texto_original": "http://sapl.ivaipora.pr.leg.br/media/sapl/public/materialegislativa/2019/396/ple-03-2019.pdf", "ementa": "Autoriza o Executivo Municipal a reajustar os sal\u00e1rios e vencimentos dos servidores municipais e d\u00e1 outras provid\u00eancias."}, {"id": "397", "ano": "2019", "numero": "4", "tipo__sigla": "PLE", "tipo__descricao": "Projeto de Lei do Executivo", "autoria": "Miguel Roberto do Amaral", "texto_original": "http://sapl.ivaipora.pr.leg.br/media/sapl/public/materialegislativa/2019/397/ple-04-2019.pdf", "ementa": "Autoriza o Executivo Municipal a conceder abono salarial a servidores efetivos do Munic\u00edpio de Ivaipor\u00e3/PR, e d\u00e1 outras provid\u00eancias."}, {"id": "398", "ano": "2019", "numero": "5", "tipo__sigla": "PLE", "tipo__descricao": "Projeto de Lei do Executivo", "autoria": "Miguel Roberto do Amaral", "texto_original": "http://sapl.ivaipora.pr.leg.br/media/sapl/public/materialegislativa/2019/398/ple-05-2019.pdf", "ementa": "Abre um Cr\u00e9dito Adicional Especial e d\u00e1 outras provid\u00eancias."}, {"id": "400", "ano": "2019", "numero": "6", "tipo__sigla": "PLE", "tipo__descricao": "Projeto de Lei do Executivo", "autoria": "Miguel Roberto do Amaral", "texto_original": "http://sapl.ivaipora.pr.leg.br/media/sapl/public/materialegislativa/2019/400/ple-06-2019.pdf", "ementa": "Abre um Cr\u00e9dito Adicional Especial e d\u00e1 outras provid\u00eancias."}, {"id": "402", "ano": "2019", "numero": "7", "tipo__sigla": "PLE", "tipo__descricao": "Projeto de Lei do Executivo", "autoria": "Miguel Roberto do Amaral", "texto_original": "http://sapl.ivaipora.pr.leg.br/media/", "ementa": "Abre um Cr\u00e9dito Adicional Especial e d\u00e1 outras provid\u00eancias."}, {"id": "404", "ano": "2019", "numero": "8", "tipo__sigla": "PLE", "tipo__descricao": "Projeto de Lei do Executivo", "autoria": "Miguel Roberto do Amaral", "texto_original": "http://sapl.ivaipora.pr.leg.br/media/sapl/public/materialegislativa/2019/404/ple-08-2019.pdf", "ementa": "Abre um Cr\u00e9dito Adicional Especial e d\u00e1 outras provid\u00eancias."}, {"id": "409", "ano": "2019", "numero": "9", "tipo__sigla": "PLE", "tipo__descricao": "Projeto de Lei do Executivo", "autoria": "Miguel Roberto do Amaral", "texto_original": "http://sapl.ivaipora.pr.leg.br/media/sapl/public/materialegislativa/2019/409/ple-09-2019.pdf", "ementa": "Abre um Cr\u00e9dito Adicional Especial e d\u00e1 outras provid\u00eancias."}, {"id": "410", "ano": "2019", "numero": "10", "tipo__sigla": "PLE", "tipo__descricao": "Projeto de Lei do Executivo", "autoria": "Miguel Roberto do Amaral", "texto_original": "http://sapl.ivaipora.pr.leg.br/media/", "ementa": "Abre um Cr\u00e9dito Adicional Especial e d\u00e1 outras provid\u00eancias."}, {"id": "412", "ano": "2019", "numero": "11", "tipo__sigla": "PLE", "tipo__descricao": "Projeto de Lei do Executivo", "autoria": "Miguel Roberto do Amaral", "texto_original": "http://sapl.ivaipora.pr.leg.br/media/sapl/public/materialegislativa/2019/412/ple-11-2019.pdf", "ementa": "Abre um Cr\u00e9dito Adicional Especial e d\u00e1 outras provid\u00eancias."}, {"id": "413", "ano": "2019", "numero": "12", "tipo__sigla": "PLE", "tipo__descricao": "Projeto de Lei do Executivo", "autoria": "Miguel Roberto do Amaral", "texto_original": "http://sapl.ivaipora.pr.leg.br/media/sapl/public/materialegislativa/2019/413/ple-12-2019.pdf", "ementa": "Autoriza o uso de ve\u00edculos da frota municipal constantes no patrim\u00f4nio do Departamento Municipal de Assist\u00eancia Social por profissionais contratados de forma terceirizada pelo Programa Crian\u00e7a Feliz, e d\u00e1 outras provid\u00eancias."}, {"id": "415", "ano": "2019", "numero": "13", "tipo__sigla": "PLE", "tipo__descricao": "Projeto de Lei do Executivo", "autoria": "Miguel Roberto do Amaral", "texto_original": "http://sapl.ivaipora.pr.leg.br/media/sapl/public/materialegislativa/2019/415/ple-13-2019.pdf", "ementa": "Abre um Cr\u00e9dito Adicional Especial e d\u00e1 outras provid\u00eancias."}, {"id": "422", "ano": "2019", "numero": "14", "tipo__sigla": "PLE", "tipo__descricao": "Projeto de Lei do Executivo", "autoria": "Ilson Donizete Gagliano", "texto_original": "http://sapl.ivaipora.pr.leg.br/media/sapl/public/materialegislativa/2019/422/ple-14-2019.pdf", "ementa": "Abre um Credito Adicional Especial e d\u00e1 outras provid\u00eancias."}, {"id": "423", "ano": "2019", "numero": "15", "tipo__sigla": "PLE", "tipo__descricao": "Projeto de Lei do Executivo", "autoria": "Ilson Donizete Gagliano", "texto_original": "http://sapl.ivaipora.pr.leg.br/media/sapl/public/materialegislativa/2019/423/ple-15-2019.pdf", "ementa": "Abre um Cr\u00e9dito Adicional Especial e d\u00e1 outras provid\u00eancias."}, {"id": "424", "ano": "2019", "numero": "16", "tipo__sigla": "PLE", "tipo__descricao": "Projeto de Lei do Executivo", "autoria": "Ilson Donizete Gagliano", "texto_original": "http://sapl.ivaipora.pr.leg.br/media/sapl/public/materialegislativa/2019/424/ple-16-2019.pdf", "ementa": "Abre um Cr\u00e9dito Adicional Especial e d\u00e1 outras provid\u00eancias."}, {"id": "425", "ano": "2019", "numero": "17", "tipo__sigla": "PLE", "tipo__descricao": "Projeto de Lei do Executivo", "autoria": "Ilson Donizete Gagliano", "texto_original": "http://sapl.ivaipora.pr.leg.br/media/sapl/public/materialegislativa/2019/425/ple-17-2019.pdf", "ementa": "Abre um Cr\u00e9dito Adicional Especial e d\u00e1 outras provid\u00eancias."}, {"id": "426", "ano": "2019", "numero": "18", "tipo__sigla": "PLE", "tipo__descricao": "Projeto de Lei do Executivo", "autoria": "Ilson Donizete Gagliano", "texto_original": "http://sapl.ivaipora.pr.leg.br/media/sapl/public/materialegislativa/2019/426/ple-18-2019.pdf", "ementa": "Abre um Cr\u00e9dito Adicional Especial e d\u00e1 outras provid\u00eancias."}, {"id": "427", "ano": "2019", "numero": "19", "tipo__sigla": "PLE", "tipo__descricao": "Projeto de Lei do Executivo", "autoria": "Ilson Donizete Gagliano", "texto_original": "http://sapl.ivaipora.pr.leg.br/media/sapl/public/materialegislativa/2019/427/ple-19-2019.pdf", "ementa": "Abre um Cr\u00e9dito Adicional Especial e d\u00e1 outras provid\u00eancias."}, {"id": "428", "ano": "2019", "numero": "20", "tipo__sigla": "PLE", "tipo__descricao": "Projeto de Lei do Executivo", "autoria": "Miguel Roberto do Amaral", "texto_original": "http://sapl.ivaipora.pr.leg.br/media/sapl/public/materialegislativa/2019/428/ple-20-2019.pdf", "ementa": "Autoriza o Executivo Municipal de Ivaipor\u00e3/PR a celebrar conv\u00eanio com a ASSOCIA\u00c7\u00c3O DOS PRODUTORES RURAIS DO DISTRITO DE ALTO POR\u00c3, e d\u00e1 outras provid\u00eancias."}, {"id": "429", "ano": "2019", "numero": "21", "tipo__sigla": "PLE", "tipo__descricao": "Projeto de Lei do Executivo", "autoria": "Miguel Roberto do Amaral", "texto_original": "http://sapl.ivaipora.pr.leg.br/media/sapl/public/materialegislativa/2019/429/ple-21-2019.pdf", "ementa": "Autoriza a desafeta\u00e7\u00e3o, quanto a qualifica\u00e7\u00e3o, do im\u00f3vel que especifica, e d\u00e1 outras provid\u00eancias."}, {"id": "430", "ano": "2019", "numero": "22", "tipo__sigla": "PLE", "tipo__descricao": "Projeto de Lei do Executivo", "autoria": "Miguel Roberto do Amaral", "texto_original": "http://sapl.ivaipora.pr.leg.br/media/sapl/public/materialegislativa/2019/430/ple_22_2019.pdf", "ementa": "Cria no Munic\u00edpio de Ivaipor\u00e3/PR, o distrito \u00c1gua da Serra, e d\u00e1 outras provid\u00eancias."}, {"id": "456", "ano": "2019", "numero": "23", "tipo__sigla": "PLE", "tipo__descricao": "Projeto de Lei do Executivo", "autoria": "Miguel Roberto do Amaral", "texto_original": "http://sapl.ivaipora.pr.leg.br/media/sapl/public/materialegislativa/2019/456/ple-23-2019.pdf", "ementa": "Disp\u00f5e sobre a cria\u00e7\u00e3o do COMIT\u00ca MUNICIPAL DO TRANSPORTE ESCOLAR no Munic\u00edpio de Ivaipor\u00e3/PR, e d\u00e1 outras provid\u00eancias."}, {"id": "457", "ano": "2019", "numero": "24", "tipo__sigla": "PLE", "tipo__descricao": "Projeto de Lei do Executivo", "autoria": "Miguel Roberto do Amaral", "texto_original": "http://sapl.ivaipora.pr.leg.br/media/sapl/public/materialegislativa/2019/457/ple-24-2019.pdf", "ementa": "Abre um Cr\u00e9dito Adicional Especial e d\u00e1 outras provid\u00eancias."}, {"id": "458", "ano": "2019", "numero": "25", "tipo__sigla": "PLE", "tipo__descricao": "Projeto de Lei do Executivo", "autoria": "Miguel Roberto do Amaral", "texto_original": "http://sapl.ivaipora.pr.leg.br/media/sapl/public/materialegislativa/2019/458/ple-25-2019.pdf", "ementa": "Abre um Cr\u00e9dito Adicional Especial e d\u00e1 outras provid\u00eancias."}, {"id": "459", "ano": "2019", "numero": "29", "tipo__sigla": "PLE", "tipo__descricao": "Projeto de Lei do Executivo", "autoria": "Miguel Roberto do Amaral", "texto_original": "http://sapl.ivaipora.pr.leg.br/media/sapl/public/materialegislativa/2019/459/ple_29-2019_-_dispoe_sobre_a_alienacao_cessao_transferencia_destinacao_e_a_disposicao_final_de_bens_imoveis_-_-.doc", "ementa": "PROJETO DE LEI N\u00b0 29/2019.\r\nDisp\u00f5e sobre a aliena\u00e7\u00e3o, cess\u00e3o, transfer\u00eancia, destina\u00e7\u00e3o e a disposi\u00e7\u00e3o final ambientalmente adequada de bens m\u00f3veis considerados inserv\u00edveis no \u00e2mbito da Administra\u00e7\u00e3o P\u00fablica Municipal, e d\u00e1 outras provid\u00eancias."}, {"id": "460", "ano": "2019", "numero": "30", "tipo__sigla": "PLE", "tipo__descricao": "Projeto de Lei do Executivo", "autoria": "Miguel Roberto do Amaral", "texto_original": "http://sapl.ivaipora.pr.leg.br/media/sapl/public/materialegislativa/2019/460/ple-30-2019.pdf", "ementa": "Autoriza o Poder Executivo Municipal a contribuir mensalmente com a Associa\u00e7\u00e3o dos Munic\u00edpios do Paran\u00e1 \u2013 AMP."}, {"id": "461", "ano": "2019", "numero": "31", "tipo__sigla": "PLE", "tipo__descricao": "Projeto de Lei do Executivo", "autoria": "Miguel Roberto do Amaral", "texto_original": "http://sapl.ivaipora.pr.leg.br/media/sapl/public/materialegislativa/2019/461/ple-31-2019.pdf", "ementa": "Autoriza o Executivo Municipal a disponibilizar \u00f4nibus da frota municipal para transporte de membros da C\u00e2mara da Mulher Empreendedora e Gestora de Ivaipor\u00e3 - CMEG, e d\u00e1 outras provid\u00eancias."}, {"id": "462", "ano": "2019", "numero": "32", "tipo__sigla": "PLE", "tipo__descricao": "Projeto de Lei do Executivo", "autoria": "Miguel Roberto do Amaral", "texto_original": "http://sapl.ivaipora.pr.leg.br/media/sapl/public/materialegislativa/2019/462/ple-32-2019.pdf", "ementa": "Institui Contribui\u00e7\u00e3o de Melhoria referente \u00e0s obras p\u00fablicas de abertura de galerias, constru\u00e7\u00e3o de meio-fio e pavimenta\u00e7\u00e3o asf\u00e1ltica dos logradouros localizados nos Bairros Jardim Am\u00e9rica, Jardim Manain, Morada do Sol, Residencial Ivaipor\u00e3 II e d\u00e1 outras provid\u00eancias."}, {"id": "463", "ano": "2019", "numero": "33", "tipo__sigla": "PLE", "tipo__descricao": "Projeto de Lei do Executivo", "autoria": "Miguel Roberto do Amaral", "texto_original": "http://sapl.ivaipora.pr.leg.br/media/sapl/public/materialegislativa/2019/463/ple-33-2019.pdf", "ementa": "Abre um Cr\u00e9dito Adicional Especial e d\u00e1 outras provid\u00eancias."}, {"id": "464", "ano": "2019", "numero": "34", "tipo__sigla": "PLE", "tipo__descricao": "Projeto de Lei do Executivo", "autoria": "Miguel Roberto do Amaral", "texto_original": "http://sapl.ivaipora.pr.leg.br/media/sapl/public/materialegislativa/2019/464/ple-34-2019.pdf", "ementa": "Abre um Cr\u00e9dito Adicional Especial e d\u00e1 outras provid\u00eancias."}, {"id": "465", "ano": "2019", "numero": "35", "tipo__sigla": "PLE", "tipo__descricao": "Projeto de Lei do Executivo", "autoria": "Miguel Roberto do Amaral", "texto_original": "http://sapl.ivaipora.pr.leg.br/media/sapl/public/materialegislativa/2019/465/ple-35-2019.pdf", "ementa": "Abre um Cr\u00e9dito Adicional Especial e d\u00e1 outras provid\u00eancias."}, {"id": "466", "ano": "2019", "numero": "36", "tipo__sigla": "PLE", "tipo__descricao": "Projeto de Lei do Executivo", "autoria": "Miguel Roberto do Amaral", "texto_original": "http://sapl.ivaipora.pr.leg.br/media/sapl/public/materialegislativa/2019/466/ple-36-2019.pdf", "ementa": "Abre um Cr\u00e9dito Adicional Especial e d\u00e1 outras provid\u00eancias."}, {"id": "467", "ano": "2019", "numero": "37", "tipo__sigla": "PLE", "tipo__descricao": "Projeto de Lei do Executivo", "autoria": "Miguel Roberto do Amaral", "texto_original": "http://sapl.ivaipora.pr.leg.br/media/sapl/public/materialegislativa/2019/467/ple-37-2019.pdf", "ementa": "Abre um Cr\u00e9dito Adicional Especial e d\u00e1 outras provid\u00eancias."}, {"id": "468", "ano": "2019", "numero": "38", "tipo__sigla": "PLE", "tipo__descricao": "Projeto de Lei do Executivo", "autoria": "Miguel Roberto do Amaral", "texto_original": "http://sapl.ivaipora.pr.leg.br/media/sapl/public/materialegislativa/2019/468/ple-38-2019.pdf", "ementa": "Introduz altera\u00e7\u00f5es na Lei Municipal 2.553/2014, a qual disp\u00f5e sobre a Pol\u00edtica Municipal dos Direitos da Crian\u00e7a e do Adolescente, Conselho Tutelar e Fundo Municipal dos Direitos da Crian\u00e7a e do Adolescente, e d\u00e1 outras provid\u00eancias."}, {"id": "469", "ano": "2019", "numero": "39", "tipo__sigla": "PLE", "tipo__descricao": "Projeto de Lei do Executivo", "autoria": "Miguel Roberto do Amaral", "texto_original": "http://sapl.ivaipora.pr.leg.br/media/sapl/public/materialegislativa/2019/469/ple-39-2019.pdf", "ementa": "Disp\u00f5e sobre a contrata\u00e7\u00e3o de trabalhadores a partir de consulta ao banco de dados da Ag\u00eancia do Trabalhador do Munic\u00edpio de Ivaipor\u00e3/PR pelas empresas concession\u00e1rias, permission\u00e1rias e terceirizadas de servi\u00e7os p\u00fablicos municipais, empresas p\u00fablicas e sociedades de economia mista, bem como empresas beneficiadas com programas de fomento no Estado do Paran\u00e1."}, {"id": "470", "ano": "2019", "numero": "40", "tipo__sigla": "PLE", "tipo__descricao": "Projeto de Lei do Executivo", "autoria": "Miguel Roberto do Amaral", "texto_original": "http://sapl.ivaipora.pr.leg.br/media/sapl/public/materialegislativa/2019/470/ple-40-2019.pdf", "ementa": "Estabelece normas para a realiza\u00e7\u00e3o de Credenciamento no \u00e2mbito do Poder Executivo Municipal, e d\u00e1 outras provid\u00eancias."}, {"id": "471", "ano": "2019", "numero": "41", "tipo__sigla": "PLE", "tipo__descricao": "Projeto de Lei do Executivo", "autoria": "Miguel Roberto do Amaral", "texto_original": "http://sapl.ivaipora.pr.leg.br/media/sapl/public/materialegislativa/2019/471/ple-41-2019.pdf", "ementa": "Abre um Cr\u00e9dito Adicional Especial e d\u00e1 outras provid\u00eancias."}, {"id": "476", "ano": "2019", "numero": "42", "tipo__sigla": "PLE", "tipo__descricao": "Projeto de Lei do Executivo", "autoria": "Miguel Roberto do Amaral", "texto_original": "http://sapl.ivaipora.pr.leg.br/media/sapl/public/materialegislativa/2019/476/ple-42-2019.pdf", "ementa": "Abre um Cr\u00e9dito Adicional Especial e d\u00e1 outras provid\u00eancias."}, {"id": "478", "ano": "2019", "numero": "43", "tipo__sigla": "PLE", "tipo__descricao": "Projeto de Lei do Executivo", "autoria": "Miguel Roberto do Amaral", "texto_original": "http://sapl.ivaipora.pr.leg.br/media/sapl/public/materialegislativa/2019/478/ple-43-2019.pdf", "ementa": "Autoriza o Executivo Municipal a alienar im\u00f3vel para fins de instala\u00e7\u00e3o e constru\u00e7\u00e3o de n\u00facleo habitacional, atrav\u00e9s de concorr\u00eancia p\u00fablica, e d\u00e1 outras provid\u00eancias."}, {"id": "480", "ano": "2019", "numero": "44", "tipo__sigla": "PLE", "tipo__descricao": "Projeto de Lei do Executivo", "autoria": "Miguel Roberto do Amaral", "texto_original": "http://sapl.ivaipora.pr.leg.br/media/sapl/public/materialegislativa/2019/480/ple-44-2019.pdf", "ementa": "Abre um Cr\u00e9dito Adicional Especial e d\u00e1 outras provid\u00eancias."}, {"id": "481", "ano": "2019", "numero": "45", "tipo__sigla": "PLE", "tipo__descricao": "Projeto de Lei do Executivo", "autoria": "Miguel Roberto do Amaral", "texto_original": "http://sapl.ivaipora.pr.leg.br/media/sapl/public/materialegislativa/2019/481/ple-45-2019.pdf", "ementa": "Abre um Cr\u00e9dito Adicional Especial e d\u00e1 outras provid\u00eancias."}, {"id": "494", "ano": "2019", "numero": "46", "tipo__sigla": "PLE", "tipo__descricao": "Projeto de Lei do Executivo", "autoria": "Miguel Roberto do Amaral", "texto_original": "http://sapl.ivaipora.pr.leg.br/media/sapl/public/materialegislativa/2019/494/ple-46-2019.pdf", "ementa": "Autoriza a abertura de Cr\u00e9ditos Adicionais   suplementares e d\u00e1 outras provid\u00eancias."}, {"id": "496", "ano": "2019", "numero": "47", "tipo__sigla": "PLE", "tipo__descricao": "Projeto de Lei do Executivo", "autoria": "Miguel Roberto do Amaral", "texto_original": "http://sapl.ivaipora.pr.leg.br/media/sapl/public/materialegislativa/2019/496/ple-47-2019.pdf", "ementa": "Abre um Cr\u00e9dito Adicional Especial e d\u00e1 outras provid\u00eancias."}, {"id": "500", "ano": "2019", "numero": "48", "tipo__sigla": "PLE", "tipo__descricao": "Projeto de Lei do Executivo", "autoria": "Miguel Roberto do Amaral", "texto_original": "http://sapl.ivaipora.pr.leg.br/media/sapl/public/materialegislativa/2019/500/ple-48-2019.pdf", "ementa": "Abre um Cr\u00e9dito Adicional Especial e d\u00e1 outras provid\u00eancias."}, {"id": "502", "ano": "2019", "numero": "49", "tipo__sigla": "PLE", "tipo__descricao": "Projeto de Lei do Executivo", "autoria": "Miguel Roberto do Amaral", "texto_original": "http://sapl.ivaipora.pr.leg.br/media/sapl/public/materialegislativa/2019/502/ple-49-2019.pdf", "ementa": "Abre um Cr\u00e9dito Adicional Especial e d\u00e1 outras provid\u00eancias."}, {"id": "504", "ano": "2019", "numero": "50", "tipo__sigla": "PLE", "tipo__descricao": "Projeto de Lei do Executivo", "autoria": "Miguel Roberto do Amaral", "texto_original": "http://sapl.ivaipora.pr.leg.br/media/sapl/public/materialegislativa/2019/504/ple-50-2019.pdf", "ementa": "Abre um Cr\u00e9dito Adicional Especial e d\u00e1 outras provid\u00eancias."}, {"id": "505", "ano": "2019", "numero": "51", "tipo__sigla": "PLE", "tipo__descricao": "Projeto de Lei do Executivo", "autoria": "Miguel Roberto do Amaral", "texto_original": "http://sapl.ivaipora.pr.leg.br/media/sapl/public/materialegislativa/2019/505/ple-51-2019.pdf", "ementa": "Autoriza o Executivo Municipal a apoiar a realiza\u00e7\u00e3o das festividades em comemora\u00e7\u00e3o ao 58\u00b0 e 59\u00b0 ANIVERS\u00c1RIOS DO MUNIC\u00cdPIO DE IVAIPOR\u00c3/PR, e d\u00e1 outras provid\u00eancias."}, {"id": "513", "ano": "2019", "numero": "52", "tipo__sigla": "PLE", "tipo__descricao": "Projeto de Lei do Executivo", "autoria": "Miguel Roberto do Amaral", "texto_original": "http://sapl.ivaipora.pr.leg.br/media/sapl/public/materialegislativa/2019/513/ple-52-2019.pdf", "ementa": "Introduz altera\u00e7\u00f5es na Lei Municipal 2.670/2015, a qual disp\u00f5e sobre a divulga\u00e7\u00e3o da demanda atendida e lista de espera por vaga nos Centros Municipais de Educa\u00e7\u00e3o Infantil (CMEI) e Creches de Ivaipor\u00e3/PR."}, {"id": "515", "ano": "2019", "numero": "53", "tipo__sigla": "PLE", "tipo__descricao": "Projeto de Lei do Executivo", "autoria": "Miguel Roberto do Amaral", "texto_original": "http://sapl.ivaipora.pr.leg.br/media/sapl/public/materialegislativa/2019/515/ple-53-2019.pdf", "ementa": "Disp\u00f5e sobre a proibi\u00e7\u00e3o do tr\u00e2nsito de bicicletas, skates, patins, rollers, patinetes e c\u00e3es sem equipamentos de seguran\u00e7a na pista de caminhada do Parque Ambiental Jardim Bot\u00e2nico, e d\u00e1 outras provid\u00eancias."}, {"id": "516", "ano": "2019", "numero": "54", "tipo__sigla": "PLE", "tipo__descricao": "Projeto de Lei do Executivo", "autoria": "Miguel Roberto do Amaral", "texto_original": "http://sapl.ivaipora.pr.leg.br/media/sapl/public/materialegislativa/2019/516/ple-54-2019.pdf", "ementa": "Abre um Cr\u00e9dito Adicional Especial e d\u00e1 outras provid\u00eancias."}, {"id": "518", "ano": "2019", "numero": "55", "tipo__sigla": "PLE", "tipo__descricao": "Projeto de Lei do Executivo", "autoria": "Miguel Roberto do Amaral", "texto_original": "http://sapl.ivaipora.pr.leg.br/media/sapl/public/materialegislativa/2019/518/ple-55-2019.pdf", "ementa": "Abre um Cr\u00e9dito Adicional Especial e d\u00e1 outras provid\u00eancias."}, {"id": "520", "ano": "2019", "numero": "56", "tipo__sigla": "PLE", "tipo__descricao": "Projeto de Lei do Executivo", "autoria": "Miguel Roberto do Amaral", "texto_original": "http://sapl.ivaipora.pr.leg.br/media/sapl/public/materialegislativa/2019/520/ple-56-2019.pdf", "ementa": "Abre um Cr\u00e9dito Adicional Especial e d\u00e1 outras provid\u00eancias."}, {"id": "521", "ano": "2019", "numero": "57", "tipo__sigla": "PLE", "tipo__descricao": "Projeto de Lei do Executivo", "autoria": "Miguel Roberto do Amaral", "texto_original": "http://sapl.ivaipora.pr.leg.br/media/sapl/public/materialegislativa/2019/521/ple-57-2019.pdf", "ementa": "Abre um Cr\u00e9dito Adicional Especial e d\u00e1 outras provid\u00eancias."}, {"id": "522", "ano": "2019", "numero": "58", "tipo__sigla": "PLE", "tipo__descricao": "Projeto de Lei do Executivo", "autoria": "Miguel Roberto do Amaral", "texto_original": "http://sapl.ivaipora.pr.leg.br/media/sapl/public/materialegislativa/2019/522/ple-58-2019.pdf", "ementa": "Abre um Cr\u00e9dito Adicional Especial e d\u00e1 outras provid\u00eancias."}, {"id": "523", "ano": "2019", "numero": "59", "tipo__sigla": "PLE", "tipo__descricao": "Projeto de Lei do Executivo", "autoria": "Miguel Roberto do Amaral", "texto_original": "http://sapl.ivaipora.pr.leg.br/media/sapl/public/materialegislativa/2019/523/ple-59-2019.pdf", "ementa": "Abre um Cr\u00e9dito Adicional Especial e d\u00e1 outras provid\u00eancias."}, {"id": "524", "ano": "2019", "numero": "60", "tipo__sigla": "PLE", "tipo__descricao": "Projeto de Lei do Executivo", "autoria": "Miguel Roberto do Amaral", "texto_original": "http://sapl.ivaipora.pr.leg.br/media/sapl/public/materialegislativa/2019/524/ple-59-2019.pdf", "ementa": "Abre um Cr\u00e9dito Adicional Especial e d\u00e1 outras provid\u00eancias."}, {"id": "525", "ano": "2019", "numero": "61", "tipo__sigla": "PLE", "tipo__descricao": "Projeto de Lei do Executivo", "autoria": "Miguel Roberto do Amaral", "texto_original": "http://sapl.ivaipora.pr.leg.br/media/sapl/public/materialegislativa/2019/525/ple-61-2019.pdf", "ementa": "Abre um Cr\u00e9dito Adicional Especial e d\u00e1 outras provid\u00eancias."}, {"id": "526", "ano": "2019", "numero": "62", "tipo__sigla": "PLE", "tipo__descricao": "Projeto de Lei do Executivo", "autoria": "Miguel Roberto do Amaral", "texto_original": "http://sapl.ivaipora.pr.leg.br/media/sapl/public/materialegislativa/2019/526/ple-62-2019.pdf", "ementa": "Disp\u00f5e sobre a implanta\u00e7\u00e3o do Centro Municipal de Apoio Educacional Especializado no \u00e2mbito da Rede Municipal de Ensino de Ivaipor\u00e3/PR, e d\u00e1 outras provid\u00eancias."}, {"id": "528", "ano": "2019", "numero": "63", "tipo__sigla": "PLE", "tipo__descricao": "Projeto de Lei do Executivo", "autoria": "Miguel Roberto do Amaral", "texto_original": "http://sapl.ivaipora.pr.leg.br/media/sapl/public/materialegislativa/2019/528/ple-63-2019.pdf", "ementa": "Abre um Cr\u00e9dito Adicional Especial e d\u00e1 outras provid\u00eancias."}, {"id": "542", "ano": "2019", "numero": "64", "tipo__sigla": "PLE", "tipo__descricao": "Projeto de Lei do Executivo", "autoria": "Miguel Roberto do Amaral", "texto_original": "http://sapl.ivaipora.pr.leg.br/media/sapl/public/materialegislativa/2019/542/ple-64-2019.pdf", "ementa": "Abre um Cr\u00e9dito Adicional Especial e d\u00e1 outras provid\u00eancias."}, {"id": "543", "ano": "2019", "numero": "65", "tipo__sigla": "PLE", "tipo__descricao": "Projeto de Lei do Executivo", "autoria": "Miguel Roberto do Amaral", "texto_original": "http://sapl.ivaipora.pr.leg.br/media/sapl/public/materialegislativa/2019/543/ple_65_2019.pdf", "ementa": "Autoriza o Executivo Municipal de Ivaipor\u00e3/PR a celebrar conv\u00eanio para a presta\u00e7\u00e3o de servi\u00e7os relativos a emiss\u00e3o e administra\u00e7\u00e3o de caert\u00e3o de pagamento com o Banco do Brasil S/A, e d\u00e1 outras provid\u00eancias."}, {"id": "544", "ano": "2019", "numero": "66", "tipo__sigla": "PLE", "tipo__descricao": "Projeto de Lei do Executivo", "autoria": "Miguel Roberto do Amaral", "texto_original": "http://sapl.ivaipora.pr.leg.br/media/sapl/public/materialegislativa/2019/544/ple-66-2019.pdf", "ementa": "Suprime o par\u00e1grafo \u00fanico do Artigo 1\u00ba da Lei Municipal 1.895, de 27 de dezembro de 2010."}, {"id": "545", "ano": "2019", "numero": "68", "tipo__sigla": "PLE", "tipo__descricao": "Projeto de Lei do Executivo", "autoria": "Miguel Roberto do Amaral", "texto_original": "http://sapl.ivaipora.pr.leg.br/media/sapl/public/materialegislativa/2019/545/ple-68-2019.pdf", "ementa": "Autoriza a abertura de Cr\u00e9ditos Adicionais suplementares e d\u00e1 outras provid\u00eancias."}, {"id": "546", "ano": "2019", "numero": "69", "tipo__sigla": "PLE", "tipo__descricao": "Projeto de Lei do Executivo", "autoria": "Miguel Roberto do Amaral", "texto_original": "http://sapl.ivaipora.pr.leg.br/media/sapl/public/materialegislativa/2019/546/ple-69-2019.pdf", "ementa": "Autoriza o Executivo Municipal de Ivaipor\u00e3 a celebrar conv\u00eanio com a UNIP\u00daBLICA \u2013 UNI\u00c3O PARA QUALIFICA\u00c7\u00c3O E DESENVOLVIMENTO PROFISSIONAL LTDA, e d\u00e1 outras provid\u00eancias."}, {"id": "547", "ano": "2019", "numero": "70", "tipo__sigla": "PLE", "tipo__descricao": "Projeto de Lei do Executivo", "autoria": "Miguel Roberto do Amaral", "texto_original": "http://sapl.ivaipora.pr.leg.br/media/sapl/public/materialegislativa/2019/547/ple-70-2019.pdf", "ementa": "Abre um Cr\u00e9dito Adicional Especial e d\u00e1 outras provid\u00eancias."}, {"id": "548", "ano": "2019", "numero": "71", "tipo__sigla": "PLE", "tipo__descricao": "Projeto de Lei do Executivo", "autoria": "Miguel Roberto do Amaral", "texto_original": "http://sapl.ivaipora.pr.leg.br/media/sapl/public/materialegislativa/2019/548/ple-71-2019.pdf", "ementa": "Abre um Cr\u00e9dito Adicional Especial e d\u00e1 outras provid\u00eancias."}, {"id": "549", "ano": "2019", "numero": "72", "tipo__sigla": "PLE", "tipo__descricao": "Projeto de Lei do Executivo", "autoria": "Miguel Roberto do Amaral", "texto_original": "http://sapl.ivaipora.pr.leg.br/media/sapl/public/materialegislativa/2019/549/ple-72-2019.pdf", "ementa": "Abre um Cr\u00e9dito Adicional Especial e d\u00e1 outras provid\u00eancias."}, {"id": "550", "ano": "2019", "numero": "74", "tipo__sigla": "PLE", "tipo__descricao": "Projeto de Lei do Executivo", "autoria": "Miguel Roberto do Amaral", "texto_original": "http://sapl.ivaipora.pr.leg.br/media/sapl/public/materialegislativa/2019/550/ple-74-2019.pdf", "ementa": "Introduz altera\u00e7\u00f5es na Lei Municipal 2.023/2011, a qual disp\u00f5e sobre a concess\u00e3o de Direito Real de Uso de im\u00f3veis que especifica \u00e0 CONSVALE \u2013 CONSTRUTORA VALE DO IVA\u00cd, mediante observ\u00e2ncia a Lei Municipal n\u00b0 1.940/2011, e d\u00e1 outras provid\u00eancias."}, {"id": "551", "ano": "2019", "numero": "75", "tipo__sigla": "PLE", "tipo__descricao": "Projeto de Lei do Executivo", "autoria": "Miguel Roberto do Amaral", "texto_original": "http://sapl.ivaipora.pr.leg.br/media/sapl/public/materialegislativa/2019/551/ple-75-2019.pdf", "ementa": "Autoriza o Executivo Municipal a outorgar a cess\u00e3o de uso de barrac\u00e3o \u00e0 ASSOCIA\u00c7\u00c3O DA AGRICULTURA FAMILIAR DE JACUTINGA, e d\u00e1 outras provid\u00eancias."}, {"id": "552", "ano": "2019", "numero": "76", "tipo__sigla": "PLE", "tipo__descricao": "Projeto de Lei do Executivo", "autoria": "Miguel Roberto do Amaral", "texto_original": "http://sapl.ivaipora.pr.leg.br/media/sapl/public/materialegislativa/2019/552/ple-76-2019.pdf", "ementa": "Autoriza o Executivo Municipal a conceder incentivos tribut\u00e1rios \u00e0 EMPRESA COMERCIAL IVAIPOR\u00c3 LTDA, em observ\u00e2ncia a Lei Municipal 3.231/2018, e d\u00e1 outras provid\u00eancias."}, {"id": "553", "ano": "2019", "numero": "77", "tipo__sigla": "PLE", "tipo__descricao": "Projeto de Lei do Executivo", "autoria": "Miguel Roberto do Amaral", "texto_original": "http://sapl.ivaipora.pr.leg.br/media/sapl/public/materialegislativa/2019/553/ple-77-2019.pdf", "ementa": "Autoriza o Executivo Municipal a reajustar os sal\u00e1rios e vencimentos dos servidores municipais e d\u00e1 outras provid\u00eancias."}, {"id": "554", "ano": "2019", "numero": "78", "tipo__sigla": "PLE", "tipo__descricao": "Projeto de Lei do Executivo", "autoria": "Miguel Roberto do Amaral", "texto_original": "http://sapl.ivaipora.pr.leg.br/media/sapl/public/materialegislativa/2019/554/ple-78-2019.pdf", "ementa": "Autoriza o Executivo Municipal de Ivaipor\u00e3/PR a celebrar CONV\u00caNIO PARA A CONCESS\u00c3O DE EMPR\u00c9STIMOS E/OU FINANCIAMENTOS COM PAGAMENTO MEDIANTE CONSIGNA\u00c7\u00c3O EM FOLHA DE PAGAMENTO COM O BANCO BRADESCO S/A, e d\u00e1 outras provid\u00eancias."}, {"id": "555", "ano": "2019", "numero": "79", "tipo__sigla": "PLE", "tipo__descricao": "Projeto de Lei do Executivo", "autoria": "Miguel Roberto do Amaral", "texto_original": "http://sapl.ivaipora.pr.leg.br/media/sapl/public/materialegislativa/2019/555/ple_79_2019.pdf", "ementa": "\"Cria o Setor de Biodiversidade, com \u00eanfase no paisagismo, arboriza\u00e7\u00e3o e unidades de conserva\u00e7\u00f5es, sobre dom\u00ednio do Munic\u00edpio de Ivaipor\u00e3 e d\u00e1 outras provid\u00eancias.''"}, {"id": "556", "ano": "2019", "numero": "80", "tipo__sigla": "PLE", "tipo__descricao": "Projeto de Lei do Executivo", "autoria": "Miguel Roberto do Amaral", "texto_original": "http://sapl.ivaipora.pr.leg.br/media/sapl/public/materialegislativa/2019/556/ple-80-2019.pdf", "ementa": "Institui o Dia Municipal da Pesca nas depend\u00eancias do Lago Jardim Bot\u00e2nico, no Munic\u00edpio de Ivaipor\u00e3/PR, e d\u00e1 outras provid\u00eancias."}, {"id": "557", "ano": "2019", "numero": "81", "tipo__sigla": "PLE", "tipo__descricao": "Projeto de Lei do Executivo", "autoria": "Miguel Roberto do Amaral", "texto_original": "http://sapl.ivaipora.pr.leg.br/media/sapl/public/materialegislativa/2019/557/ple-81-2019.pdf", "ementa": "Autoriza a pesca nas depend\u00eancias do Lago do Parque Ambiental Pouso Alegre e no Lago das Flores, em Ivaipor\u00e3/PR nas datas que especifica e d\u00e1 outras provid\u00eancias."}, {"id": "558", "ano": "2019", "numero": "82", "tipo__sigla": "PLE", "tipo__descricao": "Projeto de Lei do Executivo", "autoria": "Miguel Roberto do Amaral", "texto_original": "http://sapl.ivaipora.pr.leg.br/media/sapl/public/materialegislativa/2019/558/ple-82-2019.pdf", "ementa": "Abre um Cr\u00e9dito Adicional Especial e d\u00e1 outras provid\u00eancias."}, {"id": "559", "ano": "2019", "numero": "83", "tipo__sigla": "PLE", "tipo__descricao": "Projeto de Lei do Executivo", "autoria": "Miguel Roberto do Amaral", "texto_original": "http://sapl.ivaipora.pr.leg.br/media/sapl/public/materialegislativa/2019/559/ple-83-2019.pdf", "ementa": "Abre um Cr\u00e9dito Adicional Especial e d\u00e1 outras provid\u00eancias."}, {"id": "560", "ano": "2019", "numero": "84", "tipo__sigla": "PLE", "tipo__descricao": "Projeto de Lei do Executivo", "autoria": "Miguel Roberto do Amaral", "texto_original": "http://sapl.ivaipora.pr.leg.br/media/sapl/public/materialegislativa/2019/560/ple-84-2019.pdf", "ementa": "Abre um Cr\u00e9dito Adicional Especial e d\u00e1 outras provid\u00eancias."}, {"id": "561", "ano": "2019", "numero": "85", "tipo__sigla": "PLE", "tipo__descricao": "Projeto de Lei do Executivo", "autoria": "Miguel Roberto do Amaral", "texto_original": "http://sapl.ivaipora.pr.leg.br/media/sapl/public/materialegislativa/2019/561/ple-85-2019.pdf", "ementa": "Abre um Cr\u00e9dito Adicional Especial e d\u00e1 outras provid\u00eancias."}, {"id": "562", "ano": "2019", "numero": "86", "tipo__sigla": "PLE", "tipo__descricao": "Projeto de Lei do Executivo", "autoria": "Miguel Roberto do Amaral", "texto_original": "http://sapl.ivaipora.pr.leg.br/media/sapl/public/materialegislativa/2019/562/ple-86-2019.pdf", "ementa": "Autoriza o Poder Executivo Municipal a receber em doa\u00e7\u00e3o o ve\u00edculo que especifica, incorporando-o ao patrim\u00f4nio p\u00fablico municipal, e d\u00e1 outras provid\u00eancias."}, {"id": "563", "ano": "2019", "numero": "87", "tipo__sigla": "PLE", "tipo__descricao": "Projeto de Lei do Executivo", "autoria": "Miguel Roberto do Amaral", "texto_original": "http://sapl.ivaipora.pr.leg.br/media/sapl/public/materialegislativa/2019/563/ple-87-2019.pdf", "ementa": "Autoriza o Munic\u00edpio de Ivaipor\u00e3/PR a ceder, mediante Cess\u00e3o de Uso o ve\u00edculo p\u00fablico semi-reboque que especifica ao CONS\u00d3RCIO P\u00daBLICO INTERMUNICIPAL PARA O DESENVOLVIMENTO RURAL E URBANO DA REGI\u00c3O DO VALE DO IVA\u00cd DO ESTADO DO PARAN\u00c1, e d\u00e1 outras provid\u00eancias."}, {"id": "566", "ano": "2019", "numero": "88", "tipo__sigla": "PLE", "tipo__descricao": "Projeto de Lei do Executivo", "autoria": "Miguel Roberto do Amaral", "texto_original": "http://sapl.ivaipora.pr.leg.br/media/sapl/public/materialegislativa/2019/566/ple_88_2019_1.pdf", "ementa": "Introduz altera\u00e7\u00f5es na Lei Municipal 3.326/2019, a qual autoriza o Executivo Municipal a conceder incentivos tribut\u00e1rios \u00e0 EMPRESA COMERCIAL IVAIPOR\u00c3 LTDA, em observ\u00e2ncia a Lei Municipal 3.231/2018, e d\u00e1 outras provid\u00eancias."}, {"id": "564", "ano": "2019", "numero": "89", "tipo__sigla": "PLE", "tipo__descricao": "Projeto de Lei do Executivo", "autoria": "Miguel Roberto do Amaral", "texto_original": "http://sapl.ivaipora.pr.leg.br/media/sapl/public/materialegislativa/2019/564/ple-89-2019.pdf", "ementa": "Cria os componentes municipais do Sistema Municipal de Seguran\u00e7a Alimentar e Nutricional do Munic\u00edpio de Ivaipor\u00e3/PR -SISAN, define os par\u00e2metros para elabora\u00e7\u00e3o e implementa\u00e7\u00e3o do Plano Municipal de Seguran\u00e7a Alimentar e Nutricional, e d\u00e1 outras provid\u00eancias."}, {"id": "569", "ano": "2019", "numero": "90", "tipo__sigla": "PLE", "tipo__descricao": "Projeto de Lei do Executivo", "autoria": "Miguel Roberto do Amaral", "texto_original": "http://sapl.ivaipora.pr.leg.br/media/sapl/public/materialegislativa/2019/569/ple-90-2019.pdf", "ementa": "Autoriza o Executivo Municipal a firmar conv\u00eanio com o HOSPITAL NOSSA SENHORA DAS GRA\u00c7AS \u2013 HNSG (Hospital da Provid\u00eancia de Apucarana/PR), e d\u00e1 outras provid\u00eancias."}, {"id": "570", "ano": "2019", "numero": "91", "tipo__sigla": "PLE", "tipo__descricao": "Projeto de Lei do Executivo", "autoria": "Miguel Roberto do Amaral", "texto_original": "http://sapl.ivaipora.pr.leg.br/media/sapl/public/materialegislativa/2019/570/ple-91-2019.pdf", "ementa": "Disp\u00f5e sobre o funcionamento e instala\u00e7\u00e3o de FEIRAS COMERCIAIS TEMPOR\u00c1RIAS NO MUNIC\u00cdPIO DE IVAIPOR\u00c3/PR, e d\u00e1 outras provid\u00eancias."}, {"id": "571", "ano": "2019", "numero": "93", "tipo__sigla": "PLE", "tipo__descricao": "Projeto de Lei do Executivo", "autoria": "Miguel Roberto do Amaral", "texto_original": "http://sapl.ivaipora.pr.leg.br/media/sapl/public/materialegislativa/2019/571/ple-93-2019.pdf", "ementa": "Abre um Cr\u00e9dito Adicional Especial e d\u00e1 outras provid\u00eancias."}, {"id": "572", "ano": "2019", "numero": "94", "tipo__sigla": "PLE", "tipo__descricao": "Projeto de Lei do Executivo", "autoria": "Miguel Roberto do Amaral", "texto_original": "http://sapl.ivaipora.pr.leg.br/media/sapl/public/materialegislativa/2019/572/ple_94_2019.pdf", "ementa": "Autoriza o Executivo Municipal de Ivaipor\u00e3/PR a celebrar Conv\u00eanio para realiza\u00e7\u00e3o de eventos em parceria com o SERVI\u00c7O SOCIAL DO COM\u00c9RCIO - SESC - AR PARAN\u00c1, e d\u00e1 outras provid\u00eancias."}, {"id": "573", "ano": "2019", "numero": "95", "tipo__sigla": "PLE", "tipo__descricao": "Projeto de Lei do Executivo", "autoria": "Miguel Roberto do Amaral", "texto_original": "http://sapl.ivaipora.pr.leg.br/media/sapl/public/materialegislativa/2019/573/ple-95-2019.pdf", "ementa": "Autoriza o Executivo Municipal a apoiar a realiza\u00e7\u00e3o da 17\u00aa EDI\u00c7\u00c3O DO CONSURSO CAF\u00c9 DE QUALIDADE PARAN\u00c1 2019, e d\u00e1 outras provid\u00eancias."}, {"id": "574", "ano": "2019", "numero": "96", "tipo__sigla": "PLE", "tipo__descricao": "Projeto de Lei do Executivo", "autoria": "Miguel Roberto do Amaral", "texto_original": "http://sapl.ivaipora.pr.leg.br/media/sapl/public/materialegislativa/2019/574/ple-96-2019.pdf", "ementa": "Autoriza o Executivo Municipal a apoiar a realiza\u00e7\u00e3o da 2\u00aa EXPOIND \u2013 EXPOSI\u00c7\u00c3O DAS IND\u00daSTRIAS DE IVAIPOR\u00c3, e d\u00e1 outras provid\u00eancias."}, {"id": "575", "ano": "2019", "numero": "97", "tipo__sigla": "PLE", "tipo__descricao": "Projeto de Lei do Executivo", "autoria": "Miguel Roberto do Amaral", "texto_original": "http://sapl.ivaipora.pr.leg.br/media/sapl/public/materialegislativa/2019/575/ple-97-2019.pdf", "ementa": "Autoriza o Executivo Municipal a cumprir o prazo de vig\u00eancia determinado pelo Processo Seletivo Simplificado \u2013 PSS, estipulado pelo edital n\u00b0 41/2017, que disp\u00f5e sobre a contrata\u00e7\u00e3o tempor\u00e1ria e emergencial de pessoal para atendimentos na \u00e1rea de sa\u00fade, e d\u00e1 outras provid\u00eancias."}, {"id": "576", "ano": "2019", "numero": "98", "tipo__sigla": "PLE", "tipo__descricao": "Projeto de Lei do Executivo", "autoria": "Miguel Roberto do Amaral", "texto_original": "http://sapl.ivaipora.pr.leg.br/media/sapl/public/materialegislativa/2019/576/ple-98-2019.pdf", "ementa": "Abre um Cr\u00e9dito Adicional Especial e d\u00e1 outras provid\u00eancias."}, {"id": "578", "ano": "2019", "numero": "99", "tipo__sigla": "PLE", "tipo__descricao": "Projeto de Lei do Executivo", "autoria": "Miguel Roberto do Amaral", "texto_original": "http://sapl.ivaipora.pr.leg.br/media/sapl/public/materialegislativa/2019/578/ple-99-2019.pdf", "ementa": "Desafeta do dom\u00ednio p\u00fablico os bens que especifica e d\u00e1 outras provid\u00eancias."}, {"id": "581", "ano": "2019", "numero": "101", "tipo__sigla": "PLE", "tipo__descricao": "Projeto de Lei do Executivo", "autoria": "Miguel Roberto do Amaral", "texto_original": "http://sapl.ivaipora.pr.leg.br/media/sapl/public/materialegislativa/2019/581/ple-101-2019.pdf", "ementa": "Abre um Cr\u00e9dito Adicional Especial e d\u00e1 outras provid\u00eancias."}, {"id": "582", "ano": "2019", "numero": "102", "tipo__sigla": "PLE", "tipo__descricao": "Projeto de Lei do Executivo", "autoria": "Miguel Roberto do Amaral", "texto_original": "http://sapl.ivaipora.pr.leg.br/media/sapl/public/materialegislativa/2019/582/ple-102-2019.pdf", "ementa": "Abre um Cr\u00e9dito Adicional Especial e d\u00e1 outras provid\u00eancias."}, {"id": "583", "ano": "2019", "numero": "103", "tipo__sigla": "PLE", "tipo__descricao": "Projeto de Lei do Executivo", "autoria": "Miguel Roberto do Amaral", "texto_original": "http://sapl.ivaipora.pr.leg.br/media/sapl/public/materialegislativa/2019/583/ple-103-2019.pdf", "ementa": "Abre um Cr\u00e9dito Adicional Especial e d\u00e1 outras provid\u00eancias."}, {"id": "584", "ano": "2019", "numero": "104", "tipo__sigla": "PLE", "tipo__descricao": "Projeto de Lei do Executivo", "autoria": "Miguel Roberto do Amaral", "texto_original": "http://sapl.ivaipora.pr.leg.br/media/sapl/public/materialegislativa/2019/584/ple-104-2019.pdf", "ementa": "Autoriza o Executivo Municipal a implantar a modalidade de contrata\u00e7\u00e3o terceirizada em observ\u00e2ncia \u00e0s Lei 13.429/2017, e, Lei 13.467/2017, e d\u00e1 outras provid\u00eancias."}, {"id": "585", "ano": "2019", "numero": "105", "tipo__sigla": "PLE", "tipo__descricao": "Projeto de Lei do Executivo", "autoria": "Miguel Roberto do Amaral", "texto_original": "http://sapl.ivaipora.pr.leg.br/media/sapl/public/materialegislativa/2019/585/ple-105-2019.pdf", "ementa": "Autoriza o Executivo Municipal a realizar obras de terraplanagem no im\u00f3vel que especifica, e d\u00e1 outras provid\u00eancias."}, {"id": "586", "ano": "2019", "numero": "106", "tipo__sigla": "PLE", "tipo__descricao": "Projeto de Lei do Executivo", "autoria": "Miguel Roberto do Amaral", "texto_original": "http://sapl.ivaipora.pr.leg.br/media/sapl/public/materialegislativa/2019/586/ple-106-2019.pdf", "ementa": "Institui o Programa de Recupera\u00e7\u00e3o Fiscal de Ivaipor\u00e3 \u2013 REFIS IVAIPOR\u00c3 2019, e d\u00e1 outras provid\u00eancias."}, {"id": "587", "ano": "2019", "numero": "107", "tipo__sigla": "PLE", "tipo__descricao": "Projeto de Lei do Executivo", "autoria": "Miguel Roberto do Amaral", "texto_original": "http://sapl.ivaipora.pr.leg.br/media/sapl/public/materialegislativa/2019/587/ple_107_2019.pdf", "ementa": "Autoriza o Executivo Municipal a realizar a contrata\u00e7\u00e3o da FEDERA\u00c7\u00c3O PARANAENSE DE BASKETBALL para pagamento de taxas referentes \u00e0 participa\u00e7\u00e3o da equipe de basketball Masculino no Campeonato Estadual Adulto Masculino - S\u00e9rie Bronze, e d\u00e1 outras provid\u00eancias."}, {"id": "588", "ano": "2019", "numero": "108", "tipo__sigla": "PLE", "tipo__descricao": "Projeto de Lei do Executivo", "autoria": "Miguel Roberto do Amaral", "texto_original": "http://sapl.ivaipora.pr.leg.br/media/sapl/public/materialegislativa/2019/588/ple-108-2019.pdf", "ementa": "Abre um Cr\u00e9dito Adicional Especial e d\u00e1 outras provid\u00eancias."}, {"id": "589", "ano": "2019", "numero": "109", "tipo__sigla": "PLE", "tipo__descricao": "Projeto de Lei do Executivo", "autoria": "Miguel Roberto do Amaral", "texto_original": "http://sapl.ivaipora.pr.leg.br/media/sapl/public/materialegislativa/2019/589/ple-109-2019.pdf", "ementa": "Abre um Cr\u00e9dito Adicional Especial e d\u00e1 outras provid\u00eancias."}, {"id": "590", "ano": "2019", "numero": "110", "tipo__sigla": "PLE", "tipo__descricao": "Projeto de Lei do Executivo", "autoria": "Miguel Roberto do Amaral", "texto_original": "http://sapl.ivaipora.pr.leg.br/media/sapl/public/materialegislativa/2019/590/ple-110-2019.pdf", "ementa": "Autoriza a abertura de Cr\u00e9ditos Adicionais   suplementares e d\u00e1 outras provid\u00eancias."}, {"id": "591", "ano": "2019", "numero": "111", "tipo__sigla": "PLE", "tipo__descricao": "Projeto de Lei do Executivo", "autoria": "Miguel Roberto do Amaral", "texto_original": "http://sapl.ivaipora.pr.leg.br/media/sapl/public/materialegislativa/2019/591/ple-111-2019.pdf", "ementa": "Regulamenta a concess\u00e3o de im\u00f3veis municipais para utiliza\u00e7\u00e3o social, e d\u00e1 outras provid\u00eancias."}, {"id": "592", "ano": "2019", "numero": "112", "tipo__sigla": "PLE", "tipo__descricao": "Projeto de Lei do Executivo", "autoria": "Miguel Roberto do Amaral", "texto_original": "http://sapl.ivaipora.pr.leg.br/media/sapl/public/materialegislativa/2019/592/ple-112-2019.pdf", "ementa": "Autoriza o Executivo Municipal a conceder incentivos fiscais e de terraplanagem no exerc\u00edcio 2019, e d\u00e1 outras provid\u00eancias."}, {"id": "593", "ano": "2019", "numero": "113", "tipo__sigla": "PLE", "tipo__descricao": "Projeto de Lei do Executivo", "autoria": "Miguel Roberto do Amaral", "texto_original": "http://sapl.ivaipora.pr.leg.br/media/sapl/public/materialegislativa/2019/593/ple-113-2019.pdf", "ementa": "Abre um Cr\u00e9dito Adicional Especial e d\u00e1 outras provid\u00eancias."}, {"id": "594", "ano": "2019", "numero": "114", "tipo__sigla": "PLE", "tipo__descricao": "Projeto de Lei do Executivo", "autoria": "Miguel Roberto do Amaral", "texto_original": "http://sapl.ivaipora.pr.leg.br/media/sapl/public/materialegislativa/2019/594/ple-114-2019.pdf", "ementa": "Abre um Cr\u00e9dito Adicional Especial e d\u00e1 outras provid\u00eancias."}, {"id": "595", "ano": "2019", "numero": "115", "tipo__sigla": "PLE", "tipo__descricao": "Projeto de Lei do Executivo", "autoria": "Miguel Roberto do Amaral", "texto_original": "http://sapl.ivaipora.pr.leg.br/media/", "ementa": "Abre um Cr\u00e9dito Adicional Especial e d\u00e1 outras provid\u00eancias."}, {"id": "6897", "ano": "2019", "numero": "116", "tipo__sigla": "PLE", "tipo__descricao": "Projeto de Lei do Executivo", "autoria": "Miguel Roberto do Amaral", "texto_original": "http://sapl.ivaipora.pr.leg.br/media/sapl/public/materialegislativa/2019/6897/ple-116-2019.pdf", "ementa": "Abre um Cr\u00e9dito Adicional Especial e d\u00e1 outras provid\u00eancias."}, {"id": "598", "ano": "2019", "numero": "117", "tipo__sigla": "PLE", "tipo__descricao": "Projeto de Lei do Executivo", "autoria": "Miguel Roberto do Amaral", "texto_original": "http://sapl.ivaipora.pr.leg.br/media/sapl/public/materialegislativa/2019/598/ple-117-2019.pdf", "ementa": "Autoriza o Poder Executivo a contratar opera\u00e7\u00e3o de cr\u00e9dito com o BANCO DO BRASIL S.A., e d\u00e1 outras provid\u00eancias."}, {"id": "600", "ano": "2019", "numero": "118", "tipo__sigla": "PLE", "tipo__descricao": "Projeto de Lei do Executivo", "autoria": "Miguel Roberto do Amaral", "texto_original": "http://sapl.ivaipora.pr.leg.br/media/sapl/public/materialegislativa/2019/600/ple-118-2019.pdf", "ementa": "Autoriza o Executivo Municipal a efetuar a abertura de Cr\u00e9dito Adicional Especial no Or\u00e7amento do Munic\u00edpio de Ivaipor\u00e3, para o exerc\u00edcio de 2019."}, {"id": "601", "ano": "2019", "numero": "119", "tipo__sigla": "PLE", "tipo__descricao": "Projeto de Lei do Executivo", "autoria": "Miguel Roberto do Amaral", "texto_original": "http://sapl.ivaipora.pr.leg.br/media/sapl/public/materialegislativa/2019/601/ple-119-2019.pdf", "ementa": "Introduz altera\u00e7\u00f5es e acrescenta dispositivos na Lei Municipal 3.312, de 30 de abril de 2019, a qual autoriza o Executivo Municipal a alienar im\u00f3vel para fins de instala\u00e7\u00e3o e constru\u00e7\u00e3o de n\u00facleo habitacional, atrav\u00e9s de concorr\u00eancia p\u00fablica, e d\u00e1 outras provid\u00eancias."}, {"id": "602", "ano": "2019", "numero": "120", "tipo__sigla": "PLE", "tipo__descricao": "Projeto de Lei do Executivo", "autoria": "Miguel Roberto do Amaral", "texto_original": "http://sapl.ivaipora.pr.leg.br/media/sapl/public/materialegislativa/2019/602/ple-120-2019.pdf", "ementa": "Inclui dispositivos na Lei Municipal 1.940/2011, a qual disp\u00f5e sobre a pol\u00edtica de Desenvolvimento Industrial do Munic\u00edpio de Ivaipor\u00e3, e d\u00e1 outras provid\u00eancias."}, {"id": "603", "ano": "2019", "numero": "121", "tipo__sigla": "PLE", "tipo__descricao": "Projeto de Lei do Executivo", "autoria": "Miguel Roberto do Amaral", "texto_original": "http://sapl.ivaipora.pr.leg.br/media/sapl/public/materialegislativa/2019/603/ple-121-2019.pdf", "ementa": "Abre um Credito Adicional Especial e d\u00e1 outras provid\u00eancias."}, {"id": "604", "ano": "2019", "numero": "122", "tipo__sigla": "PLE", "tipo__descricao": "Projeto de Lei do Executivo", "autoria": "Miguel Roberto do Amaral", "texto_original": "http://sapl.ivaipora.pr.leg.br/media/sapl/public/materialegislativa/2019/604/ple-122-2019.pdf", "ementa": "Autoriza o Executivo Municipal a utilizar recursos do FUNREBOM para execu\u00e7\u00e3o terraplanagem no terreno onde ser\u00e1 constru\u00edda a Sede do 1\u00b0 Subgrupamento do Corpo de Bombeiros, e d\u00e1 outras provid\u00eancias."}, {"id": "605", "ano": "2019", "numero": "123", "tipo__sigla": "PLE", "tipo__descricao": "Projeto de Lei do Executivo", "autoria": "Miguel Roberto do Amaral", "texto_original": "http://sapl.ivaipora.pr.leg.br/media/sapl/public/materialegislativa/2019/605/ple-123-2019.pdf", "ementa": "Abre um Cr\u00e9dito Adicional Especial e d\u00e1 outras provid\u00eancias."}, {"id": "606", "ano": "2019", "numero": "125", "tipo__sigla": "PLE", "tipo__descricao": "Projeto de Lei do Executivo", "autoria": "Miguel Roberto do Amaral", "texto_original": "http://sapl.ivaipora.pr.leg.br/media/sapl/public/materialegislativa/2019/606/ple-125-2019.pdf", "ementa": "Disp\u00f5e sobre normas gerais para o servi\u00e7o de transporte individual de passageiros em ve\u00edculos autom\u00f3veis de aluguel \u2013 T\u00c1XI, no munic\u00edpio de Ivaipor\u00e3/PR, e d\u00e1 outras provid\u00eancias."}, {"id": "610", "ano": "2019", "numero": "126", "tipo__sigla": "PLE", "tipo__descricao": "Projeto de Lei do Executivo", "autoria": "Miguel Roberto do Amaral", "texto_original": "http://sapl.ivaipora.pr.leg.br/media/sapl/public/materialegislativa/2019/610/ple-126-2019.pdf", "ementa": "Abre um Cr\u00e9dito Adicional Especial e d\u00e1 outras provid\u00eancias."}, {"id": "611", "ano": "2019", "numero": "128", "tipo__sigla": "PLE", "tipo__descricao": "Projeto de Lei do Executivo", "autoria": "Miguel Roberto do Amaral", "texto_original": "http://sapl.ivaipora.pr.leg.br/media/sapl/public/materialegislativa/2019/611/ple-128-2019.pdf", "ementa": "Abre um Cr\u00e9dito Adicional Especial e d\u00e1 outras provid\u00eancias."}, {"id": "615", "ano": "2019", "numero": "129", "tipo__sigla": "PLE", "tipo__descricao": "Projeto de Lei do Executivo", "autoria": "Miguel Roberto do Amaral", "texto_original": "http://sapl.ivaipora.pr.leg.br/media/sapl/public/materialegislativa/2019/615/ple-129-2019.pdf", "ementa": "Disp\u00f5e sobre as Diretrizes para a Elabora\u00e7\u00e3o da Lei Or\u00e7ament\u00e1ria do Munic\u00edpio de Ivaipor\u00e3, Estado do Paran\u00e1, para o exerc\u00edcio financeiro de 2020, e d\u00e1 outras provid\u00eancias."}, {"id": "620", "ano": "2019", "numero": "130", "tipo__sigla": "PLE", "tipo__descricao": "Projeto de Lei do Executivo", "autoria": "Miguel Roberto do Amaral", "texto_original": "http://sapl.ivaipora.pr.leg.br/media/sapl/public/materialegislativa/2019/620/ple_130_2019.pdf", "ementa": "Abre um Cr\u00e9dito Adicional Especial e d\u00e1 outras provid\u00eancias."}, {"id": "621", "ano": "2019", "numero": "131", "tipo__sigla": "PLE", "tipo__descricao": "Projeto de Lei do Executivo", "autoria": "Miguel Roberto do Amaral", "texto_original": "http://sapl.ivaipora.pr.leg.br/media/sapl/public/materialegislativa/2019/621/ple-131-2019.pdf", "ementa": "Disp\u00f5e sobre a cria\u00e7\u00e3o do Programa Municipal de Regulariza\u00e7\u00e3o Fundi\u00e1ria de N\u00facleos Urbanos Informais \u2013 REURB, e d\u00e1 outras provid\u00eancias."}, {"id": "624", "ano": "2019", "numero": "132", "tipo__sigla": "PLE", "tipo__descricao": "Projeto de Lei do Executivo", "autoria": "Miguel Roberto do Amaral", "texto_original": "http://sapl.ivaipora.pr.leg.br/media/sapl/public/materialegislativa/2019/624/ple_132_2019.pdf", "ementa": "Autoriza a cess\u00e3o de uso tempor\u00e1ria  de im\u00f3veis p\u00fablicos a Entidades sem fins lucrativos de cunho social para a finalidade de cultivo e destina\u00e7\u00e3o social de frutos, e d\u00e1 outras provid\u00eancias."}, {"id": "625", "ano": "2019", "numero": "133", "tipo__sigla": "PLE", "tipo__descricao": "Projeto de Lei do Executivo", "autoria": "Miguel Roberto do Amaral", "texto_original": "http://sapl.ivaipora.pr.leg.br/media/sapl/public/materialegislativa/2019/625/ple-133-2019.pdf", "ementa": "Autoriza o Poder Executivo a contratar opera\u00e7\u00e3o de cr\u00e9dito com a CAIXA ECON\u00d4MICA FEDERAL e d\u00e1 outras provid\u00eancias"}, {"id": "626", "ano": "2019", "numero": "134", "tipo__sigla": "PLE", "tipo__descricao": "Projeto de Lei do Executivo", "autoria": "Miguel Roberto do Amaral", "texto_original": "http://sapl.ivaipora.pr.leg.br/media/sapl/public/materialegislativa/2019/626/ple-134-2019.pdf", "ementa": "Autoriza o Executivo Municipal a cumprir o prazo de vig\u00eancia determinado pelo Processo Seletivo Simplificado \u2013 PSS, estipulado pelo edital n\u00b0 41/2017, que disp\u00f5e sobre a contrata\u00e7\u00e3o tempor\u00e1ria e emergencial de pessoal para atendimentos na \u00e1rea de sa\u00fade, e d\u00e1 outras provid\u00eancias."}, {"id": "627", "ano": "2019", "numero": "135", "tipo__sigla": "PLE", "tipo__descricao": "Projeto de Lei do Executivo", "autoria": "Miguel Roberto do Amaral", "texto_original": "http://sapl.ivaipora.pr.leg.br/media/sapl/public/materialegislativa/2019/627/ple-135-2019.pdf", "ementa": "Abre um Cr\u00e9dito Adicional Especial e d\u00e1 outras provid\u00eancias."}, {"id": "628", "ano": "2019", "numero": "136", "tipo__sigla": "PLE", "tipo__descricao": "Projeto de Lei do Executivo", "autoria": "Miguel Roberto do Amaral", "texto_original": "http://sapl.ivaipora.pr.leg.br/media/sapl/public/materialegislativa/2019/628/ple-136-2019.pdf", "ementa": "Abre um Cr\u00e9dito Adicional Especial e d\u00e1 outras provid\u00eancias."}, {"id": "629", "ano": "2019", "numero": "137", "tipo__sigla": "PLE", "tipo__descricao": "Projeto de Lei do Executivo", "autoria": "Miguel Roberto do Amaral", "texto_original": "http://sapl.ivaipora.pr.leg.br/media/sapl/public/materialegislativa/2019/629/ple-137-2019.pdf", "ementa": "Autoriza o uso de ve\u00edculos da frota municipal por profissional contratada de forma terceirizada para atendimento de produtores rurais que participam do Projeto Frutifica Ivaipor\u00e3, e d\u00e1 outras provid\u00eancias"}, {"id": "630", "ano": "2019", "numero": "138", "tipo__sigla": "PLE", "tipo__descricao": "Projeto de Lei do Executivo", "autoria": "Miguel Roberto do Amaral", "texto_original": "http://sapl.ivaipora.pr.leg.br/media/sapl/public/materialegislativa/2019/630/ple-138-2019.pdf", "ementa": "Abre um Cr\u00e9dito Adicional Especial e d\u00e1 outras provid\u00eancias."}, {"id": "631", "ano": "2019", "numero": "139", "tipo__sigla": "PLE", "tipo__descricao": "Projeto de Lei do Executivo", "autoria": "Miguel Roberto do Amaral", "texto_original": "http://sapl.ivaipora.pr.leg.br/media/sapl/public/materialegislativa/2019/631/ple-139-2019.pdf", "ementa": "Autoriza o Poder Executivo a contratar opera\u00e7\u00e3o de cr\u00e9dito com a CAIXA ECON\u00d4MICA FEDERAL e d\u00e1 outras provid\u00eancias."}, {"id": "632", "ano": "2019", "numero": "140", "tipo__sigla": "PLE", "tipo__descricao": "Projeto de Lei do Executivo", "autoria": "Miguel Roberto do Amaral", "texto_original": "http://sapl.ivaipora.pr.leg.br/media/sapl/public/materialegislativa/2019/632/ple-140-2019.pdf", "ementa": "Abre um Cr\u00e9dito Adicional Especial e d\u00e1 outras provid\u00eancias."}, {"id": "633", "ano": "2019", "numero": "141", "tipo__sigla": "PLE", "tipo__descricao": "Projeto de Lei do Executivo", "autoria": "Miguel Roberto do Amaral", "texto_original": "http://sapl.ivaipora.pr.leg.br/media/sapl/public/materialegislativa/2019/633/ple-141-2019.pdf", "ementa": "Abre um Cr\u00e9dito Adicional Especial e d\u00e1 outras provid\u00eancias."}, {"id": "634", "ano": "2019", "numero": "142", "tipo__sigla": "PLE", "tipo__descricao": "Projeto de Lei do Executivo", "autoria": "Miguel Roberto do Amaral", "texto_original": "http://sapl.ivaipora.pr.leg.br/media/sapl/public/materialegislativa/2019/634/ple-142-2019.pdf", "ementa": "Autoriza o Executivo Municipal a incentivar a realiza\u00e7\u00e3o da III TECNOAGRO, em observ\u00e2ncia ao art . 9\u00b0 da Lei Municipal 3.231/2018, e d\u00e1 outras provid\u00eancias ."}, {"id": "635", "ano": "2019", "numero": "143", "tipo__sigla": "PLE", "tipo__descricao": "Projeto de Lei do Executivo", "autoria": "Miguel Roberto do Amaral", "texto_original": "http://sapl.ivaipora.pr.leg.br/media/sapl/public/materialegislativa/2019/635/ple-143-2019.pdf", "ementa": "Abre um Cr\u00e9dito Adicional Especial e d\u00e1 outras provid\u00eancias."}, {"id": "636", "ano": "2019", "numero": "144", "tipo__sigla": "PLE", "tipo__descricao": "Projeto de Lei do Executivo", "autoria": "Miguel Roberto do Amaral", "texto_original": "http://sapl.ivaipora.pr.leg.br/media/sapl/public/materialegislativa/2019/636/ple-144-2019.pdf", "ementa": "Abre um Cr\u00e9dito Adicional Especial e d\u00e1 outras provid\u00eancias."}, {"id": "637", "ano": "2019", "numero": "145", "tipo__sigla": "PLE", "tipo__descricao": "Projeto de Lei do Executivo", "autoria": "Miguel Roberto do Amaral", "texto_original": "http://sapl.ivaipora.pr.leg.br/media/sapl/public/materialegislativa/2019/637/ple-145-2019.pdf", "ementa": "Abre um Cr\u00e9dito Adicional Especial e d\u00e1 outras provid\u00eancias."}, {"id": "638", "ano": "2019", "numero": "146", "tipo__sigla": "PLE", "tipo__descricao": "Projeto de Lei do Executivo", "autoria": "Miguel Roberto do Amaral", "texto_original": "http://sapl.ivaipora.pr.leg.br/media/sapl/public/materialegislativa/2019/638/ple-146-2019.pdf", "ementa": "Abre um Cr\u00e9dito Adicional Especial e d\u00e1 outras provid\u00eancias."}, {"id": "639", "ano": "2019", "numero": "147", "tipo__sigla": "PLE", "tipo__descricao": "Projeto de Lei do Executivo", "autoria": "Miguel Roberto do Amaral", "texto_original": "http://sapl.ivaipora.pr.leg.br/media/sapl/public/materialegislativa/2019/639/ple-147-2019.pdf", "ementa": "Abre um Cr\u00e9dito Adicional Especial e d\u00e1 outras provid\u00eancias."}, {"id": "640", "ano": "2019", "numero": "148", "tipo__sigla": "PLE", "tipo__descricao": "Projeto de Lei do Executivo", "autoria": "Miguel Roberto do Amaral", "texto_original": "http://sapl.ivaipora.pr.leg.br/media/sapl/public/materialegislativa/2019/640/ple-148-2019.pdf", "ementa": "Abre um Cr\u00e9dito Adicional Especial e d\u00e1 outras provid\u00eancias."}, {"id": "641", "ano": "2019", "numero": "149", "tipo__sigla": "PLE", "tipo__descricao": "Projeto de Lei do Executivo", "autoria": "Miguel Roberto do Amaral", "texto_original": "http://sapl.ivaipora.pr.leg.br/media/sapl/public/materialegislativa/2019/641/ple-149-2019.pdf", "ementa": "Abre um Cr\u00e9dito Adicional Especial e d\u00e1 outras provid\u00eancias."}, {"id": "642", "ano": "2019", "numero": "150", "tipo__sigla": "PLE", "tipo__descricao": "Projeto de Lei do Executivo", "autoria": "Miguel Roberto do Amaral", "texto_original": "http://sapl.ivaipora.pr.leg.br/media/sapl/public/materialegislativa/2019/642/ple-150-2019.pdf", "ementa": "Abre um Cr\u00e9dito Adicional Especial e d\u00e1 outras provid\u00eancias."}, {"id": "643", "ano": "2019", "numero": "151", "tipo__sigla": "PLE", "tipo__descricao": "Projeto de Lei do Executivo", "autoria": "Miguel Roberto do Amaral", "texto_original": "http://sapl.ivaipora.pr.leg.br/media/sapl/public/materialegislativa/2019/643/ple-151-2019.pdf", "ementa": "Abre um Cr\u00e9dito Adicional Especial e d\u00e1 outras provid\u00eancias."}, {"id": "644", "ano": "2019", "numero": "152", "tipo__sigla": "PLE", "tipo__descricao": "Projeto de Lei do Executivo", "autoria": "Miguel Roberto do Amaral", "texto_original": "http://sapl.ivaipora.pr.leg.br/media/sapl/public/materialegislativa/2019/644/ple-152-2019.pdf", "ementa": "Estima Receita e Fixa a Despesa do Munic\u00edpio de Ivaipor\u00e3, Estado do Paran\u00e1, para o exerc\u00edcio financeiro de 2020."}, {"id": "645", "ano": "2019", "numero": "153", "tipo__sigla": "PLE", "tipo__descricao": "Projeto de Lei do Executivo", "autoria": "Miguel Roberto do Amaral", "texto_original": "http://sapl.ivaipora.pr.leg.br/media/sapl/public/materialegislativa/2019/645/ple-153-2019.pdf", "ementa": "Abre um Cr\u00e9dito Adicional Especial e d\u00e1 outras provid\u00eancias."}, {"id": "646", "ano": "2019", "numero": "154", "tipo__sigla": "PLE", "tipo__descricao": "Projeto de Lei do Executivo", "autoria": "Miguel Roberto do Amaral", "texto_original": "http://sapl.ivaipora.pr.leg.br/media/sapl/public/materialegislativa/2019/646/ple-154-2011.pdf", "ementa": "Abre um Cr\u00e9dito Adicional Especial e d\u00e1 outras provid\u00eancias."}, {"id": "647", "ano": "2019", "numero": "155", "tipo__sigla": "PLE", "tipo__descricao": "Projeto de Lei do Executivo", "autoria": "Miguel Roberto do Amaral", "texto_original": "http://sapl.ivaipora.pr.leg.br/media/sapl/public/materialegislativa/2019/647/ple-155-2019.pdf", "ementa": "Introduz altera\u00e7\u00f5es na reda\u00e7\u00e3o do art. 1\u00b0 da Lei Municipal 2.917, de 29 de dezembro de 2016, que autoriza o Chefe do Poder Executivo Municipal a adquirir o dom\u00ednio sobre \u00e1rea de terras rural para fins de cria\u00e7\u00e3o de Unidade de Conserva\u00e7\u00e3o Municipal de Prote\u00e7\u00e3o Integral, e d\u00e1 outras provid\u00eancias."}, {"id": "648", "ano": "2019", "numero": "156", "tipo__sigla": "PLE", "tipo__descricao": "Projeto de Lei do Executivo", "autoria": "Miguel Roberto do Amaral", "texto_original": "http://sapl.ivaipora.pr.leg.br/media/sapl/public/materialegislativa/2019/648/ple-156-2019.pdf", "ementa": "Abre um Cr\u00e9dito Adicional Especial e d\u00e1 outras provid\u00eancias."}, {"id": "649", "ano": "2019", "numero": "157", "tipo__sigla": "PLE", "tipo__descricao": "Projeto de Lei do Executivo", "autoria": "Miguel Roberto do Amaral", "texto_original": "http://sapl.ivaipora.pr.leg.br/media/sapl/public/materialegislativa/2019/649/ple-157-2019.pdf", "ementa": "Abre um Cr\u00e9dito Adicional Especial e d\u00e1 outras provid\u00eancias."}, {"id": "650", "ano": "2019", "numero": "158", "tipo__sigla": "PLE", "tipo__descricao": "Projeto de Lei do Executivo", "autoria": "Miguel Roberto do Amaral", "texto_original": "http://sapl.ivaipora.pr.leg.br/media/sapl/public/materialegislativa/2019/650/ple-158-2019.pdf", "ementa": "Abre um Cr\u00e9dito Adicional Especial e d\u00e1 outras provid\u00eancias."}, {"id": "651", "ano": "2019", "numero": "159", "tipo__sigla": "PLE", "tipo__descricao": "Projeto de Lei do Executivo", "autoria": "Miguel Roberto do Amaral", "texto_original": "http://sapl.ivaipora.pr.leg.br/media/sapl/public/materialegislativa/2019/651/ple-159-2019.pdf", "ementa": "Autoriza a abertura de Cr\u00e9ditos Adicionais   suplementares e d\u00e1 outras provid\u00eancias."}, {"id": "653", "ano": "2019", "numero": "160", "tipo__sigla": "PLE", "tipo__descricao": "Projeto de Lei do Executivo", "autoria": "Miguel Roberto do Amaral", "texto_original": "http://sapl.ivaipora.pr.leg.br/media/sapl/public/materialegislativa/2019/653/ple-160-2019.pdf", "ementa": "Abre um Cr\u00e9dito Adicional Especial e d\u00e1 outras provid\u00eancias."}, {"id": "654", "ano": "2019", "numero": "161", "tipo__sigla": "PLE", "tipo__descricao": "Projeto de Lei do Executivo", "autoria": "Miguel Roberto do Amaral", "texto_original": "http://sapl.ivaipora.pr.leg.br/media/sapl/public/materialegislativa/2019/654/ple-161-2019.pdf", "ementa": "Introduz altera\u00e7\u00f5es na reda\u00e7\u00e3o do art. 1\u00b0 e Par\u00e1grafo \u00danico da Lei Municipal 1.561, de 7 de outubro de 2008, que autoriza a doa\u00e7\u00e3o de terreno \u00e0 Secretaria de Estado da Sa\u00fade, e d\u00e1 outras provid\u00eancias."}, {"id": "655", "ano": "2019", "numero": "162", "tipo__sigla": "PLE", "tipo__descricao": "Projeto de Lei do Executivo", "autoria": "Miguel Roberto do Amaral", "texto_original": "http://sapl.ivaipora.pr.leg.br/media/sapl/public/materialegislativa/2019/655/ple-162-2019.pdf", "ementa": "Introduz altera\u00e7\u00f5es na reda\u00e7\u00e3o do Par\u00e1grafo \u00danico do art. 1\u00b0 e no Art. 3\u00b0 da Lei Municipal 2.493, de 30 de julho de 2014, que autoriza a doa\u00e7\u00e3o de terreno \u00e0 Secretaria de Estado da Sa\u00fade do Paran\u00e1, e d\u00e1 outras provid\u00eancias."}, {"id": "656", "ano": "2019", "numero": "163", "tipo__sigla": "PLE", "tipo__descricao": "Projeto de Lei do Executivo", "autoria": "Miguel Roberto do Amaral", "texto_original": "http://sapl.ivaipora.pr.leg.br/media/sapl/public/materialegislativa/2019/656/ple-163-2019.pdf", "ementa": "Abre um Cr\u00e9dito Adicional Especial e d\u00e1 outras provid\u00eancias."}, {"id": "657", "ano": "2019", "numero": "164", "tipo__sigla": "PLE", "tipo__descricao": "Projeto de Lei do Executivo", "autoria": "Miguel Roberto do Amaral", "texto_original": "http://sapl.ivaipora.pr.leg.br/media/sapl/public/materialegislativa/2019/657/ple-164-2019.pdf", "ementa": "Abre um Cr\u00e9dito Adicional Especial e d\u00e1 outras provid\u00eancias."}, {"id": "658", "ano": "2019", "numero": "165", "tipo__sigla": "PLE", "tipo__descricao": "Projeto de Lei do Executivo", "autoria": "Miguel Roberto do Amaral", "texto_original": "http://sapl.ivaipora.pr.leg.br/media/sapl/public/materialegislativa/2019/658/ple-165-2019.pdf", "ementa": "Abre um Cr\u00e9dito Adicional Especial e d\u00e1 outras provid\u00eancias."}, {"id": "660", "ano": "2019", "numero": "166", "tipo__sigla": "PLE", "tipo__descricao": "Projeto de Lei do Executivo", "autoria": "Miguel Roberto do Amaral", "texto_original": "http://sapl.ivaipora.pr.leg.br/media/sapl/public/materialegislativa/2019/660/ple-166-2019.pdf", "ementa": "Disp\u00f5e sobre o Plano de Cargos, Carreira e Remunera\u00e7\u00e3o do Magist\u00e9rio P\u00fablico Municipal de Ivaipor\u00e3 e revoga a Lei n\u00b0 1.373, de 29 de setembro de 2006 e demais disposi\u00e7\u00f5es em contr\u00e1rio."}, {"id": "661", "ano": "2019", "numero": "167", "tipo__sigla": "PLE", "tipo__descricao": "Projeto de Lei do Executivo", "autoria": "Miguel Roberto do Amaral", "texto_original": "http://sapl.ivaipora.pr.leg.br/media/sapl/public/materialegislativa/2019/661/ple-167-2019.pdf", "ementa": "Abre um Cr\u00e9dito Adicional Especial e d\u00e1 outras provid\u00eancias."}, {"id": "662", "ano": "2019", "numero": "168", "tipo__sigla": "PLE", "tipo__descricao": "Projeto de Lei do Executivo", "autoria": "Miguel Roberto do Amaral", "texto_original": "http://sapl.ivaipora.pr.leg.br/media/sapl/public/materialegislativa/2019/662/ple-168-2019.pdf", "ementa": "Abre um Cr\u00e9dito Adicional Especial e d\u00e1 outras provid\u00eancias."}, {"id": "663", "ano": "2019", "numero": "169", "tipo__sigla": "PLE", "tipo__descricao": "Projeto de Lei do Executivo", "autoria": "Miguel Roberto do Amaral", "texto_original": "http://sapl.ivaipora.pr.leg.br/media/sapl/public/materialegislativa/2019/663/ple-169-2019.pdf", "ementa": "Abre um Cr\u00e9dito Adicional Especial e d\u00e1 outras provid\u00eancias."}, {"id": "664", "ano": "2019", "numero": "171", "tipo__sigla": "PLE", "tipo__descricao": "Projeto de Lei do Executivo", "autoria": "Miguel Roberto do Amaral", "texto_original": "http://sapl.ivaipora.pr.leg.br/media/sapl/public/materialegislativa/2019/664/ple-171-2019.pdf", "ementa": "Abre um Cr\u00e9dito Adicional Especial e d\u00e1 outras provid\u00eancias."}, {"id": "665", "ano": "2019", "numero": "172", "tipo__sigla": "PLE", "tipo__descricao": "Projeto de Lei do Executivo", "autoria": "Miguel Roberto do Amaral", "texto_original": "http://sapl.ivaipora.pr.leg.br/media/sapl/public/materialegislativa/2019/665/ple-172-2019.pdf", "ementa": "Abre um Cr\u00e9dito Adicional Especial e d\u00e1 outras provid\u00eancias."}, {"id": "666", "ano": "2019", "numero": "173", "tipo__sigla": "PLE", "tipo__descricao": "Projeto de Lei do Executivo", "autoria": "Miguel Roberto do Amaral", "texto_original": "http://sapl.ivaipora.pr.leg.br/media/sapl/public/materialegislativa/2019/666/ple-173-2019.pdf", "ementa": "Autoriza o munic\u00edpio de Ivaipor\u00e3/PR a receber em forma de DOA\u00c7\u00c3O SEM \u00d4NUS o im\u00f3vel que especifica, e d\u00e1 outras provid\u00eancias."}, {"id": "667", "ano": "2019", "numero": "174", "tipo__sigla": "PLE", "tipo__descricao": "Projeto de Lei do Executivo", "autoria": "Miguel Roberto do Amaral", "texto_original": "http://sapl.ivaipora.pr.leg.br/media/sapl/public/materialegislativa/2019/667/ple-174-2019.pdf", "ementa": "Abre um Cr\u00e9dito Adicional Especial e d\u00e1 outras provid\u00eancias."}, {"id": "6072", "ano": "2019", "numero": "1", "tipo__sigla": "PLL", "tipo__descricao": "Projeto de Lei do Legislativo", "autoria": "\u00c9der Bueno, Alex Papin", "texto_original": "http://sapl.ivaipora.pr.leg.br/media/sapl/public/materialegislativa/2019/6072/pll-01-2019.pdf", "ementa": "Concede recomposi\u00e7\u00e3o aos subs\u00eddios dos Vereadores da C\u00e2mara Municipal de Ivaipor\u00e3, relativa a infla\u00e7\u00e3o acumulada no ano de 2018 e d\u00e1 outras provid\u00eancias."}, {"id": "6073", "ano": "2019", "numero": "2", "tipo__sigla": "PLL", "tipo__descricao": "Projeto de Lei do Legislativo", "autoria": "\u00c9der Bueno", "texto_original": "http://sapl.ivaipora.pr.leg.br/media/sapl/public/materialegislativa/2019/6073/pll-02-2019.pdf", "ementa": "Concede reajuste aos vencimentos dos servidores do Poder Legislativo, e d\u00e1 outras provid\u00eancias."}, {"id": "6074", "ano": "2019", "numero": "3", "tipo__sigla": "PLL", "tipo__descricao": "Projeto de Lei do Legislativo", "autoria": "\u00c9der Bueno", "texto_original": "http://sapl.ivaipora.pr.leg.br/media/sapl/public/materialegislativa/2019/6074/pll-03-2019.pdf", "ementa": "Revoga o art. 5\u00b0 da Lei Municipal n\u00b02.651/2015, revoga o par\u00e1grafo \u00fanico do art. 12, altera o art. 7\u00b0 - C e \u00a7 1\u00b0, e anexos II e V da Lei Municipal n\u00b0 2.515/2014."}, {"id": "6075", "ano": "2019", "numero": "4", "tipo__sigla": "PLL", "tipo__descricao": "Projeto de Lei do Legislativo", "autoria": "Nando Dorta, H\u00e9lio Barros", "texto_original": "http://sapl.ivaipora.pr.leg.br/media/sapl/public/materialegislativa/2019/6075/pll-04-2019.pdf", "ementa": "Extingue cargos vagos e que vierem a vagar de Auxiliar de Servi\u00e7os Gerais, do Grupo Ocupacional Servi\u00e7o Gerais do Poder Legislativo de Ivaipor\u00e3, de que trata a Lei Municipal n\u00b0 2.515, de 5 de novembro de 2014."}, {"id": "6076", "ano": "2019", "numero": "5", "tipo__sigla": "PLL", "tipo__descricao": "Projeto de Lei do Legislativo", "autoria": "Alex Papin", "texto_original": "http://sapl.ivaipora.pr.leg.br/media/sapl/public/materialegislativa/2019/6076/pll-05-2019.pdf", "ementa": "Disp\u00f5e sobre uma folga anual para todos os servidores p\u00fablicos municipais do Munic\u00edpio de Ivaipor\u00e3, Estado do Paran\u00e1, no dia do seu anivers\u00e1rio, na forma que menciona, e d\u00e1 outras provid\u00eancias."}, {"id": "6077", "ano": "2019", "numero": "6", "tipo__sigla": "PLL", "tipo__descricao": "Projeto de Lei do Legislativo", "autoria": "H\u00e9lio Barros", "texto_original": "http://sapl.ivaipora.pr.leg.br/media/sapl/public/materialegislativa/2019/6077/pll-06-2019.pdf", "ementa": "Obriga as Institui\u00e7\u00f5es banc\u00e1rias p\u00fablicas ou privadas e as cooperativas de cr\u00e9dito localizadas no Munic\u00edpio a contratar vigil\u00e2ncia armada para atuar no hor\u00e1rio de funcionamento dos caixas eletr\u00f4nicos, inclusive em finais de semana e feriados, e d\u00e1 outras provid\u00eancias."}, {"id": "6078", "ano": "2019", "numero": "7", "tipo__sigla": "PLL", "tipo__descricao": "Projeto de Lei do Legislativo", "autoria": "Sab\u00e3o - Edivaldo Montanheri", "texto_original": "http://sapl.ivaipora.pr.leg.br/media/sapl/public/materialegislativa/2019/6078/pll-07-2019.pdf", "ementa": "Introduz altera\u00e7\u00f5es na Lei Municipal n\u00b0 3.181, de 8 de agosto de 2018, a qual disp\u00f5e sobre o Dia Municipal da Pesca no Munic\u00edpio de Ivaipor\u00e3."}, {"id": "6079", "ano": "2019", "numero": "8", "tipo__sigla": "PLL", "tipo__descricao": "Projeto de Lei do Legislativo", "autoria": "Sab\u00e3o - Edivaldo Montanheri", "texto_original": "http://sapl.ivaipora.pr.leg.br/media/sapl/public/materialegislativa/2019/6079/pll-08-2019.pdf", "ementa": "Disp\u00f5e sobre a implanta\u00e7\u00e3o de limpeza de fossas s\u00e9pticas no Munic\u00edpio de Ivaipor\u00e3 conforme especifica, e d\u00e1 outras provid\u00eancias."}, {"id": "6080", "ano": "2019", "numero": "9", "tipo__sigla": "PLL", "tipo__descricao": "Projeto de Lei do Legislativo", "autoria": "Sueli Gevert", "texto_original": "http://sapl.ivaipora.pr.leg.br/media/sapl/public/materialegislativa/2019/6080/pll-09-2019.pdf", "ementa": "Disp\u00f5e sobre a proibi\u00e7\u00e3o, comercializa\u00e7\u00e3o e uso em locais p\u00fablicos abertos ou fechados do cachimbo narguil\u00e9 e similares, e d\u00e1 outras provid\u00eancias."}, {"id": "6081", "ano": "2019", "numero": "10", "tipo__sigla": "PLL", "tipo__descricao": "Projeto de Lei do Legislativo", "autoria": "\u00c9der Bueno, Alex Papin, H\u00e9lio Barros, Nando Dorta", "texto_original": "http://sapl.ivaipora.pr.leg.br/media/sapl/public/materialegislativa/2019/6081/pll-10-2019.pdf", "ementa": "Revoga na \u00edntegra Lei Municipal 3.100, de 27/03/2018, e d\u00e1 outras provid\u00eancias."}, {"id": "7980", "ano": "2019", "numero": "1", "tipo__sigla": "PDL", "tipo__descricao": "Projeto de Decreto Legislativo", "autoria": "\u00c9der Bueno", "texto_original": "http://sapl.ivaipora.pr.leg.br/media/sapl/public/materialegislativa/2019/7980/projeto_de_decreto_01-2019.pdf", "ementa": "Autoriza a concess\u00e3o de licen\u00e7a ao Prefeito Municipal. Sr. Miguel Roberto do Amaral, e d\u00e1 outras provid\u00eancias."}, {"id": "7979", "ano": "2019", "numero": "2", "tipo__sigla": "PDL", "tipo__descricao": "Projeto de Decreto Legislativo", "autoria": "Z\u00e9 do Bar", "texto_original": "http://sapl.ivaipora.pr.leg.br/media/sapl/public/materialegislativa/2019/7979/projeto_de_decreto_02-2019.pdf", "ementa": "Concede o T\u00edtulo de Cidad\u00e3o Honor\u00e1rio de Ivaipor\u00e3, Estado do Paran\u00e1, ao Sr \u00c1gide Meneguette."}, {"id": "7978", "ano": "2019", "numero": "3", "tipo__sigla": "PDL", "tipo__descricao": "Projeto de Decreto Legislativo", "autoria": "\u00c9der Bueno", "texto_original": "http://sapl.ivaipora.pr.leg.br/media/sapl/public/materialegislativa/2019/7978/projeto_de_decreto_03-2019.pdf", "ementa": "Regulamenta, no \u00e2mbito do Poder Legislativo municipal, a Lei Federal n\u00ba 12.846, de 1\u00ba de agosto de 2013, que disp\u00f5e sobre a responsabiliza\u00e7\u00e3o administrativa de pessoas jur\u00eddicas pela pr\u00e1tica de atos contra a administra\u00e7\u00e3o P\u00fablica Municipal, e d\u00e1 outras provid\u00eancias."}, {"id": "7977", "ano": "2019", "numero": "4", "tipo__sigla": "PDL", "tipo__descricao": "Projeto de Decreto Legislativo", "autoria": "Sab\u00e3o - Edivaldo Montanheri", "texto_original": "http://sapl.ivaipora.pr.leg.br/media/sapl/public/materialegislativa/2019/7977/projeto_de_decreto_04-2019.pdf", "ementa": "Concede T\u00edtulo de Cidad\u00e3o Honor\u00e1rio de Ivaipor\u00e3, Estado do Paran\u00e1, ao Senhor Dirceu Gomes Machado Filho."}, {"id": "7976", "ano": "2019", "numero": "5", "tipo__sigla": "PDL", "tipo__descricao": "Projeto de Decreto Legislativo", "autoria": "\u00c9der Bueno", "texto_original": "http://sapl.ivaipora.pr.leg.br/media/sapl/public/materialegislativa/2019/7976/projeto_de_decreto_05-2019.pdf", "ementa": "Referenda a doa\u00e7\u00e3o de m\u00f3veis de ao Poder Executivo Municipal e d\u00e1 outras provid\u00eancias."}, {"id": "7975", "ano": "2019", "numero": "6", "tipo__sigla": "PDL", "tipo__descricao": "Projeto de Decreto Legislativo", "autoria": "Marcelo Reis", "texto_original": "http://sapl.ivaipora.pr.leg.br/media/sapl/public/materialegislativa/2019/7975/projeto_de_decreto_06-2019.pdf", "ementa": "Concede T\u00edtulo de Consagra\u00e7\u00e3o P\u00fablica Municipal \u00e0 Pessoa Jur\u00eddica FUNDA\u00c7\u00c3O BENEFICENTE DE IVAIPOR\u00c3."}, {"id": "7963", "ano": "2019", "numero": "7", "tipo__sigla": "PDL", "tipo__descricao": "Projeto de Decreto Legislativo", "autoria": "Alex Papin", "texto_original": "http://sapl.ivaipora.pr.leg.br/media/sapl/public/materialegislativa/2019/7963/projeto_de_decreto_07-2019.pdf", "ementa": "Concede T\u00edtulo de Consagra\u00e7\u00e3o P\u00fablica Municipal ao INSTITUTO DE SA\u00daDE BOM JESUS."}, {"id": "7943", "ano": "2019", "numero": "8", "tipo__sigla": "PDL", "tipo__descricao": "Projeto de Decreto Legislativo", "autoria": "Sueli Gevert", "texto_original": "http://sapl.ivaipora.pr.leg.br/media/sapl/public/materialegislativa/2019/7943/projeto_de_decreto_08-2019.pdf", "ementa": "Disp\u00f5e sobre as Presta\u00e7\u00f5es de Contas do Poder Executivo do Munic\u00edpio de Ivaipor\u00e3, Estado do Paran\u00e1, referente ao exerc\u00edcio financeiro do ano de 2013."}, {"id": "7930", "ano": "2019", "numero": "9", "tipo__sigla": "PDL", "tipo__descricao": "Projeto de Decreto Legislativo", "autoria": "Ailton Stipp, H\u00e9lio Barros, Sueli Gevert", "texto_original": "http://sapl.ivaipora.pr.leg.br/media/sapl/public/materialegislativa/2019/7930/projeto_de_decreto_09-2019.pdf", "ementa": "Disp\u00f5e sobre as Presta\u00e7\u00e3o de contas do Poder Executivo do Munic\u00edpio de Ivaipor\u00e3, Estado do Paran\u00e1, referente ao exerc\u00edcio financeiro do ano de 2012."}, {"id": "7925", "ano": "2019", "numero": "10", "tipo__sigla": "PDL", "tipo__descricao": "Projeto de Decreto Legislativo", "autoria": "Nando Dorta", "texto_original": "http://sapl.ivaipora.pr.leg.br/media/sapl/public/materialegislativa/2019/7925/projeto_de_decreto_10-2019.pdf", "ementa": "Concede T\u00edtulo de Cidad\u00e3o Honor\u00e1rio de Ivaipor\u00e3, Estado do Paran\u00e1, ao Senhor Sidney Ciffoni."}, {"id": "7924", "ano": "2019", "numero": "11", "tipo__sigla": "PDL", "tipo__descricao": "Projeto de Decreto Legislativo", "autoria": "Z\u00e9 do Bar", "texto_original": "http://sapl.ivaipora.pr.leg.br/media/sapl/public/materialegislativa/2019/7924/projeto_de_decreto_11-2019.pdf", "ementa": "Concede T\u00edtulo de Cidad\u00e3 Honor\u00e1rio de Ivaipor\u00e3, Estado do Paran\u00e1, ao Senhor Alfredo Abreu Amorim."}, {"id": "7921", "ano": "2019", "numero": "12", "tipo__sigla": "PDL", "tipo__descricao": "Projeto de Decreto Legislativo", "autoria": "Z\u00e9 do Bar", "texto_original": "http://sapl.ivaipora.pr.leg.br/media/sapl/public/materialegislativa/2019/7921/projeto_de_decreto_12-2019.pdf", "ementa": "Concede T\u00edtulo de Cidad\u00e3 Honor\u00e1ria de Ivaipor\u00e3, Estado do Paran\u00e1, a Senhora Adelina Maria Bitencourt."}, {"id": "7886", "ano": "2019", "numero": "13", "tipo__sigla": "PDL", "tipo__descricao": "Projeto de Decreto Legislativo", "autoria": "H\u00e9lio Barros", "texto_original": "http://sapl.ivaipora.pr.leg.br/media/sapl/public/materialegislativa/2019/7886/projeto_de_decreto_13-2019.pdf", "ementa": "Concede T\u00edtulo de Cidad\u00e3o Honor\u00e1rio de Ivaipor\u00e3 Estado do Paran\u00e1, ao senhor Pedro Churandi Bernardy."}, {"id": "7836", "ano": "2019", "numero": "14", "tipo__sigla": "PDL", "tipo__descricao": "Projeto de Decreto Legislativo", "autoria": "Ailton Stipp, Alex Papin, \u00c9der Bueno, H\u00e9lio Barros, Marcelo Reis, Nando Dorta, Sab\u00e3o - Edivaldo Montanheri, Sueli Gevert, Z\u00e9 do Bar", "texto_original": "http://sapl.ivaipora.pr.leg.br/media/sapl/public/materialegislativa/2019/7836/projeto_de_decreto_14-2019.pdf", "ementa": "Concede T\u00edtulo de Cidad\u00e3o Honor\u00e1rio de Ivaipor\u00e3, Estado do Paran\u00e1, ao Senhor Jo\u00e3o da Silva In\u00e1cio (Severiano)."}, {"id": "7835", "ano": "2019", "numero": "15", "tipo__sigla": "PDL", "tipo__descricao": "Projeto de Decreto Legislativo", "autoria": "Ailton Stipp, \u00c9der Bueno, H\u00e9lio Barros, Marcelo Reis, Nando Dorta, Sab\u00e3o - Edivaldo Montanheri, Sueli Gevert, Z\u00e9 do Bar", "texto_original": "http://sapl.ivaipora.pr.leg.br/media/sapl/public/materialegislativa/2019/7835/projeto_de_decreto_15-2019.pdf", "ementa": "Concede T\u00edtulo de Cidad\u00e3o Honor\u00e1ria de Ivaipor\u00e3, Estado do Paran\u00e1, a Senhora Teresinha Papin Rodrigues."}, {"id": "7834", "ano": "2019", "numero": "17", "tipo__sigla": "PDL", "tipo__descricao": "Projeto de Decreto Legislativo", "autoria": "\u00c9der Bueno", "texto_original": "http://sapl.ivaipora.pr.leg.br/media/sapl/public/materialegislativa/2019/7834/projeto_de_decreto_17-2019.pdf", "ementa": "Concede T\u00edtulo de Cidad\u00e3o Honor\u00e1rio de Ivaipor\u00e3, Estado do Paran\u00e1, ao Senhor Aleksandro Montanha."}, {"id": "3931", "ano": "2019", "numero": "1", "tipo__sigla": "PRE", "tipo__descricao": "Projeto de Resolu\u00e7\u00e3o", "autoria": "Alex Papin, \u00c9der Bueno", "texto_original": "http://sapl.ivaipora.pr.leg.br/media/sapl/public/materialegislativa/2019/3931/pr_1_2019.pdf", "ementa": "Disp\u00f5e sobre o Instrumento da Programa\u00e7\u00e3o Financeira e cronograma mensal da despesa para o Legislativo Municipal referente ao exerc\u00edcio financeiro de 2019."}, {"id": "3932", "ano": "2019", "numero": "2", "tipo__sigla": "PRE", "tipo__descricao": "Projeto de Resolu\u00e7\u00e3o", "autoria": "Alex Papin, \u00c9der Bueno", "texto_original": "http://sapl.ivaipora.pr.leg.br/media/sapl/public/materialegislativa/2019/3932/pr_2_2019.pdf", "ementa": "Ficam os Senhores, Presidente, Vereadores e Funcion\u00e1rios deste Poder Legislativo com direito a receberem di\u00e1rias constantes da Lei n\u00ba 2.114 acima mencionado a partir do dia 25 de janeiro de 2019 \u00e0 31 de dezembro de 2019."}, {"id": "3982", "ano": "2019", "numero": "3", "tipo__sigla": "PRE", "tipo__descricao": "Projeto de Resolu\u00e7\u00e3o", "autoria": "Alex Papin, \u00c9der Bueno, H\u00e9lio Barros", "texto_original": "http://sapl.ivaipora.pr.leg.br/media/sapl/public/materialegislativa/2019/3982/pr_3_2019.pdf", "ementa": "Disp\u00f5e sobre a jornada de trabalho, o registro de frequ\u00eancia e o banco de horas dos servidores no \u00e2mbito do Poder Legislativo Municipal, e d\u00e1 outras provid\u00eancias."}, {"id": "3984", "ano": "2019", "numero": "4", "tipo__sigla": "PRE", "tipo__descricao": "Projeto de Resolu\u00e7\u00e3o", "autoria": "Alex Papin, \u00c9der Bueno, H\u00e9lio Barros, Nando Dorta", "texto_original": "http://sapl.ivaipora.pr.leg.br/media/sapl/public/materialegislativa/2019/3984/pr_4_2019.pdf", "ementa": "Altera o inc. XII do art. 102 e o inc. V do art, 170 da Resolu\u00e7\u00e3o Legislativa n\u00b0 05/2007, que disp\u00f5e sobre Regimento Interno do Poder Legislativo de Ivaipor\u00e3 - Estado do Paran\u00e1."}, {"id": "3987", "ano": "2019", "numero": "5", "tipo__sigla": "PRE", "tipo__descricao": "Projeto de Resolu\u00e7\u00e3o", "autoria": "Alex Papin, \u00c9der Bueno, H\u00e9lio Barros, Nando Dorta", "texto_original": "http://sapl.ivaipora.pr.leg.br/media/sapl/public/materialegislativa/2019/3987/pr_5_2019.pdf", "ementa": "Institui a tabela de deprecia\u00e7\u00e3o e valor residual dos bens m\u00f3veis e im\u00f3veis do Poder Legislativo de Ivaipor\u00e3, e d\u00e1 outras provid\u00eancias."}, {"id": "7131", "ano": "2019", "numero": "1", "tipo__sigla": "IND", "tipo__descricao": "Indica\u00e7\u00e3o", "autoria": "Nando Dorta", "texto_original": "http://sapl.ivaipora.pr.leg.br/media/sapl/public/materialegislativa/2019/7131/01-2019.pdf", "ementa": "INDICAR ao Senhor Prefeito Municipal, que por meio do departamento competente:\r\n1.\tProvidencie a manuten\u00e7\u00e3o na ilumina\u00e7\u00e3o p\u00fablica no   Lago de Furnas; \r\n2.\tProvidencie a constru\u00e7\u00e3o de um ponto de \u00f4nibus no\r\nIFPR, pois em uma Audi\u00eancia P\u00fablica que aconteceu na C\u00e2mara de Vereadores ficou determinado que a Prefeitura   iria construir; \r\n3.\tInstale um redutor de velocidades na Avenida\r\n Maranh\u00e3o, esquina com a Avenida Pedro Koltun."}, {"id": "7132", "ano": "2019", "numero": "2", "tipo__sigla": "IND", "tipo__descricao": "Indica\u00e7\u00e3o", "autoria": "Ailton Stipp", "texto_original": "http://sapl.ivaipora.pr.leg.br/media/sapl/public/materialegislativa/2019/7132/02-2019.pdf", "ementa": "INDICAR ao Senhor Prefeito Municipal, que por meio do departamento\r\ncompetente:\r\nProvidencie a implanta\u00e7\u00e3o de pedras irregulares nas\r\nruas Jos\u00e9 Messias de Oliveira, Derc\u00edlio Matias e Pedro\r\nSargionete, localizadas no Conjunto Habitacional Sebasti\u00e3o\r\nAlves de Andrade;\r\nProvidencie a implanta\u00e7\u00e3o de pedras irregulares nas\r\nruas Feliciano Vidal, S\u00e3o Jo\u00e3o do Iva\u00ed e Marialva,\r\nlocalizadas na Vila Nova Por\u00e3;\r\nProvidencie a manuten\u00e7\u00e3o do cascalho entre a Vila\r\nNova Por\u00e3 at\u00e9 a Vila Rural, conhecida como estrada da\r\n\u00c1gua da Prata;\r\nProvidencie o cascalhamento entre a Vila Nova Por\u00e3\r\nat\u00e9 o Cinco Encruzo."}, {"id": "7133", "ano": "2019", "numero": "3", "tipo__sigla": "IND", "tipo__descricao": "Indica\u00e7\u00e3o", "autoria": "Sab\u00e3o - Edivaldo Montanheri", "texto_original": "http://sapl.ivaipora.pr.leg.br/media/", "ementa": "INDICAR ao Senhor Prefeito Municipal, que por meio do\r\ndepartamento competente:\r\nProvidencie a limpeza e retirada de entulhos do\r\nsal\u00e3o da Associa\u00e7\u00e3o do Jardim Ouro Preto, localizado na\r\nRua General Os\u00f3rio, n\u00b0 810;\r\nProvidencie o corte da \u00e1rvore na Rua Francisco\r\nJacob Goedert, n\u00b0 3020, esquina com a Avenida Maranh\u00e3o,\r\npois ela est\u00e1 podre e com o risco de queda."}, {"id": "7134", "ano": "2019", "numero": "4", "tipo__sigla": "IND", "tipo__descricao": "Indica\u00e7\u00e3o", "autoria": "H\u00e9lio Barros", "texto_original": "http://sapl.ivaipora.pr.leg.br/media/sapl/public/materialegislativa/2019/7134/04-2019.pdf", "ementa": "INDICAR ao Senhor Prefeito Municipal, que\r\npor meio do departamento competente:\r\nImplante uma rotat\u00f3ria defronte \u00e0 loja Magazine\r\nLuiza, com as mesmas dimens\u00f5es daquela feita no Mercado\r\nParan\u00e1, em frente ao F\u00f3rum;\r\nConstrua uma cal\u00e7ada entre a nova passarela do Rio\r\nPindauvinha, ligando ao CMEI Jos\u00e9 Fiorim;\r\nProvidencie reposi\u00e7\u00e3o das pedras irregulares da Rua\r\nAlvorada e da Rua Palotina, no Jardim Alvorada;\r\nImplante uma rotat\u00f3ria na Avenida Brasil, defronte\r\na antiga Consvale;\r\nProvidencie um redutor de velocidades na Rua\r\nNarcisio da Silva, n\u00b0 30, vila S\u00e3o Jos\u00e9;\r\nInstale uma ATI na Pra\u00e7a Professor Milton Pirolo,\r\npr\u00f3ximo ao CEEBJA;\r\nRealize melhorias da estrada do Bulha F, pr\u00f3ximo\r\nao sitio do Dr. Nelson.\r\nTroque as l\u00e2mpadas queimadas na Rua Ant\u00f4nio\r\nFermino Honorato, pr\u00f3ximo ao n\u00b0 58, como tamb\u00e9m na Rua\r\nCapivari, pr\u00f3ximo ao n\u00b0 250, sendo que ambas as ruas\r\nnecessitam de 5 l\u00e2mpadas novas.\r\nPlen\u00e1rio Vereador Pedro Goedert, ao primeiro dia do m\u00eas\r\nde fevereiro do ano de dois mil e dezenove."}, {"id": "7135", "ano": "2019", "numero": "5", "tipo__sigla": "IND", "tipo__descricao": "Indica\u00e7\u00e3o", "autoria": "Marcelo Reis", "texto_original": "http://sapl.ivaipora.pr.leg.br/media/", "ementa": "INDICAR ao\r\nSenhor Prefeito Municipal, que por meio do departamento competente:\r\nQue seja realizada reforma e limpeza no campinho de\r\nareia do Jardim Esp\u00edrito Santo (reforma das traves, mais areia na\r\nquadra de jogo e corte da grama ao redor do parque);\r\nQue seja realizada a instala\u00e7\u00e3o de lumin\u00e1ria junto ao\r\nSuper poste que fica defronte ao parque infantil do Jardim\r\nBot\u00e2nico;\r\nQue sejam realizadas trocas de l\u00e2mpadas na Rua Iva\u00ed, no\r\nJardim Belo Horizonte e a troca de l\u00e2mpadas na Rua Tamandar\u00e9,\r\nn\u00b0 250, pr\u00f3ximo \u00e0 AABB, al\u00e9m da realiza\u00e7\u00e3o de estudo de\r\nredutor de velocidade na mesma via;\r\nQue seja realizada uma limpeza completa em todas as\r\nescolas municipais e CEMEls, retirando entulho, corte de galhos,\r\ncorte de grama e limpeza geral;\r\nQue seja realizada a manuten\u00e7\u00e3o do asfalto de todas as\r\nruas e travessas da Vila Jo\u00e3o XXIII e na Rua Plac\u00eddio Miranda,\r\njunto com suas travessas, como o exemplo da Rua Mau\u00e1, com\r\nefeito de urg\u00eancia, pois o asfalto est\u00e1 deteriorando;\r\nQue seja constru\u00eddo um ponto de \u00f4nibus"}, {"id": "7136", "ano": "2019", "numero": "6", "tipo__sigla": "IND", "tipo__descricao": "Indica\u00e7\u00e3o", "autoria": "Alex Papin", "texto_original": "http://sapl.ivaipora.pr.leg.br/media/sapl/public/materialegislativa/2019/7136/06-2019.pdf", "ementa": "INDICAR ao Senhor Prefeito Municipal, que por meio do departamento\r\ncompetente:\r\nProvidencie a poda das \u00e1rvores que est\u00e3o\r\natrapalhando a ilumina\u00e7\u00e3o dos postes de luz na Rua Aramis\r\nAthaide, localizada no Conjunto Mour\u00e3o Filho;\r\nProvidencie o recape asf\u00e1ltico, em cima da pedra\r\nirregular, na Rua Aramis Athaide, localizada no Conjunto\r\nMour\u00e3o Filho;\r\nProvidencie acostamento com cal\u00e7amento na Rua\r\nApucarana, localizada na Vila Santa Maria;\r\n4, Providencie a reforma de toda a Pra\u00e7a Jo\u00e3o\r\nMagewski, localizada no Distrito do Alto Por\u00e3;\r\nProvidencie a retirada de \u00e1rvore que se encontra\r\ncom risco de cair, pr\u00f3ximo ao n\u00b0 3.051, na Avenida\r\nMaranh\u00e3o, sa\u00edda para o Ariranha, localizada no Centro da\r\nCidade;\r\nProvidencie a limpeza e caminh\u00e3o pipa pr\u00f3ximo ao\r\nn\u00b0 870, na Rua Joaquim Nabuco, localizada no Jardim Ouro\r\nPreto;\r\nProvidencie a limpeza em toda a extens\u00e3o da pista\r\nde caminhada do Lago das Flores, que passa pelo CMEI\r\nJos\u00e9 Fiorim, at\u00e9 a Vila Santa Maria;\r\n8, Providencie mais bocas de lobo na Rua Arapongas,\r\nloca"}, {"id": "7137", "ano": "2019", "numero": "7", "tipo__sigla": "IND", "tipo__descricao": "Indica\u00e7\u00e3o", "autoria": "Marcelo Reis", "texto_original": "http://sapl.ivaipora.pr.leg.br/media/", "ementa": "INDICAR ao Senhor Prefeito Municipal, que por meio do departamento\r\ncompetente:\r\nQue implante um redutor de velocidades na Avenida\r\nMaranh\u00e3o, em frente ao n\u00famero 3.950, sentido ao Bairro\r\nJardim Espirito Santo;\r\nQue se realize as trocas de l\u00e2mpadas nas Ruas Padre\r\nAnchieta, Cezarina Maria Teixeira, Manoel da Nobrega,\r\nMarechal Floriano, Ivo Merico, Nilo Pe\u00e7anha e Marginal,\r\nlocalizadas no Bairro Jardim Belo Horizonte;\r\nQue arrume um poste de ilumina\u00e7\u00e3o abrangendo\r\ncancha de bocha, malha e pista de skate, no Jardim\r\nBot\u00e2nico;\r\nQue implante pedras poli\u00e9dricas nas Ruas Osvaldo\r\nFlores e Marginal, localizadas no Jardim Belo Horizonte;\r\nQue realize sinaliza\u00e7\u00e3o com placas e pinturas nas\r\nvias pr\u00f3ximo e ao redor da rotat\u00f3ria, defronte ao Torno Iva\u00ed;\r\nQue realize pinturas de faixas, placas,\r\nestacionamento de \u00f4nibus escolares em todas as escolas e\r\nCMEIs do Munic\u00edpio, assim evitando ocorr\u00eancia no tr\u00e2nsito\r\ncom pedestres;\r\nQue realize um estudo para implantar pontos de\r\n\u00f4nibus no per\u00edmetro urbano e rural do"}, {"id": "7138", "ano": "2019", "numero": "8", "tipo__sigla": "IND", "tipo__descricao": "Indica\u00e7\u00e3o", "autoria": "Ailton Stipp", "texto_original": "http://sapl.ivaipora.pr.leg.br/media/", "ementa": ", INDICAR ao Senhor Prefeito Municipal, que por meio do departamento\r\ncompetente:\r\nProvidencie faixas elevadas de pedestre defronte a todas\r\nas escolas do Munic\u00edpio, para que os alunos tenham mais\r\nseguran\u00e7a ao atravessar as ruas;\r\nProvidencie um acostamento ou uma ciclovia entre a\r\nVila Santa Terezinha e o Jardim Por\u00e3, pois est\u00e1 perigoso\r\npara os pedestres que utilizam \u00e0quela via;\r\nProvidencie a implanta\u00e7\u00e3o de pedras irregulares na Rua\r\nAssai, esquina com a Rua S\u00e3o Jo\u00e3o do Iva\u00ed, situada na\r\nVila Nova Por\u00e3;\r\nProvidencie pedras irregulares na Rua C\u00e9u Azul, situada\r\nno Jardim Alvorada;\r\nProvidencie pedras irregulares na Rua S\u00e3o Sebasti\u00e3o,\r\nsituada na Vila S\u00e3o Jos\u00e9, pr\u00f3xima a Vila Monte Castelo"}, {"id": "7139", "ano": "2019", "numero": "9", "tipo__sigla": "IND", "tipo__descricao": "Indica\u00e7\u00e3o", "autoria": "Alex Papin", "texto_original": "http://sapl.ivaipora.pr.leg.br/media/sapl/public/materialegislativa/2019/7139/09-2019.pdf", "ementa": "INDICAR ao Senhor Prefeito Municipal, que por meio do departamento\r\ncompetente:\r\nProvidencie o recape asf\u00e1ltico e a poda de \u00e1rvores\r\nna Rua Jurumirim, localizada no Jardim Itaipu;\r\nProvidencie a implanta\u00e7\u00e3o de pavimenta\u00e7\u00e3o com\r\npedra irregular nas Ruas C\u00e9u Azul, Realeza e no final da\r\nRua Bulha, localizadas no Jardim Alvorada;\r\nProvidencie melhorias no escoamento da \u00e1gua, bem\r\ncomo a limpeza nas bocas de lobo na Rua Urubupung\u00e1,\r\nlocalizada no Jardim Itaipu;\r\nProvidencie a limpeza de mato nos lotes localizados\r\nna Rua Agostinho Cremasco;\r\nProvidencie a implanta\u00e7\u00e3o de pavimenta\u00e7\u00e3o de\r\npedra irregular, bem como melhorias na ponte da Rua\r\nSuburbana, pois as t\u00e1buas est\u00e3o todas soltas;\r\nProvidencie um ponto de \u00f4nibus com cobertura na\r\nRua Xavantes, localizada no Jardim Itaipu;\r\nProvidencie a pavimenta\u00e7\u00e3o com pedras irregulares\r\nem todas as Ruas do Jardim Alto da Gl\u00f3ria;\r\nProvidencie a pavimenta\u00e7\u00e3o com pedras irregulares\r\nna Rua Chopim, localizada no Jardim Itaipu;"}, {"id": "7140", "ano": "2019", "numero": "10", "tipo__sigla": "IND", "tipo__descricao": "Indica\u00e7\u00e3o", "autoria": "H\u00e9lio Barros", "texto_original": "http://sapl.ivaipora.pr.leg.br/media/sapl/public/materialegislativa/2019/7140/10-2019.pdf", "ementa": "INDICAR ao Senhor Prefeito Municipal, que por meio do departamento\r\ncompetente:\r\nProvidencie o recapeamento das Ruas Avanhandava\r\ne Valentin Talarico, defronte as Igreja Congrega\u00e7\u00e3o Crist\u00e3\r\ne Bom Pastor, respectivamente, conforme abaixo assinado;\r\nProvidencie um ponto de \u00f4nibus em frente \u00e0 Igreja\r\nEsp\u00edrito Santo, na Rua Cear\u00e1, Bairro Esp\u00edrito Santo;\r\nProvidencie a revitaliza\u00e7\u00e3o do Lago das Flores com\r\na ilumina\u00e7\u00e3o, limpeza, etc.;\r\nProvidencie tampas para as bocas de lobos que est\u00e3o\r\nquebradas em todas as ruas da cidade de Ivaipor\u00e3;\r\nProvidencie pedras irregulares na Rua Marechal\r\nDeodoro da Fonseca, rua esta que sai do lado da Madeireira\r\nMadeporta e passa do lado do antigo frigorifico, no Jardim\r\nLuiz XV;\r\nProvidencie a mudan\u00e7a de m\u00e3o na Rua Felicita\r\nRother, defronte a loja Boscardim, pois para quem sobe tem\r\nque parar na faixa de pedestres e n\u00e3o tem vis\u00e3o dos ve\u00edculos\r\nque descem pela avenida;\r\nProvidencie a reforma total e aumente o espa\u00e7o\r\nfisico do Posto de Sa\u00fade da Vila Jo\u00e3o XXIII;"}, {"id": "7141", "ano": "2019", "numero": "11", "tipo__sigla": "IND", "tipo__descricao": "Indica\u00e7\u00e3o", "autoria": "Z\u00e9 do Bar", "texto_original": "http://sapl.ivaipora.pr.leg.br/media/sapl/public/materialegislativa/2019/7141/11-2019.pdf", "ementa": "INDICAR ao Senhor Prefeito Municipal, que por meio do departamento\r\ncompetente providencie reparos no asfalto da Avenida Brasil, defronte ao n\u00b0 1.660,\r\npr\u00f3ximo \u00e0 Rodovi\u00e1ria."}, {"id": "7142", "ano": "2019", "numero": "12", "tipo__sigla": "IND", "tipo__descricao": "Indica\u00e7\u00e3o", "autoria": "Sueli Gevert", "texto_original": "http://sapl.ivaipora.pr.leg.br/media/", "ementa": "INDICAR ao Senhor Prefeito Municipal, que por meio do\r\ndepartamento competente providencie a limpeza do Bosque nas proximidades da ATI,\r\nentre a Avenida Ladislao Gil Fernandez e a Rua Marginal, defronte ao campo sint\u00e9tico\r\ndo Lago Jardim Bot\u00e2nico."}, {"id": "7143", "ano": "2019", "numero": "13", "tipo__sigla": "IND", "tipo__descricao": "Indica\u00e7\u00e3o", "autoria": "\u00c9der Bueno", "texto_original": "http://sapl.ivaipora.pr.leg.br/media/sapl/public/materialegislativa/2019/7143/13-2019.pdf", "ementa": "INDICAR ao Senhor Prefeito Municipal, que por meio do departamento\r\ncompetente providencie a reforma da ponte sobre o Rio Formoso, que liga as localidades\r\nde Perob\u00e3o a Limeira, conforme requerimento em anexo."}, {"id": "7144", "ano": "2019", "numero": "14", "tipo__sigla": "IND", "tipo__descricao": "Indica\u00e7\u00e3o", "autoria": "Sab\u00e3o - Edivaldo Montanheri", "texto_original": "http://sapl.ivaipora.pr.leg.br/media/sapl/public/materialegislativa/2019/7144/14-2019.pdf", "ementa": "INDICAR ao Senhor Prefeito Municipal, que por meio do\r\ndepartamento competente: \u2022 1 - Providencie a implanta\u00e7\u00e3o de pedras irregulares na\r\nestrada que d\u00e1 acesso \u00e0 Vila Rural, saindo pela Vila Nova\r\nPor\u00e3;\r\n2 \u2014 Providencie para ro\u00e7ar a lateral da estrada do Jacutinga;\r\n3 \u2014 Providencie para tampar os buracos da estrada do\r\nJacutinga;\r\n4 \u2014 Providencie para passar o rolo na estrada que liga\r\nJacutinga \u00e0 Santa Terezinha;\r\n5 \u2014 Providencie para passar o rolo na estrada Paineirinha e\r\njogar cascalho onde houver necessidade."}, {"id": "7145", "ano": "2019", "numero": "15", "tipo__sigla": "IND", "tipo__descricao": "Indica\u00e7\u00e3o", "autoria": "Z\u00e9 do Bar", "texto_original": "http://sapl.ivaipora.pr.leg.br/media/", "ementa": "INDICAR ao Senhor Prefeito Municipal, que por meio do departamento\r\ncompetente, para que passe a m\u00e1quina, cascalhe e arrume o bueiro com quatro manilhas\r\nna Rua Tibagi, n\u00b0 120 B, no Jardim Paran\u00e1."}, {"id": "7146", "ano": "2019", "numero": "16", "tipo__sigla": "IND", "tipo__descricao": "Indica\u00e7\u00e3o", "autoria": "Alex Papin", "texto_original": "http://sapl.ivaipora.pr.leg.br/media/sapl/public/materialegislativa/2019/7146/16-2019.pdf", "ementa": "INDICAR ao Senhor Prefeito Municipal, que por meio do departamento\r\ncompetente:\r\nProvidencie a reforma da ponte na \u00c1gua da Prata;\r\nProvidencie a pavimenta\u00e7\u00e3o asf\u00e1ltica nas Ruas\r\nCorumbata\u00ed, Periquito, Arara, localizadas no Distrito do\r\nAlto Por\u00e3;\r\nProvidencie m\u00e1quina, cascalho, e implanta\u00e7\u00e3o de\r\npedras irregulares entre a Rua Cear\u00e1 e a Avenida Maranh\u00e3o,\r\nao lado do Dep\u00f3sito Rigueto, localizado no Jardim Esp\u00edrito\r\nSanto;\r\nProvidencie uma ATI na Pra\u00e7a Maria Alice Ando\r\nAlbertin;\r\nProvidencie a pavimenta\u00e7\u00e3o com pedras irregulares\r\nnas Ruas Regina Mazaro e Princesa Izabel, localizadas no\r\nJardim Aeroporto;\r\nProvidencie a pavimenta\u00e7\u00e3o asf\u00e1ltica na Rua\r\nBarbosa Ferraz, localizadas na Vila Santa Terezinha;\r\nProvidencie um redutor de velocidade, em frente ao\r\nIAP, na Avenida Souza Naves;\r\nProvidencie o recape asf\u00e1ltico em todas as Ruas do\r\nJardim Itaipu;\r\nProvidencie a compra de uma m\u00e1quina trituradora\r\nde galhos e troncos para o Munic\u00edpio;"}, {"id": "7147", "ano": "2019", "numero": "17", "tipo__sigla": "IND", "tipo__descricao": "Indica\u00e7\u00e3o", "autoria": "H\u00e9lio Barros", "texto_original": "http://sapl.ivaipora.pr.leg.br/media/sapl/public/materialegislativa/2019/7147/17-2019.pdf", "ementa": "INDICAR ao Senhor Prefeito Municipal, que\r\npor meio do departamento competente:\r\nProvidencie uma empresa para terceirizar a\r\nreposi\u00e7\u00e3o de todas as bocas de lobo de Ivaipor\u00e3;\r\nRecape todo o Jardim Bras\u00edlia e todas as ruas que\r\ncruzam a rua Luiz Pasteur;\r\nProvidencie a pavimenta\u00e7\u00e3o asf\u00e1ltica da rua que\r\nentra no CMEI Jos\u00e9 Fiorim junto a rua Plac\u00eddio Miranda;\r\nProvidencie o cal\u00e7amento de todas as ruas do Jardim\r\nAlto da Gl\u00f3ria com o produto COM-AID/CBR PLUS ou\r\nasfalto quente, pois nessa rua s\u00f3 passam carros leves;\r\nRealize o recapeamento asf\u00e1ltico defronte ao\r\nCol\u00e9gio Ant\u00f4nio Diniz, na Vila Jo\u00e3o XXIII;\r\nProvidencie uma cobertura ao lado do Cruzeiro do\r\nCemit\u00e9rio Municipal;\r\nProvidencie um redutor de velocidades na Avenida\r\nOsvaldo Cruz, ao lado do CMEI Ant\u00f4nio Costa, no Jardim\r\nOuro Preto;\r\nProvidencie a pavimenta\u00e7\u00e3o com pedras irregulares\r\nna rua Dom Pedro II, no Jardim Luiz XV; \r\nProvidencie a pavimenta\u00e7\u00e3o com pedras irregulares\r\nda rua Junair, entre o canil Toca de Assis at\u00e9 o Jardim Alto\r\nda Gl\u00f3ria;"}, {"id": "7148", "ano": "2019", "numero": "18", "tipo__sigla": "IND", "tipo__descricao": "Indica\u00e7\u00e3o", "autoria": "Ailton Stipp", "texto_original": "http://sapl.ivaipora.pr.leg.br/media/sapl/public/materialegislativa/2019/7148/18-2019.pdf", "ementa": "INDICAR ao Senhor Prefeito Municipal, que por meio do departamento\r\ncompetente:\r\nProvidencie o cal\u00e7amento ao redor do Cemit\u00e9rio\r\nMunicipal, na rua Alvorada, situada no Jardim Planalto;\r\nProvidencie tampas de bueiro na rua Francisco Balbino\r\nda Silva, esquina com a rua Camb\u00e9, situada na Vila Nova\r\nPor\u00e3;\r\nProvidencie melhoria na ilumina\u00e7\u00e3o p\u00fablica da Pra\u00e7a\r\nProfessor Milton Pirolo."}, {"id": "7149", "ano": "2019", "numero": "19", "tipo__sigla": "IND", "tipo__descricao": "Indica\u00e7\u00e3o", "autoria": "Marcelo Reis", "texto_original": "http://sapl.ivaipora.pr.leg.br/media/sapl/public/materialegislativa/2019/7149/19-2019.pdf", "ementa": "INDICAR ao Senhor Prefeito Municipal, que por meio do departamento\r\ncompetente realize recuo da pista na Avenida Brasil, defronte ao estabelecimento do Bar\r\ndo Zico at\u00e9 o a\u00e7ougue do Godoi, para constru\u00e7\u00e3o de estacionamento horizontal como de\r\nmodelo das pra\u00e7as anteriores ao local, ou seja, com recuo da via para estacionamento."}, {"id": "7150", "ano": "2019", "numero": "20", "tipo__sigla": "IND", "tipo__descricao": "Indica\u00e7\u00e3o", "autoria": "Nando Dorta", "texto_original": "http://sapl.ivaipora.pr.leg.br/media/sapl/public/materialegislativa/2019/7150/20-2019.pdf", "ementa": "INDICAR ao Senhor Prefeito Municipal, que por meio do\r\nDepartamento Competente providencie melhorias no Distrito de Santa B\u00e1rbara devido a\r\ndificuldade de trafegar durante os dias de chuva, principalmente no sentido Santa B\u00e1rbara\r\nao Banco de Areia."}, {"id": "7151", "ano": "2019", "numero": "21", "tipo__sigla": "IND", "tipo__descricao": "Indica\u00e7\u00e3o", "autoria": "Ailton Stipp", "texto_original": "http://sapl.ivaipora.pr.leg.br/media/sapl/public/materialegislativa/2019/7151/21-2019.pdf", "ementa": "INDICAR ao Senhor Prefeito Municipal, que por meio do departamento\r\ncompetente:\r\nProvidencie a implanta\u00e7\u00e3o de um redutor de\r\nvelocidades na Avenida It\u00e1lia, localizada no Jardim Europa,\r\ndefronte ao n\u00b0 55, e outro na Avenida Maranh\u00e3o, antiga\r\nAvenida Estev\u00e3o Marciano dos Santos, defronte ao n\u00b0 600;\r\nProvidencie a reforma e a coloca\u00e7\u00e3o de traves no\r\ncampo da Vila Santa Terezinha;\r\nProvidencie a reforma da pracinha e do campinho de\r\nareia, situados na rua Adel Celestino Carneiro, no Jardim\r\nEuropa, pr\u00f3xima \u00e0 caixa d'\u00e1gua."}, {"id": "7152", "ano": "2019", "numero": "22", "tipo__sigla": "IND", "tipo__descricao": "Indica\u00e7\u00e3o", "autoria": "Alex Papin", "texto_original": "http://sapl.ivaipora.pr.leg.br/media/sapl/public/materialegislativa/2019/7152/22-2019.pdf", "ementa": "INDICAR ao Senhor Prefeito Municipal, que por meio do departamento\r\ncompetente:\r\nProvidencie a limpeza no final da Rua Derc\u00edlio\r\nMatias, localizada no Conjunto Habitacional Sebasti\u00e3o\r\nAlves de Andrade, pr\u00f3ximo ao postinho da Vila Nova Por\u00e3;\r\nProvidencie um redutor de velocidades pr\u00f3ximo ao\r\nn\u00b0 320, na Avenida Presidente Castelo Branco, no centro da\r\nCidade;\r\nProvidencie melhorias nas estradas, bem como\r\npasse a m\u00e1quina e coloque cascalho na estrada que liga a\r\nVila Santa Terezinha e o Distrito de Jacutinga;\r\nProvidencie melhorias, bem como passe a m\u00e1quina\r\ne coloque cascalho na estrada do Palmeirinha do Campo\r\nNovo;\r\nProvidencie melhorias, bem como fa\u00e7a a limpeza\r\ndos matos, passe a m\u00e1quina e coloque cascalho, e analise a\r\npossibilidade de pavimenta\u00e7\u00e3o com pedra irregular ou\r\nasfalto nas ruas Jo\u00e3o Fernandes Vieira e Isaque Martins da\r\nSilva, localizadas no Jardim Belo Horizonte e no Jardim\r\nAeroporto, respectivamente;"}, {"id": "7153", "ano": "2019", "numero": "23", "tipo__sigla": "IND", "tipo__descricao": "Indica\u00e7\u00e3o", "autoria": "H\u00e9lio Barros", "texto_original": "http://sapl.ivaipora.pr.leg.br/media/sapl/public/materialegislativa/2019/7153/23-2019.pdf", "ementa": "INDICAR ao Senhor Prefeito Municipal, que por meio do departamento\r\ncompetente:\r\nProvidencie a execu\u00e7\u00e3o de melhorias da Rua Rui\r\nBarboza, no Jardim Ouro Preto;\r\nCumpra com a Lei Municipal n\u00b0 1.667/2009, a qual\r\ndisp\u00f5e sobre a coloca\u00e7\u00e3o de placas indicativas de nomes de\r\nbairros da cidade de Ivaipor\u00e3;\r\nProvidencie sem\u00e1foro no cruzamento da Avenida\r\nParan\u00e1 com a Rua Ribeir\u00e3o Preto e a Souza Naves;\r\nProvidencie a retirada de uma \u00e1rvore na Rua\r\nPlac\u00eddio Miranda com a Rua Orlando Aniceto, pois ela \u00e9\r\ngrande e grossa, e com isso existe o perigo de os galhos\r\nultrapassarem os fios de energia e acontecer um curtocircuito;\r\nProvidencie uma equipe para limpeza de todos os\r\nmeios fios do Jardim Itaipu;\r\nProvidencie o recape asf\u00e1ltico da Rua Joaquim\r\nBonif\u00e1cio;\r\nProvidencie a limpeza do terreno p\u00fablico que fica\r\nentre a Rua Marginal, no Parque Residencial Belo\r\nHorizonte e o Rio Pindauva, pr\u00f3ximo a Oficina\r\nKrassowski;"}, {"id": "7154", "ano": "2019", "numero": "24", "tipo__sigla": "IND", "tipo__descricao": "Indica\u00e7\u00e3o", "autoria": "Marcelo Reis", "texto_original": "http://sapl.ivaipora.pr.leg.br/media/sapl/public/materialegislativa/2019/7154/24-2019.pdf", "ementa": "INDICAR ao Senhor Prefeito Municipal, que por meio do departamento\r\ncompetente construa um abrigo para os mun\u00edcipes que fazem caminhada no Parque\r\nEcol\u00f3gico Jardim Bot\u00e2nico, e outro ao redor do campo sint\u00e9tico, para os atletas se\r\nprotegerem nos dias de chuva."}, {"id": "7155", "ano": "2019", "numero": "25", "tipo__sigla": "IND", "tipo__descricao": "Indica\u00e7\u00e3o", "autoria": "Sueli Gevert", "texto_original": "http://sapl.ivaipora.pr.leg.br/media/sapl/public/materialegislativa/2019/7155/25-2019.pdf", "ementa": "INDICAR ao Senhor Prefeito Municipal, que por meio do departamento\r\ncompetente providencie cal\u00e7amento no parquinho infantil, localizado na Pra\u00e7a Mois\u00e9s\r\nMiguel Gil Fernandez, defronte ao Col\u00e9gio Objetivo."}, {"id": "7156", "ano": "2019", "numero": "26", "tipo__sigla": "IND", "tipo__descricao": "Indica\u00e7\u00e3o", "autoria": "Alex Papin", "texto_original": "http://sapl.ivaipora.pr.leg.br/media/sapl/public/materialegislativa/2019/7156/26-2019.pdf", "ementa": "INDICAR ao Senhor Prefeito Municipal, que por meio do departamento\r\n1111 competente, tome providencias quanto ao cemit\u00e9rio do Distrito do Alto Por\u00e3, para colocar\r\ncal\u00e7amento e fazer uma limpeza, pois est\u00e1 abandonado, com mato alto, muros ca\u00eddos e\r\nt\u00famulos abertos com a eros\u00e3o das chuvas e enxurradas."}, {"id": "7157", "ano": "2019", "numero": "27", "tipo__sigla": "IND", "tipo__descricao": "Indica\u00e7\u00e3o", "autoria": "Ailton Stipp", "texto_original": "http://sapl.ivaipora.pr.leg.br/media/sapl/public/materialegislativa/2019/7157/27-2019.pdf", "ementa": "INDICAR ao Senhor Prefeito Municipal, que destine um terreno para a\r\nconstru\u00e7\u00e3o de casas populares."}, {"id": "7158", "ano": "2019", "numero": "28", "tipo__sigla": "IND", "tipo__descricao": "Indica\u00e7\u00e3o", "autoria": "Marcelo Reis", "texto_original": "http://sapl.ivaipora.pr.leg.br/media/sapl/public/materialegislativa/2019/7158/28-2019.pdf", "ementa": "INDICAR ao Senhor Prefeito Municipal, que por meio do departamento\r\ncompetente:\r\nProvidencie a constru\u00e7\u00e3o de uma cal\u00e7ada no centro\r\nda pra\u00e7a/canteiro (pista de caminhada) iniciando defronte a\r\nAPAE; como tamb\u00e9m a constru\u00e7\u00e3o de estacionamento\r\nhorizontal para ve\u00edculos e motos; al\u00e9m de realizar a\r\nsinaliza\u00e7\u00e3o para embarque e desembarque de alunos e\r\nprofessores.\r\nQue seja realizada a manuten\u00e7\u00e3o e reforma no\r\nParque Infantil Maria Alice Ando Albertin, e em todos os\r\nparquinhos e brinquedos recreativos municipais.\r\nProvidencie placas de sinaliza\u00e7\u00e3o e pinturas de rua\r\nno cruzamento das ruas Bandeirantes com a esquina Rio\r\nGrande do Sul."}, {"id": "7159", "ano": "2019", "numero": "29", "tipo__sigla": "IND", "tipo__descricao": "Indica\u00e7\u00e3o", "autoria": "H\u00e9lio Barros", "texto_original": "http://sapl.ivaipora.pr.leg.br/media/sapl/public/materialegislativa/2019/7159/29-2019.pdf", "ementa": "INDICAR ao Senhor Prefeito Municipal, que por meio do Departamento Competente:\r\nProvidencie na \u00e1rea central de Ivaipor\u00e3 os\r\nestacionamentos de motos nas esquinas, assim vai dar maior\r\nvis\u00e3o para os motoristas de carros fazer os cruzamentos.\r\nProvidenciar para tampar os buracos das ruas em\r\ntodos os locais onde tem asfalto.\r\nProvidenciar a constru\u00e7\u00e3o de uma ciclovia do\r\nJardim Espirito Santo com destino para o centro de nossa\r\ncidade utilizando, toda a estrutura da Avenida Souza Naves.\r\nProvidenciar a abertura encima da ponte que passa\r\nsobre o Rio Pindauva ligando a Vila Santa Maria para dar\r\nseguran\u00e7a aos pedestres deste local.\r\nProvidenciar o recape da rua Prudente de Moraes no\r\nJardim Luiz XV pois neste local as pedras v\u00e3o se soltando\r\nmuito r\u00e1pido, causando transtornos."}, {"id": "7160", "ano": "2019", "numero": "30", "tipo__sigla": "IND", "tipo__descricao": "Indica\u00e7\u00e3o", "autoria": "Alex Papin", "texto_original": "http://sapl.ivaipora.pr.leg.br/media/sapl/public/materialegislativa/2019/7160/30-2019.pdf", "ementa": "INDICAR ao Senhor Prefeito Municipal, que por meio do Departamento\r\nCompetente:\r\nProvidencie a implanta\u00e7\u00e3o de banheiros,\r\nbebedouros e coberturas sobre todos os\r\nparquinhos infantis e ATIs do Munic\u00edpio.\r\nProvidencie melhorias na boca de lobo\r\npr\u00f3ximo ao n\u00b0 850, na Rua General Ozorio,\r\nlocalizada no Jardim Lu\u00eds XV.\r\nProvidencie o recape asf\u00e1ltico na Rua\r\nApinag\u00e9s, localizada no Jardim Alto da\r\nGl\u00f3ria.\r\nProvidencie redutores de velocidade na Rua\r\nGet\u00falio Vargas, localizada no Jardim Lu\u00eds\r\nXV. \r\nProvidencie melhorias, bem como a\r\nreabertura da estrada e uma nova ponte, para\r\nmelhor acesso dos moradores da antiga\r\nestrada do lix\u00e3o no Pinda\u00fava.\r\nProvidencie um redutor de velocidade na\r\nAvenida Souza Naves, defronte ao Sal\u00e3o de\r\nCabeleireiro Visage, pr\u00f3ximo a Rodovi\u00e1ria.\r\nProvidencie Profissionais da Limpeza P\u00fablica\r\n(garis) na Vila de Furnas.\r\nProvidencie melhorias, bem como reparo nas\r\ntabuas e um refor\u00e7o, na segunda Ponte da\r\n\u00c1gua da Prata, que vai para a Vila Rural."}, {"id": "7161", "ano": "2019", "numero": "31", "tipo__sigla": "IND", "tipo__descricao": "Indica\u00e7\u00e3o", "autoria": "Ailton Stipp", "texto_original": "http://sapl.ivaipora.pr.leg.br/media/sapl/public/materialegislativa/2019/7161/31-2019.pdf", "ementa": ", INDICAR ao Senhor Prefeito Municipal, que por meio do departamento\r\ncompetente:\r\nProvidencie a implanta\u00e7\u00e3o de 2 redutores de velocidade\r\nna rua Apinages situada no Jardim Alto da Gloria\r\ndefronte ao n\u00famero 410; e o outro ao lado da mercearia\r\nGodoi. pr\u00f3ximo a vila de furnas. Pois os motoristas\r\ndessem em alta velocidade.\r\nProvidencie o cascalhamento na estrada rural, que liga a\r\nbica da \u00e1gua ao Parque Industrial situada no bairro dos\r\nCunhas para que os moradores possam sair com seus\r\nve\u00edculos nos dias de chuvas."}, {"id": "7162", "ano": "2019", "numero": "32", "tipo__sigla": "IND", "tipo__descricao": "Indica\u00e7\u00e3o", "autoria": "Nando Dorta", "texto_original": "http://sapl.ivaipora.pr.leg.br/media/", "ementa": "INDICAR ao Senhor Prefeito Municipal, que por meio do\r\nDepartamento Competente:\r\nProvidencie a manuten\u00e7\u00e3o e reparos no\r\nCentro Cultural da Melhor Idade \u2014 Sal\u00e3o\r\nViver uma Vida Melhor.\r\nProvidencie para que seja elaborado outras\r\natividades al\u00e9m do Baile da Terceira Idade.\r\nVeja tamb\u00e9m a possibilidade de fazer um\r\nconvenio para que os idosos possam usufruir\r\nde nata\u00e7\u00e3o, hidrogin\u00e1stica, pois \u00e9 uma\r\nrecomenda\u00e7\u00e3o m\u00e9dica nos dias de hoje."}, {"id": "7163", "ano": "2019", "numero": "33", "tipo__sigla": "IND", "tipo__descricao": "Indica\u00e7\u00e3o", "autoria": "Alex Papin", "texto_original": "http://sapl.ivaipora.pr.leg.br/media/sapl/public/materialegislativa/2019/7163/33-2019.pdf", "ementa": "INDICAR ao Senhor Prefeito Municipal, que por meio do Departamento\r\nCompetente, providencie manilhas para conter eros\u00f5es e tampas para bocas de lobo na\r\nrua Bem-te-vi, localizada na Vila Por\u00e3."}, {"id": "7164", "ano": "2019", "numero": "34", "tipo__sigla": "IND", "tipo__descricao": "Indica\u00e7\u00e3o", "autoria": "Sueli Gevert", "texto_original": "http://sapl.ivaipora.pr.leg.br/media/sapl/public/materialegislativa/2019/7164/34-2019.pdf", "ementa": "INDICAR ao Senhor Prefeito Municipal, que por meio do\r\nDepartamento Competente, providencie a implanta\u00e7\u00e3o de pedras irregulares nas ruas:\r\nMaring\u00e1, Cambira e Rol\u00e2ndia (todas localizadas na Vila Nova Por\u00e3)."}, {"id": "7165", "ano": "2019", "numero": "35", "tipo__sigla": "IND", "tipo__descricao": "Indica\u00e7\u00e3o", "autoria": "Alex Papin", "texto_original": "http://sapl.ivaipora.pr.leg.br/media/sapl/public/materialegislativa/2019/7165/35-2019.pdf", "ementa": ", INDICAR ao Senhor Prefeito Municipal, que por meio do Departamento\r\nCompetente:\r\nProvidencie uma nova ponte onde faz divisa\r\nentre Ivaipor\u00e3 e Ariranha do Iva\u00ed, para melhor\r\nacesso dos moradores.\r\nProvidencie a pavimenta\u00e7\u00e3o com pedra\r\nirregular ou asfalto nas Ruas Ura\u00ed e Assai\r\nlocalizadas na Vila Nova Por\u00e3.\r\nProvidencie a pavimenta\u00e7\u00e3o com pedra\r\nirregular na entrada do CMEI Jos\u00e9 Fiorim, na\r\nRua Plac\u00eddio Miranda, localizada no Jardim\r\nLu\u00eds XV.\r\nProvidencie uma rotat\u00f3ria no cruzamento\r\nabaixo do Country Club de Ivaipor\u00e3, entre as\r\nAvenidas Rubens Teixeira, Maranh\u00e3o e\r\nCuritiba.\r\nProvidencie a pavimenta\u00e7\u00e3o com pedra\r\nirregular ou asfalto em todas as Ruas\r\nlocalizadas no Jardim Santo Ant\u00f4nio, mais\r\nconhecido como Col\u00f4nia da Prefeitura. \r\nProvidencie melhorias e reparos nos\r\nequipamentos de ATI e nos brinquedos nas\r\nduas pra\u00e7as que se encontram em estado de\r\nabandono nas Ruas Pitanga e Pedro Aleixo,\r\nlocalizadas no Jardim Espirito Santo."}, {"id": "7166", "ano": "2019", "numero": "36", "tipo__sigla": "IND", "tipo__descricao": "Indica\u00e7\u00e3o", "autoria": "H\u00e9lio Barros", "texto_original": "http://sapl.ivaipora.pr.leg.br/media/sapl/public/materialegislativa/2019/7166/36-2019.pdf", "ementa": "INDICAR ao Senhor Prefeito Municipal, que por meio do Departamento Competente:\r\nProvidencie a compra ou aquisi\u00e7\u00e3o de\r\nmilhares de alevinos para colocar no lago\r\ndas Flores para no futuro gerar lazer e\r\nterapia para os moradores.\r\nProvidencie a aquisi\u00e7\u00e3o de uma m\u00e1quina\r\ncom o nome de Lan\u00e7a Chamas para\r\nagilizar os servi\u00e7os de tapa buracos na\r\nmalha asf\u00e1ltica de nossa cidade. O\r\nmesmo procedimento \u00e9 utilizado e\r\naprovado em Contagem Minas Gerais.\r\nProvidencie o conserto de grandes\r\nburacos no centro da rua S\u00e3o Pedro no\r\nJardim S\u00e3o Pedro nas proximidades do\r\nn\u00b0 84. Rua com pavimenta\u00e7\u00e3o asf\u00e1ltica.\r\nProvidencie a constru\u00e7\u00e3o de ciclovias na\r\nRodovia Celso Fumio Makita entre a\r\nsubesta\u00e7\u00e3o da Copel at\u00e9 a ponte da Vila\r\nSanta Maria. \r\nProvidencie a aquisi\u00e7\u00e3o de um espa\u00e7o\r\npara fazer o futuro museu sobre a\r\nMem\u00f3ria Afro em comemora\u00e7\u00e3o aos 130\r\nanos da Lei Aurea."}, {"id": "7167", "ano": "2019", "numero": "37", "tipo__sigla": "IND", "tipo__descricao": "Indica\u00e7\u00e3o", "autoria": "Marcelo Reis", "texto_original": "http://sapl.ivaipora.pr.leg.br/media/sapl/public/materialegislativa/2019/7167/37-2019.pdf", "ementa": "INDICAR ao Senhor Prefeito Municipal, que por meio do departamento\r\ncompetente, providencie a limpeza de todas as Escolas Municipais e CMEIS."}, {"id": "7168", "ano": "2019", "numero": "38", "tipo__sigla": "IND", "tipo__descricao": "Indica\u00e7\u00e3o", "autoria": "", "texto_original": "http://sapl.ivaipora.pr.leg.br/media/sapl/public/materialegislativa/2019/7168/38-2019.pdf", "ementa": "INDICAR ao Senhor Prefeito Municipal, que por meio do departamento\r\ncompetente:\r\nProvidencie reabertura da Rua Felicita Rother, que\r\nd\u00e1 acesso \u00e0 Avenida Maranh\u00e3o, fazendo melhorias no acesso,\r\nbem como a poda das \u00e1rvores e matos, passar m\u00e1quina e\r\ncolocar cascalho, e se poss\u00edvel, a implanta\u00e7\u00e3o de\r\npavimenta\u00e7\u00e3o asf\u00e1ltica ou de pedra irregular;\r\nProvidencie melhorias, bem como passar m\u00e1quina e\r\ncolocar cascalho, e providencie a implanta\u00e7\u00e3o de\r\npavimenta\u00e7\u00e3o asf\u00e1ltica ou de pedra irregular, na Rua Cear\u00e1,\r\npr\u00f3ximo ao Col\u00e9gio Mater Consolatrix;\r\nProvidencie pavimenta\u00e7\u00e3o asf\u00e1ltica ou pedra\r\nirregular na Rua Chopim, atr\u00e1s do antigo moinho de trigo,\r\nlocalizada no Jardim Itaipu;\r\nProvidencie pavimenta\u00e7\u00e3o asf\u00e1ltica ou com pedra\r\nirregular em todas as ruas do Jardim Imperial;\r\nProvidencie placas de sinaliza\u00e7\u00e3o e prote\u00e7\u00e3o com\r\ngrade no parquinho do Parque Ambiental Jardim Bot\u00e2nico,\r\nconhecido como Lago das Flores, entre as Ruas Orlando\r\nAniceto e Alvares de Azevedo."}, {"id": "7169", "ano": "2019", "numero": "39", "tipo__sigla": "IND", "tipo__descricao": "Indica\u00e7\u00e3o", "autoria": "Ailton Stipp", "texto_original": "http://sapl.ivaipora.pr.leg.br/media/sapl/public/materialegislativa/2019/7169/39-2019.pdf", "ementa": "INDICAR ao Senhor Prefeito Municipal, que por meio do departamento\r\ncompetente:\r\nProvidencie uma UBS em um local estrat\u00e9gico para\r\natendimento de todos os moradores do Jardim Alto da Gl\u00f3ria\r\ne demais bairros pr\u00f3ximos;\r\nProvidencie a aquisi\u00e7\u00e3o de tampas de ferro para\r\nbueiros, principalmente para as esquinas;\r\nInclua no curr\u00edculo escolar a disciplina de Educa\u00e7\u00e3o\r\nAmbiental, de acordo com a Lei Federal 9.795/1999,\r\ncombinado com o artigo 225 da Constitui\u00e7\u00e3o Federal;\r\nProvidencie junto a equipe de sa\u00fade e todos os\r\ntrabalhadores da \u00e1rea, para que adquiram uma motol\u00e2ncia,\r\ncom objetivo de agilizar pequenos atendimentos em pontos\r\ndistantes da cidade, como exemplo do Munic\u00edpio de\r\nCarazinho, no Estado do Rio Grande do Sul;\r\nProvidencie, com extrema urg\u00eancia, a constru\u00e7\u00e3o de\r\ncaixa para capita\u00e7\u00e3o de \u00e1gua de chuva em todos os \u00f3rg\u00e3os\r\np\u00fablicos deste Munic\u00edpio."}, {"id": "7170", "ano": "2019", "numero": "40", "tipo__sigla": "IND", "tipo__descricao": "Indica\u00e7\u00e3o", "autoria": "H\u00e9lio Barros", "texto_original": "http://sapl.ivaipora.pr.leg.br/media/sapl/public/materialegislativa/2019/7170/40-2019.pdf", "ementa": "INDICAR ao Senhor Prefeito Municipal, que por meio do departamento\r\ncompetente:\r\nProvidencie uma UBS em um local estrat\u00e9gico para\r\natendimento de todos os moradores do Jardim Alto da Gl\u00f3ria\r\ne demais bairros pr\u00f3ximos;\r\nProvidencie a aquisi\u00e7\u00e3o de tampas de ferro para\r\nbueiros, principalmente para as esquinas;\r\nInclua no curr\u00edculo escolar a disciplina de Educa\u00e7\u00e3o\r\nAmbiental, de acordo com a Lei Federal 9.795/1999,\r\ncombinado com o artigo 225 da Constitui\u00e7\u00e3o Federal;\r\nProvidencie junto a equipe de sa\u00fade e todos os\r\ntrabalhadores da \u00e1rea, para que adquiram uma motol\u00e2ncia,\r\ncom objetivo de agilizar pequenos atendimentos em pontos\r\ndistantes da cidade, como exemplo do Munic\u00edpio de\r\nCarazinho, no Estado do Rio Grande do Sul;\r\nProvidencie, com extrema urg\u00eancia, a constru\u00e7\u00e3o de\r\ncaixa para capita\u00e7\u00e3o de \u00e1gua de chuva em todos os \u00f3rg\u00e3os\r\np\u00fablicos deste Munic\u00edpio."}, {"id": "7186", "ano": "2019", "numero": "41", "tipo__sigla": "IND", "tipo__descricao": "Indica\u00e7\u00e3o", "autoria": "Sueli Gevert", "texto_original": "http://sapl.ivaipora.pr.leg.br/media/sapl/public/materialegislativa/2019/7186/41-2019.pdf", "ementa": "INDICAR ao Senhor Prefeito Municipal, que por meio do departamento\r\ncompetente:\r\n1. Providencie a coloca\u00e7\u00e3o de grade em um bueiro\r\nlocalizado na Avenida Para\u00edba, frente ao n\u00famero 410;\r\n2. Providencie a limpeza e retirada de matos da Rua\r\nEmilio Ganzert, antes de chegar na ponte."}, {"id": "7187", "ano": "2019", "numero": "42", "tipo__sigla": "IND", "tipo__descricao": "Indica\u00e7\u00e3o", "autoria": "Alex Papin", "texto_original": "http://sapl.ivaipora.pr.leg.br/media/sapl/public/materialegislativa/2019/7187/42-2019.pdf", "ementa": "INDICAR ao Senhor Prefeito Municipal, que por meio do departamento competente:\r\nProvidencie melhorias, bem como passar m\u00e1quina e\r\ncascalhar a Estrada do Ouro Verde;\r\nProvidencie a pavimenta\u00e7\u00e3o asf\u00e1ltica ou pedra\r\nirregular na Rua Luciano Marcelo Oliveira, localizada no\r\nJardim Guanabara II;\r\nProvidencie o recape asf\u00e1ltico em todas as ruas do\r\nJardim Ipor\u00e0;\r\nProvidencie o recape asf\u00e1ltico em todas as ruas do\r\nJardim Imperial;\r\nProvidencie a implanta\u00e7\u00e3o de pedras irregulares no\r\nDistrito do Alto Por\u00e3 at\u00e9 o cemit\u00e9rio Distrital."}, {"id": "7188", "ano": "2019", "numero": "43", "tipo__sigla": "IND", "tipo__descricao": "Indica\u00e7\u00e3o", "autoria": "H\u00e9lio Barros", "texto_original": "http://sapl.ivaipora.pr.leg.br/media/sapl/public/materialegislativa/2019/7188/43-2019.pdf", "ementa": "INDICAR ao Senhor Prefeito Municipal, que por meio do departamento\r\ncompetente:\r\nProvidencie a mudan\u00e7a da rota do \u00f4nibus que passa\r\npelo bairro do Alto da Gl\u00f3ria, para que ao inv\u00e9s de retornar\r\npara o centro da cidade, passe antes no Jardim Ipor\u00e3, pois j\u00e1\r\ntem uma rua que d\u00e1 acesso pela lateral, acima do Parque\r\nResidencial de Furnas;\r\nProvidencie uma pra\u00e7a dos pioneiros, assim como\r\nest\u00e1 sendo feito com as Pra\u00e7as do Jap\u00e3o e Fran\u00e7a;\r\nProvidencie o plantio de \u00e1rvores grandes, defronte \u00e0\r\nJusti\u00e7a Estadual e Eleitoral;\r\nProvidencie a implanta\u00e7\u00e3o de lixeiras feitas com\r\npneus usados, tendo em vista sua durabilidade, resist\u00eancia e\r\neconomia aos cofres p\u00fablicos;\r\nProvidencie banheiros feminino e masculino, com\r\nmateriais recicl\u00e1veis, pr\u00f3ximo ao Complexo Esportivo Dr.\r\nMelvis Muchiuti, bem como demarcar toda a pista de\r\ncaminhada, fazendo uma faixa no centro, para separar os que\r\ncaminham dos que correm, com objetivo de evitar acidentes\r\nno Parque Ecol\u00f3gico Jardim Bot\u00e2nico."}, {"id": "7189", "ano": "2019", "numero": "44", "tipo__sigla": "IND", "tipo__descricao": "Indica\u00e7\u00e3o", "autoria": "Sueli Gevert", "texto_original": "http://sapl.ivaipora.pr.leg.br/media/sapl/public/materialegislativa/2019/7189/44-2019.pdf", "ementa": "INDICAR ao Senhor Prefeito Municipal, que por meio do departamento\r\ncompetente providencie a coloca\u00e7\u00e3o de dois postes de ilumina\u00e7\u00e3o na rua vicinal\r\n(continua\u00e7\u00e3o da Rua Silor\u00e9u Pedro da Silva) que d\u00e1 acesso a Estrada do Cinco Encruzo,\r\nnas proximidades da Ch\u00e1cara 10, no Conjunto Habitacional Waldomiro Bleis Guergoletti."}, {"id": "7190", "ano": "2019", "numero": "45", "tipo__sigla": "IND", "tipo__descricao": "Indica\u00e7\u00e3o", "autoria": "Ailton Stipp", "texto_original": "http://sapl.ivaipora.pr.leg.br/media/sapl/public/materialegislativa/2019/7190/45-2019.pdf", "ementa": "INDICAR ao Senhor Prefeito Municipal, que por meio do departamento\r\ncompetente:\r\nProvidencie, com urg\u00eancia, a limpeza dos bueiros na\r\nRua Plac\u00eddio Miranda, situada na Vila Oper\u00e1ria 1, defronte\r\nao n\u00b0 25, pois os bueiros est\u00e3o todos entupidos, e nisso a \u00e1gua\r\nda chuva est\u00e1 descendo e danificando as casas que ficam\r\npr\u00f3ximas \u00e0quele local;\r\nRealize a limpeza dos bueiros na Rua Plac\u00eddio\r\nMiranda, defronte a Sorveteria Popular, localizado no Jardim\r\nLuiz XV, ao lado do antigo Campo do Ara\u00e7\u00e1;\r\nProvidencie uma pista de caminhada ao redor do\r\nP\u00e1tio de M\u00e1quinas, antigo IBC."}, {"id": "7191", "ano": "2019", "numero": "46", "tipo__sigla": "IND", "tipo__descricao": "Indica\u00e7\u00e3o", "autoria": "Alex Papin", "texto_original": "http://sapl.ivaipora.pr.leg.br/media/", "ementa": "INDICAR ao Senhor Prefeito Municipal, que por meio do Departamento\r\nCompetente:\r\nProvidencie a retirada de entulhos e limpeza de\r\nmatos e arvoredos na Rua Francisco Jacob\r\nGoedert pr\u00f3ximo ao n\u00b0 10.\r\nProvidencie a limpeza nos terrenos em torno do\r\nCentro da Juventude e dentro do mesmo\r\nlocalizado na Vila Nova Por\u00e3.\r\nProvidencie melhorias, bem como uma rotat\u00f3ria\r\nou sinaleiro no cruzamento da Avenida Paran\u00e1\r\nAvenida Estev\u00e3o Mariano dos Santos, Rua Ri o\r\nClaro e Rua Mandaguari pr\u00f3ximo ao\r\nSupermercado Suprema.\r\nProvidencie uma manuten\u00e7\u00e3o ou a troca dos\r\nbrinquedos do Parquinho Infantil entre o CMEI\r\nNossa Senhora e a Casa de Vivencia, localizado\r\nna Rua Agostinho Cremasco no Jardim Belo\r\nHorizonte.\r\nProvidencie o recape asf\u00e1ltico na Rua Jos\u00e9\r\nPedroso, localizada no Jardim S\u00e3o Jos\u00e9."}, {"id": "7192", "ano": "2019", "numero": "47", "tipo__sigla": "IND", "tipo__descricao": "Indica\u00e7\u00e3o", "autoria": "H\u00e9lio Barros", "texto_original": "http://sapl.ivaipora.pr.leg.br/media/sapl/public/materialegislativa/2019/7192/47-2019.pdf", "ementa": "a, INDICAR ao Senhor Prefeito Municipal, que por meio do Departamento\r\nCompetente:\r\n1. Providenciar redutor de velocidades na Avenida\r\nTancredo Neves, no trecho compreendido entre os n\u00b0 120\r\nao n\u00b0 3.700- centro de Ivaipor\u00e3.\r\nProvidenciar com urg\u00eancia, a defini\u00e7\u00e3o do local para a\r\ninstala\u00e7\u00e3o do Hemocentro Regional.\r\nProvidenciar a abertura da rua Uberl\u00e2ndia at\u00e9 o CMEI \u2014\r\nCentro Municipal de Educa\u00e7\u00e3o Infantil - Jos\u00e9 Fiorin.\r\nProvidenciar o programa de recupera\u00e7\u00e3o de nascentes no\r\nmunic\u00edpio de Ivaipor\u00e3.\r\nProvidenciar a limpeza do entorno lago que compreende\r\ndesde Rua Sete de Setembro, at\u00e9 a Avenida Apar\u00edcio\r\nCardoso Bittencourt, na Rodovia Ladislau Gil Fernandes."}, {"id": "7193", "ano": "2019", "numero": "48", "tipo__sigla": "IND", "tipo__descricao": "Indica\u00e7\u00e3o", "autoria": "Alex Papin", "texto_original": "http://sapl.ivaipora.pr.leg.br/media/sapl/public/materialegislativa/2019/7193/48-2019.pdf", "ementa": "INDICAR ao Senhor Prefeito Municipal, que por meio do Departamento\r\nCompetente: \r\nProvidencie o recape asf\u00e1ltico na Rua\r\nEveraldo Zuno, pr\u00f3ximo ao \u00faltimo ponto de\r\n\u00f4nibus, localizado na Vila Nova Por\u00e3.\r\nProvidencie o recape asf\u00e1ltico na Rua\r\nJurumirim, localizada no Jardim Itaip\u00fa.\r\nProvidencie a limpeza na pista de caminhada\r\ne na ATI ao ar livre a baixo da rua Rom\u00e1rio\r\nMartins, localizada no Jardim Luiz 15.\r\nProvidencie a limpeza de todos os terrenos\r\nque se encontram com mato alto e\r\nabandonados e tamb\u00e9m em todas as bocas de\r\nlobo, na Rua General Osorio, localizado no\r\nJardim Lu\u00eds XV.\r\nProvidencie a limpeza nas bocas de lobo que\r\nse encontram entupidas no final da Avenida\r\nBrasil, pr\u00f3ximo ao Jardim Itaipu"}, {"id": "7194", "ano": "2019", "numero": "49", "tipo__sigla": "IND", "tipo__descricao": "Indica\u00e7\u00e3o", "autoria": "Sueli Gevert", "texto_original": "http://sapl.ivaipora.pr.leg.br/media/sapl/public/materialegislativa/2019/7194/49-2019.pdf", "ementa": "INDICAR ao Senhor Prefeito Municipal,\r\nque por meio do Departamento Competente:\r\n1. Providencie a limpeza de uma cal\u00e7ada, localizada na\r\nAvenida Maranh\u00e3o em frente ao n\u00famero 1730\r\n(pr\u00f3ximo a observer seguran\u00e7a)."}, {"id": "7195", "ano": "2019", "numero": "50", "tipo__sigla": "IND", "tipo__descricao": "Indica\u00e7\u00e3o", "autoria": "Sab\u00e3o - Edivaldo Montanheri", "texto_original": "http://sapl.ivaipora.pr.leg.br/media/sapl/public/materialegislativa/2019/7195/50-2019.pdf", "ementa": ", INDICAR ao Senhor Prefeito Municipal, que por meio do Departamento\r\n\u2022 Competente:\r\n1. Providencie a extens\u00e3o de rede de energia el\u00e9trica\r\nna propriedade da senhora Lourdes Jos\u00e9\r\nAssun\u00e7\u00e3o Maneia.\r\n2. Para que seja reenquadrado os agentes de\r\nendemias e agentes comunit\u00e1rios de sa\u00fade no\r\npiso salarial da categoria conforme Lei Federal\r\nn\u00b013.708/2018."}, {"id": "7196", "ano": "2019", "numero": "51", "tipo__sigla": "IND", "tipo__descricao": "Indica\u00e7\u00e3o", "autoria": "H\u00e9lio Barros", "texto_original": "http://sapl.ivaipora.pr.leg.br/media/sapl/public/materialegislativa/2019/7196/51-2019.pdf", "ementa": "INDICAR ao Senhor Prefeito Municipal,\r\nque por meio do Departamento Competente:\r\nProvidenciar funcionamento das\r\ninstala\u00e7\u00f5es do posto de sa\u00fade do\r\nJardim Universit\u00e1rio.\r\nProvidenciar a coloca\u00e7\u00e3o de postes na\r\nrua Iva\u00ed, entre o n\u00famero 30 ao n\u00famero\r\n220, no Jardim Aeroporto.\r\nProvidenciar \u00f4nibus biarticulado para\r\natender a demanda dos passageiros das\r\nvila Nova Por\u00e3.\r\nProvidenciar a ilumina\u00e7\u00e3o do trevo\r\nprincipal pr\u00f3ximo, ao batalh\u00e3o da 6\u00b0\r\nCIA da pol\u00edcia militar.\r\nProvidenciar a drenagem do rio\r\nPindauvinha entre rodovia Ladislau\r\nGil Fernandes at\u00e9 o Jardim Itaipu."}, {"id": "7197", "ano": "2019", "numero": "52", "tipo__sigla": "IND", "tipo__descricao": "Indica\u00e7\u00e3o", "autoria": "Alex Papin", "texto_original": "http://sapl.ivaipora.pr.leg.br/media/sapl/public/materialegislativa/2019/7197/52-2019.pdf", "ementa": "INDICAR ao Senhor Prefeito Municipal, que por meio do Departamento\r\nCompetente: \r\nProvidencie melhorias, bem como passar\r\nm\u00e1quina e colocar cascalho na Rua Santa\r\nVicentina, localizada no Jardim Ipor\u00e3.\r\nProvidencie a reforma da quadra de esportes\r\ndo Distrito de Alto Por\u00e3.\r\nProvidencie melhorias, bem como passar\r\nm\u00e1quina e colocar cascalho, nas Ruas\r\nTupiniquins, Turunas, Trememb\u00e9s,\r\nTupinamb\u00e1s e Timbiras, localizadas no\r\nJardim Alto da Gl\u00f3ria.\r\nProvidencie a cobertura no ponto de \u00f4nibus na\r\nVila Rural Ivain\u00f3polis.\r\nProvidencie a limpeza dos terrenos que o\r\nmato invadiu a rua no final da Avenida Brasil,\r\nestrada que vai para o cinco encruzo."}, {"id": "7198", "ano": "2019", "numero": "53", "tipo__sigla": "IND", "tipo__descricao": "Indica\u00e7\u00e3o", "autoria": "Marcelo Reis", "texto_original": "http://sapl.ivaipora.pr.leg.br/media/", "ementa": "INDICAR ao Senhor Prefeito Municipal, que por meio do Departamento\r\nCompetente: \r\nProvidencie a limpeza no acostamento da via que liga\r\na Avenida Maranh\u00e3o ao Jardim Ipor\u00e3. \r\nQue realize o asfalto na estrada entre Ivaipor\u00e3 a Distrito do Santa Barbara.\r\nFa\u00e7a um estudo de tr\u00e2nsito para colocar vagas\r\nestacionamento de a motos enfrente da C\u00e2mara\r\nMunicipal."}, {"id": "7199", "ano": "2019", "numero": "54", "tipo__sigla": "IND", "tipo__descricao": "Indica\u00e7\u00e3o", "autoria": "H\u00e9lio Barros", "texto_original": "http://sapl.ivaipora.pr.leg.br/media/sapl/public/materialegislativa/2019/7199/54-2019.pdf", "ementa": "INDICAR ao Senhor Prefeito Municipal, que por meio do\r\nDepartamento Competente:\r\n1. Providencie a abertura do canteiro da Pra\u00e7a Mois\u00e9s\r\nGil Fernandes para que todos os motoristas da Avenida Para\u00edba possa ter acesso a Avenida Brasil\r\ncom destino ao centro, conforme foto anexo.\r\n2. Providencie abertura do acesso ligando o F\u00f3rum da Justi\u00e7a e o F\u00f3rum Eleitoral, a Rodovia Ladislau Gil Fernandes, facilitando o acesso ao centro.\r\nProvidencie as pedras irregulares na rua Pl\u00e1cidio Miranda, no trecho compreendido entre o viveiro de\r\nmudas Ivaipor\u00e3 at\u00e9 a ch\u00e1cara da senhora Carmen Gil\r\nno Jardim Aeroporto.\r\nProvidencie com urg\u00eancia uma faixa elevada (devido\r\nalta velocidade) na avenida Tancredo neves n\u00b0 1605\r\ndefronte ao INSS, e outra faixa elevada defronte\r\nAPAE na Avenida Souza Naves n\u00b0 1880 centro.\r\nProvidencie um redutor de velocidades, na Avenida\r\nEstev\u00e3o Marciano do Santos, pr\u00f3ximo ao n\u00b0 725."}, {"id": "7200", "ano": "2019", "numero": "55", "tipo__sigla": "IND", "tipo__descricao": "Indica\u00e7\u00e3o", "autoria": "Sab\u00e3o - Edivaldo Montanheri", "texto_original": "http://sapl.ivaipora.pr.leg.br/media/sapl/public/materialegislativa/2019/7200/55-2019.pdf", "ementa": "INDICAR ao Senhor Prefeito Municipal, que por meio do\r\nDepartamento Competente:\r\n1. Providencie um profissional de limpeza\r\np\u00fablica (Gari), no Jardim Europa."}, {"id": "7201", "ano": "2019", "numero": "56", "tipo__sigla": "IND", "tipo__descricao": "Indica\u00e7\u00e3o", "autoria": "Alex Papin", "texto_original": "http://sapl.ivaipora.pr.leg.br/media/sapl/public/materialegislativa/2019/7201/56-2019.pdf", "ementa": "INDICAR ao Senhor Prefeito Municipal, que por meio do Departamento\r\nCompetente:\r\nProvidencie um redutor de velocidade na Rua\r\nAnhanguera e outro na Vasco da Gama, ambas\r\nlocalizadas no Jardim Belo Horizonte.\r\nProvidencie a limpeza no terreno em frente ao n\u00b0 110,\r\nna Rua Pedro Sargionete, localizada no Conjunto\r\nJo\u00e3o de Barro.\r\nProvidencie a limpeza de mato, arvoredos e entulhos\r\ne implante postes de ilumina\u00e7\u00e3o nas vielas entre as\r\nRuas Agostinho Cremasco, Vasco da Gama,\r\nMarechal Deodoro e Anhanguera pr\u00f3ximo ao n\u00b0 585,\r\nlocalizadas no Jardim Belo Horizonte.\r\nProvidencie melhorias, bem como passar m\u00e1quina e \u2022 colocar cascalho, e implantar pedras irregulares na\r\nRua Arlindo Martins Proen\u00e7a, localizada no Bosque\r\nda Sa\u00fade.\r\nProvidencie melhorias, bem como a limpeza nas\r\nbocas de lobo das Ruas Urubupunga e Chopim,\r\nlocalizadas no Jardim Itaipu, pois encontram-se\r\nentupidas e causam transtornos em dias chuvosos."}, {"id": "7202", "ano": "2019", "numero": "57", "tipo__sigla": "IND", "tipo__descricao": "Indica\u00e7\u00e3o", "autoria": "H\u00e9lio Barros", "texto_original": "http://sapl.ivaipora.pr.leg.br/media/sapl/public/materialegislativa/2019/7202/57-2019.pdf", "ementa": "INDICAR ao Senhor Prefeito Municipal, que por meio do\r\nDepartamento Competente:\r\nProvidenciar monitores para todos os \u00f4nibus\r\nescolares, do munic\u00edpio, porque em muitos casos\r\nquem tem que fazer este trabalho \u00e9 o pr\u00f3prio\r\nmotorista.\r\nProvidenciar uma pequena cobertura na Pra\u00e7a do\r\nJardim Esp\u00edrito Santo, na rua Ceara esquina com a\r\nPitanga, devido ao grande n\u00famero de pessoas da\r\nterceira idade que praticam esportes todos os dias,\r\nneste local.\r\nProvidenciar uma ATI- Academia da Terceira Idade\r\nno Jardim Casagrande III.\r\nProvidenciar a poda de arvores, na Avenida Brasil,\r\nCentro, pois as arvores impedem a claridade."}, {"id": "7203", "ano": "2019", "numero": "58", "tipo__sigla": "IND", "tipo__descricao": "Indica\u00e7\u00e3o", "autoria": "Ailton Stipp", "texto_original": "http://sapl.ivaipora.pr.leg.br/media/sapl/public/materialegislativa/2019/7203/58-2019.pdf", "ementa": "INDICAR ao Senhor Prefeito Municipal, que por meio do Departamento Competente: \r\nProvidencie melhorias no acostamento e na sinaliza\u00e7\u00e3o\r\ntr\u00e2nsito da Rodovia Celso Fumio Makita, (Acesso Secund\u00e1rio de Ivaipor\u00e3). \r\nProvidencie conv\u00eanios com Casas de Apoio, em cidades como Curitiba, Londrina, Arapongas e demais cidades onde\r\nas interna\u00e7\u00f5es municipais forem necess\u00e1rias. \r\nProvidencie a realiza\u00e7\u00e3o de pintura da faixa de pedestres e melhoria na sinaliza\u00e7\u00e3o de tr\u00e2nsito, na Avenida Tancredo\r\nNeves esquina com a Rua Antonina, pr\u00f3ximo ao col\u00e9gio Bar\u00e3o do Cerro Azul, devido ao alto n\u00famero de acidentes\r\nneste local."}, {"id": "7204", "ano": "2019", "numero": "59", "tipo__sigla": "IND", "tipo__descricao": "Indica\u00e7\u00e3o", "autoria": "Alex Papin", "texto_original": "http://sapl.ivaipora.pr.leg.br/media/sapl/public/materialegislativa/2019/7204/59-2019.pdf", "ementa": "INDICAR ao Senhor Prefeito Municipal, que por meio do Departamento\r\n41,\r\nCompetente:\r\nI. Providencie a limpeza de mato que invadiu a Rua\r\nDercilio Matias, localizada no Conjunto\r\nHabitacional Sebasti\u00e3o Alves Andrade.\r\n2. Providencie melhorias no acostamento, bem\r\ncomo passar camada asf\u00e1ltica, na Rua\r\nApucarana, localizada na Vila Santa Maria.\r\nProvidencie um redutor de velocidade descendo o Mercado Beto Center, na Rua Emilio Ganzert. \r\nProvidencie um caminh\u00e3o pipa em toda a Rua Xavantes, localizada no Jardim Itaipu. \r\nAnalise a possibilidade de passar rede de ilumina\u00e7\u00e3o p\u00fablica na Rua Princesa Isabel, localizada no Jardim Aeroporto."}, {"id": "7205", "ano": "2019", "numero": "60", "tipo__sigla": "IND", "tipo__descricao": "Indica\u00e7\u00e3o", "autoria": "Z\u00e9 do Bar", "texto_original": "http://sapl.ivaipora.pr.leg.br/media/sapl/public/materialegislativa/2019/7205/60-2019.pdf", "ementa": "INDICAR ao Senhor Prefeito Municipal, que por meio do Departamento\r\nCompetente:\r\n1. Providencie um redutor de velocidades na Avenida Ladislau Gil Fernandez, em frente aotorno do Moacir, sentido trevo/centro, bem como a sinaliza\u00e7\u00e3o da pista."}, {"id": "7206", "ano": "2019", "numero": "61", "tipo__sigla": "IND", "tipo__descricao": "Indica\u00e7\u00e3o", "autoria": "H\u00e9lio Barros", "texto_original": "http://sapl.ivaipora.pr.leg.br/media/sapl/public/materialegislativa/2019/7206/61-2019.pdf", "ementa": "INDICAR ao Senhor Prefeito Municipal, que por meio do\r\nDepartamento Competente:\r\n1. Providencie a realiza\u00e7\u00e3o a pavimenta\u00e7\u00e3o asf\u00e1ltica ou implanta\u00e7\u00e3o pedras irregulares na Rua Ucr\u00e2nia, no Jardim Europa.\r\nProvidencie passeio p\u00fablico (cal\u00e7adas para pedestres) na Rua Rio Grande do Sul, fundos da Escola Municipal Maria Diva Proen\u00e7a, na Vila\r\nSanta Maria.\r\nProvidencie a pavimenta\u00e7\u00e3o da Rua Eleodoro \u00c9bano Pereira, no trecho compreendido entre o Jardim Casagrande I, at\u00e9 a Ivaig\u00e1s. Conforme\r\nmapa em anexo.\r\nProvidencie um poste para ilumina\u00e7\u00e3o p\u00fablica em frente \u00e0 Escola Municipal Ignez de Souza Caetano, na Rua Rui Barboza, Vila Jo\u00e3o XXIII.\r\nProvidencie a limpeza do lago Jardim Bot\u00e2nico, libera\u00e7\u00e3o da pesca no lago."}, {"id": "7207", "ano": "2019", "numero": "62", "tipo__sigla": "IND", "tipo__descricao": "Indica\u00e7\u00e3o", "autoria": "H\u00e9lio Barros", "texto_original": "http://sapl.ivaipora.pr.leg.br/media/sapl/public/materialegislativa/2019/7207/62-2019.pdf", "ementa": "INDICAR ao Senhor Prefeito Municipal, que por meio do\r\nDepartamento Competente:\r\nProvidencie a amplia\u00e7\u00e3o da rede de esgoto da cidade de Ivaipor\u00e3 atrav\u00e9s da Sanepar, para melhorar a sa\u00fade de seus mun\u00edcipes.\r\nProvidencie o aumento de vagas de estacionamento na Avenida Souza Naves, em frente da Radio Ub\u00e1 e correio fazendo a abertura no canteiro de 45 graus.\r\nProvidenciar a constru\u00e7\u00e3o (implanta\u00e7\u00e3o) de um redutor de velocidade na Rua J\u00falio Guerra n\u00b0 970, no Jardim Ouro Preto, devido ao n\u00famero expressivo de atropelamentos de animais de estima\u00e7\u00e3o neste local.\r\nProvidencie o recape com massa asf\u00e1ltica, na Rua Visconde do Rio Branco, no Jardim Bras\u00edlia, em frente a Unidade B\u00e1sica de Sa\u00fade da Vila Jo\u00e3o\r\nXXIII, onde as pedras est\u00e3o se soltando.\r\nProvidencie a melhorias na ilumina\u00e7\u00e3o, bem como a recupera\u00e7\u00e3o, e coloca\u00e7\u00e3o de l\u00e2mpadas nos postes que est\u00e3o desligados na pra\u00e7a Espanha, na avenida Tancredo neves."}, {"id": "7208", "ano": "2019", "numero": "63", "tipo__sigla": "IND", "tipo__descricao": "Indica\u00e7\u00e3o", "autoria": "Sab\u00e3o - Edivaldo Montanheri", "texto_original": "http://sapl.ivaipora.pr.leg.br/media/sapl/public/materialegislativa/2019/7208/63-2019.pdf", "ementa": "INDICAR ao Senhor Prefeito Municipal, que por meio do Departamento Competente:\r\n1. Providencie a instala\u00e7\u00e3o de bocas de lobo (bueiros), bem como a conclus\u00e3o da pavimenta\u00e7\u00e3o com pedras irregulares no trecho restante da Rua Dirceu Antonio Correia de Melo, na Vila Nova Por\u00e3."}, {"id": "7209", "ano": "2019", "numero": "64", "tipo__sigla": "IND", "tipo__descricao": "Indica\u00e7\u00e3o", "autoria": "Alex Papin", "texto_original": "http://sapl.ivaipora.pr.leg.br/media/sapl/public/materialegislativa/2019/7209/64-2019.pdf", "ementa": "INDICAR ao Senhor Prefeito Municipal, que por meio do Departamento Competente:\r\nProvidencie um ponto de \u00f4nibus na Rua Joaquim Nabuco, pr\u00f3ximo a antiga cancha de malha, localizada na Vila Jo\u00e3o XXIII.\r\nProvidencie um redutor de velocidade pr\u00f3ximo ao n\u00b0 34 na Rua Carlos Alberto Portela, localizada na Vila Nova Por\u00e3.\r\nProvidencie redutores de velocidade na Rua Campo Mour\u00e3o, localizada no Jardim Paran\u00e1.\r\nProvidencie o recape asf\u00e1ltico nas Ruas Palotina, Mambor\u00ea, Toledo e toda a extens\u00e3o da Alvorada, localizadas no Jardim Alvorada.\r\nProvidencie galerias e redutores de velocidade na Rua Palotina, localizada no Jardim Alvorada"}, {"id": "7210", "ano": "2019", "numero": "65", "tipo__sigla": "IND", "tipo__descricao": "Indica\u00e7\u00e3o", "autoria": "H\u00e9lio Barros", "texto_original": "http://sapl.ivaipora.pr.leg.br/media/sapl/public/materialegislativa/2019/7210/65-2019.pdf", "ementa": "INDICAR ao Senhor Prefeito Municipal,\r\nque por meio do Departamento Competente:\r\nProvidencie abertura do canteiro central da Avenida Maranh\u00e3o, centro, para facilitar o acesso dos moradores da Rua Maria Bina.\r\nProvidencie a constru\u00e7\u00e3o de uma ATI (Academia da Terceira Idade), ao lado da Hawp Bier, na avenida Ladislau Gil Fernandes esquina com Rua Plac\u00eddio Miranda, no Jardim Aeroporto.\r\nProvidencie a aquisi\u00e7\u00e3o 02 (dois) ve\u00edculos preparados para o combate do mosquito Aedes Aegypti, transmissor da Dengue, atrav\u00e9s do m\u00e9todo de se espalhar inseticidas conhecido como \"Fumac\u00ea\".\r\nProvidencie junto aos \u00f3rg\u00e3os de engenharia que se proceda a instala\u00e7\u00e3o de placas (contendo nomes de ruas e bairros) em todos os bairros e distritos do munic\u00edpio de Ivaipor\u00e3.\r\nProvidencie as faixas indicativas para estacionamento 45 graus em frente da APAE na avenida Souza Naves, Centro."}, {"id": "7212", "ano": "2019", "numero": "66", "tipo__sigla": "IND", "tipo__descricao": "Indica\u00e7\u00e3o", "autoria": "Alex Papin", "texto_original": "http://sapl.ivaipora.pr.leg.br/media/sapl/public/materialegislativa/2019/7212/66-2019.pdf", "ementa": "INDICAR ao Senhor Prefeito Municipal, que por meio do Departamento Competente: \r\nProvidencie a retirada de entulhos na Rua Ipanema, localizada no Jardim Guanabara I, pois est\u00e3o impedindo o escoamento da \u00e1gua da chuva, causando transtornos aos moradores e pedestres.\r\nProvidencie uma capela mortu\u00e1ria e muro em torno do cemit\u00e9rio no Distrito do Alto Por\u00e3.\r\nProvidencie a implanta\u00e7\u00e3o de pedra irregular ou asfalto na Rua Lu\u00eds Fabo, antiga Araras, localizada na Vila Nova Por\u00e3. \r\nAnalise a possibilidade de estar realizando o \"Ivaipor\u00e3 em A\u00e7\u00e3o\" no bairro Jardim Alto da Gl\u00f3ria.\r\n Analise a possibilidade de estar implantando bocas de lobos inteligentes no Munic\u00edpio, para reter entulhos que possam vir a entupir os bueiros, prejudicando o escoamento da \u00e1gua da chuva."}, {"id": "7213", "ano": "2019", "numero": "67", "tipo__sigla": "IND", "tipo__descricao": "Indica\u00e7\u00e3o", "autoria": "Alex Papin", "texto_original": "http://sapl.ivaipora.pr.leg.br/media/sapl/public/materialegislativa/2019/7213/67-2019.pdf", "ementa": "INDICAR ao Senhor Prefeito Municipal, que por meio do Departamento Competente:\r\nIsente os contribuintes da taxa de ilumina\u00e7\u00e3o p\u00fablica sobre bens im\u00f3veis situados em logradouros sem infraestrutura de ilumina\u00e7\u00e3o p\u00fablica.\r\nProvidencie a cobran\u00e7a de pre\u00e7o p\u00fablico das concession\u00e1rias de energia, pela ocupa\u00e7\u00e3o do sistema de posteamento da rede de energia el\u00e9trica e de\r\nilumina\u00e7\u00e3o p\u00fablica, especificando a cobran\u00e7a de acordo com o valor de 2 UVC devido pela empresa propriet\u00e1ria do poste.\r\nProvidencie a limpeza de mato e arvoredos, e passe m\u00e1quina e cascalho na Rua S\u00e3o Sebasti\u00e3o, localizada na Monte Castelo."}, {"id": "7214", "ano": "2019", "numero": "68", "tipo__sigla": "IND", "tipo__descricao": "Indica\u00e7\u00e3o", "autoria": "H\u00e9lio Barros", "texto_original": "http://sapl.ivaipora.pr.leg.br/media/sapl/public/materialegislativa/2019/7214/68-2019.pdf", "ementa": "INDICAR ao Senhor Prefeito Municipal, que por meio do Departamento Competente:\r\nProvidencie a retirada de um poste que se encontracolocado encima da guia (meio fio), na rua Plac\u00eddio Miranda, esquina com Rua Rui Barbosa, na Vila Jo\u00e3oXXIII.\r\nProvidencie o desentupimento, limpeza e lacre das bocas de lobo (bueiro), localizadas na Avenida Tancredo Neves, pr\u00f3ximo ao n\u00b0 1.675, centro.\r\nProvidencie dois postes com lumin\u00e1rias, um na pra\u00e7a de lazer do Jardim Alto da Gloria, e outro na rua Apinag\u00e9s.\r\nProvidencie sem\u00e1foro no encontro da Avenida Souza Naves, Avenida Paran\u00e1, Avenida Brasil, Rua Ribeir\u00e3o Preto e Rua Emilio Ganzert, pr\u00f3ximo da Casa\r\nEsperan\u00e7a, centro.\r\nProvidencie o corte de arvores (condenadas), na pra\u00e7a Manuel Marques Pereira, bem como promover sua reforma e asseio."}, {"id": "7230", "ano": "2019", "numero": "69", "tipo__sigla": "IND", "tipo__descricao": "Indica\u00e7\u00e3o", "autoria": "Alex Papin", "texto_original": "http://sapl.ivaipora.pr.leg.br/media/sapl/public/materialegislativa/2019/7230/69-2019.pdf", "ementa": ". INDICAR ao Senhor Prefeito Municipal, que por meio do DepartamentoCompetente:\r\nProvidencie a troca de l\u00e2mpada queimada na Rua Rio Grande do Sul, em frente ao n\u00b0 244, localizada no Centro a Cidade.\r\nProvidencie o recape asf\u00e1ltico em toda a extens\u00e3o da Rua Alvorada, desde a Monte Castelo at\u00e9 o Jardim Alvorada.\r\nAnalise a possibilidade de estar implantando um sistema de agendamento de consulta online, de modo a agilizar e evitar as filas e tumulto no Posto de Sa\u00fade.\r\nProvidencie a pavimenta\u00e7\u00e3o com pedra irregular na Rua Industrial, localizada no Parque das Industrias."}, {"id": "7231", "ano": "2019", "numero": "70", "tipo__sigla": "IND", "tipo__descricao": "Indica\u00e7\u00e3o", "autoria": "H\u00e9lio Barros", "texto_original": "http://sapl.ivaipora.pr.leg.br/media/sapl/public/materialegislativa/2019/7231/70-2019.pdf", "ementa": "INDICAR ao Senhor Prefeito Municipal, que por meio do Departamento Competente:\r\nProvidencie sinaliza\u00e7\u00e3o com faixas horizontais enfrente capela nacional, na Avenida Maranh\u00e3o, centro.\r\nProvidencie a retirada de uma arvore condenada, na Rua Presidente Kenedy, pr\u00f3ximo ao n\u00b0 790, no Jardim Bras\u00edlia.\r\nProvidencie a constru\u00e7\u00e3o de uma Capela Mortu\u00e1ria nas imedia\u00e7\u00f5es do Jardim Guanabara e Vila Nova Por\u00e3.\r\nProvidencie a implanta\u00e7\u00e3o de um Museu ou um local apropriado, para guardar artefatos e pe\u00e7as da hist\u00f3ria de Ivaipor\u00e3.\r\n5. Providencie a readequa\u00e7\u00e3o do canteiro em frente \u00e0 igreja Sant\u00edssima M\u00e3e de Deus, para facilitar o estacionamento  na Avenida Minas Gerais."}, {"id": "7232", "ano": "2019", "numero": "71", "tipo__sigla": "IND", "tipo__descricao": "Indica\u00e7\u00e3o", "autoria": "H\u00e9lio Barros", "texto_original": "http://sapl.ivaipora.pr.leg.br/media/sapl/public/materialegislativa/2019/7232/71-2019.pdf", "ementa": "INDICAR ao Senhor Prefeito Municipal, que por meio do Departamento Competente:\r\n1. Providencie em locais vis\u00edveis de todos os pontos de \u00f4nibus, seus respectivos itiner\u00e1rios.\r\nProvidencie com urg\u00eancia, medidas quanto ao desmoronamento embaixo do asfalto da Rodovia Ladislau Gil Fernandez, do lado do campo de\r\ngrama sint\u00e9tica do complexo esportivo M\u00e9lvis Muchiut.\r\nProvidencie a constru\u00e7\u00e3o de uma passarela para pedestres, ligando Rua Londrina Centro, a Rua Luiz Pasteur no Jardim Imperial.\r\nProvidencie o conserto do redutor de velocidades na Avenida Souza Naves n\u00b0 1675 centro, pr\u00f3ximo Cl\u00ednica Pellizari.\r\nProvidencie a amplia\u00e7\u00e3o da Escola Municipal Ivaipor\u00e3, devido ao crescente n\u00famero de alunos."}, {"id": "7233", "ano": "2019", "numero": "72", "tipo__sigla": "IND", "tipo__descricao": "Indica\u00e7\u00e3o", "autoria": "Alex Papin", "texto_original": "http://sapl.ivaipora.pr.leg.br/media/sapl/public/materialegislativa/2019/7233/72-2019.pdf", "ementa": "INDICAR ao Senhor Prefeito Municipal, que por meio do Departamento Competente: \r\nProvidencie a poda das \u00e1rvores que est\u00e3o atrapalhando a fia\u00e7\u00e3o el\u00e9trica, na Rua Rio Grande do Sul, pr\u00f3ximo ao n\u00b0 244, no Centro da Cidade.\r\nProvidencie a poda das \u00e1rvores na Avenida Tancredo Neves entre o n\u00b0 4.239 e o Sindicato Rural. \r\nProvidencie melhorias, bem como passar m\u00e1quina, colocar cascalho e passar o rolo compressor no final da Rua Jupi\u00e1, localizada no Jardim Itaip\u00fa."}, {"id": "7234", "ano": "2019", "numero": "73", "tipo__sigla": "IND", "tipo__descricao": "Indica\u00e7\u00e3o", "autoria": "", "texto_original": "http://sapl.ivaipora.pr.leg.br/media/sapl/public/materialegislativa/2019/7234/73-2019.pdf", "ementa": "a, INDICAR ao Senhor Prefeito Municipal, que por meio do Departamento Competente:\r\nProvidencie a compra de um triciclo para pintura de sinaliza\u00e7\u00e3o para maior agilidade no tr\u00e2nsito de Ivaipor\u00e3.\r\nProvidencie um redutor de velocidade pr\u00f3ximo a Clinica Veterin\u00e1ria Clinic\u00e3o, localizada na Avenida Estev\u00e3o Marciano dos Santos.\r\nProvidencie um redutor de velocidade pr\u00f3ximo ao Jornal Paran\u00e1 Centro, localizado na Avenida Ladislau Gil Fernandes.\r\nProvidencie a limpeza nas bocas de lobo pr\u00f3ximo a ponte que fica entre a Rua Emilio Ganzert e Apinag\u00e9s, localizada no Jardim Alto da Gloria."}, {"id": "7236", "ano": "2019", "numero": "74", "tipo__sigla": "IND", "tipo__descricao": "Indica\u00e7\u00e3o", "autoria": "H\u00e9lio Barros", "texto_original": "http://sapl.ivaipora.pr.leg.br/media/sapl/public/materialegislativa/2019/7236/74-2019.pdf", "ementa": "INDICAR ao Senhor Prefeito Municipal, que por meio do Departamento Competente:\r\nProvidencie a constru\u00e7\u00e3o de uma faixa elevada, na Rua Plac\u00eddio Miranda, pr\u00f3ximo ao lava ao r\u00e1pido.\r\nProvidenciar a instala\u00e7\u00e3o de um paqu\u00edmetro no centro de Ivaipor\u00e3.\r\nProvidencie as melhorias da ilumina\u00e7\u00e3o no coreto principal da Pra\u00e7a Manoel Teodoro da Rocha, na Avenida Brasil, centro.\r\nProvidencie a pavimenta\u00e7\u00e3o da estrada rural entre Vila Nova Por\u00e3 chegando at\u00e9 na Vila Rural Ivain\u00f3pol is.\r\nProvidencie limpeza geral (galhos/entulhos) no cemit\u00e9rio municipal de Ivaipor\u00e3."}, {"id": "7238", "ano": "2019", "numero": "75", "tipo__sigla": "IND", "tipo__descricao": "Indica\u00e7\u00e3o", "autoria": "H\u00e9lio Barros", "texto_original": "http://sapl.ivaipora.pr.leg.br/media/sapl/public/materialegislativa/2019/7238/75-2019.pdf", "ementa": "INDICAR ao Senhor Prefeito Municipal, que por meio do Departamento Competente:\r\nProvidenciar a retirada do mato da rodovia Celso Fumio Makita pr\u00f3ximo da Ivaig\u00e1s, pois est\u00e1 causando grandes transtornos para os motoristas.\r\nProvidenciar a liga\u00e7\u00e3o da Rua Valentin Talarico no Jardim Imperial, at\u00e9 a Rua Mandaguari no centro, sendo que j\u00e1 foi constru\u00edda uma passarela\r\nrecentemente.\r\nProvidenciar Bols\u00e3o para Motos em todos os sem\u00e1foros de Ivaipor\u00e3.\r\nProvidenciar a sinaliza\u00e7\u00e3o, construindo um trevo para todos os mun\u00edcipes e regi\u00e3o do Distrito de Alto Por\u00e3, uma grande Distrito com total abandono\r\nneste local.\r\nProvidenciar o conserto de uma grande cratera na Rua Plac\u00eddio Miranda, pr\u00f3ximo ao n\u00famero 990, centro."}, {"id": "7240", "ano": "2019", "numero": "76", "tipo__sigla": "IND", "tipo__descricao": "Indica\u00e7\u00e3o", "autoria": "Alex Papin", "texto_original": "http://sapl.ivaipora.pr.leg.br/media/sapl/public/materialegislativa/2019/7240/76-2019.pdf", "ementa": "INDICAR ao Senhor Prefeito Municipal, que por meio do Departamento Competente: \r\nAnalise a possibilidade de estar cedendo um espa\u00e7o para campo de futebol em um dos terrenos da Prefeitura localizado no Jardim Itaip\u00fa. \r\nProvidencie a cobertura de todos os pontos de \u00f4nibus da cidade, de forma que as pessoas fiquem protegidas em dias chuvosos enquanto aguardam\r\nos \u00f4nibus.\r\nProvidencie a pavimenta\u00e7\u00e3o com pedra irregular ou asfalto na Rua Magno Felix da Silva, antiga Rua Santa Catarina, localizada na Vila Santa Maria\r\n4. Providencie o recape asf\u00e1ltico entre a Rua Jo\u00e3oMaria Stresser, antiga Rua Sete de Setembro, e a Avenida Maranh\u00e3o, localizado no centro da cidade."}, {"id": "7242", "ano": "2019", "numero": "77", "tipo__sigla": "IND", "tipo__descricao": "Indica\u00e7\u00e3o", "autoria": "H\u00e9lio Barros", "texto_original": "http://sapl.ivaipora.pr.leg.br/media/sapl/public/materialegislativa/2019/7242/77-2019.pdf", "ementa": "a, INDICAR ao Senhor Prefeito Municipal,que por meio do Departamento Competente:\r\nProvidencie recape asf\u00e1ltico na Rua Jos\u00e9 Bonif\u00e1cio e na Rua D. Pedro II, na Vila Jo\u00e3o XXXIII.\r\nProvidencie o cascalhamento no trecho da Igreja do Palmeirinha, at\u00e9 achegada do pesqueiro do Castelinho.\r\nProvidencie o cal\u00e7amento na Rua Cear\u00e1, entre a Rua Ludovico Merico at\u00e9 Rua Joaquim Bonif\u00e1cio, centro de Ivaipor\u00e3.\r\n4 Providencie a instala\u00e7\u00e3o de c\u00e2meras para monitoramento dos pr\u00e9dios p\u00fablicos cumprindo a Lei n\u00b02.367/2013.\r\n5. Providencie a distribui\u00e7\u00e3o de sacos ou sacolas, para que ao coletar o lixo os propriet\u00e1rios j\u00e1 tenham agilizado a separa\u00e7\u00e3o dos org\u00e2nicos e recicl\u00e1veis."}, {"id": "7243", "ano": "2019", "numero": "78", "tipo__sigla": "IND", "tipo__descricao": "Indica\u00e7\u00e3o", "autoria": "Alex Papin", "texto_original": "http://sapl.ivaipora.pr.leg.br/media/sapl/public/materialegislativa/2019/7243/78-2019.pdf", "ementa": "INDICAR ao Senhor Prefeito Municipal, que por meio do Departamento Competente:\r\nProvidencie o recape asf\u00e1ltico na Rua Miroslau Michaltchuk, entre a Igreja Ucr\u00e2nia S\u00e3o Jos\u00e9 e o Col\u00e9gio Santa Olga.\r\nProvidencie a troca da grama sint\u00e9tica do Parquinho Municipal Maria Alice Ando Albertin, localizado no centro da Cidade.\r\nProvidencie a limpeza do terreno em frente ao n\u00b0 508 na Rua Apinag\u00e9s, localizada no Jardim Alto da Gloria.\r\nProvidencie a implanta\u00e7\u00e3o de pedra irregular ou asfalto na Rua Assai, localizada na Vila Nova Por\u00e3.\r\nProvidencie um redutor de velocidade na frente da Farm\u00e1cia de Manipula\u00e7\u00e3o Bioformula, na Avenida Souza Naves, localizada no Centro da Cidade."}, {"id": "7244", "ano": "2019", "numero": "79", "tipo__sigla": "IND", "tipo__descricao": "Indica\u00e7\u00e3o", "autoria": "Alex Papin", "texto_original": "http://sapl.ivaipora.pr.leg.br/media/sapl/public/materialegislativa/2019/7244/79-2019.pdf", "ementa": "INDICAR ao Senhor Prefeito Municipal, que por meio do Departamento Competente:\r\nProvidencie a coloca\u00e7\u00e3o de um parquinho na  Pra\u00e7a Manoel Teodoro da Rocha (em frente a loja Pernambucanas).\r\nProvidencie a coloca\u00e7\u00e3o de bancos no Parquinho infantil localizado no Lago do Jardim Bot\u00e2nico (em frente o Sesc)."}, {"id": "7274", "ano": "2019", "numero": "80", "tipo__sigla": "IND", "tipo__descricao": "Indica\u00e7\u00e3o", "autoria": "H\u00e9lio Barros", "texto_original": "http://sapl.ivaipora.pr.leg.br/media/sapl/public/materialegislativa/2019/7274/80-2019.pdf", "ementa": "INDICAR ao Senhor Prefeito Municipal, que por meio do Departamento Competente:\r\nProvidencie uma faixa elevada em frente Mercado Barat\u00e3o na Pra\u00e7a Ivens Gueguen.\r\nProvidencie placas para entrada e sa\u00edda, dos \u00f4nibus coletivos no terminal anexo a rodovi\u00e1ria.\r\nProvidencie implanta\u00e7\u00e3o de pedras irregulares na Rua Pol\u00f4nia, no Conjunto Residencial Jardim Aeroporto.\r\nProvidencie a implanta\u00e7\u00e3o de um CMEI (Centro Municipal de Educa\u00e7\u00e3o Infantil), no terreno p\u00fablico que tem entre a Rua Ceara e Avenida Maranh\u00e3o,\r\npr\u00f3ximo ao Col\u00e9gio Mater Consolatrix.\r\nProvidencie a coloca\u00e7\u00e3o de 1 coletor seletivo (lixeira), na Pra\u00e7a Mario Moreira Bonfim, na rua Diva Proen\u00e7a, centro."}, {"id": "7275", "ano": "2019", "numero": "81", "tipo__sigla": "IND", "tipo__descricao": "Indica\u00e7\u00e3o", "autoria": "H\u00e9lio Barros", "texto_original": "http://sapl.ivaipora.pr.leg.br/media/", "ementa": "INDICAR ao Senhor Prefeito Municipal,\r\nque por meio do Departamento Competente:\r\nI. Providencie a sinaliza\u00e7\u00e3o (pintura de faixas de pedestres bem como placas de tr\u00e2nsito) na Rua Augusto N \u00b0 Urbanski 19\r\n2. Providencie a sinaliza\u00e7\u00e3o (pintura de faixas de pedestres bem como placas de tr\u00e2nsito) na Rua Orlando Buratto esquina com Souza Naves, do lado do Hospital Maternidade.\r\nProvidencie uma faixa elevada na ponta da Rua Rom\u00e1rio Martins, cruzamento com a Rua Plac\u00eddio Miranda.\r\nProvidencie o lacre da boca de lobo, em frente ao Deposito Renato Crocetta, na Avenida Ladislau Gil Fernandez.\r\nProvidenciar Ilumina\u00e7\u00e3o P\u00fablica na Rua Espanha, no Jardim Aeroporto."}, {"id": "7276", "ano": "2019", "numero": "82", "tipo__sigla": "IND", "tipo__descricao": "Indica\u00e7\u00e3o", "autoria": "Ailton Stipp", "texto_original": "http://sapl.ivaipora.pr.leg.br/media/sapl/public/materialegislativa/2019/7276/82-2019.pdf", "ementa": "INDICAR ao Senhor Prefeito Municipal, que por meio do Departamento Competente:\r\nProvidencie a limpeza e retirada de galhos e entulhos, bem como a coloca\u00e7\u00e3o de placas de proibido jogar lixo na Rua Ana Ferreira da Silva e na Rua Argentino F da Rocha, situadas na Vila Nova Por\u00e3 e no Conjunto Waldomiro Bleis Guergoletti.\r\nMelhoria da ilumina\u00e7\u00e3o p\u00fablica na Avenida Maranh\u00e3o do n\u00b0 500 ao n\u00b0 1.100 pr\u00f3ximo ao jardim Guanabara I."}, {"id": "7277", "ano": "2019", "numero": "83", "tipo__sigla": "IND", "tipo__descricao": "Indica\u00e7\u00e3o", "autoria": "H\u00e9lio Barros", "texto_original": "http://sapl.ivaipora.pr.leg.br/media/sapl/public/materialegislativa/2019/7277/83-2019.pdf", "ementa": "INDICAR ao Senhor Prefeito Municipal, que por meio do Departamento Competente:\r\nProvidencie o recape asf\u00e1ltico em cima da pedra irregular e implanta\u00e7\u00e3o de asfalto onde se fizer necess\u00e1rio nas Ruas Urubupung\u00e1, Xavante, Capivari, e\r\nJupi\u00e1 e Chopim, localizadas no Jardim Itaip\u00fa.\r\nProvidencie o recape asf\u00e1ltico em toda a extens\u00e3o da Avenida Estev\u00e3o Marciano dos Santos."}, {"id": "7278", "ano": "2019", "numero": "84", "tipo__sigla": "IND", "tipo__descricao": "Indica\u00e7\u00e3o", "autoria": "H\u00e9lio Barros", "texto_original": "http://sapl.ivaipora.pr.leg.br/media/sapl/public/materialegislativa/2019/7278/84-2019.pdf", "ementa": "INDICAR ao Senhor Prefeito Municipal, que por meio do Departamento Competente: \r\nProvidencie a demarca\u00e7\u00e3o dos lotes dos t\u00famulos do cemit\u00e9rio municipal de Ivaipor\u00e3.\r\nProvidencie a abertura da Rua Apinag\u00e9s, no Jardim Alto da Gloria.\r\nProvidencie a limpeza (retirada de mato e entulhos) da Unidade B\u00e1sica de Sa\u00fade, localizada na Vila Jo\u00e3o XXIII, na Rua Visconde do Rio Branco n\u00b0 700.\r\nProvidencie a abertura (acostamento) em todas as curvas existente na Rua Tr\u00eas Marias, no Jardim Ipor\u00e3.\r\nProvidencie um caminh\u00e3o pipa em toda extens\u00e3o da Rua Araras, do centro at\u00e9 a Vila Nova Por\u00e3, bem como verifique a possibilidade de implanta\u00e7\u00e3o de\r\npavimenta\u00e7\u00e3o neste local."}, {"id": "7279", "ano": "2019", "numero": "85", "tipo__sigla": "IND", "tipo__descricao": "Indica\u00e7\u00e3o", "autoria": "Alex Papin", "texto_original": "http://sapl.ivaipora.pr.leg.br/media/sapl/public/materialegislativa/2019/7279/85-2019.pdf", "ementa": "INDICAR ao Senhor Prefeito Municipal, que por meio do Departamento Competente:\r\n1 Providencie o recape asf\u00e1ltico em cima da pedra irregular na Rua Marginal, e nas Ruas que se fizer necess\u00e1rio, localizado no Jardim Belo Horizonte.\r\n2. Analise a possibilidade de estar contratando Neuro Pediatra para atendimento no Sistema \u00danico de Sa\u00fade (SUS), no Munic\u00edpio de Ivaipor\u00e2.\r\n3. Providencie redutores de velocidade, juntamente com placas de sinaliza\u00e7\u00e3o nas Ruas Bulha, S\u00e3o Mateus e Bras\u00edlia, localizadas entre a Vila Monte Castelo e Jardim S\u00e3o Jos\u00e9."}, {"id": "7284", "ano": "2019", "numero": "86", "tipo__sigla": "IND", "tipo__descricao": "Indica\u00e7\u00e3o", "autoria": "Ailton Stipp", "texto_original": "http://sapl.ivaipora.pr.leg.br/media/sapl/public/materialegislativa/2019/7284/86-2019.pdf", "ementa": "INDICAR ao Senhor Prefeito Municipal, que por meio do Departamento Competente:\r\n1. Providencie a constru\u00e7\u00e3o de cal\u00e7adas no final da Avenida Souza Naves, pr\u00f3ximo ao Col\u00e9gio Bar\u00e3o do Cerro Azul."}, {"id": "7285", "ano": "2019", "numero": "87", "tipo__sigla": "IND", "tipo__descricao": "Indica\u00e7\u00e3o", "autoria": "Alex Papin", "texto_original": "http://sapl.ivaipora.pr.leg.br/media/sapl/public/materialegislativa/2019/7285/87-2019.pdf", "ementa": "INDICAR ao Senhor Prefeito Municipal, que por meio do Departamento Competente:\r\n1. Providencie uma cobertura no ponto de \u00f4nibus que fica na antiga cancha de malha, na Rua Plac\u00eddio Miranda, localizada na Vila Jo\u00e3o XXIII.\r\nProvidencie o recape asf\u00e1ltico em cima da pedra irregular na Rua Valentin Talarico, entre as Ruas Dom Pedro II, Jos\u00e9 Bonif\u00e1cio e Presidente Kennedy,\r\nLocalizada no Jardim Bras\u00edlia.\r\nProvidencie o recape asf\u00e1ltico em cima da pedra irregular na Rua Jos\u00e9 Bonif\u00e1cio pr\u00f3ximo ao SESC e SENAC, localizada no Jardim Bras\u00edlia.\r\n4. Providencie o recape asf\u00e1ltico em cima da pedra irregular na Rua Alvorada, localizada na Vila Planalto."}, {"id": "7286", "ano": "2019", "numero": "88", "tipo__sigla": "IND", "tipo__descricao": "Indica\u00e7\u00e3o", "autoria": "H\u00e9lio Barros", "texto_original": "http://sapl.ivaipora.pr.leg.br/media/", "ementa": "INDICAR ao Senhor Prefeito Municipal, que por meio do Departamento Competente:\r\nProvidencie a reforma e retirada de ferro velho e entulhos do parquinho Infantil situado na Rua Ucr\u00e2nia, \r\nProvidencie os trabalhos do caminh\u00e3o pipa na Rua Jo\u00e3o Fernandes Vieira, no conjunto Manaim, do lado do Residencial Azambuja.\r\nProvidencie a abertura da passagem sobre a ponte da Rua Apucarana, na Vila Santa Maria pois os pedestres cruzam a ponte junto com os ve\u00edculos em alta velocidade.\r\nProvidencie uma rotat\u00f3ria na Avenida Celso Fumio Makita, cruzamento com Rua Rio Grande do Sul, na Vila Santa Maria pr\u00f3ximo ao n\u00b0180.\r\nProvidencie a limpeza e reativa\u00e7\u00e3o do espa\u00e7o de lazer do Jardim Luiz XV, anteriormente denominado Campo do Ara\u00e7\u00e1."}, {"id": "7287", "ano": "2019", "numero": "89", "tipo__sigla": "IND", "tipo__descricao": "Indica\u00e7\u00e3o", "autoria": "Nando Dorta", "texto_original": "http://sapl.ivaipora.pr.leg.br/media/sapl/public/materialegislativa/2019/7287/89-2019.pdf", "ementa": "INDICAR ao Senhor Prefeito Municipal, que por meio do Departamento Competente:\r\n1. Seja realizado um estudo a respeito da implanta\u00e7\u00e3o de faixas elevadas na rotat\u00f3ria defronte \u00e0 Casa Esperan\u00e7a, (encontro da Avenida Souza Naves, Avenida Paran\u00e1, Avenida Brasil, Rua Ribeir\u00e3o Preto e Rua Emilio Ganzert) devido ao crescente n\u00famero de acidentes que vem ocorrendo neste local."}, {"id": "7288", "ano": "2019", "numero": "90", "tipo__sigla": "IND", "tipo__descricao": "Indica\u00e7\u00e3o", "autoria": "Alex Papin", "texto_original": "http://sapl.ivaipora.pr.leg.br/media/sapl/public/materialegislativa/2019/7288/90-2019.pdf", "ementa": "INDICAR ao Senhor Prefeito Municipal, que por meio do Departamento Competente:\r\nProvidencie redutores de velocidade na Avenida Espanha, entre os bairros Jardim Aeroporto e o Conjunto Habitacional Eduardo Gomes.\r\nAnalise a possibilidade de estar implantando cal\u00e7adas de passeio na Avenida Espanha at\u00e9 a Rua Tamandar\u00e9, onde se encontra o Gin\u00e1sio de Esportes Sapecad\u00e3o.\r\nAnalise a possibilidade de estar implantando postes de ilumina\u00e7\u00e3o p\u00fablica na Avenida Espanha, pr\u00f3ximo ao Gin\u00e1sio de Esportes Sapecad\u00e3o.\r\nProvidencie melhorias quanto ao mau cheiro da boca de lobo que se encontra na Rua Jacarezinho em frente ao\r\nIBGE."}, {"id": "7289", "ano": "2019", "numero": "91", "tipo__sigla": "IND", "tipo__descricao": "Indica\u00e7\u00e3o", "autoria": "H\u00e9lio Barros", "texto_original": "http://sapl.ivaipora.pr.leg.br/media/sapl/public/materialegislativa/2019/7289/91-2019.pdf", "ementa": "INDICAR ao Senhor Prefeito Municipal, que por meio do Departamento Competente:\r\n1. Providencie a sinaliza\u00e7\u00e3o central com faixa amarelas, na Rodovia Nicolau Koltun, trecho entre a Vila Nova Por\u00e3, at\u00e9 o Distrito de Jacutinga, em raz\u00e3o dos motoristas invadirem a contram\u00e3o.\r\nProvidencie implanta\u00e7\u00e3o de banheiros no lago jardim Bot\u00e2nico, com a finalidade de proporcionar melhor qualidade de vida para crian\u00e7as, mulheres gravidas, e muitos idosos que fazem caminhadas neste local.\r\nProvidencie a aquisi\u00e7\u00e3o de mais bancos no Jardim Bot\u00e2nico.\r\nProvidencie a revitaliza\u00e7\u00e3o, ilumina\u00e7\u00e3o, limpeza e sinaliza\u00e7\u00e3o do trevo principal.\r\nProvidencie c\u00e2meras de monitoramento nas principais pra\u00e7as da \u00e1rea central de Ivaipor\u00e3."}, {"id": "7290", "ano": "2019", "numero": "92", "tipo__sigla": "IND", "tipo__descricao": "Indica\u00e7\u00e3o", "autoria": "Ailton Stipp", "texto_original": "http://sapl.ivaipora.pr.leg.br/media/sapl/public/materialegislativa/2019/7290/92-2019.pdf", "ementa": "INDICAR ao Senhor Prefeito Municipal, que por meio do Departamento Competente:\r\nProvidencie a manuten\u00e7\u00e3o da ponte pr\u00f3xima a estrada que d\u00e1 acesso a mata do Plac\u00eddio.\r\nProvidencia um redutor de velocidades na rua Jos\u00e9 Maximiliano do Prado pr\u00f3ximo ao n\u00famero 110, na Vila Nova Por\u00e3."}, {"id": "7291", "ano": "2019", "numero": "93", "tipo__sigla": "IND", "tipo__descricao": "Indica\u00e7\u00e3o", "autoria": "Alex Papin", "texto_original": "http://sapl.ivaipora.pr.leg.br/media/", "ementa": "INDICAR ao Senhor Prefeito Municipal, que por meio do Departamento Competente:\r\nProvidencie a implanta\u00e7\u00e3o de pavimenta\u00e7\u00e3o asf\u00e1ltica ou com pedra irregular nas Ruas Visconde do Rio Branco e Martim de Souza Afonso, localizadas no Jardim Lu\u00eds XV.\r\nProvidencie melhorias, bem como passar maquina, colocar cascalho e passar rolo compressor, na Rua Mambor\u00ea que cruza com a Guarania\u00e7u, localizada no Jardim Paran\u00e1.\r\nProvidencie a continua\u00e7\u00e3o da pavimenta\u00e7\u00e3o com pedra irregular na Rua Mambor\u00ea que cruza com a Guarania\u00e7u, localizada no Jardim Paran\u00e1.\r\n4. Providencie reparos na ponte que vai para o Pesqueiro Galp\u00e3o Crioulo, pr\u00f3ximo a Rua Eleodoro \u00c9bano Pereira, localizada no Jardim Lu\u00eds XV."}, {"id": "7292", "ano": "2019", "numero": "94", "tipo__sigla": "IND", "tipo__descricao": "Indica\u00e7\u00e3o", "autoria": "H\u00e9lio Barros", "texto_original": "http://sapl.ivaipora.pr.leg.br/media/sapl/public/materialegislativa/2019/7292/94-2019.pdf", "ementa": "INDICAR ao Senhor Prefeito Municipal, que por meio do Departamento Competente:\r\nProvidencie estacionamento para motos na \u00e1rea central de Ivaipor\u00e3;\r\nProvidencie a pavimenta\u00e7\u00e3o com pedras irregulares no final da Rua Presidente Kennedy nas imedia\u00e7\u00f5es do n\u00famero 980 no Jardim Imperial. \r\nProvidencie a abertura do lado esquerdo da Rua Emilio Ganzert, sentido centro para o Jardim Alto da Gl\u00f3ria.\r\n4 Providencie a implanta\u00e7\u00e3o de pedras irregulares na Rua Rui Barbosa, esquina com Avenida Apar\u00edcio Cardoso Bitencourt, no Jardim Belo Horizonte.\r\n5. Providencie a sinaliza\u00e7\u00e3o horizontal (pintura de faixas de pedestres) na Rua Manoel Ribas, no Jardim Paran\u00e1."}, {"id": "7293", "ano": "2019", "numero": "95", "tipo__sigla": "IND", "tipo__descricao": "Indica\u00e7\u00e3o", "autoria": "Alex Papin", "texto_original": "http://sapl.ivaipora.pr.leg.br/media/sapl/public/materialegislativa/2019/7293/95-2019.pdf", "ementa": "INDICAR ao Senhor Prefeito Municipal, que por meio do Departamento Competente:\r\n1. Providencie o recape asf\u00e1ltico em cima das pedras irregulares no Cemit\u00e9rio Municipal de Ivaipor\u00e3.\r\nProvidencie a implanta\u00e7\u00e3o de cal\u00e7ada na ATI que fica no conhecido Campo Ara\u00e7\u00e1, localizado no Jardim Lu\u00eds XV.\r\nProvidencie o recape asf\u00e1ltico em cima da pedra irregular na Rua Correa de Melo, localizada no Jardim Espirito Santo."}, {"id": "7294", "ano": "2019", "numero": "96", "tipo__sigla": "IND", "tipo__descricao": "Indica\u00e7\u00e3o", "autoria": "H\u00e9lio Barros", "texto_original": "http://sapl.ivaipora.pr.leg.br/media/", "ementa": "INDICAR ao Senhor Prefeito Municipal, que por meio do Departamento Competente: \r\nProvidencie com urg\u00eancia, recape asf\u00e1ltico na Rua Benjamin Constant, esquina com Rua Alvares de Azevedo, pr\u00f3ximo ao CMEI- Centro Municipal de\r\nEduca\u00e7\u00e3o Infantil Jos\u00e9 Fiorim.\r\nProvidencie o conserto, da ponte que liga a \u00e1gua da Mamona ao Formosinho.\r\nProvidencie a limpeza (desentupimento) e lacre do bueiro, da Rua Uberl\u00e2ndia, esquina com Rua Joaquim Bonif\u00e1cio no Jardim Bras\u00edlia.\r\nProvidencie a implanta\u00e7\u00e3o de poste com lumin\u00e1ria, na Rua Rui Barboza, pr\u00f3ximo a Escola Municipal Ignez de Souza Caetano, na Vila Jo\u00e3o XXIII."}, {"id": "7295", "ano": "2019", "numero": "97", "tipo__sigla": "IND", "tipo__descricao": "Indica\u00e7\u00e3o", "autoria": "Sab\u00e3o - Edivaldo Montanheri", "texto_original": "http://sapl.ivaipora.pr.leg.br/media/sapl/public/materialegislativa/2019/7295/97-2019.pdf", "ementa": "INDICAR ao Senhor Prefeito Municipal, que por meio do Departamento Competente:\r\n1. Providencie a constru\u00e7\u00e3o de uma quadra de esportes, na Vila Santa Maria."}, {"id": "7296", "ano": "2019", "numero": "98", "tipo__sigla": "IND", "tipo__descricao": "Indica\u00e7\u00e3o", "autoria": "H\u00e9lio Barros", "texto_original": "http://sapl.ivaipora.pr.leg.br/media/sapl/public/materialegislativa/2019/7296/98-2019.pdf", "ementa": "INDICAR ao Senhor Prefeito Municipal, que por meio do Departamento Competente:\r\n1. Providencie o cascalhamento da Rua Plac\u00eddio Miranda, no Jardim Aeroporto, onde se fizer necess\u00e1rio. \r\nProvidencie a abertura da ponte no Rio Pinda\u00fava.\r\n3. Providencie a limpeza e lacre de um bueiro (boca de\r\nlobo) na Avenida Apar\u00edcio Bitencourt, em frente ao CMEI- Ant\u00f4nio Carlos Costa, no Jardim Ouro Preto. \r\nProvidencie a retirada de arvore condenada na Rua Luiz Pasteur no Jardim Imperial.\r\nProvidencie a instala\u00e7\u00e3o de galerias pluviais na Rua S\u00e3o Luiz, Vila S\u00e3o Jorge, em raz\u00e3o das fortes enxurradas."}, {"id": "7297", "ano": "2019", "numero": "99", "tipo__sigla": "IND", "tipo__descricao": "Indica\u00e7\u00e3o", "autoria": "Alex Papin", "texto_original": "http://sapl.ivaipora.pr.leg.br/media/sapl/public/materialegislativa/2019/7297/99-2019.pdf", "ementa": "INDICAR ao Senhor Prefeito Municipal, que por meio do Departamento Competente:\r\nProvidencie a troca das l\u00e2mpadas por l\u00e2mpadas de led nas Ruas Mangueira e Durvalina Dias de Jesus, localizadas na Vila Nova Por\u00e1.\r\nProvidencie a troca de l\u00e2mpada queimada em pr\u00f3ximo ao n\u00b0 203 na Rua Ivaipor\u00e3, localizada na Vila Nova Por\u00e1.\r\nProvidencie a retirada de entulhos na Rua Generoso Marques, localizado no Jardim Casa Grande.\r\nProvidencie melhorias, bem como colocar cascalho nas Ruas Bar\u00e3o do Rio Branco e Hermes Morais, localizadas no Bosque da\r\nSa\u00fade.\r\nProvidencie um redutor de velocidade em frente a Mercearia Josane, subindo a Avenida Apar\u00edcio Bitencourt."}, {"id": "7298", "ano": "2019", "numero": "100", "tipo__sigla": "IND", "tipo__descricao": "Indica\u00e7\u00e3o", "autoria": "Sueli Gevert", "texto_original": "http://sapl.ivaipora.pr.leg.br/media/sapl/public/materialegislativa/2019/7298/100-2019.pdf", "ementa": "INDICAR ao Senhor Prefeito Municipal, que por meio do Departamento\r\n\u2022 Competente:\r\n1. Providencie a limpeza e melhorias na Pra\u00e7a Henrique\r\nMartins Portelinha localizada na Avenida Paran\u00e1, nas proximidades do Banco do Brasil.\r\nProvidencie a veda\u00e7\u00e3o das laterais do espa\u00e7o onde os idosos se re\u00fanem para conversar na Pra\u00e7a Henrique Martins Portelinha para que haja prote\u00e7\u00e3o\r\ncontra a chuva e maior conforto."}, {"id": "7299", "ano": "2019", "numero": "101", "tipo__sigla": "IND", "tipo__descricao": "Indica\u00e7\u00e3o", "autoria": "H\u00e9lio Barros", "texto_original": "http://sapl.ivaipora.pr.leg.br/media/sapl/public/materialegislativa/2019/7299/101-2019.pdf", "ementa": "INDICAR ao Senhor Prefeito Municipal, que por meio do Departamento Competente:\r\nI. Providencie a sinaliza\u00e7\u00e3o para motos na avenida Souza Naves, em frente da C\u00e2mara de Vereadores.\r\n2. Providencie mais guardas para CMEI \u2014 Centro Municipal de Educa\u00e7\u00e3o Infantil Ant\u00f4nio Carlos Costa, no Jardim Ouro Preto, devido aos frequentes furtos que ocorreram.\r\nProvidencie entrada para a m\u00e3es e filhos que chegam no CMEI \u2014 Centro Municipal de Educa\u00e7\u00e3o Infantil Jos\u00e9 Fiorim pela Rua Po\u00e7os de Caldas, na Vila Bom Jardim.\r\nProvidencie estacionamento de motos na esquina da Rua Mato Grosso, com a Rua Plac\u00eddio Miranda.\r\nProvidenciar a instala\u00e7\u00e3o de (PAI) Posto de Atendimento Infantil, bem como do (CAI) Centro de Tratamento Infantil, com intuito de proporcionar as\r\ncrian\u00e7as atendimentos adequados."}, {"id": "7300", "ano": "2019", "numero": "102", "tipo__sigla": "IND", "tipo__descricao": "Indica\u00e7\u00e3o", "autoria": "Alex Papin", "texto_original": "http://sapl.ivaipora.pr.leg.br/media/sapl/public/materialegislativa/2019/7300/102-2019.pdf", "ementa": "INDICAR ao Senhor Prefeito Municipal, que por meio do Departamento Competente:\r\nAnalise a possibilidade de estar implantando mais postes de ilumina\u00e7\u00e3o p\u00fablica na extens\u00e3o da Rua Parigot de Souza, localizada na Vila Betel.\r\nProvidencie o recape asf\u00e1ltico no final da Rua Jo\u00e3o Maria Stresser, descendo para Avenida Maranh\u00e3o, localizada no Centro da Cidade.\r\nProvidencie a limpeza nos terrenos abandonados e grades de prote\u00e7\u00e3o nas bocas de lobo pr\u00f3ximo ao n\u00b0405, na Rua General Ozorio, localizada na Jo\u00e3o\r\nXXIII.\r\nProvidencie a implanta\u00e7\u00e3o de pedra irregular na Rua Chopim, atr\u00e1s do antigo moinho de trigo, localizada no Jardim Itaip\u00fa.\r\nProvidencie a implanta\u00e7\u00e3o de pavimenta\u00e7\u00e3o asf\u00e1ltica ,na Rua Dirceu Ant\u00f4nio Correia de Melo, na Vila Nova Por\u00e3."}, {"id": "7301", "ano": "2019", "numero": "103", "tipo__sigla": "IND", "tipo__descricao": "Indica\u00e7\u00e3o", "autoria": "Z\u00e9 do Bar", "texto_original": "http://sapl.ivaipora.pr.leg.br/media/sapl/public/materialegislativa/2019/7301/103-2019.pdf", "ementa": "INDICAR ao Senhor Prefeito Municipal, que por meio do Departamento Competente:\r\n1. Analise a possibilidade de ado\u00e7\u00e3o de medidas para o cal\u00e7amento e a adequa\u00e7\u00e3o do processo de escoamento de \u00e1gua pluvial da Rua da Caixa D'\u00e1gua entre a Rua Umuarama e a capita\u00e7\u00e3o de \u00e1gua da Sanepar, a fim de promover melhorias nas condi\u00e7\u00f5es de trafego no local."}, {"id": "7302", "ano": "2019", "numero": "104", "tipo__sigla": "IND", "tipo__descricao": "Indica\u00e7\u00e3o", "autoria": "Alex Papin", "texto_original": "http://sapl.ivaipora.pr.leg.br/media/sapl/public/materialegislativa/2019/7302/104-2019.pdf", "ementa": "INDICAR ao Senhor Prefeito Municipal, que por meio do Departamento Competente:\r\n1. Providencie melhorias na boca de lobo que se encontra na Rua Cear\u00e1 em frente ao n\u00b0 3.920, pr\u00f3ximo ao Deposito de Doces Rigueto, localizado no Conjunto  Residencial Mour\u00e3o Filho.\r\n2. Providencie a implanta\u00e7\u00e3o de pedra irregular na Rua Machado de Assis, localizada no Bosque da Sa\u00fade.\r\n3. Providencie a implanta\u00e7\u00e3o de mais postes de ilumina\u00e7\u00e3o publica na extens\u00e3o da Rua H\u00e9lio Bittencourt, localizada na Vila Betel.\r\n4. Providencie o recape asf\u00e1ltico em cima da pedra irregular na Rua Ivaipor\u00e3, localizada na Vila Nova Por\u00e3, pois se formaram grandes buracos."}, {"id": "7303", "ano": "2019", "numero": "105", "tipo__sigla": "IND", "tipo__descricao": "Indica\u00e7\u00e3o", "autoria": "H\u00e9lio Barros", "texto_original": "http://sapl.ivaipora.pr.leg.br/media/sapl/public/materialegislativa/2019/7303/105-2019.pdf", "ementa": "INDICAR ao Senhor Prefeito Municipal, que por meio do Departamento Competente:\r\n1. Providencie a abertura e conserto da Ponte da Rua Junair, que d\u00e1 acesso ao jardim alto da gloria.\r\n2. Providencie uma (ATI) Academia da Terceira Idade para o Jardim Ivaipor\u00e3 III, na Rua Plac\u00eddio Miranda.\r\n3. Providencie recapeamento asf\u00e1ltico na Rua Tiradentes na Vila Jo\u00e3o XXIII.\r\nProvidencie a reestrutura\u00e7\u00e3o e reforma da (ATI) Academia da Terceira Idade, na Avenida Brasil n\u00b0 10,\r\nno Jardim Itaipu.\r\n5. Providencie a pavimenta\u00e7\u00e3o asf\u00e1ltica na Rua Princesa Izabel trecho entre Rodovia Celso Fumio Makita at\u00e9 a sede do Sindicato do Comercio."}, {"id": "7304", "ano": "2019", "numero": "106", "tipo__sigla": "IND", "tipo__descricao": "Indica\u00e7\u00e3o", "autoria": "Ailton Stipp", "texto_original": "http://sapl.ivaipora.pr.leg.br/media/sapl/public/materialegislativa/2019/7304/106-2019.pdf", "ementa": "INDICAR ao Senhor Prefeito Municipal, que por meio do departamento competente:\r\n1. Providencie a contrata\u00e7\u00e3o de um dentista para atender no posto de sa\u00fade no distrito do jacutinga.\r\n2. Providenciar a limpeza di\u00e1ria da pra\u00e7a Portugal que se encontra em estado cr\u00edtico devido moradores de rua que\r\nest\u00e3o dormindo e danificando aquele local."}, {"id": "7305", "ano": "2019", "numero": "107", "tipo__sigla": "IND", "tipo__descricao": "Indica\u00e7\u00e3o", "autoria": "H\u00e9lio Barros", "texto_original": "http://sapl.ivaipora.pr.leg.br/media/sapl/public/materialegislativa/2019/7305/107-2019.pdf", "ementa": ", INDICAR ao Senhor Prefeito Municipal, que por meio do Departamento Competente:\r\nProvidencie a constru\u00e7\u00e3o de um ponto de \u00f4nibus p\u00fablico, na avenida Ladislau Gil Fernandes do lado Escola Leila Diniz, Jardim Aeroporto.\r\nProvidenciar a sinaliza\u00e7\u00e3o para motos, em todas esquinas que se d\u00e1 a preferencial, quando os autom\u00f3veis estacionam na esquina eles impedem a visibilidade.\r\n3. Providencie a confec\u00e7\u00e3o de uma tampa para boca de lobo, na esquina da rua Joaquim Nabuco enfrente n\u00b0 605 do lado do n\u00b0 360, no Jardim Imperial.\r\nProvidenciar a pavimenta\u00e7\u00e3o asf\u00e1ltica ou pedras irregulares na Rua Ivaipor\u00e3 no centro do distrito Jacutinga.\r\nProvidenciar a abertura de caixas para conter agua de chuva, na Rodovia Nicolau koltun, e reabrir algumas j\u00e1 existentes ali devido terreno ca\u00eddo desce grandes enxurradas."}, {"id": "7306", "ano": "2019", "numero": "108", "tipo__sigla": "IND", "tipo__descricao": "Indica\u00e7\u00e3o", "autoria": "Alex Papin", "texto_original": "http://sapl.ivaipora.pr.leg.br/media/sapl/public/materialegislativa/2019/7306/108-2019.pdf", "ementa": "INDICAR ao Senhor Prefeito Municipal, que por meio do Departamento Competente:\r\nProvidencie melhorias no asfalto que vai para Arapu\u00e3 e Alto S\u00e3o Lu\u00eds, pois se encontra em p\u00e9ssimas condi\u00e7\u00f5es.\r\nProvidencie o recape asf\u00e1ltico em cima da pedra irregular na Rua Colibri, localizada na Vila Nova Por\u00e3.\r\nProvidencie um espa\u00e7o de \u00e1rea esportiva, como quadra de basquete, no Lago das Flores.\r\nProvidencie redutores de velocidade dos dois lados da Avenida Maranh\u00e3o, pr\u00f3ximo ao cruzamento da Rua Felicita Rother, localizado no Centro da Cidade."}, {"id": "7307", "ano": "2019", "numero": "109", "tipo__sigla": "IND", "tipo__descricao": "Indica\u00e7\u00e3o", "autoria": "Alex Papin", "texto_original": "http://sapl.ivaipora.pr.leg.br/media/sapl/public/materialegislativa/2019/7307/109-2019.pdf", "ementa": "INDICAR ao Senhor Prefeito Municipal, que por meio do Departamento Competente:\r\nProvidencie um redutor de velocidade em frente a Xiquet\u00e1, na Avenida Dr Melvis Muchiuti, antiga Avenida S\u00e3o Paulo, localizada no centro da cidade.\r\nProvidencie melhorias na estrutura do CMEI Santa Terezinha, na Avenida Maranh\u00e3o s/n, pois as paredes est\u00e3o com rachaduras.\r\nProvidencie melhorias no trevo secund\u00e1rio da Cidade, bem como, sinaliza\u00e7\u00f5es mais vis\u00edveis com ilumina\u00e7\u00e3o no local.\r\nProvidencie frigobar e televis\u00e3o em todos os quartos de internamento no Pronto Atendimento de Ivaipor\u00e3."}, {"id": "7308", "ano": "2019", "numero": "110", "tipo__sigla": "IND", "tipo__descricao": "Indica\u00e7\u00e3o", "autoria": "H\u00e9lio Barros", "texto_original": "http://sapl.ivaipora.pr.leg.br/media/sapl/public/materialegislativa/2019/7308/110-2019.pdf", "ementa": "INDICAR ao Senhor Prefeito Municipal, que por meio do Departamento Competente:\r\nProvidencie a limpeza e desentupimentos, nos bueiros existentes na Rua Juarez Clever, entre o n\u00b0 110 at\u00e9 na regi\u00e3o central de Ivaipor\u00e3\r\nProvidencie a aquisi\u00e7\u00e3o e implanta\u00e7\u00e3o de piso com grama sint\u00e9tica dentro dos Centros Municipais de Educa\u00e7\u00e3o Infantil (CMEI).\r\nProvidencie Lido em sess\u00e3o realizada e com urg\u00eancia, reparos devido a eros\u00e3o na curva da Rodovia Ladislau Gil Fernandes, pr\u00f3ximo ao n\u00b01000\r\nProvidencie pedras irregulares ou cascalhamento da viela entre as ruas Nilo Pe\u00e7anha e Rua Marginal no Jardim Belo Horizonte."}, {"id": "7309", "ano": "2019", "numero": "111", "tipo__sigla": "IND", "tipo__descricao": "Indica\u00e7\u00e3o", "autoria": "Ailton Stipp", "texto_original": "http://sapl.ivaipora.pr.leg.br/media/sapl/public/materialegislativa/2019/7309/111-2019.pdf", "ementa": ", INDICAR ao Senhor Prefeito Municipal, que por meio do Departamento Competente:\r\n1. Providencie a implanta\u00e7\u00e3o de dois redutores de velocidade na rua Get\u00falio Vargas, um defronte \u00e0 igreja S\u00f3 o Senhor \u00e9\r\nDeus n\u00b0 198, e outro defronte ao material de constru\u00e7\u00e3o Pedroso situado no jardim Luiz XV, pois os ve\u00edculos est\u00e3o\r\npassando em alt\u00edssima velocidade, oferecendo grande risco de acidente naquela localidade.\r\nProvidencie um redutor de velocidades na rua Paulista de fronte a lanchonete do Z\u00e9 coco situada na Vila Jo\u00e3o XXIII,\r\npois os motoristas n\u00e3o est\u00e3o respeitando o limite de velocidade\r\n3. Providencie um redutor de velocidade na rua Leopoldina defronte ao n\u00famero 1305 Jardim Aeroporto."}, {"id": "7310", "ano": "2019", "numero": "112", "tipo__sigla": "IND", "tipo__descricao": "Indica\u00e7\u00e3o", "autoria": "Alex Papin", "texto_original": "http://sapl.ivaipora.pr.leg.br/media/sapl/public/materialegislativa/2019/7310/112-2019.pdf", "ementa": "INDICAR ao Senhor Prefeito Municipal, que por meio do Departamento Competente:\r\nProvidencie melhorias na boca de lobo que se encontra com mau cheiro, em frente ao pr\u00e9dio do Banco Sicob e ACISI, na Avenida Paran\u00e1, localizado no Centro da Cidade.\r\nProvidencie a implanta\u00e7\u00e3o de pedra irregular na Rua Bar\u00e3o do Rio Branco, localizado no Bosque da Sa\u00fade.\r\nProvidencie poltronas ao inv\u00e9s de cadeiras, para os acompanhantes dos enfermos internados no Pronto Atendimento de Ivaipor\u00e3.\r\nProvidencie melhorias, bem como a poda de matos dentrodo CMEI Bom Jesus, localizado na Monte Castelo."}, {"id": "7311", "ano": "2019", "numero": "113", "tipo__sigla": "IND", "tipo__descricao": "Indica\u00e7\u00e3o", "autoria": "H\u00e9lio Barros", "texto_original": "http://sapl.ivaipora.pr.leg.br/media/sapl/public/materialegislativa/2019/7311/113-2019.pdf", "ementa": "INDICAR ao Senhor Prefeito Municipal, que por meio do Departamento Competente:\r\nProvidencie Centro de Atendimento Qu\u00edmico (CAQ) para atender e ajudar nossos dependentes qu\u00edmicos, atrav\u00e9s de pessoas capacitadas.\r\nProvidencie com urg\u00eancia uma faixa elevada antes da ponte que liga Vila Nova Por\u00e3 ao distrito de Jacutinga.\r\nProvidencie a pavimenta\u00e7\u00e3o asf\u00e1ltica da rua Suburbana que se situa-se no final da rua Joaquim Bonif\u00e1cio, localizada no Jardim Alto Gl\u00f3ria.\r\nProvidenciar a instala\u00e7\u00e3o urgente de um para raio, para proteger todos os trabalhadores do p\u00e1tio de maquinas devido a grande concentra\u00e7\u00e3o de maquinas de todos os tamanhos."}, {"id": "7312", "ano": "2019", "numero": "114", "tipo__sigla": "IND", "tipo__descricao": "Indica\u00e7\u00e3o", "autoria": "H\u00e9lio Barros", "texto_original": "http://sapl.ivaipora.pr.leg.br/media/sapl/public/materialegislativa/2019/7312/114-2019.pdf", "ementa": "INDICAR ao Senhor Prefeito Municipal, que por meio do Departamento Competente: \r\nProvidencie a cobertura do espa\u00e7o para praticar esportes e para as crian\u00e7as brincarem na Escola Municipal Maria Diva Proen\u00e7a, na Vila Santa Maria.\r\nProvidencie o conserto e troca das l\u00e2mpadas em toda a extens\u00e3o da Rua Alvares de Azevedo, entre o jardim Bras\u00edlia e Jardim Luiz XV.\r\nProvidencie a pavimenta\u00e7\u00e3o asf\u00e1ltica da Rua Isaque M.da Silva, no Jardim Versalhes.\r\nProvidenciar a coloca\u00e7\u00e3o de cascalho numa viela entre a Rua Padre Anchieta e Rua Manoel De Nobrega no Jardim Belo Horizonte.\r\nProvidenciar a readequa\u00e7\u00e3o da pra\u00e7a ou canteiro central, localizada na Avenida Souza, neste local tem 50% (cinquenta por cento) de terra solta e a muito\r\ntempo as gramas j\u00e1 morreram."}, {"id": "7313", "ano": "2019", "numero": "115", "tipo__sigla": "IND", "tipo__descricao": "Indica\u00e7\u00e3o", "autoria": "Alex Papin", "texto_original": "http://sapl.ivaipora.pr.leg.br/media/sapl/public/materialegislativa/2019/7313/115-2019.pdf", "ementa": "INDICAR ao Senhor Prefeito Municipal, que por meio do Departamento Competente:\r\nProvidencie mais bocas de lobo, melhorias e adequa\u00e7\u00e3o das bocas de lobo j\u00e1 existentes nas Ruas Arapongas, Guaret\u00e1, Beija Flor, Bem Ti Vi, localizadas na Vila Nova Por\u00e1', para melhor evas\u00e3o das enxurradas, que com as fortes chuvas, entram nas casas.\r\nProvidencie a poda das arvores das Ruas Pedro Aleixo e Correa de Melo, localizadas no Jardim Espirito Santo.\r\n Providencie a poda de arvores na Rua S\u00e3o Leopoldo, localizada no Centro da Cidade."}, {"id": "7314", "ano": "2019", "numero": "116", "tipo__sigla": "IND", "tipo__descricao": "Indica\u00e7\u00e3o", "autoria": "Marcelo Reis", "texto_original": "http://sapl.ivaipora.pr.leg.br/media/sapl/public/materialegislativa/2019/7314/116-2019.pdf", "ementa": "INDICAR ao Senhor Prefeito Municipal, que por meio do Departamento Competente:\r\n1. Providencie a implanta\u00e7\u00e3o de enfeites natalinos na Avenida Brasil, a partir do terminal rodovi\u00e1rio at\u00e9 proximidades da Academia Seven, assim valorizando o com\u00e9rcio local."}, {"id": "7315", "ano": "2019", "numero": "117", "tipo__sigla": "IND", "tipo__descricao": "Indica\u00e7\u00e3o", "autoria": "Nando Dorta", "texto_original": "http://sapl.ivaipora.pr.leg.br/media/sapl/public/materialegislativa/2019/7315/117-2019.pdf", "ementa": "INDICAR ao Senhor Prefeito Municipal, que por meio do Departamento Competente:\r\n1. Providencie o desassoreamento do Lago de Furnas, bem como sua revitaliza\u00e7\u00e3o a exemplo do programa \"Cultivando \u00c1gua Limpa\", com a finalidade em aumentar o volume h\u00eddrico de abastecimento e mant\u00ealo em um espelho d'\u00e1gua no n\u00edvel adequado, observando para que nos per\u00edodos de calor intenso sejam mantidos ao menos tr\u00eas arreadores para oxigenar a \u00e1gua e manter adequadamente a vida aqu\u00e1tica no lago, e o bem estar da popula\u00e7\u00e3o que constantemente o frequenta para atividades f\u00edsicas e de lazer!"}, {"id": "7316", "ano": "2019", "numero": "118", "tipo__sigla": "IND", "tipo__descricao": "Indica\u00e7\u00e3o", "autoria": "Ailton Stipp", "texto_original": "http://sapl.ivaipora.pr.leg.br/media/sapl/public/materialegislativa/2019/7316/118-2019.pdf", "ementa": "INDICAR ao Senhor Prefeito Municipal, que por meio do departamento\r\ncompetente:\r\n1. Providencie a isen\u00e7\u00e3o da taxa de lixo e de ilumina\u00e7\u00e3o p\u00fablica de pessoas idosas e portadores de doen\u00e7as cr\u00f4nica, com renda at\u00e9 um sal\u00e1rio m\u00ednimo."}, {"id": "7317", "ano": "2019", "numero": "119", "tipo__sigla": "IND", "tipo__descricao": "Indica\u00e7\u00e3o", "autoria": "H\u00e9lio Barros", "texto_original": "http://sapl.ivaipora.pr.leg.br/media/sapl/public/materialegislativa/2019/7317/119-2019.pdf", "ementa": "INDICAR ao Senhor Prefeito Municipal, que por meio do Departamento Competente:\r\nProvidencie junto ao meio ambiente as notifica\u00e7\u00f5es cab\u00edveis, ao propriet\u00e1rio do terreno da Avenida\r\nTancredo Neves n\u00b01635, em frente a cl\u00ednica HM, para que proceda sua limpeza.\r\nProvidencie a pintura adequada da sinaliza\u00e7\u00e3o para cadeirantes, principalmente na \u00e1rea central.\r\nProvidencie pavimenta\u00e7\u00e3o asf\u00e1ltica no espa\u00e7o que compreende entre a rodovia Nicolau Koltum, chegando at\u00e9 a vila Ivain\u00f3polis e Santa Luzia.\r\nProvidencie a limpeza dos banheiros da Pra\u00e7a Henrique Portelinha.\r\nProvidencie a retirada do mato, e entulhos da rua Apucarana, na vila Santa Maria."}, {"id": "7318", "ano": "2019", "numero": "120", "tipo__sigla": "IND", "tipo__descricao": "Indica\u00e7\u00e3o", "autoria": "Alex Papin", "texto_original": "http://sapl.ivaipora.pr.leg.br/media/sapl/public/materialegislativa/2019/7318/120-2019.pdf", "ementa": "INDICAR ao Senhor Prefeito Municipal, que por meio do Departamento Competente:\r\nProvidencie o recape asf\u00e1ltico em cima da pedra irregular nos dois lados da Avenida Presidente Caf\u00e9 Filho, entre os n\u00fameros 3.395\r\nao 3.115, localizado no Conjunto Residencial Ol\u00edmpio Mour\u00e3o Filho.\r\nProvidencie um redutor de velocidade no cruzamento entre a Rua Antonina e Avenida Tancredo Neves, localizado na Vila Nova Por\u00e3."}, {"id": "7319", "ano": "2019", "numero": "121", "tipo__sigla": "IND", "tipo__descricao": "Indica\u00e7\u00e3o", "autoria": "Nando Dorta", "texto_original": "http://sapl.ivaipora.pr.leg.br/media/sapl/public/materialegislativa/2019/7319/121-2019.pdf", "ementa": "INDICAR ao Senhor Prefeito Municipal, que por meio do Departamento Competente:\r\nProvidencie o incentivo \u00e0 cultura local, oferecendo uma programa\u00e7\u00e3o de R\u00e9veillon com cantores locais e regionais, no Lago Jardim Bot\u00e2nico, a fim de promovera valoriza\u00e7\u00e3o de nossos artistas revelando seus talentos para toda a popula\u00e7\u00e3o."}, {"id": "7320", "ano": "2019", "numero": "122", "tipo__sigla": "IND", "tipo__descricao": "Indica\u00e7\u00e3o", "autoria": "H\u00e9lio Barros", "texto_original": "http://sapl.ivaipora.pr.leg.br/media/sapl/public/materialegislativa/2019/7320/122-2019.pdf", "ementa": "INDICAR ao Senhor Prefeito Municipal, que por meio do Departamento Competente:\r\n1 Providencie a limpeza e poda das arvores localizadas na Rodovia Nicolau Koltun, ap\u00f3s a Vila do Severiano, sentido para o Distrito de Jacutinga.\r\novidencie uma incubadora para agilizar e solucionar os trabalhos de recapeamento, em todos as ruas e pontos de nossa cidade.\r\nProvidencie as trocas e reformas das l\u00e2mpadas, Rua Pires, na Vila Nova Por\u00e3, ao lado do Centro da Juventude.\r\nProvidencie uma melhor qualidade de vida e lazer para todas as pessoas que moram na Vila Nova Por\u00e3, construindo uma pequena cancha de Bocha e Maia, pr\u00f3ximo ao Centro da Juventude.\r\nProvidencie um projeto de lei para agilizar a implanta\u00e7\u00e3o, da Zona Azul na \u00e1rea central do munic\u00edpio de Ivaipor\u00e3."}, {"id": "7321", "ano": "2019", "numero": "123", "tipo__sigla": "IND", "tipo__descricao": "Indica\u00e7\u00e3o", "autoria": "Alex Papin", "texto_original": "http://sapl.ivaipora.pr.leg.br/media/sapl/public/materialegislativa/2019/7321/123-2019.pdf", "ementa": "a, INDICAR ao Senhor Prefeito Municipal, que por meio do Departamento Competente:\r\nProvidencie o cal\u00e7amento em torno dos aparelhos de ATI e se poss\u00edvel um parquinho infantil ao lado no mesmo espa\u00e7o, localizado no Jardim Itaip\u00fa.\r\nProvidencie o recape asf\u00e1ltico em toda a extens\u00e3o da Rua Marginal, localizada no Jardim Belo Horizonte.\r\nProvidencie melhorias, bem como, passar m\u00e1quina e cascalho na estrada que que fica no final da Rua Colibri, localizada na Vila Nova Por\u00e3.\r\nProvidencie melhorias, bem como a limpeza na boca de lobo que se encontra em frente ao Mercado Prata na Rua Pitanga, localizado nas Populares."}, {"id": "7322", "ano": "2019", "numero": "124", "tipo__sigla": "IND", "tipo__descricao": "Indica\u00e7\u00e3o", "autoria": "Ailton Stipp", "texto_original": "http://sapl.ivaipora.pr.leg.br/media/sapl/public/materialegislativa/2019/7322/124-2019.pdf", "ementa": "INDICAR ao Senhor Prefeito Municipal, que por meio do departamento competente:\r\n1. Providencie a implanta\u00e7\u00e3o de uma estrutura, que viabilize uma quadra de basquete bem como instrumentos para sua seguran\u00e7a, entre o lago jardim\r\nbot\u00e2nico, e o lago das flores fundos do SESC, para que os praticantes desse esporte possam utilizar este espa\u00e7o para treinamento."}, {"id": "7323", "ano": "2019", "numero": "125", "tipo__sigla": "IND", "tipo__descricao": "Indica\u00e7\u00e3o", "autoria": "Nando Dorta", "texto_original": "http://sapl.ivaipora.pr.leg.br/media/sapl/public/materialegislativa/2019/7323/125-2019.pdf", "ementa": "INDICAR ao Senhor Prefeito Municipal, que por meio do Departamento Competente:\r\nProvidencie em atendimento ao dispositivo da lei Municipal n\u00b0 1.662/2009, que se proceda o levantamento, corre\u00e7\u00e3o, atualiza\u00e7\u00e3o, controle e\r\nfiscaliza\u00e7\u00e3o de numera\u00e7\u00e3o dos im\u00f3veis prediais, residenciais e comerciais existentes no munic\u00edpio de Ivaipor\u00e3.\r\nProvidencie a limpeza e lacre de um bueiro (boca de Lobo) defronte a Escola Municipal Ignez de Souza Caetano.\r\nProvidencie o cumprimento da lei municipal de arboriza\u00e7\u00e3o.\r\nProvidenciar uma cal\u00e7ada na lateral da Rua Tr\u00eas Marias,  ligando a avenida Maranh\u00e3o at\u00e9 a ponte do Rio Pinda\u00fava."}, {"id": "7324", "ano": "2019", "numero": "126", "tipo__sigla": "IND", "tipo__descricao": "Indica\u00e7\u00e3o", "autoria": "Alex Papin", "texto_original": "http://sapl.ivaipora.pr.leg.br/media/sapl/public/materialegislativa/2019/7324/126-2019.pdf", "ementa": ", INDICAR ao Senhor Prefeito Municipal, que por meio do Departamento Competente:\r\nProvidencie a manuten\u00e7\u00e3o no campo de grama sint\u00e9tica e coloque tela de prote\u00e7\u00e3o para que a bola n\u00e3o caia no\r\nlago, que fica no Lago Jardim Bot\u00e2nico.\r\nProvidencie melhorias, bem como, passar m\u00e1quina e colocar cascalho na Rua Pedro Sargionete, localizada\r\nno Conjunto Jo\u00e3o de Barro.\r\nProvidencie a limpeza nos terrenos em frente ao n\u00b0 510, na Rua Pedro Sargionete, localizada no Conjunto Jo\u00e3o\r\nde Barro.\r\nProvidencie melhorias, bem como, passar m\u00e1quina e colocar cascalho na estrada Bela Vista, mais conhecida como Bairro do Silva."}, {"id": "7325", "ano": "2019", "numero": "127", "tipo__sigla": "IND", "tipo__descricao": "Indica\u00e7\u00e3o", "autoria": "Nando Dorta", "texto_original": "http://sapl.ivaipora.pr.leg.br/media/sapl/public/materialegislativa/2019/7325/127-2019.pdf", "ementa": "INDICAR ao Senhor Prefeito Municipal:\r\nQue por meio do departamento de Agricultura procedase os levantamentos de dados necess\u00e1rios (Rela\u00e7\u00e3o de Agricultores), e encaminhe posteriormente ao Departamento de Meio Ambiente, para que provid\u00eanciasem rela\u00e7\u00e3o a Audi\u00eancia P\u00fablica sejam tomadas, com a finalidade de implantar o Projeto Cortina Verde no munic\u00edpio de Ivaipor\u00e3, uma vez que desde o ano de 2017 existe uma recomenda\u00e7\u00e3o do Minist\u00e9rio P\u00fablico.\r\nQue por meio do departamento competente, determinese um estudo, para fornecer acesso aos moradores do Jardim S\u00e3o Domingos, com sa\u00edda para o trevo principal. (Foto em anexo)"}, {"id": "7326", "ano": "2019", "numero": "128", "tipo__sigla": "IND", "tipo__descricao": "Indica\u00e7\u00e3o", "autoria": "H\u00e9lio Barros", "texto_original": "http://sapl.ivaipora.pr.leg.br/media/sapl/public/materialegislativa/2019/7326/128-2019.pdf", "ementa": "INDICAR ao Senhor Prefeito Municipal, que por meio do Departamento Competente:\r\nProvidencie a instala\u00e7\u00e3o e o aprimoramento de uma horta, no terreno existente ao lado do p\u00e1tio de maquinas do nosso munic\u00edpio.\r\nProvidencie o conserto e a readequa\u00e7\u00e3o das lumin\u00e1rias da Avenida Maranh\u00e3o, Centro.\r\nProvidencie uma abertura na Avenida Melvis Michiutti, facilitando o acesso dos moradores ao o centro.\r\nProvidencie uma obra de lazer para os moradores de Ivaipor\u00e3 construindo uma pista de la\u00e7o para apreciadores deste tipo de esporte.\r\nProvidencie um redutor de velocidade na Rua Antonina cruzamento com a Avenida Tancredo Neves, em raz\u00e3o do fluxo de alunos CEEBEJA e da Escola Raul Rodrigues Gomes."}, {"id": "7327", "ano": "2019", "numero": "129", "tipo__sigla": "IND", "tipo__descricao": "Indica\u00e7\u00e3o", "autoria": "Alex Papin", "texto_original": "http://sapl.ivaipora.pr.leg.br/media/sapl/public/materialegislativa/2019/7327/129-2019.pdf", "ementa": "INDICAR ao Senhor Prefeito Municipal, que por meio do Departamento Competente:\r\nProvidencie um redutor de velocidade em frente ao n\u00b0 30, na Rua Manoel Ribas, localizada no Jardim Alvorada.\r\nProvidencie o recape asf\u00e1ltico por cima da pedra irregular, em todas as Ruas do Distrito do Alto Por\u00e3.\r\nProvidencie uma ATI na Pra\u00e7a Moises Gil Fernandes.\r\nAnalise a possibilidade de disponibilizar um espa\u00e7o definitivo para a realiza\u00e7\u00e3o anual da Expovale, com caracter\u00edsticas semelhantes ao parque que era usado nas gest\u00f5es passadas."}, {"id": "7328", "ano": "2019", "numero": "130", "tipo__sigla": "IND", "tipo__descricao": "Indica\u00e7\u00e3o", "autoria": "Sueli Gevert", "texto_original": "http://sapl.ivaipora.pr.leg.br/media/sapl/public/materialegislativa/2019/7328/130-2019.pdf", "ementa": "INDICAR ao Senhor Prefeito Municipal, que por meio do Departamento Competente:\r\n1. Providencie a limpeza e coloca\u00e7\u00e3o de grama sint\u00e9tica na pra\u00e7a Moises Gil Fernandes em frente ao Col\u00e9gio\r\nObjetivo, localizada na Rua Rio Grande do Sul."}, {"id": "7329", "ano": "2019", "numero": "131", "tipo__sigla": "IND", "tipo__descricao": "Indica\u00e7\u00e3o", "autoria": "Ailton Stipp", "texto_original": "http://sapl.ivaipora.pr.leg.br/media/sapl/public/materialegislativa/2019/7329/131-2019.pdf", "ementa": "INDICAR ao Senhor Prefeito Municipal: \r\nProvidencie com urg\u00eancia a manuten\u00e7\u00e3o dos ve\u00edculos da Prefeitura Municipal, principalmente ambul\u00e2ncias que transportam pacientes para fazer consultas e exames em outros mun\u00edcipios. \r\nProvidencie uma reforma completa no campo da Vila Santa Terezinha, localizado na Avenida Maranh\u00e3o pr\u00f3xima a entrada do Jardim Ipor\u00e0.\r\nProvidencie um redutor de velocidade na Avenida Maranh\u00e3o, pr\u00f3ximo ao n\u00famero 1815."}, {"id": "7332", "ano": "2019", "numero": "132", "tipo__sigla": "IND", "tipo__descricao": "Indica\u00e7\u00e3o", "autoria": "H\u00e9lio Barros", "texto_original": "http://sapl.ivaipora.pr.leg.br/media/sapl/public/materialegislativa/2019/7332/132-2019.pdf", "ementa": "INDICAR ao Senhor Prefeito Municipal, que por meio do Departamento Competente:\r\n1. Providencie a sinaliza\u00e7\u00e3o horizontal do centro da rodovia Nicolau Koltum no trecho Jacutinga at\u00e9 bairro Severiano. \r\nProvidencie uniformes para todos os servidores p\u00fablicos municipais do Executivo, que executamtrabalhos externos. \r\nProvidencie um espa\u00e7o adequado, para realiza\u00e7\u00e3o de\r\nesportes como Moto Cross, Gaiola, Carros Antigos,Bike, Motos do asfalto, construindo neste espa\u00e7o um barrac\u00e3o, para a realiza\u00e7\u00e3o de reuni\u00f5es.\r\nProvidencie a pavimenta\u00e7\u00e3o com pedra irregular no espa\u00e7o da viela entre a Rua Padre Anchieta at\u00e9 Rua Manoel de Nobrega, no Jardim Belo Horizonte.\r\nProvidencie uma cancha de malha, para todos os moradores da vila santa maria, promovendo o lazer naquela localidade"}, {"id": "7333", "ano": "2019", "numero": "133", "tipo__sigla": "IND", "tipo__descricao": "Indica\u00e7\u00e3o", "autoria": "Alex Papin", "texto_original": "http://sapl.ivaipora.pr.leg.br/media/sapl/public/materialegislativa/2019/7333/133-2019.pdf", "ementa": "INDICAR ao Senhor Prefeito Municipal, que por meio do Departamento Competente: \r\nProvidencie um redutor de velocidade na Avenida Presidente Caf\u00e9 Filho, pr\u00f3ximo ao Deposito de Doces o Rigueto. \r\nProvidencie um redutor de velocidade na Avenida Tancredo Neves pr\u00f3ximo ao INSS, localizada no Centro da Cidade.\r\nProvidencie a pavimenta\u00e7\u00e3o de asfalto ou pedra irregular entre as Ruas Ivaipor\u00e3 e Apucarana, localizada no Distrito de Jacutinga."}]}