{"headers": {"id": "ID", "ano": "Ano", "numero": "N\u00famero", "tipo__sigla": "Tipo de Mat\u00e9ria Legislativa/Sigla", "tipo__descricao": "Tipo de Mat\u00e9ria Legislativa/Descri\u00e7\u00e3o", "autoria": "Autorias", "texto_original": "Texto Original", "ementa": "Ementa"}, "results": [{"id": "2134", "ano": "2012", "numero": "1", "tipo__sigla": "PLE", "tipo__descricao": "Projeto de Lei do Executivo", "autoria": "Cyro Fernandes Corre\u00e2 J\u00fanior", "texto_original": "http://sapl.ivaipora.pr.leg.br/media/sapl/public/materialegislativa/2012/2134/ple-01-2012.pdf", "ementa": "Introduz altera\u00e7\u00f5es na Lei Municipal n\u00b0 2.088/2011, de 23/12/2011, que autoriza o Executivo Municipal a reajustar os sal\u00e1rios e vencimentos dos servidores municipais e d\u00e1 outras provid\u00eancias."}, {"id": "2135", "ano": "2012", "numero": "2", "tipo__sigla": "PLE", "tipo__descricao": "Projeto de Lei do Executivo", "autoria": "Cyro Fernandes Corre\u00e2 J\u00fanior", "texto_original": "http://sapl.ivaipora.pr.leg.br/media/sapl/public/materialegislativa/2012/2135/ple-02-2012.pdf", "ementa": "Introduz altera\u00e7\u00f5es na Lei Municipal n\u00b0 1.585/2008, de 26/11/2008, que disp\u00f5e sobre a Estrutura Administrativa da Prefeitura do Municipio de Ivaipor\u00e3 e d\u00e1 outras provid\u00eancias."}, {"id": "2137", "ano": "2012", "numero": "3", "tipo__sigla": "PLE", "tipo__descricao": "Projeto de Lei do Executivo", "autoria": "Cyro Fernandes Corre\u00e2 J\u00fanior", "texto_original": "http://sapl.ivaipora.pr.leg.br/media/sapl/public/materialegislativa/2012/2137/ple-03-2012.pdf", "ementa": "Abre um Cr\u00e9dito Adicional Especial e d\u00e1 outras provid\u00eancias."}, {"id": "2138", "ano": "2012", "numero": "4", "tipo__sigla": "PLE", "tipo__descricao": "Projeto de Lei do Executivo", "autoria": "Cyro Fernandes Corre\u00e2 J\u00fanior", "texto_original": "http://sapl.ivaipora.pr.leg.br/media/sapl/public/materialegislativa/2012/2138/ple-04-2012.pdf", "ementa": "Abre um Cr\u00e9dito Adicional Especial e d\u00e1 outras provid\u00eancias."}, {"id": "2139", "ano": "2012", "numero": "5", "tipo__sigla": "PLE", "tipo__descricao": "Projeto de Lei do Executivo", "autoria": "Cyro Fernandes Corre\u00e2 J\u00fanior", "texto_original": "http://sapl.ivaipora.pr.leg.br/media/sapl/public/materialegislativa/2012/2139/ple-05-2012.pdf", "ementa": "Abre um Cr\u00e9dito Adicional Especial e d\u00e1 outras provid\u00eancias."}, {"id": "2140", "ano": "2012", "numero": "6", "tipo__sigla": "PLE", "tipo__descricao": "Projeto de Lei do Executivo", "autoria": "Cyro Fernandes Corre\u00e2 J\u00fanior", "texto_original": "http://sapl.ivaipora.pr.leg.br/media/sapl/public/materialegislativa/2012/2140/ple-06-2012.pdf", "ementa": "Autoriza o Executivo Municipal a receber em doa\u00e7\u00e3o terreno para o prolongamento de rua/rodovia e d\u00e1 outras provid\u00eancias."}, {"id": "2141", "ano": "2012", "numero": "8", "tipo__sigla": "PLE", "tipo__descricao": "Projeto de Lei do Executivo", "autoria": "Cyro Fernandes Corre\u00e2 J\u00fanior", "texto_original": "http://sapl.ivaipora.pr.leg.br/media/sapl/public/materialegislativa/2012/2141/ple-08-2012.pdf", "ementa": "Amplia o n\u00famero de vagas do cargo de NUTRICIONISTA constante no Quadro de Cargos do Pessoal Efetivo do Munic\u00edpio de Ivaipor\u00e3, Estado do Paran\u00e1."}, {"id": "2142", "ano": "2012", "numero": "9", "tipo__sigla": "PLE", "tipo__descricao": "Projeto de Lei do Executivo", "autoria": "Cyro Fernandes Corre\u00e2 J\u00fanior", "texto_original": "http://sapl.ivaipora.pr.leg.br/media/sapl/public/materialegislativa/2012/2142/ple-09-2012.pdf", "ementa": "Autoriza a doa\u00e7\u00e3o de terreno \u00e0 SECRETARIA DE ESTADO DA EDUCA\u00c7\u00c3O DO PARAN\u00c1 e d\u00e1 outras provid\u00eancias."}, {"id": "2145", "ano": "2012", "numero": "10", "tipo__sigla": "PLE", "tipo__descricao": "Projeto de Lei do Executivo", "autoria": "Cyro Fernandes Corre\u00e2 J\u00fanior", "texto_original": "http://sapl.ivaipora.pr.leg.br/media/sapl/public/materialegislativa/2012/2145/ple-10-2012.pdf", "ementa": "Abre um Cr\u00e9dito Adicional Especial e d\u00e1 outras provid\u00eancias."}, {"id": "2147", "ano": "2012", "numero": "11", "tipo__sigla": "PLE", "tipo__descricao": "Projeto de Lei do Executivo", "autoria": "Cyro Fernandes Corre\u00e2 J\u00fanior", "texto_original": "http://sapl.ivaipora.pr.leg.br/media/sapl/public/materialegislativa/2012/2147/ple-11-2012.pdf", "ementa": "Autoriza o Executivo Municipal a incluir as d\u00edvidas relativas aos valores de contribui\u00e7\u00f5es previdenci\u00e1rias da Associa\u00e7\u00e3o de Prote\u00e7\u00e3o a Maternidade e \u00e0 Inf\u00e2ncia de Ivaipor\u00e3 \u2013 APMI no estoque de d\u00edvidas do Munic\u00edpio de Ivaipor\u00e3 existentes junto ao Instituto Nacional de Seguridade Social \u2013 INSS e d\u00e1 outras provid\u00eancias."}, {"id": "2148", "ano": "2012", "numero": "12", "tipo__sigla": "PLE", "tipo__descricao": "Projeto de Lei do Executivo", "autoria": "Cyro Fernandes Corre\u00e2 J\u00fanior", "texto_original": "http://sapl.ivaipora.pr.leg.br/media/sapl/public/materialegislativa/2012/2148/ple-12-2012.pdf", "ementa": "Abre um Cr\u00e9dito Adicional Suplementar e d\u00e1 outras provid\u00eancias."}, {"id": "2150", "ano": "2012", "numero": "13", "tipo__sigla": "PLE", "tipo__descricao": "Projeto de Lei do Executivo", "autoria": "Cyro Fernandes Corre\u00e2 J\u00fanior", "texto_original": "http://sapl.ivaipora.pr.leg.br/media/sapl/public/materialegislativa/2012/2150/ple-13-2012.pdf", "ementa": "Autoriza o Executivo Municipal a celebrar conv\u00eanio com CONS\u00d3RCIO INTERGESTORES PARAN\u00c1 SA\u00daDE e d\u00e1 outras provid\u00eancias."}, {"id": "2151", "ano": "2012", "numero": "14", "tipo__sigla": "PLE", "tipo__descricao": "Projeto de Lei do Executivo", "autoria": "Cyro Fernandes Corre\u00e2 J\u00fanior", "texto_original": "http://sapl.ivaipora.pr.leg.br/media/sapl/public/materialegislativa/2012/2151/ple-14-2012.pdf", "ementa": "Autoriza o Executivo Municipal a subvencionar o RECANTO DOS VELHINHOS DO LAR SANTO ANT\u00d4NIO, mediante Transfer\u00eancia Volunt\u00e1ria de Valores e d\u00e1 outras provid\u00eancias."}, {"id": "2154", "ano": "2012", "numero": "15", "tipo__sigla": "PLE", "tipo__descricao": "Projeto de Lei do Executivo", "autoria": "Cyro Fernandes Corre\u00e2 J\u00fanior", "texto_original": "http://sapl.ivaipora.pr.leg.br/media/sapl/public/materialegislativa/2012/2154/ple-15-2012.pdf", "ementa": "Autoriza o Executivo Municipal a subvencionar o ALBERGUE BOM SAMARITANO DE IVAIPOR\u00c3, mediante Transfer\u00eancia Volunt\u00e1ria de Valores e d\u00e1 outras provid\u00eancias."}, {"id": "2155", "ano": "2012", "numero": "16", "tipo__sigla": "PLE", "tipo__descricao": "Projeto de Lei do Executivo", "autoria": "Cyro Fernandes Corre\u00e2 J\u00fanior", "texto_original": "http://sapl.ivaipora.pr.leg.br/media/sapl/public/materialegislativa/2012/2155/ple-16-2012.pdf", "ementa": "Disp\u00f5e sobre a loca\u00e7\u00e3o e posterior concess\u00e3o de uso de im\u00f3vel, em car\u00e1ter excepcional, mediante loca\u00e7\u00e3o de pr\u00e9dio e/ou barrac\u00e3o, conforme disp\u00f5e o art. 41, da Lei Municipal n\u00b0 1.940, de 19/04/2011 e d\u00e1 outras provid\u00eancias."}, {"id": "2156", "ano": "2012", "numero": "17", "tipo__sigla": "PLE", "tipo__descricao": "Projeto de Lei do Executivo", "autoria": "Cyro Fernandes Corre\u00e2 J\u00fanior", "texto_original": "http://sapl.ivaipora.pr.leg.br/media/sapl/public/materialegislativa/2012/2156/ple-17-2012.pdf", "ementa": "Autoriza o Executivo Municipal a subvencionar o GR\u00caMIO BENEFICENTE ESPORTIVO DE IVAIPOR\u00c3, mediante Transfer\u00eancia Volunt\u00e1ria de Valores e d\u00e1 outras provid\u00eancias."}, {"id": "2157", "ano": "2012", "numero": "18", "tipo__sigla": "PLE", "tipo__descricao": "Projeto de Lei do Executivo", "autoria": "Cyro Fernandes Corre\u00e2 J\u00fanior", "texto_original": "http://sapl.ivaipora.pr.leg.br/media/sapl/public/materialegislativa/2012/2157/ple-18-2012.pdf", "ementa": "Estabelece normas e procedimentos relativos a cargos, estrutura\u00e7\u00e3o, provimento, vencimentos e n\u00fameros de vagas para o Emprego P\u00fablico na Administra\u00e7\u00e3o Direta, cria cargos e amplia o n\u00famero de vagas dos cargos existentes, em conformidade com o disposto em Lei Municipal n\u00b0 1.410, de 10 de maio de 2007 e d\u00e1 outras provid\u00eancias."}, {"id": "2159", "ano": "2012", "numero": "19", "tipo__sigla": "PLE", "tipo__descricao": "Projeto de Lei do Executivo", "autoria": "Cyro Fernandes Corre\u00e2 J\u00fanior", "texto_original": "http://sapl.ivaipora.pr.leg.br/media/sapl/public/materialegislativa/2012/2159/ple-19-2012.pdf", "ementa": "Institui o \u201cPROGRAMA CIDADE DIGITAL\u201d no \u00e2mbito do Munic\u00edpio de Ivaipor\u00e3 e d\u00e1 outras provid\u00eancias."}, {"id": "2162", "ano": "2012", "numero": "20", "tipo__sigla": "PLE", "tipo__descricao": "Projeto de Lei do Executivo", "autoria": "Cyro Fernandes Corre\u00e2 J\u00fanior", "texto_original": "http://sapl.ivaipora.pr.leg.br/media/", "ementa": "Abre um Cr\u00e9dito Adicional Especial e d\u00e1 outras provid\u00eancias."}, {"id": "2163", "ano": "2012", "numero": "21", "tipo__sigla": "PLE", "tipo__descricao": "Projeto de Lei do Executivo", "autoria": "Cyro Fernandes Corre\u00e2 J\u00fanior", "texto_original": "http://sapl.ivaipora.pr.leg.br/media/sapl/public/materialegislativa/2012/2163/ple-21-2012.pdf", "ementa": "Disp\u00f5e sobre a loca\u00e7\u00e3o e posterior concess\u00e3o de uso de im\u00f3vel, em car\u00e1ter excepcional, mediante loca\u00e7\u00e3o de pr\u00e9dio e/ou barrac\u00e3o, conforme disp\u00f5e o art. 41, da Lei Municipal n\u00b0 1.940, de 19/04/2011 e d\u00e1 outras provid\u00eancias."}, {"id": "2168", "ano": "2012", "numero": "22", "tipo__sigla": "PLE", "tipo__descricao": "Projeto de Lei do Executivo", "autoria": "Cyro Fernandes Corre\u00e2 J\u00fanior", "texto_original": "http://sapl.ivaipora.pr.leg.br/media/sapl/public/materialegislativa/2012/2168/ple-22-2012.pdf", "ementa": "Abre um Cr\u00e9dito Adicional Suplementar e d\u00e1 outras provid\u00eancias."}, {"id": "2176", "ano": "2012", "numero": "23", "tipo__sigla": "PLE", "tipo__descricao": "Projeto de Lei do Executivo", "autoria": "Cyro Fernandes Corre\u00e2 J\u00fanior", "texto_original": "http://sapl.ivaipora.pr.leg.br/media/sapl/public/materialegislativa/2012/2176/ple-23-2012.pdf", "ementa": "Abre um Cr\u00e9dito Adicional Especial e d\u00e1 outras provid\u00eancias."}, {"id": "2179", "ano": "2012", "numero": "24", "tipo__sigla": "PLE", "tipo__descricao": "Projeto de Lei do Executivo", "autoria": "Cyro Fernandes Corre\u00e2 J\u00fanior", "texto_original": "http://sapl.ivaipora.pr.leg.br/media/sapl/public/materialegislativa/2012/2179/ple-24-2012.pdf", "ementa": "Abre um Cr\u00e9dito Adicional Especial e d\u00e1 outras provid\u00eancias."}, {"id": "2181", "ano": "2012", "numero": "25", "tipo__sigla": "PLE", "tipo__descricao": "Projeto de Lei do Executivo", "autoria": "Cyro Fernandes Corre\u00e2 J\u00fanior", "texto_original": "http://sapl.ivaipora.pr.leg.br/media/sapl/public/materialegislativa/2012/2181/ple-25-2012.pdf", "ementa": "Abre um Cr\u00e9dito Adicional Suplementar e d\u00e1 outras provid\u00eancias."}, {"id": "2183", "ano": "2012", "numero": "26", "tipo__sigla": "PLE", "tipo__descricao": "Projeto de Lei do Executivo", "autoria": "Cyro Fernandes Corre\u00e2 J\u00fanior", "texto_original": "http://sapl.ivaipora.pr.leg.br/media/", "ementa": "Abre um Cr\u00e9dito Adicional Especial e d\u00e1 outras provid\u00eancias."}, {"id": "2192", "ano": "2012", "numero": "27", "tipo__sigla": "PLE", "tipo__descricao": "Projeto de Lei do Executivo", "autoria": "Cyro Fernandes Corre\u00e2 J\u00fanior", "texto_original": "http://sapl.ivaipora.pr.leg.br/media/sapl/public/materialegislativa/2012/2192/ple-27-2012.pdf", "ementa": "Abre um Cr\u00e9dito Adicional Especial e d\u00e1 outras provid\u00eancias."}, {"id": "2193", "ano": "2012", "numero": "28", "tipo__sigla": "PLE", "tipo__descricao": "Projeto de Lei do Executivo", "autoria": "Cyro Fernandes Corre\u00e2 J\u00fanior", "texto_original": "http://sapl.ivaipora.pr.leg.br/media/sapl/public/materialegislativa/2012/2193/ple-28-2012.pdf", "ementa": "Abre um Cr\u00e9dito Adicional Especial e d\u00e1 outras provid\u00eancias."}, {"id": "2196", "ano": "2012", "numero": "29", "tipo__sigla": "PLE", "tipo__descricao": "Projeto de Lei do Executivo", "autoria": "Cyro Fernandes Corre\u00e2 J\u00fanior", "texto_original": "http://sapl.ivaipora.pr.leg.br/media/sapl/public/materialegislativa/2012/2196/ple-29-2012.pdf", "ementa": "Abre um Cr\u00e9dito Adicional Especial e d\u00e1 outras provid\u00eancias."}, {"id": "2197", "ano": "2012", "numero": "30", "tipo__sigla": "PLE", "tipo__descricao": "Projeto de Lei do Executivo", "autoria": "Cyro Fernandes Corre\u00e2 J\u00fanior", "texto_original": "http://sapl.ivaipora.pr.leg.br/media/sapl/public/materialegislativa/2012/2197/ple-30-2012.pdf", "ementa": "Introduz altera\u00e7\u00f5es na Lei Municipal n\u00b0 1.585/2008, de 26/11/2008, que disp\u00f5e sobre a Estrutura Administrativa da Prefeitura do Munic\u00edpio de Ivaipor\u00e3 e d\u00e1 outras provid\u00eancias."}, {"id": "2199", "ano": "2012", "numero": "31", "tipo__sigla": "PLE", "tipo__descricao": "Projeto de Lei do Executivo", "autoria": "Cyro Fernandes Corre\u00e2 J\u00fanior", "texto_original": "http://sapl.ivaipora.pr.leg.br/media/sapl/public/materialegislativa/2012/2199/ple-31-2012.pdf", "ementa": "Autoriza o Executivo Municipal a subvencionar a sociedade protetora dos animais de Ivaipor\u00e3, mediante Transfer\u00eancia Volunt\u00e1ria de Valores e d\u00e1 outras provid\u00eancias."}, {"id": "2200", "ano": "2012", "numero": "32", "tipo__sigla": "PLE", "tipo__descricao": "Projeto de Lei do Executivo", "autoria": "Cyro Fernandes Corre\u00e2 J\u00fanior", "texto_original": "http://sapl.ivaipora.pr.leg.br/media/sapl/public/materialegislativa/2012/2200/ple32-2012.pdf", "ementa": "Abre um Cr\u00e9dito Adicional Especial e d\u00e1 outras provid\u00eancias."}, {"id": "2203", "ano": "2012", "numero": "33", "tipo__sigla": "PLE", "tipo__descricao": "Projeto de Lei do Executivo", "autoria": "Cyro Fernandes Corre\u00e2 J\u00fanior", "texto_original": "http://sapl.ivaipora.pr.leg.br/media/sapl/public/materialegislativa/2012/2203/ple-33-2012.pdf", "ementa": "Abre um Cr\u00e9dito Adicional Especial e d\u00e1 outras provid\u00eancias."}, {"id": "2205", "ano": "2012", "numero": "34", "tipo__sigla": "PLE", "tipo__descricao": "Projeto de Lei do Executivo", "autoria": "Cyro Fernandes Corre\u00e2 J\u00fanior", "texto_original": "http://sapl.ivaipora.pr.leg.br/media/sapl/public/materialegislativa/2012/2205/ple-34-2012.pdf", "ementa": "Abre um Cr\u00e9dito Adicional Especial e d\u00e1 outras provid\u00eancias."}, {"id": "2207", "ano": "2012", "numero": "35", "tipo__sigla": "PLE", "tipo__descricao": "Projeto de Lei do Executivo", "autoria": "Cyro Fernandes Corre\u00e2 J\u00fanior", "texto_original": "http://sapl.ivaipora.pr.leg.br/media/sapl/public/materialegislativa/2012/2207/ple-35-2012.pdf", "ementa": "Autoriza o Executivo Municipal a permutar im\u00f3vel por execu\u00e7\u00e3o de servi\u00e7os e d\u00e1 outras provid\u00eancias."}, {"id": "2209", "ano": "2012", "numero": "36", "tipo__sigla": "PLE", "tipo__descricao": "Projeto de Lei do Executivo", "autoria": "Cyro Fernandes Corre\u00e2 J\u00fanior", "texto_original": "http://sapl.ivaipora.pr.leg.br/media/sapl/public/materialegislativa/2012/2209/ple-36-2012.pdf", "ementa": "Autoriza o parcelamento do Imposto Predial e Territorial Urbano \u2013 IPTU constitu\u00eddos at\u00e9 31 de dezembro de 2011."}, {"id": "2211", "ano": "2012", "numero": "37", "tipo__sigla": "PLE", "tipo__descricao": "Projeto de Lei do Executivo", "autoria": "Cyro Fernandes Corre\u00e2 J\u00fanior", "texto_original": "http://sapl.ivaipora.pr.leg.br/media/sapl/public/materialegislativa/2012/2211/ple-37-2012.pdf", "ementa": "Abre um Cr\u00e9dito Adicional Suplementar e d\u00e1 outras provid\u00eancias."}, {"id": "2213", "ano": "2012", "numero": "38", "tipo__sigla": "PLE", "tipo__descricao": "Projeto de Lei do Executivo", "autoria": "Cyro Fernandes Corre\u00e2 J\u00fanior", "texto_original": "http://sapl.ivaipora.pr.leg.br/media/sapl/public/materialegislativa/2012/2213/ple-38-2012.pdf", "ementa": "Abre um Cr\u00e9dito Adicional Especial e d\u00e1 outras provid\u00eancias."}, {"id": "2215", "ano": "2012", "numero": "39", "tipo__sigla": "PLE", "tipo__descricao": "Projeto de Lei do Executivo", "autoria": "Cyro Fernandes Corre\u00e2 J\u00fanior", "texto_original": "http://sapl.ivaipora.pr.leg.br/media/sapl/public/materialegislativa/2012/2215/ple-39-2012.pdf", "ementa": "Abre um Cr\u00e9dito Adicional Especial e d\u00e1 outras provid\u00eancias."}, {"id": "2218", "ano": "2012", "numero": "40", "tipo__sigla": "PLE", "tipo__descricao": "Projeto de Lei do Executivo", "autoria": "Cyro Fernandes Corre\u00e2 J\u00fanior", "texto_original": "http://sapl.ivaipora.pr.leg.br/media/sapl/public/materialegislativa/2012/2218/ple-40-2012.pdf", "ementa": "Abre um Cr\u00e9dito Adicional Especial e d\u00e1 outras provid\u00eancias."}, {"id": "2220", "ano": "2012", "numero": "41", "tipo__sigla": "PLE", "tipo__descricao": "Projeto de Lei do Executivo", "autoria": "Cyro Fernandes Corre\u00e2 J\u00fanior", "texto_original": "http://sapl.ivaipora.pr.leg.br/media/sapl/public/materialegislativa/2012/2220/ple-41-2012.pdf", "ementa": "Abre um Cr\u00e9dito Adicional Especial e d\u00e1 outras provid\u00eancias."}, {"id": "2222", "ano": "2012", "numero": "42", "tipo__sigla": "PLE", "tipo__descricao": "Projeto de Lei do Executivo", "autoria": "Cyro Fernandes Corre\u00e2 J\u00fanior", "texto_original": "http://sapl.ivaipora.pr.leg.br/media/sapl/public/materialegislativa/2012/2222/ple-42-2012.pdf", "ementa": "Abre um Cr\u00e9dito Adicional Especial e d\u00e1 outras provid\u00eancias."}, {"id": "2225", "ano": "2012", "numero": "43", "tipo__sigla": "PLE", "tipo__descricao": "Projeto de Lei do Executivo", "autoria": "Cyro Fernandes Corre\u00e2 J\u00fanior", "texto_original": "http://sapl.ivaipora.pr.leg.br/media/sapl/public/materialegislativa/2012/2225/ple-43-2012.pdf", "ementa": "Abre um Cr\u00e9dito Adicional Especial e d\u00e1 outras provid\u00eancias."}, {"id": "2226", "ano": "2012", "numero": "44", "tipo__sigla": "PLE", "tipo__descricao": "Projeto de Lei do Executivo", "autoria": "Cyro Fernandes Corre\u00e2 J\u00fanior", "texto_original": "http://sapl.ivaipora.pr.leg.br/media/sapl/public/materialegislativa/2012/2226/ple-44-2012.pdf", "ementa": "Abre um Cr\u00e9dito Adicional Especial e d\u00e1 outras provid\u00eancias."}, {"id": "2228", "ano": "2012", "numero": "45", "tipo__sigla": "PLE", "tipo__descricao": "Projeto de Lei do Executivo", "autoria": "Cyro Fernandes Corre\u00e2 J\u00fanior", "texto_original": "http://sapl.ivaipora.pr.leg.br/media/sapl/public/materialegislativa/2012/2228/ple-45-2012.pdf", "ementa": "Abre um Cr\u00e9dito Adicional Suplementar e d\u00e1 outras provid\u00eancias."}, {"id": "2229", "ano": "2012", "numero": "46", "tipo__sigla": "PLE", "tipo__descricao": "Projeto de Lei do Executivo", "autoria": "Cyro Fernandes Corre\u00e2 J\u00fanior", "texto_original": "http://sapl.ivaipora.pr.leg.br/media/sapl/public/materialegislativa/2012/2229/ple-46-2012.pdf", "ementa": "Abre um Cr\u00e9dito Adicional Suplementar e d\u00e1 outras provid\u00eancias."}, {"id": "2230", "ano": "2012", "numero": "47", "tipo__sigla": "PLE", "tipo__descricao": "Projeto de Lei do Executivo", "autoria": "Cyro Fernandes Corre\u00e2 J\u00fanior", "texto_original": "http://sapl.ivaipora.pr.leg.br/media/sapl/public/materialegislativa/2012/2230/ple-47-2012.pdf", "ementa": "Abre um Cr\u00e9dito Adicional Especial e d\u00e1 outras provid\u00eancias."}, {"id": "2231", "ano": "2012", "numero": "48", "tipo__sigla": "PLE", "tipo__descricao": "Projeto de Lei do Executivo", "autoria": "Cyro Fernandes Corre\u00e2 J\u00fanior", "texto_original": "http://sapl.ivaipora.pr.leg.br/media/sapl/public/materialegislativa/2012/2231/ple-48-2012.pdf", "ementa": "Disp\u00f5e sobre as Diretrizes para a Elabora\u00e7\u00e3o da Lei Or\u00e7ament\u00e1ria do Munic\u00edpio de Ivaipor\u00e3, Estado do Paran\u00e1, para o exerc\u00edcio financeiro de 2013, e d\u00e1 outras provid\u00eancias."}, {"id": "2232", "ano": "2012", "numero": "49", "tipo__sigla": "PLE", "tipo__descricao": "Projeto de Lei do Executivo", "autoria": "Cyro Fernandes Corre\u00e2 J\u00fanior", "texto_original": "http://sapl.ivaipora.pr.leg.br/media/sapl/public/materialegislativa/2012/2232/ple-49-2012.pdf", "ementa": "Abre um Cr\u00e9dito Suplementar Especial e d\u00e1 outras provid\u00eancias."}, {"id": "2233", "ano": "2012", "numero": "50", "tipo__sigla": "PLE", "tipo__descricao": "Projeto de Lei do Executivo", "autoria": "Cyro Fernandes Corre\u00e2 J\u00fanior", "texto_original": "http://sapl.ivaipora.pr.leg.br/media/sapl/public/materialegislativa/2012/2233/ple-50-2012.pdf", "ementa": "Abre um Cr\u00e9dito Especial e d\u00e1 outras provid\u00eancias."}, {"id": "2234", "ano": "2012", "numero": "51", "tipo__sigla": "PLE", "tipo__descricao": "Projeto de Lei do Executivo", "autoria": "Cyro Fernandes Corre\u00e2 J\u00fanior", "texto_original": "http://sapl.ivaipora.pr.leg.br/media/", "ementa": "Disp\u00f5e sobre a altera\u00e7\u00e3o de carga hor\u00e1ria de cargos constantes na Lei Municipal n\u00b0 1.269/2005, de 16/5/2005, Lei Municipal n\u00b0 1.457/2007, de 8/11/2007 e Lei Municipal n\u00b0 1.585/2008, de 26/11/2008 e d\u00e1 outras provid\u00eancias."}, {"id": "2235", "ano": "2012", "numero": "52", "tipo__sigla": "PLE", "tipo__descricao": "Projeto de Lei do Executivo", "autoria": "Cyro Fernandes Corre\u00e2 J\u00fanior", "texto_original": "http://sapl.ivaipora.pr.leg.br/media/sapl/public/materialegislativa/2012/2235/ple-52-2012.pdf", "ementa": "Abre um Cr\u00e9dito Adicional Especial Suplementar e d\u00e1 outras provid\u00eancias."}, {"id": "2236", "ano": "2012", "numero": "53", "tipo__sigla": "PLE", "tipo__descricao": "Projeto de Lei do Executivo", "autoria": "Cyro Fernandes Corre\u00e2 J\u00fanior", "texto_original": "http://sapl.ivaipora.pr.leg.br/media/sapl/public/materialegislativa/2012/2236/ple-53-2012.pdf", "ementa": "Abre um Cr\u00e9dito Adicional Especial e d\u00e1 outras provid\u00eancias."}, {"id": "2237", "ano": "2012", "numero": "55", "tipo__sigla": "PLE", "tipo__descricao": "Projeto de Lei do Executivo", "autoria": "Cyro Fernandes Corre\u00e2 J\u00fanior", "texto_original": "http://sapl.ivaipora.pr.leg.br/media/sapl/public/materialegislativa/2012/2237/ple-55-2012.pdf", "ementa": "Acrescenta par\u00e1grafo \u00fanico ao art. 1\u00ba da Lei Municipal n\u00ba 1.880, de 7 de dezembro de 2010."}, {"id": "2238", "ano": "2012", "numero": "57", "tipo__sigla": "PLE", "tipo__descricao": "Projeto de Lei do Executivo", "autoria": "Cyro Fernandes Corre\u00e2 J\u00fanior", "texto_original": "http://sapl.ivaipora.pr.leg.br/media/sapl/public/materialegislativa/2012/2238/ple-57-2012.pdf", "ementa": "Abre um Cr\u00e9dito Adicional Especial e d\u00e1 outras provid\u00eancias."}, {"id": "2239", "ano": "2012", "numero": "58", "tipo__sigla": "PLE", "tipo__descricao": "Projeto de Lei do Executivo", "autoria": "Cyro Fernandes Corre\u00e2 J\u00fanior", "texto_original": "http://sapl.ivaipora.pr.leg.br/media/sapl/public/materialegislativa/2012/2239/ple-58-2012.pdf", "ementa": "Abre um Cr\u00e9dito Adicional Especial e d\u00e1 outras provid\u00eancias."}, {"id": "2240", "ano": "2012", "numero": "59", "tipo__sigla": "PLE", "tipo__descricao": "Projeto de Lei do Executivo", "autoria": "Cyro Fernandes Corre\u00e2 J\u00fanior", "texto_original": "http://sapl.ivaipora.pr.leg.br/media/sapl/public/materialegislativa/2012/2240/ple-59-2012.pdf", "ementa": "Disp\u00f5e sobre a loca\u00e7\u00e3o e posterior concess\u00e3o de uso de im\u00f3vel, em car\u00e1ter excepcional, mediante loca\u00e7\u00e3o de pr\u00e9dio e/ou barrac\u00e3o, conforme disp\u00f5e o art. 41, da Lei Municipal n\u00b0 1.940, de 19/04/2011, ainda, de encontro com a Pol\u00edtica Agr\u00edcola estabelecida na Lei Org\u00e2ncia do Munic\u00edpio de Ivaipor\u00e3/PR e d\u00e1 outras provid\u00eancias."}, {"id": "2241", "ano": "2012", "numero": "60", "tipo__sigla": "PLE", "tipo__descricao": "Projeto de Lei do Executivo", "autoria": "Cyro Fernandes Corre\u00e2 J\u00fanior", "texto_original": "http://sapl.ivaipora.pr.leg.br/media/sapl/public/materialegislativa/2012/2241/ple-60-2012.pdf", "ementa": "Abre um Cr\u00e9dito Adicional Especial e d\u00e1 outras provid\u00eancias."}, {"id": "2242", "ano": "2012", "numero": "61", "tipo__sigla": "PLE", "tipo__descricao": "Projeto de Lei do Executivo", "autoria": "Cyro Fernandes Corre\u00e2 J\u00fanior", "texto_original": "http://sapl.ivaipora.pr.leg.br/media/sapl/public/materialegislativa/2012/2242/ple-61-2012.pdf", "ementa": "Abre um Cr\u00e9dito Adicional Especial e d\u00e1 outras provid\u00eancias."}, {"id": "2243", "ano": "2012", "numero": "62", "tipo__sigla": "PLE", "tipo__descricao": "Projeto de Lei do Executivo", "autoria": "Cyro Fernandes Corre\u00e2 J\u00fanior", "texto_original": "http://sapl.ivaipora.pr.leg.br/media/sapl/public/materialegislativa/2012/2243/ple-62-2012.pdf", "ementa": "Abre um Cr\u00e9dito Adicional Especial e d\u00e1 outras provid\u00eancias."}, {"id": "2244", "ano": "2012", "numero": "63", "tipo__sigla": "PLE", "tipo__descricao": "Projeto de Lei do Executivo", "autoria": "Cyro Fernandes Corre\u00e2 J\u00fanior", "texto_original": "http://sapl.ivaipora.pr.leg.br/media/sapl/public/materialegislativa/2012/2244/ple-63-2012.pdf", "ementa": "Abre um Cr\u00e9dito Adicional Especial e d\u00e1 outras provid\u00eancias."}, {"id": "2245", "ano": "2012", "numero": "64", "tipo__sigla": "PLE", "tipo__descricao": "Projeto de Lei do Executivo", "autoria": "Cyro Fernandes Corre\u00e2 J\u00fanior", "texto_original": "http://sapl.ivaipora.pr.leg.br/media/sapl/public/materialegislativa/2012/2245/ple-64-2012.pdf", "ementa": "Abre um Cr\u00e9dito Adicional Especial e d\u00e1 outras provid\u00eancias."}, {"id": "2246", "ano": "2012", "numero": "65", "tipo__sigla": "PLE", "tipo__descricao": "Projeto de Lei do Executivo", "autoria": "Cyro Fernandes Corre\u00e2 J\u00fanior", "texto_original": "http://sapl.ivaipora.pr.leg.br/media/sapl/public/materialegislativa/2012/2246/ple-65-2012.pdf", "ementa": "Abre um Cr\u00e9dito Adicional Especial e d\u00e1 outras provid\u00eancias."}, {"id": "2247", "ano": "2012", "numero": "66", "tipo__sigla": "PLE", "tipo__descricao": "Projeto de Lei do Executivo", "autoria": "Cyro Fernandes Corre\u00e2 J\u00fanior", "texto_original": "http://sapl.ivaipora.pr.leg.br/media/sapl/public/materialegislativa/2012/2247/ple-66-2012.pdf", "ementa": "Abre um Cr\u00e9dito Adicional Especial e d\u00e1 outras provid\u00eancias."}, {"id": "2248", "ano": "2012", "numero": "67", "tipo__sigla": "PLE", "tipo__descricao": "Projeto de Lei do Executivo", "autoria": "Cyro Fernandes Corre\u00e2 J\u00fanior", "texto_original": "http://sapl.ivaipora.pr.leg.br/media/sapl/public/materialegislativa/2012/2248/ple-67-2012.pdf", "ementa": "Abre um Cr\u00e9dito Adicional Especial e d\u00e1 outras provid\u00eancias."}, {"id": "2249", "ano": "2012", "numero": "68", "tipo__sigla": "PLE", "tipo__descricao": "Projeto de Lei do Executivo", "autoria": "Cyro Fernandes Corre\u00e2 J\u00fanior", "texto_original": "http://sapl.ivaipora.pr.leg.br/media/sapl/public/materialegislativa/2012/2249/ple-68-2012.pdf", "ementa": "Abre um Cr\u00e9dito Adicional Especial e d\u00e1 outras provid\u00eancias."}, {"id": "2250", "ano": "2012", "numero": "69", "tipo__sigla": "PLE", "tipo__descricao": "Projeto de Lei do Executivo", "autoria": "Cyro Fernandes Corre\u00e2 J\u00fanior", "texto_original": "http://sapl.ivaipora.pr.leg.br/media/sapl/public/materialegislativa/2012/2250/ple-69-2012.pdf", "ementa": "Reformula e altera a reda\u00e7\u00e3o da Lei Municipal n\u00b0 2.138, de 23/4/2012, extingue cargos em confian\u00e7a e introduz altera\u00e7\u00f5es na Lei Municipal n\u00b0 1.585, de 26/11/2008, que disp\u00f5e sobre a Estrutura Administrativa da Prefeitura do Munic\u00edpio de Ivaipor\u00e3, e d\u00e1 outras provid\u00eancias."}, {"id": "2251", "ano": "2012", "numero": "70", "tipo__sigla": "PLE", "tipo__descricao": "Projeto de Lei do Executivo", "autoria": "Cyro Fernandes Corre\u00e2 J\u00fanior", "texto_original": "http://sapl.ivaipora.pr.leg.br/media/sapl/public/materialegislativa/2012/2251/ple-70-2012.pdf", "ementa": "Abre um Cr\u00e9dito Adicional Suplementar e d\u00e1 outras provid\u00eancias."}, {"id": "2252", "ano": "2012", "numero": "71", "tipo__sigla": "PLE", "tipo__descricao": "Projeto de Lei do Executivo", "autoria": "Cyro Fernandes Corre\u00e2 J\u00fanior", "texto_original": "http://sapl.ivaipora.pr.leg.br/media/sapl/public/materialegislativa/2012/2252/ple-71-2012.pdf", "ementa": "Abre um Cr\u00e9dito Adicional Suplementar        e d\u00e1 outras provid\u00eancias."}, {"id": "2253", "ano": "2012", "numero": "72", "tipo__sigla": "PLE", "tipo__descricao": "Projeto de Lei do Executivo", "autoria": "Cyro Fernandes Corre\u00e2 J\u00fanior", "texto_original": "http://sapl.ivaipora.pr.leg.br/media/sapl/public/materialegislativa/2012/2253/ple-72-2012.pdf", "ementa": "Abre um Cr\u00e9dito Adicional Especial e d\u00e1 outras provid\u00eancias."}, {"id": "2255", "ano": "2012", "numero": "73", "tipo__sigla": "PLE", "tipo__descricao": "Projeto de Lei do Executivo", "autoria": "Cyro Fernandes Corre\u00e2 J\u00fanior", "texto_original": "http://sapl.ivaipora.pr.leg.br/media/sapl/public/materialegislativa/2012/2255/ple-73-2012.pdf", "ementa": "Abre um Cr\u00e9dito Adicional Especial e d\u00e1 outras provid\u00eancias."}, {"id": "2256", "ano": "2012", "numero": "74", "tipo__sigla": "PLE", "tipo__descricao": "Projeto de Lei do Executivo", "autoria": "Cyro Fernandes Corre\u00e2 J\u00fanior", "texto_original": "http://sapl.ivaipora.pr.leg.br/media/sapl/public/materialegislativa/2012/2256/ple-74-2012.pdf", "ementa": "Abre um Cr\u00e9dito Adicional Suplementar e d\u00e1 outras provid\u00eancias."}, {"id": "2257", "ano": "2012", "numero": "75", "tipo__sigla": "PLE", "tipo__descricao": "Projeto de Lei do Executivo", "autoria": "Cyro Fernandes Corre\u00e2 J\u00fanior", "texto_original": "http://sapl.ivaipora.pr.leg.br/media/sapl/public/materialegislativa/2012/2257/ple-75-2012.pdf", "ementa": "Amplia o n\u00famero de vagas do cargo de MERENDEIRA, constante no Quadro de Cargos do Pessoal Efetivo do Munic\u00edpio de Ivaipor\u00e3, Estado do Paran\u00e1."}, {"id": "2259", "ano": "2012", "numero": "76", "tipo__sigla": "PLE", "tipo__descricao": "Projeto de Lei do Executivo", "autoria": "Cyro Fernandes Corre\u00e2 J\u00fanior", "texto_original": "http://sapl.ivaipora.pr.leg.br/media/sapl/public/materialegislativa/2012/2259/ple-76-2012.pdf", "ementa": "Reformula a reda\u00e7\u00e3o da Lei Municipal n\u00ba 2.096, de 19 de dezembro de 2011."}, {"id": "2260", "ano": "2012", "numero": "77", "tipo__sigla": "PLE", "tipo__descricao": "Projeto de Lei do Executivo", "autoria": "Cyro Fernandes Corre\u00e2 J\u00fanior", "texto_original": "http://sapl.ivaipora.pr.leg.br/media/sapl/public/materialegislativa/2012/2260/ple-77-2012.pdf", "ementa": "Altera os sal\u00e1rios dos ocupantes dos cargos de Auxiliar de Enfermagem e Agente Comunit\u00e1rio de Sa\u00fade, constantes do quadro de pessoal celetista."}, {"id": "2261", "ano": "2012", "numero": "78", "tipo__sigla": "PLE", "tipo__descricao": "Projeto de Lei do Executivo", "autoria": "Cyro Fernandes Corre\u00e2 J\u00fanior", "texto_original": "http://sapl.ivaipora.pr.leg.br/media/sapl/public/materialegislativa/2012/2261/ple-78-2012.pdf", "ementa": "Cria o Programa de Sa\u00fade do Adolescente no \u00e2mbito do Munic\u00edpio de Ivaipor\u00e3 - Estado do Paran\u00e1."}, {"id": "2262", "ano": "2012", "numero": "79", "tipo__sigla": "PLE", "tipo__descricao": "Projeto de Lei do Executivo", "autoria": "Cyro Fernandes Corre\u00e2 J\u00fanior", "texto_original": "http://sapl.ivaipora.pr.leg.br/media/", "ementa": "Disp\u00f5e sobre a loca\u00e7\u00e3o e posterior concess\u00e3o do uso de im\u00f3vel, em car\u00e1ter excepcional, mediante loca\u00e7\u00e3o de pr\u00e9dio e/ou barrac\u00e3o, conforme disp\u00f5e o art. 41, da Lei Municipal n\u00ba 1.940, de 19/04/2011 e d\u00e1 outras provid\u00eancias."}, {"id": "2263", "ano": "2012", "numero": "80", "tipo__sigla": "PLE", "tipo__descricao": "Projeto de Lei do Executivo", "autoria": "Cyro Fernandes Corre\u00e2 J\u00fanior", "texto_original": "http://sapl.ivaipora.pr.leg.br/media/sapl/public/materialegislativa/2012/2263/ple-80-2012.pdf", "ementa": "Abre um Cr\u00e9dito Adicional Suplementar        e d\u00e1 outras provid\u00eancias."}, {"id": "2264", "ano": "2012", "numero": "81", "tipo__sigla": "PLE", "tipo__descricao": "Projeto de Lei do Executivo", "autoria": "Cyro Fernandes Corre\u00e2 J\u00fanior", "texto_original": "http://sapl.ivaipora.pr.leg.br/media/sapl/public/materialegislativa/2012/2264/ple-81-2012.pdf", "ementa": "Abre um Cr\u00e9dito Adicional Suplementar e d\u00e1 outras provid\u00eancias."}, {"id": "2265", "ano": "2012", "numero": "82", "tipo__sigla": "PLE", "tipo__descricao": "Projeto de Lei do Executivo", "autoria": "Cyro Fernandes Corre\u00e2 J\u00fanior", "texto_original": "http://sapl.ivaipora.pr.leg.br/media/sapl/public/materialegislativa/2012/2265/ple-82-2012.pdf", "ementa": "Abre um Cr\u00e9dito Adicional Suplementar e d\u00e1 outras provid\u00eancias."}, {"id": "2266", "ano": "2012", "numero": "83", "tipo__sigla": "PLE", "tipo__descricao": "Projeto de Lei do Executivo", "autoria": "Cyro Fernandes Corre\u00e2 J\u00fanior", "texto_original": "http://sapl.ivaipora.pr.leg.br/media/sapl/public/materialegislativa/2012/2266/ple-83-2012.pdf", "ementa": "Abre um Cr\u00e9dito Adicional Suplementar e d\u00e1 outras provid\u00eancias."}, {"id": "2267", "ano": "2012", "numero": "84", "tipo__sigla": "PLE", "tipo__descricao": "Projeto de Lei do Executivo", "autoria": "Cyro Fernandes Corre\u00e2 J\u00fanior", "texto_original": "http://sapl.ivaipora.pr.leg.br/media/sapl/public/materialegislativa/2012/2267/ple-84-2012.pdf", "ementa": "Abre um Cr\u00e9dito Adicional Especial e d\u00e1 outras provid\u00eancias."}, {"id": "2268", "ano": "2012", "numero": "85", "tipo__sigla": "PLE", "tipo__descricao": "Projeto de Lei do Executivo", "autoria": "Cyro Fernandes Corre\u00e2 J\u00fanior", "texto_original": "http://sapl.ivaipora.pr.leg.br/media/sapl/public/materialegislativa/2012/2268/ple-85-2012.pdf", "ementa": "Abre um Cr\u00e9dito Adicional Suplementar e d\u00e1 outras provid\u00eancias."}, {"id": "2269", "ano": "2012", "numero": "86", "tipo__sigla": "PLE", "tipo__descricao": "Projeto de Lei do Executivo", "autoria": "Cyro Fernandes Corre\u00e2 J\u00fanior", "texto_original": "http://sapl.ivaipora.pr.leg.br/media/sapl/public/materialegislativa/2012/2269/ple-86-2012.pdf", "ementa": "Disp\u00f5e sobre a Cess\u00e3o de Direito de Uso de Im\u00f3vel que especifica \u00e0 empresa M. NUNES MARINHO \u2013 PNEUS, mediante observ\u00e2ncia a Lei Municipal n\u00b0 1.940, de 19/4/2011, e d\u00e1 outras provid\u00eancias."}, {"id": "2274", "ano": "2012", "numero": "89", "tipo__sigla": "PLE", "tipo__descricao": "Projeto de Lei do Executivo", "autoria": "Cyro Fernandes Corre\u00e2 J\u00fanior", "texto_original": "http://sapl.ivaipora.pr.leg.br/media/sapl/public/materialegislativa/2012/2274/ple-89-2012.pdf", "ementa": "Abre um Cr\u00e9dito Adicional Especial e d\u00e1 outras provid\u00eancias."}, {"id": "2276", "ano": "2012", "numero": "90", "tipo__sigla": "PLE", "tipo__descricao": "Projeto de Lei do Executivo", "autoria": "Cyro Fernandes Corre\u00e2 J\u00fanior", "texto_original": "http://sapl.ivaipora.pr.leg.br/media/sapl/public/materialegislativa/2012/2276/ple-90-2012.pdf", "ementa": "Abre um Cr\u00e9dito Adicional Suplementar        e d\u00e1 outras provid\u00eancias."}, {"id": "2277", "ano": "2012", "numero": "91", "tipo__sigla": "PLE", "tipo__descricao": "Projeto de Lei do Executivo", "autoria": "Cyro Fernandes Corre\u00e2 J\u00fanior", "texto_original": "http://sapl.ivaipora.pr.leg.br/media/sapl/public/materialegislativa/2012/2277/ple-91-2012.pdf", "ementa": "Abre um Cr\u00e9dito Adicional Especial e d\u00e1 outras provid\u00eancias."}, {"id": "2280", "ano": "2012", "numero": "92", "tipo__sigla": "PLE", "tipo__descricao": "Projeto de Lei do Executivo", "autoria": "Cyro Fernandes Corre\u00e2 J\u00fanior", "texto_original": "http://sapl.ivaipora.pr.leg.br/media/sapl/public/materialegislativa/2012/2280/ple-92-2012.pdf", "ementa": "Abre um Cr\u00e9dito Adicional Suplementar e d\u00e1 outras provid\u00eancias."}, {"id": "2285", "ano": "2012", "numero": "93", "tipo__sigla": "PLE", "tipo__descricao": "Projeto de Lei do Executivo", "autoria": "Cyro Fernandes Corre\u00e2 J\u00fanior", "texto_original": "http://sapl.ivaipora.pr.leg.br/media/sapl/public/materialegislativa/2012/2285/ple-93-2012.pdf", "ementa": "Abre um Cr\u00e9dito Adicional Especial e d\u00e1 outras provid\u00eancias."}, {"id": "2286", "ano": "2012", "numero": "94", "tipo__sigla": "PLE", "tipo__descricao": "Projeto de Lei do Executivo", "autoria": "Cyro Fernandes Corre\u00e2 J\u00fanior", "texto_original": "http://sapl.ivaipora.pr.leg.br/media/sapl/public/materialegislativa/2012/2286/ple-94-2012.pdf", "ementa": "Abre um Cr\u00e9dito Adicional Suplementar e d\u00e1 outras provid\u00eancias."}, {"id": "2290", "ano": "2012", "numero": "95", "tipo__sigla": "PLE", "tipo__descricao": "Projeto de Lei do Executivo", "autoria": "Cyro Fernandes Corre\u00e2 J\u00fanior", "texto_original": "http://sapl.ivaipora.pr.leg.br/media/sapl/public/materialegislativa/2012/2290/ple-95-2012.pdf", "ementa": "Abre um Cr\u00e9dito Adicional Suplementar e d\u00e1 outras provid\u00eancias."}, {"id": "2296", "ano": "2012", "numero": "96", "tipo__sigla": "PLE", "tipo__descricao": "Projeto de Lei do Executivo", "autoria": "Cyro Fernandes Corre\u00e2 J\u00fanior", "texto_original": "http://sapl.ivaipora.pr.leg.br/media/sapl/public/materialegislativa/2012/2296/ple-96-2012.pdf", "ementa": "Autoriza o Executivo Municipal a fazer contribui\u00e7\u00e3o financeira ao CONS\u00d3RCIO P\u00daBLICO INTERMUNICIPAL REGIONAL PARA DESENVOLVIMENTO RURAL E URBANO SUSTENT\u00c1VEL DO VALE DO IVA\u00cd, e d\u00e1 outras provid\u00eancias."}, {"id": "2300", "ano": "2012", "numero": "97", "tipo__sigla": "PLE", "tipo__descricao": "Projeto de Lei do Executivo", "autoria": "Cyro Fernandes Corre\u00e2 J\u00fanior", "texto_original": "http://sapl.ivaipora.pr.leg.br/media/sapl/public/materialegislativa/2012/2300/ple-97-2012.pdf", "ementa": "Abre um Cr\u00e9dito Adicional Especial e d\u00e1 outras provid\u00eancias."}, {"id": "2303", "ano": "2012", "numero": "98", "tipo__sigla": "PLE", "tipo__descricao": "Projeto de Lei do Executivo", "autoria": "Cyro Fernandes Corre\u00e2 J\u00fanior", "texto_original": "http://sapl.ivaipora.pr.leg.br/media/sapl/public/materialegislativa/2012/2303/ple-98-2012.pdf", "ementa": "Abre um Cr\u00e9dito Adicional Suplementar e d\u00e1 outras provid\u00eancias."}, {"id": "2306", "ano": "2012", "numero": "99", "tipo__sigla": "PLE", "tipo__descricao": "Projeto de Lei do Executivo", "autoria": "Cyro Fernandes Corre\u00e2 J\u00fanior", "texto_original": "http://sapl.ivaipora.pr.leg.br/media/sapl/public/materialegislativa/2012/2306/ple-99-2012.pdf", "ementa": "Autoriza o Executivo Municipal a subvencionar a ASSOCIA\u00c7\u00c3O DE PAIS E AMIGOS DOS EXCEPCIONAIS DE IVAIPOR\u00c3 \u2013 APAE."}, {"id": "2309", "ano": "2012", "numero": "100", "tipo__sigla": "PLE", "tipo__descricao": "Projeto de Lei do Executivo", "autoria": "Cyro Fernandes Corre\u00e2 J\u00fanior", "texto_original": "http://sapl.ivaipora.pr.leg.br/media/sapl/public/materialegislativa/2012/2309/ple-100-2012.pdf", "ementa": "Abre um Cr\u00e9dito Adicional Especial e d\u00e1 outras provid\u00eancias."}, {"id": "2316", "ano": "2012", "numero": "101", "tipo__sigla": "PLE", "tipo__descricao": "Projeto de Lei do Executivo", "autoria": "Cyro Fernandes Corre\u00e2 J\u00fanior", "texto_original": "http://sapl.ivaipora.pr.leg.br/media/sapl/public/materialegislativa/2012/2316/ple-101-2012.pdf", "ementa": "Abre um Cr\u00e9dito Adicional Especial e d\u00e1 outras provid\u00eancias."}, {"id": "2319", "ano": "2012", "numero": "102", "tipo__sigla": "PLE", "tipo__descricao": "Projeto de Lei do Executivo", "autoria": "Cyro Fernandes Corre\u00e2 J\u00fanior", "texto_original": "http://sapl.ivaipora.pr.leg.br/media/sapl/public/materialegislativa/2012/2319/ple-102-2012.pdf", "ementa": "Abre um Cr\u00e9dito Adicional Especial e d\u00e1 outras provid\u00eancias."}, {"id": "2320", "ano": "2012", "numero": "103", "tipo__sigla": "PLE", "tipo__descricao": "Projeto de Lei do Executivo", "autoria": "Cyro Fernandes Corre\u00e2 J\u00fanior", "texto_original": "http://sapl.ivaipora.pr.leg.br/media/sapl/public/materialegislativa/2012/2320/ple-103-2012.pdf", "ementa": "Abre um Cr\u00e9dito Adicional Suplementar        e d\u00e1 outras provid\u00eancias."}, {"id": "2324", "ano": "2012", "numero": "104", "tipo__sigla": "PLE", "tipo__descricao": "Projeto de Lei do Executivo", "autoria": "Cyro Fernandes Corre\u00e2 J\u00fanior", "texto_original": "http://sapl.ivaipora.pr.leg.br/media/sapl/public/materialegislativa/2012/2324/ple-104-2012.pdf", "ementa": "Abre um Cr\u00e9dito Adicional Suplementar        e d\u00e1 outras provid\u00eancias."}, {"id": "2327", "ano": "2012", "numero": "105", "tipo__sigla": "PLE", "tipo__descricao": "Projeto de Lei do Executivo", "autoria": "Cyro Fernandes Corre\u00e2 J\u00fanior", "texto_original": "http://sapl.ivaipora.pr.leg.br/media/sapl/public/materialegislativa/2012/2327/ple-105-2012.pdf", "ementa": "Institui o programa de incentivo ao est\u00e1gio no \u00e2mbito da administra\u00e7\u00e3o p\u00fablica municipal em conson\u00e2ncia com a Lei Federal n\u00b0 11.788, de 25/9/2008, e d\u00e1 outras provid\u00eancias."}, {"id": "2355", "ano": "2012", "numero": "106", "tipo__sigla": "PLE", "tipo__descricao": "Projeto de Lei do Executivo", "autoria": "Cyro Fernandes Corre\u00e2 J\u00fanior", "texto_original": "http://sapl.ivaipora.pr.leg.br/media/sapl/public/materialegislativa/2012/2355/ple-106-2012.pdf", "ementa": "Abre um Cr\u00e9dito Adicional Especial e d\u00e1 outras provid\u00eancias."}, {"id": "2360", "ano": "2012", "numero": "107", "tipo__sigla": "PLE", "tipo__descricao": "Projeto de Lei do Executivo", "autoria": "Cyro Fernandes Corre\u00e2 J\u00fanior", "texto_original": "http://sapl.ivaipora.pr.leg.br/media/sapl/public/materialegislativa/2012/2360/ple-107-2012.pdf", "ementa": "Disp\u00f5e sobre a Concess\u00e3o de Direito Real de Uso de Im\u00f3vel que espec\u00edfica ao SR. GIVALDO JO\u00c3O DA SILVA, mediante observ\u00e2ncia a Lei Municipal n\u00b0 1.940, de 19/4/2011 e d\u00e1 outras provid\u00eancias."}, {"id": "2363", "ano": "2012", "numero": "108", "tipo__sigla": "PLE", "tipo__descricao": "Projeto de Lei do Executivo", "autoria": "Cyro Fernandes Corre\u00e2 J\u00fanior", "texto_original": "http://sapl.ivaipora.pr.leg.br/media/sapl/public/materialegislativa/2012/2363/ple-108-2012.pdf", "ementa": "Abre um Cr\u00e9dito Adicional Suplementar e d\u00e1 outras provid\u00eancias."}, {"id": "2365", "ano": "2012", "numero": "109", "tipo__sigla": "PLE", "tipo__descricao": "Projeto de Lei do Executivo", "autoria": "Cyro Fernandes Corre\u00e2 J\u00fanior", "texto_original": "http://sapl.ivaipora.pr.leg.br/media/sapl/public/materialegislativa/2012/2365/ple-109-2012.pdf", "ementa": "Abre um Cr\u00e9dito Adicional Suplementar        e d\u00e1 outras provid\u00eancias."}, {"id": "2366", "ano": "2012", "numero": "110", "tipo__sigla": "PLE", "tipo__descricao": "Projeto de Lei do Executivo", "autoria": "Cyro Fernandes Corre\u00e2 J\u00fanior", "texto_original": "http://sapl.ivaipora.pr.leg.br/media/sapl/public/materialegislativa/2012/2366/ple-110-2012.pdf", "ementa": "Abre um Cr\u00e9dito Adicional Suplementar e d\u00e1 outras provid\u00eancias."}, {"id": "2367", "ano": "2012", "numero": "111", "tipo__sigla": "PLE", "tipo__descricao": "Projeto de Lei do Executivo", "autoria": "Cyro Fernandes Corre\u00e2 J\u00fanior", "texto_original": "http://sapl.ivaipora.pr.leg.br/media/sapl/public/materialegislativa/2012/2367/ple-111-2012.pdf", "ementa": "Disp\u00f5e sobre a Concess\u00e3o de Direito Real de Uso de Im\u00f3vel que especifica \u00e0 empresa MARMORARIA ALTO POR\u00c3 LTDA - ME, mediante observ\u00e2ncia a Lei Municipal n\u00b0 1.940, de 19/4/2011, e d\u00e1 outras provid\u00eancias."}, {"id": "2369", "ano": "2012", "numero": "112", "tipo__sigla": "PLE", "tipo__descricao": "Projeto de Lei do Executivo", "autoria": "Cyro Fernandes Corre\u00e2 J\u00fanior", "texto_original": "http://sapl.ivaipora.pr.leg.br/media/sapl/public/materialegislativa/2012/2369/ple-112-2012.pdf", "ementa": "Cria Rua que especifica e d\u00e1 outras provid\u00eancias."}, {"id": "2371", "ano": "2012", "numero": "114", "tipo__sigla": "PLE", "tipo__descricao": "Projeto de Lei do Executivo", "autoria": "Cyro Fernandes Corre\u00e2 J\u00fanior", "texto_original": "http://sapl.ivaipora.pr.leg.br/media/", "ementa": "Estima a Receita e fixa a Despesa do Munic\u00edpio de Ivaipor\u00e3, para o exerc\u00edcio de 2013."}, {"id": "2372", "ano": "2012", "numero": "115", "tipo__sigla": "PLE", "tipo__descricao": "Projeto de Lei do Executivo", "autoria": "Cyro Fernandes Corre\u00e2 J\u00fanior", "texto_original": "http://sapl.ivaipora.pr.leg.br/media/sapl/public/materialegislativa/2012/2372/ple-115-2012.pdf", "ementa": "Autoriza a abertura de Cr\u00e9ditos Adicionais   Suplementares e d\u00e1 outras provid\u00eancias."}, {"id": "2374", "ano": "2012", "numero": "116", "tipo__sigla": "PLE", "tipo__descricao": "Projeto de Lei do Executivo", "autoria": "Cyro Fernandes Corre\u00e2 J\u00fanior", "texto_original": "http://sapl.ivaipora.pr.leg.br/media/sapl/public/materialegislativa/2012/2374/ple-116-2012.pdf", "ementa": "Abre um Cr\u00e9dito Adicional Especial e d\u00e1 outras provid\u00eancias."}, {"id": "2380", "ano": "2012", "numero": "117", "tipo__sigla": "PLE", "tipo__descricao": "Projeto de Lei do Executivo", "autoria": "Luiz Ant\u00f4nio Duarte", "texto_original": "http://sapl.ivaipora.pr.leg.br/media/sapl/public/materialegislativa/2012/2380/ple-117-2012.pdf", "ementa": "Autoriza o Executivo Municipal a subvencionar o ALBERGUE BOM SAMARITANO DE IVAIPOR\u00c3, mediante Transfer\u00eancia Volunt\u00e1ria de Valores e d\u00e1 outras provid\u00eancias."}, {"id": "2378", "ano": "2012", "numero": "118", "tipo__sigla": "PLE", "tipo__descricao": "Projeto de Lei do Executivo", "autoria": "Luiz Ant\u00f4nio Duarte", "texto_original": "http://sapl.ivaipora.pr.leg.br/media/sapl/public/materialegislativa/2012/2378/ple-118-2012.pdf", "ementa": "Abre um Cr\u00e9dito Adicional Suplementar e d\u00e1 outras provid\u00eancias."}, {"id": "2383", "ano": "2012", "numero": "119", "tipo__sigla": "PLE", "tipo__descricao": "Projeto de Lei do Executivo", "autoria": "Luiz Ant\u00f4nio Duarte", "texto_original": "http://sapl.ivaipora.pr.leg.br/media/sapl/public/materialegislativa/2012/2383/ple-119-2012.pdf", "ementa": "Abre um Cr\u00e9dito Adicional Suplementar e d\u00e1 outras provid\u00eancias."}, {"id": "2385", "ano": "2012", "numero": "120", "tipo__sigla": "PLE", "tipo__descricao": "Projeto de Lei do Executivo", "autoria": "Luiz Ant\u00f4nio Duarte", "texto_original": "http://sapl.ivaipora.pr.leg.br/media/sapl/public/materialegislativa/2012/2385/ple-120-2012.pdf", "ementa": "Autoriza o Executivo Municipal a subvencionar o CONSEG \u2013 CONSELHO COMUNIT\u00c1RIO DE SEGURAN\u00c7A DE IVAIPOR\u00c3, mediante Transfer\u00eancia Volunt\u00e1ria de Valores e d\u00e1 outras provid\u00eancias."}, {"id": "2386", "ano": "2012", "numero": "121", "tipo__sigla": "PLE", "tipo__descricao": "Projeto de Lei do Executivo", "autoria": "Luiz Ant\u00f4nio Duarte", "texto_original": "http://sapl.ivaipora.pr.leg.br/media/sapl/public/materialegislativa/2012/2386/ple-121-2012.pdf", "ementa": "Abre um Cr\u00e9dito Adicional Especial e d\u00e1 outras provid\u00eancias."}, {"id": "2388", "ano": "2012", "numero": "122", "tipo__sigla": "PLE", "tipo__descricao": "Projeto de Lei do Executivo", "autoria": "Luiz Ant\u00f4nio Duarte", "texto_original": "http://sapl.ivaipora.pr.leg.br/media/", "ementa": "Cria o Cargo de Assistente T\u00e9cnico Administrativo  e reenquadra o cargo de Auxiliar Administrativo e Assistente em Administra\u00e7\u00e3o para Assistente T\u00e9cnico Administrativo, e d\u00e1 outras provid\u00eancias."}, {"id": "2389", "ano": "2012", "numero": "123", "tipo__sigla": "PLE", "tipo__descricao": "Projeto de Lei do Executivo", "autoria": "Luiz Ant\u00f4nio Duarte", "texto_original": "http://sapl.ivaipora.pr.leg.br/media/sapl/public/materialegislativa/2012/2389/ple-123-2012.pdf", "ementa": "Autoriza a doa\u00e7\u00e3o de utens\u00edlios dom\u00e9sticos de cozinha e eletrodom\u00e9sticos \u00e0 PAR\u00d3QUIA EVANG\u00c9LICA DE CONFISS\u00c3O LUTERANA DE IVAIPOR\u00c3 e d\u00e1 outras provid\u00eancias."}, {"id": "2390", "ano": "2012", "numero": "124", "tipo__sigla": "PLE", "tipo__descricao": "Projeto de Lei do Executivo", "autoria": "Luiz Ant\u00f4nio Duarte", "texto_original": "http://sapl.ivaipora.pr.leg.br/media/sapl/public/materialegislativa/2012/2390/ple-124-2012.pdf", "ementa": "Abre um Cr\u00e9dito Adicional Suplementar e d\u00e1 outras provid\u00eancias."}, {"id": "2392", "ano": "2012", "numero": "125", "tipo__sigla": "PLE", "tipo__descricao": "Projeto de Lei do Executivo", "autoria": "Luiz Ant\u00f4nio Duarte", "texto_original": "http://sapl.ivaipora.pr.leg.br/media/sapl/public/materialegislativa/2012/2392/ple-125-2012.pdf", "ementa": "Abre um Cr\u00e9dito Adicional Especial e d\u00e1 outras provid\u00eancias."}, {"id": "2394", "ano": "2012", "numero": "126", "tipo__sigla": "PLE", "tipo__descricao": "Projeto de Lei do Executivo", "autoria": "Luiz Ant\u00f4nio Duarte", "texto_original": "http://sapl.ivaipora.pr.leg.br/media/sapl/public/materialegislativa/2012/2394/ple-126-2012.pdf", "ementa": "Abre um Cr\u00e9dito Adicional Suplementar        e d\u00e1 outras provid\u00eancias."}, {"id": "2396", "ano": "2012", "numero": "127", "tipo__sigla": "PLE", "tipo__descricao": "Projeto de Lei do Executivo", "autoria": "Luiz Ant\u00f4nio Duarte", "texto_original": "http://sapl.ivaipora.pr.leg.br/media/sapl/public/materialegislativa/2012/2396/ple-127-2012.pdf", "ementa": "Abre um Cr\u00e9dito Adicional Especial e d\u00e1 outras provid\u00eancias."}, {"id": "2397", "ano": "2012", "numero": "128", "tipo__sigla": "PLE", "tipo__descricao": "Projeto de Lei do Executivo", "autoria": "Luiz Ant\u00f4nio Duarte", "texto_original": "http://sapl.ivaipora.pr.leg.br/media/sapl/public/materialegislativa/2012/2397/ple-128-2012.pdf", "ementa": "Abre um Cr\u00e9dito Adicional Suplementar e d\u00e1 outras provid\u00eancias."}, {"id": "2401", "ano": "2012", "numero": "129", "tipo__sigla": "PLE", "tipo__descricao": "Projeto de Lei do Executivo", "autoria": "Luiz Ant\u00f4nio Duarte", "texto_original": "http://sapl.ivaipora.pr.leg.br/media/sapl/public/materialegislativa/2012/2401/ple-129-2012.pdf", "ementa": "Abre um Cr\u00e9dito Adicional Especial e d\u00e1 outras provid\u00eancias."}, {"id": "2402", "ano": "2012", "numero": "130", "tipo__sigla": "PLE", "tipo__descricao": "Projeto de Lei do Executivo", "autoria": "Luiz Ant\u00f4nio Duarte", "texto_original": "http://sapl.ivaipora.pr.leg.br/media/", "ementa": "Abre um Cr\u00e9dito Adicional Especial e d\u00e1 outras provid\u00eancias."}, {"id": "2404", "ano": "2012", "numero": "131", "tipo__sigla": "PLE", "tipo__descricao": "Projeto de Lei do Executivo", "autoria": "Luiz Ant\u00f4nio Duarte", "texto_original": "http://sapl.ivaipora.pr.leg.br/media/sapl/public/materialegislativa/2012/2404/ple-131-2012.pdf", "ementa": "Abre um Cr\u00e9dito Adicional Suplementar e  d\u00e1 outras provid\u00eancias."}, {"id": "2406", "ano": "2012", "numero": "132", "tipo__sigla": "PLE", "tipo__descricao": "Projeto de Lei do Executivo", "autoria": "Luiz Ant\u00f4nio Duarte", "texto_original": "http://sapl.ivaipora.pr.leg.br/media/sapl/public/materialegislativa/2012/2406/ple-132-2012.pdf", "ementa": "Abre um Cr\u00e9dito Adicional Suplementar e d\u00e1 outras provid\u00eancias."}, {"id": "2412", "ano": "2012", "numero": "133", "tipo__sigla": "PLE", "tipo__descricao": "Projeto de Lei do Executivo", "autoria": "Luiz Ant\u00f4nio Duarte", "texto_original": "http://sapl.ivaipora.pr.leg.br/media/sapl/public/materialegislativa/2012/2412/ple-133-2012.pdf", "ementa": "Abre um Cr\u00e9dito Adicional Especial e d\u00e1 outras provid\u00eancias."}, {"id": "2413", "ano": "2012", "numero": "134", "tipo__sigla": "PLE", "tipo__descricao": "Projeto de Lei do Executivo", "autoria": "Cyro Fernandes Corre\u00e2 J\u00fanior", "texto_original": "http://sapl.ivaipora.pr.leg.br/media/sapl/public/materialegislativa/2012/2413/ple-134-2012.pdf", "ementa": "Abre um Cr\u00e9dito Adicional Suplementar e d\u00e1 outras provid\u00eancias."}, {"id": "2414", "ano": "2012", "numero": "135", "tipo__sigla": "PLE", "tipo__descricao": "Projeto de Lei do Executivo", "autoria": "Cyro Fernandes Corre\u00e2 J\u00fanior", "texto_original": "http://sapl.ivaipora.pr.leg.br/media/sapl/public/materialegislativa/2012/2414/ple-135-2012.pdf", "ementa": "Abre um Cr\u00e9dito Adicional Suplementar e d\u00e1 outras provid\u00eancias."}, {"id": "2415", "ano": "2012", "numero": "136", "tipo__sigla": "PLE", "tipo__descricao": "Projeto de Lei do Executivo", "autoria": "Cyro Fernandes Corre\u00e2 J\u00fanior", "texto_original": "http://sapl.ivaipora.pr.leg.br/media/sapl/public/materialegislativa/2012/2415/ple-136-2012.pdf", "ementa": "Abre um Cr\u00e9dito Adicional Suplementar e d\u00e1 outras provid\u00eancias."}, {"id": "2417", "ano": "2012", "numero": "138", "tipo__sigla": "PLE", "tipo__descricao": "Projeto de Lei do Executivo", "autoria": "Cyro Fernandes Corre\u00e2 J\u00fanior", "texto_original": "http://sapl.ivaipora.pr.leg.br/media/sapl/public/materialegislativa/2012/2417/ple-138-2012.pdf", "ementa": "Abre um Cr\u00e9dito Adicional Suplementar e d\u00e1 outras provid\u00eancias."}, {"id": "2419", "ano": "2012", "numero": "140", "tipo__sigla": "PLE", "tipo__descricao": "Projeto de Lei do Executivo", "autoria": "Cyro Fernandes Corre\u00e2 J\u00fanior", "texto_original": "http://sapl.ivaipora.pr.leg.br/media/", "ementa": "Introduz altera\u00e7\u00f5es na Lei Municipal n\u00b0 2.108/2012, de 24/1/2012, que autoriza o Executivo Municipal a reajustar os sal\u00e1rios e vencimentos dos servidores municipais e d\u00e1 outras provid\u00eancias."}, {"id": "2420", "ano": "2012", "numero": "141", "tipo__sigla": "PLE", "tipo__descricao": "Projeto de Lei do Executivo", "autoria": "Cyro Fernandes Corre\u00e2 J\u00fanior", "texto_original": "http://sapl.ivaipora.pr.leg.br/media/sapl/public/materialegislativa/2012/2420/ple-141-2012.pdf", "ementa": "Autoriza o Executivo Municipal a receber em doa\u00e7\u00e3o terreno para o prolongamento de rua e d\u00e1 outras provid\u00eancias."}, {"id": "2422", "ano": "2012", "numero": "142", "tipo__sigla": "PLE", "tipo__descricao": "Projeto de Lei do Executivo", "autoria": "Cyro Fernandes Corre\u00e2 J\u00fanior", "texto_original": "http://sapl.ivaipora.pr.leg.br/media/sapl/public/materialegislativa/2012/2422/ple-142-2012.pdf", "ementa": "Abre um Cr\u00e9dito Adicional Especial e d\u00e1 outras provid\u00eancias."}, {"id": "2423", "ano": "2012", "numero": "143", "tipo__sigla": "PLE", "tipo__descricao": "Projeto de Lei do Executivo", "autoria": "Cyro Fernandes Corre\u00e2 J\u00fanior", "texto_original": "http://sapl.ivaipora.pr.leg.br/media/sapl/public/materialegislativa/2012/2423/ple-143-2012.pdf", "ementa": "Disp\u00f5e sobre a Cess\u00e3o de Direito de Uso de Im\u00f3vel que especifica e posterior doa\u00e7\u00e3o \u00e0 SOCIEDADE PROTETORA DOS ANIMAIS, e d\u00e1 outras provid\u00eancias."}, {"id": "2424", "ano": "2012", "numero": "144", "tipo__sigla": "PLE", "tipo__descricao": "Projeto de Lei do Executivo", "autoria": "Cyro Fernandes Corre\u00e2 J\u00fanior", "texto_original": "http://sapl.ivaipora.pr.leg.br/media/sapl/public/materialegislativa/2012/2424/ple-144-2012.pdf", "ementa": "Abre um Cr\u00e9dito Adicional Especial e d\u00e1 outras provid\u00eancias."}, {"id": "2425", "ano": "2012", "numero": "145", "tipo__sigla": "PLE", "tipo__descricao": "Projeto de Lei do Executivo", "autoria": "Cyro Fernandes Corre\u00e2 J\u00fanior", "texto_original": "http://sapl.ivaipora.pr.leg.br/media/sapl/public/materialegislativa/2012/2425/ple-145-2012.pdf", "ementa": "Abre um Cr\u00e9dito Adicional Especial e d\u00e1 outras provid\u00eancias."}, {"id": "2427", "ano": "2012", "numero": "146", "tipo__sigla": "PLE", "tipo__descricao": "Projeto de Lei do Executivo", "autoria": "Cyro Fernandes Corre\u00e2 J\u00fanior", "texto_original": "http://sapl.ivaipora.pr.leg.br/media/sapl/public/materialegislativa/2012/2427/ple-146-2012.pdf", "ementa": "Abre um Cr\u00e9dito Adicional Suplementar e d\u00e1 outras provid\u00eancias."}, {"id": "2428", "ano": "2012", "numero": "147", "tipo__sigla": "PLE", "tipo__descricao": "Projeto de Lei do Executivo", "autoria": "Cyro Fernandes Corre\u00e2 J\u00fanior", "texto_original": "http://sapl.ivaipora.pr.leg.br/media/sapl/public/materialegislativa/2012/2428/ple-147-2012.pdf", "ementa": "Introduz altera\u00e7\u00f5es na Lei 1.641/2009, que institui o Conselho Municipal de Turismo em apoio ao desenvolvimento do turismo de servi\u00e7os no Munic\u00edpio de Ivaipor\u00e3."}, {"id": "2429", "ano": "2012", "numero": "148", "tipo__sigla": "PLE", "tipo__descricao": "Projeto de Lei do Executivo", "autoria": "Cyro Fernandes Corre\u00e2 J\u00fanior", "texto_original": "http://sapl.ivaipora.pr.leg.br/media/sapl/public/materialegislativa/2012/2429/ple-148-2012.pdf", "ementa": "Autoriza o Executivo Municipal a subvencionar o RECANTO DOS VELHINHOS DO LAR SANTO ANT\u00d4NIO, mediante Transfer\u00eancia Volunt\u00e1ria de Valores e d\u00e1 outras provid\u00eancias."}, {"id": "2430", "ano": "2012", "numero": "149", "tipo__sigla": "PLE", "tipo__descricao": "Projeto de Lei do Executivo", "autoria": "Cyro Fernandes Corre\u00e2 J\u00fanior", "texto_original": "http://sapl.ivaipora.pr.leg.br/media/sapl/public/materialegislativa/2012/2430/ple-149-2012.pdf", "ementa": "Abre um Cr\u00e9dito Adicional Suplementar e d\u00e1 outras provid\u00eancias."}, {"id": "2431", "ano": "2012", "numero": "150", "tipo__sigla": "PLE", "tipo__descricao": "Projeto de Lei do Executivo", "autoria": "Cyro Fernandes Corre\u00e2 J\u00fanior", "texto_original": "http://sapl.ivaipora.pr.leg.br/media/", "ementa": "Abre um Cr\u00e9dito Adicional Suplementar e d\u00e1 outras provid\u00eancias."}, {"id": "2432", "ano": "2012", "numero": "151", "tipo__sigla": "PLE", "tipo__descricao": "Projeto de Lei do Executivo", "autoria": "Cyro Fernandes Corre\u00e2 J\u00fanior", "texto_original": "http://sapl.ivaipora.pr.leg.br/media/sapl/public/materialegislativa/2012/2432/ple-151-2012.pdf", "ementa": "Abre um Cr\u00e9dito Adicional Suplementar e d\u00e1 outras provid\u00eancias."}, {"id": "2434", "ano": "2012", "numero": "152", "tipo__sigla": "PLE", "tipo__descricao": "Projeto de Lei do Executivo", "autoria": "Cyro Fernandes Corre\u00e2 J\u00fanior", "texto_original": "http://sapl.ivaipora.pr.leg.br/media/sapl/public/materialegislativa/2012/2434/ple-152-2012.pdf", "ementa": "Abre um Cr\u00e9dito Adicional Especial e d\u00e1 outras provid\u00eancias."}, {"id": "2435", "ano": "2012", "numero": "153", "tipo__sigla": "PLE", "tipo__descricao": "Projeto de Lei do Executivo", "autoria": "Cyro Fernandes Corre\u00e2 J\u00fanior", "texto_original": "http://sapl.ivaipora.pr.leg.br/media/sapl/public/materialegislativa/2012/2435/ple-153-2012.pdf", "ementa": "Abre um Cr\u00e9dito Adicional Suplementar e d\u00e1 outras provid\u00eancias."}, {"id": "2509", "ano": "2012", "numero": "154", "tipo__sigla": "PLE", "tipo__descricao": "Projeto de Lei do Executivo", "autoria": "", "texto_original": "http://sapl.ivaipora.pr.leg.br/media/sapl/public/materialegislativa/2012/2509/ple-154-2012.pdf", "ementa": "Abre um Cr\u00e9dito Adicional Especial e d\u00e1 outras provid\u00eancias."}, {"id": "2510", "ano": "2012", "numero": "155", "tipo__sigla": "PLE", "tipo__descricao": "Projeto de Lei do Executivo", "autoria": "Cyro Fernandes Corre\u00e2 J\u00fanior", "texto_original": "http://sapl.ivaipora.pr.leg.br/media/sapl/public/materialegislativa/2012/2510/ple-155-2012.pdf", "ementa": "Desafeta do dom\u00ednio p\u00fablico o im\u00f3vel que especifica e d\u00e1 outras provid\u00eancias."}, {"id": "2511", "ano": "2012", "numero": "156", "tipo__sigla": "PLE", "tipo__descricao": "Projeto de Lei do Executivo", "autoria": "Cyro Fernandes Corre\u00e2 J\u00fanior", "texto_original": "http://sapl.ivaipora.pr.leg.br/media/", "ementa": "Disp\u00f5e sobre a Cess\u00e3o de Direito de Uso de Im\u00f3vel que especifica e posterior doa\u00e7\u00e3o \u00e0 empresa VALTEC COMERCIAL TECNOLOGIA SERVI\u00c7OS  LTDA \u2013 ME,  mediante observ\u00e2ncia a Lei Municipal n\u00b0 1.940, de 19/4/2011, e d\u00e1 outras provid\u00eancias."}, {"id": "2088", "ano": "2012", "numero": "157", "tipo__sigla": "PLE", "tipo__descricao": "Projeto de Lei do Executivo", "autoria": "Cyro Fernandes Corre\u00e2 J\u00fanior", "texto_original": "http://sapl.ivaipora.pr.leg.br/media/", "ementa": "Disp\u00f5e sobre a Cess\u00e3o de Direito de Uso de Im\u00f3vel que especifica e posterior doa\u00e7\u00e3o \u00e0 empresa SABINO E SABINO LTDA, mediante observ\u00e2ncia a Lei Municipal n\u00b0 1.940, de 19/4/2011, e d\u00e1 outras provid\u00eancias."}, {"id": "2090", "ano": "2012", "numero": "158", "tipo__sigla": "PLE", "tipo__descricao": "Projeto de Lei do Executivo", "autoria": "Cyro Fernandes Corre\u00e2 J\u00fanior", "texto_original": "http://sapl.ivaipora.pr.leg.br/media/sapl/public/materialegislativa/2012/2090/ple-158-2012.pdf", "ementa": "Disp\u00f5e sobre a Cess\u00e3o de Direito de Uso de Im\u00f3vel que especifica e posterior doa\u00e7\u00e3o \u00e0 empresa CHOCOLATES NORTE DO PARAN\u00c1 LTDA \u2013 ME,  mediante observ\u00e2ncia a Lei Municipal n\u00b0 1.940, de 19/4/2011, e d\u00e1 outras provid\u00eancias."}, {"id": "2091", "ano": "2012", "numero": "159", "tipo__sigla": "PLE", "tipo__descricao": "Projeto de Lei do Executivo", "autoria": "Cyro Fernandes Corre\u00e2 J\u00fanior", "texto_original": "http://sapl.ivaipora.pr.leg.br/media/sapl/public/materialegislativa/2012/2091/ple-159-2012.pdf", "ementa": "Institui o Conselho Municipal de Tr\u00e2nsito, Transportes e Mobilidade do Munic\u00edpio de Ivaipor\u00e3/PR, e d\u00e1 outras provid\u00eancias."}, {"id": "2093", "ano": "2012", "numero": "160", "tipo__sigla": "PLE", "tipo__descricao": "Projeto de Lei do Executivo", "autoria": "Cyro Fernandes Corre\u00e2 J\u00fanior", "texto_original": "http://sapl.ivaipora.pr.leg.br/media/sapl/public/materialegislativa/2012/2093/ple-160-2012.pdf", "ementa": "Abre um Cr\u00e9dito Adicional Suplementar e d\u00e1 outras provid\u00eancias."}, {"id": "2094", "ano": "2012", "numero": "161", "tipo__sigla": "PLE", "tipo__descricao": "Projeto de Lei do Executivo", "autoria": "Cyro Fernandes Corre\u00e2 J\u00fanior", "texto_original": "http://sapl.ivaipora.pr.leg.br/media/sapl/public/materialegislativa/2012/2094/ple-161-2012.pdf", "ementa": "Abre um Cr\u00e9dito Adicional Suplementar e d\u00e1 outras provid\u00eancias."}, {"id": "2095", "ano": "2012", "numero": "162", "tipo__sigla": "PLE", "tipo__descricao": "Projeto de Lei do Executivo", "autoria": "Cyro Fernandes Corre\u00e2 J\u00fanior", "texto_original": "http://sapl.ivaipora.pr.leg.br/media/sapl/public/materialegislativa/2012/2095/ple-162-2012.pdf", "ementa": "Abre um Cr\u00e9dito Adicional Especial e d\u00e1 outras provid\u00eancias."}, {"id": "2097", "ano": "2012", "numero": "163", "tipo__sigla": "PLE", "tipo__descricao": "Projeto de Lei do Executivo", "autoria": "Cyro Fernandes Corre\u00e2 J\u00fanior", "texto_original": "http://sapl.ivaipora.pr.leg.br/media/sapl/public/materialegislativa/2012/2097/ple-163-2012.pdf", "ementa": "Abre um Cr\u00e9dito Adicional Especial e d\u00e1 outras provid\u00eancias."}, {"id": "2098", "ano": "2012", "numero": "164", "tipo__sigla": "PLE", "tipo__descricao": "Projeto de Lei do Executivo", "autoria": "Cyro Fernandes Corre\u00e2 J\u00fanior", "texto_original": "http://sapl.ivaipora.pr.leg.br/media/sapl/public/materialegislativa/2012/2098/ple-164-2012.pdf", "ementa": "Abre um Cr\u00e9dito Adicional Especial e d\u00e1 outras provid\u00eancias"}, {"id": "2099", "ano": "2012", "numero": "165", "tipo__sigla": "PLE", "tipo__descricao": "Projeto de Lei do Executivo", "autoria": "Cyro Fernandes Corre\u00e2 J\u00fanior", "texto_original": "http://sapl.ivaipora.pr.leg.br/media/sapl/public/materialegislativa/2012/2099/ple-165-2012.pdf", "ementa": "Abre um Cr\u00e9dito Adicional Suplementar e d\u00e1 outras provid\u00eancias."}, {"id": "2100", "ano": "2012", "numero": "166", "tipo__sigla": "PLE", "tipo__descricao": "Projeto de Lei do Executivo", "autoria": "Cyro Fernandes Corre\u00e2 J\u00fanior", "texto_original": "http://sapl.ivaipora.pr.leg.br/media/sapl/public/materialegislativa/2012/2100/ple-166-2012.pdf", "ementa": "Abre um Cr\u00e9dito Adicional Suplementar e d\u00e1 outras provid\u00eancias."}, {"id": "2101", "ano": "2012", "numero": "167", "tipo__sigla": "PLE", "tipo__descricao": "Projeto de Lei do Executivo", "autoria": "Cyro Fernandes Corre\u00e2 J\u00fanior", "texto_original": "http://sapl.ivaipora.pr.leg.br/media/sapl/public/materialegislativa/2012/2101/ple-167-2012.pdf", "ementa": "Declara como prolongamento das ruas Paulista e Visconde do Rio Branco a \u00e1rea que especifica."}, {"id": "2102", "ano": "2012", "numero": "168", "tipo__sigla": "PLE", "tipo__descricao": "Projeto de Lei do Executivo", "autoria": "Cyro Fernandes Corre\u00e2 J\u00fanior", "texto_original": "http://sapl.ivaipora.pr.leg.br/media/sapl/public/materialegislativa/2012/2102/ple-168-2012.pdf", "ementa": "Introduz altera\u00e7\u00f5es na Lei Municipal n\u00b0 2.108/2012, de 24/1/2012, que autoriza o Executivo Municipal a reajustar os sal\u00e1rios e vencimentos dos servidores municipais e d\u00e1 outras provid\u00eancias."}, {"id": "2103", "ano": "2012", "numero": "169", "tipo__sigla": "PLE", "tipo__descricao": "Projeto de Lei do Executivo", "autoria": "Cyro Fernandes Corre\u00e2 J\u00fanior", "texto_original": "http://sapl.ivaipora.pr.leg.br/media/sapl/public/materialegislativa/2012/2103/ple-169-2012.pdf", "ementa": "Abre um Cr\u00e9dito Adicional Suplementar e d\u00e1 outras provid\u00eancias."}, {"id": "2104", "ano": "2012", "numero": "170", "tipo__sigla": "PLE", "tipo__descricao": "Projeto de Lei do Executivo", "autoria": "Cyro Fernandes Corre\u00e2 J\u00fanior", "texto_original": "http://sapl.ivaipora.pr.leg.br/media/sapl/public/materialegislativa/2012/2104/ple-171-2012.pdf", "ementa": "Abre um Cr\u00e9dito Adicional Especial e d\u00e1 outras provid\u00eancias."}, {"id": "2105", "ano": "2012", "numero": "171", "tipo__sigla": "PLE", "tipo__descricao": "Projeto de Lei do Executivo", "autoria": "Cyro Fernandes Corre\u00e2 J\u00fanior", "texto_original": "http://sapl.ivaipora.pr.leg.br/media/sapl/public/materialegislativa/2012/2105/ple-171-2012.pdf", "ementa": "Abre um Cr\u00e9dito Adicional Suplementar e d\u00e1 outras provid\u00eancias."}, {"id": "2106", "ano": "2012", "numero": "172", "tipo__sigla": "PLE", "tipo__descricao": "Projeto de Lei do Executivo", "autoria": "Cyro Fernandes Corre\u00e2 J\u00fanior", "texto_original": "http://sapl.ivaipora.pr.leg.br/media/sapl/public/materialegislativa/2012/2106/ple-172-2012.pdf", "ementa": "Abre um Cr\u00e9dito Adicional Suplementar e d\u00e1 outras provid\u00eancias."}, {"id": "2110", "ano": "2012", "numero": "173", "tipo__sigla": "PLE", "tipo__descricao": "Projeto de Lei do Executivo", "autoria": "Cyro Fernandes Corre\u00e2 J\u00fanior", "texto_original": "http://sapl.ivaipora.pr.leg.br/media/sapl/public/materialegislativa/2012/2110/ple-173-2012.pdf", "ementa": "Abre um Cr\u00e9dito Adicional Especial e d\u00e1 outras provid\u00eancias."}, {"id": "2112", "ano": "2012", "numero": "174", "tipo__sigla": "PLE", "tipo__descricao": "Projeto de Lei do Executivo", "autoria": "Cyro Fernandes Corre\u00e2 J\u00fanior", "texto_original": "http://sapl.ivaipora.pr.leg.br/media/sapl/public/materialegislativa/2012/2112/ple-174-2012.pdf", "ementa": "Abre um Cr\u00e9dito Especial e d\u00e1 outras provid\u00eancias."}, {"id": "2115", "ano": "2012", "numero": "175", "tipo__sigla": "PLE", "tipo__descricao": "Projeto de Lei do Executivo", "autoria": "Cyro Fernandes Corre\u00e2 J\u00fanior", "texto_original": "http://sapl.ivaipora.pr.leg.br/media/sapl/public/materialegislativa/2012/2115/ple-175-2012.pdf", "ementa": "Abre um Cr\u00e9dito Adicional Suplementar e d\u00e1 outras provid\u00eancias."}, {"id": "3361", "ano": "2012", "numero": "1", "tipo__sigla": "PLL", "tipo__descricao": "Projeto de Lei do Legislativo", "autoria": "Sab\u00e3o - Edivaldo Montanheri", "texto_original": "http://sapl.ivaipora.pr.leg.br/media/sapl/public/materialegislativa/2012/3361/01-2012.pdf", "ementa": "Fixa o valor da di\u00e1ria do Presidente da C\u00e2mara, Vereadores e Servidores do poder Legislativo Municipal e d\u00e1 outras provid\u00eancias."}, {"id": "3362", "ano": "2012", "numero": "2", "tipo__sigla": "PLL", "tipo__descricao": "Projeto de Lei do Legislativo", "autoria": "Tor\u00e3o", "texto_original": "http://sapl.ivaipora.pr.leg.br/media/sapl/public/materialegislativa/2012/3362/02-2012.pdf", "ementa": "Disp\u00f5e sobre a responsabilidade da destina\u00e7\u00e3o de res\u00edduos de \u00f3leos e gorduras de origem vegetal ou animal de uso culin\u00e1rio, dom\u00e9sticos, comercial e industrial e institui o Programa da Coleta, Armazenamento e Destina\u00e7\u00e3o Final, no Munic\u00edpio de Ivaipor\u00e3, Estado do Paran\u00e1 e d\u00e1 outras provid\u00eancias."}, {"id": "3363", "ano": "2012", "numero": "3", "tipo__sigla": "PLL", "tipo__descricao": "Projeto de Lei do Legislativo", "autoria": "Gustavo Chaves", "texto_original": "http://sapl.ivaipora.pr.leg.br/media/sapl/public/materialegislativa/2012/3363/03-2012.pdf", "ementa": "Assegura matricula para o aluno portador de defici\u00eancia locomotora na escola municipal mais pr\u00f3xima de suas resid\u00eancias, no Munic\u00edpio de Ivaipor\u00e3, Estado do Paran\u00e1 e d\u00e1 outras provid\u00eancias."}, {"id": "3364", "ano": "2012", "numero": "4", "tipo__sigla": "PLL", "tipo__descricao": "Projeto de Lei do Legislativo", "autoria": "Gustavo Chaves", "texto_original": "http://sapl.ivaipora.pr.leg.br/media/sapl/public/materialegislativa/2012/3364/04-2012.pdf", "ementa": "Disp\u00f5e sobre a implanta\u00e7\u00e3o de placas ou pain\u00e9is informativos nas lixeiras municipais das vias publicas do munic\u00edpio de Ivaipor\u00e3."}, {"id": "3366", "ano": "2012", "numero": "5", "tipo__sigla": "PLL", "tipo__descricao": "Projeto de Lei do Legislativo", "autoria": "Bunitinho", "texto_original": "http://sapl.ivaipora.pr.leg.br/media/sapl/public/materialegislativa/2012/3366/05-2012.pdf", "ementa": "Cria o balan\u00e7o social e ambiental para as empresas estabelecidas no Munic\u00edpio de Ivaipor\u00e3, Estado do Paran\u00e1, e d\u00e1 outras provid\u00eancias."}, {"id": "3367", "ano": "2012", "numero": "6", "tipo__sigla": "PLL", "tipo__descricao": "Projeto de Lei do Legislativo", "autoria": "Gustavo Chaves", "texto_original": "http://sapl.ivaipora.pr.leg.br/media/sapl/public/materialegislativa/2012/3367/06-2012.pdf", "ementa": "Altera o nome da Pra\u00e7a Leovigildo Barbosa Ferraz, para ''PRA\u00c7A MANOEL MARQUES PEREIRA'', localizada entre as Avenidas Brasil, Paran\u00e1 e Souza Naves e d\u00e1 outras provid\u00eancias."}, {"id": "3369", "ano": "2012", "numero": "7", "tipo__sigla": "PLL", "tipo__descricao": "Projeto de Lei do Legislativo", "autoria": "Tor\u00e3o", "texto_original": "http://sapl.ivaipora.pr.leg.br/media/sapl/public/materialegislativa/2012/3369/07-2012.pdf", "ementa": "Disciplina as nomea\u00e7\u00f5es para os cargos em comiss\u00e3o e fun\u00e7\u00f5es gratificadas no \u00e2mbito dos \u00f3rg\u00e3os do Poder Executivo e Legislativo Municipal  e d\u00e1 outras provid\u00eancias."}, {"id": "3370", "ano": "2012", "numero": "8", "tipo__sigla": "PLL", "tipo__descricao": "Projeto de Lei do Legislativo", "autoria": "Bunitinho", "texto_original": "http://sapl.ivaipora.pr.leg.br/media/sapl/public/materialegislativa/2012/3370/08-2012.pdf", "ementa": "Disp\u00f5e sobre a publicidade ao ar livre, no Munic\u00edpio de Ivaipor\u00e3, Estado do Paran\u00e1, e d\u00e1 outras providencias."}, {"id": "3371", "ano": "2012", "numero": "9", "tipo__sigla": "PLL", "tipo__descricao": "Projeto de Lei do Legislativo", "autoria": "Luciano da Gr\u00e1fica", "texto_original": "http://sapl.ivaipora.pr.leg.br/media/sapl/public/materialegislativa/2012/3371/09-2012.pdf", "ementa": "Disp\u00f5e sobre agendamento telef\u00f4nico de consultas m\u00e9dicas para pacientes idosos e/ou portadores de defici\u00eancia, previamente cadastrados nas Unidades de Sa\u00fade no Munic\u00edpio de Ivaipor\u00e3, Estado do Paran\u00e1 e d\u00e1 outras provid\u00eancias."}, {"id": "3372", "ano": "2012", "numero": "10", "tipo__sigla": "PLL", "tipo__descricao": "Projeto de Lei do Legislativo", "autoria": "Gustavo Chaves", "texto_original": "http://sapl.ivaipora.pr.leg.br/media/sapl/public/materialegislativa/2012/3372/10-2012.pdf", "ementa": "Estabelece no \u00e2mbito do munic\u00edpio de Ivaipor\u00e3, san\u00e7\u00f5es e penalidade administrativas para aqueles que praticarem maus-tratos aos animais e d\u00e1 outras provid\u00eancias."}, {"id": "3373", "ano": "2012", "numero": "11", "tipo__sigla": "PLL", "tipo__descricao": "Projeto de Lei do Legislativo", "autoria": "Jaffer Ferreira", "texto_original": "http://sapl.ivaipora.pr.leg.br/media/sapl/public/materialegislativa/2012/3373/11-2012.pdf", "ementa": "institui no calend\u00e1rio de comemora\u00e7\u00f5es oficiais do Munic\u00edpio de Ivaipor\u00e3, Estado do Paran\u00e1, e d\u00e1 outras provid\u00eancias."}, {"id": "3375", "ano": "2012", "numero": "12", "tipo__sigla": "PLL", "tipo__descricao": "Projeto de Lei do Legislativo", "autoria": "Jaffer Ferreira", "texto_original": "http://sapl.ivaipora.pr.leg.br/media/sapl/public/materialegislativa/2012/3375/12-2012.pdf", "ementa": "Disp\u00f5e sobre a implanta\u00e7\u00e3o do ''PROGRAMA IDOSO CIDAD\u00c3O'' e d\u00e1 outras provid\u00eancias."}, {"id": "3376", "ano": "2012", "numero": "13", "tipo__sigla": "PLL", "tipo__descricao": "Projeto de Lei do Legislativo", "autoria": "M\u00e1rio Hort, Tor\u00e3o, Z\u00e9 Maria", "texto_original": "http://sapl.ivaipora.pr.leg.br/media/sapl/public/materialegislativa/2012/3376/13-2012.pdf", "ementa": "Denomina a Estrada '' Avenida do Trabalhador'', que liga o Latic\u00ednio Ub\u00e1 a PR-466, nesta cidade de Ivaipor\u00e3, Estado do Paran\u00e1 de ''Vereador Pedro Goedert'',  e d\u00e1 outras provid\u00eancias."}, {"id": "3377", "ano": "2012", "numero": "14", "tipo__sigla": "PLL", "tipo__descricao": "Projeto de Lei do Legislativo", "autoria": "Bunitinho", "texto_original": "http://sapl.ivaipora.pr.leg.br/media/sapl/public/materialegislativa/2012/3377/14-2012.pdf", "ementa": "Cria o balan\u00e7o social e ambiental para as empresas estabelecidas no Munic\u00edpio de Ivaipor\u00e3, Estado do Paran\u00e1, e d\u00e1 outras provid\u00eancias."}, {"id": "3378", "ano": "2012", "numero": "15", "tipo__sigla": "PLL", "tipo__descricao": "Projeto de Lei do Legislativo", "autoria": "Gustavo Chaves", "texto_original": "http://sapl.ivaipora.pr.leg.br/media/sapl/public/materialegislativa/2012/3378/15-2012.pdf", "ementa": "Disp\u00f5e sobre a entrega domiciliar de medicamentos nos casos que especifica."}, {"id": "3379", "ano": "2012", "numero": "16", "tipo__sigla": "PLL", "tipo__descricao": "Projeto de Lei do Legislativo", "autoria": "Bunitinho", "texto_original": "http://sapl.ivaipora.pr.leg.br/media/sapl/public/materialegislativa/2012/3379/16-2012.pdf", "ementa": "Disp\u00f5e sobre a publicidade ao ar livre, no Munic\u00edpio de Ivaipor\u00e3, Estado do Paran\u00e1, e d\u00e1 outras provid\u00eancias."}, {"id": "3381", "ano": "2012", "numero": "17", "tipo__sigla": "PLL", "tipo__descricao": "Projeto de Lei do Legislativo", "autoria": "Sab\u00e3o - Edivaldo Montanheri", "texto_original": "http://sapl.ivaipora.pr.leg.br/media/sapl/public/materialegislativa/2012/3381/17-2012.pdf", "ementa": "Institui, no calend\u00e1rio de comemora\u00e7\u00f5es oficiais do Munic\u00edpio de Ivaipor\u00e3, Estado do Paran\u00e1, o Dia da Marcha para Jesus e d\u00e1 outras providencias."}, {"id": "3382", "ano": "2012", "numero": "18", "tipo__sigla": "PLL", "tipo__descricao": "Projeto de Lei do Legislativo", "autoria": "Bunitinho", "texto_original": "http://sapl.ivaipora.pr.leg.br/media/sapl/public/materialegislativa/2012/3382/18-2012.pdf", "ementa": "Disp\u00f5e sobre a constru\u00e7\u00e3o dos passeios p\u00fablicos no Munic\u00edpio de Ivaipor\u00e3, Estado do Paran\u00e1, e d\u00e1 outras providencias."}, {"id": "3383", "ano": "2012", "numero": "19", "tipo__sigla": "PLL", "tipo__descricao": "Projeto de Lei do Legislativo", "autoria": "Bunitinho", "texto_original": "http://sapl.ivaipora.pr.leg.br/media/sapl/public/materialegislativa/2012/3383/19-2012.pdf", "ementa": "Disp\u00f5e sobre a irradica\u00e7\u00e3o e replantio de \u00e1rvores nos passeios p\u00fablicos no Munic\u00edpio de Ivaipor\u00e3, Estado do Paran\u00e1, e d\u00e1 outras provid\u00eancias."}, {"id": "3384", "ano": "2012", "numero": "20", "tipo__sigla": "PLL", "tipo__descricao": "Projeto de Lei do Legislativo", "autoria": "Jaffer Ferreira", "texto_original": "http://sapl.ivaipora.pr.leg.br/media/sapl/public/materialegislativa/2012/3384/20-2012.pdf", "ementa": "Institui, no calend\u00e1rio de comemora\u00e7\u00f5es oficiais do Munic\u00edpio de Ivaipor\u00e3, Estado do Paran\u00e1, o Dia e a Semana Municipal do Ciclismo e d\u00e1 outras providencias."}, {"id": "3385", "ano": "2012", "numero": "21", "tipo__sigla": "PLL", "tipo__descricao": "Projeto de Lei do Legislativo", "autoria": "Gustavo Chaves", "texto_original": "http://sapl.ivaipora.pr.leg.br/media/sapl/public/materialegislativa/2012/3385/21-2012.pdf", "ementa": "Cria o feriado Municipal da Dia da Consci\u00eancia Negra a ser comemorado no dia 20 de Novembro e inclui essa data no calend\u00e1rio de comemora\u00e7\u00f5es oficiais do Munic\u00edpio de Ivaipor\u00e3, e d\u00e1 outras providencias.\r\nRETIRADO"}, {"id": "3387", "ano": "2012", "numero": "22", "tipo__sigla": "PLL", "tipo__descricao": "Projeto de Lei do Legislativo", "autoria": "Sab\u00e3o - Edivaldo Montanheri", "texto_original": "http://sapl.ivaipora.pr.leg.br/media/sapl/public/materialegislativa/2012/3387/22-2012.pdf", "ementa": "Declara de Utilidade P\u00fablica e Municipal a ASSOCIA\u00c7\u00c3O DE PRODUTORES RURAIS DE SANTA TEREZINHA, e d\u00e1 outras provid\u00eancias."}, {"id": "3388", "ano": "2012", "numero": "23", "tipo__sigla": "PLL", "tipo__descricao": "Projeto de Lei do Legislativo", "autoria": "M\u00e1rio Hort", "texto_original": "http://sapl.ivaipora.pr.leg.br/media/sapl/public/materialegislativa/2012/3388/23-2012.pdf", "ementa": "Denomina o Viveiro Municipal de Caf\u00e9, nesta cidade de Ivaipor\u00e3, Estado do Paran\u00e1, de ''IN\u00c1CIO MONTANHERI'', e d\u00e1 outras provid\u00eancias."}, {"id": "3365", "ano": "2012", "numero": "1", "tipo__sigla": "VT", "tipo__descricao": "Veto da Lei", "autoria": "Cyro Fernandes Corre\u00e2 J\u00fanior", "texto_original": "http://sapl.ivaipora.pr.leg.br/media/sapl/public/materialegislativa/2012/3365/veto_04-2012.pdf", "ementa": "veto no projeto de lei 04/2012"}, {"id": "3380", "ano": "2012", "numero": "2", "tipo__sigla": "VT", "tipo__descricao": "Veto da Lei", "autoria": "Cyro Fernandes Corre\u00e2 J\u00fanior", "texto_original": "http://sapl.ivaipora.pr.leg.br/media/sapl/public/materialegislativa/2012/3380/veto_16-2012.pdf", "ementa": "VETO DA PROJETO 16/2012"}, {"id": "8390", "ano": "2012", "numero": "1", "tipo__sigla": "PDL", "tipo__descricao": "Projeto de Decreto Legislativo", "autoria": "Sab\u00e3o - Edivaldo Montanheri", "texto_original": "http://sapl.ivaipora.pr.leg.br/media/sapl/public/materialegislativa/2012/8390/projeto_de_decreto_01-2012.pdf", "ementa": "Referenda a doa\u00e7\u00e3o de equipamentos de inform\u00e1tica pertencentes ao patrim\u00f4nio da C\u00e2mara Municipal de Ivaipor\u00e3, Estado do Paran\u00e1, ao Conselho das Associa\u00e7\u00f5es de Moradores de Ivaipor\u00e3 - CAMI."}, {"id": "8389", "ano": "2012", "numero": "2", "tipo__sigla": "PDL", "tipo__descricao": "Projeto de Decreto Legislativo", "autoria": "Sab\u00e3o - Edivaldo Montanheri", "texto_original": "http://sapl.ivaipora.pr.leg.br/media/sapl/public/materialegislativa/2012/8389/projeto_de_decreto_02-2012.pdf", "ementa": "Referenda autoriza\u00e7\u00e3o ao Munic\u00edpio de Ivaipor\u00e3, Estado do Paran\u00e1, a firmar Conv\u00eanio com o Munic\u00edpio de Arapu\u00e3, com objetivos de construir uma ponte de concreto sobre o Rio da Bulha, localizado no trecho da Estrada da Palmeirinha - Alto S\u00e3o Luiz."}, {"id": "8388", "ano": "2012", "numero": "3", "tipo__sigla": "PDL", "tipo__descricao": "Projeto de Decreto Legislativo", "autoria": "Jaffer Ferreira", "texto_original": "http://sapl.ivaipora.pr.leg.br/media/sapl/public/materialegislativa/2012/8388/projeto_de_decreto_03-2012.pdf", "ementa": "Referenda a cess\u00e3o de uso de \u00f4nibus do Munic\u00edpio de Ivaipor\u00e3. Estado do Paran\u00e1, para a Universidade Estadual de Londrina e d\u00e1 outras provid\u00eancias."}, {"id": "8387", "ano": "2012", "numero": "4", "tipo__sigla": "PDL", "tipo__descricao": "Projeto de Decreto Legislativo", "autoria": "Sab\u00e3o - Edivaldo Montanheri", "texto_original": "http://sapl.ivaipora.pr.leg.br/media/sapl/public/materialegislativa/2012/8387/projeto_de_decreto_04-2012.pdf", "ementa": "Referenda a cess\u00e3o de uso de \u00f4nibus do Munic\u00edpio de Ivaipor\u00e3, Estado do Paran\u00e1, para a Igreja Adventista do S\u00e9timo Dia e d\u00e1 outras provid\u00eancias."}, {"id": "8386", "ano": "2012", "numero": "5", "tipo__sigla": "PDL", "tipo__descricao": "Projeto de Decreto Legislativo", "autoria": "Jaffer Ferreira", "texto_original": "http://sapl.ivaipora.pr.leg.br/media/sapl/public/materialegislativa/2012/8386/projeto_de_decreto_05-2012.pdf", "ementa": "Referenda a cess\u00e3o de uso de \u00f4nibus do Munic\u00edpio de Ivaipor\u00e3, Estado do Paran\u00e1, para o VF Futebol Clube de Ivaipor\u00e3 e d\u00e1 outras provid\u00eancias."}, {"id": "8385", "ano": "2012", "numero": "6", "tipo__sigla": "PDL", "tipo__descricao": "Projeto de Decreto Legislativo", "autoria": "M\u00e1rio Hort", "texto_original": "http://sapl.ivaipora.pr.leg.br/media/sapl/public/materialegislativa/2012/8385/projeto_de_decreto_06-2012.pdf", "ementa": "Referenda a cess\u00e3o de uso de \u00f4nibus do Munic\u00edpio de Ivaipor\u00e3, Estado do Paran\u00e1, para a Igreja Evang\u00e9lica Avivamento B\u00edblico e d\u00e1 outras provid\u00eancias."}, {"id": "8384", "ano": "2012", "numero": "7", "tipo__sigla": "PDL", "tipo__descricao": "Projeto de Decreto Legislativo", "autoria": "Luciano da Gr\u00e1fica", "texto_original": "http://sapl.ivaipora.pr.leg.br/media/sapl/public/materialegislativa/2012/8384/projeto_de_decreto_07-2012.pdf", "ementa": "Referenda a cess\u00e3o de uso de \u00f4nibus do Munic\u00edpio de Ivaipor\u00e3, Estado do Paran\u00e1, ao Col\u00e9gio Estadual Id\u00e1lia Rocha e d\u00e1 outras provid\u00eancias."}, {"id": "8383", "ano": "2012", "numero": "9", "tipo__sigla": "PDL", "tipo__descricao": "Projeto de Decreto Legislativo", "autoria": "Sab\u00e3o - Edivaldo Montanheri", "texto_original": "http://sapl.ivaipora.pr.leg.br/media/sapl/public/materialegislativa/2012/8383/projeto_de_decreto_09-2012.pdf", "ementa": "Referenda a cess\u00e3o de uso de \u00f4nibus do Munic\u00edpio de Ivaipor\u00e3, Estado do Paran\u00e1, ao Clube de Bocha e de Malha de Ivaipor\u00e3, e d\u00e1 outras provid\u00eancias."}, {"id": "8382", "ano": "2012", "numero": "10", "tipo__sigla": "PDL", "tipo__descricao": "Projeto de Decreto Legislativo", "autoria": "Sab\u00e3o - Edivaldo Montanheri", "texto_original": "http://sapl.ivaipora.pr.leg.br/media/sapl/public/materialegislativa/2012/8382/projeto_de_decreto_10-2012.pdf", "ementa": "Referenda a cess\u00e3o de uso de \u00f4nibus do Munic\u00edpio de Ivaipor\u00e3, Estado do Paran\u00e1, ao VS Futebol Club e Escolinha de Futebol Santa Maria, e d\u00e1 outras provid\u00eancias."}, {"id": "8381", "ano": "2012", "numero": "11", "tipo__sigla": "PDL", "tipo__descricao": "Projeto de Decreto Legislativo", "autoria": "Sab\u00e3o - Edivaldo Montanheri", "texto_original": "http://sapl.ivaipora.pr.leg.br/media/sapl/public/materialegislativa/2012/8381/projeto_de_decreto_11-2012.pdf", "ementa": "Referenda a cess\u00e3o de uso de \u00f4nibus do Munic\u00edpio de Ivaipor\u00e3, Estado do Paran\u00e1, a APAE - ASSOCIA\u00c7\u00c3O DE PAIS E AMIGOS DOS EXCEPCIONAIS DE IVAIPOR\u00c3 e d\u00e1 outras provid\u00eancias,"}, {"id": "8380", "ano": "2012", "numero": "12", "tipo__sigla": "PDL", "tipo__descricao": "Projeto de Decreto Legislativo", "autoria": "Jaffer Ferreira", "texto_original": "http://sapl.ivaipora.pr.leg.br/media/sapl/public/materialegislativa/2012/8380/projeto_de_decreto_12-2012.pdf", "ementa": "Referenda a cess\u00e3o de uso de \u00f4nibus do Munic\u00edpio de Ivaipor\u00e3, Estado do Paran\u00e1, a Universidade Estadual de Maring\u00e1 - Campus Regional do Vale do Iva\u00ed - Departamento de Educa\u00e7\u00e3o F\u00edsica, e d\u00e1 outras provid\u00eancias."}, {"id": "8379", "ano": "2012", "numero": "13", "tipo__sigla": "PDL", "tipo__descricao": "Projeto de Decreto Legislativo", "autoria": "Jaffer Ferreira", "texto_original": "http://sapl.ivaipora.pr.leg.br/media/sapl/public/materialegislativa/2012/8379/projeto_de_decreto_13-2012.pdf", "ementa": "Referenda a cess\u00e3o de uso de \u00f4nibus do Munic\u00edpio de Ivaipor\u00e3, Estado do Paran\u00e1, a Universidade Estadual de Maring\u00e1 - Campus Regional do Vale do Iva\u00ed - Departamento de Educa\u00e7\u00e3o F\u00edsica, e d\u00e1 outras provid\u00eancias."}, {"id": "8378", "ano": "2012", "numero": "14", "tipo__sigla": "PDL", "tipo__descricao": "Projeto de Decreto Legislativo", "autoria": "Jaffer Ferreira", "texto_original": "http://sapl.ivaipora.pr.leg.br/media/sapl/public/materialegislativa/2012/8378/projeto_de_decreto_14-2012.pdf", "ementa": "Referenda a cess\u00e3o de uso de \u00f4nibus do Munic\u00edpio de Ivaipor\u00e3, Estado do Paran\u00e1, a Universidade Estadual e Maring\u00e1 - Campus Regional do Vale do Iva\u00ed - Departamento de Educa\u00e7\u00e3o F\u00edsica, e d\u00e1 outras provid\u00eancias."}, {"id": "8377", "ano": "2012", "numero": "16", "tipo__sigla": "PDL", "tipo__descricao": "Projeto de Decreto Legislativo", "autoria": "Sab\u00e3o - Edivaldo Montanheri", "texto_original": "http://sapl.ivaipora.pr.leg.br/media/sapl/public/materialegislativa/2012/8377/proejto_de_decreto_16-2012.pdf", "ementa": "Referenda a cess\u00e3o de uso de \u00f4nibus do Munic\u00edpio de Ivaipor\u00e3, Estado do Paran\u00e1, a Igreja Congrega\u00e7\u00e3o Crist\u00e3 do Brasil, da Comunidade da Vila Nova Por\u00e3, e d\u00e1 outras provid\u00eancias."}, {"id": "8376", "ano": "2012", "numero": "17", "tipo__sigla": "PDL", "tipo__descricao": "Projeto de Decreto Legislativo", "autoria": "Sab\u00e3o - Edivaldo Montanheri", "texto_original": "http://sapl.ivaipora.pr.leg.br/media/sapl/public/materialegislativa/2012/8376/projeto_de_decreto_17-2012.pdf", "ementa": "Referenda autoriza\u00e7\u00e3o ao Munic\u00edpio de Ivaipor\u00e3, Estado do Paran\u00e1, a cess\u00e3o de uso de bem p\u00fablico, \u00e0 ASSOCIA\u00c7\u00c3O DA AGRICULTURA DO JACUTINGA, e d\u00e1 outras provid\u00eancias."}, {"id": "8375", "ano": "2012", "numero": "18", "tipo__sigla": "PDL", "tipo__descricao": "Projeto de Decreto Legislativo", "autoria": "Z\u00e9 Maria", "texto_original": "http://sapl.ivaipora.pr.leg.br/media/sapl/public/materialegislativa/2012/8375/projeto_de_decreto_18-2012.pdf", "ementa": "Referenda a cess\u00e3o de uso de \u00f4nibus do Munic\u00edpio de Ivaipor\u00e3, Estado do Paran\u00e1, a Igreja Evang\u00e9lica Assembleia de Deus na Vila Jo\u00e3o XXVIII e d\u00e1 outras provid\u00eancias."}, {"id": "8374", "ano": "2012", "numero": "19", "tipo__sigla": "PDL", "tipo__descricao": "Projeto de Decreto Legislativo", "autoria": "Sab\u00e3o - Edivaldo Montanheri", "texto_original": "http://sapl.ivaipora.pr.leg.br/media/sapl/public/materialegislativa/2012/8374/projeto_de_decreto_19-2012.pdf", "ementa": "Referenda a cess\u00e3o de uso de \u00f4nibus do Munic\u00edpio de Ivaipor\u00e3, Estado do Paran\u00e1, a Igreja Pentecostal Jesus Cristo \u00e9 o Salvador e d\u00e1 outras provid\u00eancias."}, {"id": "8373", "ano": "2012", "numero": "20", "tipo__sigla": "PDL", "tipo__descricao": "Projeto de Decreto Legislativo", "autoria": "Ademar", "texto_original": "http://sapl.ivaipora.pr.leg.br/media/sapl/public/materialegislativa/2012/8373/projeto_de_decreto_20-2012.pdf", "ementa": "Referenda a concess\u00e3o de isen\u00e7\u00e3o de taxa de alvar\u00e1  de funcionamento provis\u00f3rio para Pedreiro Aut\u00f4nomo e d\u00e1 outras provid\u00eancias."}, {"id": "8366", "ano": "2012", "numero": "21", "tipo__sigla": "PDL", "tipo__descricao": "Projeto de Decreto Legislativo", "autoria": "Jaffer Ferreira", "texto_original": "http://sapl.ivaipora.pr.leg.br/media/", "ementa": "Disp\u00f5e sobre o afastamento provis\u00f3rio e remunerado dos ocupantes dos cargos de Prefeito e Vice- Prefeito, do Munic\u00edpio de Ivaipor\u00e3, Estado do Paran\u00e1."}, {"id": "8365", "ano": "2012", "numero": "22", "tipo__sigla": "PDL", "tipo__descricao": "Projeto de Decreto Legislativo", "autoria": "Z\u00e9 Maria", "texto_original": "http://sapl.ivaipora.pr.leg.br/media/sapl/public/materialegislativa/2012/8365/projeto_de_decreto_22-2012.pdf", "ementa": "Referenda a cess\u00e3o de uso de \u00f4nibus do Munic\u00edpio de Ivaipor\u00e3, Estado do Paran\u00e1, \u00e0 Igreja Evang\u00e9lica Assembl\u00e9ia de Deus da Vila Jo\u00e3o XXVIII e d\u00e1 outras provid\u00eancias."}, {"id": "8364", "ano": "2012", "numero": "23", "tipo__sigla": "PDL", "tipo__descricao": "Projeto de Decreto Legislativo", "autoria": "M\u00e1rio Hort", "texto_original": "http://sapl.ivaipora.pr.leg.br/media/sapl/public/materialegislativa/2012/8364/projeto_de_decreto_23-2012.pdf", "ementa": "Referenda a cess\u00e3o de uso de \u00f4nibus do Munic\u00edpio de Ivaipor\u00e3, Estado do Paran\u00e1, a Igreja Avivamento B\u00edblico, Vila Monte Castelo, e d\u00e1 outras provid\u00eancias."}, {"id": "8363", "ano": "2012", "numero": "25", "tipo__sigla": "PDL", "tipo__descricao": "Projeto de Decreto Legislativo", "autoria": "Sab\u00e3o - Edivaldo Montanheri", "texto_original": "http://sapl.ivaipora.pr.leg.br/media/sapl/public/materialegislativa/2012/8363/projeto_de_decreto_25-2012.pdf", "ementa": "Referenda autoriza\u00e7\u00e3o ao Munic\u00edpio de Ivaipor\u00e3, Estado do Paran\u00e1, a cess\u00e3o de uso de bem p\u00fablico ao Senhor Roque Romagnole e d\u00e1 outras provid\u00eancias."}, {"id": "8362", "ano": "2012", "numero": "26", "tipo__sigla": "PDL", "tipo__descricao": "Projeto de Decreto Legislativo", "autoria": "Sab\u00e3o - Edivaldo Montanheri", "texto_original": "http://sapl.ivaipora.pr.leg.br/media/sapl/public/materialegislativa/2012/8362/projeto_de_decreto_26-2012.pdf", "ementa": "Referenda autoriza\u00e7\u00e3o ao Munic\u00edpio de Ivaipor\u00e3, Estado do Paran\u00e1, a cess\u00e3o de uso de bem p\u00fablico a empresa SENAC - Servi\u00e7o Nacional de Aprendizagem e d\u00e1 outras provid\u00eancias."}, {"id": "8361", "ano": "2012", "numero": "27", "tipo__sigla": "PDL", "tipo__descricao": "Projeto de Decreto Legislativo", "autoria": "Sab\u00e3o - Edivaldo Montanheri", "texto_original": "http://sapl.ivaipora.pr.leg.br/media/sapl/public/materialegislativa/2012/8361/projeto_de_decreto_27-2012.pdf", "ementa": "Disp\u00f5e sobre as Presta\u00e7\u00f5es de Contas do Poder Executivo do Munic\u00edpio de Ivaipor\u00e3, Estado do Paran\u00e1, referente ao exerc\u00edcio financeiro do ano de 2010."}, {"id": "8360", "ano": "2012", "numero": "28", "tipo__sigla": "PDL", "tipo__descricao": "Projeto de Decreto Legislativo", "autoria": "Sab\u00e3o - Edivaldo Montanheri", "texto_original": "http://sapl.ivaipora.pr.leg.br/media/sapl/public/materialegislativa/2012/8360/projeto_de_decreto_28-2012.pdf", "ementa": "Referenda a cess\u00e3o de uso de \u00f4nibus do Munic\u00edpio de Ivaipor\u00e3, Estado do Paran\u00e1, \u00e0 Escola Crist\u00e3 Caminho de Vida e d\u00e1 outras provid\u00eancias."}, {"id": "8359", "ano": "2012", "numero": "29", "tipo__sigla": "PDL", "tipo__descricao": "Projeto de Decreto Legislativo", "autoria": "Sab\u00e3o - Edivaldo Montanheri, Ademar, Luciano da Gr\u00e1fica, M\u00e1rio Hort", "texto_original": "http://sapl.ivaipora.pr.leg.br/media/sapl/public/materialegislativa/2012/8359/projeto_de_decreto_29-2012.pdf", "ementa": "Referenda ao Munic\u00edpio de Ivaipor\u00e3, Estado do Paran\u00e1, \u00e0 doa\u00e7\u00e3o de madeiras de barra\u00e7\u00e3o desativado e d\u00e1 outras provid\u00eancias."}, {"id": "8357", "ano": "2012", "numero": "30", "tipo__sigla": "PDL", "tipo__descricao": "Projeto de Decreto Legislativo", "autoria": "Sab\u00e3o - Edivaldo Montanheri", "texto_original": "http://sapl.ivaipora.pr.leg.br/media/sapl/public/materialegislativa/2012/8357/projeto_de_decreto_30-2012.pdf", "ementa": "Referenda autoriza\u00e7\u00e3o ao Munic\u00edpio de Ivaipor\u00e3, Estado do Paran\u00e1, a doa\u00e7\u00e3o de madeiras da Escola Municipal desativada do Bando de Areia \u00e0 ASSNTERE e d\u00e1 outras provid\u00eancia."}, {"id": "8358", "ano": "2012", "numero": "31", "tipo__sigla": "PDL", "tipo__descricao": "Projeto de Decreto Legislativo", "autoria": "Sab\u00e3o - Edivaldo Montanheri", "texto_original": "http://sapl.ivaipora.pr.leg.br/media/", "ementa": "Referenda autoriza\u00e7\u00e3o ao Col\u00e9gio Estadual Barbosa Ferraz, par o uso da parte traseira de \u00f4nibus da frota municipal do Munic\u00edpio de Ivaipor\u00e3, Estado do Paran\u00e1 e d\u00e1 outras provid\u00eancias."}, {"id": "8356", "ano": "2012", "numero": "32", "tipo__sigla": "PDL", "tipo__descricao": "Projeto de Decreto Legislativo", "autoria": "Sab\u00e3o - Edivaldo Montanheri", "texto_original": "http://sapl.ivaipora.pr.leg.br/media/sapl/public/materialegislativa/2012/8356/projeto_de_decreto_32-2012.pdf", "ementa": "Referenda autoriza\u00e7\u00e3o ao Munic\u00edpio de Ivaipor\u00e3, juntamente com o Minist\u00e9rio das Comunica\u00e7\u00f5es, executar a retransmiss\u00e3o da programa\u00e7\u00e3o b\u00e1sica da Televis\u00e3o e d\u00e1 outras provid\u00eancias."}, {"id": "8353", "ano": "2012", "numero": "33", "tipo__sigla": "PDL", "tipo__descricao": "Projeto de Decreto Legislativo", "autoria": "Sab\u00e3o - Edivaldo Montanheri", "texto_original": "http://sapl.ivaipora.pr.leg.br/media/", "ementa": "Referenda a cess\u00e3o de uso de \u00f4nibus do Munic\u00edpio de Ivaipor\u00e3, Estado do Paran\u00e1, ao P\u00f3lo de Apoio Presencial UAB de Ivaipor\u00e3 e d\u00e1 outras provid\u00eancias."}, {"id": "8349", "ano": "2012", "numero": "34", "tipo__sigla": "PDL", "tipo__descricao": "Projeto de Decreto Legislativo", "autoria": "Sab\u00e3o - Edivaldo Montanheri", "texto_original": "http://sapl.ivaipora.pr.leg.br/media/sapl/public/materialegislativa/2012/8349/projeto_de_decreto_34-2012.pdf", "ementa": "Refenda a cess\u00e3o de uso de \u00f4nibus do Munic\u00edpio de Ivaipor\u00e3, Estado do Paran\u00e1, a Igreja Nossa Senhora Aparecida - Distrito de Alto Por\u00e3, e d\u00e1 outras provid\u00eancias."}, {"id": "8346", "ano": "2012", "numero": "35", "tipo__sigla": "PDL", "tipo__descricao": "Projeto de Decreto Legislativo", "autoria": "Sab\u00e3o - Edivaldo Montanheri", "texto_original": "http://sapl.ivaipora.pr.leg.br/media/sapl/public/materialegislativa/2012/8346/projeto_de_decreto_35-2012.pdf", "ementa": "Refenda a cess\u00e3o de uso de dois \u00f4nibus do Munic\u00edpio de Ivaipor\u00e3, Estado do Paran\u00e1, ao Col\u00e9gio Estadual Id\u00e1lia Rocha, e d\u00e1 outras provid\u00eancias."}, {"id": "8329", "ano": "2012", "numero": "36", "tipo__sigla": "PDL", "tipo__descricao": "Projeto de Decreto Legislativo", "autoria": "Sab\u00e3o - Edivaldo Montanheri", "texto_original": "http://sapl.ivaipora.pr.leg.br/media/sapl/public/materialegislativa/2012/8329/projeto_de_decreto_36-2012.pdf", "ementa": "Referenda a doa\u00e7\u00e3o de equipamento de inform\u00e1tica e um arm\u00e1rio de a\u00e7o inserv\u00edveis ao servi\u00e7o p\u00fablico, pertencentes ao patrim\u00f4nio da C\u00e2mara Municipal de Ivaipor\u00e3, Estado do Paran\u00e1, a Associa\u00e7\u00e3o  dos Aposentados, Pensionistas e Idosos de Ivaipor\u00e3."}, {"id": "3968", "ano": "2012", "numero": "1", "tipo__sigla": "PRE", "tipo__descricao": "Projeto de Resolu\u00e7\u00e3o", "autoria": "Ademar, Bunitinho, Luciano da Gr\u00e1fica, M\u00e1rio Hort, Tor\u00e3o, Z\u00e9 Maria", "texto_original": "http://sapl.ivaipora.pr.leg.br/media/sapl/public/materialegislativa/2012/3968/pr_1_2012.pdf", "ementa": "Reajusta os vencimentos dos Servidores do Poder Legislativo e d\u00e1 outras provid\u00eancias."}, {"id": "3976", "ano": "2012", "numero": "2", "tipo__sigla": "PRE", "tipo__descricao": "Projeto de Resolu\u00e7\u00e3o", "autoria": "Ademar, Bunitinho, Gustavo Chaves, Jaffer Ferreira, Luciano da Gr\u00e1fica, M\u00e1rio Hort, Sab\u00e3o - Edivaldo Montanheri, Tor\u00e3o, Z\u00e9 Maria", "texto_original": "http://sapl.ivaipora.pr.leg.br/media/sapl/public/materialegislativa/2012/3976/pr_2_2012.pdf", "ementa": "Disp\u00f5e sobre o Instrumento da Programa\u00e7\u00e3o Financeira e cronograma mensal da despesa para o Legislativo Municipal referente ao exerc\u00edcio financeiro de 2012."}, {"id": "3977", "ano": "2012", "numero": "3", "tipo__sigla": "PRE", "tipo__descricao": "Projeto de Resolu\u00e7\u00e3o", "autoria": "Ademar, Sab\u00e3o - Edivaldo Montanheri, Tor\u00e3o", "texto_original": "http://sapl.ivaipora.pr.leg.br/media/sapl/public/materialegislativa/2012/3977/pr_3_2012.pdf", "ementa": "Cria o Portal da Transpar\u00eancia da\r\nC\u00e2mara Municipal de Ivaipor\u00e3, Estado do\r\nParan\u00e1 e d\u00e1 outras provid\u00eancias."}, {"id": "3980", "ano": "2012", "numero": "4", "tipo__sigla": "PRE", "tipo__descricao": "Projeto de Resolu\u00e7\u00e3o", "autoria": "Ademar, Luciano da Gr\u00e1fica, M\u00e1rio Hort, Sab\u00e3o - Edivaldo Montanheri, Tor\u00e3o, Z\u00e9 Maria", "texto_original": "http://sapl.ivaipora.pr.leg.br/media/sapl/public/materialegislativa/2012/3980/pr_4_2012.pdf", "ementa": "D\u00e1 nova reda\u00e7\u00e3o ao art. 56 do Regimento Interno da C\u00e2mara Municipal de Ivaipor\u00e3, Estado do Paran\u00e1 e d\u00e1 outras provid\u00eancias."}, {"id": "3985", "ano": "2012", "numero": "5", "tipo__sigla": "PRE", "tipo__descricao": "Projeto de Resolu\u00e7\u00e3o", "autoria": "Ademar, M\u00e1rio Hort, Sab\u00e3o - Edivaldo Montanheri, Tor\u00e3o", "texto_original": "http://sapl.ivaipora.pr.leg.br/media/sapl/public/materialegislativa/2012/3985/pr_5_2012.pdf", "ementa": "Regulamenta o Cap\u00edtulo IV, Se\u00e7\u00e3o V da Lei 12.527/11, o qual disp\u00f5e acerca das restri\u00e7\u00f5es  de acesso as informa\u00e7\u00f5es pessoais, no \u00e2mbito da C\u00e2mara Municipal de Ivaipor\u00e2, e d\u00e1 outras provid\u00eancias."}, {"id": "3988", "ano": "2012", "numero": "6", "tipo__sigla": "PRE", "tipo__descricao": "Projeto de Resolu\u00e7\u00e3o", "autoria": "Ademar, Luciano da Gr\u00e1fica, M\u00e1rio Hort, Sab\u00e3o - Edivaldo Montanheri", "texto_original": "http://sapl.ivaipora.pr.leg.br/media/sapl/public/materialegislativa/2012/3988/pr_6_2012.pdf", "ementa": "Estabelece regras procedimentais para a grava\u00e7\u00e3o audiovisual das reuni\u00f5es realizadas pelas Comiss\u00f5es Parlamentares de Inqu\u00e9rito e Comiss\u00f5es Processantes institu\u00eddas pela C\u00e2mara Municipal de Ivaipor\u00e3, com fulcro no Artigo 171, Inciso VI do Regimento Interno da C\u00e2mara Municipal de Ivaipor\u00e3, Estado do Paran\u00e1 e d\u00e1 outras provid\u00eancias."}, {"id": "3993", "ano": "2012", "numero": "7", "tipo__sigla": "PRE", "tipo__descricao": "Projeto de Resolu\u00e7\u00e3o", "autoria": "Ademar, Luciano da Gr\u00e1fica, M\u00e1rio Hort, Sab\u00e3o - Edivaldo Montanheri", "texto_original": "http://sapl.ivaipora.pr.leg.br/media/sapl/public/materialegislativa/2012/3993/pr_7_2012.pdf", "ementa": "Ementa: Disp\u00f5e sobre o Relat\u00f3rio Circunstanciado e Conclusivo da CPI - Comiss\u00e3o Parlamentar de Inqu\u00e9rito, referente \u00e0 PROVIVA - A\u00e7\u00e3o Social de Ivaipor\u00e3, Estado do Paran\u00e1 e d\u00e1 outras provid\u00eancias"}, {"id": "10514", "ano": "2012", "numero": "1", "tipo__sigla": "EA", "tipo__descricao": "Emenda Aditiva", "autoria": "Bunitinho, Jaffer Ferreira, Tor\u00e3o, Z\u00e9 Maria", "texto_original": "http://sapl.ivaipora.pr.leg.br/media/sapl/public/materialegislativa/2012/10514/pea_1_2012.pdf", "ementa": "Adiciona al\u00edneas ao Art. 61 inciso XIII da Lei Org\u00e2nica do Munic\u00edpio de Ivaipor\u00e3 e d\u00e1 outras provid\u00eancias."}, {"id": "10513", "ano": "2012", "numero": "1", "tipo__sigla": "EM", "tipo__descricao": "Emenda Modificativa", "autoria": "Ademar, Bunitinho, Jaffer Ferreira", "texto_original": "http://sapl.ivaipora.pr.leg.br/media/sapl/public/materialegislativa/2012/10513/pem_1_2012.pdf", "ementa": "Modifica o \"caput\", par\u00e1grafos e incisos do Artigo 144, o inciso VII do Artigo 38, inciso X do Artigo 61, inciso III do Artigo 70, a al\u00ednea 'g' do inciso I do Artigo 105, o \"caput\" do Artigo 147 e o inciso IV do Artigo 153, da Lei Org\u00e2nica do Munic\u00edpio de Ivaipor\u00e3, Estado do Paran\u00e1, e d\u00e1 outras provid\u00eancias."}, {"id": "10515", "ano": "2012", "numero": "2", "tipo__sigla": "EM", "tipo__descricao": "Emenda Modificativa", "autoria": "Ademar, Bunitinho, Jaffer Ferreira", "texto_original": "http://sapl.ivaipora.pr.leg.br/media/sapl/public/materialegislativa/2012/10515/pem_2_2012.pdf", "ementa": "Modifica o Inciso I, do \u00a76\u00ba, do Artigo 144 da Lei Org\u00e2nica do Munic\u00edpio de Ivaipor\u00e3, Estado do Paran\u00e1, e d\u00e1 outras provid\u00eancias."}, {"id": "10516", "ano": "2012", "numero": "3", "tipo__sigla": "EM", "tipo__descricao": "Emenda Modificativa", "autoria": "Sab\u00e3o - Edivaldo Montanheri, Bunitinho, M\u00e1rio Hort", "texto_original": "http://sapl.ivaipora.pr.leg.br/media/sapl/public/materialegislativa/2012/10516/em_3_2012.pdf", "ementa": "Altera dispositivos da Lei Org\u00e2nica do Munic\u00edpio de Ivaipor\u00e3, Estado do Paran\u00e1, e d\u00e1 outras provid\u00eancias."}, {"id": "11016", "ano": "2012", "numero": "2", "tipo__sigla": "ATOS", "tipo__descricao": "ATOS", "autoria": "Mesa Diretiva - MD", "texto_original": "http://sapl.ivaipora.pr.leg.br/media/sapl/public/materialegislativa/2012/11016/ato_2012_2.pdf", "ementa": "1) Abre um Cr\u00e9dito Adicional Suplementar e d\u00e1 outras provid\u00eancias. (Valor de R$ 107.000,00).\r\n2) Ficam os Senhores Presidente, Vereadores e Funcion\u00e1rios deste Poder Legislativo com direito a receberem di\u00e1rias constantes da Lei n\u00ba 2114/2012 a partir do dia 14 de fevereiro a 31 de dezembro de 2012."}, {"id": "11017", "ano": "2012", "numero": "3", "tipo__sigla": "ATOS", "tipo__descricao": "ATOS", "autoria": "Mesa Diretiva - MD", "texto_original": "http://sapl.ivaipora.pr.leg.br/media/sapl/public/materialegislativa/2012/11017/ato_2012_3.pdf", "ementa": "Abre um Cr\u00e9dito Adicional Suplementar e d\u00e1 outras provid\u00eancias. (Valor de R$ 200,00)"}, {"id": "11018", "ano": "2012", "numero": "4", "tipo__sigla": "ATOS", "tipo__descricao": "ATOS", "autoria": "Mesa Diretiva - MD", "texto_original": "http://sapl.ivaipora.pr.leg.br/media/sapl/public/materialegislativa/2012/11018/ato_2012_4.pdf", "ementa": "Abre um Cr\u00e9dito Adicional Suplementar e d\u00e1 outras provid\u00eancias. (Valor de R$ 50.000,00)"}]}