{"headers": {"id": "ID", "ano": "Ano", "numero": "N\u00famero", "tipo__sigla": "Tipo de Mat\u00e9ria Legislativa/Sigla", "tipo__descricao": "Tipo de Mat\u00e9ria Legislativa/Descri\u00e7\u00e3o", "autoria": "Autorias", "texto_original": "Texto Original", "ementa": "Ementa"}, "results": [{"id": "2517", "ano": "2011", "numero": "1", "tipo__sigla": "PLE", "tipo__descricao": "Projeto de Lei do Executivo", "autoria": "Cyro Fernandes Corre\u00e2 J\u00fanior", "texto_original": "http://sapl.ivaipora.pr.leg.br/media/sapl/public/materialegislativa/2011/2517/ple-01-2011.pdf", "ementa": "Abre um Cr\u00e9dito Adicional Especial e d\u00e1 outras provid\u00eancias."}, {"id": "2519", "ano": "2011", "numero": "2", "tipo__sigla": "PLE", "tipo__descricao": "Projeto de Lei do Executivo", "autoria": "Cyro Fernandes Corre\u00e2 J\u00fanior", "texto_original": "http://sapl.ivaipora.pr.leg.br/media/", "ementa": "Denomina a Rua Jo\u00e3o Maria Stresser, nesta cidade de Ivaipor\u00e3, Estado do Paran\u00e1, de \u201cRUA PASTOR CELESTINO ALVES DE SOUZA\u201d e d\u00e1 outras provid\u00eancias."}, {"id": "2520", "ano": "2011", "numero": "3", "tipo__sigla": "PLE", "tipo__descricao": "Projeto de Lei do Executivo", "autoria": "Cyro Fernandes Corre\u00e2 J\u00fanior", "texto_original": "http://sapl.ivaipora.pr.leg.br/media/sapl/public/materialegislativa/2011/2520/ple-03-2011.pdf", "ementa": "Abre um Cr\u00e9dito Adicional Especial e d\u00e1 outras provid\u00eancias."}, {"id": "2521", "ano": "2011", "numero": "4", "tipo__sigla": "PLE", "tipo__descricao": "Projeto de Lei do Executivo", "autoria": "Cyro Fernandes Corre\u00e2 J\u00fanior", "texto_original": "http://sapl.ivaipora.pr.leg.br/media/sapl/public/materialegislativa/2011/2521/ple-04-2011.pdf", "ementa": "Abre um Cr\u00e9dito Adicional Especial e d\u00e1 outras provid\u00eancias."}, {"id": "2522", "ano": "2011", "numero": "6", "tipo__sigla": "PLE", "tipo__descricao": "Projeto de Lei do Executivo", "autoria": "Cyro Fernandes Corre\u00e2 J\u00fanior", "texto_original": "http://sapl.ivaipora.pr.leg.br/media/sapl/public/materialegislativa/2011/2522/ple-06-2011.pdf", "ementa": "Abre um Cr\u00e9dito Adicional Especial e d\u00e1 outras provid\u00eancias."}, {"id": "2524", "ano": "2011", "numero": "7", "tipo__sigla": "PLE", "tipo__descricao": "Projeto de Lei do Executivo", "autoria": "Cyro Fernandes Corre\u00e2 J\u00fanior", "texto_original": "http://sapl.ivaipora.pr.leg.br/media/sapl/public/materialegislativa/2011/2524/ple-07-2011.pdf", "ementa": "Abre um Cr\u00e9dito Adicional Especial e d\u00e1 outras provid\u00eancias."}, {"id": "2526", "ano": "2011", "numero": "8", "tipo__sigla": "PLE", "tipo__descricao": "Projeto de Lei do Executivo", "autoria": "Cyro Fernandes Corre\u00e2 J\u00fanior", "texto_original": "http://sapl.ivaipora.pr.leg.br/media/sapl/public/materialegislativa/2011/2526/ple-08-2011.pdf", "ementa": "Declara de Utilidade P\u00fablica Municipal o ALBERGUE BOM SAMARITANO DE IVAIPOR\u00c3 e d\u00e1 outras provid\u00eancias."}, {"id": "2527", "ano": "2011", "numero": "9", "tipo__sigla": "PLE", "tipo__descricao": "Projeto de Lei do Executivo", "autoria": "Cyro Fernandes Corre\u00e2 J\u00fanior", "texto_original": "http://sapl.ivaipora.pr.leg.br/media/", "ementa": "Introduz altera\u00e7\u00f5es na Lei n\u00b0 1.890, de 21 de dezembro de 2010, a qual disp\u00f5e sobre o sistema tribut\u00e1rio do Munic\u00edpio e d\u00e1 outras provid\u00eancias."}, {"id": "2528", "ano": "2011", "numero": "10", "tipo__sigla": "PLE", "tipo__descricao": "Projeto de Lei do Executivo", "autoria": "Cyro Fernandes Corre\u00e2 J\u00fanior", "texto_original": "http://sapl.ivaipora.pr.leg.br/media/sapl/public/materialegislativa/2011/2528/ple-10-2011.pdf", "ementa": "Autoriza o parcelamento do Imposto Predial e Territorial Urbano \u2013 IPTU constitu\u00eddos at\u00e9 31 de dezembro de 2010."}, {"id": "2529", "ano": "2011", "numero": "11", "tipo__sigla": "PLE", "tipo__descricao": "Projeto de Lei do Executivo", "autoria": "Cyro Fernandes Corre\u00e2 J\u00fanior", "texto_original": "http://sapl.ivaipora.pr.leg.br/media/sapl/public/materialegislativa/2011/2529/ple-11-2011.pdf", "ementa": "Disp\u00f5e sobre a pol\u00edtica de Desenvolvimento Industrial do Munic\u00edpio de Ivaipor\u00e3 e d\u00e1 outras provid\u00eancias."}, {"id": "2530", "ano": "2011", "numero": "12", "tipo__sigla": "PLE", "tipo__descricao": "Projeto de Lei do Executivo", "autoria": "Cyro Fernandes Corre\u00e2 J\u00fanior", "texto_original": "http://sapl.ivaipora.pr.leg.br/media/sapl/public/materialegislativa/2011/2530/ple-12-2011.pdf", "ementa": "Autoriza o Executivo Municipal a celebrar    \r\nConv\u00eanio com a Funda\u00e7\u00e3o Gr\u00eamio Beneficente  \r\nEsportivo de Ivaipor\u00e3 e d\u00e1 outras provid\u00eancias."}, {"id": "2531", "ano": "2011", "numero": "13", "tipo__sigla": "PLE", "tipo__descricao": "Projeto de Lei do Executivo", "autoria": "Cyro Fernandes Corre\u00e2 J\u00fanior", "texto_original": "http://sapl.ivaipora.pr.leg.br/media/sapl/public/materialegislativa/2011/2531/ple-13-2011.pdf", "ementa": "Abre um Cr\u00e9dito Adicional Especial e d\u00e1 outras provid\u00eancias."}, {"id": "2532", "ano": "2011", "numero": "14", "tipo__sigla": "PLE", "tipo__descricao": "Projeto de Lei do Executivo", "autoria": "Cyro Fernandes Corre\u00e2 J\u00fanior", "texto_original": "http://sapl.ivaipora.pr.leg.br/media/sapl/public/materialegislativa/2011/2532/ple-14-2011.pdf", "ementa": "Introduz altera\u00e7\u00f5es na Lei n\u00b0 1.878/2010, que introduz altera\u00e7\u00f5es na lei n\u00ba 1.476/2007, que autoriza a permuta dos im\u00f3veis que especifica e d\u00e1 outras provid\u00eancias."}, {"id": "2533", "ano": "2011", "numero": "16", "tipo__sigla": "PLE", "tipo__descricao": "Projeto de Lei do Executivo", "autoria": "Cyro Fernandes Corre\u00e2 J\u00fanior", "texto_original": "http://sapl.ivaipora.pr.leg.br/media/sapl/public/materialegislativa/2011/2533/ple-16-2011.pdf", "ementa": "Abre um Cr\u00e9dito Adicional Especial e d\u00e1 outras provid\u00eancias."}, {"id": "2534", "ano": "2011", "numero": "17", "tipo__sigla": "PLE", "tipo__descricao": "Projeto de Lei do Executivo", "autoria": "Cyro Fernandes Corre\u00e2 J\u00fanior", "texto_original": "http://sapl.ivaipora.pr.leg.br/media/sapl/public/materialegislativa/2011/2534/ple-17-2011.pdf", "ementa": "Abre um Cr\u00e9dito Adicional Especial e d\u00e1 outras provid\u00eancias."}, {"id": "2535", "ano": "2011", "numero": "18", "tipo__sigla": "PLE", "tipo__descricao": "Projeto de Lei do Executivo", "autoria": "Cyro Fernandes Corre\u00e2 J\u00fanior", "texto_original": "http://sapl.ivaipora.pr.leg.br/media/sapl/public/materialegislativa/2011/2535/ple-18-2011.pdf", "ementa": "Abre um Cr\u00e9dito Adicional Suplementar e d\u00e1 outras provid\u00eancias."}, {"id": "2536", "ano": "2011", "numero": "19", "tipo__sigla": "PLE", "tipo__descricao": "Projeto de Lei do Executivo", "autoria": "Cyro Fernandes Corre\u00e2 J\u00fanior", "texto_original": "http://sapl.ivaipora.pr.leg.br/media/sapl/public/materialegislativa/2011/2536/ple-19-2011.pdf", "ementa": "Abre um Cr\u00e9dito Adicional Especial e d\u00e1 outras provid\u00eancias."}, {"id": "2537", "ano": "2011", "numero": "20", "tipo__sigla": "PLE", "tipo__descricao": "Projeto de Lei do Executivo", "autoria": "Cyro Fernandes Corre\u00e2 J\u00fanior", "texto_original": "http://sapl.ivaipora.pr.leg.br/media/sapl/public/materialegislativa/2011/2537/ple-20-2011.pdf", "ementa": "Abre um Cr\u00e9dito Adicional Especial e d\u00e1 outras provid\u00eancias."}, {"id": "2538", "ano": "2011", "numero": "21", "tipo__sigla": "PLE", "tipo__descricao": "Projeto de Lei do Executivo", "autoria": "Cyro Fernandes Corre\u00e2 J\u00fanior", "texto_original": "http://sapl.ivaipora.pr.leg.br/media/sapl/public/materialegislativa/2011/2538/ple-21-2011.pdf", "ementa": "Abre um Cr\u00e9dito Adicional Especial e d\u00e1 outras provid\u00eancias."}, {"id": "2539", "ano": "2011", "numero": "22", "tipo__sigla": "PLE", "tipo__descricao": "Projeto de Lei do Executivo", "autoria": "Cyro Fernandes Corre\u00e2 J\u00fanior", "texto_original": "http://sapl.ivaipora.pr.leg.br/media/sapl/public/materialegislativa/2011/2539/ple-22-2011.pdf", "ementa": "Abre um Cr\u00e9dito Adicional Especial e d\u00e1 outras provid\u00eancias."}, {"id": "2540", "ano": "2011", "numero": "23", "tipo__sigla": "PLE", "tipo__descricao": "Projeto de Lei do Executivo", "autoria": "Cyro Fernandes Corre\u00e2 J\u00fanior", "texto_original": "http://sapl.ivaipora.pr.leg.br/media/sapl/public/materialegislativa/2011/2540/ple-23-2011.pdf", "ementa": "Prop\u00f5e dila\u00e7\u00e3o de prazo de pagamento da Taxa de Licen\u00e7a para Localiza\u00e7\u00e3o e Taxa de Fiscaliza\u00e7\u00e3o de Funcionamento, exerc\u00edcio 2011, do Munic\u00edpio de Ivaipor\u00e3."}, {"id": "2541", "ano": "2011", "numero": "24", "tipo__sigla": "PLE", "tipo__descricao": "Projeto de Lei do Executivo", "autoria": "Cyro Fernandes Corre\u00e2 J\u00fanior", "texto_original": "http://sapl.ivaipora.pr.leg.br/media/sapl/public/materialegislativa/2011/2541/ple-24-2011.pdf", "ementa": "Disp\u00f5e sobre a oferta de cursos na modalidade a dist\u00e2ncia, bem como sobre a implanta\u00e7\u00e3o do Polo Universit\u00e1rio de Apoio Presencial ao Programa Universidade Aberta do Brasil - UAB no \u00e2mbito do Munic\u00edpio de Ivaipor\u00e3, Estado do Paran\u00e1 e d\u00e1 outras provid\u00eancias."}, {"id": "2545", "ano": "2011", "numero": "25", "tipo__sigla": "PLE", "tipo__descricao": "Projeto de Lei do Executivo", "autoria": "Cyro Fernandes Corre\u00e2 J\u00fanior", "texto_original": "http://sapl.ivaipora.pr.leg.br/media/sapl/public/materialegislativa/2011/2545/ple-25-2011.pdf", "ementa": "Abre um Cr\u00e9dito Adicional Especial e d\u00e1 outras provid\u00eancias."}, {"id": "2546", "ano": "2011", "numero": "26", "tipo__sigla": "PLE", "tipo__descricao": "Projeto de Lei do Executivo", "autoria": "Cyro Fernandes Corre\u00e2 J\u00fanior", "texto_original": "http://sapl.ivaipora.pr.leg.br/media/sapl/public/materialegislativa/2011/2546/ple-26-2011.pdf", "ementa": "Abre um Cr\u00e9dito Adicional Especial e d\u00e1 outras provid\u00eancias."}, {"id": "2547", "ano": "2011", "numero": "27", "tipo__sigla": "PLE", "tipo__descricao": "Projeto de Lei do Executivo", "autoria": "Cyro Fernandes Corre\u00e2 J\u00fanior", "texto_original": "http://sapl.ivaipora.pr.leg.br/media/sapl/public/materialegislativa/2011/2547/ple-27-2011.pdf", "ementa": "Abre um Cr\u00e9dito Adicional Especial e d\u00e1 outras provid\u00eancias."}, {"id": "2548", "ano": "2011", "numero": "28", "tipo__sigla": "PLE", "tipo__descricao": "Projeto de Lei do Executivo", "autoria": "Cyro Fernandes Corre\u00e2 J\u00fanior", "texto_original": "http://sapl.ivaipora.pr.leg.br/media/sapl/public/materialegislativa/2011/2548/ple-28-2011.pdf", "ementa": "Autoriza o Executivo Municipal de Ivaipor\u00e3 a celebrar conv\u00eanio com o MUNICIPIO DE ARAPU\u00c3, ESTADO DO PARAN\u00c1 e d\u00e1 outras provid\u00eancias."}, {"id": "2550", "ano": "2011", "numero": "29", "tipo__sigla": "PLE", "tipo__descricao": "Projeto de Lei do Executivo", "autoria": "Cyro Fernandes Corre\u00e2 J\u00fanior", "texto_original": "http://sapl.ivaipora.pr.leg.br/media/sapl/public/materialegislativa/2011/2550/ple-29-2011.pdf", "ementa": "Introduz altera\u00e7\u00f5es na Lei n\u00b0 1.269/2005 que disp\u00f5es da institui\u00e7\u00e3o do Plano de Cargos e Sal\u00e1rios na Administra\u00e7\u00e3o Publica e d\u00e1 outras provid\u00eancias."}, {"id": "2551", "ano": "2011", "numero": "31", "tipo__sigla": "PLE", "tipo__descricao": "Projeto de Lei do Executivo", "autoria": "Cyro Fernandes Corre\u00e2 J\u00fanior", "texto_original": "http://sapl.ivaipora.pr.leg.br/media/sapl/public/materialegislativa/2011/2551/ple-31-2011.pdf", "ementa": "Abre um Cr\u00e9dito Adicional Suplementar e d\u00e1 outras provid\u00eancias."}, {"id": "2553", "ano": "2011", "numero": "32", "tipo__sigla": "PLE", "tipo__descricao": "Projeto de Lei do Executivo", "autoria": "Cyro Fernandes Corre\u00e2 J\u00fanior", "texto_original": "http://sapl.ivaipora.pr.leg.br/media/sapl/public/materialegislativa/2011/2553/ple-32-2011.pdf", "ementa": "Abre um Cr\u00e9dito Adicional Especial e d\u00e1 outras provid\u00eancias."}, {"id": "2554", "ano": "2011", "numero": "33", "tipo__sigla": "PLE", "tipo__descricao": "Projeto de Lei do Executivo", "autoria": "Cyro Fernandes Corre\u00e2 J\u00fanior", "texto_original": "http://sapl.ivaipora.pr.leg.br/media/sapl/public/materialegislativa/2011/2554/ple-33-2011.pdf", "ementa": "Abre um cr\u00e9dito Adicional Especial e d\u00e1 outras provid\u00eancias."}, {"id": "2556", "ano": "2011", "numero": "34", "tipo__sigla": "PLE", "tipo__descricao": "Projeto de Lei do Executivo", "autoria": "Cyro Fernandes Corre\u00e2 J\u00fanior", "texto_original": "http://sapl.ivaipora.pr.leg.br/media/sapl/public/materialegislativa/2011/2556/ple-34-2011.pdf", "ementa": "DISP\u00d5ES SOBRE OS LIMITES DOS PER\u00cdMETROS URBANOS DO MUNICIPIO DE IVAIPOR\u00c3 E D\u00c1 OUTRAS PROVID\u00caNCIAS."}, {"id": "2557", "ano": "2011", "numero": "35", "tipo__sigla": "PLE", "tipo__descricao": "Projeto de Lei do Executivo", "autoria": "Cyro Fernandes Corre\u00e2 J\u00fanior", "texto_original": "http://sapl.ivaipora.pr.leg.br/media/sapl/public/materialegislativa/2011/2557/ple-35-2011.pdf", "ementa": "Disp\u00f5e sobre a cria\u00e7\u00e3o de Zona Especial de Interesse Social \u2013 ZEIS e d\u00e1 outras provid\u00eancias."}, {"id": "2558", "ano": "2011", "numero": "36", "tipo__sigla": "PLE", "tipo__descricao": "Projeto de Lei do Executivo", "autoria": "Cyro Fernandes Corre\u00e2 J\u00fanior", "texto_original": "http://sapl.ivaipora.pr.leg.br/media/sapl/public/materialegislativa/2011/2558/ple-36-2011.pdf", "ementa": "Abre um cr\u00e9dito Adicional Especial e d\u00e1 outras provid\u00eancias."}, {"id": "2559", "ano": "2011", "numero": "37", "tipo__sigla": "PLE", "tipo__descricao": "Projeto de Lei do Executivo", "autoria": "Cyro Fernandes Corre\u00e2 J\u00fanior", "texto_original": "http://sapl.ivaipora.pr.leg.br/media/sapl/public/materialegislativa/2011/2559/ple-37-2011.pdf", "ementa": "Abre um Cr\u00e9dito Adicional Especial e d\u00e1 outras provid\u00eancias."}, {"id": "2560", "ano": "2011", "numero": "38", "tipo__sigla": "PLE", "tipo__descricao": "Projeto de Lei do Executivo", "autoria": "Cyro Fernandes Corre\u00e2 J\u00fanior", "texto_original": "http://sapl.ivaipora.pr.leg.br/media/sapl/public/materialegislativa/2011/2560/ple-38-2011.pdf", "ementa": "Abre um Cr\u00e9dito Adicional Especial e d\u00e1 outras provid\u00eancias."}, {"id": "2561", "ano": "2011", "numero": "39", "tipo__sigla": "PLE", "tipo__descricao": "Projeto de Lei do Executivo", "autoria": "Cyro Fernandes Corre\u00e2 J\u00fanior", "texto_original": "http://sapl.ivaipora.pr.leg.br/media/sapl/public/materialegislativa/2011/2561/ple-39-2011.pdf", "ementa": "Autoriza a doa\u00e7\u00e3o de terreno \u00e0 ASSOCIA\u00c7\u00c3O DOS MILITARES DO VALE DO IVAI \u2013APOM e d\u00e1 outras provid\u00eancias."}, {"id": "2563", "ano": "2011", "numero": "40", "tipo__sigla": "PLE", "tipo__descricao": "Projeto de Lei do Executivo", "autoria": "Cyro Fernandes Corre\u00e2 J\u00fanior", "texto_original": "http://sapl.ivaipora.pr.leg.br/media/sapl/public/materialegislativa/2011/2563/ple-40-2011.pdf", "ementa": "Prop\u00f5e Programa de Recupera\u00e7\u00e3o Fiscal ISSQN para promover a regulariza\u00e7\u00e3o de cr\u00e9ditos tribut\u00e1rios at\u00e9 2010, do Munic\u00edpio de Ivaipor\u00e3."}, {"id": "2564", "ano": "2011", "numero": "41", "tipo__sigla": "PLE", "tipo__descricao": "Projeto de Lei do Executivo", "autoria": "Cyro Fernandes Corre\u00e2 J\u00fanior", "texto_original": "http://sapl.ivaipora.pr.leg.br/media/sapl/public/materialegislativa/2011/2564/ple-41-2011.pdf", "ementa": "Abre um Cr\u00e9dito Adicional Especial e d\u00e1 outras provid\u00eancias."}, {"id": "2565", "ano": "2011", "numero": "42", "tipo__sigla": "PLE", "tipo__descricao": "Projeto de Lei do Executivo", "autoria": "Cyro Fernandes Corre\u00e2 J\u00fanior", "texto_original": "http://sapl.ivaipora.pr.leg.br/media/sapl/public/materialegislativa/2011/2565/ple-42-2011.pdf", "ementa": "Abre um Cr\u00e9dito Adicional Especial e d\u00e1 outras provid\u00eancias."}, {"id": "2566", "ano": "2011", "numero": "43", "tipo__sigla": "PLE", "tipo__descricao": "Projeto de Lei do Executivo", "autoria": "Cyro Fernandes Corre\u00e2 J\u00fanior", "texto_original": "http://sapl.ivaipora.pr.leg.br/media/sapl/public/materialegislativa/2011/2566/ple-43-2011.pdf", "ementa": "Prop\u00f5e retifica\u00e7\u00e3o dos lotes 12, 13, 14 e 15, quadra 10, da Vila Jo\u00e3o XXIII, deste munic\u00edpio, bem como isen\u00e7\u00e3o do ITBI para regulariza\u00e7\u00e3o de propriedade das matr\u00edculas de im\u00f3veis dos lotes supracitados."}, {"id": "2567", "ano": "2011", "numero": "44", "tipo__sigla": "PLE", "tipo__descricao": "Projeto de Lei do Executivo", "autoria": "Cyro Fernandes Corre\u00e2 J\u00fanior", "texto_original": "http://sapl.ivaipora.pr.leg.br/media/sapl/public/materialegislativa/2011/2567/ple-44-2011.pdf", "ementa": "Abre um Cr\u00e9dito Adicional Especial e d\u00e1 outras provid\u00eancias."}, {"id": "2568", "ano": "2011", "numero": "45", "tipo__sigla": "PLE", "tipo__descricao": "Projeto de Lei do Executivo", "autoria": "Cyro Fernandes Corre\u00e2 J\u00fanior", "texto_original": "http://sapl.ivaipora.pr.leg.br/media/sapl/public/materialegislativa/2011/2568/ple-45-2011.pdf", "ementa": "Abre um Cr\u00e9dito Adicional Especial e d\u00e1 outras provid\u00eancias."}, {"id": "2569", "ano": "2011", "numero": "46", "tipo__sigla": "PLE", "tipo__descricao": "Projeto de Lei do Executivo", "autoria": "Cyro Fernandes Corre\u00e2 J\u00fanior", "texto_original": "http://sapl.ivaipora.pr.leg.br/media/sapl/public/materialegislativa/2011/2569/ple-46-2011.pdf", "ementa": "Autoriza o Executivo Municipal a receber em doa\u00e7\u00e3o terreno para o prolongamento de rua e d\u00e1 outras provid\u00eancias."}, {"id": "2571", "ano": "2011", "numero": "47", "tipo__sigla": "PLE", "tipo__descricao": "Projeto de Lei do Executivo", "autoria": "Cyro Fernandes Corre\u00e2 J\u00fanior", "texto_original": "http://sapl.ivaipora.pr.leg.br/media/sapl/public/materialegislativa/2011/2571/ple-47-2011.pdf", "ementa": "Altera os sal\u00e1rios dos ocupantes dos cargos de Educador Infantil e Professor."}, {"id": "2572", "ano": "2011", "numero": "48", "tipo__sigla": "PLE", "tipo__descricao": "Projeto de Lei do Executivo", "autoria": "Cyro Fernandes Corre\u00e2 J\u00fanior", "texto_original": "http://sapl.ivaipora.pr.leg.br/media/sapl/public/materialegislativa/2011/2572/ple-48-2011.pdf", "ementa": "Autoriza o Executivo Municipal a Subvencionar o ALBERGUE BOM SAMARITANO DE IVAIPOR\u00c3 e d\u00e1 outras provid\u00eancias."}, {"id": "2575", "ano": "2011", "numero": "49", "tipo__sigla": "PLE", "tipo__descricao": "Projeto de Lei do Executivo", "autoria": "Cyro Fernandes Corre\u00e2 J\u00fanior", "texto_original": "http://sapl.ivaipora.pr.leg.br/media/sapl/public/materialegislativa/2011/2575/ple-49-2011.pdf", "ementa": "Abre um Cr\u00e9dito Adicional Suplementar e d\u00e1 outras provid\u00eancias."}, {"id": "2576", "ano": "2011", "numero": "50", "tipo__sigla": "PLE", "tipo__descricao": "Projeto de Lei do Executivo", "autoria": "Cyro Fernandes Corre\u00e2 J\u00fanior", "texto_original": "http://sapl.ivaipora.pr.leg.br/media/sapl/public/materialegislativa/2011/2576/ple-50-2011.pdf", "ementa": "Abre um Cr\u00e9dito Adicional Suplementar e d\u00e1 outras provid\u00eancias."}, {"id": "2592", "ano": "2011", "numero": "51", "tipo__sigla": "PLE", "tipo__descricao": "Projeto de Lei do Executivo", "autoria": "Cyro Fernandes Corre\u00e2 J\u00fanior", "texto_original": "http://sapl.ivaipora.pr.leg.br/media/sapl/public/materialegislativa/2011/2592/ple-51-2011.pdf", "ementa": "Abre um Cr\u00e9dito Adicional Suplementar e d\u00e1 outras provid\u00eancias."}, {"id": "2593", "ano": "2011", "numero": "52", "tipo__sigla": "PLE", "tipo__descricao": "Projeto de Lei do Executivo", "autoria": "Cyro Fernandes Corre\u00e2 J\u00fanior", "texto_original": "http://sapl.ivaipora.pr.leg.br/media/sapl/public/materialegislativa/2011/2593/ple-52-2011.pdf", "ementa": "Abre um Cr\u00e9dito Adicional Especial e d\u00e1 outras provid\u00eancias."}, {"id": "2596", "ano": "2011", "numero": "54", "tipo__sigla": "PLE", "tipo__descricao": "Projeto de Lei do Executivo", "autoria": "Cyro Fernandes Corre\u00e2 J\u00fanior", "texto_original": "http://sapl.ivaipora.pr.leg.br/media/sapl/public/materialegislativa/2011/2596/ple-54-2011.pdf", "ementa": "Disp\u00f5e sobre as Diretrizes para a Elabora\u00e7\u00e3o da Lei Or\u00e7ament\u00e1ria do Munic\u00edpio de Ivaipor\u00e3, Estado do Paran\u00e1, para o exerc\u00edcio financeiro de 2012, e d\u00e1 outras provid\u00eancias."}, {"id": "2601", "ano": "2011", "numero": "55", "tipo__sigla": "PLE", "tipo__descricao": "Projeto de Lei do Executivo", "autoria": "Cyro Fernandes Corre\u00e2 J\u00fanior", "texto_original": "http://sapl.ivaipora.pr.leg.br/media/sapl/public/materialegislativa/2011/2601/ple-55-2011.pdf", "ementa": "Disp\u00f5e sobre a isen\u00e7\u00e3o de IPTU \u2013 Imposto Predial e Territorial Urbano e d\u00e1 outras provid\u00eancias."}, {"id": "2602", "ano": "2011", "numero": "56", "tipo__sigla": "PLE", "tipo__descricao": "Projeto de Lei do Executivo", "autoria": "Cyro Fernandes Corre\u00e2 J\u00fanior", "texto_original": "http://sapl.ivaipora.pr.leg.br/media/sapl/public/materialegislativa/2011/2602/ple56-2011.pdf", "ementa": "Autoriza a permuta dos im\u00f3veis que especifica e d\u00e1 outras providencias."}, {"id": "2605", "ano": "2011", "numero": "57", "tipo__sigla": "PLE", "tipo__descricao": "Projeto de Lei do Executivo", "autoria": "Cyro Fernandes Corre\u00e2 J\u00fanior", "texto_original": "http://sapl.ivaipora.pr.leg.br/media/sapl/public/materialegislativa/2011/2605/ple-57-2011.pdf", "ementa": "Abre um Cr\u00e9dito Adicional Especial e d\u00e1 outras provid\u00eancias."}, {"id": "2614", "ano": "2011", "numero": "58", "tipo__sigla": "PLE", "tipo__descricao": "Projeto de Lei do Executivo", "autoria": "Cyro Fernandes Corre\u00e2 J\u00fanior", "texto_original": "http://sapl.ivaipora.pr.leg.br/media/sapl/public/materialegislativa/2011/2614/ple-58-2011.pdf", "ementa": "Abre um Cr\u00e9dito Adicional Especial e d\u00e1 outras provid\u00eancias."}, {"id": "2615", "ano": "2011", "numero": "59", "tipo__sigla": "PLE", "tipo__descricao": "Projeto de Lei do Executivo", "autoria": "Cyro Fernandes Corre\u00e2 J\u00fanior", "texto_original": "http://sapl.ivaipora.pr.leg.br/media/sapl/public/materialegislativa/2011/2615/ple-59-2011.pdf", "ementa": "Abre um Cr\u00e9dito Adicional Suplementar e d\u00e1 outras provid\u00eancias."}, {"id": "2616", "ano": "2011", "numero": "60", "tipo__sigla": "PLE", "tipo__descricao": "Projeto de Lei do Executivo", "autoria": "Cyro Fernandes Corre\u00e2 J\u00fanior", "texto_original": "http://sapl.ivaipora.pr.leg.br/media/", "ementa": "Altera dispositivos da Lei n\u00ba 1.523/2008 e d\u00e1 outras provid\u00eancias."}, {"id": "2617", "ano": "2011", "numero": "61", "tipo__sigla": "PLE", "tipo__descricao": "Projeto de Lei do Executivo", "autoria": "Cyro Fernandes Corre\u00e2 J\u00fanior", "texto_original": "http://sapl.ivaipora.pr.leg.br/media/sapl/public/materialegislativa/2011/2617/ple-61-2011.pdf", "ementa": "Abre um Cr\u00e9dito Adicional Suplementar e d\u00e1 outras provid\u00eancias."}, {"id": "2618", "ano": "2011", "numero": "62", "tipo__sigla": "PLE", "tipo__descricao": "Projeto de Lei do Executivo", "autoria": "Cyro Fernandes Corre\u00e2 J\u00fanior", "texto_original": "http://sapl.ivaipora.pr.leg.br/media/sapl/public/materialegislativa/2011/2618/ple-62-2011.pdf", "ementa": "Introduz altera\u00e7\u00f5es na Lei n\u00b0 1.121/2000, de 27-12-2000, que disp\u00f5e sobre a cria\u00e7\u00e3o do Conselho de Alimenta\u00e7\u00e3o Escolar \u2013 CAE e d\u00e1 outras provid\u00eancias."}, {"id": "2619", "ano": "2011", "numero": "63", "tipo__sigla": "PLE", "tipo__descricao": "Projeto de Lei do Executivo", "autoria": "Cyro Fernandes Corre\u00e2 J\u00fanior", "texto_original": "http://sapl.ivaipora.pr.leg.br/media/sapl/public/materialegislativa/2011/2619/ple-63-2011.pdf", "ementa": "Declara de Utilidade P\u00fablica Municipal a ART&VEST \u2013 COOPERATIVA DE COSTURA E ARTESANATO e d\u00e1 outras provid\u00eancias."}, {"id": "2620", "ano": "2011", "numero": "64", "tipo__sigla": "PLE", "tipo__descricao": "Projeto de Lei do Executivo", "autoria": "Cyro Fernandes Corre\u00e2 J\u00fanior", "texto_original": "http://sapl.ivaipora.pr.leg.br/media/sapl/public/materialegislativa/2011/2620/ple-64-2011.pdf", "ementa": "Abre um Cr\u00e9dito Adicional Especial e d\u00e1 outras provid\u00eancias."}, {"id": "2621", "ano": "2011", "numero": "65", "tipo__sigla": "PLE", "tipo__descricao": "Projeto de Lei do Executivo", "autoria": "Cyro Fernandes Corre\u00e2 J\u00fanior", "texto_original": "http://sapl.ivaipora.pr.leg.br/media/sapl/public/materialegislativa/2011/2621/ple-65-2011.pdf", "ementa": "Abre um Cr\u00e9dito Adicional Especial e d\u00e1 outras provid\u00eancias."}, {"id": "2622", "ano": "2011", "numero": "66", "tipo__sigla": "PLE", "tipo__descricao": "Projeto de Lei do Executivo", "autoria": "Cyro Fernandes Corre\u00e2 J\u00fanior", "texto_original": "http://sapl.ivaipora.pr.leg.br/media/sapl/public/materialegislativa/2011/2622/ple-66-2011.pdf", "ementa": "Altera dispositivos da Lei n\u00ba 1.380/2006 e d\u00e1 outras provid\u00eancias."}, {"id": "2623", "ano": "2011", "numero": "67", "tipo__sigla": "PLE", "tipo__descricao": "Projeto de Lei do Executivo", "autoria": "Cyro Fernandes Corre\u00e2 J\u00fanior", "texto_original": "http://sapl.ivaipora.pr.leg.br/media/sapl/public/materialegislativa/2011/2623/ple-67-2011.pdf", "ementa": "Revoga na \u00edntegra a Lei Municipal n\u00ba 1.361/2006, de 04/07/2006, que autoriza o executivo Municipal a deduzir na folha de pagamento, ordens de fornecimentos de servidores municipais que forem s\u00f3cios do Sindicato dos Servidores P\u00fablicos Municipais de Ivaipor\u00e3."}, {"id": "2624", "ano": "2011", "numero": "68", "tipo__sigla": "PLE", "tipo__descricao": "Projeto de Lei do Executivo", "autoria": "Cyro Fernandes Corre\u00e2 J\u00fanior", "texto_original": "http://sapl.ivaipora.pr.leg.br/media/sapl/public/materialegislativa/2011/2624/ple-68-2011.pdf", "ementa": "Abre um Cr\u00e9dito Adicional Suplementar e d\u00e1 outras provid\u00eancias."}, {"id": "2625", "ano": "2011", "numero": "69", "tipo__sigla": "PLE", "tipo__descricao": "Projeto de Lei do Executivo", "autoria": "Cyro Fernandes Corre\u00e2 J\u00fanior", "texto_original": "http://sapl.ivaipora.pr.leg.br/media/sapl/public/materialegislativa/2011/2625/ple-69-2011.pdf", "ementa": "Abre um Cr\u00e9dito Adicional Especial e d\u00e1 outras provid\u00eancias."}, {"id": "2626", "ano": "2011", "numero": "70", "tipo__sigla": "PLE", "tipo__descricao": "Projeto de Lei do Executivo", "autoria": "Cyro Fernandes Corre\u00e2 J\u00fanior", "texto_original": "http://sapl.ivaipora.pr.leg.br/media/sapl/public/materialegislativa/2011/2626/ple-70-2011.pdf", "ementa": "Abre um Cr\u00e9dito Adicional Suplementar e d\u00e1 outras provid\u00eancias."}, {"id": "2627", "ano": "2011", "numero": "71", "tipo__sigla": "PLE", "tipo__descricao": "Projeto de Lei do Executivo", "autoria": "Cyro Fernandes Corre\u00e2 J\u00fanior", "texto_original": "http://sapl.ivaipora.pr.leg.br/media/sapl/public/materialegislativa/2011/2627/ple-71-2011.pdf", "ementa": "Abre um Cr\u00e9dito Adicional Especial e d\u00e1 outras provid\u00eancias."}, {"id": "2628", "ano": "2011", "numero": "72", "tipo__sigla": "PLE", "tipo__descricao": "Projeto de Lei do Executivo", "autoria": "Cyro Fernandes Corre\u00e2 J\u00fanior", "texto_original": "http://sapl.ivaipora.pr.leg.br/media/sapl/public/materialegislativa/2011/2628/ple-72-2011.pdf", "ementa": "Abre um Cr\u00e9dito Adicional Especial e d\u00e1 outras provid\u00eancias."}, {"id": "2629", "ano": "2011", "numero": "73", "tipo__sigla": "PLE", "tipo__descricao": "Projeto de Lei do Executivo", "autoria": "Cyro Fernandes Corre\u00e2 J\u00fanior", "texto_original": "http://sapl.ivaipora.pr.leg.br/media/sapl/public/materialegislativa/2011/2629/ple-73-2011.pdf", "ementa": "Abre um Cr\u00e9dito Adicional Especial e d\u00e1 outras provid\u00eancias."}, {"id": "2630", "ano": "2011", "numero": "74", "tipo__sigla": "PLE", "tipo__descricao": "Projeto de Lei do Executivo", "autoria": "Cyro Fernandes Corre\u00e2 J\u00fanior", "texto_original": "http://sapl.ivaipora.pr.leg.br/media/sapl/public/materialegislativa/2011/2630/ple-74-2011.pdf", "ementa": "Abre Cr\u00e9dito Adicional Especial e d\u00e1 outras provid\u00eancias."}, {"id": "2631", "ano": "2011", "numero": "75", "tipo__sigla": "PLE", "tipo__descricao": "Projeto de Lei do Executivo", "autoria": "Cyro Fernandes Corre\u00e2 J\u00fanior", "texto_original": "http://sapl.ivaipora.pr.leg.br/media/sapl/public/materialegislativa/2011/2631/ple-75-2011.pdf", "ementa": "Abre um Cr\u00e9dito Adicional Especial e d\u00e1 outras provid\u00eancias."}, {"id": "2632", "ano": "2011", "numero": "76", "tipo__sigla": "PLE", "tipo__descricao": "Projeto de Lei do Executivo", "autoria": "Cyro Fernandes Corre\u00e2 J\u00fanior", "texto_original": "http://sapl.ivaipora.pr.leg.br/media/sapl/public/materialegislativa/2011/2632/ple-76-2011.pdf", "ementa": "Abre um Cr\u00e9dito Adicional Especial e d\u00e1 outras provid\u00eancias."}, {"id": "2633", "ano": "2011", "numero": "77", "tipo__sigla": "PLE", "tipo__descricao": "Projeto de Lei do Executivo", "autoria": "Cyro Fernandes Corre\u00e2 J\u00fanior", "texto_original": "http://sapl.ivaipora.pr.leg.br/media/sapl/public/materialegislativa/2011/2633/ple-77-2011.pdf", "ementa": "Autoriza a concess\u00e3o de Direito Real de Uso de ve\u00edculo \u00e0 \u201cCOPEMARI \u2013 COOPERATIVA DE MATERIAIS RECICL\u00c1VEIS DE IVAIPOR\u00c3\u201d e d\u00e1 outras provid\u00eancias."}, {"id": "2634", "ano": "2011", "numero": "78", "tipo__sigla": "PLE", "tipo__descricao": "Projeto de Lei do Executivo", "autoria": "Cyro Fernandes Corre\u00e2 J\u00fanior", "texto_original": "http://sapl.ivaipora.pr.leg.br/media/sapl/public/materialegislativa/2011/2634/ple-78-2011.pdf", "ementa": "Abre um Cr\u00e9dito Adicional Especial e d\u00e1 outras provid\u00eancias."}, {"id": "2635", "ano": "2011", "numero": "79", "tipo__sigla": "PLE", "tipo__descricao": "Projeto de Lei do Executivo", "autoria": "Cyro Fernandes Corre\u00e2 J\u00fanior", "texto_original": "http://sapl.ivaipora.pr.leg.br/media/sapl/public/materialegislativa/2011/2635/ple-79-2011.pdf", "ementa": "Disp\u00f5e sobre a cria\u00e7\u00e3o de \u201cRUAS\u201d que especifica."}, {"id": "2636", "ano": "2011", "numero": "80", "tipo__sigla": "PLE", "tipo__descricao": "Projeto de Lei do Executivo", "autoria": "Cyro Fernandes Corre\u00e2 J\u00fanior", "texto_original": "http://sapl.ivaipora.pr.leg.br/media/sapl/public/materialegislativa/2011/2636/ple-80-2011.pdf", "ementa": "Abre um Cr\u00e9dito Adicional Especial e d\u00e1 outras provid\u00eancias."}, {"id": "2637", "ano": "2011", "numero": "81", "tipo__sigla": "PLE", "tipo__descricao": "Projeto de Lei do Executivo", "autoria": "Cyro Fernandes Corre\u00e2 J\u00fanior", "texto_original": "http://sapl.ivaipora.pr.leg.br/media/sapl/public/materialegislativa/2011/2637/ple-81-2011.pdf", "ementa": "Institui Comiss\u00e3o Permanente de Sindic\u00e2ncia e Processo Administrativo Disciplinar e Especial e d\u00e1 outras providencias."}, {"id": "2638", "ano": "2011", "numero": "83", "tipo__sigla": "PLE", "tipo__descricao": "Projeto de Lei do Executivo", "autoria": "Cyro Fernandes Corre\u00e2 J\u00fanior", "texto_original": "http://sapl.ivaipora.pr.leg.br/media/sapl/public/materialegislativa/2011/2638/ple-83-2011.pdf", "ementa": "Autoriza a permuta dos m\u00f3veis que especifica e d\u00e1 outras provid\u00eancias."}, {"id": "2639", "ano": "2011", "numero": "84", "tipo__sigla": "PLE", "tipo__descricao": "Projeto de Lei do Executivo", "autoria": "Cyro Fernandes Corre\u00e2 J\u00fanior", "texto_original": "http://sapl.ivaipora.pr.leg.br/media/sapl/public/materialegislativa/2011/2639/ple-84-2011.pdf", "ementa": "Abre um Cr\u00e9dito Adicional Especial e d\u00e1 outras provid\u00eancias."}, {"id": "2640", "ano": "2011", "numero": "85", "tipo__sigla": "PLE", "tipo__descricao": "Projeto de Lei do Executivo", "autoria": "Cyro Fernandes Corre\u00e2 J\u00fanior", "texto_original": "http://sapl.ivaipora.pr.leg.br/media/sapl/public/materialegislativa/2011/2640/ple-85-2011.pdf", "ementa": "Introduz altera\u00e7\u00f5es na Lei Municipal n\u00b0 1.709/2009, de 29 de outubro de 2009, que disp\u00f5e sobre a autoriza\u00e7\u00e3o a doa\u00e7\u00e3o de terreno ao IFPR \u2013 Instituto Federal do Paran\u00e1."}, {"id": "2641", "ano": "2011", "numero": "86", "tipo__sigla": "PLE", "tipo__descricao": "Projeto de Lei do Executivo", "autoria": "Cyro Fernandes Corre\u00e2 J\u00fanior", "texto_original": "http://sapl.ivaipora.pr.leg.br/media/sapl/public/materialegislativa/2011/2641/ple-86-2011.pdf", "ementa": "Revoga na integra a Lei Municipal n\u00ba 1.620/2009, de 16 de mar\u00e7o de 2009, que autoriza a concess\u00e3o de auxilio a acad\u00eamicos, na forma que especifica."}, {"id": "2642", "ano": "2011", "numero": "87", "tipo__sigla": "PLE", "tipo__descricao": "Projeto de Lei do Executivo", "autoria": "Cyro Fernandes Corre\u00e2 J\u00fanior", "texto_original": "http://sapl.ivaipora.pr.leg.br/media/sapl/public/materialegislativa/2011/2642/ple-87-2011.pdf", "ementa": "Abre um Cr\u00e9dito Adicional Suplementar e d\u00e1 outras provid\u00eancias."}, {"id": "2643", "ano": "2011", "numero": "88", "tipo__sigla": "PLE", "tipo__descricao": "Projeto de Lei do Executivo", "autoria": "Cyro Fernandes Corre\u00e2 J\u00fanior", "texto_original": "http://sapl.ivaipora.pr.leg.br/media/sapl/public/materialegislativa/2011/2643/ple-88-2011.pdf", "ementa": "Abre um Cr\u00e9dito Adicional Especial e d\u00e1 outras provid\u00eancias."}, {"id": "2644", "ano": "2011", "numero": "89", "tipo__sigla": "PLE", "tipo__descricao": "Projeto de Lei do Executivo", "autoria": "Cyro Fernandes Corre\u00e2 J\u00fanior", "texto_original": "http://sapl.ivaipora.pr.leg.br/media/sapl/public/materialegislativa/2011/2644/ple-89-2011.pdf", "ementa": "Abre um Cr\u00e9dito Adicional Especial e d\u00e1 outras provid\u00eancias."}, {"id": "2645", "ano": "2011", "numero": "90", "tipo__sigla": "PLE", "tipo__descricao": "Projeto de Lei do Executivo", "autoria": "Cyro Fernandes Corre\u00e2 J\u00fanior", "texto_original": "http://sapl.ivaipora.pr.leg.br/media/sapl/public/materialegislativa/2011/2645/ple-90-2011.pdf", "ementa": "Autoriza o Executivo Municipal a subvencionar a ART&VEST \u2013 COOPERATIVA DE COSTURA E ARTESANATO e d\u00e1 outras provid\u00eancias."}, {"id": "2646", "ano": "2011", "numero": "91", "tipo__sigla": "PLE", "tipo__descricao": "Projeto de Lei do Executivo", "autoria": "Cyro Fernandes Corre\u00e2 J\u00fanior", "texto_original": "http://sapl.ivaipora.pr.leg.br/media/sapl/public/materialegislativa/2011/2646/ple-91-2011.pdf", "ementa": "Autoriza o Executivo Municipal de Ivaipor\u00e3 a celebrar conv\u00eanio com o SINDICATO RURAL DE IVAIPOR\u00c3 e d\u00e1 outras provid\u00eancias."}, {"id": "2647", "ano": "2011", "numero": "92", "tipo__sigla": "PLE", "tipo__descricao": "Projeto de Lei do Executivo", "autoria": "Cyro Fernandes Corre\u00e2 J\u00fanior", "texto_original": "http://sapl.ivaipora.pr.leg.br/media/sapl/public/materialegislativa/2011/2647/ple-92-2011.pdf", "ementa": "Autoriza o Executivo Municipal a outorgar mediante procedimento licitat\u00f3rio a CONCESS\u00c3O DE USO DA CAPELA MORTU\u00c1RIA MUNICIPAL, e d\u00e1 outras provid\u00eancias."}, {"id": "2649", "ano": "2011", "numero": "93", "tipo__sigla": "PLE", "tipo__descricao": "Projeto de Lei do Executivo", "autoria": "Cyro Fernandes Corre\u00e2 J\u00fanior", "texto_original": "http://sapl.ivaipora.pr.leg.br/media/sapl/public/materialegislativa/2011/2649/ple-93-2011.pdf", "ementa": "Cria o Conselho do P\u00f3lo de Apoio Presencial da Universidade Aberta do Brasil - UAB de Ivaipor\u00e3, Estado do Paran\u00e1 e d\u00e1 outras provid\u00eancias."}, {"id": "2652", "ano": "2011", "numero": "94", "tipo__sigla": "PLE", "tipo__descricao": "Projeto de Lei do Executivo", "autoria": "Cyro Fernandes Corre\u00e2 J\u00fanior", "texto_original": "http://sapl.ivaipora.pr.leg.br/media/sapl/public/materialegislativa/2011/2652/ple-94-2011.pdf", "ementa": "Abre um Cr\u00e9dito Suplementar e d\u00e1 outras providencias."}, {"id": "2653", "ano": "2011", "numero": "95", "tipo__sigla": "PLE", "tipo__descricao": "Projeto de Lei do Executivo", "autoria": "Cyro Fernandes Corre\u00e2 J\u00fanior", "texto_original": "http://sapl.ivaipora.pr.leg.br/media/sapl/public/materialegislativa/2011/2653/ple-95-2011.pdf", "ementa": "Abre um Cr\u00e9dito Suplementar e d\u00e1 outras providencias."}, {"id": "2655", "ano": "2011", "numero": "96", "tipo__sigla": "PLE", "tipo__descricao": "Projeto de Lei do Executivo", "autoria": "Cyro Fernandes Corre\u00e2 J\u00fanior", "texto_original": "http://sapl.ivaipora.pr.leg.br/media/sapl/public/materialegislativa/2011/2655/ple-96-2011.pdf", "ementa": "Abre um Cr\u00e9dito Adicional Especial e d\u00e1 outras provid\u00eancias."}, {"id": "2656", "ano": "2011", "numero": "97", "tipo__sigla": "PLE", "tipo__descricao": "Projeto de Lei do Executivo", "autoria": "Cyro Fernandes Corre\u00e2 J\u00fanior", "texto_original": "http://sapl.ivaipora.pr.leg.br/media/sapl/public/materialegislativa/2011/2656/ple-97-2011.pdf", "ementa": "Abre um Cr\u00e9dito Adicional Especial e d\u00e1 outras provid\u00eancias."}, {"id": "2658", "ano": "2011", "numero": "98", "tipo__sigla": "PLE", "tipo__descricao": "Projeto de Lei do Executivo", "autoria": "Cyro Fernandes Corre\u00e2 J\u00fanior", "texto_original": "http://sapl.ivaipora.pr.leg.br/media/sapl/public/materialegislativa/2011/2658/ple-98-2011.pdf", "ementa": "Abre um Cr\u00e9dito Adicional Especial e d\u00e1 outras provid\u00eancias."}, {"id": "2660", "ano": "2011", "numero": "99", "tipo__sigla": "PLE", "tipo__descricao": "Projeto de Lei do Executivo", "autoria": "Cyro Fernandes Corre\u00e2 J\u00fanior", "texto_original": "http://sapl.ivaipora.pr.leg.br/media/sapl/public/materialegislativa/2011/2660/ple-99-2011.pdf", "ementa": "Abre um Cr\u00e9dito Adicional Suplementar e d\u00e1 outras provid\u00eancias."}, {"id": "2661", "ano": "2011", "numero": "100", "tipo__sigla": "PLE", "tipo__descricao": "Projeto de Lei do Executivo", "autoria": "Cyro Fernandes Corre\u00e2 J\u00fanior", "texto_original": "http://sapl.ivaipora.pr.leg.br/media/sapl/public/materialegislativa/2011/2661/ple-100-2011.pdf", "ementa": "Abre um Cr\u00e9dito Adicional Suplementar e d\u00e1 outras provid\u00eancias."}, {"id": "2662", "ano": "2011", "numero": "101", "tipo__sigla": "PLE", "tipo__descricao": "Projeto de Lei do Executivo", "autoria": "Cyro Fernandes Corre\u00e2 J\u00fanior", "texto_original": "http://sapl.ivaipora.pr.leg.br/media/sapl/public/materialegislativa/2011/2662/ple-101-2011.pdf", "ementa": "Abre um Cr\u00e9dito Adicional Especial e d\u00e1 outras provid\u00eancias."}, {"id": "2664", "ano": "2011", "numero": "102", "tipo__sigla": "PLE", "tipo__descricao": "Projeto de Lei do Executivo", "autoria": "Cyro Fernandes Corre\u00e2 J\u00fanior", "texto_original": "http://sapl.ivaipora.pr.leg.br/media/sapl/public/materialegislativa/2011/2664/ple-102-2011.pdf", "ementa": "Autoriza o Executivo Municipal a subvencionar a ASSOCIA\u00c7\u00c3O DE PAIS E AMIGOS DOS EXCEPCIONAIS DE IVAIPOR\u00c3 \u2013 APAE."}, {"id": "2665", "ano": "2011", "numero": "103", "tipo__sigla": "PLE", "tipo__descricao": "Projeto de Lei do Executivo", "autoria": "Cyro Fernandes Corre\u00e2 J\u00fanior", "texto_original": "http://sapl.ivaipora.pr.leg.br/media/sapl/public/materialegislativa/2011/2665/ple-103-2011.pdf", "ementa": "Autoriza o Executivo Municipal de Ivaipor\u00e3 a celebrar conv\u00eanio com o ALIAN\u00c7A -  PLANO DE ASSISTENCIA FAMILIAR LTDA, e d\u00e1 outras provid\u00eancias."}, {"id": "2666", "ano": "2011", "numero": "104", "tipo__sigla": "PLE", "tipo__descricao": "Projeto de Lei do Executivo", "autoria": "Cyro Fernandes Corre\u00e2 J\u00fanior", "texto_original": "http://sapl.ivaipora.pr.leg.br/media/sapl/public/materialegislativa/2011/2666/ple-104-2011.pdf", "ementa": "Institui o Fundo Municipal de Sa\u00fade do Munic\u00edpio de Ivaipor\u00e3 e d\u00e1 outras provid\u00eancias."}, {"id": "2667", "ano": "2011", "numero": "105", "tipo__sigla": "PLE", "tipo__descricao": "Projeto de Lei do Executivo", "autoria": "Cyro Fernandes Corre\u00e2 J\u00fanior", "texto_original": "http://sapl.ivaipora.pr.leg.br/media/sapl/public/materialegislativa/2011/2667/ple-105-2011.pdf", "ementa": "Abre um Cr\u00e9dito Adicional Especial e d\u00e1 outras provid\u00eancias."}, {"id": "2673", "ano": "2011", "numero": "106", "tipo__sigla": "PLE", "tipo__descricao": "Projeto de Lei do Executivo", "autoria": "Cyro Fernandes Corre\u00e2 J\u00fanior", "texto_original": "http://sapl.ivaipora.pr.leg.br/media/sapl/public/materialegislativa/2011/2673/ple-106-2011.pdf", "ementa": "Abre um Cr\u00e9dito Adicional Especial e d\u00e1 outras provid\u00eancias."}, {"id": "2674", "ano": "2011", "numero": "107", "tipo__sigla": "PLE", "tipo__descricao": "Projeto de Lei do Executivo", "autoria": "Cyro Fernandes Corre\u00e2 J\u00fanior", "texto_original": "http://sapl.ivaipora.pr.leg.br/media/sapl/public/materialegislativa/2011/2674/ple-107-2011.pdf", "ementa": "Disp\u00f5e sobre a loca\u00e7\u00e3o e posterior concess\u00e3o de uso de im\u00f3vel, em car\u00e1ter excepcional, mediante loca\u00e7\u00e3o de pr\u00e9dio e/ou barrac\u00e3o, conforme disp\u00f5e o art. 41, da Lei Municipal n\u00b0 1.940, de 19/04/2011 e d\u00e1 outras provid\u00eancias."}, {"id": "2675", "ano": "2011", "numero": "108", "tipo__sigla": "PLE", "tipo__descricao": "Projeto de Lei do Executivo", "autoria": "Cyro Fernandes Corre\u00e2 J\u00fanior", "texto_original": "http://sapl.ivaipora.pr.leg.br/media/sapl/public/materialegislativa/2011/2675/ple-108-2011.pdf", "ementa": "Abre um Cr\u00e9dito Adicional Suplementar e d\u00e1 outras provid\u00eancias."}, {"id": "2676", "ano": "2011", "numero": "109", "tipo__sigla": "PLE", "tipo__descricao": "Projeto de Lei do Executivo", "autoria": "Cyro Fernandes Corre\u00e2 J\u00fanior", "texto_original": "http://sapl.ivaipora.pr.leg.br/media/sapl/public/materialegislativa/2011/2676/ple-109-2011.pdf", "ementa": "Abre um Cr\u00e9dito Adicional Suplementar e d\u00e1 outras provid\u00eancias."}, {"id": "2677", "ano": "2011", "numero": "110", "tipo__sigla": "PLE", "tipo__descricao": "Projeto de Lei do Executivo", "autoria": "Cyro Fernandes Corre\u00e2 J\u00fanior", "texto_original": "http://sapl.ivaipora.pr.leg.br/media/sapl/public/materialegislativa/2011/2677/ple-110-2011.pdf", "ementa": "Abre um Cr\u00e9dito Adicional Especial e d\u00e1 outras provid\u00eancias."}, {"id": "2678", "ano": "2011", "numero": "111", "tipo__sigla": "PLE", "tipo__descricao": "Projeto de Lei do Executivo", "autoria": "Cyro Fernandes Corre\u00e2 J\u00fanior", "texto_original": "http://sapl.ivaipora.pr.leg.br/media/sapl/public/materialegislativa/2011/2678/ple-111-2011.pdf", "ementa": "Abre um Cr\u00e9dito Adicional Especial e d\u00e1 outras providencias."}, {"id": "2679", "ano": "2011", "numero": "112", "tipo__sigla": "PLE", "tipo__descricao": "Projeto de Lei do Executivo", "autoria": "Cyro Fernandes Corre\u00e2 J\u00fanior", "texto_original": "http://sapl.ivaipora.pr.leg.br/media/sapl/public/materialegislativa/2011/2679/ple-112-2011.pdf", "ementa": "Abre um Cr\u00e9dito Adicional Especial e d\u00e1 outras providencias."}, {"id": "2680", "ano": "2011", "numero": "113", "tipo__sigla": "PLE", "tipo__descricao": "Projeto de Lei do Executivo", "autoria": "Cyro Fernandes Corre\u00e2 J\u00fanior", "texto_original": "http://sapl.ivaipora.pr.leg.br/media/sapl/public/materialegislativa/2011/2680/ple-113-2011.pdf", "ementa": "Abre um Cr\u00e9dito Adicional Suplementar e d\u00e1 outras provid\u00eancias."}, {"id": "2681", "ano": "2011", "numero": "114", "tipo__sigla": "PLE", "tipo__descricao": "Projeto de Lei do Executivo", "autoria": "Cyro Fernandes Corre\u00e2 J\u00fanior", "texto_original": "http://sapl.ivaipora.pr.leg.br/media/sapl/public/materialegislativa/2011/2681/ple-114-2011.pdf", "ementa": "Altera o art. 4\u00ba da lei n\u00ba. 1.904/2011 e o art. 9\u00ba da lei 1.939/2011 e d\u00e1 outras provid\u00eancias."}, {"id": "2682", "ano": "2011", "numero": "115", "tipo__sigla": "PLE", "tipo__descricao": "Projeto de Lei do Executivo", "autoria": "Cyro Fernandes Corre\u00e2 J\u00fanior", "texto_original": "http://sapl.ivaipora.pr.leg.br/media/sapl/public/materialegislativa/2011/2682/ple-115-2011.pdf", "ementa": "Disp\u00f5e sobre a concess\u00e3o de Direito Real de Uso de im\u00f3veis que especifica \u00e0 CONSVALE - CONSTRUTORA VALE DO IVA\u00cd, mediante observ\u00e2ncia a Lei Municipal n\u00ba 1.940, de 19/04/2011 e d\u00e1 outras provid\u00eancias."}, {"id": "2683", "ano": "2011", "numero": "116", "tipo__sigla": "PLE", "tipo__descricao": "Projeto de Lei do Executivo", "autoria": "Cyro Fernandes Corre\u00e2 J\u00fanior", "texto_original": "http://sapl.ivaipora.pr.leg.br/media/", "ementa": "Estima a Receita e Fixa a Despesa do Munic\u00edpio de Ivaipor\u00e3, Estado do Paran\u00e1, para o exerc\u00edcio financeiro de 2012."}, {"id": "2684", "ano": "2011", "numero": "117", "tipo__sigla": "PLE", "tipo__descricao": "Projeto de Lei do Executivo", "autoria": "Cyro Fernandes Corre\u00e2 J\u00fanior", "texto_original": "http://sapl.ivaipora.pr.leg.br/media/sapl/public/materialegislativa/2011/2684/ple-117-2011.pdf", "ementa": "Autoriza a manuten\u00e7\u00e3o e/ou corre\u00e7\u00e3o do PPA \u2013 Plano Plurianual e do Or\u00e7amento Geral do Munic\u00edpio, para o exerc\u00edcio financeiro de 2012."}, {"id": "2685", "ano": "2011", "numero": "119", "tipo__sigla": "PLE", "tipo__descricao": "Projeto de Lei do Executivo", "autoria": "Cyro Fernandes Corre\u00e2 J\u00fanior", "texto_original": "http://sapl.ivaipora.pr.leg.br/media/sapl/public/materialegislativa/2011/2685/ple-119-2011.pdf", "ementa": "Abre um Cr\u00e9dito Adicional Suplementar e d\u00e1 outras provid\u00eancias."}, {"id": "2686", "ano": "2011", "numero": "120", "tipo__sigla": "PLE", "tipo__descricao": "Projeto de Lei do Executivo", "autoria": "Cyro Fernandes Corre\u00e2 J\u00fanior", "texto_original": "http://sapl.ivaipora.pr.leg.br/media/sapl/public/materialegislativa/2011/2686/ple-120-2011.pdf", "ementa": "Abre um Cr\u00e9dito Adicional Suplementar e d\u00e1 outras provid\u00eancias."}, {"id": "2687", "ano": "2011", "numero": "121", "tipo__sigla": "PLE", "tipo__descricao": "Projeto de Lei do Executivo", "autoria": "Cyro Fernandes Corre\u00e2 J\u00fanior", "texto_original": "http://sapl.ivaipora.pr.leg.br/media/sapl/public/materialegislativa/2011/2687/ple-121-2011.pdf", "ementa": "Abre um Cr\u00e9dito Adicional Suplementar e d\u00e1 outras provid\u00eancias."}, {"id": "2688", "ano": "2011", "numero": "122", "tipo__sigla": "PLE", "tipo__descricao": "Projeto de Lei do Executivo", "autoria": "Cyro Fernandes Corre\u00e2 J\u00fanior", "texto_original": "http://sapl.ivaipora.pr.leg.br/media/sapl/public/materialegislativa/2011/2688/ple-122-2011.pdf", "ementa": "Abre um Cr\u00e9dito Adicional Especial e d\u00e1 outras provid\u00eancias."}, {"id": "2689", "ano": "2011", "numero": "123", "tipo__sigla": "PLE", "tipo__descricao": "Projeto de Lei do Executivo", "autoria": "Cyro Fernandes Corre\u00e2 J\u00fanior", "texto_original": "http://sapl.ivaipora.pr.leg.br/media/sapl/public/materialegislativa/2011/2689/ple-123-2011.pdf", "ementa": "Abre um Cr\u00e9dito Adicional Especial e d\u00e1 outras provid\u00eancias."}, {"id": "2690", "ano": "2011", "numero": "124", "tipo__sigla": "PLE", "tipo__descricao": "Projeto de Lei do Executivo", "autoria": "Cyro Fernandes Corre\u00e2 J\u00fanior", "texto_original": "http://sapl.ivaipora.pr.leg.br/media/sapl/public/materialegislativa/2011/2690/ple-124-2011.pdf", "ementa": "Abre um Cr\u00e9dito Adicional Suplementar e d\u00e1 outras provid\u00eancias."}, {"id": "2691", "ano": "2011", "numero": "125", "tipo__sigla": "PLE", "tipo__descricao": "Projeto de Lei do Executivo", "autoria": "Cyro Fernandes Corre\u00e2 J\u00fanior", "texto_original": "http://sapl.ivaipora.pr.leg.br/media/sapl/public/materialegislativa/2011/2691/ple-125-2011.pdf", "ementa": "Abre um Cr\u00e9dito Adicional Especial e d\u00e1 outras provid\u00eancias."}, {"id": "2692", "ano": "2011", "numero": "126", "tipo__sigla": "PLE", "tipo__descricao": "Projeto de Lei do Executivo", "autoria": "Cyro Fernandes Corre\u00e2 J\u00fanior", "texto_original": "http://sapl.ivaipora.pr.leg.br/media/sapl/public/materialegislativa/2011/2692/ple-126-2011.pdf", "ementa": "Abre um Cr\u00e9dito Adicional Suplementar e d\u00e1 outras provid\u00eancias."}, {"id": "2693", "ano": "2011", "numero": "127", "tipo__sigla": "PLE", "tipo__descricao": "Projeto de Lei do Executivo", "autoria": "Cyro Fernandes Corre\u00e2 J\u00fanior", "texto_original": "http://sapl.ivaipora.pr.leg.br/media/sapl/public/materialegislativa/2011/2693/ple-127-2011.pdf", "ementa": "Abre um Cr\u00e9dito Adicional Suplementar e d\u00e1 outras provid\u00eancias."}, {"id": "2694", "ano": "2011", "numero": "128", "tipo__sigla": "PLE", "tipo__descricao": "Projeto de Lei do Executivo", "autoria": "Cyro Fernandes Corre\u00e2 J\u00fanior", "texto_original": "http://sapl.ivaipora.pr.leg.br/media/sapl/public/materialegislativa/2011/2694/ple-128-2011.pdf", "ementa": "Autoriza a permuta dos im\u00f3veis que especifica e d\u00e1 outras provid\u00eancias."}, {"id": "2695", "ano": "2011", "numero": "129", "tipo__sigla": "PLE", "tipo__descricao": "Projeto de Lei do Executivo", "autoria": "Cyro Fernandes Corre\u00e2 J\u00fanior", "texto_original": "http://sapl.ivaipora.pr.leg.br/media/sapl/public/materialegislativa/2011/2695/ple-129-2011.pdf", "ementa": "Abre um Cr\u00e9dito Adicional Suplementar e d\u00e1 outras provid\u00eancias."}, {"id": "2696", "ano": "2011", "numero": "131", "tipo__sigla": "PLE", "tipo__descricao": "Projeto de Lei do Executivo", "autoria": "Cyro Fernandes Corre\u00e2 J\u00fanior", "texto_original": "http://sapl.ivaipora.pr.leg.br/media/sapl/public/materialegislativa/2011/2696/ple-131-2011.pdf", "ementa": "Abre um Cr\u00e9dito Adicional Suplementar e d\u00e1 outras provid\u00eancias."}, {"id": "2697", "ano": "2011", "numero": "132", "tipo__sigla": "PLE", "tipo__descricao": "Projeto de Lei do Executivo", "autoria": "Cyro Fernandes Corre\u00e2 J\u00fanior", "texto_original": "http://sapl.ivaipora.pr.leg.br/media/sapl/public/materialegislativa/2011/2697/ple-132-2011.pdf", "ementa": "Autoriza a doa\u00e7\u00e3o do Im\u00f3vel sob matricula 3.845/1 a UEM- Universidade Estadual de Maring\u00e1."}, {"id": "2698", "ano": "2011", "numero": "133", "tipo__sigla": "PLE", "tipo__descricao": "Projeto de Lei do Executivo", "autoria": "Cyro Fernandes Corre\u00e2 J\u00fanior", "texto_original": "http://sapl.ivaipora.pr.leg.br/media/sapl/public/materialegislativa/2011/2698/ple-133-2011.pdf", "ementa": "Disp\u00f5e sobre o pagamento de valores relativos as diferen\u00e7as de progress\u00e3o vertical e reenquadramento de pessoal, concedidas em 2005 e /2010, e d\u00e1 outras provid\u00eancias."}, {"id": "2699", "ano": "2011", "numero": "134", "tipo__sigla": "PLE", "tipo__descricao": "Projeto de Lei do Executivo", "autoria": "Cyro Fernandes Corre\u00e2 J\u00fanior", "texto_original": "http://sapl.ivaipora.pr.leg.br/media/sapl/public/materialegislativa/2011/2699/ple-134-2011.pdf", "ementa": "Disp\u00f5e sobre a concess\u00e3o de adicional de atividade diversa das atribui\u00e7\u00f5es eletivas dos Membros do Conselho Tutelar de Ivaipor\u00e3, eleitos para o tri\u00eanio de 2011 a 2013."}, {"id": "2700", "ano": "2011", "numero": "135", "tipo__sigla": "PLE", "tipo__descricao": "Projeto de Lei do Executivo", "autoria": "Cyro Fernandes Corre\u00e2 J\u00fanior", "texto_original": "http://sapl.ivaipora.pr.leg.br/media/sapl/public/materialegislativa/2011/2700/ple-135-2011.pdf", "ementa": "Abre um Cr\u00e9dito Adicional Suplementar e d\u00e1 outras provid\u00eancias."}, {"id": "2701", "ano": "2011", "numero": "136", "tipo__sigla": "PLE", "tipo__descricao": "Projeto de Lei do Executivo", "autoria": "Cyro Fernandes Corre\u00e2 J\u00fanior", "texto_original": "http://sapl.ivaipora.pr.leg.br/media/sapl/public/materialegislativa/2011/2701/ple-136-2011.pdf", "ementa": "Abre um Cr\u00e9dito Adicional Especial e d\u00e1 outras provid\u00eancias."}, {"id": "2702", "ano": "2011", "numero": "137", "tipo__sigla": "PLE", "tipo__descricao": "Projeto de Lei do Executivo", "autoria": "Cyro Fernandes Corre\u00e2 J\u00fanior", "texto_original": "http://sapl.ivaipora.pr.leg.br/media/sapl/public/materialegislativa/2011/2702/ple-137-2011.pdf", "ementa": "Declara de Utilidade P\u00fablica Municipal o INSTITUTO PHOENIX e d\u00e1 outras provid\u00eancias."}, {"id": "2703", "ano": "2011", "numero": "138", "tipo__sigla": "PLE", "tipo__descricao": "Projeto de Lei do Executivo", "autoria": "Cyro Fernandes Corre\u00e2 J\u00fanior", "texto_original": "http://sapl.ivaipora.pr.leg.br/media/sapl/public/materialegislativa/2011/2703/ple-138-2011.pdf", "ementa": "Amplia o numero de vagas do cargo de PSICOLOGO 40 hs constante no Quadro de Cargos do Pessoal Efetivo do Munic\u00edpio de Ivaipor\u00e3, Estado do Paran\u00e1."}, {"id": "2704", "ano": "2011", "numero": "139", "tipo__sigla": "PLE", "tipo__descricao": "Projeto de Lei do Executivo", "autoria": "Cyro Fernandes Corre\u00e2 J\u00fanior", "texto_original": "http://sapl.ivaipora.pr.leg.br/media/sapl/public/materialegislativa/2011/2704/ple-139-2011.pdf", "ementa": "Institui a Gest\u00e3o do Sistema de Limpeza Urbana no Munic\u00edpio de Ivaipor\u00e3, Estado do Paran\u00e1."}, {"id": "2705", "ano": "2011", "numero": "140", "tipo__sigla": "PLE", "tipo__descricao": "Projeto de Lei do Executivo", "autoria": "Cyro Fernandes Corre\u00e2 J\u00fanior", "texto_original": "http://sapl.ivaipora.pr.leg.br/media/sapl/public/materialegislativa/2011/2705/ple-140-2011.pdf", "ementa": "Abre um Cr\u00e9dito Adicional Suplementar e d\u00e1 outras provid\u00eancias."}, {"id": "2706", "ano": "2011", "numero": "141", "tipo__sigla": "PLE", "tipo__descricao": "Projeto de Lei do Executivo", "autoria": "Cyro Fernandes Corre\u00e2 J\u00fanior", "texto_original": "http://sapl.ivaipora.pr.leg.br/media/", "ementa": "Altera dispositivos da Lei Municipal n\u00b0 1.522/2008 e d\u00e1 outras provid\u00eancias."}, {"id": "2708", "ano": "2011", "numero": "142", "tipo__sigla": "PLE", "tipo__descricao": "Projeto de Lei do Executivo", "autoria": "Cyro Fernandes Corre\u00e2 J\u00fanior", "texto_original": "http://sapl.ivaipora.pr.leg.br/media/sapl/public/materialegislativa/2011/2708/ple-142-2011.pdf", "ementa": "Autoriza a permuta dos im\u00f3veis que especifica e d\u00e1 outras provid\u00eancias."}, {"id": "2709", "ano": "2011", "numero": "143", "tipo__sigla": "PLE", "tipo__descricao": "Projeto de Lei do Executivo", "autoria": "Cyro Fernandes Corre\u00e2 J\u00fanior", "texto_original": "http://sapl.ivaipora.pr.leg.br/media/sapl/public/materialegislativa/2011/2709/ple-143-2011.pdf", "ementa": "Abre um Cr\u00e9dito Adicional Suplementar e d\u00e1 outras provid\u00eancias."}, {"id": "2710", "ano": "2011", "numero": "144", "tipo__sigla": "PLE", "tipo__descricao": "Projeto de Lei do Executivo", "autoria": "Cyro Fernandes Corre\u00e2 J\u00fanior", "texto_original": "http://sapl.ivaipora.pr.leg.br/media/sapl/public/materialegislativa/2011/2710/ple-144-2011.pdf", "ementa": "Abre um Cr\u00e9dito Adicional Suplementar e d\u00e1 outras provid\u00eancias."}, {"id": "2712", "ano": "2011", "numero": "145", "tipo__sigla": "PLE", "tipo__descricao": "Projeto de Lei do Executivo", "autoria": "Cyro Fernandes Corre\u00e2 J\u00fanior", "texto_original": "http://sapl.ivaipora.pr.leg.br/media/sapl/public/materialegislativa/2011/2712/ple-145-2011.pdf", "ementa": "Abre um Cr\u00e9dito Adicional Suplementar e d\u00e1 outras provid\u00eancias."}, {"id": "2714", "ano": "2011", "numero": "146", "tipo__sigla": "PLE", "tipo__descricao": "Projeto de Lei do Executivo", "autoria": "Cyro Fernandes Corre\u00e2 J\u00fanior", "texto_original": "http://sapl.ivaipora.pr.leg.br/media/sapl/public/materialegislativa/2011/2714/ple-146-2011.pdf", "ementa": "Abre um Cr\u00e9dito Adicional Especial e d\u00e1 outras provid\u00eancias."}, {"id": "2715", "ano": "2011", "numero": "147", "tipo__sigla": "PLE", "tipo__descricao": "Projeto de Lei do Executivo", "autoria": "Cyro Fernandes Corre\u00e2 J\u00fanior", "texto_original": "http://sapl.ivaipora.pr.leg.br/media/sapl/public/materialegislativa/2011/2715/ple-147-2011.pdf", "ementa": "Abre um Cr\u00e9dito Adicional Especial e d\u00e1 outras provid\u00eancias."}, {"id": "2717", "ano": "2011", "numero": "148", "tipo__sigla": "PLE", "tipo__descricao": "Projeto de Lei do Executivo", "autoria": "Cyro Fernandes Corre\u00e2 J\u00fanior", "texto_original": "http://sapl.ivaipora.pr.leg.br/media/sapl/public/materialegislativa/2011/2717/ple-148-2011.pdf", "ementa": "Abre um Cr\u00e9dito Adicional Suplementar e d\u00e1 outras provid\u00eancias."}, {"id": "2718", "ano": "2011", "numero": "149", "tipo__sigla": "PLE", "tipo__descricao": "Projeto de Lei do Executivo", "autoria": "Cyro Fernandes Corre\u00e2 J\u00fanior", "texto_original": "http://sapl.ivaipora.pr.leg.br/media/sapl/public/materialegislativa/2011/2718/ple-149-2011.pdf", "ementa": "Abre um Cr\u00e9dito Adicional Especial e d\u00e1 outras provid\u00eancias."}, {"id": "2720", "ano": "2011", "numero": "150", "tipo__sigla": "PLE", "tipo__descricao": "Projeto de Lei do Executivo", "autoria": "Cyro Fernandes Corre\u00e2 J\u00fanior", "texto_original": "http://sapl.ivaipora.pr.leg.br/media/sapl/public/materialegislativa/2011/2720/ple-150-2011.pdf", "ementa": "Abre um Cr\u00e9dito Adicional Especial e d\u00e1 outras provid\u00eancias."}, {"id": "2721", "ano": "2011", "numero": "151", "tipo__sigla": "PLE", "tipo__descricao": "Projeto de Lei do Executivo", "autoria": "Cyro Fernandes Corre\u00e2 J\u00fanior", "texto_original": "http://sapl.ivaipora.pr.leg.br/media/sapl/public/materialegislativa/2011/2721/ple-151-2011.pdf", "ementa": "Abre um Cr\u00e9dito Adicional Suplementar e d\u00e1 outras provid\u00eancias."}, {"id": "2723", "ano": "2011", "numero": "152", "tipo__sigla": "PLE", "tipo__descricao": "Projeto de Lei do Executivo", "autoria": "Cyro Fernandes Corre\u00e2 J\u00fanior", "texto_original": "http://sapl.ivaipora.pr.leg.br/media/sapl/public/materialegislativa/2011/2723/ple-152-2011.pdf", "ementa": "Abre um Cr\u00e9dito Adicional Suplementar e d\u00e1 outras provid\u00eancias."}, {"id": "2726", "ano": "2011", "numero": "153", "tipo__sigla": "PLE", "tipo__descricao": "Projeto de Lei do Executivo", "autoria": "Cyro Fernandes Corre\u00e2 J\u00fanior", "texto_original": "http://sapl.ivaipora.pr.leg.br/media/sapl/public/materialegislativa/2011/2726/ple-153-2011.pdf", "ementa": "Abre um Cr\u00e9dito Adicional Especial e d\u00e1 outras provid\u00eancias."}, {"id": "2727", "ano": "2011", "numero": "154", "tipo__sigla": "PLE", "tipo__descricao": "Projeto de Lei do Executivo", "autoria": "Cyro Fernandes Corre\u00e2 J\u00fanior", "texto_original": "http://sapl.ivaipora.pr.leg.br/media/sapl/public/materialegislativa/2011/2727/ple154-2011.doc", "ementa": "Abre um Cr\u00e9dito Adicional Especial e d\u00e1 outras provid\u00eancias."}, {"id": "2728", "ano": "2011", "numero": "155", "tipo__sigla": "PLE", "tipo__descricao": "Projeto de Lei do Executivo", "autoria": "Cyro Fernandes Corre\u00e2 J\u00fanior", "texto_original": "http://sapl.ivaipora.pr.leg.br/media/sapl/public/materialegislativa/2011/2728/ple-155-2011.pdf", "ementa": "Abre um Cr\u00e9dito Adicional Suplementar e d\u00e1 outras provid\u00eancias."}, {"id": "2729", "ano": "2011", "numero": "156", "tipo__sigla": "PLE", "tipo__descricao": "Projeto de Lei do Executivo", "autoria": "Cyro Fernandes Corre\u00e2 J\u00fanior", "texto_original": "http://sapl.ivaipora.pr.leg.br/media/sapl/public/materialegislativa/2011/2729/ple-156-2011.pdf", "ementa": "Autoriza a doa\u00e7\u00e3o do Im\u00f3vel sob matricula 37462, ASSOCIA\u00c7\u00c3O DA AGRICULTURA FAMILIAR DE JACUTINGA."}, {"id": "2730", "ano": "2011", "numero": "157", "tipo__sigla": "PLE", "tipo__descricao": "Projeto de Lei do Executivo", "autoria": "Cyro Fernandes Corre\u00e2 J\u00fanior", "texto_original": "http://sapl.ivaipora.pr.leg.br/media/sapl/public/materialegislativa/2011/2730/ple-157-2011.pdf", "ementa": "Abre um Cr\u00e9dito Adicional Especial e d\u00e1 outras provid\u00eancias."}, {"id": "2731", "ano": "2011", "numero": "158", "tipo__sigla": "PLE", "tipo__descricao": "Projeto de Lei do Executivo", "autoria": "Cyro Fernandes Corre\u00e2 J\u00fanior", "texto_original": "http://sapl.ivaipora.pr.leg.br/media/sapl/public/materialegislativa/2011/2731/ple-158-2011.pdf", "ementa": "Autoriza o Poder Executivo Municipal a celebrar conv\u00eanio com Universidade Estadual de Maring\u00e1 \u2013 UEM e d\u00e1 outras provid\u00eancias."}, {"id": "2732", "ano": "2011", "numero": "159", "tipo__sigla": "PLE", "tipo__descricao": "Projeto de Lei do Executivo", "autoria": "Cyro Fernandes Corre\u00e2 J\u00fanior", "texto_original": "http://sapl.ivaipora.pr.leg.br/media/sapl/public/materialegislativa/2011/2732/ple-159-2011.pdf", "ementa": "Autoriza o Executivo Municipal a conceder uma cesta b\u00e1sica aos servidores da Prefeitura do Munic\u00edpio de Ivaipor\u00e3/PR, e d\u00e1 outras provid\u00eancias."}, {"id": "2733", "ano": "2011", "numero": "160", "tipo__sigla": "PLE", "tipo__descricao": "Projeto de Lei do Executivo", "autoria": "Cyro Fernandes Corre\u00e2 J\u00fanior", "texto_original": "http://sapl.ivaipora.pr.leg.br/media/sapl/public/materialegislativa/2011/2733/ple-160-2011.pdf", "ementa": "Abre um Cr\u00e9dito Adicional Suplementar e d\u00e1 outras provid\u00eancias."}, {"id": "2734", "ano": "2011", "numero": "161", "tipo__sigla": "PLE", "tipo__descricao": "Projeto de Lei do Executivo", "autoria": "Cyro Fernandes Corre\u00e2 J\u00fanior", "texto_original": "http://sapl.ivaipora.pr.leg.br/media/sapl/public/materialegislativa/2011/2734/ple-161-2011.pdf", "ementa": "Autoriza a Abertura de Cr\u00e9ditos adicionais Suplementares e d\u00e1 outras provid\u00eancias."}, {"id": "2735", "ano": "2011", "numero": "162", "tipo__sigla": "PLE", "tipo__descricao": "Projeto de Lei do Executivo", "autoria": "Cyro Fernandes Corre\u00e2 J\u00fanior", "texto_original": "http://sapl.ivaipora.pr.leg.br/media/sapl/public/materialegislativa/2011/2735/ple-162-2011.pdf", "ementa": "Abre um Cr\u00e9dito Adicional Suplementar e d\u00e1 outras provid\u00eancias."}, {"id": "2736", "ano": "2011", "numero": "163", "tipo__sigla": "PLE", "tipo__descricao": "Projeto de Lei do Executivo", "autoria": "Cyro Fernandes Corre\u00e2 J\u00fanior", "texto_original": "http://sapl.ivaipora.pr.leg.br/media/sapl/public/materialegislativa/2011/2736/ple-163-2011.pdf", "ementa": "Abre um Cr\u00e9dito Adicional Suplementar e d\u00e1 outras provid\u00eancias."}, {"id": "2737", "ano": "2011", "numero": "164", "tipo__sigla": "PLE", "tipo__descricao": "Projeto de Lei do Executivo", "autoria": "Cyro Fernandes Corre\u00e2 J\u00fanior", "texto_original": "http://sapl.ivaipora.pr.leg.br/media/sapl/public/materialegislativa/2011/2737/ple-165-2011.pdf", "ementa": "Abre um Cr\u00e9dito Adicional Suplementar e d\u00e1 outras provid\u00eancias."}, {"id": "2738", "ano": "2011", "numero": "165", "tipo__sigla": "PLE", "tipo__descricao": "Projeto de Lei do Executivo", "autoria": "Cyro Fernandes Corre\u00e2 J\u00fanior", "texto_original": "http://sapl.ivaipora.pr.leg.br/media/sapl/public/materialegislativa/2011/2738/ple-165-2011.pdf", "ementa": "Abre um Cr\u00e9dito Adicional Suplementar e d\u00e1 outras provid\u00eancias."}, {"id": "2739", "ano": "2011", "numero": "166", "tipo__sigla": "PLE", "tipo__descricao": "Projeto de Lei do Executivo", "autoria": "Cyro Fernandes Corre\u00e2 J\u00fanior", "texto_original": "http://sapl.ivaipora.pr.leg.br/media/sapl/public/materialegislativa/2011/2739/ple-166-2011.pdf", "ementa": "Abre um Cr\u00e9dito Adicional Suplementar e d\u00e1 outras provid\u00eancias."}, {"id": "2740", "ano": "2011", "numero": "167", "tipo__sigla": "PLE", "tipo__descricao": "Projeto de Lei do Executivo", "autoria": "Cyro Fernandes Corre\u00e2 J\u00fanior", "texto_original": "http://sapl.ivaipora.pr.leg.br/media/sapl/public/materialegislativa/2011/2740/ple-167-2011.pdf", "ementa": "Autoriza o Executivo Municipais a reajustar os sal\u00e1rios e vencimentos dos servidores p\u00fablicos municipais e d\u00e1 outras provid\u00eancias."}, {"id": "2741", "ano": "2011", "numero": "168", "tipo__sigla": "PLE", "tipo__descricao": "Projeto de Lei do Executivo", "autoria": "Cyro Fernandes Corre\u00e2 J\u00fanior", "texto_original": "http://sapl.ivaipora.pr.leg.br/media/sapl/public/materialegislativa/2011/2741/ple-168-2011.pdf", "ementa": "Amplia o n\u00famero de vagas do cargo de EDUCADOR INFANTIL constante no Quadro de Cargos do Pessoal Efetivo do Munic\u00edpio de Ivaipor\u00e3, Estado do Paran\u00e1."}, {"id": "2742", "ano": "2011", "numero": "169", "tipo__sigla": "PLE", "tipo__descricao": "Projeto de Lei do Executivo", "autoria": "Cyro Fernandes Corre\u00e2 J\u00fanior", "texto_original": "http://sapl.ivaipora.pr.leg.br/media/sapl/public/materialegislativa/2011/2742/ple-169-2011.pdf", "ementa": "Autoriza a permuta dos im\u00f3veis que especifica e d\u00e1 outras provid\u00eancias."}, {"id": "2743", "ano": "2011", "numero": "170", "tipo__sigla": "PLE", "tipo__descricao": "Projeto de Lei do Executivo", "autoria": "Cyro Fernandes Corre\u00e2 J\u00fanior", "texto_original": "http://sapl.ivaipora.pr.leg.br/media/sapl/public/materialegislativa/2011/2743/ple-170-2011.pdf", "ementa": "Autoriza o Poder Executivo Municipal a participar do Programa Minha Casa, Minha Vida \u2013 PMCMV."}, {"id": "2744", "ano": "2011", "numero": "171", "tipo__sigla": "PLE", "tipo__descricao": "Projeto de Lei do Executivo", "autoria": "Cyro Fernandes Corre\u00e2 J\u00fanior", "texto_original": "http://sapl.ivaipora.pr.leg.br/media/sapl/public/materialegislativa/2011/2744/ple-171-2011.pdf", "ementa": "Abre um Cr\u00e9dito Adicional Especial e d\u00e1 outras provid\u00eancias."}, {"id": "2745", "ano": "2011", "numero": "172", "tipo__sigla": "PLE", "tipo__descricao": "Projeto de Lei do Executivo", "autoria": "Cyro Fernandes Corre\u00e2 J\u00fanior", "texto_original": "http://sapl.ivaipora.pr.leg.br/media/sapl/public/materialegislativa/2011/2745/ple-172-2011.pdf", "ementa": "Abre um Cr\u00e9dito Adicional Especial d\u00e1 outras provid\u00eancias."}, {"id": "2746", "ano": "2011", "numero": "173", "tipo__sigla": "PLE", "tipo__descricao": "Projeto de Lei do Executivo", "autoria": "Cyro Fernandes Corre\u00e2 J\u00fanior", "texto_original": "http://sapl.ivaipora.pr.leg.br/media/sapl/public/materialegislativa/2011/2746/ple-173-2011.pdf", "ementa": "Abre um Cr\u00e9dito Adicional Especial d\u00e1 outras provid\u00eancias."}, {"id": "2750", "ano": "2011", "numero": "174", "tipo__sigla": "PLE", "tipo__descricao": "Projeto de Lei do Executivo", "autoria": "Cyro Fernandes Corre\u00e2 J\u00fanior", "texto_original": "http://sapl.ivaipora.pr.leg.br/media/sapl/public/materialegislativa/2011/2750/ple-174-2011.pdf", "ementa": "Abre um Cr\u00e9dito Adicional Suplementar e d\u00e1 outras provid\u00eancias."}, {"id": "2751", "ano": "2011", "numero": "175", "tipo__sigla": "PLE", "tipo__descricao": "Projeto de Lei do Executivo", "autoria": "Cyro Fernandes Corre\u00e2 J\u00fanior", "texto_original": "http://sapl.ivaipora.pr.leg.br/media/sapl/public/materialegislativa/2011/2751/ple-175-2011.pdf", "ementa": "Abre um Cr\u00e9dito Adicional Suplementar e d\u00e1 outras provid\u00eancias."}, {"id": "2753", "ano": "2011", "numero": "176", "tipo__sigla": "PLE", "tipo__descricao": "Projeto de Lei do Executivo", "autoria": "Cyro Fernandes Corre\u00e2 J\u00fanior", "texto_original": "http://sapl.ivaipora.pr.leg.br/media/sapl/public/materialegislativa/2011/2753/ple-176-2011.pdf", "ementa": "Abre um Cr\u00e9dito Adicional Especial e d\u00e1 outras provid\u00eancias."}, {"id": "2754", "ano": "2011", "numero": "177", "tipo__sigla": "PLE", "tipo__descricao": "Projeto de Lei do Executivo", "autoria": "Cyro Fernandes Corre\u00e2 J\u00fanior", "texto_original": "http://sapl.ivaipora.pr.leg.br/media/sapl/public/materialegislativa/2011/2754/ple-177-2011.pdf", "ementa": "Cria o Fundo Municipal de Habita\u00e7\u00e3o  de Interesse Social \u2013 FMHIS e institui  o Conselho Gestor do FMHIS."}, {"id": "2755", "ano": "2011", "numero": "178", "tipo__sigla": "PLE", "tipo__descricao": "Projeto de Lei do Executivo", "autoria": "Cyro Fernandes Corre\u00e2 J\u00fanior", "texto_original": "http://sapl.ivaipora.pr.leg.br/media/sapl/public/materialegislativa/2011/2755/ple-178-2011.pdf", "ementa": "Abre um Cr\u00e9dito Adicional Especial e d\u00e1 outras provid\u00eancias."}, {"id": "6364", "ano": "2011", "numero": "179", "tipo__sigla": "PLE", "tipo__descricao": "Projeto de Lei do Executivo", "autoria": "Cyro Fernandes Corre\u00e2 J\u00fanior", "texto_original": "http://sapl.ivaipora.pr.leg.br/media/sapl/public/materialegislativa/2011/6364/ple-179-2011.pdf", "ementa": "Abre um Cr\u00e9dito Adicional Especial e d\u00e1 outras provid\u00eancias."}, {"id": "3441", "ano": "2011", "numero": "1", "tipo__sigla": "PLL", "tipo__descricao": "Projeto de Lei do Legislativo", "autoria": "Jaffer Ferreira", "texto_original": "http://sapl.ivaipora.pr.leg.br/media/sapl/public/materialegislativa/2011/3441/01-2011.pdf", "ementa": "Altera o nome da Rua \"D\" localizada no Jardim Casa Grande, para ''FRANCISCO DA SILVA'', nesta cidade de Ivaipor\u00e3-Pr., e d\u00e1 outras provid\u00eancias."}, {"id": "3442", "ano": "2011", "numero": "2", "tipo__sigla": "PLL", "tipo__descricao": "Projeto de Lei do Legislativo", "autoria": "Jaffer Ferreira", "texto_original": "http://sapl.ivaipora.pr.leg.br/media/sapl/public/materialegislativa/2011/3442/pll-02-2011.pdf", "ementa": "Institui o Programa de Sa\u00fade Auditiva e Ocular, no Munic\u00edpio de Ivaipor\u00e3, Estado do Paran\u00e1, e d\u00e1 outras provid\u00eancias."}, {"id": "3443", "ano": "2011", "numero": "3", "tipo__sigla": "PLL", "tipo__descricao": "Projeto de Lei do Legislativo", "autoria": "Sab\u00e3o - Edivaldo Montanheri", "texto_original": "http://sapl.ivaipora.pr.leg.br/media/sapl/public/materialegislativa/2011/3443/03-2011.pdf", "ementa": "Altera o nome da Rua \"B\" localizada no Jardim Brasil, Distrito de Jacutinga, para ''VICENTE KUNSMINSKI'' e d\u00e1 outras provid\u00eancias."}, {"id": "3444", "ano": "2011", "numero": "4", "tipo__sigla": "PLL", "tipo__descricao": "Projeto de Lei do Legislativo", "autoria": "Sab\u00e3o - Edivaldo Montanheri", "texto_original": "http://sapl.ivaipora.pr.leg.br/media/sapl/public/materialegislativa/2011/3444/04-2011.pdf", "ementa": "Altera o nome da Rua \"C\" localizada no Jardim Casa Grande, para ''GERALDO FURQUIM DE CASTRO'', e d\u00e1 outras provid\u00eancias."}, {"id": "3445", "ano": "2011", "numero": "5", "tipo__sigla": "PLL", "tipo__descricao": "Projeto de Lei do Legislativo", "autoria": "Bunitinho", "texto_original": "http://sapl.ivaipora.pr.leg.br/media/sapl/public/materialegislativa/2011/3445/05-2011.pdf", "ementa": "Disp\u00f5e sobre a publicidade ao ar livre, no Munic\u00edpio de Ivaipor\u00e3, Estado do Paran\u00e1, e d\u00e1 outras provid\u00eancias."}, {"id": "3446", "ano": "2011", "numero": "6", "tipo__sigla": "PLL", "tipo__descricao": "Projeto de Lei do Legislativo", "autoria": "Bunitinho, M\u00e1rio Hort, Sab\u00e3o - Edivaldo Montanheri", "texto_original": "http://sapl.ivaipora.pr.leg.br/media/sapl/public/materialegislativa/2011/3446/06-2011.pdf", "ementa": "Cria o balan\u00e7o social e ambiental para as empresas estabelecidas no Munic\u00edpio de Ivaipor\u00e3, Estado do Paran\u00e1, e d\u00e1 outras provid\u00eancias."}, {"id": "3448", "ano": "2011", "numero": "7", "tipo__sigla": "PLL", "tipo__descricao": "Projeto de Lei do Legislativo", "autoria": "Sab\u00e3o - Edivaldo Montanheri", "texto_original": "http://sapl.ivaipora.pr.leg.br/media/sapl/public/materialegislativa/2011/3448/07-2011.pdf", "ementa": "Declara de Utilidade P\u00fablica Municipal a ONG VOLUNT\u00c1RIADO JOVEM - DIREITO DE VIVER, e d\u00e1 outras provid\u00eancias."}, {"id": "3449", "ano": "2011", "numero": "8", "tipo__sigla": "PLL", "tipo__descricao": "Projeto de Lei do Legislativo", "autoria": "Z\u00e9 Maria", "texto_original": "http://sapl.ivaipora.pr.leg.br/media/sapl/public/materialegislativa/2011/3449/08-2011.pdf", "ementa": "Denomina a Rua \"A\" no Jardim Casa Grande, nesta cidade de Ivaipor\u00e3, Estado do Paran\u00e1 de ''SALIM HAYEL BITAR'', e d\u00e1 outras provid\u00eancias."}, {"id": "3450", "ano": "2011", "numero": "9", "tipo__sigla": "PLL", "tipo__descricao": "Projeto de Lei do Legislativo", "autoria": "Ademar", "texto_original": "http://sapl.ivaipora.pr.leg.br/media/sapl/public/materialegislativa/2011/3450/09-2011.pdf", "ementa": "Disp\u00f5e sobre a cria\u00e7\u00e3o no Munic\u00edpio de Ivaipor\u00e3, do ''Projeto Manancial'', e autoriza o Executivo Municipal a prestar apoio t\u00e9cnico e financeiro aos propriet\u00e1rios rurais, conforme especifica e da outras provid\u00eancias."}, {"id": "3451", "ano": "2011", "numero": "10", "tipo__sigla": "PLL", "tipo__descricao": "Projeto de Lei do Legislativo", "autoria": "Tor\u00e3o", "texto_original": "http://sapl.ivaipora.pr.leg.br/media/sapl/public/materialegislativa/2011/3451/10-2011.pdf", "ementa": "Disciplina as nomea\u00e7\u00f5es para cargos em comiss\u00f5es e fun\u00e7\u00f5es gratificadas no \u00e2mbito dos \u00f3rg\u00e3os do Poder Executivo e Legislativo Municipal e d\u00e1 outras provid\u00eancias."}, {"id": "3452", "ano": "2011", "numero": "11", "tipo__sigla": "PLL", "tipo__descricao": "Projeto de Lei do Legislativo", "autoria": "Gustavo Chaves", "texto_original": "http://sapl.ivaipora.pr.leg.br/media/sapl/public/materialegislativa/2011/3452/11-2011.pdf", "ementa": "Declara de Utilidade P\u00fablica Municipal a ''AAEI'' ASSOCIA\u00c7\u00c3O DOS AMIGOS DO ESPORTE DE IVAIPOR\u00c3, e  d\u00e1 outras provid\u00eancias."}, {"id": "3453", "ano": "2011", "numero": "12", "tipo__sigla": "PLL", "tipo__descricao": "Projeto de Lei do Legislativo", "autoria": "Tor\u00e3o", "texto_original": "http://sapl.ivaipora.pr.leg.br/media/sapl/public/materialegislativa/2011/3453/12-2011.pdf", "ementa": "Disp\u00f5e sobre a Cria\u00e7\u00e3o do Programa de Sa\u00fade Vocal do Professor da Rede Municipal de Ensino e d\u00e1 outras provid\u00eancias."}, {"id": "3454", "ano": "2011", "numero": "13", "tipo__sigla": "PLL", "tipo__descricao": "Projeto de Lei do Legislativo", "autoria": "Ademar, Bunitinho, Gustavo Chaves, Jaffer Ferreira, Luciano da Gr\u00e1fica, M\u00e1rio Hort, Sab\u00e3o - Edivaldo Montanheri, Tor\u00e3o, Z\u00e9 Maria", "texto_original": "http://sapl.ivaipora.pr.leg.br/media/sapl/public/materialegislativa/2011/3454/13-2011.pdf", "ementa": "Declara de Utilidade P\u00fablica Municipal a APMF - ASSOCIA\u00c7\u00c3O DE PAIS, MESTRES E FUNCION\u00c1RIOS do CMEI - CWNTRO MUNICIPAL DE EDUCA\u00c7\u00c3O INFANTIL BOM JESUS, e d\u00e1 outras provid\u00eancias."}, {"id": "3455", "ano": "2011", "numero": "14", "tipo__sigla": "PLL", "tipo__descricao": "Projeto de Lei do Legislativo", "autoria": "Tor\u00e3o", "texto_original": "http://sapl.ivaipora.pr.leg.br/media/sapl/public/materialegislativa/2011/3455/14-2011.pdf", "ementa": "Institui o Dia Municipal de Combate ao ''Crack'' e d\u00e1 outras provid\u00eancias."}, {"id": "3456", "ano": "2011", "numero": "15", "tipo__sigla": "PLL", "tipo__descricao": "Projeto de Lei do Legislativo", "autoria": "Ademar, Bunitinho, Gustavo Chaves, Jaffer Ferreira, Luciano da Gr\u00e1fica, M\u00e1rio Hort, Sab\u00e3o - Edivaldo Montanheri, Tor\u00e3o, Z\u00e9 Maria", "texto_original": "http://sapl.ivaipora.pr.leg.br/media/sapl/public/materialegislativa/2011/3456/15-2011.pdf", "ementa": "Declara de Utilidade P\u00fablica Municipal a APMF - ASSOCIA\u00c7\u00c3O DE PAIS, MESTRES E FUNCION\u00c1RIOS DO CMEI - CENTRO MUNICIPAL DE EDUCA\u00c7\u00c3O INFANTIL SANTA TEREZINHA, e d\u00e1 outras provid\u00eancias."}, {"id": "3393", "ano": "2011", "numero": "16", "tipo__sigla": "PLL", "tipo__descricao": "Projeto de Lei do Legislativo", "autoria": "Ademar, Bunitinho, Gustavo Chaves, Jaffer Ferreira, Luciano da Gr\u00e1fica, M\u00e1rio Hort, Sab\u00e3o - Edivaldo Montanheri, Tor\u00e3o, Z\u00e9 Maria", "texto_original": "http://sapl.ivaipora.pr.leg.br/media/sapl/public/materialegislativa/2011/3393/16-2011.pdf", "ementa": "Declara de Utilidade P\u00fablica Municipal a APMF - ASSOCIA\u00c7\u00c3O DE PAIS, MESTRES E FUNCION\u00c1RIOS DO CMEI - CENTRO MUNICIPAL DE EDUCA\u00c7\u00c3O INFANTIL VILA NOVA POR\u00c3, e d\u00e1 outras provid\u00eancias."}, {"id": "3394", "ano": "2011", "numero": "17", "tipo__sigla": "PLL", "tipo__descricao": "Projeto de Lei do Legislativo", "autoria": "Ademar, Bunitinho, Gustavo Chaves, Jaffer Ferreira, Luciano da Gr\u00e1fica, M\u00e1rio Hort, Sab\u00e3o - Edivaldo Montanheri, Tor\u00e3o, Z\u00e9 Maria", "texto_original": "http://sapl.ivaipora.pr.leg.br/media/sapl/public/materialegislativa/2011/3394/17-2011.pdf", "ementa": "Declara de Utilidade P\u00fablica Municipal a APMF - ASSOCIA\u00c7\u00c3O DE PAIS, MESTRES E FUNCION\u00c1RIOS do CIMEI - CENTRO MUNICIPAL DE EDUCA\u00c7\u00c3O INFANTIL NOSSA SENHORA DE LOURDES, e d\u00e1 outras provid\u00eancias."}, {"id": "3395", "ano": "2011", "numero": "18", "tipo__sigla": "PLL", "tipo__descricao": "Projeto de Lei do Legislativo", "autoria": "Ademar, Bunitinho, Gustavo Chaves, Jaffer Ferreira, Luciano da Gr\u00e1fica, M\u00e1rio Hort, Sab\u00e3o - Edivaldo Montanheri, Tor\u00e3o, Z\u00e9 Maria", "texto_original": "http://sapl.ivaipora.pr.leg.br/media/sapl/public/materialegislativa/2011/3395/18-2011.pdf", "ementa": "Declara de Utilidade P\u00fablica Municipal a APMF - ASSOCIA\u00c7\u00c3O DE PAIS, MESTRES E FUNCION\u00c1RIOS do CIMEI - CENTRO MUNICIPAL DE EDUCA\u00c7\u00c3O INFANTIL CRECHE ARCO \u00cdRIS, e d\u00e1 outras provid\u00eancias."}, {"id": "3396", "ano": "2011", "numero": "19", "tipo__sigla": "PLL", "tipo__descricao": "Projeto de Lei do Legislativo", "autoria": "Ademar, Bunitinho, Gustavo Chaves, Jaffer Ferreira, Luciano da Gr\u00e1fica, M\u00e1rio Hort, Sab\u00e3o - Edivaldo Montanheri, Tor\u00e3o, Z\u00e9 Maria", "texto_original": "http://sapl.ivaipora.pr.leg.br/media/sapl/public/materialegislativa/2011/3396/19-2011.pdf", "ementa": "Declara de Utilidade P\u00fablica Municipal a APMF - ASSOCIA\u00c7\u00c3O DOS PAIS, MESTRES EFUNCION\u00c1RIOS DA ESCOLA MUNICIPAL ALTO POR\u00c3, e d\u00e1 outras provid\u00eancias."}, {"id": "3397", "ano": "2011", "numero": "20", "tipo__sigla": "PLL", "tipo__descricao": "Projeto de Lei do Legislativo", "autoria": "Ademar, Bunitinho, Gustavo Chaves, Jaffer Ferreira, Luciano da Gr\u00e1fica, M\u00e1rio Hort, Sab\u00e3o - Edivaldo Montanheri, Tor\u00e3o, Z\u00e9 Maria", "texto_original": "http://sapl.ivaipora.pr.leg.br/media/sapl/public/materialegislativa/2011/3397/20-2011.pdf", "ementa": "Declara de Utilidade P\u00fablica Municipal a APMF - ASSOCIA\u00c7\u00c3O DE PAIS, MESTRES E FUNCION\u00c1RIOS DA ESCOLA MUNICIPAL DOM JO\u00c3O VI, e d\u00e1 outras provid\u00eancias."}, {"id": "3398", "ano": "2011", "numero": "21", "tipo__sigla": "PLL", "tipo__descricao": "Projeto de Lei do Legislativo", "autoria": "Ademar, Bunitinho, Gustavo Chaves, Jaffer Ferreira, Luciano da Gr\u00e1fica, M\u00e1rio Hort, Sab\u00e3o - Edivaldo Montanheri, Tor\u00e3o, Z\u00e9 Maria", "texto_original": "http://sapl.ivaipora.pr.leg.br/media/sapl/public/materialegislativa/2011/3398/21-2011.pdf", "ementa": "Declara de Utilidade P\u00fablica Municipal a APMF - ASSOCIA\u00c7\u00c3O DE PAIS, MESTRES E FUNCION\u00c1RIOS DA ESCOLA MUNICIPAL LEILA DINIZ, e d\u00e1  outras provid\u00eancias."}, {"id": "3399", "ano": "2011", "numero": "22", "tipo__sigla": "PLL", "tipo__descricao": "Projeto de Lei do Legislativo", "autoria": "Ademar, Bunitinho, Gustavo Chaves, Jaffer Ferreira, Luciano da Gr\u00e1fica, M\u00e1rio Hort, Sab\u00e3o - Edivaldo Montanheri, Tor\u00e3o, Z\u00e9 Maria", "texto_original": "http://sapl.ivaipora.pr.leg.br/media/sapl/public/materialegislativa/2011/3399/22-2011.pdf", "ementa": "Declara de Utilidade P\u00fablica Municipal a APMF - ASSOCIA\u00c7\u00c3O DE PAIS, MESTRES E FUNCION\u00c1RIOS DA ESCOLA MUNICIPAL IGNEZ DE SOUZA CAETANO, e d\u00e1 outras provid\u00eancias."}, {"id": "3400", "ano": "2011", "numero": "23", "tipo__sigla": "PLL", "tipo__descricao": "Projeto de Lei do Legislativo", "autoria": "Sab\u00e3o - Edivaldo Montanheri", "texto_original": "http://sapl.ivaipora.pr.leg.br/media/sapl/public/materialegislativa/2011/3400/23-2011.pdf", "ementa": "Declara de utilidade P\u00fablica Municipal a APMF - ASSOCIA\u00c7\u00c3O DE PAIS, MESTRES E FUNCION\u00c1RIOS DA ESCOLA MUNICIPAL JO\u00c3O PESSOA, e d\u00e1 outras provid\u00eancias."}, {"id": "3401", "ano": "2011", "numero": "24", "tipo__sigla": "PLL", "tipo__descricao": "Projeto de Lei do Legislativo", "autoria": "Ademar, Bunitinho, Gustavo Chaves, Jaffer Ferreira, Luciano da Gr\u00e1fica, M\u00e1rio Hort, Sab\u00e3o - Edivaldo Montanheri, Tor\u00e3o, Z\u00e9 Maria", "texto_original": "http://sapl.ivaipora.pr.leg.br/media/sapl/public/materialegislativa/2011/3401/24-2011.pdf", "ementa": "Declara de Utilidade P\u00fablica Municipal a APMF - ASSOCIA\u00c7\u00c3O DE PAIS, MESTRES E FUNCION\u00c1RIOS DA ESCOLA MUNICIPAL CARLOAS LACERDA, e d\u00e1 outras provid\u00eancias."}, {"id": "3402", "ano": "2011", "numero": "25", "tipo__sigla": "PLL", "tipo__descricao": "Projeto de Lei do Legislativo", "autoria": "Ademar, Bunitinho, Gustavo Chaves, Jaffer Ferreira, Luciano da Gr\u00e1fica, M\u00e1rio Hort, Sab\u00e3o - Edivaldo Montanheri, Tor\u00e3o, Z\u00e9 Maria", "texto_original": "http://sapl.ivaipora.pr.leg.br/media/sapl/public/materialegislativa/2011/3402/25-2011.pdf", "ementa": "Declara de Utilidade P\u00fablica Municipal a APMF - ASSOCIA\u00c7\u00c3O DE PAIS, MESTRES E FUNCION\u00c1RIOS DA ESCOLA MUNICIPAL MARIA DIVA RIBEIRO DE PROEN\u00c7A, e d\u00e1 outras provid\u00eancias."}, {"id": "3403", "ano": "2011", "numero": "26", "tipo__sigla": "PLL", "tipo__descricao": "Projeto de Lei do Legislativo", "autoria": "Ademar, Bunitinho, Gustavo Chaves, Jaffer Ferreira, Luciano da Gr\u00e1fica, M\u00e1rio Hort, Sab\u00e3o - Edivaldo Montanheri, Tor\u00e3o, Z\u00e9 Maria", "texto_original": "http://sapl.ivaipora.pr.leg.br/media/sapl/public/materialegislativa/2011/3403/26-2011.pdf", "ementa": "Declara de Utilidade P\u00fablica Municipal a APMF - ASSOCIA\u00c7\u00c3O DE PAIS, MESTRES E FUNCION\u00c1RIOS DA ESCOLA MUNICIPAL de JACUTINGA, e d\u00e1 outras provid\u00eancias."}, {"id": "3344", "ano": "2011", "numero": "27", "tipo__sigla": "PLL", "tipo__descricao": "Projeto de Lei do Legislativo", "autoria": "Ademar, Bunitinho, Gustavo Chaves, Jaffer Ferreira, Luciano da Gr\u00e1fica, M\u00e1rio Hort, Sab\u00e3o - Edivaldo Montanheri, Tor\u00e3o, Z\u00e9 Maria", "texto_original": "http://sapl.ivaipora.pr.leg.br/media/sapl/public/materialegislativa/2011/3344/27-2011.pdf", "ementa": "Declara de Utilidade P\u00fablica Municipal a APMF - ASSOCIA\u00c7\u00c3O DE PAIS, MESTRES E FUNCION\u00c1RIOS DA ESCOLA MUNICIPAL IVAIPOR\u00c3, e d\u00e1 outras provid\u00eancias."}, {"id": "3345", "ano": "2011", "numero": "28", "tipo__sigla": "PLL", "tipo__descricao": "Projeto de Lei do Legislativo", "autoria": "Ademar, Bunitinho, Gustavo Chaves, Jaffer Ferreira, Luciano da Gr\u00e1fica, M\u00e1rio Hort, Sab\u00e3o - Edivaldo Montanheri, Tor\u00e3o, Z\u00e9 Maria", "texto_original": "http://sapl.ivaipora.pr.leg.br/media/sapl/public/materialegislativa/2011/3345/28-2011.pdf", "ementa": "Declara de Utilidade P\u00fablica Municipal a ACMV - ASSOCIA\u00c7\u00c3O CLUBE DE M\u00c3ES E VOLUNT\u00c1RIAS, e d\u00e1 outras provid\u00eancias."}, {"id": "3346", "ano": "2011", "numero": "29", "tipo__sigla": "PLL", "tipo__descricao": "Projeto de Lei do Legislativo", "autoria": "Sab\u00e3o - Edivaldo Montanheri", "texto_original": "http://sapl.ivaipora.pr.leg.br/media/sapl/public/materialegislativa/2011/3346/29-2011.pdf", "ementa": "Declara de Utilidade P\u00fablica a APMF - ASSOCIA\u00c7\u00c3O DE PAIS, MESTRES E FUNCION\u00c1RIOS DA ESCOLA MUNICIPAL BENTO VIANA, e d\u00e1 outras provid\u00eancias."}, {"id": "3347", "ano": "2011", "numero": "30", "tipo__sigla": "PLL", "tipo__descricao": "Projeto de Lei do Legislativo", "autoria": "Gustavo Chaves", "texto_original": "http://sapl.ivaipora.pr.leg.br/media/sapl/public/materialegislativa/2011/3347/30-2011.pdf", "ementa": "Denomina a Rua \"B\" no Jardim  Casa Grande, nesta cidade de Ivaipor\u00e3, Estado do Paran\u00e1 de ''LAURO JOS\u00c9 LOPES'', e d\u00e1 outras provid\u00eancias."}, {"id": "3348", "ano": "2011", "numero": "31", "tipo__sigla": "PLL", "tipo__descricao": "Projeto de Lei do Legislativo", "autoria": "Luciano da Gr\u00e1fica", "texto_original": "http://sapl.ivaipora.pr.leg.br/media/sapl/public/materialegislativa/2011/3348/31-2011.pdf", "ementa": "Disp\u00f5e sobre o corte de fornecimento de agua por falta de pagamento da tarifa correspondente."}, {"id": "3349", "ano": "2011", "numero": "32", "tipo__sigla": "PLL", "tipo__descricao": "Projeto de Lei do Legislativo", "autoria": "Luciano da Gr\u00e1fica", "texto_original": "http://sapl.ivaipora.pr.leg.br/media/sapl/public/materialegislativa/2011/3349/32-2011.pdf", "ementa": "disp\u00f5e sobre o corte de fornecimento de energia el\u00e9trica por falta de pagamento da tarifa correspondente."}, {"id": "3350", "ano": "2011", "numero": "33", "tipo__sigla": "PLL", "tipo__descricao": "Projeto de Lei do Legislativo", "autoria": "Sab\u00e3o - Edivaldo Montanheri", "texto_original": "http://sapl.ivaipora.pr.leg.br/media/sapl/public/materialegislativa/2011/3350/33-2011.pdf", "ementa": "Declara de Utilidade P\u00fablica Municipal o PROJETO F\u00c9, e d\u00e1 outras provid\u00eancias."}, {"id": "3351", "ano": "2011", "numero": "34", "tipo__sigla": "PLL", "tipo__descricao": "Projeto de Lei do Legislativo", "autoria": "Ademar, Bunitinho, Gustavo Chaves, Jaffer Ferreira, Luciano da Gr\u00e1fica, M\u00e1rio Hort, Sab\u00e3o - Edivaldo Montanheri, Tor\u00e3o, Z\u00e9 Maria", "texto_original": "http://sapl.ivaipora.pr.leg.br/media/sapl/public/materialegislativa/2011/3351/34-2011.pdf", "ementa": "Denomina  Biblioteca P\u00fablica Municipal Prof. Bento Munhoz da Rocha Neto de \"DRA. NEUSA ROCHA MARTINS\", e d\u00e1 outras provid\u00eancias."}, {"id": "3353", "ano": "2011", "numero": "35", "tipo__sigla": "PLL", "tipo__descricao": "Projeto de Lei do Legislativo", "autoria": "Bunitinho", "texto_original": "http://sapl.ivaipora.pr.leg.br/media/sapl/public/materialegislativa/2011/3353/35-2011.pdf", "ementa": "Institui o Dia Municipal do Trabalhador na \u00c1rea da Sa\u00fade, e d\u00e1 outras provid\u00eancias."}, {"id": "3354", "ano": "2011", "numero": "36", "tipo__sigla": "PLL", "tipo__descricao": "Projeto de Lei do Legislativo", "autoria": "Gustavo Chaves", "texto_original": "http://sapl.ivaipora.pr.leg.br/media/sapl/public/materialegislativa/2011/3354/36-2011.pdf", "ementa": "Disp\u00f5e sobre a implanta\u00e7\u00e3o de placas ou pain\u00e9is informativos no abrigos de embarque e desembarque de \u00f4nibus do transporte coletivo urbano."}, {"id": "3355", "ano": "2011", "numero": "37", "tipo__sigla": "PLL", "tipo__descricao": "Projeto de Lei do Legislativo", "autoria": "Jaffer Ferreira", "texto_original": "http://sapl.ivaipora.pr.leg.br/media/sapl/public/materialegislativa/2011/3355/37-2011.pdf", "ementa": "disp\u00f5e sobre a fixa\u00e7\u00e3o de aviso ao direito de acesso gratuito ao assento  de \u00f3bito  e da respectiva primeira certid\u00e3o, no Munic\u00edpio de Ivaipor\u00e3, Estado do Paran\u00e1, e d\u00e1 outras provid\u00eancias."}, {"id": "3356", "ano": "2011", "numero": "38", "tipo__sigla": "PLL", "tipo__descricao": "Projeto de Lei do Legislativo", "autoria": "Gustavo Chaves", "texto_original": "http://sapl.ivaipora.pr.leg.br/media/sapl/public/materialegislativa/2011/3356/38-2011.pdf", "ementa": "Institui o dia Municipal da Poesia a d\u00e1 outras providencias."}, {"id": "3357", "ano": "2011", "numero": "39", "tipo__sigla": "PLL", "tipo__descricao": "Projeto de Lei do Legislativo", "autoria": "Gustavo Chaves", "texto_original": "http://sapl.ivaipora.pr.leg.br/media/sapl/public/materialegislativa/2011/3357/39-2011.pdf", "ementa": "Institui o Dia Municipal da Pra\u00e7a e d\u00e1 outras provid\u00eancias."}, {"id": "3358", "ano": "2011", "numero": "40", "tipo__sigla": "PLL", "tipo__descricao": "Projeto de Lei do Legislativo", "autoria": "Gustavo Chaves", "texto_original": "http://sapl.ivaipora.pr.leg.br/media/sapl/public/materialegislativa/2011/3358/40-2011.pdf", "ementa": "Disp\u00f5e sobre a implanta\u00e7\u00e3o de placas com nomes dos m\u00e9dicos e hor\u00e1rios de atendimentos no Posto de Sa\u00fade do Munic\u00edpio de Ivaipor\u00e3 e d\u00e1 outras provid\u00eancias."}, {"id": "3359", "ano": "2011", "numero": "41", "tipo__sigla": "PLL", "tipo__descricao": "Projeto de Lei do Legislativo", "autoria": "Ademar", "texto_original": "http://sapl.ivaipora.pr.leg.br/media/sapl/public/materialegislativa/2011/3359/41-2011.pdf", "ementa": "Denomina a Pra\u00e7a do Conjunto Espirito Santo, de ''PRA\u00c7A DA PAZ'' e d\u00e1 outras provid\u00eancias."}, {"id": "3360", "ano": "2011", "numero": "42", "tipo__sigla": "PLL", "tipo__descricao": "Projeto de Lei do Legislativo", "autoria": "Sab\u00e3o - Edivaldo Montanheri", "texto_original": "http://sapl.ivaipora.pr.leg.br/media/sapl/public/materialegislativa/2011/3360/42-2011.pdf", "ementa": "Fixa os subs\u00eddios do Prefeito, do Vice-Prefeito, do Procurador Geral do Munic\u00edpio e doa Secret\u00e1rios Municipais do Munic\u00edpio de Ivaipor\u00e3 para o per\u00edodo da Legislatura de 2013 a 2016, e d\u00e1 outras provid\u00eancias."}, {"id": "3447", "ano": "2011", "numero": "1", "tipo__sigla": "VT", "tipo__descricao": "Veto da Lei", "autoria": "Cyro Fernandes Corre\u00e2 J\u00fanior", "texto_original": "http://sapl.ivaipora.pr.leg.br/media/sapl/public/materialegislativa/2011/3447/veto_06-2011.pdf", "ementa": "veto do projeto 06/2011"}, {"id": "8548", "ano": "2011", "numero": "3", "tipo__sigla": "PDL", "tipo__descricao": "Projeto de Decreto Legislativo", "autoria": "Jaffer Ferreira", "texto_original": "http://sapl.ivaipora.pr.leg.br/media/sapl/public/materialegislativa/2011/8548/projeto_de_decreto_03-2011.pdf", "ementa": "Referenda a cess\u00e3o de uso de \u00f4nibus do Munic\u00edpio de Ivaipor\u00e3, Estado do Paran\u00e1, ao VS - Futebol Clube de Ivaipor\u00e3, e d\u00e1 outras provid\u00eancias."}, {"id": "8546", "ano": "2011", "numero": "5", "tipo__sigla": "PDL", "tipo__descricao": "Projeto de Decreto Legislativo", "autoria": "Sab\u00e3o - Edivaldo Montanheri", "texto_original": "http://sapl.ivaipora.pr.leg.br/media/sapl/public/materialegislativa/2011/8546/projeto_de_decreto_05-2011.pdf", "ementa": "Referenda a troca de ve\u00edculos, de propriedade do Munic\u00edpio de Ivaipor\u00e3, e d\u00e1 outras provid\u00eancias."}, {"id": "8543", "ano": "2011", "numero": "6", "tipo__sigla": "PDL", "tipo__descricao": "Projeto de Decreto Legislativo", "autoria": "Sab\u00e3o - Edivaldo Montanheri", "texto_original": "http://sapl.ivaipora.pr.leg.br/media/sapl/public/materialegislativa/2011/8543/projeto_de_decreto_06-2011.pdf", "ementa": "Referenda a cess\u00e3o de uso de \u00f4nibus do Munic\u00edpio de Ivaipor\u00e3, Estado do Paran\u00e1, para a Igreja Adventista do S\u00e9timo Dia e d\u00e1 outras provid\u00eancias."}, {"id": "8542", "ano": "2011", "numero": "7", "tipo__sigla": "PDL", "tipo__descricao": "Projeto de Decreto Legislativo", "autoria": "Tor\u00e3o", "texto_original": "http://sapl.ivaipora.pr.leg.br/media/sapl/public/materialegislativa/2011/8542/projeto_de_decreto_07-2011.pdf", "ementa": "Institui sess\u00e3o solene em homenagem \u00e0s mulheres e d\u00e1 outras provid\u00eancias."}, {"id": "8540", "ano": "2011", "numero": "8", "tipo__sigla": "PDL", "tipo__descricao": "Projeto de Decreto Legislativo", "autoria": "Luciano da Gr\u00e1fica, Ademar, Bunitinho, Jaffer Ferreira, M\u00e1rio Hort", "texto_original": "http://sapl.ivaipora.pr.leg.br/media/sapl/public/materialegislativa/2011/8540/projeto_de_decreto_08-2011.pdf", "ementa": "Referenda a cess\u00e3o de uso do Est\u00e1dio Municipal Manoel Fernandes Silva do Munic\u00edpio de Ivaipor\u00e3, Estado do Paran\u00e1, para a Escolinha de Futebol Curitiba Futebol Clube e d\u00e1 outras provid\u00eancias."}, {"id": "8538", "ano": "2011", "numero": "9", "tipo__sigla": "PDL", "tipo__descricao": "Projeto de Decreto Legislativo", "autoria": "Sab\u00e3o - Edivaldo Montanheri", "texto_original": "http://sapl.ivaipora.pr.leg.br/media/sapl/public/materialegislativa/2011/8538/projeto_de_decreto_09-2011.pdf", "ementa": "Referenda a cess\u00e3o de uso de \u00f4nibus do Munic\u00edpio de Ivaipor\u00e3, Estado do Paran\u00e1, para a Par\u00f3quia Bom Jesus e d\u00e1 outras provid\u00eancias."}, {"id": "8535", "ano": "2011", "numero": "10", "tipo__sigla": "PDL", "tipo__descricao": "Projeto de Decreto Legislativo", "autoria": "M\u00e1rio Hort", "texto_original": "http://sapl.ivaipora.pr.leg.br/media/sapl/public/materialegislativa/2011/8535/projeto_de_decreto_10-2011.pdf", "ementa": "Referenda a cess\u00e3o de uso de \u00f4nibus do Munic\u00edpio de Ivaipor\u00e3, Estado do Paran\u00e1, para a Academia de Karat\u00ea Associa\u00e7\u00e3o Real de Karat\u00ea e d\u00e1 outras provid\u00eancias."}, {"id": "8519", "ano": "2011", "numero": "11", "tipo__sigla": "PDL", "tipo__descricao": "Projeto de Decreto Legislativo", "autoria": "Sab\u00e3o - Edivaldo Montanheri", "texto_original": "http://sapl.ivaipora.pr.leg.br/media/sapl/public/materialegislativa/2011/8519/projeto_de_decreto_11-2011.pdf", "ementa": "Referenda a autoriza\u00e7\u00e3o \u00e0 MARMORIAL MARMORARIA LTDA, \u00fanica e exclusivamente, para realiza\u00e7\u00e3o de hipoteca de im\u00f3vel para garantia de financiamento e d\u00e1 outras provid\u00eancias."}, {"id": "8499", "ano": "2011", "numero": "13", "tipo__sigla": "PDL", "tipo__descricao": "Projeto de Decreto Legislativo", "autoria": "Sab\u00e3o - Edivaldo Montanheri", "texto_original": "http://sapl.ivaipora.pr.leg.br/media/sapl/public/materialegislativa/2011/8499/projeto_de_decreto_13-2011.pdf", "ementa": "Referenda a cess\u00e3o de uso de \u00f4nibus do Munic\u00edpio de Ivaipor\u00e3, Estado do Paran\u00e1, ao Grupo de Caminhantes de Ivaipor\u00e3, e d\u00e1 outras provid\u00eancias."}, {"id": "8455", "ano": "2011", "numero": "14", "tipo__sigla": "PDL", "tipo__descricao": "Projeto de Decreto Legislativo", "autoria": "Sab\u00e3o - Edivaldo Montanheri", "texto_original": "http://sapl.ivaipora.pr.leg.br/media/sapl/public/materialegislativa/2011/8455/projeto_de_decreto_14-2011.pdf", "ementa": "Referenda a cess\u00e3o de uso de \u00f4nibus do Munic\u00edpio de Ivaipor\u00e3, Estado do Paran\u00e1, ao Curso de T\u00e9cnico em Meio Ambiente do Col\u00e9gio Estadual Barbosa Ferraz, e d\u00e1 outras provid\u00eancias."}, {"id": "8454", "ano": "2011", "numero": "15", "tipo__sigla": "PDL", "tipo__descricao": "Projeto de Decreto Legislativo", "autoria": "Sab\u00e3o - Edivaldo Montanheri", "texto_original": "http://sapl.ivaipora.pr.leg.br/media/sapl/public/materialegislativa/2011/8454/projeto_de_decreto_15-2011.pdf", "ementa": "Referenda a cess\u00e3o de uso de \u00f4nibus do Munic\u00edpio de Ivaipor\u00e3, Estado do Paran\u00e1, ao Curso de Tecnologia em Agroneg\u00f3cio III per\u00edodo da UCT/FATEC de Ivaipor\u00e3, e d\u00e1 outras provid\u00eancias."}, {"id": "8453", "ano": "2011", "numero": "16", "tipo__sigla": "PDL", "tipo__descricao": "Projeto de Decreto Legislativo", "autoria": "Jaffer Ferreira", "texto_original": "http://sapl.ivaipora.pr.leg.br/media/sapl/public/materialegislativa/2011/8453/projeto_de_decreto_16-2011.pdf", "ementa": "Referenda a cess\u00e3o de uso de \u00f4nibus do Munic\u00edpio de Ivaipor\u00e3, Estado do Paran\u00e1, para a Igreja Congrega\u00e7\u00e3o Crist\u00e3 do Brasil e d\u00e1 outras provid\u00eancias."}, {"id": "8435", "ano": "2011", "numero": "17", "tipo__sigla": "PDL", "tipo__descricao": "Projeto de Decreto Legislativo", "autoria": "Luciano da Gr\u00e1fica, M\u00e1rio Hort, Sab\u00e3o - Edivaldo Montanheri", "texto_original": "http://sapl.ivaipora.pr.leg.br/media/sapl/public/materialegislativa/2011/8435/projeto_de_dcereto_17-2011.pdf", "ementa": "Concede T\u00edtulo de Cidad\u00e3o Benem\u00e9rito de Ivaipor\u00e3, Estado do Paran\u00e1, ao Senhor MIGUEL ROBERTO DO AMARAL e d\u00e1 outras provid\u00eancias."}, {"id": "8433", "ano": "2011", "numero": "18", "tipo__sigla": "PDL", "tipo__descricao": "Projeto de Decreto Legislativo", "autoria": "Ademar", "texto_original": "http://sapl.ivaipora.pr.leg.br/media/sapl/public/materialegislativa/2011/8433/projeto_de_decreto_18-2011.pdf", "ementa": "Regulamenta subsidio ao Agricultor Familiar com servi\u00e7os de maquin\u00e1rios do Munic\u00edpio de Ivaipor\u00e3, e d\u00e1 outras provid\u00eancias."}, {"id": "8431", "ano": "2011", "numero": "19", "tipo__sigla": "PDL", "tipo__descricao": "Projeto de Decreto Legislativo", "autoria": "Sab\u00e3o - Edivaldo Montanheri", "texto_original": "http://sapl.ivaipora.pr.leg.br/media/sapl/public/materialegislativa/2011/8431/projeto_de_decreto_19-2011.pdf", "ementa": "Referenda a cess\u00e3o de uso de \u00f4nibus do Munic\u00edpio de Ivaipor\u00e3, Estado do Paran\u00e1, ao N\u00facleo Regional de Educa\u00e7\u00e3o e d\u00e1 outras provid\u00eancias."}, {"id": "8430", "ano": "2011", "numero": "20", "tipo__sigla": "PDL", "tipo__descricao": "Projeto de Decreto Legislativo", "autoria": "Tor\u00e3o", "texto_original": "http://sapl.ivaipora.pr.leg.br/media/sapl/public/materialegislativa/2011/8430/projeto_de_decreto_20-2011.pdf", "ementa": "Referenda a cess\u00e3o de uso de caminh\u00e3o do Munic\u00edpio de Ivaipor\u00e3, Estado do Paran\u00e1, \u00e0 Associa\u00e7\u00e3o de Radiofus\u00e3o Comunit\u00e1ria de Ivaipor\u00e3 - R\u00e1dio Esperan\u00e7a FM, e d\u00e1 outras provid\u00eancias."}, {"id": "8429", "ano": "2011", "numero": "21", "tipo__sigla": "PDL", "tipo__descricao": "Projeto de Decreto Legislativo", "autoria": "Jaffer Ferreira", "texto_original": "http://sapl.ivaipora.pr.leg.br/media/sapl/public/materialegislativa/2011/8429/projeto_de_decreto_21-2011.pdf", "ementa": "Referenda a cess\u00e3o de uso de \u00f4nibus do Munic\u00edpio de Ivaipor\u00e3, Estado do Paran\u00e1, \u00e0 CASA DO ARTES\u00c3O e d\u00e1 outras provid\u00eancias."}, {"id": "8428", "ano": "2011", "numero": "23", "tipo__sigla": "PDL", "tipo__descricao": "Projeto de Decreto Legislativo", "autoria": "Sab\u00e3o - Edivaldo Montanheri", "texto_original": "http://sapl.ivaipora.pr.leg.br/media/sapl/public/materialegislativa/2011/8428/projeto_de_decreto_23-2011.pdf", "ementa": "Concede T\u00edtulo de Cidad\u00e3o Honor\u00e1rio de Ivaipor\u00e3, ao SR, IRENEU M\u00c1RIO COLOMBO e d\u00e1 outras provid\u00eancias."}, {"id": "8427", "ano": "2011", "numero": "24", "tipo__sigla": "PDL", "tipo__descricao": "Projeto de Decreto Legislativo", "autoria": "Ademar", "texto_original": "http://sapl.ivaipora.pr.leg.br/media/sapl/public/materialegislativa/2011/8427/projeto_de_decreto_24-2011.pdf", "ementa": "Concede T\u00edtulo de Cidad\u00e3o Honor\u00e1rio de Ivaipor\u00e3, ao Diretor da UEM - Campus Regional do Vale do Iva\u00ed, PROFESSOR DR. RAIMUNDO PINHEIRO NETO e d\u00e1 outras provid\u00eancias."}, {"id": "8426", "ano": "2011", "numero": "25", "tipo__sigla": "PDL", "tipo__descricao": "Projeto de Decreto Legislativo", "autoria": "Tor\u00e3o", "texto_original": "http://sapl.ivaipora.pr.leg.br/media/sapl/public/materialegislativa/2011/8426/projeto_de_decreto_25-2011.pdf", "ementa": "Cria o Portal de Transpar\u00eancia da C\u00e2mara Municipal de Ivaipor\u00e3, Estado do Paran\u00e1 e d\u00e1 outras provid\u00eancias."}, {"id": "8415", "ano": "2011", "numero": "26", "tipo__sigla": "PDL", "tipo__descricao": "Projeto de Decreto Legislativo", "autoria": "Luciano da Gr\u00e1fica, Bunitinho, Gustavo Chaves, Jaffer Ferreira, Sab\u00e3o - Edivaldo Montanheri, Tor\u00e3o, Z\u00e9 Maria", "texto_original": "http://sapl.ivaipora.pr.leg.br/media/sapl/public/materialegislativa/2011/8415/projeto_de_decreto_26-2011.pdf", "ementa": "Concede T\u00edtulo de Cidad\u00e3 Honor\u00e1ria de Ivaipor\u00e3, Estado do Paran\u00e1, a Sr\u00aa. ZULEIKA DOS SANTOS REZENDE e d\u00e1 outras provid\u00eancias."}, {"id": "8405", "ano": "2011", "numero": "27", "tipo__sigla": "PDL", "tipo__descricao": "Projeto de Decreto Legislativo", "autoria": "Sab\u00e3o - Edivaldo Montanheri", "texto_original": "http://sapl.ivaipora.pr.leg.br/media/sapl/public/materialegislativa/2011/8405/projeto_de_decreto_27-2011.pdf", "ementa": "Concede T\u00edtulo de Cidad\u00e3o Honor\u00e1rio de Ivaipor\u00e3, Estado do Paran\u00e1, ao Deputado Federal ALEX CANZIANI e d\u00e1 outras provid\u00eancias."}, {"id": "8404", "ano": "2011", "numero": "28", "tipo__sigla": "PDL", "tipo__descricao": "Projeto de Decreto Legislativo", "autoria": "Z\u00e9 Maria", "texto_original": "http://sapl.ivaipora.pr.leg.br/media/sapl/public/materialegislativa/2011/8404/projeto_de_decreto_28-2011.pdf", "ementa": "Referenda a cess\u00e3o de uso de \u00f4nibus do Munic\u00edpio de Ivaipor\u00e3, Estado do Paran\u00e1, para a Igreja Evang\u00e9lica Assembleia de Deus e d\u00e1 outras provid\u00eancias."}, {"id": "8403", "ano": "2011", "numero": "29", "tipo__sigla": "PDL", "tipo__descricao": "Projeto de Decreto Legislativo", "autoria": "Sab\u00e3o - Edivaldo Montanheri", "texto_original": "http://sapl.ivaipora.pr.leg.br/media/sapl/public/materialegislativa/2011/8403/projeto_de_decreto_29-2011.pdf", "ementa": "Referenda autoriza\u00e7\u00e3o ao Munic\u00edpio de Ivaipor\u00e3, Estado do Paran\u00e1, a firmar Termo de Ajustamento de Conduta, TAC, com empresa \" Industria de Derivados de Carne Sanches LTDA\", e d\u00e1 outras provid\u00eancias."}, {"id": "8402", "ano": "2011", "numero": "30", "tipo__sigla": "PDL", "tipo__descricao": "Projeto de Decreto Legislativo", "autoria": "Sab\u00e3o - Edivaldo Montanheri", "texto_original": "http://sapl.ivaipora.pr.leg.br/media/sapl/public/materialegislativa/2011/8402/projeto_de_decreto_30-2011.pdf", "ementa": "Referenda autoriza\u00e7\u00e3o ao Munic\u00edpio de Ivaipor\u00e3, Estado do Paran\u00e1, para o transporte/busca de \"pedra irregular\" com ve\u00edculo pertencente a esta municipalidade, no Munic\u00edpio de S\u00e3o Jo\u00e3o do Iva\u00ed, e d\u00e1 outras provid\u00eancias."}, {"id": "8401", "ano": "2011", "numero": "31", "tipo__sigla": "PDL", "tipo__descricao": "Projeto de Decreto Legislativo", "autoria": "Sab\u00e3o - Edivaldo Montanheri", "texto_original": "http://sapl.ivaipora.pr.leg.br/media/sapl/public/materialegislativa/2011/8401/projeto_de_decreto_31-2011.pdf", "ementa": "Referenda autoriza\u00e7\u00e3o ao Munic\u00edpio de Ivaipor\u00e3, Estado do Paran\u00e1, a firmar Termo de Coopera\u00e7\u00e3o Ampla, entre o MUNIC\u00cdPIO DE IVAIPOR\u00c3 e a UNIVERSIDADE ESTADUAL DE MARING\u00c1 - UEM, e d\u00e1 outras provid\u00eancias."}, {"id": "8400", "ano": "2011", "numero": "32", "tipo__sigla": "PDL", "tipo__descricao": "Projeto de Decreto Legislativo", "autoria": "Sab\u00e3o - Edivaldo Montanheri", "texto_original": "http://sapl.ivaipora.pr.leg.br/media/sapl/public/materialegislativa/2011/8400/projeto_de_decreto_32-2011.pdf", "ementa": "Disp\u00f5e sobre as presta\u00e7\u00f5es de contas do Poder Legislativa do Munic\u00edpio de Ivaipor\u00e3, Estado do Paran\u00e1, referente ao exerc\u00edcio financeiro do ano de 2010."}, {"id": "8399", "ano": "2011", "numero": "33", "tipo__sigla": "PDL", "tipo__descricao": "Projeto de Decreto Legislativo", "autoria": "Sab\u00e3o - Edivaldo Montanheri", "texto_original": "http://sapl.ivaipora.pr.leg.br/media/sapl/public/materialegislativa/2011/8399/projeto_de_decreto_33-2011.pdf", "ementa": "Referenda a cess\u00e3o de uso de \u00f4nibus do Munic\u00edpio de Ivaipor\u00e3, Estado do Paran\u00e1, a Comunidade da Vila Nova Por\u00e3 e d\u00e1 outras provid\u00eancias."}, {"id": "8398", "ano": "2011", "numero": "34", "tipo__sigla": "PDL", "tipo__descricao": "Projeto de Decreto Legislativo", "autoria": "Sab\u00e3o - Edivaldo Montanheri", "texto_original": "http://sapl.ivaipora.pr.leg.br/media/sapl/public/materialegislativa/2011/8398/projeto_de_decreto_34-2011.pdf", "ementa": "Referenda autoriza\u00e7\u00e3o ao Munic\u00edpio de Ivaipor\u00e3, Estado do Paran\u00e1, a firmar Contratos de Comodato com os integrantes da Feira Sol e Lua e d\u00e1 outras provid\u00eancias."}, {"id": "8395", "ano": "2011", "numero": "35", "tipo__sigla": "PDL", "tipo__descricao": "Projeto de Decreto Legislativo", "autoria": "Sab\u00e3o - Edivaldo Montanheri", "texto_original": "http://sapl.ivaipora.pr.leg.br/media/sapl/public/materialegislativa/2011/8395/projeto_de_decreto_35-2011.pdf", "ementa": "Disp\u00f5e sobre as presta\u00e7\u00f5es de contas do Poder Executivo de Ivaipor\u00e3, Estado do Paran\u00e1, referente ao exerc\u00edcio financeiro do ano de 2009."}, {"id": "3936", "ano": "2011", "numero": "1", "tipo__sigla": "PRE", "tipo__descricao": "Projeto de Resolu\u00e7\u00e3o", "autoria": "Bunitinho, Gustavo Chaves, Jaffer Ferreira, Luciano da Gr\u00e1fica, M\u00e1rio Hort, Sab\u00e3o - Edivaldo Montanheri, Tor\u00e3o, Z\u00e9 Maria", "texto_original": "http://sapl.ivaipora.pr.leg.br/media/sapl/public/materialegislativa/2011/3936/pr_1_2011.pdf", "ementa": "Disp\u00f5e sobre o Instrumento da Programa\u00e7\u00e3o Financeira e Cronograma Mensal da Despesa para o Legislativo Municipal referente ao Exerc\u00edcio Financeiro\r\nde 2011."}, {"id": "3940", "ano": "2011", "numero": "2", "tipo__sigla": "PRE", "tipo__descricao": "Projeto de Resolu\u00e7\u00e3o", "autoria": "Ademar, Bunitinho, Luciano da Gr\u00e1fica, M\u00e1rio Hort, Z\u00e9 Maria", "texto_original": "http://sapl.ivaipora.pr.leg.br/media/sapl/public/materialegislativa/2011/3940/pr_2_2011.pdf", "ementa": "Reajusta os vencimentos dos Servidores do Poder Legislativo e d\u00e1 outras provid\u00eancias."}, {"id": "3942", "ano": "2011", "numero": "3", "tipo__sigla": "PRE", "tipo__descricao": "Projeto de Resolu\u00e7\u00e3o", "autoria": "Ademar, Bunitinho, Gustavo Chaves, Luciano da Gr\u00e1fica, M\u00e1rio Hort, Tor\u00e3o, Z\u00e9 Maria", "texto_original": "http://sapl.ivaipora.pr.leg.br/media/sapl/public/materialegislativa/2011/3942/pr_3_2011.pdf", "ementa": "Determina o uso de crach\u00e1 na C\u00e2mara Municipal de Ivaipor\u00e3 e d\u00e1 outras provid\u00eancias."}, {"id": "3943", "ano": "2011", "numero": "4", "tipo__sigla": "PRE", "tipo__descricao": "Projeto de Resolu\u00e7\u00e3o", "autoria": "Ademar, Bunitinho, Gustavo Chaves, Jaffer Ferreira, Luciano da Gr\u00e1fica, M\u00e1rio Hort, Sab\u00e3o - Edivaldo Montanheri, Tor\u00e3o, Z\u00e9 Maria", "texto_original": "http://sapl.ivaipora.pr.leg.br/media/sapl/public/materialegislativa/2011/3943/pr_4_2011.pdf", "ementa": "D\u00e1 nova reda\u00e7\u00e3o ao Art. 1\u00ba do Regimento Interno da C\u00e2mara Municipal de Ivaipor\u00e3, Estado do Paran\u00e1 e d\u00e1 outras provid\u00eancias."}, {"id": "3944", "ano": "2011", "numero": "5", "tipo__sigla": "PRE", "tipo__descricao": "Projeto de Resolu\u00e7\u00e3o", "autoria": "Ademar, Luciano da Gr\u00e1fica, M\u00e1rio Hort, Sab\u00e3o - Edivaldo Montanheri", "texto_original": "http://sapl.ivaipora.pr.leg.br/media/sapl/public/materialegislativa/2011/3944/pr_5_2011.pdf", "ementa": "D\u00e1 nova reda\u00e7\u00e3o ao art. 3\u00b0 do Regimento Interno da C\u00e2mara Municipal de Ivaipor\u00e3, Estado do Paran\u00e1 e d\u00e1 outras provid\u00eancia"}, {"id": "3945", "ano": "2011", "numero": "6", "tipo__sigla": "PRE", "tipo__descricao": "Projeto de Resolu\u00e7\u00e3o", "autoria": "Gustavo Chaves, Jaffer Ferreira, Luciano da Gr\u00e1fica, M\u00e1rio Hort, Sab\u00e3o - Edivaldo Montanheri", "texto_original": "http://sapl.ivaipora.pr.leg.br/media/sapl/public/materialegislativa/2011/3945/pr_6_2011.pdf", "ementa": "D\u00e1 nova reda\u00e7\u00e3o ao Inciso I do Art. 181 e ao \u00a7 4o do Artigo 235, do Regimento Interno da C\u00e2mara Municipal de Ivaipor\u00e3 e d\u00e1 outras provid\u00eancias."}, {"id": "3953", "ano": "2011", "numero": "7", "tipo__sigla": "PRE", "tipo__descricao": "Projeto de Resolu\u00e7\u00e3o", "autoria": "Ademar, Luciano da Gr\u00e1fica, M\u00e1rio Hort, Sab\u00e3o - Edivaldo Montanheri", "texto_original": "http://sapl.ivaipora.pr.leg.br/media/sapl/public/materialegislativa/2011/3953/pr_7_2011.pdf", "ementa": "Estabelece, com fulcrc no artigo 41 da Constitui\u00e7\u00e3o Federal, 30 e 31 do Estatuto dos Servidores Municipais de Ivaipor\u00e1 e 171, VIII do Regimento Interno da C\u00e2mara de Ivaipor\u00e3, a avalia\u00e7\u00e3o especial de desempenho dos servidores em est\u00e1gio probat\u00f3rio da C\u00e2mara Municipal de Ivaipor\u00e3 e d\u00e1 outras provid\u00eancias."}, {"id": "3963", "ano": "2011", "numero": "8", "tipo__sigla": "PRE", "tipo__descricao": "Projeto de Resolu\u00e7\u00e3o", "autoria": "Ademar, Bunitinho, Gustavo Chaves, Jaffer Ferreira, Luciano da Gr\u00e1fica, Sab\u00e3o - Edivaldo Montanheri, Z\u00e9 Maria", "texto_original": "http://sapl.ivaipora.pr.leg.br/media/sapl/public/materialegislativa/2011/3963/pr_8_2011.pdf", "ementa": "FIXA OS SUBS\u00cdDIOS DOS VEREADORES PARA A LEGISLATURA DE 2013 A 2016 E D\u00c1 OUTRAS PROVID\u00caNCIAS."}, {"id": "3966", "ano": "2011", "numero": "9", "tipo__sigla": "PRE", "tipo__descricao": "Projeto de Resolu\u00e7\u00e3o", "autoria": "Bunitinho, Gustavo Chaves, Jaffer Ferreira, M\u00e1rio Hort, Sab\u00e3o - Edivaldo Montanheri, Z\u00e9 Maria", "texto_original": "http://sapl.ivaipora.pr.leg.br/media/sapl/public/materialegislativa/2011/3966/pr_9_2011.pdf", "ementa": "Concede uma cesta b\u00e1sica mensal aos servidores da C\u00e2mara Municipal de Ivaipor\u00e3/PR, e d\u00e1 outras provid\u00eancias."}, {"id": "10510", "ano": "2011", "numero": "1", "tipo__sigla": "EA", "tipo__descricao": "Emenda Aditiva", "autoria": "Ademar", "texto_original": "http://sapl.ivaipora.pr.leg.br/media/sapl/public/materialegislativa/2011/10510/pea_1_2011.pdf", "ementa": "Acrescentam-se dispositivos no Projeto de Lei n\u00ba 012/2011 do Poder Executivo, e d\u00e1 outras provid\u00eancias."}, {"id": "10511", "ano": "2011", "numero": "2", "tipo__sigla": "EM", "tipo__descricao": "Emenda Modificativa", "autoria": "Tor\u00e3o, Ademar, Bunitinho, Gustavo Chaves, Jaffer Ferreira, Luciano da Gr\u00e1fica, M\u00e1rio Hort, Sab\u00e3o - Edivaldo Montanheri, Z\u00e9 Maria", "texto_original": "http://sapl.ivaipora.pr.leg.br/media/sapl/public/materialegislativa/2011/10511/pem_2_2011.pdf", "ementa": "Modifica o Par\u00e1grafo \u00danico do Art. 40 da Lei Org\u00e2nica do Munic\u00edpio de Ivaipor\u00e3, Estado do Paran\u00e1 e d\u00e1 outras provid\u00eancias."}, {"id": "10512", "ano": "2011", "numero": "3", "tipo__sigla": "EM", "tipo__descricao": "Emenda Modificativa", "autoria": "Gustavo Chaves, Ademar, Jaffer Ferreira, Luciano da Gr\u00e1fica, M\u00e1rio Hort, Sab\u00e3o - Edivaldo Montanheri, Z\u00e9 Maria", "texto_original": "http://sapl.ivaipora.pr.leg.br/media/sapl/public/materialegislativa/2011/10512/pem_3_2011.pdf", "ementa": "Modifica o Inciso XXIV do Artigo 62 da Lei Org\u00e2nica do Munic\u00edpio de Ivaipor\u00e3 e d\u00e1 outras provid\u00eancias."}, {"id": "11011", "ano": "2011", "numero": "1", "tipo__sigla": "ATOS", "tipo__descricao": "ATOS", "autoria": "Mesa Diretiva - MD", "texto_original": "http://sapl.ivaipora.pr.leg.br/media/sapl/public/materialegislativa/2011/11011/ato_2011_1.pdf", "ementa": "Ficam os Senhores Presidente, Vereadores e Funcion\u00e1rios deste Poder Legislativo com direito a receberem di\u00e1rias constantes do Decreto Legislativo n\u00ba 1/2003, a partir do dia 10 de janeiro a 31 de dezembro de 2011."}, {"id": "11012", "ano": "2011", "numero": "2", "tipo__sigla": "ATOS", "tipo__descricao": "ATOS", "autoria": "Mesa Diretiva - MD", "texto_original": "http://sapl.ivaipora.pr.leg.br/media/sapl/public/materialegislativa/2011/11012/ato_2011_2.pdf", "ementa": "Abre um Cr\u00e9dito Adicional Especial e d\u00e1 outras provid\u00eancias. (Valor de R$ 5.000,00)"}, {"id": "11013", "ano": "2011", "numero": "4", "tipo__sigla": "ATOS", "tipo__descricao": "ATOS", "autoria": "Mesa Diretiva - MD", "texto_original": "http://sapl.ivaipora.pr.leg.br/media/sapl/public/materialegislativa/2011/11013/ato_2011_4.pdf", "ementa": "Abre um Cr\u00e9dito Adicional Suplementar e d\u00e1 outras provid\u00eancias. (Valor de R$ 50.000,00)"}, {"id": "11014", "ano": "2011", "numero": "5", "tipo__sigla": "ATOS", "tipo__descricao": "ATOS", "autoria": "Mesa Diretiva - MD", "texto_original": "http://sapl.ivaipora.pr.leg.br/media/sapl/public/materialegislativa/2011/11014/ato_2011_5.pdf", "ementa": "Abre um Cr\u00e9dito Adicional Suplementar e d\u00e1 outras provid\u00eancias."}, {"id": "11015", "ano": "2011", "numero": "6", "tipo__sigla": "ATOS", "tipo__descricao": "ATOS", "autoria": "Mesa Diretiva - MD", "texto_original": "http://sapl.ivaipora.pr.leg.br/media/sapl/public/materialegislativa/2011/11015/ato_2011_6.pdf", "ementa": "Abre um Cr\u00e9dito Adicional Suplementar e d\u00e1 outras provid\u00eancias. (Valor de R$ 23.227,00)"}]}