{"id":89,"__str__":"Jaffer Ferreira (1\u00ba orador)","link_detail_backend":"/sessao/oradorexpediente/89","metadata":{},"numero_ordem":1,"url_discurso":"","observacao":"Indica\u00e7\u00e3o n\u00b0 352/2024 j\u00e1 havia sido feita por meio da Indica\u00e7\u00e3o n\u00b0 24/2024.","upload_anexo":null,"sessao_plenaria":129,"parlamentar":4}