{"id":602,"__str__":"Ilsinho da Sa\u00fade (8\u00ba orador)","link_detail_backend":"/sessao/orador/602","metadata":{},"numero_ordem":8,"url_discurso":"","observacao":"Parabenizou a administra\u00e7\u00e3o e teceu coment\u00e1rios sobre o 3\u00ba Festival Esportivo de Outono, e solicitou que fosse enviado um of\u00edcio a sa\u00fade.","upload_anexo":null,"sessao_plenaria":304,"parlamentar":20}