{"id":599,"__str__":"Fio Bertotti (5\u00ba orador)","link_detail_backend":"/sessao/orador/599","metadata":{},"numero_ordem":5,"url_discurso":"","observacao":"Teceu coment\u00e1rios sobre a indica\u00e7\u00e3o realizada em rela\u00e7\u00e3o a falta de m\u00e9dico pediatra.","upload_anexo":null,"sessao_plenaria":304,"parlamentar":7}