{"id":582,"__str__":"Ilsinho da Sa\u00fade (5\u00ba orador)","link_detail_backend":"/sessao/orador/582","metadata":{},"numero_ordem":5,"url_discurso":"","observacao":"Teceu coment\u00e1rios sobre a administra\u00e7\u00e3o e seu excelente trabalho, e encerrou a presente reuni\u00e3o.","upload_anexo":null,"sessao_plenaria":293,"parlamentar":20}