{"id":550,"__str__":"Ilsinho da Sa\u00fade (5\u00ba orador)","link_detail_backend":"/sessao/orador/550","metadata":{},"numero_ordem":5,"url_discurso":"","observacao":"Falou sobre o t\u00e9rmino do Outubro Rosa e que a C\u00e2mara ofereceu as condi\u00e7\u00f5es aos departamentos para os trabalhos de preven\u00e7\u00e3o. Falou sobre novembro Azul","upload_anexo":null,"sessao_plenaria":264,"parlamentar":20}