{"id":28,"__str__":"Sab\u00e3o - Edivaldo Montanheri (7\u00ba orador)","link_detail_backend":"/sessao/orador/28","metadata":{},"numero_ordem":7,"url_discurso":"","observacao":"Falou sobre as elei\u00e7\u00f5es do Conselho Tutelar; os projetos aprovados pela C\u00e2mara; pr\u00eamio do meio ambiente; ren\u00fancia do vereador Ant\u00f4nio Vila Real.","upload_anexo":null,"sessao_plenaria":72,"parlamentar":1}