{"id":4614,"__str__":"Edital de Convoca\u00e7\u00e3o de Sess\u00e3o Plen\u00e1ria. N\u00ba 007/2026","link_detail_backend":"/docadm/4614","metadata":{},"numero":7,"complemento":"","ano":2026,"data":"2026-03-31","interessado":"Parlamentares","dias_prazo":null,"data_fim_prazo":null,"tramitacao":false,"assunto":"Convoca os nobres edis para 01 (uma) sess\u00e3o extraordin\u00e1ria a realizar-se no dia 31 de mar\u00e7o de 2026, \u00e0s 17:00 para aprecia\u00e7\u00e3o da seguinte mat\u00e9ria: Projeto de Decreto Legislativo n\u00ba 01/2026, s\u00famula: Autoriza a concess\u00e3o de licen\u00e7a ao Prefeito Municipal, Sr. Luiz Carlos Gil e d\u00e1 outras provid\u00eancias.","numero_externo":null,"observacao":"","texto_integral":"http://sapl.ivaipora.pr.leg.br/media/sapl/private/documentoadministrativo/4614/edital_07-2026.pdf","restrito":false,"ip":"179.97.200.5","ultima_edicao":"2026-04-01T09:24:12.176100-03:00","tipo":11,"protocolo":null,"autor":64,"user":18,"anexados":[],"materiasvinculadas":[12142]}