{"id":4097,"__str__":"Edital de Convoca\u00e7\u00e3o de Sess\u00e3o Plen\u00e1ria. N\u00ba 015/2025","link_detail_backend":"/docadm/4097","metadata":{},"numero":15,"complemento":"","ano":2025,"data":"2025-06-23","interessado":"Presidente Ilson Gagliano","dias_prazo":null,"data_fim_prazo":null,"tramitacao":false,"assunto":"C O N V O C A :\r\nOs Nobres Edis para duas Sess\u00f5es Extraordin\u00e1rias a realizarem-se no dia 24 de junho, \u00e0s 11:30 horas, para aprecia\u00e7\u00e3o da seguinte mat\u00e9ria:\r\n1 - Projeto de Lei do Executivo n\u00ba 50/2025. S\u00famula: Institui o Departamento de Pol\u00edticas P\u00fablicas para Mulheres no \u00e2mbito do Munic\u00edpio de Ivaipor\u00e3 e d\u00e1 outras provid\u00eancias. (1\u00aa e 2\u00aa discuss\u00e3o)","numero_externo":null,"observacao":"","texto_integral":"http://sapl.ivaipora.pr.leg.br/media/sapl/private/documentoadministrativo/4097/edital_convocacao_15_2025.pdf","restrito":false,"ip":"179.97.200.5","ultima_edicao":"2025-06-24T16:34:31.010532-03:00","tipo":11,"protocolo":null,"autor":64,"user":6,"anexados":[],"materiasvinculadas":[10831]}