{"id":3900,"__str__":"Edital de Convoca\u00e7\u00e3o de Sess\u00e3o Plen\u00e1ria. N\u00ba 009/2025","link_detail_backend":"/docadm/3900","metadata":{},"numero":9,"complemento":"","ano":2025,"data":"2025-04-02","interessado":"","dias_prazo":null,"data_fim_prazo":null,"tramitacao":false,"assunto":"CONVOCA os Nobres Edis para 01 (uma) Sess\u00e3o Solene para posse da Vice-Prefeita Sra. Gertrudes Bernardy, a realizar-se no dia 04 de abril de 2025 \u00e0s 10:30 horas, de acordo com a seguinte mat\u00e9ria: 1 \u2013 Decreto Legislativo n\u00ba 04/2025, que autoriza a concess\u00e3o de licen\u00e7a sem remunera\u00e7\u00e3o ao Prefeito Municipal, Sr. Luiz Carlos Gil e d\u00e1 outras provid\u00eancias.","numero_externo":null,"observacao":"","texto_integral":"http://sapl.ivaipora.pr.leg.br/media/sapl/private/documentoadministrativo/3900/edital_09-2025.pdf","restrito":false,"ip":"179.97.200.5","ultima_edicao":"2025-04-04T13:09:52.247393-03:00","tipo":11,"protocolo":null,"autor":27,"user":18,"anexados":[],"materiasvinculadas":[10527]}