{"id":3897,"__str__":"Edital de Convoca\u00e7\u00e3o de Sess\u00e3o Plen\u00e1ria. N\u00ba 008/2025","link_detail_backend":"/docadm/3897","metadata":{},"numero":8,"complemento":"","ano":2025,"data":"2025-04-01","interessado":"Parlamentares","dias_prazo":null,"data_fim_prazo":null,"tramitacao":true,"assunto":"Convoca os nobres edis para uma sess\u00e3o extraordin\u00e1ria no dia 01/04/2025 \u00e0s 18h.","numero_externo":null,"observacao":"","texto_integral":"http://sapl.ivaipora.pr.leg.br/media/sapl/private/documentoadministrativo/3897/edital_de_convocacao_no_08-2025.pdf","restrito":false,"ip":"179.97.200.5","ultima_edicao":"2025-04-16T09:31:23.188572-03:00","tipo":11,"protocolo":null,"autor":64,"user":2,"anexados":[],"materiasvinculadas":[10524,10527]}