{"id":3873,"__str__":"Edital de Convoca\u00e7\u00e3o de Sess\u00e3o Plen\u00e1ria. N\u00ba 006/2025","link_detail_backend":"/docadm/3873","metadata":{},"numero":6,"complemento":"","ano":2025,"data":"2025-03-28","interessado":"Parlamentares","dias_prazo":null,"data_fim_prazo":null,"tramitacao":false,"assunto":"O Presidente da C\u00e2mara Municipal de Ivaipor\u00e3, Estado do Paran\u00e1, usando das atribui\u00e7\u00f5es que lhe s\u00e3o conferidas pelo art. 45, inciso II da Lei Org\u00e2nica do Munic\u00edpio C O N V O C A, os Nobres Edis para duas Sess\u00f5es Extraordin\u00e1rias a realizarem-se no dia 29 de mar\u00e7o, \u00e0s 9:00 horas.","numero_externo":null,"observacao":"","texto_integral":"http://sapl.ivaipora.pr.leg.br/media/sapl/private/documentoadministrativo/3873/edital_06.pdf","restrito":false,"ip":"179.97.200.5","ultima_edicao":"2025-03-31T10:17:13.763486-03:00","tipo":11,"protocolo":null,"autor":64,"user":18,"anexados":[],"materiasvinculadas":[10347,10362,10363,10388,10425,10461,10460,10472,10473,10410,10426,10480]}