{"id":8223,"__str__":"Requerimento n\u00ba 17 de 2025 | Ordem do dia 1\u00ba e \u00fanica discuss\u00e3o e vota\u00e7\u00e3o. | 23/06/2025","link_detail_backend":"/materia/tramitacao/8223","metadata":{},"timestamp":"2025-06-23T09:56:58.630521-03:00","data_tramitacao":"2025-06-23","data_encaminhamento":null,"urgente":false,"turno":"","texto":"","data_fim_prazo":null,"ip":"179.97.200.5","ultima_edicao":"2025-06-23T09:56:50.603697-03:00","status":47,"materia":10830,"unidade_tramitacao_local":5,"unidade_tramitacao_destino":5,"user":2}