{"id":9936,"__str__":"Indica\u00e7\u00e3o n\u00ba 742 de 2021","link_detail_backend":"/materia/9936","metadata":{},"numero":742,"ano":2021,"numero_protocolo":null,"data_apresentacao":"2021-12-02","tipo_apresentacao":"E","data_publicacao":null,"numero_origem_externa":"742","ano_origem_externa":2021,"data_origem_externa":null,"apelido":"","dias_prazo":null,"data_fim_prazo":null,"em_tramitacao":false,"polemica":false,"objeto":"","complementar":false,"ementa":"JOS\u00c9 MAURINO CARNIATO, vereador infra-assinado, em pleno exerc\u00edcio de seu mandato parlamentar, vem mui respeitosamente atrav\u00e9s dessa Presid\u00eancia, INDICAR ao Senhor Prefeito Municipal, que por meio dos Departamentos competentes providencie adequa\u00e7\u00e3o no recape asf\u00e1ltico das ruas Po\u00e7os de Caldas a Rua Par\u00e1. O asfalto se encontra muito esburacado. Foto em anexo.","indexacao":"","observacao":"","resultado":"","texto_original":"http://sapl.ivaipora.pr.leg.br/media/sapl/public/materialegislativa/2021/9936/742.pdf","data_ultima_atualizacao":"2024-12-19T09:35:13.219268-03:00","ip":"179.97.200.5","ultima_edicao":"2024-12-19T09:33:56.947276-03:00","tipo":8,"regime_tramitacao":2,"tipo_origem_externa":8,"local_origem_externa":1,"user":20,"anexadas":[],"autores":[13]}