{"id":8943,"__str__":"Indica\u00e7\u00e3o n\u00ba 168 de 1989","link_detail_backend":"/materia/8943","metadata":{},"numero":168,"ano":1989,"numero_protocolo":null,"data_apresentacao":"1989-06-26","tipo_apresentacao":"E","data_publicacao":null,"numero_origem_externa":"","ano_origem_externa":null,"data_origem_externa":null,"apelido":"","dias_prazo":null,"data_fim_prazo":null,"em_tramitacao":false,"polemica":false,"objeto":"","complementar":false,"ementa":"Ao Prefeito, gest\u00f5es junto aos \u00f3rg\u00e3os e autoridades competentes, acionando o poder p\u00fablico, atrav\u00e9s do Deputado H\u00e9lio Duque e demais Deputados que receberam votos neste Munic\u00edpio, solicitando o empenho dos mesmos a fim de que se consume a instala\u00e7\u00e3o da Junta de Concilia\u00e7\u00e3o e Julgamento da Justi\u00e7a do Trabalho, criada por Lei Federal e ainda n\u00e3o instalada em Ivaipor\u00e3.","indexacao":"","observacao":"","resultado":"","texto_original":"http://sapl.ivaipora.pr.leg.br/media/sapl/public/materialegislativa/1989/8943/168.pdf","data_ultima_atualizacao":"2024-10-14T14:37:19.252492-03:00","ip":"179.97.200.5","ultima_edicao":"2024-10-14T14:34:09.647673-03:00","tipo":8,"regime_tramitacao":2,"tipo_origem_externa":null,"local_origem_externa":null,"user":6,"anexadas":[],"autores":[110]}