{"id":8543,"__str__":"Projeto de Decreto Legislativo n\u00ba 6 de 2011","link_detail_backend":"/materia/8543","metadata":{},"numero":6,"ano":2011,"numero_protocolo":null,"data_apresentacao":"2011-02-21","tipo_apresentacao":"E","data_publicacao":null,"numero_origem_externa":"","ano_origem_externa":null,"data_origem_externa":null,"apelido":"","dias_prazo":null,"data_fim_prazo":null,"em_tramitacao":false,"polemica":false,"objeto":"","complementar":false,"ementa":"Referenda a cess\u00e3o de uso de \u00f4nibus do Munic\u00edpio de Ivaipor\u00e3, Estado do Paran\u00e1, para a Igreja Adventista do S\u00e9timo Dia e d\u00e1 outras provid\u00eancias.","indexacao":"","observacao":"","resultado":"","texto_original":"http://sapl.ivaipora.pr.leg.br/media/sapl/public/materialegislativa/2011/8543/projeto_de_decreto_06-2011.pdf","data_ultima_atualizacao":"2024-09-16T11:13:50.749512-03:00","ip":"179.97.200.5","ultima_edicao":"2024-09-16T11:08:51.887735-03:00","tipo":4,"regime_tramitacao":2,"tipo_origem_externa":null,"local_origem_externa":null,"user":8,"anexadas":[],"autores":[6]}