{"id":6349,"__str__":"Requerimento n\u00ba 31 de 2024","link_detail_backend":"/materia/6349","metadata":{},"numero":31,"ano":2024,"numero_protocolo":null,"data_apresentacao":"2024-05-28","tipo_apresentacao":"E","data_publicacao":null,"numero_origem_externa":"31","ano_origem_externa":2024,"data_origem_externa":null,"apelido":"","dias_prazo":null,"data_fim_prazo":null,"em_tramitacao":true,"polemica":false,"objeto":"","complementar":false,"ementa":"EDIVALDO APARECIDO MONTANHERI, vereador que o presente subscreve, em pleno uso de suas prerrogativas parlamentares, vem mui respeitosamente perante Vossa Excel\u00eancia, REQUERER, ap\u00f3s manifesta\u00e7\u00e3o do Plen\u00e1rio, que seja lavrado pelo egr\u00e9gio Plen\u00e1rio desta Casa de Leis um VOTO DE PESAR aos familiares do Senhor H\u00e9lio Jos\u00e9 da Silva pelo seu falecimento ocorrido no dia vinte e tr\u00eas de maio corrente ano.","indexacao":"","observacao":"","resultado":"","texto_original":"http://sapl.ivaipora.pr.leg.br/media/sapl/public/materialegislativa/2024/6349/brn3c2af4e2196e_0000088737.pdf","data_ultima_atualizacao":"2024-05-28T09:10:53.356303-03:00","ip":"179.97.200.5","ultima_edicao":"2024-05-28T09:10:53.197322-03:00","tipo":7,"regime_tramitacao":2,"tipo_origem_externa":7,"local_origem_externa":1,"user":20,"anexadas":[],"autores":[6]}