{"id":6175,"__str__":"Requerimento n\u00ba 30 de 2022","link_detail_backend":"/materia/6175","metadata":{},"numero":30,"ano":2022,"numero_protocolo":null,"data_apresentacao":"2022-04-12","tipo_apresentacao":"E","data_publicacao":null,"numero_origem_externa":"","ano_origem_externa":null,"data_origem_externa":null,"apelido":"","dias_prazo":null,"data_fim_prazo":null,"em_tramitacao":false,"polemica":false,"objeto":"","complementar":false,"ementa":"em atendimento ao disposto na Resolu\u00e7\u00e3o n\u00b0 8/2021, requerer as seguintes informa\u00e7\u00f5es:\r\nSe j\u00e1 iniciou o procedimento licitat\u00f3rio para a contrata\u00e7\u00e3o de um int\u00e9rprete de Libras para as Sess\u00f5es da C\u00e2mara de Ivaipor\u00e3, com objetivo de facilitar a comunica\u00e7\u00e3o, garantindo o acesso \u00e0 informa\u00e7\u00e3o para a pessoa surda que se comunica por meio da L\u00edngua Brasileira de Sinais?\r\nSe n\u00e3o foi iniciado o procedimento licitat\u00f3rio, quando ser\u00e1\r\niniciado?\r\n3) Qual a previs\u00e3o para que o interprete de Libras esteja atuando efetivamente nas Sess\u00f5es desta Casa?","indexacao":"","observacao":"","resultado":"","texto_original":null,"data_ultima_atualizacao":"2024-05-14T13:54:06.451942-03:00","ip":"179.97.200.5","ultima_edicao":"2024-05-14T13:52:16.401190-03:00","tipo":7,"regime_tramitacao":2,"tipo_origem_externa":null,"local_origem_externa":null,"user":8,"anexadas":[],"autores":[9]}