{"id":6118,"__str__":"Requerimento n\u00ba 25 de 2024","link_detail_backend":"/materia/6118","metadata":{},"numero":25,"ano":2024,"numero_protocolo":null,"data_apresentacao":"2024-05-03","tipo_apresentacao":"E","data_publicacao":null,"numero_origem_externa":"25","ano_origem_externa":2024,"data_origem_externa":null,"apelido":"","dias_prazo":null,"data_fim_prazo":null,"em_tramitacao":true,"polemica":false,"objeto":"","complementar":false,"ementa":"JAFFER GUILHERME SAGANSKI FERREIRA, vereador que o presente subscreve, em pleno uso de suas prerrogativas parlamentares, vem mui respeitosamente perante Vossa Excel\u00eancia, REQUERER, ap\u00f3s manifesta\u00e7\u00e3o do Plen\u00e1rio, que seja lavrado pelo egr\u00e9gio Plen\u00e1rio desta Casa de Leis um VOTO DE PESAR aos familiares da Sr\u00aa.Ver\u00f4nica Seola Maizon, pelo seu falecimento ocorrido no dia tr\u00eas de maio corrente ano.","indexacao":"","observacao":"","resultado":"","texto_original":"http://sapl.ivaipora.pr.leg.br/media/sapl/public/materialegislativa/2024/6118/brn3c2af4e2196e_0000083454.pdf","data_ultima_atualizacao":"2024-05-15T14:06:32.580916-03:00","ip":"179.97.200.5","ultima_edicao":"2024-05-09T16:02:21.995964-03:00","tipo":7,"regime_tramitacao":2,"tipo_origem_externa":7,"local_origem_externa":1,"user":20,"anexadas":[],"autores":[10]}