{"id":11981,"__str__":"Indica\u00e7\u00e3o n\u00ba 100 de 2026","link_detail_backend":"/materia/11981","metadata":{"signs":{"texto_original":{"admin":[],"autores":[["Alex Sandro Aparecido Geremias da Fonseca",["2026-03-18T11:49:55-03:00","Gov-Br"]]]}}},"numero":100,"ano":2026,"numero_protocolo":23012,"data_apresentacao":"2026-03-18","tipo_apresentacao":"","data_publicacao":null,"numero_origem_externa":"","ano_origem_externa":null,"data_origem_externa":null,"apelido":"","dias_prazo":null,"data_fim_prazo":null,"em_tramitacao":false,"polemica":false,"objeto":"","complementar":false,"ementa":"INDICAR ao Senhor Prefeito Municipal, que por meio do Departamento Competente,\r\nque analise a necessidade de realizar a realoca\u00e7\u00e3o da placa indicativa da Esta\u00e7\u00e3o ecol\u00f3gica\r\nFaian, atualmente instalada na entrada da estrada do Pinda\u00fava, nas proximidades do\r\nacesso \u00e0 estrada do Ouro Verde.","indexacao":"","observacao":"","resultado":"","texto_original":"http://sapl.ivaipora.pr.leg.br/media/sapl/public/materialegislativa/2026/11981/indicacao_183_placa_fazenda_faian_assinado.pdf","data_ultima_atualizacao":"2026-03-31T08:41:57.572241-03:00","ip":"","ultima_edicao":null,"tipo":8,"regime_tramitacao":2,"tipo_origem_externa":null,"local_origem_externa":null,"user":null,"anexadas":[],"autores":[147]}