{"id":11899,"__str__":"Indica\u00e7\u00e3o n\u00ba 71 de 2026","link_detail_backend":"/materia/11899","metadata":{"signs":{"texto_original":{"admin":[],"autores":[["Rodrigo Cordeiro Maia dos Santos",["2026-02-24T13:56:24-03:00","Gov-Br"]],["Valdeci Rodrigues Dias",["2026-02-26T10:45:21-03:00","Gov-Br"]]]}}},"numero":71,"ano":2026,"numero_protocolo":22931,"data_apresentacao":"2026-02-26","tipo_apresentacao":"","data_publicacao":null,"numero_origem_externa":"","ano_origem_externa":null,"data_origem_externa":null,"apelido":"","dias_prazo":null,"data_fim_prazo":null,"em_tramitacao":false,"polemica":false,"objeto":"","complementar":false,"ementa":"INDICAR a intensifica\u00e7\u00e3o da fiscaliza\u00e7\u00e3o e a ado\u00e7\u00e3o de medidas educativas com o objetivo de coibir o uso de linhas com cerol, linha chilena e materiais cortantes utilizados em pipas.","indexacao":"","observacao":"","resultado":"","texto_original":"http://sapl.ivaipora.pr.leg.br/media/sapl/public/materialegislativa/2026/11899/cerol_assinado-v.careca_assinado.pdf","data_ultima_atualizacao":"2026-03-03T08:58:36.452386-03:00","ip":"","ultima_edicao":null,"tipo":8,"regime_tramitacao":2,"tipo_origem_externa":null,"local_origem_externa":null,"user":null,"anexadas":[],"autores":[51,147,151,14,64,148,149,150]}