{"id":11889,"__str__":"Indica\u00e7\u00e3o n\u00ba 61 de 2026","link_detail_backend":"/materia/11889","metadata":{"signs":{"texto_original":{"admin":[],"autores":[["Alex Sandro Aparecido Geremias da Fonseca",["2026-02-12T12:05:47-03:00","Gov-Br"]]]}}},"numero":61,"ano":2026,"numero_protocolo":22921,"data_apresentacao":"2026-02-26","tipo_apresentacao":"","data_publicacao":null,"numero_origem_externa":"","ano_origem_externa":null,"data_origem_externa":null,"apelido":"","dias_prazo":null,"data_fim_prazo":null,"em_tramitacao":false,"polemica":false,"objeto":"","complementar":false,"ementa":"INDICAR ao Senhor Prefeito Municipal, que por meio do Departamento Competente,\r\nque analise a necessidade de instala\u00e7\u00f5es de biciclet\u00e1rios em pra\u00e7as, parques, espa\u00e7os\r\np\u00fablicos de lazer e pr\u00e9dios p\u00fablicos do munic\u00edpio.\r\nA bicicleta \u00e9 um meio de transporte econ\u00f4mico, saud\u00e1vel e\r\nsustent\u00e1vel utilizado por trabalhadores, estudantes e praticantes de atividades f\u00edsicas,\r\nno entanto, a aus\u00eancia de locais adequados para estacionar bicicletas com seguran\u00e7a\r\nacaba desestimulando seu uso.","indexacao":"","observacao":"","resultado":"","texto_original":"http://sapl.ivaipora.pr.leg.br/media/sapl/public/materialegislativa/2026/11889/indicacao_173_bicicletarios_assinado.pdf","data_ultima_atualizacao":"2026-03-03T08:58:30.628851-03:00","ip":"","ultima_edicao":null,"tipo":8,"regime_tramitacao":2,"tipo_origem_externa":null,"local_origem_externa":null,"user":null,"anexadas":[],"autores":[147]}