{"id":11718,"__str__":"Projeto de Lei Complementar n\u00ba 2 de 2026","link_detail_backend":"/materia/11718","metadata":{"signs":{"texto_original":{"admin":[],"autores":[["Luiz Carlos Gil",["2026-02-09T08:48:43-03:00","ICP-Brasil"]]]}}},"numero":2,"ano":2026,"numero_protocolo":22833,"data_apresentacao":"2026-02-09","tipo_apresentacao":"","data_publicacao":null,"numero_origem_externa":"","ano_origem_externa":null,"data_origem_externa":null,"apelido":"","dias_prazo":null,"data_fim_prazo":null,"em_tramitacao":false,"polemica":false,"objeto":"","complementar":false,"ementa":"Altera a Lei Complementar n\u00ba 35, de 09 de junho de 2022, que disp\u00f5e sobre o Plano Diretor do Munic\u00edpio de Ivaipor\u00e3, e d\u00e1 outras provid\u00eancias.","indexacao":"","observacao":"","resultado":"","texto_original":"http://sapl.ivaipora.pr.leg.br/media/sapl/public/materialegislativa/2026/11718/plc_02-2026_-_altera_a_lc_35-2022_inclusao_centro_dia_para_pessoas_idosas__-_-_lc_74-2026.pdf","data_ultima_atualizacao":"2026-02-13T08:27:13.235763-03:00","ip":"","ultima_edicao":null,"tipo":3,"regime_tramitacao":2,"tipo_origem_externa":null,"local_origem_externa":null,"user":null,"anexadas":[],"autores":[5]}