{"id":3,"__str__":"CESAS - Comiss\u00e3o de Educa\u00e7\u00e3o, Sa\u00fade e Assist\u00eancia Social","link_detail_backend":"/comissao/3","metadata":{},"nome":"Comiss\u00e3o de Educa\u00e7\u00e3o, Sa\u00fade e Assist\u00eancia Social","sigla":"CESAS","data_criacao":"2008-01-01","data_extincao":null,"apelido_temp":"","data_instalacao_temp":null,"data_final_prevista_temp":null,"data_prorrogada_temp":null,"data_fim_comissao":null,"secretario":"","telefone_reuniao":"43 3472-1644","endereco_secretaria":"","telefone_secretaria":"","fax_secretaria":"","agenda_reuniao":"segundas-feiras \u00e0s 18h","local_reuniao":"Sala de Reuni\u00e3o Vereador Jo\u00e3o Costa","finalidade":"Art. 65  Comiss\u00e3o de Educa\u00e7\u00e3o, Sa\u00fade e Assist\u00eancia Social:\r\nI - manifestar-se sobre o m\u00e9rito de mat\u00e9rias que digam respeito \u00e0 educa\u00e7\u00e3o, ao ensino, ao desporto, \u00e0 cultura, \u00e0 sa\u00fade, ao bem-estar social, ao meio ambiente, ao saneamento b\u00e1sico, \u00e0 defesa dos direitos do cidad\u00e3o, \u00e0 seguran\u00e7a p\u00fablica, aos direitos do consumidor, das minorias, da mulher, da crian\u00e7a, do idoso e do deficiente, \u00e0 concess\u00e3o de t\u00edtulos honor\u00edficos ou de utilidade p\u00fablica, \u00e0 denomina\u00e7\u00e3o de pr\u00f3prios p\u00fablicos;","email":"","unidade_deliberativa":false,"ativa":true,"tipo":1}